{"id":14303,"date":"2019-03-01T09:42:26","date_gmt":"2019-03-01T15:42:26","guid":{"rendered":"http:\/\/otech.uaeh.edu.mx\/noti\/?p=14303"},"modified":"2019-03-01T09:42:26","modified_gmt":"2019-03-01T15:42:26","slug":"la-programacion-la-inteligencia-artificial-y-el-big-data-entraran-en-la-formacion-profesional","status":"publish","type":"post","link":"https:\/\/otech.uaeh.edu.mx\/noti\/big-data\/la-programacion-la-inteligencia-artificial-y-el-big-data-entraran-en-la-formacion-profesional\/","title":{"rendered":"La programaci\u00f3n, la inteligencia artificial y el big data entrar\u00e1n en la Formaci\u00f3n Profesional"},"content":{"rendered":"<p>La Formaci\u00f3n Profesional quiere contar con<span>\u00a0<\/span><strong>cursos de especializaci\u00f3n sobre inteligencia artificial y<span>\u00a0<\/span><em>big data<\/em><span>\u00a0<\/span>dirigidos a titulados de FP y un m\u00f3dulo profesional de programaci\u00f3n<\/strong><span>\u00a0<\/span>dentro de la oferta de ciclos formativos de la FP b\u00e1sica. Estos son los objetivos del protocolo de colaboraci\u00f3n firmado este jueves por la ministra de Educaci\u00f3n y Formaci\u00f3n Profesional, Isabel Cela\u00e1, y el vicepresidente corporativo de Samsung, Celestino Garc\u00eda.<!--more--><\/p>\n<p>Este acuerdo suscrito por el Gobierno de Espa\u00f1a y la tecnol\u00f3gica surcoreana cuenta con una vigencia de cinco a\u00f1os prorrogable a dos m\u00e1s y contempla la colaboraci\u00f3n de la empresa en el desarrollo de<span>\u00a0<\/span><strong>un proyecto para promover las vocaciones STEAM<\/strong><span>\u00a0<\/span>(Ciencia, Tecnolog\u00eda, Ingenier\u00eda, Artes y Matem\u00e1ticas, por sus siglas en ingl\u00e9s) y el acceso a estudios de Formaci\u00f3n Profesional entre el alumnado femenino. Una iniciativa, esta \u00faltima, dirigida a alumnas de los \u00faltimos cursos de la Educaci\u00f3n Secundaria Obligatoria.<\/p>\n<div class=\"article-asset-summary article-asset-normal\">\n<div class=\"asset-content\">\n<div class=\"sumario\">El acuerdo contempla abordar el dise\u00f1o y la conceptualizaci\u00f3n de un m\u00f3dulo profesional de programaci\u00f3n en la FP b\u00e1sica<\/div>\n<\/div>\n<\/div>\n<p>La intenci\u00f3n del Ejecutivo es, seg\u00fan el ministerio, &#8220;garantizar as\u00ed la capacitaci\u00f3n de los profesionales de todos los sectores en competencias digitales para que den<span>\u00a0<\/span><strong>respuesta a la transformaci\u00f3n digital<\/strong><span>\u00a0<\/span>que est\u00e1n experimentando los procesos productivos y de prestaci\u00f3n de servicios en el marco de la industria 4.0&#8243;.<\/p>\n<p>M\u00e1s all\u00e1 de la duraci\u00f3n de colaboraci\u00f3n entre las instituciones p\u00fablicas y Samsung,<span>\u00a0<\/span><strong>no se han dado fechas concretas<\/strong><span>\u00a0<\/span>para la puesta en marcha de estos estudios.<\/p>\n<p><strong>Fuente: GENBETA<\/strong><\/p>\n","protected":false},"excerpt":{"rendered":"<p>La Formaci\u00f3n Profesional quiere contar con\u00a0cursos de especializaci\u00f3n sobre inteligencia artificial y\u00a0big data\u00a0dirigidos a titulados de FP y un m\u00f3dulo profesional de programaci\u00f3n\u00a0dentro de la oferta de ciclos formativos de la FP b\u00e1sica. Estos son los objetivos del protocolo de colaboraci\u00f3n firmado este jueves por la ministra de Educaci\u00f3n y Formaci\u00f3n Profesional, Isabel Cela\u00e1, y [&hellip;]<\/p>\n","protected":false},"author":1,"featured_media":14304,"comment_status":"open","ping_status":"open","sticky":false,"template":"","format":"standard","meta":{"footnotes":""},"categories":[377],"tags":[],"class_list":["post-14303","post","type-post","status-publish","format-standard","has-post-thumbnail","hentry","category-big-data"],"yoast_head":"<!-- This site is optimized with the Yoast SEO plugin v26.7 - https:\/\/yoast.com\/wordpress\/plugins\/seo\/ -->\n<title>La programaci\u00f3n, la inteligencia artificial y el big data entrar\u00e1n en la Formaci\u00f3n Profesional - Observatorio Tecnol\u00f3gico de Hidalgo<\/title>\n<meta name=\"robots\" content=\"index, follow, max-snippet:-1, max-image-preview:large, max-video-preview:-1\" \/>\n<link rel=\"canonical\" href=\"https:\/\/otech.uaeh.edu.mx\/noti\/big-data\/la-programacion-la-inteligencia-artificial-y-el-big-data-entraran-en-la-formacion-profesional\/\" \/>\n<meta property=\"og:locale\" content=\"en_US\" \/>\n<meta property=\"og:type\" content=\"article\" \/>\n<meta property=\"og:title\" content=\"La programaci\u00f3n, la inteligencia artificial y el big data entrar\u00e1n en la Formaci\u00f3n Profesional - Observatorio Tecnol\u00f3gico de Hidalgo\" \/>\n<meta property=\"og:description\" content=\"La Formaci\u00f3n Profesional quiere contar con\u00a0cursos de especializaci\u00f3n sobre inteligencia artificial y\u00a0big data\u00a0dirigidos a titulados de FP y un m\u00f3dulo profesional de programaci\u00f3n\u00a0dentro de la oferta de ciclos formativos de la FP b\u00e1sica. Estos son los objetivos del protocolo de colaboraci\u00f3n firmado este jueves por la ministra de Educaci\u00f3n y Formaci\u00f3n Profesional, Isabel Cela\u00e1, y [&hellip;]\" \/>\n<meta property=\"og:url\" content=\"https:\/\/otech.uaeh.edu.mx\/noti\/big-data\/la-programacion-la-inteligencia-artificial-y-el-big-data-entraran-en-la-formacion-profesional\/\" \/>\n<meta property=\"og:site_name\" content=\"Observatorio Tecnol\u00f3gico de Hidalgo\" \/>\n<meta property=\"article:publisher\" content=\"https:\/\/www.facebook.com\/observatoriouaeh\" \/>\n<meta property=\"article:published_time\" content=\"2019-03-01T15:42:26+00:00\" \/>\n<meta property=\"og:image\" content=\"https:\/\/otech.uaeh.edu.mx\/noti\/wp-content\/uploads\/2019\/03\/Notic.4.jpg\" \/>\n\t<meta property=\"og:image:width\" content=\"600\" \/>\n\t<meta property=\"og:image:height\" content=\"350\" \/>\n\t<meta property=\"og:image:type\" content=\"image\/jpeg\" \/>\n<meta name=\"author\" content=\"admin\" \/>\n<meta name=\"twitter:card\" content=\"summary_large_image\" \/>\n<meta name=\"twitter:creator\" content=\"@OBSERVATORIOEH\" \/>\n<meta name=\"twitter:site\" content=\"@OBSERVATORIOEH\" \/>\n<meta name=\"twitter:label1\" content=\"Written by\" \/>\n\t<meta name=\"twitter:data1\" content=\"admin\" \/>\n\t<meta name=\"twitter:label2\" content=\"Est. reading time\" \/>\n\t<meta name=\"twitter:data2\" content=\"1 minute\" \/>\n<script type=\"application\/ld+json\" class=\"yoast-schema-graph\">{\"@context\":\"https:\/\/schema.org\",\"@graph\":[{\"@type\":\"Article\",\"@id\":\"https:\/\/otech.uaeh.edu.mx\/noti\/big-data\/la-programacion-la-inteligencia-artificial-y-el-big-data-entraran-en-la-formacion-profesional\/#article\",\"isPartOf\":{\"@id\":\"https:\/\/otech.uaeh.edu.mx\/noti\/big-data\/la-programacion-la-inteligencia-artificial-y-el-big-data-entraran-en-la-formacion-profesional\/\"},\"author\":{\"name\":\"admin\",\"@id\":\"https:\/\/otech.uaeh.edu.mx\/noti\/#\/schema\/person\/95263d004158ffabcd98137e1d0abc1c\"},\"headline\":\"La programaci\u00f3n, la inteligencia artificial y el big data entrar\u00e1n en la Formaci\u00f3n Profesional\",\"datePublished\":\"2019-03-01T15:42:26+00:00\",\"mainEntityOfPage\":{\"@id\":\"https:\/\/otech.uaeh.edu.mx\/noti\/big-data\/la-programacion-la-inteligencia-artificial-y-el-big-data-entraran-en-la-formacion-profesional\/\"},\"wordCount\":293,\"commentCount\":0,\"publisher\":{\"@id\":\"https:\/\/otech.uaeh.edu.mx\/noti\/#organization\"},\"image\":{\"@id\":\"https:\/\/otech.uaeh.edu.mx\/noti\/big-data\/la-programacion-la-inteligencia-artificial-y-el-big-data-entraran-en-la-formacion-profesional\/#primaryimage\"},\"thumbnailUrl\":\"https:\/\/otech.uaeh.edu.mx\/noti\/wp-content\/uploads\/2019\/03\/Notic.4.jpg\",\"articleSection\":[\"Big data\"],\"inLanguage\":\"en-US\",\"potentialAction\":[{\"@type\":\"CommentAction\",\"name\":\"Comment\",\"target\":[\"https:\/\/otech.uaeh.edu.mx\/noti\/big-data\/la-programacion-la-inteligencia-artificial-y-el-big-data-entraran-en-la-formacion-profesional\/#respond\"]}]},{\"@type\":\"WebPage\",\"@id\":\"https:\/\/otech.uaeh.edu.mx\/noti\/big-data\/la-programacion-la-inteligencia-artificial-y-el-big-data-entraran-en-la-formacion-profesional\/\",\"url\":\"https:\/\/otech.uaeh.edu.mx\/noti\/big-data\/la-programacion-la-inteligencia-artificial-y-el-big-data-entraran-en-la-formacion-profesional\/\",\"name\":\"La programaci\u00f3n, la inteligencia artificial y el big data entrar\u00e1n en la Formaci\u00f3n Profesional - Observatorio Tecnol\u00f3gico de Hidalgo\",\"isPartOf\":{\"@id\":\"https:\/\/otech.uaeh.edu.mx\/noti\/#website\"},\"primaryImageOfPage\":{\"@id\":\"https:\/\/otech.uaeh.edu.mx\/noti\/big-data\/la-programacion-la-inteligencia-artificial-y-el-big-data-entraran-en-la-formacion-profesional\/#primaryimage\"},\"image\":{\"@id\":\"https:\/\/otech.uaeh.edu.mx\/noti\/big-data\/la-programacion-la-inteligencia-artificial-y-el-big-data-entraran-en-la-formacion-profesional\/#primaryimage\"},\"thumbnailUrl\":\"https:\/\/otech.uaeh.edu.mx\/noti\/wp-content\/uploads\/2019\/03\/Notic.4.jpg\",\"datePublished\":\"2019-03-01T15:42:26+00:00\",\"breadcrumb\":{\"@id\":\"https:\/\/otech.uaeh.edu.mx\/noti\/big-data\/la-programacion-la-inteligencia-artificial-y-el-big-data-entraran-en-la-formacion-profesional\/#breadcrumb\"},\"inLanguage\":\"en-US\",\"potentialAction\":[{\"@type\":\"ReadAction\",\"target\":[\"https:\/\/otech.uaeh.edu.mx\/noti\/big-data\/la-programacion-la-inteligencia-artificial-y-el-big-data-entraran-en-la-formacion-profesional\/\"]}]},{\"@type\":\"ImageObject\",\"inLanguage\":\"en-US\",\"@id\":\"https:\/\/otech.uaeh.edu.mx\/noti\/big-data\/la-programacion-la-inteligencia-artificial-y-el-big-data-entraran-en-la-formacion-profesional\/#primaryimage\",\"url\":\"https:\/\/otech.uaeh.edu.mx\/noti\/wp-content\/uploads\/2019\/03\/Notic.4.jpg\",\"contentUrl\":\"https:\/\/otech.uaeh.edu.mx\/noti\/wp-content\/uploads\/2019\/03\/Notic.4.jpg\",\"width\":600,\"height\":350},{\"@type\":\"BreadcrumbList\",\"@id\":\"https:\/\/otech.uaeh.edu.mx\/noti\/big-data\/la-programacion-la-inteligencia-artificial-y-el-big-data-entraran-en-la-formacion-profesional\/#breadcrumb\",\"itemListElement\":[{\"@type\":\"ListItem\",\"position\":1,\"name\":\"Inicio\",\"item\":\"https:\/\/otech.uaeh.edu.mx\/noti\/\"},{\"@type\":\"ListItem\",\"position\":2,\"name\":\"La programaci\u00f3n, la inteligencia artificial y el big data entrar\u00e1n en la Formaci\u00f3n Profesional\"}]},{\"@type\":\"WebSite\",\"@id\":\"https:\/\/otech.uaeh.edu.mx\/noti\/#website\",\"url\":\"https:\/\/otech.uaeh.edu.mx\/noti\/\",\"name\":\"Observatorio Tecnol\u00f3gico de Hidalgo\",\"description\":\"\",\"publisher\":{\"@id\":\"https:\/\/otech.uaeh.edu.mx\/noti\/#organization\"},\"potentialAction\":[{\"@type\":\"SearchAction\",\"target\":{\"@type\":\"EntryPoint\",\"urlTemplate\":\"https:\/\/otech.uaeh.edu.mx\/noti\/?s={search_term_string}\"},\"query-input\":{\"@type\":\"PropertyValueSpecification\",\"valueRequired\":true,\"valueName\":\"search_term_string\"}}],\"inLanguage\":\"en-US\"},{\"@type\":\"Organization\",\"@id\":\"https:\/\/otech.uaeh.edu.mx\/noti\/#organization\",\"name\":\"Observatorio Tecnol\u00f3gico de Hidalgo\",\"url\":\"https:\/\/otech.uaeh.edu.mx\/noti\/\",\"logo\":{\"@type\":\"ImageObject\",\"inLanguage\":\"en-US\",\"@id\":\"https:\/\/otech.uaeh.edu.mx\/noti\/#\/schema\/logo\/image\/\",\"url\":\"https:\/\/otech.uaeh.edu.mx\/noti\/wp-content\/uploads\/2025\/11\/Logo-circulo.png\",\"contentUrl\":\"https:\/\/otech.uaeh.edu.mx\/noti\/wp-content\/uploads\/2025\/11\/Logo-circulo.png\",\"width\":250,\"height\":250,\"caption\":\"Observatorio Tecnol\u00f3gico de Hidalgo\"},\"image\":{\"@id\":\"https:\/\/otech.uaeh.edu.mx\/noti\/#\/schema\/logo\/image\/\"},\"sameAs\":[\"https:\/\/www.facebook.com\/observatoriouaeh\",\"https:\/\/x.com\/OBSERVATORIOEH\"]},{\"@type\":\"Person\",\"@id\":\"https:\/\/otech.uaeh.edu.mx\/noti\/#\/schema\/person\/95263d004158ffabcd98137e1d0abc1c\",\"name\":\"admin\",\"image\":{\"@type\":\"ImageObject\",\"inLanguage\":\"en-US\",\"@id\":\"https:\/\/otech.uaeh.edu.mx\/noti\/#\/schema\/person\/image\/\",\"url\":\"https:\/\/secure.gravatar.com\/avatar\/08dd17208ee6a9e87c5a01c0a5f4c96c8ed24bf05e625630929b5b6a7c1ffa5f?s=96&d=mm&r=g\",\"contentUrl\":\"https:\/\/secure.gravatar.com\/avatar\/08dd17208ee6a9e87c5a01c0a5f4c96c8ed24bf05e625630929b5b6a7c1ffa5f?s=96&d=mm&r=g\",\"caption\":\"admin\"},\"url\":\"https:\/\/otech.uaeh.edu.mx\/noti\/author\/admin\/\"}]}<\/script>\n<!-- \/ Yoast SEO plugin. -->","yoast_head_json":{"title":"La programaci\u00f3n, la inteligencia artificial y el big data entrar\u00e1n en la Formaci\u00f3n Profesional - Observatorio Tecnol\u00f3gico de Hidalgo","robots":{"index":"index","follow":"follow","max-snippet":"max-snippet:-1","max-image-preview":"max-image-preview:large","max-video-preview":"max-video-preview:-1"},"canonical":"https:\/\/otech.uaeh.edu.mx\/noti\/big-data\/la-programacion-la-inteligencia-artificial-y-el-big-data-entraran-en-la-formacion-profesional\/","og_locale":"en_US","og_type":"article","og_title":"La programaci\u00f3n, la inteligencia artificial y el big data entrar\u00e1n en la Formaci\u00f3n Profesional - Observatorio Tecnol\u00f3gico de Hidalgo","og_description":"La Formaci\u00f3n Profesional quiere contar con\u00a0cursos de especializaci\u00f3n sobre inteligencia artificial y\u00a0big data\u00a0dirigidos a titulados de FP y un m\u00f3dulo profesional de programaci\u00f3n\u00a0dentro de la oferta de ciclos formativos de la FP b\u00e1sica. Estos son los objetivos del protocolo de colaboraci\u00f3n firmado este jueves por la ministra de Educaci\u00f3n y Formaci\u00f3n Profesional, Isabel Cela\u00e1, y [&hellip;]","og_url":"https:\/\/otech.uaeh.edu.mx\/noti\/big-data\/la-programacion-la-inteligencia-artificial-y-el-big-data-entraran-en-la-formacion-profesional\/","og_site_name":"Observatorio Tecnol\u00f3gico de Hidalgo","article_publisher":"https:\/\/www.facebook.com\/observatoriouaeh","article_published_time":"2019-03-01T15:42:26+00:00","og_image":[{"width":600,"height":350,"url":"https:\/\/otech.uaeh.edu.mx\/noti\/wp-content\/uploads\/2019\/03\/Notic.4.jpg","type":"image\/jpeg"}],"author":"admin","twitter_card":"summary_large_image","twitter_creator":"@OBSERVATORIOEH","twitter_site":"@OBSERVATORIOEH","twitter_misc":{"Written by":"admin","Est. reading time":"1 minute"},"schema":{"@context":"https:\/\/schema.org","@graph":[{"@type":"Article","@id":"https:\/\/otech.uaeh.edu.mx\/noti\/big-data\/la-programacion-la-inteligencia-artificial-y-el-big-data-entraran-en-la-formacion-profesional\/#article","isPartOf":{"@id":"https:\/\/otech.uaeh.edu.mx\/noti\/big-data\/la-programacion-la-inteligencia-artificial-y-el-big-data-entraran-en-la-formacion-profesional\/"},"author":{"name":"admin","@id":"https:\/\/otech.uaeh.edu.mx\/noti\/#\/schema\/person\/95263d004158ffabcd98137e1d0abc1c"},"headline":"La programaci\u00f3n, la inteligencia artificial y el big data entrar\u00e1n en la Formaci\u00f3n Profesional","datePublished":"2019-03-01T15:42:26+00:00","mainEntityOfPage":{"@id":"https:\/\/otech.uaeh.edu.mx\/noti\/big-data\/la-programacion-la-inteligencia-artificial-y-el-big-data-entraran-en-la-formacion-profesional\/"},"wordCount":293,"commentCount":0,"publisher":{"@id":"https:\/\/otech.uaeh.edu.mx\/noti\/#organization"},"image":{"@id":"https:\/\/otech.uaeh.edu.mx\/noti\/big-data\/la-programacion-la-inteligencia-artificial-y-el-big-data-entraran-en-la-formacion-profesional\/#primaryimage"},"thumbnailUrl":"https:\/\/otech.uaeh.edu.mx\/noti\/wp-content\/uploads\/2019\/03\/Notic.4.jpg","articleSection":["Big data"],"inLanguage":"en-US","potentialAction":[{"@type":"CommentAction","name":"Comment","target":["https:\/\/otech.uaeh.edu.mx\/noti\/big-data\/la-programacion-la-inteligencia-artificial-y-el-big-data-entraran-en-la-formacion-profesional\/#respond"]}]},{"@type":"WebPage","@id":"https:\/\/otech.uaeh.edu.mx\/noti\/big-data\/la-programacion-la-inteligencia-artificial-y-el-big-data-entraran-en-la-formacion-profesional\/","url":"https:\/\/otech.uaeh.edu.mx\/noti\/big-data\/la-programacion-la-inteligencia-artificial-y-el-big-data-entraran-en-la-formacion-profesional\/","name":"La programaci\u00f3n, la inteligencia artificial y el big data entrar\u00e1n en la Formaci\u00f3n Profesional - Observatorio Tecnol\u00f3gico de Hidalgo","isPartOf":{"@id":"https:\/\/otech.uaeh.edu.mx\/noti\/#website"},"primaryImageOfPage":{"@id":"https:\/\/otech.uaeh.edu.mx\/noti\/big-data\/la-programacion-la-inteligencia-artificial-y-el-big-data-entraran-en-la-formacion-profesional\/#primaryimage"},"image":{"@id":"https:\/\/otech.uaeh.edu.mx\/noti\/big-data\/la-programacion-la-inteligencia-artificial-y-el-big-data-entraran-en-la-formacion-profesional\/#primaryimage"},"thumbnailUrl":"https:\/\/otech.uaeh.edu.mx\/noti\/wp-content\/uploads\/2019\/03\/Notic.4.jpg","datePublished":"2019-03-01T15:42:26+00:00","breadcrumb":{"@id":"https:\/\/otech.uaeh.edu.mx\/noti\/big-data\/la-programacion-la-inteligencia-artificial-y-el-big-data-entraran-en-la-formacion-profesional\/#breadcrumb"},"inLanguage":"en-US","potentialAction":[{"@type":"ReadAction","target":["https:\/\/otech.uaeh.edu.mx\/noti\/big-data\/la-programacion-la-inteligencia-artificial-y-el-big-data-entraran-en-la-formacion-profesional\/"]}]},{"@type":"ImageObject","inLanguage":"en-US","@id":"https:\/\/otech.uaeh.edu.mx\/noti\/big-data\/la-programacion-la-inteligencia-artificial-y-el-big-data-entraran-en-la-formacion-profesional\/#primaryimage","url":"https:\/\/otech.uaeh.edu.mx\/noti\/wp-content\/uploads\/2019\/03\/Notic.4.jpg","contentUrl":"https:\/\/otech.uaeh.edu.mx\/noti\/wp-content\/uploads\/2019\/03\/Notic.4.jpg","width":600,"height":350},{"@type":"BreadcrumbList","@id":"https:\/\/otech.uaeh.edu.mx\/noti\/big-data\/la-programacion-la-inteligencia-artificial-y-el-big-data-entraran-en-la-formacion-profesional\/#breadcrumb","itemListElement":[{"@type":"ListItem","position":1,"name":"Inicio","item":"https:\/\/otech.uaeh.edu.mx\/noti\/"},{"@type":"ListItem","position":2,"name":"La programaci\u00f3n, la inteligencia artificial y el big data entrar\u00e1n en la Formaci\u00f3n Profesional"}]},{"@type":"WebSite","@id":"https:\/\/otech.uaeh.edu.mx\/noti\/#website","url":"https:\/\/otech.uaeh.edu.mx\/noti\/","name":"Observatorio Tecnol\u00f3gico de Hidalgo","description":"","publisher":{"@id":"https:\/\/otech.uaeh.edu.mx\/noti\/#organization"},"potentialAction":[{"@type":"SearchAction","target":{"@type":"EntryPoint","urlTemplate":"https:\/\/otech.uaeh.edu.mx\/noti\/?s={search_term_string}"},"query-input":{"@type":"PropertyValueSpecification","valueRequired":true,"valueName":"search_term_string"}}],"inLanguage":"en-US"},{"@type":"Organization","@id":"https:\/\/otech.uaeh.edu.mx\/noti\/#organization","name":"Observatorio Tecnol\u00f3gico de Hidalgo","url":"https:\/\/otech.uaeh.edu.mx\/noti\/","logo":{"@type":"ImageObject","inLanguage":"en-US","@id":"https:\/\/otech.uaeh.edu.mx\/noti\/#\/schema\/logo\/image\/","url":"https:\/\/otech.uaeh.edu.mx\/noti\/wp-content\/uploads\/2025\/11\/Logo-circulo.png","contentUrl":"https:\/\/otech.uaeh.edu.mx\/noti\/wp-content\/uploads\/2025\/11\/Logo-circulo.png","width":250,"height":250,"caption":"Observatorio Tecnol\u00f3gico de Hidalgo"},"image":{"@id":"https:\/\/otech.uaeh.edu.mx\/noti\/#\/schema\/logo\/image\/"},"sameAs":["https:\/\/www.facebook.com\/observatoriouaeh","https:\/\/x.com\/OBSERVATORIOEH"]},{"@type":"Person","@id":"https:\/\/otech.uaeh.edu.mx\/noti\/#\/schema\/person\/95263d004158ffabcd98137e1d0abc1c","name":"admin","image":{"@type":"ImageObject","inLanguage":"en-US","@id":"https:\/\/otech.uaeh.edu.mx\/noti\/#\/schema\/person\/image\/","url":"https:\/\/secure.gravatar.com\/avatar\/08dd17208ee6a9e87c5a01c0a5f4c96c8ed24bf05e625630929b5b6a7c1ffa5f?s=96&d=mm&r=g","contentUrl":"https:\/\/secure.gravatar.com\/avatar\/08dd17208ee6a9e87c5a01c0a5f4c96c8ed24bf05e625630929b5b6a7c1ffa5f?s=96&d=mm&r=g","caption":"admin"},"url":"https:\/\/otech.uaeh.edu.mx\/noti\/author\/admin\/"}]}},"_links":{"self":[{"href":"https:\/\/otech.uaeh.edu.mx\/noti\/wp-json\/wp\/v2\/posts\/14303","targetHints":{"allow":["GET"]}}],"collection":[{"href":"https:\/\/otech.uaeh.edu.mx\/noti\/wp-json\/wp\/v2\/posts"}],"about":[{"href":"https:\/\/otech.uaeh.edu.mx\/noti\/wp-json\/wp\/v2\/types\/post"}],"author":[{"embeddable":true,"href":"https:\/\/otech.uaeh.edu.mx\/noti\/wp-json\/wp\/v2\/users\/1"}],"replies":[{"embeddable":true,"href":"https:\/\/otech.uaeh.edu.mx\/noti\/wp-json\/wp\/v2\/comments?post=14303"}],"version-history":[{"count":1,"href":"https:\/\/otech.uaeh.edu.mx\/noti\/wp-json\/wp\/v2\/posts\/14303\/revisions"}],"predecessor-version":[{"id":14305,"href":"https:\/\/otech.uaeh.edu.mx\/noti\/wp-json\/wp\/v2\/posts\/14303\/revisions\/14305"}],"wp:featuredmedia":[{"embeddable":true,"href":"https:\/\/otech.uaeh.edu.mx\/noti\/wp-json\/wp\/v2\/media\/14304"}],"wp:attachment":[{"href":"https:\/\/otech.uaeh.edu.mx\/noti\/wp-json\/wp\/v2\/media?parent=14303"}],"wp:term":[{"taxonomy":"category","embeddable":true,"href":"https:\/\/otech.uaeh.edu.mx\/noti\/wp-json\/wp\/v2\/categories?post=14303"},{"taxonomy":"post_tag","embeddable":true,"href":"https:\/\/otech.uaeh.edu.mx\/noti\/wp-json\/wp\/v2\/tags?post=14303"}],"curies":[{"name":"wp","href":"https:\/\/api.w.org\/{rel}","templated":true}]}}