{"id":14823,"date":"2019-03-27T09:48:54","date_gmt":"2019-03-27T15:48:54","guid":{"rendered":"http:\/\/otech.uaeh.edu.mx\/noti\/?p=14823"},"modified":"2019-03-27T09:48:54","modified_gmt":"2019-03-27T15:48:54","slug":"el-humanismo-como-corrector-de-la-cuarta-revolucion-industrial","status":"publish","type":"post","link":"https:\/\/otech.uaeh.edu.mx\/noti\/industria-4-0\/el-humanismo-como-corrector-de-la-cuarta-revolucion-industrial\/","title":{"rendered":"El humanismo como \u201ccorrector\u201d de la Cuarta Revoluci\u00f3n Industrial"},"content":{"rendered":"<p>Hay algunas viejas preguntas que contin\u00faan sin resolverse en la pr\u00e1ctica social: \u00bfla tecnolog\u00eda nos hace mejores personas, m\u00e1s morales, optimistas y solidarias? \u00bfPodemos establecer una responsabilidad \u00e9tica a unas entidades no humanas por el curso que toma nuestro destino?<!--more--><\/p>\n<p>El pensador canadiense Marshall McLuhan dedic\u00f3 sus investigaciones a demostrar que las tecnolog\u00edas son extensiones sensoriales y cognitivas de las facultades que poseemos como especie. De modo que nuestra mentalidad y conducta influyen en la evoluci\u00f3n de la tecnolog\u00eda tanto como ella nos transforma a escala ecol\u00f3gica, cre\u00e1ndose un<span>\u00a0<\/span><em>sensorium<\/em>, es decir, un flujo de sensibilidad perceptiva e hist\u00f3rica (bien de apego o seguridad, bien de rechazo o miedo) hacia el desarrollo de lo tecnol\u00f3gico y su adopci\u00f3n material en una determinada direcci\u00f3n (como herramientas productivas, facilitadores de comodidad o medios para el lenguaje). Este<span>\u00a0<\/span><em>sensorium<\/em><span>\u00a0<\/span>habr\u00eda estado ah\u00ed siempre, modificando, a diferente velocidad pero sin interrupciones, nuestras creencias y esquemas culturales a nivel pol\u00edtico, religioso, socioecon\u00f3mico y afectivo.<\/p>\n<p>Por otro lado, si asumimos el an\u00e1lisis del mundo que hace Zygmunt Bauman en su di\u00e1logo p\u00f3stumo sobre la naturaleza del mal que se replica y propaga por todos los capilares de las sociedades avanzadas, podemos inferir que en la vida diaria predomina la despersonalizaci\u00f3n de las relaciones con el pr\u00f3jimo, la huida de responsabilidades sobre lo disfuncional, y la desconfianza radical hacia todo lo que no es uno mismo.<\/p>\n<p>En consecuencia, ante un panorama tan yermo, la tecnolog\u00eda podr\u00eda recibir abiertamente una severa cr\u00edtica si ponderamos cu\u00e1l ha sido su impacto real sobre los aspectos homeost\u00e1ticos (los que dan equilibrio y sentido a las personas) planteados al comienzo, cuya esbeltez deber\u00eda impedir ese vac\u00edo de obligaciones hacia la virtud.<\/p>\n<p>Hay una paradoja que no termina de evaporase, pues a pesar de que el factor tecnol\u00f3gico es admitido como constante emp\u00edrica del ritmo con el que acontece el progreso de las condiciones de existencia (alfabetizaci\u00f3n, sanidad, alimentaci\u00f3n y esperanza de vida), al mismo tiempo hay una opini\u00f3n p\u00fablica cada vez m\u00e1s extensa que considera que este mismo factor, en relaci\u00f3n con otras dimensiones que estructuran la vida normal de las personas, est\u00e1 siendo ineficaz a la hora de influir positivamente en las formas de ser, la educaci\u00f3n c\u00edvica, la concepci\u00f3n de las libertades y la percepci\u00f3n de felicidad.<\/p>\n<p>Este discurso de deseos insatisfechos con lo tecnol\u00f3gico ha llegado a los dominios de la econom\u00eda (al vincularse con el eje narrativo del fin del trabajo motivado por el incipiente auge de la inteligencia artificial), y tambi\u00e9n a los de la dimensi\u00f3n organizacional de las empresas (en este caso, enlaz\u00e1ndose con la falta de alineamiento y la baja correlaci\u00f3n entre las notables inversiones que se hacen en tecnolog\u00eda y los supuestos aumentos tangibles en productividad, innovaci\u00f3n y en el compromiso emocional de los empleados con la cultura corporativa).<\/p>\n<p>Ante tanta incertidumbre, \u00bfc\u00f3mo se podr\u00eda alcanzar una causalidad entre el hecho probable de que al a\u00f1o que viene habr\u00e1 operativos seis dispositivos tecnol\u00f3gicos inteligentes por cada persona que habita en el planeta, y una disminuci\u00f3n en el tipo de decisiones humanas que provocan desigualdad y miseria?<\/p>\n<p>Plantear un reto tan ampuloso no deja de ser el s\u00edntoma de lo que se disfraza en el fondo de la cuesti\u00f3n, esto es, la amenaza de que la semilla m\u00e1s f\u00e9rtil de la condici\u00f3n humana (su anhelo por el bien com\u00fan y la preocupaci\u00f3n por los dem\u00e1s) pueda quedar sepultada bajo una sobreproducci\u00f3n tecnol\u00f3gica focalizada en el placer e inter\u00e9s individuales, lo que repercutir\u00e1 en una canonizaci\u00f3n del asilamiento social, en un empobreciendo cultural de alcance generacional y, tarde o temprano, en la emergencia de una angustia existencial colectiva fruto de la alienaci\u00f3n que algunas tecnol\u00f3gicas pueden incentivar y de las restricciones para fomentar las comunidades de iguales.<\/p>\n<p>Esforzarse por aportar alternativas a la tendencia hedonista y consumista, a mi modo de interpretarlo, nos obliga a dirigir nuestra conciencia hacia una recuperaci\u00f3n de los presupuestos del humanismo. Y no me refiero a una nost\u00e1lgica e id\u00edlica reconstrucci\u00f3n de una forma de humanismo que sabemos que no fue lo suficientemente firme y resistente para mantenerse a la cabeza de la historia en algunos de los momentos m\u00e1s cr\u00edticos de la civilizaci\u00f3n, sino de tomar impulso para reconectar nuestra mentalidad con la importancia de validar y premiar ciertos valores, conductas y virtudes, lo que exige entender cu\u00e1les fueron los objetivos de la exaltaci\u00f3n de lo humano en diferentes momentos de la historia, tanto para corregir errores como para aprovechar las oportunidades tecnol\u00f3gicas contempor\u00e1neas con la ambici\u00f3n de que se puedan cumplir ciertos preceptos de un modo m\u00e1s fiel y extendido.<\/p>\n<p>Por lo tanto, \u00bfa qu\u00e9 humanismo me refiero como expresi\u00f3n de un filtro corrector para asegurar una finalidad moral a la curva de la transformaci\u00f3n tecnol\u00f3gica?<\/p>\n<p>Primero, el florecimiento de las facultades del hombre no deber\u00eda venir determinado por la \u00fanica preocupaci\u00f3n de satisfacer los intereses propios o particulares utilizando a otras personas como medios para alcanzarlos, de mismo modo que el fin de la tecnolog\u00eda no deber\u00eda tener como objetivo central eliminar cualquier traba o interferencia para la consecuci\u00f3n de dichos intereses sin la obligaci\u00f3n de asumir responsabilidades.<\/p>\n<p>Segundo, tal y como se construy\u00f3 durante el Renacimiento y la Ilustraci\u00f3n, el m\u00e9todo cient\u00edfico, centrado en curar las inteligencias de las personas, no debe ser distorsionado, explicado como un procedimiento solo relativamente fiable y susceptible de llevarnos al enga\u00f1o, sino que debe ser el hacha de s\u00edlex para romper con los l\u00edmites del conocimiento previamente establecidos, y alcanzar nuevas cotas en el pensamiento y las artes. Luego la tecnolog\u00eda no puede ce\u00f1irse a mejorar o conservar lo existente, sino que debe desafiar el estado presente de las cosas.<\/p>\n<p>Tercero, la satisfacci\u00f3n con la pertenencia a una comunidad, a una empresa o al Estado se cimienta en que los sujetos pueden participar activamente en servir a un horizonte de ideales universales. La generaci\u00f3n de un prop\u00f3sito para que sea compartido no es sino salir al encuentro de significados trascendentes. De modo que la tecnolog\u00eda deber\u00eda beneficiar la plenitud mental y f\u00edsica de todos los colectivos de una sociedad, incluyendo a los m\u00e1s desfavorecidos y atrasados.<\/p>\n<p>El humanismo, que deber\u00eda cultivarse en el siglo XXI, y que se est\u00e1 adjetivando de<span>\u00a0<\/span><em>digital<\/em>, es una oportunidad para influir en el<span>\u00a0<\/span><em>sensorium<\/em><span>\u00a0<\/span>cifrado por McLuhan para que pueda florecer una cultura que est\u00e9 a la altura. Si lo enfocamos hacia el mundo del trabajo, este humanismo tiene que valerse de la tecnolog\u00eda para permitir que los profesionales puedan alcanzar la realizaci\u00f3n de todo su potencial (utilizando el dogma maniqueo, la tecnolog\u00eda deber\u00eda incentivar la consolidaci\u00f3n de nuestro lado bueno o, dicho de otro modo, la tecnolog\u00eda puede cambiar a las personas, aunque previamente hay que decidir qu\u00e9 se quiere cambiar).<\/p>\n<p>El optimismo inteligente (como opuesto al pesimismo) debe acoger esta esperanza hacia el prop\u00f3sito de la tecnolog\u00eda desde la construcci\u00f3n \u00e9tica de valores, lo cual ya no puede quedar vulgarmente despreciado como una postura ingenua o fr\u00edvola, sino como una prueba de sabidur\u00eda y experiencia.<\/p>\n<p class=\"nota_pie\"><strong>Alberto Gonz\u00e1lez Pascual<\/strong><span>\u00a0<\/span><span>es director de transformaci\u00f3n, desarrollo y talento en el \u00e1rea de recursos humanos de PRISA. Profesor asociado de las universidades Rey Juan Carlos y Villanueva de Madrid, es doctor en Ciencias de la Informaci\u00f3n por la Universidad Complutense de Madrid y en Pensamiento Pol\u00edtico y Derecho P\u00fablico por la Universidad Pablo de Olavide de Sevilla.<\/span><\/p>\n<p><strong>Fuente: Retina El Pais<\/strong><\/p>\n","protected":false},"excerpt":{"rendered":"<p>Hay algunas viejas preguntas que contin\u00faan sin resolverse en la pr\u00e1ctica social: \u00bfla tecnolog\u00eda nos hace mejores personas, m\u00e1s morales, optimistas y solidarias? \u00bfPodemos establecer una responsabilidad \u00e9tica a unas entidades no humanas por el curso que toma nuestro destino?<\/p>\n","protected":false},"author":1,"featured_media":14824,"comment_status":"open","ping_status":"open","sticky":false,"template":"","format":"standard","meta":{"footnotes":""},"categories":[382],"tags":[],"class_list":["post-14823","post","type-post","status-publish","format-standard","has-post-thumbnail","hentry","category-industria-4-0"],"yoast_head":"<!-- This site is optimized with the Yoast SEO plugin v26.7 - https:\/\/yoast.com\/wordpress\/plugins\/seo\/ -->\n<title>El humanismo como \u201ccorrector\u201d de la Cuarta Revoluci\u00f3n Industrial - Observatorio Tecnol\u00f3gico de Hidalgo<\/title>\n<meta name=\"robots\" content=\"index, follow, max-snippet:-1, max-image-preview:large, max-video-preview:-1\" \/>\n<link rel=\"canonical\" href=\"https:\/\/otech.uaeh.edu.mx\/noti\/industria-4-0\/el-humanismo-como-corrector-de-la-cuarta-revolucion-industrial\/\" \/>\n<meta property=\"og:locale\" content=\"en_US\" \/>\n<meta property=\"og:type\" content=\"article\" \/>\n<meta property=\"og:title\" content=\"El humanismo como \u201ccorrector\u201d de la Cuarta Revoluci\u00f3n Industrial - Observatorio Tecnol\u00f3gico de Hidalgo\" \/>\n<meta property=\"og:description\" content=\"Hay algunas viejas preguntas que contin\u00faan sin resolverse en la pr\u00e1ctica social: \u00bfla tecnolog\u00eda nos hace mejores personas, m\u00e1s morales, optimistas y solidarias? \u00bfPodemos establecer una responsabilidad \u00e9tica a unas entidades no humanas por el curso que toma nuestro destino?\" \/>\n<meta property=\"og:url\" content=\"https:\/\/otech.uaeh.edu.mx\/noti\/industria-4-0\/el-humanismo-como-corrector-de-la-cuarta-revolucion-industrial\/\" \/>\n<meta property=\"og:site_name\" content=\"Observatorio Tecnol\u00f3gico de Hidalgo\" \/>\n<meta property=\"article:publisher\" content=\"https:\/\/www.facebook.com\/observatoriouaeh\" \/>\n<meta property=\"article:published_time\" content=\"2019-03-27T15:48:54+00:00\" \/>\n<meta property=\"og:image\" content=\"https:\/\/otech.uaeh.edu.mx\/noti\/wp-content\/uploads\/2019\/03\/Notic.5-12.jpg\" \/>\n\t<meta property=\"og:image:width\" content=\"600\" \/>\n\t<meta property=\"og:image:height\" content=\"350\" \/>\n\t<meta property=\"og:image:type\" content=\"image\/jpeg\" \/>\n<meta name=\"author\" content=\"admin\" \/>\n<meta name=\"twitter:card\" content=\"summary_large_image\" \/>\n<meta name=\"twitter:creator\" content=\"@OBSERVATORIOEH\" \/>\n<meta name=\"twitter:site\" content=\"@OBSERVATORIOEH\" \/>\n<meta name=\"twitter:label1\" content=\"Written by\" \/>\n\t<meta name=\"twitter:data1\" content=\"admin\" \/>\n\t<meta name=\"twitter:label2\" content=\"Est. reading time\" \/>\n\t<meta name=\"twitter:data2\" content=\"7 minutes\" \/>\n<script type=\"application\/ld+json\" class=\"yoast-schema-graph\">{\"@context\":\"https:\/\/schema.org\",\"@graph\":[{\"@type\":\"Article\",\"@id\":\"https:\/\/otech.uaeh.edu.mx\/noti\/industria-4-0\/el-humanismo-como-corrector-de-la-cuarta-revolucion-industrial\/#article\",\"isPartOf\":{\"@id\":\"https:\/\/otech.uaeh.edu.mx\/noti\/industria-4-0\/el-humanismo-como-corrector-de-la-cuarta-revolucion-industrial\/\"},\"author\":{\"name\":\"admin\",\"@id\":\"https:\/\/otech.uaeh.edu.mx\/noti\/#\/schema\/person\/95263d004158ffabcd98137e1d0abc1c\"},\"headline\":\"El humanismo como \u201ccorrector\u201d de la Cuarta Revoluci\u00f3n Industrial\",\"datePublished\":\"2019-03-27T15:48:54+00:00\",\"mainEntityOfPage\":{\"@id\":\"https:\/\/otech.uaeh.edu.mx\/noti\/industria-4-0\/el-humanismo-como-corrector-de-la-cuarta-revolucion-industrial\/\"},\"wordCount\":1355,\"commentCount\":0,\"publisher\":{\"@id\":\"https:\/\/otech.uaeh.edu.mx\/noti\/#organization\"},\"image\":{\"@id\":\"https:\/\/otech.uaeh.edu.mx\/noti\/industria-4-0\/el-humanismo-como-corrector-de-la-cuarta-revolucion-industrial\/#primaryimage\"},\"thumbnailUrl\":\"https:\/\/otech.uaeh.edu.mx\/noti\/wp-content\/uploads\/2019\/03\/Notic.5-12.jpg\",\"articleSection\":[\"Industria 4.0\"],\"inLanguage\":\"en-US\",\"potentialAction\":[{\"@type\":\"CommentAction\",\"name\":\"Comment\",\"target\":[\"https:\/\/otech.uaeh.edu.mx\/noti\/industria-4-0\/el-humanismo-como-corrector-de-la-cuarta-revolucion-industrial\/#respond\"]}]},{\"@type\":\"WebPage\",\"@id\":\"https:\/\/otech.uaeh.edu.mx\/noti\/industria-4-0\/el-humanismo-como-corrector-de-la-cuarta-revolucion-industrial\/\",\"url\":\"https:\/\/otech.uaeh.edu.mx\/noti\/industria-4-0\/el-humanismo-como-corrector-de-la-cuarta-revolucion-industrial\/\",\"name\":\"El humanismo como \u201ccorrector\u201d de la Cuarta Revoluci\u00f3n Industrial - Observatorio Tecnol\u00f3gico de Hidalgo\",\"isPartOf\":{\"@id\":\"https:\/\/otech.uaeh.edu.mx\/noti\/#website\"},\"primaryImageOfPage\":{\"@id\":\"https:\/\/otech.uaeh.edu.mx\/noti\/industria-4-0\/el-humanismo-como-corrector-de-la-cuarta-revolucion-industrial\/#primaryimage\"},\"image\":{\"@id\":\"https:\/\/otech.uaeh.edu.mx\/noti\/industria-4-0\/el-humanismo-como-corrector-de-la-cuarta-revolucion-industrial\/#primaryimage\"},\"thumbnailUrl\":\"https:\/\/otech.uaeh.edu.mx\/noti\/wp-content\/uploads\/2019\/03\/Notic.5-12.jpg\",\"datePublished\":\"2019-03-27T15:48:54+00:00\",\"breadcrumb\":{\"@id\":\"https:\/\/otech.uaeh.edu.mx\/noti\/industria-4-0\/el-humanismo-como-corrector-de-la-cuarta-revolucion-industrial\/#breadcrumb\"},\"inLanguage\":\"en-US\",\"potentialAction\":[{\"@type\":\"ReadAction\",\"target\":[\"https:\/\/otech.uaeh.edu.mx\/noti\/industria-4-0\/el-humanismo-como-corrector-de-la-cuarta-revolucion-industrial\/\"]}]},{\"@type\":\"ImageObject\",\"inLanguage\":\"en-US\",\"@id\":\"https:\/\/otech.uaeh.edu.mx\/noti\/industria-4-0\/el-humanismo-como-corrector-de-la-cuarta-revolucion-industrial\/#primaryimage\",\"url\":\"https:\/\/otech.uaeh.edu.mx\/noti\/wp-content\/uploads\/2019\/03\/Notic.5-12.jpg\",\"contentUrl\":\"https:\/\/otech.uaeh.edu.mx\/noti\/wp-content\/uploads\/2019\/03\/Notic.5-12.jpg\",\"width\":600,\"height\":350},{\"@type\":\"BreadcrumbList\",\"@id\":\"https:\/\/otech.uaeh.edu.mx\/noti\/industria-4-0\/el-humanismo-como-corrector-de-la-cuarta-revolucion-industrial\/#breadcrumb\",\"itemListElement\":[{\"@type\":\"ListItem\",\"position\":1,\"name\":\"Inicio\",\"item\":\"https:\/\/otech.uaeh.edu.mx\/noti\/\"},{\"@type\":\"ListItem\",\"position\":2,\"name\":\"El humanismo como \u201ccorrector\u201d de la Cuarta Revoluci\u00f3n Industrial\"}]},{\"@type\":\"WebSite\",\"@id\":\"https:\/\/otech.uaeh.edu.mx\/noti\/#website\",\"url\":\"https:\/\/otech.uaeh.edu.mx\/noti\/\",\"name\":\"Observatorio Tecnol\u00f3gico de Hidalgo\",\"description\":\"\",\"publisher\":{\"@id\":\"https:\/\/otech.uaeh.edu.mx\/noti\/#organization\"},\"potentialAction\":[{\"@type\":\"SearchAction\",\"target\":{\"@type\":\"EntryPoint\",\"urlTemplate\":\"https:\/\/otech.uaeh.edu.mx\/noti\/?s={search_term_string}\"},\"query-input\":{\"@type\":\"PropertyValueSpecification\",\"valueRequired\":true,\"valueName\":\"search_term_string\"}}],\"inLanguage\":\"en-US\"},{\"@type\":\"Organization\",\"@id\":\"https:\/\/otech.uaeh.edu.mx\/noti\/#organization\",\"name\":\"Observatorio Tecnol\u00f3gico de Hidalgo\",\"url\":\"https:\/\/otech.uaeh.edu.mx\/noti\/\",\"logo\":{\"@type\":\"ImageObject\",\"inLanguage\":\"en-US\",\"@id\":\"https:\/\/otech.uaeh.edu.mx\/noti\/#\/schema\/logo\/image\/\",\"url\":\"https:\/\/otech.uaeh.edu.mx\/noti\/wp-content\/uploads\/2025\/11\/Logo-circulo.png\",\"contentUrl\":\"https:\/\/otech.uaeh.edu.mx\/noti\/wp-content\/uploads\/2025\/11\/Logo-circulo.png\",\"width\":250,\"height\":250,\"caption\":\"Observatorio Tecnol\u00f3gico de Hidalgo\"},\"image\":{\"@id\":\"https:\/\/otech.uaeh.edu.mx\/noti\/#\/schema\/logo\/image\/\"},\"sameAs\":[\"https:\/\/www.facebook.com\/observatoriouaeh\",\"https:\/\/x.com\/OBSERVATORIOEH\"]},{\"@type\":\"Person\",\"@id\":\"https:\/\/otech.uaeh.edu.mx\/noti\/#\/schema\/person\/95263d004158ffabcd98137e1d0abc1c\",\"name\":\"admin\",\"image\":{\"@type\":\"ImageObject\",\"inLanguage\":\"en-US\",\"@id\":\"https:\/\/otech.uaeh.edu.mx\/noti\/#\/schema\/person\/image\/\",\"url\":\"https:\/\/secure.gravatar.com\/avatar\/08dd17208ee6a9e87c5a01c0a5f4c96c8ed24bf05e625630929b5b6a7c1ffa5f?s=96&d=mm&r=g\",\"contentUrl\":\"https:\/\/secure.gravatar.com\/avatar\/08dd17208ee6a9e87c5a01c0a5f4c96c8ed24bf05e625630929b5b6a7c1ffa5f?s=96&d=mm&r=g\",\"caption\":\"admin\"},\"url\":\"https:\/\/otech.uaeh.edu.mx\/noti\/author\/admin\/\"}]}<\/script>\n<!-- \/ Yoast SEO plugin. -->","yoast_head_json":{"title":"El humanismo como \u201ccorrector\u201d de la Cuarta Revoluci\u00f3n Industrial - Observatorio Tecnol\u00f3gico de Hidalgo","robots":{"index":"index","follow":"follow","max-snippet":"max-snippet:-1","max-image-preview":"max-image-preview:large","max-video-preview":"max-video-preview:-1"},"canonical":"https:\/\/otech.uaeh.edu.mx\/noti\/industria-4-0\/el-humanismo-como-corrector-de-la-cuarta-revolucion-industrial\/","og_locale":"en_US","og_type":"article","og_title":"El humanismo como \u201ccorrector\u201d de la Cuarta Revoluci\u00f3n Industrial - Observatorio Tecnol\u00f3gico de Hidalgo","og_description":"Hay algunas viejas preguntas que contin\u00faan sin resolverse en la pr\u00e1ctica social: \u00bfla tecnolog\u00eda nos hace mejores personas, m\u00e1s morales, optimistas y solidarias? \u00bfPodemos establecer una responsabilidad \u00e9tica a unas entidades no humanas por el curso que toma nuestro destino?","og_url":"https:\/\/otech.uaeh.edu.mx\/noti\/industria-4-0\/el-humanismo-como-corrector-de-la-cuarta-revolucion-industrial\/","og_site_name":"Observatorio Tecnol\u00f3gico de Hidalgo","article_publisher":"https:\/\/www.facebook.com\/observatoriouaeh","article_published_time":"2019-03-27T15:48:54+00:00","og_image":[{"width":600,"height":350,"url":"https:\/\/otech.uaeh.edu.mx\/noti\/wp-content\/uploads\/2019\/03\/Notic.5-12.jpg","type":"image\/jpeg"}],"author":"admin","twitter_card":"summary_large_image","twitter_creator":"@OBSERVATORIOEH","twitter_site":"@OBSERVATORIOEH","twitter_misc":{"Written by":"admin","Est. reading time":"7 minutes"},"schema":{"@context":"https:\/\/schema.org","@graph":[{"@type":"Article","@id":"https:\/\/otech.uaeh.edu.mx\/noti\/industria-4-0\/el-humanismo-como-corrector-de-la-cuarta-revolucion-industrial\/#article","isPartOf":{"@id":"https:\/\/otech.uaeh.edu.mx\/noti\/industria-4-0\/el-humanismo-como-corrector-de-la-cuarta-revolucion-industrial\/"},"author":{"name":"admin","@id":"https:\/\/otech.uaeh.edu.mx\/noti\/#\/schema\/person\/95263d004158ffabcd98137e1d0abc1c"},"headline":"El humanismo como \u201ccorrector\u201d de la Cuarta Revoluci\u00f3n Industrial","datePublished":"2019-03-27T15:48:54+00:00","mainEntityOfPage":{"@id":"https:\/\/otech.uaeh.edu.mx\/noti\/industria-4-0\/el-humanismo-como-corrector-de-la-cuarta-revolucion-industrial\/"},"wordCount":1355,"commentCount":0,"publisher":{"@id":"https:\/\/otech.uaeh.edu.mx\/noti\/#organization"},"image":{"@id":"https:\/\/otech.uaeh.edu.mx\/noti\/industria-4-0\/el-humanismo-como-corrector-de-la-cuarta-revolucion-industrial\/#primaryimage"},"thumbnailUrl":"https:\/\/otech.uaeh.edu.mx\/noti\/wp-content\/uploads\/2019\/03\/Notic.5-12.jpg","articleSection":["Industria 4.0"],"inLanguage":"en-US","potentialAction":[{"@type":"CommentAction","name":"Comment","target":["https:\/\/otech.uaeh.edu.mx\/noti\/industria-4-0\/el-humanismo-como-corrector-de-la-cuarta-revolucion-industrial\/#respond"]}]},{"@type":"WebPage","@id":"https:\/\/otech.uaeh.edu.mx\/noti\/industria-4-0\/el-humanismo-como-corrector-de-la-cuarta-revolucion-industrial\/","url":"https:\/\/otech.uaeh.edu.mx\/noti\/industria-4-0\/el-humanismo-como-corrector-de-la-cuarta-revolucion-industrial\/","name":"El humanismo como \u201ccorrector\u201d de la Cuarta Revoluci\u00f3n Industrial - Observatorio Tecnol\u00f3gico de Hidalgo","isPartOf":{"@id":"https:\/\/otech.uaeh.edu.mx\/noti\/#website"},"primaryImageOfPage":{"@id":"https:\/\/otech.uaeh.edu.mx\/noti\/industria-4-0\/el-humanismo-como-corrector-de-la-cuarta-revolucion-industrial\/#primaryimage"},"image":{"@id":"https:\/\/otech.uaeh.edu.mx\/noti\/industria-4-0\/el-humanismo-como-corrector-de-la-cuarta-revolucion-industrial\/#primaryimage"},"thumbnailUrl":"https:\/\/otech.uaeh.edu.mx\/noti\/wp-content\/uploads\/2019\/03\/Notic.5-12.jpg","datePublished":"2019-03-27T15:48:54+00:00","breadcrumb":{"@id":"https:\/\/otech.uaeh.edu.mx\/noti\/industria-4-0\/el-humanismo-como-corrector-de-la-cuarta-revolucion-industrial\/#breadcrumb"},"inLanguage":"en-US","potentialAction":[{"@type":"ReadAction","target":["https:\/\/otech.uaeh.edu.mx\/noti\/industria-4-0\/el-humanismo-como-corrector-de-la-cuarta-revolucion-industrial\/"]}]},{"@type":"ImageObject","inLanguage":"en-US","@id":"https:\/\/otech.uaeh.edu.mx\/noti\/industria-4-0\/el-humanismo-como-corrector-de-la-cuarta-revolucion-industrial\/#primaryimage","url":"https:\/\/otech.uaeh.edu.mx\/noti\/wp-content\/uploads\/2019\/03\/Notic.5-12.jpg","contentUrl":"https:\/\/otech.uaeh.edu.mx\/noti\/wp-content\/uploads\/2019\/03\/Notic.5-12.jpg","width":600,"height":350},{"@type":"BreadcrumbList","@id":"https:\/\/otech.uaeh.edu.mx\/noti\/industria-4-0\/el-humanismo-como-corrector-de-la-cuarta-revolucion-industrial\/#breadcrumb","itemListElement":[{"@type":"ListItem","position":1,"name":"Inicio","item":"https:\/\/otech.uaeh.edu.mx\/noti\/"},{"@type":"ListItem","position":2,"name":"El humanismo como \u201ccorrector\u201d de la Cuarta Revoluci\u00f3n Industrial"}]},{"@type":"WebSite","@id":"https:\/\/otech.uaeh.edu.mx\/noti\/#website","url":"https:\/\/otech.uaeh.edu.mx\/noti\/","name":"Observatorio Tecnol\u00f3gico de Hidalgo","description":"","publisher":{"@id":"https:\/\/otech.uaeh.edu.mx\/noti\/#organization"},"potentialAction":[{"@type":"SearchAction","target":{"@type":"EntryPoint","urlTemplate":"https:\/\/otech.uaeh.edu.mx\/noti\/?s={search_term_string}"},"query-input":{"@type":"PropertyValueSpecification","valueRequired":true,"valueName":"search_term_string"}}],"inLanguage":"en-US"},{"@type":"Organization","@id":"https:\/\/otech.uaeh.edu.mx\/noti\/#organization","name":"Observatorio Tecnol\u00f3gico de Hidalgo","url":"https:\/\/otech.uaeh.edu.mx\/noti\/","logo":{"@type":"ImageObject","inLanguage":"en-US","@id":"https:\/\/otech.uaeh.edu.mx\/noti\/#\/schema\/logo\/image\/","url":"https:\/\/otech.uaeh.edu.mx\/noti\/wp-content\/uploads\/2025\/11\/Logo-circulo.png","contentUrl":"https:\/\/otech.uaeh.edu.mx\/noti\/wp-content\/uploads\/2025\/11\/Logo-circulo.png","width":250,"height":250,"caption":"Observatorio Tecnol\u00f3gico de Hidalgo"},"image":{"@id":"https:\/\/otech.uaeh.edu.mx\/noti\/#\/schema\/logo\/image\/"},"sameAs":["https:\/\/www.facebook.com\/observatoriouaeh","https:\/\/x.com\/OBSERVATORIOEH"]},{"@type":"Person","@id":"https:\/\/otech.uaeh.edu.mx\/noti\/#\/schema\/person\/95263d004158ffabcd98137e1d0abc1c","name":"admin","image":{"@type":"ImageObject","inLanguage":"en-US","@id":"https:\/\/otech.uaeh.edu.mx\/noti\/#\/schema\/person\/image\/","url":"https:\/\/secure.gravatar.com\/avatar\/08dd17208ee6a9e87c5a01c0a5f4c96c8ed24bf05e625630929b5b6a7c1ffa5f?s=96&d=mm&r=g","contentUrl":"https:\/\/secure.gravatar.com\/avatar\/08dd17208ee6a9e87c5a01c0a5f4c96c8ed24bf05e625630929b5b6a7c1ffa5f?s=96&d=mm&r=g","caption":"admin"},"url":"https:\/\/otech.uaeh.edu.mx\/noti\/author\/admin\/"}]}},"_links":{"self":[{"href":"https:\/\/otech.uaeh.edu.mx\/noti\/wp-json\/wp\/v2\/posts\/14823","targetHints":{"allow":["GET"]}}],"collection":[{"href":"https:\/\/otech.uaeh.edu.mx\/noti\/wp-json\/wp\/v2\/posts"}],"about":[{"href":"https:\/\/otech.uaeh.edu.mx\/noti\/wp-json\/wp\/v2\/types\/post"}],"author":[{"embeddable":true,"href":"https:\/\/otech.uaeh.edu.mx\/noti\/wp-json\/wp\/v2\/users\/1"}],"replies":[{"embeddable":true,"href":"https:\/\/otech.uaeh.edu.mx\/noti\/wp-json\/wp\/v2\/comments?post=14823"}],"version-history":[{"count":1,"href":"https:\/\/otech.uaeh.edu.mx\/noti\/wp-json\/wp\/v2\/posts\/14823\/revisions"}],"predecessor-version":[{"id":14825,"href":"https:\/\/otech.uaeh.edu.mx\/noti\/wp-json\/wp\/v2\/posts\/14823\/revisions\/14825"}],"wp:featuredmedia":[{"embeddable":true,"href":"https:\/\/otech.uaeh.edu.mx\/noti\/wp-json\/wp\/v2\/media\/14824"}],"wp:attachment":[{"href":"https:\/\/otech.uaeh.edu.mx\/noti\/wp-json\/wp\/v2\/media?parent=14823"}],"wp:term":[{"taxonomy":"category","embeddable":true,"href":"https:\/\/otech.uaeh.edu.mx\/noti\/wp-json\/wp\/v2\/categories?post=14823"},{"taxonomy":"post_tag","embeddable":true,"href":"https:\/\/otech.uaeh.edu.mx\/noti\/wp-json\/wp\/v2\/tags?post=14823"}],"curies":[{"name":"wp","href":"https:\/\/api.w.org\/{rel}","templated":true}]}}