{"id":15216,"date":"2019-04-15T08:41:33","date_gmt":"2019-04-15T14:41:33","guid":{"rendered":"http:\/\/otech.uaeh.edu.mx\/noti\/?p=15216"},"modified":"2019-04-15T08:41:33","modified_gmt":"2019-04-15T14:41:33","slug":"encabeza-mexicano-en-nasa-proyecto-para-lanzar-un-cubsat-en-octubre","status":"publish","type":"post","link":"https:\/\/otech.uaeh.edu.mx\/noti\/tech\/encabeza-mexicano-en-nasa-proyecto-para-lanzar-un-cubsat-en-octubre\/","title":{"rendered":"Encabeza mexicano en NASA proyecto para lanzar un cubsat en octubre"},"content":{"rendered":"<p class=\"has-drop-cap\">El mexicano Jaime S\u00e1nchez de la Vega, actual estudiante de la Universidad Estatal de Arizona (ASU), dirige la primera misi\u00f3n estudiantil financiada por la NASA que investigar\u00e1 el fen\u00f3meno del calentamiento urbano, mediante un sat\u00e9lite del tama\u00f1o de una barra de pan que lanzar\u00e1n este a\u00f1o.<!--more--><\/p>\n<p>El mexicano present\u00f3 este proyecto ante cient\u00edficos en el Laboratorio de Propulsi\u00f3n JPL-NASA, un centro dedicado a la construcci\u00f3n y operaci\u00f3n de naves espaciales no tripuladas. Obtuvo una beca de 200 mil d\u00f3lares, monto con el que financiar\u00e1n el sat\u00e9lite \u201cThe Phoenix Cubesat\u201d, que ser\u00e1 lanzado en octubre pr\u00f3ximo.<\/p>\n<p>\u201cEs la primera vez que a nivel universitario haremos un sat\u00e9lite tan peque\u00f1o para estudiar el calentamiento urbano desde el espacio\u201d, apunt\u00f3 S\u00e1nchez de la Vega.<\/p>\n<p>\u201cThe Phoenix Cubesat\u201d fue dise\u00f1ado y construido en su totalidad por estudiantes de ASU en Phoenix (Arizona) y ser\u00e1 lanzado a la Estaci\u00f3n Espacial Internacional, desde la cual se desplegar\u00e1 en la llamada \u00f3rbita terrestre baja.<\/p>\n<p>Durante la misi\u00f3n, el sat\u00e9lite capturar\u00e1 im\u00e1genes t\u00e9rmicas de ciudades de Estados Unidos y del resto del mundo desde una \u00d3rbita Terrestre Baja (LEO, por sus siglas en ingl\u00e9s), a trav\u00e9s de la detecci\u00f3n remota por rayos infrarrojos.<\/p>\n<p>\u201cSoy el \u00fanico estudiante con ciudadan\u00eda mexicana en el proyecto, soy el ingeniero principal de esta misi\u00f3n y es un honor representar a mi grupo y a todo el mundo en este proyecto que por vez primera se hace a nivel universitario.<\/p>\n<p>\u201cEstudios similares se han hecho por parte de la NASA, pero han costado millones de d\u00f3lares porque son sat\u00e9lites grandes, del tama\u00f1o de un cami\u00f3n. Es un peque\u00f1o sat\u00e9lite de gran impacto. Uno de sus beneficios es educacional, pues provee entrenamientos en la industria aeroespacial a estudiantes como yo\u201d, explica el estudiante de 22 a\u00f1os.<\/p>\n<p>A medida que las ciudades crecen, el dise\u00f1o y la composici\u00f3n de los materiales de \u00e1reas urbanas producen lo que se llama el Efecto de la Isla de Calor Urbano (UHI, en ingl\u00e9s), un fen\u00f3meno por el que las estructuras de las ciudades aumentan la temperatura de la superficie.<\/p>\n<p>\u201cEl cemento y el asfalto tienden a retener el calor del sol y esto incrementa la temperatura de manera significativa. Es algo que queremos mitigar con el estudio y ver c\u00f3mo se desarrolla\u201d, se\u00f1al\u00f3 el joven.<\/p>\n<p>S\u00e1nchez de la Vega se inscribi\u00f3 en un programa de intercambio acad\u00e9mico en Sonora por el que logr\u00f3 estudiar en la ASU, universidad en la que est\u00e1 por concluir las carreras de Ingeniera Aeroespacial e Ingenier\u00eda El\u00e9ctrica.<\/p>\n<p>El equipo de 30 estudiantes, que trabaja \u201cd\u00eda y noche\u201d, se encuentra actualmente en la fase de dise\u00f1o \u201ccr\u00edtico\u201d de la misi\u00f3n: Perfilan el software de vuelo y hacen pruebas a nivel de sistemas. El ensamblaje y las pruebas ambientales se realizar\u00e1n de mayo a junio.<\/p>\n<p>S\u00e1nchez de la Vega, que ha visitado la NASA en tres ocasiones, cumple con las tareas de ingenier\u00eda de sistemas, que incluyen el dise\u00f1o y la fabricaci\u00f3n de la estructura CubeSat.<\/p>\n<p><strong>Fuente: (Agencia ID)<\/strong><\/p>\n","protected":false},"excerpt":{"rendered":"<p>El mexicano Jaime S\u00e1nchez de la Vega, actual estudiante de la Universidad Estatal de Arizona (ASU), dirige la primera misi\u00f3n estudiantil financiada por la NASA que investigar\u00e1 el fen\u00f3meno del calentamiento urbano, mediante un sat\u00e9lite del tama\u00f1o de una barra de pan que lanzar\u00e1n este a\u00f1o.<\/p>\n","protected":false},"author":1,"featured_media":15217,"comment_status":"open","ping_status":"open","sticky":false,"template":"","format":"standard","meta":{"footnotes":""},"categories":[3],"tags":[],"class_list":["post-15216","post","type-post","status-publish","format-standard","has-post-thumbnail","hentry","category-tech"],"yoast_head":"<!-- This site is optimized with the Yoast SEO plugin v26.7 - https:\/\/yoast.com\/wordpress\/plugins\/seo\/ -->\n<title>Encabeza mexicano en NASA proyecto para lanzar un cubsat en octubre - Observatorio Tecnol\u00f3gico de Hidalgo<\/title>\n<meta name=\"robots\" content=\"index, follow, max-snippet:-1, max-image-preview:large, max-video-preview:-1\" \/>\n<link rel=\"canonical\" href=\"https:\/\/otech.uaeh.edu.mx\/noti\/tech\/encabeza-mexicano-en-nasa-proyecto-para-lanzar-un-cubsat-en-octubre\/\" \/>\n<meta property=\"og:locale\" content=\"en_US\" \/>\n<meta property=\"og:type\" content=\"article\" \/>\n<meta property=\"og:title\" content=\"Encabeza mexicano en NASA proyecto para lanzar un cubsat en octubre - Observatorio Tecnol\u00f3gico de Hidalgo\" \/>\n<meta property=\"og:description\" content=\"El mexicano Jaime S\u00e1nchez de la Vega, actual estudiante de la Universidad Estatal de Arizona (ASU), dirige la primera misi\u00f3n estudiantil financiada por la NASA que investigar\u00e1 el fen\u00f3meno del calentamiento urbano, mediante un sat\u00e9lite del tama\u00f1o de una barra de pan que lanzar\u00e1n este a\u00f1o.\" \/>\n<meta property=\"og:url\" content=\"https:\/\/otech.uaeh.edu.mx\/noti\/tech\/encabeza-mexicano-en-nasa-proyecto-para-lanzar-un-cubsat-en-octubre\/\" \/>\n<meta property=\"og:site_name\" content=\"Observatorio Tecnol\u00f3gico de Hidalgo\" \/>\n<meta property=\"article:publisher\" content=\"https:\/\/www.facebook.com\/observatoriouaeh\" \/>\n<meta property=\"article:published_time\" content=\"2019-04-15T14:41:33+00:00\" \/>\n<meta property=\"og:image\" content=\"https:\/\/otech.uaeh.edu.mx\/noti\/wp-content\/uploads\/2019\/04\/Notic.9-1.png\" \/>\n\t<meta property=\"og:image:width\" content=\"600\" \/>\n\t<meta property=\"og:image:height\" content=\"350\" \/>\n\t<meta property=\"og:image:type\" content=\"image\/png\" \/>\n<meta name=\"author\" content=\"admin\" \/>\n<meta name=\"twitter:card\" content=\"summary_large_image\" \/>\n<meta name=\"twitter:creator\" content=\"@OBSERVATORIOEH\" \/>\n<meta name=\"twitter:site\" content=\"@OBSERVATORIOEH\" \/>\n<meta name=\"twitter:label1\" content=\"Written by\" \/>\n\t<meta name=\"twitter:data1\" content=\"admin\" \/>\n\t<meta name=\"twitter:label2\" content=\"Est. reading time\" \/>\n\t<meta name=\"twitter:data2\" content=\"3 minutes\" \/>\n<script type=\"application\/ld+json\" class=\"yoast-schema-graph\">{\"@context\":\"https:\/\/schema.org\",\"@graph\":[{\"@type\":\"Article\",\"@id\":\"https:\/\/otech.uaeh.edu.mx\/noti\/tech\/encabeza-mexicano-en-nasa-proyecto-para-lanzar-un-cubsat-en-octubre\/#article\",\"isPartOf\":{\"@id\":\"https:\/\/otech.uaeh.edu.mx\/noti\/tech\/encabeza-mexicano-en-nasa-proyecto-para-lanzar-un-cubsat-en-octubre\/\"},\"author\":{\"name\":\"admin\",\"@id\":\"https:\/\/otech.uaeh.edu.mx\/noti\/#\/schema\/person\/95263d004158ffabcd98137e1d0abc1c\"},\"headline\":\"Encabeza mexicano en NASA proyecto para lanzar un cubsat en octubre\",\"datePublished\":\"2019-04-15T14:41:33+00:00\",\"mainEntityOfPage\":{\"@id\":\"https:\/\/otech.uaeh.edu.mx\/noti\/tech\/encabeza-mexicano-en-nasa-proyecto-para-lanzar-un-cubsat-en-octubre\/\"},\"wordCount\":557,\"commentCount\":0,\"publisher\":{\"@id\":\"https:\/\/otech.uaeh.edu.mx\/noti\/#organization\"},\"image\":{\"@id\":\"https:\/\/otech.uaeh.edu.mx\/noti\/tech\/encabeza-mexicano-en-nasa-proyecto-para-lanzar-un-cubsat-en-octubre\/#primaryimage\"},\"thumbnailUrl\":\"https:\/\/otech.uaeh.edu.mx\/noti\/wp-content\/uploads\/2019\/04\/Notic.9-1.png\",\"articleSection\":[\"Tecnolog\u00eda\"],\"inLanguage\":\"en-US\",\"potentialAction\":[{\"@type\":\"CommentAction\",\"name\":\"Comment\",\"target\":[\"https:\/\/otech.uaeh.edu.mx\/noti\/tech\/encabeza-mexicano-en-nasa-proyecto-para-lanzar-un-cubsat-en-octubre\/#respond\"]}]},{\"@type\":\"WebPage\",\"@id\":\"https:\/\/otech.uaeh.edu.mx\/noti\/tech\/encabeza-mexicano-en-nasa-proyecto-para-lanzar-un-cubsat-en-octubre\/\",\"url\":\"https:\/\/otech.uaeh.edu.mx\/noti\/tech\/encabeza-mexicano-en-nasa-proyecto-para-lanzar-un-cubsat-en-octubre\/\",\"name\":\"Encabeza mexicano en NASA proyecto para lanzar un cubsat en octubre - Observatorio Tecnol\u00f3gico de Hidalgo\",\"isPartOf\":{\"@id\":\"https:\/\/otech.uaeh.edu.mx\/noti\/#website\"},\"primaryImageOfPage\":{\"@id\":\"https:\/\/otech.uaeh.edu.mx\/noti\/tech\/encabeza-mexicano-en-nasa-proyecto-para-lanzar-un-cubsat-en-octubre\/#primaryimage\"},\"image\":{\"@id\":\"https:\/\/otech.uaeh.edu.mx\/noti\/tech\/encabeza-mexicano-en-nasa-proyecto-para-lanzar-un-cubsat-en-octubre\/#primaryimage\"},\"thumbnailUrl\":\"https:\/\/otech.uaeh.edu.mx\/noti\/wp-content\/uploads\/2019\/04\/Notic.9-1.png\",\"datePublished\":\"2019-04-15T14:41:33+00:00\",\"breadcrumb\":{\"@id\":\"https:\/\/otech.uaeh.edu.mx\/noti\/tech\/encabeza-mexicano-en-nasa-proyecto-para-lanzar-un-cubsat-en-octubre\/#breadcrumb\"},\"inLanguage\":\"en-US\",\"potentialAction\":[{\"@type\":\"ReadAction\",\"target\":[\"https:\/\/otech.uaeh.edu.mx\/noti\/tech\/encabeza-mexicano-en-nasa-proyecto-para-lanzar-un-cubsat-en-octubre\/\"]}]},{\"@type\":\"ImageObject\",\"inLanguage\":\"en-US\",\"@id\":\"https:\/\/otech.uaeh.edu.mx\/noti\/tech\/encabeza-mexicano-en-nasa-proyecto-para-lanzar-un-cubsat-en-octubre\/#primaryimage\",\"url\":\"https:\/\/otech.uaeh.edu.mx\/noti\/wp-content\/uploads\/2019\/04\/Notic.9-1.png\",\"contentUrl\":\"https:\/\/otech.uaeh.edu.mx\/noti\/wp-content\/uploads\/2019\/04\/Notic.9-1.png\",\"width\":600,\"height\":350},{\"@type\":\"BreadcrumbList\",\"@id\":\"https:\/\/otech.uaeh.edu.mx\/noti\/tech\/encabeza-mexicano-en-nasa-proyecto-para-lanzar-un-cubsat-en-octubre\/#breadcrumb\",\"itemListElement\":[{\"@type\":\"ListItem\",\"position\":1,\"name\":\"Inicio\",\"item\":\"https:\/\/otech.uaeh.edu.mx\/noti\/\"},{\"@type\":\"ListItem\",\"position\":2,\"name\":\"Encabeza mexicano en NASA proyecto para lanzar un cubsat en octubre\"}]},{\"@type\":\"WebSite\",\"@id\":\"https:\/\/otech.uaeh.edu.mx\/noti\/#website\",\"url\":\"https:\/\/otech.uaeh.edu.mx\/noti\/\",\"name\":\"Observatorio Tecnol\u00f3gico de Hidalgo\",\"description\":\"\",\"publisher\":{\"@id\":\"https:\/\/otech.uaeh.edu.mx\/noti\/#organization\"},\"potentialAction\":[{\"@type\":\"SearchAction\",\"target\":{\"@type\":\"EntryPoint\",\"urlTemplate\":\"https:\/\/otech.uaeh.edu.mx\/noti\/?s={search_term_string}\"},\"query-input\":{\"@type\":\"PropertyValueSpecification\",\"valueRequired\":true,\"valueName\":\"search_term_string\"}}],\"inLanguage\":\"en-US\"},{\"@type\":\"Organization\",\"@id\":\"https:\/\/otech.uaeh.edu.mx\/noti\/#organization\",\"name\":\"Observatorio Tecnol\u00f3gico de Hidalgo\",\"url\":\"https:\/\/otech.uaeh.edu.mx\/noti\/\",\"logo\":{\"@type\":\"ImageObject\",\"inLanguage\":\"en-US\",\"@id\":\"https:\/\/otech.uaeh.edu.mx\/noti\/#\/schema\/logo\/image\/\",\"url\":\"https:\/\/otech.uaeh.edu.mx\/noti\/wp-content\/uploads\/2025\/11\/Logo-circulo.png\",\"contentUrl\":\"https:\/\/otech.uaeh.edu.mx\/noti\/wp-content\/uploads\/2025\/11\/Logo-circulo.png\",\"width\":250,\"height\":250,\"caption\":\"Observatorio Tecnol\u00f3gico de Hidalgo\"},\"image\":{\"@id\":\"https:\/\/otech.uaeh.edu.mx\/noti\/#\/schema\/logo\/image\/\"},\"sameAs\":[\"https:\/\/www.facebook.com\/observatoriouaeh\",\"https:\/\/x.com\/OBSERVATORIOEH\"]},{\"@type\":\"Person\",\"@id\":\"https:\/\/otech.uaeh.edu.mx\/noti\/#\/schema\/person\/95263d004158ffabcd98137e1d0abc1c\",\"name\":\"admin\",\"image\":{\"@type\":\"ImageObject\",\"inLanguage\":\"en-US\",\"@id\":\"https:\/\/otech.uaeh.edu.mx\/noti\/#\/schema\/person\/image\/\",\"url\":\"https:\/\/secure.gravatar.com\/avatar\/08dd17208ee6a9e87c5a01c0a5f4c96c8ed24bf05e625630929b5b6a7c1ffa5f?s=96&d=mm&r=g\",\"contentUrl\":\"https:\/\/secure.gravatar.com\/avatar\/08dd17208ee6a9e87c5a01c0a5f4c96c8ed24bf05e625630929b5b6a7c1ffa5f?s=96&d=mm&r=g\",\"caption\":\"admin\"},\"url\":\"https:\/\/otech.uaeh.edu.mx\/noti\/author\/admin\/\"}]}<\/script>\n<!-- \/ Yoast SEO plugin. -->","yoast_head_json":{"title":"Encabeza mexicano en NASA proyecto para lanzar un cubsat en octubre - Observatorio Tecnol\u00f3gico de Hidalgo","robots":{"index":"index","follow":"follow","max-snippet":"max-snippet:-1","max-image-preview":"max-image-preview:large","max-video-preview":"max-video-preview:-1"},"canonical":"https:\/\/otech.uaeh.edu.mx\/noti\/tech\/encabeza-mexicano-en-nasa-proyecto-para-lanzar-un-cubsat-en-octubre\/","og_locale":"en_US","og_type":"article","og_title":"Encabeza mexicano en NASA proyecto para lanzar un cubsat en octubre - Observatorio Tecnol\u00f3gico de Hidalgo","og_description":"El mexicano Jaime S\u00e1nchez de la Vega, actual estudiante de la Universidad Estatal de Arizona (ASU), dirige la primera misi\u00f3n estudiantil financiada por la NASA que investigar\u00e1 el fen\u00f3meno del calentamiento urbano, mediante un sat\u00e9lite del tama\u00f1o de una barra de pan que lanzar\u00e1n este a\u00f1o.","og_url":"https:\/\/otech.uaeh.edu.mx\/noti\/tech\/encabeza-mexicano-en-nasa-proyecto-para-lanzar-un-cubsat-en-octubre\/","og_site_name":"Observatorio Tecnol\u00f3gico de Hidalgo","article_publisher":"https:\/\/www.facebook.com\/observatoriouaeh","article_published_time":"2019-04-15T14:41:33+00:00","og_image":[{"width":600,"height":350,"url":"https:\/\/otech.uaeh.edu.mx\/noti\/wp-content\/uploads\/2019\/04\/Notic.9-1.png","type":"image\/png"}],"author":"admin","twitter_card":"summary_large_image","twitter_creator":"@OBSERVATORIOEH","twitter_site":"@OBSERVATORIOEH","twitter_misc":{"Written by":"admin","Est. reading time":"3 minutes"},"schema":{"@context":"https:\/\/schema.org","@graph":[{"@type":"Article","@id":"https:\/\/otech.uaeh.edu.mx\/noti\/tech\/encabeza-mexicano-en-nasa-proyecto-para-lanzar-un-cubsat-en-octubre\/#article","isPartOf":{"@id":"https:\/\/otech.uaeh.edu.mx\/noti\/tech\/encabeza-mexicano-en-nasa-proyecto-para-lanzar-un-cubsat-en-octubre\/"},"author":{"name":"admin","@id":"https:\/\/otech.uaeh.edu.mx\/noti\/#\/schema\/person\/95263d004158ffabcd98137e1d0abc1c"},"headline":"Encabeza mexicano en NASA proyecto para lanzar un cubsat en octubre","datePublished":"2019-04-15T14:41:33+00:00","mainEntityOfPage":{"@id":"https:\/\/otech.uaeh.edu.mx\/noti\/tech\/encabeza-mexicano-en-nasa-proyecto-para-lanzar-un-cubsat-en-octubre\/"},"wordCount":557,"commentCount":0,"publisher":{"@id":"https:\/\/otech.uaeh.edu.mx\/noti\/#organization"},"image":{"@id":"https:\/\/otech.uaeh.edu.mx\/noti\/tech\/encabeza-mexicano-en-nasa-proyecto-para-lanzar-un-cubsat-en-octubre\/#primaryimage"},"thumbnailUrl":"https:\/\/otech.uaeh.edu.mx\/noti\/wp-content\/uploads\/2019\/04\/Notic.9-1.png","articleSection":["Tecnolog\u00eda"],"inLanguage":"en-US","potentialAction":[{"@type":"CommentAction","name":"Comment","target":["https:\/\/otech.uaeh.edu.mx\/noti\/tech\/encabeza-mexicano-en-nasa-proyecto-para-lanzar-un-cubsat-en-octubre\/#respond"]}]},{"@type":"WebPage","@id":"https:\/\/otech.uaeh.edu.mx\/noti\/tech\/encabeza-mexicano-en-nasa-proyecto-para-lanzar-un-cubsat-en-octubre\/","url":"https:\/\/otech.uaeh.edu.mx\/noti\/tech\/encabeza-mexicano-en-nasa-proyecto-para-lanzar-un-cubsat-en-octubre\/","name":"Encabeza mexicano en NASA proyecto para lanzar un cubsat en octubre - Observatorio Tecnol\u00f3gico de Hidalgo","isPartOf":{"@id":"https:\/\/otech.uaeh.edu.mx\/noti\/#website"},"primaryImageOfPage":{"@id":"https:\/\/otech.uaeh.edu.mx\/noti\/tech\/encabeza-mexicano-en-nasa-proyecto-para-lanzar-un-cubsat-en-octubre\/#primaryimage"},"image":{"@id":"https:\/\/otech.uaeh.edu.mx\/noti\/tech\/encabeza-mexicano-en-nasa-proyecto-para-lanzar-un-cubsat-en-octubre\/#primaryimage"},"thumbnailUrl":"https:\/\/otech.uaeh.edu.mx\/noti\/wp-content\/uploads\/2019\/04\/Notic.9-1.png","datePublished":"2019-04-15T14:41:33+00:00","breadcrumb":{"@id":"https:\/\/otech.uaeh.edu.mx\/noti\/tech\/encabeza-mexicano-en-nasa-proyecto-para-lanzar-un-cubsat-en-octubre\/#breadcrumb"},"inLanguage":"en-US","potentialAction":[{"@type":"ReadAction","target":["https:\/\/otech.uaeh.edu.mx\/noti\/tech\/encabeza-mexicano-en-nasa-proyecto-para-lanzar-un-cubsat-en-octubre\/"]}]},{"@type":"ImageObject","inLanguage":"en-US","@id":"https:\/\/otech.uaeh.edu.mx\/noti\/tech\/encabeza-mexicano-en-nasa-proyecto-para-lanzar-un-cubsat-en-octubre\/#primaryimage","url":"https:\/\/otech.uaeh.edu.mx\/noti\/wp-content\/uploads\/2019\/04\/Notic.9-1.png","contentUrl":"https:\/\/otech.uaeh.edu.mx\/noti\/wp-content\/uploads\/2019\/04\/Notic.9-1.png","width":600,"height":350},{"@type":"BreadcrumbList","@id":"https:\/\/otech.uaeh.edu.mx\/noti\/tech\/encabeza-mexicano-en-nasa-proyecto-para-lanzar-un-cubsat-en-octubre\/#breadcrumb","itemListElement":[{"@type":"ListItem","position":1,"name":"Inicio","item":"https:\/\/otech.uaeh.edu.mx\/noti\/"},{"@type":"ListItem","position":2,"name":"Encabeza mexicano en NASA proyecto para lanzar un cubsat en octubre"}]},{"@type":"WebSite","@id":"https:\/\/otech.uaeh.edu.mx\/noti\/#website","url":"https:\/\/otech.uaeh.edu.mx\/noti\/","name":"Observatorio Tecnol\u00f3gico de Hidalgo","description":"","publisher":{"@id":"https:\/\/otech.uaeh.edu.mx\/noti\/#organization"},"potentialAction":[{"@type":"SearchAction","target":{"@type":"EntryPoint","urlTemplate":"https:\/\/otech.uaeh.edu.mx\/noti\/?s={search_term_string}"},"query-input":{"@type":"PropertyValueSpecification","valueRequired":true,"valueName":"search_term_string"}}],"inLanguage":"en-US"},{"@type":"Organization","@id":"https:\/\/otech.uaeh.edu.mx\/noti\/#organization","name":"Observatorio Tecnol\u00f3gico de Hidalgo","url":"https:\/\/otech.uaeh.edu.mx\/noti\/","logo":{"@type":"ImageObject","inLanguage":"en-US","@id":"https:\/\/otech.uaeh.edu.mx\/noti\/#\/schema\/logo\/image\/","url":"https:\/\/otech.uaeh.edu.mx\/noti\/wp-content\/uploads\/2025\/11\/Logo-circulo.png","contentUrl":"https:\/\/otech.uaeh.edu.mx\/noti\/wp-content\/uploads\/2025\/11\/Logo-circulo.png","width":250,"height":250,"caption":"Observatorio Tecnol\u00f3gico de Hidalgo"},"image":{"@id":"https:\/\/otech.uaeh.edu.mx\/noti\/#\/schema\/logo\/image\/"},"sameAs":["https:\/\/www.facebook.com\/observatoriouaeh","https:\/\/x.com\/OBSERVATORIOEH"]},{"@type":"Person","@id":"https:\/\/otech.uaeh.edu.mx\/noti\/#\/schema\/person\/95263d004158ffabcd98137e1d0abc1c","name":"admin","image":{"@type":"ImageObject","inLanguage":"en-US","@id":"https:\/\/otech.uaeh.edu.mx\/noti\/#\/schema\/person\/image\/","url":"https:\/\/secure.gravatar.com\/avatar\/08dd17208ee6a9e87c5a01c0a5f4c96c8ed24bf05e625630929b5b6a7c1ffa5f?s=96&d=mm&r=g","contentUrl":"https:\/\/secure.gravatar.com\/avatar\/08dd17208ee6a9e87c5a01c0a5f4c96c8ed24bf05e625630929b5b6a7c1ffa5f?s=96&d=mm&r=g","caption":"admin"},"url":"https:\/\/otech.uaeh.edu.mx\/noti\/author\/admin\/"}]}},"_links":{"self":[{"href":"https:\/\/otech.uaeh.edu.mx\/noti\/wp-json\/wp\/v2\/posts\/15216","targetHints":{"allow":["GET"]}}],"collection":[{"href":"https:\/\/otech.uaeh.edu.mx\/noti\/wp-json\/wp\/v2\/posts"}],"about":[{"href":"https:\/\/otech.uaeh.edu.mx\/noti\/wp-json\/wp\/v2\/types\/post"}],"author":[{"embeddable":true,"href":"https:\/\/otech.uaeh.edu.mx\/noti\/wp-json\/wp\/v2\/users\/1"}],"replies":[{"embeddable":true,"href":"https:\/\/otech.uaeh.edu.mx\/noti\/wp-json\/wp\/v2\/comments?post=15216"}],"version-history":[{"count":1,"href":"https:\/\/otech.uaeh.edu.mx\/noti\/wp-json\/wp\/v2\/posts\/15216\/revisions"}],"predecessor-version":[{"id":15218,"href":"https:\/\/otech.uaeh.edu.mx\/noti\/wp-json\/wp\/v2\/posts\/15216\/revisions\/15218"}],"wp:featuredmedia":[{"embeddable":true,"href":"https:\/\/otech.uaeh.edu.mx\/noti\/wp-json\/wp\/v2\/media\/15217"}],"wp:attachment":[{"href":"https:\/\/otech.uaeh.edu.mx\/noti\/wp-json\/wp\/v2\/media?parent=15216"}],"wp:term":[{"taxonomy":"category","embeddable":true,"href":"https:\/\/otech.uaeh.edu.mx\/noti\/wp-json\/wp\/v2\/categories?post=15216"},{"taxonomy":"post_tag","embeddable":true,"href":"https:\/\/otech.uaeh.edu.mx\/noti\/wp-json\/wp\/v2\/tags?post=15216"}],"curies":[{"name":"wp","href":"https:\/\/api.w.org\/{rel}","templated":true}]}}