{"id":15232,"date":"2019-04-16T09:01:53","date_gmt":"2019-04-16T15:01:53","guid":{"rendered":"http:\/\/otech.uaeh.edu.mx\/noti\/?p=15232"},"modified":"2019-04-16T09:02:02","modified_gmt":"2019-04-16T15:02:02","slug":"ocho-dispositivos-que-te-echan-un-cable-con-la-factura-de-la-luz","status":"publish","type":"post","link":"https:\/\/otech.uaeh.edu.mx\/noti\/tech\/ocho-dispositivos-que-te-echan-un-cable-con-la-factura-de-la-luz\/","title":{"rendered":"Ocho dispositivos que te echan un cable con la factura de la luz"},"content":{"rendered":"<p>La humanidad podr\u00eda vivir gracias al astro rey, pero a la mayor\u00eda le falta entender la letra peque\u00f1a y armarse con la tecnolog\u00eda b\u00e1sica. Del inversor de corriente a la placa solar, estos dispositivos invitan a conseguir un hogar m\u00e1s verde y menos caro.<!--more--><\/p>\n<ul class=\"en_contenido\">\n<li><strong>El enchufe inteligente<\/strong>:<span>\u00a0<\/span><a href=\"http:\/\/www.belkin.com\/\" target=\"_blank\" rel=\"noopener\">Belkin Wemo<\/a><\/li>\n<\/ul>\n<section class=\"sumario_foto derecha\" id=\"sumario_1|foto\"><a name=\"sumario_1\"><\/a><\/p>\n<div class=\"sumario__interior\">\n<figure class=\"foto foto_w360\" itemprop=\"image\" itemscope=\"\" itemtype=\"http:\/\/schema.org\/ImageObject\"><img loading=\"lazy\" decoding=\"async\" itemprop=\"url\" src=\"https:\/\/rt00.epimg.net\/retina\/imagenes\/2019\/04\/09\/innovacion\/1554815504_388698_1554815958_sumario_normal.jpg\" width=\"360\" height=\"434\" alt=\"Ocho dispositivos que te echan un cable con la factura de la luz\" srcset=\" \/\/rt00.epimg.net\/retina\/imagenes\/2019\/04\/09\/innovacion\/1554815504_388698_1554815958_sumario_normal_recorte1.jpg 720w , \/\/rt00.epimg.net\/retina\/imagenes\/2019\/04\/09\/innovacion\/1554815504_388698_1554815958_sumario_normal.jpg 360w\" \/><\/figure>\n<div class=\"sumario-texto\"><\/div>\n<\/div>\n<\/section>\n<p>Este peque\u00f1o dispositivo totalmente domotizado y compatible v\u00eda app con dispositivos inteligentes Android e iOS enciende y apaga los electrodom\u00e9sticos desde cualquier lugar del mundo, gracias a su conexi\u00f3n inteligente a trav\u00e9s de Wi-Fi y 3G. Un aliado configurable y ampliable para que los aparatos funcionen solo cuando deben funcionar. 49,99 \u20ac<\/p>\n<ul class=\"en_contenido\">\n<li><strong>Un gestor de consumos<\/strong>:<span>\u00a0<\/span><a href=\"http:\/\/www.smappee.com\/\" target=\"_blank\" rel=\"noopener\">Smappee<\/a><\/li>\n<\/ul>\n<section class=\"sumario_foto derecha\" id=\"sumario_2|foto\"><a name=\"sumario_2\"><\/a><\/p>\n<div class=\"sumario__interior\">\n<figure class=\"foto foto_w360\" itemprop=\"image\" itemscope=\"\" itemtype=\"http:\/\/schema.org\/ImageObject\"><img loading=\"lazy\" decoding=\"async\" itemprop=\"url\" src=\"https:\/\/rt00.epimg.net\/retina\/imagenes\/2019\/04\/09\/innovacion\/1554815504_388698_1554816730_sumario_normal.jpg\" width=\"360\" height=\"409\" alt=\"Ocho dispositivos que te echan un cable con la factura de la luz\" srcset=\" \/\/rt00.epimg.net\/retina\/imagenes\/2019\/04\/09\/innovacion\/1554815504_388698_1554816730_sumario_normal_recorte1.jpg 720w, \/\/rt00.epimg.net\/retina\/imagenes\/2019\/04\/09\/innovacion\/1554815504_388698_1554816630_sumario_normal_recorte2.jpg 720w , \/\/rt00.epimg.net\/retina\/imagenes\/2019\/04\/09\/innovacion\/1554815504_388698_1554816730_sumario_normal.jpg 360w\" \/><\/figure>\n<div class=\"sumario-texto\"><\/div>\n<\/div>\n<\/section>\n<p>Una startup gallega acaba de parir este dispositivo que nace para gestionar de manera eficiente los consumos el\u00e9ctricos del hogar. Conectado al cuadro el\u00e9ctrico del hogar, Smappee detecta autom\u00e1ticamente cu\u00e1les de nuestros electrodom\u00e9sticos est\u00e1n consumiendo m\u00e1s energ\u00eda, distinguiendo entre consumo instant\u00e1neo y consumo fantasma. Los datos generados, enviados al smartphone de manera inal\u00e1mbrica, proponen tablas y notificaciones de la huella el\u00e9ctrica del hogar para un consumo ultraeficiente. 235 \u20ac<\/p>\n<ul class=\"en_contenido\">\n<li><strong>Un granero el\u00e9ctrico<\/strong>:<span>\u00a0<\/span><a href=\"http:\/\/www.tesla.com\/\" target=\"_blank\" rel=\"noopener\">Tesla Powerwall 2<\/a><\/li>\n<\/ul>\n<section class=\"sumario_foto derecha\" id=\"sumario_3|foto\"><a name=\"sumario_3\"><\/a><\/p>\n<div class=\"sumario__interior\">\n<figure class=\"foto foto_w360\" itemprop=\"image\" itemscope=\"\" itemtype=\"http:\/\/schema.org\/ImageObject\"><img loading=\"lazy\" decoding=\"async\" itemprop=\"url\" src=\"https:\/\/rt00.epimg.net\/retina\/imagenes\/2019\/04\/09\/innovacion\/1554815504_388698_1554817034_sumario_normal.jpg\" width=\"360\" height=\"416\" alt=\"Ocho dispositivos que te echan un cable con la factura de la luz\" srcset=\" \/\/rt00.epimg.net\/retina\/imagenes\/2019\/04\/09\/innovacion\/1554815504_388698_1554817034_sumario_normal_recorte1.jpg 720w, \/\/rt00.epimg.net\/retina\/imagenes\/2019\/04\/09\/innovacion\/1554815504_388698_1554816984_sumario_normal_recorte2.jpg 720w , \/\/rt00.epimg.net\/retina\/imagenes\/2019\/04\/09\/innovacion\/1554815504_388698_1554817034_sumario_normal.jpg 360w\" \/><\/figure>\n<div class=\"sumario-texto\"><\/div>\n<\/div>\n<\/section>\n<p>Con las bater\u00edas Tesla Powerwall, el visionario Elon Musk asegura poder \u201ccambiar la energ\u00eda en el mundo\u201d y ser uno de los agentes de transformaci\u00f3n del futuro solar. Fabricadas con iones de litio, como las de los tel\u00e9fonos m\u00f3viles, la segunda generaci\u00f3n de estas bater\u00edas es capaz de almacenar hasta 13,5 kilovatios por hora, con lo que acerca la energ\u00eda limpia a todo el planeta y consigue hacer rentable cualquier instalaci\u00f3n aut\u00f3noma, en combinaci\u00f3n con unas placas solares y un inversor de corriente. Compacto y aut\u00f3nomo, este sistema automatizado incluye inversor de corriente, se instala de manera simple y no requiere mantenimiento. 7.000 \u20ac<\/p>\n<ul class=\"en_contenido\">\n<li><strong>La luz inteligente<\/strong>:<span>\u00a0<\/span><a href=\"http:\/\/www.philips.es\/\" target=\"_blank\" rel=\"noopener\">Philips Hue Ambiance<\/a><\/li>\n<\/ul>\n<section class=\"sumario_foto derecha\" id=\"sumario_4|foto\"><a name=\"sumario_4\"><\/a><\/p>\n<div class=\"sumario__interior\">\n<figure class=\"foto foto_w360\" itemprop=\"image\" itemscope=\"\" itemtype=\"http:\/\/schema.org\/ImageObject\"><img loading=\"lazy\" decoding=\"async\" itemprop=\"url\" src=\"https:\/\/rt00.epimg.net\/retina\/imagenes\/2019\/04\/09\/innovacion\/1554815504_388698_1554817125_sumario_normal.jpg\" width=\"360\" height=\"702\" alt=\"Ocho dispositivos que te echan un cable con la factura de la luz\" srcset=\" \/\/rt00.epimg.net\/retina\/imagenes\/2019\/04\/09\/innovacion\/1554815504_388698_1554817125_sumario_normal_recorte1.jpg 720w , \/\/rt00.epimg.net\/retina\/imagenes\/2019\/04\/09\/innovacion\/1554815504_388698_1554817125_sumario_normal.jpg 360w\" \/><\/figure>\n<div class=\"sumario-texto\"><\/div>\n<\/div>\n<\/section>\n<p>Este sistema de bombillas y tiras Led inteligentes permite mejorar la luz dom\u00e9stica con una iluminaci\u00f3n controlada desde el smartphone o el regulador Hue de Philips. Gracias a una variedad de luces blancas c\u00e1lidas y fr\u00edas, este sistema de luces ultraeficientes es completamente regulable y facilita la iluminaci\u00f3n seg\u00fan las actividades y el estado de \u00e1nimo del usuario, como en el despertar y en la relajaci\u00f3n, favoreciendo la concentraci\u00f3n y aportando energ\u00eda. 140 \u20ac<\/p>\n<ul class=\"en_contenido\">\n<li><strong>Piel de luz a doble cara<\/strong>:<span>\u00a0<\/span><a href=\"http:\/\/www.lg.com\/es\" target=\"_blank\" rel=\"noopener\">Paneles LG Neon 2 Bifacial<\/a><\/li>\n<\/ul>\n<section class=\"sumario_foto derecha\" id=\"sumario_5|foto\"><a name=\"sumario_5\"><\/a><\/p>\n<div class=\"sumario__interior\">\n<figure class=\"foto foto_w360\" itemprop=\"image\" itemscope=\"\" itemtype=\"http:\/\/schema.org\/ImageObject\"><img loading=\"lazy\" decoding=\"async\" itemprop=\"url\" src=\"https:\/\/rt00.epimg.net\/retina\/imagenes\/2019\/04\/09\/innovacion\/1554815504_388698_1554817243_sumario_normal.jpg\" width=\"360\" height=\"334\" alt=\"Ocho dispositivos que te echan un cable con la factura de la luz\" srcset=\" \/\/rt00.epimg.net\/retina\/imagenes\/2019\/04\/09\/innovacion\/1554815504_388698_1554817243_sumario_normal_recorte1.jpg 720w, \/\/rt00.epimg.net\/retina\/imagenes\/2019\/04\/09\/innovacion\/1554815504_388698_1554817226_sumario_normal_recorte2.jpg 720w , \/\/rt00.epimg.net\/retina\/imagenes\/2019\/04\/09\/innovacion\/1554815504_388698_1554817243_sumario_normal.jpg 360w\" \/><\/figure>\n<div class=\"sumario-texto\"><\/div>\n<\/div>\n<\/section>\n<p>La \u00faltima gama de paneles solares del gigante coreano presume de generaci\u00f3n de alta potencia al mantener el m\u00e1ximo rendimiento en d\u00edas calurosos y soleados utilizando un coeficiente de temperatura mejorado, que permite una mejor absorci\u00f3n de la luz a la vez que reduce las p\u00e9rdidas el\u00e9ctricas. Estos paneles de 390W absorben energ\u00eda solar tambi\u00e9n en su cara interna gracias a una l\u00e1mina transparente, lo que multiplica su capacidad de generaci\u00f3n de energ\u00eda. Son capaces de generar hasta un 30% m\u00e1s de energ\u00eda. (c. p. v.)<\/p>\n<ul class=\"en_contenido\">\n<li><strong>La piedra de Rosetta de la luz<\/strong>:<span>\u00a0<\/span><a href=\"http:\/\/www.victronenergy.com.es\/\" target=\"_blank\" rel=\"noopener\">Inversor Victron Multiplus<\/a><\/li>\n<\/ul>\n<section class=\"sumario_foto derecha\" id=\"sumario_6|foto\"><a name=\"sumario_6\"><\/a><\/p>\n<div class=\"sumario__interior\">\n<figure class=\"foto foto_w360\" itemprop=\"image\" itemscope=\"\" itemtype=\"http:\/\/schema.org\/ImageObject\"><img loading=\"lazy\" decoding=\"async\" itemprop=\"url\" src=\"https:\/\/rt00.epimg.net\/retina\/imagenes\/2019\/04\/09\/innovacion\/1554815504_388698_1554817321_sumario_normal.jpg\" width=\"360\" height=\"533\" alt=\"Ocho dispositivos que te echan un cable con la factura de la luz\" srcset=\" \/\/rt00.epimg.net\/retina\/imagenes\/2019\/04\/09\/innovacion\/1554815504_388698_1554817321_sumario_normal_recorte1.jpg 720w , \/\/rt00.epimg.net\/retina\/imagenes\/2019\/04\/09\/innovacion\/1554815504_388698_1554817321_sumario_normal.jpg 360w\" \/><\/figure>\n<div class=\"sumario-texto\"><\/div>\n<\/div>\n<\/section>\n<p>Los sistemas solares, placas y bater\u00edas toman y almacenan la luz del sol cruda a 12 o 24 voltios, que deben ser transformados a 220 vatios para poder ser compatibles con la mayor\u00eda de los dispositivos dom\u00e9sticos. Esta transformaci\u00f3n la realiza un inversor de corriente. Los m\u00e1s sofisticados, de onda pura, convierten la se\u00f1al sin ruidos ni saltos de tensi\u00f3n, como este de Victron de 700W, ideal para suministrar corriente a un hogar aislado. 750 \u20ac<\/p>\n<ul class=\"en_contenido\">\n<li><strong>Agua solar<\/strong>:<span>\u00a0<\/span><a href=\"http:\/\/www.junkers.es\/\" target=\"_blank\" rel=\"noopener\">Junker Essence 150<\/a><\/li>\n<\/ul>\n<section class=\"sumario_foto derecha\" id=\"sumario_7|foto\"><a name=\"sumario_7\"><\/a><\/p>\n<div class=\"sumario__interior\">\n<figure class=\"foto foto_w360\" itemprop=\"image\" itemscope=\"\" itemtype=\"http:\/\/schema.org\/ImageObject\"><img loading=\"lazy\" decoding=\"async\" itemprop=\"url\" src=\"https:\/\/rt00.epimg.net\/retina\/imagenes\/2019\/04\/09\/innovacion\/1554815504_388698_1554817412_sumario_normal.jpg\" width=\"360\" height=\"434\" alt=\"Ocho dispositivos que te echan un cable con la factura de la luz\" srcset=\" \/\/rt00.epimg.net\/retina\/imagenes\/2019\/04\/09\/innovacion\/1554815504_388698_1554817412_sumario_normal_recorte1.jpg 720w , \/\/rt00.epimg.net\/retina\/imagenes\/2019\/04\/09\/innovacion\/1554815504_388698_1554817412_sumario_normal.jpg 360w\" \/><\/figure>\n<div class=\"sumario-texto\"><\/div>\n<\/div>\n<\/section>\n<p>El sol tambi\u00e9n nos regala agua caliente gratuita si sabemos contar con la tecnolog\u00eda adecuada, como este calentador solar por termosif\u00f3n. Los catadores expuestos al sol calientan el agua que, seg\u00fan alcanza temperatura, se almacena autom\u00e1ticamente en el dep\u00f3sito de 150 litros. Una bendici\u00f3n solar libre de facturas y de consumo de energ\u00edas f\u00f3siles para generar agua caliente. 1.345 \u20ac<\/p>\n<ul class=\"en_contenido\">\n<li><strong>Clima inteligente<\/strong>:<span>\u00a0<\/span><a href=\"http:\/\/www.nest.com\/\" target=\"_blank\" rel=\"noopener\">Nest Learning Thermostat<\/a><\/li>\n<\/ul>\n<section class=\"sumario_foto derecha\" id=\"sumario_8|foto\"><a name=\"sumario_8\"><\/a><\/p>\n<div class=\"sumario__interior\">\n<figure class=\"foto foto_w360\" itemprop=\"image\" itemscope=\"\" itemtype=\"http:\/\/schema.org\/ImageObject\"><img loading=\"lazy\" decoding=\"async\" itemprop=\"url\" src=\"https:\/\/rt00.epimg.net\/retina\/imagenes\/2019\/04\/09\/innovacion\/1554815504_388698_1554817512_sumario_normal.jpg\" width=\"360\" height=\"499\" alt=\"Ocho dispositivos que te echan un cable con la factura de la luz\" srcset=\" \/\/rt00.epimg.net\/retina\/imagenes\/2019\/04\/09\/innovacion\/1554815504_388698_1554817512_sumario_normal_recorte1.jpg 720w, \/\/rt00.epimg.net\/retina\/imagenes\/2019\/04\/09\/innovacion\/1554815504_388698_1554817461_sumario_normal_recorte2.jpg 720w , \/\/rt00.epimg.net\/retina\/imagenes\/2019\/04\/09\/innovacion\/1554815504_388698_1554817512_sumario_normal.jpg 360w\" \/><\/figure>\n<div class=\"sumario-texto\"><\/div>\n<\/div>\n<\/section>\n<p>Esta empresa subsidiaria de Google se ha marcado como objetivo el domotizar nuestros hogares a partir de dispositivos que armonicen en uno tel\u00e9fonos inteligentes, PC, tabletas con termostatos inteligentes, videovigilancia o cerraduras. Su termostato inteligente y autoprogramable, que ya va por la tercera generaci\u00f3n, aprende del usuario y se maneja a trav\u00e9s de un smartphone. 249 \u20ac<\/p>\n<p><strong>Fuente: Retina El Pais<\/strong><\/p>\n","protected":false},"excerpt":{"rendered":"<p>La humanidad podr\u00eda vivir gracias al astro rey, pero a la mayor\u00eda le falta entender la letra peque\u00f1a y armarse con la tecnolog\u00eda b\u00e1sica. Del inversor de corriente a la placa solar, estos dispositivos invitan a conseguir un hogar m\u00e1s verde y menos caro.<\/p>\n","protected":false},"author":1,"featured_media":15233,"comment_status":"open","ping_status":"open","sticky":false,"template":"","format":"standard","meta":{"footnotes":""},"categories":[3],"tags":[],"class_list":["post-15232","post","type-post","status-publish","format-standard","has-post-thumbnail","hentry","category-tech"],"yoast_head":"<!-- This site is optimized with the Yoast SEO plugin v26.7 - https:\/\/yoast.com\/wordpress\/plugins\/seo\/ -->\n<title>Ocho dispositivos que te echan un cable con la factura de la luz - Observatorio Tecnol\u00f3gico de Hidalgo<\/title>\n<meta name=\"robots\" content=\"index, follow, max-snippet:-1, max-image-preview:large, max-video-preview:-1\" \/>\n<link rel=\"canonical\" href=\"https:\/\/otech.uaeh.edu.mx\/noti\/tech\/ocho-dispositivos-que-te-echan-un-cable-con-la-factura-de-la-luz\/\" \/>\n<meta property=\"og:locale\" content=\"en_US\" \/>\n<meta property=\"og:type\" content=\"article\" \/>\n<meta property=\"og:title\" content=\"Ocho dispositivos que te echan un cable con la factura de la luz - Observatorio Tecnol\u00f3gico de Hidalgo\" \/>\n<meta property=\"og:description\" content=\"La humanidad podr\u00eda vivir gracias al astro rey, pero a la mayor\u00eda le falta entender la letra peque\u00f1a y armarse con la tecnolog\u00eda b\u00e1sica. Del inversor de corriente a la placa solar, estos dispositivos invitan a conseguir un hogar m\u00e1s verde y menos caro.\" \/>\n<meta property=\"og:url\" content=\"https:\/\/otech.uaeh.edu.mx\/noti\/tech\/ocho-dispositivos-que-te-echan-un-cable-con-la-factura-de-la-luz\/\" \/>\n<meta property=\"og:site_name\" content=\"Observatorio Tecnol\u00f3gico de Hidalgo\" \/>\n<meta property=\"article:publisher\" content=\"https:\/\/www.facebook.com\/observatoriouaeh\" \/>\n<meta property=\"article:published_time\" content=\"2019-04-16T15:01:53+00:00\" \/>\n<meta property=\"article:modified_time\" content=\"2019-04-16T15:02:02+00:00\" \/>\n<meta property=\"og:image\" content=\"https:\/\/otech.uaeh.edu.mx\/noti\/wp-content\/uploads\/2019\/04\/Notic.4-9.jpg\" \/>\n\t<meta property=\"og:image:width\" content=\"600\" \/>\n\t<meta property=\"og:image:height\" content=\"350\" \/>\n\t<meta property=\"og:image:type\" content=\"image\/jpeg\" \/>\n<meta name=\"author\" content=\"admin\" \/>\n<meta name=\"twitter:card\" content=\"summary_large_image\" \/>\n<meta name=\"twitter:creator\" content=\"@OBSERVATORIOEH\" \/>\n<meta name=\"twitter:site\" content=\"@OBSERVATORIOEH\" \/>\n<meta name=\"twitter:label1\" content=\"Written by\" \/>\n\t<meta name=\"twitter:data1\" content=\"admin\" \/>\n\t<meta name=\"twitter:label2\" content=\"Est. reading time\" \/>\n\t<meta name=\"twitter:data2\" content=\"4 minutes\" \/>\n<script type=\"application\/ld+json\" class=\"yoast-schema-graph\">{\"@context\":\"https:\/\/schema.org\",\"@graph\":[{\"@type\":\"Article\",\"@id\":\"https:\/\/otech.uaeh.edu.mx\/noti\/tech\/ocho-dispositivos-que-te-echan-un-cable-con-la-factura-de-la-luz\/#article\",\"isPartOf\":{\"@id\":\"https:\/\/otech.uaeh.edu.mx\/noti\/tech\/ocho-dispositivos-que-te-echan-un-cable-con-la-factura-de-la-luz\/\"},\"author\":{\"name\":\"admin\",\"@id\":\"https:\/\/otech.uaeh.edu.mx\/noti\/#\/schema\/person\/95263d004158ffabcd98137e1d0abc1c\"},\"headline\":\"Ocho dispositivos que te echan un cable con la factura de la luz\",\"datePublished\":\"2019-04-16T15:01:53+00:00\",\"dateModified\":\"2019-04-16T15:02:02+00:00\",\"mainEntityOfPage\":{\"@id\":\"https:\/\/otech.uaeh.edu.mx\/noti\/tech\/ocho-dispositivos-que-te-echan-un-cable-con-la-factura-de-la-luz\/\"},\"wordCount\":745,\"commentCount\":0,\"publisher\":{\"@id\":\"https:\/\/otech.uaeh.edu.mx\/noti\/#organization\"},\"image\":{\"@id\":\"https:\/\/otech.uaeh.edu.mx\/noti\/tech\/ocho-dispositivos-que-te-echan-un-cable-con-la-factura-de-la-luz\/#primaryimage\"},\"thumbnailUrl\":\"https:\/\/otech.uaeh.edu.mx\/noti\/wp-content\/uploads\/2019\/04\/Notic.4-9.jpg\",\"articleSection\":[\"Tecnolog\u00eda\"],\"inLanguage\":\"en-US\",\"potentialAction\":[{\"@type\":\"CommentAction\",\"name\":\"Comment\",\"target\":[\"https:\/\/otech.uaeh.edu.mx\/noti\/tech\/ocho-dispositivos-que-te-echan-un-cable-con-la-factura-de-la-luz\/#respond\"]}]},{\"@type\":\"WebPage\",\"@id\":\"https:\/\/otech.uaeh.edu.mx\/noti\/tech\/ocho-dispositivos-que-te-echan-un-cable-con-la-factura-de-la-luz\/\",\"url\":\"https:\/\/otech.uaeh.edu.mx\/noti\/tech\/ocho-dispositivos-que-te-echan-un-cable-con-la-factura-de-la-luz\/\",\"name\":\"Ocho dispositivos que te echan un cable con la factura de la luz - Observatorio Tecnol\u00f3gico de Hidalgo\",\"isPartOf\":{\"@id\":\"https:\/\/otech.uaeh.edu.mx\/noti\/#website\"},\"primaryImageOfPage\":{\"@id\":\"https:\/\/otech.uaeh.edu.mx\/noti\/tech\/ocho-dispositivos-que-te-echan-un-cable-con-la-factura-de-la-luz\/#primaryimage\"},\"image\":{\"@id\":\"https:\/\/otech.uaeh.edu.mx\/noti\/tech\/ocho-dispositivos-que-te-echan-un-cable-con-la-factura-de-la-luz\/#primaryimage\"},\"thumbnailUrl\":\"https:\/\/otech.uaeh.edu.mx\/noti\/wp-content\/uploads\/2019\/04\/Notic.4-9.jpg\",\"datePublished\":\"2019-04-16T15:01:53+00:00\",\"dateModified\":\"2019-04-16T15:02:02+00:00\",\"breadcrumb\":{\"@id\":\"https:\/\/otech.uaeh.edu.mx\/noti\/tech\/ocho-dispositivos-que-te-echan-un-cable-con-la-factura-de-la-luz\/#breadcrumb\"},\"inLanguage\":\"en-US\",\"potentialAction\":[{\"@type\":\"ReadAction\",\"target\":[\"https:\/\/otech.uaeh.edu.mx\/noti\/tech\/ocho-dispositivos-que-te-echan-un-cable-con-la-factura-de-la-luz\/\"]}]},{\"@type\":\"ImageObject\",\"inLanguage\":\"en-US\",\"@id\":\"https:\/\/otech.uaeh.edu.mx\/noti\/tech\/ocho-dispositivos-que-te-echan-un-cable-con-la-factura-de-la-luz\/#primaryimage\",\"url\":\"https:\/\/otech.uaeh.edu.mx\/noti\/wp-content\/uploads\/2019\/04\/Notic.4-9.jpg\",\"contentUrl\":\"https:\/\/otech.uaeh.edu.mx\/noti\/wp-content\/uploads\/2019\/04\/Notic.4-9.jpg\",\"width\":600,\"height\":350},{\"@type\":\"BreadcrumbList\",\"@id\":\"https:\/\/otech.uaeh.edu.mx\/noti\/tech\/ocho-dispositivos-que-te-echan-un-cable-con-la-factura-de-la-luz\/#breadcrumb\",\"itemListElement\":[{\"@type\":\"ListItem\",\"position\":1,\"name\":\"Inicio\",\"item\":\"https:\/\/otech.uaeh.edu.mx\/noti\/\"},{\"@type\":\"ListItem\",\"position\":2,\"name\":\"Ocho dispositivos que te echan un cable con la factura de la luz\"}]},{\"@type\":\"WebSite\",\"@id\":\"https:\/\/otech.uaeh.edu.mx\/noti\/#website\",\"url\":\"https:\/\/otech.uaeh.edu.mx\/noti\/\",\"name\":\"Observatorio Tecnol\u00f3gico de Hidalgo\",\"description\":\"\",\"publisher\":{\"@id\":\"https:\/\/otech.uaeh.edu.mx\/noti\/#organization\"},\"potentialAction\":[{\"@type\":\"SearchAction\",\"target\":{\"@type\":\"EntryPoint\",\"urlTemplate\":\"https:\/\/otech.uaeh.edu.mx\/noti\/?s={search_term_string}\"},\"query-input\":{\"@type\":\"PropertyValueSpecification\",\"valueRequired\":true,\"valueName\":\"search_term_string\"}}],\"inLanguage\":\"en-US\"},{\"@type\":\"Organization\",\"@id\":\"https:\/\/otech.uaeh.edu.mx\/noti\/#organization\",\"name\":\"Observatorio Tecnol\u00f3gico de Hidalgo\",\"url\":\"https:\/\/otech.uaeh.edu.mx\/noti\/\",\"logo\":{\"@type\":\"ImageObject\",\"inLanguage\":\"en-US\",\"@id\":\"https:\/\/otech.uaeh.edu.mx\/noti\/#\/schema\/logo\/image\/\",\"url\":\"https:\/\/otech.uaeh.edu.mx\/noti\/wp-content\/uploads\/2025\/11\/Logo-circulo.png\",\"contentUrl\":\"https:\/\/otech.uaeh.edu.mx\/noti\/wp-content\/uploads\/2025\/11\/Logo-circulo.png\",\"width\":250,\"height\":250,\"caption\":\"Observatorio Tecnol\u00f3gico de Hidalgo\"},\"image\":{\"@id\":\"https:\/\/otech.uaeh.edu.mx\/noti\/#\/schema\/logo\/image\/\"},\"sameAs\":[\"https:\/\/www.facebook.com\/observatoriouaeh\",\"https:\/\/x.com\/OBSERVATORIOEH\"]},{\"@type\":\"Person\",\"@id\":\"https:\/\/otech.uaeh.edu.mx\/noti\/#\/schema\/person\/95263d004158ffabcd98137e1d0abc1c\",\"name\":\"admin\",\"image\":{\"@type\":\"ImageObject\",\"inLanguage\":\"en-US\",\"@id\":\"https:\/\/otech.uaeh.edu.mx\/noti\/#\/schema\/person\/image\/\",\"url\":\"https:\/\/secure.gravatar.com\/avatar\/08dd17208ee6a9e87c5a01c0a5f4c96c8ed24bf05e625630929b5b6a7c1ffa5f?s=96&d=mm&r=g\",\"contentUrl\":\"https:\/\/secure.gravatar.com\/avatar\/08dd17208ee6a9e87c5a01c0a5f4c96c8ed24bf05e625630929b5b6a7c1ffa5f?s=96&d=mm&r=g\",\"caption\":\"admin\"},\"url\":\"https:\/\/otech.uaeh.edu.mx\/noti\/author\/admin\/\"}]}<\/script>\n<!-- \/ Yoast SEO plugin. -->","yoast_head_json":{"title":"Ocho dispositivos que te echan un cable con la factura de la luz - Observatorio Tecnol\u00f3gico de Hidalgo","robots":{"index":"index","follow":"follow","max-snippet":"max-snippet:-1","max-image-preview":"max-image-preview:large","max-video-preview":"max-video-preview:-1"},"canonical":"https:\/\/otech.uaeh.edu.mx\/noti\/tech\/ocho-dispositivos-que-te-echan-un-cable-con-la-factura-de-la-luz\/","og_locale":"en_US","og_type":"article","og_title":"Ocho dispositivos que te echan un cable con la factura de la luz - Observatorio Tecnol\u00f3gico de Hidalgo","og_description":"La humanidad podr\u00eda vivir gracias al astro rey, pero a la mayor\u00eda le falta entender la letra peque\u00f1a y armarse con la tecnolog\u00eda b\u00e1sica. Del inversor de corriente a la placa solar, estos dispositivos invitan a conseguir un hogar m\u00e1s verde y menos caro.","og_url":"https:\/\/otech.uaeh.edu.mx\/noti\/tech\/ocho-dispositivos-que-te-echan-un-cable-con-la-factura-de-la-luz\/","og_site_name":"Observatorio Tecnol\u00f3gico de Hidalgo","article_publisher":"https:\/\/www.facebook.com\/observatoriouaeh","article_published_time":"2019-04-16T15:01:53+00:00","article_modified_time":"2019-04-16T15:02:02+00:00","og_image":[{"width":600,"height":350,"url":"https:\/\/otech.uaeh.edu.mx\/noti\/wp-content\/uploads\/2019\/04\/Notic.4-9.jpg","type":"image\/jpeg"}],"author":"admin","twitter_card":"summary_large_image","twitter_creator":"@OBSERVATORIOEH","twitter_site":"@OBSERVATORIOEH","twitter_misc":{"Written by":"admin","Est. reading time":"4 minutes"},"schema":{"@context":"https:\/\/schema.org","@graph":[{"@type":"Article","@id":"https:\/\/otech.uaeh.edu.mx\/noti\/tech\/ocho-dispositivos-que-te-echan-un-cable-con-la-factura-de-la-luz\/#article","isPartOf":{"@id":"https:\/\/otech.uaeh.edu.mx\/noti\/tech\/ocho-dispositivos-que-te-echan-un-cable-con-la-factura-de-la-luz\/"},"author":{"name":"admin","@id":"https:\/\/otech.uaeh.edu.mx\/noti\/#\/schema\/person\/95263d004158ffabcd98137e1d0abc1c"},"headline":"Ocho dispositivos que te echan un cable con la factura de la luz","datePublished":"2019-04-16T15:01:53+00:00","dateModified":"2019-04-16T15:02:02+00:00","mainEntityOfPage":{"@id":"https:\/\/otech.uaeh.edu.mx\/noti\/tech\/ocho-dispositivos-que-te-echan-un-cable-con-la-factura-de-la-luz\/"},"wordCount":745,"commentCount":0,"publisher":{"@id":"https:\/\/otech.uaeh.edu.mx\/noti\/#organization"},"image":{"@id":"https:\/\/otech.uaeh.edu.mx\/noti\/tech\/ocho-dispositivos-que-te-echan-un-cable-con-la-factura-de-la-luz\/#primaryimage"},"thumbnailUrl":"https:\/\/otech.uaeh.edu.mx\/noti\/wp-content\/uploads\/2019\/04\/Notic.4-9.jpg","articleSection":["Tecnolog\u00eda"],"inLanguage":"en-US","potentialAction":[{"@type":"CommentAction","name":"Comment","target":["https:\/\/otech.uaeh.edu.mx\/noti\/tech\/ocho-dispositivos-que-te-echan-un-cable-con-la-factura-de-la-luz\/#respond"]}]},{"@type":"WebPage","@id":"https:\/\/otech.uaeh.edu.mx\/noti\/tech\/ocho-dispositivos-que-te-echan-un-cable-con-la-factura-de-la-luz\/","url":"https:\/\/otech.uaeh.edu.mx\/noti\/tech\/ocho-dispositivos-que-te-echan-un-cable-con-la-factura-de-la-luz\/","name":"Ocho dispositivos que te echan un cable con la factura de la luz - Observatorio Tecnol\u00f3gico de Hidalgo","isPartOf":{"@id":"https:\/\/otech.uaeh.edu.mx\/noti\/#website"},"primaryImageOfPage":{"@id":"https:\/\/otech.uaeh.edu.mx\/noti\/tech\/ocho-dispositivos-que-te-echan-un-cable-con-la-factura-de-la-luz\/#primaryimage"},"image":{"@id":"https:\/\/otech.uaeh.edu.mx\/noti\/tech\/ocho-dispositivos-que-te-echan-un-cable-con-la-factura-de-la-luz\/#primaryimage"},"thumbnailUrl":"https:\/\/otech.uaeh.edu.mx\/noti\/wp-content\/uploads\/2019\/04\/Notic.4-9.jpg","datePublished":"2019-04-16T15:01:53+00:00","dateModified":"2019-04-16T15:02:02+00:00","breadcrumb":{"@id":"https:\/\/otech.uaeh.edu.mx\/noti\/tech\/ocho-dispositivos-que-te-echan-un-cable-con-la-factura-de-la-luz\/#breadcrumb"},"inLanguage":"en-US","potentialAction":[{"@type":"ReadAction","target":["https:\/\/otech.uaeh.edu.mx\/noti\/tech\/ocho-dispositivos-que-te-echan-un-cable-con-la-factura-de-la-luz\/"]}]},{"@type":"ImageObject","inLanguage":"en-US","@id":"https:\/\/otech.uaeh.edu.mx\/noti\/tech\/ocho-dispositivos-que-te-echan-un-cable-con-la-factura-de-la-luz\/#primaryimage","url":"https:\/\/otech.uaeh.edu.mx\/noti\/wp-content\/uploads\/2019\/04\/Notic.4-9.jpg","contentUrl":"https:\/\/otech.uaeh.edu.mx\/noti\/wp-content\/uploads\/2019\/04\/Notic.4-9.jpg","width":600,"height":350},{"@type":"BreadcrumbList","@id":"https:\/\/otech.uaeh.edu.mx\/noti\/tech\/ocho-dispositivos-que-te-echan-un-cable-con-la-factura-de-la-luz\/#breadcrumb","itemListElement":[{"@type":"ListItem","position":1,"name":"Inicio","item":"https:\/\/otech.uaeh.edu.mx\/noti\/"},{"@type":"ListItem","position":2,"name":"Ocho dispositivos que te echan un cable con la factura de la luz"}]},{"@type":"WebSite","@id":"https:\/\/otech.uaeh.edu.mx\/noti\/#website","url":"https:\/\/otech.uaeh.edu.mx\/noti\/","name":"Observatorio Tecnol\u00f3gico de Hidalgo","description":"","publisher":{"@id":"https:\/\/otech.uaeh.edu.mx\/noti\/#organization"},"potentialAction":[{"@type":"SearchAction","target":{"@type":"EntryPoint","urlTemplate":"https:\/\/otech.uaeh.edu.mx\/noti\/?s={search_term_string}"},"query-input":{"@type":"PropertyValueSpecification","valueRequired":true,"valueName":"search_term_string"}}],"inLanguage":"en-US"},{"@type":"Organization","@id":"https:\/\/otech.uaeh.edu.mx\/noti\/#organization","name":"Observatorio Tecnol\u00f3gico de Hidalgo","url":"https:\/\/otech.uaeh.edu.mx\/noti\/","logo":{"@type":"ImageObject","inLanguage":"en-US","@id":"https:\/\/otech.uaeh.edu.mx\/noti\/#\/schema\/logo\/image\/","url":"https:\/\/otech.uaeh.edu.mx\/noti\/wp-content\/uploads\/2025\/11\/Logo-circulo.png","contentUrl":"https:\/\/otech.uaeh.edu.mx\/noti\/wp-content\/uploads\/2025\/11\/Logo-circulo.png","width":250,"height":250,"caption":"Observatorio Tecnol\u00f3gico de Hidalgo"},"image":{"@id":"https:\/\/otech.uaeh.edu.mx\/noti\/#\/schema\/logo\/image\/"},"sameAs":["https:\/\/www.facebook.com\/observatoriouaeh","https:\/\/x.com\/OBSERVATORIOEH"]},{"@type":"Person","@id":"https:\/\/otech.uaeh.edu.mx\/noti\/#\/schema\/person\/95263d004158ffabcd98137e1d0abc1c","name":"admin","image":{"@type":"ImageObject","inLanguage":"en-US","@id":"https:\/\/otech.uaeh.edu.mx\/noti\/#\/schema\/person\/image\/","url":"https:\/\/secure.gravatar.com\/avatar\/08dd17208ee6a9e87c5a01c0a5f4c96c8ed24bf05e625630929b5b6a7c1ffa5f?s=96&d=mm&r=g","contentUrl":"https:\/\/secure.gravatar.com\/avatar\/08dd17208ee6a9e87c5a01c0a5f4c96c8ed24bf05e625630929b5b6a7c1ffa5f?s=96&d=mm&r=g","caption":"admin"},"url":"https:\/\/otech.uaeh.edu.mx\/noti\/author\/admin\/"}]}},"_links":{"self":[{"href":"https:\/\/otech.uaeh.edu.mx\/noti\/wp-json\/wp\/v2\/posts\/15232","targetHints":{"allow":["GET"]}}],"collection":[{"href":"https:\/\/otech.uaeh.edu.mx\/noti\/wp-json\/wp\/v2\/posts"}],"about":[{"href":"https:\/\/otech.uaeh.edu.mx\/noti\/wp-json\/wp\/v2\/types\/post"}],"author":[{"embeddable":true,"href":"https:\/\/otech.uaeh.edu.mx\/noti\/wp-json\/wp\/v2\/users\/1"}],"replies":[{"embeddable":true,"href":"https:\/\/otech.uaeh.edu.mx\/noti\/wp-json\/wp\/v2\/comments?post=15232"}],"version-history":[{"count":1,"href":"https:\/\/otech.uaeh.edu.mx\/noti\/wp-json\/wp\/v2\/posts\/15232\/revisions"}],"predecessor-version":[{"id":15234,"href":"https:\/\/otech.uaeh.edu.mx\/noti\/wp-json\/wp\/v2\/posts\/15232\/revisions\/15234"}],"wp:featuredmedia":[{"embeddable":true,"href":"https:\/\/otech.uaeh.edu.mx\/noti\/wp-json\/wp\/v2\/media\/15233"}],"wp:attachment":[{"href":"https:\/\/otech.uaeh.edu.mx\/noti\/wp-json\/wp\/v2\/media?parent=15232"}],"wp:term":[{"taxonomy":"category","embeddable":true,"href":"https:\/\/otech.uaeh.edu.mx\/noti\/wp-json\/wp\/v2\/categories?post=15232"},{"taxonomy":"post_tag","embeddable":true,"href":"https:\/\/otech.uaeh.edu.mx\/noti\/wp-json\/wp\/v2\/tags?post=15232"}],"curies":[{"name":"wp","href":"https:\/\/api.w.org\/{rel}","templated":true}]}}