{"id":15242,"date":"2019-04-16T09:12:29","date_gmt":"2019-04-16T15:12:29","guid":{"rendered":"http:\/\/otech.uaeh.edu.mx\/noti\/?p=15242"},"modified":"2019-04-16T09:12:29","modified_gmt":"2019-04-16T15:12:29","slug":"el-carbon-es-ya-mas-caro-que-la-energia-eolica-y-fotovoltaica","status":"publish","type":"post","link":"https:\/\/otech.uaeh.edu.mx\/noti\/energias-alternas\/el-carbon-es-ya-mas-caro-que-la-energia-eolica-y-fotovoltaica\/","title":{"rendered":"El Carb\u00f3n es ya m\u00e1s caro que la energ\u00eda e\u00f3lica y fotovoltaica"},"content":{"rendered":"<p>Alrededor del 75% de la producci\u00f3n de electricidad generada con carb\u00f3n de los Estados Unidos es ahora m\u00e1s cara que la de las energ\u00edas renovables. Esta tendencia se est\u00e1 extendiendo por todo el mundo.<!--more--><\/p>\n<p>La<span>\u00a0<\/span>industria del carb\u00f3n de los EE.UU.<span>\u00a0<\/span>estar\u00e1 aislada del mercado energ\u00e9tico para el a\u00f1o 2025.<\/p>\n<p>Donde no han llegado las pol\u00edticas ambientales, ha llegado la econom\u00eda:<span>\u00a0<\/span><strong>el carb\u00f3n estadounidense ya no es capaz de resistir la competencia<\/strong><span>\u00a0<\/span>de las fuentes renovables y el gas natural.<\/p>\n<p>A pesar de las pol\u00edticas de apoyo puestas en marcha por el presidente Donald Trump, la industria est\u00e1 luchando por avanzar. Seg\u00fan un reciente informe de<span>\u00a0<\/span>Innovaci\u00f3n Energ\u00e9tica, hoy en d\u00eda cerca de<span>\u00a0<\/span><strong>tres cuartas partes de la generaci\u00f3n de energ\u00eda a partir de carb\u00f3n es m\u00e1s cara que la energ\u00eda e\u00f3lica y solar<\/strong><span>\u00a0<\/span>para los hogares estadounidenses. Y en la mayor\u00eda de los casos la diferencia es de hasta el 25%.<\/p>\n<blockquote class=\"wp-block-quote\"><p>Incluso sin cambios pol\u00edticos importantes, continuaremos viendo una r\u00e1pida retirada del carb\u00f3n. Nuestro an\u00e1lisis muestra que podemos movernos mucho m\u00e1s r\u00e1pido para reemplazarlo con energ\u00eda e\u00f3lica y solar. Para 2025, el panorama es a\u00fan m\u00e1s claro: casi todo el sistema de carb\u00f3n estadounidense estar\u00e1 en desventaja en comparaci\u00f3n con las nuevas energ\u00edas renovables, con altos riesgos financieros asociados a los gastos de explotaci\u00f3n.<\/p>\n<p><cite>Mike O\u2019Boyle, coautor del estudio.<\/cite><\/p><\/blockquote>\n<p>La raz\u00f3n de esta r\u00e1pida evoluci\u00f3n no debe buscarse \u00fanicamente en la mayor conveniencia tecnol\u00f3gica de la energ\u00eda e\u00f3lica, solar o del gas. El precio del carb\u00f3n ha aumentado constantemente en los \u00faltimos a\u00f1os.<\/p>\n<blockquote class=\"wp-block-quote\"><p>Esto se debe en parte a que estamos obligando a la industria del carb\u00f3n a pagar por sus costes reales, principalmente la contaminaci\u00f3n del aire, pero tambi\u00e9n la contaminaci\u00f3n de los recursos h\u00eddricos y otros factores que contribuyen a degradar el medio ambiente.<\/p>\n<p><cite>Justin Guay, director de estrategia clim\u00e1tica global de la Fundaci\u00f3n Sunrise en The Revelator.<\/cite><\/p><\/blockquote>\n<figure class=\"wp-block-image\"><img decoding=\"async\" src=\"https:\/\/ecoinventos.com\/wp-content\/uploads\/2019\/04\/Coal-Power-Plant-620x414.jpg\" alt=\"\" class=\"wp-image-74963\" srcset=\"https:\/\/ecoinventos.com\/wp-content\/uploads\/2019\/04\/Coal-Power-Plant-620x414.jpg 620w, https:\/\/ecoinventos.com\/wp-content\/uploads\/2019\/04\/Coal-Power-Plant-300x200.jpg 300w, https:\/\/ecoinventos.com\/wp-content\/uploads\/2019\/04\/Coal-Power-Plant-768x512.jpg 768w, https:\/\/ecoinventos.com\/wp-content\/uploads\/2019\/04\/Coal-Power-Plant.jpg 1000w\" sizes=\"(max-width: 620px) 100vw, 620px\" \/><figcaption>Coal Power Plant. Imagen: Jeff Zehnder<span>\u00a0<\/span><a href=\"https:\/\/www.shutterstock.com\/es\/image-photo\/coal-power-plant-large-pile-691138810\" target=\"_blank\" rel=\"noopener noreferrer\">Shutterstock<\/a><\/figcaption><\/figure>\n<p>La tendencia ha arraigado en todo el mundo, pero los expertos advierten que no ser\u00e1 tan f\u00e1cil deshacerse de este combustible f\u00f3sil. GlobalData prev\u00e9 aumentos anuales de la producci\u00f3n en la India, Indonesia y Australia del 10,9%, 3,9% y 2,3%, respectivamente. Esto a pesar de que el consumo mundial alcanz\u00f3 su punto m\u00e1ximo en 2014 y desde entonces ha ca\u00eddo marginalmente.<\/p>\n<p>Lo que es seguro es que si se observa el modelo global publicado por Carbon Tracker, el 42% de las centrales de carb\u00f3n existentes en el mundo son ahora deficitarias.<\/p>\n<blockquote class=\"wp-block-quote\"><p>Para 2030, el 56% de todas las centrales del mundo -China, India, en todas partes- tendr\u00e1n un flujo de caja negativo. Es bastante dif\u00edcil mantener la cuota de mercado o incluso crecer si eres m\u00e1s caro que tus competidores.<\/p><\/blockquote>\n<p><strong>Fuente: Ecoinventos<\/strong><\/p>\n","protected":false},"excerpt":{"rendered":"<p>Alrededor del 75% de la producci\u00f3n de electricidad generada con carb\u00f3n de los Estados Unidos es ahora m\u00e1s cara que la de las energ\u00edas renovables. Esta tendencia se est\u00e1 extendiendo por todo el mundo.<\/p>\n","protected":false},"author":1,"featured_media":15243,"comment_status":"open","ping_status":"open","sticky":false,"template":"","format":"standard","meta":{"footnotes":""},"categories":[82],"tags":[],"class_list":["post-15242","post","type-post","status-publish","format-standard","has-post-thumbnail","hentry","category-energias-alternas"],"yoast_head":"<!-- This site is optimized with the Yoast SEO plugin v26.7 - https:\/\/yoast.com\/wordpress\/plugins\/seo\/ -->\n<title>El Carb\u00f3n es ya m\u00e1s caro que la energ\u00eda e\u00f3lica y fotovoltaica - Observatorio Tecnol\u00f3gico de Hidalgo<\/title>\n<meta name=\"robots\" content=\"index, follow, max-snippet:-1, max-image-preview:large, max-video-preview:-1\" \/>\n<link rel=\"canonical\" href=\"https:\/\/otech.uaeh.edu.mx\/noti\/energias-alternas\/el-carbon-es-ya-mas-caro-que-la-energia-eolica-y-fotovoltaica\/\" \/>\n<meta property=\"og:locale\" content=\"en_US\" \/>\n<meta property=\"og:type\" content=\"article\" \/>\n<meta property=\"og:title\" content=\"El Carb\u00f3n es ya m\u00e1s caro que la energ\u00eda e\u00f3lica y fotovoltaica - Observatorio Tecnol\u00f3gico de Hidalgo\" \/>\n<meta property=\"og:description\" content=\"Alrededor del 75% de la producci\u00f3n de electricidad generada con carb\u00f3n de los Estados Unidos es ahora m\u00e1s cara que la de las energ\u00edas renovables. Esta tendencia se est\u00e1 extendiendo por todo el mundo.\" \/>\n<meta property=\"og:url\" content=\"https:\/\/otech.uaeh.edu.mx\/noti\/energias-alternas\/el-carbon-es-ya-mas-caro-que-la-energia-eolica-y-fotovoltaica\/\" \/>\n<meta property=\"og:site_name\" content=\"Observatorio Tecnol\u00f3gico de Hidalgo\" \/>\n<meta property=\"article:publisher\" content=\"https:\/\/www.facebook.com\/observatoriouaeh\" \/>\n<meta property=\"article:published_time\" content=\"2019-04-16T15:12:29+00:00\" \/>\n<meta property=\"og:image\" content=\"https:\/\/otech.uaeh.edu.mx\/noti\/wp-content\/uploads\/2019\/04\/Notic.7-10.jpg\" \/>\n\t<meta property=\"og:image:width\" content=\"600\" \/>\n\t<meta property=\"og:image:height\" content=\"350\" \/>\n\t<meta property=\"og:image:type\" content=\"image\/jpeg\" \/>\n<meta name=\"author\" content=\"admin\" \/>\n<meta name=\"twitter:card\" content=\"summary_large_image\" \/>\n<meta name=\"twitter:creator\" content=\"@OBSERVATORIOEH\" \/>\n<meta name=\"twitter:site\" content=\"@OBSERVATORIOEH\" \/>\n<meta name=\"twitter:label1\" content=\"Written by\" \/>\n\t<meta name=\"twitter:data1\" content=\"admin\" \/>\n\t<meta name=\"twitter:label2\" content=\"Est. reading time\" \/>\n\t<meta name=\"twitter:data2\" content=\"3 minutes\" \/>\n<script type=\"application\/ld+json\" class=\"yoast-schema-graph\">{\"@context\":\"https:\/\/schema.org\",\"@graph\":[{\"@type\":\"Article\",\"@id\":\"https:\/\/otech.uaeh.edu.mx\/noti\/energias-alternas\/el-carbon-es-ya-mas-caro-que-la-energia-eolica-y-fotovoltaica\/#article\",\"isPartOf\":{\"@id\":\"https:\/\/otech.uaeh.edu.mx\/noti\/energias-alternas\/el-carbon-es-ya-mas-caro-que-la-energia-eolica-y-fotovoltaica\/\"},\"author\":{\"name\":\"admin\",\"@id\":\"https:\/\/otech.uaeh.edu.mx\/noti\/#\/schema\/person\/95263d004158ffabcd98137e1d0abc1c\"},\"headline\":\"El Carb\u00f3n es ya m\u00e1s caro que la energ\u00eda e\u00f3lica y fotovoltaica\",\"datePublished\":\"2019-04-16T15:12:29+00:00\",\"mainEntityOfPage\":{\"@id\":\"https:\/\/otech.uaeh.edu.mx\/noti\/energias-alternas\/el-carbon-es-ya-mas-caro-que-la-energia-eolica-y-fotovoltaica\/\"},\"wordCount\":517,\"commentCount\":0,\"publisher\":{\"@id\":\"https:\/\/otech.uaeh.edu.mx\/noti\/#organization\"},\"image\":{\"@id\":\"https:\/\/otech.uaeh.edu.mx\/noti\/energias-alternas\/el-carbon-es-ya-mas-caro-que-la-energia-eolica-y-fotovoltaica\/#primaryimage\"},\"thumbnailUrl\":\"https:\/\/otech.uaeh.edu.mx\/noti\/wp-content\/uploads\/2019\/04\/Notic.7-10.jpg\",\"articleSection\":[\"Energ\u00edas Alternas\"],\"inLanguage\":\"en-US\",\"potentialAction\":[{\"@type\":\"CommentAction\",\"name\":\"Comment\",\"target\":[\"https:\/\/otech.uaeh.edu.mx\/noti\/energias-alternas\/el-carbon-es-ya-mas-caro-que-la-energia-eolica-y-fotovoltaica\/#respond\"]}]},{\"@type\":\"WebPage\",\"@id\":\"https:\/\/otech.uaeh.edu.mx\/noti\/energias-alternas\/el-carbon-es-ya-mas-caro-que-la-energia-eolica-y-fotovoltaica\/\",\"url\":\"https:\/\/otech.uaeh.edu.mx\/noti\/energias-alternas\/el-carbon-es-ya-mas-caro-que-la-energia-eolica-y-fotovoltaica\/\",\"name\":\"El Carb\u00f3n es ya m\u00e1s caro que la energ\u00eda e\u00f3lica y fotovoltaica - Observatorio Tecnol\u00f3gico de Hidalgo\",\"isPartOf\":{\"@id\":\"https:\/\/otech.uaeh.edu.mx\/noti\/#website\"},\"primaryImageOfPage\":{\"@id\":\"https:\/\/otech.uaeh.edu.mx\/noti\/energias-alternas\/el-carbon-es-ya-mas-caro-que-la-energia-eolica-y-fotovoltaica\/#primaryimage\"},\"image\":{\"@id\":\"https:\/\/otech.uaeh.edu.mx\/noti\/energias-alternas\/el-carbon-es-ya-mas-caro-que-la-energia-eolica-y-fotovoltaica\/#primaryimage\"},\"thumbnailUrl\":\"https:\/\/otech.uaeh.edu.mx\/noti\/wp-content\/uploads\/2019\/04\/Notic.7-10.jpg\",\"datePublished\":\"2019-04-16T15:12:29+00:00\",\"breadcrumb\":{\"@id\":\"https:\/\/otech.uaeh.edu.mx\/noti\/energias-alternas\/el-carbon-es-ya-mas-caro-que-la-energia-eolica-y-fotovoltaica\/#breadcrumb\"},\"inLanguage\":\"en-US\",\"potentialAction\":[{\"@type\":\"ReadAction\",\"target\":[\"https:\/\/otech.uaeh.edu.mx\/noti\/energias-alternas\/el-carbon-es-ya-mas-caro-que-la-energia-eolica-y-fotovoltaica\/\"]}]},{\"@type\":\"ImageObject\",\"inLanguage\":\"en-US\",\"@id\":\"https:\/\/otech.uaeh.edu.mx\/noti\/energias-alternas\/el-carbon-es-ya-mas-caro-que-la-energia-eolica-y-fotovoltaica\/#primaryimage\",\"url\":\"https:\/\/otech.uaeh.edu.mx\/noti\/wp-content\/uploads\/2019\/04\/Notic.7-10.jpg\",\"contentUrl\":\"https:\/\/otech.uaeh.edu.mx\/noti\/wp-content\/uploads\/2019\/04\/Notic.7-10.jpg\",\"width\":600,\"height\":350},{\"@type\":\"BreadcrumbList\",\"@id\":\"https:\/\/otech.uaeh.edu.mx\/noti\/energias-alternas\/el-carbon-es-ya-mas-caro-que-la-energia-eolica-y-fotovoltaica\/#breadcrumb\",\"itemListElement\":[{\"@type\":\"ListItem\",\"position\":1,\"name\":\"Inicio\",\"item\":\"https:\/\/otech.uaeh.edu.mx\/noti\/\"},{\"@type\":\"ListItem\",\"position\":2,\"name\":\"El Carb\u00f3n es ya m\u00e1s caro que la energ\u00eda e\u00f3lica y fotovoltaica\"}]},{\"@type\":\"WebSite\",\"@id\":\"https:\/\/otech.uaeh.edu.mx\/noti\/#website\",\"url\":\"https:\/\/otech.uaeh.edu.mx\/noti\/\",\"name\":\"Observatorio Tecnol\u00f3gico de Hidalgo\",\"description\":\"\",\"publisher\":{\"@id\":\"https:\/\/otech.uaeh.edu.mx\/noti\/#organization\"},\"potentialAction\":[{\"@type\":\"SearchAction\",\"target\":{\"@type\":\"EntryPoint\",\"urlTemplate\":\"https:\/\/otech.uaeh.edu.mx\/noti\/?s={search_term_string}\"},\"query-input\":{\"@type\":\"PropertyValueSpecification\",\"valueRequired\":true,\"valueName\":\"search_term_string\"}}],\"inLanguage\":\"en-US\"},{\"@type\":\"Organization\",\"@id\":\"https:\/\/otech.uaeh.edu.mx\/noti\/#organization\",\"name\":\"Observatorio Tecnol\u00f3gico de Hidalgo\",\"url\":\"https:\/\/otech.uaeh.edu.mx\/noti\/\",\"logo\":{\"@type\":\"ImageObject\",\"inLanguage\":\"en-US\",\"@id\":\"https:\/\/otech.uaeh.edu.mx\/noti\/#\/schema\/logo\/image\/\",\"url\":\"https:\/\/otech.uaeh.edu.mx\/noti\/wp-content\/uploads\/2025\/11\/Logo-circulo.png\",\"contentUrl\":\"https:\/\/otech.uaeh.edu.mx\/noti\/wp-content\/uploads\/2025\/11\/Logo-circulo.png\",\"width\":250,\"height\":250,\"caption\":\"Observatorio Tecnol\u00f3gico de Hidalgo\"},\"image\":{\"@id\":\"https:\/\/otech.uaeh.edu.mx\/noti\/#\/schema\/logo\/image\/\"},\"sameAs\":[\"https:\/\/www.facebook.com\/observatoriouaeh\",\"https:\/\/x.com\/OBSERVATORIOEH\"]},{\"@type\":\"Person\",\"@id\":\"https:\/\/otech.uaeh.edu.mx\/noti\/#\/schema\/person\/95263d004158ffabcd98137e1d0abc1c\",\"name\":\"admin\",\"image\":{\"@type\":\"ImageObject\",\"inLanguage\":\"en-US\",\"@id\":\"https:\/\/otech.uaeh.edu.mx\/noti\/#\/schema\/person\/image\/\",\"url\":\"https:\/\/secure.gravatar.com\/avatar\/08dd17208ee6a9e87c5a01c0a5f4c96c8ed24bf05e625630929b5b6a7c1ffa5f?s=96&d=mm&r=g\",\"contentUrl\":\"https:\/\/secure.gravatar.com\/avatar\/08dd17208ee6a9e87c5a01c0a5f4c96c8ed24bf05e625630929b5b6a7c1ffa5f?s=96&d=mm&r=g\",\"caption\":\"admin\"},\"url\":\"https:\/\/otech.uaeh.edu.mx\/noti\/author\/admin\/\"}]}<\/script>\n<!-- \/ Yoast SEO plugin. -->","yoast_head_json":{"title":"El Carb\u00f3n es ya m\u00e1s caro que la energ\u00eda e\u00f3lica y fotovoltaica - Observatorio Tecnol\u00f3gico de Hidalgo","robots":{"index":"index","follow":"follow","max-snippet":"max-snippet:-1","max-image-preview":"max-image-preview:large","max-video-preview":"max-video-preview:-1"},"canonical":"https:\/\/otech.uaeh.edu.mx\/noti\/energias-alternas\/el-carbon-es-ya-mas-caro-que-la-energia-eolica-y-fotovoltaica\/","og_locale":"en_US","og_type":"article","og_title":"El Carb\u00f3n es ya m\u00e1s caro que la energ\u00eda e\u00f3lica y fotovoltaica - Observatorio Tecnol\u00f3gico de Hidalgo","og_description":"Alrededor del 75% de la producci\u00f3n de electricidad generada con carb\u00f3n de los Estados Unidos es ahora m\u00e1s cara que la de las energ\u00edas renovables. Esta tendencia se est\u00e1 extendiendo por todo el mundo.","og_url":"https:\/\/otech.uaeh.edu.mx\/noti\/energias-alternas\/el-carbon-es-ya-mas-caro-que-la-energia-eolica-y-fotovoltaica\/","og_site_name":"Observatorio Tecnol\u00f3gico de Hidalgo","article_publisher":"https:\/\/www.facebook.com\/observatoriouaeh","article_published_time":"2019-04-16T15:12:29+00:00","og_image":[{"width":600,"height":350,"url":"https:\/\/otech.uaeh.edu.mx\/noti\/wp-content\/uploads\/2019\/04\/Notic.7-10.jpg","type":"image\/jpeg"}],"author":"admin","twitter_card":"summary_large_image","twitter_creator":"@OBSERVATORIOEH","twitter_site":"@OBSERVATORIOEH","twitter_misc":{"Written by":"admin","Est. reading time":"3 minutes"},"schema":{"@context":"https:\/\/schema.org","@graph":[{"@type":"Article","@id":"https:\/\/otech.uaeh.edu.mx\/noti\/energias-alternas\/el-carbon-es-ya-mas-caro-que-la-energia-eolica-y-fotovoltaica\/#article","isPartOf":{"@id":"https:\/\/otech.uaeh.edu.mx\/noti\/energias-alternas\/el-carbon-es-ya-mas-caro-que-la-energia-eolica-y-fotovoltaica\/"},"author":{"name":"admin","@id":"https:\/\/otech.uaeh.edu.mx\/noti\/#\/schema\/person\/95263d004158ffabcd98137e1d0abc1c"},"headline":"El Carb\u00f3n es ya m\u00e1s caro que la energ\u00eda e\u00f3lica y fotovoltaica","datePublished":"2019-04-16T15:12:29+00:00","mainEntityOfPage":{"@id":"https:\/\/otech.uaeh.edu.mx\/noti\/energias-alternas\/el-carbon-es-ya-mas-caro-que-la-energia-eolica-y-fotovoltaica\/"},"wordCount":517,"commentCount":0,"publisher":{"@id":"https:\/\/otech.uaeh.edu.mx\/noti\/#organization"},"image":{"@id":"https:\/\/otech.uaeh.edu.mx\/noti\/energias-alternas\/el-carbon-es-ya-mas-caro-que-la-energia-eolica-y-fotovoltaica\/#primaryimage"},"thumbnailUrl":"https:\/\/otech.uaeh.edu.mx\/noti\/wp-content\/uploads\/2019\/04\/Notic.7-10.jpg","articleSection":["Energ\u00edas Alternas"],"inLanguage":"en-US","potentialAction":[{"@type":"CommentAction","name":"Comment","target":["https:\/\/otech.uaeh.edu.mx\/noti\/energias-alternas\/el-carbon-es-ya-mas-caro-que-la-energia-eolica-y-fotovoltaica\/#respond"]}]},{"@type":"WebPage","@id":"https:\/\/otech.uaeh.edu.mx\/noti\/energias-alternas\/el-carbon-es-ya-mas-caro-que-la-energia-eolica-y-fotovoltaica\/","url":"https:\/\/otech.uaeh.edu.mx\/noti\/energias-alternas\/el-carbon-es-ya-mas-caro-que-la-energia-eolica-y-fotovoltaica\/","name":"El Carb\u00f3n es ya m\u00e1s caro que la energ\u00eda e\u00f3lica y fotovoltaica - Observatorio Tecnol\u00f3gico de Hidalgo","isPartOf":{"@id":"https:\/\/otech.uaeh.edu.mx\/noti\/#website"},"primaryImageOfPage":{"@id":"https:\/\/otech.uaeh.edu.mx\/noti\/energias-alternas\/el-carbon-es-ya-mas-caro-que-la-energia-eolica-y-fotovoltaica\/#primaryimage"},"image":{"@id":"https:\/\/otech.uaeh.edu.mx\/noti\/energias-alternas\/el-carbon-es-ya-mas-caro-que-la-energia-eolica-y-fotovoltaica\/#primaryimage"},"thumbnailUrl":"https:\/\/otech.uaeh.edu.mx\/noti\/wp-content\/uploads\/2019\/04\/Notic.7-10.jpg","datePublished":"2019-04-16T15:12:29+00:00","breadcrumb":{"@id":"https:\/\/otech.uaeh.edu.mx\/noti\/energias-alternas\/el-carbon-es-ya-mas-caro-que-la-energia-eolica-y-fotovoltaica\/#breadcrumb"},"inLanguage":"en-US","potentialAction":[{"@type":"ReadAction","target":["https:\/\/otech.uaeh.edu.mx\/noti\/energias-alternas\/el-carbon-es-ya-mas-caro-que-la-energia-eolica-y-fotovoltaica\/"]}]},{"@type":"ImageObject","inLanguage":"en-US","@id":"https:\/\/otech.uaeh.edu.mx\/noti\/energias-alternas\/el-carbon-es-ya-mas-caro-que-la-energia-eolica-y-fotovoltaica\/#primaryimage","url":"https:\/\/otech.uaeh.edu.mx\/noti\/wp-content\/uploads\/2019\/04\/Notic.7-10.jpg","contentUrl":"https:\/\/otech.uaeh.edu.mx\/noti\/wp-content\/uploads\/2019\/04\/Notic.7-10.jpg","width":600,"height":350},{"@type":"BreadcrumbList","@id":"https:\/\/otech.uaeh.edu.mx\/noti\/energias-alternas\/el-carbon-es-ya-mas-caro-que-la-energia-eolica-y-fotovoltaica\/#breadcrumb","itemListElement":[{"@type":"ListItem","position":1,"name":"Inicio","item":"https:\/\/otech.uaeh.edu.mx\/noti\/"},{"@type":"ListItem","position":2,"name":"El Carb\u00f3n es ya m\u00e1s caro que la energ\u00eda e\u00f3lica y fotovoltaica"}]},{"@type":"WebSite","@id":"https:\/\/otech.uaeh.edu.mx\/noti\/#website","url":"https:\/\/otech.uaeh.edu.mx\/noti\/","name":"Observatorio Tecnol\u00f3gico de Hidalgo","description":"","publisher":{"@id":"https:\/\/otech.uaeh.edu.mx\/noti\/#organization"},"potentialAction":[{"@type":"SearchAction","target":{"@type":"EntryPoint","urlTemplate":"https:\/\/otech.uaeh.edu.mx\/noti\/?s={search_term_string}"},"query-input":{"@type":"PropertyValueSpecification","valueRequired":true,"valueName":"search_term_string"}}],"inLanguage":"en-US"},{"@type":"Organization","@id":"https:\/\/otech.uaeh.edu.mx\/noti\/#organization","name":"Observatorio Tecnol\u00f3gico de Hidalgo","url":"https:\/\/otech.uaeh.edu.mx\/noti\/","logo":{"@type":"ImageObject","inLanguage":"en-US","@id":"https:\/\/otech.uaeh.edu.mx\/noti\/#\/schema\/logo\/image\/","url":"https:\/\/otech.uaeh.edu.mx\/noti\/wp-content\/uploads\/2025\/11\/Logo-circulo.png","contentUrl":"https:\/\/otech.uaeh.edu.mx\/noti\/wp-content\/uploads\/2025\/11\/Logo-circulo.png","width":250,"height":250,"caption":"Observatorio Tecnol\u00f3gico de Hidalgo"},"image":{"@id":"https:\/\/otech.uaeh.edu.mx\/noti\/#\/schema\/logo\/image\/"},"sameAs":["https:\/\/www.facebook.com\/observatoriouaeh","https:\/\/x.com\/OBSERVATORIOEH"]},{"@type":"Person","@id":"https:\/\/otech.uaeh.edu.mx\/noti\/#\/schema\/person\/95263d004158ffabcd98137e1d0abc1c","name":"admin","image":{"@type":"ImageObject","inLanguage":"en-US","@id":"https:\/\/otech.uaeh.edu.mx\/noti\/#\/schema\/person\/image\/","url":"https:\/\/secure.gravatar.com\/avatar\/08dd17208ee6a9e87c5a01c0a5f4c96c8ed24bf05e625630929b5b6a7c1ffa5f?s=96&d=mm&r=g","contentUrl":"https:\/\/secure.gravatar.com\/avatar\/08dd17208ee6a9e87c5a01c0a5f4c96c8ed24bf05e625630929b5b6a7c1ffa5f?s=96&d=mm&r=g","caption":"admin"},"url":"https:\/\/otech.uaeh.edu.mx\/noti\/author\/admin\/"}]}},"_links":{"self":[{"href":"https:\/\/otech.uaeh.edu.mx\/noti\/wp-json\/wp\/v2\/posts\/15242","targetHints":{"allow":["GET"]}}],"collection":[{"href":"https:\/\/otech.uaeh.edu.mx\/noti\/wp-json\/wp\/v2\/posts"}],"about":[{"href":"https:\/\/otech.uaeh.edu.mx\/noti\/wp-json\/wp\/v2\/types\/post"}],"author":[{"embeddable":true,"href":"https:\/\/otech.uaeh.edu.mx\/noti\/wp-json\/wp\/v2\/users\/1"}],"replies":[{"embeddable":true,"href":"https:\/\/otech.uaeh.edu.mx\/noti\/wp-json\/wp\/v2\/comments?post=15242"}],"version-history":[{"count":1,"href":"https:\/\/otech.uaeh.edu.mx\/noti\/wp-json\/wp\/v2\/posts\/15242\/revisions"}],"predecessor-version":[{"id":15244,"href":"https:\/\/otech.uaeh.edu.mx\/noti\/wp-json\/wp\/v2\/posts\/15242\/revisions\/15244"}],"wp:featuredmedia":[{"embeddable":true,"href":"https:\/\/otech.uaeh.edu.mx\/noti\/wp-json\/wp\/v2\/media\/15243"}],"wp:attachment":[{"href":"https:\/\/otech.uaeh.edu.mx\/noti\/wp-json\/wp\/v2\/media?parent=15242"}],"wp:term":[{"taxonomy":"category","embeddable":true,"href":"https:\/\/otech.uaeh.edu.mx\/noti\/wp-json\/wp\/v2\/categories?post=15242"},{"taxonomy":"post_tag","embeddable":true,"href":"https:\/\/otech.uaeh.edu.mx\/noti\/wp-json\/wp\/v2\/tags?post=15242"}],"curies":[{"name":"wp","href":"https:\/\/api.w.org\/{rel}","templated":true}]}}