{"id":16365,"date":"2019-06-12T08:55:48","date_gmt":"2019-06-12T14:55:48","guid":{"rendered":"http:\/\/otech.uaeh.edu.mx\/noti\/?p=16365"},"modified":"2019-06-12T08:55:48","modified_gmt":"2019-06-12T14:55:48","slug":"mision-colibri-la-agencia-espacial-mexicana-mandara-un-nanosatelite-al-espacio-su-nombre-es-pakal","status":"publish","type":"post","link":"https:\/\/otech.uaeh.edu.mx\/noti\/robt\/mision-colibri-la-agencia-espacial-mexicana-mandara-un-nanosatelite-al-espacio-su-nombre-es-pakal\/","title":{"rendered":"Misi\u00f3n Colibr\u00ed: la Agencia Espacial Mexicana mandar\u00e1 un nanosat\u00e9lite al espacio, su nombre es &#8216;Pakal&#8217;"},"content":{"rendered":"<p>La<span>\u00a0<\/span>Agencia Espacial Mexicana<span>\u00a0<\/span>est\u00e1 uniendo esfuerzos<span>\u00a0<\/span>con el Instituto Tecnol\u00f3gico de Massachusetts para crear un<span>\u00a0<\/span><strong>Nanosat\u00e9lite<\/strong>, en el cual colaborar\u00e1n profesionales de la<span>\u00a0<\/span><strong>Universidad Panamericana<\/strong>.<\/p>\n<p>El artefacto, de nombre &#8216;Pakal&#8217; ser\u00e1 enviado al espacio par hacer mediciones y mapeos atmosf\u00e9ricos que ser\u00e1n enviados a una estaci\u00f3n terrestre. El proyecto es &#8216;<strong>Misi\u00f3n Colibr\u00ed<\/strong>&#8216;.<\/p>\n<div id=\"sunmediaContiner_1560351355631\" class=\"article-asset-image article-asset-normal\"><\/div>\n<h2>El MIT ayudar\u00e1 con la tecnolog\u00eda<\/h2>\n<p>La Agencia Espacial Mexicana adem\u00e1s firm\u00f3 un convenio con el Instituto Tecnol\u00f3gico de Massachusetts, una de las escuelas\/institutos m\u00e1s prestigiosos a nivel mundial para que este les auxilie en materia de tecnolog\u00eda y fomento a la creatividad. Otros organismos como el<span>\u00a0<\/span><em>NASA Jet Propulsion Laboratory<\/em><span>\u00a0<\/span>est\u00e1n incluidos en la misi\u00f3n.<\/p>\n<p>El motivo de que la Universidad Panamericana est\u00e9 dentro del proyecto no es menor: la idea es acercar a alumnos con el quehacer cient\u00edfico y el desarrollo de tecnolog\u00eda espacial. En total son 25 alumnos de la UP e investigadores del MIT los que trabajar\u00e1n de cerca para poner en \u00f3rbita el sat\u00e9lite y afinar los procesos de conectividad a trav\u00e9s de los cuales la informaci\u00f3n ser\u00e1 enviada a tierra.<\/p>\n<p>Los alumnos pertenecen al Campus<span>\u00a0<\/span><strong>Aguascalientes<\/strong><span>\u00a0<\/span>y<span>\u00a0<\/span><strong>Ciudad de M\u00e9xico<\/strong>.<\/p>\n<div class=\"article-asset-summary article-asset-normal\">\n<div class=\"asset-content\">\n<div class=\"sumario\">Pakal fue un rey maya a partir del 615, sagrado por la cultura maya y recordado por impulsar el dise\u00f1o arquitect\u00f3nico maya en Palenque.<\/div>\n<\/div>\n<\/div>\n<div class=\"article-asset-image article-asset-large\">\n<div class=\"asset-content\"><img decoding=\"async\" class=\"centro_sinmarco\" src=\"https:\/\/i.blogs.es\/9f39af\/tropical-cyclone-63124_1280\/450_1000.jpg\" data-sf-srcset=\"https:\/\/i.blogs.es\/9f39af\/tropical-cyclone-63124_1280\/450_1000.jpg 450w, https:\/\/i.blogs.es\/9f39af\/tropical-cyclone-63124_1280\/650_1200.jpg 681w, https:\/\/i.blogs.es\/9f39af\/tropical-cyclone-63124_1280\/1024_2000.jpg 1024w, https:\/\/i.blogs.es\/9f39af\/tropical-cyclone-63124_1280\/1366_2000.jpg 1366w\" data-sf-src=\"https:\/\/i.blogs.es\/9f39af\/tropical-cyclone-63124_1280\/450_1000.jpg\" alt=\"Tropical Cyclone 63124 1280\" srcset=\"https:\/\/i.blogs.es\/9f39af\/tropical-cyclone-63124_1280\/450_1000.jpg 450w, https:\/\/i.blogs.es\/9f39af\/tropical-cyclone-63124_1280\/650_1200.jpg 681w, https:\/\/i.blogs.es\/9f39af\/tropical-cyclone-63124_1280\/1024_2000.jpg 1024w, https:\/\/i.blogs.es\/9f39af\/tropical-cyclone-63124_1280\/1366_2000.jpg 1366w\" \/><\/div>\n<\/div>\n<p>El nanosat\u00e9lite que se enviar\u00e1 es de tres unidades. Mide 10x10x30 cent\u00edmetros y permanecer\u00e1 en \u00f3rbita durante un a\u00f1o. La informaci\u00f3n que recabe se usar\u00e1 para medir las condiciones atmosf\u00e9ricas de la ion\u00f3sfera y los objetivos<span>\u00a0<\/span>son diversos: entender mejor la estructura de la ion\u00f3sfera, contribuir a la generaci\u00f3n de ideas para reducir la basura espacial, y claro, hacer un proyecto integral en la industria aeroespacial mexicana.<\/p>\n<div class=\"article-asset-image article-asset-large\">\n<div class=\"asset-content\">\n<div class=\"caption-img  \"><img decoding=\"async\" class=\"centro_sinmarco\" src=\"https:\/\/i.blogs.es\/f7a324\/60343456_286464642240124_8985152169703374848_o\/450_1000.png\" data-sf-srcset=\"https:\/\/i.blogs.es\/f7a324\/60343456_286464642240124_8985152169703374848_o\/450_1000.png 450w, https:\/\/i.blogs.es\/f7a324\/60343456_286464642240124_8985152169703374848_o\/650_1200.png 681w, https:\/\/i.blogs.es\/f7a324\/60343456_286464642240124_8985152169703374848_o\/1024_2000.png 1024w, https:\/\/i.blogs.es\/f7a324\/60343456_286464642240124_8985152169703374848_o\/1366_2000.png 1366w\" data-sf-src=\"https:\/\/i.blogs.es\/f7a324\/60343456_286464642240124_8985152169703374848_o\/450_1000.png\" alt=\"Pakal\" srcset=\"https:\/\/i.blogs.es\/f7a324\/60343456_286464642240124_8985152169703374848_o\/450_1000.png 450w, https:\/\/i.blogs.es\/f7a324\/60343456_286464642240124_8985152169703374848_o\/650_1200.png 681w, https:\/\/i.blogs.es\/f7a324\/60343456_286464642240124_8985152169703374848_o\/1024_2000.png 1024w, https:\/\/i.blogs.es\/f7a324\/60343456_286464642240124_8985152169703374848_o\/1366_2000.png 1366w\" \/><span>As\u00ed luce &#8216;Pakal&#8217;<\/span><\/div>\n<\/div>\n<\/div>\n<p>La Agencia Espacial Mexicana se fund\u00f3 en 2010, aunque su precedente, la organizaci\u00f3n sin fines de lucro, Sociedad Espacial Mexicana, data de 1990.<\/p>\n<p><strong>Fuente: Xataka M\u00e9xico<\/strong><\/p>\n","protected":false},"excerpt":{"rendered":"<p>La\u00a0Agencia Espacial Mexicana\u00a0est\u00e1 uniendo esfuerzos\u00a0con el Instituto Tecnol\u00f3gico de Massachusetts para crear un\u00a0Nanosat\u00e9lite, en el cual colaborar\u00e1n profesionales de la\u00a0Universidad Panamericana. El artefacto, de nombre &#8216;Pakal&#8217; ser\u00e1 enviado al espacio par hacer mediciones y mapeos atmosf\u00e9ricos que ser\u00e1n enviados a una estaci\u00f3n terrestre. El proyecto es &#8216;Misi\u00f3n Colibr\u00ed&#8216;. El MIT ayudar\u00e1 con la tecnolog\u00eda La [&hellip;]<\/p>\n","protected":false},"author":1,"featured_media":16366,"comment_status":"open","ping_status":"open","sticky":false,"template":"","format":"standard","meta":{"footnotes":""},"categories":[362],"tags":[],"class_list":["post-16365","post","type-post","status-publish","format-standard","has-post-thumbnail","hentry","category-robt"],"yoast_head":"<!-- This site is optimized with the Yoast SEO plugin v26.7 - https:\/\/yoast.com\/wordpress\/plugins\/seo\/ -->\n<title>Misi\u00f3n Colibr\u00ed: la Agencia Espacial Mexicana mandar\u00e1 un nanosat\u00e9lite al espacio, su nombre es &#039;Pakal&#039; - Observatorio Tecnol\u00f3gico de Hidalgo<\/title>\n<meta name=\"robots\" content=\"index, follow, max-snippet:-1, max-image-preview:large, max-video-preview:-1\" \/>\n<link rel=\"canonical\" href=\"https:\/\/otech.uaeh.edu.mx\/noti\/robt\/mision-colibri-la-agencia-espacial-mexicana-mandara-un-nanosatelite-al-espacio-su-nombre-es-pakal\/\" \/>\n<meta property=\"og:locale\" content=\"en_US\" \/>\n<meta property=\"og:type\" content=\"article\" \/>\n<meta property=\"og:title\" content=\"Misi\u00f3n Colibr\u00ed: la Agencia Espacial Mexicana mandar\u00e1 un nanosat\u00e9lite al espacio, su nombre es &#039;Pakal&#039; - Observatorio Tecnol\u00f3gico de Hidalgo\" \/>\n<meta property=\"og:description\" content=\"La\u00a0Agencia Espacial Mexicana\u00a0est\u00e1 uniendo esfuerzos\u00a0con el Instituto Tecnol\u00f3gico de Massachusetts para crear un\u00a0Nanosat\u00e9lite, en el cual colaborar\u00e1n profesionales de la\u00a0Universidad Panamericana. El artefacto, de nombre &#8216;Pakal&#8217; ser\u00e1 enviado al espacio par hacer mediciones y mapeos atmosf\u00e9ricos que ser\u00e1n enviados a una estaci\u00f3n terrestre. El proyecto es &#8216;Misi\u00f3n Colibr\u00ed&#8216;. El MIT ayudar\u00e1 con la tecnolog\u00eda La [&hellip;]\" \/>\n<meta property=\"og:url\" content=\"https:\/\/otech.uaeh.edu.mx\/noti\/robt\/mision-colibri-la-agencia-espacial-mexicana-mandara-un-nanosatelite-al-espacio-su-nombre-es-pakal\/\" \/>\n<meta property=\"og:site_name\" content=\"Observatorio Tecnol\u00f3gico de Hidalgo\" \/>\n<meta property=\"article:publisher\" content=\"https:\/\/www.facebook.com\/observatoriouaeh\" \/>\n<meta property=\"article:published_time\" content=\"2019-06-12T14:55:48+00:00\" \/>\n<meta property=\"og:image\" content=\"https:\/\/otech.uaeh.edu.mx\/noti\/wp-content\/uploads\/2019\/06\/1366_2000-1.jpg\" \/>\n\t<meta property=\"og:image:width\" content=\"1366\" \/>\n\t<meta property=\"og:image:height\" content=\"909\" \/>\n\t<meta property=\"og:image:type\" content=\"image\/jpeg\" \/>\n<meta name=\"author\" content=\"admin\" \/>\n<meta name=\"twitter:card\" content=\"summary_large_image\" \/>\n<meta name=\"twitter:creator\" content=\"@OBSERVATORIOEH\" \/>\n<meta name=\"twitter:site\" content=\"@OBSERVATORIOEH\" \/>\n<meta name=\"twitter:label1\" content=\"Written by\" \/>\n\t<meta name=\"twitter:data1\" content=\"admin\" \/>\n\t<meta name=\"twitter:label2\" content=\"Est. reading time\" \/>\n\t<meta name=\"twitter:data2\" content=\"2 minutes\" \/>\n<script type=\"application\/ld+json\" class=\"yoast-schema-graph\">{\"@context\":\"https:\/\/schema.org\",\"@graph\":[{\"@type\":\"Article\",\"@id\":\"https:\/\/otech.uaeh.edu.mx\/noti\/robt\/mision-colibri-la-agencia-espacial-mexicana-mandara-un-nanosatelite-al-espacio-su-nombre-es-pakal\/#article\",\"isPartOf\":{\"@id\":\"https:\/\/otech.uaeh.edu.mx\/noti\/robt\/mision-colibri-la-agencia-espacial-mexicana-mandara-un-nanosatelite-al-espacio-su-nombre-es-pakal\/\"},\"author\":{\"name\":\"admin\",\"@id\":\"https:\/\/otech.uaeh.edu.mx\/noti\/#\/schema\/person\/95263d004158ffabcd98137e1d0abc1c\"},\"headline\":\"Misi\u00f3n Colibr\u00ed: la Agencia Espacial Mexicana mandar\u00e1 un nanosat\u00e9lite al espacio, su nombre es &#8216;Pakal&#8217;\",\"datePublished\":\"2019-06-12T14:55:48+00:00\",\"mainEntityOfPage\":{\"@id\":\"https:\/\/otech.uaeh.edu.mx\/noti\/robt\/mision-colibri-la-agencia-espacial-mexicana-mandara-un-nanosatelite-al-espacio-su-nombre-es-pakal\/\"},\"wordCount\":358,\"commentCount\":0,\"publisher\":{\"@id\":\"https:\/\/otech.uaeh.edu.mx\/noti\/#organization\"},\"image\":{\"@id\":\"https:\/\/otech.uaeh.edu.mx\/noti\/robt\/mision-colibri-la-agencia-espacial-mexicana-mandara-un-nanosatelite-al-espacio-su-nombre-es-pakal\/#primaryimage\"},\"thumbnailUrl\":\"https:\/\/otech.uaeh.edu.mx\/noti\/wp-content\/uploads\/2019\/06\/1366_2000-1.jpg\",\"articleSection\":[\"Rob\u00f3tica\"],\"inLanguage\":\"en-US\",\"potentialAction\":[{\"@type\":\"CommentAction\",\"name\":\"Comment\",\"target\":[\"https:\/\/otech.uaeh.edu.mx\/noti\/robt\/mision-colibri-la-agencia-espacial-mexicana-mandara-un-nanosatelite-al-espacio-su-nombre-es-pakal\/#respond\"]}]},{\"@type\":\"WebPage\",\"@id\":\"https:\/\/otech.uaeh.edu.mx\/noti\/robt\/mision-colibri-la-agencia-espacial-mexicana-mandara-un-nanosatelite-al-espacio-su-nombre-es-pakal\/\",\"url\":\"https:\/\/otech.uaeh.edu.mx\/noti\/robt\/mision-colibri-la-agencia-espacial-mexicana-mandara-un-nanosatelite-al-espacio-su-nombre-es-pakal\/\",\"name\":\"Misi\u00f3n Colibr\u00ed: la Agencia Espacial Mexicana mandar\u00e1 un nanosat\u00e9lite al espacio, su nombre es 'Pakal' - Observatorio Tecnol\u00f3gico de Hidalgo\",\"isPartOf\":{\"@id\":\"https:\/\/otech.uaeh.edu.mx\/noti\/#website\"},\"primaryImageOfPage\":{\"@id\":\"https:\/\/otech.uaeh.edu.mx\/noti\/robt\/mision-colibri-la-agencia-espacial-mexicana-mandara-un-nanosatelite-al-espacio-su-nombre-es-pakal\/#primaryimage\"},\"image\":{\"@id\":\"https:\/\/otech.uaeh.edu.mx\/noti\/robt\/mision-colibri-la-agencia-espacial-mexicana-mandara-un-nanosatelite-al-espacio-su-nombre-es-pakal\/#primaryimage\"},\"thumbnailUrl\":\"https:\/\/otech.uaeh.edu.mx\/noti\/wp-content\/uploads\/2019\/06\/1366_2000-1.jpg\",\"datePublished\":\"2019-06-12T14:55:48+00:00\",\"breadcrumb\":{\"@id\":\"https:\/\/otech.uaeh.edu.mx\/noti\/robt\/mision-colibri-la-agencia-espacial-mexicana-mandara-un-nanosatelite-al-espacio-su-nombre-es-pakal\/#breadcrumb\"},\"inLanguage\":\"en-US\",\"potentialAction\":[{\"@type\":\"ReadAction\",\"target\":[\"https:\/\/otech.uaeh.edu.mx\/noti\/robt\/mision-colibri-la-agencia-espacial-mexicana-mandara-un-nanosatelite-al-espacio-su-nombre-es-pakal\/\"]}]},{\"@type\":\"ImageObject\",\"inLanguage\":\"en-US\",\"@id\":\"https:\/\/otech.uaeh.edu.mx\/noti\/robt\/mision-colibri-la-agencia-espacial-mexicana-mandara-un-nanosatelite-al-espacio-su-nombre-es-pakal\/#primaryimage\",\"url\":\"https:\/\/otech.uaeh.edu.mx\/noti\/wp-content\/uploads\/2019\/06\/1366_2000-1.jpg\",\"contentUrl\":\"https:\/\/otech.uaeh.edu.mx\/noti\/wp-content\/uploads\/2019\/06\/1366_2000-1.jpg\",\"width\":1366,\"height\":909},{\"@type\":\"BreadcrumbList\",\"@id\":\"https:\/\/otech.uaeh.edu.mx\/noti\/robt\/mision-colibri-la-agencia-espacial-mexicana-mandara-un-nanosatelite-al-espacio-su-nombre-es-pakal\/#breadcrumb\",\"itemListElement\":[{\"@type\":\"ListItem\",\"position\":1,\"name\":\"Inicio\",\"item\":\"https:\/\/otech.uaeh.edu.mx\/noti\/\"},{\"@type\":\"ListItem\",\"position\":2,\"name\":\"Misi\u00f3n Colibr\u00ed: la Agencia Espacial Mexicana mandar\u00e1 un nanosat\u00e9lite al espacio, su nombre es &#8216;Pakal&#8217;\"}]},{\"@type\":\"WebSite\",\"@id\":\"https:\/\/otech.uaeh.edu.mx\/noti\/#website\",\"url\":\"https:\/\/otech.uaeh.edu.mx\/noti\/\",\"name\":\"Observatorio Tecnol\u00f3gico de Hidalgo\",\"description\":\"\",\"publisher\":{\"@id\":\"https:\/\/otech.uaeh.edu.mx\/noti\/#organization\"},\"potentialAction\":[{\"@type\":\"SearchAction\",\"target\":{\"@type\":\"EntryPoint\",\"urlTemplate\":\"https:\/\/otech.uaeh.edu.mx\/noti\/?s={search_term_string}\"},\"query-input\":{\"@type\":\"PropertyValueSpecification\",\"valueRequired\":true,\"valueName\":\"search_term_string\"}}],\"inLanguage\":\"en-US\"},{\"@type\":\"Organization\",\"@id\":\"https:\/\/otech.uaeh.edu.mx\/noti\/#organization\",\"name\":\"Observatorio Tecnol\u00f3gico de Hidalgo\",\"url\":\"https:\/\/otech.uaeh.edu.mx\/noti\/\",\"logo\":{\"@type\":\"ImageObject\",\"inLanguage\":\"en-US\",\"@id\":\"https:\/\/otech.uaeh.edu.mx\/noti\/#\/schema\/logo\/image\/\",\"url\":\"https:\/\/otech.uaeh.edu.mx\/noti\/wp-content\/uploads\/2025\/11\/Logo-circulo.png\",\"contentUrl\":\"https:\/\/otech.uaeh.edu.mx\/noti\/wp-content\/uploads\/2025\/11\/Logo-circulo.png\",\"width\":250,\"height\":250,\"caption\":\"Observatorio Tecnol\u00f3gico de Hidalgo\"},\"image\":{\"@id\":\"https:\/\/otech.uaeh.edu.mx\/noti\/#\/schema\/logo\/image\/\"},\"sameAs\":[\"https:\/\/www.facebook.com\/observatoriouaeh\",\"https:\/\/x.com\/OBSERVATORIOEH\"]},{\"@type\":\"Person\",\"@id\":\"https:\/\/otech.uaeh.edu.mx\/noti\/#\/schema\/person\/95263d004158ffabcd98137e1d0abc1c\",\"name\":\"admin\",\"image\":{\"@type\":\"ImageObject\",\"inLanguage\":\"en-US\",\"@id\":\"https:\/\/otech.uaeh.edu.mx\/noti\/#\/schema\/person\/image\/\",\"url\":\"https:\/\/secure.gravatar.com\/avatar\/08dd17208ee6a9e87c5a01c0a5f4c96c8ed24bf05e625630929b5b6a7c1ffa5f?s=96&d=mm&r=g\",\"contentUrl\":\"https:\/\/secure.gravatar.com\/avatar\/08dd17208ee6a9e87c5a01c0a5f4c96c8ed24bf05e625630929b5b6a7c1ffa5f?s=96&d=mm&r=g\",\"caption\":\"admin\"},\"url\":\"https:\/\/otech.uaeh.edu.mx\/noti\/author\/admin\/\"}]}<\/script>\n<!-- \/ Yoast SEO plugin. -->","yoast_head_json":{"title":"Misi\u00f3n Colibr\u00ed: la Agencia Espacial Mexicana mandar\u00e1 un nanosat\u00e9lite al espacio, su nombre es 'Pakal' - Observatorio Tecnol\u00f3gico de Hidalgo","robots":{"index":"index","follow":"follow","max-snippet":"max-snippet:-1","max-image-preview":"max-image-preview:large","max-video-preview":"max-video-preview:-1"},"canonical":"https:\/\/otech.uaeh.edu.mx\/noti\/robt\/mision-colibri-la-agencia-espacial-mexicana-mandara-un-nanosatelite-al-espacio-su-nombre-es-pakal\/","og_locale":"en_US","og_type":"article","og_title":"Misi\u00f3n Colibr\u00ed: la Agencia Espacial Mexicana mandar\u00e1 un nanosat\u00e9lite al espacio, su nombre es 'Pakal' - Observatorio Tecnol\u00f3gico de Hidalgo","og_description":"La\u00a0Agencia Espacial Mexicana\u00a0est\u00e1 uniendo esfuerzos\u00a0con el Instituto Tecnol\u00f3gico de Massachusetts para crear un\u00a0Nanosat\u00e9lite, en el cual colaborar\u00e1n profesionales de la\u00a0Universidad Panamericana. El artefacto, de nombre &#8216;Pakal&#8217; ser\u00e1 enviado al espacio par hacer mediciones y mapeos atmosf\u00e9ricos que ser\u00e1n enviados a una estaci\u00f3n terrestre. El proyecto es &#8216;Misi\u00f3n Colibr\u00ed&#8216;. El MIT ayudar\u00e1 con la tecnolog\u00eda La [&hellip;]","og_url":"https:\/\/otech.uaeh.edu.mx\/noti\/robt\/mision-colibri-la-agencia-espacial-mexicana-mandara-un-nanosatelite-al-espacio-su-nombre-es-pakal\/","og_site_name":"Observatorio Tecnol\u00f3gico de Hidalgo","article_publisher":"https:\/\/www.facebook.com\/observatoriouaeh","article_published_time":"2019-06-12T14:55:48+00:00","og_image":[{"width":1366,"height":909,"url":"https:\/\/otech.uaeh.edu.mx\/noti\/wp-content\/uploads\/2019\/06\/1366_2000-1.jpg","type":"image\/jpeg"}],"author":"admin","twitter_card":"summary_large_image","twitter_creator":"@OBSERVATORIOEH","twitter_site":"@OBSERVATORIOEH","twitter_misc":{"Written by":"admin","Est. reading time":"2 minutes"},"schema":{"@context":"https:\/\/schema.org","@graph":[{"@type":"Article","@id":"https:\/\/otech.uaeh.edu.mx\/noti\/robt\/mision-colibri-la-agencia-espacial-mexicana-mandara-un-nanosatelite-al-espacio-su-nombre-es-pakal\/#article","isPartOf":{"@id":"https:\/\/otech.uaeh.edu.mx\/noti\/robt\/mision-colibri-la-agencia-espacial-mexicana-mandara-un-nanosatelite-al-espacio-su-nombre-es-pakal\/"},"author":{"name":"admin","@id":"https:\/\/otech.uaeh.edu.mx\/noti\/#\/schema\/person\/95263d004158ffabcd98137e1d0abc1c"},"headline":"Misi\u00f3n Colibr\u00ed: la Agencia Espacial Mexicana mandar\u00e1 un nanosat\u00e9lite al espacio, su nombre es &#8216;Pakal&#8217;","datePublished":"2019-06-12T14:55:48+00:00","mainEntityOfPage":{"@id":"https:\/\/otech.uaeh.edu.mx\/noti\/robt\/mision-colibri-la-agencia-espacial-mexicana-mandara-un-nanosatelite-al-espacio-su-nombre-es-pakal\/"},"wordCount":358,"commentCount":0,"publisher":{"@id":"https:\/\/otech.uaeh.edu.mx\/noti\/#organization"},"image":{"@id":"https:\/\/otech.uaeh.edu.mx\/noti\/robt\/mision-colibri-la-agencia-espacial-mexicana-mandara-un-nanosatelite-al-espacio-su-nombre-es-pakal\/#primaryimage"},"thumbnailUrl":"https:\/\/otech.uaeh.edu.mx\/noti\/wp-content\/uploads\/2019\/06\/1366_2000-1.jpg","articleSection":["Rob\u00f3tica"],"inLanguage":"en-US","potentialAction":[{"@type":"CommentAction","name":"Comment","target":["https:\/\/otech.uaeh.edu.mx\/noti\/robt\/mision-colibri-la-agencia-espacial-mexicana-mandara-un-nanosatelite-al-espacio-su-nombre-es-pakal\/#respond"]}]},{"@type":"WebPage","@id":"https:\/\/otech.uaeh.edu.mx\/noti\/robt\/mision-colibri-la-agencia-espacial-mexicana-mandara-un-nanosatelite-al-espacio-su-nombre-es-pakal\/","url":"https:\/\/otech.uaeh.edu.mx\/noti\/robt\/mision-colibri-la-agencia-espacial-mexicana-mandara-un-nanosatelite-al-espacio-su-nombre-es-pakal\/","name":"Misi\u00f3n Colibr\u00ed: la Agencia Espacial Mexicana mandar\u00e1 un nanosat\u00e9lite al espacio, su nombre es 'Pakal' - Observatorio Tecnol\u00f3gico de Hidalgo","isPartOf":{"@id":"https:\/\/otech.uaeh.edu.mx\/noti\/#website"},"primaryImageOfPage":{"@id":"https:\/\/otech.uaeh.edu.mx\/noti\/robt\/mision-colibri-la-agencia-espacial-mexicana-mandara-un-nanosatelite-al-espacio-su-nombre-es-pakal\/#primaryimage"},"image":{"@id":"https:\/\/otech.uaeh.edu.mx\/noti\/robt\/mision-colibri-la-agencia-espacial-mexicana-mandara-un-nanosatelite-al-espacio-su-nombre-es-pakal\/#primaryimage"},"thumbnailUrl":"https:\/\/otech.uaeh.edu.mx\/noti\/wp-content\/uploads\/2019\/06\/1366_2000-1.jpg","datePublished":"2019-06-12T14:55:48+00:00","breadcrumb":{"@id":"https:\/\/otech.uaeh.edu.mx\/noti\/robt\/mision-colibri-la-agencia-espacial-mexicana-mandara-un-nanosatelite-al-espacio-su-nombre-es-pakal\/#breadcrumb"},"inLanguage":"en-US","potentialAction":[{"@type":"ReadAction","target":["https:\/\/otech.uaeh.edu.mx\/noti\/robt\/mision-colibri-la-agencia-espacial-mexicana-mandara-un-nanosatelite-al-espacio-su-nombre-es-pakal\/"]}]},{"@type":"ImageObject","inLanguage":"en-US","@id":"https:\/\/otech.uaeh.edu.mx\/noti\/robt\/mision-colibri-la-agencia-espacial-mexicana-mandara-un-nanosatelite-al-espacio-su-nombre-es-pakal\/#primaryimage","url":"https:\/\/otech.uaeh.edu.mx\/noti\/wp-content\/uploads\/2019\/06\/1366_2000-1.jpg","contentUrl":"https:\/\/otech.uaeh.edu.mx\/noti\/wp-content\/uploads\/2019\/06\/1366_2000-1.jpg","width":1366,"height":909},{"@type":"BreadcrumbList","@id":"https:\/\/otech.uaeh.edu.mx\/noti\/robt\/mision-colibri-la-agencia-espacial-mexicana-mandara-un-nanosatelite-al-espacio-su-nombre-es-pakal\/#breadcrumb","itemListElement":[{"@type":"ListItem","position":1,"name":"Inicio","item":"https:\/\/otech.uaeh.edu.mx\/noti\/"},{"@type":"ListItem","position":2,"name":"Misi\u00f3n Colibr\u00ed: la Agencia Espacial Mexicana mandar\u00e1 un nanosat\u00e9lite al espacio, su nombre es &#8216;Pakal&#8217;"}]},{"@type":"WebSite","@id":"https:\/\/otech.uaeh.edu.mx\/noti\/#website","url":"https:\/\/otech.uaeh.edu.mx\/noti\/","name":"Observatorio Tecnol\u00f3gico de Hidalgo","description":"","publisher":{"@id":"https:\/\/otech.uaeh.edu.mx\/noti\/#organization"},"potentialAction":[{"@type":"SearchAction","target":{"@type":"EntryPoint","urlTemplate":"https:\/\/otech.uaeh.edu.mx\/noti\/?s={search_term_string}"},"query-input":{"@type":"PropertyValueSpecification","valueRequired":true,"valueName":"search_term_string"}}],"inLanguage":"en-US"},{"@type":"Organization","@id":"https:\/\/otech.uaeh.edu.mx\/noti\/#organization","name":"Observatorio Tecnol\u00f3gico de Hidalgo","url":"https:\/\/otech.uaeh.edu.mx\/noti\/","logo":{"@type":"ImageObject","inLanguage":"en-US","@id":"https:\/\/otech.uaeh.edu.mx\/noti\/#\/schema\/logo\/image\/","url":"https:\/\/otech.uaeh.edu.mx\/noti\/wp-content\/uploads\/2025\/11\/Logo-circulo.png","contentUrl":"https:\/\/otech.uaeh.edu.mx\/noti\/wp-content\/uploads\/2025\/11\/Logo-circulo.png","width":250,"height":250,"caption":"Observatorio Tecnol\u00f3gico de Hidalgo"},"image":{"@id":"https:\/\/otech.uaeh.edu.mx\/noti\/#\/schema\/logo\/image\/"},"sameAs":["https:\/\/www.facebook.com\/observatoriouaeh","https:\/\/x.com\/OBSERVATORIOEH"]},{"@type":"Person","@id":"https:\/\/otech.uaeh.edu.mx\/noti\/#\/schema\/person\/95263d004158ffabcd98137e1d0abc1c","name":"admin","image":{"@type":"ImageObject","inLanguage":"en-US","@id":"https:\/\/otech.uaeh.edu.mx\/noti\/#\/schema\/person\/image\/","url":"https:\/\/secure.gravatar.com\/avatar\/08dd17208ee6a9e87c5a01c0a5f4c96c8ed24bf05e625630929b5b6a7c1ffa5f?s=96&d=mm&r=g","contentUrl":"https:\/\/secure.gravatar.com\/avatar\/08dd17208ee6a9e87c5a01c0a5f4c96c8ed24bf05e625630929b5b6a7c1ffa5f?s=96&d=mm&r=g","caption":"admin"},"url":"https:\/\/otech.uaeh.edu.mx\/noti\/author\/admin\/"}]}},"_links":{"self":[{"href":"https:\/\/otech.uaeh.edu.mx\/noti\/wp-json\/wp\/v2\/posts\/16365","targetHints":{"allow":["GET"]}}],"collection":[{"href":"https:\/\/otech.uaeh.edu.mx\/noti\/wp-json\/wp\/v2\/posts"}],"about":[{"href":"https:\/\/otech.uaeh.edu.mx\/noti\/wp-json\/wp\/v2\/types\/post"}],"author":[{"embeddable":true,"href":"https:\/\/otech.uaeh.edu.mx\/noti\/wp-json\/wp\/v2\/users\/1"}],"replies":[{"embeddable":true,"href":"https:\/\/otech.uaeh.edu.mx\/noti\/wp-json\/wp\/v2\/comments?post=16365"}],"version-history":[{"count":1,"href":"https:\/\/otech.uaeh.edu.mx\/noti\/wp-json\/wp\/v2\/posts\/16365\/revisions"}],"predecessor-version":[{"id":16367,"href":"https:\/\/otech.uaeh.edu.mx\/noti\/wp-json\/wp\/v2\/posts\/16365\/revisions\/16367"}],"wp:featuredmedia":[{"embeddable":true,"href":"https:\/\/otech.uaeh.edu.mx\/noti\/wp-json\/wp\/v2\/media\/16366"}],"wp:attachment":[{"href":"https:\/\/otech.uaeh.edu.mx\/noti\/wp-json\/wp\/v2\/media?parent=16365"}],"wp:term":[{"taxonomy":"category","embeddable":true,"href":"https:\/\/otech.uaeh.edu.mx\/noti\/wp-json\/wp\/v2\/categories?post=16365"},{"taxonomy":"post_tag","embeddable":true,"href":"https:\/\/otech.uaeh.edu.mx\/noti\/wp-json\/wp\/v2\/tags?post=16365"}],"curies":[{"name":"wp","href":"https:\/\/api.w.org\/{rel}","templated":true}]}}