{"id":16703,"date":"2019-06-26T09:32:21","date_gmt":"2019-06-26T15:32:21","guid":{"rendered":"http:\/\/otech.uaeh.edu.mx\/noti\/?p=16703"},"modified":"2019-06-26T09:53:00","modified_gmt":"2019-06-26T15:53:00","slug":"las-herramientas-definitivas-para-conciliar-vida-personal-y-laboral","status":"publish","type":"post","link":"https:\/\/otech.uaeh.edu.mx\/noti\/sociedad\/las-herramientas-definitivas-para-conciliar-vida-personal-y-laboral\/","title":{"rendered":"Las herramientas definitivas para conciliar vida personal y laboral"},"content":{"rendered":"<div class=\"articulo-cuerpo\" id=\"cuerpo_noticia\" itemprop=\"articleBody\">\n<p>Cada vez falta menos para que el museo de las reliquias de oficina le haga un hueco al puesto de trabajo conformado por un ordenador de escritorio y un tel\u00e9fono fijo. Ahora, las compa\u00f1\u00edas prefieren<span>\u00a0<\/span>aportar m\u00e1s agilidad y flexibilidad<span>\u00a0<\/span>a<!--more--> sus profesionales mediante tres tipos de herramientas: nuevos dispositivos de acceso al entorno corporativo (tabletas, tel\u00e9fonos inteligentes, port\u00e1tiles&#8230;), aplicaciones de colaboraci\u00f3n y sistemas de comunicaci\u00f3n de voz y datos. &#8220;Esto genera una nueva experiencia donde el puesto de trabajo ya no es un lugar al que acudir, sino un momento elegido por cada profesional que puede adaptarse a la vida personal. Cada uno escoge cu\u00e1ndo ser\u00e1 m\u00e1s productivo&#8221;, se\u00f1ala<span>\u00a0<\/span><strong>Bel\u00e9n Espejo, jefa de Desarrollo de Negocio Digital Workplace, Voz y Colaboraci\u00f3n en Telef\u00f3nica Empresas<\/strong>. Gracias a esto, el viaje del empleado digital empieza y termina cuando y donde decide el trabajador.<\/p>\n<section class=\"sumario_include centro\" id=\"sumario_1|include\">\n<div class=\"sumario__interior\">\n<div class=\"sumario-texto\">\n<section class=\"empleada absoluta\" id=\"seccion1\">\n<div class=\"empleada__inner\">\n<div class=\"empleada_imagenes\">\n<div class=\"empleada_imagenes_bloque empleada_imagenes_1\"><span class=\"play_icon\"><\/span><\/div>\n<\/div>\n<div class=\"empleada_textos\">\n<div>\n<h5>Siempre conectados<\/h5>\n<p><span>Ya no hay barreras f\u00edsicas. Gracias a la<\/span><span>\u00a0<\/span><span>flexibilidad de los dispositivos m\u00f3viles y a<\/span><span>\u00a0<\/span><span>las aplicaciones que llevan instaladas, el<\/span><span>\u00a0<\/span><span>empleado digital\u00a0puede preparar su<\/span><span>\u00a0<\/span><span>jornada laboral desde cualquier sitio, sin<\/span><span>\u00a0<\/span><span>tener que poner los pies en la oficina. As\u00ed<\/span><span>\u00a0<\/span><span>puede salir de casa un poco m\u00e1s tarde y<\/span><span>\u00a0<\/span><span>desayunar tranquilamente o resolver otros<\/span><span>\u00a0<\/span><span>quehaceres de su vida personal.<\/span><span>\u00a0<\/span><span>La \u2018magia\u2019 de la tecnolog\u00eda permite tener<\/span><span>\u00a0<\/span><span>acceso a\u00a0<strong>una oficina m\u00f3vil<\/strong>\u00a0desde la<\/span><span>\u00a0<\/span><span>comodidad del hogar.<\/span><\/p>\n<\/div>\n<div>\n<p><span>La movilidad extrema hace que el puesto<\/span><span>\u00a0<\/span><span>de trabajo ya no sea un lugar al que acudir,<\/span><span>\u00a0<\/span><span>sino un espacio al que acceder. Ahora,<\/span><span>\u00a0<\/span><span>cualquier lugar y momento es propicio para<\/span><span>\u00a0<\/span><span>mantener el control sobre la agenda digital, el<\/span><span>\u00a0<\/span><span>correo electr\u00f3nico, las presentaciones de<\/span><span>\u00a0<\/span><span>proyectos y un sinf\u00edn de\u00a0<strong>herramientas de<\/strong><\/span><span>\u00a0<\/span><span><strong>colaboraci\u00f3n<\/strong>\u00a0con las que trabajar es mucho<\/span><span>\u00a0<\/span><span>m\u00e1s sencillo y la informaci\u00f3n que se necesita<\/span><span>\u00a0<\/span><span>est\u00e1 siempre disponible.<\/span><\/p>\n<\/div>\n<\/div>\n<\/div>\n<\/section>\n<section class=\"empleada absoluta\" id=\"seccion2\">\n<div class=\"empleada__inner\">\n<div class=\"empleada_imagenes\">\n<div class=\"empleada_imagenes_bloque empleada_imagenes_2\"><span class=\"play_icon\"><\/span><\/div>\n<\/div>\n<div class=\"empleada_textos\">\n<div>\n<h5>Comunicaci\u00f3n \u00e1gil<\/h5>\n<p><span>Una vez en la oficina, el empleado digital tiene<\/span><span>\u00a0<\/span><span>a su alcance herramientas que facilitan su d\u00eda<\/span><span>\u00a0<\/span><span>a d\u00eda, como las que desde una misma<\/span><span>\u00a0<\/span><span>plataforma permiten comunicarse con voz,<\/span><span>\u00a0<\/span><span>imagen o texto, as\u00ed como compartir todo tipo<\/span><span>\u00a0<\/span><span>de documentos en distintos formatos. Este es<\/span><span>\u00a0<\/span><span>el caso, por ejemplo, de las<\/span><span>\u00a0<\/span><span><strong>videoconferencias<\/strong>, que se han convertido en<\/span><span>\u00a0<\/span><span>la manera m\u00e1s sencilla y \u00e1gil de comunicaci\u00f3n<\/span><span>\u00a0<\/span><span>frente a las reuniones presenciales.<\/span><\/p>\n<\/div>\n<div>\n<p><span>Adem\u00e1s, si durante una videoconferencia<\/span><span>\u00a0<\/span><span>surgen dudas que el profesional debe<\/span><span>\u00a0<\/span><span>consultar con compa\u00f1eros que est\u00e1n en una<\/span><span>\u00a0<\/span><span>ubicaci\u00f3n distinta, puede comunicarse con<\/span><span>\u00a0<\/span><span>ellos a trav\u00e9s de\u00a0<strong>espacios colaborativos y<\/strong><\/span><span>\u00a0<\/span><span><strong>aplicaciones de mensajer\u00eda instant\u00e1nea<\/strong>.<\/span><span>\u00a0<\/span><span>Compartir documentos, resolver dudas y<\/span><span>\u00a0<\/span><span>trabajar en nuevos proyectos se realiza de<\/span><span>\u00a0<\/span><span>manera virtual y en tiempo real.<\/span><\/p>\n<\/div>\n<\/div>\n<\/div>\n<\/section>\n<section class=\"empleada absoluta\" id=\"seccion3\">\n<div class=\"empleada__inner\">\n<div class=\"empleada_imagenes\">\n<div class=\"empleada_imagenes_bloque empleada_imagenes_3\"><span class=\"play_icon\"><\/span><\/div>\n<\/div>\n<div class=\"empleada_textos\">\n<div>\n<h5>Todo es m\u00f3vil<\/h5>\n<p><span>\u00bfCu\u00e1les son las ventajas de que la nube sea la<\/span><span>\u00a0<\/span><span>nueva mesa de trabajo? Incontables. Esta<\/span><span>\u00a0<\/span><span><strong>ubicuidad de los datos<\/strong>\u00a0posibilita la<\/span><span>\u00a0<\/span><span>incorporaci\u00f3n de novedosas soluciones y la<\/span><span>\u00a0<\/span><span>perfecta sincronizaci\u00f3n de varios dispositivos<\/span><span>\u00a0<\/span><span>para tener una experiencia m\u00e1s productiva. El<\/span><span>\u00a0<\/span><span>profesional desarrolla su actividad en\u00a0<a href=\"https:\/\/empresas.blogthinkbig.com\/ultramovilidad-un-nuevo-superpoder-para-los-digital-workers\/??utm_source=elpais&amp;utm_campaign=empleadodig3\" target=\"_blank\" rel=\"noopener\">un<\/a><\/span><span>\u00a0<\/span><span>entorno m\u00f3vil\u00a0con una gesti\u00f3n mucho m\u00e1s<\/span><span>\u00a0<\/span><span>eficiente de la informaci\u00f3n.<\/span><\/p>\n<\/div>\n<div>\n<p><span>El puesto de trabajo ha dejado de ser est\u00e1tico<\/span><span>\u00a0<\/span><span>gracias a la tecnolog\u00eda. Si esto se acompa\u00f1a de<\/span><span>\u00a0<\/span><span><strong>espacios abiertos<\/strong>\u00a0que facilitan la puesta en<\/span><span>\u00a0<\/span><span>marcha de nuevas metodolog\u00edas, la<\/span><span>\u00a0<\/span><span>informaci\u00f3n fluye de manera natural entre<\/span><span>\u00a0<\/span><span>compa\u00f1eros y se establecen sinergias<\/span><span>\u00a0<\/span><span>entre equipos de trabajo de unidades de<\/span><span>negocio diferentes. La transversalidad manda.<\/span><\/p>\n<\/div>\n<\/div>\n<\/div>\n<\/section>\n<section class=\"empleada absoluta\" id=\"seccion4\">\n<div class=\"empleada__inner\">\n<div class=\"empleada_imagenes\">\n<div class=\"empleada_imagenes_bloque empleada_imagenes_4\"><span class=\"play_icon\"><\/span><\/div>\n<\/div>\n<div class=\"empleada_textos\">\n<div>\n<h5>Seguridad sin l\u00edmites<\/h5>\n<p><span>De vuelta a casa, el empleado siempre tiene el<\/span><span>\u00a0<\/span><span>control sobre su equipo de trabajo. Incluso en<\/span><span>\u00a0<\/span><span>los momentos en los que se presenta una<\/span><span>\u00a0<\/span><span>incidencia. Hoy, el profesional digital cuenta<\/span><span>\u00a0<\/span><span>con plataformas para hacer frente a cualquier<\/span><span>\u00a0<\/span><span>tipo de eventualidad. Y si no logra resolverlas<\/span><span>\u00a0<\/span><span>por s\u00ed mismo, siempre puede recurrir a la<\/span><span>\u00a0<\/span><span>ayuda del\u00a0<strong>Service Desk<\/strong>, un servicio<\/span><span>\u00a0<\/span><span>contratado por muchas compa\u00f1\u00edas para<\/span><span>\u00a0<\/span><span>prestar soporte t\u00e9cnico de manera remota.<\/span><\/p>\n<\/div>\n<div>\n<p><span>Y como no todo en la vida es trabajar ni<\/span><span>\u00a0<\/span><span>permanecer las 24 horas del d\u00eda pendiente de<\/span><span>\u00a0<\/span><span>la actividad laboral, todos los dispositivos y<\/span><span>\u00a0<\/span><span>herramientas disponen de opciones para la<\/span><span>\u00a0<\/span><span><strong>\u201cdesconexi\u00f3n digital\u201d<\/strong>, as\u00ed que el empleado<\/span><span>\u00a0<\/span><span>decide en qu\u00e9 momento dejar\u00e1 de recibir<\/span><span>\u00a0<\/span><span>avisos de sus compa\u00f1eros o clientes.<\/span><\/p>\n<\/div>\n<\/div>\n<\/div>\n<\/section>\n<\/div>\n<\/div>\n<\/section>\n<h5><span>\u00bfC\u00f3mo resolver una incidencia?<\/span><\/h5>\n<p>\u00bfAlg\u00fan problema con su PC o dispositivo m\u00f3vil?, \u00bfno consigue conectarse a la red?, \u00bfnecesita alguna actualizaci\u00f3n en el software de su equipo? El<span>\u00a0<\/span>Service Desk<span>\u00a0<\/span>es la soluci\u00f3n ideal para resolver desde las m\u00e1s simples hasta las m\u00e1s complicadas incidencias, sobre todo a aquellos empleados digitales con flexibilidad para trabajar desde y cuando quieran. Este servicio &#8211; que funciona como un punto central de contacto entre el proveedor de TI y el usuario final &#8211; facilita la soluci\u00f3n de cualquier contratiempo tecnol\u00f3gico de una manera \u00e1gil y sencilla. Funciona a distintos niveles:<\/p>\n<section class=\"sumario_html centro\" id=\"sumario_2|html\"><a name=\"sumario_2\"><\/a><\/p>\n<div class=\"sumario__interior\">\n<div class=\"sumario-texto\">\n<div>\n<div><iframe loading=\"lazy\" width=\"640px\" height=\"500px\" type=\"text\/html\" frameborder=\"0\" src=\"https:\/\/view.genial.ly\/5d0a52f10ddc3b0f46e9a3e0\" allowscriptaccess=\"always\" allowfullscreen=\"allowfullscreen\" scrolling=\"yes\" allownetworking=\"all\" data-mce-fragment=\"1\"><\/iframe><\/div>\n<\/div>\n<\/div>\n<\/div>\n<\/section>\n<\/div>\n<p><strong>Fuente: El Pais<\/strong><\/p>\n","protected":false},"excerpt":{"rendered":"<p>Cada vez falta menos para que el museo de las reliquias de oficina le haga un hueco al puesto de trabajo conformado por un ordenador de escritorio y un tel\u00e9fono fijo. Ahora, las compa\u00f1\u00edas prefieren\u00a0aportar m\u00e1s agilidad y flexibilidad\u00a0a<\/p>\n","protected":false},"author":1,"featured_media":16704,"comment_status":"open","ping_status":"open","sticky":false,"template":"","format":"standard","meta":{"footnotes":""},"categories":[378],"tags":[],"class_list":["post-16703","post","type-post","status-publish","format-standard","has-post-thumbnail","hentry","category-sociedad"],"yoast_head":"<!-- This site is optimized with the Yoast SEO plugin v26.7 - https:\/\/yoast.com\/wordpress\/plugins\/seo\/ -->\n<title>Las herramientas definitivas para conciliar vida personal y laboral - Observatorio Tecnol\u00f3gico de Hidalgo<\/title>\n<meta name=\"robots\" content=\"index, follow, max-snippet:-1, max-image-preview:large, max-video-preview:-1\" \/>\n<link rel=\"canonical\" href=\"https:\/\/otech.uaeh.edu.mx\/noti\/sociedad\/las-herramientas-definitivas-para-conciliar-vida-personal-y-laboral\/\" \/>\n<meta property=\"og:locale\" content=\"en_US\" \/>\n<meta property=\"og:type\" content=\"article\" \/>\n<meta property=\"og:title\" content=\"Las herramientas definitivas para conciliar vida personal y laboral - Observatorio Tecnol\u00f3gico de Hidalgo\" \/>\n<meta property=\"og:description\" content=\"Cada vez falta menos para que el museo de las reliquias de oficina le haga un hueco al puesto de trabajo conformado por un ordenador de escritorio y un tel\u00e9fono fijo. Ahora, las compa\u00f1\u00edas prefieren\u00a0aportar m\u00e1s agilidad y flexibilidad\u00a0a\" \/>\n<meta property=\"og:url\" content=\"https:\/\/otech.uaeh.edu.mx\/noti\/sociedad\/las-herramientas-definitivas-para-conciliar-vida-personal-y-laboral\/\" \/>\n<meta property=\"og:site_name\" content=\"Observatorio Tecnol\u00f3gico de Hidalgo\" \/>\n<meta property=\"article:publisher\" content=\"https:\/\/www.facebook.com\/observatoriouaeh\" \/>\n<meta property=\"article:published_time\" content=\"2019-06-26T15:32:21+00:00\" \/>\n<meta property=\"article:modified_time\" content=\"2019-06-26T15:53:00+00:00\" \/>\n<meta property=\"og:image\" content=\"https:\/\/otech.uaeh.edu.mx\/noti\/wp-content\/uploads\/2019\/06\/Notic.8-15.jpg\" \/>\n\t<meta property=\"og:image:width\" content=\"600\" \/>\n\t<meta property=\"og:image:height\" content=\"350\" \/>\n\t<meta property=\"og:image:type\" content=\"image\/jpeg\" \/>\n<meta name=\"author\" content=\"admin\" \/>\n<meta name=\"twitter:card\" content=\"summary_large_image\" \/>\n<meta name=\"twitter:creator\" content=\"@OBSERVATORIOEH\" \/>\n<meta name=\"twitter:site\" content=\"@OBSERVATORIOEH\" \/>\n<meta name=\"twitter:label1\" content=\"Written by\" \/>\n\t<meta name=\"twitter:data1\" content=\"admin\" \/>\n\t<meta name=\"twitter:label2\" content=\"Est. reading time\" \/>\n\t<meta name=\"twitter:data2\" content=\"4 minutes\" \/>\n<script type=\"application\/ld+json\" class=\"yoast-schema-graph\">{\"@context\":\"https:\/\/schema.org\",\"@graph\":[{\"@type\":\"Article\",\"@id\":\"https:\/\/otech.uaeh.edu.mx\/noti\/sociedad\/las-herramientas-definitivas-para-conciliar-vida-personal-y-laboral\/#article\",\"isPartOf\":{\"@id\":\"https:\/\/otech.uaeh.edu.mx\/noti\/sociedad\/las-herramientas-definitivas-para-conciliar-vida-personal-y-laboral\/\"},\"author\":{\"name\":\"admin\",\"@id\":\"https:\/\/otech.uaeh.edu.mx\/noti\/#\/schema\/person\/95263d004158ffabcd98137e1d0abc1c\"},\"headline\":\"Las herramientas definitivas para conciliar vida personal y laboral\",\"datePublished\":\"2019-06-26T15:32:21+00:00\",\"dateModified\":\"2019-06-26T15:53:00+00:00\",\"mainEntityOfPage\":{\"@id\":\"https:\/\/otech.uaeh.edu.mx\/noti\/sociedad\/las-herramientas-definitivas-para-conciliar-vida-personal-y-laboral\/\"},\"wordCount\":824,\"commentCount\":0,\"publisher\":{\"@id\":\"https:\/\/otech.uaeh.edu.mx\/noti\/#organization\"},\"image\":{\"@id\":\"https:\/\/otech.uaeh.edu.mx\/noti\/sociedad\/las-herramientas-definitivas-para-conciliar-vida-personal-y-laboral\/#primaryimage\"},\"thumbnailUrl\":\"https:\/\/otech.uaeh.edu.mx\/noti\/wp-content\/uploads\/2019\/06\/Notic.8-15.jpg\",\"articleSection\":[\"Sociedad\"],\"inLanguage\":\"en-US\",\"potentialAction\":[{\"@type\":\"CommentAction\",\"name\":\"Comment\",\"target\":[\"https:\/\/otech.uaeh.edu.mx\/noti\/sociedad\/las-herramientas-definitivas-para-conciliar-vida-personal-y-laboral\/#respond\"]}]},{\"@type\":\"WebPage\",\"@id\":\"https:\/\/otech.uaeh.edu.mx\/noti\/sociedad\/las-herramientas-definitivas-para-conciliar-vida-personal-y-laboral\/\",\"url\":\"https:\/\/otech.uaeh.edu.mx\/noti\/sociedad\/las-herramientas-definitivas-para-conciliar-vida-personal-y-laboral\/\",\"name\":\"Las herramientas definitivas para conciliar vida personal y laboral - Observatorio Tecnol\u00f3gico de Hidalgo\",\"isPartOf\":{\"@id\":\"https:\/\/otech.uaeh.edu.mx\/noti\/#website\"},\"primaryImageOfPage\":{\"@id\":\"https:\/\/otech.uaeh.edu.mx\/noti\/sociedad\/las-herramientas-definitivas-para-conciliar-vida-personal-y-laboral\/#primaryimage\"},\"image\":{\"@id\":\"https:\/\/otech.uaeh.edu.mx\/noti\/sociedad\/las-herramientas-definitivas-para-conciliar-vida-personal-y-laboral\/#primaryimage\"},\"thumbnailUrl\":\"https:\/\/otech.uaeh.edu.mx\/noti\/wp-content\/uploads\/2019\/06\/Notic.8-15.jpg\",\"datePublished\":\"2019-06-26T15:32:21+00:00\",\"dateModified\":\"2019-06-26T15:53:00+00:00\",\"breadcrumb\":{\"@id\":\"https:\/\/otech.uaeh.edu.mx\/noti\/sociedad\/las-herramientas-definitivas-para-conciliar-vida-personal-y-laboral\/#breadcrumb\"},\"inLanguage\":\"en-US\",\"potentialAction\":[{\"@type\":\"ReadAction\",\"target\":[\"https:\/\/otech.uaeh.edu.mx\/noti\/sociedad\/las-herramientas-definitivas-para-conciliar-vida-personal-y-laboral\/\"]}]},{\"@type\":\"ImageObject\",\"inLanguage\":\"en-US\",\"@id\":\"https:\/\/otech.uaeh.edu.mx\/noti\/sociedad\/las-herramientas-definitivas-para-conciliar-vida-personal-y-laboral\/#primaryimage\",\"url\":\"https:\/\/otech.uaeh.edu.mx\/noti\/wp-content\/uploads\/2019\/06\/Notic.8-15.jpg\",\"contentUrl\":\"https:\/\/otech.uaeh.edu.mx\/noti\/wp-content\/uploads\/2019\/06\/Notic.8-15.jpg\",\"width\":600,\"height\":350},{\"@type\":\"BreadcrumbList\",\"@id\":\"https:\/\/otech.uaeh.edu.mx\/noti\/sociedad\/las-herramientas-definitivas-para-conciliar-vida-personal-y-laboral\/#breadcrumb\",\"itemListElement\":[{\"@type\":\"ListItem\",\"position\":1,\"name\":\"Inicio\",\"item\":\"https:\/\/otech.uaeh.edu.mx\/noti\/\"},{\"@type\":\"ListItem\",\"position\":2,\"name\":\"Las herramientas definitivas para conciliar vida personal y laboral\"}]},{\"@type\":\"WebSite\",\"@id\":\"https:\/\/otech.uaeh.edu.mx\/noti\/#website\",\"url\":\"https:\/\/otech.uaeh.edu.mx\/noti\/\",\"name\":\"Observatorio Tecnol\u00f3gico de Hidalgo\",\"description\":\"\",\"publisher\":{\"@id\":\"https:\/\/otech.uaeh.edu.mx\/noti\/#organization\"},\"potentialAction\":[{\"@type\":\"SearchAction\",\"target\":{\"@type\":\"EntryPoint\",\"urlTemplate\":\"https:\/\/otech.uaeh.edu.mx\/noti\/?s={search_term_string}\"},\"query-input\":{\"@type\":\"PropertyValueSpecification\",\"valueRequired\":true,\"valueName\":\"search_term_string\"}}],\"inLanguage\":\"en-US\"},{\"@type\":\"Organization\",\"@id\":\"https:\/\/otech.uaeh.edu.mx\/noti\/#organization\",\"name\":\"Observatorio Tecnol\u00f3gico de Hidalgo\",\"url\":\"https:\/\/otech.uaeh.edu.mx\/noti\/\",\"logo\":{\"@type\":\"ImageObject\",\"inLanguage\":\"en-US\",\"@id\":\"https:\/\/otech.uaeh.edu.mx\/noti\/#\/schema\/logo\/image\/\",\"url\":\"https:\/\/otech.uaeh.edu.mx\/noti\/wp-content\/uploads\/2025\/11\/Logo-circulo.png\",\"contentUrl\":\"https:\/\/otech.uaeh.edu.mx\/noti\/wp-content\/uploads\/2025\/11\/Logo-circulo.png\",\"width\":250,\"height\":250,\"caption\":\"Observatorio Tecnol\u00f3gico de Hidalgo\"},\"image\":{\"@id\":\"https:\/\/otech.uaeh.edu.mx\/noti\/#\/schema\/logo\/image\/\"},\"sameAs\":[\"https:\/\/www.facebook.com\/observatoriouaeh\",\"https:\/\/x.com\/OBSERVATORIOEH\"]},{\"@type\":\"Person\",\"@id\":\"https:\/\/otech.uaeh.edu.mx\/noti\/#\/schema\/person\/95263d004158ffabcd98137e1d0abc1c\",\"name\":\"admin\",\"image\":{\"@type\":\"ImageObject\",\"inLanguage\":\"en-US\",\"@id\":\"https:\/\/otech.uaeh.edu.mx\/noti\/#\/schema\/person\/image\/\",\"url\":\"https:\/\/secure.gravatar.com\/avatar\/08dd17208ee6a9e87c5a01c0a5f4c96c8ed24bf05e625630929b5b6a7c1ffa5f?s=96&d=mm&r=g\",\"contentUrl\":\"https:\/\/secure.gravatar.com\/avatar\/08dd17208ee6a9e87c5a01c0a5f4c96c8ed24bf05e625630929b5b6a7c1ffa5f?s=96&d=mm&r=g\",\"caption\":\"admin\"},\"url\":\"https:\/\/otech.uaeh.edu.mx\/noti\/author\/admin\/\"}]}<\/script>\n<!-- \/ Yoast SEO plugin. -->","yoast_head_json":{"title":"Las herramientas definitivas para conciliar vida personal y laboral - Observatorio Tecnol\u00f3gico de Hidalgo","robots":{"index":"index","follow":"follow","max-snippet":"max-snippet:-1","max-image-preview":"max-image-preview:large","max-video-preview":"max-video-preview:-1"},"canonical":"https:\/\/otech.uaeh.edu.mx\/noti\/sociedad\/las-herramientas-definitivas-para-conciliar-vida-personal-y-laboral\/","og_locale":"en_US","og_type":"article","og_title":"Las herramientas definitivas para conciliar vida personal y laboral - Observatorio Tecnol\u00f3gico de Hidalgo","og_description":"Cada vez falta menos para que el museo de las reliquias de oficina le haga un hueco al puesto de trabajo conformado por un ordenador de escritorio y un tel\u00e9fono fijo. Ahora, las compa\u00f1\u00edas prefieren\u00a0aportar m\u00e1s agilidad y flexibilidad\u00a0a","og_url":"https:\/\/otech.uaeh.edu.mx\/noti\/sociedad\/las-herramientas-definitivas-para-conciliar-vida-personal-y-laboral\/","og_site_name":"Observatorio Tecnol\u00f3gico de Hidalgo","article_publisher":"https:\/\/www.facebook.com\/observatoriouaeh","article_published_time":"2019-06-26T15:32:21+00:00","article_modified_time":"2019-06-26T15:53:00+00:00","og_image":[{"width":600,"height":350,"url":"https:\/\/otech.uaeh.edu.mx\/noti\/wp-content\/uploads\/2019\/06\/Notic.8-15.jpg","type":"image\/jpeg"}],"author":"admin","twitter_card":"summary_large_image","twitter_creator":"@OBSERVATORIOEH","twitter_site":"@OBSERVATORIOEH","twitter_misc":{"Written by":"admin","Est. reading time":"4 minutes"},"schema":{"@context":"https:\/\/schema.org","@graph":[{"@type":"Article","@id":"https:\/\/otech.uaeh.edu.mx\/noti\/sociedad\/las-herramientas-definitivas-para-conciliar-vida-personal-y-laboral\/#article","isPartOf":{"@id":"https:\/\/otech.uaeh.edu.mx\/noti\/sociedad\/las-herramientas-definitivas-para-conciliar-vida-personal-y-laboral\/"},"author":{"name":"admin","@id":"https:\/\/otech.uaeh.edu.mx\/noti\/#\/schema\/person\/95263d004158ffabcd98137e1d0abc1c"},"headline":"Las herramientas definitivas para conciliar vida personal y laboral","datePublished":"2019-06-26T15:32:21+00:00","dateModified":"2019-06-26T15:53:00+00:00","mainEntityOfPage":{"@id":"https:\/\/otech.uaeh.edu.mx\/noti\/sociedad\/las-herramientas-definitivas-para-conciliar-vida-personal-y-laboral\/"},"wordCount":824,"commentCount":0,"publisher":{"@id":"https:\/\/otech.uaeh.edu.mx\/noti\/#organization"},"image":{"@id":"https:\/\/otech.uaeh.edu.mx\/noti\/sociedad\/las-herramientas-definitivas-para-conciliar-vida-personal-y-laboral\/#primaryimage"},"thumbnailUrl":"https:\/\/otech.uaeh.edu.mx\/noti\/wp-content\/uploads\/2019\/06\/Notic.8-15.jpg","articleSection":["Sociedad"],"inLanguage":"en-US","potentialAction":[{"@type":"CommentAction","name":"Comment","target":["https:\/\/otech.uaeh.edu.mx\/noti\/sociedad\/las-herramientas-definitivas-para-conciliar-vida-personal-y-laboral\/#respond"]}]},{"@type":"WebPage","@id":"https:\/\/otech.uaeh.edu.mx\/noti\/sociedad\/las-herramientas-definitivas-para-conciliar-vida-personal-y-laboral\/","url":"https:\/\/otech.uaeh.edu.mx\/noti\/sociedad\/las-herramientas-definitivas-para-conciliar-vida-personal-y-laboral\/","name":"Las herramientas definitivas para conciliar vida personal y laboral - Observatorio Tecnol\u00f3gico de Hidalgo","isPartOf":{"@id":"https:\/\/otech.uaeh.edu.mx\/noti\/#website"},"primaryImageOfPage":{"@id":"https:\/\/otech.uaeh.edu.mx\/noti\/sociedad\/las-herramientas-definitivas-para-conciliar-vida-personal-y-laboral\/#primaryimage"},"image":{"@id":"https:\/\/otech.uaeh.edu.mx\/noti\/sociedad\/las-herramientas-definitivas-para-conciliar-vida-personal-y-laboral\/#primaryimage"},"thumbnailUrl":"https:\/\/otech.uaeh.edu.mx\/noti\/wp-content\/uploads\/2019\/06\/Notic.8-15.jpg","datePublished":"2019-06-26T15:32:21+00:00","dateModified":"2019-06-26T15:53:00+00:00","breadcrumb":{"@id":"https:\/\/otech.uaeh.edu.mx\/noti\/sociedad\/las-herramientas-definitivas-para-conciliar-vida-personal-y-laboral\/#breadcrumb"},"inLanguage":"en-US","potentialAction":[{"@type":"ReadAction","target":["https:\/\/otech.uaeh.edu.mx\/noti\/sociedad\/las-herramientas-definitivas-para-conciliar-vida-personal-y-laboral\/"]}]},{"@type":"ImageObject","inLanguage":"en-US","@id":"https:\/\/otech.uaeh.edu.mx\/noti\/sociedad\/las-herramientas-definitivas-para-conciliar-vida-personal-y-laboral\/#primaryimage","url":"https:\/\/otech.uaeh.edu.mx\/noti\/wp-content\/uploads\/2019\/06\/Notic.8-15.jpg","contentUrl":"https:\/\/otech.uaeh.edu.mx\/noti\/wp-content\/uploads\/2019\/06\/Notic.8-15.jpg","width":600,"height":350},{"@type":"BreadcrumbList","@id":"https:\/\/otech.uaeh.edu.mx\/noti\/sociedad\/las-herramientas-definitivas-para-conciliar-vida-personal-y-laboral\/#breadcrumb","itemListElement":[{"@type":"ListItem","position":1,"name":"Inicio","item":"https:\/\/otech.uaeh.edu.mx\/noti\/"},{"@type":"ListItem","position":2,"name":"Las herramientas definitivas para conciliar vida personal y laboral"}]},{"@type":"WebSite","@id":"https:\/\/otech.uaeh.edu.mx\/noti\/#website","url":"https:\/\/otech.uaeh.edu.mx\/noti\/","name":"Observatorio Tecnol\u00f3gico de Hidalgo","description":"","publisher":{"@id":"https:\/\/otech.uaeh.edu.mx\/noti\/#organization"},"potentialAction":[{"@type":"SearchAction","target":{"@type":"EntryPoint","urlTemplate":"https:\/\/otech.uaeh.edu.mx\/noti\/?s={search_term_string}"},"query-input":{"@type":"PropertyValueSpecification","valueRequired":true,"valueName":"search_term_string"}}],"inLanguage":"en-US"},{"@type":"Organization","@id":"https:\/\/otech.uaeh.edu.mx\/noti\/#organization","name":"Observatorio Tecnol\u00f3gico de Hidalgo","url":"https:\/\/otech.uaeh.edu.mx\/noti\/","logo":{"@type":"ImageObject","inLanguage":"en-US","@id":"https:\/\/otech.uaeh.edu.mx\/noti\/#\/schema\/logo\/image\/","url":"https:\/\/otech.uaeh.edu.mx\/noti\/wp-content\/uploads\/2025\/11\/Logo-circulo.png","contentUrl":"https:\/\/otech.uaeh.edu.mx\/noti\/wp-content\/uploads\/2025\/11\/Logo-circulo.png","width":250,"height":250,"caption":"Observatorio Tecnol\u00f3gico de Hidalgo"},"image":{"@id":"https:\/\/otech.uaeh.edu.mx\/noti\/#\/schema\/logo\/image\/"},"sameAs":["https:\/\/www.facebook.com\/observatoriouaeh","https:\/\/x.com\/OBSERVATORIOEH"]},{"@type":"Person","@id":"https:\/\/otech.uaeh.edu.mx\/noti\/#\/schema\/person\/95263d004158ffabcd98137e1d0abc1c","name":"admin","image":{"@type":"ImageObject","inLanguage":"en-US","@id":"https:\/\/otech.uaeh.edu.mx\/noti\/#\/schema\/person\/image\/","url":"https:\/\/secure.gravatar.com\/avatar\/08dd17208ee6a9e87c5a01c0a5f4c96c8ed24bf05e625630929b5b6a7c1ffa5f?s=96&d=mm&r=g","contentUrl":"https:\/\/secure.gravatar.com\/avatar\/08dd17208ee6a9e87c5a01c0a5f4c96c8ed24bf05e625630929b5b6a7c1ffa5f?s=96&d=mm&r=g","caption":"admin"},"url":"https:\/\/otech.uaeh.edu.mx\/noti\/author\/admin\/"}]}},"_links":{"self":[{"href":"https:\/\/otech.uaeh.edu.mx\/noti\/wp-json\/wp\/v2\/posts\/16703","targetHints":{"allow":["GET"]}}],"collection":[{"href":"https:\/\/otech.uaeh.edu.mx\/noti\/wp-json\/wp\/v2\/posts"}],"about":[{"href":"https:\/\/otech.uaeh.edu.mx\/noti\/wp-json\/wp\/v2\/types\/post"}],"author":[{"embeddable":true,"href":"https:\/\/otech.uaeh.edu.mx\/noti\/wp-json\/wp\/v2\/users\/1"}],"replies":[{"embeddable":true,"href":"https:\/\/otech.uaeh.edu.mx\/noti\/wp-json\/wp\/v2\/comments?post=16703"}],"version-history":[{"count":1,"href":"https:\/\/otech.uaeh.edu.mx\/noti\/wp-json\/wp\/v2\/posts\/16703\/revisions"}],"predecessor-version":[{"id":16705,"href":"https:\/\/otech.uaeh.edu.mx\/noti\/wp-json\/wp\/v2\/posts\/16703\/revisions\/16705"}],"wp:featuredmedia":[{"embeddable":true,"href":"https:\/\/otech.uaeh.edu.mx\/noti\/wp-json\/wp\/v2\/media\/16704"}],"wp:attachment":[{"href":"https:\/\/otech.uaeh.edu.mx\/noti\/wp-json\/wp\/v2\/media?parent=16703"}],"wp:term":[{"taxonomy":"category","embeddable":true,"href":"https:\/\/otech.uaeh.edu.mx\/noti\/wp-json\/wp\/v2\/categories?post=16703"},{"taxonomy":"post_tag","embeddable":true,"href":"https:\/\/otech.uaeh.edu.mx\/noti\/wp-json\/wp\/v2\/tags?post=16703"}],"curies":[{"name":"wp","href":"https:\/\/api.w.org\/{rel}","templated":true}]}}