{"id":16730,"date":"2019-06-27T08:58:42","date_gmt":"2019-06-27T14:58:42","guid":{"rendered":"http:\/\/otech.uaeh.edu.mx\/noti\/?p=16730"},"modified":"2019-06-27T08:58:42","modified_gmt":"2019-06-27T14:58:42","slug":"el-reto-de-las-zonas-francas-mundiales-convertirse-en-hubs-economicos","status":"publish","type":"post","link":"https:\/\/otech.uaeh.edu.mx\/noti\/economia\/el-reto-de-las-zonas-francas-mundiales-convertirse-en-hubs-economicos\/","title":{"rendered":"El reto de las zonas francas mundiales: convertirse en \u2018hubs\u2019 econ\u00f3micos"},"content":{"rendered":"<p>Las<span>\u00a0<\/span>zonas francas<span>\u00a0<\/span>de todo el mundo tienen deben convertirse en<span>\u00a0<\/span><em>hubs<\/em>econ\u00f3micos de sus respectivas regiones en los pr\u00f3ximos a\u00f1os, el reto de convertirse en un motor m\u00e1s de la riqueza local. Esta ha sido la principal conclusi\u00f3n de la primera jornada del encuentro internacional de este tipo de regiones que ha empezado este mi\u00e9rcoles en<span>\u00a0<\/span><strong>Fira de Barcelona<\/strong>.<\/p>\n<p>El<span>\u00a0<\/span>Consorcio de la Zona Franca (CZFB), presidido por<span>\u00a0<\/span><strong>Pere Navarro<\/strong>, es el impulsor de este encuentro que re\u00fane a expertos en comercio internacional de m\u00e1s de 70 pa\u00edses. Todos ellos comparten sus puntos de vista sobre el futuro de unas infraestructuras que a\u00fanan muchos sectores de actividad y que sufren en carne propia los efectos de la globalizaci\u00f3n (y de la batalla entre EEUU y China) y la digitalizaci\u00f3n de las actividades, el desarrollo de la llamada industria 4.0.<\/p>\n<p>Las<span>\u00a0<\/span>zonas francas<span>\u00a0<\/span>de todo el mundo tienen deben convertirse en<span>\u00a0<\/span><em>hubs<\/em>econ\u00f3micos de sus respectivas regiones en los pr\u00f3ximos a\u00f1os, el reto de convertirse en un motor m\u00e1s de la riqueza local. Esta ha sido la principal conclusi\u00f3n de la primera jornada del encuentro internacional de este tipo de regiones que ha empezado este mi\u00e9rcoles en<span>\u00a0<\/span><strong>Fira de Barcelona<\/strong>.<\/p>\n<p>El<span>\u00a0<\/span>Consorcio de la Zona Franca (CZFB), presidido por<span>\u00a0<\/span><strong>Pere Navarro<\/strong>, es el impulsor de este encuentro que re\u00fane a expertos en comercio internacional de m\u00e1s de 70 pa\u00edses. Todos ellos comparten sus puntos de vista sobre el futuro de unas infraestructuras que a\u00fanan muchos sectores de actividad y que sufren en carne propia los efectos de la globalizaci\u00f3n (y de la batalla entre EEUU y China) y la digitalizaci\u00f3n de las actividades, el desarrollo de la llamada industria 4.0.<\/p>\n<p><strong>Fuente: Cronica Global<\/strong><\/p>\n","protected":false},"excerpt":{"rendered":"<p>Las\u00a0zonas francas\u00a0de todo el mundo tienen deben convertirse en\u00a0hubsecon\u00f3micos de sus respectivas regiones en los pr\u00f3ximos a\u00f1os, el reto de convertirse en un motor m\u00e1s de la riqueza local. Esta ha sido la principal conclusi\u00f3n de la primera jornada del encuentro internacional de este tipo de regiones que ha empezado este mi\u00e9rcoles en\u00a0Fira de Barcelona. [&hellip;]<\/p>\n","protected":false},"author":1,"featured_media":16731,"comment_status":"open","ping_status":"open","sticky":false,"template":"","format":"standard","meta":{"footnotes":""},"categories":[375],"tags":[],"class_list":["post-16730","post","type-post","status-publish","format-standard","has-post-thumbnail","hentry","category-economia"],"yoast_head":"<!-- This site is optimized with the Yoast SEO plugin v26.7 - https:\/\/yoast.com\/wordpress\/plugins\/seo\/ -->\n<title>El reto de las zonas francas mundiales: convertirse en \u2018hubs\u2019 econ\u00f3micos - Observatorio Tecnol\u00f3gico de Hidalgo<\/title>\n<meta name=\"robots\" content=\"index, follow, max-snippet:-1, max-image-preview:large, max-video-preview:-1\" \/>\n<link rel=\"canonical\" href=\"https:\/\/otech.uaeh.edu.mx\/noti\/economia\/el-reto-de-las-zonas-francas-mundiales-convertirse-en-hubs-economicos\/\" \/>\n<meta property=\"og:locale\" content=\"en_US\" \/>\n<meta property=\"og:type\" content=\"article\" \/>\n<meta property=\"og:title\" content=\"El reto de las zonas francas mundiales: convertirse en \u2018hubs\u2019 econ\u00f3micos - Observatorio Tecnol\u00f3gico de Hidalgo\" \/>\n<meta property=\"og:description\" content=\"Las\u00a0zonas francas\u00a0de todo el mundo tienen deben convertirse en\u00a0hubsecon\u00f3micos de sus respectivas regiones en los pr\u00f3ximos a\u00f1os, el reto de convertirse en un motor m\u00e1s de la riqueza local. Esta ha sido la principal conclusi\u00f3n de la primera jornada del encuentro internacional de este tipo de regiones que ha empezado este mi\u00e9rcoles en\u00a0Fira de Barcelona. [&hellip;]\" \/>\n<meta property=\"og:url\" content=\"https:\/\/otech.uaeh.edu.mx\/noti\/economia\/el-reto-de-las-zonas-francas-mundiales-convertirse-en-hubs-economicos\/\" \/>\n<meta property=\"og:site_name\" content=\"Observatorio Tecnol\u00f3gico de Hidalgo\" \/>\n<meta property=\"article:publisher\" content=\"https:\/\/www.facebook.com\/observatoriouaeh\" \/>\n<meta property=\"article:published_time\" content=\"2019-06-27T14:58:42+00:00\" \/>\n<meta property=\"og:image\" content=\"https:\/\/otech.uaeh.edu.mx\/noti\/wp-content\/uploads\/2019\/06\/Notic.7-15.jpg\" \/>\n\t<meta property=\"og:image:width\" content=\"600\" \/>\n\t<meta property=\"og:image:height\" content=\"350\" \/>\n\t<meta property=\"og:image:type\" content=\"image\/jpeg\" \/>\n<meta name=\"author\" content=\"admin\" \/>\n<meta name=\"twitter:card\" content=\"summary_large_image\" \/>\n<meta name=\"twitter:creator\" content=\"@OBSERVATORIOEH\" \/>\n<meta name=\"twitter:site\" content=\"@OBSERVATORIOEH\" \/>\n<meta name=\"twitter:label1\" content=\"Written by\" \/>\n\t<meta name=\"twitter:data1\" content=\"admin\" \/>\n\t<meta name=\"twitter:label2\" content=\"Est. reading time\" \/>\n\t<meta name=\"twitter:data2\" content=\"2 minutes\" \/>\n<script type=\"application\/ld+json\" class=\"yoast-schema-graph\">{\"@context\":\"https:\/\/schema.org\",\"@graph\":[{\"@type\":\"Article\",\"@id\":\"https:\/\/otech.uaeh.edu.mx\/noti\/economia\/el-reto-de-las-zonas-francas-mundiales-convertirse-en-hubs-economicos\/#article\",\"isPartOf\":{\"@id\":\"https:\/\/otech.uaeh.edu.mx\/noti\/economia\/el-reto-de-las-zonas-francas-mundiales-convertirse-en-hubs-economicos\/\"},\"author\":{\"name\":\"admin\",\"@id\":\"https:\/\/otech.uaeh.edu.mx\/noti\/#\/schema\/person\/95263d004158ffabcd98137e1d0abc1c\"},\"headline\":\"El reto de las zonas francas mundiales: convertirse en \u2018hubs\u2019 econ\u00f3micos\",\"datePublished\":\"2019-06-27T14:58:42+00:00\",\"mainEntityOfPage\":{\"@id\":\"https:\/\/otech.uaeh.edu.mx\/noti\/economia\/el-reto-de-las-zonas-francas-mundiales-convertirse-en-hubs-economicos\/\"},\"wordCount\":313,\"commentCount\":0,\"publisher\":{\"@id\":\"https:\/\/otech.uaeh.edu.mx\/noti\/#organization\"},\"image\":{\"@id\":\"https:\/\/otech.uaeh.edu.mx\/noti\/economia\/el-reto-de-las-zonas-francas-mundiales-convertirse-en-hubs-economicos\/#primaryimage\"},\"thumbnailUrl\":\"https:\/\/otech.uaeh.edu.mx\/noti\/wp-content\/uploads\/2019\/06\/Notic.7-15.jpg\",\"articleSection\":[\"Economia\"],\"inLanguage\":\"en-US\",\"potentialAction\":[{\"@type\":\"CommentAction\",\"name\":\"Comment\",\"target\":[\"https:\/\/otech.uaeh.edu.mx\/noti\/economia\/el-reto-de-las-zonas-francas-mundiales-convertirse-en-hubs-economicos\/#respond\"]}]},{\"@type\":\"WebPage\",\"@id\":\"https:\/\/otech.uaeh.edu.mx\/noti\/economia\/el-reto-de-las-zonas-francas-mundiales-convertirse-en-hubs-economicos\/\",\"url\":\"https:\/\/otech.uaeh.edu.mx\/noti\/economia\/el-reto-de-las-zonas-francas-mundiales-convertirse-en-hubs-economicos\/\",\"name\":\"El reto de las zonas francas mundiales: convertirse en \u2018hubs\u2019 econ\u00f3micos - Observatorio Tecnol\u00f3gico de Hidalgo\",\"isPartOf\":{\"@id\":\"https:\/\/otech.uaeh.edu.mx\/noti\/#website\"},\"primaryImageOfPage\":{\"@id\":\"https:\/\/otech.uaeh.edu.mx\/noti\/economia\/el-reto-de-las-zonas-francas-mundiales-convertirse-en-hubs-economicos\/#primaryimage\"},\"image\":{\"@id\":\"https:\/\/otech.uaeh.edu.mx\/noti\/economia\/el-reto-de-las-zonas-francas-mundiales-convertirse-en-hubs-economicos\/#primaryimage\"},\"thumbnailUrl\":\"https:\/\/otech.uaeh.edu.mx\/noti\/wp-content\/uploads\/2019\/06\/Notic.7-15.jpg\",\"datePublished\":\"2019-06-27T14:58:42+00:00\",\"breadcrumb\":{\"@id\":\"https:\/\/otech.uaeh.edu.mx\/noti\/economia\/el-reto-de-las-zonas-francas-mundiales-convertirse-en-hubs-economicos\/#breadcrumb\"},\"inLanguage\":\"en-US\",\"potentialAction\":[{\"@type\":\"ReadAction\",\"target\":[\"https:\/\/otech.uaeh.edu.mx\/noti\/economia\/el-reto-de-las-zonas-francas-mundiales-convertirse-en-hubs-economicos\/\"]}]},{\"@type\":\"ImageObject\",\"inLanguage\":\"en-US\",\"@id\":\"https:\/\/otech.uaeh.edu.mx\/noti\/economia\/el-reto-de-las-zonas-francas-mundiales-convertirse-en-hubs-economicos\/#primaryimage\",\"url\":\"https:\/\/otech.uaeh.edu.mx\/noti\/wp-content\/uploads\/2019\/06\/Notic.7-15.jpg\",\"contentUrl\":\"https:\/\/otech.uaeh.edu.mx\/noti\/wp-content\/uploads\/2019\/06\/Notic.7-15.jpg\",\"width\":600,\"height\":350},{\"@type\":\"BreadcrumbList\",\"@id\":\"https:\/\/otech.uaeh.edu.mx\/noti\/economia\/el-reto-de-las-zonas-francas-mundiales-convertirse-en-hubs-economicos\/#breadcrumb\",\"itemListElement\":[{\"@type\":\"ListItem\",\"position\":1,\"name\":\"Inicio\",\"item\":\"https:\/\/otech.uaeh.edu.mx\/noti\/\"},{\"@type\":\"ListItem\",\"position\":2,\"name\":\"El reto de las zonas francas mundiales: convertirse en \u2018hubs\u2019 econ\u00f3micos\"}]},{\"@type\":\"WebSite\",\"@id\":\"https:\/\/otech.uaeh.edu.mx\/noti\/#website\",\"url\":\"https:\/\/otech.uaeh.edu.mx\/noti\/\",\"name\":\"Observatorio Tecnol\u00f3gico de Hidalgo\",\"description\":\"\",\"publisher\":{\"@id\":\"https:\/\/otech.uaeh.edu.mx\/noti\/#organization\"},\"potentialAction\":[{\"@type\":\"SearchAction\",\"target\":{\"@type\":\"EntryPoint\",\"urlTemplate\":\"https:\/\/otech.uaeh.edu.mx\/noti\/?s={search_term_string}\"},\"query-input\":{\"@type\":\"PropertyValueSpecification\",\"valueRequired\":true,\"valueName\":\"search_term_string\"}}],\"inLanguage\":\"en-US\"},{\"@type\":\"Organization\",\"@id\":\"https:\/\/otech.uaeh.edu.mx\/noti\/#organization\",\"name\":\"Observatorio Tecnol\u00f3gico de Hidalgo\",\"url\":\"https:\/\/otech.uaeh.edu.mx\/noti\/\",\"logo\":{\"@type\":\"ImageObject\",\"inLanguage\":\"en-US\",\"@id\":\"https:\/\/otech.uaeh.edu.mx\/noti\/#\/schema\/logo\/image\/\",\"url\":\"https:\/\/otech.uaeh.edu.mx\/noti\/wp-content\/uploads\/2025\/11\/Logo-circulo.png\",\"contentUrl\":\"https:\/\/otech.uaeh.edu.mx\/noti\/wp-content\/uploads\/2025\/11\/Logo-circulo.png\",\"width\":250,\"height\":250,\"caption\":\"Observatorio Tecnol\u00f3gico de Hidalgo\"},\"image\":{\"@id\":\"https:\/\/otech.uaeh.edu.mx\/noti\/#\/schema\/logo\/image\/\"},\"sameAs\":[\"https:\/\/www.facebook.com\/observatoriouaeh\",\"https:\/\/x.com\/OBSERVATORIOEH\"]},{\"@type\":\"Person\",\"@id\":\"https:\/\/otech.uaeh.edu.mx\/noti\/#\/schema\/person\/95263d004158ffabcd98137e1d0abc1c\",\"name\":\"admin\",\"image\":{\"@type\":\"ImageObject\",\"inLanguage\":\"en-US\",\"@id\":\"https:\/\/otech.uaeh.edu.mx\/noti\/#\/schema\/person\/image\/\",\"url\":\"https:\/\/secure.gravatar.com\/avatar\/08dd17208ee6a9e87c5a01c0a5f4c96c8ed24bf05e625630929b5b6a7c1ffa5f?s=96&d=mm&r=g\",\"contentUrl\":\"https:\/\/secure.gravatar.com\/avatar\/08dd17208ee6a9e87c5a01c0a5f4c96c8ed24bf05e625630929b5b6a7c1ffa5f?s=96&d=mm&r=g\",\"caption\":\"admin\"},\"url\":\"https:\/\/otech.uaeh.edu.mx\/noti\/author\/admin\/\"}]}<\/script>\n<!-- \/ Yoast SEO plugin. -->","yoast_head_json":{"title":"El reto de las zonas francas mundiales: convertirse en \u2018hubs\u2019 econ\u00f3micos - Observatorio Tecnol\u00f3gico de Hidalgo","robots":{"index":"index","follow":"follow","max-snippet":"max-snippet:-1","max-image-preview":"max-image-preview:large","max-video-preview":"max-video-preview:-1"},"canonical":"https:\/\/otech.uaeh.edu.mx\/noti\/economia\/el-reto-de-las-zonas-francas-mundiales-convertirse-en-hubs-economicos\/","og_locale":"en_US","og_type":"article","og_title":"El reto de las zonas francas mundiales: convertirse en \u2018hubs\u2019 econ\u00f3micos - Observatorio Tecnol\u00f3gico de Hidalgo","og_description":"Las\u00a0zonas francas\u00a0de todo el mundo tienen deben convertirse en\u00a0hubsecon\u00f3micos de sus respectivas regiones en los pr\u00f3ximos a\u00f1os, el reto de convertirse en un motor m\u00e1s de la riqueza local. Esta ha sido la principal conclusi\u00f3n de la primera jornada del encuentro internacional de este tipo de regiones que ha empezado este mi\u00e9rcoles en\u00a0Fira de Barcelona. [&hellip;]","og_url":"https:\/\/otech.uaeh.edu.mx\/noti\/economia\/el-reto-de-las-zonas-francas-mundiales-convertirse-en-hubs-economicos\/","og_site_name":"Observatorio Tecnol\u00f3gico de Hidalgo","article_publisher":"https:\/\/www.facebook.com\/observatoriouaeh","article_published_time":"2019-06-27T14:58:42+00:00","og_image":[{"width":600,"height":350,"url":"https:\/\/otech.uaeh.edu.mx\/noti\/wp-content\/uploads\/2019\/06\/Notic.7-15.jpg","type":"image\/jpeg"}],"author":"admin","twitter_card":"summary_large_image","twitter_creator":"@OBSERVATORIOEH","twitter_site":"@OBSERVATORIOEH","twitter_misc":{"Written by":"admin","Est. reading time":"2 minutes"},"schema":{"@context":"https:\/\/schema.org","@graph":[{"@type":"Article","@id":"https:\/\/otech.uaeh.edu.mx\/noti\/economia\/el-reto-de-las-zonas-francas-mundiales-convertirse-en-hubs-economicos\/#article","isPartOf":{"@id":"https:\/\/otech.uaeh.edu.mx\/noti\/economia\/el-reto-de-las-zonas-francas-mundiales-convertirse-en-hubs-economicos\/"},"author":{"name":"admin","@id":"https:\/\/otech.uaeh.edu.mx\/noti\/#\/schema\/person\/95263d004158ffabcd98137e1d0abc1c"},"headline":"El reto de las zonas francas mundiales: convertirse en \u2018hubs\u2019 econ\u00f3micos","datePublished":"2019-06-27T14:58:42+00:00","mainEntityOfPage":{"@id":"https:\/\/otech.uaeh.edu.mx\/noti\/economia\/el-reto-de-las-zonas-francas-mundiales-convertirse-en-hubs-economicos\/"},"wordCount":313,"commentCount":0,"publisher":{"@id":"https:\/\/otech.uaeh.edu.mx\/noti\/#organization"},"image":{"@id":"https:\/\/otech.uaeh.edu.mx\/noti\/economia\/el-reto-de-las-zonas-francas-mundiales-convertirse-en-hubs-economicos\/#primaryimage"},"thumbnailUrl":"https:\/\/otech.uaeh.edu.mx\/noti\/wp-content\/uploads\/2019\/06\/Notic.7-15.jpg","articleSection":["Economia"],"inLanguage":"en-US","potentialAction":[{"@type":"CommentAction","name":"Comment","target":["https:\/\/otech.uaeh.edu.mx\/noti\/economia\/el-reto-de-las-zonas-francas-mundiales-convertirse-en-hubs-economicos\/#respond"]}]},{"@type":"WebPage","@id":"https:\/\/otech.uaeh.edu.mx\/noti\/economia\/el-reto-de-las-zonas-francas-mundiales-convertirse-en-hubs-economicos\/","url":"https:\/\/otech.uaeh.edu.mx\/noti\/economia\/el-reto-de-las-zonas-francas-mundiales-convertirse-en-hubs-economicos\/","name":"El reto de las zonas francas mundiales: convertirse en \u2018hubs\u2019 econ\u00f3micos - Observatorio Tecnol\u00f3gico de Hidalgo","isPartOf":{"@id":"https:\/\/otech.uaeh.edu.mx\/noti\/#website"},"primaryImageOfPage":{"@id":"https:\/\/otech.uaeh.edu.mx\/noti\/economia\/el-reto-de-las-zonas-francas-mundiales-convertirse-en-hubs-economicos\/#primaryimage"},"image":{"@id":"https:\/\/otech.uaeh.edu.mx\/noti\/economia\/el-reto-de-las-zonas-francas-mundiales-convertirse-en-hubs-economicos\/#primaryimage"},"thumbnailUrl":"https:\/\/otech.uaeh.edu.mx\/noti\/wp-content\/uploads\/2019\/06\/Notic.7-15.jpg","datePublished":"2019-06-27T14:58:42+00:00","breadcrumb":{"@id":"https:\/\/otech.uaeh.edu.mx\/noti\/economia\/el-reto-de-las-zonas-francas-mundiales-convertirse-en-hubs-economicos\/#breadcrumb"},"inLanguage":"en-US","potentialAction":[{"@type":"ReadAction","target":["https:\/\/otech.uaeh.edu.mx\/noti\/economia\/el-reto-de-las-zonas-francas-mundiales-convertirse-en-hubs-economicos\/"]}]},{"@type":"ImageObject","inLanguage":"en-US","@id":"https:\/\/otech.uaeh.edu.mx\/noti\/economia\/el-reto-de-las-zonas-francas-mundiales-convertirse-en-hubs-economicos\/#primaryimage","url":"https:\/\/otech.uaeh.edu.mx\/noti\/wp-content\/uploads\/2019\/06\/Notic.7-15.jpg","contentUrl":"https:\/\/otech.uaeh.edu.mx\/noti\/wp-content\/uploads\/2019\/06\/Notic.7-15.jpg","width":600,"height":350},{"@type":"BreadcrumbList","@id":"https:\/\/otech.uaeh.edu.mx\/noti\/economia\/el-reto-de-las-zonas-francas-mundiales-convertirse-en-hubs-economicos\/#breadcrumb","itemListElement":[{"@type":"ListItem","position":1,"name":"Inicio","item":"https:\/\/otech.uaeh.edu.mx\/noti\/"},{"@type":"ListItem","position":2,"name":"El reto de las zonas francas mundiales: convertirse en \u2018hubs\u2019 econ\u00f3micos"}]},{"@type":"WebSite","@id":"https:\/\/otech.uaeh.edu.mx\/noti\/#website","url":"https:\/\/otech.uaeh.edu.mx\/noti\/","name":"Observatorio Tecnol\u00f3gico de Hidalgo","description":"","publisher":{"@id":"https:\/\/otech.uaeh.edu.mx\/noti\/#organization"},"potentialAction":[{"@type":"SearchAction","target":{"@type":"EntryPoint","urlTemplate":"https:\/\/otech.uaeh.edu.mx\/noti\/?s={search_term_string}"},"query-input":{"@type":"PropertyValueSpecification","valueRequired":true,"valueName":"search_term_string"}}],"inLanguage":"en-US"},{"@type":"Organization","@id":"https:\/\/otech.uaeh.edu.mx\/noti\/#organization","name":"Observatorio Tecnol\u00f3gico de Hidalgo","url":"https:\/\/otech.uaeh.edu.mx\/noti\/","logo":{"@type":"ImageObject","inLanguage":"en-US","@id":"https:\/\/otech.uaeh.edu.mx\/noti\/#\/schema\/logo\/image\/","url":"https:\/\/otech.uaeh.edu.mx\/noti\/wp-content\/uploads\/2025\/11\/Logo-circulo.png","contentUrl":"https:\/\/otech.uaeh.edu.mx\/noti\/wp-content\/uploads\/2025\/11\/Logo-circulo.png","width":250,"height":250,"caption":"Observatorio Tecnol\u00f3gico de Hidalgo"},"image":{"@id":"https:\/\/otech.uaeh.edu.mx\/noti\/#\/schema\/logo\/image\/"},"sameAs":["https:\/\/www.facebook.com\/observatoriouaeh","https:\/\/x.com\/OBSERVATORIOEH"]},{"@type":"Person","@id":"https:\/\/otech.uaeh.edu.mx\/noti\/#\/schema\/person\/95263d004158ffabcd98137e1d0abc1c","name":"admin","image":{"@type":"ImageObject","inLanguage":"en-US","@id":"https:\/\/otech.uaeh.edu.mx\/noti\/#\/schema\/person\/image\/","url":"https:\/\/secure.gravatar.com\/avatar\/08dd17208ee6a9e87c5a01c0a5f4c96c8ed24bf05e625630929b5b6a7c1ffa5f?s=96&d=mm&r=g","contentUrl":"https:\/\/secure.gravatar.com\/avatar\/08dd17208ee6a9e87c5a01c0a5f4c96c8ed24bf05e625630929b5b6a7c1ffa5f?s=96&d=mm&r=g","caption":"admin"},"url":"https:\/\/otech.uaeh.edu.mx\/noti\/author\/admin\/"}]}},"_links":{"self":[{"href":"https:\/\/otech.uaeh.edu.mx\/noti\/wp-json\/wp\/v2\/posts\/16730","targetHints":{"allow":["GET"]}}],"collection":[{"href":"https:\/\/otech.uaeh.edu.mx\/noti\/wp-json\/wp\/v2\/posts"}],"about":[{"href":"https:\/\/otech.uaeh.edu.mx\/noti\/wp-json\/wp\/v2\/types\/post"}],"author":[{"embeddable":true,"href":"https:\/\/otech.uaeh.edu.mx\/noti\/wp-json\/wp\/v2\/users\/1"}],"replies":[{"embeddable":true,"href":"https:\/\/otech.uaeh.edu.mx\/noti\/wp-json\/wp\/v2\/comments?post=16730"}],"version-history":[{"count":1,"href":"https:\/\/otech.uaeh.edu.mx\/noti\/wp-json\/wp\/v2\/posts\/16730\/revisions"}],"predecessor-version":[{"id":16732,"href":"https:\/\/otech.uaeh.edu.mx\/noti\/wp-json\/wp\/v2\/posts\/16730\/revisions\/16732"}],"wp:featuredmedia":[{"embeddable":true,"href":"https:\/\/otech.uaeh.edu.mx\/noti\/wp-json\/wp\/v2\/media\/16731"}],"wp:attachment":[{"href":"https:\/\/otech.uaeh.edu.mx\/noti\/wp-json\/wp\/v2\/media?parent=16730"}],"wp:term":[{"taxonomy":"category","embeddable":true,"href":"https:\/\/otech.uaeh.edu.mx\/noti\/wp-json\/wp\/v2\/categories?post=16730"},{"taxonomy":"post_tag","embeddable":true,"href":"https:\/\/otech.uaeh.edu.mx\/noti\/wp-json\/wp\/v2\/tags?post=16730"}],"curies":[{"name":"wp","href":"https:\/\/api.w.org\/{rel}","templated":true}]}}