{"id":16743,"date":"2019-06-28T08:40:55","date_gmt":"2019-06-28T14:40:55","guid":{"rendered":"http:\/\/otech.uaeh.edu.mx\/noti\/?p=16743"},"modified":"2019-06-28T08:40:55","modified_gmt":"2019-06-28T14:40:55","slug":"la-4t-impone-reto-al-ritmo-economico-del-bajio","status":"publish","type":"post","link":"https:\/\/otech.uaeh.edu.mx\/noti\/economia\/la-4t-impone-reto-al-ritmo-economico-del-bajio\/","title":{"rendered":"La 4T impone reto al ritmo econ\u00f3mico del Baj\u00edo"},"content":{"rendered":"<p class=\"paragraph\" data-count=\"252\" data-wrap=\"44\">Los estados del Baj\u00edo arrancaron el sexenio con una crisis de desabasto de gasolina que paraliz\u00f3 y cre\u00f3 caos en las econom\u00edas locales, a lo que se sum\u00f3 el recorte en recursos y programas federales, as\u00ed como la cancelaci\u00f3n de proyectos de obra p\u00fablica.<!--more--><\/p>\n<p class=\"paragraph\" data-count=\"187\" data-wrap=\"33\">Hab\u00edan cerrado 2018, un a\u00f1o de incertidumbre por la elecci\u00f3n y la renegociaci\u00f3n del Tratado de Libre Comercio, con su nivel m\u00e1s bajo de crecimiento desde la crisis de 2009: 2 por ciento.<\/p>\n<p class=\"paragraph\" data-count=\"197\" data-wrap=\"33\">Sin embargo, y pese al d\u00e9bil desempe\u00f1o de la econom\u00eda nacional en tiempos de la \u2018Cuarta Transformaci\u00f3n\u2019, expertos y analistas conf\u00edan en que los estados de la zona retomar\u00e1n su dinamismo este a\u00f1o.<\/p>\n<p class=\"paragraph\" data-count=\"291\" data-wrap=\"43\">De acuerdo con los Indicadores Regionales de Actividad Econ\u00f3mica (IRAE) elaborados por Citibanamex, los cuatro estados del Baj\u00edo crecer\u00e1n por arriba del promedio nacional durante 2019, y no solo eso, sino que se encontrar\u00e1n entre las primeras diez entidades con mayor crecimiento econ\u00f3mico.<\/p>\n<p class=\"paragraph\" data-count=\"190\" data-wrap=\"27\">De manera desagregada, Quer\u00e9taro y Guanajuato \u2018pintan\u2019 para crecer por encima de las cifras del a\u00f1o anterior. Aguascalientes y San Luis Potos\u00ed podr\u00edan reflejar una desaceleraci\u00f3n econ\u00f3mica.<\/p>\n<p class=\"paragraph\" data-count=\"277\" data-wrap=\"41\">Para Raymundo Tenorio, catedr\u00e1tico del Tec de Monterrey, la regi\u00f3n integrada por Aguascalientes, San Luis Potos\u00ed, Guanajuato y Quer\u00e9taro goza de una econom\u00eda vigorosa, a pesar de que la pol\u00edtica econ\u00f3mica actual no est\u00e1 otorgando los suficientes incentivos para su desarrollo.<\/p>\n<p class=\"paragraph\" data-count=\"323\" data-wrap=\"47\">\u201cConsideramos que es probable que 2019 contin\u00fae con un crecimiento relativamente bajo, sobre todo ante un menor dinamismo en la actividad manufacturera global, adem\u00e1s de una menor actividad en la construcci\u00f3n y la miner\u00eda\u201d, se\u00f1al\u00f3 Miguel Alejandro Calvo Dom\u00ednguez, gerente de econom\u00eda regional de Grupo Financiero Banorte.<\/p>\n<p class=\"paragraph\" data-count=\"436\" data-wrap=\"73\">\u201cEn 2018, Quer\u00e9taro fue la econom\u00eda que m\u00e1s acentu\u00f3 su desaceleraci\u00f3n al crecer s\u00f3lo 1.4 por ciento (3.9 por ciento en 2017). La ca\u00edda de 1.7 por ciento de las actividades primarias y el retroceso de 1.2 por ciento del sector industrial fueron compensados por el repunte de los servicios (3.4 por ciento en 2018 vs. 1.8 por ciento en 2017)\u201d, puntualiz\u00f3 Guillermina Rodr\u00edguez, analista del Centro de Estudios Econ\u00f3micos de Citibanamex.<\/p>\n<p class=\"paragraph\" data-count=\"363\" data-wrap=\"62\">La especialista agreg\u00f3 que lo que m\u00e1s perjudic\u00f3 a Quer\u00e9taro durante el a\u00f1o pasado fueron las dr\u00e1sticas ca\u00eddas del sector de la construcci\u00f3n (9.6 por ciento) y de la miner\u00eda (7.0 por ciento) ya que impactaron de manera importante los resultados del PIB estatal, pero para este pr\u00f3ximo a\u00f1o, estiman que la entidad se recupere y crezca alrededor del 2.2 por ciento.<\/p>\n<p class=\"paragraph\" data-count=\"33\" data-wrap=\"5\"><strong>GUANAJUATO, SOPORTE DE LA REGI\u00d3N<\/strong><\/p>\n<p class=\"paragraph\" data-count=\"265\" data-wrap=\"45\">El cierre de a\u00f1o tambi\u00e9n luce optimista para Guanajuato, al respecto, Miguel Alejandro Calvo, de Banorte, destac\u00f3 que esta entidad es la que ofrece la mayor contribuci\u00f3n al PIB regional, por lo que lo m\u00e1s seguro es que contin\u00fae soportando a la regi\u00f3n durante 2019.<\/p>\n<p class=\"paragraph\" data-count=\"363\" data-wrap=\"51\">\u201cEn este sentido, algunos de los elementos favorables para este estado incluyen el relativo dinamismo de las inversiones extranjeras y un mejor desempe\u00f1o relativo de algunas de las actividades industriales manufactureras, tales como los sectores automotrices, de alimentos y qu\u00edmicos, adem\u00e1s de una situaci\u00f3n de finanzas p\u00fablicas sanas.\u201d, agreg\u00f3 el especialista.<\/p>\n<p class=\"paragraph\" data-count=\"134\" data-wrap=\"22\">Las expectativas de crecimiento para Guanajuato en 2019 rondan el 2.7 por ciento, cifra superior al 1.4 por ciento observado en 2018.<\/p>\n<p class=\"paragraph\" data-count=\"17\" data-wrap=\"3\"><strong>LA OTRA HISTORIA<\/strong><\/p>\n<p class=\"paragraph\" data-count=\"239\" data-wrap=\"45\">Pero no todo es \u2018miel sobre hojuelas\u2019 en la zona, ya que el Centro de Estudios Econ\u00f3micos de Citibanamex estim\u00f3 que la econom\u00eda de San Luis Potos\u00ed podr\u00eda disminuir su ritmo de crecimiento, al pasar de 3.1 en 2018 a 2.2 en el presente a\u00f1o.<\/p>\n<p class=\"paragraph\" data-count=\"561\" data-wrap=\"98\">\u201cSan Luis Potos\u00ed se mantendr\u00e1 en l\u00ednea con el resto de las econom\u00edas del Baj\u00edo, aunque debemos recordar que el PIB de San Luis Potos\u00ed ya se hab\u00eda desacelerado durante 2018, y si bien el sector primario alcanz\u00f3 el segundo mayor incremento en el pa\u00eds (11.4 por ciento), el sector terciario creci\u00f3 apenas por arriba del promedio nacional (3.1 por ciento) y por debajo del 4.4 por ciento del a\u00f1o previo, mientras que la industria avanz\u00f3 2.3 por ciento, afectada por las ca\u00eddas de 8.7 y 7.9 por ciento de la construcci\u00f3n y la miner\u00eda\u201d, a\u00f1adi\u00f3 Guillermina Rodr\u00edguez.<\/p>\n<p class=\"paragraph\" data-count=\"303\" data-wrap=\"51\">Por otra parte, las perspectivas para Aguascalientes tienen lecturas divergentes, ya que a pesar de que se estima que sea la segunda entidad del pa\u00eds con mayor crecimiento econ\u00f3mico durante el a\u00f1o (con una tasa de 3.2 por ciento), este resultado ser\u00eda muy inferior al 4.5 por ciento registrado en 2018.<\/p>\n<p class=\"paragraph\" data-count=\"440\" data-wrap=\"72\">\u201cEn el desempe\u00f1o sectorial de Aguascalientes destac\u00f3 el aumento de 5.3 por ciento de los servicios (contra el 2.8 por ciento del nacional), impulsados por las actividades comerciales, con 5.9 por ciento, adem\u00e1s de que el dinamismo de la econom\u00eda local favoreci\u00f3 la creaci\u00f3n de empleos formales con un crecimiento de 5.6 por ciento en el a\u00f1o, cifra superior al 4.1 por ciento de la media nacional\u201d, argument\u00f3 la especialista de Citibanamex.<\/p>\n<p class=\"paragraph\" data-count=\"270\" data-wrap=\"40\">Jesuswaldo Mart\u00ednez, Investigador del Instituto Belisario Dom\u00ednguez, estim\u00f3 que durante el resto del a\u00f1o los estados del Baj\u00edo mantendr\u00e1n un ritmo de crecimiento positivo pero a tasas menores, aunque a\u00fan as\u00ed les alcanzara para ubicarse por arriba del promedio nacional.<\/p>\n<p class=\"paragraph\" data-count=\"225\" data-wrap=\"32\">\u201cTodo depender\u00e1 de c\u00f3mo se vaya configurando el entorno internacional y de c\u00f3mo interpreten los empresarios las decisiones pol\u00edticas de la actual administraci\u00f3n, ya que esto definir\u00e1 sus decisiones de inversi\u00f3n\u201d, puntualiz\u00f3.<\/p>\n<p class=\"paragraph\" data-count=\"405\" data-wrap=\"64\">Al respecto, Raymundo Tenorio agreg\u00f3 que habr\u00e1 que tener especial atenci\u00f3n en el sector externo, ya que una desaceleraci\u00f3n econ\u00f3mica de Estados Unidos podr\u00eda llegar a afectar a la regi\u00f3n, debido a que la industria manufacturera del Baj\u00edo importa y exporta gran cantidad de materias primas, bienes intermedios y bienes finales. Actualmente, la industria aporta poco m\u00e1s del 38 por ciento del PIB regional.<\/p>\n<p class=\"paragraph\" data-count=\"389\" data-wrap=\"61\">\u201cEl indicador de pedidos manufactureros de los Estados Unidos te dice que si el indicador baja hay menor proveedur\u00eda de cadenas globales de abastecimiento en las que est\u00e1 involucrado M\u00e9xico, pero afortunadamente, no se visualiza un debilitamiento de Estados Unidos en lo que resta del a\u00f1o, incluso le est\u00e1 yendo muy bien, ya que registra crecimiento econ\u00f3mico con baja inflaci\u00f3n\u201d, a\u00f1adi\u00f3.<\/p>\n<div class=\"rich__block \">\n<div><img decoding=\"async\" src=\"http:\/\/graficos.elfinanciero.com.mx\/infografias\/2019\/eneltop270619.jpg\" alt=\"\u201cviv_bajio24jn&quot;\" title=\"\u201cviv_bajio24jn\u201d\" \/><\/div>\n<\/div>\n<div><strong>Fuente:El Financiero<\/strong><\/div>\n","protected":false},"excerpt":{"rendered":"<p>Los estados del Baj\u00edo arrancaron el sexenio con una crisis de desabasto de gasolina que paraliz\u00f3 y cre\u00f3 caos en las econom\u00edas locales, a lo que se sum\u00f3 el recorte en recursos y programas federales, as\u00ed como la cancelaci\u00f3n de proyectos de obra p\u00fablica.<\/p>\n","protected":false},"author":1,"featured_media":16744,"comment_status":"open","ping_status":"open","sticky":false,"template":"","format":"standard","meta":{"footnotes":""},"categories":[375],"tags":[],"class_list":["post-16743","post","type-post","status-publish","format-standard","has-post-thumbnail","hentry","category-economia"],"yoast_head":"<!-- This site is optimized with the Yoast SEO plugin v26.7 - https:\/\/yoast.com\/wordpress\/plugins\/seo\/ -->\n<title>La 4T impone reto al ritmo econ\u00f3mico del Baj\u00edo - Observatorio Tecnol\u00f3gico de Hidalgo<\/title>\n<meta name=\"robots\" content=\"index, follow, max-snippet:-1, max-image-preview:large, max-video-preview:-1\" \/>\n<link rel=\"canonical\" href=\"https:\/\/otech.uaeh.edu.mx\/noti\/economia\/la-4t-impone-reto-al-ritmo-economico-del-bajio\/\" \/>\n<meta property=\"og:locale\" content=\"en_US\" \/>\n<meta property=\"og:type\" content=\"article\" \/>\n<meta property=\"og:title\" content=\"La 4T impone reto al ritmo econ\u00f3mico del Baj\u00edo - Observatorio Tecnol\u00f3gico de Hidalgo\" \/>\n<meta property=\"og:description\" content=\"Los estados del Baj\u00edo arrancaron el sexenio con una crisis de desabasto de gasolina que paraliz\u00f3 y cre\u00f3 caos en las econom\u00edas locales, a lo que se sum\u00f3 el recorte en recursos y programas federales, as\u00ed como la cancelaci\u00f3n de proyectos de obra p\u00fablica.\" \/>\n<meta property=\"og:url\" content=\"https:\/\/otech.uaeh.edu.mx\/noti\/economia\/la-4t-impone-reto-al-ritmo-economico-del-bajio\/\" \/>\n<meta property=\"og:site_name\" content=\"Observatorio Tecnol\u00f3gico de Hidalgo\" \/>\n<meta property=\"article:publisher\" content=\"https:\/\/www.facebook.com\/observatoriouaeh\" \/>\n<meta property=\"article:published_time\" content=\"2019-06-28T14:40:55+00:00\" \/>\n<meta property=\"og:image\" content=\"https:\/\/otech.uaeh.edu.mx\/noti\/wp-content\/uploads\/2019\/06\/Notic.2-14.jpg\" \/>\n\t<meta property=\"og:image:width\" content=\"600\" \/>\n\t<meta property=\"og:image:height\" content=\"350\" \/>\n\t<meta property=\"og:image:type\" content=\"image\/jpeg\" \/>\n<meta name=\"author\" content=\"admin\" \/>\n<meta name=\"twitter:card\" content=\"summary_large_image\" \/>\n<meta name=\"twitter:creator\" content=\"@OBSERVATORIOEH\" \/>\n<meta name=\"twitter:site\" content=\"@OBSERVATORIOEH\" \/>\n<meta name=\"twitter:label1\" content=\"Written by\" \/>\n\t<meta name=\"twitter:data1\" content=\"admin\" \/>\n\t<meta name=\"twitter:label2\" content=\"Est. reading time\" \/>\n\t<meta name=\"twitter:data2\" content=\"5 minutes\" \/>\n<script type=\"application\/ld+json\" class=\"yoast-schema-graph\">{\"@context\":\"https:\/\/schema.org\",\"@graph\":[{\"@type\":\"Article\",\"@id\":\"https:\/\/otech.uaeh.edu.mx\/noti\/economia\/la-4t-impone-reto-al-ritmo-economico-del-bajio\/#article\",\"isPartOf\":{\"@id\":\"https:\/\/otech.uaeh.edu.mx\/noti\/economia\/la-4t-impone-reto-al-ritmo-economico-del-bajio\/\"},\"author\":{\"name\":\"admin\",\"@id\":\"https:\/\/otech.uaeh.edu.mx\/noti\/#\/schema\/person\/95263d004158ffabcd98137e1d0abc1c\"},\"headline\":\"La 4T impone reto al ritmo econ\u00f3mico del Baj\u00edo\",\"datePublished\":\"2019-06-28T14:40:55+00:00\",\"mainEntityOfPage\":{\"@id\":\"https:\/\/otech.uaeh.edu.mx\/noti\/economia\/la-4t-impone-reto-al-ritmo-economico-del-bajio\/\"},\"wordCount\":1079,\"commentCount\":0,\"publisher\":{\"@id\":\"https:\/\/otech.uaeh.edu.mx\/noti\/#organization\"},\"image\":{\"@id\":\"https:\/\/otech.uaeh.edu.mx\/noti\/economia\/la-4t-impone-reto-al-ritmo-economico-del-bajio\/#primaryimage\"},\"thumbnailUrl\":\"https:\/\/otech.uaeh.edu.mx\/noti\/wp-content\/uploads\/2019\/06\/Notic.2-14.jpg\",\"articleSection\":[\"Economia\"],\"inLanguage\":\"en-US\",\"potentialAction\":[{\"@type\":\"CommentAction\",\"name\":\"Comment\",\"target\":[\"https:\/\/otech.uaeh.edu.mx\/noti\/economia\/la-4t-impone-reto-al-ritmo-economico-del-bajio\/#respond\"]}]},{\"@type\":\"WebPage\",\"@id\":\"https:\/\/otech.uaeh.edu.mx\/noti\/economia\/la-4t-impone-reto-al-ritmo-economico-del-bajio\/\",\"url\":\"https:\/\/otech.uaeh.edu.mx\/noti\/economia\/la-4t-impone-reto-al-ritmo-economico-del-bajio\/\",\"name\":\"La 4T impone reto al ritmo econ\u00f3mico del Baj\u00edo - Observatorio Tecnol\u00f3gico de Hidalgo\",\"isPartOf\":{\"@id\":\"https:\/\/otech.uaeh.edu.mx\/noti\/#website\"},\"primaryImageOfPage\":{\"@id\":\"https:\/\/otech.uaeh.edu.mx\/noti\/economia\/la-4t-impone-reto-al-ritmo-economico-del-bajio\/#primaryimage\"},\"image\":{\"@id\":\"https:\/\/otech.uaeh.edu.mx\/noti\/economia\/la-4t-impone-reto-al-ritmo-economico-del-bajio\/#primaryimage\"},\"thumbnailUrl\":\"https:\/\/otech.uaeh.edu.mx\/noti\/wp-content\/uploads\/2019\/06\/Notic.2-14.jpg\",\"datePublished\":\"2019-06-28T14:40:55+00:00\",\"breadcrumb\":{\"@id\":\"https:\/\/otech.uaeh.edu.mx\/noti\/economia\/la-4t-impone-reto-al-ritmo-economico-del-bajio\/#breadcrumb\"},\"inLanguage\":\"en-US\",\"potentialAction\":[{\"@type\":\"ReadAction\",\"target\":[\"https:\/\/otech.uaeh.edu.mx\/noti\/economia\/la-4t-impone-reto-al-ritmo-economico-del-bajio\/\"]}]},{\"@type\":\"ImageObject\",\"inLanguage\":\"en-US\",\"@id\":\"https:\/\/otech.uaeh.edu.mx\/noti\/economia\/la-4t-impone-reto-al-ritmo-economico-del-bajio\/#primaryimage\",\"url\":\"https:\/\/otech.uaeh.edu.mx\/noti\/wp-content\/uploads\/2019\/06\/Notic.2-14.jpg\",\"contentUrl\":\"https:\/\/otech.uaeh.edu.mx\/noti\/wp-content\/uploads\/2019\/06\/Notic.2-14.jpg\",\"width\":600,\"height\":350},{\"@type\":\"BreadcrumbList\",\"@id\":\"https:\/\/otech.uaeh.edu.mx\/noti\/economia\/la-4t-impone-reto-al-ritmo-economico-del-bajio\/#breadcrumb\",\"itemListElement\":[{\"@type\":\"ListItem\",\"position\":1,\"name\":\"Inicio\",\"item\":\"https:\/\/otech.uaeh.edu.mx\/noti\/\"},{\"@type\":\"ListItem\",\"position\":2,\"name\":\"La 4T impone reto al ritmo econ\u00f3mico del Baj\u00edo\"}]},{\"@type\":\"WebSite\",\"@id\":\"https:\/\/otech.uaeh.edu.mx\/noti\/#website\",\"url\":\"https:\/\/otech.uaeh.edu.mx\/noti\/\",\"name\":\"Observatorio Tecnol\u00f3gico de Hidalgo\",\"description\":\"\",\"publisher\":{\"@id\":\"https:\/\/otech.uaeh.edu.mx\/noti\/#organization\"},\"potentialAction\":[{\"@type\":\"SearchAction\",\"target\":{\"@type\":\"EntryPoint\",\"urlTemplate\":\"https:\/\/otech.uaeh.edu.mx\/noti\/?s={search_term_string}\"},\"query-input\":{\"@type\":\"PropertyValueSpecification\",\"valueRequired\":true,\"valueName\":\"search_term_string\"}}],\"inLanguage\":\"en-US\"},{\"@type\":\"Organization\",\"@id\":\"https:\/\/otech.uaeh.edu.mx\/noti\/#organization\",\"name\":\"Observatorio Tecnol\u00f3gico de Hidalgo\",\"url\":\"https:\/\/otech.uaeh.edu.mx\/noti\/\",\"logo\":{\"@type\":\"ImageObject\",\"inLanguage\":\"en-US\",\"@id\":\"https:\/\/otech.uaeh.edu.mx\/noti\/#\/schema\/logo\/image\/\",\"url\":\"https:\/\/otech.uaeh.edu.mx\/noti\/wp-content\/uploads\/2025\/11\/Logo-circulo.png\",\"contentUrl\":\"https:\/\/otech.uaeh.edu.mx\/noti\/wp-content\/uploads\/2025\/11\/Logo-circulo.png\",\"width\":250,\"height\":250,\"caption\":\"Observatorio Tecnol\u00f3gico de Hidalgo\"},\"image\":{\"@id\":\"https:\/\/otech.uaeh.edu.mx\/noti\/#\/schema\/logo\/image\/\"},\"sameAs\":[\"https:\/\/www.facebook.com\/observatoriouaeh\",\"https:\/\/x.com\/OBSERVATORIOEH\"]},{\"@type\":\"Person\",\"@id\":\"https:\/\/otech.uaeh.edu.mx\/noti\/#\/schema\/person\/95263d004158ffabcd98137e1d0abc1c\",\"name\":\"admin\",\"image\":{\"@type\":\"ImageObject\",\"inLanguage\":\"en-US\",\"@id\":\"https:\/\/otech.uaeh.edu.mx\/noti\/#\/schema\/person\/image\/\",\"url\":\"https:\/\/secure.gravatar.com\/avatar\/08dd17208ee6a9e87c5a01c0a5f4c96c8ed24bf05e625630929b5b6a7c1ffa5f?s=96&d=mm&r=g\",\"contentUrl\":\"https:\/\/secure.gravatar.com\/avatar\/08dd17208ee6a9e87c5a01c0a5f4c96c8ed24bf05e625630929b5b6a7c1ffa5f?s=96&d=mm&r=g\",\"caption\":\"admin\"},\"url\":\"https:\/\/otech.uaeh.edu.mx\/noti\/author\/admin\/\"}]}<\/script>\n<!-- \/ Yoast SEO plugin. -->","yoast_head_json":{"title":"La 4T impone reto al ritmo econ\u00f3mico del Baj\u00edo - Observatorio Tecnol\u00f3gico de Hidalgo","robots":{"index":"index","follow":"follow","max-snippet":"max-snippet:-1","max-image-preview":"max-image-preview:large","max-video-preview":"max-video-preview:-1"},"canonical":"https:\/\/otech.uaeh.edu.mx\/noti\/economia\/la-4t-impone-reto-al-ritmo-economico-del-bajio\/","og_locale":"en_US","og_type":"article","og_title":"La 4T impone reto al ritmo econ\u00f3mico del Baj\u00edo - Observatorio Tecnol\u00f3gico de Hidalgo","og_description":"Los estados del Baj\u00edo arrancaron el sexenio con una crisis de desabasto de gasolina que paraliz\u00f3 y cre\u00f3 caos en las econom\u00edas locales, a lo que se sum\u00f3 el recorte en recursos y programas federales, as\u00ed como la cancelaci\u00f3n de proyectos de obra p\u00fablica.","og_url":"https:\/\/otech.uaeh.edu.mx\/noti\/economia\/la-4t-impone-reto-al-ritmo-economico-del-bajio\/","og_site_name":"Observatorio Tecnol\u00f3gico de Hidalgo","article_publisher":"https:\/\/www.facebook.com\/observatoriouaeh","article_published_time":"2019-06-28T14:40:55+00:00","og_image":[{"width":600,"height":350,"url":"https:\/\/otech.uaeh.edu.mx\/noti\/wp-content\/uploads\/2019\/06\/Notic.2-14.jpg","type":"image\/jpeg"}],"author":"admin","twitter_card":"summary_large_image","twitter_creator":"@OBSERVATORIOEH","twitter_site":"@OBSERVATORIOEH","twitter_misc":{"Written by":"admin","Est. reading time":"5 minutes"},"schema":{"@context":"https:\/\/schema.org","@graph":[{"@type":"Article","@id":"https:\/\/otech.uaeh.edu.mx\/noti\/economia\/la-4t-impone-reto-al-ritmo-economico-del-bajio\/#article","isPartOf":{"@id":"https:\/\/otech.uaeh.edu.mx\/noti\/economia\/la-4t-impone-reto-al-ritmo-economico-del-bajio\/"},"author":{"name":"admin","@id":"https:\/\/otech.uaeh.edu.mx\/noti\/#\/schema\/person\/95263d004158ffabcd98137e1d0abc1c"},"headline":"La 4T impone reto al ritmo econ\u00f3mico del Baj\u00edo","datePublished":"2019-06-28T14:40:55+00:00","mainEntityOfPage":{"@id":"https:\/\/otech.uaeh.edu.mx\/noti\/economia\/la-4t-impone-reto-al-ritmo-economico-del-bajio\/"},"wordCount":1079,"commentCount":0,"publisher":{"@id":"https:\/\/otech.uaeh.edu.mx\/noti\/#organization"},"image":{"@id":"https:\/\/otech.uaeh.edu.mx\/noti\/economia\/la-4t-impone-reto-al-ritmo-economico-del-bajio\/#primaryimage"},"thumbnailUrl":"https:\/\/otech.uaeh.edu.mx\/noti\/wp-content\/uploads\/2019\/06\/Notic.2-14.jpg","articleSection":["Economia"],"inLanguage":"en-US","potentialAction":[{"@type":"CommentAction","name":"Comment","target":["https:\/\/otech.uaeh.edu.mx\/noti\/economia\/la-4t-impone-reto-al-ritmo-economico-del-bajio\/#respond"]}]},{"@type":"WebPage","@id":"https:\/\/otech.uaeh.edu.mx\/noti\/economia\/la-4t-impone-reto-al-ritmo-economico-del-bajio\/","url":"https:\/\/otech.uaeh.edu.mx\/noti\/economia\/la-4t-impone-reto-al-ritmo-economico-del-bajio\/","name":"La 4T impone reto al ritmo econ\u00f3mico del Baj\u00edo - Observatorio Tecnol\u00f3gico de Hidalgo","isPartOf":{"@id":"https:\/\/otech.uaeh.edu.mx\/noti\/#website"},"primaryImageOfPage":{"@id":"https:\/\/otech.uaeh.edu.mx\/noti\/economia\/la-4t-impone-reto-al-ritmo-economico-del-bajio\/#primaryimage"},"image":{"@id":"https:\/\/otech.uaeh.edu.mx\/noti\/economia\/la-4t-impone-reto-al-ritmo-economico-del-bajio\/#primaryimage"},"thumbnailUrl":"https:\/\/otech.uaeh.edu.mx\/noti\/wp-content\/uploads\/2019\/06\/Notic.2-14.jpg","datePublished":"2019-06-28T14:40:55+00:00","breadcrumb":{"@id":"https:\/\/otech.uaeh.edu.mx\/noti\/economia\/la-4t-impone-reto-al-ritmo-economico-del-bajio\/#breadcrumb"},"inLanguage":"en-US","potentialAction":[{"@type":"ReadAction","target":["https:\/\/otech.uaeh.edu.mx\/noti\/economia\/la-4t-impone-reto-al-ritmo-economico-del-bajio\/"]}]},{"@type":"ImageObject","inLanguage":"en-US","@id":"https:\/\/otech.uaeh.edu.mx\/noti\/economia\/la-4t-impone-reto-al-ritmo-economico-del-bajio\/#primaryimage","url":"https:\/\/otech.uaeh.edu.mx\/noti\/wp-content\/uploads\/2019\/06\/Notic.2-14.jpg","contentUrl":"https:\/\/otech.uaeh.edu.mx\/noti\/wp-content\/uploads\/2019\/06\/Notic.2-14.jpg","width":600,"height":350},{"@type":"BreadcrumbList","@id":"https:\/\/otech.uaeh.edu.mx\/noti\/economia\/la-4t-impone-reto-al-ritmo-economico-del-bajio\/#breadcrumb","itemListElement":[{"@type":"ListItem","position":1,"name":"Inicio","item":"https:\/\/otech.uaeh.edu.mx\/noti\/"},{"@type":"ListItem","position":2,"name":"La 4T impone reto al ritmo econ\u00f3mico del Baj\u00edo"}]},{"@type":"WebSite","@id":"https:\/\/otech.uaeh.edu.mx\/noti\/#website","url":"https:\/\/otech.uaeh.edu.mx\/noti\/","name":"Observatorio Tecnol\u00f3gico de Hidalgo","description":"","publisher":{"@id":"https:\/\/otech.uaeh.edu.mx\/noti\/#organization"},"potentialAction":[{"@type":"SearchAction","target":{"@type":"EntryPoint","urlTemplate":"https:\/\/otech.uaeh.edu.mx\/noti\/?s={search_term_string}"},"query-input":{"@type":"PropertyValueSpecification","valueRequired":true,"valueName":"search_term_string"}}],"inLanguage":"en-US"},{"@type":"Organization","@id":"https:\/\/otech.uaeh.edu.mx\/noti\/#organization","name":"Observatorio Tecnol\u00f3gico de Hidalgo","url":"https:\/\/otech.uaeh.edu.mx\/noti\/","logo":{"@type":"ImageObject","inLanguage":"en-US","@id":"https:\/\/otech.uaeh.edu.mx\/noti\/#\/schema\/logo\/image\/","url":"https:\/\/otech.uaeh.edu.mx\/noti\/wp-content\/uploads\/2025\/11\/Logo-circulo.png","contentUrl":"https:\/\/otech.uaeh.edu.mx\/noti\/wp-content\/uploads\/2025\/11\/Logo-circulo.png","width":250,"height":250,"caption":"Observatorio Tecnol\u00f3gico de Hidalgo"},"image":{"@id":"https:\/\/otech.uaeh.edu.mx\/noti\/#\/schema\/logo\/image\/"},"sameAs":["https:\/\/www.facebook.com\/observatoriouaeh","https:\/\/x.com\/OBSERVATORIOEH"]},{"@type":"Person","@id":"https:\/\/otech.uaeh.edu.mx\/noti\/#\/schema\/person\/95263d004158ffabcd98137e1d0abc1c","name":"admin","image":{"@type":"ImageObject","inLanguage":"en-US","@id":"https:\/\/otech.uaeh.edu.mx\/noti\/#\/schema\/person\/image\/","url":"https:\/\/secure.gravatar.com\/avatar\/08dd17208ee6a9e87c5a01c0a5f4c96c8ed24bf05e625630929b5b6a7c1ffa5f?s=96&d=mm&r=g","contentUrl":"https:\/\/secure.gravatar.com\/avatar\/08dd17208ee6a9e87c5a01c0a5f4c96c8ed24bf05e625630929b5b6a7c1ffa5f?s=96&d=mm&r=g","caption":"admin"},"url":"https:\/\/otech.uaeh.edu.mx\/noti\/author\/admin\/"}]}},"_links":{"self":[{"href":"https:\/\/otech.uaeh.edu.mx\/noti\/wp-json\/wp\/v2\/posts\/16743","targetHints":{"allow":["GET"]}}],"collection":[{"href":"https:\/\/otech.uaeh.edu.mx\/noti\/wp-json\/wp\/v2\/posts"}],"about":[{"href":"https:\/\/otech.uaeh.edu.mx\/noti\/wp-json\/wp\/v2\/types\/post"}],"author":[{"embeddable":true,"href":"https:\/\/otech.uaeh.edu.mx\/noti\/wp-json\/wp\/v2\/users\/1"}],"replies":[{"embeddable":true,"href":"https:\/\/otech.uaeh.edu.mx\/noti\/wp-json\/wp\/v2\/comments?post=16743"}],"version-history":[{"count":1,"href":"https:\/\/otech.uaeh.edu.mx\/noti\/wp-json\/wp\/v2\/posts\/16743\/revisions"}],"predecessor-version":[{"id":16745,"href":"https:\/\/otech.uaeh.edu.mx\/noti\/wp-json\/wp\/v2\/posts\/16743\/revisions\/16745"}],"wp:featuredmedia":[{"embeddable":true,"href":"https:\/\/otech.uaeh.edu.mx\/noti\/wp-json\/wp\/v2\/media\/16744"}],"wp:attachment":[{"href":"https:\/\/otech.uaeh.edu.mx\/noti\/wp-json\/wp\/v2\/media?parent=16743"}],"wp:term":[{"taxonomy":"category","embeddable":true,"href":"https:\/\/otech.uaeh.edu.mx\/noti\/wp-json\/wp\/v2\/categories?post=16743"},{"taxonomy":"post_tag","embeddable":true,"href":"https:\/\/otech.uaeh.edu.mx\/noti\/wp-json\/wp\/v2\/tags?post=16743"}],"curies":[{"name":"wp","href":"https:\/\/api.w.org\/{rel}","templated":true}]}}