{"id":16772,"date":"2019-07-01T08:44:30","date_gmt":"2019-07-01T14:44:30","guid":{"rendered":"http:\/\/otech.uaeh.edu.mx\/noti\/?p=16772"},"modified":"2019-07-01T08:44:49","modified_gmt":"2019-07-01T14:44:49","slug":"la-economia-y-el-bienestar-en-perspectiva-de-crisis","status":"publish","type":"post","link":"https:\/\/otech.uaeh.edu.mx\/noti\/articulo-otech\/la-economia-y-el-bienestar-en-perspectiva-de-crisis\/","title":{"rendered":"La Econom\u00eda y El Bienestar  En Perspectiva de Crisis"},"content":{"rendered":"<p>\u00bfQue se festej\u00f3 en este 1\u00ba de Julio? \u00bfEl triunfo electoral? \u00bfla promesa de\u00a0 <em>primero los pobres<\/em>? \u00bfel fin del neoliberalismo? \u00bfAcaso los efectos nocivos de la austeridad republicana? \u00bfel bajo crecimiento econ\u00f3mico? \u00bfla escases de medicinas?, \u00bfel fin del huachicoleo? \u00bfel combate a la corrupci\u00f3n a la par del perd\u00f3n a los corruptos ya enriquecidos? \u00bfacaso poner en riesgo al Estado Laico de M\u00e9xico? O \u00bfel cumplir las \u00f3rdenes del salvaje de la casa blanca, porque nos amenaz\u00f3 que nos puede ir peor?<!--more--><\/p>\n<p>Seg\u00fan Rolando Cordera \u201clas cuentas no son todo cuando se habla de pol\u00edtica econ\u00f3mica y social, lo peor es hacerlas mal y cre\u00e9rselas, sus efectos pueden ser desastrosos.<\/p>\n<p>El PIB muestra en el primer trimestre de este 2019 una desaceleraci\u00f3n en t\u00e9rminos anuales del orden del 0.1% y una contracci\u00f3n respecto al trimestre anterior de menos 0.2%, comportamiento que se puede atribuir tanto a la moderaci\u00f3n del crecimiento de la econom\u00eda global, como a una mayor debilidad de la demanda interna, acentuada por problemas en la distribuci\u00f3n de las gasolinas, los bloqueos de las v\u00edas f\u00e9rreas en Michoac\u00e1n y los conflictos laborales en Matamoros.<\/p>\n<p>Las exportaciones y las importaciones decrecieron en marzo en 1.5% y 0.5% respectivamente; la productividad laboral creci\u00f3 tan solo 0.2% en t\u00e9rminos \u00a0trimestrales, pero a nivel anual muestra una ca\u00edda del 0.5%, lo que evidencia que nuestras pymes requieren de apoyo en materia de desarrollo tecnol\u00f3gico, ya que la productividad no crece por decreto y un incremento salarial no necesariamente implica un incremento en la productividad, se requiere de m\u00e1s y mejores conocimientos, como capacitaci\u00f3n y asistencia tecnol\u00f3gica, que son resultado de la Transferencia Tecnol\u00f3gica y de Conocimientos, generados en las Instituciones de Educaci\u00f3n Superior y en los Centros de Investigaci\u00f3n.<\/p>\n<p>La actividad industrial en su conjunto ha perdido dinamismo, sobre todo a nivel anual ya que decreci\u00f3 en 0.4% aunque en t\u00e9rminos mensuales subi\u00f3 1.5%. La inflaci\u00f3n es del 4.8% y el tipo de cambio al 30 de junio, fluctu\u00f3 entre 19.23 y 19.45 pesos por d\u00f3lar, no registra variaciones abruptas.<\/p>\n<p>Las expectativas de crecimiento del PIB para este 2019 son variadas, por ejemplo el Bank of Am\u00e9rica pronostica entre 1% a 0.7%, para el 2020 el 1.5% o 1.2%; mientras que JP\u00a0 Morgan y CitiBanamex 1.2% para este 2019.<\/p>\n<p>Si bien el Presidente L\u00f3pez Obrador cuenta con el respaldo de una mayor\u00eda social, que espera un cambio donde la corrupci\u00f3n, la violencia y el latrocinio desaparezcan, para dar paso a un Estado que disminuya la ofensiva desigualdad, cuyas profundidades fueron alimentadas por corruptos que transformaron a la pol\u00edtica en la gerencia, para encubrir enriquecimientos il\u00edcitos.<\/p>\n<p>AMLO cuenta con una gran fuerza social, pero el poder todav\u00eda esta manos de sus viejos propietarios, cuyos representantes est\u00e1n mezclados en las estructuras del gobierno disfrazados de\u00a0 colaboradores, todav\u00eda fieles a la oligarqu\u00eda que los cre\u00f3, se muestran dispuestos para aceptar cambios superficiales, cuando no buscan sesgarlos, para mantener la vigencia del viejo sistema neoliberal en beneficio de sus intereses.<\/p>\n<p>El tiempo para darle un sentido social a la distribuci\u00f3n de los frutos econ\u00f3micos no han llegado, para ello es imprescindible crear las infraestructuras y el paradigma del conocimiento, como instrumentos fundamentales para acceder al bienestar social.<\/p>\n<p>Los caminos realizados a mano por los integrantes de las comunidades, est\u00e1n bien, pero eso no los va llevar a un bienestar sostenido; lo que no est\u00e1 bien es que no se impulse el progreso t\u00e9cnico a nivel social, orientado a las tecnolog\u00edas digitales y a la bioeconom\u00eda, logrando un crecimiento bajo en carbono, y desarrollando sectores productivos comunitarios, que usen y difundan el conocimiento intensivo. Pronaces lo har\u00e1 posible.<\/p>\n<p>Es urgente llevar a la econom\u00eda mexicana hacia estructuras productivas diversificadas con mayor intensidad tecnol\u00f3gica para que generen bienes y servicios con mayor contenido de conocimiento y por ende m\u00e1s competitivos. El desarrollo de esta estructura conocida como sistema complejo, se estanc\u00f3 en M\u00e9xico entre 1995 y 2014.<\/p>\n<p>Sino le apostamos al conocimiento, a la investigaci\u00f3n y a las nuevas tecnolog\u00edas, los mexicanos, sobre todo los m\u00e1s necesitados, nunca saldr\u00e1n del pantano de la pobreza. \u00bfno lo cree usted?<\/p>\n","protected":false},"excerpt":{"rendered":"<p>\u00bfQue se festej\u00f3 en este 1\u00ba de Julio? \u00bfEl triunfo electoral? \u00bfla promesa de\u00a0 primero los pobres? \u00bfel fin del neoliberalismo? \u00bfAcaso los efectos nocivos de la austeridad republicana? \u00bfel bajo crecimiento econ\u00f3mico? \u00bfla escases de medicinas?, \u00bfel fin del huachicoleo? \u00bfel combate a la corrupci\u00f3n a la par del perd\u00f3n a los corruptos ya [&hellip;]<\/p>\n","protected":false},"author":1,"featured_media":16773,"comment_status":"open","ping_status":"open","sticky":false,"template":"","format":"standard","meta":{"footnotes":""},"categories":[33],"tags":[],"class_list":["post-16772","post","type-post","status-publish","format-standard","has-post-thumbnail","hentry","category-articulo-otech"],"yoast_head":"<!-- This site is optimized with the Yoast SEO plugin v26.7 - https:\/\/yoast.com\/wordpress\/plugins\/seo\/ -->\n<title>La Econom\u00eda y El Bienestar En Perspectiva de Crisis - Observatorio Tecnol\u00f3gico de Hidalgo<\/title>\n<meta name=\"robots\" content=\"index, follow, max-snippet:-1, max-image-preview:large, max-video-preview:-1\" \/>\n<link rel=\"canonical\" href=\"https:\/\/otech.uaeh.edu.mx\/noti\/articulo-otech\/la-economia-y-el-bienestar-en-perspectiva-de-crisis\/\" \/>\n<meta property=\"og:locale\" content=\"en_US\" \/>\n<meta property=\"og:type\" content=\"article\" \/>\n<meta property=\"og:title\" content=\"La Econom\u00eda y El Bienestar En Perspectiva de Crisis - Observatorio Tecnol\u00f3gico de Hidalgo\" \/>\n<meta property=\"og:description\" content=\"\u00bfQue se festej\u00f3 en este 1\u00ba de Julio? \u00bfEl triunfo electoral? \u00bfla promesa de\u00a0 primero los pobres? \u00bfel fin del neoliberalismo? \u00bfAcaso los efectos nocivos de la austeridad republicana? \u00bfel bajo crecimiento econ\u00f3mico? \u00bfla escases de medicinas?, \u00bfel fin del huachicoleo? \u00bfel combate a la corrupci\u00f3n a la par del perd\u00f3n a los corruptos ya [&hellip;]\" \/>\n<meta property=\"og:url\" content=\"https:\/\/otech.uaeh.edu.mx\/noti\/articulo-otech\/la-economia-y-el-bienestar-en-perspectiva-de-crisis\/\" \/>\n<meta property=\"og:site_name\" content=\"Observatorio Tecnol\u00f3gico de Hidalgo\" \/>\n<meta property=\"article:publisher\" content=\"https:\/\/www.facebook.com\/observatoriouaeh\" \/>\n<meta property=\"article:published_time\" content=\"2019-07-01T14:44:30+00:00\" \/>\n<meta property=\"article:modified_time\" content=\"2019-07-01T14:44:49+00:00\" \/>\n<meta property=\"og:image\" content=\"https:\/\/otech.uaeh.edu.mx\/noti\/wp-content\/uploads\/2019\/07\/Notic.1.jpg\" \/>\n\t<meta property=\"og:image:width\" content=\"600\" \/>\n\t<meta property=\"og:image:height\" content=\"350\" \/>\n\t<meta property=\"og:image:type\" content=\"image\/jpeg\" \/>\n<meta name=\"author\" content=\"admin\" \/>\n<meta name=\"twitter:card\" content=\"summary_large_image\" \/>\n<meta name=\"twitter:creator\" content=\"@OBSERVATORIOEH\" \/>\n<meta name=\"twitter:site\" content=\"@OBSERVATORIOEH\" \/>\n<meta name=\"twitter:label1\" content=\"Written by\" \/>\n\t<meta name=\"twitter:data1\" content=\"admin\" \/>\n\t<meta name=\"twitter:label2\" content=\"Est. reading time\" \/>\n\t<meta name=\"twitter:data2\" content=\"4 minutes\" \/>\n<script type=\"application\/ld+json\" class=\"yoast-schema-graph\">{\"@context\":\"https:\/\/schema.org\",\"@graph\":[{\"@type\":\"Article\",\"@id\":\"https:\/\/otech.uaeh.edu.mx\/noti\/articulo-otech\/la-economia-y-el-bienestar-en-perspectiva-de-crisis\/#article\",\"isPartOf\":{\"@id\":\"https:\/\/otech.uaeh.edu.mx\/noti\/articulo-otech\/la-economia-y-el-bienestar-en-perspectiva-de-crisis\/\"},\"author\":{\"name\":\"admin\",\"@id\":\"https:\/\/otech.uaeh.edu.mx\/noti\/#\/schema\/person\/95263d004158ffabcd98137e1d0abc1c\"},\"headline\":\"La Econom\u00eda y El Bienestar En Perspectiva de Crisis\",\"datePublished\":\"2019-07-01T14:44:30+00:00\",\"dateModified\":\"2019-07-01T14:44:49+00:00\",\"mainEntityOfPage\":{\"@id\":\"https:\/\/otech.uaeh.edu.mx\/noti\/articulo-otech\/la-economia-y-el-bienestar-en-perspectiva-de-crisis\/\"},\"wordCount\":721,\"commentCount\":0,\"publisher\":{\"@id\":\"https:\/\/otech.uaeh.edu.mx\/noti\/#organization\"},\"image\":{\"@id\":\"https:\/\/otech.uaeh.edu.mx\/noti\/articulo-otech\/la-economia-y-el-bienestar-en-perspectiva-de-crisis\/#primaryimage\"},\"thumbnailUrl\":\"https:\/\/otech.uaeh.edu.mx\/noti\/wp-content\/uploads\/2019\/07\/Notic.1.jpg\",\"articleSection\":[\"Art\u00edculo OTecH\"],\"inLanguage\":\"en-US\",\"potentialAction\":[{\"@type\":\"CommentAction\",\"name\":\"Comment\",\"target\":[\"https:\/\/otech.uaeh.edu.mx\/noti\/articulo-otech\/la-economia-y-el-bienestar-en-perspectiva-de-crisis\/#respond\"]}]},{\"@type\":\"WebPage\",\"@id\":\"https:\/\/otech.uaeh.edu.mx\/noti\/articulo-otech\/la-economia-y-el-bienestar-en-perspectiva-de-crisis\/\",\"url\":\"https:\/\/otech.uaeh.edu.mx\/noti\/articulo-otech\/la-economia-y-el-bienestar-en-perspectiva-de-crisis\/\",\"name\":\"La Econom\u00eda y El Bienestar En Perspectiva de Crisis - Observatorio Tecnol\u00f3gico de Hidalgo\",\"isPartOf\":{\"@id\":\"https:\/\/otech.uaeh.edu.mx\/noti\/#website\"},\"primaryImageOfPage\":{\"@id\":\"https:\/\/otech.uaeh.edu.mx\/noti\/articulo-otech\/la-economia-y-el-bienestar-en-perspectiva-de-crisis\/#primaryimage\"},\"image\":{\"@id\":\"https:\/\/otech.uaeh.edu.mx\/noti\/articulo-otech\/la-economia-y-el-bienestar-en-perspectiva-de-crisis\/#primaryimage\"},\"thumbnailUrl\":\"https:\/\/otech.uaeh.edu.mx\/noti\/wp-content\/uploads\/2019\/07\/Notic.1.jpg\",\"datePublished\":\"2019-07-01T14:44:30+00:00\",\"dateModified\":\"2019-07-01T14:44:49+00:00\",\"breadcrumb\":{\"@id\":\"https:\/\/otech.uaeh.edu.mx\/noti\/articulo-otech\/la-economia-y-el-bienestar-en-perspectiva-de-crisis\/#breadcrumb\"},\"inLanguage\":\"en-US\",\"potentialAction\":[{\"@type\":\"ReadAction\",\"target\":[\"https:\/\/otech.uaeh.edu.mx\/noti\/articulo-otech\/la-economia-y-el-bienestar-en-perspectiva-de-crisis\/\"]}]},{\"@type\":\"ImageObject\",\"inLanguage\":\"en-US\",\"@id\":\"https:\/\/otech.uaeh.edu.mx\/noti\/articulo-otech\/la-economia-y-el-bienestar-en-perspectiva-de-crisis\/#primaryimage\",\"url\":\"https:\/\/otech.uaeh.edu.mx\/noti\/wp-content\/uploads\/2019\/07\/Notic.1.jpg\",\"contentUrl\":\"https:\/\/otech.uaeh.edu.mx\/noti\/wp-content\/uploads\/2019\/07\/Notic.1.jpg\",\"width\":600,\"height\":350},{\"@type\":\"BreadcrumbList\",\"@id\":\"https:\/\/otech.uaeh.edu.mx\/noti\/articulo-otech\/la-economia-y-el-bienestar-en-perspectiva-de-crisis\/#breadcrumb\",\"itemListElement\":[{\"@type\":\"ListItem\",\"position\":1,\"name\":\"Inicio\",\"item\":\"https:\/\/otech.uaeh.edu.mx\/noti\/\"},{\"@type\":\"ListItem\",\"position\":2,\"name\":\"La Econom\u00eda y El Bienestar En Perspectiva de Crisis\"}]},{\"@type\":\"WebSite\",\"@id\":\"https:\/\/otech.uaeh.edu.mx\/noti\/#website\",\"url\":\"https:\/\/otech.uaeh.edu.mx\/noti\/\",\"name\":\"Observatorio Tecnol\u00f3gico de Hidalgo\",\"description\":\"\",\"publisher\":{\"@id\":\"https:\/\/otech.uaeh.edu.mx\/noti\/#organization\"},\"potentialAction\":[{\"@type\":\"SearchAction\",\"target\":{\"@type\":\"EntryPoint\",\"urlTemplate\":\"https:\/\/otech.uaeh.edu.mx\/noti\/?s={search_term_string}\"},\"query-input\":{\"@type\":\"PropertyValueSpecification\",\"valueRequired\":true,\"valueName\":\"search_term_string\"}}],\"inLanguage\":\"en-US\"},{\"@type\":\"Organization\",\"@id\":\"https:\/\/otech.uaeh.edu.mx\/noti\/#organization\",\"name\":\"Observatorio Tecnol\u00f3gico de Hidalgo\",\"url\":\"https:\/\/otech.uaeh.edu.mx\/noti\/\",\"logo\":{\"@type\":\"ImageObject\",\"inLanguage\":\"en-US\",\"@id\":\"https:\/\/otech.uaeh.edu.mx\/noti\/#\/schema\/logo\/image\/\",\"url\":\"https:\/\/otech.uaeh.edu.mx\/noti\/wp-content\/uploads\/2025\/11\/Logo-circulo.png\",\"contentUrl\":\"https:\/\/otech.uaeh.edu.mx\/noti\/wp-content\/uploads\/2025\/11\/Logo-circulo.png\",\"width\":250,\"height\":250,\"caption\":\"Observatorio Tecnol\u00f3gico de Hidalgo\"},\"image\":{\"@id\":\"https:\/\/otech.uaeh.edu.mx\/noti\/#\/schema\/logo\/image\/\"},\"sameAs\":[\"https:\/\/www.facebook.com\/observatoriouaeh\",\"https:\/\/x.com\/OBSERVATORIOEH\"]},{\"@type\":\"Person\",\"@id\":\"https:\/\/otech.uaeh.edu.mx\/noti\/#\/schema\/person\/95263d004158ffabcd98137e1d0abc1c\",\"name\":\"admin\",\"image\":{\"@type\":\"ImageObject\",\"inLanguage\":\"en-US\",\"@id\":\"https:\/\/otech.uaeh.edu.mx\/noti\/#\/schema\/person\/image\/\",\"url\":\"https:\/\/secure.gravatar.com\/avatar\/08dd17208ee6a9e87c5a01c0a5f4c96c8ed24bf05e625630929b5b6a7c1ffa5f?s=96&d=mm&r=g\",\"contentUrl\":\"https:\/\/secure.gravatar.com\/avatar\/08dd17208ee6a9e87c5a01c0a5f4c96c8ed24bf05e625630929b5b6a7c1ffa5f?s=96&d=mm&r=g\",\"caption\":\"admin\"},\"url\":\"https:\/\/otech.uaeh.edu.mx\/noti\/author\/admin\/\"}]}<\/script>\n<!-- \/ Yoast SEO plugin. -->","yoast_head_json":{"title":"La Econom\u00eda y El Bienestar En Perspectiva de Crisis - Observatorio Tecnol\u00f3gico de Hidalgo","robots":{"index":"index","follow":"follow","max-snippet":"max-snippet:-1","max-image-preview":"max-image-preview:large","max-video-preview":"max-video-preview:-1"},"canonical":"https:\/\/otech.uaeh.edu.mx\/noti\/articulo-otech\/la-economia-y-el-bienestar-en-perspectiva-de-crisis\/","og_locale":"en_US","og_type":"article","og_title":"La Econom\u00eda y El Bienestar En Perspectiva de Crisis - Observatorio Tecnol\u00f3gico de Hidalgo","og_description":"\u00bfQue se festej\u00f3 en este 1\u00ba de Julio? \u00bfEl triunfo electoral? \u00bfla promesa de\u00a0 primero los pobres? \u00bfel fin del neoliberalismo? \u00bfAcaso los efectos nocivos de la austeridad republicana? \u00bfel bajo crecimiento econ\u00f3mico? \u00bfla escases de medicinas?, \u00bfel fin del huachicoleo? \u00bfel combate a la corrupci\u00f3n a la par del perd\u00f3n a los corruptos ya [&hellip;]","og_url":"https:\/\/otech.uaeh.edu.mx\/noti\/articulo-otech\/la-economia-y-el-bienestar-en-perspectiva-de-crisis\/","og_site_name":"Observatorio Tecnol\u00f3gico de Hidalgo","article_publisher":"https:\/\/www.facebook.com\/observatoriouaeh","article_published_time":"2019-07-01T14:44:30+00:00","article_modified_time":"2019-07-01T14:44:49+00:00","og_image":[{"width":600,"height":350,"url":"https:\/\/otech.uaeh.edu.mx\/noti\/wp-content\/uploads\/2019\/07\/Notic.1.jpg","type":"image\/jpeg"}],"author":"admin","twitter_card":"summary_large_image","twitter_creator":"@OBSERVATORIOEH","twitter_site":"@OBSERVATORIOEH","twitter_misc":{"Written by":"admin","Est. reading time":"4 minutes"},"schema":{"@context":"https:\/\/schema.org","@graph":[{"@type":"Article","@id":"https:\/\/otech.uaeh.edu.mx\/noti\/articulo-otech\/la-economia-y-el-bienestar-en-perspectiva-de-crisis\/#article","isPartOf":{"@id":"https:\/\/otech.uaeh.edu.mx\/noti\/articulo-otech\/la-economia-y-el-bienestar-en-perspectiva-de-crisis\/"},"author":{"name":"admin","@id":"https:\/\/otech.uaeh.edu.mx\/noti\/#\/schema\/person\/95263d004158ffabcd98137e1d0abc1c"},"headline":"La Econom\u00eda y El Bienestar En Perspectiva de Crisis","datePublished":"2019-07-01T14:44:30+00:00","dateModified":"2019-07-01T14:44:49+00:00","mainEntityOfPage":{"@id":"https:\/\/otech.uaeh.edu.mx\/noti\/articulo-otech\/la-economia-y-el-bienestar-en-perspectiva-de-crisis\/"},"wordCount":721,"commentCount":0,"publisher":{"@id":"https:\/\/otech.uaeh.edu.mx\/noti\/#organization"},"image":{"@id":"https:\/\/otech.uaeh.edu.mx\/noti\/articulo-otech\/la-economia-y-el-bienestar-en-perspectiva-de-crisis\/#primaryimage"},"thumbnailUrl":"https:\/\/otech.uaeh.edu.mx\/noti\/wp-content\/uploads\/2019\/07\/Notic.1.jpg","articleSection":["Art\u00edculo OTecH"],"inLanguage":"en-US","potentialAction":[{"@type":"CommentAction","name":"Comment","target":["https:\/\/otech.uaeh.edu.mx\/noti\/articulo-otech\/la-economia-y-el-bienestar-en-perspectiva-de-crisis\/#respond"]}]},{"@type":"WebPage","@id":"https:\/\/otech.uaeh.edu.mx\/noti\/articulo-otech\/la-economia-y-el-bienestar-en-perspectiva-de-crisis\/","url":"https:\/\/otech.uaeh.edu.mx\/noti\/articulo-otech\/la-economia-y-el-bienestar-en-perspectiva-de-crisis\/","name":"La Econom\u00eda y El Bienestar En Perspectiva de Crisis - Observatorio Tecnol\u00f3gico de Hidalgo","isPartOf":{"@id":"https:\/\/otech.uaeh.edu.mx\/noti\/#website"},"primaryImageOfPage":{"@id":"https:\/\/otech.uaeh.edu.mx\/noti\/articulo-otech\/la-economia-y-el-bienestar-en-perspectiva-de-crisis\/#primaryimage"},"image":{"@id":"https:\/\/otech.uaeh.edu.mx\/noti\/articulo-otech\/la-economia-y-el-bienestar-en-perspectiva-de-crisis\/#primaryimage"},"thumbnailUrl":"https:\/\/otech.uaeh.edu.mx\/noti\/wp-content\/uploads\/2019\/07\/Notic.1.jpg","datePublished":"2019-07-01T14:44:30+00:00","dateModified":"2019-07-01T14:44:49+00:00","breadcrumb":{"@id":"https:\/\/otech.uaeh.edu.mx\/noti\/articulo-otech\/la-economia-y-el-bienestar-en-perspectiva-de-crisis\/#breadcrumb"},"inLanguage":"en-US","potentialAction":[{"@type":"ReadAction","target":["https:\/\/otech.uaeh.edu.mx\/noti\/articulo-otech\/la-economia-y-el-bienestar-en-perspectiva-de-crisis\/"]}]},{"@type":"ImageObject","inLanguage":"en-US","@id":"https:\/\/otech.uaeh.edu.mx\/noti\/articulo-otech\/la-economia-y-el-bienestar-en-perspectiva-de-crisis\/#primaryimage","url":"https:\/\/otech.uaeh.edu.mx\/noti\/wp-content\/uploads\/2019\/07\/Notic.1.jpg","contentUrl":"https:\/\/otech.uaeh.edu.mx\/noti\/wp-content\/uploads\/2019\/07\/Notic.1.jpg","width":600,"height":350},{"@type":"BreadcrumbList","@id":"https:\/\/otech.uaeh.edu.mx\/noti\/articulo-otech\/la-economia-y-el-bienestar-en-perspectiva-de-crisis\/#breadcrumb","itemListElement":[{"@type":"ListItem","position":1,"name":"Inicio","item":"https:\/\/otech.uaeh.edu.mx\/noti\/"},{"@type":"ListItem","position":2,"name":"La Econom\u00eda y El Bienestar En Perspectiva de Crisis"}]},{"@type":"WebSite","@id":"https:\/\/otech.uaeh.edu.mx\/noti\/#website","url":"https:\/\/otech.uaeh.edu.mx\/noti\/","name":"Observatorio Tecnol\u00f3gico de Hidalgo","description":"","publisher":{"@id":"https:\/\/otech.uaeh.edu.mx\/noti\/#organization"},"potentialAction":[{"@type":"SearchAction","target":{"@type":"EntryPoint","urlTemplate":"https:\/\/otech.uaeh.edu.mx\/noti\/?s={search_term_string}"},"query-input":{"@type":"PropertyValueSpecification","valueRequired":true,"valueName":"search_term_string"}}],"inLanguage":"en-US"},{"@type":"Organization","@id":"https:\/\/otech.uaeh.edu.mx\/noti\/#organization","name":"Observatorio Tecnol\u00f3gico de Hidalgo","url":"https:\/\/otech.uaeh.edu.mx\/noti\/","logo":{"@type":"ImageObject","inLanguage":"en-US","@id":"https:\/\/otech.uaeh.edu.mx\/noti\/#\/schema\/logo\/image\/","url":"https:\/\/otech.uaeh.edu.mx\/noti\/wp-content\/uploads\/2025\/11\/Logo-circulo.png","contentUrl":"https:\/\/otech.uaeh.edu.mx\/noti\/wp-content\/uploads\/2025\/11\/Logo-circulo.png","width":250,"height":250,"caption":"Observatorio Tecnol\u00f3gico de Hidalgo"},"image":{"@id":"https:\/\/otech.uaeh.edu.mx\/noti\/#\/schema\/logo\/image\/"},"sameAs":["https:\/\/www.facebook.com\/observatoriouaeh","https:\/\/x.com\/OBSERVATORIOEH"]},{"@type":"Person","@id":"https:\/\/otech.uaeh.edu.mx\/noti\/#\/schema\/person\/95263d004158ffabcd98137e1d0abc1c","name":"admin","image":{"@type":"ImageObject","inLanguage":"en-US","@id":"https:\/\/otech.uaeh.edu.mx\/noti\/#\/schema\/person\/image\/","url":"https:\/\/secure.gravatar.com\/avatar\/08dd17208ee6a9e87c5a01c0a5f4c96c8ed24bf05e625630929b5b6a7c1ffa5f?s=96&d=mm&r=g","contentUrl":"https:\/\/secure.gravatar.com\/avatar\/08dd17208ee6a9e87c5a01c0a5f4c96c8ed24bf05e625630929b5b6a7c1ffa5f?s=96&d=mm&r=g","caption":"admin"},"url":"https:\/\/otech.uaeh.edu.mx\/noti\/author\/admin\/"}]}},"_links":{"self":[{"href":"https:\/\/otech.uaeh.edu.mx\/noti\/wp-json\/wp\/v2\/posts\/16772","targetHints":{"allow":["GET"]}}],"collection":[{"href":"https:\/\/otech.uaeh.edu.mx\/noti\/wp-json\/wp\/v2\/posts"}],"about":[{"href":"https:\/\/otech.uaeh.edu.mx\/noti\/wp-json\/wp\/v2\/types\/post"}],"author":[{"embeddable":true,"href":"https:\/\/otech.uaeh.edu.mx\/noti\/wp-json\/wp\/v2\/users\/1"}],"replies":[{"embeddable":true,"href":"https:\/\/otech.uaeh.edu.mx\/noti\/wp-json\/wp\/v2\/comments?post=16772"}],"version-history":[{"count":1,"href":"https:\/\/otech.uaeh.edu.mx\/noti\/wp-json\/wp\/v2\/posts\/16772\/revisions"}],"predecessor-version":[{"id":16774,"href":"https:\/\/otech.uaeh.edu.mx\/noti\/wp-json\/wp\/v2\/posts\/16772\/revisions\/16774"}],"wp:featuredmedia":[{"embeddable":true,"href":"https:\/\/otech.uaeh.edu.mx\/noti\/wp-json\/wp\/v2\/media\/16773"}],"wp:attachment":[{"href":"https:\/\/otech.uaeh.edu.mx\/noti\/wp-json\/wp\/v2\/media?parent=16772"}],"wp:term":[{"taxonomy":"category","embeddable":true,"href":"https:\/\/otech.uaeh.edu.mx\/noti\/wp-json\/wp\/v2\/categories?post=16772"},{"taxonomy":"post_tag","embeddable":true,"href":"https:\/\/otech.uaeh.edu.mx\/noti\/wp-json\/wp\/v2\/tags?post=16772"}],"curies":[{"name":"wp","href":"https:\/\/api.w.org\/{rel}","templated":true}]}}