{"id":16873,"date":"2019-07-04T08:38:46","date_gmt":"2019-07-04T14:38:46","guid":{"rendered":"http:\/\/otech.uaeh.edu.mx\/noti\/?p=16873"},"modified":"2019-07-04T08:55:21","modified_gmt":"2019-07-04T14:55:21","slug":"como-usar-la-tecnologia-para-luchar-contra-la-pobreza-y-exclusion-social","status":"publish","type":"post","link":"https:\/\/otech.uaeh.edu.mx\/noti\/sociedad\/como-usar-la-tecnologia-para-luchar-contra-la-pobreza-y-exclusion-social\/","title":{"rendered":"C\u00f3mo usar la tecnolog\u00eda para luchar contra la pobreza y exclusi\u00f3n social"},"content":{"rendered":"<div class=\"detContIntro\">\n<div class=\"container\">\n<div class=\"row\">\n<div class=\"col-md-offset-2 col-md-8 col-sm-12 col-xs-12\">\n<p style=\"text-align: left;\">La innovaci\u00f3n tecnol\u00f3gica es una oportunidad para que las empresas aumenten su compromiso social, mejorando adem\u00e1s sus beneficios y su reputaci\u00f3n. Es una de las conclusiones del estudio<span>\u00a0<\/span>\u2018Tecnolog\u00eda con Prop\u00f3sito. El impacto social de la empresa en la era digital\u2019. Durante la presentaci\u00f3n, que ha tenido lugar el 2 de julio en Madrid, Lidia del Pozo, directora de Programas de Inversi\u00f3n en la Comunidad de BBVA, ha puesto de manifiesto la transformaci\u00f3n acelerada que vive el mundo. A su jucio, \u201cla tecnolog\u00eda genera sin duda oportunidades para mejorar la sociedad, en tanto y cuanto facilita, democratiza y expande el acceso a productos y servicios que mejoran la calidad de vida de las personas\u201d.<\/p>\n<\/div>\n<\/div>\n<\/div>\n<\/div>\n<p style=\"text-align: left;\"><!--more--><a target=\"_blank\" rel=\"nofollow noopener\" class=\"audio\" accesskey=\"L\" title=\"Escucha esta p\u00e1gina utilizando ReadSpeaker\" href=\"https:\/\/app-eu.readspeaker.com\/cgi-bin\/rsent?customerid=8166&amp;lang=es&amp;readclass=detContHeader656721,detContContent656721&amp;url=https%3A%2F%2Fwww.bbva.com%2Fes%2Fcomo-usar-la-tecnologia-para-luchar-contra-la-pobreza-y-exclusion-social%2F\" onclick=\"readpage(this.href, 'xp656721'); return false;\"><i class=\"icon-commu_audio\"><\/i>\u00a0Escuchar audio<\/a><\/p>\n<div class=\"detContMedia rs_skip\" style=\"text-align: left;\">\n<div class=\"container\">\n<div class=\"row\">\n<div class=\"col-md-offset-2 col-md-8 col-sm-12 col-xs-12\">\n<div class=\"component_media\">\n<div class=\"mediaContent rs_preserve\">\n<div id=\"xp656721\" class=\"rs_skip rsbtn_colorskin\">El\u00a0<strong>Observatorio Empresarial contra la Pobreza<\/strong>\u00a0(OECP), cuyo objetivo es promover el liderazgo de la empresa en la lucha frente a la pobreza, ha presentado esta investigaci\u00f3n junto a BBVA y otras entidades colaboradoras. Un informe \u2018Tecnolog\u00eda con Prop\u00f3sito\u2019 que pone sobre la mesa la relevancia del rol y del potencial que las empresas espa\u00f1olas tienen para contribuir a un crecimiento inclusivo a trav\u00e9s del uso de las tecnolog\u00edas tanto en Espa\u00f1a como en las comunidades en las que operan en otros pa\u00edses. Adem\u00e1s,\u00a0<strong>hace hincapi\u00e9 en la tecnolog\u00eda con prop\u00f3sito como una v\u00eda pr\u00e1ctica\u00a0para impulsar el cumplimiento de los Objetivos de Desarrollo Sostenible para el a\u00f1o 2030<\/strong>.<\/div>\n<\/div>\n<\/div>\n<\/div>\n<\/div>\n<\/div>\n<\/div>\n<div class=\"detContText\" style=\"text-align: left;\">\n<div class=\"container\">\n<div class=\"row\">\n<div class=\"col-md-offset-2 col-md-8 col-sm-12 col-xs-12\">\n<p><strong>Lidia del Pozo<\/strong>, directora de Programas de Inversi\u00f3n en la Comunidad de BBVA, fue la encargada de introducir el informe a los asistentes, cuyo prop\u00f3sito es que inspire y gu\u00ede a las empresas de cualquier tama\u00f1o y sector, fundaciones empresariales, organizaciones de la sociedad civil y administraciones, para que desarrollen estrategias de tecnolog\u00eda con prop\u00f3sito, buscando un impacto social para todos. \u201c<strong>El OECP pretende inspirar y dar herramientas pr\u00e1cticas a las empresas para que puedan contribuir, de forma diferencial a la lucha contra la pobreza, adem\u00e1s fomenta la creaci\u00f3n de espacios donde las empresas pueden formarse para<span>\u00a0<\/span>dar un paso adelante en su compromiso con los m\u00e1s vulnerables<\/strong>\u201d, explicaba. Y continuaba: \u201cEstamos viviendo un momento de transformaci\u00f3n donde todo se est\u00e1 redefiniendo, y las empresas tenemos la capacidad, oportunidad y responsabilidad de lograr un cambio tecnol\u00f3gico responsable e inclusivo\u201d.<\/p>\n<p>En 2018,<span>\u00a0<\/span><strong>783,4 millones de personas todav\u00eda viv\u00edan en condiciones de extrema pobreza y, solo en la Uni\u00f3n Europea, 123,3 millones de personas se encontraban en riesgo de exclusi\u00f3n social<\/strong>, -el 24,4 % de la poblaci\u00f3n total de los 28 pa\u00edses miembros-. Unas cifras que revelan nuevas brechas de desigualdad, tanto en los pa\u00edses desarrollados como en v\u00edas de desarrollo.<\/p>\n<\/div>\n<\/div>\n<\/div>\n<\/div>\n<div class=\"detArtImg\" style=\"text-align: left;\">\n<div class=\"component_img_text_size\">\n<div class=\"container\">\n<div class=\"row\">\n<div class=\"col-md-offset-2 col-md-8 col-sm-12 col-xs-12\">\n<figure><img decoding=\"async\" srcset=\"https:\/\/www.bbva.com\/wp-content\/uploads\/2019\/07\/lidia-del-pozo-codespa-bbva-768x512.jpg 768w, https:\/\/www.bbva.com\/wp-content\/uploads\/2019\/07\/lidia-del-pozo-codespa-bbva-1024x683.jpg 1024w, https:\/\/www.bbva.com\/wp-content\/uploads\/2019\/07\/lidia-del-pozo-codespa-bbva-1920x1281.jpg 1920w\" sizes=\"(max-width: 768px) 768px, (max-width: 1024px) 1024px, 1920px\" src=\"https:\/\/www.bbva.com\/wp-content\/uploads\/2019\/07\/lidia-del-pozo-codespa-bbva-1024x683.jpg\" alt=\"\" \/><\/figure>\n<p>Lidia del Pozo, directora de Programas de Inversi\u00f3n en la Comunidad de BBVA, durante la introducci\u00f3n del informe.<\/p>\n<\/div>\n<\/div>\n<\/div>\n<\/div>\n<\/div>\n<div class=\"detContText\" style=\"text-align: left;\">\n<div class=\"container\">\n<div class=\"row\">\n<div class=\"col-md-offset-2 col-md-8 col-sm-12 col-xs-12\">\n<h5>1. Telefon\u00eda m\u00f3vil<\/h5>\n<p>El 70,4% de los habitantes de los 47 pa\u00edses menos desarrollados est\u00e1n abonados a un servicio de telefon\u00eda m\u00f3vil. La conectividad m\u00f3vil, independientemente del lugar de conexi\u00f3n y procedencia socioecon\u00f3mica, evita desplazamientos que requieren recursos y tiempo. La investigaci\u00f3n sit\u00faa a la telefon\u00eda m\u00f3vil como la tecnolog\u00eda que mayor impacto tiene, actualmente, en la lucha contra la pobreza. \u201cDebemos entender la realidad socioecon\u00f3mica y cultural de las poblaciones y grupos vulnerables. La telefon\u00eda m\u00f3vil es de las m\u00e1s \u00fatiles a d\u00eda de hoy, por su mayor penetraci\u00f3n, adaptaci\u00f3n y aceptaci\u00f3n en contextos de pobreza y exclusi\u00f3n en comparaci\u00f3n con las otras\u201d, explic\u00f3 M\u00f3nica Gil-Casares, directora de Investigaci\u00f3n, Innovaci\u00f3n Social y Consultor\u00eda de Fundaci\u00f3n CODESPA y coautora del informe.<\/p>\n<section class=\"component_related_content\">\n<div class=\"col-md-5 col-sm-6 col-xs-12\">\n<article class=\"mod_noticia t_art i_sfoto f_1x1\">\n<div class=\"mod_noticia_box\">\n<div class=\"noticia_groupInfo col-md-12 col-sm-12 col-xs-12\">\n<div class=\"noticia_InfoTexto\">\n<p class=\"notTexto\">Casi la mitad de la poblaci\u00f3n mundial todav\u00eda vive con el equivalente a unos 2 d\u00f3lares estadounidenses diarios, mientras que la tasa mundial de desempleo alcanza el 5,7%. Puede parecer un bajo porcentaje, pero tener un trabajo no implica en muchos lugares del planeta que se tenga la capacidad para salir de la pobreza. Por eso, su erradicaci\u00f3n depende de que toda la sociedad pueda encontrar empleos estables y remunerados de forma digna. Esta es la finalidad del<span>\u00a0<\/span>Objetivo de Desarrollo Sostenible n\u00ba 8 de Naciones Unidas: \u201cPromover el crecimiento econ\u00f3mico sostenido, inclusivo y sostenible, el empleo pleno y productivo y el trabajo decente para todos\u201d. \u00a0Un Objetivo por el que BBVA trabaja diariamente no s\u00f3lo de forma interna con sus empleados, sino que tambi\u00e9n impulsa su consecuci\u00f3n a trav\u00e9s de su modelo de negocio.<\/p>\n<\/div>\n<\/div>\n<\/div>\n<\/article>\n<\/div>\n<\/section>\n<h5>2. Tecnolog\u00eda con prop\u00f3sito<\/h5>\n<p>El informe \u00edntegro refleja la investigaci\u00f3n llevada a cabo en el contexto de la<span>\u00a0<\/span><strong>Cuarta Revoluci\u00f3n Industrial<\/strong><span>\u00a0<\/span>y la nueva responsabilidad que tienen las empresas. Las tecnolog\u00edas y tendencias protagonistas de la revoluci\u00f3n digital est\u00e1n cambiando la manera de entender los negocios y, al mismo tiempo, est\u00e1n ayudando a mejorar la vida de las personas en situaci\u00f3n de vulnerabilidad. En el estudio se destacan algunas de ellas como: Internet de las Cosas (IoT, por sus siglas en ingl\u00e9s),<span>\u00a0<\/span><a href=\"https:\/\/www.bbva.com\/es\/robotica-inteligencia-artificial-y-datos-en-el-podcast-de-openmind\/\"><strong>l<\/strong><\/a><strong>a Inteligencia Artificial (IA), la rob\u00f3tica, las distintas plataformas digitales, la impresi\u00f3n 3D y materiales avanzados, \u2018blockchain\u2019, \u2018big data\u2019 o la conectividad m\u00f3vil<\/strong>. Tambi\u00e9n, se plantea una gu\u00eda de acci\u00f3n para las empresas a modo de recomendaci\u00f3n para que les ayude a saber c\u00f3mo empezar, y qu\u00e9 acciones llevar a cabo para contribuir a lograr un impacto social a trav\u00e9s del uso de las tecnolog\u00edas.<\/p>\n<h4>3. Las 4 \u2018aes\u2019 de las tecnolog\u00edas con prop\u00f3sito<\/h4>\n<p>Las soluciones tecnol\u00f3gicas con prop\u00f3sito deben ser adecuadas, accesibles, asequibles y estar adaptadas a la poblaci\u00f3n a la que se dirigen. Este es otro de los resultados m\u00e1s significativos del estudio al que prestar atenci\u00f3n. Diversos proyectos sociales con componente tecnol\u00f3gico muestran a lo largo del tiempo que distribuir tecnolog\u00eda no produce los resultados esperados si no se establece un programa formativo en paralelo que garantice el uso adecuado entre las personas usuarias. En este sentido, cualquier iniciativa de innovaci\u00f3n social tendr\u00e1 que considerar que las soluciones tecnol\u00f3gicas implican para los potenciales usuarios el poder acercarse al conocimiento y a las habilidades digitales, adem\u00e1s de intentar establecer colaboraciones con entidades sociales y gubernamentales locales para que las iniciativas planteadas respondan a las necesidades de la poblaci\u00f3n, est\u00e9n adaptadas a su contexto y ofrezcan un resultado \u00f3ptimo.<\/p>\n<\/div>\n<\/div>\n<\/div>\n<\/div>\n<div class=\"detArtImg\" style=\"text-align: left;\">\n<div class=\"component_img_text_size\">\n<div class=\"container\">\n<div class=\"row\">\n<div class=\"col-md-offset-2 col-md-8 col-sm-12 col-xs-12\">\n<figure><img decoding=\"async\" srcset=\"https:\/\/www.bbva.com\/wp-content\/uploads\/2019\/07\/institucional-codespa-768x512.jpg 768w, https:\/\/www.bbva.com\/wp-content\/uploads\/2019\/07\/institucional-codespa-1024x683.jpg 1024w, https:\/\/www.bbva.com\/wp-content\/uploads\/2019\/07\/institucional-codespa-1920x1281.jpg 1920w\" sizes=\"(max-width: 768px) 768px, (max-width: 1024px) 1024px, 1920px\" src=\"https:\/\/www.bbva.com\/wp-content\/uploads\/2019\/07\/institucional-codespa-1024x683.jpg\" alt=\"\" \/><\/figure>\n<p>De izquierda a derecha: Manuel Herrando, presidente del Observatorio Empresarial contra la Pobreza y de Fundaci\u00f3n CODESPA, Xiana Margarida, secretaria de Estado de Comercio, Aina Calvo, directora de la Agencia Espa\u00f1ola de Cooperaci\u00f3n Internacional para el Desarrollo, Federico Buyolo, director Oficina Alto Comisionado para la Agenda 2030 del Gobierno de Espa\u00f1a y Marc Sim\u00f3n, subdirector general de Fundaci\u00f3n Bancaria \u201cla Caixa\u201d.<\/p>\n<\/div>\n<\/div>\n<\/div>\n<\/div>\n<\/div>\n<div class=\"detContText\">\n<div class=\"container\">\n<div class=\"row\">\n<div class=\"col-md-offset-2 col-md-8 col-sm-12 col-xs-12\">\n<p style=\"text-align: left;\">\u201cEste a\u00f1o, las organizaciones que formamos parte del Observatorio, en un momento de desaf\u00edos y cambios generados por la transformaci\u00f3n digital, decidimos dirigir la investigaci\u00f3n anual a mostrar que la tecnolog\u00eda puede ser tambi\u00e9n una oportunidad para mejorar la calidad de vida de las personas, especialmente de las m\u00e1s vulnerables. Deseamos que esta publicaci\u00f3n sea de utilidad para aquellas empresas y organizaciones que pretenden poner la tecnolog\u00eda al servicio de la consecuci\u00f3n de los Objetivos de Desarrollo Sostenible\u201d declaraba<span>\u00a0<\/span><strong>Manuel Herrando<\/strong>, presidente del Observatorio Empresarial contra la Pobreza y de Fundaci\u00f3n<span>\u00a0<\/span><strong>CODESPA<\/strong>.<\/p>\n<p style=\"text-align: left;\"><strong>Xiana Margarida<\/strong>, secretaria de Estado de Comercio, por su parte, hizo una profunda reflexi\u00f3n sobre la digitalizaci\u00f3n. Para ella,<span>\u00a0<\/span><strong>es facilitadora y aceleradora de los Objetivos de Desarrollo Sostenible de la Agenda 2030<\/strong><span>\u00a0<\/span>como el empoderamiento de las mujeres (ODS n\u00ba5) y de otros colectivos vulnerables. Aumenta la productividad, mejora el acceso de los servicios p\u00fablicos como la educaci\u00f3n o la sanidad y reduce el coste de participar en el comercio internacional. Tambi\u00e9n, ayuda a difundir ideas y permite un mejor aprovechamiento derivadas del libre comercio. Los principales retos ser\u00e1n accesibilidad, conectividad y la formaci\u00f3n en habilidades tecnol\u00f3gicas.<\/p>\n<p style=\"text-align: left;\">Durante la conferencia de presentaci\u00f3n han tenido lugar distintas ponencias y di\u00e1logos enfocados a responder cuestiones sobre c\u00f3mo vincular el desarrollo tecnol\u00f3gico del negocio con el impacto social o c\u00f3mo mejorar la vida de las personas en situaci\u00f3n de vulnerabilidad a trav\u00e9s de la tecnolog\u00eda. Entre los ponentes se encontraron Marc Sim\u00f3n, subdirector general de Fundaci\u00f3n Bancaria \u201cla Caixa\u201d, Aina Calvo, directora de la Agencia Espa\u00f1ola de Cooperaci\u00f3n Internacional para el Desarrollo, Federico Buyolo, director Oficina Alto Comisionado para la Agenda 2030 del Gobierno de Espa\u00f1a, u Oisin Walton, responsable de Instant Network de Fundaci\u00f3n Vodafone, entre otros.<\/p>\n<p style=\"text-align: left;\">El objetivo de este estudio es profundizar en las oportunidades y los retos que las tendencias tecnol\u00f3gicas tienen para mejorar la vida de colectivos en riesgo de exclusi\u00f3n y vulnerabilidad. De modo que, se convierte en una herramienta para reflexionar y comprender pero, sobre todo, para inspirar a la acci\u00f3n de grandes, medianas y peque\u00f1as empresas, emprendedores sociales, entidades del tercer sector y administraci\u00f3n p\u00fablica.<\/p>\n<p style=\"text-align: left;\"><strong>Fuente: BBVA<\/strong><\/p>\n<\/div>\n<\/div>\n<\/div>\n<\/div>\n","protected":false},"excerpt":{"rendered":"<p>La innovaci\u00f3n tecnol\u00f3gica es una oportunidad para que las empresas aumenten su compromiso social, mejorando adem\u00e1s sus beneficios y su reputaci\u00f3n. Es una de las conclusiones del estudio\u00a0\u2018Tecnolog\u00eda con Prop\u00f3sito. El impacto social de la empresa en la era digital\u2019. Durante la presentaci\u00f3n, que ha tenido lugar el 2 de julio en Madrid, Lidia del [&hellip;]<\/p>\n","protected":false},"author":1,"featured_media":16874,"comment_status":"open","ping_status":"open","sticky":false,"template":"","format":"standard","meta":{"footnotes":""},"categories":[378],"tags":[],"class_list":["post-16873","post","type-post","status-publish","format-standard","has-post-thumbnail","hentry","category-sociedad"],"yoast_head":"<!-- This site is optimized with the Yoast SEO plugin v26.7 - https:\/\/yoast.com\/wordpress\/plugins\/seo\/ -->\n<title>C\u00f3mo usar la tecnolog\u00eda para luchar contra la pobreza y exclusi\u00f3n social - Observatorio Tecnol\u00f3gico de Hidalgo<\/title>\n<meta name=\"robots\" content=\"index, follow, max-snippet:-1, max-image-preview:large, max-video-preview:-1\" \/>\n<link rel=\"canonical\" href=\"https:\/\/otech.uaeh.edu.mx\/noti\/sociedad\/como-usar-la-tecnologia-para-luchar-contra-la-pobreza-y-exclusion-social\/\" \/>\n<meta property=\"og:locale\" content=\"en_US\" \/>\n<meta property=\"og:type\" content=\"article\" \/>\n<meta property=\"og:title\" content=\"C\u00f3mo usar la tecnolog\u00eda para luchar contra la pobreza y exclusi\u00f3n social - Observatorio Tecnol\u00f3gico de Hidalgo\" \/>\n<meta property=\"og:description\" content=\"La innovaci\u00f3n tecnol\u00f3gica es una oportunidad para que las empresas aumenten su compromiso social, mejorando adem\u00e1s sus beneficios y su reputaci\u00f3n. Es una de las conclusiones del estudio\u00a0\u2018Tecnolog\u00eda con Prop\u00f3sito. El impacto social de la empresa en la era digital\u2019. Durante la presentaci\u00f3n, que ha tenido lugar el 2 de julio en Madrid, Lidia del [&hellip;]\" \/>\n<meta property=\"og:url\" content=\"https:\/\/otech.uaeh.edu.mx\/noti\/sociedad\/como-usar-la-tecnologia-para-luchar-contra-la-pobreza-y-exclusion-social\/\" \/>\n<meta property=\"og:site_name\" content=\"Observatorio Tecnol\u00f3gico de Hidalgo\" \/>\n<meta property=\"article:publisher\" content=\"https:\/\/www.facebook.com\/observatoriouaeh\" \/>\n<meta property=\"article:published_time\" content=\"2019-07-04T14:38:46+00:00\" \/>\n<meta property=\"article:modified_time\" content=\"2019-07-04T14:55:21+00:00\" \/>\n<meta property=\"og:image\" content=\"https:\/\/otech.uaeh.edu.mx\/noti\/wp-content\/uploads\/2019\/07\/Notic.4-2.jpg\" \/>\n\t<meta property=\"og:image:width\" content=\"1920\" \/>\n\t<meta property=\"og:image:height\" content=\"1077\" \/>\n\t<meta property=\"og:image:type\" content=\"image\/jpeg\" \/>\n<meta name=\"author\" content=\"admin\" \/>\n<meta name=\"twitter:card\" content=\"summary_large_image\" \/>\n<meta name=\"twitter:creator\" content=\"@OBSERVATORIOEH\" \/>\n<meta name=\"twitter:site\" content=\"@OBSERVATORIOEH\" \/>\n<meta name=\"twitter:label1\" content=\"Written by\" \/>\n\t<meta name=\"twitter:data1\" content=\"admin\" \/>\n\t<meta name=\"twitter:label2\" content=\"Est. reading time\" \/>\n\t<meta name=\"twitter:data2\" content=\"8 minutes\" \/>\n<script type=\"application\/ld+json\" class=\"yoast-schema-graph\">{\"@context\":\"https:\/\/schema.org\",\"@graph\":[{\"@type\":\"Article\",\"@id\":\"https:\/\/otech.uaeh.edu.mx\/noti\/sociedad\/como-usar-la-tecnologia-para-luchar-contra-la-pobreza-y-exclusion-social\/#article\",\"isPartOf\":{\"@id\":\"https:\/\/otech.uaeh.edu.mx\/noti\/sociedad\/como-usar-la-tecnologia-para-luchar-contra-la-pobreza-y-exclusion-social\/\"},\"author\":{\"name\":\"admin\",\"@id\":\"https:\/\/otech.uaeh.edu.mx\/noti\/#\/schema\/person\/95263d004158ffabcd98137e1d0abc1c\"},\"headline\":\"C\u00f3mo usar la tecnolog\u00eda para luchar contra la pobreza y exclusi\u00f3n social\",\"datePublished\":\"2019-07-04T14:38:46+00:00\",\"dateModified\":\"2019-07-04T14:55:21+00:00\",\"mainEntityOfPage\":{\"@id\":\"https:\/\/otech.uaeh.edu.mx\/noti\/sociedad\/como-usar-la-tecnologia-para-luchar-contra-la-pobreza-y-exclusion-social\/\"},\"wordCount\":1565,\"commentCount\":0,\"publisher\":{\"@id\":\"https:\/\/otech.uaeh.edu.mx\/noti\/#organization\"},\"image\":{\"@id\":\"https:\/\/otech.uaeh.edu.mx\/noti\/sociedad\/como-usar-la-tecnologia-para-luchar-contra-la-pobreza-y-exclusion-social\/#primaryimage\"},\"thumbnailUrl\":\"https:\/\/otech.uaeh.edu.mx\/noti\/wp-content\/uploads\/2019\/07\/Notic.4-2.jpg\",\"articleSection\":[\"Sociedad\"],\"inLanguage\":\"en-US\",\"potentialAction\":[{\"@type\":\"CommentAction\",\"name\":\"Comment\",\"target\":[\"https:\/\/otech.uaeh.edu.mx\/noti\/sociedad\/como-usar-la-tecnologia-para-luchar-contra-la-pobreza-y-exclusion-social\/#respond\"]}]},{\"@type\":\"WebPage\",\"@id\":\"https:\/\/otech.uaeh.edu.mx\/noti\/sociedad\/como-usar-la-tecnologia-para-luchar-contra-la-pobreza-y-exclusion-social\/\",\"url\":\"https:\/\/otech.uaeh.edu.mx\/noti\/sociedad\/como-usar-la-tecnologia-para-luchar-contra-la-pobreza-y-exclusion-social\/\",\"name\":\"C\u00f3mo usar la tecnolog\u00eda para luchar contra la pobreza y exclusi\u00f3n social - Observatorio Tecnol\u00f3gico de Hidalgo\",\"isPartOf\":{\"@id\":\"https:\/\/otech.uaeh.edu.mx\/noti\/#website\"},\"primaryImageOfPage\":{\"@id\":\"https:\/\/otech.uaeh.edu.mx\/noti\/sociedad\/como-usar-la-tecnologia-para-luchar-contra-la-pobreza-y-exclusion-social\/#primaryimage\"},\"image\":{\"@id\":\"https:\/\/otech.uaeh.edu.mx\/noti\/sociedad\/como-usar-la-tecnologia-para-luchar-contra-la-pobreza-y-exclusion-social\/#primaryimage\"},\"thumbnailUrl\":\"https:\/\/otech.uaeh.edu.mx\/noti\/wp-content\/uploads\/2019\/07\/Notic.4-2.jpg\",\"datePublished\":\"2019-07-04T14:38:46+00:00\",\"dateModified\":\"2019-07-04T14:55:21+00:00\",\"breadcrumb\":{\"@id\":\"https:\/\/otech.uaeh.edu.mx\/noti\/sociedad\/como-usar-la-tecnologia-para-luchar-contra-la-pobreza-y-exclusion-social\/#breadcrumb\"},\"inLanguage\":\"en-US\",\"potentialAction\":[{\"@type\":\"ReadAction\",\"target\":[\"https:\/\/otech.uaeh.edu.mx\/noti\/sociedad\/como-usar-la-tecnologia-para-luchar-contra-la-pobreza-y-exclusion-social\/\"]}]},{\"@type\":\"ImageObject\",\"inLanguage\":\"en-US\",\"@id\":\"https:\/\/otech.uaeh.edu.mx\/noti\/sociedad\/como-usar-la-tecnologia-para-luchar-contra-la-pobreza-y-exclusion-social\/#primaryimage\",\"url\":\"https:\/\/otech.uaeh.edu.mx\/noti\/wp-content\/uploads\/2019\/07\/Notic.4-2.jpg\",\"contentUrl\":\"https:\/\/otech.uaeh.edu.mx\/noti\/wp-content\/uploads\/2019\/07\/Notic.4-2.jpg\",\"width\":1920,\"height\":1077},{\"@type\":\"BreadcrumbList\",\"@id\":\"https:\/\/otech.uaeh.edu.mx\/noti\/sociedad\/como-usar-la-tecnologia-para-luchar-contra-la-pobreza-y-exclusion-social\/#breadcrumb\",\"itemListElement\":[{\"@type\":\"ListItem\",\"position\":1,\"name\":\"Inicio\",\"item\":\"https:\/\/otech.uaeh.edu.mx\/noti\/\"},{\"@type\":\"ListItem\",\"position\":2,\"name\":\"C\u00f3mo usar la tecnolog\u00eda para luchar contra la pobreza y exclusi\u00f3n social\"}]},{\"@type\":\"WebSite\",\"@id\":\"https:\/\/otech.uaeh.edu.mx\/noti\/#website\",\"url\":\"https:\/\/otech.uaeh.edu.mx\/noti\/\",\"name\":\"Observatorio Tecnol\u00f3gico de Hidalgo\",\"description\":\"\",\"publisher\":{\"@id\":\"https:\/\/otech.uaeh.edu.mx\/noti\/#organization\"},\"potentialAction\":[{\"@type\":\"SearchAction\",\"target\":{\"@type\":\"EntryPoint\",\"urlTemplate\":\"https:\/\/otech.uaeh.edu.mx\/noti\/?s={search_term_string}\"},\"query-input\":{\"@type\":\"PropertyValueSpecification\",\"valueRequired\":true,\"valueName\":\"search_term_string\"}}],\"inLanguage\":\"en-US\"},{\"@type\":\"Organization\",\"@id\":\"https:\/\/otech.uaeh.edu.mx\/noti\/#organization\",\"name\":\"Observatorio Tecnol\u00f3gico de Hidalgo\",\"url\":\"https:\/\/otech.uaeh.edu.mx\/noti\/\",\"logo\":{\"@type\":\"ImageObject\",\"inLanguage\":\"en-US\",\"@id\":\"https:\/\/otech.uaeh.edu.mx\/noti\/#\/schema\/logo\/image\/\",\"url\":\"https:\/\/otech.uaeh.edu.mx\/noti\/wp-content\/uploads\/2025\/11\/Logo-circulo.png\",\"contentUrl\":\"https:\/\/otech.uaeh.edu.mx\/noti\/wp-content\/uploads\/2025\/11\/Logo-circulo.png\",\"width\":250,\"height\":250,\"caption\":\"Observatorio Tecnol\u00f3gico de Hidalgo\"},\"image\":{\"@id\":\"https:\/\/otech.uaeh.edu.mx\/noti\/#\/schema\/logo\/image\/\"},\"sameAs\":[\"https:\/\/www.facebook.com\/observatoriouaeh\",\"https:\/\/x.com\/OBSERVATORIOEH\"]},{\"@type\":\"Person\",\"@id\":\"https:\/\/otech.uaeh.edu.mx\/noti\/#\/schema\/person\/95263d004158ffabcd98137e1d0abc1c\",\"name\":\"admin\",\"image\":{\"@type\":\"ImageObject\",\"inLanguage\":\"en-US\",\"@id\":\"https:\/\/otech.uaeh.edu.mx\/noti\/#\/schema\/person\/image\/\",\"url\":\"https:\/\/secure.gravatar.com\/avatar\/08dd17208ee6a9e87c5a01c0a5f4c96c8ed24bf05e625630929b5b6a7c1ffa5f?s=96&d=mm&r=g\",\"contentUrl\":\"https:\/\/secure.gravatar.com\/avatar\/08dd17208ee6a9e87c5a01c0a5f4c96c8ed24bf05e625630929b5b6a7c1ffa5f?s=96&d=mm&r=g\",\"caption\":\"admin\"},\"url\":\"https:\/\/otech.uaeh.edu.mx\/noti\/author\/admin\/\"}]}<\/script>\n<!-- \/ Yoast SEO plugin. -->","yoast_head_json":{"title":"C\u00f3mo usar la tecnolog\u00eda para luchar contra la pobreza y exclusi\u00f3n social - Observatorio Tecnol\u00f3gico de Hidalgo","robots":{"index":"index","follow":"follow","max-snippet":"max-snippet:-1","max-image-preview":"max-image-preview:large","max-video-preview":"max-video-preview:-1"},"canonical":"https:\/\/otech.uaeh.edu.mx\/noti\/sociedad\/como-usar-la-tecnologia-para-luchar-contra-la-pobreza-y-exclusion-social\/","og_locale":"en_US","og_type":"article","og_title":"C\u00f3mo usar la tecnolog\u00eda para luchar contra la pobreza y exclusi\u00f3n social - Observatorio Tecnol\u00f3gico de Hidalgo","og_description":"La innovaci\u00f3n tecnol\u00f3gica es una oportunidad para que las empresas aumenten su compromiso social, mejorando adem\u00e1s sus beneficios y su reputaci\u00f3n. Es una de las conclusiones del estudio\u00a0\u2018Tecnolog\u00eda con Prop\u00f3sito. El impacto social de la empresa en la era digital\u2019. Durante la presentaci\u00f3n, que ha tenido lugar el 2 de julio en Madrid, Lidia del [&hellip;]","og_url":"https:\/\/otech.uaeh.edu.mx\/noti\/sociedad\/como-usar-la-tecnologia-para-luchar-contra-la-pobreza-y-exclusion-social\/","og_site_name":"Observatorio Tecnol\u00f3gico de Hidalgo","article_publisher":"https:\/\/www.facebook.com\/observatoriouaeh","article_published_time":"2019-07-04T14:38:46+00:00","article_modified_time":"2019-07-04T14:55:21+00:00","og_image":[{"width":1920,"height":1077,"url":"https:\/\/otech.uaeh.edu.mx\/noti\/wp-content\/uploads\/2019\/07\/Notic.4-2.jpg","type":"image\/jpeg"}],"author":"admin","twitter_card":"summary_large_image","twitter_creator":"@OBSERVATORIOEH","twitter_site":"@OBSERVATORIOEH","twitter_misc":{"Written by":"admin","Est. reading time":"8 minutes"},"schema":{"@context":"https:\/\/schema.org","@graph":[{"@type":"Article","@id":"https:\/\/otech.uaeh.edu.mx\/noti\/sociedad\/como-usar-la-tecnologia-para-luchar-contra-la-pobreza-y-exclusion-social\/#article","isPartOf":{"@id":"https:\/\/otech.uaeh.edu.mx\/noti\/sociedad\/como-usar-la-tecnologia-para-luchar-contra-la-pobreza-y-exclusion-social\/"},"author":{"name":"admin","@id":"https:\/\/otech.uaeh.edu.mx\/noti\/#\/schema\/person\/95263d004158ffabcd98137e1d0abc1c"},"headline":"C\u00f3mo usar la tecnolog\u00eda para luchar contra la pobreza y exclusi\u00f3n social","datePublished":"2019-07-04T14:38:46+00:00","dateModified":"2019-07-04T14:55:21+00:00","mainEntityOfPage":{"@id":"https:\/\/otech.uaeh.edu.mx\/noti\/sociedad\/como-usar-la-tecnologia-para-luchar-contra-la-pobreza-y-exclusion-social\/"},"wordCount":1565,"commentCount":0,"publisher":{"@id":"https:\/\/otech.uaeh.edu.mx\/noti\/#organization"},"image":{"@id":"https:\/\/otech.uaeh.edu.mx\/noti\/sociedad\/como-usar-la-tecnologia-para-luchar-contra-la-pobreza-y-exclusion-social\/#primaryimage"},"thumbnailUrl":"https:\/\/otech.uaeh.edu.mx\/noti\/wp-content\/uploads\/2019\/07\/Notic.4-2.jpg","articleSection":["Sociedad"],"inLanguage":"en-US","potentialAction":[{"@type":"CommentAction","name":"Comment","target":["https:\/\/otech.uaeh.edu.mx\/noti\/sociedad\/como-usar-la-tecnologia-para-luchar-contra-la-pobreza-y-exclusion-social\/#respond"]}]},{"@type":"WebPage","@id":"https:\/\/otech.uaeh.edu.mx\/noti\/sociedad\/como-usar-la-tecnologia-para-luchar-contra-la-pobreza-y-exclusion-social\/","url":"https:\/\/otech.uaeh.edu.mx\/noti\/sociedad\/como-usar-la-tecnologia-para-luchar-contra-la-pobreza-y-exclusion-social\/","name":"C\u00f3mo usar la tecnolog\u00eda para luchar contra la pobreza y exclusi\u00f3n social - Observatorio Tecnol\u00f3gico de Hidalgo","isPartOf":{"@id":"https:\/\/otech.uaeh.edu.mx\/noti\/#website"},"primaryImageOfPage":{"@id":"https:\/\/otech.uaeh.edu.mx\/noti\/sociedad\/como-usar-la-tecnologia-para-luchar-contra-la-pobreza-y-exclusion-social\/#primaryimage"},"image":{"@id":"https:\/\/otech.uaeh.edu.mx\/noti\/sociedad\/como-usar-la-tecnologia-para-luchar-contra-la-pobreza-y-exclusion-social\/#primaryimage"},"thumbnailUrl":"https:\/\/otech.uaeh.edu.mx\/noti\/wp-content\/uploads\/2019\/07\/Notic.4-2.jpg","datePublished":"2019-07-04T14:38:46+00:00","dateModified":"2019-07-04T14:55:21+00:00","breadcrumb":{"@id":"https:\/\/otech.uaeh.edu.mx\/noti\/sociedad\/como-usar-la-tecnologia-para-luchar-contra-la-pobreza-y-exclusion-social\/#breadcrumb"},"inLanguage":"en-US","potentialAction":[{"@type":"ReadAction","target":["https:\/\/otech.uaeh.edu.mx\/noti\/sociedad\/como-usar-la-tecnologia-para-luchar-contra-la-pobreza-y-exclusion-social\/"]}]},{"@type":"ImageObject","inLanguage":"en-US","@id":"https:\/\/otech.uaeh.edu.mx\/noti\/sociedad\/como-usar-la-tecnologia-para-luchar-contra-la-pobreza-y-exclusion-social\/#primaryimage","url":"https:\/\/otech.uaeh.edu.mx\/noti\/wp-content\/uploads\/2019\/07\/Notic.4-2.jpg","contentUrl":"https:\/\/otech.uaeh.edu.mx\/noti\/wp-content\/uploads\/2019\/07\/Notic.4-2.jpg","width":1920,"height":1077},{"@type":"BreadcrumbList","@id":"https:\/\/otech.uaeh.edu.mx\/noti\/sociedad\/como-usar-la-tecnologia-para-luchar-contra-la-pobreza-y-exclusion-social\/#breadcrumb","itemListElement":[{"@type":"ListItem","position":1,"name":"Inicio","item":"https:\/\/otech.uaeh.edu.mx\/noti\/"},{"@type":"ListItem","position":2,"name":"C\u00f3mo usar la tecnolog\u00eda para luchar contra la pobreza y exclusi\u00f3n social"}]},{"@type":"WebSite","@id":"https:\/\/otech.uaeh.edu.mx\/noti\/#website","url":"https:\/\/otech.uaeh.edu.mx\/noti\/","name":"Observatorio Tecnol\u00f3gico de Hidalgo","description":"","publisher":{"@id":"https:\/\/otech.uaeh.edu.mx\/noti\/#organization"},"potentialAction":[{"@type":"SearchAction","target":{"@type":"EntryPoint","urlTemplate":"https:\/\/otech.uaeh.edu.mx\/noti\/?s={search_term_string}"},"query-input":{"@type":"PropertyValueSpecification","valueRequired":true,"valueName":"search_term_string"}}],"inLanguage":"en-US"},{"@type":"Organization","@id":"https:\/\/otech.uaeh.edu.mx\/noti\/#organization","name":"Observatorio Tecnol\u00f3gico de Hidalgo","url":"https:\/\/otech.uaeh.edu.mx\/noti\/","logo":{"@type":"ImageObject","inLanguage":"en-US","@id":"https:\/\/otech.uaeh.edu.mx\/noti\/#\/schema\/logo\/image\/","url":"https:\/\/otech.uaeh.edu.mx\/noti\/wp-content\/uploads\/2025\/11\/Logo-circulo.png","contentUrl":"https:\/\/otech.uaeh.edu.mx\/noti\/wp-content\/uploads\/2025\/11\/Logo-circulo.png","width":250,"height":250,"caption":"Observatorio Tecnol\u00f3gico de Hidalgo"},"image":{"@id":"https:\/\/otech.uaeh.edu.mx\/noti\/#\/schema\/logo\/image\/"},"sameAs":["https:\/\/www.facebook.com\/observatoriouaeh","https:\/\/x.com\/OBSERVATORIOEH"]},{"@type":"Person","@id":"https:\/\/otech.uaeh.edu.mx\/noti\/#\/schema\/person\/95263d004158ffabcd98137e1d0abc1c","name":"admin","image":{"@type":"ImageObject","inLanguage":"en-US","@id":"https:\/\/otech.uaeh.edu.mx\/noti\/#\/schema\/person\/image\/","url":"https:\/\/secure.gravatar.com\/avatar\/08dd17208ee6a9e87c5a01c0a5f4c96c8ed24bf05e625630929b5b6a7c1ffa5f?s=96&d=mm&r=g","contentUrl":"https:\/\/secure.gravatar.com\/avatar\/08dd17208ee6a9e87c5a01c0a5f4c96c8ed24bf05e625630929b5b6a7c1ffa5f?s=96&d=mm&r=g","caption":"admin"},"url":"https:\/\/otech.uaeh.edu.mx\/noti\/author\/admin\/"}]}},"_links":{"self":[{"href":"https:\/\/otech.uaeh.edu.mx\/noti\/wp-json\/wp\/v2\/posts\/16873","targetHints":{"allow":["GET"]}}],"collection":[{"href":"https:\/\/otech.uaeh.edu.mx\/noti\/wp-json\/wp\/v2\/posts"}],"about":[{"href":"https:\/\/otech.uaeh.edu.mx\/noti\/wp-json\/wp\/v2\/types\/post"}],"author":[{"embeddable":true,"href":"https:\/\/otech.uaeh.edu.mx\/noti\/wp-json\/wp\/v2\/users\/1"}],"replies":[{"embeddable":true,"href":"https:\/\/otech.uaeh.edu.mx\/noti\/wp-json\/wp\/v2\/comments?post=16873"}],"version-history":[{"count":3,"href":"https:\/\/otech.uaeh.edu.mx\/noti\/wp-json\/wp\/v2\/posts\/16873\/revisions"}],"predecessor-version":[{"id":16891,"href":"https:\/\/otech.uaeh.edu.mx\/noti\/wp-json\/wp\/v2\/posts\/16873\/revisions\/16891"}],"wp:featuredmedia":[{"embeddable":true,"href":"https:\/\/otech.uaeh.edu.mx\/noti\/wp-json\/wp\/v2\/media\/16874"}],"wp:attachment":[{"href":"https:\/\/otech.uaeh.edu.mx\/noti\/wp-json\/wp\/v2\/media?parent=16873"}],"wp:term":[{"taxonomy":"category","embeddable":true,"href":"https:\/\/otech.uaeh.edu.mx\/noti\/wp-json\/wp\/v2\/categories?post=16873"},{"taxonomy":"post_tag","embeddable":true,"href":"https:\/\/otech.uaeh.edu.mx\/noti\/wp-json\/wp\/v2\/tags?post=16873"}],"curies":[{"name":"wp","href":"https:\/\/api.w.org\/{rel}","templated":true}]}}