{"id":16924,"date":"2019-07-08T09:07:46","date_gmt":"2019-07-08T15:07:46","guid":{"rendered":"http:\/\/otech.uaeh.edu.mx\/noti\/?p=16924"},"modified":"2019-07-08T09:07:46","modified_gmt":"2019-07-08T15:07:46","slug":"la-caida-de-facebook-dejo-al-descubierto-el-poder-de-su-inteligencia-artificial-de-reconocimiento","status":"publish","type":"post","link":"https:\/\/otech.uaeh.edu.mx\/noti\/redes-sociales\/la-caida-de-facebook-dejo-al-descubierto-el-poder-de-su-inteligencia-artificial-de-reconocimiento\/","title":{"rendered":"La ca\u00edda de Facebook dej\u00f3 al descubierto el poder de su inteligencia artificial de reconocimiento"},"content":{"rendered":"<div class=\"the_content\">\n<p>Esta semana<span>\u00a0<\/span>se colapsaron las redes sociales de Facebook<span>\u00a0<\/span>(incluyendo WhatsApp e Instagram), y todo el mundo perdi\u00f3 la cabeza, porque imped\u00edan a sus usuarios subir e incluso ver im\u00e1genes dentro de las redes sociales. M\u00e1s all\u00e1 de que muchos usuarios abandonaron las redes por horas, y otros tantos sacaron su creatividad dise\u00f1ando im\u00e1genes con caracteres, el\u00a0 problema dej\u00f3 al descubierto el desarrollo de la inteligencia artificial de reconocimiento de Facebook.<\/p>\n<p>Si entrabas a Facebook o Instagram mientras ocurri\u00f3 la ca\u00edda (y pon\u00edas atenci\u00f3n) pod\u00edas ver c\u00f3mo hab\u00eda clasificado la inteligencia artificial de Facebook tus im\u00e1genes.<\/p>\n<p><twitter-widget class=\"twitter-tweet twitter-tweet-rendered\" id=\"twitter-widget-0\" data-tweet-id=\"1146460965904384001\"><\/p>\n<div data-twitter-event-id=\"0\" class=\"SandboxRoot env-bp-350\">\n<div class=\"EmbeddedTweet EmbeddedTweet--cta EmbeddedTweet--mediaForward media-forward js-clickToOpenTarget js-tweetIdInfo tweet-InformationCircle-widgetParent\" data-click-to-open-target=\"https:\/\/twitter.com\/backlon\/status\/1146460965904384001\" data-iframe-title=\"Tweet de Twitter\" data-scribe=\"page:tweet\" data-tweet-id=\"1146460965904384001\" id=\"twitter-widget-0\" lang=\"es\" data-twitter-event-id=\"2\">\n<article class=\"MediaCard\n           MediaCard--mediaForward\n\n           customisable-border\" data-scribe=\"component:card\" dir=\"ltr\"><\/p>\n<div class=\"MediaCard-media\" data-scribe=\"element:photo\">\n<div class=\"MediaCard-widthConstraint js-cspForcedStyle\" data-style=\"max-width: 1068px\">\n<div class=\"MediaCard-mediaContainer js-cspForcedStyle\" data-style=\"padding-bottom: 82.3970%\"><a href=\"https:\/\/twitter.com\/backlon\/status\/1146460965904384001\/photo\/1\" class=\"MediaCard-mediaAsset NaturalImage\"><img loading=\"lazy\" decoding=\"async\" class=\"NaturalImage-image\" data-image=\"https:\/\/pbs.twimg.com\/media\/D-kL1qcUYAAouQT\" width=\"1068\" height=\"880\" title=\"Ver imagen en Twitter\" alt=\"Ver imagen en Twitter\" src=\"https:\/\/pbs.twimg.com\/media\/D-kL1qcUYAAouQT?format=jpg&amp;name=small\" \/><\/a><\/div>\n<\/div>\n<\/div>\n<\/article>\n<\/div>\n<div class=\"resize-sensor\">\n<div class=\"resize-sensor-shrink\">\n<div><\/div>\n<\/div>\n<\/div>\n<\/div>\n<p><\/twitter-widget>En el hueco que dejaban las fotos en nuestro muro aparec\u00edan unas peque\u00f1as letras que describ\u00edan los elementos m\u00e1s destacados de las fotos, en algunos casos inclu\u00edan descripciones de las personas que aparec\u00edan en las im\u00e1genes y en otros incluso sus nombres.<\/p>\n<p><twitter-widget class=\"twitter-tweet twitter-tweet-rendered\" id=\"twitter-widget-1\" data-tweet-id=\"1146488591276740608\"><\/p>\n<div data-twitter-event-id=\"1\" class=\"SandboxRoot env-bp-350\">\n<div class=\"EmbeddedTweet EmbeddedTweet--cta EmbeddedTweet--mediaForward media-forward js-clickToOpenTarget js-tweetIdInfo tweet-InformationCircle-widgetParent\" data-click-to-open-target=\"https:\/\/twitter.com\/ruben_salvadori\/status\/1146488591276740608\" data-iframe-title=\"Tweet de Twitter\" data-scribe=\"page:tweet\" data-tweet-id=\"1146488591276740608\" id=\"twitter-widget-1\" lang=\"es\" data-twitter-event-id=\"3\">\n<article class=\"MediaCard\n           MediaCard--mediaForward\n\n           customisable-border\" data-scribe=\"component:card\" dir=\"ltr\"><\/p>\n<div class=\"MediaCard-mediaContainer MediaCard--roundedTop js-cspForcedStyle\" data-scribe=\"element:photo_grid\" data-style=\"padding-bottom: 50%\"><a class=\"MediaCard-borderOverlay\" href=\"https:\/\/twitter.com\/ruben_salvadori\/status\/1146488591276740608\/photo\/1\" role=\"presentation\" title=\"\" tabindex=\"-1\"><span class=\"u-hiddenVisually\"><\/span><\/a><\/p>\n<div class=\"MediaCard-mediaAsset ImageGrid ImageGrid--2\"><a href=\"https:\/\/twitter.com\/ruben_salvadori\/status\/1146488591276740608\/photo\/1\" class=\"ImageGrid-image ImageGrid-image-0 CroppedImage CroppedImage--fillHeight\"><img loading=\"lazy\" decoding=\"async\" class=\"CroppedImage-image js-cspForcedStyle\" data-image=\"https:\/\/pbs.twimg.com\/media\/D-kj_z8XUAA8wIA\" width=\"392\" height=\"378\" data-style=\"left:-1%;\" alt=\"Ver imagen en Twitter\" title=\"Ver imagen en Twitter\" src=\"https:\/\/pbs.twimg.com\/media\/D-kj_z8XUAA8wIA?format=jpg&amp;name=360x360\" \/><\/a><\/div>\n<\/div>\n<\/article>\n<\/div>\n<div class=\"resize-sensor\">\n<div class=\"resize-sensor-expand\">\n<div><\/div>\n<\/div>\n<div class=\"resize-sensor-shrink\">\n<div><\/div>\n<\/div>\n<\/div>\n<\/div>\n<p><\/twitter-widget>De manera oficial, la inteligencia artificial de Facebook se usa para ayudar a la gente con discapacidades visuales. No obstante, algunos sospechan que tambi\u00e9n podr\u00eda ser usada por Facebook para ayudar a mejorar la publicidad que aparece en nuestro feed.<\/p>\n<p>Desde hace mucho se sabe que el\u00a0<strong>programa de reconocimiento facial de Facebook<\/strong>\u00a0es sumamente avanzado, e incluso\u00a0m\u00e1s preciso que el del FBI, pero la compa\u00f1\u00eda ha continuado enfocando sus esfuerzos en mejorar su software de reconocimiento para dejar de depender de retratos del rostro para probar su sistema y se ha enfocado en reconocer todos los elementos que aparecen en una imagen que se sube a su plataforma. Con anterioridad sab\u00edamos, gracias a\u00a0una de las conferencias para desarrolladores de la compa\u00f1\u00eda, que\u00a0su\u00a0software construye modelos tridimensionales de los rostros y los convierte en patrones planos, para as\u00ed confirma la identidad de una persona.\u00a0El algoritmo que se usa actualmente ya no se enfoca en el\u00a0rostro para conseguir su cometido, el cual\u00a0<strong>permite identificar\u00a0a una persona a pesar de que el\u00a0rostro no se vea claramente en una imagen<\/strong>, e incluso si su objetivo esta de espaldas y la cara no se ve en ning\u00fan momento.<\/p>\n<p>Fuente_ C\u00f3digo Espagueti<\/p>\n<\/div>\n","protected":false},"excerpt":{"rendered":"<p>Esta semana\u00a0se colapsaron las redes sociales de Facebook\u00a0(incluyendo WhatsApp e Instagram), y todo el mundo perdi\u00f3 la cabeza, porque imped\u00edan a sus usuarios subir e incluso ver im\u00e1genes dentro de las redes sociales. M\u00e1s all\u00e1 de que muchos usuarios abandonaron las redes por horas, y otros tantos sacaron su creatividad dise\u00f1ando im\u00e1genes con caracteres, el\u00a0 [&hellip;]<\/p>\n","protected":false},"author":1,"featured_media":16925,"comment_status":"open","ping_status":"open","sticky":false,"template":"","format":"standard","meta":{"footnotes":""},"categories":[400],"tags":[],"class_list":["post-16924","post","type-post","status-publish","format-standard","has-post-thumbnail","hentry","category-redes-sociales"],"yoast_head":"<!-- This site is optimized with the Yoast SEO plugin v26.7 - https:\/\/yoast.com\/wordpress\/plugins\/seo\/ -->\n<title>La ca\u00edda de Facebook dej\u00f3 al descubierto el poder de su inteligencia artificial de reconocimiento - Observatorio Tecnol\u00f3gico de Hidalgo<\/title>\n<meta name=\"robots\" content=\"index, follow, max-snippet:-1, max-image-preview:large, max-video-preview:-1\" \/>\n<link rel=\"canonical\" href=\"https:\/\/otech.uaeh.edu.mx\/noti\/redes-sociales\/la-caida-de-facebook-dejo-al-descubierto-el-poder-de-su-inteligencia-artificial-de-reconocimiento\/\" \/>\n<meta property=\"og:locale\" content=\"en_US\" \/>\n<meta property=\"og:type\" content=\"article\" \/>\n<meta property=\"og:title\" content=\"La ca\u00edda de Facebook dej\u00f3 al descubierto el poder de su inteligencia artificial de reconocimiento - Observatorio Tecnol\u00f3gico de Hidalgo\" \/>\n<meta property=\"og:description\" content=\"Esta semana\u00a0se colapsaron las redes sociales de Facebook\u00a0(incluyendo WhatsApp e Instagram), y todo el mundo perdi\u00f3 la cabeza, porque imped\u00edan a sus usuarios subir e incluso ver im\u00e1genes dentro de las redes sociales. M\u00e1s all\u00e1 de que muchos usuarios abandonaron las redes por horas, y otros tantos sacaron su creatividad dise\u00f1ando im\u00e1genes con caracteres, el\u00a0 [&hellip;]\" \/>\n<meta property=\"og:url\" content=\"https:\/\/otech.uaeh.edu.mx\/noti\/redes-sociales\/la-caida-de-facebook-dejo-al-descubierto-el-poder-de-su-inteligencia-artificial-de-reconocimiento\/\" \/>\n<meta property=\"og:site_name\" content=\"Observatorio Tecnol\u00f3gico de Hidalgo\" \/>\n<meta property=\"article:publisher\" content=\"https:\/\/www.facebook.com\/observatoriouaeh\" \/>\n<meta property=\"article:published_time\" content=\"2019-07-08T15:07:46+00:00\" \/>\n<meta property=\"og:image\" content=\"https:\/\/otech.uaeh.edu.mx\/noti\/wp-content\/uploads\/2019\/07\/1.png\" \/>\n\t<meta property=\"og:image:width\" content=\"1076\" \/>\n\t<meta property=\"og:image:height\" content=\"596\" \/>\n\t<meta property=\"og:image:type\" content=\"image\/png\" \/>\n<meta name=\"author\" content=\"admin\" \/>\n<meta name=\"twitter:card\" content=\"summary_large_image\" \/>\n<meta name=\"twitter:creator\" content=\"@OBSERVATORIOEH\" \/>\n<meta name=\"twitter:site\" content=\"@OBSERVATORIOEH\" \/>\n<meta name=\"twitter:label1\" content=\"Written by\" \/>\n\t<meta name=\"twitter:data1\" content=\"admin\" \/>\n\t<meta name=\"twitter:label2\" content=\"Est. reading time\" \/>\n\t<meta name=\"twitter:data2\" content=\"2 minutes\" \/>\n<script type=\"application\/ld+json\" class=\"yoast-schema-graph\">{\"@context\":\"https:\/\/schema.org\",\"@graph\":[{\"@type\":\"Article\",\"@id\":\"https:\/\/otech.uaeh.edu.mx\/noti\/redes-sociales\/la-caida-de-facebook-dejo-al-descubierto-el-poder-de-su-inteligencia-artificial-de-reconocimiento\/#article\",\"isPartOf\":{\"@id\":\"https:\/\/otech.uaeh.edu.mx\/noti\/redes-sociales\/la-caida-de-facebook-dejo-al-descubierto-el-poder-de-su-inteligencia-artificial-de-reconocimiento\/\"},\"author\":{\"name\":\"admin\",\"@id\":\"https:\/\/otech.uaeh.edu.mx\/noti\/#\/schema\/person\/95263d004158ffabcd98137e1d0abc1c\"},\"headline\":\"La ca\u00edda de Facebook dej\u00f3 al descubierto el poder de su inteligencia artificial de reconocimiento\",\"datePublished\":\"2019-07-08T15:07:46+00:00\",\"mainEntityOfPage\":{\"@id\":\"https:\/\/otech.uaeh.edu.mx\/noti\/redes-sociales\/la-caida-de-facebook-dejo-al-descubierto-el-poder-de-su-inteligencia-artificial-de-reconocimiento\/\"},\"wordCount\":385,\"commentCount\":0,\"publisher\":{\"@id\":\"https:\/\/otech.uaeh.edu.mx\/noti\/#organization\"},\"image\":{\"@id\":\"https:\/\/otech.uaeh.edu.mx\/noti\/redes-sociales\/la-caida-de-facebook-dejo-al-descubierto-el-poder-de-su-inteligencia-artificial-de-reconocimiento\/#primaryimage\"},\"thumbnailUrl\":\"https:\/\/otech.uaeh.edu.mx\/noti\/wp-content\/uploads\/2019\/07\/1.png\",\"articleSection\":[\"Redes Sociales\"],\"inLanguage\":\"en-US\",\"potentialAction\":[{\"@type\":\"CommentAction\",\"name\":\"Comment\",\"target\":[\"https:\/\/otech.uaeh.edu.mx\/noti\/redes-sociales\/la-caida-de-facebook-dejo-al-descubierto-el-poder-de-su-inteligencia-artificial-de-reconocimiento\/#respond\"]}]},{\"@type\":\"WebPage\",\"@id\":\"https:\/\/otech.uaeh.edu.mx\/noti\/redes-sociales\/la-caida-de-facebook-dejo-al-descubierto-el-poder-de-su-inteligencia-artificial-de-reconocimiento\/\",\"url\":\"https:\/\/otech.uaeh.edu.mx\/noti\/redes-sociales\/la-caida-de-facebook-dejo-al-descubierto-el-poder-de-su-inteligencia-artificial-de-reconocimiento\/\",\"name\":\"La ca\u00edda de Facebook dej\u00f3 al descubierto el poder de su inteligencia artificial de reconocimiento - Observatorio Tecnol\u00f3gico de Hidalgo\",\"isPartOf\":{\"@id\":\"https:\/\/otech.uaeh.edu.mx\/noti\/#website\"},\"primaryImageOfPage\":{\"@id\":\"https:\/\/otech.uaeh.edu.mx\/noti\/redes-sociales\/la-caida-de-facebook-dejo-al-descubierto-el-poder-de-su-inteligencia-artificial-de-reconocimiento\/#primaryimage\"},\"image\":{\"@id\":\"https:\/\/otech.uaeh.edu.mx\/noti\/redes-sociales\/la-caida-de-facebook-dejo-al-descubierto-el-poder-de-su-inteligencia-artificial-de-reconocimiento\/#primaryimage\"},\"thumbnailUrl\":\"https:\/\/otech.uaeh.edu.mx\/noti\/wp-content\/uploads\/2019\/07\/1.png\",\"datePublished\":\"2019-07-08T15:07:46+00:00\",\"breadcrumb\":{\"@id\":\"https:\/\/otech.uaeh.edu.mx\/noti\/redes-sociales\/la-caida-de-facebook-dejo-al-descubierto-el-poder-de-su-inteligencia-artificial-de-reconocimiento\/#breadcrumb\"},\"inLanguage\":\"en-US\",\"potentialAction\":[{\"@type\":\"ReadAction\",\"target\":[\"https:\/\/otech.uaeh.edu.mx\/noti\/redes-sociales\/la-caida-de-facebook-dejo-al-descubierto-el-poder-de-su-inteligencia-artificial-de-reconocimiento\/\"]}]},{\"@type\":\"ImageObject\",\"inLanguage\":\"en-US\",\"@id\":\"https:\/\/otech.uaeh.edu.mx\/noti\/redes-sociales\/la-caida-de-facebook-dejo-al-descubierto-el-poder-de-su-inteligencia-artificial-de-reconocimiento\/#primaryimage\",\"url\":\"https:\/\/otech.uaeh.edu.mx\/noti\/wp-content\/uploads\/2019\/07\/1.png\",\"contentUrl\":\"https:\/\/otech.uaeh.edu.mx\/noti\/wp-content\/uploads\/2019\/07\/1.png\",\"width\":1076,\"height\":596},{\"@type\":\"BreadcrumbList\",\"@id\":\"https:\/\/otech.uaeh.edu.mx\/noti\/redes-sociales\/la-caida-de-facebook-dejo-al-descubierto-el-poder-de-su-inteligencia-artificial-de-reconocimiento\/#breadcrumb\",\"itemListElement\":[{\"@type\":\"ListItem\",\"position\":1,\"name\":\"Inicio\",\"item\":\"https:\/\/otech.uaeh.edu.mx\/noti\/\"},{\"@type\":\"ListItem\",\"position\":2,\"name\":\"La ca\u00edda de Facebook dej\u00f3 al descubierto el poder de su inteligencia artificial de reconocimiento\"}]},{\"@type\":\"WebSite\",\"@id\":\"https:\/\/otech.uaeh.edu.mx\/noti\/#website\",\"url\":\"https:\/\/otech.uaeh.edu.mx\/noti\/\",\"name\":\"Observatorio Tecnol\u00f3gico de Hidalgo\",\"description\":\"\",\"publisher\":{\"@id\":\"https:\/\/otech.uaeh.edu.mx\/noti\/#organization\"},\"potentialAction\":[{\"@type\":\"SearchAction\",\"target\":{\"@type\":\"EntryPoint\",\"urlTemplate\":\"https:\/\/otech.uaeh.edu.mx\/noti\/?s={search_term_string}\"},\"query-input\":{\"@type\":\"PropertyValueSpecification\",\"valueRequired\":true,\"valueName\":\"search_term_string\"}}],\"inLanguage\":\"en-US\"},{\"@type\":\"Organization\",\"@id\":\"https:\/\/otech.uaeh.edu.mx\/noti\/#organization\",\"name\":\"Observatorio Tecnol\u00f3gico de Hidalgo\",\"url\":\"https:\/\/otech.uaeh.edu.mx\/noti\/\",\"logo\":{\"@type\":\"ImageObject\",\"inLanguage\":\"en-US\",\"@id\":\"https:\/\/otech.uaeh.edu.mx\/noti\/#\/schema\/logo\/image\/\",\"url\":\"https:\/\/otech.uaeh.edu.mx\/noti\/wp-content\/uploads\/2025\/11\/Logo-circulo.png\",\"contentUrl\":\"https:\/\/otech.uaeh.edu.mx\/noti\/wp-content\/uploads\/2025\/11\/Logo-circulo.png\",\"width\":250,\"height\":250,\"caption\":\"Observatorio Tecnol\u00f3gico de Hidalgo\"},\"image\":{\"@id\":\"https:\/\/otech.uaeh.edu.mx\/noti\/#\/schema\/logo\/image\/\"},\"sameAs\":[\"https:\/\/www.facebook.com\/observatoriouaeh\",\"https:\/\/x.com\/OBSERVATORIOEH\"]},{\"@type\":\"Person\",\"@id\":\"https:\/\/otech.uaeh.edu.mx\/noti\/#\/schema\/person\/95263d004158ffabcd98137e1d0abc1c\",\"name\":\"admin\",\"image\":{\"@type\":\"ImageObject\",\"inLanguage\":\"en-US\",\"@id\":\"https:\/\/otech.uaeh.edu.mx\/noti\/#\/schema\/person\/image\/\",\"url\":\"https:\/\/secure.gravatar.com\/avatar\/08dd17208ee6a9e87c5a01c0a5f4c96c8ed24bf05e625630929b5b6a7c1ffa5f?s=96&d=mm&r=g\",\"contentUrl\":\"https:\/\/secure.gravatar.com\/avatar\/08dd17208ee6a9e87c5a01c0a5f4c96c8ed24bf05e625630929b5b6a7c1ffa5f?s=96&d=mm&r=g\",\"caption\":\"admin\"},\"url\":\"https:\/\/otech.uaeh.edu.mx\/noti\/author\/admin\/\"}]}<\/script>\n<!-- \/ Yoast SEO plugin. -->","yoast_head_json":{"title":"La ca\u00edda de Facebook dej\u00f3 al descubierto el poder de su inteligencia artificial de reconocimiento - Observatorio Tecnol\u00f3gico de Hidalgo","robots":{"index":"index","follow":"follow","max-snippet":"max-snippet:-1","max-image-preview":"max-image-preview:large","max-video-preview":"max-video-preview:-1"},"canonical":"https:\/\/otech.uaeh.edu.mx\/noti\/redes-sociales\/la-caida-de-facebook-dejo-al-descubierto-el-poder-de-su-inteligencia-artificial-de-reconocimiento\/","og_locale":"en_US","og_type":"article","og_title":"La ca\u00edda de Facebook dej\u00f3 al descubierto el poder de su inteligencia artificial de reconocimiento - Observatorio Tecnol\u00f3gico de Hidalgo","og_description":"Esta semana\u00a0se colapsaron las redes sociales de Facebook\u00a0(incluyendo WhatsApp e Instagram), y todo el mundo perdi\u00f3 la cabeza, porque imped\u00edan a sus usuarios subir e incluso ver im\u00e1genes dentro de las redes sociales. M\u00e1s all\u00e1 de que muchos usuarios abandonaron las redes por horas, y otros tantos sacaron su creatividad dise\u00f1ando im\u00e1genes con caracteres, el\u00a0 [&hellip;]","og_url":"https:\/\/otech.uaeh.edu.mx\/noti\/redes-sociales\/la-caida-de-facebook-dejo-al-descubierto-el-poder-de-su-inteligencia-artificial-de-reconocimiento\/","og_site_name":"Observatorio Tecnol\u00f3gico de Hidalgo","article_publisher":"https:\/\/www.facebook.com\/observatoriouaeh","article_published_time":"2019-07-08T15:07:46+00:00","og_image":[{"width":1076,"height":596,"url":"https:\/\/otech.uaeh.edu.mx\/noti\/wp-content\/uploads\/2019\/07\/1.png","type":"image\/png"}],"author":"admin","twitter_card":"summary_large_image","twitter_creator":"@OBSERVATORIOEH","twitter_site":"@OBSERVATORIOEH","twitter_misc":{"Written by":"admin","Est. reading time":"2 minutes"},"schema":{"@context":"https:\/\/schema.org","@graph":[{"@type":"Article","@id":"https:\/\/otech.uaeh.edu.mx\/noti\/redes-sociales\/la-caida-de-facebook-dejo-al-descubierto-el-poder-de-su-inteligencia-artificial-de-reconocimiento\/#article","isPartOf":{"@id":"https:\/\/otech.uaeh.edu.mx\/noti\/redes-sociales\/la-caida-de-facebook-dejo-al-descubierto-el-poder-de-su-inteligencia-artificial-de-reconocimiento\/"},"author":{"name":"admin","@id":"https:\/\/otech.uaeh.edu.mx\/noti\/#\/schema\/person\/95263d004158ffabcd98137e1d0abc1c"},"headline":"La ca\u00edda de Facebook dej\u00f3 al descubierto el poder de su inteligencia artificial de reconocimiento","datePublished":"2019-07-08T15:07:46+00:00","mainEntityOfPage":{"@id":"https:\/\/otech.uaeh.edu.mx\/noti\/redes-sociales\/la-caida-de-facebook-dejo-al-descubierto-el-poder-de-su-inteligencia-artificial-de-reconocimiento\/"},"wordCount":385,"commentCount":0,"publisher":{"@id":"https:\/\/otech.uaeh.edu.mx\/noti\/#organization"},"image":{"@id":"https:\/\/otech.uaeh.edu.mx\/noti\/redes-sociales\/la-caida-de-facebook-dejo-al-descubierto-el-poder-de-su-inteligencia-artificial-de-reconocimiento\/#primaryimage"},"thumbnailUrl":"https:\/\/otech.uaeh.edu.mx\/noti\/wp-content\/uploads\/2019\/07\/1.png","articleSection":["Redes Sociales"],"inLanguage":"en-US","potentialAction":[{"@type":"CommentAction","name":"Comment","target":["https:\/\/otech.uaeh.edu.mx\/noti\/redes-sociales\/la-caida-de-facebook-dejo-al-descubierto-el-poder-de-su-inteligencia-artificial-de-reconocimiento\/#respond"]}]},{"@type":"WebPage","@id":"https:\/\/otech.uaeh.edu.mx\/noti\/redes-sociales\/la-caida-de-facebook-dejo-al-descubierto-el-poder-de-su-inteligencia-artificial-de-reconocimiento\/","url":"https:\/\/otech.uaeh.edu.mx\/noti\/redes-sociales\/la-caida-de-facebook-dejo-al-descubierto-el-poder-de-su-inteligencia-artificial-de-reconocimiento\/","name":"La ca\u00edda de Facebook dej\u00f3 al descubierto el poder de su inteligencia artificial de reconocimiento - Observatorio Tecnol\u00f3gico de Hidalgo","isPartOf":{"@id":"https:\/\/otech.uaeh.edu.mx\/noti\/#website"},"primaryImageOfPage":{"@id":"https:\/\/otech.uaeh.edu.mx\/noti\/redes-sociales\/la-caida-de-facebook-dejo-al-descubierto-el-poder-de-su-inteligencia-artificial-de-reconocimiento\/#primaryimage"},"image":{"@id":"https:\/\/otech.uaeh.edu.mx\/noti\/redes-sociales\/la-caida-de-facebook-dejo-al-descubierto-el-poder-de-su-inteligencia-artificial-de-reconocimiento\/#primaryimage"},"thumbnailUrl":"https:\/\/otech.uaeh.edu.mx\/noti\/wp-content\/uploads\/2019\/07\/1.png","datePublished":"2019-07-08T15:07:46+00:00","breadcrumb":{"@id":"https:\/\/otech.uaeh.edu.mx\/noti\/redes-sociales\/la-caida-de-facebook-dejo-al-descubierto-el-poder-de-su-inteligencia-artificial-de-reconocimiento\/#breadcrumb"},"inLanguage":"en-US","potentialAction":[{"@type":"ReadAction","target":["https:\/\/otech.uaeh.edu.mx\/noti\/redes-sociales\/la-caida-de-facebook-dejo-al-descubierto-el-poder-de-su-inteligencia-artificial-de-reconocimiento\/"]}]},{"@type":"ImageObject","inLanguage":"en-US","@id":"https:\/\/otech.uaeh.edu.mx\/noti\/redes-sociales\/la-caida-de-facebook-dejo-al-descubierto-el-poder-de-su-inteligencia-artificial-de-reconocimiento\/#primaryimage","url":"https:\/\/otech.uaeh.edu.mx\/noti\/wp-content\/uploads\/2019\/07\/1.png","contentUrl":"https:\/\/otech.uaeh.edu.mx\/noti\/wp-content\/uploads\/2019\/07\/1.png","width":1076,"height":596},{"@type":"BreadcrumbList","@id":"https:\/\/otech.uaeh.edu.mx\/noti\/redes-sociales\/la-caida-de-facebook-dejo-al-descubierto-el-poder-de-su-inteligencia-artificial-de-reconocimiento\/#breadcrumb","itemListElement":[{"@type":"ListItem","position":1,"name":"Inicio","item":"https:\/\/otech.uaeh.edu.mx\/noti\/"},{"@type":"ListItem","position":2,"name":"La ca\u00edda de Facebook dej\u00f3 al descubierto el poder de su inteligencia artificial de reconocimiento"}]},{"@type":"WebSite","@id":"https:\/\/otech.uaeh.edu.mx\/noti\/#website","url":"https:\/\/otech.uaeh.edu.mx\/noti\/","name":"Observatorio Tecnol\u00f3gico de Hidalgo","description":"","publisher":{"@id":"https:\/\/otech.uaeh.edu.mx\/noti\/#organization"},"potentialAction":[{"@type":"SearchAction","target":{"@type":"EntryPoint","urlTemplate":"https:\/\/otech.uaeh.edu.mx\/noti\/?s={search_term_string}"},"query-input":{"@type":"PropertyValueSpecification","valueRequired":true,"valueName":"search_term_string"}}],"inLanguage":"en-US"},{"@type":"Organization","@id":"https:\/\/otech.uaeh.edu.mx\/noti\/#organization","name":"Observatorio Tecnol\u00f3gico de Hidalgo","url":"https:\/\/otech.uaeh.edu.mx\/noti\/","logo":{"@type":"ImageObject","inLanguage":"en-US","@id":"https:\/\/otech.uaeh.edu.mx\/noti\/#\/schema\/logo\/image\/","url":"https:\/\/otech.uaeh.edu.mx\/noti\/wp-content\/uploads\/2025\/11\/Logo-circulo.png","contentUrl":"https:\/\/otech.uaeh.edu.mx\/noti\/wp-content\/uploads\/2025\/11\/Logo-circulo.png","width":250,"height":250,"caption":"Observatorio Tecnol\u00f3gico de Hidalgo"},"image":{"@id":"https:\/\/otech.uaeh.edu.mx\/noti\/#\/schema\/logo\/image\/"},"sameAs":["https:\/\/www.facebook.com\/observatoriouaeh","https:\/\/x.com\/OBSERVATORIOEH"]},{"@type":"Person","@id":"https:\/\/otech.uaeh.edu.mx\/noti\/#\/schema\/person\/95263d004158ffabcd98137e1d0abc1c","name":"admin","image":{"@type":"ImageObject","inLanguage":"en-US","@id":"https:\/\/otech.uaeh.edu.mx\/noti\/#\/schema\/person\/image\/","url":"https:\/\/secure.gravatar.com\/avatar\/08dd17208ee6a9e87c5a01c0a5f4c96c8ed24bf05e625630929b5b6a7c1ffa5f?s=96&d=mm&r=g","contentUrl":"https:\/\/secure.gravatar.com\/avatar\/08dd17208ee6a9e87c5a01c0a5f4c96c8ed24bf05e625630929b5b6a7c1ffa5f?s=96&d=mm&r=g","caption":"admin"},"url":"https:\/\/otech.uaeh.edu.mx\/noti\/author\/admin\/"}]}},"_links":{"self":[{"href":"https:\/\/otech.uaeh.edu.mx\/noti\/wp-json\/wp\/v2\/posts\/16924","targetHints":{"allow":["GET"]}}],"collection":[{"href":"https:\/\/otech.uaeh.edu.mx\/noti\/wp-json\/wp\/v2\/posts"}],"about":[{"href":"https:\/\/otech.uaeh.edu.mx\/noti\/wp-json\/wp\/v2\/types\/post"}],"author":[{"embeddable":true,"href":"https:\/\/otech.uaeh.edu.mx\/noti\/wp-json\/wp\/v2\/users\/1"}],"replies":[{"embeddable":true,"href":"https:\/\/otech.uaeh.edu.mx\/noti\/wp-json\/wp\/v2\/comments?post=16924"}],"version-history":[{"count":1,"href":"https:\/\/otech.uaeh.edu.mx\/noti\/wp-json\/wp\/v2\/posts\/16924\/revisions"}],"predecessor-version":[{"id":16926,"href":"https:\/\/otech.uaeh.edu.mx\/noti\/wp-json\/wp\/v2\/posts\/16924\/revisions\/16926"}],"wp:featuredmedia":[{"embeddable":true,"href":"https:\/\/otech.uaeh.edu.mx\/noti\/wp-json\/wp\/v2\/media\/16925"}],"wp:attachment":[{"href":"https:\/\/otech.uaeh.edu.mx\/noti\/wp-json\/wp\/v2\/media?parent=16924"}],"wp:term":[{"taxonomy":"category","embeddable":true,"href":"https:\/\/otech.uaeh.edu.mx\/noti\/wp-json\/wp\/v2\/categories?post=16924"},{"taxonomy":"post_tag","embeddable":true,"href":"https:\/\/otech.uaeh.edu.mx\/noti\/wp-json\/wp\/v2\/tags?post=16924"}],"curies":[{"name":"wp","href":"https:\/\/api.w.org\/{rel}","templated":true}]}}