{"id":17282,"date":"2019-07-25T08:32:51","date_gmt":"2019-07-25T14:32:51","guid":{"rendered":"http:\/\/otech.uaeh.edu.mx\/noti\/?p=17282"},"modified":"2019-07-25T08:32:51","modified_gmt":"2019-07-25T14:32:51","slug":"lastre-politico-en-el-5g","status":"publish","type":"post","link":"https:\/\/otech.uaeh.edu.mx\/noti\/tecnologia-5g\/lastre-politico-en-el-5g\/","title":{"rendered":"Lastre pol\u00edtico en el 5G"},"content":{"rendered":"<p class=\"ue-c-article--first-letter-highlighted\">Telef\u00f3nica y Vodafone anunciaron ayer que compartir\u00e1n redes en el Reino Unido para desplegar la tecnolog\u00eda 5G. Apple se muestra interesada por adquirir los chips 5G de Intel. No pasa un d\u00eda sin noticias sobre esta nueva tecnolog\u00eda que ofrecer\u00e1 conexiones hasta 100 veces m\u00e1s r\u00e1pidas que la actual 4G y una muy baja latencia (ese desfase que a veces vemos en los despachos period\u00edsticos en televisi\u00f3n) que permitir\u00e1n que actividades que requieren m\u00e1xima precisi\u00f3n en tiempo real, como la telecirug\u00eda o el coche aut\u00f3nomo, se desarrollen sin cortapisas.<!--more--><\/p>\n<div id=\"hybs-mslot-dd0b8475-9\" class=\"hybs-mslot\"><\/div>\n<p>Pero la sombra de la incertidumbre pol\u00edtica se cierne sobre este despliegue tecnol\u00f3gico de una manera sin precedentes.<span>\u00a0<\/span><strong>Robert Strayer<\/strong>, el subsecretario de Estado adjunto de Ciberseguridad, Comunicaciones Internacional y Pol\u00edtica Informativa de EEUU, ha reiterado de manera insistente en los \u00faltimos d\u00edas que el problema de<span>\u00a0<\/span><strong>Donald Trump<\/strong><span>\u00a0<\/span>con Huawei por el 5G no es parte de la guerra comercial con China, sino que est\u00e1 relacionado &#8220;con nuestra seguridad nacional&#8221;.<\/p>\n<div id=\"hybs-mslot-dd0b8475-10\" class=\"hybs-mslot\"><\/div>\n<p>Incluso, el gobierno estadounidense sali\u00f3 a desmentir al presidente sudafricano,<span>\u00a0<\/span><strong>Cyril Ramaphosa<\/strong>, quien dijo que EEUU estaba &#8220;celoso&#8221; de las empresas chinas al verse superado tecnol\u00f3gicamente.<\/p>\n<p>El problema, subray\u00f3 el alto funcionario de Trump, es la legislaci\u00f3n china, en especial su Ley de Inteligencia Nacional que obliga a ciudadanos y organizaciones a cooperar con sus servicios de inteligencia. Esto significa que tienen que poner informaci\u00f3n a disposici\u00f3n de un gobierno autoritario, sin contrapesos democr\u00e1ticos y sin independencia judicial, y que desprecia los est\u00e1ndares democr\u00e1ticos occidentales.<\/p>\n<div id=\"hybs-mslot-dd0b8475-11\" class=\"hybs-mslot\"><\/div>\n<p>Tambi\u00e9n preocupa la intervenci\u00f3n china en ataques cibern\u00e9ticos, como el robo masivo de informaci\u00f3n empresarial que se produjo en diciembre de 2018 denominado &#8220;Operaci\u00f3n Cloud Hooper&#8221;.<\/p>\n<p>Sea una pol\u00edtica proteccionista o de ciberseguridad, el resultado es que EEUU ha vetado a Huawei. Recientemente,<strong>Strayer<\/strong><span>\u00a0<\/span>se\u00f1al\u00f3 que los aliados escogidos por empresas norteamericanas como AT&amp;T o Verizon para el 5G son la sueca Ericsson, la finlandesa Nokia y la surcoreana Samsung. Las proyecciones recientes de asociaciones comerciales como GSMA, para la industria inal\u00e1mbrica, indican que, en 2025, el 50% de las conexiones de EEUU ser\u00e1n 5G mientras que en Asia apenas lo ser\u00e1 el 17%.<\/p>\n<div id=\"hybs-mslot-dd0b8475-12\" class=\"hybs-mslot\"><\/div>\n<p>El 15 de mayo pasado, Trump firm\u00f3 una orden ejecutiva que permite al Secretario de Comercio adoptar medidas para proteger sus redes, como impedir transacciones que impliquen tecnolog\u00eda cr\u00edtica o que pueda quedar bajo una jurisdicci\u00f3n extranjera que pudiera exigir la entrega de datos. Ese mismo d\u00eda, Huawei fue incluida en una lista de empresas restringidas por suministrar tecnolog\u00eda de telecomunicaciones a Ir\u00e1n.<\/p>\n<p>La tercera represalia que la afect\u00f3 tuvo que ver cuando Google anunci\u00f3 que no le suministrar\u00eda m\u00e1s actualizaciones del sistema Android. El veto dur\u00f3 un mes y decay\u00f3 el 29 de junio pasado. Sin embargo, la incertidumbre pol\u00edtica se ha adue\u00f1ado del desarrollo del 5G.<\/p>\n<p><strong>Fuente:\u00a0<\/strong><\/p>\n<p><em>JOHN M\u00dcLLER, J. M. (2019, 25 julio). Lastre pol\u00edtico en el 5G. Recuperado 25 julio, 2019, de https:\/\/www.elmundo.es\/economia\/2019\/07\/25\/5d388d57fc6c8395498b466b.html<\/em><\/p>\n","protected":false},"excerpt":{"rendered":"<p>Telef\u00f3nica y Vodafone anunciaron ayer que compartir\u00e1n redes en el Reino Unido para desplegar la tecnolog\u00eda 5G. Apple se muestra interesada por adquirir los chips 5G de Intel. No pasa un d\u00eda sin noticias sobre esta nueva tecnolog\u00eda que ofrecer\u00e1 conexiones hasta 100 veces m\u00e1s r\u00e1pidas que la actual 4G y una muy baja latencia [&hellip;]<\/p>\n","protected":false},"author":1,"featured_media":17283,"comment_status":"open","ping_status":"open","sticky":false,"template":"","format":"standard","meta":{"footnotes":""},"categories":[407],"tags":[],"class_list":["post-17282","post","type-post","status-publish","format-standard","has-post-thumbnail","hentry","category-tecnologia-5g"],"yoast_head":"<!-- This site is optimized with the Yoast SEO plugin v26.7 - https:\/\/yoast.com\/wordpress\/plugins\/seo\/ -->\n<title>Lastre pol\u00edtico en el 5G - Observatorio Tecnol\u00f3gico de Hidalgo<\/title>\n<meta name=\"robots\" content=\"index, follow, max-snippet:-1, max-image-preview:large, max-video-preview:-1\" \/>\n<link rel=\"canonical\" href=\"https:\/\/otech.uaeh.edu.mx\/noti\/tecnologia-5g\/lastre-politico-en-el-5g\/\" \/>\n<meta property=\"og:locale\" content=\"en_US\" \/>\n<meta property=\"og:type\" content=\"article\" \/>\n<meta property=\"og:title\" content=\"Lastre pol\u00edtico en el 5G - Observatorio Tecnol\u00f3gico de Hidalgo\" \/>\n<meta property=\"og:description\" content=\"Telef\u00f3nica y Vodafone anunciaron ayer que compartir\u00e1n redes en el Reino Unido para desplegar la tecnolog\u00eda 5G. Apple se muestra interesada por adquirir los chips 5G de Intel. No pasa un d\u00eda sin noticias sobre esta nueva tecnolog\u00eda que ofrecer\u00e1 conexiones hasta 100 veces m\u00e1s r\u00e1pidas que la actual 4G y una muy baja latencia [&hellip;]\" \/>\n<meta property=\"og:url\" content=\"https:\/\/otech.uaeh.edu.mx\/noti\/tecnologia-5g\/lastre-politico-en-el-5g\/\" \/>\n<meta property=\"og:site_name\" content=\"Observatorio Tecnol\u00f3gico de Hidalgo\" \/>\n<meta property=\"article:publisher\" content=\"https:\/\/www.facebook.com\/observatoriouaeh\" \/>\n<meta property=\"article:published_time\" content=\"2019-07-25T14:32:51+00:00\" \/>\n<meta property=\"og:image\" content=\"https:\/\/otech.uaeh.edu.mx\/noti\/wp-content\/uploads\/2019\/07\/Notic.4-8.jpg\" \/>\n\t<meta property=\"og:image:width\" content=\"600\" \/>\n\t<meta property=\"og:image:height\" content=\"350\" \/>\n\t<meta property=\"og:image:type\" content=\"image\/jpeg\" \/>\n<meta name=\"author\" content=\"admin\" \/>\n<meta name=\"twitter:card\" content=\"summary_large_image\" \/>\n<meta name=\"twitter:creator\" content=\"@OBSERVATORIOEH\" \/>\n<meta name=\"twitter:site\" content=\"@OBSERVATORIOEH\" \/>\n<meta name=\"twitter:label1\" content=\"Written by\" \/>\n\t<meta name=\"twitter:data1\" content=\"admin\" \/>\n\t<meta name=\"twitter:label2\" content=\"Est. reading time\" \/>\n\t<meta name=\"twitter:data2\" content=\"3 minutes\" \/>\n<script type=\"application\/ld+json\" class=\"yoast-schema-graph\">{\"@context\":\"https:\/\/schema.org\",\"@graph\":[{\"@type\":\"Article\",\"@id\":\"https:\/\/otech.uaeh.edu.mx\/noti\/tecnologia-5g\/lastre-politico-en-el-5g\/#article\",\"isPartOf\":{\"@id\":\"https:\/\/otech.uaeh.edu.mx\/noti\/tecnologia-5g\/lastre-politico-en-el-5g\/\"},\"author\":{\"name\":\"admin\",\"@id\":\"https:\/\/otech.uaeh.edu.mx\/noti\/#\/schema\/person\/95263d004158ffabcd98137e1d0abc1c\"},\"headline\":\"Lastre pol\u00edtico en el 5G\",\"datePublished\":\"2019-07-25T14:32:51+00:00\",\"mainEntityOfPage\":{\"@id\":\"https:\/\/otech.uaeh.edu.mx\/noti\/tecnologia-5g\/lastre-politico-en-el-5g\/\"},\"wordCount\":530,\"commentCount\":0,\"publisher\":{\"@id\":\"https:\/\/otech.uaeh.edu.mx\/noti\/#organization\"},\"image\":{\"@id\":\"https:\/\/otech.uaeh.edu.mx\/noti\/tecnologia-5g\/lastre-politico-en-el-5g\/#primaryimage\"},\"thumbnailUrl\":\"https:\/\/otech.uaeh.edu.mx\/noti\/wp-content\/uploads\/2019\/07\/Notic.4-8.jpg\",\"articleSection\":[\"Tecnolog\u00eda 5G\"],\"inLanguage\":\"en-US\",\"potentialAction\":[{\"@type\":\"CommentAction\",\"name\":\"Comment\",\"target\":[\"https:\/\/otech.uaeh.edu.mx\/noti\/tecnologia-5g\/lastre-politico-en-el-5g\/#respond\"]}]},{\"@type\":\"WebPage\",\"@id\":\"https:\/\/otech.uaeh.edu.mx\/noti\/tecnologia-5g\/lastre-politico-en-el-5g\/\",\"url\":\"https:\/\/otech.uaeh.edu.mx\/noti\/tecnologia-5g\/lastre-politico-en-el-5g\/\",\"name\":\"Lastre pol\u00edtico en el 5G - Observatorio Tecnol\u00f3gico de Hidalgo\",\"isPartOf\":{\"@id\":\"https:\/\/otech.uaeh.edu.mx\/noti\/#website\"},\"primaryImageOfPage\":{\"@id\":\"https:\/\/otech.uaeh.edu.mx\/noti\/tecnologia-5g\/lastre-politico-en-el-5g\/#primaryimage\"},\"image\":{\"@id\":\"https:\/\/otech.uaeh.edu.mx\/noti\/tecnologia-5g\/lastre-politico-en-el-5g\/#primaryimage\"},\"thumbnailUrl\":\"https:\/\/otech.uaeh.edu.mx\/noti\/wp-content\/uploads\/2019\/07\/Notic.4-8.jpg\",\"datePublished\":\"2019-07-25T14:32:51+00:00\",\"breadcrumb\":{\"@id\":\"https:\/\/otech.uaeh.edu.mx\/noti\/tecnologia-5g\/lastre-politico-en-el-5g\/#breadcrumb\"},\"inLanguage\":\"en-US\",\"potentialAction\":[{\"@type\":\"ReadAction\",\"target\":[\"https:\/\/otech.uaeh.edu.mx\/noti\/tecnologia-5g\/lastre-politico-en-el-5g\/\"]}]},{\"@type\":\"ImageObject\",\"inLanguage\":\"en-US\",\"@id\":\"https:\/\/otech.uaeh.edu.mx\/noti\/tecnologia-5g\/lastre-politico-en-el-5g\/#primaryimage\",\"url\":\"https:\/\/otech.uaeh.edu.mx\/noti\/wp-content\/uploads\/2019\/07\/Notic.4-8.jpg\",\"contentUrl\":\"https:\/\/otech.uaeh.edu.mx\/noti\/wp-content\/uploads\/2019\/07\/Notic.4-8.jpg\",\"width\":600,\"height\":350,\"caption\":\"(FILES) In this file photo taken on March 06, 2019 a staff member of Huawei uses her mobile phone at the Huawei Digital Transformation Showcase in Shenzhen, China's Guangdong province. - Embattled Chinese telecom giant Huawei unveiled plans July 22, 2019 to deploy high-speed wireless internet to dozens of underserved communities in Canada's remote northern regions. (Photo by WANG ZHAO \/ AFP)\"},{\"@type\":\"BreadcrumbList\",\"@id\":\"https:\/\/otech.uaeh.edu.mx\/noti\/tecnologia-5g\/lastre-politico-en-el-5g\/#breadcrumb\",\"itemListElement\":[{\"@type\":\"ListItem\",\"position\":1,\"name\":\"Inicio\",\"item\":\"https:\/\/otech.uaeh.edu.mx\/noti\/\"},{\"@type\":\"ListItem\",\"position\":2,\"name\":\"Lastre pol\u00edtico en el 5G\"}]},{\"@type\":\"WebSite\",\"@id\":\"https:\/\/otech.uaeh.edu.mx\/noti\/#website\",\"url\":\"https:\/\/otech.uaeh.edu.mx\/noti\/\",\"name\":\"Observatorio Tecnol\u00f3gico de Hidalgo\",\"description\":\"\",\"publisher\":{\"@id\":\"https:\/\/otech.uaeh.edu.mx\/noti\/#organization\"},\"potentialAction\":[{\"@type\":\"SearchAction\",\"target\":{\"@type\":\"EntryPoint\",\"urlTemplate\":\"https:\/\/otech.uaeh.edu.mx\/noti\/?s={search_term_string}\"},\"query-input\":{\"@type\":\"PropertyValueSpecification\",\"valueRequired\":true,\"valueName\":\"search_term_string\"}}],\"inLanguage\":\"en-US\"},{\"@type\":\"Organization\",\"@id\":\"https:\/\/otech.uaeh.edu.mx\/noti\/#organization\",\"name\":\"Observatorio Tecnol\u00f3gico de Hidalgo\",\"url\":\"https:\/\/otech.uaeh.edu.mx\/noti\/\",\"logo\":{\"@type\":\"ImageObject\",\"inLanguage\":\"en-US\",\"@id\":\"https:\/\/otech.uaeh.edu.mx\/noti\/#\/schema\/logo\/image\/\",\"url\":\"https:\/\/otech.uaeh.edu.mx\/noti\/wp-content\/uploads\/2025\/11\/Logo-circulo.png\",\"contentUrl\":\"https:\/\/otech.uaeh.edu.mx\/noti\/wp-content\/uploads\/2025\/11\/Logo-circulo.png\",\"width\":250,\"height\":250,\"caption\":\"Observatorio Tecnol\u00f3gico de Hidalgo\"},\"image\":{\"@id\":\"https:\/\/otech.uaeh.edu.mx\/noti\/#\/schema\/logo\/image\/\"},\"sameAs\":[\"https:\/\/www.facebook.com\/observatoriouaeh\",\"https:\/\/x.com\/OBSERVATORIOEH\"]},{\"@type\":\"Person\",\"@id\":\"https:\/\/otech.uaeh.edu.mx\/noti\/#\/schema\/person\/95263d004158ffabcd98137e1d0abc1c\",\"name\":\"admin\",\"image\":{\"@type\":\"ImageObject\",\"inLanguage\":\"en-US\",\"@id\":\"https:\/\/otech.uaeh.edu.mx\/noti\/#\/schema\/person\/image\/\",\"url\":\"https:\/\/secure.gravatar.com\/avatar\/08dd17208ee6a9e87c5a01c0a5f4c96c8ed24bf05e625630929b5b6a7c1ffa5f?s=96&d=mm&r=g\",\"contentUrl\":\"https:\/\/secure.gravatar.com\/avatar\/08dd17208ee6a9e87c5a01c0a5f4c96c8ed24bf05e625630929b5b6a7c1ffa5f?s=96&d=mm&r=g\",\"caption\":\"admin\"},\"url\":\"https:\/\/otech.uaeh.edu.mx\/noti\/author\/admin\/\"}]}<\/script>\n<!-- \/ Yoast SEO plugin. -->","yoast_head_json":{"title":"Lastre pol\u00edtico en el 5G - Observatorio Tecnol\u00f3gico de Hidalgo","robots":{"index":"index","follow":"follow","max-snippet":"max-snippet:-1","max-image-preview":"max-image-preview:large","max-video-preview":"max-video-preview:-1"},"canonical":"https:\/\/otech.uaeh.edu.mx\/noti\/tecnologia-5g\/lastre-politico-en-el-5g\/","og_locale":"en_US","og_type":"article","og_title":"Lastre pol\u00edtico en el 5G - Observatorio Tecnol\u00f3gico de Hidalgo","og_description":"Telef\u00f3nica y Vodafone anunciaron ayer que compartir\u00e1n redes en el Reino Unido para desplegar la tecnolog\u00eda 5G. Apple se muestra interesada por adquirir los chips 5G de Intel. No pasa un d\u00eda sin noticias sobre esta nueva tecnolog\u00eda que ofrecer\u00e1 conexiones hasta 100 veces m\u00e1s r\u00e1pidas que la actual 4G y una muy baja latencia [&hellip;]","og_url":"https:\/\/otech.uaeh.edu.mx\/noti\/tecnologia-5g\/lastre-politico-en-el-5g\/","og_site_name":"Observatorio Tecnol\u00f3gico de Hidalgo","article_publisher":"https:\/\/www.facebook.com\/observatoriouaeh","article_published_time":"2019-07-25T14:32:51+00:00","og_image":[{"width":600,"height":350,"url":"https:\/\/otech.uaeh.edu.mx\/noti\/wp-content\/uploads\/2019\/07\/Notic.4-8.jpg","type":"image\/jpeg"}],"author":"admin","twitter_card":"summary_large_image","twitter_creator":"@OBSERVATORIOEH","twitter_site":"@OBSERVATORIOEH","twitter_misc":{"Written by":"admin","Est. reading time":"3 minutes"},"schema":{"@context":"https:\/\/schema.org","@graph":[{"@type":"Article","@id":"https:\/\/otech.uaeh.edu.mx\/noti\/tecnologia-5g\/lastre-politico-en-el-5g\/#article","isPartOf":{"@id":"https:\/\/otech.uaeh.edu.mx\/noti\/tecnologia-5g\/lastre-politico-en-el-5g\/"},"author":{"name":"admin","@id":"https:\/\/otech.uaeh.edu.mx\/noti\/#\/schema\/person\/95263d004158ffabcd98137e1d0abc1c"},"headline":"Lastre pol\u00edtico en el 5G","datePublished":"2019-07-25T14:32:51+00:00","mainEntityOfPage":{"@id":"https:\/\/otech.uaeh.edu.mx\/noti\/tecnologia-5g\/lastre-politico-en-el-5g\/"},"wordCount":530,"commentCount":0,"publisher":{"@id":"https:\/\/otech.uaeh.edu.mx\/noti\/#organization"},"image":{"@id":"https:\/\/otech.uaeh.edu.mx\/noti\/tecnologia-5g\/lastre-politico-en-el-5g\/#primaryimage"},"thumbnailUrl":"https:\/\/otech.uaeh.edu.mx\/noti\/wp-content\/uploads\/2019\/07\/Notic.4-8.jpg","articleSection":["Tecnolog\u00eda 5G"],"inLanguage":"en-US","potentialAction":[{"@type":"CommentAction","name":"Comment","target":["https:\/\/otech.uaeh.edu.mx\/noti\/tecnologia-5g\/lastre-politico-en-el-5g\/#respond"]}]},{"@type":"WebPage","@id":"https:\/\/otech.uaeh.edu.mx\/noti\/tecnologia-5g\/lastre-politico-en-el-5g\/","url":"https:\/\/otech.uaeh.edu.mx\/noti\/tecnologia-5g\/lastre-politico-en-el-5g\/","name":"Lastre pol\u00edtico en el 5G - Observatorio Tecnol\u00f3gico de Hidalgo","isPartOf":{"@id":"https:\/\/otech.uaeh.edu.mx\/noti\/#website"},"primaryImageOfPage":{"@id":"https:\/\/otech.uaeh.edu.mx\/noti\/tecnologia-5g\/lastre-politico-en-el-5g\/#primaryimage"},"image":{"@id":"https:\/\/otech.uaeh.edu.mx\/noti\/tecnologia-5g\/lastre-politico-en-el-5g\/#primaryimage"},"thumbnailUrl":"https:\/\/otech.uaeh.edu.mx\/noti\/wp-content\/uploads\/2019\/07\/Notic.4-8.jpg","datePublished":"2019-07-25T14:32:51+00:00","breadcrumb":{"@id":"https:\/\/otech.uaeh.edu.mx\/noti\/tecnologia-5g\/lastre-politico-en-el-5g\/#breadcrumb"},"inLanguage":"en-US","potentialAction":[{"@type":"ReadAction","target":["https:\/\/otech.uaeh.edu.mx\/noti\/tecnologia-5g\/lastre-politico-en-el-5g\/"]}]},{"@type":"ImageObject","inLanguage":"en-US","@id":"https:\/\/otech.uaeh.edu.mx\/noti\/tecnologia-5g\/lastre-politico-en-el-5g\/#primaryimage","url":"https:\/\/otech.uaeh.edu.mx\/noti\/wp-content\/uploads\/2019\/07\/Notic.4-8.jpg","contentUrl":"https:\/\/otech.uaeh.edu.mx\/noti\/wp-content\/uploads\/2019\/07\/Notic.4-8.jpg","width":600,"height":350,"caption":"(FILES) In this file photo taken on March 06, 2019 a staff member of Huawei uses her mobile phone at the Huawei Digital Transformation Showcase in Shenzhen, China's Guangdong province. - Embattled Chinese telecom giant Huawei unveiled plans July 22, 2019 to deploy high-speed wireless internet to dozens of underserved communities in Canada's remote northern regions. (Photo by WANG ZHAO \/ AFP)"},{"@type":"BreadcrumbList","@id":"https:\/\/otech.uaeh.edu.mx\/noti\/tecnologia-5g\/lastre-politico-en-el-5g\/#breadcrumb","itemListElement":[{"@type":"ListItem","position":1,"name":"Inicio","item":"https:\/\/otech.uaeh.edu.mx\/noti\/"},{"@type":"ListItem","position":2,"name":"Lastre pol\u00edtico en el 5G"}]},{"@type":"WebSite","@id":"https:\/\/otech.uaeh.edu.mx\/noti\/#website","url":"https:\/\/otech.uaeh.edu.mx\/noti\/","name":"Observatorio Tecnol\u00f3gico de Hidalgo","description":"","publisher":{"@id":"https:\/\/otech.uaeh.edu.mx\/noti\/#organization"},"potentialAction":[{"@type":"SearchAction","target":{"@type":"EntryPoint","urlTemplate":"https:\/\/otech.uaeh.edu.mx\/noti\/?s={search_term_string}"},"query-input":{"@type":"PropertyValueSpecification","valueRequired":true,"valueName":"search_term_string"}}],"inLanguage":"en-US"},{"@type":"Organization","@id":"https:\/\/otech.uaeh.edu.mx\/noti\/#organization","name":"Observatorio Tecnol\u00f3gico de Hidalgo","url":"https:\/\/otech.uaeh.edu.mx\/noti\/","logo":{"@type":"ImageObject","inLanguage":"en-US","@id":"https:\/\/otech.uaeh.edu.mx\/noti\/#\/schema\/logo\/image\/","url":"https:\/\/otech.uaeh.edu.mx\/noti\/wp-content\/uploads\/2025\/11\/Logo-circulo.png","contentUrl":"https:\/\/otech.uaeh.edu.mx\/noti\/wp-content\/uploads\/2025\/11\/Logo-circulo.png","width":250,"height":250,"caption":"Observatorio Tecnol\u00f3gico de Hidalgo"},"image":{"@id":"https:\/\/otech.uaeh.edu.mx\/noti\/#\/schema\/logo\/image\/"},"sameAs":["https:\/\/www.facebook.com\/observatoriouaeh","https:\/\/x.com\/OBSERVATORIOEH"]},{"@type":"Person","@id":"https:\/\/otech.uaeh.edu.mx\/noti\/#\/schema\/person\/95263d004158ffabcd98137e1d0abc1c","name":"admin","image":{"@type":"ImageObject","inLanguage":"en-US","@id":"https:\/\/otech.uaeh.edu.mx\/noti\/#\/schema\/person\/image\/","url":"https:\/\/secure.gravatar.com\/avatar\/08dd17208ee6a9e87c5a01c0a5f4c96c8ed24bf05e625630929b5b6a7c1ffa5f?s=96&d=mm&r=g","contentUrl":"https:\/\/secure.gravatar.com\/avatar\/08dd17208ee6a9e87c5a01c0a5f4c96c8ed24bf05e625630929b5b6a7c1ffa5f?s=96&d=mm&r=g","caption":"admin"},"url":"https:\/\/otech.uaeh.edu.mx\/noti\/author\/admin\/"}]}},"_links":{"self":[{"href":"https:\/\/otech.uaeh.edu.mx\/noti\/wp-json\/wp\/v2\/posts\/17282","targetHints":{"allow":["GET"]}}],"collection":[{"href":"https:\/\/otech.uaeh.edu.mx\/noti\/wp-json\/wp\/v2\/posts"}],"about":[{"href":"https:\/\/otech.uaeh.edu.mx\/noti\/wp-json\/wp\/v2\/types\/post"}],"author":[{"embeddable":true,"href":"https:\/\/otech.uaeh.edu.mx\/noti\/wp-json\/wp\/v2\/users\/1"}],"replies":[{"embeddable":true,"href":"https:\/\/otech.uaeh.edu.mx\/noti\/wp-json\/wp\/v2\/comments?post=17282"}],"version-history":[{"count":1,"href":"https:\/\/otech.uaeh.edu.mx\/noti\/wp-json\/wp\/v2\/posts\/17282\/revisions"}],"predecessor-version":[{"id":17284,"href":"https:\/\/otech.uaeh.edu.mx\/noti\/wp-json\/wp\/v2\/posts\/17282\/revisions\/17284"}],"wp:featuredmedia":[{"embeddable":true,"href":"https:\/\/otech.uaeh.edu.mx\/noti\/wp-json\/wp\/v2\/media\/17283"}],"wp:attachment":[{"href":"https:\/\/otech.uaeh.edu.mx\/noti\/wp-json\/wp\/v2\/media?parent=17282"}],"wp:term":[{"taxonomy":"category","embeddable":true,"href":"https:\/\/otech.uaeh.edu.mx\/noti\/wp-json\/wp\/v2\/categories?post=17282"},{"taxonomy":"post_tag","embeddable":true,"href":"https:\/\/otech.uaeh.edu.mx\/noti\/wp-json\/wp\/v2\/tags?post=17282"}],"curies":[{"name":"wp","href":"https:\/\/api.w.org\/{rel}","templated":true}]}}