{"id":17367,"date":"2019-07-30T08:42:47","date_gmt":"2019-07-30T14:42:47","guid":{"rendered":"http:\/\/otech.uaeh.edu.mx\/noti\/?p=17367"},"modified":"2019-07-30T08:43:19","modified_gmt":"2019-07-30T14:43:19","slug":"la-aberrante-ubicua-y-neoliberal-mafia-de-la-ciencia-mexicana-y-otras-ficciones","status":"publish","type":"post","link":"https:\/\/otech.uaeh.edu.mx\/noti\/politicas_pub_cti\/la-aberrante-ubicua-y-neoliberal-mafia-de-la-ciencia-mexicana-y-otras-ficciones\/","title":{"rendered":"La aberrante, ubicua y neoliberal mafia de la ciencia mexicana&#8230; y otras ficciones"},"content":{"rendered":"<p><i>&#8220;Al poder se le revisa, no se le aplaude&#8221;<\/i>, dijo<span>\u00a0<\/span><strong>V\u00edctor Trujillo<\/strong>. Y<span>\u00a0<\/span><strong>el Payaso Tenebroso<\/strong><span>\u00a0<\/span>tiene raz\u00f3n. Sin embargo, existe un grupo de usuarios de las<span>\u00a0<\/span><i>&#8220;benditas<span>\u00a0<\/span><strong>redes sociales<\/strong>&#8220;<\/i><span>\u00a0<\/span>que a\u00fan no lo entiende, me refiero a quienes invariablemente aplauden y justifican todo cuanto el titular del<span>\u00a0<\/span><strong>Ejecutivo federal<\/strong><span>\u00a0<\/span>dice, hace u omite. Se aferran a una sola l\u00f3gica: defender al<span>\u00a0<\/span><strong>presidente de M\u00e9xico<\/strong>. \u00bfDe qui\u00e9nes? Pues de<span>\u00a0<\/span><i>&#8220;los<span>\u00a0<\/span><strong>fif\u00eds<\/strong>&#8220;<\/i>,<span>\u00a0<\/span><i>&#8220;los<span>\u00a0<\/span><strong>neoliberales<\/strong>&#8220;<\/i><span>\u00a0<\/span>y<span>\u00a0<\/span><i>&#8220;las<span>\u00a0<\/span><strong>mafias del poder<\/strong>&#8220;<\/i>. <!--more-->El mundo de<span>\u00a0<\/span><strong>ciencia<\/strong>,<span>\u00a0<\/span><strong>tecnolog\u00eda<\/strong>,<span>\u00a0<\/span><strong>innovaci\u00f3n<\/strong>y<span>\u00a0<\/span><strong>emprendimiento<\/strong><span>\u00a0<\/span>no se ha salvado de esa aberrante y exagerada<span>\u00a0<\/span><strong>ret\u00f3rica polarizante<\/strong>. Uno de los muchos errores de la administraci\u00f3n federal 2018-2024 consiste en<span>\u00a0<\/span>menospreciar y denostar<span>\u00a0<\/span>a la<span>\u00a0<\/span><strong>comunidad cient\u00edfica mexicana<\/strong>.<\/p>\n<p>\u00bfY la directora del<span>\u00a0<\/span><strong>Consejo Nacional de Ciencia y Tecnolog\u00eda<\/strong><span>\u00a0<\/span>qu\u00e9 dice o hace al respecto?<span>\u00a0<\/span><strong>Mar\u00eda Elena \u00c1lvarez-Buylla Roces<\/strong><span>\u00a0<\/span>\u2014ac\u00e9rrima enemiga de todos los<span>\u00a0<\/span><strong>transg\u00e9nicos<\/strong>, pero tolerante de la<span>\u00a0<\/span><i>&#8220;astrolog\u00eda culta y erudita&#8221;<\/i><span>\u00a0<\/span>de la directora de Comunicaci\u00f3n Estrat\u00e9gica de la instituci\u00f3n\u2014 calla o asiente. Todav\u00eda no se cumple el primer a\u00f1o de gobierno del gabinete de<span>\u00a0<\/span><strong>Andr\u00e9s Manuel L\u00f3pez Obrador<\/strong><span>\u00a0<\/span>y ya estoy harta de la ret\u00f3rica de<span>\u00a0<\/span><i>&#8220;los fif\u00eds&#8221;<\/i>,<span>\u00a0<\/span><i>&#8220;los neoliberales&#8221;<\/i>, las m\u00faltiples<span>\u00a0<\/span><i>&#8220;mafias del poder&#8221;<\/i>, esos malvados de h\u00edgados negros que tienen la culpa de absolutamente todo lo malo que le sucede al pa\u00eds. Pero en el caso de c\u00f3mo una peque\u00f1\u00edsima parte de la comunidad cient\u00edfica mexicana pretende hacer<span>\u00a0<\/span>ciencia en el pa\u00eds, aquello de la<span>\u00a0<\/span><strong><i>&#8220;mafia de la ciencia&#8221;<\/i><\/strong><span>\u00a0<\/span>no est\u00e1 del todo errado.<\/p>\n<p>Universidades fungiendo como<span>\u00a0<\/span><strong>prestanombres<\/strong><span>\u00a0<\/span>ante el<span>\u00a0<\/span><strong>Conacyt<\/strong><span>\u00a0<\/span>con tal de asegurarles a otras instituciones o empresas montos destinados a la realizaci\u00f3n de proyectos; acad\u00e9micos manteni\u00e9ndose en el<span>\u00a0<\/span><strong>Sistema Nacional de Investigadores<\/strong><span>\u00a0<\/span>a fuerza de pluma o papel carb\u00f3n, publicando art\u00edculos insustanciales o refritos de investigaciones y logros pasados (as\u00ed sean propios o de sus alumnos);<span>\u00a0<\/span><strong>servidores p\u00fablicos<\/strong><span>\u00a0<\/span>adue\u00f1\u00e1ndose de equipos comprados con<span>\u00a0<\/span><a href=\"https:\/\/www.mypress.mx\/negocios\/amlo-asegura-que-las-negociaciones-con-eeuu-van-muy-bien-5529\" target=\"_blank\" rel=\"noopener\">fondos del Conacyt<\/a>para &#8220;cobrarse a lo chino&#8221;; proyectos que no resultan ser otra cosa salvo mera apariencia (venta de espejitos, vaya);<span>\u00a0<\/span><strong>rectores universitarios<\/strong><span>\u00a0<\/span>privilegiando el apoyo a proyectos de sus aliados dentro de la instituci\u00f3n que dirigen (y bloqueando los de los dem\u00e1s). Estos son apenas algunos ejemplos.<\/p>\n<p>Si bien es cierto que lo anterior es una realidad, tambi\u00e9n es cierto lo siguiente: la<span>\u00a0<\/span><strong>Universidad Nacional Aut\u00f3noma de M\u00e9xico<\/strong><span>\u00a0<\/span>patent\u00f3 en 2018 un total de 44 desarrollos; de 2015 a 2017 se otorgaron al<span>\u00a0<\/span><strong>Instituto Polit\u00e9cnico Nacional<\/strong><span>\u00a0<\/span>23<span>\u00a0<\/span><strong>registros de marca<\/strong><span>\u00a0<\/span>y 40 registros de<span>\u00a0<\/span><strong>patentes<\/strong>. Y, de 2013 a 2018, reporta el<span>\u00a0<\/span><strong>Instituto Mexicano de la Propiedad Industrial<\/strong>, las 10 instituciones con mayores solicitudes de registro de patentes en la naci\u00f3n fueron:<\/p>\n<p>1.<span>\u00a0<\/span><strong>Centro de Investigaci\u00f3n y de Estudios Avanzados del Instituto Polit\u00e9cnico Nacional<\/strong><span>\u00a0<\/span>(187).<\/p>\n<p>2.<span>\u00a0<\/span><strong>Centro de Investigaci\u00f3n en Qu\u00edmica Aplicada<\/strong><span>\u00a0<\/span>(125).<\/p>\n<p>3.<span>\u00a0<\/span><strong>Instituto Mexicano del Petr\u00f3leo<\/strong><span>\u00a0<\/span>(107).<\/p>\n<p>4.<span>\u00a0<\/span><strong>Centro de Investigaci\u00f3n y Asistencia en Tecnolog\u00eda y Dise\u00f1o del Estado de Jalisco<\/strong><span>\u00a0<\/span>(79).<\/p>\n<p>5.<span>\u00a0<\/span><strong>Centro de Investigaci\u00f3n en Materiales Avanzados<\/strong><span>\u00a0<\/span>(61).<\/p>\n<p>6.<span>\u00a0<\/span><strong>Centro de Innovaci\u00f3n Aplicada en Tecnolog\u00edas Competitivas<\/strong><span>\u00a0<\/span>(46).<\/p>\n<p>7.<span>\u00a0<\/span><strong>Instituto Nacional de Astrof\u00edsica \u00d3ptica y Electr\u00f3nica<\/strong><span>\u00a0<\/span>(37).<\/p>\n<p>8.<span>\u00a0<\/span><strong>Centro de Investigaci\u00f3n y Desarrollo Tecnol\u00f3gico en Electroqu\u00edmica<\/strong><span>\u00a0<\/span>(37).<\/p>\n<p>9.<span>\u00a0<\/span><strong>Instituto de Investigaciones El\u00e9ctricas<\/strong><span>\u00a0<\/span>(29).<\/p>\n<p>10.<span>\u00a0<\/span><strong>Instituto Mexicano del Seguro Social<\/strong><span>\u00a0<\/span>(21).<\/p>\n<p>Por otro lado, err\u00f3neamente se menosprecia la<span>\u00a0<\/span><strong>investigaci\u00f3n de ciencia b\u00e1sica<\/strong><span>\u00a0<\/span>(aunque esto no es un fen\u00f3meno exclusivo de M\u00e9xico). En el mundo de ciencia, tecnolog\u00eda e innovaci\u00f3n no todo son patentes y aplicaciones inmediatas para la<span>\u00a0<\/span><strong>resoluci\u00f3n de problemas de la vida diaria<\/strong>. La<span>\u00a0<\/span><strong>ciencia b\u00e1sica<\/strong><span>\u00a0<\/span>importa, y mucho: la ciencia b\u00e1sica genera conocimiento, conocimiento sin el cual ser\u00eda imposible desarrollar<span>\u00a0<\/span><strong>tecnolog\u00edas<\/strong>. Los conocimientos generados a partir de las investigaciones de ciencia b\u00e1sica no necesariamente impactan de manera directa o inmediata en las diversas esferas sociales, mas no por ello carecen de valor e importancia para un pa\u00eds. \u00bfC\u00f3mo ser\u00eda el futuro de la<span>\u00a0<\/span><strong>computaci\u00f3n cu\u00e1ntica<\/strong><span>\u00a0<\/span>o los<span>\u00a0<\/span><strong>tratamientos contra el c\u00e1ncer<\/strong><span>\u00a0<\/span>sin ciencia b\u00e1sica? Inexistente. No hay ciencia aplicada sin ciencia b\u00e1sica.<\/p>\n<p>Ciencia y tecnolog\u00eda mexicanas<span>\u00a0<\/span>tienen el potencial de resolver buena parte de los problemas m\u00e1s graves del pa\u00eds y del mundo, mediante desarrollos como:<span>\u00a0<\/span><strong>biopl\u00e1sticos<\/strong>,<span>\u00a0<\/span><strong>biocombustibles<\/strong>, un<span>\u00a0<\/span><strong>sistema doppler bidireccional<\/strong><span>\u00a0<\/span>para la medici\u00f3n del flujo sangu\u00edneo (herramienta para neurocirug\u00edas), nuevas y m\u00e1s eficientes metodolog\u00edas de creaci\u00f3n<span>\u00a0<\/span><strong>atlas de riesgos<\/strong>, materiales \u00fatiles en la<span>\u00a0<\/span><strong>descontaminaci\u00f3n del agua<\/strong>,<span>\u00a0<\/span><strong>anticonceptivos masculinos<\/strong><span>\u00a0<\/span>orales o cut\u00e1neos, maneras de<span>\u00a0<\/span><strong>reciclar escombros<\/strong>, suplementos alimenticios \u00fatiles contra la<span>\u00a0<\/span><strong>obesidad<\/strong>,<span>\u00a0<\/span><strong>eliminaci\u00f3n del virus del papiloma humano<\/strong>&#8230; y un largo etc\u00e9tera. En los<span>\u00a0<\/span><strong>centros de investigaci\u00f3n p\u00fablicos<\/strong><span>\u00a0<\/span>del pa\u00eds actualmente se trabaja en perfeccionar o comercializar estos desarrollos.<\/p>\n<p>Ahora bien, \u00bfpor qu\u00e9 es tan grave que L\u00f3pez Obrador menosprecie y denueste a la comunidad cient\u00edfica nacional? Porque si \u00e9l, con su amplia aceptaci\u00f3n y su<span>\u00a0<\/span><strong>desproporcionado alcance medi\u00e1tico<\/strong>, transmite a los mexicanos sus propios sesgos, errores e intransigencias en torno al<span>\u00a0<\/span><strong>ecosistema mexicano de ciencia, tecnolog\u00eda e innovaci\u00f3n<\/strong>, y los mexicanos nos lo creemos todo&#8230; entonces estamos jodidos. Estamos jodidos porque si tenemos esas ideas tan tergiversadas acerca de la<span>\u00a0<\/span>comunidad cient\u00edfica<span>\u00a0<\/span>y su importancia, aceptaremos sin cuestionamiento alguno los injustos y desatinados<span>\u00a0<\/span><strong>recortes presupuestales<\/strong><span>\u00a0<\/span>al ramo; y en los siguientes a\u00f1os, ser\u00eda de esperarse, no exigiremos se respeten las promesas de otorgar al<span>\u00a0<\/span><strong>desarrollo cient\u00edfico-tecnol\u00f3gico<\/strong><span>\u00a0<\/span>del pa\u00eds el prometid\u00edsimo<span>\u00a0<\/span><strong>1% del producto interno bruto<\/strong>.<\/p>\n<p>Cuando un pueblo (incluidos sus dirigentes) carece de formaci\u00f3n de calidad en<span>\u00a0<\/span><strong>ciencias y humanidades<\/strong>, cuando no valora a sus<span>\u00a0<\/span><strong>cient\u00edficos<\/strong>,<span>\u00a0<\/span><strong>tecn\u00f3logos<\/strong><span>\u00a0<\/span>y<span>\u00a0<\/span><strong>humanistas<\/strong>, termina crey\u00e9ndose cualquier<span>\u00a0<\/span><strong>misticismo<\/strong><span>\u00a0<\/span>o<span>\u00a0<\/span><strong>charlataner\u00eda<\/strong>: suplementos alimenticios milagrosos,<span>\u00a0<\/span><strong>homeopat\u00eda<\/strong>, aplicaciones m\u00f3viles con &#8220;visi\u00f3n de rayos X&#8221;, terapia de imanes, acupuntura,<span>\u00a0<\/span><strong>angeolog\u00eda<\/strong>, limpias, mandas u<span>\u00a0<\/span><strong>hor\u00f3scopos<\/strong><span>\u00a0<\/span>(por mencionar tan s\u00f3lo nueve timos). En suma,<span>\u00a0<\/span>una sociedad<span>\u00a0<\/span>que no es cr\u00edtica corre el riesgo de terminar aplaudi\u00e9ndole al poder sin cuestionarlo nunca, sin revisar lo que dice y hace (u omite); termina confundiendo a servidores p\u00fablicos con poseedores de verdades absolutas o salvadores (<i>&#8220;la esperanza de M\u00e9xico&#8221;<\/i>).<\/p>\n<p><strong>Fuente:\u00a0<\/strong><\/p>\n<p><em>Belem Ruiz, B. R. (2019, 29 julio). La aberrante, ubicua y neoliberal mafia de la ciencia mexicana&#8230; y otras ficciones. Recuperado 30 julio, 2019, de https:\/\/www.mypress.mx\/tecnologia\/la-aberrante-ubicua-y-neoliberal-mafia-de-la-ciencia-mexicana-5838<\/em><\/p>\n","protected":false},"excerpt":{"rendered":"<p>&#8220;Al poder se le revisa, no se le aplaude&#8221;, dijo\u00a0V\u00edctor Trujillo. Y\u00a0el Payaso Tenebroso\u00a0tiene raz\u00f3n. Sin embargo, existe un grupo de usuarios de las\u00a0&#8220;benditas\u00a0redes sociales&#8220;\u00a0que a\u00fan no lo entiende, me refiero a quienes invariablemente aplauden y justifican todo cuanto el titular del\u00a0Ejecutivo federal\u00a0dice, hace u omite. Se aferran a una sola l\u00f3gica: defender al\u00a0presidente de [&hellip;]<\/p>\n","protected":false},"author":1,"featured_media":17368,"comment_status":"open","ping_status":"open","sticky":false,"template":"","format":"standard","meta":{"footnotes":""},"categories":[399],"tags":[],"class_list":["post-17367","post","type-post","status-publish","format-standard","has-post-thumbnail","hentry","category-politicas_pub_cti"],"yoast_head":"<!-- This site is optimized with the Yoast SEO plugin v26.7 - https:\/\/yoast.com\/wordpress\/plugins\/seo\/ -->\n<title>La aberrante, ubicua y neoliberal mafia de la ciencia mexicana... y otras ficciones - Observatorio Tecnol\u00f3gico de Hidalgo<\/title>\n<meta name=\"robots\" content=\"index, follow, max-snippet:-1, max-image-preview:large, max-video-preview:-1\" \/>\n<link rel=\"canonical\" href=\"https:\/\/otech.uaeh.edu.mx\/noti\/politicas_pub_cti\/la-aberrante-ubicua-y-neoliberal-mafia-de-la-ciencia-mexicana-y-otras-ficciones\/\" \/>\n<meta property=\"og:locale\" content=\"en_US\" \/>\n<meta property=\"og:type\" content=\"article\" \/>\n<meta property=\"og:title\" content=\"La aberrante, ubicua y neoliberal mafia de la ciencia mexicana... y otras ficciones - Observatorio Tecnol\u00f3gico de Hidalgo\" \/>\n<meta property=\"og:description\" content=\"&#8220;Al poder se le revisa, no se le aplaude&#8221;, dijo\u00a0V\u00edctor Trujillo. Y\u00a0el Payaso Tenebroso\u00a0tiene raz\u00f3n. Sin embargo, existe un grupo de usuarios de las\u00a0&#8220;benditas\u00a0redes sociales&#8220;\u00a0que a\u00fan no lo entiende, me refiero a quienes invariablemente aplauden y justifican todo cuanto el titular del\u00a0Ejecutivo federal\u00a0dice, hace u omite. Se aferran a una sola l\u00f3gica: defender al\u00a0presidente de [&hellip;]\" \/>\n<meta property=\"og:url\" content=\"https:\/\/otech.uaeh.edu.mx\/noti\/politicas_pub_cti\/la-aberrante-ubicua-y-neoliberal-mafia-de-la-ciencia-mexicana-y-otras-ficciones\/\" \/>\n<meta property=\"og:site_name\" content=\"Observatorio Tecnol\u00f3gico de Hidalgo\" \/>\n<meta property=\"article:publisher\" content=\"https:\/\/www.facebook.com\/observatoriouaeh\" \/>\n<meta property=\"article:published_time\" content=\"2019-07-30T14:42:47+00:00\" \/>\n<meta property=\"article:modified_time\" content=\"2019-07-30T14:43:19+00:00\" \/>\n<meta property=\"og:image\" content=\"https:\/\/otech.uaeh.edu.mx\/noti\/wp-content\/uploads\/2019\/07\/Notic.2-5.png\" \/>\n\t<meta property=\"og:image:width\" content=\"600\" \/>\n\t<meta property=\"og:image:height\" content=\"350\" \/>\n\t<meta property=\"og:image:type\" content=\"image\/png\" \/>\n<meta name=\"author\" content=\"admin\" \/>\n<meta name=\"twitter:card\" content=\"summary_large_image\" \/>\n<meta name=\"twitter:creator\" content=\"@OBSERVATORIOEH\" \/>\n<meta name=\"twitter:site\" content=\"@OBSERVATORIOEH\" \/>\n<meta name=\"twitter:label1\" content=\"Written by\" \/>\n\t<meta name=\"twitter:data1\" content=\"admin\" \/>\n\t<meta name=\"twitter:label2\" content=\"Est. reading time\" \/>\n\t<meta name=\"twitter:data2\" content=\"5 minutes\" \/>\n<script type=\"application\/ld+json\" class=\"yoast-schema-graph\">{\"@context\":\"https:\/\/schema.org\",\"@graph\":[{\"@type\":\"Article\",\"@id\":\"https:\/\/otech.uaeh.edu.mx\/noti\/politicas_pub_cti\/la-aberrante-ubicua-y-neoliberal-mafia-de-la-ciencia-mexicana-y-otras-ficciones\/#article\",\"isPartOf\":{\"@id\":\"https:\/\/otech.uaeh.edu.mx\/noti\/politicas_pub_cti\/la-aberrante-ubicua-y-neoliberal-mafia-de-la-ciencia-mexicana-y-otras-ficciones\/\"},\"author\":{\"name\":\"admin\",\"@id\":\"https:\/\/otech.uaeh.edu.mx\/noti\/#\/schema\/person\/95263d004158ffabcd98137e1d0abc1c\"},\"headline\":\"La aberrante, ubicua y neoliberal mafia de la ciencia mexicana&#8230; y otras ficciones\",\"datePublished\":\"2019-07-30T14:42:47+00:00\",\"dateModified\":\"2019-07-30T14:43:19+00:00\",\"mainEntityOfPage\":{\"@id\":\"https:\/\/otech.uaeh.edu.mx\/noti\/politicas_pub_cti\/la-aberrante-ubicua-y-neoliberal-mafia-de-la-ciencia-mexicana-y-otras-ficciones\/\"},\"wordCount\":1102,\"commentCount\":0,\"publisher\":{\"@id\":\"https:\/\/otech.uaeh.edu.mx\/noti\/#organization\"},\"image\":{\"@id\":\"https:\/\/otech.uaeh.edu.mx\/noti\/politicas_pub_cti\/la-aberrante-ubicua-y-neoliberal-mafia-de-la-ciencia-mexicana-y-otras-ficciones\/#primaryimage\"},\"thumbnailUrl\":\"https:\/\/otech.uaeh.edu.mx\/noti\/wp-content\/uploads\/2019\/07\/Notic.2-5.png\",\"articleSection\":[\"Pol\u00edticas P\u00fablicas CTI\"],\"inLanguage\":\"en-US\",\"potentialAction\":[{\"@type\":\"CommentAction\",\"name\":\"Comment\",\"target\":[\"https:\/\/otech.uaeh.edu.mx\/noti\/politicas_pub_cti\/la-aberrante-ubicua-y-neoliberal-mafia-de-la-ciencia-mexicana-y-otras-ficciones\/#respond\"]}]},{\"@type\":\"WebPage\",\"@id\":\"https:\/\/otech.uaeh.edu.mx\/noti\/politicas_pub_cti\/la-aberrante-ubicua-y-neoliberal-mafia-de-la-ciencia-mexicana-y-otras-ficciones\/\",\"url\":\"https:\/\/otech.uaeh.edu.mx\/noti\/politicas_pub_cti\/la-aberrante-ubicua-y-neoliberal-mafia-de-la-ciencia-mexicana-y-otras-ficciones\/\",\"name\":\"La aberrante, ubicua y neoliberal mafia de la ciencia mexicana... y otras ficciones - Observatorio Tecnol\u00f3gico de Hidalgo\",\"isPartOf\":{\"@id\":\"https:\/\/otech.uaeh.edu.mx\/noti\/#website\"},\"primaryImageOfPage\":{\"@id\":\"https:\/\/otech.uaeh.edu.mx\/noti\/politicas_pub_cti\/la-aberrante-ubicua-y-neoliberal-mafia-de-la-ciencia-mexicana-y-otras-ficciones\/#primaryimage\"},\"image\":{\"@id\":\"https:\/\/otech.uaeh.edu.mx\/noti\/politicas_pub_cti\/la-aberrante-ubicua-y-neoliberal-mafia-de-la-ciencia-mexicana-y-otras-ficciones\/#primaryimage\"},\"thumbnailUrl\":\"https:\/\/otech.uaeh.edu.mx\/noti\/wp-content\/uploads\/2019\/07\/Notic.2-5.png\",\"datePublished\":\"2019-07-30T14:42:47+00:00\",\"dateModified\":\"2019-07-30T14:43:19+00:00\",\"breadcrumb\":{\"@id\":\"https:\/\/otech.uaeh.edu.mx\/noti\/politicas_pub_cti\/la-aberrante-ubicua-y-neoliberal-mafia-de-la-ciencia-mexicana-y-otras-ficciones\/#breadcrumb\"},\"inLanguage\":\"en-US\",\"potentialAction\":[{\"@type\":\"ReadAction\",\"target\":[\"https:\/\/otech.uaeh.edu.mx\/noti\/politicas_pub_cti\/la-aberrante-ubicua-y-neoliberal-mafia-de-la-ciencia-mexicana-y-otras-ficciones\/\"]}]},{\"@type\":\"ImageObject\",\"inLanguage\":\"en-US\",\"@id\":\"https:\/\/otech.uaeh.edu.mx\/noti\/politicas_pub_cti\/la-aberrante-ubicua-y-neoliberal-mafia-de-la-ciencia-mexicana-y-otras-ficciones\/#primaryimage\",\"url\":\"https:\/\/otech.uaeh.edu.mx\/noti\/wp-content\/uploads\/2019\/07\/Notic.2-5.png\",\"contentUrl\":\"https:\/\/otech.uaeh.edu.mx\/noti\/wp-content\/uploads\/2019\/07\/Notic.2-5.png\",\"width\":600,\"height\":350},{\"@type\":\"BreadcrumbList\",\"@id\":\"https:\/\/otech.uaeh.edu.mx\/noti\/politicas_pub_cti\/la-aberrante-ubicua-y-neoliberal-mafia-de-la-ciencia-mexicana-y-otras-ficciones\/#breadcrumb\",\"itemListElement\":[{\"@type\":\"ListItem\",\"position\":1,\"name\":\"Inicio\",\"item\":\"https:\/\/otech.uaeh.edu.mx\/noti\/\"},{\"@type\":\"ListItem\",\"position\":2,\"name\":\"La aberrante, ubicua y neoliberal mafia de la ciencia mexicana&#8230; y otras ficciones\"}]},{\"@type\":\"WebSite\",\"@id\":\"https:\/\/otech.uaeh.edu.mx\/noti\/#website\",\"url\":\"https:\/\/otech.uaeh.edu.mx\/noti\/\",\"name\":\"Observatorio Tecnol\u00f3gico de Hidalgo\",\"description\":\"\",\"publisher\":{\"@id\":\"https:\/\/otech.uaeh.edu.mx\/noti\/#organization\"},\"potentialAction\":[{\"@type\":\"SearchAction\",\"target\":{\"@type\":\"EntryPoint\",\"urlTemplate\":\"https:\/\/otech.uaeh.edu.mx\/noti\/?s={search_term_string}\"},\"query-input\":{\"@type\":\"PropertyValueSpecification\",\"valueRequired\":true,\"valueName\":\"search_term_string\"}}],\"inLanguage\":\"en-US\"},{\"@type\":\"Organization\",\"@id\":\"https:\/\/otech.uaeh.edu.mx\/noti\/#organization\",\"name\":\"Observatorio Tecnol\u00f3gico de Hidalgo\",\"url\":\"https:\/\/otech.uaeh.edu.mx\/noti\/\",\"logo\":{\"@type\":\"ImageObject\",\"inLanguage\":\"en-US\",\"@id\":\"https:\/\/otech.uaeh.edu.mx\/noti\/#\/schema\/logo\/image\/\",\"url\":\"https:\/\/otech.uaeh.edu.mx\/noti\/wp-content\/uploads\/2025\/11\/Logo-circulo.png\",\"contentUrl\":\"https:\/\/otech.uaeh.edu.mx\/noti\/wp-content\/uploads\/2025\/11\/Logo-circulo.png\",\"width\":250,\"height\":250,\"caption\":\"Observatorio Tecnol\u00f3gico de Hidalgo\"},\"image\":{\"@id\":\"https:\/\/otech.uaeh.edu.mx\/noti\/#\/schema\/logo\/image\/\"},\"sameAs\":[\"https:\/\/www.facebook.com\/observatoriouaeh\",\"https:\/\/x.com\/OBSERVATORIOEH\"]},{\"@type\":\"Person\",\"@id\":\"https:\/\/otech.uaeh.edu.mx\/noti\/#\/schema\/person\/95263d004158ffabcd98137e1d0abc1c\",\"name\":\"admin\",\"image\":{\"@type\":\"ImageObject\",\"inLanguage\":\"en-US\",\"@id\":\"https:\/\/otech.uaeh.edu.mx\/noti\/#\/schema\/person\/image\/\",\"url\":\"https:\/\/secure.gravatar.com\/avatar\/08dd17208ee6a9e87c5a01c0a5f4c96c8ed24bf05e625630929b5b6a7c1ffa5f?s=96&d=mm&r=g\",\"contentUrl\":\"https:\/\/secure.gravatar.com\/avatar\/08dd17208ee6a9e87c5a01c0a5f4c96c8ed24bf05e625630929b5b6a7c1ffa5f?s=96&d=mm&r=g\",\"caption\":\"admin\"},\"url\":\"https:\/\/otech.uaeh.edu.mx\/noti\/author\/admin\/\"}]}<\/script>\n<!-- \/ Yoast SEO plugin. -->","yoast_head_json":{"title":"La aberrante, ubicua y neoliberal mafia de la ciencia mexicana... y otras ficciones - Observatorio Tecnol\u00f3gico de Hidalgo","robots":{"index":"index","follow":"follow","max-snippet":"max-snippet:-1","max-image-preview":"max-image-preview:large","max-video-preview":"max-video-preview:-1"},"canonical":"https:\/\/otech.uaeh.edu.mx\/noti\/politicas_pub_cti\/la-aberrante-ubicua-y-neoliberal-mafia-de-la-ciencia-mexicana-y-otras-ficciones\/","og_locale":"en_US","og_type":"article","og_title":"La aberrante, ubicua y neoliberal mafia de la ciencia mexicana... y otras ficciones - Observatorio Tecnol\u00f3gico de Hidalgo","og_description":"&#8220;Al poder se le revisa, no se le aplaude&#8221;, dijo\u00a0V\u00edctor Trujillo. Y\u00a0el Payaso Tenebroso\u00a0tiene raz\u00f3n. Sin embargo, existe un grupo de usuarios de las\u00a0&#8220;benditas\u00a0redes sociales&#8220;\u00a0que a\u00fan no lo entiende, me refiero a quienes invariablemente aplauden y justifican todo cuanto el titular del\u00a0Ejecutivo federal\u00a0dice, hace u omite. Se aferran a una sola l\u00f3gica: defender al\u00a0presidente de [&hellip;]","og_url":"https:\/\/otech.uaeh.edu.mx\/noti\/politicas_pub_cti\/la-aberrante-ubicua-y-neoliberal-mafia-de-la-ciencia-mexicana-y-otras-ficciones\/","og_site_name":"Observatorio Tecnol\u00f3gico de Hidalgo","article_publisher":"https:\/\/www.facebook.com\/observatoriouaeh","article_published_time":"2019-07-30T14:42:47+00:00","article_modified_time":"2019-07-30T14:43:19+00:00","og_image":[{"width":600,"height":350,"url":"https:\/\/otech.uaeh.edu.mx\/noti\/wp-content\/uploads\/2019\/07\/Notic.2-5.png","type":"image\/png"}],"author":"admin","twitter_card":"summary_large_image","twitter_creator":"@OBSERVATORIOEH","twitter_site":"@OBSERVATORIOEH","twitter_misc":{"Written by":"admin","Est. reading time":"5 minutes"},"schema":{"@context":"https:\/\/schema.org","@graph":[{"@type":"Article","@id":"https:\/\/otech.uaeh.edu.mx\/noti\/politicas_pub_cti\/la-aberrante-ubicua-y-neoliberal-mafia-de-la-ciencia-mexicana-y-otras-ficciones\/#article","isPartOf":{"@id":"https:\/\/otech.uaeh.edu.mx\/noti\/politicas_pub_cti\/la-aberrante-ubicua-y-neoliberal-mafia-de-la-ciencia-mexicana-y-otras-ficciones\/"},"author":{"name":"admin","@id":"https:\/\/otech.uaeh.edu.mx\/noti\/#\/schema\/person\/95263d004158ffabcd98137e1d0abc1c"},"headline":"La aberrante, ubicua y neoliberal mafia de la ciencia mexicana&#8230; y otras ficciones","datePublished":"2019-07-30T14:42:47+00:00","dateModified":"2019-07-30T14:43:19+00:00","mainEntityOfPage":{"@id":"https:\/\/otech.uaeh.edu.mx\/noti\/politicas_pub_cti\/la-aberrante-ubicua-y-neoliberal-mafia-de-la-ciencia-mexicana-y-otras-ficciones\/"},"wordCount":1102,"commentCount":0,"publisher":{"@id":"https:\/\/otech.uaeh.edu.mx\/noti\/#organization"},"image":{"@id":"https:\/\/otech.uaeh.edu.mx\/noti\/politicas_pub_cti\/la-aberrante-ubicua-y-neoliberal-mafia-de-la-ciencia-mexicana-y-otras-ficciones\/#primaryimage"},"thumbnailUrl":"https:\/\/otech.uaeh.edu.mx\/noti\/wp-content\/uploads\/2019\/07\/Notic.2-5.png","articleSection":["Pol\u00edticas P\u00fablicas CTI"],"inLanguage":"en-US","potentialAction":[{"@type":"CommentAction","name":"Comment","target":["https:\/\/otech.uaeh.edu.mx\/noti\/politicas_pub_cti\/la-aberrante-ubicua-y-neoliberal-mafia-de-la-ciencia-mexicana-y-otras-ficciones\/#respond"]}]},{"@type":"WebPage","@id":"https:\/\/otech.uaeh.edu.mx\/noti\/politicas_pub_cti\/la-aberrante-ubicua-y-neoliberal-mafia-de-la-ciencia-mexicana-y-otras-ficciones\/","url":"https:\/\/otech.uaeh.edu.mx\/noti\/politicas_pub_cti\/la-aberrante-ubicua-y-neoliberal-mafia-de-la-ciencia-mexicana-y-otras-ficciones\/","name":"La aberrante, ubicua y neoliberal mafia de la ciencia mexicana... y otras ficciones - Observatorio Tecnol\u00f3gico de Hidalgo","isPartOf":{"@id":"https:\/\/otech.uaeh.edu.mx\/noti\/#website"},"primaryImageOfPage":{"@id":"https:\/\/otech.uaeh.edu.mx\/noti\/politicas_pub_cti\/la-aberrante-ubicua-y-neoliberal-mafia-de-la-ciencia-mexicana-y-otras-ficciones\/#primaryimage"},"image":{"@id":"https:\/\/otech.uaeh.edu.mx\/noti\/politicas_pub_cti\/la-aberrante-ubicua-y-neoliberal-mafia-de-la-ciencia-mexicana-y-otras-ficciones\/#primaryimage"},"thumbnailUrl":"https:\/\/otech.uaeh.edu.mx\/noti\/wp-content\/uploads\/2019\/07\/Notic.2-5.png","datePublished":"2019-07-30T14:42:47+00:00","dateModified":"2019-07-30T14:43:19+00:00","breadcrumb":{"@id":"https:\/\/otech.uaeh.edu.mx\/noti\/politicas_pub_cti\/la-aberrante-ubicua-y-neoliberal-mafia-de-la-ciencia-mexicana-y-otras-ficciones\/#breadcrumb"},"inLanguage":"en-US","potentialAction":[{"@type":"ReadAction","target":["https:\/\/otech.uaeh.edu.mx\/noti\/politicas_pub_cti\/la-aberrante-ubicua-y-neoliberal-mafia-de-la-ciencia-mexicana-y-otras-ficciones\/"]}]},{"@type":"ImageObject","inLanguage":"en-US","@id":"https:\/\/otech.uaeh.edu.mx\/noti\/politicas_pub_cti\/la-aberrante-ubicua-y-neoliberal-mafia-de-la-ciencia-mexicana-y-otras-ficciones\/#primaryimage","url":"https:\/\/otech.uaeh.edu.mx\/noti\/wp-content\/uploads\/2019\/07\/Notic.2-5.png","contentUrl":"https:\/\/otech.uaeh.edu.mx\/noti\/wp-content\/uploads\/2019\/07\/Notic.2-5.png","width":600,"height":350},{"@type":"BreadcrumbList","@id":"https:\/\/otech.uaeh.edu.mx\/noti\/politicas_pub_cti\/la-aberrante-ubicua-y-neoliberal-mafia-de-la-ciencia-mexicana-y-otras-ficciones\/#breadcrumb","itemListElement":[{"@type":"ListItem","position":1,"name":"Inicio","item":"https:\/\/otech.uaeh.edu.mx\/noti\/"},{"@type":"ListItem","position":2,"name":"La aberrante, ubicua y neoliberal mafia de la ciencia mexicana&#8230; y otras ficciones"}]},{"@type":"WebSite","@id":"https:\/\/otech.uaeh.edu.mx\/noti\/#website","url":"https:\/\/otech.uaeh.edu.mx\/noti\/","name":"Observatorio Tecnol\u00f3gico de Hidalgo","description":"","publisher":{"@id":"https:\/\/otech.uaeh.edu.mx\/noti\/#organization"},"potentialAction":[{"@type":"SearchAction","target":{"@type":"EntryPoint","urlTemplate":"https:\/\/otech.uaeh.edu.mx\/noti\/?s={search_term_string}"},"query-input":{"@type":"PropertyValueSpecification","valueRequired":true,"valueName":"search_term_string"}}],"inLanguage":"en-US"},{"@type":"Organization","@id":"https:\/\/otech.uaeh.edu.mx\/noti\/#organization","name":"Observatorio Tecnol\u00f3gico de Hidalgo","url":"https:\/\/otech.uaeh.edu.mx\/noti\/","logo":{"@type":"ImageObject","inLanguage":"en-US","@id":"https:\/\/otech.uaeh.edu.mx\/noti\/#\/schema\/logo\/image\/","url":"https:\/\/otech.uaeh.edu.mx\/noti\/wp-content\/uploads\/2025\/11\/Logo-circulo.png","contentUrl":"https:\/\/otech.uaeh.edu.mx\/noti\/wp-content\/uploads\/2025\/11\/Logo-circulo.png","width":250,"height":250,"caption":"Observatorio Tecnol\u00f3gico de Hidalgo"},"image":{"@id":"https:\/\/otech.uaeh.edu.mx\/noti\/#\/schema\/logo\/image\/"},"sameAs":["https:\/\/www.facebook.com\/observatoriouaeh","https:\/\/x.com\/OBSERVATORIOEH"]},{"@type":"Person","@id":"https:\/\/otech.uaeh.edu.mx\/noti\/#\/schema\/person\/95263d004158ffabcd98137e1d0abc1c","name":"admin","image":{"@type":"ImageObject","inLanguage":"en-US","@id":"https:\/\/otech.uaeh.edu.mx\/noti\/#\/schema\/person\/image\/","url":"https:\/\/secure.gravatar.com\/avatar\/08dd17208ee6a9e87c5a01c0a5f4c96c8ed24bf05e625630929b5b6a7c1ffa5f?s=96&d=mm&r=g","contentUrl":"https:\/\/secure.gravatar.com\/avatar\/08dd17208ee6a9e87c5a01c0a5f4c96c8ed24bf05e625630929b5b6a7c1ffa5f?s=96&d=mm&r=g","caption":"admin"},"url":"https:\/\/otech.uaeh.edu.mx\/noti\/author\/admin\/"}]}},"_links":{"self":[{"href":"https:\/\/otech.uaeh.edu.mx\/noti\/wp-json\/wp\/v2\/posts\/17367","targetHints":{"allow":["GET"]}}],"collection":[{"href":"https:\/\/otech.uaeh.edu.mx\/noti\/wp-json\/wp\/v2\/posts"}],"about":[{"href":"https:\/\/otech.uaeh.edu.mx\/noti\/wp-json\/wp\/v2\/types\/post"}],"author":[{"embeddable":true,"href":"https:\/\/otech.uaeh.edu.mx\/noti\/wp-json\/wp\/v2\/users\/1"}],"replies":[{"embeddable":true,"href":"https:\/\/otech.uaeh.edu.mx\/noti\/wp-json\/wp\/v2\/comments?post=17367"}],"version-history":[{"count":1,"href":"https:\/\/otech.uaeh.edu.mx\/noti\/wp-json\/wp\/v2\/posts\/17367\/revisions"}],"predecessor-version":[{"id":17369,"href":"https:\/\/otech.uaeh.edu.mx\/noti\/wp-json\/wp\/v2\/posts\/17367\/revisions\/17369"}],"wp:featuredmedia":[{"embeddable":true,"href":"https:\/\/otech.uaeh.edu.mx\/noti\/wp-json\/wp\/v2\/media\/17368"}],"wp:attachment":[{"href":"https:\/\/otech.uaeh.edu.mx\/noti\/wp-json\/wp\/v2\/media?parent=17367"}],"wp:term":[{"taxonomy":"category","embeddable":true,"href":"https:\/\/otech.uaeh.edu.mx\/noti\/wp-json\/wp\/v2\/categories?post=17367"},{"taxonomy":"post_tag","embeddable":true,"href":"https:\/\/otech.uaeh.edu.mx\/noti\/wp-json\/wp\/v2\/tags?post=17367"}],"curies":[{"name":"wp","href":"https:\/\/api.w.org\/{rel}","templated":true}]}}