{"id":17429,"date":"2019-08-01T08:26:43","date_gmt":"2019-08-01T14:26:43","guid":{"rendered":"http:\/\/otech.uaeh.edu.mx\/noti\/?p=17429"},"modified":"2019-08-01T08:26:43","modified_gmt":"2019-08-01T14:26:43","slug":"la-inteligencia-artificial-se-combina-con-el-cerebro-humano","status":"publish","type":"post","link":"https:\/\/otech.uaeh.edu.mx\/noti\/ia\/la-inteligencia-artificial-se-combina-con-el-cerebro-humano\/","title":{"rendered":"La inteligencia Artificial se combina con el cerebro humano"},"content":{"rendered":"<p><strong>Elon Musk<\/strong><span>\u00a0<\/span>est\u00e1 por lanzar<span>\u00a0<\/span><strong>Neuralink<\/strong>, una compa\u00f1\u00eda donde combinar\u00e1 ordenadores con cerebros humanos. Se trata de una especie de actualizaci\u00f3n para nuestro cerebro que nos permitir\u00e1 luchar contra enfermedades, al mismo tiempo que nos ponemos al d\u00eda para competir contra la creciente participaci\u00f3n de las m\u00e1quinas en nuestra sociedad.<!--more--><\/p>\n<p>A pesar de que la compa\u00f1\u00eda no ha sido anunciada de forma oficial, personas involucradas han mencionado algunos de los planes de la nueva compa\u00f1\u00eda que surge de la mente de Musk. Neuralink fue registrada en junio del a\u00f1o pasado como compa\u00f1\u00eda de investigaci\u00f3n m\u00e9dica en<span>\u00a0<\/span><strong>California<\/strong>, donde actualmente est\u00e1n participando destacados investigadores y acad\u00e9micos especialistas en el campo neurol\u00f3gico. Incluso el mismo Musk adelantaba que su nuevo proyecto ser\u00eda anunciado en los pr\u00f3ximos meses.<\/p>\n<p>De acuerdo a los comentarios de la gente que actualmente est\u00e1 trabajando en Neuralink, esta compa\u00f1\u00eda se est\u00e1 centrando en algo conocido como cord\u00f3n neural, que se basa en peque\u00f1os electrodos cerebrales que un d\u00eda se podr\u00e1n cargar para potenciar nuestras capacidades. A grandes rasgos, Neuralink es una compa\u00f1\u00eda de neurociencia que planea desarrollar ordenadores craneales.<\/p>\n<p>El primer paso de la empresa ser\u00e1 tratar enfermedades como la epilepsia, depresiones mayores,<span>\u00a0<\/span><strong>Parkinson<\/strong><span>\u00a0<\/span>y<span>\u00a0<\/span><strong>Alzheimer<\/strong>, pero m\u00e1s adelante la idea es ayudar a los seres humanos en su pelea contra la participaci\u00f3n de las m\u00e1quinas; algo Musk mencion\u00f3 hace unos meses al decir: \u201cO los humanos se fusionan con las m\u00e1quinas, o la Inteligencia Artificial nos har\u00e1 irrelevantes\u201d. Ahora sabemos bien a qu\u00e9 se refer\u00eda.<\/p>\n<p>En una reciente rueda de prensa afirm\u00f3: \u201cNo ser\u00e1 de repente, pero Neuralink idear\u00e1 un cord\u00f3n neuronal artificial que podr\u00e1 tomar el control de los cerebros de las personas\u201d, explic\u00f3 en el evento. Utilizar un ordenador solo con el pensamiento o cualquier aparato conectado, como la televisi\u00f3n, la nevera y, por supuesto, el m\u00f3vil, solo con un pensamiento. Esa es la verdadera naturaleza y ambici\u00f3n de Neuralink.<\/p>\n<p>Lo que se propone Neuralink es crear una \u201cinterfaz cerebro-ordenador\u201d, la cual estar\u00eda potenciada por una capa de inteligencia artificial dentro del cerebro que har\u00eda nuestros niveles cognitivos se actualizar\u00e1n, como si se tratara de software. Esto se lograr\u00eda gracias a unos implantes con electrodos que se colocar\u00edan en la yugular, y que terminar\u00edan alojados en el cerebro, algo que se espera realizar en cuatro o cinco a\u00f1os.<\/p>\n<p>La tecnolog\u00eda consta de dos partes: por un lado, los citados hilos flexibles, m\u00e1s delgados que un cabello humano y que portan en su interior los electrodos que recogen la actividad cerebral. Por el otro, la \u201cm\u00e1quina de coser\u201d que teje al cerebro a raz\u00f3n de seis hilos (192 electrodos) por minuto. La combinaci\u00f3n de ambas proporciona un cableado que tiene como principal ventaja, evitar los vasos sangu\u00edneos; lo que reduce los aspectos negativos en caso de respuestas inflamatorias.<\/p>\n<p>El primer paso de Neuralink ser\u00e1 demostrar la seguridad y eficacia de su tecnolog\u00eda, donde buscar\u00e1n tratar enfermedades para recibir la aprobaci\u00f3n del Gobierno. Despu\u00e9s de esto, vendr\u00edan las pruebas para mejorar la funci\u00f3n cognitiva y expandir el potencial humano a trav\u00e9s de interfaces neuronales.<\/p>\n<p>Hay que recordar que esto no es del todo nuevo,<span>\u00a0<\/span><strong>Facebook<\/strong><span>\u00a0<\/span>ha estado reclutando neurocient\u00edficos e \u201cingenieros para interfaces cerebro-ordenador\u201d. Del mismo modo est\u00e1<span>\u00a0<\/span><strong>DARPA<\/strong>, la agencia de proyectos de investigaci\u00f3n avanzada de defensa de los Estados Unidos, que ha invertido 60 millones de d\u00f3lares para que un periodo de cuatro a\u00f1os puedan desarrollar tecnolog\u00eda neuronal implantable.<\/p>\n<p>No es una idea nueva, pues ya se han desarrollado y se est\u00e1n probando interfaces parecidas, pero Neuralink es mucho menos invasiva y da\u00f1ina que los sistemas anteriores. La idea es que los electrodos se conecten con el cerebro a trav\u00e9s de la tecnolog\u00eda l\u00e1ser y que, externamente, los hilos acaben en una especie de interruptor que se coloca detr\u00e1s de la oreja (parecido a un aud\u00edfono) que a trav\u00e9s de conexi\u00f3n<span>\u00a0<\/span><strong>Bluethooth<\/strong><span>\u00a0<\/span>o<span>\u00a0<\/span><strong>USB<\/strong><span>\u00a0<\/span>pueda conectarse con nuestro m\u00f3vil, que tendr\u00e1 una aplicaci\u00f3n para gestionar todo el programa<\/p>\n<p><strong>Fuente:\u00a0<\/strong><\/p>\n<p><em>Rub\u00e9n Rosete, R. R. (2019, 31 julio). La inteligencia Artificial se combina con el cerebro humano | 24 Horas. Recuperado 1 agosto, 2019, de https:\/\/www.24-horas.mx\/2019\/07\/31\/la-inteligencia-artificial-se-combina-con-el-cerebro-humano\/<\/em><\/p>\n","protected":false},"excerpt":{"rendered":"<p>Elon Musk\u00a0est\u00e1 por lanzar\u00a0Neuralink, una compa\u00f1\u00eda donde combinar\u00e1 ordenadores con cerebros humanos. Se trata de una especie de actualizaci\u00f3n para nuestro cerebro que nos permitir\u00e1 luchar contra enfermedades, al mismo tiempo que nos ponemos al d\u00eda para competir contra la creciente participaci\u00f3n de las m\u00e1quinas en nuestra sociedad.<\/p>\n","protected":false},"author":1,"featured_media":17430,"comment_status":"open","ping_status":"open","sticky":false,"template":"","format":"standard","meta":{"footnotes":""},"categories":[361],"tags":[],"class_list":["post-17429","post","type-post","status-publish","format-standard","has-post-thumbnail","hentry","category-ia"],"yoast_head":"<!-- This site is optimized with the Yoast SEO plugin v26.7 - https:\/\/yoast.com\/wordpress\/plugins\/seo\/ -->\n<title>La inteligencia Artificial se combina con el cerebro humano - Observatorio Tecnol\u00f3gico de Hidalgo<\/title>\n<meta name=\"robots\" content=\"index, follow, max-snippet:-1, max-image-preview:large, max-video-preview:-1\" \/>\n<link rel=\"canonical\" href=\"https:\/\/otech.uaeh.edu.mx\/noti\/ia\/la-inteligencia-artificial-se-combina-con-el-cerebro-humano\/\" \/>\n<meta property=\"og:locale\" content=\"en_US\" \/>\n<meta property=\"og:type\" content=\"article\" \/>\n<meta property=\"og:title\" content=\"La inteligencia Artificial se combina con el cerebro humano - Observatorio Tecnol\u00f3gico de Hidalgo\" \/>\n<meta property=\"og:description\" content=\"Elon Musk\u00a0est\u00e1 por lanzar\u00a0Neuralink, una compa\u00f1\u00eda donde combinar\u00e1 ordenadores con cerebros humanos. Se trata de una especie de actualizaci\u00f3n para nuestro cerebro que nos permitir\u00e1 luchar contra enfermedades, al mismo tiempo que nos ponemos al d\u00eda para competir contra la creciente participaci\u00f3n de las m\u00e1quinas en nuestra sociedad.\" \/>\n<meta property=\"og:url\" content=\"https:\/\/otech.uaeh.edu.mx\/noti\/ia\/la-inteligencia-artificial-se-combina-con-el-cerebro-humano\/\" \/>\n<meta property=\"og:site_name\" content=\"Observatorio Tecnol\u00f3gico de Hidalgo\" \/>\n<meta property=\"article:publisher\" content=\"https:\/\/www.facebook.com\/observatoriouaeh\" \/>\n<meta property=\"article:published_time\" content=\"2019-08-01T14:26:43+00:00\" \/>\n<meta property=\"og:image\" content=\"https:\/\/otech.uaeh.edu.mx\/noti\/wp-content\/uploads\/2019\/08\/Notic.3.jpg\" \/>\n\t<meta property=\"og:image:width\" content=\"600\" \/>\n\t<meta property=\"og:image:height\" content=\"350\" \/>\n\t<meta property=\"og:image:type\" content=\"image\/jpeg\" \/>\n<meta name=\"author\" content=\"admin\" \/>\n<meta name=\"twitter:card\" content=\"summary_large_image\" \/>\n<meta name=\"twitter:creator\" content=\"@OBSERVATORIOEH\" \/>\n<meta name=\"twitter:site\" content=\"@OBSERVATORIOEH\" \/>\n<meta name=\"twitter:label1\" content=\"Written by\" \/>\n\t<meta name=\"twitter:data1\" content=\"admin\" \/>\n\t<meta name=\"twitter:label2\" content=\"Est. reading time\" \/>\n\t<meta name=\"twitter:data2\" content=\"4 minutes\" \/>\n<script type=\"application\/ld+json\" class=\"yoast-schema-graph\">{\"@context\":\"https:\/\/schema.org\",\"@graph\":[{\"@type\":\"Article\",\"@id\":\"https:\/\/otech.uaeh.edu.mx\/noti\/ia\/la-inteligencia-artificial-se-combina-con-el-cerebro-humano\/#article\",\"isPartOf\":{\"@id\":\"https:\/\/otech.uaeh.edu.mx\/noti\/ia\/la-inteligencia-artificial-se-combina-con-el-cerebro-humano\/\"},\"author\":{\"name\":\"admin\",\"@id\":\"https:\/\/otech.uaeh.edu.mx\/noti\/#\/schema\/person\/95263d004158ffabcd98137e1d0abc1c\"},\"headline\":\"La inteligencia Artificial se combina con el cerebro humano\",\"datePublished\":\"2019-08-01T14:26:43+00:00\",\"mainEntityOfPage\":{\"@id\":\"https:\/\/otech.uaeh.edu.mx\/noti\/ia\/la-inteligencia-artificial-se-combina-con-el-cerebro-humano\/\"},\"wordCount\":752,\"commentCount\":0,\"publisher\":{\"@id\":\"https:\/\/otech.uaeh.edu.mx\/noti\/#organization\"},\"image\":{\"@id\":\"https:\/\/otech.uaeh.edu.mx\/noti\/ia\/la-inteligencia-artificial-se-combina-con-el-cerebro-humano\/#primaryimage\"},\"thumbnailUrl\":\"https:\/\/otech.uaeh.edu.mx\/noti\/wp-content\/uploads\/2019\/08\/Notic.3.jpg\",\"articleSection\":[\"Inteligencia Artificial\"],\"inLanguage\":\"en-US\",\"potentialAction\":[{\"@type\":\"CommentAction\",\"name\":\"Comment\",\"target\":[\"https:\/\/otech.uaeh.edu.mx\/noti\/ia\/la-inteligencia-artificial-se-combina-con-el-cerebro-humano\/#respond\"]}]},{\"@type\":\"WebPage\",\"@id\":\"https:\/\/otech.uaeh.edu.mx\/noti\/ia\/la-inteligencia-artificial-se-combina-con-el-cerebro-humano\/\",\"url\":\"https:\/\/otech.uaeh.edu.mx\/noti\/ia\/la-inteligencia-artificial-se-combina-con-el-cerebro-humano\/\",\"name\":\"La inteligencia Artificial se combina con el cerebro humano - Observatorio Tecnol\u00f3gico de Hidalgo\",\"isPartOf\":{\"@id\":\"https:\/\/otech.uaeh.edu.mx\/noti\/#website\"},\"primaryImageOfPage\":{\"@id\":\"https:\/\/otech.uaeh.edu.mx\/noti\/ia\/la-inteligencia-artificial-se-combina-con-el-cerebro-humano\/#primaryimage\"},\"image\":{\"@id\":\"https:\/\/otech.uaeh.edu.mx\/noti\/ia\/la-inteligencia-artificial-se-combina-con-el-cerebro-humano\/#primaryimage\"},\"thumbnailUrl\":\"https:\/\/otech.uaeh.edu.mx\/noti\/wp-content\/uploads\/2019\/08\/Notic.3.jpg\",\"datePublished\":\"2019-08-01T14:26:43+00:00\",\"breadcrumb\":{\"@id\":\"https:\/\/otech.uaeh.edu.mx\/noti\/ia\/la-inteligencia-artificial-se-combina-con-el-cerebro-humano\/#breadcrumb\"},\"inLanguage\":\"en-US\",\"potentialAction\":[{\"@type\":\"ReadAction\",\"target\":[\"https:\/\/otech.uaeh.edu.mx\/noti\/ia\/la-inteligencia-artificial-se-combina-con-el-cerebro-humano\/\"]}]},{\"@type\":\"ImageObject\",\"inLanguage\":\"en-US\",\"@id\":\"https:\/\/otech.uaeh.edu.mx\/noti\/ia\/la-inteligencia-artificial-se-combina-con-el-cerebro-humano\/#primaryimage\",\"url\":\"https:\/\/otech.uaeh.edu.mx\/noti\/wp-content\/uploads\/2019\/08\/Notic.3.jpg\",\"contentUrl\":\"https:\/\/otech.uaeh.edu.mx\/noti\/wp-content\/uploads\/2019\/08\/Notic.3.jpg\",\"width\":600,\"height\":350},{\"@type\":\"BreadcrumbList\",\"@id\":\"https:\/\/otech.uaeh.edu.mx\/noti\/ia\/la-inteligencia-artificial-se-combina-con-el-cerebro-humano\/#breadcrumb\",\"itemListElement\":[{\"@type\":\"ListItem\",\"position\":1,\"name\":\"Inicio\",\"item\":\"https:\/\/otech.uaeh.edu.mx\/noti\/\"},{\"@type\":\"ListItem\",\"position\":2,\"name\":\"La inteligencia Artificial se combina con el cerebro humano\"}]},{\"@type\":\"WebSite\",\"@id\":\"https:\/\/otech.uaeh.edu.mx\/noti\/#website\",\"url\":\"https:\/\/otech.uaeh.edu.mx\/noti\/\",\"name\":\"Observatorio Tecnol\u00f3gico de Hidalgo\",\"description\":\"\",\"publisher\":{\"@id\":\"https:\/\/otech.uaeh.edu.mx\/noti\/#organization\"},\"potentialAction\":[{\"@type\":\"SearchAction\",\"target\":{\"@type\":\"EntryPoint\",\"urlTemplate\":\"https:\/\/otech.uaeh.edu.mx\/noti\/?s={search_term_string}\"},\"query-input\":{\"@type\":\"PropertyValueSpecification\",\"valueRequired\":true,\"valueName\":\"search_term_string\"}}],\"inLanguage\":\"en-US\"},{\"@type\":\"Organization\",\"@id\":\"https:\/\/otech.uaeh.edu.mx\/noti\/#organization\",\"name\":\"Observatorio Tecnol\u00f3gico de Hidalgo\",\"url\":\"https:\/\/otech.uaeh.edu.mx\/noti\/\",\"logo\":{\"@type\":\"ImageObject\",\"inLanguage\":\"en-US\",\"@id\":\"https:\/\/otech.uaeh.edu.mx\/noti\/#\/schema\/logo\/image\/\",\"url\":\"https:\/\/otech.uaeh.edu.mx\/noti\/wp-content\/uploads\/2025\/11\/Logo-circulo.png\",\"contentUrl\":\"https:\/\/otech.uaeh.edu.mx\/noti\/wp-content\/uploads\/2025\/11\/Logo-circulo.png\",\"width\":250,\"height\":250,\"caption\":\"Observatorio Tecnol\u00f3gico de Hidalgo\"},\"image\":{\"@id\":\"https:\/\/otech.uaeh.edu.mx\/noti\/#\/schema\/logo\/image\/\"},\"sameAs\":[\"https:\/\/www.facebook.com\/observatoriouaeh\",\"https:\/\/x.com\/OBSERVATORIOEH\"]},{\"@type\":\"Person\",\"@id\":\"https:\/\/otech.uaeh.edu.mx\/noti\/#\/schema\/person\/95263d004158ffabcd98137e1d0abc1c\",\"name\":\"admin\",\"image\":{\"@type\":\"ImageObject\",\"inLanguage\":\"en-US\",\"@id\":\"https:\/\/otech.uaeh.edu.mx\/noti\/#\/schema\/person\/image\/\",\"url\":\"https:\/\/secure.gravatar.com\/avatar\/08dd17208ee6a9e87c5a01c0a5f4c96c8ed24bf05e625630929b5b6a7c1ffa5f?s=96&d=mm&r=g\",\"contentUrl\":\"https:\/\/secure.gravatar.com\/avatar\/08dd17208ee6a9e87c5a01c0a5f4c96c8ed24bf05e625630929b5b6a7c1ffa5f?s=96&d=mm&r=g\",\"caption\":\"admin\"},\"url\":\"https:\/\/otech.uaeh.edu.mx\/noti\/author\/admin\/\"}]}<\/script>\n<!-- \/ Yoast SEO plugin. -->","yoast_head_json":{"title":"La inteligencia Artificial se combina con el cerebro humano - Observatorio Tecnol\u00f3gico de Hidalgo","robots":{"index":"index","follow":"follow","max-snippet":"max-snippet:-1","max-image-preview":"max-image-preview:large","max-video-preview":"max-video-preview:-1"},"canonical":"https:\/\/otech.uaeh.edu.mx\/noti\/ia\/la-inteligencia-artificial-se-combina-con-el-cerebro-humano\/","og_locale":"en_US","og_type":"article","og_title":"La inteligencia Artificial se combina con el cerebro humano - Observatorio Tecnol\u00f3gico de Hidalgo","og_description":"Elon Musk\u00a0est\u00e1 por lanzar\u00a0Neuralink, una compa\u00f1\u00eda donde combinar\u00e1 ordenadores con cerebros humanos. Se trata de una especie de actualizaci\u00f3n para nuestro cerebro que nos permitir\u00e1 luchar contra enfermedades, al mismo tiempo que nos ponemos al d\u00eda para competir contra la creciente participaci\u00f3n de las m\u00e1quinas en nuestra sociedad.","og_url":"https:\/\/otech.uaeh.edu.mx\/noti\/ia\/la-inteligencia-artificial-se-combina-con-el-cerebro-humano\/","og_site_name":"Observatorio Tecnol\u00f3gico de Hidalgo","article_publisher":"https:\/\/www.facebook.com\/observatoriouaeh","article_published_time":"2019-08-01T14:26:43+00:00","og_image":[{"width":600,"height":350,"url":"https:\/\/otech.uaeh.edu.mx\/noti\/wp-content\/uploads\/2019\/08\/Notic.3.jpg","type":"image\/jpeg"}],"author":"admin","twitter_card":"summary_large_image","twitter_creator":"@OBSERVATORIOEH","twitter_site":"@OBSERVATORIOEH","twitter_misc":{"Written by":"admin","Est. reading time":"4 minutes"},"schema":{"@context":"https:\/\/schema.org","@graph":[{"@type":"Article","@id":"https:\/\/otech.uaeh.edu.mx\/noti\/ia\/la-inteligencia-artificial-se-combina-con-el-cerebro-humano\/#article","isPartOf":{"@id":"https:\/\/otech.uaeh.edu.mx\/noti\/ia\/la-inteligencia-artificial-se-combina-con-el-cerebro-humano\/"},"author":{"name":"admin","@id":"https:\/\/otech.uaeh.edu.mx\/noti\/#\/schema\/person\/95263d004158ffabcd98137e1d0abc1c"},"headline":"La inteligencia Artificial se combina con el cerebro humano","datePublished":"2019-08-01T14:26:43+00:00","mainEntityOfPage":{"@id":"https:\/\/otech.uaeh.edu.mx\/noti\/ia\/la-inteligencia-artificial-se-combina-con-el-cerebro-humano\/"},"wordCount":752,"commentCount":0,"publisher":{"@id":"https:\/\/otech.uaeh.edu.mx\/noti\/#organization"},"image":{"@id":"https:\/\/otech.uaeh.edu.mx\/noti\/ia\/la-inteligencia-artificial-se-combina-con-el-cerebro-humano\/#primaryimage"},"thumbnailUrl":"https:\/\/otech.uaeh.edu.mx\/noti\/wp-content\/uploads\/2019\/08\/Notic.3.jpg","articleSection":["Inteligencia Artificial"],"inLanguage":"en-US","potentialAction":[{"@type":"CommentAction","name":"Comment","target":["https:\/\/otech.uaeh.edu.mx\/noti\/ia\/la-inteligencia-artificial-se-combina-con-el-cerebro-humano\/#respond"]}]},{"@type":"WebPage","@id":"https:\/\/otech.uaeh.edu.mx\/noti\/ia\/la-inteligencia-artificial-se-combina-con-el-cerebro-humano\/","url":"https:\/\/otech.uaeh.edu.mx\/noti\/ia\/la-inteligencia-artificial-se-combina-con-el-cerebro-humano\/","name":"La inteligencia Artificial se combina con el cerebro humano - Observatorio Tecnol\u00f3gico de Hidalgo","isPartOf":{"@id":"https:\/\/otech.uaeh.edu.mx\/noti\/#website"},"primaryImageOfPage":{"@id":"https:\/\/otech.uaeh.edu.mx\/noti\/ia\/la-inteligencia-artificial-se-combina-con-el-cerebro-humano\/#primaryimage"},"image":{"@id":"https:\/\/otech.uaeh.edu.mx\/noti\/ia\/la-inteligencia-artificial-se-combina-con-el-cerebro-humano\/#primaryimage"},"thumbnailUrl":"https:\/\/otech.uaeh.edu.mx\/noti\/wp-content\/uploads\/2019\/08\/Notic.3.jpg","datePublished":"2019-08-01T14:26:43+00:00","breadcrumb":{"@id":"https:\/\/otech.uaeh.edu.mx\/noti\/ia\/la-inteligencia-artificial-se-combina-con-el-cerebro-humano\/#breadcrumb"},"inLanguage":"en-US","potentialAction":[{"@type":"ReadAction","target":["https:\/\/otech.uaeh.edu.mx\/noti\/ia\/la-inteligencia-artificial-se-combina-con-el-cerebro-humano\/"]}]},{"@type":"ImageObject","inLanguage":"en-US","@id":"https:\/\/otech.uaeh.edu.mx\/noti\/ia\/la-inteligencia-artificial-se-combina-con-el-cerebro-humano\/#primaryimage","url":"https:\/\/otech.uaeh.edu.mx\/noti\/wp-content\/uploads\/2019\/08\/Notic.3.jpg","contentUrl":"https:\/\/otech.uaeh.edu.mx\/noti\/wp-content\/uploads\/2019\/08\/Notic.3.jpg","width":600,"height":350},{"@type":"BreadcrumbList","@id":"https:\/\/otech.uaeh.edu.mx\/noti\/ia\/la-inteligencia-artificial-se-combina-con-el-cerebro-humano\/#breadcrumb","itemListElement":[{"@type":"ListItem","position":1,"name":"Inicio","item":"https:\/\/otech.uaeh.edu.mx\/noti\/"},{"@type":"ListItem","position":2,"name":"La inteligencia Artificial se combina con el cerebro humano"}]},{"@type":"WebSite","@id":"https:\/\/otech.uaeh.edu.mx\/noti\/#website","url":"https:\/\/otech.uaeh.edu.mx\/noti\/","name":"Observatorio Tecnol\u00f3gico de Hidalgo","description":"","publisher":{"@id":"https:\/\/otech.uaeh.edu.mx\/noti\/#organization"},"potentialAction":[{"@type":"SearchAction","target":{"@type":"EntryPoint","urlTemplate":"https:\/\/otech.uaeh.edu.mx\/noti\/?s={search_term_string}"},"query-input":{"@type":"PropertyValueSpecification","valueRequired":true,"valueName":"search_term_string"}}],"inLanguage":"en-US"},{"@type":"Organization","@id":"https:\/\/otech.uaeh.edu.mx\/noti\/#organization","name":"Observatorio Tecnol\u00f3gico de Hidalgo","url":"https:\/\/otech.uaeh.edu.mx\/noti\/","logo":{"@type":"ImageObject","inLanguage":"en-US","@id":"https:\/\/otech.uaeh.edu.mx\/noti\/#\/schema\/logo\/image\/","url":"https:\/\/otech.uaeh.edu.mx\/noti\/wp-content\/uploads\/2025\/11\/Logo-circulo.png","contentUrl":"https:\/\/otech.uaeh.edu.mx\/noti\/wp-content\/uploads\/2025\/11\/Logo-circulo.png","width":250,"height":250,"caption":"Observatorio Tecnol\u00f3gico de Hidalgo"},"image":{"@id":"https:\/\/otech.uaeh.edu.mx\/noti\/#\/schema\/logo\/image\/"},"sameAs":["https:\/\/www.facebook.com\/observatoriouaeh","https:\/\/x.com\/OBSERVATORIOEH"]},{"@type":"Person","@id":"https:\/\/otech.uaeh.edu.mx\/noti\/#\/schema\/person\/95263d004158ffabcd98137e1d0abc1c","name":"admin","image":{"@type":"ImageObject","inLanguage":"en-US","@id":"https:\/\/otech.uaeh.edu.mx\/noti\/#\/schema\/person\/image\/","url":"https:\/\/secure.gravatar.com\/avatar\/08dd17208ee6a9e87c5a01c0a5f4c96c8ed24bf05e625630929b5b6a7c1ffa5f?s=96&d=mm&r=g","contentUrl":"https:\/\/secure.gravatar.com\/avatar\/08dd17208ee6a9e87c5a01c0a5f4c96c8ed24bf05e625630929b5b6a7c1ffa5f?s=96&d=mm&r=g","caption":"admin"},"url":"https:\/\/otech.uaeh.edu.mx\/noti\/author\/admin\/"}]}},"_links":{"self":[{"href":"https:\/\/otech.uaeh.edu.mx\/noti\/wp-json\/wp\/v2\/posts\/17429","targetHints":{"allow":["GET"]}}],"collection":[{"href":"https:\/\/otech.uaeh.edu.mx\/noti\/wp-json\/wp\/v2\/posts"}],"about":[{"href":"https:\/\/otech.uaeh.edu.mx\/noti\/wp-json\/wp\/v2\/types\/post"}],"author":[{"embeddable":true,"href":"https:\/\/otech.uaeh.edu.mx\/noti\/wp-json\/wp\/v2\/users\/1"}],"replies":[{"embeddable":true,"href":"https:\/\/otech.uaeh.edu.mx\/noti\/wp-json\/wp\/v2\/comments?post=17429"}],"version-history":[{"count":1,"href":"https:\/\/otech.uaeh.edu.mx\/noti\/wp-json\/wp\/v2\/posts\/17429\/revisions"}],"predecessor-version":[{"id":17431,"href":"https:\/\/otech.uaeh.edu.mx\/noti\/wp-json\/wp\/v2\/posts\/17429\/revisions\/17431"}],"wp:featuredmedia":[{"embeddable":true,"href":"https:\/\/otech.uaeh.edu.mx\/noti\/wp-json\/wp\/v2\/media\/17430"}],"wp:attachment":[{"href":"https:\/\/otech.uaeh.edu.mx\/noti\/wp-json\/wp\/v2\/media?parent=17429"}],"wp:term":[{"taxonomy":"category","embeddable":true,"href":"https:\/\/otech.uaeh.edu.mx\/noti\/wp-json\/wp\/v2\/categories?post=17429"},{"taxonomy":"post_tag","embeddable":true,"href":"https:\/\/otech.uaeh.edu.mx\/noti\/wp-json\/wp\/v2\/tags?post=17429"}],"curies":[{"name":"wp","href":"https:\/\/api.w.org\/{rel}","templated":true}]}}