{"id":17512,"date":"2019-08-05T09:42:06","date_gmt":"2019-08-05T15:42:06","guid":{"rendered":"http:\/\/otech.uaeh.edu.mx\/noti\/?p=17512"},"modified":"2019-08-05T09:42:32","modified_gmt":"2019-08-05T15:42:32","slug":"conflictos-internacionales-y-la-crisis-nacional","status":"publish","type":"post","link":"https:\/\/otech.uaeh.edu.mx\/noti\/articulo-otech\/conflictos-internacionales-y-la-crisis-nacional\/","title":{"rendered":"Conflictos Internacionales Y la Crisis Nacional"},"content":{"rendered":"<p>Se ha aceptado que no hay recesi\u00f3n sino desaceleraci\u00f3n econ\u00f3mica, sin embargo la crisis es pol\u00edtica, social y de seguridad p\u00fablica; la corrupci\u00f3n e impunidad constituyen un eje transversal que tiene infectados a muchos organismos p\u00fablicos, sobre todo a las llamadas fuerzas del orden y en\u00a0 muchas \u00e1reas de la impartici\u00f3n de justicia; no se podr\u00e1 erradicar la corrupci\u00f3n con recomendaciones de \u201cp\u00f3rtense bien\u201d sino con la aplicaci\u00f3n de las leyes y el respeto de los derechos humanos.<!--more--><\/p>\n<p>La reactivaci\u00f3n econ\u00f3mica debe tener bases s\u00f3lidas, implica superar la complejidad de las calamidades que han golpeado a la humanidad por siglos como la <em>hambruna, la peste y la guerra, <\/em>antes que desaparecer se actualizan y reproducen con mayor complejidad.<\/p>\n<p>El hambre es consecuencia de modelos econ\u00f3micos que no han sido capaces de generar el empleo y los salarios para mejorar los niveles de bienestar, la migraci\u00f3n mundial denota la precarizaci\u00f3n que se ha originado a la luz de la acumulaci\u00f3n de la riqueza por parte de las grandes empresas trasnacionales, las cuales han propiciado la gran desigualdad y los flujos de grandes masas de seres humanos, para sobrevivir y escapar de la violencia delincuencial y criminal, problema multifactorial y despiadado que han hecho de los flujos de migrantes el nuevo esclavismo, como la trata de personas, las drogas y la explotaci\u00f3n laboral.<\/p>\n<p>A las tres calamidades mencionadas, adem\u00e1s de sumarle el problema de la migraci\u00f3n y sus consecuencias, est\u00e1 el cambio clim\u00e1tico cuyos grandes impactos est\u00e1n cada vez m\u00e1s cerca, la contaminaci\u00f3n se acelera a la misma velocidad del calentamiento del planeta y de la extinci\u00f3n de las especies, pero a\u00fan es m\u00e1s veloz el incremento de la pobreza y la desigualdad.<\/p>\n<p>Las condiciones del planeta est\u00e1n derivando en nuevas enfermedades y mutaciones en bacterias y virus, frente a la inexistencia de vacunas y medicamentos que aseguren la recuperaci\u00f3n de la salud y mantener sana a la sociedad, la salud del planeta es la salud de la humanidad.<\/p>\n<p>Las empresas trasnacionales producen en su mayor\u00eda f\u00e1rmacos que se vendan pero lo que se requiere son medicamentos que curen a precios accesibles a los m\u00e1s pobres.<\/p>\n<p>La guerra tiene nuevos frentes, el m\u00e1s visto es el conflicto comercial, la guerra de aranceles y las estrategias del control de mercados a trav\u00e9s de las rutas comerciales, como las tres rutas de la seda de China (Ferroviaria, Mar\u00edtima y la del \u00c1rtico). El otro frente es la ciencia y la tecnolog\u00eda, cuyo crecimiento y desarrollo es exponencial, en las empresas trasnacionales, siendo estrat\u00e9gica para su explotaci\u00f3n, su apropiaci\u00f3n y dominio a trav\u00e9s de la propiedad intelectual.<\/p>\n<p>La columna vertebral del desarrollo cient\u00edfico y tecnol\u00f3gico es la Inteligencia Artificial, que hace mover a las llamadas tecnolog\u00edas disruptivas: Simulaci\u00f3n 3D, Internet de las Cosas, Big Data, Cloud Computing, Fabricaci\u00f3n Inteligente, Realidad Mixta, Rob\u00f3tica (virtual, Industrial y humanoide), Gen\u00f3mica (humana, vegetal y animal), C\u00f3mputo cu\u00e1ntico, y Nanotecnolog\u00eda. Esta din\u00e1mica lleva al otro frente de la guerra, que son los ciberataques, s\u00ed la ciberguerra ya est\u00e1 vigente es la menos vista pero la que m\u00e1s efectiva que puede desgastar al enemigo.<\/p>\n<p>Sin embargo el frente m\u00e1s terror\u00edfico es la guerra nuclear que se acaba de reactivar gracias, claro al salvaje de la Casa Blanca, Donald Trump, quien en octubre del 2018 declar\u00f3 que se retiraba del Tratado de Fuerzas Nucleares de Rango Intermedio con Rusia, Mike Pompeo dio el ultim\u00e1tum a Mosc\u00fa para plegarse a las exigencias de EU, dando un plazo de 6 meses, el cual ya se cumpli\u00f3, ante la negativa de Rusia, el acuerdo quedo sin efectos. Vuelve la guerra fr\u00eda.<\/p>\n<p>Mientras en M\u00e9xico, se busca afanosamente limpiar el gobierno federal de la corrupci\u00f3n, rescatar a Pemex, e impulsar una pol\u00edtica social, no est\u00e1 mal, lo que no est\u00e1 bien, es que la pol\u00edtica de desarrollo tecnol\u00f3gico es inexistente, a pesar de que es la que le dar\u00eda soporte y sustentabilidad a la pol\u00edtica social, y aportar\u00eda al pa\u00eds elementos para enfrentar los desaf\u00edos internacionales. Sin desarrollo cient\u00edfico-tecnol\u00f3gico y su transferencia a los sectores m\u00e1s vulnerables, no saldremos del rezago. \u00bfno lo cree usted?<\/p>\n","protected":false},"excerpt":{"rendered":"<p>Se ha aceptado que no hay recesi\u00f3n sino desaceleraci\u00f3n econ\u00f3mica, sin embargo la crisis es pol\u00edtica, social y de seguridad p\u00fablica; la corrupci\u00f3n e impunidad constituyen un eje transversal que tiene infectados a muchos organismos p\u00fablicos, sobre todo a las llamadas fuerzas del orden y en\u00a0 muchas \u00e1reas de la impartici\u00f3n de justicia; no se [&hellip;]<\/p>\n","protected":false},"author":1,"featured_media":17513,"comment_status":"open","ping_status":"open","sticky":false,"template":"","format":"standard","meta":{"footnotes":""},"categories":[33],"tags":[],"class_list":["post-17512","post","type-post","status-publish","format-standard","has-post-thumbnail","hentry","category-articulo-otech"],"yoast_head":"<!-- This site is optimized with the Yoast SEO plugin v26.7 - https:\/\/yoast.com\/wordpress\/plugins\/seo\/ -->\n<title>Conflictos Internacionales Y la Crisis Nacional - Observatorio Tecnol\u00f3gico de Hidalgo<\/title>\n<meta name=\"robots\" content=\"index, follow, max-snippet:-1, max-image-preview:large, max-video-preview:-1\" \/>\n<link rel=\"canonical\" href=\"https:\/\/otech.uaeh.edu.mx\/noti\/articulo-otech\/conflictos-internacionales-y-la-crisis-nacional\/\" \/>\n<meta property=\"og:locale\" content=\"en_US\" \/>\n<meta property=\"og:type\" content=\"article\" \/>\n<meta property=\"og:title\" content=\"Conflictos Internacionales Y la Crisis Nacional - Observatorio Tecnol\u00f3gico de Hidalgo\" \/>\n<meta property=\"og:description\" content=\"Se ha aceptado que no hay recesi\u00f3n sino desaceleraci\u00f3n econ\u00f3mica, sin embargo la crisis es pol\u00edtica, social y de seguridad p\u00fablica; la corrupci\u00f3n e impunidad constituyen un eje transversal que tiene infectados a muchos organismos p\u00fablicos, sobre todo a las llamadas fuerzas del orden y en\u00a0 muchas \u00e1reas de la impartici\u00f3n de justicia; no se [&hellip;]\" \/>\n<meta property=\"og:url\" content=\"https:\/\/otech.uaeh.edu.mx\/noti\/articulo-otech\/conflictos-internacionales-y-la-crisis-nacional\/\" \/>\n<meta property=\"og:site_name\" content=\"Observatorio Tecnol\u00f3gico de Hidalgo\" \/>\n<meta property=\"article:publisher\" content=\"https:\/\/www.facebook.com\/observatoriouaeh\" \/>\n<meta property=\"article:published_time\" content=\"2019-08-05T15:42:06+00:00\" \/>\n<meta property=\"article:modified_time\" content=\"2019-08-05T15:42:32+00:00\" \/>\n<meta property=\"og:image\" content=\"https:\/\/otech.uaeh.edu.mx\/noti\/wp-content\/uploads\/2019\/08\/Notic.9-2.jpg\" \/>\n\t<meta property=\"og:image:width\" content=\"600\" \/>\n\t<meta property=\"og:image:height\" content=\"350\" \/>\n\t<meta property=\"og:image:type\" content=\"image\/jpeg\" \/>\n<meta name=\"author\" content=\"admin\" \/>\n<meta name=\"twitter:card\" content=\"summary_large_image\" \/>\n<meta name=\"twitter:creator\" content=\"@OBSERVATORIOEH\" \/>\n<meta name=\"twitter:site\" content=\"@OBSERVATORIOEH\" \/>\n<meta name=\"twitter:label1\" content=\"Written by\" \/>\n\t<meta name=\"twitter:data1\" content=\"admin\" \/>\n\t<meta name=\"twitter:label2\" content=\"Est. reading time\" \/>\n\t<meta name=\"twitter:data2\" content=\"4 minutes\" \/>\n<script type=\"application\/ld+json\" class=\"yoast-schema-graph\">{\"@context\":\"https:\/\/schema.org\",\"@graph\":[{\"@type\":\"Article\",\"@id\":\"https:\/\/otech.uaeh.edu.mx\/noti\/articulo-otech\/conflictos-internacionales-y-la-crisis-nacional\/#article\",\"isPartOf\":{\"@id\":\"https:\/\/otech.uaeh.edu.mx\/noti\/articulo-otech\/conflictos-internacionales-y-la-crisis-nacional\/\"},\"author\":{\"name\":\"admin\",\"@id\":\"https:\/\/otech.uaeh.edu.mx\/noti\/#\/schema\/person\/95263d004158ffabcd98137e1d0abc1c\"},\"headline\":\"Conflictos Internacionales Y la Crisis Nacional\",\"datePublished\":\"2019-08-05T15:42:06+00:00\",\"dateModified\":\"2019-08-05T15:42:32+00:00\",\"mainEntityOfPage\":{\"@id\":\"https:\/\/otech.uaeh.edu.mx\/noti\/articulo-otech\/conflictos-internacionales-y-la-crisis-nacional\/\"},\"wordCount\":753,\"commentCount\":0,\"publisher\":{\"@id\":\"https:\/\/otech.uaeh.edu.mx\/noti\/#organization\"},\"image\":{\"@id\":\"https:\/\/otech.uaeh.edu.mx\/noti\/articulo-otech\/conflictos-internacionales-y-la-crisis-nacional\/#primaryimage\"},\"thumbnailUrl\":\"https:\/\/otech.uaeh.edu.mx\/noti\/wp-content\/uploads\/2019\/08\/Notic.9-2.jpg\",\"articleSection\":[\"Art\u00edculo OTecH\"],\"inLanguage\":\"en-US\",\"potentialAction\":[{\"@type\":\"CommentAction\",\"name\":\"Comment\",\"target\":[\"https:\/\/otech.uaeh.edu.mx\/noti\/articulo-otech\/conflictos-internacionales-y-la-crisis-nacional\/#respond\"]}]},{\"@type\":\"WebPage\",\"@id\":\"https:\/\/otech.uaeh.edu.mx\/noti\/articulo-otech\/conflictos-internacionales-y-la-crisis-nacional\/\",\"url\":\"https:\/\/otech.uaeh.edu.mx\/noti\/articulo-otech\/conflictos-internacionales-y-la-crisis-nacional\/\",\"name\":\"Conflictos Internacionales Y la Crisis Nacional - Observatorio Tecnol\u00f3gico de Hidalgo\",\"isPartOf\":{\"@id\":\"https:\/\/otech.uaeh.edu.mx\/noti\/#website\"},\"primaryImageOfPage\":{\"@id\":\"https:\/\/otech.uaeh.edu.mx\/noti\/articulo-otech\/conflictos-internacionales-y-la-crisis-nacional\/#primaryimage\"},\"image\":{\"@id\":\"https:\/\/otech.uaeh.edu.mx\/noti\/articulo-otech\/conflictos-internacionales-y-la-crisis-nacional\/#primaryimage\"},\"thumbnailUrl\":\"https:\/\/otech.uaeh.edu.mx\/noti\/wp-content\/uploads\/2019\/08\/Notic.9-2.jpg\",\"datePublished\":\"2019-08-05T15:42:06+00:00\",\"dateModified\":\"2019-08-05T15:42:32+00:00\",\"breadcrumb\":{\"@id\":\"https:\/\/otech.uaeh.edu.mx\/noti\/articulo-otech\/conflictos-internacionales-y-la-crisis-nacional\/#breadcrumb\"},\"inLanguage\":\"en-US\",\"potentialAction\":[{\"@type\":\"ReadAction\",\"target\":[\"https:\/\/otech.uaeh.edu.mx\/noti\/articulo-otech\/conflictos-internacionales-y-la-crisis-nacional\/\"]}]},{\"@type\":\"ImageObject\",\"inLanguage\":\"en-US\",\"@id\":\"https:\/\/otech.uaeh.edu.mx\/noti\/articulo-otech\/conflictos-internacionales-y-la-crisis-nacional\/#primaryimage\",\"url\":\"https:\/\/otech.uaeh.edu.mx\/noti\/wp-content\/uploads\/2019\/08\/Notic.9-2.jpg\",\"contentUrl\":\"https:\/\/otech.uaeh.edu.mx\/noti\/wp-content\/uploads\/2019\/08\/Notic.9-2.jpg\",\"width\":600,\"height\":350},{\"@type\":\"BreadcrumbList\",\"@id\":\"https:\/\/otech.uaeh.edu.mx\/noti\/articulo-otech\/conflictos-internacionales-y-la-crisis-nacional\/#breadcrumb\",\"itemListElement\":[{\"@type\":\"ListItem\",\"position\":1,\"name\":\"Inicio\",\"item\":\"https:\/\/otech.uaeh.edu.mx\/noti\/\"},{\"@type\":\"ListItem\",\"position\":2,\"name\":\"Conflictos Internacionales Y la Crisis Nacional\"}]},{\"@type\":\"WebSite\",\"@id\":\"https:\/\/otech.uaeh.edu.mx\/noti\/#website\",\"url\":\"https:\/\/otech.uaeh.edu.mx\/noti\/\",\"name\":\"Observatorio Tecnol\u00f3gico de Hidalgo\",\"description\":\"\",\"publisher\":{\"@id\":\"https:\/\/otech.uaeh.edu.mx\/noti\/#organization\"},\"potentialAction\":[{\"@type\":\"SearchAction\",\"target\":{\"@type\":\"EntryPoint\",\"urlTemplate\":\"https:\/\/otech.uaeh.edu.mx\/noti\/?s={search_term_string}\"},\"query-input\":{\"@type\":\"PropertyValueSpecification\",\"valueRequired\":true,\"valueName\":\"search_term_string\"}}],\"inLanguage\":\"en-US\"},{\"@type\":\"Organization\",\"@id\":\"https:\/\/otech.uaeh.edu.mx\/noti\/#organization\",\"name\":\"Observatorio Tecnol\u00f3gico de Hidalgo\",\"url\":\"https:\/\/otech.uaeh.edu.mx\/noti\/\",\"logo\":{\"@type\":\"ImageObject\",\"inLanguage\":\"en-US\",\"@id\":\"https:\/\/otech.uaeh.edu.mx\/noti\/#\/schema\/logo\/image\/\",\"url\":\"https:\/\/otech.uaeh.edu.mx\/noti\/wp-content\/uploads\/2025\/11\/Logo-circulo.png\",\"contentUrl\":\"https:\/\/otech.uaeh.edu.mx\/noti\/wp-content\/uploads\/2025\/11\/Logo-circulo.png\",\"width\":250,\"height\":250,\"caption\":\"Observatorio Tecnol\u00f3gico de Hidalgo\"},\"image\":{\"@id\":\"https:\/\/otech.uaeh.edu.mx\/noti\/#\/schema\/logo\/image\/\"},\"sameAs\":[\"https:\/\/www.facebook.com\/observatoriouaeh\",\"https:\/\/x.com\/OBSERVATORIOEH\"]},{\"@type\":\"Person\",\"@id\":\"https:\/\/otech.uaeh.edu.mx\/noti\/#\/schema\/person\/95263d004158ffabcd98137e1d0abc1c\",\"name\":\"admin\",\"image\":{\"@type\":\"ImageObject\",\"inLanguage\":\"en-US\",\"@id\":\"https:\/\/otech.uaeh.edu.mx\/noti\/#\/schema\/person\/image\/\",\"url\":\"https:\/\/secure.gravatar.com\/avatar\/08dd17208ee6a9e87c5a01c0a5f4c96c8ed24bf05e625630929b5b6a7c1ffa5f?s=96&d=mm&r=g\",\"contentUrl\":\"https:\/\/secure.gravatar.com\/avatar\/08dd17208ee6a9e87c5a01c0a5f4c96c8ed24bf05e625630929b5b6a7c1ffa5f?s=96&d=mm&r=g\",\"caption\":\"admin\"},\"url\":\"https:\/\/otech.uaeh.edu.mx\/noti\/author\/admin\/\"}]}<\/script>\n<!-- \/ Yoast SEO plugin. -->","yoast_head_json":{"title":"Conflictos Internacionales Y la Crisis Nacional - Observatorio Tecnol\u00f3gico de Hidalgo","robots":{"index":"index","follow":"follow","max-snippet":"max-snippet:-1","max-image-preview":"max-image-preview:large","max-video-preview":"max-video-preview:-1"},"canonical":"https:\/\/otech.uaeh.edu.mx\/noti\/articulo-otech\/conflictos-internacionales-y-la-crisis-nacional\/","og_locale":"en_US","og_type":"article","og_title":"Conflictos Internacionales Y la Crisis Nacional - Observatorio Tecnol\u00f3gico de Hidalgo","og_description":"Se ha aceptado que no hay recesi\u00f3n sino desaceleraci\u00f3n econ\u00f3mica, sin embargo la crisis es pol\u00edtica, social y de seguridad p\u00fablica; la corrupci\u00f3n e impunidad constituyen un eje transversal que tiene infectados a muchos organismos p\u00fablicos, sobre todo a las llamadas fuerzas del orden y en\u00a0 muchas \u00e1reas de la impartici\u00f3n de justicia; no se [&hellip;]","og_url":"https:\/\/otech.uaeh.edu.mx\/noti\/articulo-otech\/conflictos-internacionales-y-la-crisis-nacional\/","og_site_name":"Observatorio Tecnol\u00f3gico de Hidalgo","article_publisher":"https:\/\/www.facebook.com\/observatoriouaeh","article_published_time":"2019-08-05T15:42:06+00:00","article_modified_time":"2019-08-05T15:42:32+00:00","og_image":[{"width":600,"height":350,"url":"https:\/\/otech.uaeh.edu.mx\/noti\/wp-content\/uploads\/2019\/08\/Notic.9-2.jpg","type":"image\/jpeg"}],"author":"admin","twitter_card":"summary_large_image","twitter_creator":"@OBSERVATORIOEH","twitter_site":"@OBSERVATORIOEH","twitter_misc":{"Written by":"admin","Est. reading time":"4 minutes"},"schema":{"@context":"https:\/\/schema.org","@graph":[{"@type":"Article","@id":"https:\/\/otech.uaeh.edu.mx\/noti\/articulo-otech\/conflictos-internacionales-y-la-crisis-nacional\/#article","isPartOf":{"@id":"https:\/\/otech.uaeh.edu.mx\/noti\/articulo-otech\/conflictos-internacionales-y-la-crisis-nacional\/"},"author":{"name":"admin","@id":"https:\/\/otech.uaeh.edu.mx\/noti\/#\/schema\/person\/95263d004158ffabcd98137e1d0abc1c"},"headline":"Conflictos Internacionales Y la Crisis Nacional","datePublished":"2019-08-05T15:42:06+00:00","dateModified":"2019-08-05T15:42:32+00:00","mainEntityOfPage":{"@id":"https:\/\/otech.uaeh.edu.mx\/noti\/articulo-otech\/conflictos-internacionales-y-la-crisis-nacional\/"},"wordCount":753,"commentCount":0,"publisher":{"@id":"https:\/\/otech.uaeh.edu.mx\/noti\/#organization"},"image":{"@id":"https:\/\/otech.uaeh.edu.mx\/noti\/articulo-otech\/conflictos-internacionales-y-la-crisis-nacional\/#primaryimage"},"thumbnailUrl":"https:\/\/otech.uaeh.edu.mx\/noti\/wp-content\/uploads\/2019\/08\/Notic.9-2.jpg","articleSection":["Art\u00edculo OTecH"],"inLanguage":"en-US","potentialAction":[{"@type":"CommentAction","name":"Comment","target":["https:\/\/otech.uaeh.edu.mx\/noti\/articulo-otech\/conflictos-internacionales-y-la-crisis-nacional\/#respond"]}]},{"@type":"WebPage","@id":"https:\/\/otech.uaeh.edu.mx\/noti\/articulo-otech\/conflictos-internacionales-y-la-crisis-nacional\/","url":"https:\/\/otech.uaeh.edu.mx\/noti\/articulo-otech\/conflictos-internacionales-y-la-crisis-nacional\/","name":"Conflictos Internacionales Y la Crisis Nacional - Observatorio Tecnol\u00f3gico de Hidalgo","isPartOf":{"@id":"https:\/\/otech.uaeh.edu.mx\/noti\/#website"},"primaryImageOfPage":{"@id":"https:\/\/otech.uaeh.edu.mx\/noti\/articulo-otech\/conflictos-internacionales-y-la-crisis-nacional\/#primaryimage"},"image":{"@id":"https:\/\/otech.uaeh.edu.mx\/noti\/articulo-otech\/conflictos-internacionales-y-la-crisis-nacional\/#primaryimage"},"thumbnailUrl":"https:\/\/otech.uaeh.edu.mx\/noti\/wp-content\/uploads\/2019\/08\/Notic.9-2.jpg","datePublished":"2019-08-05T15:42:06+00:00","dateModified":"2019-08-05T15:42:32+00:00","breadcrumb":{"@id":"https:\/\/otech.uaeh.edu.mx\/noti\/articulo-otech\/conflictos-internacionales-y-la-crisis-nacional\/#breadcrumb"},"inLanguage":"en-US","potentialAction":[{"@type":"ReadAction","target":["https:\/\/otech.uaeh.edu.mx\/noti\/articulo-otech\/conflictos-internacionales-y-la-crisis-nacional\/"]}]},{"@type":"ImageObject","inLanguage":"en-US","@id":"https:\/\/otech.uaeh.edu.mx\/noti\/articulo-otech\/conflictos-internacionales-y-la-crisis-nacional\/#primaryimage","url":"https:\/\/otech.uaeh.edu.mx\/noti\/wp-content\/uploads\/2019\/08\/Notic.9-2.jpg","contentUrl":"https:\/\/otech.uaeh.edu.mx\/noti\/wp-content\/uploads\/2019\/08\/Notic.9-2.jpg","width":600,"height":350},{"@type":"BreadcrumbList","@id":"https:\/\/otech.uaeh.edu.mx\/noti\/articulo-otech\/conflictos-internacionales-y-la-crisis-nacional\/#breadcrumb","itemListElement":[{"@type":"ListItem","position":1,"name":"Inicio","item":"https:\/\/otech.uaeh.edu.mx\/noti\/"},{"@type":"ListItem","position":2,"name":"Conflictos Internacionales Y la Crisis Nacional"}]},{"@type":"WebSite","@id":"https:\/\/otech.uaeh.edu.mx\/noti\/#website","url":"https:\/\/otech.uaeh.edu.mx\/noti\/","name":"Observatorio Tecnol\u00f3gico de Hidalgo","description":"","publisher":{"@id":"https:\/\/otech.uaeh.edu.mx\/noti\/#organization"},"potentialAction":[{"@type":"SearchAction","target":{"@type":"EntryPoint","urlTemplate":"https:\/\/otech.uaeh.edu.mx\/noti\/?s={search_term_string}"},"query-input":{"@type":"PropertyValueSpecification","valueRequired":true,"valueName":"search_term_string"}}],"inLanguage":"en-US"},{"@type":"Organization","@id":"https:\/\/otech.uaeh.edu.mx\/noti\/#organization","name":"Observatorio Tecnol\u00f3gico de Hidalgo","url":"https:\/\/otech.uaeh.edu.mx\/noti\/","logo":{"@type":"ImageObject","inLanguage":"en-US","@id":"https:\/\/otech.uaeh.edu.mx\/noti\/#\/schema\/logo\/image\/","url":"https:\/\/otech.uaeh.edu.mx\/noti\/wp-content\/uploads\/2025\/11\/Logo-circulo.png","contentUrl":"https:\/\/otech.uaeh.edu.mx\/noti\/wp-content\/uploads\/2025\/11\/Logo-circulo.png","width":250,"height":250,"caption":"Observatorio Tecnol\u00f3gico de Hidalgo"},"image":{"@id":"https:\/\/otech.uaeh.edu.mx\/noti\/#\/schema\/logo\/image\/"},"sameAs":["https:\/\/www.facebook.com\/observatoriouaeh","https:\/\/x.com\/OBSERVATORIOEH"]},{"@type":"Person","@id":"https:\/\/otech.uaeh.edu.mx\/noti\/#\/schema\/person\/95263d004158ffabcd98137e1d0abc1c","name":"admin","image":{"@type":"ImageObject","inLanguage":"en-US","@id":"https:\/\/otech.uaeh.edu.mx\/noti\/#\/schema\/person\/image\/","url":"https:\/\/secure.gravatar.com\/avatar\/08dd17208ee6a9e87c5a01c0a5f4c96c8ed24bf05e625630929b5b6a7c1ffa5f?s=96&d=mm&r=g","contentUrl":"https:\/\/secure.gravatar.com\/avatar\/08dd17208ee6a9e87c5a01c0a5f4c96c8ed24bf05e625630929b5b6a7c1ffa5f?s=96&d=mm&r=g","caption":"admin"},"url":"https:\/\/otech.uaeh.edu.mx\/noti\/author\/admin\/"}]}},"_links":{"self":[{"href":"https:\/\/otech.uaeh.edu.mx\/noti\/wp-json\/wp\/v2\/posts\/17512","targetHints":{"allow":["GET"]}}],"collection":[{"href":"https:\/\/otech.uaeh.edu.mx\/noti\/wp-json\/wp\/v2\/posts"}],"about":[{"href":"https:\/\/otech.uaeh.edu.mx\/noti\/wp-json\/wp\/v2\/types\/post"}],"author":[{"embeddable":true,"href":"https:\/\/otech.uaeh.edu.mx\/noti\/wp-json\/wp\/v2\/users\/1"}],"replies":[{"embeddable":true,"href":"https:\/\/otech.uaeh.edu.mx\/noti\/wp-json\/wp\/v2\/comments?post=17512"}],"version-history":[{"count":1,"href":"https:\/\/otech.uaeh.edu.mx\/noti\/wp-json\/wp\/v2\/posts\/17512\/revisions"}],"predecessor-version":[{"id":17514,"href":"https:\/\/otech.uaeh.edu.mx\/noti\/wp-json\/wp\/v2\/posts\/17512\/revisions\/17514"}],"wp:featuredmedia":[{"embeddable":true,"href":"https:\/\/otech.uaeh.edu.mx\/noti\/wp-json\/wp\/v2\/media\/17513"}],"wp:attachment":[{"href":"https:\/\/otech.uaeh.edu.mx\/noti\/wp-json\/wp\/v2\/media?parent=17512"}],"wp:term":[{"taxonomy":"category","embeddable":true,"href":"https:\/\/otech.uaeh.edu.mx\/noti\/wp-json\/wp\/v2\/categories?post=17512"},{"taxonomy":"post_tag","embeddable":true,"href":"https:\/\/otech.uaeh.edu.mx\/noti\/wp-json\/wp\/v2\/tags?post=17512"}],"curies":[{"name":"wp","href":"https:\/\/api.w.org\/{rel}","templated":true}]}}