{"id":17822,"date":"2019-08-19T09:25:24","date_gmt":"2019-08-19T15:25:24","guid":{"rendered":"http:\/\/otech.uaeh.edu.mx\/noti\/?p=17822"},"modified":"2019-08-19T09:25:41","modified_gmt":"2019-08-19T15:25:41","slug":"la-tinderizacion-del-mercado-de-trabajo-y-otras-excusas-para-blanquear-la-precariedad","status":"publish","type":"post","link":"https:\/\/otech.uaeh.edu.mx\/noti\/economia\/la-tinderizacion-del-mercado-de-trabajo-y-otras-excusas-para-blanquear-la-precariedad\/","title":{"rendered":"\u201cLa \u2018tinderizaci\u00f3n\u2019 del mercado de trabajo\u201d y otras excusas para blanquear la precariedad"},"content":{"rendered":"<p>Asistimos en los \u00faltimos a\u00f1os a la proliferaci\u00f3n de columnas de opini\u00f3n y art\u00edculos que, barnizados con neolengua, hablan de salario emocional,<span>\u00a0<\/span><em>flexiseguridad<\/em>,<span>\u00a0<\/span><em>trabajaciones<\/em>, del<span>\u00a0<\/span><em>coste<\/em><span>\u00a0<\/span>de las bajas para las empresas o inflan la burbuja del emprendimiento ensalzando el autoempleo. <!--more-->Este refrito de temas pretende convencer al lector de que los tiempos cambian y de que el modelo laboral est\u00e1 obsoleto, justificando y blanqueando la deriva de los \u00faltimos a\u00f1os.<span>\u00a0<\/span>Lo \u00faltimo es la<span>\u00a0<\/span><em>tinderizaci\u00f3n<\/em><span>\u00a0<\/span>del mercado de trabajo<span>\u00a0<\/span>que, seg\u00fan dice el autor, hace que nos tengamos que acostumbrar a una mayor movilidad, tildando de obsesiva la idea de que las relaciones laborales se basen en el contrato fijo por cuenta ajena.<\/p>\n<p>Se compara sin rubor una relaci\u00f3n laboral con las establecidas mediante<span>\u00a0<\/span><em>apps<\/em><span>\u00a0<\/span>de citas, como si acumular trabajos precarios fuera lo mismo que tener sexo cada d\u00eda con una persona diferente. Aceptando que las nuevas tecnolog\u00edas facilitan la contrataci\u00f3n de servicios y el contacto entre empresas y candidatos, la dignidad de los salarios o los derechos de los trabajadores no deber\u00edan degradarse. Las citas, sean fijadas en persona o por Tinder, nunca han estado eximidas del respeto mutuo que se deben los citados.<\/p>\n<p>Se nos quiere convencer de que el cambio de modelo es inevitable y de que es un error may\u00fasculo negarse a legislar conforme al nuevo paradigma. En esta ventana que se me abre para expresar mi opini\u00f3n, mi posici\u00f3n es clara y considero que en absoluto este cambio de modelo debe dar pie a una adaptaci\u00f3n legislativa, sin preguntarse antes si el modelo es leg\u00edtimo. Para m\u00ed no lo es. Ser\u00eda como si tras un aumento del n\u00famero de incendios, hubiera que plegarse a legislar de qu\u00e9 manera es legal preparar fuegos, en vez de tratar de evitarlos y sancionar a quienes los provoquen.<\/p>\n<p>Lo que se llama evoluci\u00f3n del mercado de trabajo no es m\u00e1s que un cambio unilateral de las reglas por parte de algunas empresas (seg\u00fan la Uni\u00f3n Profesional de Trabajadores Aut\u00f3nomos UPTA,<span>\u00a0<\/span>hay m\u00e1s de 300.000 falsos aut\u00f3nomos). Lo que se conoce como<span>\u00a0<\/span><em>uberizaci\u00f3n<\/em>del trabajo, no es m\u00e1s que el secuestro de ciertas profesiones ya existentes, con el resultado \u2015intermediario tecnol\u00f3gico mediante\u2015 de un deterioro m\u00e1ximo de las condiciones de los trabajadores, que de por s\u00ed no eran precisamente boyantes en el modelo nativo (repartidores, taxi, etc.).<\/p>\n<p>La defensa medi\u00e1tica del nuevo modelo lleva dosis de liberalismo, de enaltecimiento del autoempleo y de &#8220;mejor trabajar en esto que en nada&#8221;. Y la realidad es que estas empresas, seg\u00fan reconocen ellas mismas, solo son viables ofreciendo estas condiciones precarias. En el caso contrario, cerrar\u00edan. Y no, no vale como excusa lo de abrir paso a la tecnolog\u00eda, porque esta ya se estaba aplicando en estos sectores.<\/p>\n<p>Mientras la convenci\u00f3n social sea que el dinero obtenido gracias al trabajo (o a la imposibilidad para desarrollarlo por enfermedad, paro o jubilaci\u00f3n), sea el que nos debe pagar lo b\u00e1sico (vivienda, alimentaci\u00f3n, ropa, etc.), frivolizar con el salario, las condiciones y los derechos de los trabajadores me parece reprobable.<\/p>\n<p>Se educa y se informa para que, con tal de tener empleo, haya que asumir cualquier condici\u00f3n y, si es posible, para convencernos de que, en caso de emergencia, nos lancemos a ser el autoempleado hecho a s\u00ed mismo, sin saber nadar y sin salvavidas (seg\u00fan un estudio de la Universidad de Alcal\u00e1 de Henares,<span>\u00a0<\/span>el 50% de los aut\u00f3nomos abandona antes de los tres a\u00f1os). El autoempleo se disfraza de autopista para el talento y la innovaci\u00f3n (cuando se trata de<span>\u00a0<\/span><em>startups<\/em>), de heroicidad (cuando se trata de salir como sea adelante), de libertad de elecci\u00f3n (cuando hablamos de multiempleo), pero todo resulta en que hay personas que deben pagar la cuota de aut\u00f3nomo, descontada del salario que antes obten\u00edan con un empleo y el demonizado contrato fijo.<\/p>\n<p>Y s\u00ed, el trabajo aut\u00f3nomo tiene su raz\u00f3n de ser en profesiones que se pueden ejercer como profesional libre o sin estructura societaria, pero de lo que hablamos es del intento de hacer de esta posibilidad un peaje para poder trabajar en determinados sectores, en condiciones deplorables, a beneficio de los empresarios, que disponen as\u00ed de una fuerza de trabajo atomizada: individuos precarios, compitiendo entre s\u00ed y sobre los que han externalizado toda carga, sin derechos laborales y pag\u00e1ndose los medios de producci\u00f3n.<\/p>\n<p>Si se encuentran en Tinder a alguien que defiende estas tesis, no queden, sus relaciones personales podr\u00edan ser precarizadas.<\/p>\n<p><strong>Fuente:\u00a0<\/strong><\/p>\n<p><em>El Pa\u00eds Retina. (2019, 19 agosto). \u201cLa \u2018tinderizaci\u00f3n\u2019 del mercado de trabajo\u201d y otras excusas para blanquear la precariedad. Recuperado 19 agosto, 2019, de https:\/\/retina.elpais.com\/retina\/2019\/08\/13\/talento\/1565687876_060195.html<\/em><\/p>\n","protected":false},"excerpt":{"rendered":"<p>Asistimos en los \u00faltimos a\u00f1os a la proliferaci\u00f3n de columnas de opini\u00f3n y art\u00edculos que, barnizados con neolengua, hablan de salario emocional,\u00a0flexiseguridad,\u00a0trabajaciones, del\u00a0coste\u00a0de las bajas para las empresas o inflan la burbuja del emprendimiento ensalzando el autoempleo.<\/p>\n","protected":false},"author":1,"featured_media":17823,"comment_status":"open","ping_status":"open","sticky":false,"template":"","format":"standard","meta":{"footnotes":""},"categories":[375],"tags":[],"class_list":["post-17822","post","type-post","status-publish","format-standard","has-post-thumbnail","hentry","category-economia"],"yoast_head":"<!-- This site is optimized with the Yoast SEO plugin v26.7 - https:\/\/yoast.com\/wordpress\/plugins\/seo\/ -->\n<title>\u201cLa \u2018tinderizaci\u00f3n\u2019 del mercado de trabajo\u201d y otras excusas para blanquear la precariedad - Observatorio Tecnol\u00f3gico de Hidalgo<\/title>\n<meta name=\"robots\" content=\"index, follow, max-snippet:-1, max-image-preview:large, max-video-preview:-1\" \/>\n<link rel=\"canonical\" href=\"https:\/\/otech.uaeh.edu.mx\/noti\/economia\/la-tinderizacion-del-mercado-de-trabajo-y-otras-excusas-para-blanquear-la-precariedad\/\" \/>\n<meta property=\"og:locale\" content=\"en_US\" \/>\n<meta property=\"og:type\" content=\"article\" \/>\n<meta property=\"og:title\" content=\"\u201cLa \u2018tinderizaci\u00f3n\u2019 del mercado de trabajo\u201d y otras excusas para blanquear la precariedad - Observatorio Tecnol\u00f3gico de Hidalgo\" \/>\n<meta property=\"og:description\" content=\"Asistimos en los \u00faltimos a\u00f1os a la proliferaci\u00f3n de columnas de opini\u00f3n y art\u00edculos que, barnizados con neolengua, hablan de salario emocional,\u00a0flexiseguridad,\u00a0trabajaciones, del\u00a0coste\u00a0de las bajas para las empresas o inflan la burbuja del emprendimiento ensalzando el autoempleo.\" \/>\n<meta property=\"og:url\" content=\"https:\/\/otech.uaeh.edu.mx\/noti\/economia\/la-tinderizacion-del-mercado-de-trabajo-y-otras-excusas-para-blanquear-la-precariedad\/\" \/>\n<meta property=\"og:site_name\" content=\"Observatorio Tecnol\u00f3gico de Hidalgo\" \/>\n<meta property=\"article:publisher\" content=\"https:\/\/www.facebook.com\/observatoriouaeh\" \/>\n<meta property=\"article:published_time\" content=\"2019-08-19T15:25:24+00:00\" \/>\n<meta property=\"article:modified_time\" content=\"2019-08-19T15:25:41+00:00\" \/>\n<meta property=\"og:image\" content=\"https:\/\/otech.uaeh.edu.mx\/noti\/wp-content\/uploads\/2019\/08\/Notic.9-11.jpg\" \/>\n\t<meta property=\"og:image:width\" content=\"600\" \/>\n\t<meta property=\"og:image:height\" content=\"350\" \/>\n\t<meta property=\"og:image:type\" content=\"image\/jpeg\" \/>\n<meta name=\"author\" content=\"admin\" \/>\n<meta name=\"twitter:card\" content=\"summary_large_image\" \/>\n<meta name=\"twitter:creator\" content=\"@OBSERVATORIOEH\" \/>\n<meta name=\"twitter:site\" content=\"@OBSERVATORIOEH\" \/>\n<meta name=\"twitter:label1\" content=\"Written by\" \/>\n\t<meta name=\"twitter:data1\" content=\"admin\" \/>\n\t<meta name=\"twitter:label2\" content=\"Est. reading time\" \/>\n\t<meta name=\"twitter:data2\" content=\"4 minutes\" \/>\n<script type=\"application\/ld+json\" class=\"yoast-schema-graph\">{\"@context\":\"https:\/\/schema.org\",\"@graph\":[{\"@type\":\"Article\",\"@id\":\"https:\/\/otech.uaeh.edu.mx\/noti\/economia\/la-tinderizacion-del-mercado-de-trabajo-y-otras-excusas-para-blanquear-la-precariedad\/#article\",\"isPartOf\":{\"@id\":\"https:\/\/otech.uaeh.edu.mx\/noti\/economia\/la-tinderizacion-del-mercado-de-trabajo-y-otras-excusas-para-blanquear-la-precariedad\/\"},\"author\":{\"name\":\"admin\",\"@id\":\"https:\/\/otech.uaeh.edu.mx\/noti\/#\/schema\/person\/95263d004158ffabcd98137e1d0abc1c\"},\"headline\":\"\u201cLa \u2018tinderizaci\u00f3n\u2019 del mercado de trabajo\u201d y otras excusas para blanquear la precariedad\",\"datePublished\":\"2019-08-19T15:25:24+00:00\",\"dateModified\":\"2019-08-19T15:25:41+00:00\",\"mainEntityOfPage\":{\"@id\":\"https:\/\/otech.uaeh.edu.mx\/noti\/economia\/la-tinderizacion-del-mercado-de-trabajo-y-otras-excusas-para-blanquear-la-precariedad\/\"},\"wordCount\":830,\"commentCount\":0,\"publisher\":{\"@id\":\"https:\/\/otech.uaeh.edu.mx\/noti\/#organization\"},\"image\":{\"@id\":\"https:\/\/otech.uaeh.edu.mx\/noti\/economia\/la-tinderizacion-del-mercado-de-trabajo-y-otras-excusas-para-blanquear-la-precariedad\/#primaryimage\"},\"thumbnailUrl\":\"https:\/\/otech.uaeh.edu.mx\/noti\/wp-content\/uploads\/2019\/08\/Notic.9-11.jpg\",\"articleSection\":[\"Economia\"],\"inLanguage\":\"en-US\",\"potentialAction\":[{\"@type\":\"CommentAction\",\"name\":\"Comment\",\"target\":[\"https:\/\/otech.uaeh.edu.mx\/noti\/economia\/la-tinderizacion-del-mercado-de-trabajo-y-otras-excusas-para-blanquear-la-precariedad\/#respond\"]}]},{\"@type\":\"WebPage\",\"@id\":\"https:\/\/otech.uaeh.edu.mx\/noti\/economia\/la-tinderizacion-del-mercado-de-trabajo-y-otras-excusas-para-blanquear-la-precariedad\/\",\"url\":\"https:\/\/otech.uaeh.edu.mx\/noti\/economia\/la-tinderizacion-del-mercado-de-trabajo-y-otras-excusas-para-blanquear-la-precariedad\/\",\"name\":\"\u201cLa \u2018tinderizaci\u00f3n\u2019 del mercado de trabajo\u201d y otras excusas para blanquear la precariedad - Observatorio Tecnol\u00f3gico de Hidalgo\",\"isPartOf\":{\"@id\":\"https:\/\/otech.uaeh.edu.mx\/noti\/#website\"},\"primaryImageOfPage\":{\"@id\":\"https:\/\/otech.uaeh.edu.mx\/noti\/economia\/la-tinderizacion-del-mercado-de-trabajo-y-otras-excusas-para-blanquear-la-precariedad\/#primaryimage\"},\"image\":{\"@id\":\"https:\/\/otech.uaeh.edu.mx\/noti\/economia\/la-tinderizacion-del-mercado-de-trabajo-y-otras-excusas-para-blanquear-la-precariedad\/#primaryimage\"},\"thumbnailUrl\":\"https:\/\/otech.uaeh.edu.mx\/noti\/wp-content\/uploads\/2019\/08\/Notic.9-11.jpg\",\"datePublished\":\"2019-08-19T15:25:24+00:00\",\"dateModified\":\"2019-08-19T15:25:41+00:00\",\"breadcrumb\":{\"@id\":\"https:\/\/otech.uaeh.edu.mx\/noti\/economia\/la-tinderizacion-del-mercado-de-trabajo-y-otras-excusas-para-blanquear-la-precariedad\/#breadcrumb\"},\"inLanguage\":\"en-US\",\"potentialAction\":[{\"@type\":\"ReadAction\",\"target\":[\"https:\/\/otech.uaeh.edu.mx\/noti\/economia\/la-tinderizacion-del-mercado-de-trabajo-y-otras-excusas-para-blanquear-la-precariedad\/\"]}]},{\"@type\":\"ImageObject\",\"inLanguage\":\"en-US\",\"@id\":\"https:\/\/otech.uaeh.edu.mx\/noti\/economia\/la-tinderizacion-del-mercado-de-trabajo-y-otras-excusas-para-blanquear-la-precariedad\/#primaryimage\",\"url\":\"https:\/\/otech.uaeh.edu.mx\/noti\/wp-content\/uploads\/2019\/08\/Notic.9-11.jpg\",\"contentUrl\":\"https:\/\/otech.uaeh.edu.mx\/noti\/wp-content\/uploads\/2019\/08\/Notic.9-11.jpg\",\"width\":600,\"height\":350},{\"@type\":\"BreadcrumbList\",\"@id\":\"https:\/\/otech.uaeh.edu.mx\/noti\/economia\/la-tinderizacion-del-mercado-de-trabajo-y-otras-excusas-para-blanquear-la-precariedad\/#breadcrumb\",\"itemListElement\":[{\"@type\":\"ListItem\",\"position\":1,\"name\":\"Inicio\",\"item\":\"https:\/\/otech.uaeh.edu.mx\/noti\/\"},{\"@type\":\"ListItem\",\"position\":2,\"name\":\"\u201cLa \u2018tinderizaci\u00f3n\u2019 del mercado de trabajo\u201d y otras excusas para blanquear la precariedad\"}]},{\"@type\":\"WebSite\",\"@id\":\"https:\/\/otech.uaeh.edu.mx\/noti\/#website\",\"url\":\"https:\/\/otech.uaeh.edu.mx\/noti\/\",\"name\":\"Observatorio Tecnol\u00f3gico de Hidalgo\",\"description\":\"\",\"publisher\":{\"@id\":\"https:\/\/otech.uaeh.edu.mx\/noti\/#organization\"},\"potentialAction\":[{\"@type\":\"SearchAction\",\"target\":{\"@type\":\"EntryPoint\",\"urlTemplate\":\"https:\/\/otech.uaeh.edu.mx\/noti\/?s={search_term_string}\"},\"query-input\":{\"@type\":\"PropertyValueSpecification\",\"valueRequired\":true,\"valueName\":\"search_term_string\"}}],\"inLanguage\":\"en-US\"},{\"@type\":\"Organization\",\"@id\":\"https:\/\/otech.uaeh.edu.mx\/noti\/#organization\",\"name\":\"Observatorio Tecnol\u00f3gico de Hidalgo\",\"url\":\"https:\/\/otech.uaeh.edu.mx\/noti\/\",\"logo\":{\"@type\":\"ImageObject\",\"inLanguage\":\"en-US\",\"@id\":\"https:\/\/otech.uaeh.edu.mx\/noti\/#\/schema\/logo\/image\/\",\"url\":\"https:\/\/otech.uaeh.edu.mx\/noti\/wp-content\/uploads\/2025\/11\/Logo-circulo.png\",\"contentUrl\":\"https:\/\/otech.uaeh.edu.mx\/noti\/wp-content\/uploads\/2025\/11\/Logo-circulo.png\",\"width\":250,\"height\":250,\"caption\":\"Observatorio Tecnol\u00f3gico de Hidalgo\"},\"image\":{\"@id\":\"https:\/\/otech.uaeh.edu.mx\/noti\/#\/schema\/logo\/image\/\"},\"sameAs\":[\"https:\/\/www.facebook.com\/observatoriouaeh\",\"https:\/\/x.com\/OBSERVATORIOEH\"]},{\"@type\":\"Person\",\"@id\":\"https:\/\/otech.uaeh.edu.mx\/noti\/#\/schema\/person\/95263d004158ffabcd98137e1d0abc1c\",\"name\":\"admin\",\"image\":{\"@type\":\"ImageObject\",\"inLanguage\":\"en-US\",\"@id\":\"https:\/\/otech.uaeh.edu.mx\/noti\/#\/schema\/person\/image\/\",\"url\":\"https:\/\/secure.gravatar.com\/avatar\/08dd17208ee6a9e87c5a01c0a5f4c96c8ed24bf05e625630929b5b6a7c1ffa5f?s=96&d=mm&r=g\",\"contentUrl\":\"https:\/\/secure.gravatar.com\/avatar\/08dd17208ee6a9e87c5a01c0a5f4c96c8ed24bf05e625630929b5b6a7c1ffa5f?s=96&d=mm&r=g\",\"caption\":\"admin\"},\"url\":\"https:\/\/otech.uaeh.edu.mx\/noti\/author\/admin\/\"}]}<\/script>\n<!-- \/ Yoast SEO plugin. -->","yoast_head_json":{"title":"\u201cLa \u2018tinderizaci\u00f3n\u2019 del mercado de trabajo\u201d y otras excusas para blanquear la precariedad - Observatorio Tecnol\u00f3gico de Hidalgo","robots":{"index":"index","follow":"follow","max-snippet":"max-snippet:-1","max-image-preview":"max-image-preview:large","max-video-preview":"max-video-preview:-1"},"canonical":"https:\/\/otech.uaeh.edu.mx\/noti\/economia\/la-tinderizacion-del-mercado-de-trabajo-y-otras-excusas-para-blanquear-la-precariedad\/","og_locale":"en_US","og_type":"article","og_title":"\u201cLa \u2018tinderizaci\u00f3n\u2019 del mercado de trabajo\u201d y otras excusas para blanquear la precariedad - Observatorio Tecnol\u00f3gico de Hidalgo","og_description":"Asistimos en los \u00faltimos a\u00f1os a la proliferaci\u00f3n de columnas de opini\u00f3n y art\u00edculos que, barnizados con neolengua, hablan de salario emocional,\u00a0flexiseguridad,\u00a0trabajaciones, del\u00a0coste\u00a0de las bajas para las empresas o inflan la burbuja del emprendimiento ensalzando el autoempleo.","og_url":"https:\/\/otech.uaeh.edu.mx\/noti\/economia\/la-tinderizacion-del-mercado-de-trabajo-y-otras-excusas-para-blanquear-la-precariedad\/","og_site_name":"Observatorio Tecnol\u00f3gico de Hidalgo","article_publisher":"https:\/\/www.facebook.com\/observatoriouaeh","article_published_time":"2019-08-19T15:25:24+00:00","article_modified_time":"2019-08-19T15:25:41+00:00","og_image":[{"width":600,"height":350,"url":"https:\/\/otech.uaeh.edu.mx\/noti\/wp-content\/uploads\/2019\/08\/Notic.9-11.jpg","type":"image\/jpeg"}],"author":"admin","twitter_card":"summary_large_image","twitter_creator":"@OBSERVATORIOEH","twitter_site":"@OBSERVATORIOEH","twitter_misc":{"Written by":"admin","Est. reading time":"4 minutes"},"schema":{"@context":"https:\/\/schema.org","@graph":[{"@type":"Article","@id":"https:\/\/otech.uaeh.edu.mx\/noti\/economia\/la-tinderizacion-del-mercado-de-trabajo-y-otras-excusas-para-blanquear-la-precariedad\/#article","isPartOf":{"@id":"https:\/\/otech.uaeh.edu.mx\/noti\/economia\/la-tinderizacion-del-mercado-de-trabajo-y-otras-excusas-para-blanquear-la-precariedad\/"},"author":{"name":"admin","@id":"https:\/\/otech.uaeh.edu.mx\/noti\/#\/schema\/person\/95263d004158ffabcd98137e1d0abc1c"},"headline":"\u201cLa \u2018tinderizaci\u00f3n\u2019 del mercado de trabajo\u201d y otras excusas para blanquear la precariedad","datePublished":"2019-08-19T15:25:24+00:00","dateModified":"2019-08-19T15:25:41+00:00","mainEntityOfPage":{"@id":"https:\/\/otech.uaeh.edu.mx\/noti\/economia\/la-tinderizacion-del-mercado-de-trabajo-y-otras-excusas-para-blanquear-la-precariedad\/"},"wordCount":830,"commentCount":0,"publisher":{"@id":"https:\/\/otech.uaeh.edu.mx\/noti\/#organization"},"image":{"@id":"https:\/\/otech.uaeh.edu.mx\/noti\/economia\/la-tinderizacion-del-mercado-de-trabajo-y-otras-excusas-para-blanquear-la-precariedad\/#primaryimage"},"thumbnailUrl":"https:\/\/otech.uaeh.edu.mx\/noti\/wp-content\/uploads\/2019\/08\/Notic.9-11.jpg","articleSection":["Economia"],"inLanguage":"en-US","potentialAction":[{"@type":"CommentAction","name":"Comment","target":["https:\/\/otech.uaeh.edu.mx\/noti\/economia\/la-tinderizacion-del-mercado-de-trabajo-y-otras-excusas-para-blanquear-la-precariedad\/#respond"]}]},{"@type":"WebPage","@id":"https:\/\/otech.uaeh.edu.mx\/noti\/economia\/la-tinderizacion-del-mercado-de-trabajo-y-otras-excusas-para-blanquear-la-precariedad\/","url":"https:\/\/otech.uaeh.edu.mx\/noti\/economia\/la-tinderizacion-del-mercado-de-trabajo-y-otras-excusas-para-blanquear-la-precariedad\/","name":"\u201cLa \u2018tinderizaci\u00f3n\u2019 del mercado de trabajo\u201d y otras excusas para blanquear la precariedad - Observatorio Tecnol\u00f3gico de Hidalgo","isPartOf":{"@id":"https:\/\/otech.uaeh.edu.mx\/noti\/#website"},"primaryImageOfPage":{"@id":"https:\/\/otech.uaeh.edu.mx\/noti\/economia\/la-tinderizacion-del-mercado-de-trabajo-y-otras-excusas-para-blanquear-la-precariedad\/#primaryimage"},"image":{"@id":"https:\/\/otech.uaeh.edu.mx\/noti\/economia\/la-tinderizacion-del-mercado-de-trabajo-y-otras-excusas-para-blanquear-la-precariedad\/#primaryimage"},"thumbnailUrl":"https:\/\/otech.uaeh.edu.mx\/noti\/wp-content\/uploads\/2019\/08\/Notic.9-11.jpg","datePublished":"2019-08-19T15:25:24+00:00","dateModified":"2019-08-19T15:25:41+00:00","breadcrumb":{"@id":"https:\/\/otech.uaeh.edu.mx\/noti\/economia\/la-tinderizacion-del-mercado-de-trabajo-y-otras-excusas-para-blanquear-la-precariedad\/#breadcrumb"},"inLanguage":"en-US","potentialAction":[{"@type":"ReadAction","target":["https:\/\/otech.uaeh.edu.mx\/noti\/economia\/la-tinderizacion-del-mercado-de-trabajo-y-otras-excusas-para-blanquear-la-precariedad\/"]}]},{"@type":"ImageObject","inLanguage":"en-US","@id":"https:\/\/otech.uaeh.edu.mx\/noti\/economia\/la-tinderizacion-del-mercado-de-trabajo-y-otras-excusas-para-blanquear-la-precariedad\/#primaryimage","url":"https:\/\/otech.uaeh.edu.mx\/noti\/wp-content\/uploads\/2019\/08\/Notic.9-11.jpg","contentUrl":"https:\/\/otech.uaeh.edu.mx\/noti\/wp-content\/uploads\/2019\/08\/Notic.9-11.jpg","width":600,"height":350},{"@type":"BreadcrumbList","@id":"https:\/\/otech.uaeh.edu.mx\/noti\/economia\/la-tinderizacion-del-mercado-de-trabajo-y-otras-excusas-para-blanquear-la-precariedad\/#breadcrumb","itemListElement":[{"@type":"ListItem","position":1,"name":"Inicio","item":"https:\/\/otech.uaeh.edu.mx\/noti\/"},{"@type":"ListItem","position":2,"name":"\u201cLa \u2018tinderizaci\u00f3n\u2019 del mercado de trabajo\u201d y otras excusas para blanquear la precariedad"}]},{"@type":"WebSite","@id":"https:\/\/otech.uaeh.edu.mx\/noti\/#website","url":"https:\/\/otech.uaeh.edu.mx\/noti\/","name":"Observatorio Tecnol\u00f3gico de Hidalgo","description":"","publisher":{"@id":"https:\/\/otech.uaeh.edu.mx\/noti\/#organization"},"potentialAction":[{"@type":"SearchAction","target":{"@type":"EntryPoint","urlTemplate":"https:\/\/otech.uaeh.edu.mx\/noti\/?s={search_term_string}"},"query-input":{"@type":"PropertyValueSpecification","valueRequired":true,"valueName":"search_term_string"}}],"inLanguage":"en-US"},{"@type":"Organization","@id":"https:\/\/otech.uaeh.edu.mx\/noti\/#organization","name":"Observatorio Tecnol\u00f3gico de Hidalgo","url":"https:\/\/otech.uaeh.edu.mx\/noti\/","logo":{"@type":"ImageObject","inLanguage":"en-US","@id":"https:\/\/otech.uaeh.edu.mx\/noti\/#\/schema\/logo\/image\/","url":"https:\/\/otech.uaeh.edu.mx\/noti\/wp-content\/uploads\/2025\/11\/Logo-circulo.png","contentUrl":"https:\/\/otech.uaeh.edu.mx\/noti\/wp-content\/uploads\/2025\/11\/Logo-circulo.png","width":250,"height":250,"caption":"Observatorio Tecnol\u00f3gico de Hidalgo"},"image":{"@id":"https:\/\/otech.uaeh.edu.mx\/noti\/#\/schema\/logo\/image\/"},"sameAs":["https:\/\/www.facebook.com\/observatoriouaeh","https:\/\/x.com\/OBSERVATORIOEH"]},{"@type":"Person","@id":"https:\/\/otech.uaeh.edu.mx\/noti\/#\/schema\/person\/95263d004158ffabcd98137e1d0abc1c","name":"admin","image":{"@type":"ImageObject","inLanguage":"en-US","@id":"https:\/\/otech.uaeh.edu.mx\/noti\/#\/schema\/person\/image\/","url":"https:\/\/secure.gravatar.com\/avatar\/08dd17208ee6a9e87c5a01c0a5f4c96c8ed24bf05e625630929b5b6a7c1ffa5f?s=96&d=mm&r=g","contentUrl":"https:\/\/secure.gravatar.com\/avatar\/08dd17208ee6a9e87c5a01c0a5f4c96c8ed24bf05e625630929b5b6a7c1ffa5f?s=96&d=mm&r=g","caption":"admin"},"url":"https:\/\/otech.uaeh.edu.mx\/noti\/author\/admin\/"}]}},"_links":{"self":[{"href":"https:\/\/otech.uaeh.edu.mx\/noti\/wp-json\/wp\/v2\/posts\/17822","targetHints":{"allow":["GET"]}}],"collection":[{"href":"https:\/\/otech.uaeh.edu.mx\/noti\/wp-json\/wp\/v2\/posts"}],"about":[{"href":"https:\/\/otech.uaeh.edu.mx\/noti\/wp-json\/wp\/v2\/types\/post"}],"author":[{"embeddable":true,"href":"https:\/\/otech.uaeh.edu.mx\/noti\/wp-json\/wp\/v2\/users\/1"}],"replies":[{"embeddable":true,"href":"https:\/\/otech.uaeh.edu.mx\/noti\/wp-json\/wp\/v2\/comments?post=17822"}],"version-history":[{"count":1,"href":"https:\/\/otech.uaeh.edu.mx\/noti\/wp-json\/wp\/v2\/posts\/17822\/revisions"}],"predecessor-version":[{"id":17824,"href":"https:\/\/otech.uaeh.edu.mx\/noti\/wp-json\/wp\/v2\/posts\/17822\/revisions\/17824"}],"wp:featuredmedia":[{"embeddable":true,"href":"https:\/\/otech.uaeh.edu.mx\/noti\/wp-json\/wp\/v2\/media\/17823"}],"wp:attachment":[{"href":"https:\/\/otech.uaeh.edu.mx\/noti\/wp-json\/wp\/v2\/media?parent=17822"}],"wp:term":[{"taxonomy":"category","embeddable":true,"href":"https:\/\/otech.uaeh.edu.mx\/noti\/wp-json\/wp\/v2\/categories?post=17822"},{"taxonomy":"post_tag","embeddable":true,"href":"https:\/\/otech.uaeh.edu.mx\/noti\/wp-json\/wp\/v2\/tags?post=17822"}],"curies":[{"name":"wp","href":"https:\/\/api.w.org\/{rel}","templated":true}]}}