{"id":18150,"date":"2019-09-04T09:22:58","date_gmt":"2019-09-04T15:22:58","guid":{"rendered":"http:\/\/otech.uaeh.edu.mx\/noti\/?p=18150"},"modified":"2019-09-04T09:22:58","modified_gmt":"2019-09-04T15:22:58","slug":"conferencia-sobre-la-revolucion-de-la-nanotecnologia","status":"publish","type":"post","link":"https:\/\/otech.uaeh.edu.mx\/noti\/nanotecnologia\/conferencia-sobre-la-revolucion-de-la-nanotecnologia\/","title":{"rendered":"Conferencia sobre la revoluci\u00f3n de la nanotecnolog\u00eda"},"content":{"rendered":"<p>La Universidad de Alicante reanuda el curso &#8220;Divulgar Ciencia en el Siglo XXI&#8221;, con una conferencia sobre nanotecnolog\u00eda el mi\u00e9rcoles, 4 de septiembre, en el sal\u00f3n de actos Alfredo Orts del edificio de \u00d3ptica del Campus de San Vicente del Raspeig.<!--more--><\/p>\n<p>Desde la instituci\u00f3n acad\u00e9mica recalcan que se trata de la segunda edici\u00f3n de una iniciativa &#8220;cuyo objetivo se centra en promover y fomentar en la ciudadan\u00eda el inter\u00e9s por la ciencia, mostrando diversas formas de abordar los retos cient\u00edficos del mundo actual desde diferentes perspectivas&#8221;.<\/p>\n<p>El formato de curso que la UA estren\u00f3 el a\u00f1o pasado se conforma a trav\u00e9s de conferencias protagonizadas por expertos y un posterior debate colectivo en el que participa el p\u00fablico, que se pueden seguir en directo por Internet a trav\u00e9s de V\u00e9rtice.<\/p>\n<p>El investigador del Instituto de Ciencias de Materiales, CSIC, Pedro A. Serena, abordar\u00e1 la actualidad sobre la investigaci\u00f3n de la materia a escala nanom\u00e9trica a trav\u00e9s de la conferencia &#8220;Nanotecnolog\u00eda: la revoluci\u00f3n del siglo XXI. Muchas luces y algunas sombras&#8221;, este mi\u00e9rcoles a las 9.45 horas.<\/p>\n<p>El siguiente tema que se plantear\u00e1, a cargo de Bernardo Herrad\u00f3n, investigador del Instituto de Qu\u00edmica Org\u00e1nica General (IQOG), CSIC, ser\u00e1 &#8220;La tabla peri\u00f3dica de los elementos qu\u00edmicos: Icono cultural e impacto en la sociedad&#8221;.<\/p>\n<p>Por la tarde, Juli Peret\u00f3, catedr\u00e1tico de Bioqu\u00edmica y Biolog\u00eda Molecular, de la Universidad de Valencia y el CSIC, se adentrar\u00e1 en la teor\u00eda de la evoluci\u00f3n con la conferencia &#8220;L&#8217;origen de les esp\u00e8cies&#8221; de Darwin: una invitaci\u00f3 a la lectura&#8221;.<\/p>\n<p>El programa de este mi\u00e9rcoles d\u00eda 4 lo cierra Manuel Seara, bi\u00f3logo y divulgador cient\u00edfico en RNE con la conferencia &#8220;La ciencia en la radio: sin im\u00e1genes ni ecuaciones&#8221;.<\/p>\n<p>El jueves el protagonismo reca en la &#8220;Mat\u00e8ria i energ\u00eda fosques. Entre la fantas\u00eda i la realitat&#8221;, a partir de las 9 de la ma\u00f1ana a cargo de Vicent Martinez, catedr\u00e1tico de Astronom\u00eda y Astrof\u00edsica en la Universidad de Valencia. A las 11.45 el profesor de Bioqu\u00edmica y Biolog\u00eda Molecular de la Universidad de Murcia, Jos\u00e9 Manuel L\u00f3pez Nicol\u00e1s presentar\u00e1 la conferencia &#8220;Alimentaci\u00f3n del siglo XXI: ciencia y pseudociencia&#8221;.<\/p>\n<p>El curso finaliza el jueves d\u00eda 5 a las 17:45 con la presentaci\u00f3n de las conclusiones y la clausura a cargo de Isabel Abril, Mercedes Pastor, Nicol\u00e1s Cuenca y Rafael Garc\u00eda Molina, que forman el comit\u00e9 cient\u00edfico del curso.<\/p>\n<p><strong>Fuente:\u00a0<\/strong><\/p>\n<p><em>DIARIO INFORMACION. (2019, 4 septiembre). Conferencia sobre la revoluci\u00f3n de la nanotecnolog\u00eda. Recuperado 4 septiembre, 2019, de https:\/\/www.diarioinformacion.com\/universidad\/2019\/09\/03\/conferencia-revolucion-nanotecnologia\/2182901.html<\/em><\/p>\n","protected":false},"excerpt":{"rendered":"<p>La Universidad de Alicante reanuda el curso &#8220;Divulgar Ciencia en el Siglo XXI&#8221;, con una conferencia sobre nanotecnolog\u00eda el mi\u00e9rcoles, 4 de septiembre, en el sal\u00f3n de actos Alfredo Orts del edificio de \u00d3ptica del Campus de San Vicente del Raspeig.<\/p>\n","protected":false},"author":1,"featured_media":18151,"comment_status":"open","ping_status":"open","sticky":false,"template":"","format":"standard","meta":{"footnotes":""},"categories":[170],"tags":[],"class_list":["post-18150","post","type-post","status-publish","format-standard","has-post-thumbnail","hentry","category-nanotecnologia"],"yoast_head":"<!-- This site is optimized with the Yoast SEO plugin v26.7 - https:\/\/yoast.com\/wordpress\/plugins\/seo\/ -->\n<title>Conferencia sobre la revoluci\u00f3n de la nanotecnolog\u00eda - Observatorio Tecnol\u00f3gico de Hidalgo<\/title>\n<meta name=\"robots\" content=\"index, follow, max-snippet:-1, max-image-preview:large, max-video-preview:-1\" \/>\n<link rel=\"canonical\" href=\"https:\/\/otech.uaeh.edu.mx\/noti\/nanotecnologia\/conferencia-sobre-la-revolucion-de-la-nanotecnologia\/\" \/>\n<meta property=\"og:locale\" content=\"en_US\" \/>\n<meta property=\"og:type\" content=\"article\" \/>\n<meta property=\"og:title\" content=\"Conferencia sobre la revoluci\u00f3n de la nanotecnolog\u00eda - Observatorio Tecnol\u00f3gico de Hidalgo\" \/>\n<meta property=\"og:description\" content=\"La Universidad de Alicante reanuda el curso &#8220;Divulgar Ciencia en el Siglo XXI&#8221;, con una conferencia sobre nanotecnolog\u00eda el mi\u00e9rcoles, 4 de septiembre, en el sal\u00f3n de actos Alfredo Orts del edificio de \u00d3ptica del Campus de San Vicente del Raspeig.\" \/>\n<meta property=\"og:url\" content=\"https:\/\/otech.uaeh.edu.mx\/noti\/nanotecnologia\/conferencia-sobre-la-revolucion-de-la-nanotecnologia\/\" \/>\n<meta property=\"og:site_name\" content=\"Observatorio Tecnol\u00f3gico de Hidalgo\" \/>\n<meta property=\"article:publisher\" content=\"https:\/\/www.facebook.com\/observatoriouaeh\" \/>\n<meta property=\"article:published_time\" content=\"2019-09-04T15:22:58+00:00\" \/>\n<meta property=\"og:image\" content=\"https:\/\/otech.uaeh.edu.mx\/noti\/wp-content\/uploads\/2019\/09\/Notic.2-2.jpg\" \/>\n\t<meta property=\"og:image:width\" content=\"600\" \/>\n\t<meta property=\"og:image:height\" content=\"350\" \/>\n\t<meta property=\"og:image:type\" content=\"image\/jpeg\" \/>\n<meta name=\"author\" content=\"admin\" \/>\n<meta name=\"twitter:card\" content=\"summary_large_image\" \/>\n<meta name=\"twitter:creator\" content=\"@OBSERVATORIOEH\" \/>\n<meta name=\"twitter:site\" content=\"@OBSERVATORIOEH\" \/>\n<meta name=\"twitter:label1\" content=\"Written by\" \/>\n\t<meta name=\"twitter:data1\" content=\"admin\" \/>\n\t<meta name=\"twitter:label2\" content=\"Est. reading time\" \/>\n\t<meta name=\"twitter:data2\" content=\"2 minutes\" \/>\n<script type=\"application\/ld+json\" class=\"yoast-schema-graph\">{\"@context\":\"https:\/\/schema.org\",\"@graph\":[{\"@type\":\"Article\",\"@id\":\"https:\/\/otech.uaeh.edu.mx\/noti\/nanotecnologia\/conferencia-sobre-la-revolucion-de-la-nanotecnologia\/#article\",\"isPartOf\":{\"@id\":\"https:\/\/otech.uaeh.edu.mx\/noti\/nanotecnologia\/conferencia-sobre-la-revolucion-de-la-nanotecnologia\/\"},\"author\":{\"name\":\"admin\",\"@id\":\"https:\/\/otech.uaeh.edu.mx\/noti\/#\/schema\/person\/95263d004158ffabcd98137e1d0abc1c\"},\"headline\":\"Conferencia sobre la revoluci\u00f3n de la nanotecnolog\u00eda\",\"datePublished\":\"2019-09-04T15:22:58+00:00\",\"mainEntityOfPage\":{\"@id\":\"https:\/\/otech.uaeh.edu.mx\/noti\/nanotecnologia\/conferencia-sobre-la-revolucion-de-la-nanotecnologia\/\"},\"wordCount\":466,\"commentCount\":0,\"publisher\":{\"@id\":\"https:\/\/otech.uaeh.edu.mx\/noti\/#organization\"},\"image\":{\"@id\":\"https:\/\/otech.uaeh.edu.mx\/noti\/nanotecnologia\/conferencia-sobre-la-revolucion-de-la-nanotecnologia\/#primaryimage\"},\"thumbnailUrl\":\"https:\/\/otech.uaeh.edu.mx\/noti\/wp-content\/uploads\/2019\/09\/Notic.2-2.jpg\",\"articleSection\":[\"Nanotecnolog\u00eda\"],\"inLanguage\":\"en-US\",\"potentialAction\":[{\"@type\":\"CommentAction\",\"name\":\"Comment\",\"target\":[\"https:\/\/otech.uaeh.edu.mx\/noti\/nanotecnologia\/conferencia-sobre-la-revolucion-de-la-nanotecnologia\/#respond\"]}]},{\"@type\":\"WebPage\",\"@id\":\"https:\/\/otech.uaeh.edu.mx\/noti\/nanotecnologia\/conferencia-sobre-la-revolucion-de-la-nanotecnologia\/\",\"url\":\"https:\/\/otech.uaeh.edu.mx\/noti\/nanotecnologia\/conferencia-sobre-la-revolucion-de-la-nanotecnologia\/\",\"name\":\"Conferencia sobre la revoluci\u00f3n de la nanotecnolog\u00eda - Observatorio Tecnol\u00f3gico de Hidalgo\",\"isPartOf\":{\"@id\":\"https:\/\/otech.uaeh.edu.mx\/noti\/#website\"},\"primaryImageOfPage\":{\"@id\":\"https:\/\/otech.uaeh.edu.mx\/noti\/nanotecnologia\/conferencia-sobre-la-revolucion-de-la-nanotecnologia\/#primaryimage\"},\"image\":{\"@id\":\"https:\/\/otech.uaeh.edu.mx\/noti\/nanotecnologia\/conferencia-sobre-la-revolucion-de-la-nanotecnologia\/#primaryimage\"},\"thumbnailUrl\":\"https:\/\/otech.uaeh.edu.mx\/noti\/wp-content\/uploads\/2019\/09\/Notic.2-2.jpg\",\"datePublished\":\"2019-09-04T15:22:58+00:00\",\"breadcrumb\":{\"@id\":\"https:\/\/otech.uaeh.edu.mx\/noti\/nanotecnologia\/conferencia-sobre-la-revolucion-de-la-nanotecnologia\/#breadcrumb\"},\"inLanguage\":\"en-US\",\"potentialAction\":[{\"@type\":\"ReadAction\",\"target\":[\"https:\/\/otech.uaeh.edu.mx\/noti\/nanotecnologia\/conferencia-sobre-la-revolucion-de-la-nanotecnologia\/\"]}]},{\"@type\":\"ImageObject\",\"inLanguage\":\"en-US\",\"@id\":\"https:\/\/otech.uaeh.edu.mx\/noti\/nanotecnologia\/conferencia-sobre-la-revolucion-de-la-nanotecnologia\/#primaryimage\",\"url\":\"https:\/\/otech.uaeh.edu.mx\/noti\/wp-content\/uploads\/2019\/09\/Notic.2-2.jpg\",\"contentUrl\":\"https:\/\/otech.uaeh.edu.mx\/noti\/wp-content\/uploads\/2019\/09\/Notic.2-2.jpg\",\"width\":600,\"height\":350},{\"@type\":\"BreadcrumbList\",\"@id\":\"https:\/\/otech.uaeh.edu.mx\/noti\/nanotecnologia\/conferencia-sobre-la-revolucion-de-la-nanotecnologia\/#breadcrumb\",\"itemListElement\":[{\"@type\":\"ListItem\",\"position\":1,\"name\":\"Inicio\",\"item\":\"https:\/\/otech.uaeh.edu.mx\/noti\/\"},{\"@type\":\"ListItem\",\"position\":2,\"name\":\"Conferencia sobre la revoluci\u00f3n de la nanotecnolog\u00eda\"}]},{\"@type\":\"WebSite\",\"@id\":\"https:\/\/otech.uaeh.edu.mx\/noti\/#website\",\"url\":\"https:\/\/otech.uaeh.edu.mx\/noti\/\",\"name\":\"Observatorio Tecnol\u00f3gico de Hidalgo\",\"description\":\"\",\"publisher\":{\"@id\":\"https:\/\/otech.uaeh.edu.mx\/noti\/#organization\"},\"potentialAction\":[{\"@type\":\"SearchAction\",\"target\":{\"@type\":\"EntryPoint\",\"urlTemplate\":\"https:\/\/otech.uaeh.edu.mx\/noti\/?s={search_term_string}\"},\"query-input\":{\"@type\":\"PropertyValueSpecification\",\"valueRequired\":true,\"valueName\":\"search_term_string\"}}],\"inLanguage\":\"en-US\"},{\"@type\":\"Organization\",\"@id\":\"https:\/\/otech.uaeh.edu.mx\/noti\/#organization\",\"name\":\"Observatorio Tecnol\u00f3gico de Hidalgo\",\"url\":\"https:\/\/otech.uaeh.edu.mx\/noti\/\",\"logo\":{\"@type\":\"ImageObject\",\"inLanguage\":\"en-US\",\"@id\":\"https:\/\/otech.uaeh.edu.mx\/noti\/#\/schema\/logo\/image\/\",\"url\":\"https:\/\/otech.uaeh.edu.mx\/noti\/wp-content\/uploads\/2025\/11\/Logo-circulo.png\",\"contentUrl\":\"https:\/\/otech.uaeh.edu.mx\/noti\/wp-content\/uploads\/2025\/11\/Logo-circulo.png\",\"width\":250,\"height\":250,\"caption\":\"Observatorio Tecnol\u00f3gico de Hidalgo\"},\"image\":{\"@id\":\"https:\/\/otech.uaeh.edu.mx\/noti\/#\/schema\/logo\/image\/\"},\"sameAs\":[\"https:\/\/www.facebook.com\/observatoriouaeh\",\"https:\/\/x.com\/OBSERVATORIOEH\"]},{\"@type\":\"Person\",\"@id\":\"https:\/\/otech.uaeh.edu.mx\/noti\/#\/schema\/person\/95263d004158ffabcd98137e1d0abc1c\",\"name\":\"admin\",\"image\":{\"@type\":\"ImageObject\",\"inLanguage\":\"en-US\",\"@id\":\"https:\/\/otech.uaeh.edu.mx\/noti\/#\/schema\/person\/image\/\",\"url\":\"https:\/\/secure.gravatar.com\/avatar\/08dd17208ee6a9e87c5a01c0a5f4c96c8ed24bf05e625630929b5b6a7c1ffa5f?s=96&d=mm&r=g\",\"contentUrl\":\"https:\/\/secure.gravatar.com\/avatar\/08dd17208ee6a9e87c5a01c0a5f4c96c8ed24bf05e625630929b5b6a7c1ffa5f?s=96&d=mm&r=g\",\"caption\":\"admin\"},\"url\":\"https:\/\/otech.uaeh.edu.mx\/noti\/author\/admin\/\"}]}<\/script>\n<!-- \/ Yoast SEO plugin. -->","yoast_head_json":{"title":"Conferencia sobre la revoluci\u00f3n de la nanotecnolog\u00eda - Observatorio Tecnol\u00f3gico de Hidalgo","robots":{"index":"index","follow":"follow","max-snippet":"max-snippet:-1","max-image-preview":"max-image-preview:large","max-video-preview":"max-video-preview:-1"},"canonical":"https:\/\/otech.uaeh.edu.mx\/noti\/nanotecnologia\/conferencia-sobre-la-revolucion-de-la-nanotecnologia\/","og_locale":"en_US","og_type":"article","og_title":"Conferencia sobre la revoluci\u00f3n de la nanotecnolog\u00eda - Observatorio Tecnol\u00f3gico de Hidalgo","og_description":"La Universidad de Alicante reanuda el curso &#8220;Divulgar Ciencia en el Siglo XXI&#8221;, con una conferencia sobre nanotecnolog\u00eda el mi\u00e9rcoles, 4 de septiembre, en el sal\u00f3n de actos Alfredo Orts del edificio de \u00d3ptica del Campus de San Vicente del Raspeig.","og_url":"https:\/\/otech.uaeh.edu.mx\/noti\/nanotecnologia\/conferencia-sobre-la-revolucion-de-la-nanotecnologia\/","og_site_name":"Observatorio Tecnol\u00f3gico de Hidalgo","article_publisher":"https:\/\/www.facebook.com\/observatoriouaeh","article_published_time":"2019-09-04T15:22:58+00:00","og_image":[{"width":600,"height":350,"url":"https:\/\/otech.uaeh.edu.mx\/noti\/wp-content\/uploads\/2019\/09\/Notic.2-2.jpg","type":"image\/jpeg"}],"author":"admin","twitter_card":"summary_large_image","twitter_creator":"@OBSERVATORIOEH","twitter_site":"@OBSERVATORIOEH","twitter_misc":{"Written by":"admin","Est. reading time":"2 minutes"},"schema":{"@context":"https:\/\/schema.org","@graph":[{"@type":"Article","@id":"https:\/\/otech.uaeh.edu.mx\/noti\/nanotecnologia\/conferencia-sobre-la-revolucion-de-la-nanotecnologia\/#article","isPartOf":{"@id":"https:\/\/otech.uaeh.edu.mx\/noti\/nanotecnologia\/conferencia-sobre-la-revolucion-de-la-nanotecnologia\/"},"author":{"name":"admin","@id":"https:\/\/otech.uaeh.edu.mx\/noti\/#\/schema\/person\/95263d004158ffabcd98137e1d0abc1c"},"headline":"Conferencia sobre la revoluci\u00f3n de la nanotecnolog\u00eda","datePublished":"2019-09-04T15:22:58+00:00","mainEntityOfPage":{"@id":"https:\/\/otech.uaeh.edu.mx\/noti\/nanotecnologia\/conferencia-sobre-la-revolucion-de-la-nanotecnologia\/"},"wordCount":466,"commentCount":0,"publisher":{"@id":"https:\/\/otech.uaeh.edu.mx\/noti\/#organization"},"image":{"@id":"https:\/\/otech.uaeh.edu.mx\/noti\/nanotecnologia\/conferencia-sobre-la-revolucion-de-la-nanotecnologia\/#primaryimage"},"thumbnailUrl":"https:\/\/otech.uaeh.edu.mx\/noti\/wp-content\/uploads\/2019\/09\/Notic.2-2.jpg","articleSection":["Nanotecnolog\u00eda"],"inLanguage":"en-US","potentialAction":[{"@type":"CommentAction","name":"Comment","target":["https:\/\/otech.uaeh.edu.mx\/noti\/nanotecnologia\/conferencia-sobre-la-revolucion-de-la-nanotecnologia\/#respond"]}]},{"@type":"WebPage","@id":"https:\/\/otech.uaeh.edu.mx\/noti\/nanotecnologia\/conferencia-sobre-la-revolucion-de-la-nanotecnologia\/","url":"https:\/\/otech.uaeh.edu.mx\/noti\/nanotecnologia\/conferencia-sobre-la-revolucion-de-la-nanotecnologia\/","name":"Conferencia sobre la revoluci\u00f3n de la nanotecnolog\u00eda - Observatorio Tecnol\u00f3gico de Hidalgo","isPartOf":{"@id":"https:\/\/otech.uaeh.edu.mx\/noti\/#website"},"primaryImageOfPage":{"@id":"https:\/\/otech.uaeh.edu.mx\/noti\/nanotecnologia\/conferencia-sobre-la-revolucion-de-la-nanotecnologia\/#primaryimage"},"image":{"@id":"https:\/\/otech.uaeh.edu.mx\/noti\/nanotecnologia\/conferencia-sobre-la-revolucion-de-la-nanotecnologia\/#primaryimage"},"thumbnailUrl":"https:\/\/otech.uaeh.edu.mx\/noti\/wp-content\/uploads\/2019\/09\/Notic.2-2.jpg","datePublished":"2019-09-04T15:22:58+00:00","breadcrumb":{"@id":"https:\/\/otech.uaeh.edu.mx\/noti\/nanotecnologia\/conferencia-sobre-la-revolucion-de-la-nanotecnologia\/#breadcrumb"},"inLanguage":"en-US","potentialAction":[{"@type":"ReadAction","target":["https:\/\/otech.uaeh.edu.mx\/noti\/nanotecnologia\/conferencia-sobre-la-revolucion-de-la-nanotecnologia\/"]}]},{"@type":"ImageObject","inLanguage":"en-US","@id":"https:\/\/otech.uaeh.edu.mx\/noti\/nanotecnologia\/conferencia-sobre-la-revolucion-de-la-nanotecnologia\/#primaryimage","url":"https:\/\/otech.uaeh.edu.mx\/noti\/wp-content\/uploads\/2019\/09\/Notic.2-2.jpg","contentUrl":"https:\/\/otech.uaeh.edu.mx\/noti\/wp-content\/uploads\/2019\/09\/Notic.2-2.jpg","width":600,"height":350},{"@type":"BreadcrumbList","@id":"https:\/\/otech.uaeh.edu.mx\/noti\/nanotecnologia\/conferencia-sobre-la-revolucion-de-la-nanotecnologia\/#breadcrumb","itemListElement":[{"@type":"ListItem","position":1,"name":"Inicio","item":"https:\/\/otech.uaeh.edu.mx\/noti\/"},{"@type":"ListItem","position":2,"name":"Conferencia sobre la revoluci\u00f3n de la nanotecnolog\u00eda"}]},{"@type":"WebSite","@id":"https:\/\/otech.uaeh.edu.mx\/noti\/#website","url":"https:\/\/otech.uaeh.edu.mx\/noti\/","name":"Observatorio Tecnol\u00f3gico de Hidalgo","description":"","publisher":{"@id":"https:\/\/otech.uaeh.edu.mx\/noti\/#organization"},"potentialAction":[{"@type":"SearchAction","target":{"@type":"EntryPoint","urlTemplate":"https:\/\/otech.uaeh.edu.mx\/noti\/?s={search_term_string}"},"query-input":{"@type":"PropertyValueSpecification","valueRequired":true,"valueName":"search_term_string"}}],"inLanguage":"en-US"},{"@type":"Organization","@id":"https:\/\/otech.uaeh.edu.mx\/noti\/#organization","name":"Observatorio Tecnol\u00f3gico de Hidalgo","url":"https:\/\/otech.uaeh.edu.mx\/noti\/","logo":{"@type":"ImageObject","inLanguage":"en-US","@id":"https:\/\/otech.uaeh.edu.mx\/noti\/#\/schema\/logo\/image\/","url":"https:\/\/otech.uaeh.edu.mx\/noti\/wp-content\/uploads\/2025\/11\/Logo-circulo.png","contentUrl":"https:\/\/otech.uaeh.edu.mx\/noti\/wp-content\/uploads\/2025\/11\/Logo-circulo.png","width":250,"height":250,"caption":"Observatorio Tecnol\u00f3gico de Hidalgo"},"image":{"@id":"https:\/\/otech.uaeh.edu.mx\/noti\/#\/schema\/logo\/image\/"},"sameAs":["https:\/\/www.facebook.com\/observatoriouaeh","https:\/\/x.com\/OBSERVATORIOEH"]},{"@type":"Person","@id":"https:\/\/otech.uaeh.edu.mx\/noti\/#\/schema\/person\/95263d004158ffabcd98137e1d0abc1c","name":"admin","image":{"@type":"ImageObject","inLanguage":"en-US","@id":"https:\/\/otech.uaeh.edu.mx\/noti\/#\/schema\/person\/image\/","url":"https:\/\/secure.gravatar.com\/avatar\/08dd17208ee6a9e87c5a01c0a5f4c96c8ed24bf05e625630929b5b6a7c1ffa5f?s=96&d=mm&r=g","contentUrl":"https:\/\/secure.gravatar.com\/avatar\/08dd17208ee6a9e87c5a01c0a5f4c96c8ed24bf05e625630929b5b6a7c1ffa5f?s=96&d=mm&r=g","caption":"admin"},"url":"https:\/\/otech.uaeh.edu.mx\/noti\/author\/admin\/"}]}},"_links":{"self":[{"href":"https:\/\/otech.uaeh.edu.mx\/noti\/wp-json\/wp\/v2\/posts\/18150","targetHints":{"allow":["GET"]}}],"collection":[{"href":"https:\/\/otech.uaeh.edu.mx\/noti\/wp-json\/wp\/v2\/posts"}],"about":[{"href":"https:\/\/otech.uaeh.edu.mx\/noti\/wp-json\/wp\/v2\/types\/post"}],"author":[{"embeddable":true,"href":"https:\/\/otech.uaeh.edu.mx\/noti\/wp-json\/wp\/v2\/users\/1"}],"replies":[{"embeddable":true,"href":"https:\/\/otech.uaeh.edu.mx\/noti\/wp-json\/wp\/v2\/comments?post=18150"}],"version-history":[{"count":1,"href":"https:\/\/otech.uaeh.edu.mx\/noti\/wp-json\/wp\/v2\/posts\/18150\/revisions"}],"predecessor-version":[{"id":18152,"href":"https:\/\/otech.uaeh.edu.mx\/noti\/wp-json\/wp\/v2\/posts\/18150\/revisions\/18152"}],"wp:featuredmedia":[{"embeddable":true,"href":"https:\/\/otech.uaeh.edu.mx\/noti\/wp-json\/wp\/v2\/media\/18151"}],"wp:attachment":[{"href":"https:\/\/otech.uaeh.edu.mx\/noti\/wp-json\/wp\/v2\/media?parent=18150"}],"wp:term":[{"taxonomy":"category","embeddable":true,"href":"https:\/\/otech.uaeh.edu.mx\/noti\/wp-json\/wp\/v2\/categories?post=18150"},{"taxonomy":"post_tag","embeddable":true,"href":"https:\/\/otech.uaeh.edu.mx\/noti\/wp-json\/wp\/v2\/tags?post=18150"}],"curies":[{"name":"wp","href":"https:\/\/api.w.org\/{rel}","templated":true}]}}