{"id":18159,"date":"2019-09-04T09:58:55","date_gmt":"2019-09-04T15:58:55","guid":{"rendered":"http:\/\/otech.uaeh.edu.mx\/noti\/?p=18159"},"modified":"2019-09-04T09:58:55","modified_gmt":"2019-09-04T15:58:55","slug":"espana-liderara-el-mercado-europeo-de-fibra-en-2024","status":"publish","type":"post","link":"https:\/\/otech.uaeh.edu.mx\/noti\/ic\/espana-liderara-el-mercado-europeo-de-fibra-en-2024\/","title":{"rendered":"Espa\u00f1a liderar\u00e1 el mercado europeo de fibra en 2024"},"content":{"rendered":"<header>\n<div class=\"entradilla\">Esta ser\u00e1 la tecnolog\u00eda de banda ancha l\u00edder en Europa en cinco a\u00f1os, tras superar al xDSL.<\/div>\n<\/header>\n<div class=\"texto\">\n<p>El mercado europeo\u00a0de banda ancha experimentar\u00e1 un cambio fundamental en los pr\u00f3ximos a\u00f1os:<span>\u00a0<\/span><strong>el auge de la adopci\u00f3n de fibra y la ca\u00edda de la tecnolog\u00eda xDSL<\/strong>. As\u00ed lo reflejan las estimaciones de la compa\u00f1\u00eda de an\u00e1lisis GlobalData, que<span>\u00a0<\/span><strong>sit\u00faa a Espa\u00f1a en una posici\u00f3n avanzada en el panorama de la regi\u00f3n<\/strong>, ya que en 2024 adelantar\u00e1 a Rusia como el pa\u00eds con la mayor proporci\u00f3n de l\u00edneas de fibra sobre el total de banda ancha.<\/p>\n<p>La<span>\u00a0<\/span><u>previsi\u00f3n<\/u><span>\u00a0<\/span>de GlobalData certifica la tendencia que se viene experimentando en los \u00faltimos tiempos en el pa\u00eds. Los \u00faltimos datos de la Comisi\u00f3n Nacional de los Mercados y la Competencia, correspondientes al mes de mayo de 2019,<span>\u00a0<\/span><u>sit\u00faan el parque total de l\u00edneas de fibra hasta el hogar o FTTH en 9,26 millones de conexiones<\/u>, lo que supone sumar 1,85 millones de l\u00edneas en un a\u00f1o: redondeando, seis de cada diez l\u00edneas son FTTH en Espa\u00f1a. Como contrapartida, el parque de DSL se redujo en 107.723 l\u00edneas, hasta los 3,17 millones.<\/p>\n<p>Parte de la raz\u00f3n de esta popularizaci\u00f3n es el apoyo del Gobierno al despliegue de redes de nueva generaci\u00f3n, con medidas como los programas<span>\u00a0<\/span><u>Escuelas Conectadas<\/u><span>\u00a0<\/span>o las<span>\u00a0<\/span><u>ayudas de 150 millones de euros para la conectividad en el rural<\/u>.<\/p>\n<p>Volviendo a los datos de GlobalData, la firma de an\u00e1lisis explica que, actualmente, en Rusia tres de cada cuatro l\u00edneas de banda ancha son de fibra. Un porcentaje que<span>\u00a0<\/span><strong>Espa\u00f1a sobrepasar\u00e1 hasta el punto de que en 2024 la penetraci\u00f3n de la fibra ser\u00e1 del 86,5% en el total<\/strong>.<\/p>\n<p>En relaci\u00f3n al reparto actual de tecnolog\u00edas en Europa, las de xDSL suponen en 2019 la mitad justa del total de hogares con banda ancha, mientras que la fibra \u00f3ptica es el 30%. El cable cuenta por el 17% del total, mientras que otros soportes re\u00fanen apenas al 4% de clientes. Para 2024, las dos principales tecnolog\u00edas invertir\u00e1n los roles de forma significativa:<span>\u00a0<\/span><strong>la fibra crecer\u00e1 a un ritmo anual compuesto del 12,4% hasta suponer el 41% del total del parque de banda ancha<\/strong>. Las opciones DSL se reducir\u00e1n al 39% del total. El cable y las otras opciones perder\u00e1n un punto porcentual, respectivamente.<\/p>\n<p>Fuente:\u00a0<em>Network world. (2019, 3 septiembre). Espa\u00f1a liderar\u00e1 el mercado europeo de fibra en 2014. Recuperado 4 septiembre, 2019, de https:\/\/www.networkworld.es\/networking\/aspectos-en-los-que-influira-el-5g-en-la-industria-manufacturera<\/em><\/p>\n<\/div>\n","protected":false},"excerpt":{"rendered":"<p>Esta ser\u00e1 la tecnolog\u00eda de banda ancha l\u00edder en Europa en cinco a\u00f1os, tras superar al xDSL. El mercado europeo\u00a0de banda ancha experimentar\u00e1 un cambio fundamental en los pr\u00f3ximos a\u00f1os:\u00a0el auge de la adopci\u00f3n de fibra y la ca\u00edda de la tecnolog\u00eda xDSL. As\u00ed lo reflejan las estimaciones de la compa\u00f1\u00eda de an\u00e1lisis GlobalData, que\u00a0sit\u00faa [&hellip;]<\/p>\n","protected":false},"author":1,"featured_media":18160,"comment_status":"open","ping_status":"open","sticky":false,"template":"","format":"standard","meta":{"footnotes":""},"categories":[363],"tags":[],"class_list":["post-18159","post","type-post","status-publish","format-standard","has-post-thumbnail","hentry","category-ic"],"yoast_head":"<!-- This site is optimized with the Yoast SEO plugin v26.7 - https:\/\/yoast.com\/wordpress\/plugins\/seo\/ -->\n<title>Espa\u00f1a liderar\u00e1 el mercado europeo de fibra en 2024 - Observatorio Tecnol\u00f3gico de Hidalgo<\/title>\n<meta name=\"robots\" content=\"index, follow, max-snippet:-1, max-image-preview:large, max-video-preview:-1\" \/>\n<link rel=\"canonical\" href=\"https:\/\/otech.uaeh.edu.mx\/noti\/ic\/espana-liderara-el-mercado-europeo-de-fibra-en-2024\/\" \/>\n<meta property=\"og:locale\" content=\"en_US\" \/>\n<meta property=\"og:type\" content=\"article\" \/>\n<meta property=\"og:title\" content=\"Espa\u00f1a liderar\u00e1 el mercado europeo de fibra en 2024 - Observatorio Tecnol\u00f3gico de Hidalgo\" \/>\n<meta property=\"og:description\" content=\"Esta ser\u00e1 la tecnolog\u00eda de banda ancha l\u00edder en Europa en cinco a\u00f1os, tras superar al xDSL. El mercado europeo\u00a0de banda ancha experimentar\u00e1 un cambio fundamental en los pr\u00f3ximos a\u00f1os:\u00a0el auge de la adopci\u00f3n de fibra y la ca\u00edda de la tecnolog\u00eda xDSL. As\u00ed lo reflejan las estimaciones de la compa\u00f1\u00eda de an\u00e1lisis GlobalData, que\u00a0sit\u00faa [&hellip;]\" \/>\n<meta property=\"og:url\" content=\"https:\/\/otech.uaeh.edu.mx\/noti\/ic\/espana-liderara-el-mercado-europeo-de-fibra-en-2024\/\" \/>\n<meta property=\"og:site_name\" content=\"Observatorio Tecnol\u00f3gico de Hidalgo\" \/>\n<meta property=\"article:publisher\" content=\"https:\/\/www.facebook.com\/observatoriouaeh\" \/>\n<meta property=\"article:published_time\" content=\"2019-09-04T15:58:55+00:00\" \/>\n<meta property=\"og:image\" content=\"https:\/\/otech.uaeh.edu.mx\/noti\/wp-content\/uploads\/2019\/09\/world-1264062-960-720.jpg\" \/>\n\t<meta property=\"og:image:width\" content=\"657\" \/>\n\t<meta property=\"og:image:height\" content=\"369\" \/>\n\t<meta property=\"og:image:type\" content=\"image\/jpeg\" \/>\n<meta name=\"author\" content=\"admin\" \/>\n<meta name=\"twitter:card\" content=\"summary_large_image\" \/>\n<meta name=\"twitter:creator\" content=\"@OBSERVATORIOEH\" \/>\n<meta name=\"twitter:site\" content=\"@OBSERVATORIOEH\" \/>\n<meta name=\"twitter:label1\" content=\"Written by\" \/>\n\t<meta name=\"twitter:data1\" content=\"admin\" \/>\n\t<meta name=\"twitter:label2\" content=\"Est. reading time\" \/>\n\t<meta name=\"twitter:data2\" content=\"2 minutes\" \/>\n<script type=\"application\/ld+json\" class=\"yoast-schema-graph\">{\"@context\":\"https:\/\/schema.org\",\"@graph\":[{\"@type\":\"Article\",\"@id\":\"https:\/\/otech.uaeh.edu.mx\/noti\/ic\/espana-liderara-el-mercado-europeo-de-fibra-en-2024\/#article\",\"isPartOf\":{\"@id\":\"https:\/\/otech.uaeh.edu.mx\/noti\/ic\/espana-liderara-el-mercado-europeo-de-fibra-en-2024\/\"},\"author\":{\"name\":\"admin\",\"@id\":\"https:\/\/otech.uaeh.edu.mx\/noti\/#\/schema\/person\/95263d004158ffabcd98137e1d0abc1c\"},\"headline\":\"Espa\u00f1a liderar\u00e1 el mercado europeo de fibra en 2024\",\"datePublished\":\"2019-09-04T15:58:55+00:00\",\"mainEntityOfPage\":{\"@id\":\"https:\/\/otech.uaeh.edu.mx\/noti\/ic\/espana-liderara-el-mercado-europeo-de-fibra-en-2024\/\"},\"wordCount\":435,\"commentCount\":0,\"publisher\":{\"@id\":\"https:\/\/otech.uaeh.edu.mx\/noti\/#organization\"},\"image\":{\"@id\":\"https:\/\/otech.uaeh.edu.mx\/noti\/ic\/espana-liderara-el-mercado-europeo-de-fibra-en-2024\/#primaryimage\"},\"thumbnailUrl\":\"https:\/\/otech.uaeh.edu.mx\/noti\/wp-content\/uploads\/2019\/09\/world-1264062-960-720.jpg\",\"articleSection\":[\"Internet de las cosas\"],\"inLanguage\":\"en-US\",\"potentialAction\":[{\"@type\":\"CommentAction\",\"name\":\"Comment\",\"target\":[\"https:\/\/otech.uaeh.edu.mx\/noti\/ic\/espana-liderara-el-mercado-europeo-de-fibra-en-2024\/#respond\"]}]},{\"@type\":\"WebPage\",\"@id\":\"https:\/\/otech.uaeh.edu.mx\/noti\/ic\/espana-liderara-el-mercado-europeo-de-fibra-en-2024\/\",\"url\":\"https:\/\/otech.uaeh.edu.mx\/noti\/ic\/espana-liderara-el-mercado-europeo-de-fibra-en-2024\/\",\"name\":\"Espa\u00f1a liderar\u00e1 el mercado europeo de fibra en 2024 - Observatorio Tecnol\u00f3gico de Hidalgo\",\"isPartOf\":{\"@id\":\"https:\/\/otech.uaeh.edu.mx\/noti\/#website\"},\"primaryImageOfPage\":{\"@id\":\"https:\/\/otech.uaeh.edu.mx\/noti\/ic\/espana-liderara-el-mercado-europeo-de-fibra-en-2024\/#primaryimage\"},\"image\":{\"@id\":\"https:\/\/otech.uaeh.edu.mx\/noti\/ic\/espana-liderara-el-mercado-europeo-de-fibra-en-2024\/#primaryimage\"},\"thumbnailUrl\":\"https:\/\/otech.uaeh.edu.mx\/noti\/wp-content\/uploads\/2019\/09\/world-1264062-960-720.jpg\",\"datePublished\":\"2019-09-04T15:58:55+00:00\",\"breadcrumb\":{\"@id\":\"https:\/\/otech.uaeh.edu.mx\/noti\/ic\/espana-liderara-el-mercado-europeo-de-fibra-en-2024\/#breadcrumb\"},\"inLanguage\":\"en-US\",\"potentialAction\":[{\"@type\":\"ReadAction\",\"target\":[\"https:\/\/otech.uaeh.edu.mx\/noti\/ic\/espana-liderara-el-mercado-europeo-de-fibra-en-2024\/\"]}]},{\"@type\":\"ImageObject\",\"inLanguage\":\"en-US\",\"@id\":\"https:\/\/otech.uaeh.edu.mx\/noti\/ic\/espana-liderara-el-mercado-europeo-de-fibra-en-2024\/#primaryimage\",\"url\":\"https:\/\/otech.uaeh.edu.mx\/noti\/wp-content\/uploads\/2019\/09\/world-1264062-960-720.jpg\",\"contentUrl\":\"https:\/\/otech.uaeh.edu.mx\/noti\/wp-content\/uploads\/2019\/09\/world-1264062-960-720.jpg\",\"width\":657,\"height\":369},{\"@type\":\"BreadcrumbList\",\"@id\":\"https:\/\/otech.uaeh.edu.mx\/noti\/ic\/espana-liderara-el-mercado-europeo-de-fibra-en-2024\/#breadcrumb\",\"itemListElement\":[{\"@type\":\"ListItem\",\"position\":1,\"name\":\"Inicio\",\"item\":\"https:\/\/otech.uaeh.edu.mx\/noti\/\"},{\"@type\":\"ListItem\",\"position\":2,\"name\":\"Espa\u00f1a liderar\u00e1 el mercado europeo de fibra en 2024\"}]},{\"@type\":\"WebSite\",\"@id\":\"https:\/\/otech.uaeh.edu.mx\/noti\/#website\",\"url\":\"https:\/\/otech.uaeh.edu.mx\/noti\/\",\"name\":\"Observatorio Tecnol\u00f3gico de Hidalgo\",\"description\":\"\",\"publisher\":{\"@id\":\"https:\/\/otech.uaeh.edu.mx\/noti\/#organization\"},\"potentialAction\":[{\"@type\":\"SearchAction\",\"target\":{\"@type\":\"EntryPoint\",\"urlTemplate\":\"https:\/\/otech.uaeh.edu.mx\/noti\/?s={search_term_string}\"},\"query-input\":{\"@type\":\"PropertyValueSpecification\",\"valueRequired\":true,\"valueName\":\"search_term_string\"}}],\"inLanguage\":\"en-US\"},{\"@type\":\"Organization\",\"@id\":\"https:\/\/otech.uaeh.edu.mx\/noti\/#organization\",\"name\":\"Observatorio Tecnol\u00f3gico de Hidalgo\",\"url\":\"https:\/\/otech.uaeh.edu.mx\/noti\/\",\"logo\":{\"@type\":\"ImageObject\",\"inLanguage\":\"en-US\",\"@id\":\"https:\/\/otech.uaeh.edu.mx\/noti\/#\/schema\/logo\/image\/\",\"url\":\"https:\/\/otech.uaeh.edu.mx\/noti\/wp-content\/uploads\/2025\/11\/Logo-circulo.png\",\"contentUrl\":\"https:\/\/otech.uaeh.edu.mx\/noti\/wp-content\/uploads\/2025\/11\/Logo-circulo.png\",\"width\":250,\"height\":250,\"caption\":\"Observatorio Tecnol\u00f3gico de Hidalgo\"},\"image\":{\"@id\":\"https:\/\/otech.uaeh.edu.mx\/noti\/#\/schema\/logo\/image\/\"},\"sameAs\":[\"https:\/\/www.facebook.com\/observatoriouaeh\",\"https:\/\/x.com\/OBSERVATORIOEH\"]},{\"@type\":\"Person\",\"@id\":\"https:\/\/otech.uaeh.edu.mx\/noti\/#\/schema\/person\/95263d004158ffabcd98137e1d0abc1c\",\"name\":\"admin\",\"image\":{\"@type\":\"ImageObject\",\"inLanguage\":\"en-US\",\"@id\":\"https:\/\/otech.uaeh.edu.mx\/noti\/#\/schema\/person\/image\/\",\"url\":\"https:\/\/secure.gravatar.com\/avatar\/08dd17208ee6a9e87c5a01c0a5f4c96c8ed24bf05e625630929b5b6a7c1ffa5f?s=96&d=mm&r=g\",\"contentUrl\":\"https:\/\/secure.gravatar.com\/avatar\/08dd17208ee6a9e87c5a01c0a5f4c96c8ed24bf05e625630929b5b6a7c1ffa5f?s=96&d=mm&r=g\",\"caption\":\"admin\"},\"url\":\"https:\/\/otech.uaeh.edu.mx\/noti\/author\/admin\/\"}]}<\/script>\n<!-- \/ Yoast SEO plugin. -->","yoast_head_json":{"title":"Espa\u00f1a liderar\u00e1 el mercado europeo de fibra en 2024 - Observatorio Tecnol\u00f3gico de Hidalgo","robots":{"index":"index","follow":"follow","max-snippet":"max-snippet:-1","max-image-preview":"max-image-preview:large","max-video-preview":"max-video-preview:-1"},"canonical":"https:\/\/otech.uaeh.edu.mx\/noti\/ic\/espana-liderara-el-mercado-europeo-de-fibra-en-2024\/","og_locale":"en_US","og_type":"article","og_title":"Espa\u00f1a liderar\u00e1 el mercado europeo de fibra en 2024 - Observatorio Tecnol\u00f3gico de Hidalgo","og_description":"Esta ser\u00e1 la tecnolog\u00eda de banda ancha l\u00edder en Europa en cinco a\u00f1os, tras superar al xDSL. El mercado europeo\u00a0de banda ancha experimentar\u00e1 un cambio fundamental en los pr\u00f3ximos a\u00f1os:\u00a0el auge de la adopci\u00f3n de fibra y la ca\u00edda de la tecnolog\u00eda xDSL. As\u00ed lo reflejan las estimaciones de la compa\u00f1\u00eda de an\u00e1lisis GlobalData, que\u00a0sit\u00faa [&hellip;]","og_url":"https:\/\/otech.uaeh.edu.mx\/noti\/ic\/espana-liderara-el-mercado-europeo-de-fibra-en-2024\/","og_site_name":"Observatorio Tecnol\u00f3gico de Hidalgo","article_publisher":"https:\/\/www.facebook.com\/observatoriouaeh","article_published_time":"2019-09-04T15:58:55+00:00","og_image":[{"width":657,"height":369,"url":"https:\/\/otech.uaeh.edu.mx\/noti\/wp-content\/uploads\/2019\/09\/world-1264062-960-720.jpg","type":"image\/jpeg"}],"author":"admin","twitter_card":"summary_large_image","twitter_creator":"@OBSERVATORIOEH","twitter_site":"@OBSERVATORIOEH","twitter_misc":{"Written by":"admin","Est. reading time":"2 minutes"},"schema":{"@context":"https:\/\/schema.org","@graph":[{"@type":"Article","@id":"https:\/\/otech.uaeh.edu.mx\/noti\/ic\/espana-liderara-el-mercado-europeo-de-fibra-en-2024\/#article","isPartOf":{"@id":"https:\/\/otech.uaeh.edu.mx\/noti\/ic\/espana-liderara-el-mercado-europeo-de-fibra-en-2024\/"},"author":{"name":"admin","@id":"https:\/\/otech.uaeh.edu.mx\/noti\/#\/schema\/person\/95263d004158ffabcd98137e1d0abc1c"},"headline":"Espa\u00f1a liderar\u00e1 el mercado europeo de fibra en 2024","datePublished":"2019-09-04T15:58:55+00:00","mainEntityOfPage":{"@id":"https:\/\/otech.uaeh.edu.mx\/noti\/ic\/espana-liderara-el-mercado-europeo-de-fibra-en-2024\/"},"wordCount":435,"commentCount":0,"publisher":{"@id":"https:\/\/otech.uaeh.edu.mx\/noti\/#organization"},"image":{"@id":"https:\/\/otech.uaeh.edu.mx\/noti\/ic\/espana-liderara-el-mercado-europeo-de-fibra-en-2024\/#primaryimage"},"thumbnailUrl":"https:\/\/otech.uaeh.edu.mx\/noti\/wp-content\/uploads\/2019\/09\/world-1264062-960-720.jpg","articleSection":["Internet de las cosas"],"inLanguage":"en-US","potentialAction":[{"@type":"CommentAction","name":"Comment","target":["https:\/\/otech.uaeh.edu.mx\/noti\/ic\/espana-liderara-el-mercado-europeo-de-fibra-en-2024\/#respond"]}]},{"@type":"WebPage","@id":"https:\/\/otech.uaeh.edu.mx\/noti\/ic\/espana-liderara-el-mercado-europeo-de-fibra-en-2024\/","url":"https:\/\/otech.uaeh.edu.mx\/noti\/ic\/espana-liderara-el-mercado-europeo-de-fibra-en-2024\/","name":"Espa\u00f1a liderar\u00e1 el mercado europeo de fibra en 2024 - Observatorio Tecnol\u00f3gico de Hidalgo","isPartOf":{"@id":"https:\/\/otech.uaeh.edu.mx\/noti\/#website"},"primaryImageOfPage":{"@id":"https:\/\/otech.uaeh.edu.mx\/noti\/ic\/espana-liderara-el-mercado-europeo-de-fibra-en-2024\/#primaryimage"},"image":{"@id":"https:\/\/otech.uaeh.edu.mx\/noti\/ic\/espana-liderara-el-mercado-europeo-de-fibra-en-2024\/#primaryimage"},"thumbnailUrl":"https:\/\/otech.uaeh.edu.mx\/noti\/wp-content\/uploads\/2019\/09\/world-1264062-960-720.jpg","datePublished":"2019-09-04T15:58:55+00:00","breadcrumb":{"@id":"https:\/\/otech.uaeh.edu.mx\/noti\/ic\/espana-liderara-el-mercado-europeo-de-fibra-en-2024\/#breadcrumb"},"inLanguage":"en-US","potentialAction":[{"@type":"ReadAction","target":["https:\/\/otech.uaeh.edu.mx\/noti\/ic\/espana-liderara-el-mercado-europeo-de-fibra-en-2024\/"]}]},{"@type":"ImageObject","inLanguage":"en-US","@id":"https:\/\/otech.uaeh.edu.mx\/noti\/ic\/espana-liderara-el-mercado-europeo-de-fibra-en-2024\/#primaryimage","url":"https:\/\/otech.uaeh.edu.mx\/noti\/wp-content\/uploads\/2019\/09\/world-1264062-960-720.jpg","contentUrl":"https:\/\/otech.uaeh.edu.mx\/noti\/wp-content\/uploads\/2019\/09\/world-1264062-960-720.jpg","width":657,"height":369},{"@type":"BreadcrumbList","@id":"https:\/\/otech.uaeh.edu.mx\/noti\/ic\/espana-liderara-el-mercado-europeo-de-fibra-en-2024\/#breadcrumb","itemListElement":[{"@type":"ListItem","position":1,"name":"Inicio","item":"https:\/\/otech.uaeh.edu.mx\/noti\/"},{"@type":"ListItem","position":2,"name":"Espa\u00f1a liderar\u00e1 el mercado europeo de fibra en 2024"}]},{"@type":"WebSite","@id":"https:\/\/otech.uaeh.edu.mx\/noti\/#website","url":"https:\/\/otech.uaeh.edu.mx\/noti\/","name":"Observatorio Tecnol\u00f3gico de Hidalgo","description":"","publisher":{"@id":"https:\/\/otech.uaeh.edu.mx\/noti\/#organization"},"potentialAction":[{"@type":"SearchAction","target":{"@type":"EntryPoint","urlTemplate":"https:\/\/otech.uaeh.edu.mx\/noti\/?s={search_term_string}"},"query-input":{"@type":"PropertyValueSpecification","valueRequired":true,"valueName":"search_term_string"}}],"inLanguage":"en-US"},{"@type":"Organization","@id":"https:\/\/otech.uaeh.edu.mx\/noti\/#organization","name":"Observatorio Tecnol\u00f3gico de Hidalgo","url":"https:\/\/otech.uaeh.edu.mx\/noti\/","logo":{"@type":"ImageObject","inLanguage":"en-US","@id":"https:\/\/otech.uaeh.edu.mx\/noti\/#\/schema\/logo\/image\/","url":"https:\/\/otech.uaeh.edu.mx\/noti\/wp-content\/uploads\/2025\/11\/Logo-circulo.png","contentUrl":"https:\/\/otech.uaeh.edu.mx\/noti\/wp-content\/uploads\/2025\/11\/Logo-circulo.png","width":250,"height":250,"caption":"Observatorio Tecnol\u00f3gico de Hidalgo"},"image":{"@id":"https:\/\/otech.uaeh.edu.mx\/noti\/#\/schema\/logo\/image\/"},"sameAs":["https:\/\/www.facebook.com\/observatoriouaeh","https:\/\/x.com\/OBSERVATORIOEH"]},{"@type":"Person","@id":"https:\/\/otech.uaeh.edu.mx\/noti\/#\/schema\/person\/95263d004158ffabcd98137e1d0abc1c","name":"admin","image":{"@type":"ImageObject","inLanguage":"en-US","@id":"https:\/\/otech.uaeh.edu.mx\/noti\/#\/schema\/person\/image\/","url":"https:\/\/secure.gravatar.com\/avatar\/08dd17208ee6a9e87c5a01c0a5f4c96c8ed24bf05e625630929b5b6a7c1ffa5f?s=96&d=mm&r=g","contentUrl":"https:\/\/secure.gravatar.com\/avatar\/08dd17208ee6a9e87c5a01c0a5f4c96c8ed24bf05e625630929b5b6a7c1ffa5f?s=96&d=mm&r=g","caption":"admin"},"url":"https:\/\/otech.uaeh.edu.mx\/noti\/author\/admin\/"}]}},"_links":{"self":[{"href":"https:\/\/otech.uaeh.edu.mx\/noti\/wp-json\/wp\/v2\/posts\/18159","targetHints":{"allow":["GET"]}}],"collection":[{"href":"https:\/\/otech.uaeh.edu.mx\/noti\/wp-json\/wp\/v2\/posts"}],"about":[{"href":"https:\/\/otech.uaeh.edu.mx\/noti\/wp-json\/wp\/v2\/types\/post"}],"author":[{"embeddable":true,"href":"https:\/\/otech.uaeh.edu.mx\/noti\/wp-json\/wp\/v2\/users\/1"}],"replies":[{"embeddable":true,"href":"https:\/\/otech.uaeh.edu.mx\/noti\/wp-json\/wp\/v2\/comments?post=18159"}],"version-history":[{"count":1,"href":"https:\/\/otech.uaeh.edu.mx\/noti\/wp-json\/wp\/v2\/posts\/18159\/revisions"}],"predecessor-version":[{"id":18161,"href":"https:\/\/otech.uaeh.edu.mx\/noti\/wp-json\/wp\/v2\/posts\/18159\/revisions\/18161"}],"wp:featuredmedia":[{"embeddable":true,"href":"https:\/\/otech.uaeh.edu.mx\/noti\/wp-json\/wp\/v2\/media\/18160"}],"wp:attachment":[{"href":"https:\/\/otech.uaeh.edu.mx\/noti\/wp-json\/wp\/v2\/media?parent=18159"}],"wp:term":[{"taxonomy":"category","embeddable":true,"href":"https:\/\/otech.uaeh.edu.mx\/noti\/wp-json\/wp\/v2\/categories?post=18159"},{"taxonomy":"post_tag","embeddable":true,"href":"https:\/\/otech.uaeh.edu.mx\/noti\/wp-json\/wp\/v2\/tags?post=18159"}],"curies":[{"name":"wp","href":"https:\/\/api.w.org\/{rel}","templated":true}]}}