{"id":18699,"date":"2019-09-27T08:56:24","date_gmt":"2019-09-27T14:56:24","guid":{"rendered":"http:\/\/otech.uaeh.edu.mx\/noti\/?p=18699"},"modified":"2019-09-27T08:57:34","modified_gmt":"2019-09-27T14:57:34","slug":"con-la-realidad-aumentada-lo-virtual-habitara-entre-nosotros","status":"publish","type":"post","link":"https:\/\/otech.uaeh.edu.mx\/noti\/tech\/con-la-realidad-aumentada-lo-virtual-habitara-entre-nosotros\/","title":{"rendered":"Con la realidad aumentada lo virtual habitar\u00e1 entre nosotros"},"content":{"rendered":"<p style=\"text-align: justify;\"><span style=\"color: #000000;\">asta ahora el mundo virtual, hecho de ceros y unos, est\u00e1 confinado en una pantalla. La pantalla es la superficie de un espejo que separa el mundo que pisamos del que se refleja al otro lado. En el que estamos decimos que es real y el especular, virtual. La frontera entre ambos ha conseguido ser l\u00edquida, como una l\u00e1mina de agua que responde a nuestros roces con los dedos. Pero sigue la separaci\u00f3n y el confinamiento.<!--more--><\/span><\/p>\n<p style=\"text-align: justify;\"><span style=\"color: #000000;\">Esta contenci\u00f3n de lo virtual tras la pantalla muy posiblemente dejar\u00e1 paso a un derrame por todo nuestro entorno. Y lo virtual ya no se mostrar\u00e1 enmarcado, sino que se manifestar\u00e1 por cualquier rinc\u00f3n de nuestros lugares. Podr\u00edamos decir que con la realidad aumentada lo virtual se nos\u00a0<strong>aparece<\/strong>. Y que esas apariciones (s\u00ed, podr\u00edamos calificarlas de fantasmag\u00f3ricas) se producen entre nuestros objetos pr\u00f3ximos y cotidianos.<\/span><\/p>\n<p style=\"text-align: justify;\"><span style=\"color: #000000;\">Podr\u00e1n manifestarse como capas de mayor o menor transparencia que velan sin ocultar algo de nuestro entorno y tambi\u00e9n como vol\u00famenes que se colocan y, por tanto, toman lugar entre los objetos materiales.<\/span><\/p>\n<p style=\"text-align: justify;\"><span style=\"color: #000000;\">Por el momento, nos aproximamos a una pantalla para asomarnos al mundo digital y nos relacionamos tocando su l\u00e1mina de agua que nos divide. Cuando el mundo digital tenga lugar entre nosotros y no permanezca confinado tras un espejo, se revelar\u00e1 ante nuestra presencia en el lugar y por nuestra mirada, de igual modo que cualquier objeto real.<\/span><\/p>\n<section class=\"sumario_html centro\" id=\"sumario_1|html\">\n<div class=\"sumario__interior\">\n<div class=\"sumario-texto\">\n<blockquote><p><span style=\"color: #000000;\">El comunicador de tarima o de libro tiene que aprender a construir su discurso en otro entorno y con otros medios.<\/span><\/p><\/blockquote>\n<\/div>\n<\/div>\n<\/section>\n<p style=\"text-align: justify;\"><span style=\"color: #000000;\">Ser\u00e1 dif\u00edcil entender la realidad aumentada sin que vaya acompa\u00f1ada de un desarrollo de la oralidad. La palabra hablada posibilita que la informaci\u00f3n textual no se interponga entre lo que se quiere mirar del entorno o que haga desviar la mirada para atender a la lectura. Y es que la m\u00e1s sugestiva promesa de la realidad aumentada residir\u00e1 en que el mundo virtual no nos despegue del real, del entorno, sino que se distribuya por el entorno. Por eso la oralidad refuerza ese prop\u00f3sito, pues quien te habla puede estar a tu lado, no necesariamente frente a ti, y t\u00fa escucharlo y preguntarle sin mirarlo. As\u00ed que la implantaci\u00f3n de la realidad aumentada supondr\u00e1 la compa\u00f1\u00eda de un asistente que, a tu lado, te dar\u00e1 de palabra la informaci\u00f3n, y tener as\u00ed despejada la mirada para percibir un entorno de objetos materiales enriquecido con otros virtuales que han encontrado lugar entre aquellos.<\/span><\/p>\n<p style=\"text-align: justify;\"><span style=\"color: #000000;\">La incorporaci\u00f3n de la realidad aumentada, es decir, la pr\u00f3tesis que se precisa est\u00e1 a\u00fan sin conseguir y los tanteos no son satisfactorios. Posiblemente existen ya las condiciones t\u00e9cnicas para su realizaci\u00f3n, pero falta el concepto, el soplo que necesitan unos componentes para que emerja con ellos algo m\u00e1s que un ajuste de piezas, como ha sucedido con otros logros que han producido impactantes radiaciones evolutivas en la tecnolog\u00eda, como es el caso del m\u00f3vil o, anteriormente, la interacci\u00f3n a partir, ya no de un teclado, sino de se\u00f1alar unos objetos virtuales flotando en la pantalla.<\/span><\/p>\n<section class=\"sumario_foto centro\" id=\"sumario_3|foto\">\n<div class=\"sumario__interior\">\n<figure class=\"foto foto_w980\" itemprop=\"image\" itemscope=\"\" itemtype=\"http:\/\/schema.org\/ImageObject\"><span style=\"color: #000000;\"><a href=\"https:\/\/www.ellenvanengelen.be\/\" style=\"color: #000000;\"><img loading=\"lazy\" decoding=\"async\" itemprop=\"url\" src=\"https:\/\/rt00.epimg.net\/retina\/imagenes\/2019\/09\/26\/tendencias\/1569484822_782336_1569486256_sumario_normal.jpg\" width=\"980\" height=\"636\" alt=\"Con la realidad aumentada lo virtual habitar\u00e1 entre nosotros\" srcset=\" \/\/rt00.epimg.net\/retina\/imagenes\/2019\/09\/26\/tendencias\/1569484822_782336_1569486256_sumario_normal_recorte1.jpg 1960w, \/\/rt00.epimg.net\/retina\/imagenes\/2019\/09\/26\/tendencias\/1569484822_782336_1569486256_sumario_normal_recorte2.jpg 720w , \/\/rt00.epimg.net\/retina\/imagenes\/2019\/09\/26\/tendencias\/1569484822_782336_1569486256_sumario_normal.jpg 980w\" \/><\/a><\/span><figcaption class=\"foto-pie\" itemprop=\"caption\"><span class=\"foto-texto\" style=\"color: #000000;\"><span class=\"foto-firma\"><span itemprop=\"author\" class=\"foto-autor\">Ellen van Engelen (WePresent)<\/span><\/span><\/span><\/figcaption><\/figure>\n<\/div>\n<\/section>\n<p style=\"text-align: justify;\"><span style=\"color: #000000;\">Un escenario aumentado de este modo, por donde transitar\u00e1n nuestras vidas, puede ser interpretado como un entorno alterado o, al contrario, como un entorno enriquecido. En el primer caso, para quienes entienden la virtualidad como falsedad y enga\u00f1o, ser\u00e1 motivador de previsiones dist\u00f3picas, ya que lo virtual puede encubrir, con una capa amable, aquello que es desagradable. Pero en el segundo caso, se ver\u00e1 como un nuevo camino que abrir\u00e1 una consideraci\u00f3n distinta de lo virtual y un cambio, de consecuencias imprevisibles, de las formas de relacionarnos con el mundo digital.<\/span><\/p>\n<p style=\"text-align: justify;\"><span style=\"color: #000000;\"><strong>Fuente:\u00a0<\/strong><\/span><\/p>\n<p style=\"text-align: justify;\"><span style=\"color: #000000;\"><em>Antonio Rodr\u00edguez de las Heras, A. R. H. (2019b, 27 septiembre). Con la realidad aumentada lo virtual habitar\u00e1 entre nosotros. Recuperado 27 septiembre, 2019, de https:\/\/retina.elpais.com\/retina\/2019\/09\/26\/tendencias\/1569484822_782336.html<\/em><\/span><\/p>\n","protected":false},"excerpt":{"rendered":"<p>asta ahora el mundo virtual, hecho de ceros y unos, est\u00e1 confinado en una pantalla. La pantalla es la superficie de un espejo que separa el mundo que pisamos del que se refleja al otro lado. En el que estamos decimos que es real y el especular, virtual. La frontera entre ambos ha conseguido ser [&hellip;]<\/p>\n","protected":false},"author":1,"featured_media":18700,"comment_status":"open","ping_status":"open","sticky":false,"template":"","format":"standard","meta":{"footnotes":""},"categories":[3],"tags":[],"class_list":["post-18699","post","type-post","status-publish","format-standard","has-post-thumbnail","hentry","category-tech"],"yoast_head":"<!-- This site is optimized with the Yoast SEO plugin v26.7 - https:\/\/yoast.com\/wordpress\/plugins\/seo\/ -->\n<title>Con la realidad aumentada lo virtual habitar\u00e1 entre nosotros - Observatorio Tecnol\u00f3gico de Hidalgo<\/title>\n<meta name=\"robots\" content=\"index, follow, max-snippet:-1, max-image-preview:large, max-video-preview:-1\" \/>\n<link rel=\"canonical\" href=\"https:\/\/otech.uaeh.edu.mx\/noti\/tech\/con-la-realidad-aumentada-lo-virtual-habitara-entre-nosotros\/\" \/>\n<meta property=\"og:locale\" content=\"en_US\" \/>\n<meta property=\"og:type\" content=\"article\" \/>\n<meta property=\"og:title\" content=\"Con la realidad aumentada lo virtual habitar\u00e1 entre nosotros - Observatorio Tecnol\u00f3gico de Hidalgo\" \/>\n<meta property=\"og:description\" content=\"asta ahora el mundo virtual, hecho de ceros y unos, est\u00e1 confinado en una pantalla. La pantalla es la superficie de un espejo que separa el mundo que pisamos del que se refleja al otro lado. En el que estamos decimos que es real y el especular, virtual. La frontera entre ambos ha conseguido ser [&hellip;]\" \/>\n<meta property=\"og:url\" content=\"https:\/\/otech.uaeh.edu.mx\/noti\/tech\/con-la-realidad-aumentada-lo-virtual-habitara-entre-nosotros\/\" \/>\n<meta property=\"og:site_name\" content=\"Observatorio Tecnol\u00f3gico de Hidalgo\" \/>\n<meta property=\"article:publisher\" content=\"https:\/\/www.facebook.com\/observatoriouaeh\" \/>\n<meta property=\"article:published_time\" content=\"2019-09-27T14:56:24+00:00\" \/>\n<meta property=\"article:modified_time\" content=\"2019-09-27T14:57:34+00:00\" \/>\n<meta property=\"og:image\" content=\"https:\/\/otech.uaeh.edu.mx\/noti\/wp-content\/uploads\/2019\/09\/Notic.9-13.jpg\" \/>\n\t<meta property=\"og:image:width\" content=\"600\" \/>\n\t<meta property=\"og:image:height\" content=\"450\" \/>\n\t<meta property=\"og:image:type\" content=\"image\/jpeg\" \/>\n<meta name=\"author\" content=\"admin\" \/>\n<meta name=\"twitter:card\" content=\"summary_large_image\" \/>\n<meta name=\"twitter:creator\" content=\"@OBSERVATORIOEH\" \/>\n<meta name=\"twitter:site\" content=\"@OBSERVATORIOEH\" \/>\n<meta name=\"twitter:label1\" content=\"Written by\" \/>\n\t<meta name=\"twitter:data1\" content=\"admin\" \/>\n\t<meta name=\"twitter:label2\" content=\"Est. reading time\" \/>\n\t<meta name=\"twitter:data2\" content=\"3 minutes\" \/>\n<script type=\"application\/ld+json\" class=\"yoast-schema-graph\">{\"@context\":\"https:\/\/schema.org\",\"@graph\":[{\"@type\":\"Article\",\"@id\":\"https:\/\/otech.uaeh.edu.mx\/noti\/tech\/con-la-realidad-aumentada-lo-virtual-habitara-entre-nosotros\/#article\",\"isPartOf\":{\"@id\":\"https:\/\/otech.uaeh.edu.mx\/noti\/tech\/con-la-realidad-aumentada-lo-virtual-habitara-entre-nosotros\/\"},\"author\":{\"name\":\"admin\",\"@id\":\"https:\/\/otech.uaeh.edu.mx\/noti\/#\/schema\/person\/95263d004158ffabcd98137e1d0abc1c\"},\"headline\":\"Con la realidad aumentada lo virtual habitar\u00e1 entre nosotros\",\"datePublished\":\"2019-09-27T14:56:24+00:00\",\"dateModified\":\"2019-09-27T14:57:34+00:00\",\"mainEntityOfPage\":{\"@id\":\"https:\/\/otech.uaeh.edu.mx\/noti\/tech\/con-la-realidad-aumentada-lo-virtual-habitara-entre-nosotros\/\"},\"wordCount\":672,\"commentCount\":0,\"publisher\":{\"@id\":\"https:\/\/otech.uaeh.edu.mx\/noti\/#organization\"},\"image\":{\"@id\":\"https:\/\/otech.uaeh.edu.mx\/noti\/tech\/con-la-realidad-aumentada-lo-virtual-habitara-entre-nosotros\/#primaryimage\"},\"thumbnailUrl\":\"https:\/\/otech.uaeh.edu.mx\/noti\/wp-content\/uploads\/2019\/09\/Notic.9-13.jpg\",\"articleSection\":[\"Tecnolog\u00eda\"],\"inLanguage\":\"en-US\",\"potentialAction\":[{\"@type\":\"CommentAction\",\"name\":\"Comment\",\"target\":[\"https:\/\/otech.uaeh.edu.mx\/noti\/tech\/con-la-realidad-aumentada-lo-virtual-habitara-entre-nosotros\/#respond\"]}]},{\"@type\":\"WebPage\",\"@id\":\"https:\/\/otech.uaeh.edu.mx\/noti\/tech\/con-la-realidad-aumentada-lo-virtual-habitara-entre-nosotros\/\",\"url\":\"https:\/\/otech.uaeh.edu.mx\/noti\/tech\/con-la-realidad-aumentada-lo-virtual-habitara-entre-nosotros\/\",\"name\":\"Con la realidad aumentada lo virtual habitar\u00e1 entre nosotros - Observatorio Tecnol\u00f3gico de Hidalgo\",\"isPartOf\":{\"@id\":\"https:\/\/otech.uaeh.edu.mx\/noti\/#website\"},\"primaryImageOfPage\":{\"@id\":\"https:\/\/otech.uaeh.edu.mx\/noti\/tech\/con-la-realidad-aumentada-lo-virtual-habitara-entre-nosotros\/#primaryimage\"},\"image\":{\"@id\":\"https:\/\/otech.uaeh.edu.mx\/noti\/tech\/con-la-realidad-aumentada-lo-virtual-habitara-entre-nosotros\/#primaryimage\"},\"thumbnailUrl\":\"https:\/\/otech.uaeh.edu.mx\/noti\/wp-content\/uploads\/2019\/09\/Notic.9-13.jpg\",\"datePublished\":\"2019-09-27T14:56:24+00:00\",\"dateModified\":\"2019-09-27T14:57:34+00:00\",\"breadcrumb\":{\"@id\":\"https:\/\/otech.uaeh.edu.mx\/noti\/tech\/con-la-realidad-aumentada-lo-virtual-habitara-entre-nosotros\/#breadcrumb\"},\"inLanguage\":\"en-US\",\"potentialAction\":[{\"@type\":\"ReadAction\",\"target\":[\"https:\/\/otech.uaeh.edu.mx\/noti\/tech\/con-la-realidad-aumentada-lo-virtual-habitara-entre-nosotros\/\"]}]},{\"@type\":\"ImageObject\",\"inLanguage\":\"en-US\",\"@id\":\"https:\/\/otech.uaeh.edu.mx\/noti\/tech\/con-la-realidad-aumentada-lo-virtual-habitara-entre-nosotros\/#primaryimage\",\"url\":\"https:\/\/otech.uaeh.edu.mx\/noti\/wp-content\/uploads\/2019\/09\/Notic.9-13.jpg\",\"contentUrl\":\"https:\/\/otech.uaeh.edu.mx\/noti\/wp-content\/uploads\/2019\/09\/Notic.9-13.jpg\",\"width\":600,\"height\":450},{\"@type\":\"BreadcrumbList\",\"@id\":\"https:\/\/otech.uaeh.edu.mx\/noti\/tech\/con-la-realidad-aumentada-lo-virtual-habitara-entre-nosotros\/#breadcrumb\",\"itemListElement\":[{\"@type\":\"ListItem\",\"position\":1,\"name\":\"Inicio\",\"item\":\"https:\/\/otech.uaeh.edu.mx\/noti\/\"},{\"@type\":\"ListItem\",\"position\":2,\"name\":\"Con la realidad aumentada lo virtual habitar\u00e1 entre nosotros\"}]},{\"@type\":\"WebSite\",\"@id\":\"https:\/\/otech.uaeh.edu.mx\/noti\/#website\",\"url\":\"https:\/\/otech.uaeh.edu.mx\/noti\/\",\"name\":\"Observatorio Tecnol\u00f3gico de Hidalgo\",\"description\":\"\",\"publisher\":{\"@id\":\"https:\/\/otech.uaeh.edu.mx\/noti\/#organization\"},\"potentialAction\":[{\"@type\":\"SearchAction\",\"target\":{\"@type\":\"EntryPoint\",\"urlTemplate\":\"https:\/\/otech.uaeh.edu.mx\/noti\/?s={search_term_string}\"},\"query-input\":{\"@type\":\"PropertyValueSpecification\",\"valueRequired\":true,\"valueName\":\"search_term_string\"}}],\"inLanguage\":\"en-US\"},{\"@type\":\"Organization\",\"@id\":\"https:\/\/otech.uaeh.edu.mx\/noti\/#organization\",\"name\":\"Observatorio Tecnol\u00f3gico de Hidalgo\",\"url\":\"https:\/\/otech.uaeh.edu.mx\/noti\/\",\"logo\":{\"@type\":\"ImageObject\",\"inLanguage\":\"en-US\",\"@id\":\"https:\/\/otech.uaeh.edu.mx\/noti\/#\/schema\/logo\/image\/\",\"url\":\"https:\/\/otech.uaeh.edu.mx\/noti\/wp-content\/uploads\/2025\/11\/Logo-circulo.png\",\"contentUrl\":\"https:\/\/otech.uaeh.edu.mx\/noti\/wp-content\/uploads\/2025\/11\/Logo-circulo.png\",\"width\":250,\"height\":250,\"caption\":\"Observatorio Tecnol\u00f3gico de Hidalgo\"},\"image\":{\"@id\":\"https:\/\/otech.uaeh.edu.mx\/noti\/#\/schema\/logo\/image\/\"},\"sameAs\":[\"https:\/\/www.facebook.com\/observatoriouaeh\",\"https:\/\/x.com\/OBSERVATORIOEH\"]},{\"@type\":\"Person\",\"@id\":\"https:\/\/otech.uaeh.edu.mx\/noti\/#\/schema\/person\/95263d004158ffabcd98137e1d0abc1c\",\"name\":\"admin\",\"image\":{\"@type\":\"ImageObject\",\"inLanguage\":\"en-US\",\"@id\":\"https:\/\/otech.uaeh.edu.mx\/noti\/#\/schema\/person\/image\/\",\"url\":\"https:\/\/secure.gravatar.com\/avatar\/08dd17208ee6a9e87c5a01c0a5f4c96c8ed24bf05e625630929b5b6a7c1ffa5f?s=96&d=mm&r=g\",\"contentUrl\":\"https:\/\/secure.gravatar.com\/avatar\/08dd17208ee6a9e87c5a01c0a5f4c96c8ed24bf05e625630929b5b6a7c1ffa5f?s=96&d=mm&r=g\",\"caption\":\"admin\"},\"url\":\"https:\/\/otech.uaeh.edu.mx\/noti\/author\/admin\/\"}]}<\/script>\n<!-- \/ Yoast SEO plugin. -->","yoast_head_json":{"title":"Con la realidad aumentada lo virtual habitar\u00e1 entre nosotros - Observatorio Tecnol\u00f3gico de Hidalgo","robots":{"index":"index","follow":"follow","max-snippet":"max-snippet:-1","max-image-preview":"max-image-preview:large","max-video-preview":"max-video-preview:-1"},"canonical":"https:\/\/otech.uaeh.edu.mx\/noti\/tech\/con-la-realidad-aumentada-lo-virtual-habitara-entre-nosotros\/","og_locale":"en_US","og_type":"article","og_title":"Con la realidad aumentada lo virtual habitar\u00e1 entre nosotros - Observatorio Tecnol\u00f3gico de Hidalgo","og_description":"asta ahora el mundo virtual, hecho de ceros y unos, est\u00e1 confinado en una pantalla. La pantalla es la superficie de un espejo que separa el mundo que pisamos del que se refleja al otro lado. En el que estamos decimos que es real y el especular, virtual. La frontera entre ambos ha conseguido ser [&hellip;]","og_url":"https:\/\/otech.uaeh.edu.mx\/noti\/tech\/con-la-realidad-aumentada-lo-virtual-habitara-entre-nosotros\/","og_site_name":"Observatorio Tecnol\u00f3gico de Hidalgo","article_publisher":"https:\/\/www.facebook.com\/observatoriouaeh","article_published_time":"2019-09-27T14:56:24+00:00","article_modified_time":"2019-09-27T14:57:34+00:00","og_image":[{"width":600,"height":450,"url":"https:\/\/otech.uaeh.edu.mx\/noti\/wp-content\/uploads\/2019\/09\/Notic.9-13.jpg","type":"image\/jpeg"}],"author":"admin","twitter_card":"summary_large_image","twitter_creator":"@OBSERVATORIOEH","twitter_site":"@OBSERVATORIOEH","twitter_misc":{"Written by":"admin","Est. reading time":"3 minutes"},"schema":{"@context":"https:\/\/schema.org","@graph":[{"@type":"Article","@id":"https:\/\/otech.uaeh.edu.mx\/noti\/tech\/con-la-realidad-aumentada-lo-virtual-habitara-entre-nosotros\/#article","isPartOf":{"@id":"https:\/\/otech.uaeh.edu.mx\/noti\/tech\/con-la-realidad-aumentada-lo-virtual-habitara-entre-nosotros\/"},"author":{"name":"admin","@id":"https:\/\/otech.uaeh.edu.mx\/noti\/#\/schema\/person\/95263d004158ffabcd98137e1d0abc1c"},"headline":"Con la realidad aumentada lo virtual habitar\u00e1 entre nosotros","datePublished":"2019-09-27T14:56:24+00:00","dateModified":"2019-09-27T14:57:34+00:00","mainEntityOfPage":{"@id":"https:\/\/otech.uaeh.edu.mx\/noti\/tech\/con-la-realidad-aumentada-lo-virtual-habitara-entre-nosotros\/"},"wordCount":672,"commentCount":0,"publisher":{"@id":"https:\/\/otech.uaeh.edu.mx\/noti\/#organization"},"image":{"@id":"https:\/\/otech.uaeh.edu.mx\/noti\/tech\/con-la-realidad-aumentada-lo-virtual-habitara-entre-nosotros\/#primaryimage"},"thumbnailUrl":"https:\/\/otech.uaeh.edu.mx\/noti\/wp-content\/uploads\/2019\/09\/Notic.9-13.jpg","articleSection":["Tecnolog\u00eda"],"inLanguage":"en-US","potentialAction":[{"@type":"CommentAction","name":"Comment","target":["https:\/\/otech.uaeh.edu.mx\/noti\/tech\/con-la-realidad-aumentada-lo-virtual-habitara-entre-nosotros\/#respond"]}]},{"@type":"WebPage","@id":"https:\/\/otech.uaeh.edu.mx\/noti\/tech\/con-la-realidad-aumentada-lo-virtual-habitara-entre-nosotros\/","url":"https:\/\/otech.uaeh.edu.mx\/noti\/tech\/con-la-realidad-aumentada-lo-virtual-habitara-entre-nosotros\/","name":"Con la realidad aumentada lo virtual habitar\u00e1 entre nosotros - Observatorio Tecnol\u00f3gico de Hidalgo","isPartOf":{"@id":"https:\/\/otech.uaeh.edu.mx\/noti\/#website"},"primaryImageOfPage":{"@id":"https:\/\/otech.uaeh.edu.mx\/noti\/tech\/con-la-realidad-aumentada-lo-virtual-habitara-entre-nosotros\/#primaryimage"},"image":{"@id":"https:\/\/otech.uaeh.edu.mx\/noti\/tech\/con-la-realidad-aumentada-lo-virtual-habitara-entre-nosotros\/#primaryimage"},"thumbnailUrl":"https:\/\/otech.uaeh.edu.mx\/noti\/wp-content\/uploads\/2019\/09\/Notic.9-13.jpg","datePublished":"2019-09-27T14:56:24+00:00","dateModified":"2019-09-27T14:57:34+00:00","breadcrumb":{"@id":"https:\/\/otech.uaeh.edu.mx\/noti\/tech\/con-la-realidad-aumentada-lo-virtual-habitara-entre-nosotros\/#breadcrumb"},"inLanguage":"en-US","potentialAction":[{"@type":"ReadAction","target":["https:\/\/otech.uaeh.edu.mx\/noti\/tech\/con-la-realidad-aumentada-lo-virtual-habitara-entre-nosotros\/"]}]},{"@type":"ImageObject","inLanguage":"en-US","@id":"https:\/\/otech.uaeh.edu.mx\/noti\/tech\/con-la-realidad-aumentada-lo-virtual-habitara-entre-nosotros\/#primaryimage","url":"https:\/\/otech.uaeh.edu.mx\/noti\/wp-content\/uploads\/2019\/09\/Notic.9-13.jpg","contentUrl":"https:\/\/otech.uaeh.edu.mx\/noti\/wp-content\/uploads\/2019\/09\/Notic.9-13.jpg","width":600,"height":450},{"@type":"BreadcrumbList","@id":"https:\/\/otech.uaeh.edu.mx\/noti\/tech\/con-la-realidad-aumentada-lo-virtual-habitara-entre-nosotros\/#breadcrumb","itemListElement":[{"@type":"ListItem","position":1,"name":"Inicio","item":"https:\/\/otech.uaeh.edu.mx\/noti\/"},{"@type":"ListItem","position":2,"name":"Con la realidad aumentada lo virtual habitar\u00e1 entre nosotros"}]},{"@type":"WebSite","@id":"https:\/\/otech.uaeh.edu.mx\/noti\/#website","url":"https:\/\/otech.uaeh.edu.mx\/noti\/","name":"Observatorio Tecnol\u00f3gico de Hidalgo","description":"","publisher":{"@id":"https:\/\/otech.uaeh.edu.mx\/noti\/#organization"},"potentialAction":[{"@type":"SearchAction","target":{"@type":"EntryPoint","urlTemplate":"https:\/\/otech.uaeh.edu.mx\/noti\/?s={search_term_string}"},"query-input":{"@type":"PropertyValueSpecification","valueRequired":true,"valueName":"search_term_string"}}],"inLanguage":"en-US"},{"@type":"Organization","@id":"https:\/\/otech.uaeh.edu.mx\/noti\/#organization","name":"Observatorio Tecnol\u00f3gico de Hidalgo","url":"https:\/\/otech.uaeh.edu.mx\/noti\/","logo":{"@type":"ImageObject","inLanguage":"en-US","@id":"https:\/\/otech.uaeh.edu.mx\/noti\/#\/schema\/logo\/image\/","url":"https:\/\/otech.uaeh.edu.mx\/noti\/wp-content\/uploads\/2025\/11\/Logo-circulo.png","contentUrl":"https:\/\/otech.uaeh.edu.mx\/noti\/wp-content\/uploads\/2025\/11\/Logo-circulo.png","width":250,"height":250,"caption":"Observatorio Tecnol\u00f3gico de Hidalgo"},"image":{"@id":"https:\/\/otech.uaeh.edu.mx\/noti\/#\/schema\/logo\/image\/"},"sameAs":["https:\/\/www.facebook.com\/observatoriouaeh","https:\/\/x.com\/OBSERVATORIOEH"]},{"@type":"Person","@id":"https:\/\/otech.uaeh.edu.mx\/noti\/#\/schema\/person\/95263d004158ffabcd98137e1d0abc1c","name":"admin","image":{"@type":"ImageObject","inLanguage":"en-US","@id":"https:\/\/otech.uaeh.edu.mx\/noti\/#\/schema\/person\/image\/","url":"https:\/\/secure.gravatar.com\/avatar\/08dd17208ee6a9e87c5a01c0a5f4c96c8ed24bf05e625630929b5b6a7c1ffa5f?s=96&d=mm&r=g","contentUrl":"https:\/\/secure.gravatar.com\/avatar\/08dd17208ee6a9e87c5a01c0a5f4c96c8ed24bf05e625630929b5b6a7c1ffa5f?s=96&d=mm&r=g","caption":"admin"},"url":"https:\/\/otech.uaeh.edu.mx\/noti\/author\/admin\/"}]}},"_links":{"self":[{"href":"https:\/\/otech.uaeh.edu.mx\/noti\/wp-json\/wp\/v2\/posts\/18699","targetHints":{"allow":["GET"]}}],"collection":[{"href":"https:\/\/otech.uaeh.edu.mx\/noti\/wp-json\/wp\/v2\/posts"}],"about":[{"href":"https:\/\/otech.uaeh.edu.mx\/noti\/wp-json\/wp\/v2\/types\/post"}],"author":[{"embeddable":true,"href":"https:\/\/otech.uaeh.edu.mx\/noti\/wp-json\/wp\/v2\/users\/1"}],"replies":[{"embeddable":true,"href":"https:\/\/otech.uaeh.edu.mx\/noti\/wp-json\/wp\/v2\/comments?post=18699"}],"version-history":[{"count":2,"href":"https:\/\/otech.uaeh.edu.mx\/noti\/wp-json\/wp\/v2\/posts\/18699\/revisions"}],"predecessor-version":[{"id":18702,"href":"https:\/\/otech.uaeh.edu.mx\/noti\/wp-json\/wp\/v2\/posts\/18699\/revisions\/18702"}],"wp:featuredmedia":[{"embeddable":true,"href":"https:\/\/otech.uaeh.edu.mx\/noti\/wp-json\/wp\/v2\/media\/18700"}],"wp:attachment":[{"href":"https:\/\/otech.uaeh.edu.mx\/noti\/wp-json\/wp\/v2\/media?parent=18699"}],"wp:term":[{"taxonomy":"category","embeddable":true,"href":"https:\/\/otech.uaeh.edu.mx\/noti\/wp-json\/wp\/v2\/categories?post=18699"},{"taxonomy":"post_tag","embeddable":true,"href":"https:\/\/otech.uaeh.edu.mx\/noti\/wp-json\/wp\/v2\/tags?post=18699"}],"curies":[{"name":"wp","href":"https:\/\/api.w.org\/{rel}","templated":true}]}}