{"id":18923,"date":"2019-10-07T09:41:43","date_gmt":"2019-10-07T15:41:43","guid":{"rendered":"http:\/\/otech.uaeh.edu.mx\/noti\/?p=18923"},"modified":"2019-10-07T09:51:07","modified_gmt":"2019-10-07T15:51:07","slug":"sin-desarrollo-social-inclusivo-no-habra-bienestar-ni-futuro","status":"publish","type":"post","link":"https:\/\/otech.uaeh.edu.mx\/noti\/articulo-otech\/sin-desarrollo-social-inclusivo-no-habra-bienestar-ni-futuro\/","title":{"rendered":"Sin Desarrollo Social Inclusivo No habr\u00e1 bienestar ni futuro"},"content":{"rendered":"<p style=\"text-align: justify;\">La diferencia que represent\u00f3 en la era medieval, fueron las capacidades militares, con base a ellas y la b\u00fasqueda de nuevos mercados, las naciones m\u00e1s fuertes invadieron y colonizaron los territorios con poblaciones vulnerables, gener\u00e1ndose un enriquecimiento, no por realizar actividades econ\u00f3micas sino por el saqueo, la despiadada explotaci\u00f3n y el sometimiento de los pueblos conquistados, propiciando la profundizaci\u00f3n del empobrecimiento. A esto se le llamo la acumulaci\u00f3n originaria del capital.<!--more--><\/p>\n<p style=\"text-align: justify;\">Cuando las regiones conquistadas lograron su independencia pol\u00edtica, las naciones colonialistas les impusieron las cadenas de la deudas financieras, que a la fecha no se acaban ni se acabaran de pagar, en paralelo los descubrimientos cient\u00edficos y las revoluciones tecnol\u00f3gicas, fortalecieron su modelo econ\u00f3mico lo fundamentaron en la creaci\u00f3n de grandes empresas con participaci\u00f3n en todos los pa\u00edses pol\u00edticamente independientes pero sujetos a las condiciones de mercado, impuestas por esas naciones colonialistas ya transformadas en naciones desarrolladas.<\/p>\n<p style=\"text-align: justify;\">La crisis recesiva anunciada ya est\u00e1 por venir, es diferente a las dem\u00e1s, pero en el fondo es lo mismo, un juego entre las fuerzas pol\u00edticas de aquellos que quieren mantener las condiciones hegem\u00f3nicas y de dominio, frente a las naciones que quieren eliminar la desigualdad y la pobreza.<\/p>\n<p style=\"text-align: justify;\">En las c\u00fapulas del poder econ\u00f3mico y tecnol\u00f3gico, naciones y empresas, centradas en rentabilidades cada vez m\u00e1s altas, ignoran tanto la pobreza que generan, como los riesgos ambientales y clim\u00e1ticos, designan como causas de la crisis, a la globalizaci\u00f3n y la migraci\u00f3n, cuando \u00e9sta es la respuesta a la pobreza derivada de los t\u00e9rminos de injustos en el intercambio de mercanc\u00edas, as\u00ed como del dominio de la propiedad intelectual, limitando el desarrollo tecnol\u00f3gico en las naciones m\u00e1s vulnerables. Para ellos la respuesta a la crisis es el capitalismo progresista, lo que significa una reproducci\u00f3n de las condiciones de empobrecimiento, desigualdad y migraci\u00f3n.<\/p>\n<p style=\"text-align: justify;\">Am\u00e9rica Latina y M\u00e9xico se han venido enfrentando a los flagelos de la pobreza, la desigualdad, la violencia y el rezago tecnol\u00f3gico, que explica la falta de productividad y competitividad de sus estructuras productivas, integradas por los peque\u00f1os productores manufactureros y del campo.<\/p>\n<p style=\"text-align: justify;\">Las grandes empresas trasnacionales solo han aprovechado los recursos naturales y la mano de obra barata, imponiendo patrones de consumo distorsionando las econom\u00edas locales, orientando su actuaci\u00f3n en los criterios del Consenso Washington, fundamento del modelo neoliberal, agravado por la nefasta corrupci\u00f3n, desmantelando, eso s\u00ed, la base social de las econom\u00edas latinoamericanas.<\/p>\n<p style=\"text-align: justify;\">En la inauguraci\u00f3n de la 3\u00aa Reuni\u00f3n de la conferencia Regional del Desarrollo Social de Am\u00e9rica Latina y el Caribe, con la participaci\u00f3n de 28 pa\u00edses, donde la Secretaria Ejecutiva de la CEPAL Alicia B\u00e1rcena expres\u00f3 que \u201cla conferencia es una muestra emocionante de la pertinencia y voluntad colectiva, para acelerar el paso hacia el bienestar social, universal, igualitario. Y por la urgencia de sacar de la pobreza a 184 millones de Latinoamericanos y Caribe\u00f1os, y cerrar la brechas de la persistente desigualdad, que siguen flagelando a nuestra regi\u00f3n\u201d.<\/p>\n<p style=\"text-align: justify;\">La Agenda 2030 para el Desarrollo Sostenible, es un compromiso internacional, para lograr un nuevo modelo de desarrollo basado en la igualdad, la doble inclusi\u00f3n social y laboral, la erradicaci\u00f3n de la pobreza, la sostenibilidad ambiental y el crecimiento econ\u00f3mico.<\/p>\n<p style=\"text-align: justify;\">Para ello ser\u00e1 necesario superar los 8 nudos cr\u00edticos: 1) La pobreza y la vulnerabilidad, 2) las desigualdades estructurales y la cultura del privilegio, 3) las brechas en las capacidades humanas, 4) Los d\u00e9ficits en el trabajo decente y las incertidumbres asociadas a los cambios tecnol\u00f3gicos, 5) la desigualdad en la protecci\u00f3n social, 6) la carencia de una institucionalidad social, 7) la insuficiente inversi\u00f3n social y 8) los desaf\u00edos emergentes como la violencia, el cambio clim\u00e1tico, la migraci\u00f3n, las transiciones demogr\u00e1fica, epidemiol\u00f3gica, nutricional y los cambios tecnol\u00f3gicos, sin faltar las nuevas capacidades requeridas.<\/p>\n<p style=\"text-align: justify;\">De no seguir una ruta para el desarrollo con inclusi\u00f3n social, poniendo a las personas como el centro del modelo, nuestra vulnerabilidad ante las crisis venideras se incrementar\u00e1, con el riesgo de arribar a una sociedad dist\u00f3pica indeseable por sus propios efectos inhumanos.<\/p>\n<p style=\"text-align: justify;\">Actuar sobre la huella social y ambiental es el modelo que superar\u00e1 al neoliberalismo. Igualdad, fundamento y horizonte del desarrollo. \u00bfNo lo cree usted?<\/p>\n","protected":false},"excerpt":{"rendered":"<p>La diferencia que represent\u00f3 en la era medieval, fueron las capacidades militares, con base a ellas y la b\u00fasqueda de nuevos mercados, las naciones m\u00e1s fuertes invadieron y colonizaron los territorios con poblaciones vulnerables, gener\u00e1ndose un enriquecimiento, no por realizar actividades econ\u00f3micas sino por el saqueo, la despiadada explotaci\u00f3n y el sometimiento de los pueblos [&hellip;]<\/p>\n","protected":false},"author":1,"featured_media":18924,"comment_status":"open","ping_status":"open","sticky":false,"template":"","format":"standard","meta":{"footnotes":""},"categories":[33],"tags":[],"class_list":["post-18923","post","type-post","status-publish","format-standard","has-post-thumbnail","hentry","category-articulo-otech"],"yoast_head":"<!-- This site is optimized with the Yoast SEO plugin v26.7 - https:\/\/yoast.com\/wordpress\/plugins\/seo\/ -->\n<title>Sin Desarrollo Social Inclusivo No habr\u00e1 bienestar ni futuro - Observatorio Tecnol\u00f3gico de Hidalgo<\/title>\n<meta name=\"robots\" content=\"index, follow, max-snippet:-1, max-image-preview:large, max-video-preview:-1\" \/>\n<link rel=\"canonical\" href=\"https:\/\/otech.uaeh.edu.mx\/noti\/articulo-otech\/sin-desarrollo-social-inclusivo-no-habra-bienestar-ni-futuro\/\" \/>\n<meta property=\"og:locale\" content=\"en_US\" \/>\n<meta property=\"og:type\" content=\"article\" \/>\n<meta property=\"og:title\" content=\"Sin Desarrollo Social Inclusivo No habr\u00e1 bienestar ni futuro - Observatorio Tecnol\u00f3gico de Hidalgo\" \/>\n<meta property=\"og:description\" content=\"La diferencia que represent\u00f3 en la era medieval, fueron las capacidades militares, con base a ellas y la b\u00fasqueda de nuevos mercados, las naciones m\u00e1s fuertes invadieron y colonizaron los territorios con poblaciones vulnerables, gener\u00e1ndose un enriquecimiento, no por realizar actividades econ\u00f3micas sino por el saqueo, la despiadada explotaci\u00f3n y el sometimiento de los pueblos [&hellip;]\" \/>\n<meta property=\"og:url\" content=\"https:\/\/otech.uaeh.edu.mx\/noti\/articulo-otech\/sin-desarrollo-social-inclusivo-no-habra-bienestar-ni-futuro\/\" \/>\n<meta property=\"og:site_name\" content=\"Observatorio Tecnol\u00f3gico de Hidalgo\" \/>\n<meta property=\"article:publisher\" content=\"https:\/\/www.facebook.com\/observatoriouaeh\" \/>\n<meta property=\"article:published_time\" content=\"2019-10-07T15:41:43+00:00\" \/>\n<meta property=\"article:modified_time\" content=\"2019-10-07T15:51:07+00:00\" \/>\n<meta property=\"og:image\" content=\"https:\/\/otech.uaeh.edu.mx\/noti\/wp-content\/uploads\/2019\/10\/Notic.11-1.jpg\" \/>\n\t<meta property=\"og:image:width\" content=\"600\" \/>\n\t<meta property=\"og:image:height\" content=\"400\" \/>\n\t<meta property=\"og:image:type\" content=\"image\/jpeg\" \/>\n<meta name=\"author\" content=\"admin\" \/>\n<meta name=\"twitter:card\" content=\"summary_large_image\" \/>\n<meta name=\"twitter:creator\" content=\"@OBSERVATORIOEH\" \/>\n<meta name=\"twitter:site\" content=\"@OBSERVATORIOEH\" \/>\n<meta name=\"twitter:label1\" content=\"Written by\" \/>\n\t<meta name=\"twitter:data1\" content=\"admin\" \/>\n\t<meta name=\"twitter:label2\" content=\"Est. reading time\" \/>\n\t<meta name=\"twitter:data2\" content=\"4 minutes\" \/>\n<script type=\"application\/ld+json\" class=\"yoast-schema-graph\">{\"@context\":\"https:\/\/schema.org\",\"@graph\":[{\"@type\":\"Article\",\"@id\":\"https:\/\/otech.uaeh.edu.mx\/noti\/articulo-otech\/sin-desarrollo-social-inclusivo-no-habra-bienestar-ni-futuro\/#article\",\"isPartOf\":{\"@id\":\"https:\/\/otech.uaeh.edu.mx\/noti\/articulo-otech\/sin-desarrollo-social-inclusivo-no-habra-bienestar-ni-futuro\/\"},\"author\":{\"name\":\"admin\",\"@id\":\"https:\/\/otech.uaeh.edu.mx\/noti\/#\/schema\/person\/95263d004158ffabcd98137e1d0abc1c\"},\"headline\":\"Sin Desarrollo Social Inclusivo No habr\u00e1 bienestar ni futuro\",\"datePublished\":\"2019-10-07T15:41:43+00:00\",\"dateModified\":\"2019-10-07T15:51:07+00:00\",\"mainEntityOfPage\":{\"@id\":\"https:\/\/otech.uaeh.edu.mx\/noti\/articulo-otech\/sin-desarrollo-social-inclusivo-no-habra-bienestar-ni-futuro\/\"},\"wordCount\":742,\"commentCount\":0,\"publisher\":{\"@id\":\"https:\/\/otech.uaeh.edu.mx\/noti\/#organization\"},\"image\":{\"@id\":\"https:\/\/otech.uaeh.edu.mx\/noti\/articulo-otech\/sin-desarrollo-social-inclusivo-no-habra-bienestar-ni-futuro\/#primaryimage\"},\"thumbnailUrl\":\"https:\/\/otech.uaeh.edu.mx\/noti\/wp-content\/uploads\/2019\/10\/Notic.11-1.jpg\",\"articleSection\":[\"Art\u00edculo OTecH\"],\"inLanguage\":\"en-US\",\"potentialAction\":[{\"@type\":\"CommentAction\",\"name\":\"Comment\",\"target\":[\"https:\/\/otech.uaeh.edu.mx\/noti\/articulo-otech\/sin-desarrollo-social-inclusivo-no-habra-bienestar-ni-futuro\/#respond\"]}]},{\"@type\":\"WebPage\",\"@id\":\"https:\/\/otech.uaeh.edu.mx\/noti\/articulo-otech\/sin-desarrollo-social-inclusivo-no-habra-bienestar-ni-futuro\/\",\"url\":\"https:\/\/otech.uaeh.edu.mx\/noti\/articulo-otech\/sin-desarrollo-social-inclusivo-no-habra-bienestar-ni-futuro\/\",\"name\":\"Sin Desarrollo Social Inclusivo No habr\u00e1 bienestar ni futuro - Observatorio Tecnol\u00f3gico de Hidalgo\",\"isPartOf\":{\"@id\":\"https:\/\/otech.uaeh.edu.mx\/noti\/#website\"},\"primaryImageOfPage\":{\"@id\":\"https:\/\/otech.uaeh.edu.mx\/noti\/articulo-otech\/sin-desarrollo-social-inclusivo-no-habra-bienestar-ni-futuro\/#primaryimage\"},\"image\":{\"@id\":\"https:\/\/otech.uaeh.edu.mx\/noti\/articulo-otech\/sin-desarrollo-social-inclusivo-no-habra-bienestar-ni-futuro\/#primaryimage\"},\"thumbnailUrl\":\"https:\/\/otech.uaeh.edu.mx\/noti\/wp-content\/uploads\/2019\/10\/Notic.11-1.jpg\",\"datePublished\":\"2019-10-07T15:41:43+00:00\",\"dateModified\":\"2019-10-07T15:51:07+00:00\",\"breadcrumb\":{\"@id\":\"https:\/\/otech.uaeh.edu.mx\/noti\/articulo-otech\/sin-desarrollo-social-inclusivo-no-habra-bienestar-ni-futuro\/#breadcrumb\"},\"inLanguage\":\"en-US\",\"potentialAction\":[{\"@type\":\"ReadAction\",\"target\":[\"https:\/\/otech.uaeh.edu.mx\/noti\/articulo-otech\/sin-desarrollo-social-inclusivo-no-habra-bienestar-ni-futuro\/\"]}]},{\"@type\":\"ImageObject\",\"inLanguage\":\"en-US\",\"@id\":\"https:\/\/otech.uaeh.edu.mx\/noti\/articulo-otech\/sin-desarrollo-social-inclusivo-no-habra-bienestar-ni-futuro\/#primaryimage\",\"url\":\"https:\/\/otech.uaeh.edu.mx\/noti\/wp-content\/uploads\/2019\/10\/Notic.11-1.jpg\",\"contentUrl\":\"https:\/\/otech.uaeh.edu.mx\/noti\/wp-content\/uploads\/2019\/10\/Notic.11-1.jpg\",\"width\":600,\"height\":400},{\"@type\":\"BreadcrumbList\",\"@id\":\"https:\/\/otech.uaeh.edu.mx\/noti\/articulo-otech\/sin-desarrollo-social-inclusivo-no-habra-bienestar-ni-futuro\/#breadcrumb\",\"itemListElement\":[{\"@type\":\"ListItem\",\"position\":1,\"name\":\"Inicio\",\"item\":\"https:\/\/otech.uaeh.edu.mx\/noti\/\"},{\"@type\":\"ListItem\",\"position\":2,\"name\":\"Sin Desarrollo Social Inclusivo No habr\u00e1 bienestar ni futuro\"}]},{\"@type\":\"WebSite\",\"@id\":\"https:\/\/otech.uaeh.edu.mx\/noti\/#website\",\"url\":\"https:\/\/otech.uaeh.edu.mx\/noti\/\",\"name\":\"Observatorio Tecnol\u00f3gico de Hidalgo\",\"description\":\"\",\"publisher\":{\"@id\":\"https:\/\/otech.uaeh.edu.mx\/noti\/#organization\"},\"potentialAction\":[{\"@type\":\"SearchAction\",\"target\":{\"@type\":\"EntryPoint\",\"urlTemplate\":\"https:\/\/otech.uaeh.edu.mx\/noti\/?s={search_term_string}\"},\"query-input\":{\"@type\":\"PropertyValueSpecification\",\"valueRequired\":true,\"valueName\":\"search_term_string\"}}],\"inLanguage\":\"en-US\"},{\"@type\":\"Organization\",\"@id\":\"https:\/\/otech.uaeh.edu.mx\/noti\/#organization\",\"name\":\"Observatorio Tecnol\u00f3gico de Hidalgo\",\"url\":\"https:\/\/otech.uaeh.edu.mx\/noti\/\",\"logo\":{\"@type\":\"ImageObject\",\"inLanguage\":\"en-US\",\"@id\":\"https:\/\/otech.uaeh.edu.mx\/noti\/#\/schema\/logo\/image\/\",\"url\":\"https:\/\/otech.uaeh.edu.mx\/noti\/wp-content\/uploads\/2025\/11\/Logo-circulo.png\",\"contentUrl\":\"https:\/\/otech.uaeh.edu.mx\/noti\/wp-content\/uploads\/2025\/11\/Logo-circulo.png\",\"width\":250,\"height\":250,\"caption\":\"Observatorio Tecnol\u00f3gico de Hidalgo\"},\"image\":{\"@id\":\"https:\/\/otech.uaeh.edu.mx\/noti\/#\/schema\/logo\/image\/\"},\"sameAs\":[\"https:\/\/www.facebook.com\/observatoriouaeh\",\"https:\/\/x.com\/OBSERVATORIOEH\"]},{\"@type\":\"Person\",\"@id\":\"https:\/\/otech.uaeh.edu.mx\/noti\/#\/schema\/person\/95263d004158ffabcd98137e1d0abc1c\",\"name\":\"admin\",\"image\":{\"@type\":\"ImageObject\",\"inLanguage\":\"en-US\",\"@id\":\"https:\/\/otech.uaeh.edu.mx\/noti\/#\/schema\/person\/image\/\",\"url\":\"https:\/\/secure.gravatar.com\/avatar\/08dd17208ee6a9e87c5a01c0a5f4c96c8ed24bf05e625630929b5b6a7c1ffa5f?s=96&d=mm&r=g\",\"contentUrl\":\"https:\/\/secure.gravatar.com\/avatar\/08dd17208ee6a9e87c5a01c0a5f4c96c8ed24bf05e625630929b5b6a7c1ffa5f?s=96&d=mm&r=g\",\"caption\":\"admin\"},\"url\":\"https:\/\/otech.uaeh.edu.mx\/noti\/author\/admin\/\"}]}<\/script>\n<!-- \/ Yoast SEO plugin. -->","yoast_head_json":{"title":"Sin Desarrollo Social Inclusivo No habr\u00e1 bienestar ni futuro - Observatorio Tecnol\u00f3gico de Hidalgo","robots":{"index":"index","follow":"follow","max-snippet":"max-snippet:-1","max-image-preview":"max-image-preview:large","max-video-preview":"max-video-preview:-1"},"canonical":"https:\/\/otech.uaeh.edu.mx\/noti\/articulo-otech\/sin-desarrollo-social-inclusivo-no-habra-bienestar-ni-futuro\/","og_locale":"en_US","og_type":"article","og_title":"Sin Desarrollo Social Inclusivo No habr\u00e1 bienestar ni futuro - Observatorio Tecnol\u00f3gico de Hidalgo","og_description":"La diferencia que represent\u00f3 en la era medieval, fueron las capacidades militares, con base a ellas y la b\u00fasqueda de nuevos mercados, las naciones m\u00e1s fuertes invadieron y colonizaron los territorios con poblaciones vulnerables, gener\u00e1ndose un enriquecimiento, no por realizar actividades econ\u00f3micas sino por el saqueo, la despiadada explotaci\u00f3n y el sometimiento de los pueblos [&hellip;]","og_url":"https:\/\/otech.uaeh.edu.mx\/noti\/articulo-otech\/sin-desarrollo-social-inclusivo-no-habra-bienestar-ni-futuro\/","og_site_name":"Observatorio Tecnol\u00f3gico de Hidalgo","article_publisher":"https:\/\/www.facebook.com\/observatoriouaeh","article_published_time":"2019-10-07T15:41:43+00:00","article_modified_time":"2019-10-07T15:51:07+00:00","og_image":[{"width":600,"height":400,"url":"https:\/\/otech.uaeh.edu.mx\/noti\/wp-content\/uploads\/2019\/10\/Notic.11-1.jpg","type":"image\/jpeg"}],"author":"admin","twitter_card":"summary_large_image","twitter_creator":"@OBSERVATORIOEH","twitter_site":"@OBSERVATORIOEH","twitter_misc":{"Written by":"admin","Est. reading time":"4 minutes"},"schema":{"@context":"https:\/\/schema.org","@graph":[{"@type":"Article","@id":"https:\/\/otech.uaeh.edu.mx\/noti\/articulo-otech\/sin-desarrollo-social-inclusivo-no-habra-bienestar-ni-futuro\/#article","isPartOf":{"@id":"https:\/\/otech.uaeh.edu.mx\/noti\/articulo-otech\/sin-desarrollo-social-inclusivo-no-habra-bienestar-ni-futuro\/"},"author":{"name":"admin","@id":"https:\/\/otech.uaeh.edu.mx\/noti\/#\/schema\/person\/95263d004158ffabcd98137e1d0abc1c"},"headline":"Sin Desarrollo Social Inclusivo No habr\u00e1 bienestar ni futuro","datePublished":"2019-10-07T15:41:43+00:00","dateModified":"2019-10-07T15:51:07+00:00","mainEntityOfPage":{"@id":"https:\/\/otech.uaeh.edu.mx\/noti\/articulo-otech\/sin-desarrollo-social-inclusivo-no-habra-bienestar-ni-futuro\/"},"wordCount":742,"commentCount":0,"publisher":{"@id":"https:\/\/otech.uaeh.edu.mx\/noti\/#organization"},"image":{"@id":"https:\/\/otech.uaeh.edu.mx\/noti\/articulo-otech\/sin-desarrollo-social-inclusivo-no-habra-bienestar-ni-futuro\/#primaryimage"},"thumbnailUrl":"https:\/\/otech.uaeh.edu.mx\/noti\/wp-content\/uploads\/2019\/10\/Notic.11-1.jpg","articleSection":["Art\u00edculo OTecH"],"inLanguage":"en-US","potentialAction":[{"@type":"CommentAction","name":"Comment","target":["https:\/\/otech.uaeh.edu.mx\/noti\/articulo-otech\/sin-desarrollo-social-inclusivo-no-habra-bienestar-ni-futuro\/#respond"]}]},{"@type":"WebPage","@id":"https:\/\/otech.uaeh.edu.mx\/noti\/articulo-otech\/sin-desarrollo-social-inclusivo-no-habra-bienestar-ni-futuro\/","url":"https:\/\/otech.uaeh.edu.mx\/noti\/articulo-otech\/sin-desarrollo-social-inclusivo-no-habra-bienestar-ni-futuro\/","name":"Sin Desarrollo Social Inclusivo No habr\u00e1 bienestar ni futuro - Observatorio Tecnol\u00f3gico de Hidalgo","isPartOf":{"@id":"https:\/\/otech.uaeh.edu.mx\/noti\/#website"},"primaryImageOfPage":{"@id":"https:\/\/otech.uaeh.edu.mx\/noti\/articulo-otech\/sin-desarrollo-social-inclusivo-no-habra-bienestar-ni-futuro\/#primaryimage"},"image":{"@id":"https:\/\/otech.uaeh.edu.mx\/noti\/articulo-otech\/sin-desarrollo-social-inclusivo-no-habra-bienestar-ni-futuro\/#primaryimage"},"thumbnailUrl":"https:\/\/otech.uaeh.edu.mx\/noti\/wp-content\/uploads\/2019\/10\/Notic.11-1.jpg","datePublished":"2019-10-07T15:41:43+00:00","dateModified":"2019-10-07T15:51:07+00:00","breadcrumb":{"@id":"https:\/\/otech.uaeh.edu.mx\/noti\/articulo-otech\/sin-desarrollo-social-inclusivo-no-habra-bienestar-ni-futuro\/#breadcrumb"},"inLanguage":"en-US","potentialAction":[{"@type":"ReadAction","target":["https:\/\/otech.uaeh.edu.mx\/noti\/articulo-otech\/sin-desarrollo-social-inclusivo-no-habra-bienestar-ni-futuro\/"]}]},{"@type":"ImageObject","inLanguage":"en-US","@id":"https:\/\/otech.uaeh.edu.mx\/noti\/articulo-otech\/sin-desarrollo-social-inclusivo-no-habra-bienestar-ni-futuro\/#primaryimage","url":"https:\/\/otech.uaeh.edu.mx\/noti\/wp-content\/uploads\/2019\/10\/Notic.11-1.jpg","contentUrl":"https:\/\/otech.uaeh.edu.mx\/noti\/wp-content\/uploads\/2019\/10\/Notic.11-1.jpg","width":600,"height":400},{"@type":"BreadcrumbList","@id":"https:\/\/otech.uaeh.edu.mx\/noti\/articulo-otech\/sin-desarrollo-social-inclusivo-no-habra-bienestar-ni-futuro\/#breadcrumb","itemListElement":[{"@type":"ListItem","position":1,"name":"Inicio","item":"https:\/\/otech.uaeh.edu.mx\/noti\/"},{"@type":"ListItem","position":2,"name":"Sin Desarrollo Social Inclusivo No habr\u00e1 bienestar ni futuro"}]},{"@type":"WebSite","@id":"https:\/\/otech.uaeh.edu.mx\/noti\/#website","url":"https:\/\/otech.uaeh.edu.mx\/noti\/","name":"Observatorio Tecnol\u00f3gico de Hidalgo","description":"","publisher":{"@id":"https:\/\/otech.uaeh.edu.mx\/noti\/#organization"},"potentialAction":[{"@type":"SearchAction","target":{"@type":"EntryPoint","urlTemplate":"https:\/\/otech.uaeh.edu.mx\/noti\/?s={search_term_string}"},"query-input":{"@type":"PropertyValueSpecification","valueRequired":true,"valueName":"search_term_string"}}],"inLanguage":"en-US"},{"@type":"Organization","@id":"https:\/\/otech.uaeh.edu.mx\/noti\/#organization","name":"Observatorio Tecnol\u00f3gico de Hidalgo","url":"https:\/\/otech.uaeh.edu.mx\/noti\/","logo":{"@type":"ImageObject","inLanguage":"en-US","@id":"https:\/\/otech.uaeh.edu.mx\/noti\/#\/schema\/logo\/image\/","url":"https:\/\/otech.uaeh.edu.mx\/noti\/wp-content\/uploads\/2025\/11\/Logo-circulo.png","contentUrl":"https:\/\/otech.uaeh.edu.mx\/noti\/wp-content\/uploads\/2025\/11\/Logo-circulo.png","width":250,"height":250,"caption":"Observatorio Tecnol\u00f3gico de Hidalgo"},"image":{"@id":"https:\/\/otech.uaeh.edu.mx\/noti\/#\/schema\/logo\/image\/"},"sameAs":["https:\/\/www.facebook.com\/observatoriouaeh","https:\/\/x.com\/OBSERVATORIOEH"]},{"@type":"Person","@id":"https:\/\/otech.uaeh.edu.mx\/noti\/#\/schema\/person\/95263d004158ffabcd98137e1d0abc1c","name":"admin","image":{"@type":"ImageObject","inLanguage":"en-US","@id":"https:\/\/otech.uaeh.edu.mx\/noti\/#\/schema\/person\/image\/","url":"https:\/\/secure.gravatar.com\/avatar\/08dd17208ee6a9e87c5a01c0a5f4c96c8ed24bf05e625630929b5b6a7c1ffa5f?s=96&d=mm&r=g","contentUrl":"https:\/\/secure.gravatar.com\/avatar\/08dd17208ee6a9e87c5a01c0a5f4c96c8ed24bf05e625630929b5b6a7c1ffa5f?s=96&d=mm&r=g","caption":"admin"},"url":"https:\/\/otech.uaeh.edu.mx\/noti\/author\/admin\/"}]}},"_links":{"self":[{"href":"https:\/\/otech.uaeh.edu.mx\/noti\/wp-json\/wp\/v2\/posts\/18923","targetHints":{"allow":["GET"]}}],"collection":[{"href":"https:\/\/otech.uaeh.edu.mx\/noti\/wp-json\/wp\/v2\/posts"}],"about":[{"href":"https:\/\/otech.uaeh.edu.mx\/noti\/wp-json\/wp\/v2\/types\/post"}],"author":[{"embeddable":true,"href":"https:\/\/otech.uaeh.edu.mx\/noti\/wp-json\/wp\/v2\/users\/1"}],"replies":[{"embeddable":true,"href":"https:\/\/otech.uaeh.edu.mx\/noti\/wp-json\/wp\/v2\/comments?post=18923"}],"version-history":[{"count":1,"href":"https:\/\/otech.uaeh.edu.mx\/noti\/wp-json\/wp\/v2\/posts\/18923\/revisions"}],"predecessor-version":[{"id":18925,"href":"https:\/\/otech.uaeh.edu.mx\/noti\/wp-json\/wp\/v2\/posts\/18923\/revisions\/18925"}],"wp:featuredmedia":[{"embeddable":true,"href":"https:\/\/otech.uaeh.edu.mx\/noti\/wp-json\/wp\/v2\/media\/18924"}],"wp:attachment":[{"href":"https:\/\/otech.uaeh.edu.mx\/noti\/wp-json\/wp\/v2\/media?parent=18923"}],"wp:term":[{"taxonomy":"category","embeddable":true,"href":"https:\/\/otech.uaeh.edu.mx\/noti\/wp-json\/wp\/v2\/categories?post=18923"},{"taxonomy":"post_tag","embeddable":true,"href":"https:\/\/otech.uaeh.edu.mx\/noti\/wp-json\/wp\/v2\/tags?post=18923"}],"curies":[{"name":"wp","href":"https:\/\/api.w.org\/{rel}","templated":true}]}}