{"id":18959,"date":"2019-10-14T09:22:21","date_gmt":"2019-10-14T15:22:21","guid":{"rendered":"http:\/\/otech.uaeh.edu.mx\/noti\/?p=18959"},"modified":"2019-10-14T09:22:56","modified_gmt":"2019-10-14T15:22:56","slug":"la-educacion-superior-publica-en-emergencia-nacional","status":"publish","type":"post","link":"https:\/\/otech.uaeh.edu.mx\/noti\/articulo-otech\/la-educacion-superior-publica-en-emergencia-nacional\/","title":{"rendered":"La Educaci\u00f3n Superior P\u00fablica  En Emergencia Nacional"},"content":{"rendered":"<p style=\"text-align: justify;\">La importancia de la Educaci\u00f3n Superior p\u00fablica, radica en la trascendencia del tipo de sociedad que queremos para el futuro, el presente est\u00e1 marcado por una transici\u00f3n compleja, los procesos coyunturales acotan las estrategias de mediano y largo plazo, para lograr resultados positivos.<!--more--><\/p>\n<p style=\"text-align: justify;\">Es imprescindible reducir la vulnerabilidad de las mayor\u00edas, \u00bfporque restarle importancia presupuestal a la educaci\u00f3n superior y a la investigaci\u00f3n? si son generadoras de nuevos conocimientos y de profesionistas.<\/p>\n<p style=\"text-align: justify;\">Las econom\u00edas comunitarias, orilladas al autoconsumo y al rezago tecnol\u00f3gico, solo son vistas en tiempos electorales; pretender reactivarlas con los programas sociales de la 4\u00aaT sin el soporte de la investigaci\u00f3n, del desarrollo tecnol\u00f3gico y de una masa cr\u00edtica de profesionistas, formados en las Instituciones de Educaci\u00f3n Superior p\u00fablicas (IESp), es reproducir su incompetencia, y el fracaso de la pol\u00edtica social.<\/p>\n<p style=\"text-align: justify;\">La falta de una pol\u00edtica efectiva de transferencia tecnol\u00f3gica y de conocimientos, que articule a las comunidades marginadas con las IESp, ha propiciado la migraci\u00f3n internacional de los j\u00f3venes, en busca de mejores condiciones de vida para ellos y para sus nuevas familias.<\/p>\n<p style=\"text-align: justify;\">Los que no estudiaron, canalizan sus capacidades mentales, ya cargadas con la frustraci\u00f3n y el resentimiento, hacia la delincuencia; no hay una estad\u00edstica que lo precise, pero los criminales han surgido de la pobreza y del abandono, una mezcla que abona la ruta hacia una sociedad dist\u00f3pica (indeseable y an\u00e1rquica donde la violencia extrema, sustenta la ley del m\u00e1s violento y\u00a0 carente de valores, su falta de sentido humano lo distingue).<\/p>\n<p style=\"text-align: justify;\">Urge un proyecto humanista que coloque en el centro al ser humano-al conocimiento y al desarrollo tecnol\u00f3gico, para estar en posibilidad de responder a los retos globales, hoy definidos por la guerra comercial y el desarrollo cient\u00edfico-tecnol\u00f3gico.<\/p>\n<p style=\"text-align: justify;\">El rezago en t\u00e9rminos de estructura productiva y de capacidades tecnol\u00f3gicas, de los municipios y comunidades marginadas, los y las hace, cada vez m\u00e1s vulnerables ante la criminalidad, alimentada \u00e9sta, por la corrupci\u00f3n y la impunidad que todav\u00eda persisten, lo que hace una situaci\u00f3n especialmente grave, a nivel de emergencia nacional, por su impacto negativo en el potencial del crecimiento y del desarrollo sustentable en el mediano y el largo plazo.<\/p>\n<p style=\"text-align: justify;\">La vulnerabilidad de los peque\u00f1os productores manufactureros y del campo, se refuerza, sobre todo por la ca\u00edda de la inversi\u00f3n, situaci\u00f3n que ya es cr\u00f3nica, pero este a\u00f1o va en ca\u00edda libre, tan solo en el mes de julio de este 2019 baj\u00f3 a menos 9.1% respecto al mismo mes del a\u00f1o anterior, el rubro critico es el de maquinaria y equipo que cay\u00f3 del 3% a menos 20.4% en el mismo periodo<\/p>\n<p style=\"text-align: justify;\">Lo que hace impostergable ampliar la magnitud de los esfuerzos tecnol\u00f3gicos, lo que implica incrementar el gasto p\u00fablico en educaci\u00f3n, sobre todo en el nivel superior y en los procesos de I+D; al fortalecer la cobertura y la investigaci\u00f3n en las IES p\u00fablicas se podr\u00e1 transformar las comunidades que est\u00e1n a nivel de autoconsumo, en \u00e1reas productivas con procesos de m\u00e1s intensidad tecnol\u00f3gica, que es la clave para el crecimiento a mediano y largo plazo, lo que representar\u00eda impulsar a la econom\u00eda del pa\u00eds hacia la evoluci\u00f3n de la complejidad de su estructura econ\u00f3mica b\u00e1sica, que son las mipymes, una econom\u00eda es m\u00e1s competitiva en la medida que es m\u00e1s compleja, dado que la estructura productiva se diversifica de manera sustentable, con reducidos impactos en el cambio clim\u00e1tico.<\/p>\n<p style=\"text-align: justify;\">El bienestar social se lograr\u00e1 al superarse las incertidumbres asociadas a los cambios en el mundo del trabajo, \u00bfc\u00f3mo? al superarse las brechas en el desarrollo de las capacidades humanas, a trav\u00e9s de una educaci\u00f3n de calidad que imparten las IES p\u00fablicas.<\/p>\n<p style=\"text-align: justify;\">Las bases que sirvieron de apoyo a la expansi\u00f3n de la educaci\u00f3n superior son ahora insuficientes para sostener el crecimiento que se avecina, la masificaci\u00f3n y los retos de la globalizaci\u00f3n tecnol\u00f3gica, plante\u00e1n la creciente necesidad de recursos financieros para hacerles frente.<\/p>\n<p style=\"text-align: justify;\">El continuar marginando presupuestalmente a las IESp, limita la posibilidad de atender al 40% de los j\u00f3venes que se quedan sin ingresar a una formaci\u00f3n profesional, marginarlos en lugar de atenderlos es encaminarnos hacia una descomposici\u00f3n social. \u00bfno lo cree usted?<\/p>\n","protected":false},"excerpt":{"rendered":"<p>La importancia de la Educaci\u00f3n Superior p\u00fablica, radica en la trascendencia del tipo de sociedad que queremos para el futuro, el presente est\u00e1 marcado por una transici\u00f3n compleja, los procesos coyunturales acotan las estrategias de mediano y largo plazo, para lograr resultados positivos.<\/p>\n","protected":false},"author":1,"featured_media":18960,"comment_status":"open","ping_status":"open","sticky":false,"template":"","format":"standard","meta":{"footnotes":""},"categories":[33],"tags":[],"class_list":["post-18959","post","type-post","status-publish","format-standard","has-post-thumbnail","hentry","category-articulo-otech"],"yoast_head":"<!-- This site is optimized with the Yoast SEO plugin v26.7 - https:\/\/yoast.com\/wordpress\/plugins\/seo\/ -->\n<title>La Educaci\u00f3n Superior P\u00fablica En Emergencia Nacional - Observatorio Tecnol\u00f3gico de Hidalgo<\/title>\n<meta name=\"robots\" content=\"index, follow, max-snippet:-1, max-image-preview:large, max-video-preview:-1\" \/>\n<link rel=\"canonical\" href=\"https:\/\/otech.uaeh.edu.mx\/noti\/articulo-otech\/la-educacion-superior-publica-en-emergencia-nacional\/\" \/>\n<meta property=\"og:locale\" content=\"en_US\" \/>\n<meta property=\"og:type\" content=\"article\" \/>\n<meta property=\"og:title\" content=\"La Educaci\u00f3n Superior P\u00fablica En Emergencia Nacional - Observatorio Tecnol\u00f3gico de Hidalgo\" \/>\n<meta property=\"og:description\" content=\"La importancia de la Educaci\u00f3n Superior p\u00fablica, radica en la trascendencia del tipo de sociedad que queremos para el futuro, el presente est\u00e1 marcado por una transici\u00f3n compleja, los procesos coyunturales acotan las estrategias de mediano y largo plazo, para lograr resultados positivos.\" \/>\n<meta property=\"og:url\" content=\"https:\/\/otech.uaeh.edu.mx\/noti\/articulo-otech\/la-educacion-superior-publica-en-emergencia-nacional\/\" \/>\n<meta property=\"og:site_name\" content=\"Observatorio Tecnol\u00f3gico de Hidalgo\" \/>\n<meta property=\"article:publisher\" content=\"https:\/\/www.facebook.com\/observatoriouaeh\" \/>\n<meta property=\"article:published_time\" content=\"2019-10-14T15:22:21+00:00\" \/>\n<meta property=\"article:modified_time\" content=\"2019-10-14T15:22:56+00:00\" \/>\n<meta property=\"og:image\" content=\"https:\/\/otech.uaeh.edu.mx\/noti\/wp-content\/uploads\/2019\/10\/Notic.9-6.jpg\" \/>\n\t<meta property=\"og:image:width\" content=\"640\" \/>\n\t<meta property=\"og:image:height\" content=\"306\" \/>\n\t<meta property=\"og:image:type\" content=\"image\/jpeg\" \/>\n<meta name=\"author\" content=\"admin\" \/>\n<meta name=\"twitter:card\" content=\"summary_large_image\" \/>\n<meta name=\"twitter:creator\" content=\"@OBSERVATORIOEH\" \/>\n<meta name=\"twitter:site\" content=\"@OBSERVATORIOEH\" \/>\n<meta name=\"twitter:label1\" content=\"Written by\" \/>\n\t<meta name=\"twitter:data1\" content=\"admin\" \/>\n\t<meta name=\"twitter:label2\" content=\"Est. reading time\" \/>\n\t<meta name=\"twitter:data2\" content=\"4 minutes\" \/>\n<script type=\"application\/ld+json\" class=\"yoast-schema-graph\">{\"@context\":\"https:\/\/schema.org\",\"@graph\":[{\"@type\":\"Article\",\"@id\":\"https:\/\/otech.uaeh.edu.mx\/noti\/articulo-otech\/la-educacion-superior-publica-en-emergencia-nacional\/#article\",\"isPartOf\":{\"@id\":\"https:\/\/otech.uaeh.edu.mx\/noti\/articulo-otech\/la-educacion-superior-publica-en-emergencia-nacional\/\"},\"author\":{\"name\":\"admin\",\"@id\":\"https:\/\/otech.uaeh.edu.mx\/noti\/#\/schema\/person\/95263d004158ffabcd98137e1d0abc1c\"},\"headline\":\"La Educaci\u00f3n Superior P\u00fablica En Emergencia Nacional\",\"datePublished\":\"2019-10-14T15:22:21+00:00\",\"dateModified\":\"2019-10-14T15:22:56+00:00\",\"mainEntityOfPage\":{\"@id\":\"https:\/\/otech.uaeh.edu.mx\/noti\/articulo-otech\/la-educacion-superior-publica-en-emergencia-nacional\/\"},\"wordCount\":757,\"commentCount\":0,\"publisher\":{\"@id\":\"https:\/\/otech.uaeh.edu.mx\/noti\/#organization\"},\"image\":{\"@id\":\"https:\/\/otech.uaeh.edu.mx\/noti\/articulo-otech\/la-educacion-superior-publica-en-emergencia-nacional\/#primaryimage\"},\"thumbnailUrl\":\"https:\/\/otech.uaeh.edu.mx\/noti\/wp-content\/uploads\/2019\/10\/Notic.9-6.jpg\",\"articleSection\":[\"Art\u00edculo OTecH\"],\"inLanguage\":\"en-US\",\"potentialAction\":[{\"@type\":\"CommentAction\",\"name\":\"Comment\",\"target\":[\"https:\/\/otech.uaeh.edu.mx\/noti\/articulo-otech\/la-educacion-superior-publica-en-emergencia-nacional\/#respond\"]}]},{\"@type\":\"WebPage\",\"@id\":\"https:\/\/otech.uaeh.edu.mx\/noti\/articulo-otech\/la-educacion-superior-publica-en-emergencia-nacional\/\",\"url\":\"https:\/\/otech.uaeh.edu.mx\/noti\/articulo-otech\/la-educacion-superior-publica-en-emergencia-nacional\/\",\"name\":\"La Educaci\u00f3n Superior P\u00fablica En Emergencia Nacional - Observatorio Tecnol\u00f3gico de Hidalgo\",\"isPartOf\":{\"@id\":\"https:\/\/otech.uaeh.edu.mx\/noti\/#website\"},\"primaryImageOfPage\":{\"@id\":\"https:\/\/otech.uaeh.edu.mx\/noti\/articulo-otech\/la-educacion-superior-publica-en-emergencia-nacional\/#primaryimage\"},\"image\":{\"@id\":\"https:\/\/otech.uaeh.edu.mx\/noti\/articulo-otech\/la-educacion-superior-publica-en-emergencia-nacional\/#primaryimage\"},\"thumbnailUrl\":\"https:\/\/otech.uaeh.edu.mx\/noti\/wp-content\/uploads\/2019\/10\/Notic.9-6.jpg\",\"datePublished\":\"2019-10-14T15:22:21+00:00\",\"dateModified\":\"2019-10-14T15:22:56+00:00\",\"breadcrumb\":{\"@id\":\"https:\/\/otech.uaeh.edu.mx\/noti\/articulo-otech\/la-educacion-superior-publica-en-emergencia-nacional\/#breadcrumb\"},\"inLanguage\":\"en-US\",\"potentialAction\":[{\"@type\":\"ReadAction\",\"target\":[\"https:\/\/otech.uaeh.edu.mx\/noti\/articulo-otech\/la-educacion-superior-publica-en-emergencia-nacional\/\"]}]},{\"@type\":\"ImageObject\",\"inLanguage\":\"en-US\",\"@id\":\"https:\/\/otech.uaeh.edu.mx\/noti\/articulo-otech\/la-educacion-superior-publica-en-emergencia-nacional\/#primaryimage\",\"url\":\"https:\/\/otech.uaeh.edu.mx\/noti\/wp-content\/uploads\/2019\/10\/Notic.9-6.jpg\",\"contentUrl\":\"https:\/\/otech.uaeh.edu.mx\/noti\/wp-content\/uploads\/2019\/10\/Notic.9-6.jpg\",\"width\":640,\"height\":306},{\"@type\":\"BreadcrumbList\",\"@id\":\"https:\/\/otech.uaeh.edu.mx\/noti\/articulo-otech\/la-educacion-superior-publica-en-emergencia-nacional\/#breadcrumb\",\"itemListElement\":[{\"@type\":\"ListItem\",\"position\":1,\"name\":\"Inicio\",\"item\":\"https:\/\/otech.uaeh.edu.mx\/noti\/\"},{\"@type\":\"ListItem\",\"position\":2,\"name\":\"La Educaci\u00f3n Superior P\u00fablica En Emergencia Nacional\"}]},{\"@type\":\"WebSite\",\"@id\":\"https:\/\/otech.uaeh.edu.mx\/noti\/#website\",\"url\":\"https:\/\/otech.uaeh.edu.mx\/noti\/\",\"name\":\"Observatorio Tecnol\u00f3gico de Hidalgo\",\"description\":\"\",\"publisher\":{\"@id\":\"https:\/\/otech.uaeh.edu.mx\/noti\/#organization\"},\"potentialAction\":[{\"@type\":\"SearchAction\",\"target\":{\"@type\":\"EntryPoint\",\"urlTemplate\":\"https:\/\/otech.uaeh.edu.mx\/noti\/?s={search_term_string}\"},\"query-input\":{\"@type\":\"PropertyValueSpecification\",\"valueRequired\":true,\"valueName\":\"search_term_string\"}}],\"inLanguage\":\"en-US\"},{\"@type\":\"Organization\",\"@id\":\"https:\/\/otech.uaeh.edu.mx\/noti\/#organization\",\"name\":\"Observatorio Tecnol\u00f3gico de Hidalgo\",\"url\":\"https:\/\/otech.uaeh.edu.mx\/noti\/\",\"logo\":{\"@type\":\"ImageObject\",\"inLanguage\":\"en-US\",\"@id\":\"https:\/\/otech.uaeh.edu.mx\/noti\/#\/schema\/logo\/image\/\",\"url\":\"https:\/\/otech.uaeh.edu.mx\/noti\/wp-content\/uploads\/2025\/11\/Logo-circulo.png\",\"contentUrl\":\"https:\/\/otech.uaeh.edu.mx\/noti\/wp-content\/uploads\/2025\/11\/Logo-circulo.png\",\"width\":250,\"height\":250,\"caption\":\"Observatorio Tecnol\u00f3gico de Hidalgo\"},\"image\":{\"@id\":\"https:\/\/otech.uaeh.edu.mx\/noti\/#\/schema\/logo\/image\/\"},\"sameAs\":[\"https:\/\/www.facebook.com\/observatoriouaeh\",\"https:\/\/x.com\/OBSERVATORIOEH\"]},{\"@type\":\"Person\",\"@id\":\"https:\/\/otech.uaeh.edu.mx\/noti\/#\/schema\/person\/95263d004158ffabcd98137e1d0abc1c\",\"name\":\"admin\",\"image\":{\"@type\":\"ImageObject\",\"inLanguage\":\"en-US\",\"@id\":\"https:\/\/otech.uaeh.edu.mx\/noti\/#\/schema\/person\/image\/\",\"url\":\"https:\/\/secure.gravatar.com\/avatar\/08dd17208ee6a9e87c5a01c0a5f4c96c8ed24bf05e625630929b5b6a7c1ffa5f?s=96&d=mm&r=g\",\"contentUrl\":\"https:\/\/secure.gravatar.com\/avatar\/08dd17208ee6a9e87c5a01c0a5f4c96c8ed24bf05e625630929b5b6a7c1ffa5f?s=96&d=mm&r=g\",\"caption\":\"admin\"},\"url\":\"https:\/\/otech.uaeh.edu.mx\/noti\/author\/admin\/\"}]}<\/script>\n<!-- \/ Yoast SEO plugin. -->","yoast_head_json":{"title":"La Educaci\u00f3n Superior P\u00fablica En Emergencia Nacional - Observatorio Tecnol\u00f3gico de Hidalgo","robots":{"index":"index","follow":"follow","max-snippet":"max-snippet:-1","max-image-preview":"max-image-preview:large","max-video-preview":"max-video-preview:-1"},"canonical":"https:\/\/otech.uaeh.edu.mx\/noti\/articulo-otech\/la-educacion-superior-publica-en-emergencia-nacional\/","og_locale":"en_US","og_type":"article","og_title":"La Educaci\u00f3n Superior P\u00fablica En Emergencia Nacional - Observatorio Tecnol\u00f3gico de Hidalgo","og_description":"La importancia de la Educaci\u00f3n Superior p\u00fablica, radica en la trascendencia del tipo de sociedad que queremos para el futuro, el presente est\u00e1 marcado por una transici\u00f3n compleja, los procesos coyunturales acotan las estrategias de mediano y largo plazo, para lograr resultados positivos.","og_url":"https:\/\/otech.uaeh.edu.mx\/noti\/articulo-otech\/la-educacion-superior-publica-en-emergencia-nacional\/","og_site_name":"Observatorio Tecnol\u00f3gico de Hidalgo","article_publisher":"https:\/\/www.facebook.com\/observatoriouaeh","article_published_time":"2019-10-14T15:22:21+00:00","article_modified_time":"2019-10-14T15:22:56+00:00","og_image":[{"width":640,"height":306,"url":"https:\/\/otech.uaeh.edu.mx\/noti\/wp-content\/uploads\/2019\/10\/Notic.9-6.jpg","type":"image\/jpeg"}],"author":"admin","twitter_card":"summary_large_image","twitter_creator":"@OBSERVATORIOEH","twitter_site":"@OBSERVATORIOEH","twitter_misc":{"Written by":"admin","Est. reading time":"4 minutes"},"schema":{"@context":"https:\/\/schema.org","@graph":[{"@type":"Article","@id":"https:\/\/otech.uaeh.edu.mx\/noti\/articulo-otech\/la-educacion-superior-publica-en-emergencia-nacional\/#article","isPartOf":{"@id":"https:\/\/otech.uaeh.edu.mx\/noti\/articulo-otech\/la-educacion-superior-publica-en-emergencia-nacional\/"},"author":{"name":"admin","@id":"https:\/\/otech.uaeh.edu.mx\/noti\/#\/schema\/person\/95263d004158ffabcd98137e1d0abc1c"},"headline":"La Educaci\u00f3n Superior P\u00fablica En Emergencia Nacional","datePublished":"2019-10-14T15:22:21+00:00","dateModified":"2019-10-14T15:22:56+00:00","mainEntityOfPage":{"@id":"https:\/\/otech.uaeh.edu.mx\/noti\/articulo-otech\/la-educacion-superior-publica-en-emergencia-nacional\/"},"wordCount":757,"commentCount":0,"publisher":{"@id":"https:\/\/otech.uaeh.edu.mx\/noti\/#organization"},"image":{"@id":"https:\/\/otech.uaeh.edu.mx\/noti\/articulo-otech\/la-educacion-superior-publica-en-emergencia-nacional\/#primaryimage"},"thumbnailUrl":"https:\/\/otech.uaeh.edu.mx\/noti\/wp-content\/uploads\/2019\/10\/Notic.9-6.jpg","articleSection":["Art\u00edculo OTecH"],"inLanguage":"en-US","potentialAction":[{"@type":"CommentAction","name":"Comment","target":["https:\/\/otech.uaeh.edu.mx\/noti\/articulo-otech\/la-educacion-superior-publica-en-emergencia-nacional\/#respond"]}]},{"@type":"WebPage","@id":"https:\/\/otech.uaeh.edu.mx\/noti\/articulo-otech\/la-educacion-superior-publica-en-emergencia-nacional\/","url":"https:\/\/otech.uaeh.edu.mx\/noti\/articulo-otech\/la-educacion-superior-publica-en-emergencia-nacional\/","name":"La Educaci\u00f3n Superior P\u00fablica En Emergencia Nacional - Observatorio Tecnol\u00f3gico de Hidalgo","isPartOf":{"@id":"https:\/\/otech.uaeh.edu.mx\/noti\/#website"},"primaryImageOfPage":{"@id":"https:\/\/otech.uaeh.edu.mx\/noti\/articulo-otech\/la-educacion-superior-publica-en-emergencia-nacional\/#primaryimage"},"image":{"@id":"https:\/\/otech.uaeh.edu.mx\/noti\/articulo-otech\/la-educacion-superior-publica-en-emergencia-nacional\/#primaryimage"},"thumbnailUrl":"https:\/\/otech.uaeh.edu.mx\/noti\/wp-content\/uploads\/2019\/10\/Notic.9-6.jpg","datePublished":"2019-10-14T15:22:21+00:00","dateModified":"2019-10-14T15:22:56+00:00","breadcrumb":{"@id":"https:\/\/otech.uaeh.edu.mx\/noti\/articulo-otech\/la-educacion-superior-publica-en-emergencia-nacional\/#breadcrumb"},"inLanguage":"en-US","potentialAction":[{"@type":"ReadAction","target":["https:\/\/otech.uaeh.edu.mx\/noti\/articulo-otech\/la-educacion-superior-publica-en-emergencia-nacional\/"]}]},{"@type":"ImageObject","inLanguage":"en-US","@id":"https:\/\/otech.uaeh.edu.mx\/noti\/articulo-otech\/la-educacion-superior-publica-en-emergencia-nacional\/#primaryimage","url":"https:\/\/otech.uaeh.edu.mx\/noti\/wp-content\/uploads\/2019\/10\/Notic.9-6.jpg","contentUrl":"https:\/\/otech.uaeh.edu.mx\/noti\/wp-content\/uploads\/2019\/10\/Notic.9-6.jpg","width":640,"height":306},{"@type":"BreadcrumbList","@id":"https:\/\/otech.uaeh.edu.mx\/noti\/articulo-otech\/la-educacion-superior-publica-en-emergencia-nacional\/#breadcrumb","itemListElement":[{"@type":"ListItem","position":1,"name":"Inicio","item":"https:\/\/otech.uaeh.edu.mx\/noti\/"},{"@type":"ListItem","position":2,"name":"La Educaci\u00f3n Superior P\u00fablica En Emergencia Nacional"}]},{"@type":"WebSite","@id":"https:\/\/otech.uaeh.edu.mx\/noti\/#website","url":"https:\/\/otech.uaeh.edu.mx\/noti\/","name":"Observatorio Tecnol\u00f3gico de Hidalgo","description":"","publisher":{"@id":"https:\/\/otech.uaeh.edu.mx\/noti\/#organization"},"potentialAction":[{"@type":"SearchAction","target":{"@type":"EntryPoint","urlTemplate":"https:\/\/otech.uaeh.edu.mx\/noti\/?s={search_term_string}"},"query-input":{"@type":"PropertyValueSpecification","valueRequired":true,"valueName":"search_term_string"}}],"inLanguage":"en-US"},{"@type":"Organization","@id":"https:\/\/otech.uaeh.edu.mx\/noti\/#organization","name":"Observatorio Tecnol\u00f3gico de Hidalgo","url":"https:\/\/otech.uaeh.edu.mx\/noti\/","logo":{"@type":"ImageObject","inLanguage":"en-US","@id":"https:\/\/otech.uaeh.edu.mx\/noti\/#\/schema\/logo\/image\/","url":"https:\/\/otech.uaeh.edu.mx\/noti\/wp-content\/uploads\/2025\/11\/Logo-circulo.png","contentUrl":"https:\/\/otech.uaeh.edu.mx\/noti\/wp-content\/uploads\/2025\/11\/Logo-circulo.png","width":250,"height":250,"caption":"Observatorio Tecnol\u00f3gico de Hidalgo"},"image":{"@id":"https:\/\/otech.uaeh.edu.mx\/noti\/#\/schema\/logo\/image\/"},"sameAs":["https:\/\/www.facebook.com\/observatoriouaeh","https:\/\/x.com\/OBSERVATORIOEH"]},{"@type":"Person","@id":"https:\/\/otech.uaeh.edu.mx\/noti\/#\/schema\/person\/95263d004158ffabcd98137e1d0abc1c","name":"admin","image":{"@type":"ImageObject","inLanguage":"en-US","@id":"https:\/\/otech.uaeh.edu.mx\/noti\/#\/schema\/person\/image\/","url":"https:\/\/secure.gravatar.com\/avatar\/08dd17208ee6a9e87c5a01c0a5f4c96c8ed24bf05e625630929b5b6a7c1ffa5f?s=96&d=mm&r=g","contentUrl":"https:\/\/secure.gravatar.com\/avatar\/08dd17208ee6a9e87c5a01c0a5f4c96c8ed24bf05e625630929b5b6a7c1ffa5f?s=96&d=mm&r=g","caption":"admin"},"url":"https:\/\/otech.uaeh.edu.mx\/noti\/author\/admin\/"}]}},"_links":{"self":[{"href":"https:\/\/otech.uaeh.edu.mx\/noti\/wp-json\/wp\/v2\/posts\/18959","targetHints":{"allow":["GET"]}}],"collection":[{"href":"https:\/\/otech.uaeh.edu.mx\/noti\/wp-json\/wp\/v2\/posts"}],"about":[{"href":"https:\/\/otech.uaeh.edu.mx\/noti\/wp-json\/wp\/v2\/types\/post"}],"author":[{"embeddable":true,"href":"https:\/\/otech.uaeh.edu.mx\/noti\/wp-json\/wp\/v2\/users\/1"}],"replies":[{"embeddable":true,"href":"https:\/\/otech.uaeh.edu.mx\/noti\/wp-json\/wp\/v2\/comments?post=18959"}],"version-history":[{"count":2,"href":"https:\/\/otech.uaeh.edu.mx\/noti\/wp-json\/wp\/v2\/posts\/18959\/revisions"}],"predecessor-version":[{"id":18962,"href":"https:\/\/otech.uaeh.edu.mx\/noti\/wp-json\/wp\/v2\/posts\/18959\/revisions\/18962"}],"wp:featuredmedia":[{"embeddable":true,"href":"https:\/\/otech.uaeh.edu.mx\/noti\/wp-json\/wp\/v2\/media\/18960"}],"wp:attachment":[{"href":"https:\/\/otech.uaeh.edu.mx\/noti\/wp-json\/wp\/v2\/media?parent=18959"}],"wp:term":[{"taxonomy":"category","embeddable":true,"href":"https:\/\/otech.uaeh.edu.mx\/noti\/wp-json\/wp\/v2\/categories?post=18959"},{"taxonomy":"post_tag","embeddable":true,"href":"https:\/\/otech.uaeh.edu.mx\/noti\/wp-json\/wp\/v2\/tags?post=18959"}],"curies":[{"name":"wp","href":"https:\/\/api.w.org\/{rel}","templated":true}]}}