{"id":19018,"date":"2019-10-16T08:43:57","date_gmt":"2019-10-16T14:43:57","guid":{"rendered":"http:\/\/otech.uaeh.edu.mx\/noti\/?p=19018"},"modified":"2019-10-16T08:54:46","modified_gmt":"2019-10-16T14:54:46","slug":"19018","status":"publish","type":"post","link":"https:\/\/otech.uaeh.edu.mx\/noti\/empresa\/19018\/","title":{"rendered":"No habr\u00e1 naci\u00f3n emprendedora si no hay un Estado innovador"},"content":{"rendered":"<p style=\"text-align: justify;\">El transporte a\u00e9reo es responsable del 2,6% de las emisiones de di\u00f3xido de carbono provocadas por el ser humano. Y est\u00e1 creciendo. Seg\u00fan las previsiones de la consultora Roland Berger, su participaci\u00f3n en esa tarta contaminante crecer\u00e1 hasta el 10% en 2050, y podr\u00eda llegar a suponer el 24% si otras industrias logran grandes mejoras en su eficiencia energ\u00e9tica.<!--more--><\/p>\n<p style=\"text-align: justify;\">El problema para la aviaci\u00f3n est\u00e1 ah\u00ed, y su se\u00f1alamiento como responsable del cambio clim\u00e1tico avanza r\u00e1pido, tanto como se populariza la expresi\u00f3n<span>\u00a0<\/span><em>verg\u00fcenza de volar<\/em>. En esa encrucijada, los fabricantes aeron\u00e1uticos resaltan sus l\u00edneas de I+D para lograr aviones m\u00e1s aerodin\u00e1micos y motores m\u00e1s eficientes, mientras los gigantes de la aviaci\u00f3n comercial anuncian grandes inversiones. El \u00faltimo, IAG, que<span>\u00a0<\/span>prev\u00e9 invertir 400 millones de d\u00f3lares<span>\u00a0<\/span>para desarrollar combustibles m\u00e1s sostenibles.<\/p>\n<p style=\"text-align: justify;\">Esos esfuerzos pueden resultar insuficientes, por varios motivos. Para empezar, los propios ritmos del sector: los aviones tienen una vida \u00fatil de entre 25 y 30 a\u00f1os, por lo que en la actualidad hay muchos aparatos volando con las (in)eficiencias del siglo pasado. La renovaci\u00f3n total de flotas es cuesti\u00f3n de d\u00e9cadas.<\/p>\n<p style=\"text-align: justify;\">Otro obst\u00e1culo es que las tecnolog\u00edas para la mejora en el uso del combustible est\u00e1n ya muy maduras y tienen poco margen de mejora: en un informe sobre la aviaci\u00f3n el\u00e9ctrica Citi GPS estima que en los \u00faltimos cincuenta a\u00f1os, la industria ha reducido el uso por combustible por asiento a una tasa anual de entre el 1% y el 2%, insuficiente para compensar su aumento de la oferta de vuelos, entre el 4% y el 5%. El saldo es que la aviaci\u00f3n comercial aumenta sus emisiones en torno al 3% anual.<\/p>\n<p style=\"text-align: justify;\">Con este panorama, la industria est\u00e1 empezando a girar su atenci\u00f3n hacia el ejemplo de los autom\u00f3viles. \u00bfPuede el uso de bater\u00edas el\u00e9ctricas ser una soluci\u00f3n a medio plazo para las emisiones de los aviones, como ya est\u00e1 sucediendo con los coches?<\/p>\n<p style=\"text-align: justify;\">No es ciencia ficci\u00f3n, o al menos no del todo: ya hay empresas, como la eslovena Pipistrel, especializada en ultraligeros, que ofrecen aviones el\u00e9ctricos biplazas para la formaci\u00f3n de pilotos. Son vuelos de una hora, m\u00e1s baratos por el ahorro de combustible. Y la Administraci\u00f3n Federal de Aviaci\u00f3n de Estados Unidos (FAA) ya autoriza pruebas para el aterrizaje y despegue vertical de aviones el\u00e9ctricos.<\/p>\n<p style=\"text-align: justify;\">Pero, al menos en 2019, hasta aqu\u00ed llegan las buenas noticias tangibles. Actualmente, la aviaci\u00f3n el\u00e9ctrica se encuentra con un problema en esencia muy sencillo: las bater\u00edas capaces de mover un avi\u00f3n ser\u00edan incre\u00edblemente pesadas.<\/p>\n<section class=\"sumario_html centro\" id=\"sumario_1|html\">\n<div class=\"sumario__interior\">\n<div class=\"sumario-texto\">\n<blockquote><p><span>La aviaci\u00f3n comercial aumenta sus emisiones en torno al 3% anual<\/span><\/p><\/blockquote>\n<\/div>\n<\/div>\n<\/section>\n<p style=\"text-align: justify;\">Hagamos n\u00fameros tomando como ejemplo un Airbus 320, un avi\u00f3n de corto y medio alcance, con una capacidad de dep\u00f3sito de alrededor de 25.000 litros y con el que es frecuente volar de Espa\u00f1a al Reino Unido o de la Pen\u00ednsula a Canarias. Citi GPS calcula que si volase con energ\u00eda el\u00e9ctrica, la bater\u00eda tendr\u00eda que pesar 500 toneladas. Y la carga m\u00e1xima de un A320 est\u00e1 en 78 toneladas.<\/p>\n<p style=\"text-align: justify;\">Esta es la situaci\u00f3n actual, pero, como dice Ambrosio Liceaga, divulgador y responsable de proyectos de los Institutos de Investigaci\u00f3n de la Universidad P\u00fablica de Navarra, \u201craro ser\u00eda que en diez a\u00f1os no tuvi\u00e9semos grandes avances con todo lo que se est\u00e1 investigando en bater\u00edas, por ejemplo en su refrigeraci\u00f3n, algo b\u00e1sico para su carga r\u00e1pida\u201d. Mois\u00e9s Paniagua, director de A.T. Kearney, explica que actualmente las bater\u00edas m\u00e1s avanzadas de los coches el\u00e9ctricos, de ion litio, ofrecen una potencia de 250 watios por hora y kilo, y est\u00e1n aumentando su capacidad a un ritmo anual del 7%.<\/p>\n<p style=\"text-align: justify;\">Por su parte, la consultora Bloomberg NEF (New Economy Finance) estima que en 2030 la tecnolog\u00eda de las bater\u00edas alcanzar\u00e1 alrededor de los 500 WH watios hora\/kilo. T\u00e9cnicamente, aseguran, dar\u00eda a un A320 un alcance de 800 kil\u00f3metros, que dado los requisitos regulatorios de reserva de energ\u00eda, se reducir\u00eda a poco m\u00e1s de 500 kil\u00f3metros.<\/p>\n<section class=\"sumario_html centro\" id=\"sumario_2|html\">\n<div class=\"sumario__interior\">\n<div class=\"sumario-texto\">\n<blockquote><p><span>Actualmente, la aviaci\u00f3n el\u00e9ctrica se encuentra con un problema en esencia muy sencillo: las bater\u00edas capaces de mover un avi\u00f3n son incre\u00edblemente pesadas.<\/span><\/p><\/blockquote>\n<\/div>\n<\/div>\n<\/section>\n<section class=\"sumario_foto centro\" id=\"sumario_6|foto\">\n<div class=\"sumario__interior\">\n<figure class=\"foto foto_w980\" itemprop=\"image\" itemscope=\"\" itemtype=\"http:\/\/schema.org\/ImageObject\"><img loading=\"lazy\" decoding=\"async\" itemprop=\"url\" src=\"https:\/\/rt00.epimg.net\/retina\/imagenes\/2019\/10\/15\/tendencias\/1571141020_969690_1571232761_sumario_normal.jpg\" width=\"980\" height=\"1182\" alt=\"\u00bfVolaremos en veh\u00edculos el\u00e9ctricos? S\u00ed, pero para ir al aeropuerto\" srcset=\" \/\/rt00.epimg.net\/retina\/imagenes\/2019\/10\/15\/tendencias\/1571141020_969690_1571232761_sumario_normal_recorte1.jpg 1960w, \/\/rt00.epimg.net\/retina\/imagenes\/2019\/10\/15\/tendencias\/1571141020_969690_1571232761_sumario_normal_recorte2.jpg 720w , \/\/rt00.epimg.net\/retina\/imagenes\/2019\/10\/15\/tendencias\/1571141020_969690_1571232761_sumario_normal.jpg 980w\" \/><figcaption class=\"foto-pie\" itemprop=\"caption\"><span class=\"foto-texto\"><span class=\"foto-firma\"><span itemprop=\"author\" class=\"foto-autor\">Getty Images<\/span><\/span><\/span><\/figcaption><\/figure>\n<div class=\"sumario-texto\">La conclusi\u00f3n es clara: es inveros\u00edmil pensar en motores el\u00e9ctricos para vuelos de largo recorrido antes de 15 a\u00f1os. Pero hay muchas distancias que volar.<\/div>\n<\/div>\n<\/section>\n<p style=\"text-align: justify;\"><strong>Otra mala noticia para los taxistas<\/strong><\/p>\n<p style=\"text-align: justify;\">Roland Berger estima que de los 170 prototipos de aviaci\u00f3n el\u00e9ctrica que se han presentado, m\u00e1s de la mitad tratan de crear un nuevo nicho de negocio: la movilidad urbana a\u00e9rea. Se les est\u00e1 bautizando como taxis a\u00e9reos, y el informe de Citi GPS estima que tendr\u00e1n su espacio en ciudades abiertas a las innovaciones tecnol\u00f3gicas, con rentas per c\u00e1pita altas y con un urbanismo disperso. Respecto a los trayectos, ahorrar\u00eda tiempo, frente al taxi, a partir de los los 16 kil\u00f3metros (diez millas) y podr\u00eda ser una alternativa muy solvente para los traslados a los aeropuertos. Su estudio especifica seis grandes mercados, con sus \u00e1reas metropolitanas, con un p\u00fablico potencial de 70 millones de personas: Dubai, Shangh\u00e1i, Singapur, Londres, Nueva York y Hong Kong.<\/p>\n<p style=\"text-align: justify;\">Otra ventaja de los taxis a\u00e9reos es que podr\u00edan despertar a una demanda latente: la de los trayectos, de unos cientos de kil\u00f3metros, demasiado largos para ir frecuentemente en coche y demasiado cortos para el avi\u00f3n. Adem\u00e1s, al ser el\u00e9ctricos y reducir el ruido, provocar\u00edan menos molestias y podr\u00edan operar m\u00e1s cerca de edificios y viviendas.<\/p>\n<section class=\"sumario_video centro\" id=\"sumario_3|video\">\n<div id=\"sumario__interior\">\n<div id=\"videonoticia\" class=\"media\">\n<figure class=\"foto media\" itemprop=\"image\" itemscope=\"\" itemtype=\"https:\/\/schema.org\/ImageObject\">\n<div id=\"multimediaPlayer_004085328\" class=\"MPEP_video_externo\"><iframe loading=\"lazy\" width=\"100%\" height=\"100%\" frameborder=\"0\" scrolling=\"no\" webkitallowfullscreen=\"webkitallowfullscreen\" mozallowfullscreen=\"mozallowfullscreen\" allowfullscreen=\"allowfullscreen\" src=\"https:\/\/www.youtube.com\/embed\/tmCnND41FJw?wmode=transparent\" data-mce-fragment=\"1\"><\/iframe><\/div>\n<\/figure>\n<\/div>\n<\/div>\n<\/section>\n<p style=\"text-align: justify;\">Pero, como dice con iron\u00eda Liceaga, \u201clos taxis a\u00e9reos ya existen y se llaman helic\u00f3pteros\u201d. Su precio y las restricciones legales hacen que su uso est\u00e9 muy limitado. \u00bfSer\u00eda diferente con helic\u00f3pteros el\u00e9ctricos, o taxis a\u00e9reos?<\/p>\n<p style=\"text-align: justify;\">A priori, si la tecnolog\u00eda de las bater\u00edas acompa\u00f1a, el ahorro de combustible marca una diferencia de precio. Pero la mayor\u00eda de los proyectos pretende cuadrar de verdad los n\u00fameros con otro avance: la ausencia de tripulante, sustituido por algoritmos, sensores y mucha inteligencia artificial, como en los coches. Es obvio pero pasa desapercibido: todo taxi renuncia a un 20% de su capacidad por llevar un conductor, capacidad que en veh\u00edculos de transporte colectivo supone dinero constante y sonante.<\/p>\n<p style=\"text-align: justify;\">Taxis que vuelan, sin nadie a los mandos y movidos por una tecnolog\u00eda el\u00e9ctrica a la que no estamos acostumbrados. Es una pesadilla para los aprensivos, y redobla las dificultades regulatorias.<\/p>\n<p style=\"text-align: justify;\">\u201cDada la gran variedad de dise\u00f1os de taxis a\u00e9reos que se est\u00e1n desarrollando, puede resultar dif\u00edcil elaborar reglamentos que lo abarquen todo. Aunque hay una fuerte demanda, los reguladores no querr\u00e1n arriesgarse ante la opini\u00f3n p\u00fablica si algo sale mal\u201d, opina Pavan Daswani, uno de los autores del informe de Citi para el sector aeroespacial y de defensa, que vaticina que la regulaci\u00f3n podr\u00eda estar lista a partir de 2025.<\/p>\n<p style=\"text-align: justify;\">\u201cLa aviaci\u00f3n es tan segura porque tiene un sistema de controles caro y lento; hay mucha burocracia\u201d, recalca Liceaga, mientras que Paniagua, de A.T. Kearney, destaca que los taxis a\u00e9reos no tripulados no solo habr\u00e1n de cumplir medidas de seguridad en vuelo, sino tambi\u00e9n de ciberseguridad ante posibles amenazas. El impulso de pol\u00edticos y reguladores ser\u00e1 en consecuencia clave para acelerar una alternativa de movilidad urbana que tecnol\u00f3gicamente empieza a estar lista. Mientras tanto, puede que en la pr\u00f3xima d\u00e9cada vueles en un veh\u00edculo el\u00e9ctrico, pero probablemente ser\u00e1 para ir al aeropuerto.<\/p>\n<p style=\"text-align: justify;\"><strong>Fuente:\u00a0<\/strong><\/p>\n<p style=\"text-align: justify;\"><em>Tom\u00e1s L\u00f3pez Morales, T. L. M. (2019, 16 octubre). \u00bfVolaremos en veh\u00edculos el\u00e9ctricos? S\u00ed, pero para ir al aeropuerto. Recuperado 16 octubre, 2019, de https:\/\/retina.elpais.com\/retina\/2019\/10\/15\/tendencias\/1571141020_969690.html<\/em><\/p>\n","protected":false},"excerpt":{"rendered":"<p>El transporte a\u00e9reo es responsable del 2,6% de las emisiones de di\u00f3xido de carbono provocadas por el ser humano. Y est\u00e1 creciendo. Seg\u00fan las previsiones de la consultora Roland Berger, su participaci\u00f3n en esa tarta contaminante crecer\u00e1 hasta el 10% en 2050, y podr\u00eda llegar a suponer el 24% si otras industrias logran grandes mejoras [&hellip;]<\/p>\n","protected":false},"author":1,"featured_media":19021,"comment_status":"open","ping_status":"open","sticky":false,"template":"","format":"standard","meta":{"footnotes":""},"categories":[376],"tags":[],"class_list":["post-19018","post","type-post","status-publish","format-standard","has-post-thumbnail","hentry","category-empresa"],"yoast_head":"<!-- This site is optimized with the Yoast SEO plugin v26.7 - https:\/\/yoast.com\/wordpress\/plugins\/seo\/ -->\n<title>No habr\u00e1 naci\u00f3n emprendedora si no hay un Estado innovador - Observatorio Tecnol\u00f3gico de Hidalgo<\/title>\n<meta name=\"robots\" content=\"index, follow, max-snippet:-1, max-image-preview:large, max-video-preview:-1\" \/>\n<link rel=\"canonical\" href=\"https:\/\/otech.uaeh.edu.mx\/noti\/empresa\/19018\/\" \/>\n<meta property=\"og:locale\" content=\"en_US\" \/>\n<meta property=\"og:type\" content=\"article\" \/>\n<meta property=\"og:title\" content=\"No habr\u00e1 naci\u00f3n emprendedora si no hay un Estado innovador - Observatorio Tecnol\u00f3gico de Hidalgo\" \/>\n<meta property=\"og:description\" content=\"El transporte a\u00e9reo es responsable del 2,6% de las emisiones de di\u00f3xido de carbono provocadas por el ser humano. Y est\u00e1 creciendo. Seg\u00fan las previsiones de la consultora Roland Berger, su participaci\u00f3n en esa tarta contaminante crecer\u00e1 hasta el 10% en 2050, y podr\u00eda llegar a suponer el 24% si otras industrias logran grandes mejoras [&hellip;]\" \/>\n<meta property=\"og:url\" content=\"https:\/\/otech.uaeh.edu.mx\/noti\/empresa\/19018\/\" \/>\n<meta property=\"og:site_name\" content=\"Observatorio Tecnol\u00f3gico de Hidalgo\" \/>\n<meta property=\"article:publisher\" content=\"https:\/\/www.facebook.com\/observatoriouaeh\" \/>\n<meta property=\"article:published_time\" content=\"2019-10-16T14:43:57+00:00\" \/>\n<meta property=\"article:modified_time\" content=\"2019-10-16T14:54:46+00:00\" \/>\n<meta property=\"og:image\" content=\"https:\/\/otech.uaeh.edu.mx\/noti\/wp-content\/uploads\/2019\/10\/notic.7.jpg\" \/>\n\t<meta property=\"og:image:width\" content=\"600\" \/>\n\t<meta property=\"og:image:height\" content=\"301\" \/>\n\t<meta property=\"og:image:type\" content=\"image\/jpeg\" \/>\n<meta name=\"author\" content=\"admin\" \/>\n<meta name=\"twitter:card\" content=\"summary_large_image\" \/>\n<meta name=\"twitter:creator\" content=\"@OBSERVATORIOEH\" \/>\n<meta name=\"twitter:site\" content=\"@OBSERVATORIOEH\" \/>\n<meta name=\"twitter:label1\" content=\"Written by\" \/>\n\t<meta name=\"twitter:data1\" content=\"admin\" \/>\n\t<meta name=\"twitter:label2\" content=\"Est. reading time\" \/>\n\t<meta name=\"twitter:data2\" content=\"7 minutes\" \/>\n<script type=\"application\/ld+json\" class=\"yoast-schema-graph\">{\"@context\":\"https:\/\/schema.org\",\"@graph\":[{\"@type\":\"Article\",\"@id\":\"https:\/\/otech.uaeh.edu.mx\/noti\/empresa\/19018\/#article\",\"isPartOf\":{\"@id\":\"https:\/\/otech.uaeh.edu.mx\/noti\/empresa\/19018\/\"},\"author\":{\"name\":\"admin\",\"@id\":\"https:\/\/otech.uaeh.edu.mx\/noti\/#\/schema\/person\/95263d004158ffabcd98137e1d0abc1c\"},\"headline\":\"No habr\u00e1 naci\u00f3n emprendedora si no hay un Estado innovador\",\"datePublished\":\"2019-10-16T14:43:57+00:00\",\"dateModified\":\"2019-10-16T14:54:46+00:00\",\"mainEntityOfPage\":{\"@id\":\"https:\/\/otech.uaeh.edu.mx\/noti\/empresa\/19018\/\"},\"wordCount\":1360,\"commentCount\":0,\"publisher\":{\"@id\":\"https:\/\/otech.uaeh.edu.mx\/noti\/#organization\"},\"image\":{\"@id\":\"https:\/\/otech.uaeh.edu.mx\/noti\/empresa\/19018\/#primaryimage\"},\"thumbnailUrl\":\"https:\/\/otech.uaeh.edu.mx\/noti\/wp-content\/uploads\/2019\/10\/notic.7.jpg\",\"articleSection\":[\"Empresa\"],\"inLanguage\":\"en-US\",\"potentialAction\":[{\"@type\":\"CommentAction\",\"name\":\"Comment\",\"target\":[\"https:\/\/otech.uaeh.edu.mx\/noti\/empresa\/19018\/#respond\"]}]},{\"@type\":\"WebPage\",\"@id\":\"https:\/\/otech.uaeh.edu.mx\/noti\/empresa\/19018\/\",\"url\":\"https:\/\/otech.uaeh.edu.mx\/noti\/empresa\/19018\/\",\"name\":\"No habr\u00e1 naci\u00f3n emprendedora si no hay un Estado innovador - Observatorio Tecnol\u00f3gico de Hidalgo\",\"isPartOf\":{\"@id\":\"https:\/\/otech.uaeh.edu.mx\/noti\/#website\"},\"primaryImageOfPage\":{\"@id\":\"https:\/\/otech.uaeh.edu.mx\/noti\/empresa\/19018\/#primaryimage\"},\"image\":{\"@id\":\"https:\/\/otech.uaeh.edu.mx\/noti\/empresa\/19018\/#primaryimage\"},\"thumbnailUrl\":\"https:\/\/otech.uaeh.edu.mx\/noti\/wp-content\/uploads\/2019\/10\/notic.7.jpg\",\"datePublished\":\"2019-10-16T14:43:57+00:00\",\"dateModified\":\"2019-10-16T14:54:46+00:00\",\"breadcrumb\":{\"@id\":\"https:\/\/otech.uaeh.edu.mx\/noti\/empresa\/19018\/#breadcrumb\"},\"inLanguage\":\"en-US\",\"potentialAction\":[{\"@type\":\"ReadAction\",\"target\":[\"https:\/\/otech.uaeh.edu.mx\/noti\/empresa\/19018\/\"]}]},{\"@type\":\"ImageObject\",\"inLanguage\":\"en-US\",\"@id\":\"https:\/\/otech.uaeh.edu.mx\/noti\/empresa\/19018\/#primaryimage\",\"url\":\"https:\/\/otech.uaeh.edu.mx\/noti\/wp-content\/uploads\/2019\/10\/notic.7.jpg\",\"contentUrl\":\"https:\/\/otech.uaeh.edu.mx\/noti\/wp-content\/uploads\/2019\/10\/notic.7.jpg\",\"width\":600,\"height\":301},{\"@type\":\"BreadcrumbList\",\"@id\":\"https:\/\/otech.uaeh.edu.mx\/noti\/empresa\/19018\/#breadcrumb\",\"itemListElement\":[{\"@type\":\"ListItem\",\"position\":1,\"name\":\"Inicio\",\"item\":\"https:\/\/otech.uaeh.edu.mx\/noti\/\"},{\"@type\":\"ListItem\",\"position\":2,\"name\":\"No habr\u00e1 naci\u00f3n emprendedora si no hay un Estado innovador\"}]},{\"@type\":\"WebSite\",\"@id\":\"https:\/\/otech.uaeh.edu.mx\/noti\/#website\",\"url\":\"https:\/\/otech.uaeh.edu.mx\/noti\/\",\"name\":\"Observatorio Tecnol\u00f3gico de Hidalgo\",\"description\":\"\",\"publisher\":{\"@id\":\"https:\/\/otech.uaeh.edu.mx\/noti\/#organization\"},\"potentialAction\":[{\"@type\":\"SearchAction\",\"target\":{\"@type\":\"EntryPoint\",\"urlTemplate\":\"https:\/\/otech.uaeh.edu.mx\/noti\/?s={search_term_string}\"},\"query-input\":{\"@type\":\"PropertyValueSpecification\",\"valueRequired\":true,\"valueName\":\"search_term_string\"}}],\"inLanguage\":\"en-US\"},{\"@type\":\"Organization\",\"@id\":\"https:\/\/otech.uaeh.edu.mx\/noti\/#organization\",\"name\":\"Observatorio Tecnol\u00f3gico de Hidalgo\",\"url\":\"https:\/\/otech.uaeh.edu.mx\/noti\/\",\"logo\":{\"@type\":\"ImageObject\",\"inLanguage\":\"en-US\",\"@id\":\"https:\/\/otech.uaeh.edu.mx\/noti\/#\/schema\/logo\/image\/\",\"url\":\"https:\/\/otech.uaeh.edu.mx\/noti\/wp-content\/uploads\/2025\/11\/Logo-circulo.png\",\"contentUrl\":\"https:\/\/otech.uaeh.edu.mx\/noti\/wp-content\/uploads\/2025\/11\/Logo-circulo.png\",\"width\":250,\"height\":250,\"caption\":\"Observatorio Tecnol\u00f3gico de Hidalgo\"},\"image\":{\"@id\":\"https:\/\/otech.uaeh.edu.mx\/noti\/#\/schema\/logo\/image\/\"},\"sameAs\":[\"https:\/\/www.facebook.com\/observatoriouaeh\",\"https:\/\/x.com\/OBSERVATORIOEH\"]},{\"@type\":\"Person\",\"@id\":\"https:\/\/otech.uaeh.edu.mx\/noti\/#\/schema\/person\/95263d004158ffabcd98137e1d0abc1c\",\"name\":\"admin\",\"image\":{\"@type\":\"ImageObject\",\"inLanguage\":\"en-US\",\"@id\":\"https:\/\/otech.uaeh.edu.mx\/noti\/#\/schema\/person\/image\/\",\"url\":\"https:\/\/secure.gravatar.com\/avatar\/08dd17208ee6a9e87c5a01c0a5f4c96c8ed24bf05e625630929b5b6a7c1ffa5f?s=96&d=mm&r=g\",\"contentUrl\":\"https:\/\/secure.gravatar.com\/avatar\/08dd17208ee6a9e87c5a01c0a5f4c96c8ed24bf05e625630929b5b6a7c1ffa5f?s=96&d=mm&r=g\",\"caption\":\"admin\"},\"url\":\"https:\/\/otech.uaeh.edu.mx\/noti\/author\/admin\/\"}]}<\/script>\n<!-- \/ Yoast SEO plugin. -->","yoast_head_json":{"title":"No habr\u00e1 naci\u00f3n emprendedora si no hay un Estado innovador - Observatorio Tecnol\u00f3gico de Hidalgo","robots":{"index":"index","follow":"follow","max-snippet":"max-snippet:-1","max-image-preview":"max-image-preview:large","max-video-preview":"max-video-preview:-1"},"canonical":"https:\/\/otech.uaeh.edu.mx\/noti\/empresa\/19018\/","og_locale":"en_US","og_type":"article","og_title":"No habr\u00e1 naci\u00f3n emprendedora si no hay un Estado innovador - Observatorio Tecnol\u00f3gico de Hidalgo","og_description":"El transporte a\u00e9reo es responsable del 2,6% de las emisiones de di\u00f3xido de carbono provocadas por el ser humano. Y est\u00e1 creciendo. Seg\u00fan las previsiones de la consultora Roland Berger, su participaci\u00f3n en esa tarta contaminante crecer\u00e1 hasta el 10% en 2050, y podr\u00eda llegar a suponer el 24% si otras industrias logran grandes mejoras [&hellip;]","og_url":"https:\/\/otech.uaeh.edu.mx\/noti\/empresa\/19018\/","og_site_name":"Observatorio Tecnol\u00f3gico de Hidalgo","article_publisher":"https:\/\/www.facebook.com\/observatoriouaeh","article_published_time":"2019-10-16T14:43:57+00:00","article_modified_time":"2019-10-16T14:54:46+00:00","og_image":[{"width":600,"height":301,"url":"https:\/\/otech.uaeh.edu.mx\/noti\/wp-content\/uploads\/2019\/10\/notic.7.jpg","type":"image\/jpeg"}],"author":"admin","twitter_card":"summary_large_image","twitter_creator":"@OBSERVATORIOEH","twitter_site":"@OBSERVATORIOEH","twitter_misc":{"Written by":"admin","Est. reading time":"7 minutes"},"schema":{"@context":"https:\/\/schema.org","@graph":[{"@type":"Article","@id":"https:\/\/otech.uaeh.edu.mx\/noti\/empresa\/19018\/#article","isPartOf":{"@id":"https:\/\/otech.uaeh.edu.mx\/noti\/empresa\/19018\/"},"author":{"name":"admin","@id":"https:\/\/otech.uaeh.edu.mx\/noti\/#\/schema\/person\/95263d004158ffabcd98137e1d0abc1c"},"headline":"No habr\u00e1 naci\u00f3n emprendedora si no hay un Estado innovador","datePublished":"2019-10-16T14:43:57+00:00","dateModified":"2019-10-16T14:54:46+00:00","mainEntityOfPage":{"@id":"https:\/\/otech.uaeh.edu.mx\/noti\/empresa\/19018\/"},"wordCount":1360,"commentCount":0,"publisher":{"@id":"https:\/\/otech.uaeh.edu.mx\/noti\/#organization"},"image":{"@id":"https:\/\/otech.uaeh.edu.mx\/noti\/empresa\/19018\/#primaryimage"},"thumbnailUrl":"https:\/\/otech.uaeh.edu.mx\/noti\/wp-content\/uploads\/2019\/10\/notic.7.jpg","articleSection":["Empresa"],"inLanguage":"en-US","potentialAction":[{"@type":"CommentAction","name":"Comment","target":["https:\/\/otech.uaeh.edu.mx\/noti\/empresa\/19018\/#respond"]}]},{"@type":"WebPage","@id":"https:\/\/otech.uaeh.edu.mx\/noti\/empresa\/19018\/","url":"https:\/\/otech.uaeh.edu.mx\/noti\/empresa\/19018\/","name":"No habr\u00e1 naci\u00f3n emprendedora si no hay un Estado innovador - Observatorio Tecnol\u00f3gico de Hidalgo","isPartOf":{"@id":"https:\/\/otech.uaeh.edu.mx\/noti\/#website"},"primaryImageOfPage":{"@id":"https:\/\/otech.uaeh.edu.mx\/noti\/empresa\/19018\/#primaryimage"},"image":{"@id":"https:\/\/otech.uaeh.edu.mx\/noti\/empresa\/19018\/#primaryimage"},"thumbnailUrl":"https:\/\/otech.uaeh.edu.mx\/noti\/wp-content\/uploads\/2019\/10\/notic.7.jpg","datePublished":"2019-10-16T14:43:57+00:00","dateModified":"2019-10-16T14:54:46+00:00","breadcrumb":{"@id":"https:\/\/otech.uaeh.edu.mx\/noti\/empresa\/19018\/#breadcrumb"},"inLanguage":"en-US","potentialAction":[{"@type":"ReadAction","target":["https:\/\/otech.uaeh.edu.mx\/noti\/empresa\/19018\/"]}]},{"@type":"ImageObject","inLanguage":"en-US","@id":"https:\/\/otech.uaeh.edu.mx\/noti\/empresa\/19018\/#primaryimage","url":"https:\/\/otech.uaeh.edu.mx\/noti\/wp-content\/uploads\/2019\/10\/notic.7.jpg","contentUrl":"https:\/\/otech.uaeh.edu.mx\/noti\/wp-content\/uploads\/2019\/10\/notic.7.jpg","width":600,"height":301},{"@type":"BreadcrumbList","@id":"https:\/\/otech.uaeh.edu.mx\/noti\/empresa\/19018\/#breadcrumb","itemListElement":[{"@type":"ListItem","position":1,"name":"Inicio","item":"https:\/\/otech.uaeh.edu.mx\/noti\/"},{"@type":"ListItem","position":2,"name":"No habr\u00e1 naci\u00f3n emprendedora si no hay un Estado innovador"}]},{"@type":"WebSite","@id":"https:\/\/otech.uaeh.edu.mx\/noti\/#website","url":"https:\/\/otech.uaeh.edu.mx\/noti\/","name":"Observatorio Tecnol\u00f3gico de Hidalgo","description":"","publisher":{"@id":"https:\/\/otech.uaeh.edu.mx\/noti\/#organization"},"potentialAction":[{"@type":"SearchAction","target":{"@type":"EntryPoint","urlTemplate":"https:\/\/otech.uaeh.edu.mx\/noti\/?s={search_term_string}"},"query-input":{"@type":"PropertyValueSpecification","valueRequired":true,"valueName":"search_term_string"}}],"inLanguage":"en-US"},{"@type":"Organization","@id":"https:\/\/otech.uaeh.edu.mx\/noti\/#organization","name":"Observatorio Tecnol\u00f3gico de Hidalgo","url":"https:\/\/otech.uaeh.edu.mx\/noti\/","logo":{"@type":"ImageObject","inLanguage":"en-US","@id":"https:\/\/otech.uaeh.edu.mx\/noti\/#\/schema\/logo\/image\/","url":"https:\/\/otech.uaeh.edu.mx\/noti\/wp-content\/uploads\/2025\/11\/Logo-circulo.png","contentUrl":"https:\/\/otech.uaeh.edu.mx\/noti\/wp-content\/uploads\/2025\/11\/Logo-circulo.png","width":250,"height":250,"caption":"Observatorio Tecnol\u00f3gico de Hidalgo"},"image":{"@id":"https:\/\/otech.uaeh.edu.mx\/noti\/#\/schema\/logo\/image\/"},"sameAs":["https:\/\/www.facebook.com\/observatoriouaeh","https:\/\/x.com\/OBSERVATORIOEH"]},{"@type":"Person","@id":"https:\/\/otech.uaeh.edu.mx\/noti\/#\/schema\/person\/95263d004158ffabcd98137e1d0abc1c","name":"admin","image":{"@type":"ImageObject","inLanguage":"en-US","@id":"https:\/\/otech.uaeh.edu.mx\/noti\/#\/schema\/person\/image\/","url":"https:\/\/secure.gravatar.com\/avatar\/08dd17208ee6a9e87c5a01c0a5f4c96c8ed24bf05e625630929b5b6a7c1ffa5f?s=96&d=mm&r=g","contentUrl":"https:\/\/secure.gravatar.com\/avatar\/08dd17208ee6a9e87c5a01c0a5f4c96c8ed24bf05e625630929b5b6a7c1ffa5f?s=96&d=mm&r=g","caption":"admin"},"url":"https:\/\/otech.uaeh.edu.mx\/noti\/author\/admin\/"}]}},"_links":{"self":[{"href":"https:\/\/otech.uaeh.edu.mx\/noti\/wp-json\/wp\/v2\/posts\/19018","targetHints":{"allow":["GET"]}}],"collection":[{"href":"https:\/\/otech.uaeh.edu.mx\/noti\/wp-json\/wp\/v2\/posts"}],"about":[{"href":"https:\/\/otech.uaeh.edu.mx\/noti\/wp-json\/wp\/v2\/types\/post"}],"author":[{"embeddable":true,"href":"https:\/\/otech.uaeh.edu.mx\/noti\/wp-json\/wp\/v2\/users\/1"}],"replies":[{"embeddable":true,"href":"https:\/\/otech.uaeh.edu.mx\/noti\/wp-json\/wp\/v2\/comments?post=19018"}],"version-history":[{"count":4,"href":"https:\/\/otech.uaeh.edu.mx\/noti\/wp-json\/wp\/v2\/posts\/19018\/revisions"}],"predecessor-version":[{"id":19024,"href":"https:\/\/otech.uaeh.edu.mx\/noti\/wp-json\/wp\/v2\/posts\/19018\/revisions\/19024"}],"wp:featuredmedia":[{"embeddable":true,"href":"https:\/\/otech.uaeh.edu.mx\/noti\/wp-json\/wp\/v2\/media\/19021"}],"wp:attachment":[{"href":"https:\/\/otech.uaeh.edu.mx\/noti\/wp-json\/wp\/v2\/media?parent=19018"}],"wp:term":[{"taxonomy":"category","embeddable":true,"href":"https:\/\/otech.uaeh.edu.mx\/noti\/wp-json\/wp\/v2\/categories?post=19018"},{"taxonomy":"post_tag","embeddable":true,"href":"https:\/\/otech.uaeh.edu.mx\/noti\/wp-json\/wp\/v2\/tags?post=19018"}],"curies":[{"name":"wp","href":"https:\/\/api.w.org\/{rel}","templated":true}]}}