{"id":19052,"date":"2019-10-17T08:23:24","date_gmt":"2019-10-17T14:23:24","guid":{"rendered":"http:\/\/otech.uaeh.edu.mx\/noti\/?p=19052"},"modified":"2019-10-17T08:23:24","modified_gmt":"2019-10-17T14:23:24","slug":"arranca-la-feria-industrial-de-hannover-en-guanajuato","status":"publish","type":"post","link":"https:\/\/otech.uaeh.edu.mx\/noti\/sociedad\/arranca-la-feria-industrial-de-hannover-en-guanajuato\/","title":{"rendered":"Arranca la feria industrial de Hannover en Guanajuato"},"content":{"rendered":"<p style=\"text-align: justify;\">La<span>\u00a0<\/span><strong>feria industrial de Hannover<\/strong><span>\u00a0<\/span>se inaugur\u00f3 este martes en el<span>\u00a0<\/span><strong>Teatro Bicentenario de Le\u00f3n<\/strong>, en el estado de<strong><span>\u00a0<\/span>Guanajuato<\/strong>, con un espect\u00e1culo cultural en el que se mostr\u00f3 el<span>\u00a0<\/span><strong>nivel tecnol\u00f3gico<\/strong><span>\u00a0<\/span>de las empresas mexicanas que expondr\u00e1n esta semana todo su potencial para competir a nivel mundial.<!--more--><\/p>\n<p style=\"text-align: justify;\">La<strong><span>\u00a0<\/span>Industrial Transformation M\u00e9xico<\/strong><span>\u00a0<\/span>(ITM) es la primera feria tecnol\u00f3gica de<span>\u00a0<\/span><strong>Hannover Messe<\/strong><span>\u00a0<\/span>en Latinoam\u00e9rica y se ha elegido este pa\u00eds por el atractivo de las empresas de<span>\u00a0<\/span><strong>alta tecnolog\u00eda<\/strong><span>\u00a0<\/span>de M\u00e9xico.<\/p>\n<p style=\"text-align: justify;\">La denominada Noche de Industriales reuni\u00f3 a casi un millar de l\u00edderes y empresarios mexicanos e internacionales con un variado espect\u00e1culo en el que destac\u00f3 la exhibici\u00f3n de l\u00e1ser y rob\u00f3tica presentado por la empresa<span>\u00a0<\/span><strong>Quarso<\/strong><span>\u00a0<\/span>en una muestra de la alta tecnolog\u00eda mexicana.<\/p>\n<p style=\"text-align: justify;\">Adem\u00e1s de la feria Hannover, durante esta semana se celebrar\u00e1 en Le\u00f3n la<span>\u00a0<\/span><strong>Reuni\u00f3n Anual de Industriales<\/strong><span>\u00a0<\/span>(RAI) que organiza la<span>\u00a0<\/span><strong>Confederaci\u00f3n de C\u00e1maras Industriales<\/strong><span>\u00a0<\/span>(Concamin), la principal asociaci\u00f3n empresarial mexicana al reunir a todas las c\u00e1maras de comercio del pa\u00eds.<\/p>\n<p style=\"text-align: justify;\"><strong>Jochen K\u00f6ckler<\/strong>, director general de Hannover Messe, se\u00f1al\u00f3 que le \u201cenorgullece ver este teatro lleno lo que indica que la revoluci\u00f3n industrial 4.0 en M\u00e9xico est\u00e1 caminando\u201d.<\/p>\n<p style=\"text-align: justify;\">A\u00f1adi\u00f3 que la Revoluci\u00f3n 4.0 es simplemente la conectividad de las m\u00e1quinas, \u201cel recoger datos e interpretarlos hace que sepamos una hora antes que una m\u00e1quina va a fallar. Esto supone un gran avance en la productividad de las empresas\u201d.<\/p>\n<p style=\"text-align: justify;\">Termin\u00f3 diciendo que \u201cel estado de Guanajuato est\u00e1 transformando el paisaje industrial de M\u00e9xico. El estado es pionero. Dense un aplauso\u201d.<\/p>\n<p style=\"text-align: justify;\">Francisco Cervantes, presidente de Concamin, se\u00f1al\u00f3 que en los \u00faltimos 20 a\u00f1os hemos acelerado m\u00e1s que en los 2 mil a\u00f1os anteriores y M\u00e9xico no se ha quedado a la zaga: \u201cOcupamos el cuarto lugar en el mundo en exportaci\u00f3n de autom\u00f3viles, el sexto en ensamblaje, el s\u00e9ptimo en aeron\u00e1utica y manufactura. De esta feria a\u00fan van a salir grandes resultados\u201d.<\/p>\n<p style=\"text-align: justify;\">El gobernador de Guanajuato,<span>\u00a0<\/span><strong>Diego Sinhue Rodriguez Vallejo<\/strong>, destac\u00f3 que con esta feria \u201cabrimos una nueva etapa en nuestro estado y nuestro pa\u00eds\u201d.<\/p>\n<p style=\"text-align: justify;\">\u201cAlemania es un ejemplo de disciplina, trabajo, innovaci\u00f3n y emprendedores del que debemos aprender. En Guanajuato naci\u00f3 M\u00e9xico y tambi\u00e9n somos tierra de emprendedores que hemos transformado nuestro estado con esfuerzo y trabajo de uno de los m\u00e1s pobres a ser el sexto\u201d, apunt\u00f3.<\/p>\n<p style=\"text-align: justify;\">A\u00f1adi\u00f3 que \u201cen 28 a\u00f1os hemos pasado de exportar 300 millones de d\u00f3lares al a\u00f1o a 24 mil millones. Hemos conservado la industria tradicional a la vez que hemos avanzado en las industrias m\u00e1s modernas, lo mejor de dos mundos. Estamos listos para esta nueva etapa de la revoluci\u00f3n industrial 4.0. Vamos a pasar de la manufactura a la mentefactura\u201d.<\/p>\n<p style=\"text-align: justify;\">Intervinieron tambi\u00e9n<span>\u00a0<\/span><strong>H\u00e9ctor L\u00f3pez Santillana<\/strong>, presidente municipal de Le\u00f3n; Dieter Kempf, presidente de la<span>\u00a0<\/span><strong>federaci\u00f3n alemana de industrias<\/strong><span>\u00a0<\/span>(BDI), y Juan Ignacio D\u00edaz, director general de Siemens M\u00e9xico.<\/p>\n<p style=\"text-align: justify;\">En la feria estar\u00e1n presentes 260 expositores de 23 pa\u00edses y se esperan m\u00e1s de 10 mil visitantes lo que constituye, seg\u00fan los organizadores, todo un \u00e9xito para esta primera feria tecnol\u00f3gica industrial de Hannover en M\u00e9xico.<\/p>\n<p style=\"text-align: justify;\">Durante la semana se celebraran 50 conferencias y talleres adem\u00e1s de asesoramiento a Pymes y estudiantes de ingenier\u00eda mexicanos.<\/p>\n<p style=\"text-align: justify;\">Esta ser\u00e1 la primera ocasi\u00f3n que Hannover Messe (Alemania) organiza en Latinoam\u00e9rica una feria industrial de esta envergadura por la trascendencia de las<span>\u00a0<\/span><strong>empresas mexicanas<\/strong><span>\u00a0<\/span>en su proceso de transformaci\u00f3n industrial y el ambiente de innovaci\u00f3n tecnol\u00f3gica.<\/p>\n<p style=\"text-align: justify;\">M\u00e9xico fue el pa\u00eds invitado en la pasada Feria 2018 de Hannover en Alemania y la representaci\u00f3n de empresas impresion\u00f3 de tal forma que los organizadores tomaron la decisi\u00f3n de celebrar una feria en M\u00e9xico.<\/p>\n<p style=\"text-align: justify;\"><strong>Fuente:\u00a0<\/strong><\/p>\n<p style=\"text-align: justify;\"><em>JP. (2019, 9 octubre). Arranca la feria industrial de Hannover en Guanajuato. Recuperado 17 octubre, 2019, de https:\/\/lopezdoriga.com\/ciencia-tecnologia\/arranca-la-feria-industrial-de-hannover-en-guanajuato\/<\/em><\/p>\n","protected":false},"excerpt":{"rendered":"<p>La\u00a0feria industrial de Hannover\u00a0se inaugur\u00f3 este martes en el\u00a0Teatro Bicentenario de Le\u00f3n, en el estado de\u00a0Guanajuato, con un espect\u00e1culo cultural en el que se mostr\u00f3 el\u00a0nivel tecnol\u00f3gico\u00a0de las empresas mexicanas que expondr\u00e1n esta semana todo su potencial para competir a nivel mundial.<\/p>\n","protected":false},"author":1,"featured_media":19053,"comment_status":"open","ping_status":"open","sticky":false,"template":"","format":"standard","meta":{"footnotes":""},"categories":[378],"tags":[],"class_list":["post-19052","post","type-post","status-publish","format-standard","has-post-thumbnail","hentry","category-sociedad"],"yoast_head":"<!-- This site is optimized with the Yoast SEO plugin v26.7 - https:\/\/yoast.com\/wordpress\/plugins\/seo\/ -->\n<title>Arranca la feria industrial de Hannover en Guanajuato - Observatorio Tecnol\u00f3gico de Hidalgo<\/title>\n<meta name=\"robots\" content=\"index, follow, max-snippet:-1, max-image-preview:large, max-video-preview:-1\" \/>\n<link rel=\"canonical\" href=\"https:\/\/otech.uaeh.edu.mx\/noti\/sociedad\/arranca-la-feria-industrial-de-hannover-en-guanajuato\/\" \/>\n<meta property=\"og:locale\" content=\"en_US\" \/>\n<meta property=\"og:type\" content=\"article\" \/>\n<meta property=\"og:title\" content=\"Arranca la feria industrial de Hannover en Guanajuato - Observatorio Tecnol\u00f3gico de Hidalgo\" \/>\n<meta property=\"og:description\" content=\"La\u00a0feria industrial de Hannover\u00a0se inaugur\u00f3 este martes en el\u00a0Teatro Bicentenario de Le\u00f3n, en el estado de\u00a0Guanajuato, con un espect\u00e1culo cultural en el que se mostr\u00f3 el\u00a0nivel tecnol\u00f3gico\u00a0de las empresas mexicanas que expondr\u00e1n esta semana todo su potencial para competir a nivel mundial.\" \/>\n<meta property=\"og:url\" content=\"https:\/\/otech.uaeh.edu.mx\/noti\/sociedad\/arranca-la-feria-industrial-de-hannover-en-guanajuato\/\" \/>\n<meta property=\"og:site_name\" content=\"Observatorio Tecnol\u00f3gico de Hidalgo\" \/>\n<meta property=\"article:publisher\" content=\"https:\/\/www.facebook.com\/observatoriouaeh\" \/>\n<meta property=\"article:published_time\" content=\"2019-10-17T14:23:24+00:00\" \/>\n<meta property=\"og:image\" content=\"https:\/\/otech.uaeh.edu.mx\/noti\/wp-content\/uploads\/2019\/10\/Notic..png\" \/>\n\t<meta property=\"og:image:width\" content=\"600\" \/>\n\t<meta property=\"og:image:height\" content=\"390\" \/>\n\t<meta property=\"og:image:type\" content=\"image\/png\" \/>\n<meta name=\"author\" content=\"admin\" \/>\n<meta name=\"twitter:card\" content=\"summary_large_image\" \/>\n<meta name=\"twitter:creator\" content=\"@OBSERVATORIOEH\" \/>\n<meta name=\"twitter:site\" content=\"@OBSERVATORIOEH\" \/>\n<meta name=\"twitter:label1\" content=\"Written by\" \/>\n\t<meta name=\"twitter:data1\" content=\"admin\" \/>\n\t<meta name=\"twitter:label2\" content=\"Est. reading time\" \/>\n\t<meta name=\"twitter:data2\" content=\"3 minutes\" \/>\n<script type=\"application\/ld+json\" class=\"yoast-schema-graph\">{\"@context\":\"https:\/\/schema.org\",\"@graph\":[{\"@type\":\"Article\",\"@id\":\"https:\/\/otech.uaeh.edu.mx\/noti\/sociedad\/arranca-la-feria-industrial-de-hannover-en-guanajuato\/#article\",\"isPartOf\":{\"@id\":\"https:\/\/otech.uaeh.edu.mx\/noti\/sociedad\/arranca-la-feria-industrial-de-hannover-en-guanajuato\/\"},\"author\":{\"name\":\"admin\",\"@id\":\"https:\/\/otech.uaeh.edu.mx\/noti\/#\/schema\/person\/95263d004158ffabcd98137e1d0abc1c\"},\"headline\":\"Arranca la feria industrial de Hannover en Guanajuato\",\"datePublished\":\"2019-10-17T14:23:24+00:00\",\"mainEntityOfPage\":{\"@id\":\"https:\/\/otech.uaeh.edu.mx\/noti\/sociedad\/arranca-la-feria-industrial-de-hannover-en-guanajuato\/\"},\"wordCount\":690,\"commentCount\":0,\"publisher\":{\"@id\":\"https:\/\/otech.uaeh.edu.mx\/noti\/#organization\"},\"image\":{\"@id\":\"https:\/\/otech.uaeh.edu.mx\/noti\/sociedad\/arranca-la-feria-industrial-de-hannover-en-guanajuato\/#primaryimage\"},\"thumbnailUrl\":\"https:\/\/otech.uaeh.edu.mx\/noti\/wp-content\/uploads\/2019\/10\/Notic..png\",\"articleSection\":[\"Sociedad\"],\"inLanguage\":\"en-US\",\"potentialAction\":[{\"@type\":\"CommentAction\",\"name\":\"Comment\",\"target\":[\"https:\/\/otech.uaeh.edu.mx\/noti\/sociedad\/arranca-la-feria-industrial-de-hannover-en-guanajuato\/#respond\"]}]},{\"@type\":\"WebPage\",\"@id\":\"https:\/\/otech.uaeh.edu.mx\/noti\/sociedad\/arranca-la-feria-industrial-de-hannover-en-guanajuato\/\",\"url\":\"https:\/\/otech.uaeh.edu.mx\/noti\/sociedad\/arranca-la-feria-industrial-de-hannover-en-guanajuato\/\",\"name\":\"Arranca la feria industrial de Hannover en Guanajuato - Observatorio Tecnol\u00f3gico de Hidalgo\",\"isPartOf\":{\"@id\":\"https:\/\/otech.uaeh.edu.mx\/noti\/#website\"},\"primaryImageOfPage\":{\"@id\":\"https:\/\/otech.uaeh.edu.mx\/noti\/sociedad\/arranca-la-feria-industrial-de-hannover-en-guanajuato\/#primaryimage\"},\"image\":{\"@id\":\"https:\/\/otech.uaeh.edu.mx\/noti\/sociedad\/arranca-la-feria-industrial-de-hannover-en-guanajuato\/#primaryimage\"},\"thumbnailUrl\":\"https:\/\/otech.uaeh.edu.mx\/noti\/wp-content\/uploads\/2019\/10\/Notic..png\",\"datePublished\":\"2019-10-17T14:23:24+00:00\",\"breadcrumb\":{\"@id\":\"https:\/\/otech.uaeh.edu.mx\/noti\/sociedad\/arranca-la-feria-industrial-de-hannover-en-guanajuato\/#breadcrumb\"},\"inLanguage\":\"en-US\",\"potentialAction\":[{\"@type\":\"ReadAction\",\"target\":[\"https:\/\/otech.uaeh.edu.mx\/noti\/sociedad\/arranca-la-feria-industrial-de-hannover-en-guanajuato\/\"]}]},{\"@type\":\"ImageObject\",\"inLanguage\":\"en-US\",\"@id\":\"https:\/\/otech.uaeh.edu.mx\/noti\/sociedad\/arranca-la-feria-industrial-de-hannover-en-guanajuato\/#primaryimage\",\"url\":\"https:\/\/otech.uaeh.edu.mx\/noti\/wp-content\/uploads\/2019\/10\/Notic..png\",\"contentUrl\":\"https:\/\/otech.uaeh.edu.mx\/noti\/wp-content\/uploads\/2019\/10\/Notic..png\",\"width\":600,\"height\":390},{\"@type\":\"BreadcrumbList\",\"@id\":\"https:\/\/otech.uaeh.edu.mx\/noti\/sociedad\/arranca-la-feria-industrial-de-hannover-en-guanajuato\/#breadcrumb\",\"itemListElement\":[{\"@type\":\"ListItem\",\"position\":1,\"name\":\"Inicio\",\"item\":\"https:\/\/otech.uaeh.edu.mx\/noti\/\"},{\"@type\":\"ListItem\",\"position\":2,\"name\":\"Arranca la feria industrial de Hannover en Guanajuato\"}]},{\"@type\":\"WebSite\",\"@id\":\"https:\/\/otech.uaeh.edu.mx\/noti\/#website\",\"url\":\"https:\/\/otech.uaeh.edu.mx\/noti\/\",\"name\":\"Observatorio Tecnol\u00f3gico de Hidalgo\",\"description\":\"\",\"publisher\":{\"@id\":\"https:\/\/otech.uaeh.edu.mx\/noti\/#organization\"},\"potentialAction\":[{\"@type\":\"SearchAction\",\"target\":{\"@type\":\"EntryPoint\",\"urlTemplate\":\"https:\/\/otech.uaeh.edu.mx\/noti\/?s={search_term_string}\"},\"query-input\":{\"@type\":\"PropertyValueSpecification\",\"valueRequired\":true,\"valueName\":\"search_term_string\"}}],\"inLanguage\":\"en-US\"},{\"@type\":\"Organization\",\"@id\":\"https:\/\/otech.uaeh.edu.mx\/noti\/#organization\",\"name\":\"Observatorio Tecnol\u00f3gico de Hidalgo\",\"url\":\"https:\/\/otech.uaeh.edu.mx\/noti\/\",\"logo\":{\"@type\":\"ImageObject\",\"inLanguage\":\"en-US\",\"@id\":\"https:\/\/otech.uaeh.edu.mx\/noti\/#\/schema\/logo\/image\/\",\"url\":\"https:\/\/otech.uaeh.edu.mx\/noti\/wp-content\/uploads\/2025\/11\/Logo-circulo.png\",\"contentUrl\":\"https:\/\/otech.uaeh.edu.mx\/noti\/wp-content\/uploads\/2025\/11\/Logo-circulo.png\",\"width\":250,\"height\":250,\"caption\":\"Observatorio Tecnol\u00f3gico de Hidalgo\"},\"image\":{\"@id\":\"https:\/\/otech.uaeh.edu.mx\/noti\/#\/schema\/logo\/image\/\"},\"sameAs\":[\"https:\/\/www.facebook.com\/observatoriouaeh\",\"https:\/\/x.com\/OBSERVATORIOEH\"]},{\"@type\":\"Person\",\"@id\":\"https:\/\/otech.uaeh.edu.mx\/noti\/#\/schema\/person\/95263d004158ffabcd98137e1d0abc1c\",\"name\":\"admin\",\"image\":{\"@type\":\"ImageObject\",\"inLanguage\":\"en-US\",\"@id\":\"https:\/\/otech.uaeh.edu.mx\/noti\/#\/schema\/person\/image\/\",\"url\":\"https:\/\/secure.gravatar.com\/avatar\/08dd17208ee6a9e87c5a01c0a5f4c96c8ed24bf05e625630929b5b6a7c1ffa5f?s=96&d=mm&r=g\",\"contentUrl\":\"https:\/\/secure.gravatar.com\/avatar\/08dd17208ee6a9e87c5a01c0a5f4c96c8ed24bf05e625630929b5b6a7c1ffa5f?s=96&d=mm&r=g\",\"caption\":\"admin\"},\"url\":\"https:\/\/otech.uaeh.edu.mx\/noti\/author\/admin\/\"}]}<\/script>\n<!-- \/ Yoast SEO plugin. -->","yoast_head_json":{"title":"Arranca la feria industrial de Hannover en Guanajuato - Observatorio Tecnol\u00f3gico de Hidalgo","robots":{"index":"index","follow":"follow","max-snippet":"max-snippet:-1","max-image-preview":"max-image-preview:large","max-video-preview":"max-video-preview:-1"},"canonical":"https:\/\/otech.uaeh.edu.mx\/noti\/sociedad\/arranca-la-feria-industrial-de-hannover-en-guanajuato\/","og_locale":"en_US","og_type":"article","og_title":"Arranca la feria industrial de Hannover en Guanajuato - Observatorio Tecnol\u00f3gico de Hidalgo","og_description":"La\u00a0feria industrial de Hannover\u00a0se inaugur\u00f3 este martes en el\u00a0Teatro Bicentenario de Le\u00f3n, en el estado de\u00a0Guanajuato, con un espect\u00e1culo cultural en el que se mostr\u00f3 el\u00a0nivel tecnol\u00f3gico\u00a0de las empresas mexicanas que expondr\u00e1n esta semana todo su potencial para competir a nivel mundial.","og_url":"https:\/\/otech.uaeh.edu.mx\/noti\/sociedad\/arranca-la-feria-industrial-de-hannover-en-guanajuato\/","og_site_name":"Observatorio Tecnol\u00f3gico de Hidalgo","article_publisher":"https:\/\/www.facebook.com\/observatoriouaeh","article_published_time":"2019-10-17T14:23:24+00:00","og_image":[{"width":600,"height":390,"url":"https:\/\/otech.uaeh.edu.mx\/noti\/wp-content\/uploads\/2019\/10\/Notic..png","type":"image\/png"}],"author":"admin","twitter_card":"summary_large_image","twitter_creator":"@OBSERVATORIOEH","twitter_site":"@OBSERVATORIOEH","twitter_misc":{"Written by":"admin","Est. reading time":"3 minutes"},"schema":{"@context":"https:\/\/schema.org","@graph":[{"@type":"Article","@id":"https:\/\/otech.uaeh.edu.mx\/noti\/sociedad\/arranca-la-feria-industrial-de-hannover-en-guanajuato\/#article","isPartOf":{"@id":"https:\/\/otech.uaeh.edu.mx\/noti\/sociedad\/arranca-la-feria-industrial-de-hannover-en-guanajuato\/"},"author":{"name":"admin","@id":"https:\/\/otech.uaeh.edu.mx\/noti\/#\/schema\/person\/95263d004158ffabcd98137e1d0abc1c"},"headline":"Arranca la feria industrial de Hannover en Guanajuato","datePublished":"2019-10-17T14:23:24+00:00","mainEntityOfPage":{"@id":"https:\/\/otech.uaeh.edu.mx\/noti\/sociedad\/arranca-la-feria-industrial-de-hannover-en-guanajuato\/"},"wordCount":690,"commentCount":0,"publisher":{"@id":"https:\/\/otech.uaeh.edu.mx\/noti\/#organization"},"image":{"@id":"https:\/\/otech.uaeh.edu.mx\/noti\/sociedad\/arranca-la-feria-industrial-de-hannover-en-guanajuato\/#primaryimage"},"thumbnailUrl":"https:\/\/otech.uaeh.edu.mx\/noti\/wp-content\/uploads\/2019\/10\/Notic..png","articleSection":["Sociedad"],"inLanguage":"en-US","potentialAction":[{"@type":"CommentAction","name":"Comment","target":["https:\/\/otech.uaeh.edu.mx\/noti\/sociedad\/arranca-la-feria-industrial-de-hannover-en-guanajuato\/#respond"]}]},{"@type":"WebPage","@id":"https:\/\/otech.uaeh.edu.mx\/noti\/sociedad\/arranca-la-feria-industrial-de-hannover-en-guanajuato\/","url":"https:\/\/otech.uaeh.edu.mx\/noti\/sociedad\/arranca-la-feria-industrial-de-hannover-en-guanajuato\/","name":"Arranca la feria industrial de Hannover en Guanajuato - Observatorio Tecnol\u00f3gico de Hidalgo","isPartOf":{"@id":"https:\/\/otech.uaeh.edu.mx\/noti\/#website"},"primaryImageOfPage":{"@id":"https:\/\/otech.uaeh.edu.mx\/noti\/sociedad\/arranca-la-feria-industrial-de-hannover-en-guanajuato\/#primaryimage"},"image":{"@id":"https:\/\/otech.uaeh.edu.mx\/noti\/sociedad\/arranca-la-feria-industrial-de-hannover-en-guanajuato\/#primaryimage"},"thumbnailUrl":"https:\/\/otech.uaeh.edu.mx\/noti\/wp-content\/uploads\/2019\/10\/Notic..png","datePublished":"2019-10-17T14:23:24+00:00","breadcrumb":{"@id":"https:\/\/otech.uaeh.edu.mx\/noti\/sociedad\/arranca-la-feria-industrial-de-hannover-en-guanajuato\/#breadcrumb"},"inLanguage":"en-US","potentialAction":[{"@type":"ReadAction","target":["https:\/\/otech.uaeh.edu.mx\/noti\/sociedad\/arranca-la-feria-industrial-de-hannover-en-guanajuato\/"]}]},{"@type":"ImageObject","inLanguage":"en-US","@id":"https:\/\/otech.uaeh.edu.mx\/noti\/sociedad\/arranca-la-feria-industrial-de-hannover-en-guanajuato\/#primaryimage","url":"https:\/\/otech.uaeh.edu.mx\/noti\/wp-content\/uploads\/2019\/10\/Notic..png","contentUrl":"https:\/\/otech.uaeh.edu.mx\/noti\/wp-content\/uploads\/2019\/10\/Notic..png","width":600,"height":390},{"@type":"BreadcrumbList","@id":"https:\/\/otech.uaeh.edu.mx\/noti\/sociedad\/arranca-la-feria-industrial-de-hannover-en-guanajuato\/#breadcrumb","itemListElement":[{"@type":"ListItem","position":1,"name":"Inicio","item":"https:\/\/otech.uaeh.edu.mx\/noti\/"},{"@type":"ListItem","position":2,"name":"Arranca la feria industrial de Hannover en Guanajuato"}]},{"@type":"WebSite","@id":"https:\/\/otech.uaeh.edu.mx\/noti\/#website","url":"https:\/\/otech.uaeh.edu.mx\/noti\/","name":"Observatorio Tecnol\u00f3gico de Hidalgo","description":"","publisher":{"@id":"https:\/\/otech.uaeh.edu.mx\/noti\/#organization"},"potentialAction":[{"@type":"SearchAction","target":{"@type":"EntryPoint","urlTemplate":"https:\/\/otech.uaeh.edu.mx\/noti\/?s={search_term_string}"},"query-input":{"@type":"PropertyValueSpecification","valueRequired":true,"valueName":"search_term_string"}}],"inLanguage":"en-US"},{"@type":"Organization","@id":"https:\/\/otech.uaeh.edu.mx\/noti\/#organization","name":"Observatorio Tecnol\u00f3gico de Hidalgo","url":"https:\/\/otech.uaeh.edu.mx\/noti\/","logo":{"@type":"ImageObject","inLanguage":"en-US","@id":"https:\/\/otech.uaeh.edu.mx\/noti\/#\/schema\/logo\/image\/","url":"https:\/\/otech.uaeh.edu.mx\/noti\/wp-content\/uploads\/2025\/11\/Logo-circulo.png","contentUrl":"https:\/\/otech.uaeh.edu.mx\/noti\/wp-content\/uploads\/2025\/11\/Logo-circulo.png","width":250,"height":250,"caption":"Observatorio Tecnol\u00f3gico de Hidalgo"},"image":{"@id":"https:\/\/otech.uaeh.edu.mx\/noti\/#\/schema\/logo\/image\/"},"sameAs":["https:\/\/www.facebook.com\/observatoriouaeh","https:\/\/x.com\/OBSERVATORIOEH"]},{"@type":"Person","@id":"https:\/\/otech.uaeh.edu.mx\/noti\/#\/schema\/person\/95263d004158ffabcd98137e1d0abc1c","name":"admin","image":{"@type":"ImageObject","inLanguage":"en-US","@id":"https:\/\/otech.uaeh.edu.mx\/noti\/#\/schema\/person\/image\/","url":"https:\/\/secure.gravatar.com\/avatar\/08dd17208ee6a9e87c5a01c0a5f4c96c8ed24bf05e625630929b5b6a7c1ffa5f?s=96&d=mm&r=g","contentUrl":"https:\/\/secure.gravatar.com\/avatar\/08dd17208ee6a9e87c5a01c0a5f4c96c8ed24bf05e625630929b5b6a7c1ffa5f?s=96&d=mm&r=g","caption":"admin"},"url":"https:\/\/otech.uaeh.edu.mx\/noti\/author\/admin\/"}]}},"_links":{"self":[{"href":"https:\/\/otech.uaeh.edu.mx\/noti\/wp-json\/wp\/v2\/posts\/19052","targetHints":{"allow":["GET"]}}],"collection":[{"href":"https:\/\/otech.uaeh.edu.mx\/noti\/wp-json\/wp\/v2\/posts"}],"about":[{"href":"https:\/\/otech.uaeh.edu.mx\/noti\/wp-json\/wp\/v2\/types\/post"}],"author":[{"embeddable":true,"href":"https:\/\/otech.uaeh.edu.mx\/noti\/wp-json\/wp\/v2\/users\/1"}],"replies":[{"embeddable":true,"href":"https:\/\/otech.uaeh.edu.mx\/noti\/wp-json\/wp\/v2\/comments?post=19052"}],"version-history":[{"count":1,"href":"https:\/\/otech.uaeh.edu.mx\/noti\/wp-json\/wp\/v2\/posts\/19052\/revisions"}],"predecessor-version":[{"id":19054,"href":"https:\/\/otech.uaeh.edu.mx\/noti\/wp-json\/wp\/v2\/posts\/19052\/revisions\/19054"}],"wp:featuredmedia":[{"embeddable":true,"href":"https:\/\/otech.uaeh.edu.mx\/noti\/wp-json\/wp\/v2\/media\/19053"}],"wp:attachment":[{"href":"https:\/\/otech.uaeh.edu.mx\/noti\/wp-json\/wp\/v2\/media?parent=19052"}],"wp:term":[{"taxonomy":"category","embeddable":true,"href":"https:\/\/otech.uaeh.edu.mx\/noti\/wp-json\/wp\/v2\/categories?post=19052"},{"taxonomy":"post_tag","embeddable":true,"href":"https:\/\/otech.uaeh.edu.mx\/noti\/wp-json\/wp\/v2\/tags?post=19052"}],"curies":[{"name":"wp","href":"https:\/\/api.w.org\/{rel}","templated":true}]}}