{"id":19058,"date":"2019-10-17T08:34:29","date_gmt":"2019-10-17T14:34:29","guid":{"rendered":"http:\/\/otech.uaeh.edu.mx\/noti\/?p=19058"},"modified":"2019-10-17T08:37:47","modified_gmt":"2019-10-17T14:37:47","slug":"cambios-en-el-modelo-productivo-o-es-ahora-o-no-sera-nunca","status":"publish","type":"post","link":"https:\/\/otech.uaeh.edu.mx\/noti\/economia\/cambios-en-el-modelo-productivo-o-es-ahora-o-no-sera-nunca\/","title":{"rendered":"\u00bfCambios en el modelo productivo? O es ahora o no ser\u00e1 nunca."},"content":{"rendered":"<div class=\"article-body\">\n<div class=\"st__content-block st__content-block--text\">\n<p style=\"text-align: justify;\"><span style=\"color: #000000;\">Manuel Rivas empez\u00f3 un magn\u00edfico reportaje sobre la margen izquierda de Bilbao en los a\u00f1os 80, cuando cerr\u00f3 la siderurgia, con una frase lapidaria: \u00abEsto un d\u00eda fue el futuro\u00bb. La pregunta es otra vez la misma y est\u00e1 hecha desde la actualidad desgastada por una modernidad que nos sorprende cada vez con m\u00e1s desigualdad. \u00bfHay un futuro de m\u00e1s equilibrio en el horizonte previsible?<!--more--><\/span><\/p>\n<\/div>\n<p><span style=\"color: #000000;\">Puede ser. Las transiciones en marcha, que identificamos con la digitalizaci\u00f3n y la descarbonizaci\u00f3n, nos aportan una oportunidad quiz\u00e1s \u00fanica para conseguir el deseado salto cualitativo que asociamos al cambio de modelo productivo, ese mito sempiterno sobre el que construimos las expectativas de una econom\u00eda y un empleo de mayor calidad, m\u00e1s sana. Pero tambi\u00e9n pueden acentuar nuestras debilidades.<\/span><\/p>\n<p><span style=\"color: #000000;\">Para imaginarlo debemos concentrar la mirada en tres sectores: automoci\u00f3n, construcci\u00f3n y energ\u00eda que, en conjunto, representan el 20% del PIB espa\u00f1ol pero que, dada su extraordinaria capacidad de arrastre sobre el resto de sectores, pueden inducir hasta el 35% de nuestra econom\u00eda. Los tres est\u00e1n especialmente conectados y sacudidos por esos vectores que exigen muchas inversiones y nuevos planteamientos y, por ello, pueden ser se\u00f1alados como el centro de las oportunidades pero tambi\u00e9n de los riesgos de nuestra econom\u00eda en la pr\u00f3xima d\u00e9cada.<\/span><\/p>\n<p class=\"st__content-block st__content-block--heading st__content-block--heading-1\" id=\"un-anillo-que-se-retroalimenta-e-impulsa-el-cambio\" style=\"text-align: justify;\"><span style=\"color: #000000;\">Un anillo que se retroalimenta e impulsa el cambio<\/span><\/p>\n<p><span style=\"color: #000000;\">Los tres sectores aparecen enlazados entre s\u00ed formando un anillo que retroalimenta sus necesidades de cambio. Por un lado, el sector de la energ\u00eda no solo est\u00e1 implicado en una revoluci\u00f3n hacia los sistemas de generaci\u00f3n basados en renovables sino que reclama una reconversi\u00f3n total de los sistemas de distribuci\u00f3n y almacenamiento, con una potente demanda sobre nuevas infraestructuras de red: desarrollo de interconexiones nacionales (el\u00e9ctricas o de gas) e internacionales, red de recarga de electrogasolineras.<\/span><\/p>\n<p><span style=\"color: #000000;\">Por otro, el sector del automoci\u00f3n, sometido a la presi\u00f3n de la motorizaci\u00f3n el\u00e9ctrica que afecta tanto al autom\u00f3vil como al ferrocarril, pero que est\u00e1 tambi\u00e9n forzado, con igual o m\u00e1s intensidad, a la presi\u00f3n de la digitalizaci\u00f3n representada en el coche aut\u00f3nomo y la interconectividad (entre veh\u00edculos o entre cada veh\u00edculo y las infraestructuras viarias), cambios que, de paso, reclaman transformaciones en la movilidad urbana y en el dise\u00f1o de las carreteras (imprescindible para la interconexi\u00f3n con los veh\u00edculos).<\/span><\/p>\n<p><span style=\"color: #000000;\">Esas demandas de una nueva generaci\u00f3n de infraestructuras civiles son factores que activar\u00e1n, desde fuera, al sector de la construcci\u00f3n conminado tambi\u00e9n a responder, desde su propia din\u00e1mica, a una doble exigencia: la eficiencia energ\u00e9tica y la transici\u00f3n a la dom\u00f3tica asociada al \u201cinternet de las cosas\u201d. Ambas impulsan al sector hacia la rehabilitaci\u00f3n de edificios, una tendencia que se refuerza por el envejecimiento de la poblaci\u00f3n ya que en Espa\u00f1a viven, seg\u00fan el INE, casi 8 mill propietarios de vivienda mayores de 65 a\u00f1os lo que supone que 200.000 viviendas saldr\u00e1n al mercado o ser\u00e1n transmitidas en herencia, cada a\u00f1o, cuando avance la pr\u00f3xima d\u00e9cada.<\/span><\/p>\n<p><span style=\"color: #000000;\">Todo ello confluye en una gran transformaci\u00f3n. El Plan Nacional Integrado de Energ\u00eda y Clima (PNIEC) estima una inversi\u00f3n de 236.000 M\u20ac hasta el 2030, destinados a aumentar el peso de las renovables, mejorar la eficiencia energ\u00e9tica de edificios e impulsar la movilidad sostenible. Pero en esa cifra, que en un 80% se estima proceder\u00e1 del capital privado, no se incluye las inversiones del corredor Mediterr\u00e1neo (20.000 millones de euros) ni el impulso a la electrificaci\u00f3n del ferrocarril tradicional. Tampoco las inversiones para la implementaci\u00f3n del 5G (m\u00e1s de 6.000 millones de euros s\u00f3lo de las operadoras) imprescindible para que los veh\u00edculos pueda gestionar la inmensa cantidad de datos que se generan ni las potentes desembolsos que est\u00e1n asumiendo las grandes empresas del sector de la automoci\u00f3n.<\/span><\/p>\n<p class=\"st__content-block st__content-block--image st__content-block--image-default\" style=\"text-align: justify;\"><span style=\"color: #000000;\"><picture><img decoding=\"async\" alt=\"\" loading=\"lazyloadjs\" class=\"js-lazyload loaded\" data-src=\"https:\/\/assets.weforum.org\/editor\/l_j38vEuLYeFqv4pgsf8F1ASxNKdHPXN_Sn13-hU0fA.jpg\" data-srcset=\"https:\/\/assets.weforum.org\/editor\/large_C10Rf3WQC50k0zK9SIzMRhHRu_WsuPqbxsS4LyUs-X4.jpg 850w, https:\/\/assets.weforum.org\/editor\/medium_qvOGw0LueY1G44U1HIdQOwJMJ6h398azdGvGgz56bfI.jpg 640w, https:\/\/assets.weforum.org\/editor\/small_I6nRGi5Aq2zM0UbaZbP8jAqNnqJ-PbLGAX7-LwYhMPs.jpg 320w\" srcset=\"https:\/\/assets.weforum.org\/editor\/large_C10Rf3WQC50k0zK9SIzMRhHRu_WsuPqbxsS4LyUs-X4.jpg 850w, https:\/\/assets.weforum.org\/editor\/medium_qvOGw0LueY1G44U1HIdQOwJMJ6h398azdGvGgz56bfI.jpg 640w, https:\/\/assets.weforum.org\/editor\/small_I6nRGi5Aq2zM0UbaZbP8jAqNnqJ-PbLGAX7-LwYhMPs.jpg 320w\" src=\"https:\/\/assets.weforum.org\/editor\/l_j38vEuLYeFqv4pgsf8F1ASxNKdHPXN_Sn13-hU0fA.jpg\" data-was-processed=\"true\" \/><\/picture><\/span><\/p>\n<div class=\"image__credit\"><span style=\"color: #000000;\">Imagen: Agenda 2030. Ministerio para la Transici\u00f3n Ecol\u00f3gica- Gobierno de Espa\u00f1a<\/span><\/div>\n<p class=\"st__content-block st__content-block--heading st__content-block--heading-1\" id=\"la-complejidad-del-momento-el-automovil-como-paradigma-de-rie\" style=\"text-align: justify;\"><span style=\"color: #000000;\">La complejidad del momento: el autom\u00f3vil como paradigma de riesgos<\/span><\/p>\n<p><span style=\"color: #000000;\">Las transiciones provocadas por el cambio digital y el cambio energ\u00e9tico est\u00e1n m\u00e1s imbricadas de lo que parece y el carsharing, s\u00edmbolo de h\u00e1bitos y paradigmas en el consumo de movilidad, es el mejor ejemplo.<\/span><\/p>\n<p><span style=\"color: #000000;\">Los riesgos del autom\u00f3vil son especialmente altos. La electrificaci\u00f3n reduce los 1.400 componentes de un motor convencional a solo 200 en un motor el\u00e9ctrico. De modo, que con la electrificaci\u00f3n desaparecer\u00e1n o ser\u00e1n irrelevantes el 75% de los proveedores de componentes en la industria automotriz.<\/span><\/p>\n<p><span style=\"color: #000000;\">Espa\u00f1a, a\u00fan sin tener marcas propias, produce m\u00e1s veh\u00edculos que Francia e Italia a trav\u00e9s de 9 empresas y 17 f\u00e1bricas, dispersas en ocho Comunidades Aut\u00f3nomas. Aunque las grandes marcas definen las l\u00f3gicas productivas, la actividad y el empleo recae en las empresas de componentes, un potente subsector que contribuye con el 75% del valor a\u00f1adido al veh\u00edculo y que, en Espa\u00f1a, est\u00e1 representado por m\u00e1s de 1000 empresas, de las que las 5 primeras son multinacionales (Gestamp, grupo Antol\u00edn, C\u00eda Automotive, Mondrag\u00f3n Automoci\u00f3n y Ficosa) que dan trabajo a m\u00e1s de 110.000 trabajadores en todo el mundo.<\/span><\/p>\n<p><span style=\"color: #000000;\">En ese contexto, tanto empresas como sindicatos, reclaman al Gobierno que no privilegie el coche el\u00e9ctrico como \u00fanica soluci\u00f3n, que a corto plazo desplaza la hegemon\u00eda hacia China y Corea, y que no olvide que el punto de partida de la necesaria reconversi\u00f3n del sector es excesivamente dependiente del di\u00e9sel: un 43% del n\u00famero de veh\u00edculos y el 57% del total del sector, 40.000 empleos, seg\u00fan un\u00a0<a href=\"http:\/\/industria.ccoo.es\/9ddeee3ef0745110d18ae92f9a4bc706000060.pdf\" target=\"_blank\" rel=\"noopener\" style=\"color: #000000;\">informe de CCOO-Industria.<\/a><\/span><\/p>\n<p><span style=\"color: #000000;\">Apostar por la \u201cneutralidad tecnol\u00f3gica\u201d significa no desincentivar la innovaci\u00f3n en otras tecnolog\u00edas con capacidad para rebajar los \u00edndices de emisiones y alcanzar los objetivos ecol\u00f3gicos. Dos ejemplos recientes apuntan alternativas: la opci\u00f3n\u00a0<a href=\"https:\/\/elpais.com\/economia\/2019\/04\/09\/actualidad\/1554828331_515962.html\" target=\"_blank\" rel=\"noopener\" style=\"color: #000000;\">SEAT por un h\u00edbrido entre GNC (Gas Natural Comprimido) y gasolina<\/a>\u00a0y el desarrollo por la alemana Mercedes de un\u00a0<a href=\"https:\/\/www.elconfidencial.com\/motor\/2019-06-04\/mercedes-e-300de-hibrido-enchufable_2051518\/\" target=\"_blank\" rel=\"noopener\" style=\"color: #000000;\">motor h\u00edbrido di\u00e9sel y el\u00e9ctrico<\/a>\u00a0receptores de la categor\u00eda eco y \u201ccero emisiones\u201d respectivamente.<\/span><\/p>\n<p><span style=\"color: #000000;\">A\u00fan hay m\u00e1s. Si la fabricaci\u00f3n de bater\u00edas desplaza a As\u00eda la hegemon\u00eda del cambio, el desarrollo de la intercomunicaci\u00f3n y el veh\u00edculo aut\u00f3nomo, lo desplaza a las grandes tecnol\u00f3gicas norteamericanas, donde actores externos como Apple, Google o Intel son las verdaderas expertas en procesar los millones de datos que generan la conexi\u00f3n de los veh\u00edculos entre s\u00ed y de estos con las infraestructuras. Ese hecho define las alianzas de las firmas automovil\u00edsticas (BMw- Intel, Volkswagen- APPEL..) y anticipa que los nuevos componentes ser\u00e1n cada vez m\u00e1s dependientes del software y el I+D.<\/span><\/p>\n<p class=\"st__content-block st__content-block--heading st__content-block--heading-1\" id=\"estado-emprendedor-para-un-proyecto-pais-con-igualdad-de-opor\" style=\"text-align: justify;\"><span style=\"color: #000000;\">Estado emprendedor para un \u201cproyecto pa\u00eds\u201d con igualdad de oportunidades<\/span><\/p>\n<p><span style=\"color: #000000;\">En este contexto de transformaci\u00f3n radical, las pol\u00edticas p\u00fablicas est\u00e1n obligadas, m\u00e1s que nunca, a definir la direcci\u00f3n del progreso: apostar por nuevas ventajas comparativas industriales que la alejen de los bajos salarios y fomenten la innovaci\u00f3n como principio de diferenciaci\u00f3n; asegurar su financiaci\u00f3n evitando que las burbujas absorban, como pas\u00f3 en la anterior ciclo, todo el dinero disponible; combatir el poder de grandes corporaciones que, en esta coyuntura, apuesten por rentas extractivas.<\/span><\/p>\n<p><span style=\"color: #000000;\">Tes potentes sectores, que ocupan un lugar central en la econom\u00eda espa\u00f1ola, sobre los que dispone de know how de alto valor se encuentran sometidos a un ciclo de cambios que tienen una tremenda capacidad de arrastre sobre el conjunto. En ellos, se concentran, adem\u00e1s, buena parte de \u201cnuestras\u201d grandes multinacionales que disponen de una oportunidad \u00fanica para mostrar su valor como activos econ\u00f3micos nacionales con incidencia sobre el conjunto de PYMES qu\u00e9 componen el tejido industrial.<\/span><\/p>\n<p><span style=\"color: #000000;\">En esta tarea no sirven aquellas empresas, cuyo tama\u00f1o les permite presumir de su posici\u00f3n de dominio oligopolista (encubierta en la etiqueta de \u201ccampeones \u00fanicos nacionales\u201d) pero que, en una coyuntura como la actual, destacan por privilegiar el reparto de dividendos sobre los programas de inversi\u00f3n.<\/span><\/p>\n<div class=\"st__content-block st__content-block--text\">\n<p style=\"text-align: justify;\"><span style=\"color: #000000;\">Tener \u00e9xito en este complejo ciclo requiere desarrollar pol\u00edtica con may\u00fasculas, es decir, que m\u00e1s que un listado de medidas espec\u00edficas, exige capacidad de crear un \u201cestado de animo\u201d que alimente una nueva voluntad colectiva. Espa\u00f1a, en particular, necesita un \u201cproyecto pa\u00eds\u201d que ilusione despu\u00e9s de a\u00f1os de corrupci\u00f3n y crispaci\u00f3n pol\u00edtica, de tensiones territoriales y ajustes sociales.<\/span><\/p>\n<p style=\"text-align: justify;\"><span style=\"color: #000000;\"><strong>Fuente:\u00a0<\/strong><\/span><\/p>\n<p style=\"text-align: justify;\"><span style=\"color: #000000;\"><em>Ignacio Muro, I. M. (2019, 10 julio). \u00bfCambios en el modelo productivo? O es ahora o no ser\u00e1 nunca.. Recuperado 17 octubre, 2019, de https:\/\/es.weforum.org\/agenda\/2019\/07\/cambios-en-el-modelo-productivo-o-es-ahora-o-no-sera-nunca\/<\/em><\/span><\/p>\n<\/div>\n<\/div>\n","protected":false},"excerpt":{"rendered":"<p>Manuel Rivas empez\u00f3 un magn\u00edfico reportaje sobre la margen izquierda de Bilbao en los a\u00f1os 80, cuando cerr\u00f3 la siderurgia, con una frase lapidaria: \u00abEsto un d\u00eda fue el futuro\u00bb. La pregunta es otra vez la misma y est\u00e1 hecha desde la actualidad desgastada por una modernidad que nos sorprende cada vez con m\u00e1s desigualdad. [&hellip;]<\/p>\n","protected":false},"author":1,"featured_media":19059,"comment_status":"open","ping_status":"open","sticky":false,"template":"","format":"standard","meta":{"footnotes":""},"categories":[375],"tags":[],"class_list":["post-19058","post","type-post","status-publish","format-standard","has-post-thumbnail","hentry","category-economia"],"yoast_head":"<!-- This site is optimized with the Yoast SEO plugin v26.7 - https:\/\/yoast.com\/wordpress\/plugins\/seo\/ -->\n<title>\u00bfCambios en el modelo productivo? O es ahora o no ser\u00e1 nunca. - Observatorio Tecnol\u00f3gico de Hidalgo<\/title>\n<meta name=\"robots\" content=\"index, follow, max-snippet:-1, max-image-preview:large, max-video-preview:-1\" \/>\n<link rel=\"canonical\" href=\"https:\/\/otech.uaeh.edu.mx\/noti\/economia\/cambios-en-el-modelo-productivo-o-es-ahora-o-no-sera-nunca\/\" \/>\n<meta property=\"og:locale\" content=\"en_US\" \/>\n<meta property=\"og:type\" content=\"article\" \/>\n<meta property=\"og:title\" content=\"\u00bfCambios en el modelo productivo? O es ahora o no ser\u00e1 nunca. - Observatorio Tecnol\u00f3gico de Hidalgo\" \/>\n<meta property=\"og:description\" content=\"Manuel Rivas empez\u00f3 un magn\u00edfico reportaje sobre la margen izquierda de Bilbao en los a\u00f1os 80, cuando cerr\u00f3 la siderurgia, con una frase lapidaria: \u00abEsto un d\u00eda fue el futuro\u00bb. La pregunta es otra vez la misma y est\u00e1 hecha desde la actualidad desgastada por una modernidad que nos sorprende cada vez con m\u00e1s desigualdad. [&hellip;]\" \/>\n<meta property=\"og:url\" content=\"https:\/\/otech.uaeh.edu.mx\/noti\/economia\/cambios-en-el-modelo-productivo-o-es-ahora-o-no-sera-nunca\/\" \/>\n<meta property=\"og:site_name\" content=\"Observatorio Tecnol\u00f3gico de Hidalgo\" \/>\n<meta property=\"article:publisher\" content=\"https:\/\/www.facebook.com\/observatoriouaeh\" \/>\n<meta property=\"article:published_time\" content=\"2019-10-17T14:34:29+00:00\" \/>\n<meta property=\"article:modified_time\" content=\"2019-10-17T14:37:47+00:00\" \/>\n<meta property=\"og:image\" content=\"https:\/\/otech.uaeh.edu.mx\/noti\/wp-content\/uploads\/2019\/10\/notic.10.jpg\" \/>\n\t<meta property=\"og:image:width\" content=\"600\" \/>\n\t<meta property=\"og:image:height\" content=\"361\" \/>\n\t<meta property=\"og:image:type\" content=\"image\/jpeg\" \/>\n<meta name=\"author\" content=\"admin\" \/>\n<meta name=\"twitter:card\" content=\"summary_large_image\" \/>\n<meta name=\"twitter:creator\" content=\"@OBSERVATORIOEH\" \/>\n<meta name=\"twitter:site\" content=\"@OBSERVATORIOEH\" \/>\n<meta name=\"twitter:label1\" content=\"Written by\" \/>\n\t<meta name=\"twitter:data1\" content=\"admin\" \/>\n\t<meta name=\"twitter:label2\" content=\"Est. reading time\" \/>\n\t<meta name=\"twitter:data2\" content=\"7 minutes\" \/>\n<script type=\"application\/ld+json\" class=\"yoast-schema-graph\">{\"@context\":\"https:\/\/schema.org\",\"@graph\":[{\"@type\":\"Article\",\"@id\":\"https:\/\/otech.uaeh.edu.mx\/noti\/economia\/cambios-en-el-modelo-productivo-o-es-ahora-o-no-sera-nunca\/#article\",\"isPartOf\":{\"@id\":\"https:\/\/otech.uaeh.edu.mx\/noti\/economia\/cambios-en-el-modelo-productivo-o-es-ahora-o-no-sera-nunca\/\"},\"author\":{\"name\":\"admin\",\"@id\":\"https:\/\/otech.uaeh.edu.mx\/noti\/#\/schema\/person\/95263d004158ffabcd98137e1d0abc1c\"},\"headline\":\"\u00bfCambios en el modelo productivo? O es ahora o no ser\u00e1 nunca.\",\"datePublished\":\"2019-10-17T14:34:29+00:00\",\"dateModified\":\"2019-10-17T14:37:47+00:00\",\"mainEntityOfPage\":{\"@id\":\"https:\/\/otech.uaeh.edu.mx\/noti\/economia\/cambios-en-el-modelo-productivo-o-es-ahora-o-no-sera-nunca\/\"},\"wordCount\":1481,\"commentCount\":0,\"publisher\":{\"@id\":\"https:\/\/otech.uaeh.edu.mx\/noti\/#organization\"},\"image\":{\"@id\":\"https:\/\/otech.uaeh.edu.mx\/noti\/economia\/cambios-en-el-modelo-productivo-o-es-ahora-o-no-sera-nunca\/#primaryimage\"},\"thumbnailUrl\":\"https:\/\/otech.uaeh.edu.mx\/noti\/wp-content\/uploads\/2019\/10\/notic.10.jpg\",\"articleSection\":[\"Economia\"],\"inLanguage\":\"en-US\",\"potentialAction\":[{\"@type\":\"CommentAction\",\"name\":\"Comment\",\"target\":[\"https:\/\/otech.uaeh.edu.mx\/noti\/economia\/cambios-en-el-modelo-productivo-o-es-ahora-o-no-sera-nunca\/#respond\"]}]},{\"@type\":\"WebPage\",\"@id\":\"https:\/\/otech.uaeh.edu.mx\/noti\/economia\/cambios-en-el-modelo-productivo-o-es-ahora-o-no-sera-nunca\/\",\"url\":\"https:\/\/otech.uaeh.edu.mx\/noti\/economia\/cambios-en-el-modelo-productivo-o-es-ahora-o-no-sera-nunca\/\",\"name\":\"\u00bfCambios en el modelo productivo? O es ahora o no ser\u00e1 nunca. - Observatorio Tecnol\u00f3gico de Hidalgo\",\"isPartOf\":{\"@id\":\"https:\/\/otech.uaeh.edu.mx\/noti\/#website\"},\"primaryImageOfPage\":{\"@id\":\"https:\/\/otech.uaeh.edu.mx\/noti\/economia\/cambios-en-el-modelo-productivo-o-es-ahora-o-no-sera-nunca\/#primaryimage\"},\"image\":{\"@id\":\"https:\/\/otech.uaeh.edu.mx\/noti\/economia\/cambios-en-el-modelo-productivo-o-es-ahora-o-no-sera-nunca\/#primaryimage\"},\"thumbnailUrl\":\"https:\/\/otech.uaeh.edu.mx\/noti\/wp-content\/uploads\/2019\/10\/notic.10.jpg\",\"datePublished\":\"2019-10-17T14:34:29+00:00\",\"dateModified\":\"2019-10-17T14:37:47+00:00\",\"breadcrumb\":{\"@id\":\"https:\/\/otech.uaeh.edu.mx\/noti\/economia\/cambios-en-el-modelo-productivo-o-es-ahora-o-no-sera-nunca\/#breadcrumb\"},\"inLanguage\":\"en-US\",\"potentialAction\":[{\"@type\":\"ReadAction\",\"target\":[\"https:\/\/otech.uaeh.edu.mx\/noti\/economia\/cambios-en-el-modelo-productivo-o-es-ahora-o-no-sera-nunca\/\"]}]},{\"@type\":\"ImageObject\",\"inLanguage\":\"en-US\",\"@id\":\"https:\/\/otech.uaeh.edu.mx\/noti\/economia\/cambios-en-el-modelo-productivo-o-es-ahora-o-no-sera-nunca\/#primaryimage\",\"url\":\"https:\/\/otech.uaeh.edu.mx\/noti\/wp-content\/uploads\/2019\/10\/notic.10.jpg\",\"contentUrl\":\"https:\/\/otech.uaeh.edu.mx\/noti\/wp-content\/uploads\/2019\/10\/notic.10.jpg\",\"width\":600,\"height\":361},{\"@type\":\"BreadcrumbList\",\"@id\":\"https:\/\/otech.uaeh.edu.mx\/noti\/economia\/cambios-en-el-modelo-productivo-o-es-ahora-o-no-sera-nunca\/#breadcrumb\",\"itemListElement\":[{\"@type\":\"ListItem\",\"position\":1,\"name\":\"Inicio\",\"item\":\"https:\/\/otech.uaeh.edu.mx\/noti\/\"},{\"@type\":\"ListItem\",\"position\":2,\"name\":\"\u00bfCambios en el modelo productivo? O es ahora o no ser\u00e1 nunca.\"}]},{\"@type\":\"WebSite\",\"@id\":\"https:\/\/otech.uaeh.edu.mx\/noti\/#website\",\"url\":\"https:\/\/otech.uaeh.edu.mx\/noti\/\",\"name\":\"Observatorio Tecnol\u00f3gico de Hidalgo\",\"description\":\"\",\"publisher\":{\"@id\":\"https:\/\/otech.uaeh.edu.mx\/noti\/#organization\"},\"potentialAction\":[{\"@type\":\"SearchAction\",\"target\":{\"@type\":\"EntryPoint\",\"urlTemplate\":\"https:\/\/otech.uaeh.edu.mx\/noti\/?s={search_term_string}\"},\"query-input\":{\"@type\":\"PropertyValueSpecification\",\"valueRequired\":true,\"valueName\":\"search_term_string\"}}],\"inLanguage\":\"en-US\"},{\"@type\":\"Organization\",\"@id\":\"https:\/\/otech.uaeh.edu.mx\/noti\/#organization\",\"name\":\"Observatorio Tecnol\u00f3gico de Hidalgo\",\"url\":\"https:\/\/otech.uaeh.edu.mx\/noti\/\",\"logo\":{\"@type\":\"ImageObject\",\"inLanguage\":\"en-US\",\"@id\":\"https:\/\/otech.uaeh.edu.mx\/noti\/#\/schema\/logo\/image\/\",\"url\":\"https:\/\/otech.uaeh.edu.mx\/noti\/wp-content\/uploads\/2025\/11\/Logo-circulo.png\",\"contentUrl\":\"https:\/\/otech.uaeh.edu.mx\/noti\/wp-content\/uploads\/2025\/11\/Logo-circulo.png\",\"width\":250,\"height\":250,\"caption\":\"Observatorio Tecnol\u00f3gico de Hidalgo\"},\"image\":{\"@id\":\"https:\/\/otech.uaeh.edu.mx\/noti\/#\/schema\/logo\/image\/\"},\"sameAs\":[\"https:\/\/www.facebook.com\/observatoriouaeh\",\"https:\/\/x.com\/OBSERVATORIOEH\"]},{\"@type\":\"Person\",\"@id\":\"https:\/\/otech.uaeh.edu.mx\/noti\/#\/schema\/person\/95263d004158ffabcd98137e1d0abc1c\",\"name\":\"admin\",\"image\":{\"@type\":\"ImageObject\",\"inLanguage\":\"en-US\",\"@id\":\"https:\/\/otech.uaeh.edu.mx\/noti\/#\/schema\/person\/image\/\",\"url\":\"https:\/\/secure.gravatar.com\/avatar\/08dd17208ee6a9e87c5a01c0a5f4c96c8ed24bf05e625630929b5b6a7c1ffa5f?s=96&d=mm&r=g\",\"contentUrl\":\"https:\/\/secure.gravatar.com\/avatar\/08dd17208ee6a9e87c5a01c0a5f4c96c8ed24bf05e625630929b5b6a7c1ffa5f?s=96&d=mm&r=g\",\"caption\":\"admin\"},\"url\":\"https:\/\/otech.uaeh.edu.mx\/noti\/author\/admin\/\"}]}<\/script>\n<!-- \/ Yoast SEO plugin. -->","yoast_head_json":{"title":"\u00bfCambios en el modelo productivo? O es ahora o no ser\u00e1 nunca. - Observatorio Tecnol\u00f3gico de Hidalgo","robots":{"index":"index","follow":"follow","max-snippet":"max-snippet:-1","max-image-preview":"max-image-preview:large","max-video-preview":"max-video-preview:-1"},"canonical":"https:\/\/otech.uaeh.edu.mx\/noti\/economia\/cambios-en-el-modelo-productivo-o-es-ahora-o-no-sera-nunca\/","og_locale":"en_US","og_type":"article","og_title":"\u00bfCambios en el modelo productivo? O es ahora o no ser\u00e1 nunca. - Observatorio Tecnol\u00f3gico de Hidalgo","og_description":"Manuel Rivas empez\u00f3 un magn\u00edfico reportaje sobre la margen izquierda de Bilbao en los a\u00f1os 80, cuando cerr\u00f3 la siderurgia, con una frase lapidaria: \u00abEsto un d\u00eda fue el futuro\u00bb. La pregunta es otra vez la misma y est\u00e1 hecha desde la actualidad desgastada por una modernidad que nos sorprende cada vez con m\u00e1s desigualdad. [&hellip;]","og_url":"https:\/\/otech.uaeh.edu.mx\/noti\/economia\/cambios-en-el-modelo-productivo-o-es-ahora-o-no-sera-nunca\/","og_site_name":"Observatorio Tecnol\u00f3gico de Hidalgo","article_publisher":"https:\/\/www.facebook.com\/observatoriouaeh","article_published_time":"2019-10-17T14:34:29+00:00","article_modified_time":"2019-10-17T14:37:47+00:00","og_image":[{"width":600,"height":361,"url":"https:\/\/otech.uaeh.edu.mx\/noti\/wp-content\/uploads\/2019\/10\/notic.10.jpg","type":"image\/jpeg"}],"author":"admin","twitter_card":"summary_large_image","twitter_creator":"@OBSERVATORIOEH","twitter_site":"@OBSERVATORIOEH","twitter_misc":{"Written by":"admin","Est. reading time":"7 minutes"},"schema":{"@context":"https:\/\/schema.org","@graph":[{"@type":"Article","@id":"https:\/\/otech.uaeh.edu.mx\/noti\/economia\/cambios-en-el-modelo-productivo-o-es-ahora-o-no-sera-nunca\/#article","isPartOf":{"@id":"https:\/\/otech.uaeh.edu.mx\/noti\/economia\/cambios-en-el-modelo-productivo-o-es-ahora-o-no-sera-nunca\/"},"author":{"name":"admin","@id":"https:\/\/otech.uaeh.edu.mx\/noti\/#\/schema\/person\/95263d004158ffabcd98137e1d0abc1c"},"headline":"\u00bfCambios en el modelo productivo? O es ahora o no ser\u00e1 nunca.","datePublished":"2019-10-17T14:34:29+00:00","dateModified":"2019-10-17T14:37:47+00:00","mainEntityOfPage":{"@id":"https:\/\/otech.uaeh.edu.mx\/noti\/economia\/cambios-en-el-modelo-productivo-o-es-ahora-o-no-sera-nunca\/"},"wordCount":1481,"commentCount":0,"publisher":{"@id":"https:\/\/otech.uaeh.edu.mx\/noti\/#organization"},"image":{"@id":"https:\/\/otech.uaeh.edu.mx\/noti\/economia\/cambios-en-el-modelo-productivo-o-es-ahora-o-no-sera-nunca\/#primaryimage"},"thumbnailUrl":"https:\/\/otech.uaeh.edu.mx\/noti\/wp-content\/uploads\/2019\/10\/notic.10.jpg","articleSection":["Economia"],"inLanguage":"en-US","potentialAction":[{"@type":"CommentAction","name":"Comment","target":["https:\/\/otech.uaeh.edu.mx\/noti\/economia\/cambios-en-el-modelo-productivo-o-es-ahora-o-no-sera-nunca\/#respond"]}]},{"@type":"WebPage","@id":"https:\/\/otech.uaeh.edu.mx\/noti\/economia\/cambios-en-el-modelo-productivo-o-es-ahora-o-no-sera-nunca\/","url":"https:\/\/otech.uaeh.edu.mx\/noti\/economia\/cambios-en-el-modelo-productivo-o-es-ahora-o-no-sera-nunca\/","name":"\u00bfCambios en el modelo productivo? O es ahora o no ser\u00e1 nunca. - Observatorio Tecnol\u00f3gico de Hidalgo","isPartOf":{"@id":"https:\/\/otech.uaeh.edu.mx\/noti\/#website"},"primaryImageOfPage":{"@id":"https:\/\/otech.uaeh.edu.mx\/noti\/economia\/cambios-en-el-modelo-productivo-o-es-ahora-o-no-sera-nunca\/#primaryimage"},"image":{"@id":"https:\/\/otech.uaeh.edu.mx\/noti\/economia\/cambios-en-el-modelo-productivo-o-es-ahora-o-no-sera-nunca\/#primaryimage"},"thumbnailUrl":"https:\/\/otech.uaeh.edu.mx\/noti\/wp-content\/uploads\/2019\/10\/notic.10.jpg","datePublished":"2019-10-17T14:34:29+00:00","dateModified":"2019-10-17T14:37:47+00:00","breadcrumb":{"@id":"https:\/\/otech.uaeh.edu.mx\/noti\/economia\/cambios-en-el-modelo-productivo-o-es-ahora-o-no-sera-nunca\/#breadcrumb"},"inLanguage":"en-US","potentialAction":[{"@type":"ReadAction","target":["https:\/\/otech.uaeh.edu.mx\/noti\/economia\/cambios-en-el-modelo-productivo-o-es-ahora-o-no-sera-nunca\/"]}]},{"@type":"ImageObject","inLanguage":"en-US","@id":"https:\/\/otech.uaeh.edu.mx\/noti\/economia\/cambios-en-el-modelo-productivo-o-es-ahora-o-no-sera-nunca\/#primaryimage","url":"https:\/\/otech.uaeh.edu.mx\/noti\/wp-content\/uploads\/2019\/10\/notic.10.jpg","contentUrl":"https:\/\/otech.uaeh.edu.mx\/noti\/wp-content\/uploads\/2019\/10\/notic.10.jpg","width":600,"height":361},{"@type":"BreadcrumbList","@id":"https:\/\/otech.uaeh.edu.mx\/noti\/economia\/cambios-en-el-modelo-productivo-o-es-ahora-o-no-sera-nunca\/#breadcrumb","itemListElement":[{"@type":"ListItem","position":1,"name":"Inicio","item":"https:\/\/otech.uaeh.edu.mx\/noti\/"},{"@type":"ListItem","position":2,"name":"\u00bfCambios en el modelo productivo? O es ahora o no ser\u00e1 nunca."}]},{"@type":"WebSite","@id":"https:\/\/otech.uaeh.edu.mx\/noti\/#website","url":"https:\/\/otech.uaeh.edu.mx\/noti\/","name":"Observatorio Tecnol\u00f3gico de Hidalgo","description":"","publisher":{"@id":"https:\/\/otech.uaeh.edu.mx\/noti\/#organization"},"potentialAction":[{"@type":"SearchAction","target":{"@type":"EntryPoint","urlTemplate":"https:\/\/otech.uaeh.edu.mx\/noti\/?s={search_term_string}"},"query-input":{"@type":"PropertyValueSpecification","valueRequired":true,"valueName":"search_term_string"}}],"inLanguage":"en-US"},{"@type":"Organization","@id":"https:\/\/otech.uaeh.edu.mx\/noti\/#organization","name":"Observatorio Tecnol\u00f3gico de Hidalgo","url":"https:\/\/otech.uaeh.edu.mx\/noti\/","logo":{"@type":"ImageObject","inLanguage":"en-US","@id":"https:\/\/otech.uaeh.edu.mx\/noti\/#\/schema\/logo\/image\/","url":"https:\/\/otech.uaeh.edu.mx\/noti\/wp-content\/uploads\/2025\/11\/Logo-circulo.png","contentUrl":"https:\/\/otech.uaeh.edu.mx\/noti\/wp-content\/uploads\/2025\/11\/Logo-circulo.png","width":250,"height":250,"caption":"Observatorio Tecnol\u00f3gico de Hidalgo"},"image":{"@id":"https:\/\/otech.uaeh.edu.mx\/noti\/#\/schema\/logo\/image\/"},"sameAs":["https:\/\/www.facebook.com\/observatoriouaeh","https:\/\/x.com\/OBSERVATORIOEH"]},{"@type":"Person","@id":"https:\/\/otech.uaeh.edu.mx\/noti\/#\/schema\/person\/95263d004158ffabcd98137e1d0abc1c","name":"admin","image":{"@type":"ImageObject","inLanguage":"en-US","@id":"https:\/\/otech.uaeh.edu.mx\/noti\/#\/schema\/person\/image\/","url":"https:\/\/secure.gravatar.com\/avatar\/08dd17208ee6a9e87c5a01c0a5f4c96c8ed24bf05e625630929b5b6a7c1ffa5f?s=96&d=mm&r=g","contentUrl":"https:\/\/secure.gravatar.com\/avatar\/08dd17208ee6a9e87c5a01c0a5f4c96c8ed24bf05e625630929b5b6a7c1ffa5f?s=96&d=mm&r=g","caption":"admin"},"url":"https:\/\/otech.uaeh.edu.mx\/noti\/author\/admin\/"}]}},"_links":{"self":[{"href":"https:\/\/otech.uaeh.edu.mx\/noti\/wp-json\/wp\/v2\/posts\/19058","targetHints":{"allow":["GET"]}}],"collection":[{"href":"https:\/\/otech.uaeh.edu.mx\/noti\/wp-json\/wp\/v2\/posts"}],"about":[{"href":"https:\/\/otech.uaeh.edu.mx\/noti\/wp-json\/wp\/v2\/types\/post"}],"author":[{"embeddable":true,"href":"https:\/\/otech.uaeh.edu.mx\/noti\/wp-json\/wp\/v2\/users\/1"}],"replies":[{"embeddable":true,"href":"https:\/\/otech.uaeh.edu.mx\/noti\/wp-json\/wp\/v2\/comments?post=19058"}],"version-history":[{"count":3,"href":"https:\/\/otech.uaeh.edu.mx\/noti\/wp-json\/wp\/v2\/posts\/19058\/revisions"}],"predecessor-version":[{"id":19062,"href":"https:\/\/otech.uaeh.edu.mx\/noti\/wp-json\/wp\/v2\/posts\/19058\/revisions\/19062"}],"wp:featuredmedia":[{"embeddable":true,"href":"https:\/\/otech.uaeh.edu.mx\/noti\/wp-json\/wp\/v2\/media\/19059"}],"wp:attachment":[{"href":"https:\/\/otech.uaeh.edu.mx\/noti\/wp-json\/wp\/v2\/media?parent=19058"}],"wp:term":[{"taxonomy":"category","embeddable":true,"href":"https:\/\/otech.uaeh.edu.mx\/noti\/wp-json\/wp\/v2\/categories?post=19058"},{"taxonomy":"post_tag","embeddable":true,"href":"https:\/\/otech.uaeh.edu.mx\/noti\/wp-json\/wp\/v2\/tags?post=19058"}],"curies":[{"name":"wp","href":"https:\/\/api.w.org\/{rel}","templated":true}]}}