{"id":19131,"date":"2019-10-23T09:24:44","date_gmt":"2019-10-23T15:24:44","guid":{"rendered":"http:\/\/otech.uaeh.edu.mx\/noti\/?p=19131"},"modified":"2019-10-23T09:25:47","modified_gmt":"2019-10-23T15:25:47","slug":"el-horario-de-verano-2019-esta-por-terminar-en-mexico-cuando-como-y-por-que-hacemos-dos-cambios-de-horario-al-ano","status":"publish","type":"post","link":"https:\/\/otech.uaeh.edu.mx\/noti\/sociedad\/el-horario-de-verano-2019-esta-por-terminar-en-mexico-cuando-como-y-por-que-hacemos-dos-cambios-de-horario-al-ano\/","title":{"rendered":"El horario de verano 2019 est\u00e1 por terminar en M\u00e9xico: cu\u00e1ndo, c\u00f3mo y por qu\u00e9 hacemos dos cambios de horario al a\u00f1o"},"content":{"rendered":"<p style=\"text-align: justify;\">Una vez m\u00e1s, el horario de verano llega a su fin y comenzar\u00e1 el horario de invierno que estar\u00e1 vigente hasta la primera semana de abril. Mientras que en algunos pa\u00edses de la Uni\u00f3n Europea el\u00a0debate sobre si mantener o no el cambio de horario\u00a0es lo m\u00e1s \u00fatil, en M\u00e9xico la discusi\u00f3n tiene menos lugar, y su uso es ampliamente bien adoptado, aunque claro,\u00a0a nadie le gusta\u00a0tener que ajustar su reloj interno dos veces al a\u00f1o bajo el argumento constante de que los cambios de horario nos ayudan a ahorrar energ\u00eda.<!--more--><\/p>\n<p style=\"text-align: justify;\">Dig\u00e1moslo desde ya, de momento absolutamente nadie tiene conclusi\u00f3n apoyada por el consenso de que los cambios de horario son m\u00e1s perjudiciales que ben\u00e9ficos, o m\u00e1s ben\u00e9ficos que perjudiciales. Se conoce, eso s\u00ed, que en primera instancia\u00a0no ayudan a ahorrar tanta energ\u00eda el\u00e9ctrica\u00a0como se pensaba en un inicio, pero tambi\u00e9n se sabe que le hemos adoptado con tanta eficacia que revocar la maquinaria tras el horario de invierno necesita de una serie de recursos y un plan detallado que solo vale la pena ejecutar con una resoluci\u00f3n concluyente de que quedarnos con un solo horario es m\u00e1s ben\u00e9fico que tener dos.<\/p>\n<p style=\"text-align: justify;\">Incluso hay quienes van m\u00e1s lejos\u00a0y\u00a0proponen\u00a0establecer un horario mundial, como el economista\u00a0Steve Hanke\u00a0y el astrof\u00edsico\u00a0Dick Henry.<\/p>\n<div style=\"text-align: justify;\">\n<div><img decoding=\"async\" data-sf-srcset=\"https:\/\/i.blogs.es\/c2c3dc\/sunrise-1756274_1280\/450_1000.jpg 450w, https:\/\/i.blogs.es\/c2c3dc\/sunrise-1756274_1280\/650_1200.jpg 681w, https:\/\/i.blogs.es\/c2c3dc\/sunrise-1756274_1280\/1024_2000.jpg 1024w, https:\/\/i.blogs.es\/c2c3dc\/sunrise-1756274_1280\/1366_2000.jpg 1366w\" data-sf-src=\"https:\/\/i.blogs.es\/c2c3dc\/sunrise-1756274_1280\/450_1000.jpg\" alt=\"Sunrise 1756274 1280\" srcset=\"https:\/\/i.blogs.es\/c2c3dc\/sunrise-1756274_1280\/450_1000.jpg 450w, https:\/\/i.blogs.es\/c2c3dc\/sunrise-1756274_1280\/650_1200.jpg 681w, https:\/\/i.blogs.es\/c2c3dc\/sunrise-1756274_1280\/1024_2000.jpg 1024w, https:\/\/i.blogs.es\/c2c3dc\/sunrise-1756274_1280\/1366_2000.jpg 1366w\" src=\"https:\/\/i.blogs.es\/c2c3dc\/sunrise-1756274_1280\/450_1000.jpg\" \/><\/div>\n<\/div>\n<p style=\"text-align: justify;\">Mientras la discusi\u00f3n avanza (aunque en algunos pa\u00edses est\u00e1 estancada), en M\u00e9xico este domingo 27 de octubre habremos de retrasar una hora el reloj, si es que queremos estar alineados al horario oficial.\u00a0El cambio debe hacerse a las 02:00 AM del domingo.<\/p>\n<p style=\"text-align: justify;\">Como cada a\u00f1o, hay algunas particularidades. La franja fronteriza con Estados Unidos tiene programado el cambio\u00a0para una semana despu\u00e9s, es decir el\u00a0domingo 2 de noviembre. Adem\u00e1s, los estados de Sonora y Quintana Roo no participan en el programa de horario de verano, as\u00ed como las islas del\u00a0archipi\u00e9lago de Revillagigedo\u00a0del estado de Colima.<\/p>\n<p style=\"text-align: justify;\">Los motivos son distintos, Quintana Roo no lo utiliza para igualarse con el est\u00e1ndar de otros destinos tur\u00edsticos del Caribe, mientras que en la franja fronteriza el cambio se retrasa una semana para que no se est\u00e9 desfasado con los horarios de Estados Unidos.<\/p>\n<h5 style=\"text-align: justify;\">Contras y beneficios<\/h5>\n<div style=\"text-align: justify;\">\n<div><img decoding=\"async\" data-sf-srcset=\"https:\/\/i.blogs.es\/48b3e3\/time-3222267_1920\/450_1000.jpg 450w, https:\/\/i.blogs.es\/48b3e3\/time-3222267_1920\/650_1200.jpg 681w, https:\/\/i.blogs.es\/48b3e3\/time-3222267_1920\/1024_2000.jpg 1024w, https:\/\/i.blogs.es\/48b3e3\/time-3222267_1920\/1366_2000.jpg 1366w\" data-sf-src=\"https:\/\/i.blogs.es\/48b3e3\/time-3222267_1920\/450_1000.jpg\" alt=\"Time 3222267 1920\" srcset=\"https:\/\/i.blogs.es\/48b3e3\/time-3222267_1920\/450_1000.jpg 450w, https:\/\/i.blogs.es\/48b3e3\/time-3222267_1920\/650_1200.jpg 681w, https:\/\/i.blogs.es\/48b3e3\/time-3222267_1920\/1024_2000.jpg 1024w, https:\/\/i.blogs.es\/48b3e3\/time-3222267_1920\/1366_2000.jpg 1366w\" src=\"https:\/\/i.blogs.es\/48b3e3\/time-3222267_1920\/450_1000.jpg\" \/><\/div>\n<\/div>\n<p style=\"text-align: justify;\">Nuestros compa\u00f1eros de Magnet\u00a0han hecho\u00a0un informe con desventajas del cambio de horario, de acuerdo a una serie de estudios. Entre las desventajas se enlistan una\u00a0baja productiva\u00a0de trabajadores durante los siguientes d\u00edas luego de un cambio de horario; los\u00a0desajustes\u00a0al ciclo de sue\u00f1o y\u00a0un mayor n\u00famero\u00a0de accidentes y atropellos durante el horario de invierno por la reducci\u00f3n de horas de luz.<\/p>\n<p style=\"text-align: justify;\">El f\u00edsico Jos\u00e9 Mar\u00eda Mart\u00edn Olalla fue\u00a0consultado\u00a0por nuestros colegas de Espa\u00f1a, quien les coment\u00f3, entre otras cosas, que el cambio estacional ha demostrado ser de utilidad. Deshacerlo es tan problem\u00e1tico que Chile, pa\u00eds que prob\u00f3 con un solo horario durante un a\u00f1o,\u00a0termin\u00f3 por volver al esquema de horario de verano\/horario de invierno.<\/p>\n<div style=\"text-align: justify;\">\n<div><img decoding=\"async\" data-sf-srcset=\"https:\/\/i.blogs.es\/5f7ce0\/img_jfita_20180323-112606_imagenes_lv_getty_istock-603171864-kwhc-u461309436241iuc-992x558-lavanguardia-web\/450_1000.jpg 450w, https:\/\/i.blogs.es\/5f7ce0\/img_jfita_20180323-112606_imagenes_lv_getty_istock-603171864-kwhc-u461309436241iuc-992x558-lavanguardia-web\/650_1200.jpg 681w, https:\/\/i.blogs.es\/5f7ce0\/img_jfita_20180323-112606_imagenes_lv_getty_istock-603171864-kwhc-u461309436241iuc-992x558-lavanguardia-web\/1024_2000.jpg 1024w, https:\/\/i.blogs.es\/5f7ce0\/img_jfita_20180323-112606_imagenes_lv_getty_istock-603171864-kwhc-u461309436241iuc-992x558-lavanguardia-web\/1366_2000.jpg 1366w\" data-sf-src=\"https:\/\/i.blogs.es\/5f7ce0\/img_jfita_20180323-112606_imagenes_lv_getty_istock-603171864-kwhc-u461309436241iuc-992x558-lavanguardia-web\/450_1000.jpg\" alt=\"Img Jfita 20180323 112606 Imagenes Lv Getty Istock 603171864 Kwhc U461309436241iuc 992x558 Lavanguardia Web\" srcset=\"https:\/\/i.blogs.es\/5f7ce0\/img_jfita_20180323-112606_imagenes_lv_getty_istock-603171864-kwhc-u461309436241iuc-992x558-lavanguardia-web\/450_1000.jpg 450w, https:\/\/i.blogs.es\/5f7ce0\/img_jfita_20180323-112606_imagenes_lv_getty_istock-603171864-kwhc-u461309436241iuc-992x558-lavanguardia-web\/650_1200.jpg 681w, https:\/\/i.blogs.es\/5f7ce0\/img_jfita_20180323-112606_imagenes_lv_getty_istock-603171864-kwhc-u461309436241iuc-992x558-lavanguardia-web\/1024_2000.jpg 1024w, https:\/\/i.blogs.es\/5f7ce0\/img_jfita_20180323-112606_imagenes_lv_getty_istock-603171864-kwhc-u461309436241iuc-992x558-lavanguardia-web\/1366_2000.jpg 1366w\" src=\"https:\/\/i.blogs.es\/5f7ce0\/img_jfita_20180323-112606_imagenes_lv_getty_istock-603171864-kwhc-u461309436241iuc-992x558-lavanguardia-web\/450_1000.jpg\" \/><\/div>\n<\/div>\n<p style=\"text-align: justify;\">Porque claro, los d\u00edas de invierno son innegablemente m\u00e1s cortos que los de verano, as\u00ed que, independientemente del argumento sobre la eficiencia energ\u00e9tica, para Mart\u00edn Olalla ajustar una hora los horarios es tambi\u00e9n nuestra forma natural de ajustarnos a la naturalidad de las menos horas de sol.<\/p>\n<p style=\"text-align: justify;\">Mientras tanto en M\u00e9xico la postura oficial no tiene cambios, el\u00a0Fideicomiso para el Ahorro de la Energ\u00eda Ambiental\u00a0sostiene que el cambio de horario permite ahorrar\u00a01,041 Gigawatts-hora (con cifra de 2012), as\u00ed como la quema de 1.86 millones de barriles de petr\u00f3leo crudo, lo que equivale a la emisi\u00f3n a la atm\u00f3sfera de\u00a0695 mil toneladas de bi\u00f3xido de carbono.<\/p>\n<p style=\"text-align: justify;\">Eso s\u00ed, en el primer trimestre del a\u00f1o, un senador de Morena\u00a0present\u00f3\u00a0una iniciativa para eliminar el horario de verano. La idea era hacerlo desaparecer para el\u00a01 de enero de 2020, utilizando los argumentos mencionados de la falta de ahorro de energ\u00eda y los padecimientos de salud de quienes se ajustan a los cambios de horario.<\/p>\n<p style=\"text-align: justify;\">&#8220;El horario de verano ha causado m\u00e1s molestias que beneficios\u00a0(&#8230;)\u00a0imaginen el da\u00f1o f\u00edsico y moral a los ni\u00f1os por quitarles una hora de sue\u00f1o&#8221;\u00a0dijo\u00a0el senador Felix Salgado al presentar la iniciativa. El dictamen fue enciado al congelador.<\/p>\n<p style=\"text-align: justify;\"><strong>Fuente:\u00a0<\/strong><\/p>\n<p style=\"text-align: justify;\"><em>Oscar Steve, O. S. (2019, 22 octubre). El horario de verano 2019 est\u00e1 por terminar en M\u00e9xico: cu\u00e1ndo, c\u00f3mo y por qu\u00e9 hacemos dos cambios de horario&#8230;. Recuperado 23 octubre, 2019, de https:\/\/www.xataka.com.mx\/otros-1\/horario-verano-2019-esta-terminar-mexico-cuando-como-que-hacemos-dos-cambios-horario-al-ano<\/em><\/p>\n","protected":false},"excerpt":{"rendered":"<p>Una vez m\u00e1s, el horario de verano llega a su fin y comenzar\u00e1 el horario de invierno que estar\u00e1 vigente hasta la primera semana de abril. Mientras que en algunos pa\u00edses de la Uni\u00f3n Europea el\u00a0debate sobre si mantener o no el cambio de horario\u00a0es lo m\u00e1s \u00fatil, en M\u00e9xico la discusi\u00f3n tiene menos lugar, [&hellip;]<\/p>\n","protected":false},"author":1,"featured_media":19132,"comment_status":"open","ping_status":"open","sticky":false,"template":"","format":"standard","meta":{"footnotes":""},"categories":[378],"tags":[],"class_list":["post-19131","post","type-post","status-publish","format-standard","has-post-thumbnail","hentry","category-sociedad"],"yoast_head":"<!-- This site is optimized with the Yoast SEO plugin v26.7 - https:\/\/yoast.com\/wordpress\/plugins\/seo\/ -->\n<title>El horario de verano 2019 est\u00e1 por terminar en M\u00e9xico: cu\u00e1ndo, c\u00f3mo y por qu\u00e9 hacemos dos cambios de horario al a\u00f1o - Observatorio Tecnol\u00f3gico de Hidalgo<\/title>\n<meta name=\"robots\" content=\"index, follow, max-snippet:-1, max-image-preview:large, max-video-preview:-1\" \/>\n<link rel=\"canonical\" href=\"https:\/\/otech.uaeh.edu.mx\/noti\/sociedad\/el-horario-de-verano-2019-esta-por-terminar-en-mexico-cuando-como-y-por-que-hacemos-dos-cambios-de-horario-al-ano\/\" \/>\n<meta property=\"og:locale\" content=\"en_US\" \/>\n<meta property=\"og:type\" content=\"article\" \/>\n<meta property=\"og:title\" content=\"El horario de verano 2019 est\u00e1 por terminar en M\u00e9xico: cu\u00e1ndo, c\u00f3mo y por qu\u00e9 hacemos dos cambios de horario al a\u00f1o - Observatorio Tecnol\u00f3gico de Hidalgo\" \/>\n<meta property=\"og:description\" content=\"Una vez m\u00e1s, el horario de verano llega a su fin y comenzar\u00e1 el horario de invierno que estar\u00e1 vigente hasta la primera semana de abril. Mientras que en algunos pa\u00edses de la Uni\u00f3n Europea el\u00a0debate sobre si mantener o no el cambio de horario\u00a0es lo m\u00e1s \u00fatil, en M\u00e9xico la discusi\u00f3n tiene menos lugar, [&hellip;]\" \/>\n<meta property=\"og:url\" content=\"https:\/\/otech.uaeh.edu.mx\/noti\/sociedad\/el-horario-de-verano-2019-esta-por-terminar-en-mexico-cuando-como-y-por-que-hacemos-dos-cambios-de-horario-al-ano\/\" \/>\n<meta property=\"og:site_name\" content=\"Observatorio Tecnol\u00f3gico de Hidalgo\" \/>\n<meta property=\"article:publisher\" content=\"https:\/\/www.facebook.com\/observatoriouaeh\" \/>\n<meta property=\"article:published_time\" content=\"2019-10-23T15:24:44+00:00\" \/>\n<meta property=\"article:modified_time\" content=\"2019-10-23T15:25:47+00:00\" \/>\n<meta property=\"og:image\" content=\"https:\/\/otech.uaeh.edu.mx\/noti\/wp-content\/uploads\/2019\/10\/Notic.8-6.jpg\" \/>\n\t<meta property=\"og:image:width\" content=\"600\" \/>\n\t<meta property=\"og:image:height\" content=\"400\" \/>\n\t<meta property=\"og:image:type\" content=\"image\/jpeg\" \/>\n<meta name=\"author\" content=\"admin\" \/>\n<meta name=\"twitter:card\" content=\"summary_large_image\" \/>\n<meta name=\"twitter:creator\" content=\"@OBSERVATORIOEH\" \/>\n<meta name=\"twitter:site\" content=\"@OBSERVATORIOEH\" \/>\n<meta name=\"twitter:label1\" content=\"Written by\" \/>\n\t<meta name=\"twitter:data1\" content=\"admin\" \/>\n\t<meta name=\"twitter:label2\" content=\"Est. reading time\" \/>\n\t<meta name=\"twitter:data2\" content=\"4 minutes\" \/>\n<script type=\"application\/ld+json\" class=\"yoast-schema-graph\">{\"@context\":\"https:\/\/schema.org\",\"@graph\":[{\"@type\":\"Article\",\"@id\":\"https:\/\/otech.uaeh.edu.mx\/noti\/sociedad\/el-horario-de-verano-2019-esta-por-terminar-en-mexico-cuando-como-y-por-que-hacemos-dos-cambios-de-horario-al-ano\/#article\",\"isPartOf\":{\"@id\":\"https:\/\/otech.uaeh.edu.mx\/noti\/sociedad\/el-horario-de-verano-2019-esta-por-terminar-en-mexico-cuando-como-y-por-que-hacemos-dos-cambios-de-horario-al-ano\/\"},\"author\":{\"name\":\"admin\",\"@id\":\"https:\/\/otech.uaeh.edu.mx\/noti\/#\/schema\/person\/95263d004158ffabcd98137e1d0abc1c\"},\"headline\":\"El horario de verano 2019 est\u00e1 por terminar en M\u00e9xico: cu\u00e1ndo, c\u00f3mo y por qu\u00e9 hacemos dos cambios de horario al a\u00f1o\",\"datePublished\":\"2019-10-23T15:24:44+00:00\",\"dateModified\":\"2019-10-23T15:25:47+00:00\",\"mainEntityOfPage\":{\"@id\":\"https:\/\/otech.uaeh.edu.mx\/noti\/sociedad\/el-horario-de-verano-2019-esta-por-terminar-en-mexico-cuando-como-y-por-que-hacemos-dos-cambios-de-horario-al-ano\/\"},\"wordCount\":812,\"commentCount\":0,\"publisher\":{\"@id\":\"https:\/\/otech.uaeh.edu.mx\/noti\/#organization\"},\"image\":{\"@id\":\"https:\/\/otech.uaeh.edu.mx\/noti\/sociedad\/el-horario-de-verano-2019-esta-por-terminar-en-mexico-cuando-como-y-por-que-hacemos-dos-cambios-de-horario-al-ano\/#primaryimage\"},\"thumbnailUrl\":\"https:\/\/otech.uaeh.edu.mx\/noti\/wp-content\/uploads\/2019\/10\/Notic.8-6.jpg\",\"articleSection\":[\"Sociedad\"],\"inLanguage\":\"en-US\",\"potentialAction\":[{\"@type\":\"CommentAction\",\"name\":\"Comment\",\"target\":[\"https:\/\/otech.uaeh.edu.mx\/noti\/sociedad\/el-horario-de-verano-2019-esta-por-terminar-en-mexico-cuando-como-y-por-que-hacemos-dos-cambios-de-horario-al-ano\/#respond\"]}]},{\"@type\":\"WebPage\",\"@id\":\"https:\/\/otech.uaeh.edu.mx\/noti\/sociedad\/el-horario-de-verano-2019-esta-por-terminar-en-mexico-cuando-como-y-por-que-hacemos-dos-cambios-de-horario-al-ano\/\",\"url\":\"https:\/\/otech.uaeh.edu.mx\/noti\/sociedad\/el-horario-de-verano-2019-esta-por-terminar-en-mexico-cuando-como-y-por-que-hacemos-dos-cambios-de-horario-al-ano\/\",\"name\":\"El horario de verano 2019 est\u00e1 por terminar en M\u00e9xico: cu\u00e1ndo, c\u00f3mo y por qu\u00e9 hacemos dos cambios de horario al a\u00f1o - Observatorio Tecnol\u00f3gico de Hidalgo\",\"isPartOf\":{\"@id\":\"https:\/\/otech.uaeh.edu.mx\/noti\/#website\"},\"primaryImageOfPage\":{\"@id\":\"https:\/\/otech.uaeh.edu.mx\/noti\/sociedad\/el-horario-de-verano-2019-esta-por-terminar-en-mexico-cuando-como-y-por-que-hacemos-dos-cambios-de-horario-al-ano\/#primaryimage\"},\"image\":{\"@id\":\"https:\/\/otech.uaeh.edu.mx\/noti\/sociedad\/el-horario-de-verano-2019-esta-por-terminar-en-mexico-cuando-como-y-por-que-hacemos-dos-cambios-de-horario-al-ano\/#primaryimage\"},\"thumbnailUrl\":\"https:\/\/otech.uaeh.edu.mx\/noti\/wp-content\/uploads\/2019\/10\/Notic.8-6.jpg\",\"datePublished\":\"2019-10-23T15:24:44+00:00\",\"dateModified\":\"2019-10-23T15:25:47+00:00\",\"breadcrumb\":{\"@id\":\"https:\/\/otech.uaeh.edu.mx\/noti\/sociedad\/el-horario-de-verano-2019-esta-por-terminar-en-mexico-cuando-como-y-por-que-hacemos-dos-cambios-de-horario-al-ano\/#breadcrumb\"},\"inLanguage\":\"en-US\",\"potentialAction\":[{\"@type\":\"ReadAction\",\"target\":[\"https:\/\/otech.uaeh.edu.mx\/noti\/sociedad\/el-horario-de-verano-2019-esta-por-terminar-en-mexico-cuando-como-y-por-que-hacemos-dos-cambios-de-horario-al-ano\/\"]}]},{\"@type\":\"ImageObject\",\"inLanguage\":\"en-US\",\"@id\":\"https:\/\/otech.uaeh.edu.mx\/noti\/sociedad\/el-horario-de-verano-2019-esta-por-terminar-en-mexico-cuando-como-y-por-que-hacemos-dos-cambios-de-horario-al-ano\/#primaryimage\",\"url\":\"https:\/\/otech.uaeh.edu.mx\/noti\/wp-content\/uploads\/2019\/10\/Notic.8-6.jpg\",\"contentUrl\":\"https:\/\/otech.uaeh.edu.mx\/noti\/wp-content\/uploads\/2019\/10\/Notic.8-6.jpg\",\"width\":600,\"height\":400},{\"@type\":\"BreadcrumbList\",\"@id\":\"https:\/\/otech.uaeh.edu.mx\/noti\/sociedad\/el-horario-de-verano-2019-esta-por-terminar-en-mexico-cuando-como-y-por-que-hacemos-dos-cambios-de-horario-al-ano\/#breadcrumb\",\"itemListElement\":[{\"@type\":\"ListItem\",\"position\":1,\"name\":\"Inicio\",\"item\":\"https:\/\/otech.uaeh.edu.mx\/noti\/\"},{\"@type\":\"ListItem\",\"position\":2,\"name\":\"El horario de verano 2019 est\u00e1 por terminar en M\u00e9xico: cu\u00e1ndo, c\u00f3mo y por qu\u00e9 hacemos dos cambios de horario al a\u00f1o\"}]},{\"@type\":\"WebSite\",\"@id\":\"https:\/\/otech.uaeh.edu.mx\/noti\/#website\",\"url\":\"https:\/\/otech.uaeh.edu.mx\/noti\/\",\"name\":\"Observatorio Tecnol\u00f3gico de Hidalgo\",\"description\":\"\",\"publisher\":{\"@id\":\"https:\/\/otech.uaeh.edu.mx\/noti\/#organization\"},\"potentialAction\":[{\"@type\":\"SearchAction\",\"target\":{\"@type\":\"EntryPoint\",\"urlTemplate\":\"https:\/\/otech.uaeh.edu.mx\/noti\/?s={search_term_string}\"},\"query-input\":{\"@type\":\"PropertyValueSpecification\",\"valueRequired\":true,\"valueName\":\"search_term_string\"}}],\"inLanguage\":\"en-US\"},{\"@type\":\"Organization\",\"@id\":\"https:\/\/otech.uaeh.edu.mx\/noti\/#organization\",\"name\":\"Observatorio Tecnol\u00f3gico de Hidalgo\",\"url\":\"https:\/\/otech.uaeh.edu.mx\/noti\/\",\"logo\":{\"@type\":\"ImageObject\",\"inLanguage\":\"en-US\",\"@id\":\"https:\/\/otech.uaeh.edu.mx\/noti\/#\/schema\/logo\/image\/\",\"url\":\"https:\/\/otech.uaeh.edu.mx\/noti\/wp-content\/uploads\/2025\/11\/Logo-circulo.png\",\"contentUrl\":\"https:\/\/otech.uaeh.edu.mx\/noti\/wp-content\/uploads\/2025\/11\/Logo-circulo.png\",\"width\":250,\"height\":250,\"caption\":\"Observatorio Tecnol\u00f3gico de Hidalgo\"},\"image\":{\"@id\":\"https:\/\/otech.uaeh.edu.mx\/noti\/#\/schema\/logo\/image\/\"},\"sameAs\":[\"https:\/\/www.facebook.com\/observatoriouaeh\",\"https:\/\/x.com\/OBSERVATORIOEH\"]},{\"@type\":\"Person\",\"@id\":\"https:\/\/otech.uaeh.edu.mx\/noti\/#\/schema\/person\/95263d004158ffabcd98137e1d0abc1c\",\"name\":\"admin\",\"image\":{\"@type\":\"ImageObject\",\"inLanguage\":\"en-US\",\"@id\":\"https:\/\/otech.uaeh.edu.mx\/noti\/#\/schema\/person\/image\/\",\"url\":\"https:\/\/secure.gravatar.com\/avatar\/08dd17208ee6a9e87c5a01c0a5f4c96c8ed24bf05e625630929b5b6a7c1ffa5f?s=96&d=mm&r=g\",\"contentUrl\":\"https:\/\/secure.gravatar.com\/avatar\/08dd17208ee6a9e87c5a01c0a5f4c96c8ed24bf05e625630929b5b6a7c1ffa5f?s=96&d=mm&r=g\",\"caption\":\"admin\"},\"url\":\"https:\/\/otech.uaeh.edu.mx\/noti\/author\/admin\/\"}]}<\/script>\n<!-- \/ Yoast SEO plugin. -->","yoast_head_json":{"title":"El horario de verano 2019 est\u00e1 por terminar en M\u00e9xico: cu\u00e1ndo, c\u00f3mo y por qu\u00e9 hacemos dos cambios de horario al a\u00f1o - Observatorio Tecnol\u00f3gico de Hidalgo","robots":{"index":"index","follow":"follow","max-snippet":"max-snippet:-1","max-image-preview":"max-image-preview:large","max-video-preview":"max-video-preview:-1"},"canonical":"https:\/\/otech.uaeh.edu.mx\/noti\/sociedad\/el-horario-de-verano-2019-esta-por-terminar-en-mexico-cuando-como-y-por-que-hacemos-dos-cambios-de-horario-al-ano\/","og_locale":"en_US","og_type":"article","og_title":"El horario de verano 2019 est\u00e1 por terminar en M\u00e9xico: cu\u00e1ndo, c\u00f3mo y por qu\u00e9 hacemos dos cambios de horario al a\u00f1o - Observatorio Tecnol\u00f3gico de Hidalgo","og_description":"Una vez m\u00e1s, el horario de verano llega a su fin y comenzar\u00e1 el horario de invierno que estar\u00e1 vigente hasta la primera semana de abril. Mientras que en algunos pa\u00edses de la Uni\u00f3n Europea el\u00a0debate sobre si mantener o no el cambio de horario\u00a0es lo m\u00e1s \u00fatil, en M\u00e9xico la discusi\u00f3n tiene menos lugar, [&hellip;]","og_url":"https:\/\/otech.uaeh.edu.mx\/noti\/sociedad\/el-horario-de-verano-2019-esta-por-terminar-en-mexico-cuando-como-y-por-que-hacemos-dos-cambios-de-horario-al-ano\/","og_site_name":"Observatorio Tecnol\u00f3gico de Hidalgo","article_publisher":"https:\/\/www.facebook.com\/observatoriouaeh","article_published_time":"2019-10-23T15:24:44+00:00","article_modified_time":"2019-10-23T15:25:47+00:00","og_image":[{"width":600,"height":400,"url":"https:\/\/otech.uaeh.edu.mx\/noti\/wp-content\/uploads\/2019\/10\/Notic.8-6.jpg","type":"image\/jpeg"}],"author":"admin","twitter_card":"summary_large_image","twitter_creator":"@OBSERVATORIOEH","twitter_site":"@OBSERVATORIOEH","twitter_misc":{"Written by":"admin","Est. reading time":"4 minutes"},"schema":{"@context":"https:\/\/schema.org","@graph":[{"@type":"Article","@id":"https:\/\/otech.uaeh.edu.mx\/noti\/sociedad\/el-horario-de-verano-2019-esta-por-terminar-en-mexico-cuando-como-y-por-que-hacemos-dos-cambios-de-horario-al-ano\/#article","isPartOf":{"@id":"https:\/\/otech.uaeh.edu.mx\/noti\/sociedad\/el-horario-de-verano-2019-esta-por-terminar-en-mexico-cuando-como-y-por-que-hacemos-dos-cambios-de-horario-al-ano\/"},"author":{"name":"admin","@id":"https:\/\/otech.uaeh.edu.mx\/noti\/#\/schema\/person\/95263d004158ffabcd98137e1d0abc1c"},"headline":"El horario de verano 2019 est\u00e1 por terminar en M\u00e9xico: cu\u00e1ndo, c\u00f3mo y por qu\u00e9 hacemos dos cambios de horario al a\u00f1o","datePublished":"2019-10-23T15:24:44+00:00","dateModified":"2019-10-23T15:25:47+00:00","mainEntityOfPage":{"@id":"https:\/\/otech.uaeh.edu.mx\/noti\/sociedad\/el-horario-de-verano-2019-esta-por-terminar-en-mexico-cuando-como-y-por-que-hacemos-dos-cambios-de-horario-al-ano\/"},"wordCount":812,"commentCount":0,"publisher":{"@id":"https:\/\/otech.uaeh.edu.mx\/noti\/#organization"},"image":{"@id":"https:\/\/otech.uaeh.edu.mx\/noti\/sociedad\/el-horario-de-verano-2019-esta-por-terminar-en-mexico-cuando-como-y-por-que-hacemos-dos-cambios-de-horario-al-ano\/#primaryimage"},"thumbnailUrl":"https:\/\/otech.uaeh.edu.mx\/noti\/wp-content\/uploads\/2019\/10\/Notic.8-6.jpg","articleSection":["Sociedad"],"inLanguage":"en-US","potentialAction":[{"@type":"CommentAction","name":"Comment","target":["https:\/\/otech.uaeh.edu.mx\/noti\/sociedad\/el-horario-de-verano-2019-esta-por-terminar-en-mexico-cuando-como-y-por-que-hacemos-dos-cambios-de-horario-al-ano\/#respond"]}]},{"@type":"WebPage","@id":"https:\/\/otech.uaeh.edu.mx\/noti\/sociedad\/el-horario-de-verano-2019-esta-por-terminar-en-mexico-cuando-como-y-por-que-hacemos-dos-cambios-de-horario-al-ano\/","url":"https:\/\/otech.uaeh.edu.mx\/noti\/sociedad\/el-horario-de-verano-2019-esta-por-terminar-en-mexico-cuando-como-y-por-que-hacemos-dos-cambios-de-horario-al-ano\/","name":"El horario de verano 2019 est\u00e1 por terminar en M\u00e9xico: cu\u00e1ndo, c\u00f3mo y por qu\u00e9 hacemos dos cambios de horario al a\u00f1o - Observatorio Tecnol\u00f3gico de Hidalgo","isPartOf":{"@id":"https:\/\/otech.uaeh.edu.mx\/noti\/#website"},"primaryImageOfPage":{"@id":"https:\/\/otech.uaeh.edu.mx\/noti\/sociedad\/el-horario-de-verano-2019-esta-por-terminar-en-mexico-cuando-como-y-por-que-hacemos-dos-cambios-de-horario-al-ano\/#primaryimage"},"image":{"@id":"https:\/\/otech.uaeh.edu.mx\/noti\/sociedad\/el-horario-de-verano-2019-esta-por-terminar-en-mexico-cuando-como-y-por-que-hacemos-dos-cambios-de-horario-al-ano\/#primaryimage"},"thumbnailUrl":"https:\/\/otech.uaeh.edu.mx\/noti\/wp-content\/uploads\/2019\/10\/Notic.8-6.jpg","datePublished":"2019-10-23T15:24:44+00:00","dateModified":"2019-10-23T15:25:47+00:00","breadcrumb":{"@id":"https:\/\/otech.uaeh.edu.mx\/noti\/sociedad\/el-horario-de-verano-2019-esta-por-terminar-en-mexico-cuando-como-y-por-que-hacemos-dos-cambios-de-horario-al-ano\/#breadcrumb"},"inLanguage":"en-US","potentialAction":[{"@type":"ReadAction","target":["https:\/\/otech.uaeh.edu.mx\/noti\/sociedad\/el-horario-de-verano-2019-esta-por-terminar-en-mexico-cuando-como-y-por-que-hacemos-dos-cambios-de-horario-al-ano\/"]}]},{"@type":"ImageObject","inLanguage":"en-US","@id":"https:\/\/otech.uaeh.edu.mx\/noti\/sociedad\/el-horario-de-verano-2019-esta-por-terminar-en-mexico-cuando-como-y-por-que-hacemos-dos-cambios-de-horario-al-ano\/#primaryimage","url":"https:\/\/otech.uaeh.edu.mx\/noti\/wp-content\/uploads\/2019\/10\/Notic.8-6.jpg","contentUrl":"https:\/\/otech.uaeh.edu.mx\/noti\/wp-content\/uploads\/2019\/10\/Notic.8-6.jpg","width":600,"height":400},{"@type":"BreadcrumbList","@id":"https:\/\/otech.uaeh.edu.mx\/noti\/sociedad\/el-horario-de-verano-2019-esta-por-terminar-en-mexico-cuando-como-y-por-que-hacemos-dos-cambios-de-horario-al-ano\/#breadcrumb","itemListElement":[{"@type":"ListItem","position":1,"name":"Inicio","item":"https:\/\/otech.uaeh.edu.mx\/noti\/"},{"@type":"ListItem","position":2,"name":"El horario de verano 2019 est\u00e1 por terminar en M\u00e9xico: cu\u00e1ndo, c\u00f3mo y por qu\u00e9 hacemos dos cambios de horario al a\u00f1o"}]},{"@type":"WebSite","@id":"https:\/\/otech.uaeh.edu.mx\/noti\/#website","url":"https:\/\/otech.uaeh.edu.mx\/noti\/","name":"Observatorio Tecnol\u00f3gico de Hidalgo","description":"","publisher":{"@id":"https:\/\/otech.uaeh.edu.mx\/noti\/#organization"},"potentialAction":[{"@type":"SearchAction","target":{"@type":"EntryPoint","urlTemplate":"https:\/\/otech.uaeh.edu.mx\/noti\/?s={search_term_string}"},"query-input":{"@type":"PropertyValueSpecification","valueRequired":true,"valueName":"search_term_string"}}],"inLanguage":"en-US"},{"@type":"Organization","@id":"https:\/\/otech.uaeh.edu.mx\/noti\/#organization","name":"Observatorio Tecnol\u00f3gico de Hidalgo","url":"https:\/\/otech.uaeh.edu.mx\/noti\/","logo":{"@type":"ImageObject","inLanguage":"en-US","@id":"https:\/\/otech.uaeh.edu.mx\/noti\/#\/schema\/logo\/image\/","url":"https:\/\/otech.uaeh.edu.mx\/noti\/wp-content\/uploads\/2025\/11\/Logo-circulo.png","contentUrl":"https:\/\/otech.uaeh.edu.mx\/noti\/wp-content\/uploads\/2025\/11\/Logo-circulo.png","width":250,"height":250,"caption":"Observatorio Tecnol\u00f3gico de Hidalgo"},"image":{"@id":"https:\/\/otech.uaeh.edu.mx\/noti\/#\/schema\/logo\/image\/"},"sameAs":["https:\/\/www.facebook.com\/observatoriouaeh","https:\/\/x.com\/OBSERVATORIOEH"]},{"@type":"Person","@id":"https:\/\/otech.uaeh.edu.mx\/noti\/#\/schema\/person\/95263d004158ffabcd98137e1d0abc1c","name":"admin","image":{"@type":"ImageObject","inLanguage":"en-US","@id":"https:\/\/otech.uaeh.edu.mx\/noti\/#\/schema\/person\/image\/","url":"https:\/\/secure.gravatar.com\/avatar\/08dd17208ee6a9e87c5a01c0a5f4c96c8ed24bf05e625630929b5b6a7c1ffa5f?s=96&d=mm&r=g","contentUrl":"https:\/\/secure.gravatar.com\/avatar\/08dd17208ee6a9e87c5a01c0a5f4c96c8ed24bf05e625630929b5b6a7c1ffa5f?s=96&d=mm&r=g","caption":"admin"},"url":"https:\/\/otech.uaeh.edu.mx\/noti\/author\/admin\/"}]}},"_links":{"self":[{"href":"https:\/\/otech.uaeh.edu.mx\/noti\/wp-json\/wp\/v2\/posts\/19131","targetHints":{"allow":["GET"]}}],"collection":[{"href":"https:\/\/otech.uaeh.edu.mx\/noti\/wp-json\/wp\/v2\/posts"}],"about":[{"href":"https:\/\/otech.uaeh.edu.mx\/noti\/wp-json\/wp\/v2\/types\/post"}],"author":[{"embeddable":true,"href":"https:\/\/otech.uaeh.edu.mx\/noti\/wp-json\/wp\/v2\/users\/1"}],"replies":[{"embeddable":true,"href":"https:\/\/otech.uaeh.edu.mx\/noti\/wp-json\/wp\/v2\/comments?post=19131"}],"version-history":[{"count":1,"href":"https:\/\/otech.uaeh.edu.mx\/noti\/wp-json\/wp\/v2\/posts\/19131\/revisions"}],"predecessor-version":[{"id":19133,"href":"https:\/\/otech.uaeh.edu.mx\/noti\/wp-json\/wp\/v2\/posts\/19131\/revisions\/19133"}],"wp:featuredmedia":[{"embeddable":true,"href":"https:\/\/otech.uaeh.edu.mx\/noti\/wp-json\/wp\/v2\/media\/19132"}],"wp:attachment":[{"href":"https:\/\/otech.uaeh.edu.mx\/noti\/wp-json\/wp\/v2\/media?parent=19131"}],"wp:term":[{"taxonomy":"category","embeddable":true,"href":"https:\/\/otech.uaeh.edu.mx\/noti\/wp-json\/wp\/v2\/categories?post=19131"},{"taxonomy":"post_tag","embeddable":true,"href":"https:\/\/otech.uaeh.edu.mx\/noti\/wp-json\/wp\/v2\/tags?post=19131"}],"curies":[{"name":"wp","href":"https:\/\/api.w.org\/{rel}","templated":true}]}}