{"id":19170,"date":"2019-10-28T09:13:20","date_gmt":"2019-10-28T15:13:20","guid":{"rendered":"http:\/\/otech.uaeh.edu.mx\/noti\/?p=19170"},"modified":"2019-10-28T10:29:32","modified_gmt":"2019-10-28T16:29:32","slug":"la-muerte-cabalga-por-los-campos-empobrecidos-2","status":"publish","type":"post","link":"https:\/\/otech.uaeh.edu.mx\/noti\/articulo-otech\/la-muerte-cabalga-por-los-campos-empobrecidos-2\/","title":{"rendered":"La muerte Cabalga por: Los campos empobrecidos"},"content":{"rendered":"<p style=\"text-align: justify;\">No me refiero al desfile de catrinas, cuya historia se remonta a la cr\u00edtica social que se hiciera a la desigualdad en la \u00e9poca porfirista, sino a la pobreza de los m\u00e1s de 90 millones de mexicanos, que habitan las comunidades marginadas rurales y urbanas del pa\u00eds, flageladas por la inhumana violencia. Si bien la problem\u00e1tica se incubo en d\u00e9cadas anteriores, hoy el territorio nacional se lo reparten las hordas criminales, y las empresas trasnacionales. <!--more-->\u00a0La poblaci\u00f3n carece de suficientes ingresos para adquirir sus alimentos, 21 millones de mexicanos se levantan cada d\u00eda sin saber si obtendr\u00e1n dinero para comer, estamos viviendo una crisis de desconfianza, hacia las medidas de nuestro gobierno y de incertidumbre hacia el futuro.<\/p>\n<p style=\"text-align: justify;\">A finales del siglo XIX los precios internacionales de los alimentos cayeron estrepitosamente, por lo que las naciones desarrolladas presionaron para abrir los mercados y comprar alimentos baratos, despu\u00e9s de la segunda guerra mundial y en espec\u00edfico en la \u00faltima ronda de Uruguay del GATT en 1994, las naciones desarrolladas, impusieron pol\u00edticas proteccionistas a los alimentos, se concretaron a desarrollar la tecnolog\u00eda para ser eficientes en la producci\u00f3n de sus alimentos, fue cuando surgi\u00f3 la Soberan\u00eda y la Seguridad alimentaria.<\/p>\n<p style=\"text-align: justify;\">La aplicaci\u00f3n de su paquete tecnol\u00f3gico inclu\u00eda, la mecanizaci\u00f3n del campo, semillas mejoradas, herbicidas y fertilizantes, logrando ser m\u00e1s eficientes que sus antiguos proveedores, la crisis de la d\u00e9cada de los 70s fue el marco para que las grandes trasnacionales absorbieran a los peque\u00f1os productores y la inserci\u00f3n de las trasnacionales del ramo qu\u00edmico en la agricultura. Para la d\u00e9cada de los 90s ya un peque\u00f1o grupo de trasnacionales, dominaban el mercado mundial de los alimentos, dada la eficiencia de sus procesos gracias a la tecnolog\u00eda.<\/p>\n<p style=\"text-align: justify;\">M\u00e9xico importa m\u00e1s del 50% de los alimentos que consume cuando la FAO (Organizaci\u00f3n de las Naciones Unidas para la Alimentaci\u00f3n y la Agricultura), recomienda, que las naciones deben producir por lo menos el 70% de lo que consume, por lo que no tenemos soberan\u00eda alimentaria, pero tenemos el derecho de producir nuestros alimentos, sinembargo no hemos desarrollado la\u00a0 tecnolog\u00eda para ser competitivos.<\/p>\n<p style=\"text-align: justify;\">La importancia de la seguridad alimentaria radica, seg\u00fan la FAO en cuatro dimensiones: <em>Disponibilidad<\/em>, refiri\u00e9ndose a la cantidad suficiente de alimentos de calidad; <em>Acceso f\u00edsico y econ\u00f3mico<\/em>, es decir las condiciones para adquirirlos; <em>Utilizaci\u00f3n, <\/em>que consiste en el uso nutrimental; <em>Estabilidad,<\/em> esto es acceso a los alimentos de manera interrumpida.<\/p>\n<p style=\"text-align: justify;\">Los peque\u00f1os productores del campo mexicano, dado su rezago tecnol\u00f3gico, por la falta de investigaci\u00f3n aplicada, no han podido competir con el precio de los productos importados, esto es lo que explica, que despu\u00e9s de haber sido exportadores de ma\u00edz, arroz y trigo, hoy seamos importadores, de seguir as\u00ed estaremos importando hasta los quelites.<\/p>\n<p style=\"text-align: justify;\">Adem\u00e1s de perder el mercado, las trasnacionales han cambiado nuestros patrones de consumo, dado que los alimentos con hidratos de carbono pasaron del 71.3% en 1964 a 55% en 2014, mientras que los alimentos con mayor contenido de grasas y azucares, pasaron del 18% al 30%, en el mismo periodo, explic\u00e1ndose as\u00ed el incremento de la obesidad y diabetes en la poblaci\u00f3n, por la alimentaci\u00f3n chatarra.<\/p>\n<p style=\"text-align: justify;\">Lo peor es que este esquema de p\u00e9rdida de soberan\u00eda y de seguridad alimentaria por parte de M\u00e9xico, se est\u00e1 reproduciendo; cada vez somos m\u00e1s dependientes en alimentos; dados los niveles de pobreza los mexicanos no comen lo suficiente o comen alimentos inadecuados.<\/p>\n<p style=\"text-align: justify;\">Imag\u00ednese usted, que empresas como Monsanto-Bayer Syngenta, Amazon, Microsoft y Huawei, est\u00e1n participando en la producci\u00f3n y en el mercado de alimentos, el cual tendr\u00e1 un valor de m\u00e1s de 50 mil millones de d\u00f3lares en 2022, para ello est\u00e1n desarrollando <em>hardware<\/em> que incluye maquinaria agr\u00edcola, robots, drones, inteligencia artificial, nube, bigdata e impresi\u00f3n 3D; <em>Software <\/em>como datos gen\u00f3micos, biolog\u00eda sint\u00e9tica, mime-agricultura, y agricultura vertical; <em>Sistema Financiero digital<\/em> como blockchain y criptomonedas, \u00e9sta convergencia tecnol\u00f3gica, se realiza en el paradigma, de agricultura sin agricultores.<\/p>\n<p style=\"text-align: justify;\">\u00bfUsted cree que las pol\u00edticas econ\u00f3micas y el presupuesto de la 4\u00aaT carentes de una visi\u00f3n tecnol\u00f3gica de futuro y cargadas de un moralismo religioso que atenta contra el Estado Laico Mexicano, lograr\u00e1n disminuir la desigualdad y la pobreza del pa\u00eds?<\/p>\n","protected":false},"excerpt":{"rendered":"<p>No me refiero al desfile de catrinas, cuya historia se remonta a la cr\u00edtica social que se hiciera a la desigualdad en la \u00e9poca porfirista, sino a la pobreza de los m\u00e1s de 90 millones de mexicanos, que habitan las comunidades marginadas rurales y urbanas del pa\u00eds, flageladas por la inhumana violencia. Si bien la [&hellip;]<\/p>\n","protected":false},"author":1,"featured_media":19175,"comment_status":"open","ping_status":"open","sticky":false,"template":"","format":"standard","meta":{"footnotes":""},"categories":[33],"tags":[],"class_list":["post-19170","post","type-post","status-publish","format-standard","has-post-thumbnail","hentry","category-articulo-otech"],"yoast_head":"<!-- This site is optimized with the Yoast SEO plugin v26.7 - https:\/\/yoast.com\/wordpress\/plugins\/seo\/ -->\n<title>La muerte Cabalga por: Los campos empobrecidos - Observatorio Tecnol\u00f3gico de Hidalgo<\/title>\n<meta name=\"robots\" content=\"index, follow, max-snippet:-1, max-image-preview:large, max-video-preview:-1\" \/>\n<link rel=\"canonical\" href=\"https:\/\/otech.uaeh.edu.mx\/noti\/articulo-otech\/la-muerte-cabalga-por-los-campos-empobrecidos-2\/\" \/>\n<meta property=\"og:locale\" content=\"en_US\" \/>\n<meta property=\"og:type\" content=\"article\" \/>\n<meta property=\"og:title\" content=\"La muerte Cabalga por: Los campos empobrecidos - Observatorio Tecnol\u00f3gico de Hidalgo\" \/>\n<meta property=\"og:description\" content=\"No me refiero al desfile de catrinas, cuya historia se remonta a la cr\u00edtica social que se hiciera a la desigualdad en la \u00e9poca porfirista, sino a la pobreza de los m\u00e1s de 90 millones de mexicanos, que habitan las comunidades marginadas rurales y urbanas del pa\u00eds, flageladas por la inhumana violencia. Si bien la [&hellip;]\" \/>\n<meta property=\"og:url\" content=\"https:\/\/otech.uaeh.edu.mx\/noti\/articulo-otech\/la-muerte-cabalga-por-los-campos-empobrecidos-2\/\" \/>\n<meta property=\"og:site_name\" content=\"Observatorio Tecnol\u00f3gico de Hidalgo\" \/>\n<meta property=\"article:publisher\" content=\"https:\/\/www.facebook.com\/observatoriouaeh\" \/>\n<meta property=\"article:published_time\" content=\"2019-10-28T15:13:20+00:00\" \/>\n<meta property=\"article:modified_time\" content=\"2019-10-28T16:29:32+00:00\" \/>\n<meta property=\"og:image\" content=\"https:\/\/otech.uaeh.edu.mx\/noti\/wp-content\/uploads\/2019\/10\/notic.11.jpg\" \/>\n\t<meta property=\"og:image:width\" content=\"1136\" \/>\n\t<meta property=\"og:image:height\" content=\"852\" \/>\n\t<meta property=\"og:image:type\" content=\"image\/jpeg\" \/>\n<meta name=\"author\" content=\"admin\" \/>\n<meta name=\"twitter:card\" content=\"summary_large_image\" \/>\n<meta name=\"twitter:creator\" content=\"@OBSERVATORIOEH\" \/>\n<meta name=\"twitter:site\" content=\"@OBSERVATORIOEH\" \/>\n<meta name=\"twitter:label1\" content=\"Written by\" \/>\n\t<meta name=\"twitter:data1\" content=\"admin\" \/>\n\t<meta name=\"twitter:label2\" content=\"Est. reading time\" \/>\n\t<meta name=\"twitter:data2\" content=\"4 minutes\" \/>\n<script type=\"application\/ld+json\" class=\"yoast-schema-graph\">{\"@context\":\"https:\/\/schema.org\",\"@graph\":[{\"@type\":\"Article\",\"@id\":\"https:\/\/otech.uaeh.edu.mx\/noti\/articulo-otech\/la-muerte-cabalga-por-los-campos-empobrecidos-2\/#article\",\"isPartOf\":{\"@id\":\"https:\/\/otech.uaeh.edu.mx\/noti\/articulo-otech\/la-muerte-cabalga-por-los-campos-empobrecidos-2\/\"},\"author\":{\"name\":\"admin\",\"@id\":\"https:\/\/otech.uaeh.edu.mx\/noti\/#\/schema\/person\/95263d004158ffabcd98137e1d0abc1c\"},\"headline\":\"La muerte Cabalga por: Los campos empobrecidos\",\"datePublished\":\"2019-10-28T15:13:20+00:00\",\"dateModified\":\"2019-10-28T16:29:32+00:00\",\"mainEntityOfPage\":{\"@id\":\"https:\/\/otech.uaeh.edu.mx\/noti\/articulo-otech\/la-muerte-cabalga-por-los-campos-empobrecidos-2\/\"},\"wordCount\":747,\"commentCount\":0,\"publisher\":{\"@id\":\"https:\/\/otech.uaeh.edu.mx\/noti\/#organization\"},\"image\":{\"@id\":\"https:\/\/otech.uaeh.edu.mx\/noti\/articulo-otech\/la-muerte-cabalga-por-los-campos-empobrecidos-2\/#primaryimage\"},\"thumbnailUrl\":\"https:\/\/otech.uaeh.edu.mx\/noti\/wp-content\/uploads\/2019\/10\/notic.11.jpg\",\"articleSection\":[\"Art\u00edculo OTecH\"],\"inLanguage\":\"en-US\",\"potentialAction\":[{\"@type\":\"CommentAction\",\"name\":\"Comment\",\"target\":[\"https:\/\/otech.uaeh.edu.mx\/noti\/articulo-otech\/la-muerte-cabalga-por-los-campos-empobrecidos-2\/#respond\"]}]},{\"@type\":\"WebPage\",\"@id\":\"https:\/\/otech.uaeh.edu.mx\/noti\/articulo-otech\/la-muerte-cabalga-por-los-campos-empobrecidos-2\/\",\"url\":\"https:\/\/otech.uaeh.edu.mx\/noti\/articulo-otech\/la-muerte-cabalga-por-los-campos-empobrecidos-2\/\",\"name\":\"La muerte Cabalga por: Los campos empobrecidos - Observatorio Tecnol\u00f3gico de Hidalgo\",\"isPartOf\":{\"@id\":\"https:\/\/otech.uaeh.edu.mx\/noti\/#website\"},\"primaryImageOfPage\":{\"@id\":\"https:\/\/otech.uaeh.edu.mx\/noti\/articulo-otech\/la-muerte-cabalga-por-los-campos-empobrecidos-2\/#primaryimage\"},\"image\":{\"@id\":\"https:\/\/otech.uaeh.edu.mx\/noti\/articulo-otech\/la-muerte-cabalga-por-los-campos-empobrecidos-2\/#primaryimage\"},\"thumbnailUrl\":\"https:\/\/otech.uaeh.edu.mx\/noti\/wp-content\/uploads\/2019\/10\/notic.11.jpg\",\"datePublished\":\"2019-10-28T15:13:20+00:00\",\"dateModified\":\"2019-10-28T16:29:32+00:00\",\"breadcrumb\":{\"@id\":\"https:\/\/otech.uaeh.edu.mx\/noti\/articulo-otech\/la-muerte-cabalga-por-los-campos-empobrecidos-2\/#breadcrumb\"},\"inLanguage\":\"en-US\",\"potentialAction\":[{\"@type\":\"ReadAction\",\"target\":[\"https:\/\/otech.uaeh.edu.mx\/noti\/articulo-otech\/la-muerte-cabalga-por-los-campos-empobrecidos-2\/\"]}]},{\"@type\":\"ImageObject\",\"inLanguage\":\"en-US\",\"@id\":\"https:\/\/otech.uaeh.edu.mx\/noti\/articulo-otech\/la-muerte-cabalga-por-los-campos-empobrecidos-2\/#primaryimage\",\"url\":\"https:\/\/otech.uaeh.edu.mx\/noti\/wp-content\/uploads\/2019\/10\/notic.11.jpg\",\"contentUrl\":\"https:\/\/otech.uaeh.edu.mx\/noti\/wp-content\/uploads\/2019\/10\/notic.11.jpg\",\"width\":1136,\"height\":852},{\"@type\":\"BreadcrumbList\",\"@id\":\"https:\/\/otech.uaeh.edu.mx\/noti\/articulo-otech\/la-muerte-cabalga-por-los-campos-empobrecidos-2\/#breadcrumb\",\"itemListElement\":[{\"@type\":\"ListItem\",\"position\":1,\"name\":\"Inicio\",\"item\":\"https:\/\/otech.uaeh.edu.mx\/noti\/\"},{\"@type\":\"ListItem\",\"position\":2,\"name\":\"La muerte Cabalga por: Los campos empobrecidos\"}]},{\"@type\":\"WebSite\",\"@id\":\"https:\/\/otech.uaeh.edu.mx\/noti\/#website\",\"url\":\"https:\/\/otech.uaeh.edu.mx\/noti\/\",\"name\":\"Observatorio Tecnol\u00f3gico de Hidalgo\",\"description\":\"\",\"publisher\":{\"@id\":\"https:\/\/otech.uaeh.edu.mx\/noti\/#organization\"},\"potentialAction\":[{\"@type\":\"SearchAction\",\"target\":{\"@type\":\"EntryPoint\",\"urlTemplate\":\"https:\/\/otech.uaeh.edu.mx\/noti\/?s={search_term_string}\"},\"query-input\":{\"@type\":\"PropertyValueSpecification\",\"valueRequired\":true,\"valueName\":\"search_term_string\"}}],\"inLanguage\":\"en-US\"},{\"@type\":\"Organization\",\"@id\":\"https:\/\/otech.uaeh.edu.mx\/noti\/#organization\",\"name\":\"Observatorio Tecnol\u00f3gico de Hidalgo\",\"url\":\"https:\/\/otech.uaeh.edu.mx\/noti\/\",\"logo\":{\"@type\":\"ImageObject\",\"inLanguage\":\"en-US\",\"@id\":\"https:\/\/otech.uaeh.edu.mx\/noti\/#\/schema\/logo\/image\/\",\"url\":\"https:\/\/otech.uaeh.edu.mx\/noti\/wp-content\/uploads\/2025\/11\/Logo-circulo.png\",\"contentUrl\":\"https:\/\/otech.uaeh.edu.mx\/noti\/wp-content\/uploads\/2025\/11\/Logo-circulo.png\",\"width\":250,\"height\":250,\"caption\":\"Observatorio Tecnol\u00f3gico de Hidalgo\"},\"image\":{\"@id\":\"https:\/\/otech.uaeh.edu.mx\/noti\/#\/schema\/logo\/image\/\"},\"sameAs\":[\"https:\/\/www.facebook.com\/observatoriouaeh\",\"https:\/\/x.com\/OBSERVATORIOEH\"]},{\"@type\":\"Person\",\"@id\":\"https:\/\/otech.uaeh.edu.mx\/noti\/#\/schema\/person\/95263d004158ffabcd98137e1d0abc1c\",\"name\":\"admin\",\"image\":{\"@type\":\"ImageObject\",\"inLanguage\":\"en-US\",\"@id\":\"https:\/\/otech.uaeh.edu.mx\/noti\/#\/schema\/person\/image\/\",\"url\":\"https:\/\/secure.gravatar.com\/avatar\/08dd17208ee6a9e87c5a01c0a5f4c96c8ed24bf05e625630929b5b6a7c1ffa5f?s=96&d=mm&r=g\",\"contentUrl\":\"https:\/\/secure.gravatar.com\/avatar\/08dd17208ee6a9e87c5a01c0a5f4c96c8ed24bf05e625630929b5b6a7c1ffa5f?s=96&d=mm&r=g\",\"caption\":\"admin\"},\"url\":\"https:\/\/otech.uaeh.edu.mx\/noti\/author\/admin\/\"}]}<\/script>\n<!-- \/ Yoast SEO plugin. -->","yoast_head_json":{"title":"La muerte Cabalga por: Los campos empobrecidos - Observatorio Tecnol\u00f3gico de Hidalgo","robots":{"index":"index","follow":"follow","max-snippet":"max-snippet:-1","max-image-preview":"max-image-preview:large","max-video-preview":"max-video-preview:-1"},"canonical":"https:\/\/otech.uaeh.edu.mx\/noti\/articulo-otech\/la-muerte-cabalga-por-los-campos-empobrecidos-2\/","og_locale":"en_US","og_type":"article","og_title":"La muerte Cabalga por: Los campos empobrecidos - Observatorio Tecnol\u00f3gico de Hidalgo","og_description":"No me refiero al desfile de catrinas, cuya historia se remonta a la cr\u00edtica social que se hiciera a la desigualdad en la \u00e9poca porfirista, sino a la pobreza de los m\u00e1s de 90 millones de mexicanos, que habitan las comunidades marginadas rurales y urbanas del pa\u00eds, flageladas por la inhumana violencia. Si bien la [&hellip;]","og_url":"https:\/\/otech.uaeh.edu.mx\/noti\/articulo-otech\/la-muerte-cabalga-por-los-campos-empobrecidos-2\/","og_site_name":"Observatorio Tecnol\u00f3gico de Hidalgo","article_publisher":"https:\/\/www.facebook.com\/observatoriouaeh","article_published_time":"2019-10-28T15:13:20+00:00","article_modified_time":"2019-10-28T16:29:32+00:00","og_image":[{"width":1136,"height":852,"url":"https:\/\/otech.uaeh.edu.mx\/noti\/wp-content\/uploads\/2019\/10\/notic.11.jpg","type":"image\/jpeg"}],"author":"admin","twitter_card":"summary_large_image","twitter_creator":"@OBSERVATORIOEH","twitter_site":"@OBSERVATORIOEH","twitter_misc":{"Written by":"admin","Est. reading time":"4 minutes"},"schema":{"@context":"https:\/\/schema.org","@graph":[{"@type":"Article","@id":"https:\/\/otech.uaeh.edu.mx\/noti\/articulo-otech\/la-muerte-cabalga-por-los-campos-empobrecidos-2\/#article","isPartOf":{"@id":"https:\/\/otech.uaeh.edu.mx\/noti\/articulo-otech\/la-muerte-cabalga-por-los-campos-empobrecidos-2\/"},"author":{"name":"admin","@id":"https:\/\/otech.uaeh.edu.mx\/noti\/#\/schema\/person\/95263d004158ffabcd98137e1d0abc1c"},"headline":"La muerte Cabalga por: Los campos empobrecidos","datePublished":"2019-10-28T15:13:20+00:00","dateModified":"2019-10-28T16:29:32+00:00","mainEntityOfPage":{"@id":"https:\/\/otech.uaeh.edu.mx\/noti\/articulo-otech\/la-muerte-cabalga-por-los-campos-empobrecidos-2\/"},"wordCount":747,"commentCount":0,"publisher":{"@id":"https:\/\/otech.uaeh.edu.mx\/noti\/#organization"},"image":{"@id":"https:\/\/otech.uaeh.edu.mx\/noti\/articulo-otech\/la-muerte-cabalga-por-los-campos-empobrecidos-2\/#primaryimage"},"thumbnailUrl":"https:\/\/otech.uaeh.edu.mx\/noti\/wp-content\/uploads\/2019\/10\/notic.11.jpg","articleSection":["Art\u00edculo OTecH"],"inLanguage":"en-US","potentialAction":[{"@type":"CommentAction","name":"Comment","target":["https:\/\/otech.uaeh.edu.mx\/noti\/articulo-otech\/la-muerte-cabalga-por-los-campos-empobrecidos-2\/#respond"]}]},{"@type":"WebPage","@id":"https:\/\/otech.uaeh.edu.mx\/noti\/articulo-otech\/la-muerte-cabalga-por-los-campos-empobrecidos-2\/","url":"https:\/\/otech.uaeh.edu.mx\/noti\/articulo-otech\/la-muerte-cabalga-por-los-campos-empobrecidos-2\/","name":"La muerte Cabalga por: Los campos empobrecidos - Observatorio Tecnol\u00f3gico de Hidalgo","isPartOf":{"@id":"https:\/\/otech.uaeh.edu.mx\/noti\/#website"},"primaryImageOfPage":{"@id":"https:\/\/otech.uaeh.edu.mx\/noti\/articulo-otech\/la-muerte-cabalga-por-los-campos-empobrecidos-2\/#primaryimage"},"image":{"@id":"https:\/\/otech.uaeh.edu.mx\/noti\/articulo-otech\/la-muerte-cabalga-por-los-campos-empobrecidos-2\/#primaryimage"},"thumbnailUrl":"https:\/\/otech.uaeh.edu.mx\/noti\/wp-content\/uploads\/2019\/10\/notic.11.jpg","datePublished":"2019-10-28T15:13:20+00:00","dateModified":"2019-10-28T16:29:32+00:00","breadcrumb":{"@id":"https:\/\/otech.uaeh.edu.mx\/noti\/articulo-otech\/la-muerte-cabalga-por-los-campos-empobrecidos-2\/#breadcrumb"},"inLanguage":"en-US","potentialAction":[{"@type":"ReadAction","target":["https:\/\/otech.uaeh.edu.mx\/noti\/articulo-otech\/la-muerte-cabalga-por-los-campos-empobrecidos-2\/"]}]},{"@type":"ImageObject","inLanguage":"en-US","@id":"https:\/\/otech.uaeh.edu.mx\/noti\/articulo-otech\/la-muerte-cabalga-por-los-campos-empobrecidos-2\/#primaryimage","url":"https:\/\/otech.uaeh.edu.mx\/noti\/wp-content\/uploads\/2019\/10\/notic.11.jpg","contentUrl":"https:\/\/otech.uaeh.edu.mx\/noti\/wp-content\/uploads\/2019\/10\/notic.11.jpg","width":1136,"height":852},{"@type":"BreadcrumbList","@id":"https:\/\/otech.uaeh.edu.mx\/noti\/articulo-otech\/la-muerte-cabalga-por-los-campos-empobrecidos-2\/#breadcrumb","itemListElement":[{"@type":"ListItem","position":1,"name":"Inicio","item":"https:\/\/otech.uaeh.edu.mx\/noti\/"},{"@type":"ListItem","position":2,"name":"La muerte Cabalga por: Los campos empobrecidos"}]},{"@type":"WebSite","@id":"https:\/\/otech.uaeh.edu.mx\/noti\/#website","url":"https:\/\/otech.uaeh.edu.mx\/noti\/","name":"Observatorio Tecnol\u00f3gico de Hidalgo","description":"","publisher":{"@id":"https:\/\/otech.uaeh.edu.mx\/noti\/#organization"},"potentialAction":[{"@type":"SearchAction","target":{"@type":"EntryPoint","urlTemplate":"https:\/\/otech.uaeh.edu.mx\/noti\/?s={search_term_string}"},"query-input":{"@type":"PropertyValueSpecification","valueRequired":true,"valueName":"search_term_string"}}],"inLanguage":"en-US"},{"@type":"Organization","@id":"https:\/\/otech.uaeh.edu.mx\/noti\/#organization","name":"Observatorio Tecnol\u00f3gico de Hidalgo","url":"https:\/\/otech.uaeh.edu.mx\/noti\/","logo":{"@type":"ImageObject","inLanguage":"en-US","@id":"https:\/\/otech.uaeh.edu.mx\/noti\/#\/schema\/logo\/image\/","url":"https:\/\/otech.uaeh.edu.mx\/noti\/wp-content\/uploads\/2025\/11\/Logo-circulo.png","contentUrl":"https:\/\/otech.uaeh.edu.mx\/noti\/wp-content\/uploads\/2025\/11\/Logo-circulo.png","width":250,"height":250,"caption":"Observatorio Tecnol\u00f3gico de Hidalgo"},"image":{"@id":"https:\/\/otech.uaeh.edu.mx\/noti\/#\/schema\/logo\/image\/"},"sameAs":["https:\/\/www.facebook.com\/observatoriouaeh","https:\/\/x.com\/OBSERVATORIOEH"]},{"@type":"Person","@id":"https:\/\/otech.uaeh.edu.mx\/noti\/#\/schema\/person\/95263d004158ffabcd98137e1d0abc1c","name":"admin","image":{"@type":"ImageObject","inLanguage":"en-US","@id":"https:\/\/otech.uaeh.edu.mx\/noti\/#\/schema\/person\/image\/","url":"https:\/\/secure.gravatar.com\/avatar\/08dd17208ee6a9e87c5a01c0a5f4c96c8ed24bf05e625630929b5b6a7c1ffa5f?s=96&d=mm&r=g","contentUrl":"https:\/\/secure.gravatar.com\/avatar\/08dd17208ee6a9e87c5a01c0a5f4c96c8ed24bf05e625630929b5b6a7c1ffa5f?s=96&d=mm&r=g","caption":"admin"},"url":"https:\/\/otech.uaeh.edu.mx\/noti\/author\/admin\/"}]}},"_links":{"self":[{"href":"https:\/\/otech.uaeh.edu.mx\/noti\/wp-json\/wp\/v2\/posts\/19170","targetHints":{"allow":["GET"]}}],"collection":[{"href":"https:\/\/otech.uaeh.edu.mx\/noti\/wp-json\/wp\/v2\/posts"}],"about":[{"href":"https:\/\/otech.uaeh.edu.mx\/noti\/wp-json\/wp\/v2\/types\/post"}],"author":[{"embeddable":true,"href":"https:\/\/otech.uaeh.edu.mx\/noti\/wp-json\/wp\/v2\/users\/1"}],"replies":[{"embeddable":true,"href":"https:\/\/otech.uaeh.edu.mx\/noti\/wp-json\/wp\/v2\/comments?post=19170"}],"version-history":[{"count":1,"href":"https:\/\/otech.uaeh.edu.mx\/noti\/wp-json\/wp\/v2\/posts\/19170\/revisions"}],"predecessor-version":[{"id":19172,"href":"https:\/\/otech.uaeh.edu.mx\/noti\/wp-json\/wp\/v2\/posts\/19170\/revisions\/19172"}],"wp:featuredmedia":[{"embeddable":true,"href":"https:\/\/otech.uaeh.edu.mx\/noti\/wp-json\/wp\/v2\/media\/19175"}],"wp:attachment":[{"href":"https:\/\/otech.uaeh.edu.mx\/noti\/wp-json\/wp\/v2\/media?parent=19170"}],"wp:term":[{"taxonomy":"category","embeddable":true,"href":"https:\/\/otech.uaeh.edu.mx\/noti\/wp-json\/wp\/v2\/categories?post=19170"},{"taxonomy":"post_tag","embeddable":true,"href":"https:\/\/otech.uaeh.edu.mx\/noti\/wp-json\/wp\/v2\/tags?post=19170"}],"curies":[{"name":"wp","href":"https:\/\/api.w.org\/{rel}","templated":true}]}}