{"id":19214,"date":"2019-11-04T10:51:18","date_gmt":"2019-11-04T16:51:18","guid":{"rendered":"http:\/\/otech.uaeh.edu.mx\/noti\/?p=19214"},"modified":"2019-11-04T11:00:44","modified_gmt":"2019-11-04T17:00:44","slug":"estamos-en-crisis-por-la-falta-de-crecimiento-del-pib","status":"publish","type":"post","link":"https:\/\/otech.uaeh.edu.mx\/noti\/articulo-otech\/estamos-en-crisis-por-la-falta-de-crecimiento-del-pib\/","title":{"rendered":"\u00bfEstamos en crisis por la  Falta de Crecimiento del PIB?"},"content":{"rendered":"<p style=\"text-align: justify;\">Recientemente se publicaron las cifras del crecimiento del PIB, donde se puede observar que la econom\u00eda est\u00e1 estancada con respecto al a\u00f1o anterior, dado que en el primer trimestre creci\u00f3 1.2%, para caer a menos 0.8% en el segundo y menos 0.4% en el tercer trimestre, por lo tanto no se registra crecimiento. Cabe se\u00f1alar que los a\u00f1os de crisis econ\u00f3mica fueron 1995 cuando el PIB cay\u00f3 a menos 6.25%, y en el 2009 disminuy\u00f3 a 5.27%.<!--more--><\/p>\n<p style=\"text-align: justify;\">\u00a015 fueron las entidades federativas que registraron una ca\u00edda en los dos primeros trimestres respecto al a\u00f1o anterior, en promedio la ca\u00edda fue del 2.42%, siendo Tabasco la que registra la mayor disminuci\u00f3n, al caer a menos 10.3%, Baja California Sur ocupa el 2\u00aa lugar al registrar una \u00a0disminuci\u00f3n del 7.2%.<\/p>\n<p style=\"text-align: justify;\">El panorama de menor crecimiento en el tercer trimestre de este 2019, se complementa con una disminuci\u00f3n en la industria de menos 1.8%, y el de servicios con 0.0 crecimiento, sin embargo el sector que registra un crecimiento del 5.3% son las actividades primarias.<\/p>\n<p style=\"text-align: justify;\">Llama la atenci\u00f3n que las actividades primarias, fundamentalmente las agr\u00edcolas sean las \u00fanicas que registran un PIB positivo, cuando el 60% del territorio nacional est\u00e1 en zonas \u00e1ridas y semi\u00e1ridas, por lo que\u00a0 el 74% de la superficie agr\u00edcola se\u00a0 cultiva en terrenos de temporal, en consecuencia solo el 26% de la superficie cultivada cuenta con riego, el 55% de \u00e9sta superficie de riego ha sido modernizada y por ende m\u00e1s productiva.<\/p>\n<p style=\"text-align: justify;\">Esta situaci\u00f3n es el mejor ejemplo de que el crecimiento del PIB no garantiza el desarrollo ni el bienestar social, seg\u00fan el an\u00e1lisis que realiz\u00f3 Funder en el periodo del 2006-2018 las grandes empresas agr\u00edcolas recibieron el 60% de los subsidios mientras que el 40% restante se distribuy\u00f3 entre los peque\u00f1os productores del campo, o sea el 80% de los campesinos.<\/p>\n<p style=\"text-align: justify;\">Las entidades de Sonora, Baja California, Sinaloa, Jalisco y Chihuahua son los de mayor producci\u00f3n agr\u00edcola, entidades donde se observa explotaci\u00f3n y desigualdad, dado que un grupo de empresarios, aprovechando las condiciones de corrupci\u00f3n, incrementaron su influencia, para obtener concesiones de agua indebidamente concentr\u00e1ndola para incrementar su productividad, mientras que mantienen a los jornaleros con extenuantes horarios de trabajo y con salarios, que no les alcanza para adquirir los productos de la canasta b\u00e1sica, adem\u00e1s de las \u00a0condiciones de inseguridad\u00a0 puesto que no se les otorga el equipo adecuado para el manejo de plaguicidas y el contacto con qu\u00edmicos.<\/p>\n<p style=\"text-align: justify;\">En Sonora los peque\u00f1os productores han tenido que vender sus tierras al quedarse sin concesiones de agua para sus cultivos; en Chihuahaua los raramuris han tenido que abandonar tambien sus tierras y cultivos de autoconsumo ante la violencia criminal, desplazandose para trabajar como jornaleros.<\/p>\n<p style=\"text-align: justify;\">A la par del incremento en el PIB agr\u00edcola, aumentaron las emisiones de bi\u00f3xido de carbono impactando en el Cambio Clim\u00e1tico, adem\u00e1s del aumento de las descargas de aguas residuales, lo que signific\u00f3 un deterioro del capital natural equivalente al 6.5% del PIB, superior al 3.5%.<\/p>\n<p style=\"text-align: justify;\">La disponibilidad de alimentos cedi\u00f3 terreno a las importaciones, consecuencia por la baja inversi\u00f3n en I+D+i lo que nos llev\u00f3 a pasar de exportadores a importadores del 79% del arroz, 93% de oleaginosas, 58% de trigo, y 82% de ma\u00edz. Agr\u00e9guele usted que le 61% de los campesinos viven en condiciones de pobreza.<\/p>\n<p style=\"text-align: justify;\">En \u00e9poca de Felipe Calder\u00f3n se declar\u00f3 a la miner\u00eda como de inter\u00e9s p\u00fablico y beneficio social, utiliz\u00e1ndose para concesionar casi la mitad del territorio nacional, a las empresas trasnacionales, canadienses principalmente, quienes han extra\u00eddo oro, plata y otros minerales valiosos.<\/p>\n<p style=\"text-align: justify;\">Para impulsar el crecimiento, reducir la desigualdad y la pobreza, se requiere una inversi\u00f3n equivalente al 25% del PIB, para crecer en 3.4%, pero fundamentalmente en I+D+i, aplicar una pol\u00edtica industrial que reduzca los componentes importados, integrando cadenas de valor con productores nacionales, pero sobre sobre todo una intensa y acelerada transferencia tecnol\u00f3gica y de conocimientos hacia los peque\u00f1os productores del campo orientando los esfuerzos tecnol\u00f3gicos hacia metas de Soberan\u00eda y seguridad alimentaria. De no hacerlo la econom\u00eda y el pa\u00eds estar\u00e1n en alto riesgo. \u00bfno lo cree usted?<\/p>\n","protected":false},"excerpt":{"rendered":"<p>Recientemente se publicaron las cifras del crecimiento del PIB, donde se puede observar que la econom\u00eda est\u00e1 estancada con respecto al a\u00f1o anterior, dado que en el primer trimestre creci\u00f3 1.2%, para caer a menos 0.8% en el segundo y menos 0.4% en el tercer trimestre, por lo tanto no se registra crecimiento. Cabe se\u00f1alar [&hellip;]<\/p>\n","protected":false},"author":1,"featured_media":19215,"comment_status":"open","ping_status":"open","sticky":false,"template":"","format":"standard","meta":{"footnotes":""},"categories":[33],"tags":[],"class_list":["post-19214","post","type-post","status-publish","format-standard","has-post-thumbnail","hentry","category-articulo-otech"],"yoast_head":"<!-- This site is optimized with the Yoast SEO plugin v26.7 - https:\/\/yoast.com\/wordpress\/plugins\/seo\/ -->\n<title>\u00bfEstamos en crisis por la Falta de Crecimiento del PIB? - Observatorio Tecnol\u00f3gico de Hidalgo<\/title>\n<meta name=\"robots\" content=\"index, follow, max-snippet:-1, max-image-preview:large, max-video-preview:-1\" \/>\n<link rel=\"canonical\" href=\"https:\/\/otech.uaeh.edu.mx\/noti\/articulo-otech\/estamos-en-crisis-por-la-falta-de-crecimiento-del-pib\/\" \/>\n<meta property=\"og:locale\" content=\"en_US\" \/>\n<meta property=\"og:type\" content=\"article\" \/>\n<meta property=\"og:title\" content=\"\u00bfEstamos en crisis por la Falta de Crecimiento del PIB? - Observatorio Tecnol\u00f3gico de Hidalgo\" \/>\n<meta property=\"og:description\" content=\"Recientemente se publicaron las cifras del crecimiento del PIB, donde se puede observar que la econom\u00eda est\u00e1 estancada con respecto al a\u00f1o anterior, dado que en el primer trimestre creci\u00f3 1.2%, para caer a menos 0.8% en el segundo y menos 0.4% en el tercer trimestre, por lo tanto no se registra crecimiento. Cabe se\u00f1alar [&hellip;]\" \/>\n<meta property=\"og:url\" content=\"https:\/\/otech.uaeh.edu.mx\/noti\/articulo-otech\/estamos-en-crisis-por-la-falta-de-crecimiento-del-pib\/\" \/>\n<meta property=\"og:site_name\" content=\"Observatorio Tecnol\u00f3gico de Hidalgo\" \/>\n<meta property=\"article:publisher\" content=\"https:\/\/www.facebook.com\/observatoriouaeh\" \/>\n<meta property=\"article:published_time\" content=\"2019-11-04T16:51:18+00:00\" \/>\n<meta property=\"article:modified_time\" content=\"2019-11-04T17:00:44+00:00\" \/>\n<meta property=\"og:image\" content=\"https:\/\/otech.uaeh.edu.mx\/noti\/wp-content\/uploads\/2019\/11\/Notic.1.png\" \/>\n\t<meta property=\"og:image:width\" content=\"600\" \/>\n\t<meta property=\"og:image:height\" content=\"338\" \/>\n\t<meta property=\"og:image:type\" content=\"image\/png\" \/>\n<meta name=\"author\" content=\"admin\" \/>\n<meta name=\"twitter:card\" content=\"summary_large_image\" \/>\n<meta name=\"twitter:creator\" content=\"@OBSERVATORIOEH\" \/>\n<meta name=\"twitter:site\" content=\"@OBSERVATORIOEH\" \/>\n<meta name=\"twitter:label1\" content=\"Written by\" \/>\n\t<meta name=\"twitter:data1\" content=\"admin\" \/>\n\t<meta name=\"twitter:label2\" content=\"Est. reading time\" \/>\n\t<meta name=\"twitter:data2\" content=\"4 minutes\" \/>\n<script type=\"application\/ld+json\" class=\"yoast-schema-graph\">{\"@context\":\"https:\/\/schema.org\",\"@graph\":[{\"@type\":\"Article\",\"@id\":\"https:\/\/otech.uaeh.edu.mx\/noti\/articulo-otech\/estamos-en-crisis-por-la-falta-de-crecimiento-del-pib\/#article\",\"isPartOf\":{\"@id\":\"https:\/\/otech.uaeh.edu.mx\/noti\/articulo-otech\/estamos-en-crisis-por-la-falta-de-crecimiento-del-pib\/\"},\"author\":{\"name\":\"admin\",\"@id\":\"https:\/\/otech.uaeh.edu.mx\/noti\/#\/schema\/person\/95263d004158ffabcd98137e1d0abc1c\"},\"headline\":\"\u00bfEstamos en crisis por la Falta de Crecimiento del PIB?\",\"datePublished\":\"2019-11-04T16:51:18+00:00\",\"dateModified\":\"2019-11-04T17:00:44+00:00\",\"mainEntityOfPage\":{\"@id\":\"https:\/\/otech.uaeh.edu.mx\/noti\/articulo-otech\/estamos-en-crisis-por-la-falta-de-crecimiento-del-pib\/\"},\"wordCount\":711,\"commentCount\":0,\"publisher\":{\"@id\":\"https:\/\/otech.uaeh.edu.mx\/noti\/#organization\"},\"image\":{\"@id\":\"https:\/\/otech.uaeh.edu.mx\/noti\/articulo-otech\/estamos-en-crisis-por-la-falta-de-crecimiento-del-pib\/#primaryimage\"},\"thumbnailUrl\":\"https:\/\/otech.uaeh.edu.mx\/noti\/wp-content\/uploads\/2019\/11\/Notic.1.png\",\"articleSection\":[\"Art\u00edculo OTecH\"],\"inLanguage\":\"en-US\",\"potentialAction\":[{\"@type\":\"CommentAction\",\"name\":\"Comment\",\"target\":[\"https:\/\/otech.uaeh.edu.mx\/noti\/articulo-otech\/estamos-en-crisis-por-la-falta-de-crecimiento-del-pib\/#respond\"]}]},{\"@type\":\"WebPage\",\"@id\":\"https:\/\/otech.uaeh.edu.mx\/noti\/articulo-otech\/estamos-en-crisis-por-la-falta-de-crecimiento-del-pib\/\",\"url\":\"https:\/\/otech.uaeh.edu.mx\/noti\/articulo-otech\/estamos-en-crisis-por-la-falta-de-crecimiento-del-pib\/\",\"name\":\"\u00bfEstamos en crisis por la Falta de Crecimiento del PIB? - Observatorio Tecnol\u00f3gico de Hidalgo\",\"isPartOf\":{\"@id\":\"https:\/\/otech.uaeh.edu.mx\/noti\/#website\"},\"primaryImageOfPage\":{\"@id\":\"https:\/\/otech.uaeh.edu.mx\/noti\/articulo-otech\/estamos-en-crisis-por-la-falta-de-crecimiento-del-pib\/#primaryimage\"},\"image\":{\"@id\":\"https:\/\/otech.uaeh.edu.mx\/noti\/articulo-otech\/estamos-en-crisis-por-la-falta-de-crecimiento-del-pib\/#primaryimage\"},\"thumbnailUrl\":\"https:\/\/otech.uaeh.edu.mx\/noti\/wp-content\/uploads\/2019\/11\/Notic.1.png\",\"datePublished\":\"2019-11-04T16:51:18+00:00\",\"dateModified\":\"2019-11-04T17:00:44+00:00\",\"breadcrumb\":{\"@id\":\"https:\/\/otech.uaeh.edu.mx\/noti\/articulo-otech\/estamos-en-crisis-por-la-falta-de-crecimiento-del-pib\/#breadcrumb\"},\"inLanguage\":\"en-US\",\"potentialAction\":[{\"@type\":\"ReadAction\",\"target\":[\"https:\/\/otech.uaeh.edu.mx\/noti\/articulo-otech\/estamos-en-crisis-por-la-falta-de-crecimiento-del-pib\/\"]}]},{\"@type\":\"ImageObject\",\"inLanguage\":\"en-US\",\"@id\":\"https:\/\/otech.uaeh.edu.mx\/noti\/articulo-otech\/estamos-en-crisis-por-la-falta-de-crecimiento-del-pib\/#primaryimage\",\"url\":\"https:\/\/otech.uaeh.edu.mx\/noti\/wp-content\/uploads\/2019\/11\/Notic.1.png\",\"contentUrl\":\"https:\/\/otech.uaeh.edu.mx\/noti\/wp-content\/uploads\/2019\/11\/Notic.1.png\",\"width\":600,\"height\":338},{\"@type\":\"BreadcrumbList\",\"@id\":\"https:\/\/otech.uaeh.edu.mx\/noti\/articulo-otech\/estamos-en-crisis-por-la-falta-de-crecimiento-del-pib\/#breadcrumb\",\"itemListElement\":[{\"@type\":\"ListItem\",\"position\":1,\"name\":\"Inicio\",\"item\":\"https:\/\/otech.uaeh.edu.mx\/noti\/\"},{\"@type\":\"ListItem\",\"position\":2,\"name\":\"\u00bfEstamos en crisis por la Falta de Crecimiento del PIB?\"}]},{\"@type\":\"WebSite\",\"@id\":\"https:\/\/otech.uaeh.edu.mx\/noti\/#website\",\"url\":\"https:\/\/otech.uaeh.edu.mx\/noti\/\",\"name\":\"Observatorio Tecnol\u00f3gico de Hidalgo\",\"description\":\"\",\"publisher\":{\"@id\":\"https:\/\/otech.uaeh.edu.mx\/noti\/#organization\"},\"potentialAction\":[{\"@type\":\"SearchAction\",\"target\":{\"@type\":\"EntryPoint\",\"urlTemplate\":\"https:\/\/otech.uaeh.edu.mx\/noti\/?s={search_term_string}\"},\"query-input\":{\"@type\":\"PropertyValueSpecification\",\"valueRequired\":true,\"valueName\":\"search_term_string\"}}],\"inLanguage\":\"en-US\"},{\"@type\":\"Organization\",\"@id\":\"https:\/\/otech.uaeh.edu.mx\/noti\/#organization\",\"name\":\"Observatorio Tecnol\u00f3gico de Hidalgo\",\"url\":\"https:\/\/otech.uaeh.edu.mx\/noti\/\",\"logo\":{\"@type\":\"ImageObject\",\"inLanguage\":\"en-US\",\"@id\":\"https:\/\/otech.uaeh.edu.mx\/noti\/#\/schema\/logo\/image\/\",\"url\":\"https:\/\/otech.uaeh.edu.mx\/noti\/wp-content\/uploads\/2025\/11\/Logo-circulo.png\",\"contentUrl\":\"https:\/\/otech.uaeh.edu.mx\/noti\/wp-content\/uploads\/2025\/11\/Logo-circulo.png\",\"width\":250,\"height\":250,\"caption\":\"Observatorio Tecnol\u00f3gico de Hidalgo\"},\"image\":{\"@id\":\"https:\/\/otech.uaeh.edu.mx\/noti\/#\/schema\/logo\/image\/\"},\"sameAs\":[\"https:\/\/www.facebook.com\/observatoriouaeh\",\"https:\/\/x.com\/OBSERVATORIOEH\"]},{\"@type\":\"Person\",\"@id\":\"https:\/\/otech.uaeh.edu.mx\/noti\/#\/schema\/person\/95263d004158ffabcd98137e1d0abc1c\",\"name\":\"admin\",\"image\":{\"@type\":\"ImageObject\",\"inLanguage\":\"en-US\",\"@id\":\"https:\/\/otech.uaeh.edu.mx\/noti\/#\/schema\/person\/image\/\",\"url\":\"https:\/\/secure.gravatar.com\/avatar\/08dd17208ee6a9e87c5a01c0a5f4c96c8ed24bf05e625630929b5b6a7c1ffa5f?s=96&d=mm&r=g\",\"contentUrl\":\"https:\/\/secure.gravatar.com\/avatar\/08dd17208ee6a9e87c5a01c0a5f4c96c8ed24bf05e625630929b5b6a7c1ffa5f?s=96&d=mm&r=g\",\"caption\":\"admin\"},\"url\":\"https:\/\/otech.uaeh.edu.mx\/noti\/author\/admin\/\"}]}<\/script>\n<!-- \/ Yoast SEO plugin. -->","yoast_head_json":{"title":"\u00bfEstamos en crisis por la Falta de Crecimiento del PIB? - Observatorio Tecnol\u00f3gico de Hidalgo","robots":{"index":"index","follow":"follow","max-snippet":"max-snippet:-1","max-image-preview":"max-image-preview:large","max-video-preview":"max-video-preview:-1"},"canonical":"https:\/\/otech.uaeh.edu.mx\/noti\/articulo-otech\/estamos-en-crisis-por-la-falta-de-crecimiento-del-pib\/","og_locale":"en_US","og_type":"article","og_title":"\u00bfEstamos en crisis por la Falta de Crecimiento del PIB? - Observatorio Tecnol\u00f3gico de Hidalgo","og_description":"Recientemente se publicaron las cifras del crecimiento del PIB, donde se puede observar que la econom\u00eda est\u00e1 estancada con respecto al a\u00f1o anterior, dado que en el primer trimestre creci\u00f3 1.2%, para caer a menos 0.8% en el segundo y menos 0.4% en el tercer trimestre, por lo tanto no se registra crecimiento. Cabe se\u00f1alar [&hellip;]","og_url":"https:\/\/otech.uaeh.edu.mx\/noti\/articulo-otech\/estamos-en-crisis-por-la-falta-de-crecimiento-del-pib\/","og_site_name":"Observatorio Tecnol\u00f3gico de Hidalgo","article_publisher":"https:\/\/www.facebook.com\/observatoriouaeh","article_published_time":"2019-11-04T16:51:18+00:00","article_modified_time":"2019-11-04T17:00:44+00:00","og_image":[{"width":600,"height":338,"url":"https:\/\/otech.uaeh.edu.mx\/noti\/wp-content\/uploads\/2019\/11\/Notic.1.png","type":"image\/png"}],"author":"admin","twitter_card":"summary_large_image","twitter_creator":"@OBSERVATORIOEH","twitter_site":"@OBSERVATORIOEH","twitter_misc":{"Written by":"admin","Est. reading time":"4 minutes"},"schema":{"@context":"https:\/\/schema.org","@graph":[{"@type":"Article","@id":"https:\/\/otech.uaeh.edu.mx\/noti\/articulo-otech\/estamos-en-crisis-por-la-falta-de-crecimiento-del-pib\/#article","isPartOf":{"@id":"https:\/\/otech.uaeh.edu.mx\/noti\/articulo-otech\/estamos-en-crisis-por-la-falta-de-crecimiento-del-pib\/"},"author":{"name":"admin","@id":"https:\/\/otech.uaeh.edu.mx\/noti\/#\/schema\/person\/95263d004158ffabcd98137e1d0abc1c"},"headline":"\u00bfEstamos en crisis por la Falta de Crecimiento del PIB?","datePublished":"2019-11-04T16:51:18+00:00","dateModified":"2019-11-04T17:00:44+00:00","mainEntityOfPage":{"@id":"https:\/\/otech.uaeh.edu.mx\/noti\/articulo-otech\/estamos-en-crisis-por-la-falta-de-crecimiento-del-pib\/"},"wordCount":711,"commentCount":0,"publisher":{"@id":"https:\/\/otech.uaeh.edu.mx\/noti\/#organization"},"image":{"@id":"https:\/\/otech.uaeh.edu.mx\/noti\/articulo-otech\/estamos-en-crisis-por-la-falta-de-crecimiento-del-pib\/#primaryimage"},"thumbnailUrl":"https:\/\/otech.uaeh.edu.mx\/noti\/wp-content\/uploads\/2019\/11\/Notic.1.png","articleSection":["Art\u00edculo OTecH"],"inLanguage":"en-US","potentialAction":[{"@type":"CommentAction","name":"Comment","target":["https:\/\/otech.uaeh.edu.mx\/noti\/articulo-otech\/estamos-en-crisis-por-la-falta-de-crecimiento-del-pib\/#respond"]}]},{"@type":"WebPage","@id":"https:\/\/otech.uaeh.edu.mx\/noti\/articulo-otech\/estamos-en-crisis-por-la-falta-de-crecimiento-del-pib\/","url":"https:\/\/otech.uaeh.edu.mx\/noti\/articulo-otech\/estamos-en-crisis-por-la-falta-de-crecimiento-del-pib\/","name":"\u00bfEstamos en crisis por la Falta de Crecimiento del PIB? - Observatorio Tecnol\u00f3gico de Hidalgo","isPartOf":{"@id":"https:\/\/otech.uaeh.edu.mx\/noti\/#website"},"primaryImageOfPage":{"@id":"https:\/\/otech.uaeh.edu.mx\/noti\/articulo-otech\/estamos-en-crisis-por-la-falta-de-crecimiento-del-pib\/#primaryimage"},"image":{"@id":"https:\/\/otech.uaeh.edu.mx\/noti\/articulo-otech\/estamos-en-crisis-por-la-falta-de-crecimiento-del-pib\/#primaryimage"},"thumbnailUrl":"https:\/\/otech.uaeh.edu.mx\/noti\/wp-content\/uploads\/2019\/11\/Notic.1.png","datePublished":"2019-11-04T16:51:18+00:00","dateModified":"2019-11-04T17:00:44+00:00","breadcrumb":{"@id":"https:\/\/otech.uaeh.edu.mx\/noti\/articulo-otech\/estamos-en-crisis-por-la-falta-de-crecimiento-del-pib\/#breadcrumb"},"inLanguage":"en-US","potentialAction":[{"@type":"ReadAction","target":["https:\/\/otech.uaeh.edu.mx\/noti\/articulo-otech\/estamos-en-crisis-por-la-falta-de-crecimiento-del-pib\/"]}]},{"@type":"ImageObject","inLanguage":"en-US","@id":"https:\/\/otech.uaeh.edu.mx\/noti\/articulo-otech\/estamos-en-crisis-por-la-falta-de-crecimiento-del-pib\/#primaryimage","url":"https:\/\/otech.uaeh.edu.mx\/noti\/wp-content\/uploads\/2019\/11\/Notic.1.png","contentUrl":"https:\/\/otech.uaeh.edu.mx\/noti\/wp-content\/uploads\/2019\/11\/Notic.1.png","width":600,"height":338},{"@type":"BreadcrumbList","@id":"https:\/\/otech.uaeh.edu.mx\/noti\/articulo-otech\/estamos-en-crisis-por-la-falta-de-crecimiento-del-pib\/#breadcrumb","itemListElement":[{"@type":"ListItem","position":1,"name":"Inicio","item":"https:\/\/otech.uaeh.edu.mx\/noti\/"},{"@type":"ListItem","position":2,"name":"\u00bfEstamos en crisis por la Falta de Crecimiento del PIB?"}]},{"@type":"WebSite","@id":"https:\/\/otech.uaeh.edu.mx\/noti\/#website","url":"https:\/\/otech.uaeh.edu.mx\/noti\/","name":"Observatorio Tecnol\u00f3gico de Hidalgo","description":"","publisher":{"@id":"https:\/\/otech.uaeh.edu.mx\/noti\/#organization"},"potentialAction":[{"@type":"SearchAction","target":{"@type":"EntryPoint","urlTemplate":"https:\/\/otech.uaeh.edu.mx\/noti\/?s={search_term_string}"},"query-input":{"@type":"PropertyValueSpecification","valueRequired":true,"valueName":"search_term_string"}}],"inLanguage":"en-US"},{"@type":"Organization","@id":"https:\/\/otech.uaeh.edu.mx\/noti\/#organization","name":"Observatorio Tecnol\u00f3gico de Hidalgo","url":"https:\/\/otech.uaeh.edu.mx\/noti\/","logo":{"@type":"ImageObject","inLanguage":"en-US","@id":"https:\/\/otech.uaeh.edu.mx\/noti\/#\/schema\/logo\/image\/","url":"https:\/\/otech.uaeh.edu.mx\/noti\/wp-content\/uploads\/2025\/11\/Logo-circulo.png","contentUrl":"https:\/\/otech.uaeh.edu.mx\/noti\/wp-content\/uploads\/2025\/11\/Logo-circulo.png","width":250,"height":250,"caption":"Observatorio Tecnol\u00f3gico de Hidalgo"},"image":{"@id":"https:\/\/otech.uaeh.edu.mx\/noti\/#\/schema\/logo\/image\/"},"sameAs":["https:\/\/www.facebook.com\/observatoriouaeh","https:\/\/x.com\/OBSERVATORIOEH"]},{"@type":"Person","@id":"https:\/\/otech.uaeh.edu.mx\/noti\/#\/schema\/person\/95263d004158ffabcd98137e1d0abc1c","name":"admin","image":{"@type":"ImageObject","inLanguage":"en-US","@id":"https:\/\/otech.uaeh.edu.mx\/noti\/#\/schema\/person\/image\/","url":"https:\/\/secure.gravatar.com\/avatar\/08dd17208ee6a9e87c5a01c0a5f4c96c8ed24bf05e625630929b5b6a7c1ffa5f?s=96&d=mm&r=g","contentUrl":"https:\/\/secure.gravatar.com\/avatar\/08dd17208ee6a9e87c5a01c0a5f4c96c8ed24bf05e625630929b5b6a7c1ffa5f?s=96&d=mm&r=g","caption":"admin"},"url":"https:\/\/otech.uaeh.edu.mx\/noti\/author\/admin\/"}]}},"_links":{"self":[{"href":"https:\/\/otech.uaeh.edu.mx\/noti\/wp-json\/wp\/v2\/posts\/19214","targetHints":{"allow":["GET"]}}],"collection":[{"href":"https:\/\/otech.uaeh.edu.mx\/noti\/wp-json\/wp\/v2\/posts"}],"about":[{"href":"https:\/\/otech.uaeh.edu.mx\/noti\/wp-json\/wp\/v2\/types\/post"}],"author":[{"embeddable":true,"href":"https:\/\/otech.uaeh.edu.mx\/noti\/wp-json\/wp\/v2\/users\/1"}],"replies":[{"embeddable":true,"href":"https:\/\/otech.uaeh.edu.mx\/noti\/wp-json\/wp\/v2\/comments?post=19214"}],"version-history":[{"count":1,"href":"https:\/\/otech.uaeh.edu.mx\/noti\/wp-json\/wp\/v2\/posts\/19214\/revisions"}],"predecessor-version":[{"id":19216,"href":"https:\/\/otech.uaeh.edu.mx\/noti\/wp-json\/wp\/v2\/posts\/19214\/revisions\/19216"}],"wp:featuredmedia":[{"embeddable":true,"href":"https:\/\/otech.uaeh.edu.mx\/noti\/wp-json\/wp\/v2\/media\/19215"}],"wp:attachment":[{"href":"https:\/\/otech.uaeh.edu.mx\/noti\/wp-json\/wp\/v2\/media?parent=19214"}],"wp:term":[{"taxonomy":"category","embeddable":true,"href":"https:\/\/otech.uaeh.edu.mx\/noti\/wp-json\/wp\/v2\/categories?post=19214"},{"taxonomy":"post_tag","embeddable":true,"href":"https:\/\/otech.uaeh.edu.mx\/noti\/wp-json\/wp\/v2\/tags?post=19214"}],"curies":[{"name":"wp","href":"https:\/\/api.w.org\/{rel}","templated":true}]}}