{"id":19218,"date":"2019-11-11T14:54:05","date_gmt":"2019-11-11T20:54:05","guid":{"rendered":"http:\/\/otech.uaeh.edu.mx\/noti\/?p=19218"},"modified":"2019-11-11T14:54:05","modified_gmt":"2019-11-11T20:54:05","slug":"el-modelo-economico-de-la-la-4at-ante-las-tendencias-y-riesgos-globales","status":"publish","type":"post","link":"https:\/\/otech.uaeh.edu.mx\/noti\/articulo-otech\/el-modelo-economico-de-la-la-4at-ante-las-tendencias-y-riesgos-globales\/","title":{"rendered":"El modelo Econ\u00f3mico de la la 4\u00aaT ante las Tendencias y Riesgos Globales"},"content":{"rendered":"<p style=\"text-align: justify;\">El Presidente L\u00f3pez Obrador, mencion\u00f3 los cuatro motores de la econom\u00eda mexicana: la econom\u00eda popular, los proyectos nacionales, la inversi\u00f3n privada nacional y la inversi\u00f3n extrajera directa (IDE).<!--more--><\/p>\n<p style=\"text-align: justify;\">En cuanto a la econom\u00eda popular el mismo L\u00f3pez obrador expres\u00f3 que se est\u00e1n destinando 300 mil millones de pesos (mmdp) a familias marginadas, 125 mmdp a pensiones, 20 mmdp a 200 mil sembradores, mediante jornales de 5 mil pesos mensuales, de igual forma se han destinado 65 mmdp a 11 millones de becas; y se han colocado 900 mil aprendices en puestos de trabajo.<\/p>\n<p style=\"text-align: justify;\">\u00bfpor qu\u00e9 INEGI no registra las estad\u00edsticas que surgen de los programas de la 4\u00aaT?<\/p>\n<p style=\"text-align: justify;\">El Indicador Mensual de Consumo Privado en el Mercado Interior (IMCPMI) publicado por INEGI, registra un avance del 0.3% en el consumo de bienes y servicios nacionales en agosto del 2019, respecto al mismo mes del a\u00f1o anterior.<\/p>\n<p style=\"text-align: justify;\">Las remesas de m\u00e1s de 38 millones de mexicanos que trabajan en los EU tienen alto impacto en el PIB del pa\u00eds, para este 2019 ascender\u00e1n a 35 mil 460 millones de d\u00f3lares; ingreso que no se obtiene en el comercio exterior dado que a septiembre del 2019 se registra un d\u00e9ficit por 116.2 millones de d\u00f3lares. La paridad del peso est\u00e1 estable y la inflaci\u00f3n baja. Pero en competitividad ca\u00edmos del lugar 61 al 65, entre 2015 y 2019, seg\u00fan el \u00edndice global 4.0 de Davos<\/p>\n<p style=\"text-align: justify;\">Pero, o se logra un crecimiento del PIB en el \u00faltimo trimestre de 2019 y se incrementa en 2020, o caemos en recesi\u00f3n con elevados costos pol\u00edticos. La reactivaci\u00f3n de la econom\u00eda \u00a0con base al modelo econ\u00f3mico de la 4\u00aaT deber\u00e1 tomar en cuenta las tendencias y los riesgos de la econom\u00eda global.<\/p>\n<p style=\"text-align: justify;\">Las tendencias son 5: la primera, consiste en las naciones est\u00e1n digitalizando sus procesos econ\u00f3micos aplicando una econom\u00eda circular para hacerla sustentable, enfocando esfuerzos hacia un financiamiento del desarrollo tecnol\u00f3gico no oneroso, basado en la investigaci\u00f3n aplicada con impacto social.<\/p>\n<p style=\"text-align: justify;\">La segunda es una pol\u00edtica fiscal basada en incentivos p\u00fablicos; la tercera es el desarrollo e integraci\u00f3n de las tecnolog\u00edas disruptivas, transfiri\u00e9ndolas a la poblaci\u00f3n marginada para insertarla a la revoluci\u00f3n 4.0; la cuarta lograr la competitividad como resultado de la intensidad tecnol\u00f3gica y del conocimiento; y la quinta es lograr una econom\u00eda creciente, inclusiva y ambientalmente sostenible.<\/p>\n<p style=\"text-align: justify;\">Seg\u00fan la Encuesta de Percepci\u00f3n de Riesgos Globales (GRPS), los riesgos son:<\/p>\n<p style=\"text-align: justify;\">1) las confrontaciones econ\u00f3micas entre las grandes potencias, la volatilidad de los mercados financieros, la erosi\u00f3n de las normas internacionales, como de los acuerdos internacionales y la desaceleraci\u00f3n gradual de las principales econom\u00edas.<\/p>\n<p style=\"text-align: justify;\">2) El debilitamiento del multi-latelarismo y de las relaciones entre las principales potencias mundiales;<\/p>\n<p style=\"text-align: justify;\">3) La migraci\u00f3n masiva como consecuencia de la desigualdad y causa de intervenciones pol\u00edticas, dan pauta a nuevas crisis entre las diversas naciones, desde Asia, Am\u00e9rica Latina, hasta Europa y los EU, habr\u00e1 que considerar en este rubro las crisis pol\u00edticas de la lucha Latinoamericana contra el neoliberalismo-fascismo.<\/p>\n<p style=\"text-align: justify;\">4) El fracaso de la mitigaci\u00f3n y adaptaci\u00f3n al cambio clim\u00e1tico, el calentamiento y la perdida de la biodiversidad que est\u00e1 impactando a todas las naciones, principalmente a las econom\u00edas emergentes que son las mas vulnerables<\/p>\n<p style=\"text-align: justify;\">Finalmente el desarrollo escalable y disruptivo de la tecnolog\u00eda, ha propiciado rezagos e inestabilidades; por una parte dividiendo a las naciones entre creadoras y usuarias, como M\u00e9xico, siendo \u00e9stas \u00faltimas las naciones tecnol\u00f3gicamente rezagadas, y empobrecidas dada su p\u00e9rdida de productividad, y por ende baja competitividad, limitando su acceso a bienes fundamentales como alimentos y medicamentos, por sus altos precios.<\/p>\n<p style=\"text-align: justify;\">Por otra parte est\u00e1 el riesgo de las noticias falsas, el fraude y el robo de identidad como de datos masivos, impactando tanto a las econom\u00edas desarrolladas como las emergentes.<\/p>\n<p style=\"text-align: justify;\">El gran d\u00e9ficit es una pol\u00edtica de investigaci\u00f3n articulada a la transferencia de conocimientos.<\/p>\n<p style=\"text-align: justify;\">Impulsar el crecimiento, disminuir la desigualdad y la pobreza, es un desaf\u00edo para toda sociedad, la \u00fanica forma de superarlo es a trav\u00e9s de una pol\u00edtica econ\u00f3mica donde el estado tenga la rector\u00eda de la econom\u00eda, de otra forma ser\u00e1 imposible. \u00bfno lo cree usted?<\/p>\n","protected":false},"excerpt":{"rendered":"<p>El Presidente L\u00f3pez Obrador, mencion\u00f3 los cuatro motores de la econom\u00eda mexicana: la econom\u00eda popular, los proyectos nacionales, la inversi\u00f3n privada nacional y la inversi\u00f3n extrajera directa (IDE).<\/p>\n","protected":false},"author":1,"featured_media":19220,"comment_status":"open","ping_status":"open","sticky":false,"template":"","format":"standard","meta":{"footnotes":""},"categories":[33],"tags":[],"class_list":["post-19218","post","type-post","status-publish","format-standard","has-post-thumbnail","hentry","category-articulo-otech"],"yoast_head":"<!-- This site is optimized with the Yoast SEO plugin v26.7 - https:\/\/yoast.com\/wordpress\/plugins\/seo\/ -->\n<title>El modelo Econ\u00f3mico de la la 4\u00aaT ante las Tendencias y Riesgos Globales - Observatorio Tecnol\u00f3gico de Hidalgo<\/title>\n<meta name=\"robots\" content=\"index, follow, max-snippet:-1, max-image-preview:large, max-video-preview:-1\" \/>\n<link rel=\"canonical\" href=\"https:\/\/otech.uaeh.edu.mx\/noti\/articulo-otech\/el-modelo-economico-de-la-la-4at-ante-las-tendencias-y-riesgos-globales\/\" \/>\n<meta property=\"og:locale\" content=\"en_US\" \/>\n<meta property=\"og:type\" content=\"article\" \/>\n<meta property=\"og:title\" content=\"El modelo Econ\u00f3mico de la la 4\u00aaT ante las Tendencias y Riesgos Globales - Observatorio Tecnol\u00f3gico de Hidalgo\" \/>\n<meta property=\"og:description\" content=\"El Presidente L\u00f3pez Obrador, mencion\u00f3 los cuatro motores de la econom\u00eda mexicana: la econom\u00eda popular, los proyectos nacionales, la inversi\u00f3n privada nacional y la inversi\u00f3n extrajera directa (IDE).\" \/>\n<meta property=\"og:url\" content=\"https:\/\/otech.uaeh.edu.mx\/noti\/articulo-otech\/el-modelo-economico-de-la-la-4at-ante-las-tendencias-y-riesgos-globales\/\" \/>\n<meta property=\"og:site_name\" content=\"Observatorio Tecnol\u00f3gico de Hidalgo\" \/>\n<meta property=\"article:publisher\" content=\"https:\/\/www.facebook.com\/observatoriouaeh\" \/>\n<meta property=\"article:published_time\" content=\"2019-11-11T20:54:05+00:00\" \/>\n<meta property=\"og:image\" content=\"https:\/\/otech.uaeh.edu.mx\/noti\/wp-content\/uploads\/2019\/11\/noticia.jpg\" \/>\n\t<meta property=\"og:image:width\" content=\"600\" \/>\n\t<meta property=\"og:image:height\" content=\"376\" \/>\n\t<meta property=\"og:image:type\" content=\"image\/jpeg\" \/>\n<meta name=\"author\" content=\"admin\" \/>\n<meta name=\"twitter:card\" content=\"summary_large_image\" \/>\n<meta name=\"twitter:creator\" content=\"@OBSERVATORIOEH\" \/>\n<meta name=\"twitter:site\" content=\"@OBSERVATORIOEH\" \/>\n<meta name=\"twitter:label1\" content=\"Written by\" \/>\n\t<meta name=\"twitter:data1\" content=\"admin\" \/>\n\t<meta name=\"twitter:label2\" content=\"Est. reading time\" \/>\n\t<meta name=\"twitter:data2\" content=\"4 minutes\" \/>\n<script type=\"application\/ld+json\" class=\"yoast-schema-graph\">{\"@context\":\"https:\/\/schema.org\",\"@graph\":[{\"@type\":\"Article\",\"@id\":\"https:\/\/otech.uaeh.edu.mx\/noti\/articulo-otech\/el-modelo-economico-de-la-la-4at-ante-las-tendencias-y-riesgos-globales\/#article\",\"isPartOf\":{\"@id\":\"https:\/\/otech.uaeh.edu.mx\/noti\/articulo-otech\/el-modelo-economico-de-la-la-4at-ante-las-tendencias-y-riesgos-globales\/\"},\"author\":{\"name\":\"admin\",\"@id\":\"https:\/\/otech.uaeh.edu.mx\/noti\/#\/schema\/person\/95263d004158ffabcd98137e1d0abc1c\"},\"headline\":\"El modelo Econ\u00f3mico de la la 4\u00aaT ante las Tendencias y Riesgos Globales\",\"datePublished\":\"2019-11-11T20:54:05+00:00\",\"mainEntityOfPage\":{\"@id\":\"https:\/\/otech.uaeh.edu.mx\/noti\/articulo-otech\/el-modelo-economico-de-la-la-4at-ante-las-tendencias-y-riesgos-globales\/\"},\"wordCount\":728,\"commentCount\":0,\"publisher\":{\"@id\":\"https:\/\/otech.uaeh.edu.mx\/noti\/#organization\"},\"image\":{\"@id\":\"https:\/\/otech.uaeh.edu.mx\/noti\/articulo-otech\/el-modelo-economico-de-la-la-4at-ante-las-tendencias-y-riesgos-globales\/#primaryimage\"},\"thumbnailUrl\":\"https:\/\/otech.uaeh.edu.mx\/noti\/wp-content\/uploads\/2019\/11\/noticia.jpg\",\"articleSection\":[\"Art\u00edculo OTecH\"],\"inLanguage\":\"en-US\",\"potentialAction\":[{\"@type\":\"CommentAction\",\"name\":\"Comment\",\"target\":[\"https:\/\/otech.uaeh.edu.mx\/noti\/articulo-otech\/el-modelo-economico-de-la-la-4at-ante-las-tendencias-y-riesgos-globales\/#respond\"]}]},{\"@type\":\"WebPage\",\"@id\":\"https:\/\/otech.uaeh.edu.mx\/noti\/articulo-otech\/el-modelo-economico-de-la-la-4at-ante-las-tendencias-y-riesgos-globales\/\",\"url\":\"https:\/\/otech.uaeh.edu.mx\/noti\/articulo-otech\/el-modelo-economico-de-la-la-4at-ante-las-tendencias-y-riesgos-globales\/\",\"name\":\"El modelo Econ\u00f3mico de la la 4\u00aaT ante las Tendencias y Riesgos Globales - Observatorio Tecnol\u00f3gico de Hidalgo\",\"isPartOf\":{\"@id\":\"https:\/\/otech.uaeh.edu.mx\/noti\/#website\"},\"primaryImageOfPage\":{\"@id\":\"https:\/\/otech.uaeh.edu.mx\/noti\/articulo-otech\/el-modelo-economico-de-la-la-4at-ante-las-tendencias-y-riesgos-globales\/#primaryimage\"},\"image\":{\"@id\":\"https:\/\/otech.uaeh.edu.mx\/noti\/articulo-otech\/el-modelo-economico-de-la-la-4at-ante-las-tendencias-y-riesgos-globales\/#primaryimage\"},\"thumbnailUrl\":\"https:\/\/otech.uaeh.edu.mx\/noti\/wp-content\/uploads\/2019\/11\/noticia.jpg\",\"datePublished\":\"2019-11-11T20:54:05+00:00\",\"breadcrumb\":{\"@id\":\"https:\/\/otech.uaeh.edu.mx\/noti\/articulo-otech\/el-modelo-economico-de-la-la-4at-ante-las-tendencias-y-riesgos-globales\/#breadcrumb\"},\"inLanguage\":\"en-US\",\"potentialAction\":[{\"@type\":\"ReadAction\",\"target\":[\"https:\/\/otech.uaeh.edu.mx\/noti\/articulo-otech\/el-modelo-economico-de-la-la-4at-ante-las-tendencias-y-riesgos-globales\/\"]}]},{\"@type\":\"ImageObject\",\"inLanguage\":\"en-US\",\"@id\":\"https:\/\/otech.uaeh.edu.mx\/noti\/articulo-otech\/el-modelo-economico-de-la-la-4at-ante-las-tendencias-y-riesgos-globales\/#primaryimage\",\"url\":\"https:\/\/otech.uaeh.edu.mx\/noti\/wp-content\/uploads\/2019\/11\/noticia.jpg\",\"contentUrl\":\"https:\/\/otech.uaeh.edu.mx\/noti\/wp-content\/uploads\/2019\/11\/noticia.jpg\",\"width\":600,\"height\":376},{\"@type\":\"BreadcrumbList\",\"@id\":\"https:\/\/otech.uaeh.edu.mx\/noti\/articulo-otech\/el-modelo-economico-de-la-la-4at-ante-las-tendencias-y-riesgos-globales\/#breadcrumb\",\"itemListElement\":[{\"@type\":\"ListItem\",\"position\":1,\"name\":\"Inicio\",\"item\":\"https:\/\/otech.uaeh.edu.mx\/noti\/\"},{\"@type\":\"ListItem\",\"position\":2,\"name\":\"El modelo Econ\u00f3mico de la la 4\u00aaT ante las Tendencias y Riesgos Globales\"}]},{\"@type\":\"WebSite\",\"@id\":\"https:\/\/otech.uaeh.edu.mx\/noti\/#website\",\"url\":\"https:\/\/otech.uaeh.edu.mx\/noti\/\",\"name\":\"Observatorio Tecnol\u00f3gico de Hidalgo\",\"description\":\"\",\"publisher\":{\"@id\":\"https:\/\/otech.uaeh.edu.mx\/noti\/#organization\"},\"potentialAction\":[{\"@type\":\"SearchAction\",\"target\":{\"@type\":\"EntryPoint\",\"urlTemplate\":\"https:\/\/otech.uaeh.edu.mx\/noti\/?s={search_term_string}\"},\"query-input\":{\"@type\":\"PropertyValueSpecification\",\"valueRequired\":true,\"valueName\":\"search_term_string\"}}],\"inLanguage\":\"en-US\"},{\"@type\":\"Organization\",\"@id\":\"https:\/\/otech.uaeh.edu.mx\/noti\/#organization\",\"name\":\"Observatorio Tecnol\u00f3gico de Hidalgo\",\"url\":\"https:\/\/otech.uaeh.edu.mx\/noti\/\",\"logo\":{\"@type\":\"ImageObject\",\"inLanguage\":\"en-US\",\"@id\":\"https:\/\/otech.uaeh.edu.mx\/noti\/#\/schema\/logo\/image\/\",\"url\":\"https:\/\/otech.uaeh.edu.mx\/noti\/wp-content\/uploads\/2025\/11\/Logo-circulo.png\",\"contentUrl\":\"https:\/\/otech.uaeh.edu.mx\/noti\/wp-content\/uploads\/2025\/11\/Logo-circulo.png\",\"width\":250,\"height\":250,\"caption\":\"Observatorio Tecnol\u00f3gico de Hidalgo\"},\"image\":{\"@id\":\"https:\/\/otech.uaeh.edu.mx\/noti\/#\/schema\/logo\/image\/\"},\"sameAs\":[\"https:\/\/www.facebook.com\/observatoriouaeh\",\"https:\/\/x.com\/OBSERVATORIOEH\"]},{\"@type\":\"Person\",\"@id\":\"https:\/\/otech.uaeh.edu.mx\/noti\/#\/schema\/person\/95263d004158ffabcd98137e1d0abc1c\",\"name\":\"admin\",\"image\":{\"@type\":\"ImageObject\",\"inLanguage\":\"en-US\",\"@id\":\"https:\/\/otech.uaeh.edu.mx\/noti\/#\/schema\/person\/image\/\",\"url\":\"https:\/\/secure.gravatar.com\/avatar\/08dd17208ee6a9e87c5a01c0a5f4c96c8ed24bf05e625630929b5b6a7c1ffa5f?s=96&d=mm&r=g\",\"contentUrl\":\"https:\/\/secure.gravatar.com\/avatar\/08dd17208ee6a9e87c5a01c0a5f4c96c8ed24bf05e625630929b5b6a7c1ffa5f?s=96&d=mm&r=g\",\"caption\":\"admin\"},\"url\":\"https:\/\/otech.uaeh.edu.mx\/noti\/author\/admin\/\"}]}<\/script>\n<!-- \/ Yoast SEO plugin. -->","yoast_head_json":{"title":"El modelo Econ\u00f3mico de la la 4\u00aaT ante las Tendencias y Riesgos Globales - Observatorio Tecnol\u00f3gico de Hidalgo","robots":{"index":"index","follow":"follow","max-snippet":"max-snippet:-1","max-image-preview":"max-image-preview:large","max-video-preview":"max-video-preview:-1"},"canonical":"https:\/\/otech.uaeh.edu.mx\/noti\/articulo-otech\/el-modelo-economico-de-la-la-4at-ante-las-tendencias-y-riesgos-globales\/","og_locale":"en_US","og_type":"article","og_title":"El modelo Econ\u00f3mico de la la 4\u00aaT ante las Tendencias y Riesgos Globales - Observatorio Tecnol\u00f3gico de Hidalgo","og_description":"El Presidente L\u00f3pez Obrador, mencion\u00f3 los cuatro motores de la econom\u00eda mexicana: la econom\u00eda popular, los proyectos nacionales, la inversi\u00f3n privada nacional y la inversi\u00f3n extrajera directa (IDE).","og_url":"https:\/\/otech.uaeh.edu.mx\/noti\/articulo-otech\/el-modelo-economico-de-la-la-4at-ante-las-tendencias-y-riesgos-globales\/","og_site_name":"Observatorio Tecnol\u00f3gico de Hidalgo","article_publisher":"https:\/\/www.facebook.com\/observatoriouaeh","article_published_time":"2019-11-11T20:54:05+00:00","og_image":[{"width":600,"height":376,"url":"https:\/\/otech.uaeh.edu.mx\/noti\/wp-content\/uploads\/2019\/11\/noticia.jpg","type":"image\/jpeg"}],"author":"admin","twitter_card":"summary_large_image","twitter_creator":"@OBSERVATORIOEH","twitter_site":"@OBSERVATORIOEH","twitter_misc":{"Written by":"admin","Est. reading time":"4 minutes"},"schema":{"@context":"https:\/\/schema.org","@graph":[{"@type":"Article","@id":"https:\/\/otech.uaeh.edu.mx\/noti\/articulo-otech\/el-modelo-economico-de-la-la-4at-ante-las-tendencias-y-riesgos-globales\/#article","isPartOf":{"@id":"https:\/\/otech.uaeh.edu.mx\/noti\/articulo-otech\/el-modelo-economico-de-la-la-4at-ante-las-tendencias-y-riesgos-globales\/"},"author":{"name":"admin","@id":"https:\/\/otech.uaeh.edu.mx\/noti\/#\/schema\/person\/95263d004158ffabcd98137e1d0abc1c"},"headline":"El modelo Econ\u00f3mico de la la 4\u00aaT ante las Tendencias y Riesgos Globales","datePublished":"2019-11-11T20:54:05+00:00","mainEntityOfPage":{"@id":"https:\/\/otech.uaeh.edu.mx\/noti\/articulo-otech\/el-modelo-economico-de-la-la-4at-ante-las-tendencias-y-riesgos-globales\/"},"wordCount":728,"commentCount":0,"publisher":{"@id":"https:\/\/otech.uaeh.edu.mx\/noti\/#organization"},"image":{"@id":"https:\/\/otech.uaeh.edu.mx\/noti\/articulo-otech\/el-modelo-economico-de-la-la-4at-ante-las-tendencias-y-riesgos-globales\/#primaryimage"},"thumbnailUrl":"https:\/\/otech.uaeh.edu.mx\/noti\/wp-content\/uploads\/2019\/11\/noticia.jpg","articleSection":["Art\u00edculo OTecH"],"inLanguage":"en-US","potentialAction":[{"@type":"CommentAction","name":"Comment","target":["https:\/\/otech.uaeh.edu.mx\/noti\/articulo-otech\/el-modelo-economico-de-la-la-4at-ante-las-tendencias-y-riesgos-globales\/#respond"]}]},{"@type":"WebPage","@id":"https:\/\/otech.uaeh.edu.mx\/noti\/articulo-otech\/el-modelo-economico-de-la-la-4at-ante-las-tendencias-y-riesgos-globales\/","url":"https:\/\/otech.uaeh.edu.mx\/noti\/articulo-otech\/el-modelo-economico-de-la-la-4at-ante-las-tendencias-y-riesgos-globales\/","name":"El modelo Econ\u00f3mico de la la 4\u00aaT ante las Tendencias y Riesgos Globales - Observatorio Tecnol\u00f3gico de Hidalgo","isPartOf":{"@id":"https:\/\/otech.uaeh.edu.mx\/noti\/#website"},"primaryImageOfPage":{"@id":"https:\/\/otech.uaeh.edu.mx\/noti\/articulo-otech\/el-modelo-economico-de-la-la-4at-ante-las-tendencias-y-riesgos-globales\/#primaryimage"},"image":{"@id":"https:\/\/otech.uaeh.edu.mx\/noti\/articulo-otech\/el-modelo-economico-de-la-la-4at-ante-las-tendencias-y-riesgos-globales\/#primaryimage"},"thumbnailUrl":"https:\/\/otech.uaeh.edu.mx\/noti\/wp-content\/uploads\/2019\/11\/noticia.jpg","datePublished":"2019-11-11T20:54:05+00:00","breadcrumb":{"@id":"https:\/\/otech.uaeh.edu.mx\/noti\/articulo-otech\/el-modelo-economico-de-la-la-4at-ante-las-tendencias-y-riesgos-globales\/#breadcrumb"},"inLanguage":"en-US","potentialAction":[{"@type":"ReadAction","target":["https:\/\/otech.uaeh.edu.mx\/noti\/articulo-otech\/el-modelo-economico-de-la-la-4at-ante-las-tendencias-y-riesgos-globales\/"]}]},{"@type":"ImageObject","inLanguage":"en-US","@id":"https:\/\/otech.uaeh.edu.mx\/noti\/articulo-otech\/el-modelo-economico-de-la-la-4at-ante-las-tendencias-y-riesgos-globales\/#primaryimage","url":"https:\/\/otech.uaeh.edu.mx\/noti\/wp-content\/uploads\/2019\/11\/noticia.jpg","contentUrl":"https:\/\/otech.uaeh.edu.mx\/noti\/wp-content\/uploads\/2019\/11\/noticia.jpg","width":600,"height":376},{"@type":"BreadcrumbList","@id":"https:\/\/otech.uaeh.edu.mx\/noti\/articulo-otech\/el-modelo-economico-de-la-la-4at-ante-las-tendencias-y-riesgos-globales\/#breadcrumb","itemListElement":[{"@type":"ListItem","position":1,"name":"Inicio","item":"https:\/\/otech.uaeh.edu.mx\/noti\/"},{"@type":"ListItem","position":2,"name":"El modelo Econ\u00f3mico de la la 4\u00aaT ante las Tendencias y Riesgos Globales"}]},{"@type":"WebSite","@id":"https:\/\/otech.uaeh.edu.mx\/noti\/#website","url":"https:\/\/otech.uaeh.edu.mx\/noti\/","name":"Observatorio Tecnol\u00f3gico de Hidalgo","description":"","publisher":{"@id":"https:\/\/otech.uaeh.edu.mx\/noti\/#organization"},"potentialAction":[{"@type":"SearchAction","target":{"@type":"EntryPoint","urlTemplate":"https:\/\/otech.uaeh.edu.mx\/noti\/?s={search_term_string}"},"query-input":{"@type":"PropertyValueSpecification","valueRequired":true,"valueName":"search_term_string"}}],"inLanguage":"en-US"},{"@type":"Organization","@id":"https:\/\/otech.uaeh.edu.mx\/noti\/#organization","name":"Observatorio Tecnol\u00f3gico de Hidalgo","url":"https:\/\/otech.uaeh.edu.mx\/noti\/","logo":{"@type":"ImageObject","inLanguage":"en-US","@id":"https:\/\/otech.uaeh.edu.mx\/noti\/#\/schema\/logo\/image\/","url":"https:\/\/otech.uaeh.edu.mx\/noti\/wp-content\/uploads\/2025\/11\/Logo-circulo.png","contentUrl":"https:\/\/otech.uaeh.edu.mx\/noti\/wp-content\/uploads\/2025\/11\/Logo-circulo.png","width":250,"height":250,"caption":"Observatorio Tecnol\u00f3gico de Hidalgo"},"image":{"@id":"https:\/\/otech.uaeh.edu.mx\/noti\/#\/schema\/logo\/image\/"},"sameAs":["https:\/\/www.facebook.com\/observatoriouaeh","https:\/\/x.com\/OBSERVATORIOEH"]},{"@type":"Person","@id":"https:\/\/otech.uaeh.edu.mx\/noti\/#\/schema\/person\/95263d004158ffabcd98137e1d0abc1c","name":"admin","image":{"@type":"ImageObject","inLanguage":"en-US","@id":"https:\/\/otech.uaeh.edu.mx\/noti\/#\/schema\/person\/image\/","url":"https:\/\/secure.gravatar.com\/avatar\/08dd17208ee6a9e87c5a01c0a5f4c96c8ed24bf05e625630929b5b6a7c1ffa5f?s=96&d=mm&r=g","contentUrl":"https:\/\/secure.gravatar.com\/avatar\/08dd17208ee6a9e87c5a01c0a5f4c96c8ed24bf05e625630929b5b6a7c1ffa5f?s=96&d=mm&r=g","caption":"admin"},"url":"https:\/\/otech.uaeh.edu.mx\/noti\/author\/admin\/"}]}},"_links":{"self":[{"href":"https:\/\/otech.uaeh.edu.mx\/noti\/wp-json\/wp\/v2\/posts\/19218","targetHints":{"allow":["GET"]}}],"collection":[{"href":"https:\/\/otech.uaeh.edu.mx\/noti\/wp-json\/wp\/v2\/posts"}],"about":[{"href":"https:\/\/otech.uaeh.edu.mx\/noti\/wp-json\/wp\/v2\/types\/post"}],"author":[{"embeddable":true,"href":"https:\/\/otech.uaeh.edu.mx\/noti\/wp-json\/wp\/v2\/users\/1"}],"replies":[{"embeddable":true,"href":"https:\/\/otech.uaeh.edu.mx\/noti\/wp-json\/wp\/v2\/comments?post=19218"}],"version-history":[{"count":1,"href":"https:\/\/otech.uaeh.edu.mx\/noti\/wp-json\/wp\/v2\/posts\/19218\/revisions"}],"predecessor-version":[{"id":19221,"href":"https:\/\/otech.uaeh.edu.mx\/noti\/wp-json\/wp\/v2\/posts\/19218\/revisions\/19221"}],"wp:featuredmedia":[{"embeddable":true,"href":"https:\/\/otech.uaeh.edu.mx\/noti\/wp-json\/wp\/v2\/media\/19220"}],"wp:attachment":[{"href":"https:\/\/otech.uaeh.edu.mx\/noti\/wp-json\/wp\/v2\/media?parent=19218"}],"wp:term":[{"taxonomy":"category","embeddable":true,"href":"https:\/\/otech.uaeh.edu.mx\/noti\/wp-json\/wp\/v2\/categories?post=19218"},{"taxonomy":"post_tag","embeddable":true,"href":"https:\/\/otech.uaeh.edu.mx\/noti\/wp-json\/wp\/v2\/tags?post=19218"}],"curies":[{"name":"wp","href":"https:\/\/api.w.org\/{rel}","templated":true}]}}