{"id":19222,"date":"2019-11-18T12:51:45","date_gmt":"2019-11-18T18:51:45","guid":{"rendered":"http:\/\/otech.uaeh.edu.mx\/noti\/?p=19222"},"modified":"2019-11-18T12:51:45","modified_gmt":"2019-11-18T18:51:45","slug":"la-iniciativa-de-ley-de-propiedad-industrial-carece-de-sentido-social","status":"publish","type":"post","link":"https:\/\/otech.uaeh.edu.mx\/noti\/articulo-otech\/la-iniciativa-de-ley-de-propiedad-industrial-carece-de-sentido-social\/","title":{"rendered":"La Iniciativa de  Ley de Propiedad Industrial  Carece de Sentido Social"},"content":{"rendered":"<p style=\"text-align: justify;\">Todas las econom\u00edas de la sociedad global est\u00e1n al borde de una crisis de grandes magnitudes, la complejidad supera a las teor\u00edas econ\u00f3micas cl\u00e1sicas, que no explican y menos solucionan, situaciones como la desigualdad, el empobrecimiento de grandes masas, la cada vez m\u00e1s aguda migraci\u00f3n, la p\u00e9rdida de la biodiversidad y el cambio clim\u00e1tico, propiciando patolog\u00edas sociales como la criminalidad, la violencia extrema, he inestabilidades pol\u00edticas.<!--more--><\/p>\n<p style=\"text-align: justify;\">Explicar las nuevas din\u00e1micas econ\u00f3micas requiere de nuevas categor\u00edas te\u00f3rico-anal\u00edticas, como las de la econom\u00eda circular y del conocimiento e innovaci\u00f3n, donde la practica econ\u00f3mica supere al modelo neoliberal-piramidal, y ponga al ser humano, en lugar del capital, en el centro de la econom\u00eda y de la sociedad, parece ut\u00f3pico, pero no hay otra ruta para la sobrevivencia de la especie humana.<\/p>\n<p style=\"text-align: justify;\">De lo contrario el corporativismo, de las grandes empresas trasnacionales, ser\u00e1 el que determine la conducci\u00f3n de la econom\u00eda, acotando al Estado a mero regulador a favor de ellas, facilitando la depredaci\u00f3n de los recursos naturales sobre todo de las naciones tecnol\u00f3gicamente m\u00e1s rezagadas y por ende m\u00e1s vulnerables, sin acceso a una alimentaci\u00f3n sana y funcional, con urgente necesidad de superar sus limitaciones en educaci\u00f3n, como ruta de superaci\u00f3n personal y social.<\/p>\n<p style=\"text-align: justify;\">\n<p style=\"text-align: justify;\">las nuevas reflexiones cient\u00edficas est\u00e1n dado origen a nuevos modelos, aplicando nuevos conceptos como: paradigmas tecnol\u00f3gicos, aprendizajes tecnol\u00f3gicos, capacidades tecnol\u00f3gicas, sistemas nacionales y regionales de innovaci\u00f3n, ecosistemas empresariales cient\u00edficos y tecnol\u00f3gicos, como la imprescindible e impostergable transferencia tecnol\u00f3gica y de conocimientos, donde la nueva visi\u00f3n de la Propiedad Industrial e Intelectual\u00a0 tiene un papel estrat\u00e9gico.<\/p>\n<p style=\"text-align: justify;\">Los Derechos de Propiedad Industrial e Intelectual registraron una revalorizaci\u00f3n y profunda transformaci\u00f3n a partir de la imposici\u00f3n de los EU en la \u00faltima Ronda de Uruguay del GATT en 1986, identific\u00e1ndose 3 vertientes fundamentales: A) La expansi\u00f3n del conocimiento tecnol\u00f3gico patentable, de 800 mil a 3.3 millones de patentes entre 1990 y 2018; B) El predominio de la jurisprudencia estadounidense inclinada a fortalecer la protecci\u00f3n industrial e intelectual y C) El paso de un modelo de ciencia abierta a un modelo cerrado orientado a la mercantilizaci\u00f3n del conocimiento y de la creatividad resultante de la I+D.<\/p>\n<p style=\"text-align: justify;\">Estos criterios conformaron el paradigma global de la Propiedad Intelectual e Industrial denominado \u201cAcuerdo sobre aspectos de los derechos de Propiedad Intelectual relacionados con el comercio\u201d acuerdo tomado por la Organizaci\u00f3n Mundial del Comercio (OMC) en Marrakech en 1994.<\/p>\n<p style=\"text-align: justify;\">Quien domina la propiedad industrial e intelectual, domina los mercados, y quien domina los mercados, domina el mundo, sometiendo a los pa\u00edses rezagados tecnol\u00f3gicamente.<\/p>\n<p style=\"text-align: justify;\">Seg\u00fan cifras del Instituto Mexicano de Propiedad Industrial (IMPI) en 2018, recibi\u00f3 21 mil 205 solicitudes (incluyendo Patentes, Modelos de utilidad, Dise\u00f1o Industrial y Circuitos integrados) el 82% fueron de extranjeros, solo el 3% fueron de Instituciones de Educaci\u00f3n Superior p\u00fablicas (IES); las concesionadas en ese a\u00f1o fueron en total 11 mil 917, de las cuales el 88% fueron de extranjeros, y solo el 1.9% para las IES. A nivel mundial M\u00e9xico ocupa el lugar 32, 18 y 35 en Patentes, Marcas y Dise\u00f1os industriales. Es Evidencia irrefutable de nuestro rezago tecnol\u00f3gico y de la falta de un sentido social.<\/p>\n<p style=\"text-align: justify;\">El Senador Ernesto P\u00e9rez Astorga present\u00f3 la iniciativa con proyecto de decreto por el que se expide \u201cla Ley de propiedad Industrial\u201d iniciativa con la que se propone abrogar la Ley de Propiedad Industrial del 27 de junio de 1991 y todas sus reformas; son los mismos 7 t\u00edtulos pero con un incremento de art\u00edculos de\u00a0 229 a 384, antes que proponer un esquema que impulse la I+D con impacto social, se concreta a fortalecer las facultades del IMPI, coloc\u00e1ndolo como juez y parte de la propiedad Industrial, digamos como la inquisici\u00f3n en esta materia.<\/p>\n","protected":false},"excerpt":{"rendered":"<p>Todas las econom\u00edas de la sociedad global est\u00e1n al borde de una crisis de grandes magnitudes, la complejidad supera a las teor\u00edas econ\u00f3micas cl\u00e1sicas, que no explican y menos solucionan, situaciones como la desigualdad, el empobrecimiento de grandes masas, la cada vez m\u00e1s aguda migraci\u00f3n, la p\u00e9rdida de la biodiversidad y el cambio clim\u00e1tico, propiciando [&hellip;]<\/p>\n","protected":false},"author":1,"featured_media":19223,"comment_status":"open","ping_status":"open","sticky":false,"template":"","format":"standard","meta":{"footnotes":""},"categories":[33],"tags":[],"class_list":["post-19222","post","type-post","status-publish","format-standard","has-post-thumbnail","hentry","category-articulo-otech"],"yoast_head":"<!-- This site is optimized with the Yoast SEO plugin v26.7 - https:\/\/yoast.com\/wordpress\/plugins\/seo\/ -->\n<title>La Iniciativa de Ley de Propiedad Industrial Carece de Sentido Social - Observatorio Tecnol\u00f3gico de Hidalgo<\/title>\n<meta name=\"robots\" content=\"index, follow, max-snippet:-1, max-image-preview:large, max-video-preview:-1\" \/>\n<link rel=\"canonical\" href=\"https:\/\/otech.uaeh.edu.mx\/noti\/articulo-otech\/la-iniciativa-de-ley-de-propiedad-industrial-carece-de-sentido-social\/\" \/>\n<meta property=\"og:locale\" content=\"en_US\" \/>\n<meta property=\"og:type\" content=\"article\" \/>\n<meta property=\"og:title\" content=\"La Iniciativa de Ley de Propiedad Industrial Carece de Sentido Social - Observatorio Tecnol\u00f3gico de Hidalgo\" \/>\n<meta property=\"og:description\" content=\"Todas las econom\u00edas de la sociedad global est\u00e1n al borde de una crisis de grandes magnitudes, la complejidad supera a las teor\u00edas econ\u00f3micas cl\u00e1sicas, que no explican y menos solucionan, situaciones como la desigualdad, el empobrecimiento de grandes masas, la cada vez m\u00e1s aguda migraci\u00f3n, la p\u00e9rdida de la biodiversidad y el cambio clim\u00e1tico, propiciando [&hellip;]\" \/>\n<meta property=\"og:url\" content=\"https:\/\/otech.uaeh.edu.mx\/noti\/articulo-otech\/la-iniciativa-de-ley-de-propiedad-industrial-carece-de-sentido-social\/\" \/>\n<meta property=\"og:site_name\" content=\"Observatorio Tecnol\u00f3gico de Hidalgo\" \/>\n<meta property=\"article:publisher\" content=\"https:\/\/www.facebook.com\/observatoriouaeh\" \/>\n<meta property=\"article:published_time\" content=\"2019-11-18T18:51:45+00:00\" \/>\n<meta property=\"og:image\" content=\"https:\/\/otech.uaeh.edu.mx\/noti\/wp-content\/uploads\/2019\/11\/Captura-de-pantalla-2019-01-15-a-las-13.12.43.png\" \/>\n\t<meta property=\"og:image:width\" content=\"650\" \/>\n\t<meta property=\"og:image:height\" content=\"367\" \/>\n\t<meta property=\"og:image:type\" content=\"image\/png\" \/>\n<meta name=\"author\" content=\"admin\" \/>\n<meta name=\"twitter:card\" content=\"summary_large_image\" \/>\n<meta name=\"twitter:creator\" content=\"@OBSERVATORIOEH\" \/>\n<meta name=\"twitter:site\" content=\"@OBSERVATORIOEH\" \/>\n<meta name=\"twitter:label1\" content=\"Written by\" \/>\n\t<meta name=\"twitter:data1\" content=\"admin\" \/>\n\t<meta name=\"twitter:label2\" content=\"Est. reading time\" \/>\n\t<meta name=\"twitter:data2\" content=\"3 minutes\" \/>\n<script type=\"application\/ld+json\" class=\"yoast-schema-graph\">{\"@context\":\"https:\/\/schema.org\",\"@graph\":[{\"@type\":\"Article\",\"@id\":\"https:\/\/otech.uaeh.edu.mx\/noti\/articulo-otech\/la-iniciativa-de-ley-de-propiedad-industrial-carece-de-sentido-social\/#article\",\"isPartOf\":{\"@id\":\"https:\/\/otech.uaeh.edu.mx\/noti\/articulo-otech\/la-iniciativa-de-ley-de-propiedad-industrial-carece-de-sentido-social\/\"},\"author\":{\"name\":\"admin\",\"@id\":\"https:\/\/otech.uaeh.edu.mx\/noti\/#\/schema\/person\/95263d004158ffabcd98137e1d0abc1c\"},\"headline\":\"La Iniciativa de Ley de Propiedad Industrial Carece de Sentido Social\",\"datePublished\":\"2019-11-18T18:51:45+00:00\",\"mainEntityOfPage\":{\"@id\":\"https:\/\/otech.uaeh.edu.mx\/noti\/articulo-otech\/la-iniciativa-de-ley-de-propiedad-industrial-carece-de-sentido-social\/\"},\"wordCount\":665,\"commentCount\":0,\"publisher\":{\"@id\":\"https:\/\/otech.uaeh.edu.mx\/noti\/#organization\"},\"image\":{\"@id\":\"https:\/\/otech.uaeh.edu.mx\/noti\/articulo-otech\/la-iniciativa-de-ley-de-propiedad-industrial-carece-de-sentido-social\/#primaryimage\"},\"thumbnailUrl\":\"https:\/\/otech.uaeh.edu.mx\/noti\/wp-content\/uploads\/2019\/11\/Captura-de-pantalla-2019-01-15-a-las-13.12.43.png\",\"articleSection\":[\"Art\u00edculo OTecH\"],\"inLanguage\":\"en-US\",\"potentialAction\":[{\"@type\":\"CommentAction\",\"name\":\"Comment\",\"target\":[\"https:\/\/otech.uaeh.edu.mx\/noti\/articulo-otech\/la-iniciativa-de-ley-de-propiedad-industrial-carece-de-sentido-social\/#respond\"]}]},{\"@type\":\"WebPage\",\"@id\":\"https:\/\/otech.uaeh.edu.mx\/noti\/articulo-otech\/la-iniciativa-de-ley-de-propiedad-industrial-carece-de-sentido-social\/\",\"url\":\"https:\/\/otech.uaeh.edu.mx\/noti\/articulo-otech\/la-iniciativa-de-ley-de-propiedad-industrial-carece-de-sentido-social\/\",\"name\":\"La Iniciativa de Ley de Propiedad Industrial Carece de Sentido Social - Observatorio Tecnol\u00f3gico de Hidalgo\",\"isPartOf\":{\"@id\":\"https:\/\/otech.uaeh.edu.mx\/noti\/#website\"},\"primaryImageOfPage\":{\"@id\":\"https:\/\/otech.uaeh.edu.mx\/noti\/articulo-otech\/la-iniciativa-de-ley-de-propiedad-industrial-carece-de-sentido-social\/#primaryimage\"},\"image\":{\"@id\":\"https:\/\/otech.uaeh.edu.mx\/noti\/articulo-otech\/la-iniciativa-de-ley-de-propiedad-industrial-carece-de-sentido-social\/#primaryimage\"},\"thumbnailUrl\":\"https:\/\/otech.uaeh.edu.mx\/noti\/wp-content\/uploads\/2019\/11\/Captura-de-pantalla-2019-01-15-a-las-13.12.43.png\",\"datePublished\":\"2019-11-18T18:51:45+00:00\",\"breadcrumb\":{\"@id\":\"https:\/\/otech.uaeh.edu.mx\/noti\/articulo-otech\/la-iniciativa-de-ley-de-propiedad-industrial-carece-de-sentido-social\/#breadcrumb\"},\"inLanguage\":\"en-US\",\"potentialAction\":[{\"@type\":\"ReadAction\",\"target\":[\"https:\/\/otech.uaeh.edu.mx\/noti\/articulo-otech\/la-iniciativa-de-ley-de-propiedad-industrial-carece-de-sentido-social\/\"]}]},{\"@type\":\"ImageObject\",\"inLanguage\":\"en-US\",\"@id\":\"https:\/\/otech.uaeh.edu.mx\/noti\/articulo-otech\/la-iniciativa-de-ley-de-propiedad-industrial-carece-de-sentido-social\/#primaryimage\",\"url\":\"https:\/\/otech.uaeh.edu.mx\/noti\/wp-content\/uploads\/2019\/11\/Captura-de-pantalla-2019-01-15-a-las-13.12.43.png\",\"contentUrl\":\"https:\/\/otech.uaeh.edu.mx\/noti\/wp-content\/uploads\/2019\/11\/Captura-de-pantalla-2019-01-15-a-las-13.12.43.png\",\"width\":650,\"height\":367},{\"@type\":\"BreadcrumbList\",\"@id\":\"https:\/\/otech.uaeh.edu.mx\/noti\/articulo-otech\/la-iniciativa-de-ley-de-propiedad-industrial-carece-de-sentido-social\/#breadcrumb\",\"itemListElement\":[{\"@type\":\"ListItem\",\"position\":1,\"name\":\"Inicio\",\"item\":\"https:\/\/otech.uaeh.edu.mx\/noti\/\"},{\"@type\":\"ListItem\",\"position\":2,\"name\":\"La Iniciativa de Ley de Propiedad Industrial Carece de Sentido Social\"}]},{\"@type\":\"WebSite\",\"@id\":\"https:\/\/otech.uaeh.edu.mx\/noti\/#website\",\"url\":\"https:\/\/otech.uaeh.edu.mx\/noti\/\",\"name\":\"Observatorio Tecnol\u00f3gico de Hidalgo\",\"description\":\"\",\"publisher\":{\"@id\":\"https:\/\/otech.uaeh.edu.mx\/noti\/#organization\"},\"potentialAction\":[{\"@type\":\"SearchAction\",\"target\":{\"@type\":\"EntryPoint\",\"urlTemplate\":\"https:\/\/otech.uaeh.edu.mx\/noti\/?s={search_term_string}\"},\"query-input\":{\"@type\":\"PropertyValueSpecification\",\"valueRequired\":true,\"valueName\":\"search_term_string\"}}],\"inLanguage\":\"en-US\"},{\"@type\":\"Organization\",\"@id\":\"https:\/\/otech.uaeh.edu.mx\/noti\/#organization\",\"name\":\"Observatorio Tecnol\u00f3gico de Hidalgo\",\"url\":\"https:\/\/otech.uaeh.edu.mx\/noti\/\",\"logo\":{\"@type\":\"ImageObject\",\"inLanguage\":\"en-US\",\"@id\":\"https:\/\/otech.uaeh.edu.mx\/noti\/#\/schema\/logo\/image\/\",\"url\":\"https:\/\/otech.uaeh.edu.mx\/noti\/wp-content\/uploads\/2025\/11\/Logo-circulo.png\",\"contentUrl\":\"https:\/\/otech.uaeh.edu.mx\/noti\/wp-content\/uploads\/2025\/11\/Logo-circulo.png\",\"width\":250,\"height\":250,\"caption\":\"Observatorio Tecnol\u00f3gico de Hidalgo\"},\"image\":{\"@id\":\"https:\/\/otech.uaeh.edu.mx\/noti\/#\/schema\/logo\/image\/\"},\"sameAs\":[\"https:\/\/www.facebook.com\/observatoriouaeh\",\"https:\/\/x.com\/OBSERVATORIOEH\"]},{\"@type\":\"Person\",\"@id\":\"https:\/\/otech.uaeh.edu.mx\/noti\/#\/schema\/person\/95263d004158ffabcd98137e1d0abc1c\",\"name\":\"admin\",\"image\":{\"@type\":\"ImageObject\",\"inLanguage\":\"en-US\",\"@id\":\"https:\/\/otech.uaeh.edu.mx\/noti\/#\/schema\/person\/image\/\",\"url\":\"https:\/\/secure.gravatar.com\/avatar\/08dd17208ee6a9e87c5a01c0a5f4c96c8ed24bf05e625630929b5b6a7c1ffa5f?s=96&d=mm&r=g\",\"contentUrl\":\"https:\/\/secure.gravatar.com\/avatar\/08dd17208ee6a9e87c5a01c0a5f4c96c8ed24bf05e625630929b5b6a7c1ffa5f?s=96&d=mm&r=g\",\"caption\":\"admin\"},\"url\":\"https:\/\/otech.uaeh.edu.mx\/noti\/author\/admin\/\"}]}<\/script>\n<!-- \/ Yoast SEO plugin. -->","yoast_head_json":{"title":"La Iniciativa de Ley de Propiedad Industrial Carece de Sentido Social - Observatorio Tecnol\u00f3gico de Hidalgo","robots":{"index":"index","follow":"follow","max-snippet":"max-snippet:-1","max-image-preview":"max-image-preview:large","max-video-preview":"max-video-preview:-1"},"canonical":"https:\/\/otech.uaeh.edu.mx\/noti\/articulo-otech\/la-iniciativa-de-ley-de-propiedad-industrial-carece-de-sentido-social\/","og_locale":"en_US","og_type":"article","og_title":"La Iniciativa de Ley de Propiedad Industrial Carece de Sentido Social - Observatorio Tecnol\u00f3gico de Hidalgo","og_description":"Todas las econom\u00edas de la sociedad global est\u00e1n al borde de una crisis de grandes magnitudes, la complejidad supera a las teor\u00edas econ\u00f3micas cl\u00e1sicas, que no explican y menos solucionan, situaciones como la desigualdad, el empobrecimiento de grandes masas, la cada vez m\u00e1s aguda migraci\u00f3n, la p\u00e9rdida de la biodiversidad y el cambio clim\u00e1tico, propiciando [&hellip;]","og_url":"https:\/\/otech.uaeh.edu.mx\/noti\/articulo-otech\/la-iniciativa-de-ley-de-propiedad-industrial-carece-de-sentido-social\/","og_site_name":"Observatorio Tecnol\u00f3gico de Hidalgo","article_publisher":"https:\/\/www.facebook.com\/observatoriouaeh","article_published_time":"2019-11-18T18:51:45+00:00","og_image":[{"width":650,"height":367,"url":"https:\/\/otech.uaeh.edu.mx\/noti\/wp-content\/uploads\/2019\/11\/Captura-de-pantalla-2019-01-15-a-las-13.12.43.png","type":"image\/png"}],"author":"admin","twitter_card":"summary_large_image","twitter_creator":"@OBSERVATORIOEH","twitter_site":"@OBSERVATORIOEH","twitter_misc":{"Written by":"admin","Est. reading time":"3 minutes"},"schema":{"@context":"https:\/\/schema.org","@graph":[{"@type":"Article","@id":"https:\/\/otech.uaeh.edu.mx\/noti\/articulo-otech\/la-iniciativa-de-ley-de-propiedad-industrial-carece-de-sentido-social\/#article","isPartOf":{"@id":"https:\/\/otech.uaeh.edu.mx\/noti\/articulo-otech\/la-iniciativa-de-ley-de-propiedad-industrial-carece-de-sentido-social\/"},"author":{"name":"admin","@id":"https:\/\/otech.uaeh.edu.mx\/noti\/#\/schema\/person\/95263d004158ffabcd98137e1d0abc1c"},"headline":"La Iniciativa de Ley de Propiedad Industrial Carece de Sentido Social","datePublished":"2019-11-18T18:51:45+00:00","mainEntityOfPage":{"@id":"https:\/\/otech.uaeh.edu.mx\/noti\/articulo-otech\/la-iniciativa-de-ley-de-propiedad-industrial-carece-de-sentido-social\/"},"wordCount":665,"commentCount":0,"publisher":{"@id":"https:\/\/otech.uaeh.edu.mx\/noti\/#organization"},"image":{"@id":"https:\/\/otech.uaeh.edu.mx\/noti\/articulo-otech\/la-iniciativa-de-ley-de-propiedad-industrial-carece-de-sentido-social\/#primaryimage"},"thumbnailUrl":"https:\/\/otech.uaeh.edu.mx\/noti\/wp-content\/uploads\/2019\/11\/Captura-de-pantalla-2019-01-15-a-las-13.12.43.png","articleSection":["Art\u00edculo OTecH"],"inLanguage":"en-US","potentialAction":[{"@type":"CommentAction","name":"Comment","target":["https:\/\/otech.uaeh.edu.mx\/noti\/articulo-otech\/la-iniciativa-de-ley-de-propiedad-industrial-carece-de-sentido-social\/#respond"]}]},{"@type":"WebPage","@id":"https:\/\/otech.uaeh.edu.mx\/noti\/articulo-otech\/la-iniciativa-de-ley-de-propiedad-industrial-carece-de-sentido-social\/","url":"https:\/\/otech.uaeh.edu.mx\/noti\/articulo-otech\/la-iniciativa-de-ley-de-propiedad-industrial-carece-de-sentido-social\/","name":"La Iniciativa de Ley de Propiedad Industrial Carece de Sentido Social - Observatorio Tecnol\u00f3gico de Hidalgo","isPartOf":{"@id":"https:\/\/otech.uaeh.edu.mx\/noti\/#website"},"primaryImageOfPage":{"@id":"https:\/\/otech.uaeh.edu.mx\/noti\/articulo-otech\/la-iniciativa-de-ley-de-propiedad-industrial-carece-de-sentido-social\/#primaryimage"},"image":{"@id":"https:\/\/otech.uaeh.edu.mx\/noti\/articulo-otech\/la-iniciativa-de-ley-de-propiedad-industrial-carece-de-sentido-social\/#primaryimage"},"thumbnailUrl":"https:\/\/otech.uaeh.edu.mx\/noti\/wp-content\/uploads\/2019\/11\/Captura-de-pantalla-2019-01-15-a-las-13.12.43.png","datePublished":"2019-11-18T18:51:45+00:00","breadcrumb":{"@id":"https:\/\/otech.uaeh.edu.mx\/noti\/articulo-otech\/la-iniciativa-de-ley-de-propiedad-industrial-carece-de-sentido-social\/#breadcrumb"},"inLanguage":"en-US","potentialAction":[{"@type":"ReadAction","target":["https:\/\/otech.uaeh.edu.mx\/noti\/articulo-otech\/la-iniciativa-de-ley-de-propiedad-industrial-carece-de-sentido-social\/"]}]},{"@type":"ImageObject","inLanguage":"en-US","@id":"https:\/\/otech.uaeh.edu.mx\/noti\/articulo-otech\/la-iniciativa-de-ley-de-propiedad-industrial-carece-de-sentido-social\/#primaryimage","url":"https:\/\/otech.uaeh.edu.mx\/noti\/wp-content\/uploads\/2019\/11\/Captura-de-pantalla-2019-01-15-a-las-13.12.43.png","contentUrl":"https:\/\/otech.uaeh.edu.mx\/noti\/wp-content\/uploads\/2019\/11\/Captura-de-pantalla-2019-01-15-a-las-13.12.43.png","width":650,"height":367},{"@type":"BreadcrumbList","@id":"https:\/\/otech.uaeh.edu.mx\/noti\/articulo-otech\/la-iniciativa-de-ley-de-propiedad-industrial-carece-de-sentido-social\/#breadcrumb","itemListElement":[{"@type":"ListItem","position":1,"name":"Inicio","item":"https:\/\/otech.uaeh.edu.mx\/noti\/"},{"@type":"ListItem","position":2,"name":"La Iniciativa de Ley de Propiedad Industrial Carece de Sentido Social"}]},{"@type":"WebSite","@id":"https:\/\/otech.uaeh.edu.mx\/noti\/#website","url":"https:\/\/otech.uaeh.edu.mx\/noti\/","name":"Observatorio Tecnol\u00f3gico de Hidalgo","description":"","publisher":{"@id":"https:\/\/otech.uaeh.edu.mx\/noti\/#organization"},"potentialAction":[{"@type":"SearchAction","target":{"@type":"EntryPoint","urlTemplate":"https:\/\/otech.uaeh.edu.mx\/noti\/?s={search_term_string}"},"query-input":{"@type":"PropertyValueSpecification","valueRequired":true,"valueName":"search_term_string"}}],"inLanguage":"en-US"},{"@type":"Organization","@id":"https:\/\/otech.uaeh.edu.mx\/noti\/#organization","name":"Observatorio Tecnol\u00f3gico de Hidalgo","url":"https:\/\/otech.uaeh.edu.mx\/noti\/","logo":{"@type":"ImageObject","inLanguage":"en-US","@id":"https:\/\/otech.uaeh.edu.mx\/noti\/#\/schema\/logo\/image\/","url":"https:\/\/otech.uaeh.edu.mx\/noti\/wp-content\/uploads\/2025\/11\/Logo-circulo.png","contentUrl":"https:\/\/otech.uaeh.edu.mx\/noti\/wp-content\/uploads\/2025\/11\/Logo-circulo.png","width":250,"height":250,"caption":"Observatorio Tecnol\u00f3gico de Hidalgo"},"image":{"@id":"https:\/\/otech.uaeh.edu.mx\/noti\/#\/schema\/logo\/image\/"},"sameAs":["https:\/\/www.facebook.com\/observatoriouaeh","https:\/\/x.com\/OBSERVATORIOEH"]},{"@type":"Person","@id":"https:\/\/otech.uaeh.edu.mx\/noti\/#\/schema\/person\/95263d004158ffabcd98137e1d0abc1c","name":"admin","image":{"@type":"ImageObject","inLanguage":"en-US","@id":"https:\/\/otech.uaeh.edu.mx\/noti\/#\/schema\/person\/image\/","url":"https:\/\/secure.gravatar.com\/avatar\/08dd17208ee6a9e87c5a01c0a5f4c96c8ed24bf05e625630929b5b6a7c1ffa5f?s=96&d=mm&r=g","contentUrl":"https:\/\/secure.gravatar.com\/avatar\/08dd17208ee6a9e87c5a01c0a5f4c96c8ed24bf05e625630929b5b6a7c1ffa5f?s=96&d=mm&r=g","caption":"admin"},"url":"https:\/\/otech.uaeh.edu.mx\/noti\/author\/admin\/"}]}},"_links":{"self":[{"href":"https:\/\/otech.uaeh.edu.mx\/noti\/wp-json\/wp\/v2\/posts\/19222","targetHints":{"allow":["GET"]}}],"collection":[{"href":"https:\/\/otech.uaeh.edu.mx\/noti\/wp-json\/wp\/v2\/posts"}],"about":[{"href":"https:\/\/otech.uaeh.edu.mx\/noti\/wp-json\/wp\/v2\/types\/post"}],"author":[{"embeddable":true,"href":"https:\/\/otech.uaeh.edu.mx\/noti\/wp-json\/wp\/v2\/users\/1"}],"replies":[{"embeddable":true,"href":"https:\/\/otech.uaeh.edu.mx\/noti\/wp-json\/wp\/v2\/comments?post=19222"}],"version-history":[{"count":1,"href":"https:\/\/otech.uaeh.edu.mx\/noti\/wp-json\/wp\/v2\/posts\/19222\/revisions"}],"predecessor-version":[{"id":19224,"href":"https:\/\/otech.uaeh.edu.mx\/noti\/wp-json\/wp\/v2\/posts\/19222\/revisions\/19224"}],"wp:featuredmedia":[{"embeddable":true,"href":"https:\/\/otech.uaeh.edu.mx\/noti\/wp-json\/wp\/v2\/media\/19223"}],"wp:attachment":[{"href":"https:\/\/otech.uaeh.edu.mx\/noti\/wp-json\/wp\/v2\/media?parent=19222"}],"wp:term":[{"taxonomy":"category","embeddable":true,"href":"https:\/\/otech.uaeh.edu.mx\/noti\/wp-json\/wp\/v2\/categories?post=19222"},{"taxonomy":"post_tag","embeddable":true,"href":"https:\/\/otech.uaeh.edu.mx\/noti\/wp-json\/wp\/v2\/tags?post=19222"}],"curies":[{"name":"wp","href":"https:\/\/api.w.org\/{rel}","templated":true}]}}