{"id":19234,"date":"2019-11-27T08:51:09","date_gmt":"2019-11-27T14:51:09","guid":{"rendered":"http:\/\/otech.uaeh.edu.mx\/noti\/?p=19234"},"modified":"2019-11-27T08:54:45","modified_gmt":"2019-11-27T14:54:45","slug":"la-guerra-comercial-entre-ee-uu-y-china-la-esperanza-para-la-tecnologia-europea","status":"publish","type":"post","link":"https:\/\/otech.uaeh.edu.mx\/noti\/economia\/la-guerra-comercial-entre-ee-uu-y-china-la-esperanza-para-la-tecnologia-europea\/","title":{"rendered":"La guerra comercial entre EE UU y China, la esperanza para la tecnolog\u00eda europea"},"content":{"rendered":"<p style=\"text-align: justify;\">La Uni\u00f3n Europea<span>\u00a0<\/span>de tomar cartas en el asunto ante la p\u00e9rdida de fuelle del ecosistema innovador europeo ante la pujanza de EE UU y China. El Gobierno comunitario planea lanzar un fondo dotado con 3.500 millones de euros para invertir en las fases tempranas de<span>\u00a0<\/span><em>startups<\/em><span>\u00a0<\/span>en el continente.<!--more--><\/p>\n<div id=\"retina_gpt-INTEXT\" data-google-query-id=\"CO_61KjOiuYCFV4J-QAdvE8AoQ\" style=\"text-align: justify;\">\n<div id=\"google_ads_iframe_7811748\/elpais_finanzas_retina_web\/innovacion\/intext_0__container__\">La apetencia por la inversi\u00f3n tecnol\u00f3gica es menor en Europa que en sus rivales, seg\u00fan asegur\u00f3 a Bloomberg\u00a0Jean-Eric Paquet, director general de Investigaci\u00f3n e Innovaci\u00f3n en una entrevista con la agencia Bloomberg. Esta cautela hace que muchas de las empresas no reciban suficiente financiaci\u00f3n del capital riesgo y, por lo tanto, no sean capaces de superar el llamado Valle de la muerte, desarrollarse y convertirse en gigantes capaces de competir con los grandes nombres del sector. Las empresas tecnol\u00f3gicas europeas apenas suponen el 8% del valor total de las corporaciones tecnol\u00f3gicas de todo el mundo, seg\u00fan los datos del informe\u00a0T<em>he State of European Research<\/em>, elaborado por la firma de capital riesgo Atomico.<\/div>\n<\/div>\n<p style=\"text-align: justify;\">No obstante,<span>\u00a0<\/span>la guerra comercial entre China y EE UU<span>\u00a0<\/span>puede suponer un alivio para la Uni\u00f3n Europea. Algo m\u00e1s de una de cada cinco rondas de financiaci\u00f3n recaudadas en Europa durante el presente ejercicio involucr\u00f3 a un inversor estadounidense o asi\u00e1tico, frente a uno de cada 10 en 2015, seg\u00fan datos tambi\u00e9n de Atomico. Seg\u00fan sus datos (quiz\u00e1s algo interesados, por otra parte), las empresas tecnol\u00f3gicas europeas est\u00e1n preparadas para recaudar un r\u00e9cord de 34.300 millones en 2019, con un alza del 39%. Las cifras europeas, no obstante, est\u00e1n a a\u00f1os luz de las de China o EE UU. Las inversiones en este \u00faltimo pa\u00eds caer\u00e1n este a\u00f1o un 49% desde los 117.800 millones el a\u00f1o pasado.<\/p>\n<p style=\"text-align: justify;\">\u201cEuropa podr\u00eda ser potencialmente el principal beneficiario de las tensiones entre EE UU y China\u201d, asegura Tom Wehmeier, jefe de investigaci\u00f3n de Atomico. Para ello, seg\u00fan Paquet, resulta clave ayudar a las empresas en sus primeras etapas. Sobre todo a las que est\u00e1n centradas en lo que se conoce como<span>\u00a0<\/span><em>deep tech<\/em><span>\u00a0<\/span>(avances tecnol\u00f3gicos y cient\u00edficos con implicaciones empresariales), como manufactura, biotecnolog\u00eda, tecnolog\u00eda para la salud e inteligencia artificial. \u201cLas<span>\u00a0<\/span>inversiones en<span>\u00a0<\/span><em>deep tech<\/em><span>\u00a0<\/span>suponen un fuerte riesgo para los inversores y, en ocasiones, tienen por delante un largo camino hasta la liquidez. Sus bajas valoraciones, sin embargo, abren la puerta a retornos significativos\u201d, aseguran desde Propel(x), un mercado online de inversiones radicado en San Francisco.<\/p>\n<p style=\"text-align: justify;\">Este fondo ampliado se gestionar\u00e1 desde el Consejo Europeo de Innovaci\u00f3n (EIC) por sus siglas en ingl\u00e9s). Este organismo se encuentra en una fase piloto en la actualidad y ver\u00e1 la luz de forma definitiva en 2021 en el marco del pr\u00f3ximo Programa de Investigaci\u00f3n e Innovaci\u00f3n de la UE<span>\u00a0<\/span><em>Horizonte Europa.<\/em><span>\u00a0<\/span>Su grupo asesor estar\u00e1 formado por 22 personas, con dos representantes espa\u00f1olas entre ellas: la economista<span>\u00a0<\/span>Ana Maiques<span>\u00a0<\/span>es la cofundadora y primera ejecutiva de Neuroelectrics y<span>\u00a0<\/span>Laura Gonz\u00e1lez-Stefani, la primera ejecutiva y fundadora de TheVentureCity y ex directiva de Facebook.<\/p>\n<p style=\"text-align: justify;\">Hacerse m\u00e1s fuerte en el sector tecnol\u00f3gico constituye<span>\u00a0<\/span>una tarea estrat\u00e9gica para la Uni\u00f3n Europea.<span>\u00a0<\/span>En un informe interno elaborado durante el verano por la Direcci\u00f3n General de Redes de Comunicaci\u00f3n, Contenido y Tecnolog\u00eda ya puso de manifiesto que Europa est\u00e1 poniendo en riesgo sus \u201cvalores y su influencia estrat\u00e9gica\u201d por culpa de su excesiva dependencia del hardware y software de terceros, sobre todo de EE UU y China.<\/p>\n<p style=\"text-align: justify;\">\u201cLos fundamentos de la sociedad europea y sus valores se ver\u00e1n sometidos a una presi\u00f3n creciente, ya que depender de terceros pa\u00edses significa confiar en sus valores\u201d, asegura el documento. \u201cLa posici\u00f3n e influencia de Europa en los mercados globales se erosionar\u00e1, afectando el liderazgo europeo y poniendo en peligro nuestra soberan\u00eda tecnol\u00f3gica en las principales cadenas de valor estrat\u00e9gicas industriales\u201d.<\/p>\n<p style=\"text-align: justify;\"><strong>Fuente:\u00a0<\/strong><\/p>\n<p style=\"text-align: justify;\"><span>Guillermo Vega, G. V. (2019, 27 noviembre). La guerra comercial entre EE UU y China, la esperanza para la tecnolog\u00eda europea. Recuperado 27 noviembre, 2019, de https:\/\/retina.elpais.com\/retina\/2019\/11\/26\/innovacion\/1574766082_280740.html<\/span><\/p>\n","protected":false},"excerpt":{"rendered":"<p>La Uni\u00f3n Europea\u00a0de tomar cartas en el asunto ante la p\u00e9rdida de fuelle del ecosistema innovador europeo ante la pujanza de EE UU y China. El Gobierno comunitario planea lanzar un fondo dotado con 3.500 millones de euros para invertir en las fases tempranas de\u00a0startups\u00a0en el continente.<\/p>\n","protected":false},"author":1,"featured_media":19235,"comment_status":"open","ping_status":"open","sticky":false,"template":"","format":"standard","meta":{"footnotes":""},"categories":[375],"tags":[],"class_list":["post-19234","post","type-post","status-publish","format-standard","has-post-thumbnail","hentry","category-economia"],"yoast_head":"<!-- This site is optimized with the Yoast SEO plugin v26.7 - https:\/\/yoast.com\/wordpress\/plugins\/seo\/ -->\n<title>La guerra comercial entre EE UU y China, la esperanza para la tecnolog\u00eda europea - Observatorio Tecnol\u00f3gico de Hidalgo<\/title>\n<meta name=\"robots\" content=\"index, follow, max-snippet:-1, max-image-preview:large, max-video-preview:-1\" \/>\n<link rel=\"canonical\" href=\"https:\/\/otech.uaeh.edu.mx\/noti\/economia\/la-guerra-comercial-entre-ee-uu-y-china-la-esperanza-para-la-tecnologia-europea\/\" \/>\n<meta property=\"og:locale\" content=\"en_US\" \/>\n<meta property=\"og:type\" content=\"article\" \/>\n<meta property=\"og:title\" content=\"La guerra comercial entre EE UU y China, la esperanza para la tecnolog\u00eda europea - Observatorio Tecnol\u00f3gico de Hidalgo\" \/>\n<meta property=\"og:description\" content=\"La Uni\u00f3n Europea\u00a0de tomar cartas en el asunto ante la p\u00e9rdida de fuelle del ecosistema innovador europeo ante la pujanza de EE UU y China. El Gobierno comunitario planea lanzar un fondo dotado con 3.500 millones de euros para invertir en las fases tempranas de\u00a0startups\u00a0en el continente.\" \/>\n<meta property=\"og:url\" content=\"https:\/\/otech.uaeh.edu.mx\/noti\/economia\/la-guerra-comercial-entre-ee-uu-y-china-la-esperanza-para-la-tecnologia-europea\/\" \/>\n<meta property=\"og:site_name\" content=\"Observatorio Tecnol\u00f3gico de Hidalgo\" \/>\n<meta property=\"article:publisher\" content=\"https:\/\/www.facebook.com\/observatoriouaeh\" \/>\n<meta property=\"article:published_time\" content=\"2019-11-27T14:51:09+00:00\" \/>\n<meta property=\"article:modified_time\" content=\"2019-11-27T14:54:45+00:00\" \/>\n<meta property=\"og:image\" content=\"https:\/\/otech.uaeh.edu.mx\/noti\/wp-content\/uploads\/2019\/11\/1574766082_280740_1574780240_noticia_normal_recorte1.jpg\" \/>\n\t<meta property=\"og:image:width\" content=\"1960\" \/>\n\t<meta property=\"og:image:height\" content=\"1208\" \/>\n\t<meta property=\"og:image:type\" content=\"image\/jpeg\" \/>\n<meta name=\"author\" content=\"admin\" \/>\n<meta name=\"twitter:card\" content=\"summary_large_image\" \/>\n<meta name=\"twitter:creator\" content=\"@OBSERVATORIOEH\" \/>\n<meta name=\"twitter:site\" content=\"@OBSERVATORIOEH\" \/>\n<meta name=\"twitter:label1\" content=\"Written by\" \/>\n\t<meta name=\"twitter:data1\" content=\"admin\" \/>\n\t<meta name=\"twitter:label2\" content=\"Est. reading time\" \/>\n\t<meta name=\"twitter:data2\" content=\"4 minutes\" \/>\n<script type=\"application\/ld+json\" class=\"yoast-schema-graph\">{\"@context\":\"https:\/\/schema.org\",\"@graph\":[{\"@type\":\"Article\",\"@id\":\"https:\/\/otech.uaeh.edu.mx\/noti\/economia\/la-guerra-comercial-entre-ee-uu-y-china-la-esperanza-para-la-tecnologia-europea\/#article\",\"isPartOf\":{\"@id\":\"https:\/\/otech.uaeh.edu.mx\/noti\/economia\/la-guerra-comercial-entre-ee-uu-y-china-la-esperanza-para-la-tecnologia-europea\/\"},\"author\":{\"name\":\"admin\",\"@id\":\"https:\/\/otech.uaeh.edu.mx\/noti\/#\/schema\/person\/95263d004158ffabcd98137e1d0abc1c\"},\"headline\":\"La guerra comercial entre EE UU y China, la esperanza para la tecnolog\u00eda europea\",\"datePublished\":\"2019-11-27T14:51:09+00:00\",\"dateModified\":\"2019-11-27T14:54:45+00:00\",\"mainEntityOfPage\":{\"@id\":\"https:\/\/otech.uaeh.edu.mx\/noti\/economia\/la-guerra-comercial-entre-ee-uu-y-china-la-esperanza-para-la-tecnologia-europea\/\"},\"wordCount\":715,\"commentCount\":0,\"publisher\":{\"@id\":\"https:\/\/otech.uaeh.edu.mx\/noti\/#organization\"},\"image\":{\"@id\":\"https:\/\/otech.uaeh.edu.mx\/noti\/economia\/la-guerra-comercial-entre-ee-uu-y-china-la-esperanza-para-la-tecnologia-europea\/#primaryimage\"},\"thumbnailUrl\":\"https:\/\/otech.uaeh.edu.mx\/noti\/wp-content\/uploads\/2019\/11\/1574766082_280740_1574780240_noticia_normal_recorte1.jpg\",\"articleSection\":[\"Economia\"],\"inLanguage\":\"en-US\",\"potentialAction\":[{\"@type\":\"CommentAction\",\"name\":\"Comment\",\"target\":[\"https:\/\/otech.uaeh.edu.mx\/noti\/economia\/la-guerra-comercial-entre-ee-uu-y-china-la-esperanza-para-la-tecnologia-europea\/#respond\"]}]},{\"@type\":\"WebPage\",\"@id\":\"https:\/\/otech.uaeh.edu.mx\/noti\/economia\/la-guerra-comercial-entre-ee-uu-y-china-la-esperanza-para-la-tecnologia-europea\/\",\"url\":\"https:\/\/otech.uaeh.edu.mx\/noti\/economia\/la-guerra-comercial-entre-ee-uu-y-china-la-esperanza-para-la-tecnologia-europea\/\",\"name\":\"La guerra comercial entre EE UU y China, la esperanza para la tecnolog\u00eda europea - Observatorio Tecnol\u00f3gico de Hidalgo\",\"isPartOf\":{\"@id\":\"https:\/\/otech.uaeh.edu.mx\/noti\/#website\"},\"primaryImageOfPage\":{\"@id\":\"https:\/\/otech.uaeh.edu.mx\/noti\/economia\/la-guerra-comercial-entre-ee-uu-y-china-la-esperanza-para-la-tecnologia-europea\/#primaryimage\"},\"image\":{\"@id\":\"https:\/\/otech.uaeh.edu.mx\/noti\/economia\/la-guerra-comercial-entre-ee-uu-y-china-la-esperanza-para-la-tecnologia-europea\/#primaryimage\"},\"thumbnailUrl\":\"https:\/\/otech.uaeh.edu.mx\/noti\/wp-content\/uploads\/2019\/11\/1574766082_280740_1574780240_noticia_normal_recorte1.jpg\",\"datePublished\":\"2019-11-27T14:51:09+00:00\",\"dateModified\":\"2019-11-27T14:54:45+00:00\",\"breadcrumb\":{\"@id\":\"https:\/\/otech.uaeh.edu.mx\/noti\/economia\/la-guerra-comercial-entre-ee-uu-y-china-la-esperanza-para-la-tecnologia-europea\/#breadcrumb\"},\"inLanguage\":\"en-US\",\"potentialAction\":[{\"@type\":\"ReadAction\",\"target\":[\"https:\/\/otech.uaeh.edu.mx\/noti\/economia\/la-guerra-comercial-entre-ee-uu-y-china-la-esperanza-para-la-tecnologia-europea\/\"]}]},{\"@type\":\"ImageObject\",\"inLanguage\":\"en-US\",\"@id\":\"https:\/\/otech.uaeh.edu.mx\/noti\/economia\/la-guerra-comercial-entre-ee-uu-y-china-la-esperanza-para-la-tecnologia-europea\/#primaryimage\",\"url\":\"https:\/\/otech.uaeh.edu.mx\/noti\/wp-content\/uploads\/2019\/11\/1574766082_280740_1574780240_noticia_normal_recorte1.jpg\",\"contentUrl\":\"https:\/\/otech.uaeh.edu.mx\/noti\/wp-content\/uploads\/2019\/11\/1574766082_280740_1574780240_noticia_normal_recorte1.jpg\",\"width\":1960,\"height\":1208},{\"@type\":\"BreadcrumbList\",\"@id\":\"https:\/\/otech.uaeh.edu.mx\/noti\/economia\/la-guerra-comercial-entre-ee-uu-y-china-la-esperanza-para-la-tecnologia-europea\/#breadcrumb\",\"itemListElement\":[{\"@type\":\"ListItem\",\"position\":1,\"name\":\"Inicio\",\"item\":\"https:\/\/otech.uaeh.edu.mx\/noti\/\"},{\"@type\":\"ListItem\",\"position\":2,\"name\":\"La guerra comercial entre EE UU y China, la esperanza para la tecnolog\u00eda europea\"}]},{\"@type\":\"WebSite\",\"@id\":\"https:\/\/otech.uaeh.edu.mx\/noti\/#website\",\"url\":\"https:\/\/otech.uaeh.edu.mx\/noti\/\",\"name\":\"Observatorio Tecnol\u00f3gico de Hidalgo\",\"description\":\"\",\"publisher\":{\"@id\":\"https:\/\/otech.uaeh.edu.mx\/noti\/#organization\"},\"potentialAction\":[{\"@type\":\"SearchAction\",\"target\":{\"@type\":\"EntryPoint\",\"urlTemplate\":\"https:\/\/otech.uaeh.edu.mx\/noti\/?s={search_term_string}\"},\"query-input\":{\"@type\":\"PropertyValueSpecification\",\"valueRequired\":true,\"valueName\":\"search_term_string\"}}],\"inLanguage\":\"en-US\"},{\"@type\":\"Organization\",\"@id\":\"https:\/\/otech.uaeh.edu.mx\/noti\/#organization\",\"name\":\"Observatorio Tecnol\u00f3gico de Hidalgo\",\"url\":\"https:\/\/otech.uaeh.edu.mx\/noti\/\",\"logo\":{\"@type\":\"ImageObject\",\"inLanguage\":\"en-US\",\"@id\":\"https:\/\/otech.uaeh.edu.mx\/noti\/#\/schema\/logo\/image\/\",\"url\":\"https:\/\/otech.uaeh.edu.mx\/noti\/wp-content\/uploads\/2025\/11\/Logo-circulo.png\",\"contentUrl\":\"https:\/\/otech.uaeh.edu.mx\/noti\/wp-content\/uploads\/2025\/11\/Logo-circulo.png\",\"width\":250,\"height\":250,\"caption\":\"Observatorio Tecnol\u00f3gico de Hidalgo\"},\"image\":{\"@id\":\"https:\/\/otech.uaeh.edu.mx\/noti\/#\/schema\/logo\/image\/\"},\"sameAs\":[\"https:\/\/www.facebook.com\/observatoriouaeh\",\"https:\/\/x.com\/OBSERVATORIOEH\"]},{\"@type\":\"Person\",\"@id\":\"https:\/\/otech.uaeh.edu.mx\/noti\/#\/schema\/person\/95263d004158ffabcd98137e1d0abc1c\",\"name\":\"admin\",\"image\":{\"@type\":\"ImageObject\",\"inLanguage\":\"en-US\",\"@id\":\"https:\/\/otech.uaeh.edu.mx\/noti\/#\/schema\/person\/image\/\",\"url\":\"https:\/\/secure.gravatar.com\/avatar\/08dd17208ee6a9e87c5a01c0a5f4c96c8ed24bf05e625630929b5b6a7c1ffa5f?s=96&d=mm&r=g\",\"contentUrl\":\"https:\/\/secure.gravatar.com\/avatar\/08dd17208ee6a9e87c5a01c0a5f4c96c8ed24bf05e625630929b5b6a7c1ffa5f?s=96&d=mm&r=g\",\"caption\":\"admin\"},\"url\":\"https:\/\/otech.uaeh.edu.mx\/noti\/author\/admin\/\"}]}<\/script>\n<!-- \/ Yoast SEO plugin. -->","yoast_head_json":{"title":"La guerra comercial entre EE UU y China, la esperanza para la tecnolog\u00eda europea - Observatorio Tecnol\u00f3gico de Hidalgo","robots":{"index":"index","follow":"follow","max-snippet":"max-snippet:-1","max-image-preview":"max-image-preview:large","max-video-preview":"max-video-preview:-1"},"canonical":"https:\/\/otech.uaeh.edu.mx\/noti\/economia\/la-guerra-comercial-entre-ee-uu-y-china-la-esperanza-para-la-tecnologia-europea\/","og_locale":"en_US","og_type":"article","og_title":"La guerra comercial entre EE UU y China, la esperanza para la tecnolog\u00eda europea - Observatorio Tecnol\u00f3gico de Hidalgo","og_description":"La Uni\u00f3n Europea\u00a0de tomar cartas en el asunto ante la p\u00e9rdida de fuelle del ecosistema innovador europeo ante la pujanza de EE UU y China. El Gobierno comunitario planea lanzar un fondo dotado con 3.500 millones de euros para invertir en las fases tempranas de\u00a0startups\u00a0en el continente.","og_url":"https:\/\/otech.uaeh.edu.mx\/noti\/economia\/la-guerra-comercial-entre-ee-uu-y-china-la-esperanza-para-la-tecnologia-europea\/","og_site_name":"Observatorio Tecnol\u00f3gico de Hidalgo","article_publisher":"https:\/\/www.facebook.com\/observatoriouaeh","article_published_time":"2019-11-27T14:51:09+00:00","article_modified_time":"2019-11-27T14:54:45+00:00","og_image":[{"width":1960,"height":1208,"url":"https:\/\/otech.uaeh.edu.mx\/noti\/wp-content\/uploads\/2019\/11\/1574766082_280740_1574780240_noticia_normal_recorte1.jpg","type":"image\/jpeg"}],"author":"admin","twitter_card":"summary_large_image","twitter_creator":"@OBSERVATORIOEH","twitter_site":"@OBSERVATORIOEH","twitter_misc":{"Written by":"admin","Est. reading time":"4 minutes"},"schema":{"@context":"https:\/\/schema.org","@graph":[{"@type":"Article","@id":"https:\/\/otech.uaeh.edu.mx\/noti\/economia\/la-guerra-comercial-entre-ee-uu-y-china-la-esperanza-para-la-tecnologia-europea\/#article","isPartOf":{"@id":"https:\/\/otech.uaeh.edu.mx\/noti\/economia\/la-guerra-comercial-entre-ee-uu-y-china-la-esperanza-para-la-tecnologia-europea\/"},"author":{"name":"admin","@id":"https:\/\/otech.uaeh.edu.mx\/noti\/#\/schema\/person\/95263d004158ffabcd98137e1d0abc1c"},"headline":"La guerra comercial entre EE UU y China, la esperanza para la tecnolog\u00eda europea","datePublished":"2019-11-27T14:51:09+00:00","dateModified":"2019-11-27T14:54:45+00:00","mainEntityOfPage":{"@id":"https:\/\/otech.uaeh.edu.mx\/noti\/economia\/la-guerra-comercial-entre-ee-uu-y-china-la-esperanza-para-la-tecnologia-europea\/"},"wordCount":715,"commentCount":0,"publisher":{"@id":"https:\/\/otech.uaeh.edu.mx\/noti\/#organization"},"image":{"@id":"https:\/\/otech.uaeh.edu.mx\/noti\/economia\/la-guerra-comercial-entre-ee-uu-y-china-la-esperanza-para-la-tecnologia-europea\/#primaryimage"},"thumbnailUrl":"https:\/\/otech.uaeh.edu.mx\/noti\/wp-content\/uploads\/2019\/11\/1574766082_280740_1574780240_noticia_normal_recorte1.jpg","articleSection":["Economia"],"inLanguage":"en-US","potentialAction":[{"@type":"CommentAction","name":"Comment","target":["https:\/\/otech.uaeh.edu.mx\/noti\/economia\/la-guerra-comercial-entre-ee-uu-y-china-la-esperanza-para-la-tecnologia-europea\/#respond"]}]},{"@type":"WebPage","@id":"https:\/\/otech.uaeh.edu.mx\/noti\/economia\/la-guerra-comercial-entre-ee-uu-y-china-la-esperanza-para-la-tecnologia-europea\/","url":"https:\/\/otech.uaeh.edu.mx\/noti\/economia\/la-guerra-comercial-entre-ee-uu-y-china-la-esperanza-para-la-tecnologia-europea\/","name":"La guerra comercial entre EE UU y China, la esperanza para la tecnolog\u00eda europea - Observatorio Tecnol\u00f3gico de Hidalgo","isPartOf":{"@id":"https:\/\/otech.uaeh.edu.mx\/noti\/#website"},"primaryImageOfPage":{"@id":"https:\/\/otech.uaeh.edu.mx\/noti\/economia\/la-guerra-comercial-entre-ee-uu-y-china-la-esperanza-para-la-tecnologia-europea\/#primaryimage"},"image":{"@id":"https:\/\/otech.uaeh.edu.mx\/noti\/economia\/la-guerra-comercial-entre-ee-uu-y-china-la-esperanza-para-la-tecnologia-europea\/#primaryimage"},"thumbnailUrl":"https:\/\/otech.uaeh.edu.mx\/noti\/wp-content\/uploads\/2019\/11\/1574766082_280740_1574780240_noticia_normal_recorte1.jpg","datePublished":"2019-11-27T14:51:09+00:00","dateModified":"2019-11-27T14:54:45+00:00","breadcrumb":{"@id":"https:\/\/otech.uaeh.edu.mx\/noti\/economia\/la-guerra-comercial-entre-ee-uu-y-china-la-esperanza-para-la-tecnologia-europea\/#breadcrumb"},"inLanguage":"en-US","potentialAction":[{"@type":"ReadAction","target":["https:\/\/otech.uaeh.edu.mx\/noti\/economia\/la-guerra-comercial-entre-ee-uu-y-china-la-esperanza-para-la-tecnologia-europea\/"]}]},{"@type":"ImageObject","inLanguage":"en-US","@id":"https:\/\/otech.uaeh.edu.mx\/noti\/economia\/la-guerra-comercial-entre-ee-uu-y-china-la-esperanza-para-la-tecnologia-europea\/#primaryimage","url":"https:\/\/otech.uaeh.edu.mx\/noti\/wp-content\/uploads\/2019\/11\/1574766082_280740_1574780240_noticia_normal_recorte1.jpg","contentUrl":"https:\/\/otech.uaeh.edu.mx\/noti\/wp-content\/uploads\/2019\/11\/1574766082_280740_1574780240_noticia_normal_recorte1.jpg","width":1960,"height":1208},{"@type":"BreadcrumbList","@id":"https:\/\/otech.uaeh.edu.mx\/noti\/economia\/la-guerra-comercial-entre-ee-uu-y-china-la-esperanza-para-la-tecnologia-europea\/#breadcrumb","itemListElement":[{"@type":"ListItem","position":1,"name":"Inicio","item":"https:\/\/otech.uaeh.edu.mx\/noti\/"},{"@type":"ListItem","position":2,"name":"La guerra comercial entre EE UU y China, la esperanza para la tecnolog\u00eda europea"}]},{"@type":"WebSite","@id":"https:\/\/otech.uaeh.edu.mx\/noti\/#website","url":"https:\/\/otech.uaeh.edu.mx\/noti\/","name":"Observatorio Tecnol\u00f3gico de Hidalgo","description":"","publisher":{"@id":"https:\/\/otech.uaeh.edu.mx\/noti\/#organization"},"potentialAction":[{"@type":"SearchAction","target":{"@type":"EntryPoint","urlTemplate":"https:\/\/otech.uaeh.edu.mx\/noti\/?s={search_term_string}"},"query-input":{"@type":"PropertyValueSpecification","valueRequired":true,"valueName":"search_term_string"}}],"inLanguage":"en-US"},{"@type":"Organization","@id":"https:\/\/otech.uaeh.edu.mx\/noti\/#organization","name":"Observatorio Tecnol\u00f3gico de Hidalgo","url":"https:\/\/otech.uaeh.edu.mx\/noti\/","logo":{"@type":"ImageObject","inLanguage":"en-US","@id":"https:\/\/otech.uaeh.edu.mx\/noti\/#\/schema\/logo\/image\/","url":"https:\/\/otech.uaeh.edu.mx\/noti\/wp-content\/uploads\/2025\/11\/Logo-circulo.png","contentUrl":"https:\/\/otech.uaeh.edu.mx\/noti\/wp-content\/uploads\/2025\/11\/Logo-circulo.png","width":250,"height":250,"caption":"Observatorio Tecnol\u00f3gico de Hidalgo"},"image":{"@id":"https:\/\/otech.uaeh.edu.mx\/noti\/#\/schema\/logo\/image\/"},"sameAs":["https:\/\/www.facebook.com\/observatoriouaeh","https:\/\/x.com\/OBSERVATORIOEH"]},{"@type":"Person","@id":"https:\/\/otech.uaeh.edu.mx\/noti\/#\/schema\/person\/95263d004158ffabcd98137e1d0abc1c","name":"admin","image":{"@type":"ImageObject","inLanguage":"en-US","@id":"https:\/\/otech.uaeh.edu.mx\/noti\/#\/schema\/person\/image\/","url":"https:\/\/secure.gravatar.com\/avatar\/08dd17208ee6a9e87c5a01c0a5f4c96c8ed24bf05e625630929b5b6a7c1ffa5f?s=96&d=mm&r=g","contentUrl":"https:\/\/secure.gravatar.com\/avatar\/08dd17208ee6a9e87c5a01c0a5f4c96c8ed24bf05e625630929b5b6a7c1ffa5f?s=96&d=mm&r=g","caption":"admin"},"url":"https:\/\/otech.uaeh.edu.mx\/noti\/author\/admin\/"}]}},"_links":{"self":[{"href":"https:\/\/otech.uaeh.edu.mx\/noti\/wp-json\/wp\/v2\/posts\/19234","targetHints":{"allow":["GET"]}}],"collection":[{"href":"https:\/\/otech.uaeh.edu.mx\/noti\/wp-json\/wp\/v2\/posts"}],"about":[{"href":"https:\/\/otech.uaeh.edu.mx\/noti\/wp-json\/wp\/v2\/types\/post"}],"author":[{"embeddable":true,"href":"https:\/\/otech.uaeh.edu.mx\/noti\/wp-json\/wp\/v2\/users\/1"}],"replies":[{"embeddable":true,"href":"https:\/\/otech.uaeh.edu.mx\/noti\/wp-json\/wp\/v2\/comments?post=19234"}],"version-history":[{"count":1,"href":"https:\/\/otech.uaeh.edu.mx\/noti\/wp-json\/wp\/v2\/posts\/19234\/revisions"}],"predecessor-version":[{"id":19236,"href":"https:\/\/otech.uaeh.edu.mx\/noti\/wp-json\/wp\/v2\/posts\/19234\/revisions\/19236"}],"wp:featuredmedia":[{"embeddable":true,"href":"https:\/\/otech.uaeh.edu.mx\/noti\/wp-json\/wp\/v2\/media\/19235"}],"wp:attachment":[{"href":"https:\/\/otech.uaeh.edu.mx\/noti\/wp-json\/wp\/v2\/media?parent=19234"}],"wp:term":[{"taxonomy":"category","embeddable":true,"href":"https:\/\/otech.uaeh.edu.mx\/noti\/wp-json\/wp\/v2\/categories?post=19234"},{"taxonomy":"post_tag","embeddable":true,"href":"https:\/\/otech.uaeh.edu.mx\/noti\/wp-json\/wp\/v2\/tags?post=19234"}],"curies":[{"name":"wp","href":"https:\/\/api.w.org\/{rel}","templated":true}]}}