{"id":19237,"date":"2019-11-27T09:02:15","date_gmt":"2019-11-27T15:02:15","guid":{"rendered":"http:\/\/otech.uaeh.edu.mx\/noti\/?p=19237"},"modified":"2019-11-27T09:03:11","modified_gmt":"2019-11-27T15:03:11","slug":"de-que-seran-capaces-la-inteligencia-artificial-y-el-machine-learning-en-10-anos-los-mayores-expertos-nos-responden","status":"publish","type":"post","link":"https:\/\/otech.uaeh.edu.mx\/noti\/ia\/de-que-seran-capaces-la-inteligencia-artificial-y-el-machine-learning-en-10-anos-los-mayores-expertos-nos-responden\/","title":{"rendered":"De qu\u00e9 ser\u00e1n capaces la inteligencia artificial y el machine learning en 10 a\u00f1os: los mayores expertos nos responden"},"content":{"rendered":"<p style=\"text-align: justify;\">Parece que el t\u00e9rmino<span>\u00a0<\/span><strong>Inteligencia Artificial no se nos cae de la boca<\/strong><span>\u00a0<\/span>desde hace un par de a\u00f1os, pero lo cierto es que<span>\u00a0<\/span>fue en 1956<span>\u00a0<\/span>cuando un profesor universitario, John McCarthy, lo acu\u00f1\u00f3 en una coferenecia acad\u00e9mica. Aunque las Leyes de Turin y de Asimov son de 1950, habr\u00eda que esperar 6 a\u00f1os para acu\u00f1ar este t\u00e9rmino y referirse a ese conjunto de tecnolog\u00edas con las que se pretende que las m\u00e1quinas sean inteligentes.<!--more--><\/p>\n<p style=\"text-align: justify;\">Desde entonces (han pasado m\u00e1s de 6 d\u00e9cadas), los avances han sido llamativos: ordenadores capaces de ganar a campeones de ajedrez, m\u00e1quinas que aprenden solas, coches que se conducen solos\u2026<\/p>\n<p style=\"text-align: justify;\">Pero, \u00bfqu\u00e9 ser\u00e1 realmente la<span>\u00a0<\/span>Inteligencia Artificial<span>\u00a0<\/span>capaz de hacer dentro de 10 a\u00f1os? \u00bfSeguiremos llamando Inteligencia Artificial a la Inteligencia Artificial? \u00bf<strong>Qu\u00e9 hay de realidad y qu\u00e9 de ciencia ficci\u00f3n<\/strong><span>\u00a0<\/span>o esperanza en lo que se dice sobre estas tecnolog\u00edas?<\/p>\n<p style=\"text-align: justify;\">Hemos<span>\u00a0<\/span><strong>hablado con varios expertos<\/strong><span>\u00a0<\/span>en la materia:<span>\u00a0<\/span>Nuria Oliver<span>\u00a0<\/span>ingeniera en telecomunicaciones y doctora por el Media Lab del Instituto Tecnol\u00f3gico de Massachusetts,<span>\u00a0<\/span>Richard Benjamins, Data &amp; IA Ambassador de Telef\u00f3nica,<span>\u00a0<\/span>Andres Torrubia, ingeniero y CEO de<span>\u00a0<\/span><a href=\"http:\/\/fixr.com\/\">Fixr<\/a><span>\u00a0<\/span>y<span>\u00a0<\/span>Pedro Larra\u00f1aga, Catedr\u00e1tico de Ciencias de la Computaci\u00f3n e Inteligencia Artificial de la Universidad Polit\u00e9cnica de Madrid. Esto es lo que nos han contado.<\/p>\n<h5 style=\"text-align: justify;\">Por qu\u00e9 es dif\u00edcil hacer estos pron\u00f3sticos<\/h5>\n<div class=\"article-asset-summary article-asset-small\" style=\"text-align: justify;\">\n<div class=\"asset-content\">\n<div class=\"article-asset-summary article-asset-small\">\n<div class=\"asset-content\">\n<p class=\"sumario_derecha\">Dentro de 10 a\u00f1os, habr\u00e1 muchas herramientas que permitan acabar con el problema de los sesgos y la discriminaci\u00f3n<\/p>\n<\/div>\n<\/div>\n<\/div>\n<\/div>\n<p style=\"text-align: justify;\">Si hacer predicciones a futuro es dif\u00edcil, hacerlo sobre una tecnolog\u00eda como la Inteligencia Artificial se antoja<span>\u00a0<\/span><strong>complicada incluso para los propios expertos<\/strong><span>\u00a0<\/span>que trabajan en su desarrollo. Para entenderlo un poco mejor, Andr\u00e9s Torrubia explica que todos los avances que estamos viendo a d\u00eda de hoy provienen de la disciplina del deep learning o aprendizaje profundo. Una materia que, hace precisamente 10 a\u00f1os, \u201cno funcionaba a nivel pr\u00e1ctico. Esto nos da una visi\u00f3n de la complejidad de hacer predicciones a futuro, porque si hace 10 a\u00f1os me hubieras hecho esta misma pregunta, te hubiera contestado que estaba atascado\u201d.<\/p>\n<p style=\"text-align: justify;\">Por eso, los expertos que hemos consultado prefieren, como punto de partida, hacer un repaso de lo que se ha conseguido en esta d\u00e9cada para intentar vislumbrar de qu\u00e9 ser\u00e1 capaz en unos a\u00f1os.<\/p>\n<p style=\"text-align: justify;\">Durante este tiempo,<span>\u00a0<\/span><strong>la tecnolog\u00eda ha aprendido a reconocer objetos y caras<\/strong>, a realizar an\u00e1lisis predictivos (que se aplican en anuncios o en medicina) o a generar juegos (tipo<span>\u00a0<\/span><a href=\"https:\/\/www.xataka.com\/especiales\/pokemon-go-un-ano-despues-que-fue-del-primer-gran-exito-de-la-realidad-aumentada\">Pokemon go<\/a>). Todos estos son modelos predictivos, pero tambi\u00e9n hay modelos generativos, los que son capaces de crear algo: escribir, pintar\u2026 O inventar caras de personas, por ejemplo.<\/p>\n<div class=\"article-asset-image article-asset-normal\" style=\"text-align: justify;\">\n<div class=\"asset-content\">\n<div class=\"caption-img \"><img decoding=\"async\" class=\"centro_sinmarco\" data-sf-srcset=\"https:\/\/i.blogs.es\/d6bd3a\/andres-torrubias\/450_1000.jpg 450w, https:\/\/i.blogs.es\/d6bd3a\/andres-torrubias\/650_1200.jpg 681w, https:\/\/i.blogs.es\/d6bd3a\/andres-torrubias\/1024_2000.jpg 1024w, https:\/\/i.blogs.es\/d6bd3a\/andres-torrubias\/1366_2000.jpg 1366w\" data-sf-src=\"https:\/\/i.blogs.es\/d6bd3a\/andres-torrubias\/450_1000.jpg\" alt=\"Andres\" srcset=\"https:\/\/i.blogs.es\/d6bd3a\/andres-torrubias\/450_1000.jpg 450w, https:\/\/i.blogs.es\/d6bd3a\/andres-torrubias\/650_1200.jpg 681w, https:\/\/i.blogs.es\/d6bd3a\/andres-torrubias\/1024_2000.jpg 1024w, https:\/\/i.blogs.es\/d6bd3a\/andres-torrubias\/1366_2000.jpg 1366w\" src=\"https:\/\/i.blogs.es\/d6bd3a\/andres-torrubias\/450_1000.jpg\" \/><span>Andr\u00e9s Torrubia<\/span><\/div>\n<\/div>\n<\/div>\n<h5 style=\"text-align: justify;\">La conducci\u00f3n aut\u00f3noma ser\u00e1 t\u00e9cnicamente viable<\/h5>\n<p style=\"text-align: justify;\">Por eso, y subrayando que es muy dif\u00edcil de saber qu\u00e9 ser\u00e1 capaz de hacer la tecnolog\u00eda en el futuro porque, Nuria Oliver desgrana que si seguimos avanzando en las mismas \u00e1reas de los \u00faltimos 5 a\u00f1os (reconocimiento de patrones en video, texto, im\u00e1genes y audio, es decir, en datos no estructurados), la conducci\u00f3n aut\u00f3noma ser\u00e1 realidad desde el punto de vista t\u00e9cnico. \u201cTendremos las habilidades t\u00e9cnicas para tener una<span>\u00a0<\/span>conducci\u00f3n aut\u00f3noma<span>\u00a0<\/span>segura, aunque<span>\u00a0<\/span><strong>hay otros factores no tecnol\u00f3gicos que determinar\u00e1n si es realidad o no en el mercado<\/strong>\u201d, avanza.<\/p>\n<div class=\"article-asset-summary article-asset-small\" style=\"text-align: justify;\">\n<div class=\"asset-content\">\n<div class=\"article-asset-summary article-asset-small\">\n<div class=\"asset-content\">\n<p class=\"sumario_izquierda\">La personalizaci\u00f3n de la educaci\u00f3n o los tratamientos m\u00e9dicos tambi\u00e9n ser\u00e1n una realidad de aqu\u00ed a unos a\u00f1os<\/p>\n<\/div>\n<\/div>\n<\/div>\n<\/div>\n<p style=\"text-align: justify;\">Richard Benjamins ahonda en el hecho de que, en estos momentos, los coches ya son capaces de reaccionar sobre lo que ven los sensores y lo que han aprendido. \u201cPero<span>\u00a0<\/span><strong>en el futuro podr\u00e1n predecir los comportamientos de otros coches<\/strong>, conducidos por coches y personas\u201d. Un componente que no est\u00e1 presente hoy, pero s\u00ed en el futuro, \u201cimitando lo que hacemos los humanos\u201d-<\/p>\n<p style=\"text-align: justify;\">Cuando se habla de conducci\u00f3n aut\u00f3noma, \u00e9sta se dividen en 5 niveles. Andr\u00e9s Torrubia explica que si el nivel 5 es el de m\u00e1xima autonom\u00eda,<span>\u00a0<\/span><strong>en 10 a\u00f1os muchas ciudades ya estar\u00e1n en el nivel 4<\/strong><span>\u00a0<\/span>(que a\u00fan sigue exigiendo que un humano lleve las manos en el volante). \u201cA nivel 5 no se llegar\u00e1 por cuestiones puramente t\u00e9cnicas\u201d, avanza, salvo en entornos muy cerrados y controlados.<\/p>\n<h5 style=\"text-align: justify;\">Diagn\u00f3sticos, medicina personalizada y mol\u00e9culas bajo el prisma de la IA<\/h5>\n<p style=\"text-align: justify;\">Medicina ser\u00e1, seg\u00fan estos expertos, otra de las \u00e1reas en las que m\u00e1s avances veremos. Aunque hoy en d\u00eda sigue es una de las tem\u00e1ticas de las que m\u00e1s se habla, seg\u00fan Andr\u00e9s Torrubia a\u00fan no est\u00e1 desplegada con todo su potencial, por lo que cuando este se produzca veremos importantes adelantes. \u201cHoy ya est\u00e1 ayudando en el dise\u00f1o de f\u00e1rmacos, pero las mol\u00e9culas tienen que pasar por ensayos cl\u00ednicos.<span>\u00a0<\/span><strong>La IA dise\u00f1ar\u00e1 mol\u00e9culas, pese a que, con raz\u00f3n, sigue siendo un sector muy regulado<\/strong>\u201d.<\/p>\n<p style=\"text-align: justify;\">As\u00ed pues, ser\u00e1 un avance que ir\u00e1 lento \u201cporque se tiene que validar muy bien\u201d. Pero en el dise\u00f1o de tratamientos, en<span>\u00a0<\/span>el diagn\u00f3stico ser\u00e1 cada vez m\u00e1s com\u00fan<span>\u00a0<\/span>que la Inteligencia Artificial se aplique a temas de im\u00e1genes y radiograf\u00edas. Algo en lo que coincide Benjamins. \u201cSeguro ser\u00e1n<span>\u00a0<\/span><strong>diagn\u00f3sticos m\u00e9dicos muy buenos, incluso mejores que los realizados por los propios m\u00e9dicos expertos<\/strong>. Y es algo que ya se hace\u201d. Pero, seg\u00fan su visi\u00f3n, la verdadera aportaci\u00f3n a diez a\u00f1os vista ser\u00e1 que tambi\u00e9n se podr\u00e1 explicar c\u00f3mo se ha llegado a este diagn\u00f3stico. Aunque ahora el Machine Learning y la IA pueden hacer estos diagn\u00f3sticos, es muy dif\u00edcil explicar este diagn\u00f3stico, tanto al profesional como al particular. \u201cEn 10 a\u00f1os s\u00ed que se podr\u00e1 explicar. Tanto a nivel general como en casos concretos\u201d, augura este experto.<\/p>\n<div class=\"article-asset-image article-asset-large\" style=\"text-align: justify;\">\n<div class=\"asset-content\">\n<div class=\"caption-img \"><img decoding=\"async\" class=\"centro_sinmarco\" data-sf-srcset=\"https:\/\/i.blogs.es\/3f2040\/benjamins\/450_1000.jpg 450w, https:\/\/i.blogs.es\/3f2040\/benjamins\/650_1200.jpg 681w, https:\/\/i.blogs.es\/3f2040\/benjamins\/1024_2000.jpg 1024w, https:\/\/i.blogs.es\/3f2040\/benjamins\/1366_2000.jpg 1366w\" data-sf-src=\"https:\/\/i.blogs.es\/3f2040\/benjamins\/450_1000.jpg\" alt=\"Benjamins\" srcset=\"https:\/\/i.blogs.es\/3f2040\/benjamins\/450_1000.jpg 450w, https:\/\/i.blogs.es\/3f2040\/benjamins\/650_1200.jpg 681w, https:\/\/i.blogs.es\/3f2040\/benjamins\/1024_2000.jpg 1024w, https:\/\/i.blogs.es\/3f2040\/benjamins\/1366_2000.jpg 1366w\" src=\"https:\/\/i.blogs.es\/3f2040\/benjamins\/450_1000.jpg\" \/><span>Richard Benjamins<\/span><\/div>\n<\/div>\n<\/div>\n<p style=\"text-align: justify;\">La Inteligencia Artificial tambi\u00e9n ayudar\u00e1 a sugerir tratamientos. Seg\u00fan este experto, en 10 a\u00f1os lo veremos muy desplegado y esto ayudar\u00e1 a la eficacia del m\u00e9dico. \u201c<strong>Ser\u00e1 una herramienta, no sustituye a este profesional<\/strong>\u201d, subraya.<\/p>\n<p style=\"text-align: justify;\">Eso s\u00ed, seg\u00fan Torrubia, no deber\u00edamos dejar a la IA dejar actuar en muchas facetas sin supervisi\u00f3n humana \u201cporque la tecnolog\u00eda tiene limitaciones\u201d.<\/p>\n<p style=\"text-align: justify;\">Nuria Oliver, en este punto, considera que, como en el tema de la conducci\u00f3n, ser\u00e1n otros factores los que determinen si realmente llegaremos a usar tanto la IA en el campo de la salud. \u201cGeneremos muchos datos de nuestra salud, y cada vez m\u00e1s. Todas las pruebas m\u00e9dicas son digitales, secuenciamiento de ADN, informes m\u00e9dicos y radiograf\u00edas. Es una gran fuente de datos no estructurados que son los que la IA puede interpretar y<span>\u00a0<\/span><a href=\"https:\/\/www.xataka.com\/inteligencia-artificial\/algoritmo-creado-google-deepmind-permite-predecir-aparicion-insuficiencia-renal-aguda-2-dias-antelacion\">encontrar patrones<\/a>. En radiolog\u00eda est\u00e1 ya en los primeros resultados. Los algoritmos ya pueden detectar tumores de diferentes tipos con una precisi\u00f3n superior a la de un radi\u00f3logo&#8221;, expone.<\/p>\n<p style=\"text-align: justify;\">Sin embargo, eso no quiere decir que toda la medicina del futuro se base en lo que diga la Inteligencia Artificial. &#8220;No es algo sencillo porque<span>\u00a0<\/span><strong>una \u00fanica prueba m\u00e9dica no tiene la respuesta<\/strong><span>\u00a0<\/span>y tener un diagn\u00f3stico sino que se necesitan varias pruebas, pero los algoritmos nos ayudar\u00e1n a avanzar en este campo\u201d.<\/p>\n<h5 style=\"text-align: justify;\">Lenguaje, escritura y otras comunicaciones<\/h5>\n<p style=\"text-align: justify;\">La IA se desarrollar\u00e1 tanto en los pr\u00f3ximos a\u00f1os que seguramente nos cueste distinguir cu\u00e1ndo nos estamos comunicando con un humano y cu\u00e1ndo con una m\u00e1quina.<\/p>\n<div class=\"article-asset-summary article-asset-small\" style=\"text-align: justify;\">\n<div class=\"asset-content\">\n<div class=\"article-asset-summary article-asset-small\">\n<div class=\"asset-content\">\n<p class=\"sumario_derecha\">Podremos hablar con las m\u00e1quinas como con los humanos, con una fiabilidad del 98%<\/p>\n<\/div>\n<\/div>\n<\/div>\n<\/div>\n<p style=\"text-align: justify;\">Oliver asegura que una de las grandes promesas que se ve son las capacidades de<span>\u00a0<\/span><strong>interactuar con naturalidad a la tecnolog\u00eda<\/strong>. Es decir, hablarle a la tecnolog\u00eda y que nos entienda. \u201cAhora lo empezamos a poder hacer con asistentes y tel\u00e9fonos. Cada vez ir\u00e1 mejorando m\u00e1s, porque hay muchas cosas que no entienden. El progreso en procesamiento del lenguaje natural ser\u00e1 grande\u201d, asegura esta experta.<\/p>\n<p style=\"text-align: justify;\">Para eso, Andr\u00e9s Torrubia explica que la tasa de acierto debe ser superior al 98%. \u201cUn 90% supone que en una de cada 10 palabras falla. Y a la m\u00ednima los asistentes no nos entienden. Pero en 10 a\u00f1os no, la interacci\u00f3n va a ser mucho m\u00e1s natural\u201d, avanza este experto. Tanto que, en lugar de tener que adaptarnos nosotros a ellos ser\u00e1n ellos los que est\u00e9n adaptados a nosotros.<\/p>\n<p style=\"text-align: justify;\">As\u00ed que, como dice Richards,<span>\u00a0<\/span><a href=\"https:\/\/www.xataka.com\/robotica-e-ia\/asi-funciona-google-duplex-el-sistema-que-se-pone-al-telefono-por-ti-y-que-da-un-poquito-de-miedo\">Google Duplex<\/a><span>\u00a0<\/span>estar\u00e1 mucho m\u00e1s extendido sobre m\u00e1s dominios y podr\u00e1n tener un lenguaje natural, tener una conversaci\u00f3n con una m\u00e1quina.<\/p>\n<p style=\"text-align: justify;\">Pero esta interpretaci\u00f3n del lenguaje natural no ser\u00e1 solo oral, sino tambi\u00e9n escrito. Seg\u00fan Torrubia, las m\u00e1quinas del futuro ser\u00e1n capaces de escribir y hacerlo bastante bien. \u201cYa escriben un comentario de texto, pero me atrever\u00eda a decir, siendo muy aventurado, que<span>\u00a0<\/span><strong>escribir\u00e1n historias coherentes y largas<\/strong>\u201d, asegura.<\/p>\n<h5 style=\"text-align: justify;\">La personalizaci\u00f3n de la educaci\u00f3n<\/h5>\n<p style=\"text-align: justify;\">Para Nuria Oliver otra \u00e1rea en la que la IA avanzar\u00e1 mucho en los pr\u00f3ximos 10 a\u00f1os es todo lo que tiene que ver con educaci\u00f3n. \u201cEn China ya est\u00e1n realizando experimentos, utilizando IA para tener educaci\u00f3n personalizada y adaptar los curriculus a cada ni\u00f1o\u201d, explica.<\/p>\n<p style=\"text-align: justify;\">Aunque habr\u00e1 que ver los resultados que estos experimentos ofrecen, Oliver no duda de que<span>\u00a0<\/span><strong>es un \u00e1rea de oportunidad<\/strong>. \u201cNos permite personalizar la educaci\u00f3n y eso ahora mismo no es viable. Sabemos que los ni\u00f1os aprenden con diferentes estilos, ritmos y t\u00e9cnicas y hay un profesor cada 30 alumnos. Es muy dif\u00edcil ofrecer esa personalizaci\u00f3n. Pero con IA s\u00ed se puede, adem\u00e1s para la para<span>\u00a0<\/span><strong>detecci\u00f3n temprana para dificultades como dislexia<\/strong><span>\u00a0<\/span>o discapacidad para que desaparezca este concepto porque se compense con la IA\u201d.<\/p>\n<div class=\"article-asset-image article-asset-large\" style=\"text-align: justify;\">\n<div class=\"asset-content\">\n<div class=\"caption-img \"><img decoding=\"async\" class=\"centro_sinmarco\" data-sf-srcset=\"https:\/\/i.blogs.es\/90d652\/nuria\/450_1000.jpg 450w, https:\/\/i.blogs.es\/90d652\/nuria\/650_1200.jpg 681w, https:\/\/i.blogs.es\/90d652\/nuria\/1024_2000.jpg 1024w, https:\/\/i.blogs.es\/90d652\/nuria\/1366_2000.jpg 1366w\" data-sf-src=\"https:\/\/i.blogs.es\/90d652\/nuria\/450_1000.jpg\" alt=\"Nuria\" srcset=\"https:\/\/i.blogs.es\/90d652\/nuria\/450_1000.jpg 450w, https:\/\/i.blogs.es\/90d652\/nuria\/650_1200.jpg 681w, https:\/\/i.blogs.es\/90d652\/nuria\/1024_2000.jpg 1024w, https:\/\/i.blogs.es\/90d652\/nuria\/1366_2000.jpg 1366w\" src=\"https:\/\/i.blogs.es\/90d652\/nuria\/450_1000.jpg\" \/><span>Nuria Oliver<\/span><\/div>\n<\/div>\n<\/div>\n<h5 style=\"text-align: justify;\">\u00bfSesgos? \u00bfQu\u00e9 sesgos?<\/h5>\n<p style=\"text-align: justify;\">Tanto Torrubia como Richards explican que los sistemas de Inteligencia Artificial se basan en correlaciones, en b\u00fasqueda de patrones. Y \u00e9sa es, precisamente, una de las grandes diferencias con la Inteligencia Humana y lo que acaba provocando algunos problemas, como los<span>\u00a0<\/span>conocidos sesgos. \u201cLas personas diferenciamos correlaciones de causa-efecto, pero las m\u00e1quinas no\u201d, ahonda Torrubia. Por eso los sistemas fallan y tienen sesgos y est\u00e1n mal configurados y refuerzan sesgos negativos. &#8220;Es lo que han visto y no entienden las relaciones causa efecto a d\u00eda de hoy\u201d.<\/p>\n<div class=\"article-asset-summary article-asset-small\" style=\"text-align: justify;\">\n<div class=\"asset-content\">\n<div class=\"article-asset-summary article-asset-small\">\n<div class=\"asset-content\">\n<p class=\"sumario_derecha\">La inteligencia humana sigue siendo m\u00e1s compleja y completa que la artificial, por lo que los expertos no temen un dominio de las m\u00e1quinas<\/p>\n<\/div>\n<\/div>\n<\/div>\n<\/div>\n<p style=\"text-align: justify;\">Por eso, un \u00e1rea activa de investigaci\u00f3n en los avances de IA en datos son las<span>\u00a0<\/span><strong>abordar las limitaciones de los sistemas existentes<\/strong>, como la discriminaci\u00f3n y sesgos. \u201cLa aspiraci\u00f3n es que al usar datos estos algoritmos no sufran los sesgos que tenemos los humanos\u201d, detalla Oliver. \u201cNos damos cuenta de que los datos no son un reflejo objetivo de la realidad, sino que est\u00e1n sesgados. Y<span>\u00a0<\/span><strong>si le ense\u00f1as a un algoritmo esos sesgos, los puede maximizar<\/strong>\u201d, avisa.<\/p>\n<div class=\"article-asset-video article-asset-large\" style=\"text-align: justify;\">\n<div class=\"asset-content\">\n<div class=\"base-asset-video\"><iframe loading=\"lazy\" width=\"1000\" height=\"563\" src=\"https:\/\/www.youtube.com\/embed\/5ShTI2sbN38?enablejsapi=1&amp;origin=https:\/\/www.xataka.com\" allowfullscreen=\"allowfullscreen\" id=\"widget2\" data-mce-fragment=\"1\"><\/iframe><\/div>\n<\/div>\n<\/div>\n<p style=\"text-align: justify;\">Pero, la buena noticia es que, seg\u00fan Benjamins, el tema de la discriminaci\u00f3n y sesgos de datos estar\u00e1 resuelto en 10 a\u00f1os. Habr\u00e1 muchas herramientas que podr\u00e1n detectar los sesgos. \u201c<strong>Ser\u00e1 como una ingenier\u00eda y se podr\u00e1n identificar muy bien y eliminar<\/strong>\u201d, avanza. En su opini\u00f3n, actualmente el problema a veces es que puedes tener un conjunto de datos en los que no est\u00e9 establecido la raza, pero s\u00ed que tenga esos sesgos. \u201cQuiz\u00e1 en 10 a\u00f1os este tema tambi\u00e9n est\u00e9 resuelto\u201d.<\/p>\n<h5 style=\"text-align: justify;\">Dame datos y te dar\u00e9 personalizaci\u00f3n<\/h5>\n<p style=\"text-align: justify;\">Nuria Oliver incide en este punto que toda la IA se basa en datos. Los modelos m\u00e1s prometedores y los comerciales de m\u00e1s \u00e9xito son redes neuronales entrenadas con cantidades ingentes de datos. Para aplicar estas t\u00e9cnicas de IA en nuevas \u00e1reas como medicina y educaci\u00f3n o justicia, lo primero es tener datos. Los algoritmos aprenden a partir de datos que se suponen que refleja de manera objetiva lo que quieres modelar.<\/p>\n<p style=\"text-align: justify;\">\u201cA partir de esos datos, si son suficientes para cada persona, puedes construir un modelo especifico a cada persona. Y adaptarte a esa persona. Ya hay modelos de personalizaci\u00f3n en los sistemas de recomendaci\u00f3n en base a tus propios datos y comportamiento. Es un \u00e1rea inmensa la personalizaci\u00f3n y forma parte de la estrategia core de la mayor\u00eda de las empresas tecnol\u00f3gicas, sobre todo si tienen servicios que interaccionan con las personas.<span>\u00a0<\/span><strong>La clave es como aplicarlas en sectores no puramente digitales<\/strong>\u201d, detalla esta experta.<\/p>\n<p style=\"text-align: justify;\">Pero no son los \u00fanicos campos donde la aplicaci\u00f3n de la IA es un reto. Para Andr\u00e9s Torrubia tambi\u00e9n la implementaci\u00f3n en robots, que hasta ahora no se ha beneficiado mucho de la IA, ser\u00e1 un campo de desarrollo. \u201cHay muchas tareas del d\u00eda a d\u00eda aunque sean menos noticiable\u201d. Un buen ejemplo es Amazon Go, que te reconoce cuando entras y coges el producto. Aunque de momento es un prototipo, Torrubia asegura que el llegar a que la IA pueda saber cu\u00e1nto cobrarte por el peso de un producto concreto es un desaf\u00edo brutal, sobre todo para implementarlo a escala. \u201cPero lo conseguiremos. Como que Zara te permita probarte las cosas virtualmente en tu casa y que te sugiere la ropa en funci\u00f3n de tus gustos y de lo que tienes\u201d, avanza.<\/p>\n<div class=\"article-asset-image article-asset-normal\" style=\"text-align: justify;\">\n<div class=\"asset-content\">\n<div class=\"caption-img \"><img decoding=\"async\" class=\"centro_sinmarco\" data-sf-srcset=\"https:\/\/i.blogs.es\/9a5f9b\/waymo\/450_1000.jpg 450w, https:\/\/i.blogs.es\/9a5f9b\/waymo\/650_1200.jpg 681w, https:\/\/i.blogs.es\/9a5f9b\/waymo\/1024_2000.jpg 1024w, https:\/\/i.blogs.es\/9a5f9b\/waymo\/1366_2000.jpg 1366w\" data-sf-src=\"https:\/\/i.blogs.es\/9a5f9b\/waymo\/450_1000.jpg\" alt=\"Waymo\" srcset=\"https:\/\/i.blogs.es\/9a5f9b\/waymo\/450_1000.jpg 450w, https:\/\/i.blogs.es\/9a5f9b\/waymo\/650_1200.jpg 681w, https:\/\/i.blogs.es\/9a5f9b\/waymo\/1024_2000.jpg 1024w, https:\/\/i.blogs.es\/9a5f9b\/waymo\/1366_2000.jpg 1366w\" src=\"https:\/\/i.blogs.es\/9a5f9b\/waymo\/450_1000.jpg\" \/><span>Waymo, uno de los proyectos de coche aut\u00f3nomo<\/span><\/div>\n<\/div>\n<\/div>\n<p style=\"text-align: justify;\">Adem\u00e1s, este experto tambi\u00e9n conf\u00eda en los resultados que pueden cosechar, de aqu\u00ed a 10 a\u00f1os, algunos de los prototipos de investigaci\u00f3n, como que escriba una novela entera tipo Harry Potter. O algoritmos que inventen una pel\u00edcula entera. \u201cHay temas m\u00e1s dist\u00f3picos como la generaci\u00f3n de fake news que se podr\u00e1 hacer a escala y eso existir\u00e1, tanto en texto como en v\u00eddeo\u201d, aventura.<\/p>\n<h5 style=\"text-align: justify;\">No es lo que haga, es lo que deber\u00eda hacer<\/h5>\n<p style=\"text-align: justify;\">Seg\u00fan Pedro Larra\u00f1aga, todo esto se puede resumir en tres grandes puntos<\/p>\n<ul style=\"text-align: justify;\">\n<li>Crear\u00e1 m\u00e1s trabajos de los que destruya.<\/li>\n<li>Ayudar\u00e1 a los humanos en un buen n\u00famero de trabajos.<\/li>\n<li>Posibilitar\u00e1 un mundo m\u00e1s justo y con m\u00e1s posibilidades para la gente pobre que sea capaz de esforzarse en el estudio deje de serlo y mejore en sus condiciones de vida.<\/li>\n<\/ul>\n<p style=\"text-align: justify;\">Y ese \u00faltimo mel\u00f3n es el que, precisamente, abren tambi\u00e9n algunos de estos expertos con los que hemos hablado. Nuria Oliver asegura que el desarrollo tecnol\u00f3gico es mucho m\u00e1s complejo que los algoritmos. \u201cDebe estar contextualizada en una realidad y con impacto en la sociedad y en la vida de millones de personas.<span>\u00a0<\/span><strong>No se puede desarrollar de manera aislada<\/strong>. Hay un componente humano. No es solo capacidad t\u00e9cnica para ser m\u00e1s eficiente, sino tambi\u00e9n empat\u00eda, garant\u00eda de justicia\u201d.<\/p>\n<div class=\"article-asset-summary article-asset-small\" style=\"text-align: justify;\">\n<div class=\"asset-content\">\n<div class=\"article-asset-summary article-asset-small\">\n<div class=\"asset-content\">\n<p class=\"sumario_izquierda\">Seguir\u00e1 siendo necesario controlar y supervisar a la Inteligencia Artificial<\/p>\n<\/div>\n<\/div>\n<\/div>\n<\/div>\n<p style=\"text-align: justify;\">Es lo que ella denomina<span>\u00a0<\/span><a href=\"http:\/\/www.nuriaoliver.com\/papers\/LIBRO_IA_NuriaOliver_Feb2019.pdf\">FATEN<\/a><span>\u00a0<\/span>(Justicia, Autonom\u00eda, Confianza, Educaci\u00f3n y No Maleficencia, por sus siglas en ingl\u00e9s). \u201cM\u00e1s all\u00e1 de desarrollo de nuevos algoritmos debemos hacerlo en marco FATEN; si no, no ser\u00e1 progreso.<span>\u00a0<\/span><strong>No toda innovaci\u00f3n es progreso<\/strong>. Por eso debemos asegurarnos que no est\u00e1 discriminando, que no va a aumentar la diferencia entre ricos y pobres, o que solo funciona para una raza. Este marco deber\u00eda ser donde hagamos el desarrollo\u201d.<\/p>\n<p style=\"text-align: justify;\">O, como dice el experto de Telef\u00f3nica, debe haber una concienciaci\u00f3n no solo de las oportunidades, sino tambi\u00e9n de los desaf\u00edos, por lo que deber\u00eda haber muchos debates y conversaciones a diferentes niveles. \u201cLa Comisi\u00f3n Europea sobre<span>\u00a0<\/span><a href=\"https:\/\/www.xataka.com\/privacidad\/union-europea-prepara-controles-estrictos-al-uso-reconocimiento-facial-ambitos-como-inteligencia-artificial\">confianza de la IA<\/a>, pero hay m\u00e1s tem\u00e1ticas, responsabilidad, tambi\u00e9n en el plano jur\u00eddico, del trabajo si las m\u00e1quinas van a quitar y c\u00f3mo se sostiene el estado de bienestar. Hay mucho debate. La toma de decisiones aut\u00f3noma en la administraci\u00f3n p\u00fablica afecta a las personas. No estamos preparados para que pase a gran escala.<span>\u00a0<\/span><strong>Necesitamos coger m\u00e1s experiencia y regulaci\u00f3n para poder evitar que pasen cosas que o queremos<\/strong>\u201d.<\/p>\n<p style=\"text-align: justify;\">Adem\u00e1s, considera que hay que trabajar en evitar la concentraci\u00f3n de datos en pocas compa\u00f1\u00edas que tienen mucho dinero. \u201cEl riesgo es que la mejor tecnolog\u00eda est\u00e9 en manos de muy pocos y tengan el poder\u201d, advierte.<\/p>\n<h5 style=\"text-align: justify;\">La IA no tiene superpoderes<\/h5>\n<p style=\"text-align: justify;\">Seguramente la IA tenga mucho potencial de desarrollo, pero hay cosas que no ser\u00e1 capaz de hacer.<\/p>\n<p style=\"text-align: justify;\">\u00bfCu\u00e1les? El catedr\u00e1tico de la Complutense asegura que la respuesta a esto se relaciona con la<span>\u00a0<\/span>paradoja de Moravec<span>\u00a0<\/span>, \u201ces decir por qu\u00e9 la IA hace f\u00e1cil lo dif\u00edcil) (para un humano) y viceversa. Al parecer el esfuerzo necesario para copiar cada habilidad humana es proporcional a la antig\u00fcedad con que \u00e9sta apareci\u00f3 en nuestro \u00e1rbol geneal\u00f3gico. El \u201camor\u201d, la \u201ccreatividad\u201d, la \u201cempat\u00eda\u201d probablemente sean aspectos del ser humano que le van a costar incorporar a un sistema de IA\u201d.<\/p>\n<div class=\"article-asset-image article-asset-normal\" style=\"text-align: justify;\">\n<div class=\"asset-content\"><img decoding=\"async\" class=\"centro_sinmarco\" data-sf-srcset=\"https:\/\/i.blogs.es\/55d926\/radiografia\/450_1000.jpg 450w, https:\/\/i.blogs.es\/55d926\/radiografia\/650_1200.jpg 681w, https:\/\/i.blogs.es\/55d926\/radiografia\/1024_2000.jpg 1024w, https:\/\/i.blogs.es\/55d926\/radiografia\/1366_2000.jpg 1366w\" data-sf-src=\"https:\/\/i.blogs.es\/55d926\/radiografia\/450_1000.jpg\" alt=\"Radiografia\" srcset=\"https:\/\/i.blogs.es\/55d926\/radiografia\/450_1000.jpg 450w, https:\/\/i.blogs.es\/55d926\/radiografia\/650_1200.jpg 681w, https:\/\/i.blogs.es\/55d926\/radiografia\/1024_2000.jpg 1024w, https:\/\/i.blogs.es\/55d926\/radiografia\/1366_2000.jpg 1366w\" src=\"https:\/\/i.blogs.es\/55d926\/radiografia\/450_1000.jpg\" \/><\/div>\n<\/div>\n<p style=\"text-align: justify;\">Para Richard Benjamins, casi todo el \u00e9xito de la IA se basa en aprendizaje autom\u00e1tico supervisado con redes Machine Learning. \u201cPero si ves como aprende un bebe, no sabe nada, observa, interact\u00faa y recibe feedback y 18 meses m\u00e1s tarde ha construido su modelo del mundo en el que cada concepto que conoce se ancla en la realidad.<span>\u00a0<\/span><strong>Aprender as\u00ed no se puede a\u00fan con la IA<\/strong>, pero se dar\u00e1n pasos para que se de. Si se consigue ser\u00eda un gran hito, ser\u00eda cambiar de aprender de manera supervisado con ML a no supervisado. A\u00fan no sabemos c\u00f3mo funciona\u201d.<\/p>\n<div class=\"article-asset-video article-asset-large\" style=\"text-align: justify;\">\n<div class=\"asset-content\">\n<div class=\"base-asset-video\"><iframe loading=\"lazy\" width=\"1000\" height=\"563\" src=\"https:\/\/www.youtube.com\/embed\/HjqHQ0dQalE?enablejsapi=1&amp;origin=https:\/\/www.xataka.com\" allowfullscreen=\"allowfullscreen\" id=\"widget4\" data-mce-fragment=\"1\"><\/iframe><\/div>\n<\/div>\n<\/div>\n<p style=\"text-align: justify;\">Adem\u00e1s, tampoco tendr\u00e1 sentido com\u00fan, como los humanos. \u201cLas m\u00e1quinas no saben reaccionar\u201d, asegura, aunque no descarta que se pueda llegar a producir.<\/p>\n<p style=\"text-align: justify;\">Andr\u00e9s Torrubia tambi\u00e9n asegura que la IA no va a ser como la humana. \u201cNo se va a volver contra nosotros. No tendr\u00e1 autonom\u00eda\u201d, asegura. \u201c<strong>Atribuimos cualidades humanas a todo, incluso decimos que aprenden. Pero no lo hacen como una persona<\/strong>. Hacen ecuaciones y llegan a una conclusi\u00f3n pero eso no es aprender. As\u00ed que no tomar\u00e1n el control\u201d.<\/p>\n<p style=\"text-align: justify;\">Y, sobre el peligro de que robe puestos de trabajo, este experto se\u00f1ala que solemos pensar demasiado en las amenazas de los robots. \u201cSe cree que en el trabajo es m\u00e1s factible que tenga impacto en trabajos poco cualificados, pero no es cierto. Un fontanero no podr\u00e1 ser un robot en 10 a\u00f1os\u201d.<\/p>\n<p style=\"text-align: justify;\">Por su parte, Nuria Oliver tambi\u00e9n subraya que los humanos somos mucho m\u00e1s que reconocimiento de patrones. \u201cTenemos muchos tipos de inteligencia: sentido com\u00fan, capacidad de asociar, crear, conocimiento sem\u00e1ntico del mundo del que carecen los algoritmos.<span>\u00a0<\/span><strong>Reconocen gatos, pero no sabe qu\u00e9 es un gato<\/strong>. Hay muchas \u00e1reas donde la inteligencia humana es muy compleja y multidimensional&#8221;, como en el mencionado sentido com\u00fan y la capacidad de razonamiento. Adem\u00e1s, esta experta se\u00f1ala un punto d\u00e9bil de las m\u00e1quinas: &#8220;tienen la fragilidad de que lo puedes hackear\u201d.<\/p>\n<p style=\"text-align: justify;\">Adem\u00e1s, esta experta recuerda que el reconocimiento de patrones necesitan muchos m\u00e1s ejemplos que un humano para encontrar ese reconocimiento. \u201cNo aprenden incrementalmente y constantemente y sin olvidar lo que ha aprendido. Son sistemas supervisados.<span>\u00a0<\/span><strong>Los humanos somos m\u00e1s eficientes<\/strong><span>\u00a0<\/span>y hay muchas habilidades de un ni\u00f1o de 2 a\u00f1os que son muy complicadas para la IA\u201d.<\/p>\n<h5 style=\"text-align: justify;\">El riesgo de morir de \u00e9xito<\/h5>\n<p style=\"text-align: justify;\">Por \u00faltimo, Andr\u00e9s Torrubia cree que<span>\u00a0<\/span><strong>a la IA le vamos a poner freno como sociedad<\/strong>. \u201cDesgraciadamente hay tanto hype, tanta expectaci\u00f3n, que muchas empresas sacan cosas mal hechas\u201d con el consiguiente riesgo que ello conlleva. Y pone un paralelismo con la web de Renfe \u201cfamosa por lo mal que funciona\u201d. El problema, en su opini\u00f3n, es si trasladamos esa isma sensaci\u00f3n a los primeros sistemas de reconocimiento facial que falle, por ejemplo.<\/p>\n<p style=\"text-align: justify;\">\u201cEs un tema social. Puede ser disruptivo a nivel econ\u00f3mico y socialmente se frene o por malas implementaciones. Es un problema que hay que tratar de manera sensata. No tiene que estar mal ejecutado. As\u00ed que<span>\u00a0<\/span><strong>crucemos dedos para que no haya una web de Renfe en la implementaci\u00f3n de la IA<\/strong>\u201d.<\/p>\n<p style=\"text-align: justify;\"><strong>Fuente:\u00a0<\/strong><\/p>\n<p style=\"text-align: justify;\"><em>Arantxa Herranz, A. H. (2019, 27 noviembre). De qu\u00e9 ser\u00e1n capaces la inteligencia artificial y el machine learning en 10 a\u00f1os: los mayores expertos nos&#8230;. Recuperado 27 noviembre, 2019, de https:\/\/www.xataka.com\/robotica-e-ia\/que-seran-capaces-inteligencia-artificial-machine-learning-10-anos-mayores-expertos-nos-responden<\/em><\/p>\n","protected":false},"excerpt":{"rendered":"<p>Parece que el t\u00e9rmino\u00a0Inteligencia Artificial no se nos cae de la boca\u00a0desde hace un par de a\u00f1os, pero lo cierto es que\u00a0fue en 1956\u00a0cuando un profesor universitario, John McCarthy, lo acu\u00f1\u00f3 en una coferenecia acad\u00e9mica. Aunque las Leyes de Turin y de Asimov son de 1950, habr\u00eda que esperar 6 a\u00f1os para acu\u00f1ar este t\u00e9rmino [&hellip;]<\/p>\n","protected":false},"author":1,"featured_media":19238,"comment_status":"open","ping_status":"open","sticky":false,"template":"","format":"standard","meta":{"footnotes":""},"categories":[361],"tags":[],"class_list":["post-19237","post","type-post","status-publish","format-standard","has-post-thumbnail","hentry","category-ia"],"yoast_head":"<!-- This site is optimized with the Yoast SEO plugin v26.7 - https:\/\/yoast.com\/wordpress\/plugins\/seo\/ -->\n<title>De qu\u00e9 ser\u00e1n capaces la inteligencia artificial y el machine learning en 10 a\u00f1os: los mayores expertos nos responden - Observatorio Tecnol\u00f3gico de Hidalgo<\/title>\n<meta name=\"robots\" content=\"index, follow, max-snippet:-1, max-image-preview:large, max-video-preview:-1\" \/>\n<link rel=\"canonical\" href=\"https:\/\/otech.uaeh.edu.mx\/noti\/ia\/de-que-seran-capaces-la-inteligencia-artificial-y-el-machine-learning-en-10-anos-los-mayores-expertos-nos-responden\/\" \/>\n<meta property=\"og:locale\" content=\"en_US\" \/>\n<meta property=\"og:type\" content=\"article\" \/>\n<meta property=\"og:title\" content=\"De qu\u00e9 ser\u00e1n capaces la inteligencia artificial y el machine learning en 10 a\u00f1os: los mayores expertos nos responden - Observatorio Tecnol\u00f3gico de Hidalgo\" \/>\n<meta property=\"og:description\" content=\"Parece que el t\u00e9rmino\u00a0Inteligencia Artificial no se nos cae de la boca\u00a0desde hace un par de a\u00f1os, pero lo cierto es que\u00a0fue en 1956\u00a0cuando un profesor universitario, John McCarthy, lo acu\u00f1\u00f3 en una coferenecia acad\u00e9mica. Aunque las Leyes de Turin y de Asimov son de 1950, habr\u00eda que esperar 6 a\u00f1os para acu\u00f1ar este t\u00e9rmino [&hellip;]\" \/>\n<meta property=\"og:url\" content=\"https:\/\/otech.uaeh.edu.mx\/noti\/ia\/de-que-seran-capaces-la-inteligencia-artificial-y-el-machine-learning-en-10-anos-los-mayores-expertos-nos-responden\/\" \/>\n<meta property=\"og:site_name\" content=\"Observatorio Tecnol\u00f3gico de Hidalgo\" \/>\n<meta property=\"article:publisher\" content=\"https:\/\/www.facebook.com\/observatoriouaeh\" \/>\n<meta property=\"article:published_time\" content=\"2019-11-27T15:02:15+00:00\" \/>\n<meta property=\"article:modified_time\" content=\"2019-11-27T15:03:11+00:00\" \/>\n<meta property=\"og:image\" content=\"https:\/\/otech.uaeh.edu.mx\/noti\/wp-content\/uploads\/2019\/11\/1366_2000.jpg\" \/>\n\t<meta property=\"og:image:width\" content=\"1200\" \/>\n\t<meta property=\"og:image:height\" content=\"738\" \/>\n\t<meta property=\"og:image:type\" content=\"image\/jpeg\" \/>\n<meta name=\"author\" content=\"admin\" \/>\n<meta name=\"twitter:card\" content=\"summary_large_image\" \/>\n<meta name=\"twitter:creator\" content=\"@OBSERVATORIOEH\" \/>\n<meta name=\"twitter:site\" content=\"@OBSERVATORIOEH\" \/>\n<meta name=\"twitter:label1\" content=\"Written by\" \/>\n\t<meta name=\"twitter:data1\" content=\"admin\" \/>\n\t<meta name=\"twitter:label2\" content=\"Est. reading time\" \/>\n\t<meta name=\"twitter:data2\" content=\"17 minutes\" \/>\n<script type=\"application\/ld+json\" class=\"yoast-schema-graph\">{\"@context\":\"https:\/\/schema.org\",\"@graph\":[{\"@type\":\"Article\",\"@id\":\"https:\/\/otech.uaeh.edu.mx\/noti\/ia\/de-que-seran-capaces-la-inteligencia-artificial-y-el-machine-learning-en-10-anos-los-mayores-expertos-nos-responden\/#article\",\"isPartOf\":{\"@id\":\"https:\/\/otech.uaeh.edu.mx\/noti\/ia\/de-que-seran-capaces-la-inteligencia-artificial-y-el-machine-learning-en-10-anos-los-mayores-expertos-nos-responden\/\"},\"author\":{\"name\":\"admin\",\"@id\":\"https:\/\/otech.uaeh.edu.mx\/noti\/#\/schema\/person\/95263d004158ffabcd98137e1d0abc1c\"},\"headline\":\"De qu\u00e9 ser\u00e1n capaces la inteligencia artificial y el machine learning en 10 a\u00f1os: los mayores expertos nos responden\",\"datePublished\":\"2019-11-27T15:02:15+00:00\",\"dateModified\":\"2019-11-27T15:03:11+00:00\",\"mainEntityOfPage\":{\"@id\":\"https:\/\/otech.uaeh.edu.mx\/noti\/ia\/de-que-seran-capaces-la-inteligencia-artificial-y-el-machine-learning-en-10-anos-los-mayores-expertos-nos-responden\/\"},\"wordCount\":3485,\"commentCount\":0,\"publisher\":{\"@id\":\"https:\/\/otech.uaeh.edu.mx\/noti\/#organization\"},\"image\":{\"@id\":\"https:\/\/otech.uaeh.edu.mx\/noti\/ia\/de-que-seran-capaces-la-inteligencia-artificial-y-el-machine-learning-en-10-anos-los-mayores-expertos-nos-responden\/#primaryimage\"},\"thumbnailUrl\":\"https:\/\/otech.uaeh.edu.mx\/noti\/wp-content\/uploads\/2019\/11\/1366_2000.jpg\",\"articleSection\":[\"Inteligencia Artificial\"],\"inLanguage\":\"en-US\",\"potentialAction\":[{\"@type\":\"CommentAction\",\"name\":\"Comment\",\"target\":[\"https:\/\/otech.uaeh.edu.mx\/noti\/ia\/de-que-seran-capaces-la-inteligencia-artificial-y-el-machine-learning-en-10-anos-los-mayores-expertos-nos-responden\/#respond\"]}]},{\"@type\":\"WebPage\",\"@id\":\"https:\/\/otech.uaeh.edu.mx\/noti\/ia\/de-que-seran-capaces-la-inteligencia-artificial-y-el-machine-learning-en-10-anos-los-mayores-expertos-nos-responden\/\",\"url\":\"https:\/\/otech.uaeh.edu.mx\/noti\/ia\/de-que-seran-capaces-la-inteligencia-artificial-y-el-machine-learning-en-10-anos-los-mayores-expertos-nos-responden\/\",\"name\":\"De qu\u00e9 ser\u00e1n capaces la inteligencia artificial y el machine learning en 10 a\u00f1os: los mayores expertos nos responden - Observatorio Tecnol\u00f3gico de Hidalgo\",\"isPartOf\":{\"@id\":\"https:\/\/otech.uaeh.edu.mx\/noti\/#website\"},\"primaryImageOfPage\":{\"@id\":\"https:\/\/otech.uaeh.edu.mx\/noti\/ia\/de-que-seran-capaces-la-inteligencia-artificial-y-el-machine-learning-en-10-anos-los-mayores-expertos-nos-responden\/#primaryimage\"},\"image\":{\"@id\":\"https:\/\/otech.uaeh.edu.mx\/noti\/ia\/de-que-seran-capaces-la-inteligencia-artificial-y-el-machine-learning-en-10-anos-los-mayores-expertos-nos-responden\/#primaryimage\"},\"thumbnailUrl\":\"https:\/\/otech.uaeh.edu.mx\/noti\/wp-content\/uploads\/2019\/11\/1366_2000.jpg\",\"datePublished\":\"2019-11-27T15:02:15+00:00\",\"dateModified\":\"2019-11-27T15:03:11+00:00\",\"breadcrumb\":{\"@id\":\"https:\/\/otech.uaeh.edu.mx\/noti\/ia\/de-que-seran-capaces-la-inteligencia-artificial-y-el-machine-learning-en-10-anos-los-mayores-expertos-nos-responden\/#breadcrumb\"},\"inLanguage\":\"en-US\",\"potentialAction\":[{\"@type\":\"ReadAction\",\"target\":[\"https:\/\/otech.uaeh.edu.mx\/noti\/ia\/de-que-seran-capaces-la-inteligencia-artificial-y-el-machine-learning-en-10-anos-los-mayores-expertos-nos-responden\/\"]}]},{\"@type\":\"ImageObject\",\"inLanguage\":\"en-US\",\"@id\":\"https:\/\/otech.uaeh.edu.mx\/noti\/ia\/de-que-seran-capaces-la-inteligencia-artificial-y-el-machine-learning-en-10-anos-los-mayores-expertos-nos-responden\/#primaryimage\",\"url\":\"https:\/\/otech.uaeh.edu.mx\/noti\/wp-content\/uploads\/2019\/11\/1366_2000.jpg\",\"contentUrl\":\"https:\/\/otech.uaeh.edu.mx\/noti\/wp-content\/uploads\/2019\/11\/1366_2000.jpg\",\"width\":1200,\"height\":738},{\"@type\":\"BreadcrumbList\",\"@id\":\"https:\/\/otech.uaeh.edu.mx\/noti\/ia\/de-que-seran-capaces-la-inteligencia-artificial-y-el-machine-learning-en-10-anos-los-mayores-expertos-nos-responden\/#breadcrumb\",\"itemListElement\":[{\"@type\":\"ListItem\",\"position\":1,\"name\":\"Inicio\",\"item\":\"https:\/\/otech.uaeh.edu.mx\/noti\/\"},{\"@type\":\"ListItem\",\"position\":2,\"name\":\"De qu\u00e9 ser\u00e1n capaces la inteligencia artificial y el machine learning en 10 a\u00f1os: los mayores expertos nos responden\"}]},{\"@type\":\"WebSite\",\"@id\":\"https:\/\/otech.uaeh.edu.mx\/noti\/#website\",\"url\":\"https:\/\/otech.uaeh.edu.mx\/noti\/\",\"name\":\"Observatorio Tecnol\u00f3gico de Hidalgo\",\"description\":\"\",\"publisher\":{\"@id\":\"https:\/\/otech.uaeh.edu.mx\/noti\/#organization\"},\"potentialAction\":[{\"@type\":\"SearchAction\",\"target\":{\"@type\":\"EntryPoint\",\"urlTemplate\":\"https:\/\/otech.uaeh.edu.mx\/noti\/?s={search_term_string}\"},\"query-input\":{\"@type\":\"PropertyValueSpecification\",\"valueRequired\":true,\"valueName\":\"search_term_string\"}}],\"inLanguage\":\"en-US\"},{\"@type\":\"Organization\",\"@id\":\"https:\/\/otech.uaeh.edu.mx\/noti\/#organization\",\"name\":\"Observatorio Tecnol\u00f3gico de Hidalgo\",\"url\":\"https:\/\/otech.uaeh.edu.mx\/noti\/\",\"logo\":{\"@type\":\"ImageObject\",\"inLanguage\":\"en-US\",\"@id\":\"https:\/\/otech.uaeh.edu.mx\/noti\/#\/schema\/logo\/image\/\",\"url\":\"https:\/\/otech.uaeh.edu.mx\/noti\/wp-content\/uploads\/2025\/11\/Logo-circulo.png\",\"contentUrl\":\"https:\/\/otech.uaeh.edu.mx\/noti\/wp-content\/uploads\/2025\/11\/Logo-circulo.png\",\"width\":250,\"height\":250,\"caption\":\"Observatorio Tecnol\u00f3gico de Hidalgo\"},\"image\":{\"@id\":\"https:\/\/otech.uaeh.edu.mx\/noti\/#\/schema\/logo\/image\/\"},\"sameAs\":[\"https:\/\/www.facebook.com\/observatoriouaeh\",\"https:\/\/x.com\/OBSERVATORIOEH\"]},{\"@type\":\"Person\",\"@id\":\"https:\/\/otech.uaeh.edu.mx\/noti\/#\/schema\/person\/95263d004158ffabcd98137e1d0abc1c\",\"name\":\"admin\",\"image\":{\"@type\":\"ImageObject\",\"inLanguage\":\"en-US\",\"@id\":\"https:\/\/otech.uaeh.edu.mx\/noti\/#\/schema\/person\/image\/\",\"url\":\"https:\/\/secure.gravatar.com\/avatar\/08dd17208ee6a9e87c5a01c0a5f4c96c8ed24bf05e625630929b5b6a7c1ffa5f?s=96&d=mm&r=g\",\"contentUrl\":\"https:\/\/secure.gravatar.com\/avatar\/08dd17208ee6a9e87c5a01c0a5f4c96c8ed24bf05e625630929b5b6a7c1ffa5f?s=96&d=mm&r=g\",\"caption\":\"admin\"},\"url\":\"https:\/\/otech.uaeh.edu.mx\/noti\/author\/admin\/\"}]}<\/script>\n<!-- \/ Yoast SEO plugin. -->","yoast_head_json":{"title":"De qu\u00e9 ser\u00e1n capaces la inteligencia artificial y el machine learning en 10 a\u00f1os: los mayores expertos nos responden - Observatorio Tecnol\u00f3gico de Hidalgo","robots":{"index":"index","follow":"follow","max-snippet":"max-snippet:-1","max-image-preview":"max-image-preview:large","max-video-preview":"max-video-preview:-1"},"canonical":"https:\/\/otech.uaeh.edu.mx\/noti\/ia\/de-que-seran-capaces-la-inteligencia-artificial-y-el-machine-learning-en-10-anos-los-mayores-expertos-nos-responden\/","og_locale":"en_US","og_type":"article","og_title":"De qu\u00e9 ser\u00e1n capaces la inteligencia artificial y el machine learning en 10 a\u00f1os: los mayores expertos nos responden - Observatorio Tecnol\u00f3gico de Hidalgo","og_description":"Parece que el t\u00e9rmino\u00a0Inteligencia Artificial no se nos cae de la boca\u00a0desde hace un par de a\u00f1os, pero lo cierto es que\u00a0fue en 1956\u00a0cuando un profesor universitario, John McCarthy, lo acu\u00f1\u00f3 en una coferenecia acad\u00e9mica. Aunque las Leyes de Turin y de Asimov son de 1950, habr\u00eda que esperar 6 a\u00f1os para acu\u00f1ar este t\u00e9rmino [&hellip;]","og_url":"https:\/\/otech.uaeh.edu.mx\/noti\/ia\/de-que-seran-capaces-la-inteligencia-artificial-y-el-machine-learning-en-10-anos-los-mayores-expertos-nos-responden\/","og_site_name":"Observatorio Tecnol\u00f3gico de Hidalgo","article_publisher":"https:\/\/www.facebook.com\/observatoriouaeh","article_published_time":"2019-11-27T15:02:15+00:00","article_modified_time":"2019-11-27T15:03:11+00:00","og_image":[{"width":1200,"height":738,"url":"https:\/\/otech.uaeh.edu.mx\/noti\/wp-content\/uploads\/2019\/11\/1366_2000.jpg","type":"image\/jpeg"}],"author":"admin","twitter_card":"summary_large_image","twitter_creator":"@OBSERVATORIOEH","twitter_site":"@OBSERVATORIOEH","twitter_misc":{"Written by":"admin","Est. reading time":"17 minutes"},"schema":{"@context":"https:\/\/schema.org","@graph":[{"@type":"Article","@id":"https:\/\/otech.uaeh.edu.mx\/noti\/ia\/de-que-seran-capaces-la-inteligencia-artificial-y-el-machine-learning-en-10-anos-los-mayores-expertos-nos-responden\/#article","isPartOf":{"@id":"https:\/\/otech.uaeh.edu.mx\/noti\/ia\/de-que-seran-capaces-la-inteligencia-artificial-y-el-machine-learning-en-10-anos-los-mayores-expertos-nos-responden\/"},"author":{"name":"admin","@id":"https:\/\/otech.uaeh.edu.mx\/noti\/#\/schema\/person\/95263d004158ffabcd98137e1d0abc1c"},"headline":"De qu\u00e9 ser\u00e1n capaces la inteligencia artificial y el machine learning en 10 a\u00f1os: los mayores expertos nos responden","datePublished":"2019-11-27T15:02:15+00:00","dateModified":"2019-11-27T15:03:11+00:00","mainEntityOfPage":{"@id":"https:\/\/otech.uaeh.edu.mx\/noti\/ia\/de-que-seran-capaces-la-inteligencia-artificial-y-el-machine-learning-en-10-anos-los-mayores-expertos-nos-responden\/"},"wordCount":3485,"commentCount":0,"publisher":{"@id":"https:\/\/otech.uaeh.edu.mx\/noti\/#organization"},"image":{"@id":"https:\/\/otech.uaeh.edu.mx\/noti\/ia\/de-que-seran-capaces-la-inteligencia-artificial-y-el-machine-learning-en-10-anos-los-mayores-expertos-nos-responden\/#primaryimage"},"thumbnailUrl":"https:\/\/otech.uaeh.edu.mx\/noti\/wp-content\/uploads\/2019\/11\/1366_2000.jpg","articleSection":["Inteligencia Artificial"],"inLanguage":"en-US","potentialAction":[{"@type":"CommentAction","name":"Comment","target":["https:\/\/otech.uaeh.edu.mx\/noti\/ia\/de-que-seran-capaces-la-inteligencia-artificial-y-el-machine-learning-en-10-anos-los-mayores-expertos-nos-responden\/#respond"]}]},{"@type":"WebPage","@id":"https:\/\/otech.uaeh.edu.mx\/noti\/ia\/de-que-seran-capaces-la-inteligencia-artificial-y-el-machine-learning-en-10-anos-los-mayores-expertos-nos-responden\/","url":"https:\/\/otech.uaeh.edu.mx\/noti\/ia\/de-que-seran-capaces-la-inteligencia-artificial-y-el-machine-learning-en-10-anos-los-mayores-expertos-nos-responden\/","name":"De qu\u00e9 ser\u00e1n capaces la inteligencia artificial y el machine learning en 10 a\u00f1os: los mayores expertos nos responden - Observatorio Tecnol\u00f3gico de Hidalgo","isPartOf":{"@id":"https:\/\/otech.uaeh.edu.mx\/noti\/#website"},"primaryImageOfPage":{"@id":"https:\/\/otech.uaeh.edu.mx\/noti\/ia\/de-que-seran-capaces-la-inteligencia-artificial-y-el-machine-learning-en-10-anos-los-mayores-expertos-nos-responden\/#primaryimage"},"image":{"@id":"https:\/\/otech.uaeh.edu.mx\/noti\/ia\/de-que-seran-capaces-la-inteligencia-artificial-y-el-machine-learning-en-10-anos-los-mayores-expertos-nos-responden\/#primaryimage"},"thumbnailUrl":"https:\/\/otech.uaeh.edu.mx\/noti\/wp-content\/uploads\/2019\/11\/1366_2000.jpg","datePublished":"2019-11-27T15:02:15+00:00","dateModified":"2019-11-27T15:03:11+00:00","breadcrumb":{"@id":"https:\/\/otech.uaeh.edu.mx\/noti\/ia\/de-que-seran-capaces-la-inteligencia-artificial-y-el-machine-learning-en-10-anos-los-mayores-expertos-nos-responden\/#breadcrumb"},"inLanguage":"en-US","potentialAction":[{"@type":"ReadAction","target":["https:\/\/otech.uaeh.edu.mx\/noti\/ia\/de-que-seran-capaces-la-inteligencia-artificial-y-el-machine-learning-en-10-anos-los-mayores-expertos-nos-responden\/"]}]},{"@type":"ImageObject","inLanguage":"en-US","@id":"https:\/\/otech.uaeh.edu.mx\/noti\/ia\/de-que-seran-capaces-la-inteligencia-artificial-y-el-machine-learning-en-10-anos-los-mayores-expertos-nos-responden\/#primaryimage","url":"https:\/\/otech.uaeh.edu.mx\/noti\/wp-content\/uploads\/2019\/11\/1366_2000.jpg","contentUrl":"https:\/\/otech.uaeh.edu.mx\/noti\/wp-content\/uploads\/2019\/11\/1366_2000.jpg","width":1200,"height":738},{"@type":"BreadcrumbList","@id":"https:\/\/otech.uaeh.edu.mx\/noti\/ia\/de-que-seran-capaces-la-inteligencia-artificial-y-el-machine-learning-en-10-anos-los-mayores-expertos-nos-responden\/#breadcrumb","itemListElement":[{"@type":"ListItem","position":1,"name":"Inicio","item":"https:\/\/otech.uaeh.edu.mx\/noti\/"},{"@type":"ListItem","position":2,"name":"De qu\u00e9 ser\u00e1n capaces la inteligencia artificial y el machine learning en 10 a\u00f1os: los mayores expertos nos responden"}]},{"@type":"WebSite","@id":"https:\/\/otech.uaeh.edu.mx\/noti\/#website","url":"https:\/\/otech.uaeh.edu.mx\/noti\/","name":"Observatorio Tecnol\u00f3gico de Hidalgo","description":"","publisher":{"@id":"https:\/\/otech.uaeh.edu.mx\/noti\/#organization"},"potentialAction":[{"@type":"SearchAction","target":{"@type":"EntryPoint","urlTemplate":"https:\/\/otech.uaeh.edu.mx\/noti\/?s={search_term_string}"},"query-input":{"@type":"PropertyValueSpecification","valueRequired":true,"valueName":"search_term_string"}}],"inLanguage":"en-US"},{"@type":"Organization","@id":"https:\/\/otech.uaeh.edu.mx\/noti\/#organization","name":"Observatorio Tecnol\u00f3gico de Hidalgo","url":"https:\/\/otech.uaeh.edu.mx\/noti\/","logo":{"@type":"ImageObject","inLanguage":"en-US","@id":"https:\/\/otech.uaeh.edu.mx\/noti\/#\/schema\/logo\/image\/","url":"https:\/\/otech.uaeh.edu.mx\/noti\/wp-content\/uploads\/2025\/11\/Logo-circulo.png","contentUrl":"https:\/\/otech.uaeh.edu.mx\/noti\/wp-content\/uploads\/2025\/11\/Logo-circulo.png","width":250,"height":250,"caption":"Observatorio Tecnol\u00f3gico de Hidalgo"},"image":{"@id":"https:\/\/otech.uaeh.edu.mx\/noti\/#\/schema\/logo\/image\/"},"sameAs":["https:\/\/www.facebook.com\/observatoriouaeh","https:\/\/x.com\/OBSERVATORIOEH"]},{"@type":"Person","@id":"https:\/\/otech.uaeh.edu.mx\/noti\/#\/schema\/person\/95263d004158ffabcd98137e1d0abc1c","name":"admin","image":{"@type":"ImageObject","inLanguage":"en-US","@id":"https:\/\/otech.uaeh.edu.mx\/noti\/#\/schema\/person\/image\/","url":"https:\/\/secure.gravatar.com\/avatar\/08dd17208ee6a9e87c5a01c0a5f4c96c8ed24bf05e625630929b5b6a7c1ffa5f?s=96&d=mm&r=g","contentUrl":"https:\/\/secure.gravatar.com\/avatar\/08dd17208ee6a9e87c5a01c0a5f4c96c8ed24bf05e625630929b5b6a7c1ffa5f?s=96&d=mm&r=g","caption":"admin"},"url":"https:\/\/otech.uaeh.edu.mx\/noti\/author\/admin\/"}]}},"_links":{"self":[{"href":"https:\/\/otech.uaeh.edu.mx\/noti\/wp-json\/wp\/v2\/posts\/19237","targetHints":{"allow":["GET"]}}],"collection":[{"href":"https:\/\/otech.uaeh.edu.mx\/noti\/wp-json\/wp\/v2\/posts"}],"about":[{"href":"https:\/\/otech.uaeh.edu.mx\/noti\/wp-json\/wp\/v2\/types\/post"}],"author":[{"embeddable":true,"href":"https:\/\/otech.uaeh.edu.mx\/noti\/wp-json\/wp\/v2\/users\/1"}],"replies":[{"embeddable":true,"href":"https:\/\/otech.uaeh.edu.mx\/noti\/wp-json\/wp\/v2\/comments?post=19237"}],"version-history":[{"count":2,"href":"https:\/\/otech.uaeh.edu.mx\/noti\/wp-json\/wp\/v2\/posts\/19237\/revisions"}],"predecessor-version":[{"id":19240,"href":"https:\/\/otech.uaeh.edu.mx\/noti\/wp-json\/wp\/v2\/posts\/19237\/revisions\/19240"}],"wp:featuredmedia":[{"embeddable":true,"href":"https:\/\/otech.uaeh.edu.mx\/noti\/wp-json\/wp\/v2\/media\/19238"}],"wp:attachment":[{"href":"https:\/\/otech.uaeh.edu.mx\/noti\/wp-json\/wp\/v2\/media?parent=19237"}],"wp:term":[{"taxonomy":"category","embeddable":true,"href":"https:\/\/otech.uaeh.edu.mx\/noti\/wp-json\/wp\/v2\/categories?post=19237"},{"taxonomy":"post_tag","embeddable":true,"href":"https:\/\/otech.uaeh.edu.mx\/noti\/wp-json\/wp\/v2\/tags?post=19237"}],"curies":[{"name":"wp","href":"https:\/\/api.w.org\/{rel}","templated":true}]}}