{"id":19274,"date":"2019-12-02T10:21:25","date_gmt":"2019-12-02T16:21:25","guid":{"rendered":"http:\/\/otech.uaeh.edu.mx\/noti\/?p=19274"},"modified":"2019-12-02T10:22:11","modified_gmt":"2019-12-02T16:22:11","slug":"en-su-agenda-tecnologica-amlo-ha-encontrado-amigos-pero-no-supera-retos","status":"publish","type":"post","link":"https:\/\/otech.uaeh.edu.mx\/noti\/tech\/en-su-agenda-tecnologica-amlo-ha-encontrado-amigos-pero-no-supera-retos\/","title":{"rendered":"En su agenda tecnol\u00f3gica, AMLO ha encontrado amigos, pero no supera retos"},"content":{"rendered":"<p style=\"text-align: justify;\"><span>Aunque es indudable que el presidente\u00a0<strong>Andr\u00e9s Manuel L\u00f3pez Obrador<\/strong>\u00a0ha tenido algunos acercamientos con empresas tecnol\u00f3gicas como aquella videollamada con Mark Zuckerberg, CEO de\u00a0<strong>Facebook<\/strong>, para que entre otras cosas, pueda llevar internet a comunidades no conectadas o su m\u00e1s reciente acercamiento con Brad Smith, presidente de\u00a0<strong>Microsoft<\/strong>, con quien acord\u00f3 que la firma\u00a0<strong>crear\u00e1 universidades y un software especial para combatir la corrupci\u00f3n<\/strong>, los avances y las tareas en el tema tecnol\u00f3gico y de telecomunicaciones en el pa\u00eds, a\u00fan pareciera pausado.<\/span><!--more--><\/p>\n<p style=\"text-align: justify;\"><span>Y es que al menos los retos para el siguiente a\u00f1o en materia de\u00a0<strong>telecomunicaciones y tecnolog\u00eda<\/strong>, no son menores con la llegada y el despliegue de la 5G, la eterna lucha para reducir la brecha digital en el pa\u00eds.<\/span><\/p>\n<p style=\"text-align: justify;\"><span>En este sentido, el mismo\u00a0<strong>Instituto Federal de Telecomunicaciones<\/strong>\u00a0(IFT) ha se\u00f1alado que deber\u00e1 cancelar o posponer algunos proyectos debido a la reducci\u00f3n del presupuesto otorgado a dicho instituto, el cual responde a\u00a0<\/span><span>un monto de 1,541.24 millones de pesos, lo que representa una reducci\u00f3n de 188.76 millones de pesos respecto a lo solicitado por este \u00f3rgano regulador para el cumplimiento de las responsabilidades que se ordenan en la Constituci\u00f3n.<\/span><\/p>\n<p style=\"text-align: justify;\"><span>\u201cAnte la referida reasignaci\u00f3n presupuestal, el IFT\u00a0<strong>realiza un exhaustivo an\u00e1lisis sobre los proyectos que deber\u00e1 cancelar o posponer<\/strong>, y refrenda su compromiso para seguir cumpliendo con el mandato constitucional de promover el desarrollo eficiente de las telecomunicaciones y la radiodifusi\u00f3n; la promoci\u00f3n, supervisi\u00f3n y regulaci\u00f3n del uso, aprovechamiento y explotaci\u00f3n del espectro radioel\u00e9ctrico, las redes y la prestaci\u00f3n de los servicios de ambos sectores; as\u00ed como sus tareas como autoridad en materia de competencia econ\u00f3mica en los sectores que regula\u201d, detalla en una misiva el \u00f3rgano.<\/span><\/p>\n<p style=\"text-align: justify;\"><span>El presupuesto autorizado representa una reducci\u00f3n de 0.3%, en t\u00e9rminos reales, respecto de 2019, y una disminuci\u00f3n de 38.23%, tambi\u00e9n en t\u00e9rminos reales, acumulado desde 2014.<\/span><\/p>\n<p style=\"text-align: justify;\">\u201cEn un contexto recesivo de la econom\u00eda mexicana y con bajas perspectivas para los pr\u00f3ximos a\u00f1os, el ejecutivo design\u00f3 un gasto gubernamental de 6.1 billones de pesos, equivalente a un incremento, en t\u00e9rminos reales, de 1% respecto al a\u00f1o anterior y a 8% del PIB de 2018. Sin embargo, varios de los \u00f3rganos aut\u00f3nomos registraron recortes significativos en el gasto proyectado, incluido el regulador de las telecomunicaciones en M\u00e9xico, al reasignar estas partidas a programas de bienestar social\u201d, se\u00f1ala Radam\u00e9s Camargo,<span>\u00a0<\/span><strong>analista de The CIU<\/strong>.<\/p>\n<p style=\"text-align: justify;\"><img loading=\"lazy\" decoding=\"async\" class=\"aligncenter wp-image-619469 size-full lazy loaded lazyloaded\" src=\"https:\/\/cdn.forbes.com.mx\/2019\/11\/telecom-pef.jpg\" data-src=\"https:\/\/cdn.forbes.com.mx\/2019\/11\/telecom-pef.jpg\" alt=\"\" width=\"684\" height=\"470\" data-srcset=\"https:\/\/cdn.forbes.com.mx\/2019\/11\/telecom-pef.jpg 684w, https:\/\/cdn.forbes.com.mx\/2019\/11\/telecom-pef-300x206.jpg 300w, https:\/\/cdn.forbes.com.mx\/2019\/11\/telecom-pef-600x412.jpg 600w, https:\/\/cdn.forbes.com.mx\/2019\/11\/telecom-pef-200x137.jpg 200w\" data-sizes=\"(max-width: 684px) 100vw, 684px\" sizes=\"auto, (max-width: 684px) 100vw, 684px\" srcset=\"https:\/\/cdn.forbes.com.mx\/2019\/11\/telecom-pef.jpg 684w, https:\/\/cdn.forbes.com.mx\/2019\/11\/telecom-pef-300x206.jpg 300w, https:\/\/cdn.forbes.com.mx\/2019\/11\/telecom-pef-600x412.jpg 600w, https:\/\/cdn.forbes.com.mx\/2019\/11\/telecom-pef-200x137.jpg 200w\" data-was-processed=\"true\" \/><\/p>\n<h5 style=\"text-align: justify;\">Tecnolog\u00edas de la Informaci\u00f3n (TICs)<\/h5>\n<p style=\"text-align: justify;\">La calificaci\u00f3n a un a\u00f1o de gobierno del presidente Andr\u00e9s Manuel L\u00f3pez Obrador en el tema de Tecnolog\u00edas de la Informaci\u00f3n\u00a0arroja un sector desacelerado y al que de acuerdo con analistas, la estrategia de austeridad puede impactarle a un mayor grado en el largo plazo.<\/p>\n<p style=\"text-align: justify;\">Seg\u00fan datos de la consultora SELECT y el Servicio de Informaci\u00f3n Continua para la Alta Direcci\u00f3n (SICAD), la facturaci\u00f3n del sector de tecnolog\u00edas de la informaci\u00f3n (TIC) en el segundo trimestre de 2019 creci\u00f3 3.8% mientras en el mismo periodo de 2018, el incremento fue de 5% y un a\u00f1o antes de 6%.<\/p>\n<p style=\"text-align: justify;\">\u201cEstos datos dan pauta para la pol\u00edtica de conectividad, pero tambi\u00e9n para la pol\u00edtica econ\u00f3mica nacional, que no podr\u00e1n retomar la din\u00e1mica necesaria en nuestra evoluci\u00f3n macroecon\u00f3mica sin materializar el cierre de las brechas de conectividad en las empresas, en todos los sectores y en todas las regiones\u201d, se\u00f1ala Ernesto Piedras, de la casa de an\u00e1lisis The CIU.<\/p>\n<p style=\"text-align: justify;\">SELECT estima que hacia el final de 2019, el sector TIC crecer\u00e1 1.5%, y los dos sectores con mayor impacto ser\u00e1n los mayoristas de soluciones de software y quienes venden equipo de hardware por volumen. Estas cifras de facturaci\u00f3n representan el menor crecimiento del sector TIC desde 2016. El promedio anual de crecimiento del sector fue de 4.6% entre 2016 y 2018.<\/p>\n<h5 style=\"text-align: justify;\">Una cuarta revoluci\u00f3n industrial en la 4T<\/h5>\n<p style=\"text-align: justify;\">La Subsecretaria de Comunicaciones y Desarrollo Tecnol\u00f3gico de la Secretar\u00eda de Comunicaciones y Transportes,<span>\u00a0<\/span><strong>Salma Jalife Villal\u00f3n<\/strong>, ha se\u00f1alado en diversas ocasiones que es necesaria una transformaci\u00f3n digital que le permita a M\u00e9xico utilizar tecnolog\u00edas, el acceso a internet y aplicaciones que se monten sobre la poblaci\u00f3n para que los beneficie no solo en su actividad econ\u00f3mica sino social.<\/p>\n<p style=\"text-align: justify;\">Para esto, ha marcado en su agenda, siete puntos de inter\u00e9s en los que le nuevo gobierno debe poner su mirada para comenzar a trabajar y romper algunos obst\u00e1culos y brechas digitales.<\/p>\n<p style=\"text-align: justify;\">Por ejemplo, ha se\u00f1alado que con el programa Juntos por la Transformaci\u00f3n Digital Construyendo el Camino de la Cuarta Transformaci\u00f3n hacia la Cuarta Revoluci\u00f3n Industrial, \u201cestamos pensando no solo la conectividad, sino tambi\u00e9n llevar una transformaci\u00f3n digital que les permita utilizar estas tecnolog\u00edas, el acceso a internet y aplicaciones que se montan sobre ella a la poblaci\u00f3n para que los beneficie no solo en su actividad econ\u00f3mica sino social\u201d, se\u00f1al\u00f3.<\/p>\n<p style=\"text-align: justify;\">Para esto, la subsecretaria detalla que las autoridades pondr\u00e1n mayor fijaci\u00f3n en<span>\u00a0<\/span><em>siete puntos<\/em>\u00a0como:<span>\u00a0<\/span><strong>la fabricaci\u00f3n aditiva, el\u00a0Big Data,\u00a0Internet industrial de las cosas, la\u00a0computaci\u00f3n en la nube,\u00a0ciberseguridad, los\u00a0sistemas de integraci\u00f3n horizontales y verticales, as\u00ed como estar preparados para convivir con\u00a0humanoides entre nosotros<\/strong>.<\/p>\n<p style=\"text-align: justify;\">\u201cC\u00f3mo podemos entender esta cuarta revoluci\u00f3n industrial. Estamos teniendo cambios de paradigmas que no solo involucran a los seres humanos, tambi\u00e9n a las cosas y en el muy corto plazo tambi\u00e9n estaremos viendo que involucra la combinaci\u00f3n de tecnolog\u00edas y redes biol\u00f3gicas y estaremos viendo humanoides conviviendo con nosotros. En menos de cinco a\u00f1os tenemos que alcanzar a las tendencias que se est\u00e1n postulando como las tecnolog\u00edas de la cuarta revoluci\u00f3n industrial\u201c, se\u00f1al\u00f3 la subsecretaria.<\/p>\n<p style=\"text-align: justify;\">Sobre c\u00f3mo lo realizar\u00e1, se\u00f1ala que se requiere no solo del esfuerzo de las compa\u00f1\u00edas o empresas, sino que se debe tener mayor participaci\u00f3n activa tanto en orden de gobierno, empresas y sociedad.<\/p>\n<p style=\"text-align: justify;\">\u201cA trav\u00e9s de esta cuarta transformaci\u00f3n el gobierno del licenciado L\u00f3pez Obrador, impulsar\u00e1 el desarrollo econ\u00f3mico adem\u00e1s de proceder a trabajar en la inclusi\u00f3n con el fin de cerrar las brechas digitales\u201d, detall\u00f3.<\/p>\n<h5 style=\"text-align: justify;\"><strong>Motores que la impulsar\u00e1n<\/strong><\/h5>\n<p style=\"text-align: justify;\">Jalife Villal\u00f3n, detall\u00f3 que para hacer esto posible, se requiere de motores que lo impulsen como el aumento en los vol\u00famenes de datos que manejan las empresas p\u00fablicas y privadas, que las computadoras cada vez sean m\u00e1s potentes, crear la capacidad de analizar datos de los procesos; contar con una mejora continua en la interacci\u00f3n de personas con m\u00e1quinas, as\u00ed como en la reducci\u00f3n de costos.<\/p>\n<p style=\"text-align: justify;\">Otros de los motores que impulsar\u00e1n esta labor ser\u00e1 mejora de las cadenas de producci\u00f3n, aprovechamiento de las nuevas bases de datos, robotizaci\u00f3n y que exista una proliferaci\u00f3n de sistemas de comunicaci\u00f3n y medici\u00f3n en ciudades inteligentes.<\/p>\n<p style=\"text-align: justify;\">\u201cHay mucha tarea qu\u00e9 hacer porque en estas tecnolog\u00edas hay mucho conocimiento que tenemos que adoptar y en M\u00e9xico como en otros pa\u00edses, necesitamos avanzar para posicionarnos\u201d, se\u00f1al\u00f3 Jalife.<\/p>\n<p style=\"text-align: justify;\"><strong>Fuente:\u00a0<\/strong><\/p>\n<p style=\"text-align: justify;\"><em>Mauricio Hern\u00e1ndez Armenta, M. H. A. (2019, 1 diciembre). En su agenda tecnol\u00f3gica, AMLO ha encontrado amigos, pero no supera retos \u2022 Forbes M\u00e9xico. Recuperado 2 diciembre, 2019, de https:\/\/www.forbes.com.mx\/agenda-digital-un-panorama-tecnologico-y-telecom-a-un-ano-de-gobierno-de-amlo\/<\/em><\/p>\n","protected":false},"excerpt":{"rendered":"<p>Aunque es indudable que el presidente\u00a0Andr\u00e9s Manuel L\u00f3pez Obrador\u00a0ha tenido algunos acercamientos con empresas tecnol\u00f3gicas como aquella videollamada con Mark Zuckerberg, CEO de\u00a0Facebook, para que entre otras cosas, pueda llevar internet a comunidades no conectadas o su m\u00e1s reciente acercamiento con Brad Smith, presidente de\u00a0Microsoft, con quien acord\u00f3 que la firma\u00a0crear\u00e1 universidades y un software [&hellip;]<\/p>\n","protected":false},"author":1,"featured_media":19276,"comment_status":"open","ping_status":"open","sticky":false,"template":"","format":"standard","meta":{"footnotes":""},"categories":[3],"tags":[],"class_list":["post-19274","post","type-post","status-publish","format-standard","has-post-thumbnail","hentry","category-tech"],"yoast_head":"<!-- This site is optimized with the Yoast SEO plugin v26.7 - https:\/\/yoast.com\/wordpress\/plugins\/seo\/ -->\n<title>En su agenda tecnol\u00f3gica, AMLO ha encontrado amigos, pero no supera retos - Observatorio Tecnol\u00f3gico de Hidalgo<\/title>\n<meta name=\"robots\" content=\"index, follow, max-snippet:-1, max-image-preview:large, max-video-preview:-1\" \/>\n<link rel=\"canonical\" href=\"https:\/\/otech.uaeh.edu.mx\/noti\/tech\/en-su-agenda-tecnologica-amlo-ha-encontrado-amigos-pero-no-supera-retos\/\" \/>\n<meta property=\"og:locale\" content=\"en_US\" \/>\n<meta property=\"og:type\" content=\"article\" \/>\n<meta property=\"og:title\" content=\"En su agenda tecnol\u00f3gica, AMLO ha encontrado amigos, pero no supera retos - Observatorio Tecnol\u00f3gico de Hidalgo\" \/>\n<meta property=\"og:description\" content=\"Aunque es indudable que el presidente\u00a0Andr\u00e9s Manuel L\u00f3pez Obrador\u00a0ha tenido algunos acercamientos con empresas tecnol\u00f3gicas como aquella videollamada con Mark Zuckerberg, CEO de\u00a0Facebook, para que entre otras cosas, pueda llevar internet a comunidades no conectadas o su m\u00e1s reciente acercamiento con Brad Smith, presidente de\u00a0Microsoft, con quien acord\u00f3 que la firma\u00a0crear\u00e1 universidades y un software [&hellip;]\" \/>\n<meta property=\"og:url\" content=\"https:\/\/otech.uaeh.edu.mx\/noti\/tech\/en-su-agenda-tecnologica-amlo-ha-encontrado-amigos-pero-no-supera-retos\/\" \/>\n<meta property=\"og:site_name\" content=\"Observatorio Tecnol\u00f3gico de Hidalgo\" \/>\n<meta property=\"article:publisher\" content=\"https:\/\/www.facebook.com\/observatoriouaeh\" \/>\n<meta property=\"article:published_time\" content=\"2019-12-02T16:21:25+00:00\" \/>\n<meta property=\"article:modified_time\" content=\"2019-12-02T16:22:11+00:00\" \/>\n<meta property=\"og:image\" content=\"https:\/\/otech.uaeh.edu.mx\/noti\/wp-content\/uploads\/2019\/12\/BV-ATT-transformacion_digital-640x360.jpg\" \/>\n\t<meta property=\"og:image:width\" content=\"640\" \/>\n\t<meta property=\"og:image:height\" content=\"360\" \/>\n\t<meta property=\"og:image:type\" content=\"image\/jpeg\" \/>\n<meta name=\"author\" content=\"admin\" \/>\n<meta name=\"twitter:card\" content=\"summary_large_image\" \/>\n<meta name=\"twitter:creator\" content=\"@OBSERVATORIOEH\" \/>\n<meta name=\"twitter:site\" content=\"@OBSERVATORIOEH\" \/>\n<meta name=\"twitter:label1\" content=\"Written by\" \/>\n\t<meta name=\"twitter:data1\" content=\"admin\" \/>\n\t<meta name=\"twitter:label2\" content=\"Est. reading time\" \/>\n\t<meta name=\"twitter:data2\" content=\"6 minutes\" \/>\n<script type=\"application\/ld+json\" class=\"yoast-schema-graph\">{\"@context\":\"https:\/\/schema.org\",\"@graph\":[{\"@type\":\"Article\",\"@id\":\"https:\/\/otech.uaeh.edu.mx\/noti\/tech\/en-su-agenda-tecnologica-amlo-ha-encontrado-amigos-pero-no-supera-retos\/#article\",\"isPartOf\":{\"@id\":\"https:\/\/otech.uaeh.edu.mx\/noti\/tech\/en-su-agenda-tecnologica-amlo-ha-encontrado-amigos-pero-no-supera-retos\/\"},\"author\":{\"name\":\"admin\",\"@id\":\"https:\/\/otech.uaeh.edu.mx\/noti\/#\/schema\/person\/95263d004158ffabcd98137e1d0abc1c\"},\"headline\":\"En su agenda tecnol\u00f3gica, AMLO ha encontrado amigos, pero no supera retos\",\"datePublished\":\"2019-12-02T16:21:25+00:00\",\"dateModified\":\"2019-12-02T16:22:11+00:00\",\"mainEntityOfPage\":{\"@id\":\"https:\/\/otech.uaeh.edu.mx\/noti\/tech\/en-su-agenda-tecnologica-amlo-ha-encontrado-amigos-pero-no-supera-retos\/\"},\"wordCount\":1268,\"commentCount\":0,\"publisher\":{\"@id\":\"https:\/\/otech.uaeh.edu.mx\/noti\/#organization\"},\"image\":{\"@id\":\"https:\/\/otech.uaeh.edu.mx\/noti\/tech\/en-su-agenda-tecnologica-amlo-ha-encontrado-amigos-pero-no-supera-retos\/#primaryimage\"},\"thumbnailUrl\":\"https:\/\/otech.uaeh.edu.mx\/noti\/wp-content\/uploads\/2019\/12\/BV-ATT-transformacion_digital-640x360.jpg\",\"articleSection\":[\"Tecnolog\u00eda\"],\"inLanguage\":\"en-US\",\"potentialAction\":[{\"@type\":\"CommentAction\",\"name\":\"Comment\",\"target\":[\"https:\/\/otech.uaeh.edu.mx\/noti\/tech\/en-su-agenda-tecnologica-amlo-ha-encontrado-amigos-pero-no-supera-retos\/#respond\"]}]},{\"@type\":\"WebPage\",\"@id\":\"https:\/\/otech.uaeh.edu.mx\/noti\/tech\/en-su-agenda-tecnologica-amlo-ha-encontrado-amigos-pero-no-supera-retos\/\",\"url\":\"https:\/\/otech.uaeh.edu.mx\/noti\/tech\/en-su-agenda-tecnologica-amlo-ha-encontrado-amigos-pero-no-supera-retos\/\",\"name\":\"En su agenda tecnol\u00f3gica, AMLO ha encontrado amigos, pero no supera retos - Observatorio Tecnol\u00f3gico de Hidalgo\",\"isPartOf\":{\"@id\":\"https:\/\/otech.uaeh.edu.mx\/noti\/#website\"},\"primaryImageOfPage\":{\"@id\":\"https:\/\/otech.uaeh.edu.mx\/noti\/tech\/en-su-agenda-tecnologica-amlo-ha-encontrado-amigos-pero-no-supera-retos\/#primaryimage\"},\"image\":{\"@id\":\"https:\/\/otech.uaeh.edu.mx\/noti\/tech\/en-su-agenda-tecnologica-amlo-ha-encontrado-amigos-pero-no-supera-retos\/#primaryimage\"},\"thumbnailUrl\":\"https:\/\/otech.uaeh.edu.mx\/noti\/wp-content\/uploads\/2019\/12\/BV-ATT-transformacion_digital-640x360.jpg\",\"datePublished\":\"2019-12-02T16:21:25+00:00\",\"dateModified\":\"2019-12-02T16:22:11+00:00\",\"breadcrumb\":{\"@id\":\"https:\/\/otech.uaeh.edu.mx\/noti\/tech\/en-su-agenda-tecnologica-amlo-ha-encontrado-amigos-pero-no-supera-retos\/#breadcrumb\"},\"inLanguage\":\"en-US\",\"potentialAction\":[{\"@type\":\"ReadAction\",\"target\":[\"https:\/\/otech.uaeh.edu.mx\/noti\/tech\/en-su-agenda-tecnologica-amlo-ha-encontrado-amigos-pero-no-supera-retos\/\"]}]},{\"@type\":\"ImageObject\",\"inLanguage\":\"en-US\",\"@id\":\"https:\/\/otech.uaeh.edu.mx\/noti\/tech\/en-su-agenda-tecnologica-amlo-ha-encontrado-amigos-pero-no-supera-retos\/#primaryimage\",\"url\":\"https:\/\/otech.uaeh.edu.mx\/noti\/wp-content\/uploads\/2019\/12\/BV-ATT-transformacion_digital-640x360.jpg\",\"contentUrl\":\"https:\/\/otech.uaeh.edu.mx\/noti\/wp-content\/uploads\/2019\/12\/BV-ATT-transformacion_digital-640x360.jpg\",\"width\":640,\"height\":360},{\"@type\":\"BreadcrumbList\",\"@id\":\"https:\/\/otech.uaeh.edu.mx\/noti\/tech\/en-su-agenda-tecnologica-amlo-ha-encontrado-amigos-pero-no-supera-retos\/#breadcrumb\",\"itemListElement\":[{\"@type\":\"ListItem\",\"position\":1,\"name\":\"Inicio\",\"item\":\"https:\/\/otech.uaeh.edu.mx\/noti\/\"},{\"@type\":\"ListItem\",\"position\":2,\"name\":\"En su agenda tecnol\u00f3gica, AMLO ha encontrado amigos, pero no supera retos\"}]},{\"@type\":\"WebSite\",\"@id\":\"https:\/\/otech.uaeh.edu.mx\/noti\/#website\",\"url\":\"https:\/\/otech.uaeh.edu.mx\/noti\/\",\"name\":\"Observatorio Tecnol\u00f3gico de Hidalgo\",\"description\":\"\",\"publisher\":{\"@id\":\"https:\/\/otech.uaeh.edu.mx\/noti\/#organization\"},\"potentialAction\":[{\"@type\":\"SearchAction\",\"target\":{\"@type\":\"EntryPoint\",\"urlTemplate\":\"https:\/\/otech.uaeh.edu.mx\/noti\/?s={search_term_string}\"},\"query-input\":{\"@type\":\"PropertyValueSpecification\",\"valueRequired\":true,\"valueName\":\"search_term_string\"}}],\"inLanguage\":\"en-US\"},{\"@type\":\"Organization\",\"@id\":\"https:\/\/otech.uaeh.edu.mx\/noti\/#organization\",\"name\":\"Observatorio Tecnol\u00f3gico de Hidalgo\",\"url\":\"https:\/\/otech.uaeh.edu.mx\/noti\/\",\"logo\":{\"@type\":\"ImageObject\",\"inLanguage\":\"en-US\",\"@id\":\"https:\/\/otech.uaeh.edu.mx\/noti\/#\/schema\/logo\/image\/\",\"url\":\"https:\/\/otech.uaeh.edu.mx\/noti\/wp-content\/uploads\/2025\/11\/Logo-circulo.png\",\"contentUrl\":\"https:\/\/otech.uaeh.edu.mx\/noti\/wp-content\/uploads\/2025\/11\/Logo-circulo.png\",\"width\":250,\"height\":250,\"caption\":\"Observatorio Tecnol\u00f3gico de Hidalgo\"},\"image\":{\"@id\":\"https:\/\/otech.uaeh.edu.mx\/noti\/#\/schema\/logo\/image\/\"},\"sameAs\":[\"https:\/\/www.facebook.com\/observatoriouaeh\",\"https:\/\/x.com\/OBSERVATORIOEH\"]},{\"@type\":\"Person\",\"@id\":\"https:\/\/otech.uaeh.edu.mx\/noti\/#\/schema\/person\/95263d004158ffabcd98137e1d0abc1c\",\"name\":\"admin\",\"image\":{\"@type\":\"ImageObject\",\"inLanguage\":\"en-US\",\"@id\":\"https:\/\/otech.uaeh.edu.mx\/noti\/#\/schema\/person\/image\/\",\"url\":\"https:\/\/secure.gravatar.com\/avatar\/08dd17208ee6a9e87c5a01c0a5f4c96c8ed24bf05e625630929b5b6a7c1ffa5f?s=96&d=mm&r=g\",\"contentUrl\":\"https:\/\/secure.gravatar.com\/avatar\/08dd17208ee6a9e87c5a01c0a5f4c96c8ed24bf05e625630929b5b6a7c1ffa5f?s=96&d=mm&r=g\",\"caption\":\"admin\"},\"url\":\"https:\/\/otech.uaeh.edu.mx\/noti\/author\/admin\/\"}]}<\/script>\n<!-- \/ Yoast SEO plugin. -->","yoast_head_json":{"title":"En su agenda tecnol\u00f3gica, AMLO ha encontrado amigos, pero no supera retos - Observatorio Tecnol\u00f3gico de Hidalgo","robots":{"index":"index","follow":"follow","max-snippet":"max-snippet:-1","max-image-preview":"max-image-preview:large","max-video-preview":"max-video-preview:-1"},"canonical":"https:\/\/otech.uaeh.edu.mx\/noti\/tech\/en-su-agenda-tecnologica-amlo-ha-encontrado-amigos-pero-no-supera-retos\/","og_locale":"en_US","og_type":"article","og_title":"En su agenda tecnol\u00f3gica, AMLO ha encontrado amigos, pero no supera retos - Observatorio Tecnol\u00f3gico de Hidalgo","og_description":"Aunque es indudable que el presidente\u00a0Andr\u00e9s Manuel L\u00f3pez Obrador\u00a0ha tenido algunos acercamientos con empresas tecnol\u00f3gicas como aquella videollamada con Mark Zuckerberg, CEO de\u00a0Facebook, para que entre otras cosas, pueda llevar internet a comunidades no conectadas o su m\u00e1s reciente acercamiento con Brad Smith, presidente de\u00a0Microsoft, con quien acord\u00f3 que la firma\u00a0crear\u00e1 universidades y un software [&hellip;]","og_url":"https:\/\/otech.uaeh.edu.mx\/noti\/tech\/en-su-agenda-tecnologica-amlo-ha-encontrado-amigos-pero-no-supera-retos\/","og_site_name":"Observatorio Tecnol\u00f3gico de Hidalgo","article_publisher":"https:\/\/www.facebook.com\/observatoriouaeh","article_published_time":"2019-12-02T16:21:25+00:00","article_modified_time":"2019-12-02T16:22:11+00:00","og_image":[{"width":640,"height":360,"url":"https:\/\/otech.uaeh.edu.mx\/noti\/wp-content\/uploads\/2019\/12\/BV-ATT-transformacion_digital-640x360.jpg","type":"image\/jpeg"}],"author":"admin","twitter_card":"summary_large_image","twitter_creator":"@OBSERVATORIOEH","twitter_site":"@OBSERVATORIOEH","twitter_misc":{"Written by":"admin","Est. reading time":"6 minutes"},"schema":{"@context":"https:\/\/schema.org","@graph":[{"@type":"Article","@id":"https:\/\/otech.uaeh.edu.mx\/noti\/tech\/en-su-agenda-tecnologica-amlo-ha-encontrado-amigos-pero-no-supera-retos\/#article","isPartOf":{"@id":"https:\/\/otech.uaeh.edu.mx\/noti\/tech\/en-su-agenda-tecnologica-amlo-ha-encontrado-amigos-pero-no-supera-retos\/"},"author":{"name":"admin","@id":"https:\/\/otech.uaeh.edu.mx\/noti\/#\/schema\/person\/95263d004158ffabcd98137e1d0abc1c"},"headline":"En su agenda tecnol\u00f3gica, AMLO ha encontrado amigos, pero no supera retos","datePublished":"2019-12-02T16:21:25+00:00","dateModified":"2019-12-02T16:22:11+00:00","mainEntityOfPage":{"@id":"https:\/\/otech.uaeh.edu.mx\/noti\/tech\/en-su-agenda-tecnologica-amlo-ha-encontrado-amigos-pero-no-supera-retos\/"},"wordCount":1268,"commentCount":0,"publisher":{"@id":"https:\/\/otech.uaeh.edu.mx\/noti\/#organization"},"image":{"@id":"https:\/\/otech.uaeh.edu.mx\/noti\/tech\/en-su-agenda-tecnologica-amlo-ha-encontrado-amigos-pero-no-supera-retos\/#primaryimage"},"thumbnailUrl":"https:\/\/otech.uaeh.edu.mx\/noti\/wp-content\/uploads\/2019\/12\/BV-ATT-transformacion_digital-640x360.jpg","articleSection":["Tecnolog\u00eda"],"inLanguage":"en-US","potentialAction":[{"@type":"CommentAction","name":"Comment","target":["https:\/\/otech.uaeh.edu.mx\/noti\/tech\/en-su-agenda-tecnologica-amlo-ha-encontrado-amigos-pero-no-supera-retos\/#respond"]}]},{"@type":"WebPage","@id":"https:\/\/otech.uaeh.edu.mx\/noti\/tech\/en-su-agenda-tecnologica-amlo-ha-encontrado-amigos-pero-no-supera-retos\/","url":"https:\/\/otech.uaeh.edu.mx\/noti\/tech\/en-su-agenda-tecnologica-amlo-ha-encontrado-amigos-pero-no-supera-retos\/","name":"En su agenda tecnol\u00f3gica, AMLO ha encontrado amigos, pero no supera retos - Observatorio Tecnol\u00f3gico de Hidalgo","isPartOf":{"@id":"https:\/\/otech.uaeh.edu.mx\/noti\/#website"},"primaryImageOfPage":{"@id":"https:\/\/otech.uaeh.edu.mx\/noti\/tech\/en-su-agenda-tecnologica-amlo-ha-encontrado-amigos-pero-no-supera-retos\/#primaryimage"},"image":{"@id":"https:\/\/otech.uaeh.edu.mx\/noti\/tech\/en-su-agenda-tecnologica-amlo-ha-encontrado-amigos-pero-no-supera-retos\/#primaryimage"},"thumbnailUrl":"https:\/\/otech.uaeh.edu.mx\/noti\/wp-content\/uploads\/2019\/12\/BV-ATT-transformacion_digital-640x360.jpg","datePublished":"2019-12-02T16:21:25+00:00","dateModified":"2019-12-02T16:22:11+00:00","breadcrumb":{"@id":"https:\/\/otech.uaeh.edu.mx\/noti\/tech\/en-su-agenda-tecnologica-amlo-ha-encontrado-amigos-pero-no-supera-retos\/#breadcrumb"},"inLanguage":"en-US","potentialAction":[{"@type":"ReadAction","target":["https:\/\/otech.uaeh.edu.mx\/noti\/tech\/en-su-agenda-tecnologica-amlo-ha-encontrado-amigos-pero-no-supera-retos\/"]}]},{"@type":"ImageObject","inLanguage":"en-US","@id":"https:\/\/otech.uaeh.edu.mx\/noti\/tech\/en-su-agenda-tecnologica-amlo-ha-encontrado-amigos-pero-no-supera-retos\/#primaryimage","url":"https:\/\/otech.uaeh.edu.mx\/noti\/wp-content\/uploads\/2019\/12\/BV-ATT-transformacion_digital-640x360.jpg","contentUrl":"https:\/\/otech.uaeh.edu.mx\/noti\/wp-content\/uploads\/2019\/12\/BV-ATT-transformacion_digital-640x360.jpg","width":640,"height":360},{"@type":"BreadcrumbList","@id":"https:\/\/otech.uaeh.edu.mx\/noti\/tech\/en-su-agenda-tecnologica-amlo-ha-encontrado-amigos-pero-no-supera-retos\/#breadcrumb","itemListElement":[{"@type":"ListItem","position":1,"name":"Inicio","item":"https:\/\/otech.uaeh.edu.mx\/noti\/"},{"@type":"ListItem","position":2,"name":"En su agenda tecnol\u00f3gica, AMLO ha encontrado amigos, pero no supera retos"}]},{"@type":"WebSite","@id":"https:\/\/otech.uaeh.edu.mx\/noti\/#website","url":"https:\/\/otech.uaeh.edu.mx\/noti\/","name":"Observatorio Tecnol\u00f3gico de Hidalgo","description":"","publisher":{"@id":"https:\/\/otech.uaeh.edu.mx\/noti\/#organization"},"potentialAction":[{"@type":"SearchAction","target":{"@type":"EntryPoint","urlTemplate":"https:\/\/otech.uaeh.edu.mx\/noti\/?s={search_term_string}"},"query-input":{"@type":"PropertyValueSpecification","valueRequired":true,"valueName":"search_term_string"}}],"inLanguage":"en-US"},{"@type":"Organization","@id":"https:\/\/otech.uaeh.edu.mx\/noti\/#organization","name":"Observatorio Tecnol\u00f3gico de Hidalgo","url":"https:\/\/otech.uaeh.edu.mx\/noti\/","logo":{"@type":"ImageObject","inLanguage":"en-US","@id":"https:\/\/otech.uaeh.edu.mx\/noti\/#\/schema\/logo\/image\/","url":"https:\/\/otech.uaeh.edu.mx\/noti\/wp-content\/uploads\/2025\/11\/Logo-circulo.png","contentUrl":"https:\/\/otech.uaeh.edu.mx\/noti\/wp-content\/uploads\/2025\/11\/Logo-circulo.png","width":250,"height":250,"caption":"Observatorio Tecnol\u00f3gico de Hidalgo"},"image":{"@id":"https:\/\/otech.uaeh.edu.mx\/noti\/#\/schema\/logo\/image\/"},"sameAs":["https:\/\/www.facebook.com\/observatoriouaeh","https:\/\/x.com\/OBSERVATORIOEH"]},{"@type":"Person","@id":"https:\/\/otech.uaeh.edu.mx\/noti\/#\/schema\/person\/95263d004158ffabcd98137e1d0abc1c","name":"admin","image":{"@type":"ImageObject","inLanguage":"en-US","@id":"https:\/\/otech.uaeh.edu.mx\/noti\/#\/schema\/person\/image\/","url":"https:\/\/secure.gravatar.com\/avatar\/08dd17208ee6a9e87c5a01c0a5f4c96c8ed24bf05e625630929b5b6a7c1ffa5f?s=96&d=mm&r=g","contentUrl":"https:\/\/secure.gravatar.com\/avatar\/08dd17208ee6a9e87c5a01c0a5f4c96c8ed24bf05e625630929b5b6a7c1ffa5f?s=96&d=mm&r=g","caption":"admin"},"url":"https:\/\/otech.uaeh.edu.mx\/noti\/author\/admin\/"}]}},"_links":{"self":[{"href":"https:\/\/otech.uaeh.edu.mx\/noti\/wp-json\/wp\/v2\/posts\/19274","targetHints":{"allow":["GET"]}}],"collection":[{"href":"https:\/\/otech.uaeh.edu.mx\/noti\/wp-json\/wp\/v2\/posts"}],"about":[{"href":"https:\/\/otech.uaeh.edu.mx\/noti\/wp-json\/wp\/v2\/types\/post"}],"author":[{"embeddable":true,"href":"https:\/\/otech.uaeh.edu.mx\/noti\/wp-json\/wp\/v2\/users\/1"}],"replies":[{"embeddable":true,"href":"https:\/\/otech.uaeh.edu.mx\/noti\/wp-json\/wp\/v2\/comments?post=19274"}],"version-history":[{"count":1,"href":"https:\/\/otech.uaeh.edu.mx\/noti\/wp-json\/wp\/v2\/posts\/19274\/revisions"}],"predecessor-version":[{"id":19275,"href":"https:\/\/otech.uaeh.edu.mx\/noti\/wp-json\/wp\/v2\/posts\/19274\/revisions\/19275"}],"wp:featuredmedia":[{"embeddable":true,"href":"https:\/\/otech.uaeh.edu.mx\/noti\/wp-json\/wp\/v2\/media\/19276"}],"wp:attachment":[{"href":"https:\/\/otech.uaeh.edu.mx\/noti\/wp-json\/wp\/v2\/media?parent=19274"}],"wp:term":[{"taxonomy":"category","embeddable":true,"href":"https:\/\/otech.uaeh.edu.mx\/noti\/wp-json\/wp\/v2\/categories?post=19274"},{"taxonomy":"post_tag","embeddable":true,"href":"https:\/\/otech.uaeh.edu.mx\/noti\/wp-json\/wp\/v2\/tags?post=19274"}],"curies":[{"name":"wp","href":"https:\/\/api.w.org\/{rel}","templated":true}]}}