{"id":20858,"date":"2020-10-27T10:58:38","date_gmt":"2020-10-27T16:58:38","guid":{"rendered":"https:\/\/otech.uaeh.edu.mx\/noti\/?p=20858"},"modified":"2020-10-27T10:58:54","modified_gmt":"2020-10-27T16:58:54","slug":"un-encuentro-organizado-por-cinco-dias-patrocinado-por-capgemini-subirse-a-la-nube-no-es-una-cuestion-solo-de-tecnologia","status":"publish","type":"post","link":"https:\/\/otech.uaeh.edu.mx\/noti\/big-data\/un-encuentro-organizado-por-cinco-dias-patrocinado-por-capgemini-subirse-a-la-nube-no-es-una-cuestion-solo-de-tecnologia\/","title":{"rendered":"Un encuentro organizado por Cinco D\u00edas, patrocinado por Capgemini \u2018Subirse a la nube\u2019 no es una cuesti\u00f3n solo de tecnolog\u00eda"},"content":{"rendered":"<p style=\"text-align: justify;\">Las grandes empresas multiplicaron por cinco su uso de la tecnolog\u00eda \u2018cloud\u2019 en las semanas posteriores a la primera declaraci\u00f3n del Estado de Alarma, el pasado 14 de marzo. El dato, suministrado por Hugo de los Santos, director de Cloud de Telef\u00f3nica Tech, deja bien a las claras el salto cualitativo en el uso de la nube que se ha producido durante los \u00faltimos meses. Sin embargo, la adopci\u00f3n del \u2018cloud\u2019 puede ser m\u00e1s complicada de lo aparente; es un proceso que merece toda atenci\u00f3n en un contexto empresarial en el que la eficiencia de cada euro puede ser incluso una cuesti\u00f3n de supervivencia.<!--more--><\/p>\n<p style=\"text-align: justify;\">Para analizar esta nueva etapa en la progresiva adopci\u00f3n del \u2018cloud\u2019 por las empresas, Cinco D\u00edas organiz\u00f3 recientemente, en colaboraci\u00f3n con la consultora Capgemini, el desayuno online \u2018La nueva era del \u2018cloud\u2019: por qu\u00e9 las empresas necesitan repensar c\u00f3mo act\u00faan en la nube\u2019. Los siete ponentes coincidieron en una idea b\u00e1sica: el concepto de \u2018cloud\u2019 es muy amplio, y las idiosincrasias de cada empresa muy distintas. Por eso no hay una \u00fanica receta ni soluciones m\u00e1gicas.<\/p>\n<p style=\"text-align: justify;\"><strong>De qu\u00e9 hablamos cuando hablamos de la nube<\/strong><\/p>\n<p style=\"text-align: justify;\">Jorge Villaverde, Chief Technology Officer (CTO) de Capgemini, dedic\u00f3 su primera intervenci\u00f3n precisamente a abrir el campo de juego: \u201cEl \u2018cloud\u2019 es un proceso de transformaci\u00f3n tecnol\u00f3gica que podemos desplegar dentro de nuestras propias organizaciones; por eso no hay que hablar solo de \u2018cloud\u2019 p\u00fablica. Tambi\u00e9n es una cuesti\u00f3n de transformar nuestras propias capacidades tecnol\u00f3gicas\u201d. Como dijo De Los Santos, \u201cesto no va solo de infraestructuras, no es algo exclusivamente del departamento de Tecnolog\u00edas de la Informaci\u00f3n\u201d (TI).<\/p>\n<p style=\"text-align: justify;\">En esa l\u00ednea, Alberto Rosa, CTO de CaixaBank, se\u00f1al\u00f3la eficiencia y la resiliencia como las dos grandes ventajas que aporta esta tecnolog\u00eda a las empresas: \u201cLa pandemia nos ha obligado a dar muchos pasos en el uso de la nube p\u00fablica, pero tenemos a\u00fan mucho recorrido por hacer\u201d, consider\u00f3. \u201cEl \u2018cloud\u2019 va mucho m\u00e1s all\u00e1 de la funci\u00f3n tecnol\u00f3gica, y se ha convertido en un pilar de la continuidad del negocio y de la ciberseguridad. El n\u00famero de ciberataques se ha incrementado, y tener un apoyo en la nube ayuda para repeler esos ataques y facilita la recuperaci\u00f3n, si es que llegan a afectar\u201d, a\u00f1adi\u00f3. \u201cLa ciberseguridad es incluso m\u00e1s importante en la nube\u201d, se\u00f1al\u00f3 por su parte Luis Carlos Fern\u00e1ndez \u00c1balos, CTO Global de Mapfre.<\/p>\n<p style=\"text-align: justify;\"><strong>El reto de las pymes<\/strong><\/p>\n<p style=\"text-align: justify;\">Para De los Santos, de Telef\u00f3nica, las grandes empresas \u201chan entendido que la adopci\u00f3n de tecnolog\u00edas en la nube es una cuesti\u00f3n de supervivencia, como se ha demostrado con la pandemia. Pero me preocupa la situaci\u00f3n de las pymes, que se han encontrado con el pie cambiado\u201d. Seg\u00fan sus datos, solo el 20% de las peque\u00f1as y medianas empresas est\u00e1 en la nube, muy por debajo de la situaci\u00f3n en el resto de Europa. Y eso que la tecnolog\u00eda \u2018cloud\u2019 ha reducido los costes tecnol\u00f3gicos de las pymes a niveles impensables hace unas d\u00e9cadas: \u201cCon 500 euros las nuevas empresas pueden empezar a funcionar, cantidades que se pueden pagar con la tarjeta de cr\u00e9dito\u201d, dijo de forma gr\u00e1fica Alberto Rosa, de Caixabank: &#8220;No hay riesgo al apostar por el \u2018cloud\u2019; hay riesgo por no apostar por el \u2018cloud\u2019. Soy optimista respecto a la evoluci\u00f3n de las pymes que van naciendo&#8221;.<\/p>\n<p style=\"text-align: justify;\">La nube no solo permite a las pymes acceder a unos servicios tecnol\u00f3gicos que no se podr\u00edan permitir de otra manera; adem\u00e1s, por su propio tama\u00f1o, esquivan uno de los grandes problemas que sufren las grandes compa\u00f1\u00edas en sus procesos de \u2018cloudificaci\u00f3n\u2019: la dif\u00edcil convivencia con los sistemas inform\u00e1ticos heredados, lo que se conoce como el \u2018legacy\u2019. Varios de los ponentes, representantes de grandes empresas con muchos a\u00f1os a sus espaldas, incidieron en este punto. &#8220;El<span>\u00a0<\/span><em>cloud<\/em><span>\u00a0<\/span>ofrece grandes posibilidades, pero hay que estudiar los costes, los problemas de &#8216;legacy&#8217; y la regulaci\u00f3n de los datos&#8221;, asegur\u00f3 Amalio Rodr\u00edguez, CTO de Iberdrola. Luis Carlos Fern\u00e1ndez \u00c1balos, de Mapfre, habl\u00f3 de \u201cbuscar el equilibrio. M\u00e1s que pensar para qu\u00e9 quieres la tecnolog\u00eda \u2018cloud\u2019, preguntar\u00eda m\u00e1s bien por los servicios: para qu\u00e9, con qu\u00e9 costes, c\u00f3mo te afecta la regulaci\u00f3n&#8230;\u201d. Y Rosa, CTO de Caixabank, tambi\u00e9n se\u00f1al\u00f3 la importancia de las normativas, especialmente en un sector tan regulado como el financiero.<\/p>\n<p style=\"text-align: justify;\">Muchos problemas nacen, seg\u00fan argument\u00f3 Fern\u00e1ndez \u00c1balos, de la convivencia de los costes de los dos modelos: el \u2018on premise\u2019, es decir, la utilizaci\u00f3n de servidores e infraestructuras de la empresa, y el \u2018cloud\u2019: \u201cCuando empiezas a desviar servicios a la nube, al mismo tiempo est\u00e1s reteniendo muchos costes en la estructura que ya ten\u00edas. Tienes que ir preparando el entorno y flexibilizando los servicios de las estructuras tradicionales&#8221;. \u201cLa convergencia entre los dos mundos [la nube y el \u2018on premise\u2019] es inevitable. El gran reto que tenemos todos por delante es adaptarnos\u201d, a\u00f1adi\u00f3 Teresa Verd\u00fa, directora de Global IT&amp;S Infrastructure Services de Repsol.<\/p>\n<p style=\"text-align: justify;\">Pero entonces, si no tienen el problema del \u2018legacy\u2019 y les permite mejor tecnolog\u00eda, \u00bfpor qu\u00e9 las pymes no terminan de apostar por el \u2018cloud\u2019? De los Santos enton\u00f3 el mea culpa: \u201cGran parte de la responsabilidad es de los que nos dedicamos a esto, que nos hemos acercado a las pymes como si fuesen grandes empresas. Hay que traducir los servicios en la nube a incremento de ingresos, a mejoras de la eficiencia. Si no, topamos con una barrera psicol\u00f3gica de entrada, porque lo ven como un gasto. \u00bfCu\u00e1ntas peque\u00f1as y medianas empresas no tienen siquiera su web o el Office en \u2018cloud\u2019?\u201d, se pregunt\u00f3 ret\u00f3ricamente.<\/p>\n<p style=\"text-align: justify;\">Manuel Tarrasa, Chief Information Officer (CIO) y CTO de Prosegur, tambi\u00e9n apunt\u00f3 a la necesidad de una mayor pedagog\u00eda: \u201cEs obvio: las peque\u00f1as y medianas empresas no se pueden permitir Centros de Procesamientos de Datos [CPDs en la jerga del sector]. Si para alguien tiene sentido los servicios en la nube es para las pymes\u201d. El ejecutivo explic\u00f3 que la nube es un elemento fundamental de la estrategia de la empresa de seguridad, que prev\u00e9 dejar en solo tres los 26 CPDs que tiene actualmente funcionando por todo el mundo, sustituy\u00e9ndolos por servicios en la nube. Adem\u00e1s, \u201ccada vez nos estamos pareciendo m\u00e1s a una empresa de software, y en nuestra apuesta por la Inteligencia Artificial y la visi\u00f3n computarizada es fundamental la nube\u201d, a\u00f1adi\u00f3.<\/p>\n<p style=\"text-align: justify;\">Repsol tambi\u00e9n sustenta gran parte de sus apuestas de innovaci\u00f3n -m\u00e1s de 190 programas abiertos- en la nube, seg\u00fan explic\u00f3 Teresa Verd\u00fa, su directora global de IT&amp;D Infrastructure Services. \u201cTenemos el 30% de nuestras infraestructuras en la nube, y nuestro objetivo es llegar al fin de 2022 con el 60 o el 65%\u201d, asegur\u00f3.<\/p>\n<p style=\"text-align: justify;\">Para la ejecutiva de Repsol, \u201cse est\u00e1 produciendo un cambio claro en la forma de trabajar de los departamentos de TI, con el mundo de las infraestructuras mucho m\u00e1s cerca del de las aplicaciones. Tenemos que ofrecer m\u00e1s servicios en la nube para ganar autonom\u00eda, y para lograrlo nuestro rol debe cambiar, convirti\u00e9ndonos en una especie de gobierno de ese modelo unificado de operaciones, est\u00e9n donde est\u00e9n las infraestructuras\u201d.<\/p>\n<p style=\"text-align: justify;\">De los Santos tambi\u00e9n se\u00f1al\u00f3 la importancia de la transformaci\u00f3n de los equipos -\u201csufrimos una carencia brutal de t\u00e9cnicos cualificados\u201d- y de la cultura empresarial para sacar todo el partido de la computaci\u00f3n en la nube. \u201cHemos visto como muchos procesos de transformaci\u00f3n hacia el \u2018cloud\u2019 fracasaban porque la organizaci\u00f3n no est\u00e1 preparada culturalmente. Es como una parte oculta del iceberg. Se necesita personal cualificado con una mentalidad espec\u00edfica\u201d, enfatiz\u00f3.<span>\u00a0<\/span><strong>\u201c<\/strong>Tenemos que entender que hay que dotar a los servicios de recursos, y eso incluye que todas las personas relacionadas con el servicio est\u00e1n alineadas. En las grandes organizaciones no somos vemos un \u2018legacy\u2019 de infraestructuras, sino tambi\u00e9n de cultura empresarial\u201d, se\u00f1al\u00f3 Villaverde. Las m\u00e1quinas se pueden cambiar con dinero, pero las personas que trabajan con ellas tambi\u00e9n deben adaptarse al nuevo entorno. De lo contrario, la transformaci\u00f3n digital traer\u00e1 muchos m\u00e1s dolores de cabeza de lo esperado.<\/p>\n<p>Fuente:<\/p>\n<p tab-interval=\"36pt\">Fanjul, S. C. (2020, 26 octubre). \u00bfAcabar\u00e1n los ordenadores cu\u00e1nticos con la criptograf\u00eda tradicional? Recuperado 27 de octubre de 2020, de https:\/\/retina.elpais.com\/retina\/2020\/10\/27\/tendencias\/1603781734_907970.html<\/p>\n","protected":false},"excerpt":{"rendered":"<p>Las grandes empresas multiplicaron por cinco su uso de la tecnolog\u00eda \u2018cloud\u2019 en las semanas posteriores a la primera declaraci\u00f3n del Estado de Alarma, el pasado 14 de marzo. El dato, suministrado por Hugo de los Santos, director de Cloud de Telef\u00f3nica Tech, deja bien a las claras el salto cualitativo en el uso de [&hellip;]<\/p>\n","protected":false},"author":1,"featured_media":20859,"comment_status":"open","ping_status":"open","sticky":false,"template":"","format":"standard","meta":{"footnotes":""},"categories":[377],"tags":[],"class_list":["post-20858","post","type-post","status-publish","format-standard","has-post-thumbnail","hentry","category-big-data"],"yoast_head":"<!-- This site is optimized with the Yoast SEO plugin v26.7 - https:\/\/yoast.com\/wordpress\/plugins\/seo\/ -->\n<title>Un encuentro organizado por Cinco D\u00edas, patrocinado por Capgemini \u2018Subirse a la nube\u2019 no es una cuesti\u00f3n solo de tecnolog\u00eda - Observatorio Tecnol\u00f3gico de Hidalgo<\/title>\n<meta name=\"robots\" content=\"index, follow, max-snippet:-1, max-image-preview:large, max-video-preview:-1\" \/>\n<link rel=\"canonical\" href=\"https:\/\/otech.uaeh.edu.mx\/noti\/big-data\/un-encuentro-organizado-por-cinco-dias-patrocinado-por-capgemini-subirse-a-la-nube-no-es-una-cuestion-solo-de-tecnologia\/\" \/>\n<meta property=\"og:locale\" content=\"en_US\" \/>\n<meta property=\"og:type\" content=\"article\" \/>\n<meta property=\"og:title\" content=\"Un encuentro organizado por Cinco D\u00edas, patrocinado por Capgemini \u2018Subirse a la nube\u2019 no es una cuesti\u00f3n solo de tecnolog\u00eda - Observatorio Tecnol\u00f3gico de Hidalgo\" \/>\n<meta property=\"og:description\" content=\"Las grandes empresas multiplicaron por cinco su uso de la tecnolog\u00eda \u2018cloud\u2019 en las semanas posteriores a la primera declaraci\u00f3n del Estado de Alarma, el pasado 14 de marzo. El dato, suministrado por Hugo de los Santos, director de Cloud de Telef\u00f3nica Tech, deja bien a las claras el salto cualitativo en el uso de [&hellip;]\" \/>\n<meta property=\"og:url\" content=\"https:\/\/otech.uaeh.edu.mx\/noti\/big-data\/un-encuentro-organizado-por-cinco-dias-patrocinado-por-capgemini-subirse-a-la-nube-no-es-una-cuestion-solo-de-tecnologia\/\" \/>\n<meta property=\"og:site_name\" content=\"Observatorio Tecnol\u00f3gico de Hidalgo\" \/>\n<meta property=\"article:publisher\" content=\"https:\/\/www.facebook.com\/observatoriouaeh\" \/>\n<meta property=\"article:published_time\" content=\"2020-10-27T16:58:38+00:00\" \/>\n<meta property=\"article:modified_time\" content=\"2020-10-27T16:58:54+00:00\" \/>\n<meta property=\"og:image\" content=\"https:\/\/otech.uaeh.edu.mx\/noti\/wp-content\/uploads\/2020\/10\/que-es-la-nube-e1553862270324.jpg\" \/>\n\t<meta property=\"og:image:width\" content=\"800\" \/>\n\t<meta property=\"og:image:height\" content=\"473\" \/>\n\t<meta property=\"og:image:type\" content=\"image\/jpeg\" \/>\n<meta name=\"author\" content=\"admin\" \/>\n<meta name=\"twitter:card\" content=\"summary_large_image\" \/>\n<meta name=\"twitter:creator\" content=\"@OBSERVATORIOEH\" \/>\n<meta name=\"twitter:site\" content=\"@OBSERVATORIOEH\" \/>\n<meta name=\"twitter:label1\" content=\"Written by\" \/>\n\t<meta name=\"twitter:data1\" content=\"admin\" \/>\n\t<meta name=\"twitter:label2\" content=\"Est. reading time\" \/>\n\t<meta name=\"twitter:data2\" content=\"7 minutes\" \/>\n<script type=\"application\/ld+json\" class=\"yoast-schema-graph\">{\"@context\":\"https:\/\/schema.org\",\"@graph\":[{\"@type\":\"Article\",\"@id\":\"https:\/\/otech.uaeh.edu.mx\/noti\/big-data\/un-encuentro-organizado-por-cinco-dias-patrocinado-por-capgemini-subirse-a-la-nube-no-es-una-cuestion-solo-de-tecnologia\/#article\",\"isPartOf\":{\"@id\":\"https:\/\/otech.uaeh.edu.mx\/noti\/big-data\/un-encuentro-organizado-por-cinco-dias-patrocinado-por-capgemini-subirse-a-la-nube-no-es-una-cuestion-solo-de-tecnologia\/\"},\"author\":{\"name\":\"admin\",\"@id\":\"https:\/\/otech.uaeh.edu.mx\/noti\/#\/schema\/person\/95263d004158ffabcd98137e1d0abc1c\"},\"headline\":\"Un encuentro organizado por Cinco D\u00edas, patrocinado por Capgemini \u2018Subirse a la nube\u2019 no es una cuesti\u00f3n solo de tecnolog\u00eda\",\"datePublished\":\"2020-10-27T16:58:38+00:00\",\"dateModified\":\"2020-10-27T16:58:54+00:00\",\"mainEntityOfPage\":{\"@id\":\"https:\/\/otech.uaeh.edu.mx\/noti\/big-data\/un-encuentro-organizado-por-cinco-dias-patrocinado-por-capgemini-subirse-a-la-nube-no-es-una-cuestion-solo-de-tecnologia\/\"},\"wordCount\":1477,\"commentCount\":0,\"publisher\":{\"@id\":\"https:\/\/otech.uaeh.edu.mx\/noti\/#organization\"},\"image\":{\"@id\":\"https:\/\/otech.uaeh.edu.mx\/noti\/big-data\/un-encuentro-organizado-por-cinco-dias-patrocinado-por-capgemini-subirse-a-la-nube-no-es-una-cuestion-solo-de-tecnologia\/#primaryimage\"},\"thumbnailUrl\":\"https:\/\/otech.uaeh.edu.mx\/noti\/wp-content\/uploads\/2020\/10\/que-es-la-nube-e1553862270324.jpg\",\"articleSection\":[\"Big data\"],\"inLanguage\":\"en-US\",\"potentialAction\":[{\"@type\":\"CommentAction\",\"name\":\"Comment\",\"target\":[\"https:\/\/otech.uaeh.edu.mx\/noti\/big-data\/un-encuentro-organizado-por-cinco-dias-patrocinado-por-capgemini-subirse-a-la-nube-no-es-una-cuestion-solo-de-tecnologia\/#respond\"]}]},{\"@type\":\"WebPage\",\"@id\":\"https:\/\/otech.uaeh.edu.mx\/noti\/big-data\/un-encuentro-organizado-por-cinco-dias-patrocinado-por-capgemini-subirse-a-la-nube-no-es-una-cuestion-solo-de-tecnologia\/\",\"url\":\"https:\/\/otech.uaeh.edu.mx\/noti\/big-data\/un-encuentro-organizado-por-cinco-dias-patrocinado-por-capgemini-subirse-a-la-nube-no-es-una-cuestion-solo-de-tecnologia\/\",\"name\":\"Un encuentro organizado por Cinco D\u00edas, patrocinado por Capgemini \u2018Subirse a la nube\u2019 no es una cuesti\u00f3n solo de tecnolog\u00eda - Observatorio Tecnol\u00f3gico de Hidalgo\",\"isPartOf\":{\"@id\":\"https:\/\/otech.uaeh.edu.mx\/noti\/#website\"},\"primaryImageOfPage\":{\"@id\":\"https:\/\/otech.uaeh.edu.mx\/noti\/big-data\/un-encuentro-organizado-por-cinco-dias-patrocinado-por-capgemini-subirse-a-la-nube-no-es-una-cuestion-solo-de-tecnologia\/#primaryimage\"},\"image\":{\"@id\":\"https:\/\/otech.uaeh.edu.mx\/noti\/big-data\/un-encuentro-organizado-por-cinco-dias-patrocinado-por-capgemini-subirse-a-la-nube-no-es-una-cuestion-solo-de-tecnologia\/#primaryimage\"},\"thumbnailUrl\":\"https:\/\/otech.uaeh.edu.mx\/noti\/wp-content\/uploads\/2020\/10\/que-es-la-nube-e1553862270324.jpg\",\"datePublished\":\"2020-10-27T16:58:38+00:00\",\"dateModified\":\"2020-10-27T16:58:54+00:00\",\"breadcrumb\":{\"@id\":\"https:\/\/otech.uaeh.edu.mx\/noti\/big-data\/un-encuentro-organizado-por-cinco-dias-patrocinado-por-capgemini-subirse-a-la-nube-no-es-una-cuestion-solo-de-tecnologia\/#breadcrumb\"},\"inLanguage\":\"en-US\",\"potentialAction\":[{\"@type\":\"ReadAction\",\"target\":[\"https:\/\/otech.uaeh.edu.mx\/noti\/big-data\/un-encuentro-organizado-por-cinco-dias-patrocinado-por-capgemini-subirse-a-la-nube-no-es-una-cuestion-solo-de-tecnologia\/\"]}]},{\"@type\":\"ImageObject\",\"inLanguage\":\"en-US\",\"@id\":\"https:\/\/otech.uaeh.edu.mx\/noti\/big-data\/un-encuentro-organizado-por-cinco-dias-patrocinado-por-capgemini-subirse-a-la-nube-no-es-una-cuestion-solo-de-tecnologia\/#primaryimage\",\"url\":\"https:\/\/otech.uaeh.edu.mx\/noti\/wp-content\/uploads\/2020\/10\/que-es-la-nube-e1553862270324.jpg\",\"contentUrl\":\"https:\/\/otech.uaeh.edu.mx\/noti\/wp-content\/uploads\/2020\/10\/que-es-la-nube-e1553862270324.jpg\",\"width\":800,\"height\":473},{\"@type\":\"BreadcrumbList\",\"@id\":\"https:\/\/otech.uaeh.edu.mx\/noti\/big-data\/un-encuentro-organizado-por-cinco-dias-patrocinado-por-capgemini-subirse-a-la-nube-no-es-una-cuestion-solo-de-tecnologia\/#breadcrumb\",\"itemListElement\":[{\"@type\":\"ListItem\",\"position\":1,\"name\":\"Inicio\",\"item\":\"https:\/\/otech.uaeh.edu.mx\/noti\/\"},{\"@type\":\"ListItem\",\"position\":2,\"name\":\"Un encuentro organizado por Cinco D\u00edas, patrocinado por Capgemini \u2018Subirse a la nube\u2019 no es una cuesti\u00f3n solo de tecnolog\u00eda\"}]},{\"@type\":\"WebSite\",\"@id\":\"https:\/\/otech.uaeh.edu.mx\/noti\/#website\",\"url\":\"https:\/\/otech.uaeh.edu.mx\/noti\/\",\"name\":\"Observatorio Tecnol\u00f3gico de Hidalgo\",\"description\":\"\",\"publisher\":{\"@id\":\"https:\/\/otech.uaeh.edu.mx\/noti\/#organization\"},\"potentialAction\":[{\"@type\":\"SearchAction\",\"target\":{\"@type\":\"EntryPoint\",\"urlTemplate\":\"https:\/\/otech.uaeh.edu.mx\/noti\/?s={search_term_string}\"},\"query-input\":{\"@type\":\"PropertyValueSpecification\",\"valueRequired\":true,\"valueName\":\"search_term_string\"}}],\"inLanguage\":\"en-US\"},{\"@type\":\"Organization\",\"@id\":\"https:\/\/otech.uaeh.edu.mx\/noti\/#organization\",\"name\":\"Observatorio Tecnol\u00f3gico de Hidalgo\",\"url\":\"https:\/\/otech.uaeh.edu.mx\/noti\/\",\"logo\":{\"@type\":\"ImageObject\",\"inLanguage\":\"en-US\",\"@id\":\"https:\/\/otech.uaeh.edu.mx\/noti\/#\/schema\/logo\/image\/\",\"url\":\"https:\/\/otech.uaeh.edu.mx\/noti\/wp-content\/uploads\/2025\/11\/Logo-circulo.png\",\"contentUrl\":\"https:\/\/otech.uaeh.edu.mx\/noti\/wp-content\/uploads\/2025\/11\/Logo-circulo.png\",\"width\":250,\"height\":250,\"caption\":\"Observatorio Tecnol\u00f3gico de Hidalgo\"},\"image\":{\"@id\":\"https:\/\/otech.uaeh.edu.mx\/noti\/#\/schema\/logo\/image\/\"},\"sameAs\":[\"https:\/\/www.facebook.com\/observatoriouaeh\",\"https:\/\/x.com\/OBSERVATORIOEH\"]},{\"@type\":\"Person\",\"@id\":\"https:\/\/otech.uaeh.edu.mx\/noti\/#\/schema\/person\/95263d004158ffabcd98137e1d0abc1c\",\"name\":\"admin\",\"image\":{\"@type\":\"ImageObject\",\"inLanguage\":\"en-US\",\"@id\":\"https:\/\/otech.uaeh.edu.mx\/noti\/#\/schema\/person\/image\/\",\"url\":\"https:\/\/secure.gravatar.com\/avatar\/08dd17208ee6a9e87c5a01c0a5f4c96c8ed24bf05e625630929b5b6a7c1ffa5f?s=96&d=mm&r=g\",\"contentUrl\":\"https:\/\/secure.gravatar.com\/avatar\/08dd17208ee6a9e87c5a01c0a5f4c96c8ed24bf05e625630929b5b6a7c1ffa5f?s=96&d=mm&r=g\",\"caption\":\"admin\"},\"url\":\"https:\/\/otech.uaeh.edu.mx\/noti\/author\/admin\/\"}]}<\/script>\n<!-- \/ Yoast SEO plugin. -->","yoast_head_json":{"title":"Un encuentro organizado por Cinco D\u00edas, patrocinado por Capgemini \u2018Subirse a la nube\u2019 no es una cuesti\u00f3n solo de tecnolog\u00eda - Observatorio Tecnol\u00f3gico de Hidalgo","robots":{"index":"index","follow":"follow","max-snippet":"max-snippet:-1","max-image-preview":"max-image-preview:large","max-video-preview":"max-video-preview:-1"},"canonical":"https:\/\/otech.uaeh.edu.mx\/noti\/big-data\/un-encuentro-organizado-por-cinco-dias-patrocinado-por-capgemini-subirse-a-la-nube-no-es-una-cuestion-solo-de-tecnologia\/","og_locale":"en_US","og_type":"article","og_title":"Un encuentro organizado por Cinco D\u00edas, patrocinado por Capgemini \u2018Subirse a la nube\u2019 no es una cuesti\u00f3n solo de tecnolog\u00eda - Observatorio Tecnol\u00f3gico de Hidalgo","og_description":"Las grandes empresas multiplicaron por cinco su uso de la tecnolog\u00eda \u2018cloud\u2019 en las semanas posteriores a la primera declaraci\u00f3n del Estado de Alarma, el pasado 14 de marzo. El dato, suministrado por Hugo de los Santos, director de Cloud de Telef\u00f3nica Tech, deja bien a las claras el salto cualitativo en el uso de [&hellip;]","og_url":"https:\/\/otech.uaeh.edu.mx\/noti\/big-data\/un-encuentro-organizado-por-cinco-dias-patrocinado-por-capgemini-subirse-a-la-nube-no-es-una-cuestion-solo-de-tecnologia\/","og_site_name":"Observatorio Tecnol\u00f3gico de Hidalgo","article_publisher":"https:\/\/www.facebook.com\/observatoriouaeh","article_published_time":"2020-10-27T16:58:38+00:00","article_modified_time":"2020-10-27T16:58:54+00:00","og_image":[{"width":800,"height":473,"url":"https:\/\/otech.uaeh.edu.mx\/noti\/wp-content\/uploads\/2020\/10\/que-es-la-nube-e1553862270324.jpg","type":"image\/jpeg"}],"author":"admin","twitter_card":"summary_large_image","twitter_creator":"@OBSERVATORIOEH","twitter_site":"@OBSERVATORIOEH","twitter_misc":{"Written by":"admin","Est. reading time":"7 minutes"},"schema":{"@context":"https:\/\/schema.org","@graph":[{"@type":"Article","@id":"https:\/\/otech.uaeh.edu.mx\/noti\/big-data\/un-encuentro-organizado-por-cinco-dias-patrocinado-por-capgemini-subirse-a-la-nube-no-es-una-cuestion-solo-de-tecnologia\/#article","isPartOf":{"@id":"https:\/\/otech.uaeh.edu.mx\/noti\/big-data\/un-encuentro-organizado-por-cinco-dias-patrocinado-por-capgemini-subirse-a-la-nube-no-es-una-cuestion-solo-de-tecnologia\/"},"author":{"name":"admin","@id":"https:\/\/otech.uaeh.edu.mx\/noti\/#\/schema\/person\/95263d004158ffabcd98137e1d0abc1c"},"headline":"Un encuentro organizado por Cinco D\u00edas, patrocinado por Capgemini \u2018Subirse a la nube\u2019 no es una cuesti\u00f3n solo de tecnolog\u00eda","datePublished":"2020-10-27T16:58:38+00:00","dateModified":"2020-10-27T16:58:54+00:00","mainEntityOfPage":{"@id":"https:\/\/otech.uaeh.edu.mx\/noti\/big-data\/un-encuentro-organizado-por-cinco-dias-patrocinado-por-capgemini-subirse-a-la-nube-no-es-una-cuestion-solo-de-tecnologia\/"},"wordCount":1477,"commentCount":0,"publisher":{"@id":"https:\/\/otech.uaeh.edu.mx\/noti\/#organization"},"image":{"@id":"https:\/\/otech.uaeh.edu.mx\/noti\/big-data\/un-encuentro-organizado-por-cinco-dias-patrocinado-por-capgemini-subirse-a-la-nube-no-es-una-cuestion-solo-de-tecnologia\/#primaryimage"},"thumbnailUrl":"https:\/\/otech.uaeh.edu.mx\/noti\/wp-content\/uploads\/2020\/10\/que-es-la-nube-e1553862270324.jpg","articleSection":["Big data"],"inLanguage":"en-US","potentialAction":[{"@type":"CommentAction","name":"Comment","target":["https:\/\/otech.uaeh.edu.mx\/noti\/big-data\/un-encuentro-organizado-por-cinco-dias-patrocinado-por-capgemini-subirse-a-la-nube-no-es-una-cuestion-solo-de-tecnologia\/#respond"]}]},{"@type":"WebPage","@id":"https:\/\/otech.uaeh.edu.mx\/noti\/big-data\/un-encuentro-organizado-por-cinco-dias-patrocinado-por-capgemini-subirse-a-la-nube-no-es-una-cuestion-solo-de-tecnologia\/","url":"https:\/\/otech.uaeh.edu.mx\/noti\/big-data\/un-encuentro-organizado-por-cinco-dias-patrocinado-por-capgemini-subirse-a-la-nube-no-es-una-cuestion-solo-de-tecnologia\/","name":"Un encuentro organizado por Cinco D\u00edas, patrocinado por Capgemini \u2018Subirse a la nube\u2019 no es una cuesti\u00f3n solo de tecnolog\u00eda - Observatorio Tecnol\u00f3gico de Hidalgo","isPartOf":{"@id":"https:\/\/otech.uaeh.edu.mx\/noti\/#website"},"primaryImageOfPage":{"@id":"https:\/\/otech.uaeh.edu.mx\/noti\/big-data\/un-encuentro-organizado-por-cinco-dias-patrocinado-por-capgemini-subirse-a-la-nube-no-es-una-cuestion-solo-de-tecnologia\/#primaryimage"},"image":{"@id":"https:\/\/otech.uaeh.edu.mx\/noti\/big-data\/un-encuentro-organizado-por-cinco-dias-patrocinado-por-capgemini-subirse-a-la-nube-no-es-una-cuestion-solo-de-tecnologia\/#primaryimage"},"thumbnailUrl":"https:\/\/otech.uaeh.edu.mx\/noti\/wp-content\/uploads\/2020\/10\/que-es-la-nube-e1553862270324.jpg","datePublished":"2020-10-27T16:58:38+00:00","dateModified":"2020-10-27T16:58:54+00:00","breadcrumb":{"@id":"https:\/\/otech.uaeh.edu.mx\/noti\/big-data\/un-encuentro-organizado-por-cinco-dias-patrocinado-por-capgemini-subirse-a-la-nube-no-es-una-cuestion-solo-de-tecnologia\/#breadcrumb"},"inLanguage":"en-US","potentialAction":[{"@type":"ReadAction","target":["https:\/\/otech.uaeh.edu.mx\/noti\/big-data\/un-encuentro-organizado-por-cinco-dias-patrocinado-por-capgemini-subirse-a-la-nube-no-es-una-cuestion-solo-de-tecnologia\/"]}]},{"@type":"ImageObject","inLanguage":"en-US","@id":"https:\/\/otech.uaeh.edu.mx\/noti\/big-data\/un-encuentro-organizado-por-cinco-dias-patrocinado-por-capgemini-subirse-a-la-nube-no-es-una-cuestion-solo-de-tecnologia\/#primaryimage","url":"https:\/\/otech.uaeh.edu.mx\/noti\/wp-content\/uploads\/2020\/10\/que-es-la-nube-e1553862270324.jpg","contentUrl":"https:\/\/otech.uaeh.edu.mx\/noti\/wp-content\/uploads\/2020\/10\/que-es-la-nube-e1553862270324.jpg","width":800,"height":473},{"@type":"BreadcrumbList","@id":"https:\/\/otech.uaeh.edu.mx\/noti\/big-data\/un-encuentro-organizado-por-cinco-dias-patrocinado-por-capgemini-subirse-a-la-nube-no-es-una-cuestion-solo-de-tecnologia\/#breadcrumb","itemListElement":[{"@type":"ListItem","position":1,"name":"Inicio","item":"https:\/\/otech.uaeh.edu.mx\/noti\/"},{"@type":"ListItem","position":2,"name":"Un encuentro organizado por Cinco D\u00edas, patrocinado por Capgemini \u2018Subirse a la nube\u2019 no es una cuesti\u00f3n solo de tecnolog\u00eda"}]},{"@type":"WebSite","@id":"https:\/\/otech.uaeh.edu.mx\/noti\/#website","url":"https:\/\/otech.uaeh.edu.mx\/noti\/","name":"Observatorio Tecnol\u00f3gico de Hidalgo","description":"","publisher":{"@id":"https:\/\/otech.uaeh.edu.mx\/noti\/#organization"},"potentialAction":[{"@type":"SearchAction","target":{"@type":"EntryPoint","urlTemplate":"https:\/\/otech.uaeh.edu.mx\/noti\/?s={search_term_string}"},"query-input":{"@type":"PropertyValueSpecification","valueRequired":true,"valueName":"search_term_string"}}],"inLanguage":"en-US"},{"@type":"Organization","@id":"https:\/\/otech.uaeh.edu.mx\/noti\/#organization","name":"Observatorio Tecnol\u00f3gico de Hidalgo","url":"https:\/\/otech.uaeh.edu.mx\/noti\/","logo":{"@type":"ImageObject","inLanguage":"en-US","@id":"https:\/\/otech.uaeh.edu.mx\/noti\/#\/schema\/logo\/image\/","url":"https:\/\/otech.uaeh.edu.mx\/noti\/wp-content\/uploads\/2025\/11\/Logo-circulo.png","contentUrl":"https:\/\/otech.uaeh.edu.mx\/noti\/wp-content\/uploads\/2025\/11\/Logo-circulo.png","width":250,"height":250,"caption":"Observatorio Tecnol\u00f3gico de Hidalgo"},"image":{"@id":"https:\/\/otech.uaeh.edu.mx\/noti\/#\/schema\/logo\/image\/"},"sameAs":["https:\/\/www.facebook.com\/observatoriouaeh","https:\/\/x.com\/OBSERVATORIOEH"]},{"@type":"Person","@id":"https:\/\/otech.uaeh.edu.mx\/noti\/#\/schema\/person\/95263d004158ffabcd98137e1d0abc1c","name":"admin","image":{"@type":"ImageObject","inLanguage":"en-US","@id":"https:\/\/otech.uaeh.edu.mx\/noti\/#\/schema\/person\/image\/","url":"https:\/\/secure.gravatar.com\/avatar\/08dd17208ee6a9e87c5a01c0a5f4c96c8ed24bf05e625630929b5b6a7c1ffa5f?s=96&d=mm&r=g","contentUrl":"https:\/\/secure.gravatar.com\/avatar\/08dd17208ee6a9e87c5a01c0a5f4c96c8ed24bf05e625630929b5b6a7c1ffa5f?s=96&d=mm&r=g","caption":"admin"},"url":"https:\/\/otech.uaeh.edu.mx\/noti\/author\/admin\/"}]}},"_links":{"self":[{"href":"https:\/\/otech.uaeh.edu.mx\/noti\/wp-json\/wp\/v2\/posts\/20858","targetHints":{"allow":["GET"]}}],"collection":[{"href":"https:\/\/otech.uaeh.edu.mx\/noti\/wp-json\/wp\/v2\/posts"}],"about":[{"href":"https:\/\/otech.uaeh.edu.mx\/noti\/wp-json\/wp\/v2\/types\/post"}],"author":[{"embeddable":true,"href":"https:\/\/otech.uaeh.edu.mx\/noti\/wp-json\/wp\/v2\/users\/1"}],"replies":[{"embeddable":true,"href":"https:\/\/otech.uaeh.edu.mx\/noti\/wp-json\/wp\/v2\/comments?post=20858"}],"version-history":[{"count":1,"href":"https:\/\/otech.uaeh.edu.mx\/noti\/wp-json\/wp\/v2\/posts\/20858\/revisions"}],"predecessor-version":[{"id":20860,"href":"https:\/\/otech.uaeh.edu.mx\/noti\/wp-json\/wp\/v2\/posts\/20858\/revisions\/20860"}],"wp:featuredmedia":[{"embeddable":true,"href":"https:\/\/otech.uaeh.edu.mx\/noti\/wp-json\/wp\/v2\/media\/20859"}],"wp:attachment":[{"href":"https:\/\/otech.uaeh.edu.mx\/noti\/wp-json\/wp\/v2\/media?parent=20858"}],"wp:term":[{"taxonomy":"category","embeddable":true,"href":"https:\/\/otech.uaeh.edu.mx\/noti\/wp-json\/wp\/v2\/categories?post=20858"},{"taxonomy":"post_tag","embeddable":true,"href":"https:\/\/otech.uaeh.edu.mx\/noti\/wp-json\/wp\/v2\/tags?post=20858"}],"curies":[{"name":"wp","href":"https:\/\/api.w.org\/{rel}","templated":true}]}}