{"id":21451,"date":"2021-02-01T10:40:21","date_gmt":"2021-02-01T16:40:21","guid":{"rendered":"https:\/\/otech.uaeh.edu.mx\/noti\/?p=21451"},"modified":"2021-02-01T10:41:43","modified_gmt":"2021-02-01T16:41:43","slug":"los-ninos-confian-en-lo-que-escuchan-y-los-adultos-en-lo-que-ven","status":"publish","type":"post","link":"https:\/\/otech.uaeh.edu.mx\/noti\/ciencia\/los-ninos-confian-en-lo-que-escuchan-y-los-adultos-en-lo-que-ven\/","title":{"rendered":"Los ni\u00f1os conf\u00edan en lo que escuchan y los adultos en lo que ven"},"content":{"rendered":"<p style=\"text-align: justify;\"><span style=\"vertical-align: inherit;\"><span style=\"vertical-align: inherit;\"><span style=\"vertical-align: inherit;\"><span style=\"vertical-align: inherit;\">La percepci\u00f3n de las emociones est\u00e1 carbonatada guiada por est\u00edmulos auditivos en los ni\u00f1os, de acuerdo a una nueva investigaci\u00f3n realizada en la Universidad de Durham, en el Reino Unido. <\/span><\/span><\/span><span style=\"vertical-align: inherit;\"><span style=\"vertical-align: inherit;\"><span style=\"vertical-align: inherit;\">Sin embargo, los adultos conf\u00edan en mayor medida en aspectos visuales a la hora de desenvolverse en el mundo de las emociones.<\/span><\/span><\/span><\/span><!--more--><\/p>\n<p style=\"text-align: justify;\"><span style=\"vertical-align: inherit;\"><span style=\"vertical-align: inherit;\"><span style=\"vertical-align: inherit;\"><span style=\"vertical-align: inherit;\">Seg\u00fan un\u00a0 <\/span><\/span><\/span><\/span><span style=\"vertical-align: inherit;\"><span style=\"vertical-align: inherit;\"><span style=\"vertical-align: inherit;\"><span style=\"vertical-align: inherit;\">comunicado <\/span><\/span><\/span><\/span><span style=\"vertical-align: inherit;\"><span style=\"vertical-align: inherit;\"><span style=\"vertical-align: inherit;\"><span style=\"vertical-align: inherit;\">, los cient\u00edficos descubrieron patrones que hacen posible profundizar en la forma en la cual los ni\u00f1os reconocen las emociones y las procesan. <\/span><\/span><\/span><span style=\"vertical-align: inherit;\"><span style=\"vertical-align: inherit;\"><span style=\"vertical-align: inherit;\">El estudio, publicado en la revista Journal of Experimental Child Psychology, puede ser de gran utilidad para padres y educadores, que necesitan \u201cconectar\u201d emocionalmente con los peque\u00f1os.<\/span><\/span><\/span><\/span><\/p>\n<p style=\"text-align: justify;\"><span style=\"vertical-align: inherit;\"><span style=\"vertical-align: inherit;\"><span style=\"vertical-align: inherit;\"><span style=\"vertical-align: inherit;\">Al mismo tiempo, un mayor conocimiento sobre el procesamiento emocional infantil puede aportar nuevas y valiosas herramientas para estimular el desarrollo de ni\u00f1os con patolog\u00edas como el autismo, entre otras problem\u00e1ticas.<\/span><\/span><\/span><\/span><\/p>\n<p style=\"text-align: justify;\"><span style=\"vertical-align: inherit;\"><span style=\"vertical-align: inherit;\"><span style=\"vertical-align: inherit;\"><span style=\"vertical-align: inherit;\">La investigaci\u00f3n de los cient\u00edficos brit\u00e1nicos se dividi\u00f3 en tres grupos de edad diferentes: hasta los 7 a\u00f1os, entre los 8 y los 11 a\u00f1os y participantes con m\u00e1s de 18 a\u00f1os de edad.<\/span><\/span><\/span><\/span><\/p>\n<h2 style=\"text-align: justify;\"><span style=\"vertical-align: inherit;\"><span style=\"vertical-align: inherit;\"><span style=\"vertical-align: inherit;\"><span style=\"vertical-align: inherit;\">Profundizando en el mundo de las emociones<\/span><\/span><\/span><\/span><\/h2>\n<p style=\"text-align: justify;\"><span style=\"vertical-align: inherit;\"><span style=\"vertical-align: inherit;\"><span style=\"vertical-align: inherit;\"><span style=\"vertical-align: inherit;\">El estudio incluy\u00f3 la visualizaci\u00f3n de im\u00e1genes y la audici\u00f3n de material sonoro y vocal en el cual se transmit\u00edan emociones de todo tipo, como por ejemplo felicidad, tristeza, temor o enojo.<\/span><\/span><\/span><\/span><\/p>\n<p style=\"text-align: justify;\"><span style=\"vertical-align: inherit;\"><span style=\"vertical-align: inherit;\"><span style=\"vertical-align: inherit;\"><span style=\"vertical-align: inherit;\">Tanto el contenido visual como el auditivo fueron enviados en forma independiente, intercalada, combinando o contrastando ambos registros. <\/span><\/span><\/span><span style=\"vertical-align: inherit;\"><span style=\"vertical-align: inherit;\"><span style=\"vertical-align: inherit;\">En cada caso, los participantes en el estudio fueron consultados acerca de la emoci\u00f3n predominante en cada ejemplo.<\/span><\/span><\/span><\/span><\/p>\n<p style=\"text-align: justify;\"><span style=\"vertical-align: inherit;\"><span style=\"vertical-align: inherit;\"><span style=\"vertical-align: inherit;\"><span style=\"vertical-align: inherit;\">Al analizar los resultados, los especialistas brit\u00e1nicos hallaron que los voluntarios adultos que se ubicaban en el grupo de m\u00e1s de 18 a\u00f1os de edad presentaban notables diferencias en las pruebas, con respecto a los ni\u00f1os que formaban parte de los otros dos grupos.<\/span><\/span><\/span><\/span><\/p>\n<h2 style=\"text-align: justify;\"><span style=\"vertical-align: inherit;\"><span style=\"vertical-align: inherit;\"><span style=\"vertical-align: inherit;\"><span style=\"vertical-align: inherit;\">Dos acercamientos diferentes<\/span><\/span><\/span><\/span><\/h2>\n<p style=\"text-align: justify;\"><span style=\"vertical-align: inherit;\"><span style=\"vertical-align: inherit;\"><span style=\"vertical-align: inherit;\"><span style=\"vertical-align: inherit;\">Los adultos basaron su evaluaci\u00f3n emocional en lo que pod\u00edan ver, mientras que los ni\u00f1os peque\u00f1os confiaron en lo que pod\u00edan o\u00edr. <\/span><\/span><\/span><span style=\"vertical-align: inherit;\"><span style=\"vertical-align: inherit;\"><span style=\"vertical-align: inherit;\">De esta forma, los participantes de mayor edad privilegiaron claramente el material visual presentado para definir a las emociones, en tanto que los ni\u00f1os se basaron en los contenidos auditivos aportados por los investigadores.<\/span><\/span><\/span><\/span><\/p>\n<p style=\"text-align: justify;\"><span style=\"vertical-align: inherit;\"><span style=\"vertical-align: inherit;\"><span style=\"vertical-align: inherit;\"><span style=\"vertical-align: inherit;\">Los expertos remarcaron que su estudio es la primera evidencia de dominio auditivo en ni\u00f1os que utilizan est\u00edmulos emocionales, una caracter\u00edstica que al mismo tiempo se logra confrontar con la elecci\u00f3n visual de los adultos.<\/span><\/span><\/span><\/span><\/p>\n<div id=\"movil-div-gpt-ad_300dchab\" class=\"Creatividad\" style=\"text-align: justify;\" data-type=\"movil\"><\/div>\n<p style=\"text-align: justify;\"><span style=\"vertical-align: inherit;\"><span style=\"vertical-align: inherit;\"><span style=\"vertical-align: inherit;\"><span style=\"vertical-align: inherit;\">Adem\u00e1s, la investigaci\u00f3n demuestra que los ni\u00f1os no son capaces de procesar las incongruencias o divergencias entre la informaci\u00f3n auditiva y la visual, mientras que los adultos logran captar igualmente el contenido emocional, a pesar de esa discordancia.<\/span><\/span><\/span><\/span><\/p>\n<h2 style=\"text-align: justify;\"><span style=\"vertical-align: inherit;\"><span style=\"vertical-align: inherit;\"><span style=\"vertical-align: inherit;\"><span style=\"vertical-align: inherit;\">Desconexi\u00f3n cerebral y reconocimiento de las emociones<\/span><\/span><\/span><\/span><\/h2>\n<p style=\"text-align: justify;\"><span style=\"vertical-align: inherit;\"><span style=\"vertical-align: inherit;\"><span style=\"vertical-align: inherit;\"><span style=\"vertical-align: inherit;\">Estudios previos en\u00a0 <\/span><\/span><\/span><\/span><span style=\"vertical-align: inherit;\"><span style=\"vertical-align: inherit;\"><span style=\"vertical-align: inherit;\"><span style=\"vertical-align: inherit;\">reci\u00e9n llevados <\/span><\/span><\/span><\/span><span style=\"vertical-align: inherit;\"><span style=\"vertical-align: inherit;\"><span style=\"vertical-align: inherit;\"><span style=\"vertical-align: inherit;\"> \u00a0constatado, por otro lado, una falta de conexi\u00f3n entre las regiones visuales o auditivas y las \u00e1reas emocionales del cerebro, que hace imposible que logren relacionar tanto los est\u00edmulos visuales como los auditivos con emociones concretas.<\/span><\/span><\/span><\/span><\/p>\n<p style=\"text-align: justify;\"><span style=\"vertical-align: inherit;\"><span style=\"vertical-align: inherit;\"><span style=\"vertical-align: inherit;\"><span style=\"vertical-align: inherit;\">En consecuencia, cabr\u00eda preguntarse si el predominio de la informaci\u00f3n auditiva en los ni\u00f1os no supone un nuevo proceso que supera la desconexi\u00f3n inicial en los beb\u00e9s. <\/span><\/span><\/span><span style=\"vertical-align: inherit;\"><span style=\"vertical-align: inherit;\"><span style=\"vertical-align: inherit;\">Un nuevo e interesante campo de investigaci\u00f3n podr\u00eda ser hallar las relaciones entre el comportamiento de los reci\u00e9n nacidos, los ni\u00f1os y los adultos en cuanto a la interpretaci\u00f3n emocional.<\/span><\/span><\/span><\/span><\/p>\n<p style=\"text-align: justify;\"><span style=\"vertical-align: inherit;\"><span style=\"vertical-align: inherit;\"><span style=\"vertical-align: inherit;\"><span style=\"vertical-align: inherit;\">Aunque el reconocimiento efectivo de las emociones es imperativo para desenvolverse con \u00e9xito en situaciones sociales, y precisamente no aparece en trastornos como el autismo, las investigaciones previas se han centrado principalmente en estudiar los est\u00edmulos emocionales de forma aislada. <\/span><\/span><\/span><span style=\"vertical-align: inherit;\"><span style=\"vertical-align: inherit;\"><span style=\"vertical-align: inherit;\">Con un enfoque multimodal, la nueva investigaci\u00f3n aporta una mayor riqueza al momento de analizar estas cuestiones.<\/span><\/span><\/span><\/span><\/p>\n<h2 style=\"text-align: justify;\"><span style=\"vertical-align: inherit;\"><span style=\"vertical-align: inherit;\"><span style=\"vertical-align: inherit;\"><span style=\"vertical-align: inherit;\">Referencia<\/span><\/span><\/span><\/span><\/h2>\n<p style=\"text-align: justify;\"><a class=\"yahoorte_class\" title=\"https:\/\/www.sciencedirect.com\/science\/article\/abs\/pii\/S0022096520305221?dgcid=author\" href=\"https:\/\/www.sciencedirect.com\/science\/article\/abs\/pii\/S0022096520305221?dgcid=author\" target=\"_blank\" rel=\"nofollow noopener noreferrer\"><span style=\"vertical-align: inherit;\"><span style=\"vertical-align: inherit;\"><span style=\"vertical-align: inherit;\"><span style=\"vertical-align: inherit;\">Los ni\u00f1os no pueden ignorar lo que escuchan: la informaci\u00f3n emocional incongruente conduce a un dominio auditivo en los ni\u00f1os<\/span><\/span><\/span><\/span><\/a><span style=\"vertical-align: inherit;\"><span style=\"vertical-align: inherit;\"><span style=\"vertical-align: inherit;\"><span style=\"vertical-align: inherit;\"> . <\/span><\/span><\/span><span style=\"vertical-align: inherit;\"><span style=\"vertical-align: inherit;\"><span style=\"vertical-align: inherit;\">Paddy Ross, Beth Atkins, Laura Allison, Holly Simpson, Catherine Duffell, Matthew Williams y Olga Ermolina. <\/span><\/span><\/span><span style=\"vertical-align: inherit;\"><span style=\"vertical-align: inherit;\"><span style=\"vertical-align: inherit;\">Revista de psicolog\u00eda infantil experimental (2021) .DOI: https:\/\/doi.org\/10.1016\/j.jecp.2020.105068<\/span><\/span><\/span><\/span><\/p>\n","protected":false},"excerpt":{"rendered":"<p>La percepci\u00f3n de las emociones est\u00e1 carbonatada guiada por est\u00edmulos auditivos en los ni\u00f1os, de acuerdo a una nueva investigaci\u00f3n realizada en la Universidad de Durham, en el Reino Unido. Sin embargo, los adultos conf\u00edan en mayor medida en aspectos visuales a la hora de desenvolverse en el mundo de las emociones.<\/p>\n","protected":false},"author":1,"featured_media":21452,"comment_status":"open","ping_status":"open","sticky":false,"template":"","format":"standard","meta":{"footnotes":""},"categories":[56],"tags":[],"class_list":["post-21451","post","type-post","status-publish","format-standard","has-post-thumbnail","hentry","category-ciencia"],"yoast_head":"<!-- This site is optimized with the Yoast SEO plugin v26.7 - https:\/\/yoast.com\/wordpress\/plugins\/seo\/ -->\n<title>Los ni\u00f1os conf\u00edan en lo que escuchan y los adultos en lo que ven - Observatorio Tecnol\u00f3gico de Hidalgo<\/title>\n<meta name=\"robots\" content=\"index, follow, max-snippet:-1, max-image-preview:large, max-video-preview:-1\" \/>\n<link rel=\"canonical\" href=\"https:\/\/otech.uaeh.edu.mx\/noti\/ciencia\/los-ninos-confian-en-lo-que-escuchan-y-los-adultos-en-lo-que-ven\/\" \/>\n<meta property=\"og:locale\" content=\"en_US\" \/>\n<meta property=\"og:type\" content=\"article\" \/>\n<meta property=\"og:title\" content=\"Los ni\u00f1os conf\u00edan en lo que escuchan y los adultos en lo que ven - Observatorio Tecnol\u00f3gico de Hidalgo\" \/>\n<meta property=\"og:description\" content=\"La percepci\u00f3n de las emociones est\u00e1 carbonatada guiada por est\u00edmulos auditivos en los ni\u00f1os, de acuerdo a una nueva investigaci\u00f3n realizada en la Universidad de Durham, en el Reino Unido. Sin embargo, los adultos conf\u00edan en mayor medida en aspectos visuales a la hora de desenvolverse en el mundo de las emociones.\" \/>\n<meta property=\"og:url\" content=\"https:\/\/otech.uaeh.edu.mx\/noti\/ciencia\/los-ninos-confian-en-lo-que-escuchan-y-los-adultos-en-lo-que-ven\/\" \/>\n<meta property=\"og:site_name\" content=\"Observatorio Tecnol\u00f3gico de Hidalgo\" \/>\n<meta property=\"article:publisher\" content=\"https:\/\/www.facebook.com\/observatoriouaeh\" \/>\n<meta property=\"article:published_time\" content=\"2021-02-01T16:40:21+00:00\" \/>\n<meta property=\"article:modified_time\" content=\"2021-02-01T16:41:43+00:00\" \/>\n<meta property=\"og:image\" content=\"https:\/\/otech.uaeh.edu.mx\/noti\/wp-content\/uploads\/2021\/02\/los-ninos-confian-en-lo-que-escuchan-1024x858-1.jpg\" \/>\n\t<meta property=\"og:image:width\" content=\"1024\" \/>\n\t<meta property=\"og:image:height\" content=\"858\" \/>\n\t<meta property=\"og:image:type\" content=\"image\/jpeg\" \/>\n<meta name=\"author\" content=\"admin\" \/>\n<meta name=\"twitter:card\" content=\"summary_large_image\" \/>\n<meta name=\"twitter:creator\" content=\"@OBSERVATORIOEH\" \/>\n<meta name=\"twitter:site\" content=\"@OBSERVATORIOEH\" \/>\n<meta name=\"twitter:label1\" content=\"Written by\" \/>\n\t<meta name=\"twitter:data1\" content=\"admin\" \/>\n\t<meta name=\"twitter:label2\" content=\"Est. reading time\" \/>\n\t<meta name=\"twitter:data2\" content=\"3 minutes\" \/>\n<script type=\"application\/ld+json\" class=\"yoast-schema-graph\">{\"@context\":\"https:\/\/schema.org\",\"@graph\":[{\"@type\":\"Article\",\"@id\":\"https:\/\/otech.uaeh.edu.mx\/noti\/ciencia\/los-ninos-confian-en-lo-que-escuchan-y-los-adultos-en-lo-que-ven\/#article\",\"isPartOf\":{\"@id\":\"https:\/\/otech.uaeh.edu.mx\/noti\/ciencia\/los-ninos-confian-en-lo-que-escuchan-y-los-adultos-en-lo-que-ven\/\"},\"author\":{\"name\":\"admin\",\"@id\":\"https:\/\/otech.uaeh.edu.mx\/noti\/#\/schema\/person\/95263d004158ffabcd98137e1d0abc1c\"},\"headline\":\"Los ni\u00f1os conf\u00edan en lo que escuchan y los adultos en lo que ven\",\"datePublished\":\"2021-02-01T16:40:21+00:00\",\"dateModified\":\"2021-02-01T16:41:43+00:00\",\"mainEntityOfPage\":{\"@id\":\"https:\/\/otech.uaeh.edu.mx\/noti\/ciencia\/los-ninos-confian-en-lo-que-escuchan-y-los-adultos-en-lo-que-ven\/\"},\"wordCount\":703,\"commentCount\":0,\"publisher\":{\"@id\":\"https:\/\/otech.uaeh.edu.mx\/noti\/#organization\"},\"image\":{\"@id\":\"https:\/\/otech.uaeh.edu.mx\/noti\/ciencia\/los-ninos-confian-en-lo-que-escuchan-y-los-adultos-en-lo-que-ven\/#primaryimage\"},\"thumbnailUrl\":\"https:\/\/otech.uaeh.edu.mx\/noti\/wp-content\/uploads\/2021\/02\/los-ninos-confian-en-lo-que-escuchan-1024x858-1.jpg\",\"articleSection\":[\"Ciencia\"],\"inLanguage\":\"en-US\",\"potentialAction\":[{\"@type\":\"CommentAction\",\"name\":\"Comment\",\"target\":[\"https:\/\/otech.uaeh.edu.mx\/noti\/ciencia\/los-ninos-confian-en-lo-que-escuchan-y-los-adultos-en-lo-que-ven\/#respond\"]}]},{\"@type\":\"WebPage\",\"@id\":\"https:\/\/otech.uaeh.edu.mx\/noti\/ciencia\/los-ninos-confian-en-lo-que-escuchan-y-los-adultos-en-lo-que-ven\/\",\"url\":\"https:\/\/otech.uaeh.edu.mx\/noti\/ciencia\/los-ninos-confian-en-lo-que-escuchan-y-los-adultos-en-lo-que-ven\/\",\"name\":\"Los ni\u00f1os conf\u00edan en lo que escuchan y los adultos en lo que ven - Observatorio Tecnol\u00f3gico de Hidalgo\",\"isPartOf\":{\"@id\":\"https:\/\/otech.uaeh.edu.mx\/noti\/#website\"},\"primaryImageOfPage\":{\"@id\":\"https:\/\/otech.uaeh.edu.mx\/noti\/ciencia\/los-ninos-confian-en-lo-que-escuchan-y-los-adultos-en-lo-que-ven\/#primaryimage\"},\"image\":{\"@id\":\"https:\/\/otech.uaeh.edu.mx\/noti\/ciencia\/los-ninos-confian-en-lo-que-escuchan-y-los-adultos-en-lo-que-ven\/#primaryimage\"},\"thumbnailUrl\":\"https:\/\/otech.uaeh.edu.mx\/noti\/wp-content\/uploads\/2021\/02\/los-ninos-confian-en-lo-que-escuchan-1024x858-1.jpg\",\"datePublished\":\"2021-02-01T16:40:21+00:00\",\"dateModified\":\"2021-02-01T16:41:43+00:00\",\"breadcrumb\":{\"@id\":\"https:\/\/otech.uaeh.edu.mx\/noti\/ciencia\/los-ninos-confian-en-lo-que-escuchan-y-los-adultos-en-lo-que-ven\/#breadcrumb\"},\"inLanguage\":\"en-US\",\"potentialAction\":[{\"@type\":\"ReadAction\",\"target\":[\"https:\/\/otech.uaeh.edu.mx\/noti\/ciencia\/los-ninos-confian-en-lo-que-escuchan-y-los-adultos-en-lo-que-ven\/\"]}]},{\"@type\":\"ImageObject\",\"inLanguage\":\"en-US\",\"@id\":\"https:\/\/otech.uaeh.edu.mx\/noti\/ciencia\/los-ninos-confian-en-lo-que-escuchan-y-los-adultos-en-lo-que-ven\/#primaryimage\",\"url\":\"https:\/\/otech.uaeh.edu.mx\/noti\/wp-content\/uploads\/2021\/02\/los-ninos-confian-en-lo-que-escuchan-1024x858-1.jpg\",\"contentUrl\":\"https:\/\/otech.uaeh.edu.mx\/noti\/wp-content\/uploads\/2021\/02\/los-ninos-confian-en-lo-que-escuchan-1024x858-1.jpg\",\"width\":1024,\"height\":858},{\"@type\":\"BreadcrumbList\",\"@id\":\"https:\/\/otech.uaeh.edu.mx\/noti\/ciencia\/los-ninos-confian-en-lo-que-escuchan-y-los-adultos-en-lo-que-ven\/#breadcrumb\",\"itemListElement\":[{\"@type\":\"ListItem\",\"position\":1,\"name\":\"Inicio\",\"item\":\"https:\/\/otech.uaeh.edu.mx\/noti\/\"},{\"@type\":\"ListItem\",\"position\":2,\"name\":\"Los ni\u00f1os conf\u00edan en lo que escuchan y los adultos en lo que ven\"}]},{\"@type\":\"WebSite\",\"@id\":\"https:\/\/otech.uaeh.edu.mx\/noti\/#website\",\"url\":\"https:\/\/otech.uaeh.edu.mx\/noti\/\",\"name\":\"Observatorio Tecnol\u00f3gico de Hidalgo\",\"description\":\"\",\"publisher\":{\"@id\":\"https:\/\/otech.uaeh.edu.mx\/noti\/#organization\"},\"potentialAction\":[{\"@type\":\"SearchAction\",\"target\":{\"@type\":\"EntryPoint\",\"urlTemplate\":\"https:\/\/otech.uaeh.edu.mx\/noti\/?s={search_term_string}\"},\"query-input\":{\"@type\":\"PropertyValueSpecification\",\"valueRequired\":true,\"valueName\":\"search_term_string\"}}],\"inLanguage\":\"en-US\"},{\"@type\":\"Organization\",\"@id\":\"https:\/\/otech.uaeh.edu.mx\/noti\/#organization\",\"name\":\"Observatorio Tecnol\u00f3gico de Hidalgo\",\"url\":\"https:\/\/otech.uaeh.edu.mx\/noti\/\",\"logo\":{\"@type\":\"ImageObject\",\"inLanguage\":\"en-US\",\"@id\":\"https:\/\/otech.uaeh.edu.mx\/noti\/#\/schema\/logo\/image\/\",\"url\":\"https:\/\/otech.uaeh.edu.mx\/noti\/wp-content\/uploads\/2025\/11\/Logo-circulo.png\",\"contentUrl\":\"https:\/\/otech.uaeh.edu.mx\/noti\/wp-content\/uploads\/2025\/11\/Logo-circulo.png\",\"width\":250,\"height\":250,\"caption\":\"Observatorio Tecnol\u00f3gico de Hidalgo\"},\"image\":{\"@id\":\"https:\/\/otech.uaeh.edu.mx\/noti\/#\/schema\/logo\/image\/\"},\"sameAs\":[\"https:\/\/www.facebook.com\/observatoriouaeh\",\"https:\/\/x.com\/OBSERVATORIOEH\"]},{\"@type\":\"Person\",\"@id\":\"https:\/\/otech.uaeh.edu.mx\/noti\/#\/schema\/person\/95263d004158ffabcd98137e1d0abc1c\",\"name\":\"admin\",\"image\":{\"@type\":\"ImageObject\",\"inLanguage\":\"en-US\",\"@id\":\"https:\/\/otech.uaeh.edu.mx\/noti\/#\/schema\/person\/image\/\",\"url\":\"https:\/\/secure.gravatar.com\/avatar\/08dd17208ee6a9e87c5a01c0a5f4c96c8ed24bf05e625630929b5b6a7c1ffa5f?s=96&d=mm&r=g\",\"contentUrl\":\"https:\/\/secure.gravatar.com\/avatar\/08dd17208ee6a9e87c5a01c0a5f4c96c8ed24bf05e625630929b5b6a7c1ffa5f?s=96&d=mm&r=g\",\"caption\":\"admin\"},\"url\":\"https:\/\/otech.uaeh.edu.mx\/noti\/author\/admin\/\"}]}<\/script>\n<!-- \/ Yoast SEO plugin. -->","yoast_head_json":{"title":"Los ni\u00f1os conf\u00edan en lo que escuchan y los adultos en lo que ven - Observatorio Tecnol\u00f3gico de Hidalgo","robots":{"index":"index","follow":"follow","max-snippet":"max-snippet:-1","max-image-preview":"max-image-preview:large","max-video-preview":"max-video-preview:-1"},"canonical":"https:\/\/otech.uaeh.edu.mx\/noti\/ciencia\/los-ninos-confian-en-lo-que-escuchan-y-los-adultos-en-lo-que-ven\/","og_locale":"en_US","og_type":"article","og_title":"Los ni\u00f1os conf\u00edan en lo que escuchan y los adultos en lo que ven - Observatorio Tecnol\u00f3gico de Hidalgo","og_description":"La percepci\u00f3n de las emociones est\u00e1 carbonatada guiada por est\u00edmulos auditivos en los ni\u00f1os, de acuerdo a una nueva investigaci\u00f3n realizada en la Universidad de Durham, en el Reino Unido. Sin embargo, los adultos conf\u00edan en mayor medida en aspectos visuales a la hora de desenvolverse en el mundo de las emociones.","og_url":"https:\/\/otech.uaeh.edu.mx\/noti\/ciencia\/los-ninos-confian-en-lo-que-escuchan-y-los-adultos-en-lo-que-ven\/","og_site_name":"Observatorio Tecnol\u00f3gico de Hidalgo","article_publisher":"https:\/\/www.facebook.com\/observatoriouaeh","article_published_time":"2021-02-01T16:40:21+00:00","article_modified_time":"2021-02-01T16:41:43+00:00","og_image":[{"width":1024,"height":858,"url":"https:\/\/otech.uaeh.edu.mx\/noti\/wp-content\/uploads\/2021\/02\/los-ninos-confian-en-lo-que-escuchan-1024x858-1.jpg","type":"image\/jpeg"}],"author":"admin","twitter_card":"summary_large_image","twitter_creator":"@OBSERVATORIOEH","twitter_site":"@OBSERVATORIOEH","twitter_misc":{"Written by":"admin","Est. reading time":"3 minutes"},"schema":{"@context":"https:\/\/schema.org","@graph":[{"@type":"Article","@id":"https:\/\/otech.uaeh.edu.mx\/noti\/ciencia\/los-ninos-confian-en-lo-que-escuchan-y-los-adultos-en-lo-que-ven\/#article","isPartOf":{"@id":"https:\/\/otech.uaeh.edu.mx\/noti\/ciencia\/los-ninos-confian-en-lo-que-escuchan-y-los-adultos-en-lo-que-ven\/"},"author":{"name":"admin","@id":"https:\/\/otech.uaeh.edu.mx\/noti\/#\/schema\/person\/95263d004158ffabcd98137e1d0abc1c"},"headline":"Los ni\u00f1os conf\u00edan en lo que escuchan y los adultos en lo que ven","datePublished":"2021-02-01T16:40:21+00:00","dateModified":"2021-02-01T16:41:43+00:00","mainEntityOfPage":{"@id":"https:\/\/otech.uaeh.edu.mx\/noti\/ciencia\/los-ninos-confian-en-lo-que-escuchan-y-los-adultos-en-lo-que-ven\/"},"wordCount":703,"commentCount":0,"publisher":{"@id":"https:\/\/otech.uaeh.edu.mx\/noti\/#organization"},"image":{"@id":"https:\/\/otech.uaeh.edu.mx\/noti\/ciencia\/los-ninos-confian-en-lo-que-escuchan-y-los-adultos-en-lo-que-ven\/#primaryimage"},"thumbnailUrl":"https:\/\/otech.uaeh.edu.mx\/noti\/wp-content\/uploads\/2021\/02\/los-ninos-confian-en-lo-que-escuchan-1024x858-1.jpg","articleSection":["Ciencia"],"inLanguage":"en-US","potentialAction":[{"@type":"CommentAction","name":"Comment","target":["https:\/\/otech.uaeh.edu.mx\/noti\/ciencia\/los-ninos-confian-en-lo-que-escuchan-y-los-adultos-en-lo-que-ven\/#respond"]}]},{"@type":"WebPage","@id":"https:\/\/otech.uaeh.edu.mx\/noti\/ciencia\/los-ninos-confian-en-lo-que-escuchan-y-los-adultos-en-lo-que-ven\/","url":"https:\/\/otech.uaeh.edu.mx\/noti\/ciencia\/los-ninos-confian-en-lo-que-escuchan-y-los-adultos-en-lo-que-ven\/","name":"Los ni\u00f1os conf\u00edan en lo que escuchan y los adultos en lo que ven - Observatorio Tecnol\u00f3gico de Hidalgo","isPartOf":{"@id":"https:\/\/otech.uaeh.edu.mx\/noti\/#website"},"primaryImageOfPage":{"@id":"https:\/\/otech.uaeh.edu.mx\/noti\/ciencia\/los-ninos-confian-en-lo-que-escuchan-y-los-adultos-en-lo-que-ven\/#primaryimage"},"image":{"@id":"https:\/\/otech.uaeh.edu.mx\/noti\/ciencia\/los-ninos-confian-en-lo-que-escuchan-y-los-adultos-en-lo-que-ven\/#primaryimage"},"thumbnailUrl":"https:\/\/otech.uaeh.edu.mx\/noti\/wp-content\/uploads\/2021\/02\/los-ninos-confian-en-lo-que-escuchan-1024x858-1.jpg","datePublished":"2021-02-01T16:40:21+00:00","dateModified":"2021-02-01T16:41:43+00:00","breadcrumb":{"@id":"https:\/\/otech.uaeh.edu.mx\/noti\/ciencia\/los-ninos-confian-en-lo-que-escuchan-y-los-adultos-en-lo-que-ven\/#breadcrumb"},"inLanguage":"en-US","potentialAction":[{"@type":"ReadAction","target":["https:\/\/otech.uaeh.edu.mx\/noti\/ciencia\/los-ninos-confian-en-lo-que-escuchan-y-los-adultos-en-lo-que-ven\/"]}]},{"@type":"ImageObject","inLanguage":"en-US","@id":"https:\/\/otech.uaeh.edu.mx\/noti\/ciencia\/los-ninos-confian-en-lo-que-escuchan-y-los-adultos-en-lo-que-ven\/#primaryimage","url":"https:\/\/otech.uaeh.edu.mx\/noti\/wp-content\/uploads\/2021\/02\/los-ninos-confian-en-lo-que-escuchan-1024x858-1.jpg","contentUrl":"https:\/\/otech.uaeh.edu.mx\/noti\/wp-content\/uploads\/2021\/02\/los-ninos-confian-en-lo-que-escuchan-1024x858-1.jpg","width":1024,"height":858},{"@type":"BreadcrumbList","@id":"https:\/\/otech.uaeh.edu.mx\/noti\/ciencia\/los-ninos-confian-en-lo-que-escuchan-y-los-adultos-en-lo-que-ven\/#breadcrumb","itemListElement":[{"@type":"ListItem","position":1,"name":"Inicio","item":"https:\/\/otech.uaeh.edu.mx\/noti\/"},{"@type":"ListItem","position":2,"name":"Los ni\u00f1os conf\u00edan en lo que escuchan y los adultos en lo que ven"}]},{"@type":"WebSite","@id":"https:\/\/otech.uaeh.edu.mx\/noti\/#website","url":"https:\/\/otech.uaeh.edu.mx\/noti\/","name":"Observatorio Tecnol\u00f3gico de Hidalgo","description":"","publisher":{"@id":"https:\/\/otech.uaeh.edu.mx\/noti\/#organization"},"potentialAction":[{"@type":"SearchAction","target":{"@type":"EntryPoint","urlTemplate":"https:\/\/otech.uaeh.edu.mx\/noti\/?s={search_term_string}"},"query-input":{"@type":"PropertyValueSpecification","valueRequired":true,"valueName":"search_term_string"}}],"inLanguage":"en-US"},{"@type":"Organization","@id":"https:\/\/otech.uaeh.edu.mx\/noti\/#organization","name":"Observatorio Tecnol\u00f3gico de Hidalgo","url":"https:\/\/otech.uaeh.edu.mx\/noti\/","logo":{"@type":"ImageObject","inLanguage":"en-US","@id":"https:\/\/otech.uaeh.edu.mx\/noti\/#\/schema\/logo\/image\/","url":"https:\/\/otech.uaeh.edu.mx\/noti\/wp-content\/uploads\/2025\/11\/Logo-circulo.png","contentUrl":"https:\/\/otech.uaeh.edu.mx\/noti\/wp-content\/uploads\/2025\/11\/Logo-circulo.png","width":250,"height":250,"caption":"Observatorio Tecnol\u00f3gico de Hidalgo"},"image":{"@id":"https:\/\/otech.uaeh.edu.mx\/noti\/#\/schema\/logo\/image\/"},"sameAs":["https:\/\/www.facebook.com\/observatoriouaeh","https:\/\/x.com\/OBSERVATORIOEH"]},{"@type":"Person","@id":"https:\/\/otech.uaeh.edu.mx\/noti\/#\/schema\/person\/95263d004158ffabcd98137e1d0abc1c","name":"admin","image":{"@type":"ImageObject","inLanguage":"en-US","@id":"https:\/\/otech.uaeh.edu.mx\/noti\/#\/schema\/person\/image\/","url":"https:\/\/secure.gravatar.com\/avatar\/08dd17208ee6a9e87c5a01c0a5f4c96c8ed24bf05e625630929b5b6a7c1ffa5f?s=96&d=mm&r=g","contentUrl":"https:\/\/secure.gravatar.com\/avatar\/08dd17208ee6a9e87c5a01c0a5f4c96c8ed24bf05e625630929b5b6a7c1ffa5f?s=96&d=mm&r=g","caption":"admin"},"url":"https:\/\/otech.uaeh.edu.mx\/noti\/author\/admin\/"}]}},"_links":{"self":[{"href":"https:\/\/otech.uaeh.edu.mx\/noti\/wp-json\/wp\/v2\/posts\/21451","targetHints":{"allow":["GET"]}}],"collection":[{"href":"https:\/\/otech.uaeh.edu.mx\/noti\/wp-json\/wp\/v2\/posts"}],"about":[{"href":"https:\/\/otech.uaeh.edu.mx\/noti\/wp-json\/wp\/v2\/types\/post"}],"author":[{"embeddable":true,"href":"https:\/\/otech.uaeh.edu.mx\/noti\/wp-json\/wp\/v2\/users\/1"}],"replies":[{"embeddable":true,"href":"https:\/\/otech.uaeh.edu.mx\/noti\/wp-json\/wp\/v2\/comments?post=21451"}],"version-history":[{"count":2,"href":"https:\/\/otech.uaeh.edu.mx\/noti\/wp-json\/wp\/v2\/posts\/21451\/revisions"}],"predecessor-version":[{"id":21454,"href":"https:\/\/otech.uaeh.edu.mx\/noti\/wp-json\/wp\/v2\/posts\/21451\/revisions\/21454"}],"wp:featuredmedia":[{"embeddable":true,"href":"https:\/\/otech.uaeh.edu.mx\/noti\/wp-json\/wp\/v2\/media\/21452"}],"wp:attachment":[{"href":"https:\/\/otech.uaeh.edu.mx\/noti\/wp-json\/wp\/v2\/media?parent=21451"}],"wp:term":[{"taxonomy":"category","embeddable":true,"href":"https:\/\/otech.uaeh.edu.mx\/noti\/wp-json\/wp\/v2\/categories?post=21451"},{"taxonomy":"post_tag","embeddable":true,"href":"https:\/\/otech.uaeh.edu.mx\/noti\/wp-json\/wp\/v2\/tags?post=21451"}],"curies":[{"name":"wp","href":"https:\/\/api.w.org\/{rel}","templated":true}]}}