{"id":21496,"date":"2021-02-04T14:01:47","date_gmt":"2021-02-04T20:01:47","guid":{"rendered":"https:\/\/otech.uaeh.edu.mx\/noti\/?p=21496"},"modified":"2021-02-04T14:02:07","modified_gmt":"2021-02-04T20:02:07","slug":"general-motors-integrara-alexa-de-amazon-a-sus-vehiculos","status":"publish","type":"post","link":"https:\/\/otech.uaeh.edu.mx\/noti\/va\/general-motors-integrara-alexa-de-amazon-a-sus-vehiculos\/","title":{"rendered":"General Motors integrar\u00e1 Alexa, de Amazon, a sus veh\u00edculos"},"content":{"rendered":"<p style=\"text-align: justify;\">General Motors M\u00e9xico ofrecer\u00e1 en sus veh\u00edculos la posibilidad de instalar la asistente inteligente Alexa, de Amazon,\u00a0<strong>y la Buick Envision 2021 ser\u00e1 uno de los primeros modelos en tenerla integrada.<\/strong><!--more--><\/p>\n<p style=\"text-align: justify;\">Modelos desde 2018 podr\u00e1n incorporar esta tecnolog\u00eda, as\u00ed como los compatibles con sistemas de infoentretenimiento.<\/p>\n<div class=\"pinno-ad-serving pinno-ad-center\" style=\"text-align: justify;\" data-post-id=\"1765586\">\n<div id=\"vi-container-1440153722\" class=\"articlematching-container vi-stories-top-div viUnit2\">\n<div id=\"vi-stories-main-container\" class=\"vi-stories-main-container vi-stories-z-index-base vi-stories-width-700-800 vi-stories-overlay-ui vi-stories-overlay-ui-enable vi-stories-overlay-ui-show\">\n<div id=\"vi-stories-player-container\" class=\"vi-stories-player-container vi-stories-z-index-base HTMLPlayer-module__container\">\n<div id=\"vi-stories-gui-container\">\n<div class=\"GUI-module__gui GUI-module__container GUI-module__container__thumbnail\"><\/div>\n<\/div>\n<p><video class=\"HTMLPlayer-module__video\" src=\"https:\/\/nv.vi-serve.com\/vis-media\/914\/1649\/htzKdXMByJmLcwxny3su_720p.mp4\" preload=\"none\" width=\"300\" height=\"150\" data-mce-fragment=\"1\"><\/video><\/p>\n<\/div>\n<div id=\"vi-stories-description-container\" class=\"vi-stories-z-index-base vi-stories-hide-while-floating\">\n<div id=\"vi-stories-title\">CES 2020 | LG integrar\u00e1 tus dispositivos a trav\u00e9s de inteligencia artificial<\/div>\n<\/div>\n<\/div>\n<\/div>\n<\/div>\n<p style=\"text-align: justify;\">GM\u00a0<strong>aprovechar\u00e1 la conectividad de OnStar 4G LTE disponible en sus veh\u00edculos<\/strong>\u00a0para instalar la asistente inteligente.<\/p>\n<p style=\"text-align: justify;\">\u201cConectados a trav\u00e9s de OnStar proporcionamos a nuestros clientes nuevas tecnolog\u00edas que\u00a0<strong>mejoran la experiencia de interacci\u00f3n con su auto, incluso muy pronto se presentar\u00e1 en veh\u00edculos que ya se encuentran circulando<\/strong>\u201d, declar\u00f3 Mario Romero, director general de Servicios de Conectividad OnStar y Experiencia al Cliente de GM de M\u00e9xico, seg\u00fan un comunicado.<\/p>\n<p style=\"text-align: justify;\">GM asegur\u00f3 que\u00a0<strong>la incorporaci\u00f3n de las funciones de Alexa garantizar\u00e1 un camino seguro<\/strong>, ya que el dispositivo permitir\u00e1 acceder a m\u00e1s de 2,000\u00a0<em>skills<\/em>, las cuales controlan principalmente la m\u00fasica, llamadas, navegaci\u00f3n, dispositivos y compras por medio de la voz del propietario.<\/p>\n<p style=\"text-align: justify;\">\u201cHoy se marca un gran logro en la misi\u00f3n compartida que tenemos con General Motors de<strong>\u00a0llevar la experiencia de Alexa a millones de sus veh\u00edculos en Norteam\u00e9rica<\/strong>\u201d, dijo a su vez Ned Curic, vicepresidente de Alexa Auto de Amazon.<\/p>\n<p>Fuente:<\/p>\n<p>Gardu\u00f1o, M. (2021a, febrero 3). General Motors integrar\u00e1 Alexa, de Amazon, a sus veh\u00edculos. Recuperado 4 de febrero de 2021, de https:\/\/www.forbes.com.mx\/tecnologia-general-motors-vehiculos-alexa-amazon\/<\/p>\n","protected":false},"excerpt":{"rendered":"<p>General Motors M\u00e9xico ofrecer\u00e1 en sus veh\u00edculos la posibilidad de instalar la asistente inteligente Alexa, de Amazon,\u00a0y la Buick Envision 2021 ser\u00e1 uno de los primeros modelos en tenerla integrada.<\/p>\n","protected":false},"author":1,"featured_media":21497,"comment_status":"open","ping_status":"open","sticky":false,"template":"","format":"standard","meta":{"footnotes":""},"categories":[364],"tags":[],"class_list":["post-21496","post","type-post","status-publish","format-standard","has-post-thumbnail","hentry","category-va"],"yoast_head":"<!-- This site is optimized with the Yoast SEO plugin v26.7 - https:\/\/yoast.com\/wordpress\/plugins\/seo\/ -->\n<title>General Motors integrar\u00e1 Alexa, de Amazon, a sus veh\u00edculos - Observatorio Tecnol\u00f3gico de Hidalgo<\/title>\n<meta name=\"robots\" content=\"index, follow, max-snippet:-1, max-image-preview:large, max-video-preview:-1\" \/>\n<link rel=\"canonical\" href=\"https:\/\/otech.uaeh.edu.mx\/noti\/va\/general-motors-integrara-alexa-de-amazon-a-sus-vehiculos\/\" \/>\n<meta property=\"og:locale\" content=\"en_US\" \/>\n<meta property=\"og:type\" content=\"article\" \/>\n<meta property=\"og:title\" content=\"General Motors integrar\u00e1 Alexa, de Amazon, a sus veh\u00edculos - Observatorio Tecnol\u00f3gico de Hidalgo\" \/>\n<meta property=\"og:description\" content=\"General Motors M\u00e9xico ofrecer\u00e1 en sus veh\u00edculos la posibilidad de instalar la asistente inteligente Alexa, de Amazon,\u00a0y la Buick Envision 2021 ser\u00e1 uno de los primeros modelos en tenerla integrada.\" \/>\n<meta property=\"og:url\" content=\"https:\/\/otech.uaeh.edu.mx\/noti\/va\/general-motors-integrara-alexa-de-amazon-a-sus-vehiculos\/\" \/>\n<meta property=\"og:site_name\" content=\"Observatorio Tecnol\u00f3gico de Hidalgo\" \/>\n<meta property=\"article:publisher\" content=\"https:\/\/www.facebook.com\/observatoriouaeh\" \/>\n<meta property=\"article:published_time\" content=\"2021-02-04T20:01:47+00:00\" \/>\n<meta property=\"article:modified_time\" content=\"2021-02-04T20:02:07+00:00\" \/>\n<meta property=\"og:image\" content=\"https:\/\/otech.uaeh.edu.mx\/noti\/wp-content\/uploads\/2021\/02\/Buick-Envision-2021-1024x576-1.jpg\" \/>\n\t<meta property=\"og:image:width\" content=\"1024\" \/>\n\t<meta property=\"og:image:height\" content=\"576\" \/>\n\t<meta property=\"og:image:type\" content=\"image\/jpeg\" \/>\n<meta name=\"author\" content=\"admin\" \/>\n<meta name=\"twitter:card\" content=\"summary_large_image\" \/>\n<meta name=\"twitter:creator\" content=\"@OBSERVATORIOEH\" \/>\n<meta name=\"twitter:site\" content=\"@OBSERVATORIOEH\" \/>\n<meta name=\"twitter:label1\" content=\"Written by\" \/>\n\t<meta name=\"twitter:data1\" content=\"admin\" \/>\n\t<meta name=\"twitter:label2\" content=\"Est. reading time\" \/>\n\t<meta name=\"twitter:data2\" content=\"1 minute\" \/>\n<script type=\"application\/ld+json\" class=\"yoast-schema-graph\">{\"@context\":\"https:\/\/schema.org\",\"@graph\":[{\"@type\":\"Article\",\"@id\":\"https:\/\/otech.uaeh.edu.mx\/noti\/va\/general-motors-integrara-alexa-de-amazon-a-sus-vehiculos\/#article\",\"isPartOf\":{\"@id\":\"https:\/\/otech.uaeh.edu.mx\/noti\/va\/general-motors-integrara-alexa-de-amazon-a-sus-vehiculos\/\"},\"author\":{\"name\":\"admin\",\"@id\":\"https:\/\/otech.uaeh.edu.mx\/noti\/#\/schema\/person\/95263d004158ffabcd98137e1d0abc1c\"},\"headline\":\"General Motors integrar\u00e1 Alexa, de Amazon, a sus veh\u00edculos\",\"datePublished\":\"2021-02-04T20:01:47+00:00\",\"dateModified\":\"2021-02-04T20:02:07+00:00\",\"mainEntityOfPage\":{\"@id\":\"https:\/\/otech.uaeh.edu.mx\/noti\/va\/general-motors-integrara-alexa-de-amazon-a-sus-vehiculos\/\"},\"wordCount\":262,\"commentCount\":0,\"publisher\":{\"@id\":\"https:\/\/otech.uaeh.edu.mx\/noti\/#organization\"},\"image\":{\"@id\":\"https:\/\/otech.uaeh.edu.mx\/noti\/va\/general-motors-integrara-alexa-de-amazon-a-sus-vehiculos\/#primaryimage\"},\"thumbnailUrl\":\"https:\/\/otech.uaeh.edu.mx\/noti\/wp-content\/uploads\/2021\/02\/Buick-Envision-2021-1024x576-1.jpg\",\"articleSection\":[\"Veh\u00edculos Aut\u00f3nomos\"],\"inLanguage\":\"en-US\",\"potentialAction\":[{\"@type\":\"CommentAction\",\"name\":\"Comment\",\"target\":[\"https:\/\/otech.uaeh.edu.mx\/noti\/va\/general-motors-integrara-alexa-de-amazon-a-sus-vehiculos\/#respond\"]}]},{\"@type\":\"WebPage\",\"@id\":\"https:\/\/otech.uaeh.edu.mx\/noti\/va\/general-motors-integrara-alexa-de-amazon-a-sus-vehiculos\/\",\"url\":\"https:\/\/otech.uaeh.edu.mx\/noti\/va\/general-motors-integrara-alexa-de-amazon-a-sus-vehiculos\/\",\"name\":\"General Motors integrar\u00e1 Alexa, de Amazon, a sus veh\u00edculos - Observatorio Tecnol\u00f3gico de Hidalgo\",\"isPartOf\":{\"@id\":\"https:\/\/otech.uaeh.edu.mx\/noti\/#website\"},\"primaryImageOfPage\":{\"@id\":\"https:\/\/otech.uaeh.edu.mx\/noti\/va\/general-motors-integrara-alexa-de-amazon-a-sus-vehiculos\/#primaryimage\"},\"image\":{\"@id\":\"https:\/\/otech.uaeh.edu.mx\/noti\/va\/general-motors-integrara-alexa-de-amazon-a-sus-vehiculos\/#primaryimage\"},\"thumbnailUrl\":\"https:\/\/otech.uaeh.edu.mx\/noti\/wp-content\/uploads\/2021\/02\/Buick-Envision-2021-1024x576-1.jpg\",\"datePublished\":\"2021-02-04T20:01:47+00:00\",\"dateModified\":\"2021-02-04T20:02:07+00:00\",\"breadcrumb\":{\"@id\":\"https:\/\/otech.uaeh.edu.mx\/noti\/va\/general-motors-integrara-alexa-de-amazon-a-sus-vehiculos\/#breadcrumb\"},\"inLanguage\":\"en-US\",\"potentialAction\":[{\"@type\":\"ReadAction\",\"target\":[\"https:\/\/otech.uaeh.edu.mx\/noti\/va\/general-motors-integrara-alexa-de-amazon-a-sus-vehiculos\/\"]}]},{\"@type\":\"ImageObject\",\"inLanguage\":\"en-US\",\"@id\":\"https:\/\/otech.uaeh.edu.mx\/noti\/va\/general-motors-integrara-alexa-de-amazon-a-sus-vehiculos\/#primaryimage\",\"url\":\"https:\/\/otech.uaeh.edu.mx\/noti\/wp-content\/uploads\/2021\/02\/Buick-Envision-2021-1024x576-1.jpg\",\"contentUrl\":\"https:\/\/otech.uaeh.edu.mx\/noti\/wp-content\/uploads\/2021\/02\/Buick-Envision-2021-1024x576-1.jpg\",\"width\":1024,\"height\":576},{\"@type\":\"BreadcrumbList\",\"@id\":\"https:\/\/otech.uaeh.edu.mx\/noti\/va\/general-motors-integrara-alexa-de-amazon-a-sus-vehiculos\/#breadcrumb\",\"itemListElement\":[{\"@type\":\"ListItem\",\"position\":1,\"name\":\"Inicio\",\"item\":\"https:\/\/otech.uaeh.edu.mx\/noti\/\"},{\"@type\":\"ListItem\",\"position\":2,\"name\":\"General Motors integrar\u00e1 Alexa, de Amazon, a sus veh\u00edculos\"}]},{\"@type\":\"WebSite\",\"@id\":\"https:\/\/otech.uaeh.edu.mx\/noti\/#website\",\"url\":\"https:\/\/otech.uaeh.edu.mx\/noti\/\",\"name\":\"Observatorio Tecnol\u00f3gico de Hidalgo\",\"description\":\"\",\"publisher\":{\"@id\":\"https:\/\/otech.uaeh.edu.mx\/noti\/#organization\"},\"potentialAction\":[{\"@type\":\"SearchAction\",\"target\":{\"@type\":\"EntryPoint\",\"urlTemplate\":\"https:\/\/otech.uaeh.edu.mx\/noti\/?s={search_term_string}\"},\"query-input\":{\"@type\":\"PropertyValueSpecification\",\"valueRequired\":true,\"valueName\":\"search_term_string\"}}],\"inLanguage\":\"en-US\"},{\"@type\":\"Organization\",\"@id\":\"https:\/\/otech.uaeh.edu.mx\/noti\/#organization\",\"name\":\"Observatorio Tecnol\u00f3gico de Hidalgo\",\"url\":\"https:\/\/otech.uaeh.edu.mx\/noti\/\",\"logo\":{\"@type\":\"ImageObject\",\"inLanguage\":\"en-US\",\"@id\":\"https:\/\/otech.uaeh.edu.mx\/noti\/#\/schema\/logo\/image\/\",\"url\":\"https:\/\/otech.uaeh.edu.mx\/noti\/wp-content\/uploads\/2025\/11\/Logo-circulo.png\",\"contentUrl\":\"https:\/\/otech.uaeh.edu.mx\/noti\/wp-content\/uploads\/2025\/11\/Logo-circulo.png\",\"width\":250,\"height\":250,\"caption\":\"Observatorio Tecnol\u00f3gico de Hidalgo\"},\"image\":{\"@id\":\"https:\/\/otech.uaeh.edu.mx\/noti\/#\/schema\/logo\/image\/\"},\"sameAs\":[\"https:\/\/www.facebook.com\/observatoriouaeh\",\"https:\/\/x.com\/OBSERVATORIOEH\"]},{\"@type\":\"Person\",\"@id\":\"https:\/\/otech.uaeh.edu.mx\/noti\/#\/schema\/person\/95263d004158ffabcd98137e1d0abc1c\",\"name\":\"admin\",\"image\":{\"@type\":\"ImageObject\",\"inLanguage\":\"en-US\",\"@id\":\"https:\/\/otech.uaeh.edu.mx\/noti\/#\/schema\/person\/image\/\",\"url\":\"https:\/\/secure.gravatar.com\/avatar\/08dd17208ee6a9e87c5a01c0a5f4c96c8ed24bf05e625630929b5b6a7c1ffa5f?s=96&d=mm&r=g\",\"contentUrl\":\"https:\/\/secure.gravatar.com\/avatar\/08dd17208ee6a9e87c5a01c0a5f4c96c8ed24bf05e625630929b5b6a7c1ffa5f?s=96&d=mm&r=g\",\"caption\":\"admin\"},\"url\":\"https:\/\/otech.uaeh.edu.mx\/noti\/author\/admin\/\"}]}<\/script>\n<!-- \/ Yoast SEO plugin. -->","yoast_head_json":{"title":"General Motors integrar\u00e1 Alexa, de Amazon, a sus veh\u00edculos - Observatorio Tecnol\u00f3gico de Hidalgo","robots":{"index":"index","follow":"follow","max-snippet":"max-snippet:-1","max-image-preview":"max-image-preview:large","max-video-preview":"max-video-preview:-1"},"canonical":"https:\/\/otech.uaeh.edu.mx\/noti\/va\/general-motors-integrara-alexa-de-amazon-a-sus-vehiculos\/","og_locale":"en_US","og_type":"article","og_title":"General Motors integrar\u00e1 Alexa, de Amazon, a sus veh\u00edculos - Observatorio Tecnol\u00f3gico de Hidalgo","og_description":"General Motors M\u00e9xico ofrecer\u00e1 en sus veh\u00edculos la posibilidad de instalar la asistente inteligente Alexa, de Amazon,\u00a0y la Buick Envision 2021 ser\u00e1 uno de los primeros modelos en tenerla integrada.","og_url":"https:\/\/otech.uaeh.edu.mx\/noti\/va\/general-motors-integrara-alexa-de-amazon-a-sus-vehiculos\/","og_site_name":"Observatorio Tecnol\u00f3gico de Hidalgo","article_publisher":"https:\/\/www.facebook.com\/observatoriouaeh","article_published_time":"2021-02-04T20:01:47+00:00","article_modified_time":"2021-02-04T20:02:07+00:00","og_image":[{"width":1024,"height":576,"url":"https:\/\/otech.uaeh.edu.mx\/noti\/wp-content\/uploads\/2021\/02\/Buick-Envision-2021-1024x576-1.jpg","type":"image\/jpeg"}],"author":"admin","twitter_card":"summary_large_image","twitter_creator":"@OBSERVATORIOEH","twitter_site":"@OBSERVATORIOEH","twitter_misc":{"Written by":"admin","Est. reading time":"1 minute"},"schema":{"@context":"https:\/\/schema.org","@graph":[{"@type":"Article","@id":"https:\/\/otech.uaeh.edu.mx\/noti\/va\/general-motors-integrara-alexa-de-amazon-a-sus-vehiculos\/#article","isPartOf":{"@id":"https:\/\/otech.uaeh.edu.mx\/noti\/va\/general-motors-integrara-alexa-de-amazon-a-sus-vehiculos\/"},"author":{"name":"admin","@id":"https:\/\/otech.uaeh.edu.mx\/noti\/#\/schema\/person\/95263d004158ffabcd98137e1d0abc1c"},"headline":"General Motors integrar\u00e1 Alexa, de Amazon, a sus veh\u00edculos","datePublished":"2021-02-04T20:01:47+00:00","dateModified":"2021-02-04T20:02:07+00:00","mainEntityOfPage":{"@id":"https:\/\/otech.uaeh.edu.mx\/noti\/va\/general-motors-integrara-alexa-de-amazon-a-sus-vehiculos\/"},"wordCount":262,"commentCount":0,"publisher":{"@id":"https:\/\/otech.uaeh.edu.mx\/noti\/#organization"},"image":{"@id":"https:\/\/otech.uaeh.edu.mx\/noti\/va\/general-motors-integrara-alexa-de-amazon-a-sus-vehiculos\/#primaryimage"},"thumbnailUrl":"https:\/\/otech.uaeh.edu.mx\/noti\/wp-content\/uploads\/2021\/02\/Buick-Envision-2021-1024x576-1.jpg","articleSection":["Veh\u00edculos Aut\u00f3nomos"],"inLanguage":"en-US","potentialAction":[{"@type":"CommentAction","name":"Comment","target":["https:\/\/otech.uaeh.edu.mx\/noti\/va\/general-motors-integrara-alexa-de-amazon-a-sus-vehiculos\/#respond"]}]},{"@type":"WebPage","@id":"https:\/\/otech.uaeh.edu.mx\/noti\/va\/general-motors-integrara-alexa-de-amazon-a-sus-vehiculos\/","url":"https:\/\/otech.uaeh.edu.mx\/noti\/va\/general-motors-integrara-alexa-de-amazon-a-sus-vehiculos\/","name":"General Motors integrar\u00e1 Alexa, de Amazon, a sus veh\u00edculos - Observatorio Tecnol\u00f3gico de Hidalgo","isPartOf":{"@id":"https:\/\/otech.uaeh.edu.mx\/noti\/#website"},"primaryImageOfPage":{"@id":"https:\/\/otech.uaeh.edu.mx\/noti\/va\/general-motors-integrara-alexa-de-amazon-a-sus-vehiculos\/#primaryimage"},"image":{"@id":"https:\/\/otech.uaeh.edu.mx\/noti\/va\/general-motors-integrara-alexa-de-amazon-a-sus-vehiculos\/#primaryimage"},"thumbnailUrl":"https:\/\/otech.uaeh.edu.mx\/noti\/wp-content\/uploads\/2021\/02\/Buick-Envision-2021-1024x576-1.jpg","datePublished":"2021-02-04T20:01:47+00:00","dateModified":"2021-02-04T20:02:07+00:00","breadcrumb":{"@id":"https:\/\/otech.uaeh.edu.mx\/noti\/va\/general-motors-integrara-alexa-de-amazon-a-sus-vehiculos\/#breadcrumb"},"inLanguage":"en-US","potentialAction":[{"@type":"ReadAction","target":["https:\/\/otech.uaeh.edu.mx\/noti\/va\/general-motors-integrara-alexa-de-amazon-a-sus-vehiculos\/"]}]},{"@type":"ImageObject","inLanguage":"en-US","@id":"https:\/\/otech.uaeh.edu.mx\/noti\/va\/general-motors-integrara-alexa-de-amazon-a-sus-vehiculos\/#primaryimage","url":"https:\/\/otech.uaeh.edu.mx\/noti\/wp-content\/uploads\/2021\/02\/Buick-Envision-2021-1024x576-1.jpg","contentUrl":"https:\/\/otech.uaeh.edu.mx\/noti\/wp-content\/uploads\/2021\/02\/Buick-Envision-2021-1024x576-1.jpg","width":1024,"height":576},{"@type":"BreadcrumbList","@id":"https:\/\/otech.uaeh.edu.mx\/noti\/va\/general-motors-integrara-alexa-de-amazon-a-sus-vehiculos\/#breadcrumb","itemListElement":[{"@type":"ListItem","position":1,"name":"Inicio","item":"https:\/\/otech.uaeh.edu.mx\/noti\/"},{"@type":"ListItem","position":2,"name":"General Motors integrar\u00e1 Alexa, de Amazon, a sus veh\u00edculos"}]},{"@type":"WebSite","@id":"https:\/\/otech.uaeh.edu.mx\/noti\/#website","url":"https:\/\/otech.uaeh.edu.mx\/noti\/","name":"Observatorio Tecnol\u00f3gico de Hidalgo","description":"","publisher":{"@id":"https:\/\/otech.uaeh.edu.mx\/noti\/#organization"},"potentialAction":[{"@type":"SearchAction","target":{"@type":"EntryPoint","urlTemplate":"https:\/\/otech.uaeh.edu.mx\/noti\/?s={search_term_string}"},"query-input":{"@type":"PropertyValueSpecification","valueRequired":true,"valueName":"search_term_string"}}],"inLanguage":"en-US"},{"@type":"Organization","@id":"https:\/\/otech.uaeh.edu.mx\/noti\/#organization","name":"Observatorio Tecnol\u00f3gico de Hidalgo","url":"https:\/\/otech.uaeh.edu.mx\/noti\/","logo":{"@type":"ImageObject","inLanguage":"en-US","@id":"https:\/\/otech.uaeh.edu.mx\/noti\/#\/schema\/logo\/image\/","url":"https:\/\/otech.uaeh.edu.mx\/noti\/wp-content\/uploads\/2025\/11\/Logo-circulo.png","contentUrl":"https:\/\/otech.uaeh.edu.mx\/noti\/wp-content\/uploads\/2025\/11\/Logo-circulo.png","width":250,"height":250,"caption":"Observatorio Tecnol\u00f3gico de Hidalgo"},"image":{"@id":"https:\/\/otech.uaeh.edu.mx\/noti\/#\/schema\/logo\/image\/"},"sameAs":["https:\/\/www.facebook.com\/observatoriouaeh","https:\/\/x.com\/OBSERVATORIOEH"]},{"@type":"Person","@id":"https:\/\/otech.uaeh.edu.mx\/noti\/#\/schema\/person\/95263d004158ffabcd98137e1d0abc1c","name":"admin","image":{"@type":"ImageObject","inLanguage":"en-US","@id":"https:\/\/otech.uaeh.edu.mx\/noti\/#\/schema\/person\/image\/","url":"https:\/\/secure.gravatar.com\/avatar\/08dd17208ee6a9e87c5a01c0a5f4c96c8ed24bf05e625630929b5b6a7c1ffa5f?s=96&d=mm&r=g","contentUrl":"https:\/\/secure.gravatar.com\/avatar\/08dd17208ee6a9e87c5a01c0a5f4c96c8ed24bf05e625630929b5b6a7c1ffa5f?s=96&d=mm&r=g","caption":"admin"},"url":"https:\/\/otech.uaeh.edu.mx\/noti\/author\/admin\/"}]}},"_links":{"self":[{"href":"https:\/\/otech.uaeh.edu.mx\/noti\/wp-json\/wp\/v2\/posts\/21496","targetHints":{"allow":["GET"]}}],"collection":[{"href":"https:\/\/otech.uaeh.edu.mx\/noti\/wp-json\/wp\/v2\/posts"}],"about":[{"href":"https:\/\/otech.uaeh.edu.mx\/noti\/wp-json\/wp\/v2\/types\/post"}],"author":[{"embeddable":true,"href":"https:\/\/otech.uaeh.edu.mx\/noti\/wp-json\/wp\/v2\/users\/1"}],"replies":[{"embeddable":true,"href":"https:\/\/otech.uaeh.edu.mx\/noti\/wp-json\/wp\/v2\/comments?post=21496"}],"version-history":[{"count":2,"href":"https:\/\/otech.uaeh.edu.mx\/noti\/wp-json\/wp\/v2\/posts\/21496\/revisions"}],"predecessor-version":[{"id":21499,"href":"https:\/\/otech.uaeh.edu.mx\/noti\/wp-json\/wp\/v2\/posts\/21496\/revisions\/21499"}],"wp:featuredmedia":[{"embeddable":true,"href":"https:\/\/otech.uaeh.edu.mx\/noti\/wp-json\/wp\/v2\/media\/21497"}],"wp:attachment":[{"href":"https:\/\/otech.uaeh.edu.mx\/noti\/wp-json\/wp\/v2\/media?parent=21496"}],"wp:term":[{"taxonomy":"category","embeddable":true,"href":"https:\/\/otech.uaeh.edu.mx\/noti\/wp-json\/wp\/v2\/categories?post=21496"},{"taxonomy":"post_tag","embeddable":true,"href":"https:\/\/otech.uaeh.edu.mx\/noti\/wp-json\/wp\/v2\/tags?post=21496"}],"curies":[{"name":"wp","href":"https:\/\/api.w.org\/{rel}","templated":true}]}}