{"id":22087,"date":"2021-04-05T08:36:58","date_gmt":"2021-04-05T14:36:58","guid":{"rendered":"https:\/\/otech.uaeh.edu.mx\/noti\/?p=22087"},"modified":"2021-04-05T08:36:58","modified_gmt":"2021-04-05T14:36:58","slug":"que-es-el-cambio-climatico-causas-y-como-nos-afecta","status":"publish","type":"post","link":"https:\/\/otech.uaeh.edu.mx\/noti\/sociedad\/que-es-el-cambio-climatico-causas-y-como-nos-afecta\/","title":{"rendered":"Qu\u00e9 es el cambio clim\u00e1tico: causas y c\u00f3mo nos afecta"},"content":{"rendered":"<div class=\"detContText\">\n<div class=\"container\">\n<div class=\"row\">\n<div class=\"col-md-offset-2 col-md-8 col-sm-12 col-xs-12\">\n<p style=\"text-align: justify;\">La definici\u00f3n oficial de la Convenci\u00f3n de las Naciones Unidas sobre el\u00a0cambio clim\u00e1tico\u00a0incluye la frase \u201ces atribuible directa o indirectamente a la\u00a0<strong>actividad humana<\/strong>\u201d y aclara que dicho cambio \u201cse suma a la variabilidad clim\u00e1tica natural\u201d observada en periodos temporales comparables.<!--more--><\/p>\n<p style=\"text-align: justify;\">Para entender mejor en qu\u00e9 consiste el fen\u00f3meno, el\u00a0Ministerio para la Transici\u00f3n Ecol\u00f3gica y el Reto Demogr\u00e1fico\u00a0espa\u00f1ol distingue entre \u2018<strong>tiempo meteorol\u00f3gico y clima<\/strong>\u2019. El tiempo es la expresi\u00f3n utilizada para referirse \u201ca las condiciones meteorol\u00f3gicas en un momento concreto\u201d, mientras que el clima responde a \u201clas condiciones habituales en un lugar determinado\u201d,\u00a0<strong>incluyendo grandes regiones terrestres<\/strong>. Esto \u00faltimo es \u201clo que est\u00e1 cambiando en las \u00faltimas d\u00e9cadas debido a un conjunto de procesos involucrados\u201d, explica la investigadora del\u00a0Urban Transformation and Global Change Laboratory (Turba Lab) de la Universitat Oberta de Catalunya (UOC), Mar Satorras.<\/p>\n<section class=\"component_related_content\">\n<div class=\"col-md-5 col-sm-6 col-xs-12\">\n<article class=\"mod_noticia t_art i_sfoto f_1x1\">\n<div class=\"mod_noticia_box\">\n<div class=\"noticia_groupInfo col-md-12 col-sm-12 col-xs-12\">\n<div class=\"noticia_InfoTexto\">\n<p class=\"notTexto\">Los criterios ESG se refieren a factores ambientales, sociales y de gobierno corporativo que se tienen en cuenta a la hora de invertir en una empresa. Aunque su origen se remonta a varias d\u00e9cadas atr\u00e1s, en los \u00faltimos a\u00f1os se han convertido en la referencia de la inversi\u00f3n socialmente responsable (ISR).<\/p>\n<\/div>\n<\/div>\n<\/div>\n<\/article>\n<\/div>\n<\/section>\n<h2 style=\"text-align: justify;\">Cambio permanente e hist\u00f3rico<\/h2>\n<p style=\"text-align: justify;\">El clima, afirma este Ministerio, \u201ctambi\u00e9n var\u00eda y ha sufrido cambios importantes a lo largo de la historia de la Tierra debido a causas naturales\u201d. Pone como ejemplo lo ocurrido en el\u00a0<strong>\u00faltimo periodo glaciar<\/strong>, \u201cque finaliz\u00f3 hace unos 10.000 a\u00f1os cuando el clima terrestre era m\u00e1s fr\u00edo que el actual y los glaciares ocuparon amplias extensiones de la superficie del planeta\u201d.<\/p>\n<p style=\"text-align: justify;\">Satorras menciona la \u201c<strong>peque\u00f1a edad de hielo<\/strong>\u00a0o el peque\u00f1o medieval caliente\u201d como ejemplos de cambios clim\u00e1ticos sucedidos en otros periodos de la historia. La experta recuerda el\u00a0<strong>profundo debate cient\u00edfico<\/strong>\u00a0acerca de las diferentes causas de los cambios clim\u00e1ticos naturales, desde movimientos volc\u00e1nicos a meteoritos o incluso transformaciones en el uso de la agricultura, entre otros.<\/p>\n<h2 style=\"text-align: justify;\">Causas del cambio clim\u00e1tico<\/h2>\n<p style=\"text-align: justify;\">Pero existe una posici\u00f3n cada vez m\u00e1s mayoritaria en la comunidad cient\u00edfica sobre la\u00a0<strong>actividad humana<\/strong>\u00a0como causante de la modificaci\u00f3n de las condiciones clim\u00e1ticas actuales. De ah\u00ed que la investigadora del Turba Lab coincida al definir el presente cambio clim\u00e1tico como\u00a0<strong>\u201cantropog\u00e9nico\u201d<\/strong>, es decir, causado por la humanidad y no por anomal\u00edas biof\u00edsicas o naturales.<\/p>\n<p style=\"text-align: justify;\">El\u00a0Panel Intergubernamental sobre Cambio Clim\u00e1tico\u00a0(IPCC, organismo creado en 1988 por el Programa de Naciones Unidas para el Medio Ambiente y por la Organizaci\u00f3n Meteorol\u00f3gica Mundial, compuesto por cient\u00edficos y expertos de 195 pa\u00edses), se\u00f1ala que el inicio del fen\u00f3meno se puede establecer en el comienzo de la era industrial, m\u00e1s o menos en torno al a\u00f1o 1750. La conclusi\u00f3n parece clara: han bastado menos de tres siglos, un suspiro en la escala de la historia planetaria, para modificar el equilibrio clim\u00e1tico.<\/p>\n<\/div>\n<\/div>\n<\/div>\n<\/div>\n<p style=\"text-align: justify;\">\n<div class=\"detArtImg\" style=\"text-align: justify;\">\n<div class=\"component_img_text_size\">\n<div class=\"container\">\n<div class=\"row\">\n<div class=\"col-md-offset-2 col-md-8 col-sm-12 col-xs-12\">\n<figure><picture><source srcset=\"https:\/\/www.bbva.com\/wp-content\/uploads\/2021\/03\/BBVA-cambio-climatico-interior-2.jpg\" media=\"(max-width: 768px)\" \/><source srcset=\"https:\/\/www.bbva.com\/wp-content\/uploads\/2021\/03\/BBVA-cambio-climatico-interior-2.jpg\" media=\"(max-width: 1024px)\" \/><source srcset=\"https:\/\/www.bbva.com\/wp-content\/uploads\/2021\/03\/BBVA-cambio-climatico-interior-2.jpg\" media=\"(max-width: 1920px)\" \/><img decoding=\"async\" title=\"BBVA-cambio-climatico-interior-2-tierra-naturaleza-cuidado-medioambiente-sol-efectos-naturaleza\" src=\"https:\/\/www.bbva.com\/wp-content\/uploads\/2021\/03\/BBVA-cambio-climatico-interior-2.jpg\" alt=\"BBVA-cambio-climatico-interior-2-tierra-naturaleza-cuidado-medioambiente-sol-efectos-naturaleza\" \/><\/picture><\/figure>\n<\/div>\n<\/div>\n<\/div>\n<\/div>\n<\/div>\n<div class=\"detContText\" style=\"text-align: justify;\">\n<div class=\"container\">\n<div class=\"row\">\n<div class=\"col-md-offset-2 col-md-8 col-sm-12 col-xs-12\">\n<h2>Era industrial en sentido amplio<\/h2>\n<p>No solo hay que entender \u201cla industrializaci\u00f3n\u201d como la actividad fabril y de producci\u00f3n en serie, cuando se multiplicaron el n\u00famero y el tama\u00f1o de las factor\u00edas. El panel de Naciones Unidas completa el concepto e indica que \u201c<strong>el uso humano de la tierra<\/strong>\u00a0tambi\u00e9n afecta directamente a\u00a0<strong>m\u00e1s del 70%<\/strong> de la superficie terrestre mundial libre de hielo y juega un papel importante en el sistema clim\u00e1tico\u201d.<\/p>\n<section class=\"component_related_content\">\n<div class=\"col-md-5 col-sm-6 col-xs-12\">\n<article class=\"mod_noticia t_art i_sfoto f_1x1\">\n<div class=\"mod_noticia_box\">\n<div class=\"noticia_groupInfo col-md-12 col-sm-12 col-xs-12\">\n<div class=\"noticia_InfoTexto\">\n<p class=\"notTexto\">BBVA ha sido neutro en sus emisiones directas de\u00a0CO2\u00a0en 2020. Este objetivo se ha conseguido al compensar toda la huella de carbono con proyectos mitigadores de CO2, que adem\u00e1s generan un impacto positivo en las comunidades locales donde se desarrollan. As\u00ed, el banco ha compensado 120.562 toneladas de CO2e durante el a\u00f1o en siete proyectos en pa\u00edses en los que opera. Es un avance m\u00e1s en el marco de su compromiso de alinear su actividad al Acuerdo de Par\u00eds y reducir emisiones, tanto directas como indirectas.<\/p>\n<\/div>\n<\/div>\n<\/div>\n<\/article>\n<\/div>\n<\/section>\n<p>De acuerdo con sus datos, la agricultura, la silvicultura y otros usos de la tierra representaron alrededor del\u00a0<strong>13% de las emisiones<\/strong>\u00a0de di\u00f3xido de carbono (CO2), el 44% de las de metano y el 82% de las de \u00f3xido nitroso en todo el mundo entre 2007 y 2016, lo que supone el 23% de las emisiones de\u00a0gases de efecto invernadero\u00a0generadas por la actividad humana.<\/p>\n<p>La Convenci\u00f3n Marco de Naciones Unidas sobre el Cambio Clim\u00e1tico afirma que \u201cdespu\u00e9s de m\u00e1s de un siglo y medio de industrializaci\u00f3n, deforestaci\u00f3n y agricultura a gran escala, las cantidades de gases de efecto invernadero en la atm\u00f3sfera se han incrementado en\u00a0<strong>niveles nunca antes vistos<\/strong>\u00a0en tres millones de a\u00f1os\u201d. Hay que tener en cuenta que los GEI tambi\u00e9n se producen de manera natural y que en las cantidades adecuadas son\u00a0<strong>beneficiosos para la vida<\/strong>\u00a0en el planeta al impedir que parte del calor procedente del sol escape hacia el espacio.<\/p>\n<h2>Emisiones desatadas<\/h2>\n<p>El problema es que el nivel de emisiones GEI ha crecido bastante m\u00e1s de lo debido.\u00a0El CO2\u00a0por ejemplo, el m\u00e1s abundante de todos estos gases con\u00a0<strong>dos tercios del total<\/strong>, se ha disparado principalmente por el uso de\u00a0<strong>combustibles f\u00f3siles<\/strong>\u00a0como el carb\u00f3n en calefacciones y centrales t\u00e9rmicas o la gasolina y el gasoil en los veh\u00edculos.<\/p>\n<p>Esa visi\u00f3n hol\u00edstica sobre las causas antropog\u00e9nicas del cambio clim\u00e1tico se traslada\u00a0<strong>tambi\u00e9n a las soluciones<\/strong>, y de ah\u00ed el concepto de desarrollo sostenible que no solo ata\u00f1e a la salud medioambiental sino al desarrollo humano en todas sus facetas como parte del remedio. As\u00ed, los estados miembros de la ONU adoptaron en 2015 los\u00a0Objetivos de Desarrollo Sostenible (ODS)\u00a0para avanzar en la erradicaci\u00f3n de la pobreza, en la protecci\u00f3n del planeta y hacia un horizonte de\u00a0<strong>paz, igualdad y prosperidad<\/strong>\u00a0para todos los seres humanos.<\/p>\n<h2>Demasiado r\u00e1pido para los ecosistemas<\/h2>\n<p>El Ministerio para la Transici\u00f3n Ecol\u00f3gica coincide en que este cambio del clima es muy diferente a los anteriores. En primer lugar, porque su causa es \u201cla emisi\u00f3n, como resultado de la actividad humana, de los GEI, los cuales aumentan la capacidad de la atm\u00f3sfera terrestre para\u00a0<strong>retener calor<\/strong>\u00a0y dan lugar al fen\u00f3meno del calentamiento global\u201d. Y adem\u00e1s por el\u00a0<strong>ritmo acelerado<\/strong>\u00a0de dichas emisiones. Seg\u00fan Satorras, \u201cla medida de su gravedad es la rapidez con la que se est\u00e1 produciendo. A m\u00e1s largo plazo, los ecosistemas tienen tiempo de ir adapt\u00e1ndose, lo que no est\u00e1 ocurriendo ahora precisamente por dicha velocidad\u201d.<\/p>\n<p>Por su parte, el IPPC tambi\u00e9n advierte de ese peligro. En octubre de 2018 public\u00f3 uno de sus informes (en 2021 ver\u00e1 la luz el IV) donde sus expertos confirmaban que existen\u00a0<strong>los recursos y el tiempo suficiente<\/strong>\u00a0para evitar que el calentamiento global supere\u00a0<strong>1,5 grados cent\u00edgrados<\/strong>\u00a0a final de siglo respecto a los niveles preindustriales (el principal objetivo del Acuerdo de Par\u00eds), pero para aplicarlos y lograr resultados \u201cse necesita un esfuerzo sin precedentes\u201d, teniendo en cuenta que la mitad de la cantidad m\u00e1xima de CO2 estimado para que la Tierra no llegue a un calentamiento medio de\u00a0<strong>dos grados cent\u00edgrados<\/strong>\u00a0(el nivel tope, considerado altamente nocivo) se alcanz\u00f3 en 2011.<\/p>\n<\/div>\n<\/div>\n<\/div>\n<\/div>\n<div class=\"detArtImg\" style=\"text-align: justify;\">\n<div class=\"component_img_text_size\">\n<div class=\"container\">\n<div class=\"row\">\n<div class=\"col-md-offset-2 col-md-8 col-sm-12 col-xs-12\">\n<figure><picture><source srcset=\"https:\/\/www.bbva.com\/wp-content\/uploads\/2021\/03\/BBVA-cambio-climatico-interior-1.jpg\" media=\"(max-width: 768px)\" \/><source srcset=\"https:\/\/www.bbva.com\/wp-content\/uploads\/2021\/03\/BBVA-cambio-climatico-interior-1.jpg\" media=\"(max-width: 1024px)\" \/><source srcset=\"https:\/\/www.bbva.com\/wp-content\/uploads\/2021\/03\/BBVA-cambio-climatico-interior-1.jpg\" media=\"(max-width: 1920px)\" \/><img decoding=\"async\" title=\"BBVA-cambio-climatico-interior-contaminacion-ciudades-efectos-gases-humos-fabricas-energia-consejos-planeta-urbanizacion\" src=\"https:\/\/www.bbva.com\/wp-content\/uploads\/2021\/03\/BBVA-cambio-climatico-interior-1.jpg\" alt=\"BBVA-cambio-climatico-interior-contaminacion-ciudades-efectos-gases-humos-fabricas-energia-consejos-planeta-urbanizacion\" \/><\/picture><\/figure>\n<\/div>\n<\/div>\n<\/div>\n<\/div>\n<\/div>\n<div class=\"detContText\">\n<div class=\"container\">\n<div class=\"row\">\n<div class=\"col-md-offset-2 col-md-8 col-sm-12 col-xs-12\">\n<h2 style=\"text-align: justify;\">Consecuencias a la vista<\/h2>\n<p style=\"text-align: justify;\">El calentamiento global provocado por el cambio del clima es cada vez m\u00e1s evidente. El IPCC menciona como consecuencias \u201c<strong>la desertificaci\u00f3n<\/strong>, la degradaci\u00f3n de la tierra, la falta de seguridad alimentaria y los flujos de gases de efecto invernadero en los ecosistemas terrestres\u201d, entre otros.<\/p>\n<p style=\"text-align: justify;\">Efectos directos: que los oc\u00e9anos se han calentado, la cantidad de hielo y nieve ha bajado mientras el nivel del mar ha subido\u00a0<strong>19 cent\u00edmetros<\/strong>\u00a0de 1901 a 2010. Se calcula que, en 2065, el nivel medio habr\u00e1 crecido entre 24 y 30 cent\u00edmetros y de\u00a0<strong>40 a 63<\/strong>\u00a0en 2100, en relaci\u00f3n con el periodo 1986-2005. Esta tendencia parece inevitable, ya que, seg\u00fan el IPCC, las consecuencias del cambio clim\u00e1tico \u201c<strong>persistir\u00e1n durante muchos siglos<\/strong>, incluso si se detienen las emisiones\u201d. En otras palabras, el proceso se ha puesto en marcha y se puede paliar, pero no parar en seco su inercia.<\/p>\n<section class=\"component_related_content\">\n<div class=\"col-md-5 col-sm-6 col-xs-12\">\n<article class=\"mod_noticia t_art i_sfoto f_1x1\">\n<div class=\"mod_noticia_box\">\n<div class=\"noticia_groupInfo col-md-12 col-sm-12 col-xs-12\">\n<div class=\"noticia_InfoTexto\">\n<p class=\"notTexto\">Activo desde hace unos 3.800 millones de a\u00f1os, el ciclo del agua es el motor de la vida en el planeta y uno de los m\u00e1ximos condicionantes econ\u00f3micos. Su estabilidad se ve amenazada por la aceleraci\u00f3n del cambio clim\u00e1tico debido a la actividad humana. La necesidad de preservarlo es tambi\u00e9n una oportunidad para impulsar el desarrollo sostenible, las tecnolog\u00edas verdes y la econom\u00eda circular.<\/p>\n<\/div>\n<\/div>\n<\/div>\n<\/article>\n<\/div>\n<\/section>\n<p style=\"text-align: justify;\">De acuerdo con estos expertos, los efectos pueden ser irreversibles en algunos puntos del planeta como\u00a0<strong>la selva amaz\u00f3nica o la tundra asi\u00e1tica<\/strong>, en donde el calentamiento y la p\u00e9rdida de humedad est\u00e1n causando modificaciones acusadas, sin retorno.<\/p>\n<p style=\"text-align: justify;\">Si se toma\u00a0<strong>Espa\u00f1a<\/strong>\u00a0como ejemplo (uno de los pa\u00edses m\u00e1s amenazados en su entorno europeo), el Ministerio para la Transici\u00f3n Ecol\u00f3gica se\u00f1ala\u00a0<strong>cuatro consecuencias claras<\/strong>: alargamiento de los veranos en cinco semanas desde los a\u00f1os setenta, seg\u00fan la Agencia Estatal de Meteorolog\u00eda (Aemet); la disminuci\u00f3n de los caudales de los r\u00edos, en algunos casos m\u00e1s del 20%; la expansi\u00f3n del clima semi\u00e1rido en\u00a0<strong>unos 30.000 kil\u00f3metros cuadrados<\/strong>; y el incremento en frecuencia e intensidad de las olas de calor y las sequ\u00edas. Si aumenta la emisi\u00f3n de los GEI, las previsiones apuntan al agravamiento de estos y otros s\u00edntomas como el\u00a0<strong>incremento de las temperaturas<\/strong>\u00a0m\u00e1ximas y m\u00ednimas.<\/p>\n<h2 style=\"text-align: justify;\">Cuenta atr\u00e1s<\/h2>\n<p style=\"text-align: justify;\">El ser humano (al fin y al cabo,\u00a0<strong>una especie m\u00e1s<\/strong>\u00a0dependiente de ecosistemas que experimentan una profunda transformaci\u00f3n) tambi\u00e9n acusa los efectos tanto de forma individual como colectiva. \u201cEl calentamiento global tiene consecuencias no solo biof\u00edsicas,\u00a0<strong>sino tambi\u00e9n sociales<\/strong>. Por ello, desde el punto de vista social crece la voluntad de llamada contra la emergencia clim\u00e1tica, para que se act\u00fae ya\u201d, a\u00f1ade Satorras.<\/p>\n<p style=\"text-align: justify;\">El IPCC, cuyos trabajos son considerados de referencia por la comunidad internacional de expertos, manifiesta en su \u2018V Informe\u2019 que para limitar el\u00a0calentamiento global\u00a0a 1,5 grados cent\u00edgrados se requieren \u201c<strong>transiciones r\u00e1pidas y de gran calado<\/strong>\u201d en el uso de la tierra, la energ\u00eda, la industria, los edificios, el transporte y las ciudades. Las emisiones mundiales de CO2 producidas por la acci\u00f3n humana tendr\u00e1n que\u00a0<strong>reducirse en un 45%<\/strong>\u00a0para 2030 con respecto al nivel de 2010 y seguir en ca\u00edda hasta alcanzar el \u201ccero neto\u201d aproximadamente en el a\u00f1o 2050, seg\u00fan calcula este organismo.<\/p>\n<p>Fuente:<\/p>\n<p>S. (2021i, marzo 31). Qu\u00e9 es el cambio clim\u00e1tico: causas y c\u00f3mo nos afecta. Recuperado 5 de abril de 2021, de https:\/\/www.bbva.com\/es\/sostenibilidad\/que-es-el-cambio-climatico-causas-y-como-nos-afecta\/<\/p>\n<\/div>\n<\/div>\n<\/div>\n<\/div>\n","protected":false},"excerpt":{"rendered":"<p>La definici\u00f3n oficial de la Convenci\u00f3n de las Naciones Unidas sobre el\u00a0cambio clim\u00e1tico\u00a0incluye la frase \u201ces atribuible directa o indirectamente a la\u00a0actividad humana\u201d y aclara que dicho cambio \u201cse suma a la variabilidad clim\u00e1tica natural\u201d observada en periodos temporales comparables.<\/p>\n","protected":false},"author":1,"featured_media":22088,"comment_status":"open","ping_status":"open","sticky":false,"template":"","format":"standard","meta":{"footnotes":""},"categories":[378],"tags":[],"class_list":["post-22087","post","type-post","status-publish","format-standard","has-post-thumbnail","hentry","category-sociedad"],"yoast_head":"<!-- This site is optimized with the Yoast SEO plugin v26.7 - https:\/\/yoast.com\/wordpress\/plugins\/seo\/ -->\n<title>Qu\u00e9 es el cambio clim\u00e1tico: causas y c\u00f3mo nos afecta - Observatorio Tecnol\u00f3gico de Hidalgo<\/title>\n<meta name=\"robots\" content=\"index, follow, max-snippet:-1, max-image-preview:large, max-video-preview:-1\" \/>\n<link rel=\"canonical\" href=\"https:\/\/otech.uaeh.edu.mx\/noti\/sociedad\/que-es-el-cambio-climatico-causas-y-como-nos-afecta\/\" \/>\n<meta property=\"og:locale\" content=\"en_US\" \/>\n<meta property=\"og:type\" content=\"article\" \/>\n<meta property=\"og:title\" content=\"Qu\u00e9 es el cambio clim\u00e1tico: causas y c\u00f3mo nos afecta - Observatorio Tecnol\u00f3gico de Hidalgo\" \/>\n<meta property=\"og:description\" content=\"La definici\u00f3n oficial de la Convenci\u00f3n de las Naciones Unidas sobre el\u00a0cambio clim\u00e1tico\u00a0incluye la frase \u201ces atribuible directa o indirectamente a la\u00a0actividad humana\u201d y aclara que dicho cambio \u201cse suma a la variabilidad clim\u00e1tica natural\u201d observada en periodos temporales comparables.\" \/>\n<meta property=\"og:url\" content=\"https:\/\/otech.uaeh.edu.mx\/noti\/sociedad\/que-es-el-cambio-climatico-causas-y-como-nos-afecta\/\" \/>\n<meta property=\"og:site_name\" content=\"Observatorio Tecnol\u00f3gico de Hidalgo\" \/>\n<meta property=\"article:publisher\" content=\"https:\/\/www.facebook.com\/observatoriouaeh\" \/>\n<meta property=\"article:published_time\" content=\"2021-04-05T14:36:58+00:00\" \/>\n<meta property=\"og:image\" content=\"https:\/\/otech.uaeh.edu.mx\/noti\/wp-content\/uploads\/2021\/04\/BBVA-cambio-climatico-apertura-1.jpg\" \/>\n\t<meta property=\"og:image:width\" content=\"1920\" \/>\n\t<meta property=\"og:image:height\" content=\"1180\" \/>\n\t<meta property=\"og:image:type\" content=\"image\/jpeg\" \/>\n<meta name=\"author\" content=\"admin\" \/>\n<meta name=\"twitter:card\" content=\"summary_large_image\" \/>\n<meta name=\"twitter:creator\" content=\"@OBSERVATORIOEH\" \/>\n<meta name=\"twitter:site\" content=\"@OBSERVATORIOEH\" \/>\n<meta name=\"twitter:label1\" content=\"Written by\" \/>\n\t<meta name=\"twitter:data1\" content=\"admin\" \/>\n\t<meta name=\"twitter:label2\" content=\"Est. reading time\" \/>\n\t<meta name=\"twitter:data2\" content=\"9 minutes\" \/>\n<script type=\"application\/ld+json\" class=\"yoast-schema-graph\">{\"@context\":\"https:\/\/schema.org\",\"@graph\":[{\"@type\":\"Article\",\"@id\":\"https:\/\/otech.uaeh.edu.mx\/noti\/sociedad\/que-es-el-cambio-climatico-causas-y-como-nos-afecta\/#article\",\"isPartOf\":{\"@id\":\"https:\/\/otech.uaeh.edu.mx\/noti\/sociedad\/que-es-el-cambio-climatico-causas-y-como-nos-afecta\/\"},\"author\":{\"name\":\"admin\",\"@id\":\"https:\/\/otech.uaeh.edu.mx\/noti\/#\/schema\/person\/95263d004158ffabcd98137e1d0abc1c\"},\"headline\":\"Qu\u00e9 es el cambio clim\u00e1tico: causas y c\u00f3mo nos afecta\",\"datePublished\":\"2021-04-05T14:36:58+00:00\",\"mainEntityOfPage\":{\"@id\":\"https:\/\/otech.uaeh.edu.mx\/noti\/sociedad\/que-es-el-cambio-climatico-causas-y-como-nos-afecta\/\"},\"wordCount\":1837,\"commentCount\":0,\"publisher\":{\"@id\":\"https:\/\/otech.uaeh.edu.mx\/noti\/#organization\"},\"image\":{\"@id\":\"https:\/\/otech.uaeh.edu.mx\/noti\/sociedad\/que-es-el-cambio-climatico-causas-y-como-nos-afecta\/#primaryimage\"},\"thumbnailUrl\":\"https:\/\/otech.uaeh.edu.mx\/noti\/wp-content\/uploads\/2021\/04\/BBVA-cambio-climatico-apertura-1.jpg\",\"articleSection\":[\"Sociedad\"],\"inLanguage\":\"en-US\",\"potentialAction\":[{\"@type\":\"CommentAction\",\"name\":\"Comment\",\"target\":[\"https:\/\/otech.uaeh.edu.mx\/noti\/sociedad\/que-es-el-cambio-climatico-causas-y-como-nos-afecta\/#respond\"]}]},{\"@type\":\"WebPage\",\"@id\":\"https:\/\/otech.uaeh.edu.mx\/noti\/sociedad\/que-es-el-cambio-climatico-causas-y-como-nos-afecta\/\",\"url\":\"https:\/\/otech.uaeh.edu.mx\/noti\/sociedad\/que-es-el-cambio-climatico-causas-y-como-nos-afecta\/\",\"name\":\"Qu\u00e9 es el cambio clim\u00e1tico: causas y c\u00f3mo nos afecta - Observatorio Tecnol\u00f3gico de Hidalgo\",\"isPartOf\":{\"@id\":\"https:\/\/otech.uaeh.edu.mx\/noti\/#website\"},\"primaryImageOfPage\":{\"@id\":\"https:\/\/otech.uaeh.edu.mx\/noti\/sociedad\/que-es-el-cambio-climatico-causas-y-como-nos-afecta\/#primaryimage\"},\"image\":{\"@id\":\"https:\/\/otech.uaeh.edu.mx\/noti\/sociedad\/que-es-el-cambio-climatico-causas-y-como-nos-afecta\/#primaryimage\"},\"thumbnailUrl\":\"https:\/\/otech.uaeh.edu.mx\/noti\/wp-content\/uploads\/2021\/04\/BBVA-cambio-climatico-apertura-1.jpg\",\"datePublished\":\"2021-04-05T14:36:58+00:00\",\"breadcrumb\":{\"@id\":\"https:\/\/otech.uaeh.edu.mx\/noti\/sociedad\/que-es-el-cambio-climatico-causas-y-como-nos-afecta\/#breadcrumb\"},\"inLanguage\":\"en-US\",\"potentialAction\":[{\"@type\":\"ReadAction\",\"target\":[\"https:\/\/otech.uaeh.edu.mx\/noti\/sociedad\/que-es-el-cambio-climatico-causas-y-como-nos-afecta\/\"]}]},{\"@type\":\"ImageObject\",\"inLanguage\":\"en-US\",\"@id\":\"https:\/\/otech.uaeh.edu.mx\/noti\/sociedad\/que-es-el-cambio-climatico-causas-y-como-nos-afecta\/#primaryimage\",\"url\":\"https:\/\/otech.uaeh.edu.mx\/noti\/wp-content\/uploads\/2021\/04\/BBVA-cambio-climatico-apertura-1.jpg\",\"contentUrl\":\"https:\/\/otech.uaeh.edu.mx\/noti\/wp-content\/uploads\/2021\/04\/BBVA-cambio-climatico-apertura-1.jpg\",\"width\":1920,\"height\":1180},{\"@type\":\"BreadcrumbList\",\"@id\":\"https:\/\/otech.uaeh.edu.mx\/noti\/sociedad\/que-es-el-cambio-climatico-causas-y-como-nos-afecta\/#breadcrumb\",\"itemListElement\":[{\"@type\":\"ListItem\",\"position\":1,\"name\":\"Inicio\",\"item\":\"https:\/\/otech.uaeh.edu.mx\/noti\/\"},{\"@type\":\"ListItem\",\"position\":2,\"name\":\"Qu\u00e9 es el cambio clim\u00e1tico: causas y c\u00f3mo nos afecta\"}]},{\"@type\":\"WebSite\",\"@id\":\"https:\/\/otech.uaeh.edu.mx\/noti\/#website\",\"url\":\"https:\/\/otech.uaeh.edu.mx\/noti\/\",\"name\":\"Observatorio Tecnol\u00f3gico de Hidalgo\",\"description\":\"\",\"publisher\":{\"@id\":\"https:\/\/otech.uaeh.edu.mx\/noti\/#organization\"},\"potentialAction\":[{\"@type\":\"SearchAction\",\"target\":{\"@type\":\"EntryPoint\",\"urlTemplate\":\"https:\/\/otech.uaeh.edu.mx\/noti\/?s={search_term_string}\"},\"query-input\":{\"@type\":\"PropertyValueSpecification\",\"valueRequired\":true,\"valueName\":\"search_term_string\"}}],\"inLanguage\":\"en-US\"},{\"@type\":\"Organization\",\"@id\":\"https:\/\/otech.uaeh.edu.mx\/noti\/#organization\",\"name\":\"Observatorio Tecnol\u00f3gico de Hidalgo\",\"url\":\"https:\/\/otech.uaeh.edu.mx\/noti\/\",\"logo\":{\"@type\":\"ImageObject\",\"inLanguage\":\"en-US\",\"@id\":\"https:\/\/otech.uaeh.edu.mx\/noti\/#\/schema\/logo\/image\/\",\"url\":\"https:\/\/otech.uaeh.edu.mx\/noti\/wp-content\/uploads\/2025\/11\/Logo-circulo.png\",\"contentUrl\":\"https:\/\/otech.uaeh.edu.mx\/noti\/wp-content\/uploads\/2025\/11\/Logo-circulo.png\",\"width\":250,\"height\":250,\"caption\":\"Observatorio Tecnol\u00f3gico de Hidalgo\"},\"image\":{\"@id\":\"https:\/\/otech.uaeh.edu.mx\/noti\/#\/schema\/logo\/image\/\"},\"sameAs\":[\"https:\/\/www.facebook.com\/observatoriouaeh\",\"https:\/\/x.com\/OBSERVATORIOEH\"]},{\"@type\":\"Person\",\"@id\":\"https:\/\/otech.uaeh.edu.mx\/noti\/#\/schema\/person\/95263d004158ffabcd98137e1d0abc1c\",\"name\":\"admin\",\"image\":{\"@type\":\"ImageObject\",\"inLanguage\":\"en-US\",\"@id\":\"https:\/\/otech.uaeh.edu.mx\/noti\/#\/schema\/person\/image\/\",\"url\":\"https:\/\/secure.gravatar.com\/avatar\/08dd17208ee6a9e87c5a01c0a5f4c96c8ed24bf05e625630929b5b6a7c1ffa5f?s=96&d=mm&r=g\",\"contentUrl\":\"https:\/\/secure.gravatar.com\/avatar\/08dd17208ee6a9e87c5a01c0a5f4c96c8ed24bf05e625630929b5b6a7c1ffa5f?s=96&d=mm&r=g\",\"caption\":\"admin\"},\"url\":\"https:\/\/otech.uaeh.edu.mx\/noti\/author\/admin\/\"}]}<\/script>\n<!-- \/ Yoast SEO plugin. -->","yoast_head_json":{"title":"Qu\u00e9 es el cambio clim\u00e1tico: causas y c\u00f3mo nos afecta - Observatorio Tecnol\u00f3gico de Hidalgo","robots":{"index":"index","follow":"follow","max-snippet":"max-snippet:-1","max-image-preview":"max-image-preview:large","max-video-preview":"max-video-preview:-1"},"canonical":"https:\/\/otech.uaeh.edu.mx\/noti\/sociedad\/que-es-el-cambio-climatico-causas-y-como-nos-afecta\/","og_locale":"en_US","og_type":"article","og_title":"Qu\u00e9 es el cambio clim\u00e1tico: causas y c\u00f3mo nos afecta - Observatorio Tecnol\u00f3gico de Hidalgo","og_description":"La definici\u00f3n oficial de la Convenci\u00f3n de las Naciones Unidas sobre el\u00a0cambio clim\u00e1tico\u00a0incluye la frase \u201ces atribuible directa o indirectamente a la\u00a0actividad humana\u201d y aclara que dicho cambio \u201cse suma a la variabilidad clim\u00e1tica natural\u201d observada en periodos temporales comparables.","og_url":"https:\/\/otech.uaeh.edu.mx\/noti\/sociedad\/que-es-el-cambio-climatico-causas-y-como-nos-afecta\/","og_site_name":"Observatorio Tecnol\u00f3gico de Hidalgo","article_publisher":"https:\/\/www.facebook.com\/observatoriouaeh","article_published_time":"2021-04-05T14:36:58+00:00","og_image":[{"width":1920,"height":1180,"url":"https:\/\/otech.uaeh.edu.mx\/noti\/wp-content\/uploads\/2021\/04\/BBVA-cambio-climatico-apertura-1.jpg","type":"image\/jpeg"}],"author":"admin","twitter_card":"summary_large_image","twitter_creator":"@OBSERVATORIOEH","twitter_site":"@OBSERVATORIOEH","twitter_misc":{"Written by":"admin","Est. reading time":"9 minutes"},"schema":{"@context":"https:\/\/schema.org","@graph":[{"@type":"Article","@id":"https:\/\/otech.uaeh.edu.mx\/noti\/sociedad\/que-es-el-cambio-climatico-causas-y-como-nos-afecta\/#article","isPartOf":{"@id":"https:\/\/otech.uaeh.edu.mx\/noti\/sociedad\/que-es-el-cambio-climatico-causas-y-como-nos-afecta\/"},"author":{"name":"admin","@id":"https:\/\/otech.uaeh.edu.mx\/noti\/#\/schema\/person\/95263d004158ffabcd98137e1d0abc1c"},"headline":"Qu\u00e9 es el cambio clim\u00e1tico: causas y c\u00f3mo nos afecta","datePublished":"2021-04-05T14:36:58+00:00","mainEntityOfPage":{"@id":"https:\/\/otech.uaeh.edu.mx\/noti\/sociedad\/que-es-el-cambio-climatico-causas-y-como-nos-afecta\/"},"wordCount":1837,"commentCount":0,"publisher":{"@id":"https:\/\/otech.uaeh.edu.mx\/noti\/#organization"},"image":{"@id":"https:\/\/otech.uaeh.edu.mx\/noti\/sociedad\/que-es-el-cambio-climatico-causas-y-como-nos-afecta\/#primaryimage"},"thumbnailUrl":"https:\/\/otech.uaeh.edu.mx\/noti\/wp-content\/uploads\/2021\/04\/BBVA-cambio-climatico-apertura-1.jpg","articleSection":["Sociedad"],"inLanguage":"en-US","potentialAction":[{"@type":"CommentAction","name":"Comment","target":["https:\/\/otech.uaeh.edu.mx\/noti\/sociedad\/que-es-el-cambio-climatico-causas-y-como-nos-afecta\/#respond"]}]},{"@type":"WebPage","@id":"https:\/\/otech.uaeh.edu.mx\/noti\/sociedad\/que-es-el-cambio-climatico-causas-y-como-nos-afecta\/","url":"https:\/\/otech.uaeh.edu.mx\/noti\/sociedad\/que-es-el-cambio-climatico-causas-y-como-nos-afecta\/","name":"Qu\u00e9 es el cambio clim\u00e1tico: causas y c\u00f3mo nos afecta - Observatorio Tecnol\u00f3gico de Hidalgo","isPartOf":{"@id":"https:\/\/otech.uaeh.edu.mx\/noti\/#website"},"primaryImageOfPage":{"@id":"https:\/\/otech.uaeh.edu.mx\/noti\/sociedad\/que-es-el-cambio-climatico-causas-y-como-nos-afecta\/#primaryimage"},"image":{"@id":"https:\/\/otech.uaeh.edu.mx\/noti\/sociedad\/que-es-el-cambio-climatico-causas-y-como-nos-afecta\/#primaryimage"},"thumbnailUrl":"https:\/\/otech.uaeh.edu.mx\/noti\/wp-content\/uploads\/2021\/04\/BBVA-cambio-climatico-apertura-1.jpg","datePublished":"2021-04-05T14:36:58+00:00","breadcrumb":{"@id":"https:\/\/otech.uaeh.edu.mx\/noti\/sociedad\/que-es-el-cambio-climatico-causas-y-como-nos-afecta\/#breadcrumb"},"inLanguage":"en-US","potentialAction":[{"@type":"ReadAction","target":["https:\/\/otech.uaeh.edu.mx\/noti\/sociedad\/que-es-el-cambio-climatico-causas-y-como-nos-afecta\/"]}]},{"@type":"ImageObject","inLanguage":"en-US","@id":"https:\/\/otech.uaeh.edu.mx\/noti\/sociedad\/que-es-el-cambio-climatico-causas-y-como-nos-afecta\/#primaryimage","url":"https:\/\/otech.uaeh.edu.mx\/noti\/wp-content\/uploads\/2021\/04\/BBVA-cambio-climatico-apertura-1.jpg","contentUrl":"https:\/\/otech.uaeh.edu.mx\/noti\/wp-content\/uploads\/2021\/04\/BBVA-cambio-climatico-apertura-1.jpg","width":1920,"height":1180},{"@type":"BreadcrumbList","@id":"https:\/\/otech.uaeh.edu.mx\/noti\/sociedad\/que-es-el-cambio-climatico-causas-y-como-nos-afecta\/#breadcrumb","itemListElement":[{"@type":"ListItem","position":1,"name":"Inicio","item":"https:\/\/otech.uaeh.edu.mx\/noti\/"},{"@type":"ListItem","position":2,"name":"Qu\u00e9 es el cambio clim\u00e1tico: causas y c\u00f3mo nos afecta"}]},{"@type":"WebSite","@id":"https:\/\/otech.uaeh.edu.mx\/noti\/#website","url":"https:\/\/otech.uaeh.edu.mx\/noti\/","name":"Observatorio Tecnol\u00f3gico de Hidalgo","description":"","publisher":{"@id":"https:\/\/otech.uaeh.edu.mx\/noti\/#organization"},"potentialAction":[{"@type":"SearchAction","target":{"@type":"EntryPoint","urlTemplate":"https:\/\/otech.uaeh.edu.mx\/noti\/?s={search_term_string}"},"query-input":{"@type":"PropertyValueSpecification","valueRequired":true,"valueName":"search_term_string"}}],"inLanguage":"en-US"},{"@type":"Organization","@id":"https:\/\/otech.uaeh.edu.mx\/noti\/#organization","name":"Observatorio Tecnol\u00f3gico de Hidalgo","url":"https:\/\/otech.uaeh.edu.mx\/noti\/","logo":{"@type":"ImageObject","inLanguage":"en-US","@id":"https:\/\/otech.uaeh.edu.mx\/noti\/#\/schema\/logo\/image\/","url":"https:\/\/otech.uaeh.edu.mx\/noti\/wp-content\/uploads\/2025\/11\/Logo-circulo.png","contentUrl":"https:\/\/otech.uaeh.edu.mx\/noti\/wp-content\/uploads\/2025\/11\/Logo-circulo.png","width":250,"height":250,"caption":"Observatorio Tecnol\u00f3gico de Hidalgo"},"image":{"@id":"https:\/\/otech.uaeh.edu.mx\/noti\/#\/schema\/logo\/image\/"},"sameAs":["https:\/\/www.facebook.com\/observatoriouaeh","https:\/\/x.com\/OBSERVATORIOEH"]},{"@type":"Person","@id":"https:\/\/otech.uaeh.edu.mx\/noti\/#\/schema\/person\/95263d004158ffabcd98137e1d0abc1c","name":"admin","image":{"@type":"ImageObject","inLanguage":"en-US","@id":"https:\/\/otech.uaeh.edu.mx\/noti\/#\/schema\/person\/image\/","url":"https:\/\/secure.gravatar.com\/avatar\/08dd17208ee6a9e87c5a01c0a5f4c96c8ed24bf05e625630929b5b6a7c1ffa5f?s=96&d=mm&r=g","contentUrl":"https:\/\/secure.gravatar.com\/avatar\/08dd17208ee6a9e87c5a01c0a5f4c96c8ed24bf05e625630929b5b6a7c1ffa5f?s=96&d=mm&r=g","caption":"admin"},"url":"https:\/\/otech.uaeh.edu.mx\/noti\/author\/admin\/"}]}},"_links":{"self":[{"href":"https:\/\/otech.uaeh.edu.mx\/noti\/wp-json\/wp\/v2\/posts\/22087","targetHints":{"allow":["GET"]}}],"collection":[{"href":"https:\/\/otech.uaeh.edu.mx\/noti\/wp-json\/wp\/v2\/posts"}],"about":[{"href":"https:\/\/otech.uaeh.edu.mx\/noti\/wp-json\/wp\/v2\/types\/post"}],"author":[{"embeddable":true,"href":"https:\/\/otech.uaeh.edu.mx\/noti\/wp-json\/wp\/v2\/users\/1"}],"replies":[{"embeddable":true,"href":"https:\/\/otech.uaeh.edu.mx\/noti\/wp-json\/wp\/v2\/comments?post=22087"}],"version-history":[{"count":2,"href":"https:\/\/otech.uaeh.edu.mx\/noti\/wp-json\/wp\/v2\/posts\/22087\/revisions"}],"predecessor-version":[{"id":22090,"href":"https:\/\/otech.uaeh.edu.mx\/noti\/wp-json\/wp\/v2\/posts\/22087\/revisions\/22090"}],"wp:featuredmedia":[{"embeddable":true,"href":"https:\/\/otech.uaeh.edu.mx\/noti\/wp-json\/wp\/v2\/media\/22088"}],"wp:attachment":[{"href":"https:\/\/otech.uaeh.edu.mx\/noti\/wp-json\/wp\/v2\/media?parent=22087"}],"wp:term":[{"taxonomy":"category","embeddable":true,"href":"https:\/\/otech.uaeh.edu.mx\/noti\/wp-json\/wp\/v2\/categories?post=22087"},{"taxonomy":"post_tag","embeddable":true,"href":"https:\/\/otech.uaeh.edu.mx\/noti\/wp-json\/wp\/v2\/tags?post=22087"}],"curies":[{"name":"wp","href":"https:\/\/api.w.org\/{rel}","templated":true}]}}