{"id":22212,"date":"2021-04-09T09:41:59","date_gmt":"2021-04-09T15:41:59","guid":{"rendered":"https:\/\/otech.uaeh.edu.mx\/noti\/?p=22212"},"modified":"2021-04-09T09:42:58","modified_gmt":"2021-04-09T15:42:58","slug":"el-cerebro-humano-moderno-se-origino-en-africa-hace-mas-de-15-millones-de-anos","status":"publish","type":"post","link":"https:\/\/otech.uaeh.edu.mx\/noti\/ciencia\/el-cerebro-humano-moderno-se-origino-en-africa-hace-mas-de-15-millones-de-anos\/","title":{"rendered":"El cerebro humano moderno se origin\u00f3 en \u00c1frica hace m\u00e1s de 1,5 millones de a\u00f1os"},"content":{"rendered":"<p style=\"text-align: justify;\"><span style=\"vertical-align: inherit;\"><span style=\"vertical-align: inherit;\">Un equipo de investigadores de la Universidad de Z\u00farich ha logrado confirmar que el cerebro humano moderno surgi\u00f3 hace aproximadamente 1,5 a 1,7 millones de a\u00f1os en \u00c1frica, en las poblaciones del g\u00e9nero Homo que habitaban el actual continente negro. <\/span><span style=\"vertical-align: inherit;\">La evoluci\u00f3n cultural y de las estructuras cerebrales se habr\u00eda dado en un mismo per\u00edodo, haciendo posible el desarrollo de las primeras formas del lenguaje humano.<\/span><\/span><!--more--><\/p>\n<p style=\"text-align: justify;\"><span style=\"vertical-align: inherit;\"><span style=\"vertical-align: inherit;\">De acuerdo a una nota de prensa, los investigadores utilizaron tomograf\u00eda computarizada para examinar los cr\u00e1neos de f\u00f3siles de Homo que vivieron en \u00c1frica y Asia hace entre 1 y 2 millones de a\u00f1os. <\/span><span style=\"vertical-align: inherit;\">Luego compararon los datos f\u00f3siles con datos de referencia de grandes simios y humanos.<\/span><\/span><\/p>\n<p style=\"text-align: justify;\"><span style=\"vertical-align: inherit;\"><span style=\"vertical-align: inherit;\">Hallaron que en el per\u00edodo indicado comenz\u00f3 a observarse cambios en el tama\u00f1o del cerebro y en las regiones del l\u00f3bulo frontal que son responsables de planificar y ejecutar patrones complejos de pensamiento y acci\u00f3n, incluyendo el lenguaje. <\/span><span style=\"vertical-align: inherit;\">Dichas caracter\u00edsticas marcar\u00edan el origen del cerebro humano contempor\u00e1neo.<\/span><\/span><\/p>\n<p style=\"text-align: justify;\"><span style=\"vertical-align: inherit;\"><span style=\"vertical-align: inherit;\">Adem\u00e1s, los cient\u00edficos piensan que la evoluci\u00f3n biol\u00f3gica y cultural probablemente se concret\u00f3 de forma interdependientes, siendo factible que las m\u00e1s tempranas del lenguaje humano tambi\u00e9n se desarrollaran durante este per\u00edodo. <\/span><span style=\"vertical-align: inherit;\">La investigaci\u00f3n fue publicada recientemente en la revista Science.<\/span><\/span><\/p>\n<div class=\"fluid-width-video-wrapper\" style=\"text-align: justify;\"><iframe id=\"941012498\" title=\"YouTube video player\" src=\"https:\/\/www.youtube.com\/embed\/HMdG393IrXU?enablejsapi=1&amp;origin=https%3A%2F%2Ftendencias21.levante-emv.com\" name=\"fitvid0\" frameborder=\"0\" allowfullscreen=\"allowfullscreen\" data-gtm-yt-inspected-1_25=\"true\" data-gtm-yt-inspected-13618963_343=\"true\" data-mce-fragment=\"1\"><\/iframe><\/div>\n<h2 style=\"text-align: justify;\"><span style=\"vertical-align: inherit;\"><span style=\"vertical-align: inherit;\">Mayor precisi\u00f3n en los datos<\/span><\/span><\/h2>\n<p style=\"text-align: justify;\"><span style=\"vertical-align: inherit;\"><span style=\"vertical-align: inherit;\">Se trata del primer estudio que logra analizar mediante tomograf\u00eda computarizada una gran variedad de cr\u00e1neos f\u00f3siles, pudiendo determinar as\u00ed con precisi\u00f3n fechas y caracter\u00edsticas de la evoluci\u00f3n cerebral. <\/span><span style=\"vertical-align: inherit;\">En investigaciones previas se han empleado \u00abhuellas\u00bb o impresiones dejadas por los pliegues y surcos de las estructuras craneales, dificultando la exactitud en los datos.<\/span><\/span><\/p>\n<p style=\"text-align: justify;\">Aunque las primeras poblaciones del g\u00e9nero Homo surgieron en \u00c1frica hace unos 2,5 millones de a\u00f1os y sus integrantes ya caminaban erguidos, los cerebros eran solo la mitad del tama\u00f1o actual. Las estructuras cerebrales eran parecidas a las que pod\u00edan observarse en los simios, pero en un momento dado la evoluci\u00f3n comenz\u00f3 a concretarse y el cerebro humano inici\u00f3 el camino hasta su configuraci\u00f3n actual.<\/p>\n<p style=\"text-align: justify;\">\u00bfCu\u00e1les son las caracter\u00edsticas que marcaron ese desarrollo? Adem\u00e1s del incremento en el tama\u00f1o, el cerebro humano comenz\u00f3 a diferenciarse claramente con respecto al de los grandes simios cuando ocurrieron fuertes modificaciones en la ubicaci\u00f3n y organizaci\u00f3n de las regiones cerebrales individuales. Precisamente estos cambios son los que los especialistas pudieron apreciar en los cr\u00e1neos f\u00f3siles utilizados en su estudio.<\/p>\n<div id=\"movil-div-gpt-ad_300dchab\" class=\"Creatividad\" style=\"text-align: justify;\" data-type=\"movil\"><\/div>\n<p style=\"text-align: justify;\"><iframe loading=\"lazy\" src=\"https:\/\/archive.org\/embed\/el-cerebro-humano-moderno-se-origino-en-africa-hace-mas-de-1-5-millones-de-anos\" width=\"500\" height=\"30\" frameborder=\"0\" allowfullscreen=\"allowfullscreen\" data-gtm-yt-inspected-1_25=\"true\" data-gtm-yt-inspected-13618963_343=\"true\" data-mce-fragment=\"1\"><\/iframe><\/p>\n<h2 style=\"text-align: justify;\">Evoluci\u00f3n cerebral y cultural<\/h2>\n<p style=\"text-align: justify;\">Seg\u00fan Marcia Ponce de Le\u00f3n, autora principal del estudio, \u201clas caracter\u00edsticas t\u00edpicas de los humanos se encuentran principalmente en aquellas regiones del l\u00f3bulo frontal que son responsables de la coordinaci\u00f3n y ejecuci\u00f3n de pensamientos y actividades complejas. Esto incluye l\u00f3gicamente al lenguaje\u201d, expres\u00f3. La experta explic\u00f3 que como estas \u00e1reas son significativamente m\u00e1s grandes en el cerebro humano, las regiones cerebrales adyacentes se desplazaron m\u00e1s hacia atr\u00e1s, dando lugar a la forma que identifica al cerebro contempor\u00e1neo.<\/p>\n<p style=\"text-align: justify;\">Al mismo tiempo, considerando que durante el per\u00edodo en el cual se concret\u00f3 la evoluci\u00f3n del cerebro humano las culturas en \u00c1frica tambi\u00e9n se volvieron m\u00e1s complejas y diversas, como lo demuestra el descubrimiento de varios tipos de herramientas de piedra, los investigadores piensan que la evoluci\u00f3n biol\u00f3gica y cultural se efectiviz\u00f3 pr\u00e1cticamente a la par y con una fuerte interdependencia.<\/p>\n<p style=\"text-align: justify;\">En consecuencia, parece probable que hace alrededor de 1,7 millones de a\u00f1os, cuando el\u00a0<a href=\"https:\/\/tendencias21.levante-emv.com\/el-cerebro-humano-es-el-resultado-de-la-extincion-de-los-grandes-mamiferos.html\" rel=\"nofollow\">cerebro humano<\/a>\u00a0inici\u00f3 su camino hacia su forma actual, al mismo tiempo habr\u00edan comenzado a desarrollarse formas primarias de lenguaje. El ser humano se preparaba as\u00ed para cambiar para siempre la historia de la Tierra y dejar su fuerte impronta, tanto para bien como para mal, en el planeta que lo cobija hasta hoy.<\/p>\n<h2 style=\"text-align: justify;\">Referencia<\/h2>\n<p style=\"text-align: justify;\"><a class=\"yahoorte_class\" title=\"https:\/\/science.sciencemag.org\/content\/372\/6538\/165\" href=\"https:\/\/science.sciencemag.org\/content\/372\/6538\/165\" target=\"_blank\" rel=\"nofollow noopener noreferrer\"><span style=\"vertical-align: inherit;\"><span style=\"vertical-align: inherit;\">El cerebro primitivo de los primeros Homo<\/span><\/span><\/a><span style=\"vertical-align: inherit;\"><span style=\"vertical-align: inherit;\"> . <\/span><span style=\"vertical-align: inherit;\">Marcia S. Ponce de Le\u00f3n, Thibault Bienvenu, Assaf Marom, Silvano Engel, Paul Tafforeau, Jos\u00e9 Luis Alatorre Warren, David Lordkipanidze, Iwan Kurniawan, Delta Bayu Murti, Rusyad Adi Suriyanto, Toetik Koesbardiati y Christoph PE Zollikofer. <\/span><span style=\"vertical-align: inherit;\">Ciencia (2021) DOI: https: \/\/doi.org\/10.1126\/science.aaz0032<\/span><\/span><\/p>\n<p style=\"text-align: justify;\"><strong><span style=\"vertical-align: inherit;\"><span style=\"vertical-align: inherit;\">Foto de portada:<\/span><\/span><\/strong><\/p>\n<p style=\"text-align: justify;\"><strong><span style=\"vertical-align: inherit;\"><span style=\"vertical-align: inherit;\">Cr\u00e1neo de Homo temprano de Georgia con un cerebro similar a un simio (izquierda) y de Indonesia con un cerebro similar al humano moderno (derecha). <\/span><span style=\"vertical-align: inherit;\">Cr\u00e9dito: M. Ponce de Le\u00f3n y Ch. <\/span><span style=\"vertical-align: inherit;\">Zollikofer, Universidad de Z\u00farich.<\/span><\/span><\/strong><\/p>\n<p style=\"text-align: justify;\"><strong><span style=\"vertical-align: inherit;\"><span style=\"vertical-align: inherit;\">Video y podcast<\/span><\/span><\/strong><span style=\"vertical-align: inherit;\"><span style=\"vertical-align: inherit;\"> : editados por Pablo Javier Piacente en base a elementos y fuentes libres de derechos de autor.<\/span><\/span><\/p>\n","protected":false},"excerpt":{"rendered":"<p>Un equipo de investigadores de la Universidad de Z\u00farich ha logrado confirmar que el cerebro humano moderno surgi\u00f3 hace aproximadamente 1,5 a 1,7 millones de a\u00f1os en \u00c1frica, en las poblaciones del g\u00e9nero Homo que habitaban el actual continente negro. La evoluci\u00f3n cultural y de las estructuras cerebrales se habr\u00eda dado en un mismo per\u00edodo, [&hellip;]<\/p>\n","protected":false},"author":1,"featured_media":22213,"comment_status":"open","ping_status":"open","sticky":false,"template":"","format":"standard","meta":{"footnotes":""},"categories":[56],"tags":[],"class_list":["post-22212","post","type-post","status-publish","format-standard","has-post-thumbnail","hentry","category-ciencia"],"yoast_head":"<!-- This site is optimized with the Yoast SEO plugin v26.7 - https:\/\/yoast.com\/wordpress\/plugins\/seo\/ -->\n<title>El cerebro humano moderno se origin\u00f3 en \u00c1frica hace m\u00e1s de 1,5 millones de a\u00f1os - Observatorio Tecnol\u00f3gico de Hidalgo<\/title>\n<meta name=\"robots\" content=\"index, follow, max-snippet:-1, max-image-preview:large, max-video-preview:-1\" \/>\n<link rel=\"canonical\" href=\"https:\/\/otech.uaeh.edu.mx\/noti\/ciencia\/el-cerebro-humano-moderno-se-origino-en-africa-hace-mas-de-15-millones-de-anos\/\" \/>\n<meta property=\"og:locale\" content=\"en_US\" \/>\n<meta property=\"og:type\" content=\"article\" \/>\n<meta property=\"og:title\" content=\"El cerebro humano moderno se origin\u00f3 en \u00c1frica hace m\u00e1s de 1,5 millones de a\u00f1os - Observatorio Tecnol\u00f3gico de Hidalgo\" \/>\n<meta property=\"og:description\" content=\"Un equipo de investigadores de la Universidad de Z\u00farich ha logrado confirmar que el cerebro humano moderno surgi\u00f3 hace aproximadamente 1,5 a 1,7 millones de a\u00f1os en \u00c1frica, en las poblaciones del g\u00e9nero Homo que habitaban el actual continente negro. La evoluci\u00f3n cultural y de las estructuras cerebrales se habr\u00eda dado en un mismo per\u00edodo, [&hellip;]\" \/>\n<meta property=\"og:url\" content=\"https:\/\/otech.uaeh.edu.mx\/noti\/ciencia\/el-cerebro-humano-moderno-se-origino-en-africa-hace-mas-de-15-millones-de-anos\/\" \/>\n<meta property=\"og:site_name\" content=\"Observatorio Tecnol\u00f3gico de Hidalgo\" \/>\n<meta property=\"article:publisher\" content=\"https:\/\/www.facebook.com\/observatoriouaeh\" \/>\n<meta property=\"article:published_time\" content=\"2021-04-09T15:41:59+00:00\" \/>\n<meta property=\"article:modified_time\" content=\"2021-04-09T15:42:58+00:00\" \/>\n<meta property=\"og:image\" content=\"https:\/\/otech.uaeh.edu.mx\/noti\/wp-content\/uploads\/2021\/04\/cerebro-humano-moderno-origen-740x416-1.jpg\" \/>\n\t<meta property=\"og:image:width\" content=\"740\" \/>\n\t<meta property=\"og:image:height\" content=\"416\" \/>\n\t<meta property=\"og:image:type\" content=\"image\/jpeg\" \/>\n<meta name=\"author\" content=\"admin\" \/>\n<meta name=\"twitter:card\" content=\"summary_large_image\" \/>\n<meta name=\"twitter:creator\" content=\"@OBSERVATORIOEH\" \/>\n<meta name=\"twitter:site\" content=\"@OBSERVATORIOEH\" \/>\n<meta name=\"twitter:label1\" content=\"Written by\" \/>\n\t<meta name=\"twitter:data1\" content=\"admin\" \/>\n\t<meta name=\"twitter:label2\" content=\"Est. reading time\" \/>\n\t<meta name=\"twitter:data2\" content=\"4 minutes\" \/>\n<script type=\"application\/ld+json\" class=\"yoast-schema-graph\">{\"@context\":\"https:\/\/schema.org\",\"@graph\":[{\"@type\":\"Article\",\"@id\":\"https:\/\/otech.uaeh.edu.mx\/noti\/ciencia\/el-cerebro-humano-moderno-se-origino-en-africa-hace-mas-de-15-millones-de-anos\/#article\",\"isPartOf\":{\"@id\":\"https:\/\/otech.uaeh.edu.mx\/noti\/ciencia\/el-cerebro-humano-moderno-se-origino-en-africa-hace-mas-de-15-millones-de-anos\/\"},\"author\":{\"name\":\"admin\",\"@id\":\"https:\/\/otech.uaeh.edu.mx\/noti\/#\/schema\/person\/95263d004158ffabcd98137e1d0abc1c\"},\"headline\":\"El cerebro humano moderno se origin\u00f3 en \u00c1frica hace m\u00e1s de 1,5 millones de a\u00f1os\",\"datePublished\":\"2021-04-09T15:41:59+00:00\",\"dateModified\":\"2021-04-09T15:42:58+00:00\",\"mainEntityOfPage\":{\"@id\":\"https:\/\/otech.uaeh.edu.mx\/noti\/ciencia\/el-cerebro-humano-moderno-se-origino-en-africa-hace-mas-de-15-millones-de-anos\/\"},\"wordCount\":785,\"commentCount\":0,\"publisher\":{\"@id\":\"https:\/\/otech.uaeh.edu.mx\/noti\/#organization\"},\"image\":{\"@id\":\"https:\/\/otech.uaeh.edu.mx\/noti\/ciencia\/el-cerebro-humano-moderno-se-origino-en-africa-hace-mas-de-15-millones-de-anos\/#primaryimage\"},\"thumbnailUrl\":\"https:\/\/otech.uaeh.edu.mx\/noti\/wp-content\/uploads\/2021\/04\/cerebro-humano-moderno-origen-740x416-1.jpg\",\"articleSection\":[\"Ciencia\"],\"inLanguage\":\"en-US\",\"potentialAction\":[{\"@type\":\"CommentAction\",\"name\":\"Comment\",\"target\":[\"https:\/\/otech.uaeh.edu.mx\/noti\/ciencia\/el-cerebro-humano-moderno-se-origino-en-africa-hace-mas-de-15-millones-de-anos\/#respond\"]}]},{\"@type\":\"WebPage\",\"@id\":\"https:\/\/otech.uaeh.edu.mx\/noti\/ciencia\/el-cerebro-humano-moderno-se-origino-en-africa-hace-mas-de-15-millones-de-anos\/\",\"url\":\"https:\/\/otech.uaeh.edu.mx\/noti\/ciencia\/el-cerebro-humano-moderno-se-origino-en-africa-hace-mas-de-15-millones-de-anos\/\",\"name\":\"El cerebro humano moderno se origin\u00f3 en \u00c1frica hace m\u00e1s de 1,5 millones de a\u00f1os - Observatorio Tecnol\u00f3gico de Hidalgo\",\"isPartOf\":{\"@id\":\"https:\/\/otech.uaeh.edu.mx\/noti\/#website\"},\"primaryImageOfPage\":{\"@id\":\"https:\/\/otech.uaeh.edu.mx\/noti\/ciencia\/el-cerebro-humano-moderno-se-origino-en-africa-hace-mas-de-15-millones-de-anos\/#primaryimage\"},\"image\":{\"@id\":\"https:\/\/otech.uaeh.edu.mx\/noti\/ciencia\/el-cerebro-humano-moderno-se-origino-en-africa-hace-mas-de-15-millones-de-anos\/#primaryimage\"},\"thumbnailUrl\":\"https:\/\/otech.uaeh.edu.mx\/noti\/wp-content\/uploads\/2021\/04\/cerebro-humano-moderno-origen-740x416-1.jpg\",\"datePublished\":\"2021-04-09T15:41:59+00:00\",\"dateModified\":\"2021-04-09T15:42:58+00:00\",\"breadcrumb\":{\"@id\":\"https:\/\/otech.uaeh.edu.mx\/noti\/ciencia\/el-cerebro-humano-moderno-se-origino-en-africa-hace-mas-de-15-millones-de-anos\/#breadcrumb\"},\"inLanguage\":\"en-US\",\"potentialAction\":[{\"@type\":\"ReadAction\",\"target\":[\"https:\/\/otech.uaeh.edu.mx\/noti\/ciencia\/el-cerebro-humano-moderno-se-origino-en-africa-hace-mas-de-15-millones-de-anos\/\"]}]},{\"@type\":\"ImageObject\",\"inLanguage\":\"en-US\",\"@id\":\"https:\/\/otech.uaeh.edu.mx\/noti\/ciencia\/el-cerebro-humano-moderno-se-origino-en-africa-hace-mas-de-15-millones-de-anos\/#primaryimage\",\"url\":\"https:\/\/otech.uaeh.edu.mx\/noti\/wp-content\/uploads\/2021\/04\/cerebro-humano-moderno-origen-740x416-1.jpg\",\"contentUrl\":\"https:\/\/otech.uaeh.edu.mx\/noti\/wp-content\/uploads\/2021\/04\/cerebro-humano-moderno-origen-740x416-1.jpg\",\"width\":740,\"height\":416},{\"@type\":\"BreadcrumbList\",\"@id\":\"https:\/\/otech.uaeh.edu.mx\/noti\/ciencia\/el-cerebro-humano-moderno-se-origino-en-africa-hace-mas-de-15-millones-de-anos\/#breadcrumb\",\"itemListElement\":[{\"@type\":\"ListItem\",\"position\":1,\"name\":\"Inicio\",\"item\":\"https:\/\/otech.uaeh.edu.mx\/noti\/\"},{\"@type\":\"ListItem\",\"position\":2,\"name\":\"El cerebro humano moderno se origin\u00f3 en \u00c1frica hace m\u00e1s de 1,5 millones de a\u00f1os\"}]},{\"@type\":\"WebSite\",\"@id\":\"https:\/\/otech.uaeh.edu.mx\/noti\/#website\",\"url\":\"https:\/\/otech.uaeh.edu.mx\/noti\/\",\"name\":\"Observatorio Tecnol\u00f3gico de Hidalgo\",\"description\":\"\",\"publisher\":{\"@id\":\"https:\/\/otech.uaeh.edu.mx\/noti\/#organization\"},\"potentialAction\":[{\"@type\":\"SearchAction\",\"target\":{\"@type\":\"EntryPoint\",\"urlTemplate\":\"https:\/\/otech.uaeh.edu.mx\/noti\/?s={search_term_string}\"},\"query-input\":{\"@type\":\"PropertyValueSpecification\",\"valueRequired\":true,\"valueName\":\"search_term_string\"}}],\"inLanguage\":\"en-US\"},{\"@type\":\"Organization\",\"@id\":\"https:\/\/otech.uaeh.edu.mx\/noti\/#organization\",\"name\":\"Observatorio Tecnol\u00f3gico de Hidalgo\",\"url\":\"https:\/\/otech.uaeh.edu.mx\/noti\/\",\"logo\":{\"@type\":\"ImageObject\",\"inLanguage\":\"en-US\",\"@id\":\"https:\/\/otech.uaeh.edu.mx\/noti\/#\/schema\/logo\/image\/\",\"url\":\"https:\/\/otech.uaeh.edu.mx\/noti\/wp-content\/uploads\/2025\/11\/Logo-circulo.png\",\"contentUrl\":\"https:\/\/otech.uaeh.edu.mx\/noti\/wp-content\/uploads\/2025\/11\/Logo-circulo.png\",\"width\":250,\"height\":250,\"caption\":\"Observatorio Tecnol\u00f3gico de Hidalgo\"},\"image\":{\"@id\":\"https:\/\/otech.uaeh.edu.mx\/noti\/#\/schema\/logo\/image\/\"},\"sameAs\":[\"https:\/\/www.facebook.com\/observatoriouaeh\",\"https:\/\/x.com\/OBSERVATORIOEH\"]},{\"@type\":\"Person\",\"@id\":\"https:\/\/otech.uaeh.edu.mx\/noti\/#\/schema\/person\/95263d004158ffabcd98137e1d0abc1c\",\"name\":\"admin\",\"image\":{\"@type\":\"ImageObject\",\"inLanguage\":\"en-US\",\"@id\":\"https:\/\/otech.uaeh.edu.mx\/noti\/#\/schema\/person\/image\/\",\"url\":\"https:\/\/secure.gravatar.com\/avatar\/08dd17208ee6a9e87c5a01c0a5f4c96c8ed24bf05e625630929b5b6a7c1ffa5f?s=96&d=mm&r=g\",\"contentUrl\":\"https:\/\/secure.gravatar.com\/avatar\/08dd17208ee6a9e87c5a01c0a5f4c96c8ed24bf05e625630929b5b6a7c1ffa5f?s=96&d=mm&r=g\",\"caption\":\"admin\"},\"url\":\"https:\/\/otech.uaeh.edu.mx\/noti\/author\/admin\/\"}]}<\/script>\n<!-- \/ Yoast SEO plugin. -->","yoast_head_json":{"title":"El cerebro humano moderno se origin\u00f3 en \u00c1frica hace m\u00e1s de 1,5 millones de a\u00f1os - Observatorio Tecnol\u00f3gico de Hidalgo","robots":{"index":"index","follow":"follow","max-snippet":"max-snippet:-1","max-image-preview":"max-image-preview:large","max-video-preview":"max-video-preview:-1"},"canonical":"https:\/\/otech.uaeh.edu.mx\/noti\/ciencia\/el-cerebro-humano-moderno-se-origino-en-africa-hace-mas-de-15-millones-de-anos\/","og_locale":"en_US","og_type":"article","og_title":"El cerebro humano moderno se origin\u00f3 en \u00c1frica hace m\u00e1s de 1,5 millones de a\u00f1os - Observatorio Tecnol\u00f3gico de Hidalgo","og_description":"Un equipo de investigadores de la Universidad de Z\u00farich ha logrado confirmar que el cerebro humano moderno surgi\u00f3 hace aproximadamente 1,5 a 1,7 millones de a\u00f1os en \u00c1frica, en las poblaciones del g\u00e9nero Homo que habitaban el actual continente negro. La evoluci\u00f3n cultural y de las estructuras cerebrales se habr\u00eda dado en un mismo per\u00edodo, [&hellip;]","og_url":"https:\/\/otech.uaeh.edu.mx\/noti\/ciencia\/el-cerebro-humano-moderno-se-origino-en-africa-hace-mas-de-15-millones-de-anos\/","og_site_name":"Observatorio Tecnol\u00f3gico de Hidalgo","article_publisher":"https:\/\/www.facebook.com\/observatoriouaeh","article_published_time":"2021-04-09T15:41:59+00:00","article_modified_time":"2021-04-09T15:42:58+00:00","og_image":[{"width":740,"height":416,"url":"https:\/\/otech.uaeh.edu.mx\/noti\/wp-content\/uploads\/2021\/04\/cerebro-humano-moderno-origen-740x416-1.jpg","type":"image\/jpeg"}],"author":"admin","twitter_card":"summary_large_image","twitter_creator":"@OBSERVATORIOEH","twitter_site":"@OBSERVATORIOEH","twitter_misc":{"Written by":"admin","Est. reading time":"4 minutes"},"schema":{"@context":"https:\/\/schema.org","@graph":[{"@type":"Article","@id":"https:\/\/otech.uaeh.edu.mx\/noti\/ciencia\/el-cerebro-humano-moderno-se-origino-en-africa-hace-mas-de-15-millones-de-anos\/#article","isPartOf":{"@id":"https:\/\/otech.uaeh.edu.mx\/noti\/ciencia\/el-cerebro-humano-moderno-se-origino-en-africa-hace-mas-de-15-millones-de-anos\/"},"author":{"name":"admin","@id":"https:\/\/otech.uaeh.edu.mx\/noti\/#\/schema\/person\/95263d004158ffabcd98137e1d0abc1c"},"headline":"El cerebro humano moderno se origin\u00f3 en \u00c1frica hace m\u00e1s de 1,5 millones de a\u00f1os","datePublished":"2021-04-09T15:41:59+00:00","dateModified":"2021-04-09T15:42:58+00:00","mainEntityOfPage":{"@id":"https:\/\/otech.uaeh.edu.mx\/noti\/ciencia\/el-cerebro-humano-moderno-se-origino-en-africa-hace-mas-de-15-millones-de-anos\/"},"wordCount":785,"commentCount":0,"publisher":{"@id":"https:\/\/otech.uaeh.edu.mx\/noti\/#organization"},"image":{"@id":"https:\/\/otech.uaeh.edu.mx\/noti\/ciencia\/el-cerebro-humano-moderno-se-origino-en-africa-hace-mas-de-15-millones-de-anos\/#primaryimage"},"thumbnailUrl":"https:\/\/otech.uaeh.edu.mx\/noti\/wp-content\/uploads\/2021\/04\/cerebro-humano-moderno-origen-740x416-1.jpg","articleSection":["Ciencia"],"inLanguage":"en-US","potentialAction":[{"@type":"CommentAction","name":"Comment","target":["https:\/\/otech.uaeh.edu.mx\/noti\/ciencia\/el-cerebro-humano-moderno-se-origino-en-africa-hace-mas-de-15-millones-de-anos\/#respond"]}]},{"@type":"WebPage","@id":"https:\/\/otech.uaeh.edu.mx\/noti\/ciencia\/el-cerebro-humano-moderno-se-origino-en-africa-hace-mas-de-15-millones-de-anos\/","url":"https:\/\/otech.uaeh.edu.mx\/noti\/ciencia\/el-cerebro-humano-moderno-se-origino-en-africa-hace-mas-de-15-millones-de-anos\/","name":"El cerebro humano moderno se origin\u00f3 en \u00c1frica hace m\u00e1s de 1,5 millones de a\u00f1os - Observatorio Tecnol\u00f3gico de Hidalgo","isPartOf":{"@id":"https:\/\/otech.uaeh.edu.mx\/noti\/#website"},"primaryImageOfPage":{"@id":"https:\/\/otech.uaeh.edu.mx\/noti\/ciencia\/el-cerebro-humano-moderno-se-origino-en-africa-hace-mas-de-15-millones-de-anos\/#primaryimage"},"image":{"@id":"https:\/\/otech.uaeh.edu.mx\/noti\/ciencia\/el-cerebro-humano-moderno-se-origino-en-africa-hace-mas-de-15-millones-de-anos\/#primaryimage"},"thumbnailUrl":"https:\/\/otech.uaeh.edu.mx\/noti\/wp-content\/uploads\/2021\/04\/cerebro-humano-moderno-origen-740x416-1.jpg","datePublished":"2021-04-09T15:41:59+00:00","dateModified":"2021-04-09T15:42:58+00:00","breadcrumb":{"@id":"https:\/\/otech.uaeh.edu.mx\/noti\/ciencia\/el-cerebro-humano-moderno-se-origino-en-africa-hace-mas-de-15-millones-de-anos\/#breadcrumb"},"inLanguage":"en-US","potentialAction":[{"@type":"ReadAction","target":["https:\/\/otech.uaeh.edu.mx\/noti\/ciencia\/el-cerebro-humano-moderno-se-origino-en-africa-hace-mas-de-15-millones-de-anos\/"]}]},{"@type":"ImageObject","inLanguage":"en-US","@id":"https:\/\/otech.uaeh.edu.mx\/noti\/ciencia\/el-cerebro-humano-moderno-se-origino-en-africa-hace-mas-de-15-millones-de-anos\/#primaryimage","url":"https:\/\/otech.uaeh.edu.mx\/noti\/wp-content\/uploads\/2021\/04\/cerebro-humano-moderno-origen-740x416-1.jpg","contentUrl":"https:\/\/otech.uaeh.edu.mx\/noti\/wp-content\/uploads\/2021\/04\/cerebro-humano-moderno-origen-740x416-1.jpg","width":740,"height":416},{"@type":"BreadcrumbList","@id":"https:\/\/otech.uaeh.edu.mx\/noti\/ciencia\/el-cerebro-humano-moderno-se-origino-en-africa-hace-mas-de-15-millones-de-anos\/#breadcrumb","itemListElement":[{"@type":"ListItem","position":1,"name":"Inicio","item":"https:\/\/otech.uaeh.edu.mx\/noti\/"},{"@type":"ListItem","position":2,"name":"El cerebro humano moderno se origin\u00f3 en \u00c1frica hace m\u00e1s de 1,5 millones de a\u00f1os"}]},{"@type":"WebSite","@id":"https:\/\/otech.uaeh.edu.mx\/noti\/#website","url":"https:\/\/otech.uaeh.edu.mx\/noti\/","name":"Observatorio Tecnol\u00f3gico de Hidalgo","description":"","publisher":{"@id":"https:\/\/otech.uaeh.edu.mx\/noti\/#organization"},"potentialAction":[{"@type":"SearchAction","target":{"@type":"EntryPoint","urlTemplate":"https:\/\/otech.uaeh.edu.mx\/noti\/?s={search_term_string}"},"query-input":{"@type":"PropertyValueSpecification","valueRequired":true,"valueName":"search_term_string"}}],"inLanguage":"en-US"},{"@type":"Organization","@id":"https:\/\/otech.uaeh.edu.mx\/noti\/#organization","name":"Observatorio Tecnol\u00f3gico de Hidalgo","url":"https:\/\/otech.uaeh.edu.mx\/noti\/","logo":{"@type":"ImageObject","inLanguage":"en-US","@id":"https:\/\/otech.uaeh.edu.mx\/noti\/#\/schema\/logo\/image\/","url":"https:\/\/otech.uaeh.edu.mx\/noti\/wp-content\/uploads\/2025\/11\/Logo-circulo.png","contentUrl":"https:\/\/otech.uaeh.edu.mx\/noti\/wp-content\/uploads\/2025\/11\/Logo-circulo.png","width":250,"height":250,"caption":"Observatorio Tecnol\u00f3gico de Hidalgo"},"image":{"@id":"https:\/\/otech.uaeh.edu.mx\/noti\/#\/schema\/logo\/image\/"},"sameAs":["https:\/\/www.facebook.com\/observatoriouaeh","https:\/\/x.com\/OBSERVATORIOEH"]},{"@type":"Person","@id":"https:\/\/otech.uaeh.edu.mx\/noti\/#\/schema\/person\/95263d004158ffabcd98137e1d0abc1c","name":"admin","image":{"@type":"ImageObject","inLanguage":"en-US","@id":"https:\/\/otech.uaeh.edu.mx\/noti\/#\/schema\/person\/image\/","url":"https:\/\/secure.gravatar.com\/avatar\/08dd17208ee6a9e87c5a01c0a5f4c96c8ed24bf05e625630929b5b6a7c1ffa5f?s=96&d=mm&r=g","contentUrl":"https:\/\/secure.gravatar.com\/avatar\/08dd17208ee6a9e87c5a01c0a5f4c96c8ed24bf05e625630929b5b6a7c1ffa5f?s=96&d=mm&r=g","caption":"admin"},"url":"https:\/\/otech.uaeh.edu.mx\/noti\/author\/admin\/"}]}},"_links":{"self":[{"href":"https:\/\/otech.uaeh.edu.mx\/noti\/wp-json\/wp\/v2\/posts\/22212","targetHints":{"allow":["GET"]}}],"collection":[{"href":"https:\/\/otech.uaeh.edu.mx\/noti\/wp-json\/wp\/v2\/posts"}],"about":[{"href":"https:\/\/otech.uaeh.edu.mx\/noti\/wp-json\/wp\/v2\/types\/post"}],"author":[{"embeddable":true,"href":"https:\/\/otech.uaeh.edu.mx\/noti\/wp-json\/wp\/v2\/users\/1"}],"replies":[{"embeddable":true,"href":"https:\/\/otech.uaeh.edu.mx\/noti\/wp-json\/wp\/v2\/comments?post=22212"}],"version-history":[{"count":2,"href":"https:\/\/otech.uaeh.edu.mx\/noti\/wp-json\/wp\/v2\/posts\/22212\/revisions"}],"predecessor-version":[{"id":22215,"href":"https:\/\/otech.uaeh.edu.mx\/noti\/wp-json\/wp\/v2\/posts\/22212\/revisions\/22215"}],"wp:featuredmedia":[{"embeddable":true,"href":"https:\/\/otech.uaeh.edu.mx\/noti\/wp-json\/wp\/v2\/media\/22213"}],"wp:attachment":[{"href":"https:\/\/otech.uaeh.edu.mx\/noti\/wp-json\/wp\/v2\/media?parent=22212"}],"wp:term":[{"taxonomy":"category","embeddable":true,"href":"https:\/\/otech.uaeh.edu.mx\/noti\/wp-json\/wp\/v2\/categories?post=22212"},{"taxonomy":"post_tag","embeddable":true,"href":"https:\/\/otech.uaeh.edu.mx\/noti\/wp-json\/wp\/v2\/tags?post=22212"}],"curies":[{"name":"wp","href":"https:\/\/api.w.org\/{rel}","templated":true}]}}