{"id":22428,"date":"2021-04-29T12:40:54","date_gmt":"2021-04-29T18:40:54","guid":{"rendered":"https:\/\/otech.uaeh.edu.mx\/noti\/?p=22428"},"modified":"2021-04-29T12:41:23","modified_gmt":"2021-04-29T18:41:23","slug":"es-oficial-el-inai-impugnara-el-padron-de-datos-biometricos-panaut-ante-la-suprema-corte-en-mexico","status":"publish","type":"post","link":"https:\/\/otech.uaeh.edu.mx\/noti\/ciberseguridad\/es-oficial-el-inai-impugnara-el-padron-de-datos-biometricos-panaut-ante-la-suprema-corte-en-mexico\/","title":{"rendered":"Es oficial: El INAI impugnar\u00e1 el padr\u00f3n de datos biom\u00e9tricos (PANAUT) ante la Suprema Corte en M\u00e9xico"},"content":{"rendered":"<p style=\"text-align: justify;\"><span style=\"color: #000000;\"><span style=\"vertical-align: inherit;\"><span style=\"vertical-align: inherit;\"><span style=\"vertical-align: inherit;\"><span style=\"vertical-align: inherit;\">Se llama &#8221; <\/span><\/span><\/span><\/span><strong><span style=\"vertical-align: inherit;\"><span style=\"vertical-align: inherit;\"><span style=\"vertical-align: inherit;\"><span style=\"vertical-align: inherit;\">acci\u00f3n de inconstitucionalidad<\/span><\/span><\/span><\/span><\/strong><span style=\"vertical-align: inherit;\"><span style=\"vertical-align: inherit;\"><span style=\"vertical-align: inherit;\"><span style=\"vertical-align: inherit;\"> &#8221; el mecanismo que utilizar\u00e1 el\u00a0 <\/span><\/span><\/span><\/span><strong><span style=\"vertical-align: inherit;\"><span style=\"vertical-align: inherit;\"><span style=\"vertical-align: inherit;\"><span style=\"vertical-align: inherit;\">Instituto Nacional de Transparencia<\/span><\/span><\/span><\/span><\/strong><span style=\"vertical-align: inherit;\"><span style=\"vertical-align: inherit;\"><span style=\"vertical-align: inherit;\"><span style=\"vertical-align: inherit;\"> \u00a0para tratar de impugnar el nuevo\u00a0 <\/span><\/span><\/span><\/span><strong><span style=\"vertical-align: inherit;\"><span style=\"vertical-align: inherit;\"><span style=\"vertical-align: inherit;\"><span style=\"vertical-align: inherit;\">Padr\u00f3n de Usuarios de Telefon\u00eda M\u00f3vil<\/span><\/span><\/span><\/span><\/strong><span style=\"vertical-align: inherit;\"><span style=\"vertical-align: inherit;\"><span style=\"vertical-align: inherit;\"><span style=\"vertical-align: inherit;\"> \u00a0(PANAUT), contra el que varios amparos se han presentado ya.<\/span><\/span><\/span><\/span><!--more--><\/span><\/p>\n<p style=\"text-align: justify;\"><span style=\"color: #000000;\"><span style=\"vertical-align: inherit;\"><span style=\"vertical-align: inherit;\"><span style=\"vertical-align: inherit;\"><span style=\"vertical-align: inherit;\">El Instituto\u00a0 <\/span><\/span><\/span><\/span><strong><span style=\"vertical-align: inherit;\"><span style=\"vertical-align: inherit;\"><span style=\"vertical-align: inherit;\"><span style=\"vertical-align: inherit;\">decidi\u00f3 por unanimidad presentar el mecanismo ante la Surprema Corte<\/span><\/span><\/span><\/span><\/strong><span style=\"vertical-align: inherit;\"><span style=\"vertical-align: inherit;\"><span style=\"vertical-align: inherit;\"><span style=\"vertical-align: inherit;\"> , el cual consiste en argumentar el nuevo PANAUT es abiertamente inconstitucional. <\/span><\/span><\/span><span style=\"vertical-align: inherit;\"><span style=\"vertical-align: inherit;\"><span style=\"vertical-align: inherit;\">Un argumento similar es que el utilizado la CNDH para tratar de impugnar las reformas a la Ley de Derecho de Autor que provocar\u00eda &#8220;censura previa&#8221; como acusaron varias organizaciones en agosto de 2020.<\/span><\/span><\/span><\/span><\/span><\/p>\n<div class=\"twitter-tweet twitter-tweet-rendered\" style=\"text-align: justify;\"><iframe id=\"twitter-widget-0\" class=\"\" title=\"Twitter Tweet\" src=\"https:\/\/platform.twitter.com\/embed\/Tweet.html?creatorScreenName=Nosedenudos&amp;dnt=false&amp;embedId=twitter-widget-0&amp;features=eyJ0ZndfZXhwZXJpbWVudHNfY29va2llX2V4cGlyYXRpb24iOnsiYnVja2V0IjoxMjA5NjAwLCJ2ZXJzaW9uIjpudWxsfSwidGZ3X2hvcml6b25fdHdlZXRfZW1iZWRfOTU1NSI6eyJidWNrZXQiOiJodGUiLCJ2ZXJzaW9uIjpudWxsfX0%3D&amp;frame=false&amp;hideCard=false&amp;hideThread=false&amp;id=1387135496611147787&amp;lang=es&amp;origin=https%3A%2F%2Fwww.xataka.com.mx%2Flegislacion-y-derechos%2Foficial-inai-impugnara-padron-datos-biometricos-suprema-corte-mexico&amp;sessionId=1c5491f328a5196b9e1950012b044a6a471bfa84&amp;siteScreenName=xatakamexico&amp;theme=light&amp;widgetsVersion=82e1070%3A1619632193066&amp;width=550px\" frameborder=\"0\" scrolling=\"no\" allowfullscreen=\"allowfullscreen\" data-tweet-id=\"1387135496611147787\" data-mce-fragment=\"1\"><\/iframe><\/div>\n<h2 style=\"text-align: justify;\"><span style=\"color: #000000;\"><span style=\"vertical-align: inherit;\"><span style=\"vertical-align: inherit;\"><span style=\"vertical-align: inherit;\"><span style=\"vertical-align: inherit;\">Una batalla legal que apenas comienza<\/span><\/span><\/span><\/span><\/span><\/h2>\n<p style=\"text-align: justify;\"><span style=\"color: #000000;\"><span style=\"vertical-align: inherit;\"><span style=\"vertical-align: inherit;\"><span style=\"vertical-align: inherit;\"><span style=\"vertical-align: inherit;\">Si la Suprema Corte avalara la acci\u00f3n de inconstitucionalidad todo lo aprobado sobre el nuevo PANAUT\u00a0 <\/span><\/span><\/span><\/span><strong><span style=\"vertical-align: inherit;\"><span style=\"vertical-align: inherit;\"><span style=\"vertical-align: inherit;\"><span style=\"vertical-align: inherit;\">ser\u00eda autom\u00e1ticamente descartado<\/span><\/span><\/span><\/span><\/strong><span style=\"vertical-align: inherit;\"><span style=\"vertical-align: inherit;\"><span style=\"vertical-align: inherit;\"><span style=\"vertical-align: inherit;\"> . <\/span><\/span><\/span><span style=\"vertical-align: inherit;\"><span style=\"vertical-align: inherit;\"><span style=\"vertical-align: inherit;\">No importa que haya sido aprobado por el Congreso, ni por el presidente, ni publicado en el Diario Oficial de la Federaci\u00f3n.<\/span><\/span><\/span><\/span><\/span><\/p>\n<p style=\"text-align: justify;\"><span style=\"color: #000000;\"><span style=\"vertical-align: inherit;\"><span style=\"vertical-align: inherit;\"><span style=\"vertical-align: inherit;\"><span style=\"vertical-align: inherit;\">Entre los motivos para presentar la acci\u00f3n de inconstitucionalidad que discutieron al interior del INAI estaban:<\/span><\/span><\/span><\/span><\/span><\/p>\n<ul style=\"text-align: justify;\">\n<li><span style=\"color: #000000;\"><span style=\"vertical-align: inherit;\"><span style=\"vertical-align: inherit;\"><span style=\"vertical-align: inherit;\"><span style=\"vertical-align: inherit;\">Que la reforma\u00a0 <\/span><\/span><\/span><\/span><strong><span style=\"vertical-align: inherit;\"><span style=\"vertical-align: inherit;\"><span style=\"vertical-align: inherit;\"><span style=\"vertical-align: inherit;\">no dice precisi\u00f3n con resultados los datos biom\u00e9tricos que los usuarios tendr\u00e1n que entregar<\/span><\/span><\/span><\/span><\/strong><\/span><\/li>\n<li><span style=\"color: #000000;\"><span style=\"vertical-align: inherit;\"><span style=\"vertical-align: inherit;\"><span style=\"vertical-align: inherit;\"><span style=\"vertical-align: inherit;\">Que para identificaci\u00f3n no se necesita otorgar un dato biom\u00e9trico puesto que la RENAPO deber\u00eda tener ya esa informaci\u00f3n<\/span><\/span><\/span><\/span><\/span><\/li>\n<li><span style=\"color: #000000;\"><span style=\"vertical-align: inherit;\"><span style=\"vertical-align: inherit;\"><span style=\"vertical-align: inherit;\"><span style=\"vertical-align: inherit;\">Que un padr\u00f3n de ese calibre pone en riesgo la protecci\u00f3n de datos personales de millones de mexicanos<\/span><\/span><\/span><\/span><\/span><\/li>\n<li><span style=\"color: #000000;\"><span style=\"vertical-align: inherit;\"><span style=\"vertical-align: inherit;\"><span style=\"vertical-align: inherit;\"><span style=\"vertical-align: inherit;\">Que, de acuerdo a la comisionada Julieta Del R\u00edo, no hay relaci\u00f3n directa entre la existencia del padr\u00f3n y una mejor investigaci\u00f3n y persecuci\u00f3n de los delitos<\/span><\/span><\/span><\/span><\/span><\/li>\n<\/ul>\n<p style=\"text-align: justify;\"><span style=\"color: #000000;\"><strong><span style=\"vertical-align: inherit;\"><span style=\"vertical-align: inherit;\"><span style=\"vertical-align: inherit;\"><span style=\"vertical-align: inherit;\">Luis Fernando Garc\u00eda<\/span><\/span><\/span><\/span><\/strong><span style=\"vertical-align: inherit;\"><span style=\"vertical-align: inherit;\"><span style=\"vertical-align: inherit;\"><span style=\"vertical-align: inherit;\"> , director de Red por la Defensa de los Derechos Digitales, ya ha celebrado que el INAI haya decidido presentar la acci\u00f3n de inconstitucionalidad. <\/span><\/span><\/span><span style=\"vertical-align: inherit;\"><span style=\"vertical-align: inherit;\"><span style=\"vertical-align: inherit;\">Ahora, dijo,\u00a0 <\/span><\/span><\/span><\/span><strong><span style=\"vertical-align: inherit;\"><span style=\"vertical-align: inherit;\"><span style=\"vertical-align: inherit;\"><span style=\"vertical-align: inherit;\">se insistir\u00e1 en que la CNDH haga lo mismo<\/span><\/span><\/span><\/span><\/strong><span style=\"vertical-align: inherit;\"><span style=\"vertical-align: inherit;\"><span style=\"vertical-align: inherit;\"><span style=\"vertical-align: inherit;\"> .<\/span><\/span><\/span><\/span><\/span><\/p>\n<p style=\"text-align: justify;\"><span style=\"color: #000000;\"><span style=\"vertical-align: inherit;\"><span style=\"vertical-align: inherit;\"><span style=\"vertical-align: inherit;\"><span style=\"vertical-align: inherit;\">Ahora queda en manos de la Suprema Corte lo siguiente que pasar\u00e1 con el PANAUT.<\/span><\/span><\/span><\/span><\/span><\/p>\n<p style=\"text-align: justify;\"><span style=\"color: #000000;\"><span style=\"vertical-align: inherit;\"><span style=\"vertical-align: inherit;\"><span style=\"vertical-align: inherit;\"><span style=\"vertical-align: inherit;\">Fuente:\u00a0<\/span><\/span><\/span><\/span><\/span><\/p>\n<p style=\"text-align: justify;\"><span style=\"color: #000000;\"><span style=\"vertical-align: inherit;\"><span style=\"vertical-align: inherit;\"><span style=\"vertical-align: inherit;\"><span style=\"vertical-align: inherit;\">Steve, O. (27 de abril de 2021). <\/span><\/span><\/span><span style=\"vertical-align: inherit;\"><span style=\"vertical-align: inherit;\"><span style=\"vertical-align: inherit;\">Es oficial: El INAI impugnar\u00e1 el padr\u00f3n de datos biom\u00e9tricos (PANAUT) ante la Suprema Corte en M\u00e9xico. <\/span><\/span><\/span><span style=\"vertical-align: inherit;\"><span style=\"vertical-align: inherit;\"><span style=\"vertical-align: inherit;\">Recuperado 29 de abril de 2021, de https:\/\/www.xataka.com.mx\/legislacion-y-derechos\/oficial-inai-impugnara-padron-datos-biometricos-suprema-corte-mexico<\/span><\/span><\/span><\/span><\/span><\/p>\n","protected":false},"excerpt":{"rendered":"<p>Se llama &#8221; acci\u00f3n de inconstitucionalidad &#8221; el mecanismo que utilizar\u00e1 el\u00a0 Instituto Nacional de Transparencia \u00a0para tratar de impugnar el nuevo\u00a0 Padr\u00f3n de Usuarios de Telefon\u00eda M\u00f3vil \u00a0(PANAUT), contra el que varios amparos se han presentado ya.<\/p>\n","protected":false},"author":1,"featured_media":22429,"comment_status":"open","ping_status":"open","sticky":false,"template":"","format":"standard","meta":{"footnotes":""},"categories":[383],"tags":[],"class_list":["post-22428","post","type-post","status-publish","format-standard","has-post-thumbnail","hentry","category-ciberseguridad"],"yoast_head":"<!-- This site is optimized with the Yoast SEO plugin v26.7 - https:\/\/yoast.com\/wordpress\/plugins\/seo\/ -->\n<title>Es oficial: El INAI impugnar\u00e1 el padr\u00f3n de datos biom\u00e9tricos (PANAUT) ante la Suprema Corte en M\u00e9xico - Observatorio Tecnol\u00f3gico de Hidalgo<\/title>\n<meta name=\"robots\" content=\"index, follow, max-snippet:-1, max-image-preview:large, max-video-preview:-1\" \/>\n<link rel=\"canonical\" href=\"https:\/\/otech.uaeh.edu.mx\/noti\/ciberseguridad\/es-oficial-el-inai-impugnara-el-padron-de-datos-biometricos-panaut-ante-la-suprema-corte-en-mexico\/\" \/>\n<meta property=\"og:locale\" content=\"en_US\" \/>\n<meta property=\"og:type\" content=\"article\" \/>\n<meta property=\"og:title\" content=\"Es oficial: El INAI impugnar\u00e1 el padr\u00f3n de datos biom\u00e9tricos (PANAUT) ante la Suprema Corte en M\u00e9xico - Observatorio Tecnol\u00f3gico de Hidalgo\" \/>\n<meta property=\"og:description\" content=\"Se llama &#8221; acci\u00f3n de inconstitucionalidad &#8221; el mecanismo que utilizar\u00e1 el\u00a0 Instituto Nacional de Transparencia \u00a0para tratar de impugnar el nuevo\u00a0 Padr\u00f3n de Usuarios de Telefon\u00eda M\u00f3vil \u00a0(PANAUT), contra el que varios amparos se han presentado ya.\" \/>\n<meta property=\"og:url\" content=\"https:\/\/otech.uaeh.edu.mx\/noti\/ciberseguridad\/es-oficial-el-inai-impugnara-el-padron-de-datos-biometricos-panaut-ante-la-suprema-corte-en-mexico\/\" \/>\n<meta property=\"og:site_name\" content=\"Observatorio Tecnol\u00f3gico de Hidalgo\" \/>\n<meta property=\"article:publisher\" content=\"https:\/\/www.facebook.com\/observatoriouaeh\" \/>\n<meta property=\"article:published_time\" content=\"2021-04-29T18:40:54+00:00\" \/>\n<meta property=\"article:modified_time\" content=\"2021-04-29T18:41:23+00:00\" \/>\n<meta property=\"og:image\" content=\"https:\/\/otech.uaeh.edu.mx\/noti\/wp-content\/uploads\/2021\/04\/1366_2000-6.jpg\" \/>\n\t<meta property=\"og:image:width\" content=\"1280\" \/>\n\t<meta property=\"og:image:height\" content=\"720\" \/>\n\t<meta property=\"og:image:type\" content=\"image\/jpeg\" \/>\n<meta name=\"author\" content=\"admin\" \/>\n<meta name=\"twitter:card\" content=\"summary_large_image\" \/>\n<meta name=\"twitter:creator\" content=\"@OBSERVATORIOEH\" \/>\n<meta name=\"twitter:site\" content=\"@OBSERVATORIOEH\" \/>\n<meta name=\"twitter:label1\" content=\"Written by\" \/>\n\t<meta name=\"twitter:data1\" content=\"admin\" \/>\n\t<meta name=\"twitter:label2\" content=\"Est. reading time\" \/>\n\t<meta name=\"twitter:data2\" content=\"2 minutes\" \/>\n<script type=\"application\/ld+json\" class=\"yoast-schema-graph\">{\"@context\":\"https:\/\/schema.org\",\"@graph\":[{\"@type\":\"Article\",\"@id\":\"https:\/\/otech.uaeh.edu.mx\/noti\/ciberseguridad\/es-oficial-el-inai-impugnara-el-padron-de-datos-biometricos-panaut-ante-la-suprema-corte-en-mexico\/#article\",\"isPartOf\":{\"@id\":\"https:\/\/otech.uaeh.edu.mx\/noti\/ciberseguridad\/es-oficial-el-inai-impugnara-el-padron-de-datos-biometricos-panaut-ante-la-suprema-corte-en-mexico\/\"},\"author\":{\"name\":\"admin\",\"@id\":\"https:\/\/otech.uaeh.edu.mx\/noti\/#\/schema\/person\/95263d004158ffabcd98137e1d0abc1c\"},\"headline\":\"Es oficial: El INAI impugnar\u00e1 el padr\u00f3n de datos biom\u00e9tricos (PANAUT) ante la Suprema Corte en M\u00e9xico\",\"datePublished\":\"2021-04-29T18:40:54+00:00\",\"dateModified\":\"2021-04-29T18:41:23+00:00\",\"mainEntityOfPage\":{\"@id\":\"https:\/\/otech.uaeh.edu.mx\/noti\/ciberseguridad\/es-oficial-el-inai-impugnara-el-padron-de-datos-biometricos-panaut-ante-la-suprema-corte-en-mexico\/\"},\"wordCount\":372,\"commentCount\":0,\"publisher\":{\"@id\":\"https:\/\/otech.uaeh.edu.mx\/noti\/#organization\"},\"image\":{\"@id\":\"https:\/\/otech.uaeh.edu.mx\/noti\/ciberseguridad\/es-oficial-el-inai-impugnara-el-padron-de-datos-biometricos-panaut-ante-la-suprema-corte-en-mexico\/#primaryimage\"},\"thumbnailUrl\":\"https:\/\/otech.uaeh.edu.mx\/noti\/wp-content\/uploads\/2021\/04\/1366_2000-6.jpg\",\"articleSection\":[\"Cibersegur\u00eddad\"],\"inLanguage\":\"en-US\",\"potentialAction\":[{\"@type\":\"CommentAction\",\"name\":\"Comment\",\"target\":[\"https:\/\/otech.uaeh.edu.mx\/noti\/ciberseguridad\/es-oficial-el-inai-impugnara-el-padron-de-datos-biometricos-panaut-ante-la-suprema-corte-en-mexico\/#respond\"]}]},{\"@type\":\"WebPage\",\"@id\":\"https:\/\/otech.uaeh.edu.mx\/noti\/ciberseguridad\/es-oficial-el-inai-impugnara-el-padron-de-datos-biometricos-panaut-ante-la-suprema-corte-en-mexico\/\",\"url\":\"https:\/\/otech.uaeh.edu.mx\/noti\/ciberseguridad\/es-oficial-el-inai-impugnara-el-padron-de-datos-biometricos-panaut-ante-la-suprema-corte-en-mexico\/\",\"name\":\"Es oficial: El INAI impugnar\u00e1 el padr\u00f3n de datos biom\u00e9tricos (PANAUT) ante la Suprema Corte en M\u00e9xico - Observatorio Tecnol\u00f3gico de Hidalgo\",\"isPartOf\":{\"@id\":\"https:\/\/otech.uaeh.edu.mx\/noti\/#website\"},\"primaryImageOfPage\":{\"@id\":\"https:\/\/otech.uaeh.edu.mx\/noti\/ciberseguridad\/es-oficial-el-inai-impugnara-el-padron-de-datos-biometricos-panaut-ante-la-suprema-corte-en-mexico\/#primaryimage\"},\"image\":{\"@id\":\"https:\/\/otech.uaeh.edu.mx\/noti\/ciberseguridad\/es-oficial-el-inai-impugnara-el-padron-de-datos-biometricos-panaut-ante-la-suprema-corte-en-mexico\/#primaryimage\"},\"thumbnailUrl\":\"https:\/\/otech.uaeh.edu.mx\/noti\/wp-content\/uploads\/2021\/04\/1366_2000-6.jpg\",\"datePublished\":\"2021-04-29T18:40:54+00:00\",\"dateModified\":\"2021-04-29T18:41:23+00:00\",\"breadcrumb\":{\"@id\":\"https:\/\/otech.uaeh.edu.mx\/noti\/ciberseguridad\/es-oficial-el-inai-impugnara-el-padron-de-datos-biometricos-panaut-ante-la-suprema-corte-en-mexico\/#breadcrumb\"},\"inLanguage\":\"en-US\",\"potentialAction\":[{\"@type\":\"ReadAction\",\"target\":[\"https:\/\/otech.uaeh.edu.mx\/noti\/ciberseguridad\/es-oficial-el-inai-impugnara-el-padron-de-datos-biometricos-panaut-ante-la-suprema-corte-en-mexico\/\"]}]},{\"@type\":\"ImageObject\",\"inLanguage\":\"en-US\",\"@id\":\"https:\/\/otech.uaeh.edu.mx\/noti\/ciberseguridad\/es-oficial-el-inai-impugnara-el-padron-de-datos-biometricos-panaut-ante-la-suprema-corte-en-mexico\/#primaryimage\",\"url\":\"https:\/\/otech.uaeh.edu.mx\/noti\/wp-content\/uploads\/2021\/04\/1366_2000-6.jpg\",\"contentUrl\":\"https:\/\/otech.uaeh.edu.mx\/noti\/wp-content\/uploads\/2021\/04\/1366_2000-6.jpg\",\"width\":1280,\"height\":720},{\"@type\":\"BreadcrumbList\",\"@id\":\"https:\/\/otech.uaeh.edu.mx\/noti\/ciberseguridad\/es-oficial-el-inai-impugnara-el-padron-de-datos-biometricos-panaut-ante-la-suprema-corte-en-mexico\/#breadcrumb\",\"itemListElement\":[{\"@type\":\"ListItem\",\"position\":1,\"name\":\"Inicio\",\"item\":\"https:\/\/otech.uaeh.edu.mx\/noti\/\"},{\"@type\":\"ListItem\",\"position\":2,\"name\":\"Es oficial: El INAI impugnar\u00e1 el padr\u00f3n de datos biom\u00e9tricos (PANAUT) ante la Suprema Corte en M\u00e9xico\"}]},{\"@type\":\"WebSite\",\"@id\":\"https:\/\/otech.uaeh.edu.mx\/noti\/#website\",\"url\":\"https:\/\/otech.uaeh.edu.mx\/noti\/\",\"name\":\"Observatorio Tecnol\u00f3gico de Hidalgo\",\"description\":\"\",\"publisher\":{\"@id\":\"https:\/\/otech.uaeh.edu.mx\/noti\/#organization\"},\"potentialAction\":[{\"@type\":\"SearchAction\",\"target\":{\"@type\":\"EntryPoint\",\"urlTemplate\":\"https:\/\/otech.uaeh.edu.mx\/noti\/?s={search_term_string}\"},\"query-input\":{\"@type\":\"PropertyValueSpecification\",\"valueRequired\":true,\"valueName\":\"search_term_string\"}}],\"inLanguage\":\"en-US\"},{\"@type\":\"Organization\",\"@id\":\"https:\/\/otech.uaeh.edu.mx\/noti\/#organization\",\"name\":\"Observatorio Tecnol\u00f3gico de Hidalgo\",\"url\":\"https:\/\/otech.uaeh.edu.mx\/noti\/\",\"logo\":{\"@type\":\"ImageObject\",\"inLanguage\":\"en-US\",\"@id\":\"https:\/\/otech.uaeh.edu.mx\/noti\/#\/schema\/logo\/image\/\",\"url\":\"https:\/\/otech.uaeh.edu.mx\/noti\/wp-content\/uploads\/2025\/11\/Logo-circulo.png\",\"contentUrl\":\"https:\/\/otech.uaeh.edu.mx\/noti\/wp-content\/uploads\/2025\/11\/Logo-circulo.png\",\"width\":250,\"height\":250,\"caption\":\"Observatorio Tecnol\u00f3gico de Hidalgo\"},\"image\":{\"@id\":\"https:\/\/otech.uaeh.edu.mx\/noti\/#\/schema\/logo\/image\/\"},\"sameAs\":[\"https:\/\/www.facebook.com\/observatoriouaeh\",\"https:\/\/x.com\/OBSERVATORIOEH\"]},{\"@type\":\"Person\",\"@id\":\"https:\/\/otech.uaeh.edu.mx\/noti\/#\/schema\/person\/95263d004158ffabcd98137e1d0abc1c\",\"name\":\"admin\",\"image\":{\"@type\":\"ImageObject\",\"inLanguage\":\"en-US\",\"@id\":\"https:\/\/otech.uaeh.edu.mx\/noti\/#\/schema\/person\/image\/\",\"url\":\"https:\/\/secure.gravatar.com\/avatar\/08dd17208ee6a9e87c5a01c0a5f4c96c8ed24bf05e625630929b5b6a7c1ffa5f?s=96&d=mm&r=g\",\"contentUrl\":\"https:\/\/secure.gravatar.com\/avatar\/08dd17208ee6a9e87c5a01c0a5f4c96c8ed24bf05e625630929b5b6a7c1ffa5f?s=96&d=mm&r=g\",\"caption\":\"admin\"},\"url\":\"https:\/\/otech.uaeh.edu.mx\/noti\/author\/admin\/\"}]}<\/script>\n<!-- \/ Yoast SEO plugin. -->","yoast_head_json":{"title":"Es oficial: El INAI impugnar\u00e1 el padr\u00f3n de datos biom\u00e9tricos (PANAUT) ante la Suprema Corte en M\u00e9xico - Observatorio Tecnol\u00f3gico de Hidalgo","robots":{"index":"index","follow":"follow","max-snippet":"max-snippet:-1","max-image-preview":"max-image-preview:large","max-video-preview":"max-video-preview:-1"},"canonical":"https:\/\/otech.uaeh.edu.mx\/noti\/ciberseguridad\/es-oficial-el-inai-impugnara-el-padron-de-datos-biometricos-panaut-ante-la-suprema-corte-en-mexico\/","og_locale":"en_US","og_type":"article","og_title":"Es oficial: El INAI impugnar\u00e1 el padr\u00f3n de datos biom\u00e9tricos (PANAUT) ante la Suprema Corte en M\u00e9xico - Observatorio Tecnol\u00f3gico de Hidalgo","og_description":"Se llama &#8221; acci\u00f3n de inconstitucionalidad &#8221; el mecanismo que utilizar\u00e1 el\u00a0 Instituto Nacional de Transparencia \u00a0para tratar de impugnar el nuevo\u00a0 Padr\u00f3n de Usuarios de Telefon\u00eda M\u00f3vil \u00a0(PANAUT), contra el que varios amparos se han presentado ya.","og_url":"https:\/\/otech.uaeh.edu.mx\/noti\/ciberseguridad\/es-oficial-el-inai-impugnara-el-padron-de-datos-biometricos-panaut-ante-la-suprema-corte-en-mexico\/","og_site_name":"Observatorio Tecnol\u00f3gico de Hidalgo","article_publisher":"https:\/\/www.facebook.com\/observatoriouaeh","article_published_time":"2021-04-29T18:40:54+00:00","article_modified_time":"2021-04-29T18:41:23+00:00","og_image":[{"width":1280,"height":720,"url":"https:\/\/otech.uaeh.edu.mx\/noti\/wp-content\/uploads\/2021\/04\/1366_2000-6.jpg","type":"image\/jpeg"}],"author":"admin","twitter_card":"summary_large_image","twitter_creator":"@OBSERVATORIOEH","twitter_site":"@OBSERVATORIOEH","twitter_misc":{"Written by":"admin","Est. reading time":"2 minutes"},"schema":{"@context":"https:\/\/schema.org","@graph":[{"@type":"Article","@id":"https:\/\/otech.uaeh.edu.mx\/noti\/ciberseguridad\/es-oficial-el-inai-impugnara-el-padron-de-datos-biometricos-panaut-ante-la-suprema-corte-en-mexico\/#article","isPartOf":{"@id":"https:\/\/otech.uaeh.edu.mx\/noti\/ciberseguridad\/es-oficial-el-inai-impugnara-el-padron-de-datos-biometricos-panaut-ante-la-suprema-corte-en-mexico\/"},"author":{"name":"admin","@id":"https:\/\/otech.uaeh.edu.mx\/noti\/#\/schema\/person\/95263d004158ffabcd98137e1d0abc1c"},"headline":"Es oficial: El INAI impugnar\u00e1 el padr\u00f3n de datos biom\u00e9tricos (PANAUT) ante la Suprema Corte en M\u00e9xico","datePublished":"2021-04-29T18:40:54+00:00","dateModified":"2021-04-29T18:41:23+00:00","mainEntityOfPage":{"@id":"https:\/\/otech.uaeh.edu.mx\/noti\/ciberseguridad\/es-oficial-el-inai-impugnara-el-padron-de-datos-biometricos-panaut-ante-la-suprema-corte-en-mexico\/"},"wordCount":372,"commentCount":0,"publisher":{"@id":"https:\/\/otech.uaeh.edu.mx\/noti\/#organization"},"image":{"@id":"https:\/\/otech.uaeh.edu.mx\/noti\/ciberseguridad\/es-oficial-el-inai-impugnara-el-padron-de-datos-biometricos-panaut-ante-la-suprema-corte-en-mexico\/#primaryimage"},"thumbnailUrl":"https:\/\/otech.uaeh.edu.mx\/noti\/wp-content\/uploads\/2021\/04\/1366_2000-6.jpg","articleSection":["Cibersegur\u00eddad"],"inLanguage":"en-US","potentialAction":[{"@type":"CommentAction","name":"Comment","target":["https:\/\/otech.uaeh.edu.mx\/noti\/ciberseguridad\/es-oficial-el-inai-impugnara-el-padron-de-datos-biometricos-panaut-ante-la-suprema-corte-en-mexico\/#respond"]}]},{"@type":"WebPage","@id":"https:\/\/otech.uaeh.edu.mx\/noti\/ciberseguridad\/es-oficial-el-inai-impugnara-el-padron-de-datos-biometricos-panaut-ante-la-suprema-corte-en-mexico\/","url":"https:\/\/otech.uaeh.edu.mx\/noti\/ciberseguridad\/es-oficial-el-inai-impugnara-el-padron-de-datos-biometricos-panaut-ante-la-suprema-corte-en-mexico\/","name":"Es oficial: El INAI impugnar\u00e1 el padr\u00f3n de datos biom\u00e9tricos (PANAUT) ante la Suprema Corte en M\u00e9xico - Observatorio Tecnol\u00f3gico de Hidalgo","isPartOf":{"@id":"https:\/\/otech.uaeh.edu.mx\/noti\/#website"},"primaryImageOfPage":{"@id":"https:\/\/otech.uaeh.edu.mx\/noti\/ciberseguridad\/es-oficial-el-inai-impugnara-el-padron-de-datos-biometricos-panaut-ante-la-suprema-corte-en-mexico\/#primaryimage"},"image":{"@id":"https:\/\/otech.uaeh.edu.mx\/noti\/ciberseguridad\/es-oficial-el-inai-impugnara-el-padron-de-datos-biometricos-panaut-ante-la-suprema-corte-en-mexico\/#primaryimage"},"thumbnailUrl":"https:\/\/otech.uaeh.edu.mx\/noti\/wp-content\/uploads\/2021\/04\/1366_2000-6.jpg","datePublished":"2021-04-29T18:40:54+00:00","dateModified":"2021-04-29T18:41:23+00:00","breadcrumb":{"@id":"https:\/\/otech.uaeh.edu.mx\/noti\/ciberseguridad\/es-oficial-el-inai-impugnara-el-padron-de-datos-biometricos-panaut-ante-la-suprema-corte-en-mexico\/#breadcrumb"},"inLanguage":"en-US","potentialAction":[{"@type":"ReadAction","target":["https:\/\/otech.uaeh.edu.mx\/noti\/ciberseguridad\/es-oficial-el-inai-impugnara-el-padron-de-datos-biometricos-panaut-ante-la-suprema-corte-en-mexico\/"]}]},{"@type":"ImageObject","inLanguage":"en-US","@id":"https:\/\/otech.uaeh.edu.mx\/noti\/ciberseguridad\/es-oficial-el-inai-impugnara-el-padron-de-datos-biometricos-panaut-ante-la-suprema-corte-en-mexico\/#primaryimage","url":"https:\/\/otech.uaeh.edu.mx\/noti\/wp-content\/uploads\/2021\/04\/1366_2000-6.jpg","contentUrl":"https:\/\/otech.uaeh.edu.mx\/noti\/wp-content\/uploads\/2021\/04\/1366_2000-6.jpg","width":1280,"height":720},{"@type":"BreadcrumbList","@id":"https:\/\/otech.uaeh.edu.mx\/noti\/ciberseguridad\/es-oficial-el-inai-impugnara-el-padron-de-datos-biometricos-panaut-ante-la-suprema-corte-en-mexico\/#breadcrumb","itemListElement":[{"@type":"ListItem","position":1,"name":"Inicio","item":"https:\/\/otech.uaeh.edu.mx\/noti\/"},{"@type":"ListItem","position":2,"name":"Es oficial: El INAI impugnar\u00e1 el padr\u00f3n de datos biom\u00e9tricos (PANAUT) ante la Suprema Corte en M\u00e9xico"}]},{"@type":"WebSite","@id":"https:\/\/otech.uaeh.edu.mx\/noti\/#website","url":"https:\/\/otech.uaeh.edu.mx\/noti\/","name":"Observatorio Tecnol\u00f3gico de Hidalgo","description":"","publisher":{"@id":"https:\/\/otech.uaeh.edu.mx\/noti\/#organization"},"potentialAction":[{"@type":"SearchAction","target":{"@type":"EntryPoint","urlTemplate":"https:\/\/otech.uaeh.edu.mx\/noti\/?s={search_term_string}"},"query-input":{"@type":"PropertyValueSpecification","valueRequired":true,"valueName":"search_term_string"}}],"inLanguage":"en-US"},{"@type":"Organization","@id":"https:\/\/otech.uaeh.edu.mx\/noti\/#organization","name":"Observatorio Tecnol\u00f3gico de Hidalgo","url":"https:\/\/otech.uaeh.edu.mx\/noti\/","logo":{"@type":"ImageObject","inLanguage":"en-US","@id":"https:\/\/otech.uaeh.edu.mx\/noti\/#\/schema\/logo\/image\/","url":"https:\/\/otech.uaeh.edu.mx\/noti\/wp-content\/uploads\/2025\/11\/Logo-circulo.png","contentUrl":"https:\/\/otech.uaeh.edu.mx\/noti\/wp-content\/uploads\/2025\/11\/Logo-circulo.png","width":250,"height":250,"caption":"Observatorio Tecnol\u00f3gico de Hidalgo"},"image":{"@id":"https:\/\/otech.uaeh.edu.mx\/noti\/#\/schema\/logo\/image\/"},"sameAs":["https:\/\/www.facebook.com\/observatoriouaeh","https:\/\/x.com\/OBSERVATORIOEH"]},{"@type":"Person","@id":"https:\/\/otech.uaeh.edu.mx\/noti\/#\/schema\/person\/95263d004158ffabcd98137e1d0abc1c","name":"admin","image":{"@type":"ImageObject","inLanguage":"en-US","@id":"https:\/\/otech.uaeh.edu.mx\/noti\/#\/schema\/person\/image\/","url":"https:\/\/secure.gravatar.com\/avatar\/08dd17208ee6a9e87c5a01c0a5f4c96c8ed24bf05e625630929b5b6a7c1ffa5f?s=96&d=mm&r=g","contentUrl":"https:\/\/secure.gravatar.com\/avatar\/08dd17208ee6a9e87c5a01c0a5f4c96c8ed24bf05e625630929b5b6a7c1ffa5f?s=96&d=mm&r=g","caption":"admin"},"url":"https:\/\/otech.uaeh.edu.mx\/noti\/author\/admin\/"}]}},"_links":{"self":[{"href":"https:\/\/otech.uaeh.edu.mx\/noti\/wp-json\/wp\/v2\/posts\/22428","targetHints":{"allow":["GET"]}}],"collection":[{"href":"https:\/\/otech.uaeh.edu.mx\/noti\/wp-json\/wp\/v2\/posts"}],"about":[{"href":"https:\/\/otech.uaeh.edu.mx\/noti\/wp-json\/wp\/v2\/types\/post"}],"author":[{"embeddable":true,"href":"https:\/\/otech.uaeh.edu.mx\/noti\/wp-json\/wp\/v2\/users\/1"}],"replies":[{"embeddable":true,"href":"https:\/\/otech.uaeh.edu.mx\/noti\/wp-json\/wp\/v2\/comments?post=22428"}],"version-history":[{"count":3,"href":"https:\/\/otech.uaeh.edu.mx\/noti\/wp-json\/wp\/v2\/posts\/22428\/revisions"}],"predecessor-version":[{"id":22432,"href":"https:\/\/otech.uaeh.edu.mx\/noti\/wp-json\/wp\/v2\/posts\/22428\/revisions\/22432"}],"wp:featuredmedia":[{"embeddable":true,"href":"https:\/\/otech.uaeh.edu.mx\/noti\/wp-json\/wp\/v2\/media\/22429"}],"wp:attachment":[{"href":"https:\/\/otech.uaeh.edu.mx\/noti\/wp-json\/wp\/v2\/media?parent=22428"}],"wp:term":[{"taxonomy":"category","embeddable":true,"href":"https:\/\/otech.uaeh.edu.mx\/noti\/wp-json\/wp\/v2\/categories?post=22428"},{"taxonomy":"post_tag","embeddable":true,"href":"https:\/\/otech.uaeh.edu.mx\/noti\/wp-json\/wp\/v2\/tags?post=22428"}],"curies":[{"name":"wp","href":"https:\/\/api.w.org\/{rel}","templated":true}]}}