{"id":22962,"date":"2021-06-02T09:18:18","date_gmt":"2021-06-02T15:18:18","guid":{"rendered":"https:\/\/otech.uaeh.edu.mx\/noti\/?p=22962"},"modified":"2021-06-02T09:18:36","modified_gmt":"2021-06-02T15:18:36","slug":"el-cerebro-se-reinicia-despues-de-la-anestesia-profunda","status":"publish","type":"post","link":"https:\/\/otech.uaeh.edu.mx\/noti\/ciencia\/el-cerebro-se-reinicia-despues-de-la-anestesia-profunda\/","title":{"rendered":"El cerebro se reinicia despu\u00e9s de la anestesia profunda"},"content":{"rendered":"<p style=\"text-align: justify;\"><span style=\"color: #000000;\">Al transcurrir tres horas de la anestesia profunda, el ser humano recobra sus funciones cognitivas pr\u00e1cticamente al mismo nivel que una persona que no ha pasado por este proceso, seg\u00fan un nuevo estudio realizado por investigadores de las universidad de Michigan, Pensilvania y Washington.<!--more--><\/span><\/p>\n<p style=\"text-align: justify;\"><span style=\"color: #000000;\">De acuerdo a una\u00a0nota de prensa, el \u00abreinicio\u00bb cerebral es gradual: en primer t\u00e9rmino se recupera la\u00a0<strong>capacidad de resoluci\u00f3n de problemas abstractos<\/strong>, y posteriormente otras funciones como el tiempo de reacci\u00f3n y la atenci\u00f3n. Los cient\u00edficos llegaron a esta conclusi\u00f3n luego de un estudio que incluy\u00f3 a 30 adultos sanos.<\/span><\/p>\n<p style=\"text-align: justify;\"><span style=\"color: #000000;\">La investigaci\u00f3n estadounidense permitir\u00e1 estudiar en mayor profundidad los patrones de la consciencia reemergente y la funci\u00f3n cognitiva despu\u00e9s de la anestesia general. El trabajo ha sido publicado recientemente en la revista eLife, y podr\u00eda aportar nuevas claves para entender la forma en que el cerebro se recupera despu\u00e9s de una \u00abdesconexi\u00f3n\u00bb moment\u00e1nea.<\/span><\/p>\n<p style=\"text-align: justify;\"><span style=\"color: #000000;\">Aunque la anestesia general profunda es un procedimiento m\u00e9dico que ya se considera habitual y que permite realizar intervenciones quir\u00fargicas que de otra forma ser\u00edan imposibles de concretar, los mecanismos que marcan la recuperaci\u00f3n de la consciencia y de las funciones cognitivas en el cerebro luego de este proceso son todav\u00eda un misterio en muchos aspectos.<\/span><\/p>\n<h2 style=\"text-align: justify;\"><span style=\"color: #000000;\">Misterios a resolver<\/span><\/h2>\n<p style=\"text-align: justify;\"><span style=\"color: #000000;\">\u00bfQu\u00e9 sucede durante ese profundo sue\u00f1o inducido? \u00bfC\u00f3mo regresa s\u00fabitamente la consciencia y se van recuperando las habilidades cognitivas? Resolver estos enigmas no solamente ser\u00e1 \u00fatil para entender los mecanismos ligados a la\u00a0<strong>anestesia profunda<\/strong>, sino tambi\u00e9n otros fen\u00f3menos similares como los que se producen durante el estado de coma o, incluso, mientras so\u00f1amos de forma cotidiana.<\/span><\/p>\n<p style=\"text-align: justify;\"><span style=\"color: #000000;\">Cuando se aplica anestesia general profunda, b\u00e1sicamente se consigue \u00abdesconectar\u00bb nuestra consciencia gracias a la acci\u00f3n de diferentes f\u00e1rmacos. De esta manera, no sentimos dolor ni reaccionamos a est\u00edmulos directos. Sin embargo, a diferencia de los trastornos neurol\u00f3gicos que pueden conducir al estado de coma, la situaci\u00f3n creada por la anestesia profunda es reversible y controlable.<\/span><\/p>\n<h2 style=\"text-align: justify;\"><span style=\"color: #000000;\">El experimento y los resultados<\/span><\/h2>\n<p style=\"text-align: justify;\"><span style=\"color: #000000;\">En el nuevo estudio, los cient\u00edficos realizaron un experimento aplicando anestesia general profunda a 30 adultos sin problemas previos de salud. Utilizaron los anest\u00e9sicos propofol e isoflurano y mantuvieron la situaci\u00f3n a lo largo de tres horas. Analizaron la actividad cerebral a trav\u00e9s de im\u00e1genes de electroencefalograf\u00eda (EEG), adem\u00e1s de someter a los participantes a pruebas cognitivas antes y despu\u00e9s del experimento.<\/span><\/p>\n<p style=\"text-align: justify;\"><span style=\"color: #000000;\">Entre los principales descubrimientos, encontraron que la capacidad de resoluci\u00f3n de problemas abstractos era la primera funci\u00f3n que recuperaban las personas afectadas por la anestesia. Esta habilidad est\u00e1 controlada por la\u00a0<strong>corteza prefrontal<\/strong>, que ser\u00eda en consecuencia una de las primeras \u00e1reas del cerebro en \u00abencenderse\u00bb luego del letargo anest\u00e9sico.<\/span><\/p>\n<p style=\"text-align: justify;\"><span style=\"color: #000000;\">Los especialistas creen que existe una raz\u00f3n evolutiva: este tipo de habilidades es crucial para entender una situaci\u00f3n concreta y poder planificar r\u00e1pidamente acciones en torno a ella con el objetivo de superarla, una cuesti\u00f3n vital cuando alguien despierta en medio de un contexto de amenaza o peligro.<\/span><\/p>\n<h2 style=\"text-align: justify;\"><span style=\"color: #000000;\">Un mecanismo gradual<\/span><\/h2>\n<p style=\"text-align: justify;\"><span style=\"color: #000000;\">M\u00e1s all\u00e1 de haber recuperado gran parte de las funciones cognitivas luego de las tres horas de anestesia, los investigadores verificaron que el proceso es gradual: las\u00a0<strong>regiones frontales del cerebro<\/strong>\u00a0son las primeras que se activan durante la recuperaci\u00f3n. Luego de la abstracci\u00f3n, funciones como la velocidad de reacci\u00f3n o el nivel de atenci\u00f3n tambi\u00e9n retoman su expresi\u00f3n habitual.<\/span><\/p>\n<p style=\"text-align: justify;\"><span style=\"color: #000000;\">En definitiva, los cient\u00edficos concluyeron que estos hallazgos no solamente sirven para caracterizar el proceso de recuperaci\u00f3n luego de la\u00a0<a style=\"color: #000000;\" href=\"https:\/\/tendencias21.levante-emv.com\/la-anestesia-podria-inducir-un-sueno-que-jamas-se-recuerda_a44662.html\" rel=\"nofollow\">anestesia<\/a>\u00a0general profunda, sino tambi\u00e9n para comenzar a desvelar los misterios en torno a las\u00a0<strong>bases neuronales<\/strong>\u00a0que estar\u00edan relacionadas con los estados de consciencia e inconsciencia.<\/span><\/p>\n<h2 style=\"text-align: justify;\"><span style=\"color: #000000;\">Referencia<\/span><\/h2>\n<p style=\"text-align: justify;\"><span style=\"color: #000000;\"><a class=\"yahoorte_class\" style=\"color: #000000;\" title=\"https:\/\/elifesciences.org\/articles\/59525#content\" href=\"https:\/\/elifesciences.org\/articles\/59525#content\" target=\"_blank\" rel=\"nofollow noopener noreferrer\">Recovery of consciousness and cognition after general anesthesia in humans<\/a>. George A Mashour, Michael S Avidan, Max B Kelz et al. eLife (2021).DOI:https:\/\/doi.org\/10.7554\/eLife.59525<\/span><\/p>\n","protected":false},"excerpt":{"rendered":"<p>Al transcurrir tres horas de la anestesia profunda, el ser humano recobra sus funciones cognitivas pr\u00e1cticamente al mismo nivel que una persona que no ha pasado por este proceso, seg\u00fan un nuevo estudio realizado por investigadores de las universidad de Michigan, Pensilvania y Washington.<\/p>\n","protected":false},"author":1,"featured_media":22963,"comment_status":"open","ping_status":"open","sticky":false,"template":"","format":"standard","meta":{"footnotes":""},"categories":[56],"tags":[],"class_list":["post-22962","post","type-post","status-publish","format-standard","has-post-thumbnail","hentry","category-ciencia"],"yoast_head":"<!-- This site is optimized with the Yoast SEO plugin v26.7 - https:\/\/yoast.com\/wordpress\/plugins\/seo\/ -->\n<title>El cerebro se reinicia despu\u00e9s de la anestesia profunda - Observatorio Tecnol\u00f3gico de Hidalgo<\/title>\n<meta name=\"robots\" content=\"index, follow, max-snippet:-1, max-image-preview:large, max-video-preview:-1\" \/>\n<link rel=\"canonical\" href=\"https:\/\/otech.uaeh.edu.mx\/noti\/ciencia\/el-cerebro-se-reinicia-despues-de-la-anestesia-profunda\/\" \/>\n<meta property=\"og:locale\" content=\"en_US\" \/>\n<meta property=\"og:type\" content=\"article\" \/>\n<meta property=\"og:title\" content=\"El cerebro se reinicia despu\u00e9s de la anestesia profunda - Observatorio Tecnol\u00f3gico de Hidalgo\" \/>\n<meta property=\"og:description\" content=\"Al transcurrir tres horas de la anestesia profunda, el ser humano recobra sus funciones cognitivas pr\u00e1cticamente al mismo nivel que una persona que no ha pasado por este proceso, seg\u00fan un nuevo estudio realizado por investigadores de las universidad de Michigan, Pensilvania y Washington.\" \/>\n<meta property=\"og:url\" content=\"https:\/\/otech.uaeh.edu.mx\/noti\/ciencia\/el-cerebro-se-reinicia-despues-de-la-anestesia-profunda\/\" \/>\n<meta property=\"og:site_name\" content=\"Observatorio Tecnol\u00f3gico de Hidalgo\" \/>\n<meta property=\"article:publisher\" content=\"https:\/\/www.facebook.com\/observatoriouaeh\" \/>\n<meta property=\"article:published_time\" content=\"2021-06-02T15:18:18+00:00\" \/>\n<meta property=\"article:modified_time\" content=\"2021-06-02T15:18:36+00:00\" \/>\n<meta property=\"og:image\" content=\"https:\/\/otech.uaeh.edu.mx\/noti\/wp-content\/uploads\/2021\/06\/cerebro-reinicia-anestesia-740x523-1.jpg\" \/>\n\t<meta property=\"og:image:width\" content=\"740\" \/>\n\t<meta property=\"og:image:height\" content=\"523\" \/>\n\t<meta property=\"og:image:type\" content=\"image\/jpeg\" \/>\n<meta name=\"author\" content=\"admin\" \/>\n<meta name=\"twitter:card\" content=\"summary_large_image\" \/>\n<meta name=\"twitter:creator\" content=\"@OBSERVATORIOEH\" \/>\n<meta name=\"twitter:site\" content=\"@OBSERVATORIOEH\" \/>\n<meta name=\"twitter:label1\" content=\"Written by\" \/>\n\t<meta name=\"twitter:data1\" content=\"admin\" \/>\n\t<meta name=\"twitter:label2\" content=\"Est. reading time\" \/>\n\t<meta name=\"twitter:data2\" content=\"3 minutes\" \/>\n<script type=\"application\/ld+json\" class=\"yoast-schema-graph\">{\"@context\":\"https:\/\/schema.org\",\"@graph\":[{\"@type\":\"Article\",\"@id\":\"https:\/\/otech.uaeh.edu.mx\/noti\/ciencia\/el-cerebro-se-reinicia-despues-de-la-anestesia-profunda\/#article\",\"isPartOf\":{\"@id\":\"https:\/\/otech.uaeh.edu.mx\/noti\/ciencia\/el-cerebro-se-reinicia-despues-de-la-anestesia-profunda\/\"},\"author\":{\"name\":\"admin\",\"@id\":\"https:\/\/otech.uaeh.edu.mx\/noti\/#\/schema\/person\/95263d004158ffabcd98137e1d0abc1c\"},\"headline\":\"El cerebro se reinicia despu\u00e9s de la anestesia profunda\",\"datePublished\":\"2021-06-02T15:18:18+00:00\",\"dateModified\":\"2021-06-02T15:18:36+00:00\",\"mainEntityOfPage\":{\"@id\":\"https:\/\/otech.uaeh.edu.mx\/noti\/ciencia\/el-cerebro-se-reinicia-despues-de-la-anestesia-profunda\/\"},\"wordCount\":691,\"commentCount\":0,\"publisher\":{\"@id\":\"https:\/\/otech.uaeh.edu.mx\/noti\/#organization\"},\"image\":{\"@id\":\"https:\/\/otech.uaeh.edu.mx\/noti\/ciencia\/el-cerebro-se-reinicia-despues-de-la-anestesia-profunda\/#primaryimage\"},\"thumbnailUrl\":\"https:\/\/otech.uaeh.edu.mx\/noti\/wp-content\/uploads\/2021\/06\/cerebro-reinicia-anestesia-740x523-1.jpg\",\"articleSection\":[\"Ciencia\"],\"inLanguage\":\"en-US\",\"potentialAction\":[{\"@type\":\"CommentAction\",\"name\":\"Comment\",\"target\":[\"https:\/\/otech.uaeh.edu.mx\/noti\/ciencia\/el-cerebro-se-reinicia-despues-de-la-anestesia-profunda\/#respond\"]}]},{\"@type\":\"WebPage\",\"@id\":\"https:\/\/otech.uaeh.edu.mx\/noti\/ciencia\/el-cerebro-se-reinicia-despues-de-la-anestesia-profunda\/\",\"url\":\"https:\/\/otech.uaeh.edu.mx\/noti\/ciencia\/el-cerebro-se-reinicia-despues-de-la-anestesia-profunda\/\",\"name\":\"El cerebro se reinicia despu\u00e9s de la anestesia profunda - Observatorio Tecnol\u00f3gico de Hidalgo\",\"isPartOf\":{\"@id\":\"https:\/\/otech.uaeh.edu.mx\/noti\/#website\"},\"primaryImageOfPage\":{\"@id\":\"https:\/\/otech.uaeh.edu.mx\/noti\/ciencia\/el-cerebro-se-reinicia-despues-de-la-anestesia-profunda\/#primaryimage\"},\"image\":{\"@id\":\"https:\/\/otech.uaeh.edu.mx\/noti\/ciencia\/el-cerebro-se-reinicia-despues-de-la-anestesia-profunda\/#primaryimage\"},\"thumbnailUrl\":\"https:\/\/otech.uaeh.edu.mx\/noti\/wp-content\/uploads\/2021\/06\/cerebro-reinicia-anestesia-740x523-1.jpg\",\"datePublished\":\"2021-06-02T15:18:18+00:00\",\"dateModified\":\"2021-06-02T15:18:36+00:00\",\"breadcrumb\":{\"@id\":\"https:\/\/otech.uaeh.edu.mx\/noti\/ciencia\/el-cerebro-se-reinicia-despues-de-la-anestesia-profunda\/#breadcrumb\"},\"inLanguage\":\"en-US\",\"potentialAction\":[{\"@type\":\"ReadAction\",\"target\":[\"https:\/\/otech.uaeh.edu.mx\/noti\/ciencia\/el-cerebro-se-reinicia-despues-de-la-anestesia-profunda\/\"]}]},{\"@type\":\"ImageObject\",\"inLanguage\":\"en-US\",\"@id\":\"https:\/\/otech.uaeh.edu.mx\/noti\/ciencia\/el-cerebro-se-reinicia-despues-de-la-anestesia-profunda\/#primaryimage\",\"url\":\"https:\/\/otech.uaeh.edu.mx\/noti\/wp-content\/uploads\/2021\/06\/cerebro-reinicia-anestesia-740x523-1.jpg\",\"contentUrl\":\"https:\/\/otech.uaeh.edu.mx\/noti\/wp-content\/uploads\/2021\/06\/cerebro-reinicia-anestesia-740x523-1.jpg\",\"width\":740,\"height\":523},{\"@type\":\"BreadcrumbList\",\"@id\":\"https:\/\/otech.uaeh.edu.mx\/noti\/ciencia\/el-cerebro-se-reinicia-despues-de-la-anestesia-profunda\/#breadcrumb\",\"itemListElement\":[{\"@type\":\"ListItem\",\"position\":1,\"name\":\"Inicio\",\"item\":\"https:\/\/otech.uaeh.edu.mx\/noti\/\"},{\"@type\":\"ListItem\",\"position\":2,\"name\":\"El cerebro se reinicia despu\u00e9s de la anestesia profunda\"}]},{\"@type\":\"WebSite\",\"@id\":\"https:\/\/otech.uaeh.edu.mx\/noti\/#website\",\"url\":\"https:\/\/otech.uaeh.edu.mx\/noti\/\",\"name\":\"Observatorio Tecnol\u00f3gico de Hidalgo\",\"description\":\"\",\"publisher\":{\"@id\":\"https:\/\/otech.uaeh.edu.mx\/noti\/#organization\"},\"potentialAction\":[{\"@type\":\"SearchAction\",\"target\":{\"@type\":\"EntryPoint\",\"urlTemplate\":\"https:\/\/otech.uaeh.edu.mx\/noti\/?s={search_term_string}\"},\"query-input\":{\"@type\":\"PropertyValueSpecification\",\"valueRequired\":true,\"valueName\":\"search_term_string\"}}],\"inLanguage\":\"en-US\"},{\"@type\":\"Organization\",\"@id\":\"https:\/\/otech.uaeh.edu.mx\/noti\/#organization\",\"name\":\"Observatorio Tecnol\u00f3gico de Hidalgo\",\"url\":\"https:\/\/otech.uaeh.edu.mx\/noti\/\",\"logo\":{\"@type\":\"ImageObject\",\"inLanguage\":\"en-US\",\"@id\":\"https:\/\/otech.uaeh.edu.mx\/noti\/#\/schema\/logo\/image\/\",\"url\":\"https:\/\/otech.uaeh.edu.mx\/noti\/wp-content\/uploads\/2025\/11\/Logo-circulo.png\",\"contentUrl\":\"https:\/\/otech.uaeh.edu.mx\/noti\/wp-content\/uploads\/2025\/11\/Logo-circulo.png\",\"width\":250,\"height\":250,\"caption\":\"Observatorio Tecnol\u00f3gico de Hidalgo\"},\"image\":{\"@id\":\"https:\/\/otech.uaeh.edu.mx\/noti\/#\/schema\/logo\/image\/\"},\"sameAs\":[\"https:\/\/www.facebook.com\/observatoriouaeh\",\"https:\/\/x.com\/OBSERVATORIOEH\"]},{\"@type\":\"Person\",\"@id\":\"https:\/\/otech.uaeh.edu.mx\/noti\/#\/schema\/person\/95263d004158ffabcd98137e1d0abc1c\",\"name\":\"admin\",\"image\":{\"@type\":\"ImageObject\",\"inLanguage\":\"en-US\",\"@id\":\"https:\/\/otech.uaeh.edu.mx\/noti\/#\/schema\/person\/image\/\",\"url\":\"https:\/\/secure.gravatar.com\/avatar\/08dd17208ee6a9e87c5a01c0a5f4c96c8ed24bf05e625630929b5b6a7c1ffa5f?s=96&d=mm&r=g\",\"contentUrl\":\"https:\/\/secure.gravatar.com\/avatar\/08dd17208ee6a9e87c5a01c0a5f4c96c8ed24bf05e625630929b5b6a7c1ffa5f?s=96&d=mm&r=g\",\"caption\":\"admin\"},\"url\":\"https:\/\/otech.uaeh.edu.mx\/noti\/author\/admin\/\"}]}<\/script>\n<!-- \/ Yoast SEO plugin. -->","yoast_head_json":{"title":"El cerebro se reinicia despu\u00e9s de la anestesia profunda - Observatorio Tecnol\u00f3gico de Hidalgo","robots":{"index":"index","follow":"follow","max-snippet":"max-snippet:-1","max-image-preview":"max-image-preview:large","max-video-preview":"max-video-preview:-1"},"canonical":"https:\/\/otech.uaeh.edu.mx\/noti\/ciencia\/el-cerebro-se-reinicia-despues-de-la-anestesia-profunda\/","og_locale":"en_US","og_type":"article","og_title":"El cerebro se reinicia despu\u00e9s de la anestesia profunda - Observatorio Tecnol\u00f3gico de Hidalgo","og_description":"Al transcurrir tres horas de la anestesia profunda, el ser humano recobra sus funciones cognitivas pr\u00e1cticamente al mismo nivel que una persona que no ha pasado por este proceso, seg\u00fan un nuevo estudio realizado por investigadores de las universidad de Michigan, Pensilvania y Washington.","og_url":"https:\/\/otech.uaeh.edu.mx\/noti\/ciencia\/el-cerebro-se-reinicia-despues-de-la-anestesia-profunda\/","og_site_name":"Observatorio Tecnol\u00f3gico de Hidalgo","article_publisher":"https:\/\/www.facebook.com\/observatoriouaeh","article_published_time":"2021-06-02T15:18:18+00:00","article_modified_time":"2021-06-02T15:18:36+00:00","og_image":[{"width":740,"height":523,"url":"https:\/\/otech.uaeh.edu.mx\/noti\/wp-content\/uploads\/2021\/06\/cerebro-reinicia-anestesia-740x523-1.jpg","type":"image\/jpeg"}],"author":"admin","twitter_card":"summary_large_image","twitter_creator":"@OBSERVATORIOEH","twitter_site":"@OBSERVATORIOEH","twitter_misc":{"Written by":"admin","Est. reading time":"3 minutes"},"schema":{"@context":"https:\/\/schema.org","@graph":[{"@type":"Article","@id":"https:\/\/otech.uaeh.edu.mx\/noti\/ciencia\/el-cerebro-se-reinicia-despues-de-la-anestesia-profunda\/#article","isPartOf":{"@id":"https:\/\/otech.uaeh.edu.mx\/noti\/ciencia\/el-cerebro-se-reinicia-despues-de-la-anestesia-profunda\/"},"author":{"name":"admin","@id":"https:\/\/otech.uaeh.edu.mx\/noti\/#\/schema\/person\/95263d004158ffabcd98137e1d0abc1c"},"headline":"El cerebro se reinicia despu\u00e9s de la anestesia profunda","datePublished":"2021-06-02T15:18:18+00:00","dateModified":"2021-06-02T15:18:36+00:00","mainEntityOfPage":{"@id":"https:\/\/otech.uaeh.edu.mx\/noti\/ciencia\/el-cerebro-se-reinicia-despues-de-la-anestesia-profunda\/"},"wordCount":691,"commentCount":0,"publisher":{"@id":"https:\/\/otech.uaeh.edu.mx\/noti\/#organization"},"image":{"@id":"https:\/\/otech.uaeh.edu.mx\/noti\/ciencia\/el-cerebro-se-reinicia-despues-de-la-anestesia-profunda\/#primaryimage"},"thumbnailUrl":"https:\/\/otech.uaeh.edu.mx\/noti\/wp-content\/uploads\/2021\/06\/cerebro-reinicia-anestesia-740x523-1.jpg","articleSection":["Ciencia"],"inLanguage":"en-US","potentialAction":[{"@type":"CommentAction","name":"Comment","target":["https:\/\/otech.uaeh.edu.mx\/noti\/ciencia\/el-cerebro-se-reinicia-despues-de-la-anestesia-profunda\/#respond"]}]},{"@type":"WebPage","@id":"https:\/\/otech.uaeh.edu.mx\/noti\/ciencia\/el-cerebro-se-reinicia-despues-de-la-anestesia-profunda\/","url":"https:\/\/otech.uaeh.edu.mx\/noti\/ciencia\/el-cerebro-se-reinicia-despues-de-la-anestesia-profunda\/","name":"El cerebro se reinicia despu\u00e9s de la anestesia profunda - Observatorio Tecnol\u00f3gico de Hidalgo","isPartOf":{"@id":"https:\/\/otech.uaeh.edu.mx\/noti\/#website"},"primaryImageOfPage":{"@id":"https:\/\/otech.uaeh.edu.mx\/noti\/ciencia\/el-cerebro-se-reinicia-despues-de-la-anestesia-profunda\/#primaryimage"},"image":{"@id":"https:\/\/otech.uaeh.edu.mx\/noti\/ciencia\/el-cerebro-se-reinicia-despues-de-la-anestesia-profunda\/#primaryimage"},"thumbnailUrl":"https:\/\/otech.uaeh.edu.mx\/noti\/wp-content\/uploads\/2021\/06\/cerebro-reinicia-anestesia-740x523-1.jpg","datePublished":"2021-06-02T15:18:18+00:00","dateModified":"2021-06-02T15:18:36+00:00","breadcrumb":{"@id":"https:\/\/otech.uaeh.edu.mx\/noti\/ciencia\/el-cerebro-se-reinicia-despues-de-la-anestesia-profunda\/#breadcrumb"},"inLanguage":"en-US","potentialAction":[{"@type":"ReadAction","target":["https:\/\/otech.uaeh.edu.mx\/noti\/ciencia\/el-cerebro-se-reinicia-despues-de-la-anestesia-profunda\/"]}]},{"@type":"ImageObject","inLanguage":"en-US","@id":"https:\/\/otech.uaeh.edu.mx\/noti\/ciencia\/el-cerebro-se-reinicia-despues-de-la-anestesia-profunda\/#primaryimage","url":"https:\/\/otech.uaeh.edu.mx\/noti\/wp-content\/uploads\/2021\/06\/cerebro-reinicia-anestesia-740x523-1.jpg","contentUrl":"https:\/\/otech.uaeh.edu.mx\/noti\/wp-content\/uploads\/2021\/06\/cerebro-reinicia-anestesia-740x523-1.jpg","width":740,"height":523},{"@type":"BreadcrumbList","@id":"https:\/\/otech.uaeh.edu.mx\/noti\/ciencia\/el-cerebro-se-reinicia-despues-de-la-anestesia-profunda\/#breadcrumb","itemListElement":[{"@type":"ListItem","position":1,"name":"Inicio","item":"https:\/\/otech.uaeh.edu.mx\/noti\/"},{"@type":"ListItem","position":2,"name":"El cerebro se reinicia despu\u00e9s de la anestesia profunda"}]},{"@type":"WebSite","@id":"https:\/\/otech.uaeh.edu.mx\/noti\/#website","url":"https:\/\/otech.uaeh.edu.mx\/noti\/","name":"Observatorio Tecnol\u00f3gico de Hidalgo","description":"","publisher":{"@id":"https:\/\/otech.uaeh.edu.mx\/noti\/#organization"},"potentialAction":[{"@type":"SearchAction","target":{"@type":"EntryPoint","urlTemplate":"https:\/\/otech.uaeh.edu.mx\/noti\/?s={search_term_string}"},"query-input":{"@type":"PropertyValueSpecification","valueRequired":true,"valueName":"search_term_string"}}],"inLanguage":"en-US"},{"@type":"Organization","@id":"https:\/\/otech.uaeh.edu.mx\/noti\/#organization","name":"Observatorio Tecnol\u00f3gico de Hidalgo","url":"https:\/\/otech.uaeh.edu.mx\/noti\/","logo":{"@type":"ImageObject","inLanguage":"en-US","@id":"https:\/\/otech.uaeh.edu.mx\/noti\/#\/schema\/logo\/image\/","url":"https:\/\/otech.uaeh.edu.mx\/noti\/wp-content\/uploads\/2025\/11\/Logo-circulo.png","contentUrl":"https:\/\/otech.uaeh.edu.mx\/noti\/wp-content\/uploads\/2025\/11\/Logo-circulo.png","width":250,"height":250,"caption":"Observatorio Tecnol\u00f3gico de Hidalgo"},"image":{"@id":"https:\/\/otech.uaeh.edu.mx\/noti\/#\/schema\/logo\/image\/"},"sameAs":["https:\/\/www.facebook.com\/observatoriouaeh","https:\/\/x.com\/OBSERVATORIOEH"]},{"@type":"Person","@id":"https:\/\/otech.uaeh.edu.mx\/noti\/#\/schema\/person\/95263d004158ffabcd98137e1d0abc1c","name":"admin","image":{"@type":"ImageObject","inLanguage":"en-US","@id":"https:\/\/otech.uaeh.edu.mx\/noti\/#\/schema\/person\/image\/","url":"https:\/\/secure.gravatar.com\/avatar\/08dd17208ee6a9e87c5a01c0a5f4c96c8ed24bf05e625630929b5b6a7c1ffa5f?s=96&d=mm&r=g","contentUrl":"https:\/\/secure.gravatar.com\/avatar\/08dd17208ee6a9e87c5a01c0a5f4c96c8ed24bf05e625630929b5b6a7c1ffa5f?s=96&d=mm&r=g","caption":"admin"},"url":"https:\/\/otech.uaeh.edu.mx\/noti\/author\/admin\/"}]}},"_links":{"self":[{"href":"https:\/\/otech.uaeh.edu.mx\/noti\/wp-json\/wp\/v2\/posts\/22962","targetHints":{"allow":["GET"]}}],"collection":[{"href":"https:\/\/otech.uaeh.edu.mx\/noti\/wp-json\/wp\/v2\/posts"}],"about":[{"href":"https:\/\/otech.uaeh.edu.mx\/noti\/wp-json\/wp\/v2\/types\/post"}],"author":[{"embeddable":true,"href":"https:\/\/otech.uaeh.edu.mx\/noti\/wp-json\/wp\/v2\/users\/1"}],"replies":[{"embeddable":true,"href":"https:\/\/otech.uaeh.edu.mx\/noti\/wp-json\/wp\/v2\/comments?post=22962"}],"version-history":[{"count":1,"href":"https:\/\/otech.uaeh.edu.mx\/noti\/wp-json\/wp\/v2\/posts\/22962\/revisions"}],"predecessor-version":[{"id":22964,"href":"https:\/\/otech.uaeh.edu.mx\/noti\/wp-json\/wp\/v2\/posts\/22962\/revisions\/22964"}],"wp:featuredmedia":[{"embeddable":true,"href":"https:\/\/otech.uaeh.edu.mx\/noti\/wp-json\/wp\/v2\/media\/22963"}],"wp:attachment":[{"href":"https:\/\/otech.uaeh.edu.mx\/noti\/wp-json\/wp\/v2\/media?parent=22962"}],"wp:term":[{"taxonomy":"category","embeddable":true,"href":"https:\/\/otech.uaeh.edu.mx\/noti\/wp-json\/wp\/v2\/categories?post=22962"},{"taxonomy":"post_tag","embeddable":true,"href":"https:\/\/otech.uaeh.edu.mx\/noti\/wp-json\/wp\/v2\/tags?post=22962"}],"curies":[{"name":"wp","href":"https:\/\/api.w.org\/{rel}","templated":true}]}}