{"id":22968,"date":"2021-06-02T09:26:50","date_gmt":"2021-06-02T15:26:50","guid":{"rendered":"https:\/\/otech.uaeh.edu.mx\/noti\/?p=22968"},"modified":"2021-06-02T09:26:50","modified_gmt":"2021-06-02T15:26:50","slug":"descubren-cuales-son-los-genes-potencialmente-relacionados-con-el-autismo","status":"publish","type":"post","link":"https:\/\/otech.uaeh.edu.mx\/noti\/salud\/descubren-cuales-son-los-genes-potencialmente-relacionados-con-el-autismo\/","title":{"rendered":"Descubren cu\u00e1les son los genes potencialmente relacionados con el autismo"},"content":{"rendered":"<p class=\"has-drop-cap\">Nuevos trabajos sobre los trastornos del espectro autista (TEA) siguen adelantando m\u00e1s informaci\u00f3n. El nuevo enfoque computacional puede identificar de manera eficaz los genes que probablemente est\u00e9n relacionados con el autismo.<!--more--><\/p>\n<p>Adem\u00e1s, tambi\u00e9n predice la gravedad de la discapacidad intelectual utilizando solo mutaciones raras en genes m\u00e1s all\u00e1 de los que ya est\u00e1n asociados con el s\u00edndrome. As\u00ed lo recoge los investigadores del Baylor College of Medicine en la revista \u2018Science Translational Medicine\u2019.<\/p>\n<p>Seg\u00fan algunas estimaciones del estudio, cientos de genes pueden estar asociados a los trastornos del espectro autista (TEA). Por ello, ha sido dif\u00edcil determinar qu\u00e9 mutaciones est\u00e1n realmente implicadas en la enfermedad y cu\u00e1les son incidentales.<\/p>\n<p>Al saber qu\u00e9 genes contribuyen al TEA, los investigadores pueden estudiarlos para comprender mejor c\u00f3mo se produce la afecci\u00f3n y utilizarlos para mejorar la predicci\u00f3n del riesgo del s\u00edndrome. Adem\u00e1s, esto les permite asesorar m\u00e1s eficazmente a los padres sobre los posibles resultados y tratamientos.<\/p>\n<p>\u00abEl TEA es una afecci\u00f3n muy compleja y muchos casos no tienen una explicaci\u00f3n gen\u00e9tica clara basada en los conocimientos actuales\u00bb, explica la primera autora, la doctora Amanda Koire. Ella es estudiante graduada en el laboratorio del doctor Olivier Lichtarge durante el desarrollo de este proyecto. Actualmente es residente de investigaci\u00f3n en psiquiatr\u00eda en el Brigham and Women\u2019s Hospital de la Facultad de Medicina de Harvard.<\/p>\n<p><strong>No existe un gen que cause la mayor\u00eda de los casos de TEA<\/strong><\/p>\n<p>Los investigadores explican que no existe un gen que cause la mayor\u00eda de los casos de autismo. \u00abLos genes con mutaciones m\u00e1s frecuentes relacionados con el s\u00edndrome s\u00f3lo representan aproximadamente el 2% de los casos \u2013se\u00f1ala Lichtarge-. La idea actual es que el s\u00edndrome es el resultado de un gran n\u00famero de mutaciones gen\u00e9ticas, cada una de las cuales tiene un efecto leve\u00bb.<\/p>\n<p>El reto consiste en identificar qu\u00e9 mutaciones gen\u00e9ticas est\u00e1n realmente implicadas en la enfermedad. Como las variantes que contribuyen al desarrollo del autismo son individualmente raras, un enfoque paciente por paciente para identificarlas probablemente no tendr\u00eda \u00e9xito. Incluso los estudios actuales que comparan poblaciones enteras de individuos afectados y padres y hermanos no afectados encuentran genes que s\u00f3lo explican una fracci\u00f3n de los casos.<\/p>\n<p>El grupo de Baylor decidi\u00f3 adoptar una perspectiva completamente diferente. En primer lugar, a\u00f1adieron a sus an\u00e1lisis una gran cantidad de datos evolutivos. Estos datos proporcionaban un registro extenso y abierto, pero raramente accesible, del papel de las mutaciones en la evoluci\u00f3n de las prote\u00ednas y, por extensi\u00f3n, del impacto de las variantes humanas en la funci\u00f3n de las prote\u00ednas.<\/p>\n<p>Con esto en la mano, los investigadores pudieron centrarse en las mutaciones con mayor probabilidad de ser perjudiciales. Otros dos pasos redujeron a\u00fan m\u00e1s la resoluci\u00f3n del estudio. Un enfoque en las mutaciones personales, que son \u00fanicas para cada individuo, y tambi\u00e9n en c\u00f3mo estas mutaciones se suman en cada v\u00eda molecular.<\/p>\n<p><strong>Las mutaciones y la gravedad del autismo<\/strong><\/p>\n<p>Analizaron un grupo de mutaciones conocidas como variantes sin sentido. Mientras que algunas mutaciones alteran la estructura de las prote\u00ednas de forma tan grave que las hacen inactivas, las mutaciones sin sentido son mucho m\u00e1s comunes, pero son m\u00e1s dif\u00edciles de evaluar que las mutaciones de p\u00e9rdida de funci\u00f3n, ya que pueden alterar un poco la funci\u00f3n de la prote\u00edna o perjudicarla gravemente.<\/p>\n<p>\u00abAlgunas mutaciones de p\u00e9rdida de funci\u00f3n se han asociado con la gravedad del autismo , medida por la disminuci\u00f3n de las habilidades motoras y el coeficiente intelectual, pero las mutaciones de sentido no se hab\u00edan relacionado con las mismas caracter\u00edsticas de los pacientes con TEA a gran escala debido a la dificultad de interpretar su impacto\u00bb, recuerda el coautor doctor Panagiotis Katsonis, profesor asistente de gen\u00e9tica molecular y humana en Baylor.<\/p>\n<p>\u00abSin embargo \u2013prosigue\u2013, es m\u00e1s probable que las personas con TEA sean portadoras de una mutaci\u00f3n de novo con sentido err\u00f3neo que de una mutaci\u00f3n de novo con p\u00e9rdida de funci\u00f3n, y las herramientas desarrolladas previamente en nuestro laboratorio pueden ayudar a interpretar esta mayor\u00eda de variantes de codificaci\u00f3n\u00bb. Las mutaciones de novo o nuevas son las que aparecen por primera vez en un miembro de la familia, no se heredan de ninguno de los padres\u00bb.<\/p>\n<p>Los investigadores asumieron el reto de identificar, entre todas las mutaciones missense de novo en una cohorte de pacientes con autismo y el conjunto de sus hermanos, aquellas mutaciones que distinguieran entre los pacientes y los hermanos no afectados. As\u00ed, aplicaron una estrategia de varios niveles para identificar un grupo de genes y mutaciones que probablemente estuvieran implicados en la causa del TEA.<\/p>\n<p><strong>\u00abEl TEA es una condici\u00f3n multig\u00e9nica\u00bb<\/strong><\/p>\n<p>Los resultados sugieren que entre las 1.418 mutaciones de novo que afectan a 1.269 genes en el grupo de pacientes, la mayor\u00eda de los genes mutaron s\u00f3lo una vez. \u00abSabiendo que el TEA es una condici\u00f3n multig\u00e9nica que se presenta en un espectro, razonamos que las mutaciones que estaban contribuyendo al autismo podr\u00edan dispersarse entre los genes de una v\u00eda metab\u00f3lica cuando se examinan a nivel de cohorte, en lugar de estar agrupadas en un solo gen\u00bb, dice Koire.<\/p>\n<p>Sin hacer ninguna suposici\u00f3n a priori sobre qu\u00e9 genes o v\u00edas impulsan el TEA, los investigadores observaron la cohorte en su conjunto y se preguntaron en qu\u00e9 v\u00edas hay m\u00e1s mutaciones de novo con sentido err\u00f3neo con puntuaciones de EA m\u00e1s altas de lo esperado. Descubrieron que las puntuaciones EA significativamente m\u00e1s altas de las mutaciones de novo sin sentido agrupadas implicaban a 398 genes de 23 v\u00edas.<\/p>\n<p>ni\u00f1o con autismo petardos \u00abComo resultado de la superposici\u00f3n de todos estos puntos de vista complementarios sobre el impacto funcional potencial de las mutaciones en la biolog\u00eda, pudimos identificar un conjunto de genes que se relacionaban claramente con el TEA \u2013se\u00f1ala Lichtarge\u2013. Estos genes se encontraban en v\u00edas que no eran necesariamente sorprendentes, pero que estaban tranquilamente relacionadas con la funci\u00f3n neurol\u00f3gica. Algunos de estos genes ya se hab\u00edan relacionado con el TEA, pero otros no se hab\u00edan asociado previamente con el s\u00edndrome\u00bb.<\/p>\n<p><strong>Nuevos estudios para ir m\u00e1s all\u00e1<\/strong><\/p>\n<p>\u00abTambi\u00e9n nos entusiasm\u00f3 ver una relaci\u00f3n entre la puntuaci\u00f3n EA de las mutaciones en esos genes vinculados al TEA y el coeficiente intelectual del paciente \u2013reconoce Koire\u2013. En el caso de los nuevos genes que encontramos vinculados al autismo, las mutaciones con puntuaciones EA m\u00e1s altas estaban relacionadas con un CI 7 puntos menor en los pacientes, lo que sugiere que tienen un efecto biol\u00f3gico genuino\u00bb.<\/p>\n<p>\u00abEsto abre puertas en muchos frentes \u2013destaca el coautor Young Won Kim, estudiante de posgrado en el Programa de Posgrado de Ciencias Moleculares y Biom\u00e9dicas Integrativas de Baylor que trabaja en el laboratorio de Lichtarge\u2013. Sugiere nuevos genes que podemos estudiar en el autismo, y que hay un camino a seguir para asesorar a los padres de los ni\u00f1os con estas mutaciones de los resultados potenciales en su hijo y c\u00f3mo involucrar mejor el apoyo externo en la intervenci\u00f3n del desarrollo temprano, que ha demostrado hacer una gran diferencia en el resultado tambi\u00e9n\u00bb.<\/p>\n<p>\u00abNuestros hallazgos pueden ir m\u00e1s all\u00e1 del TEA \u2013adelanta Lichtarge\u2013. Este enfoque, esperamos, podr\u00eda probarse en un amplio conjunto de enfermedades complejas. A medida que muchos datos de secuencias gen\u00f3micas sean cada vez m\u00e1s accesibles para la investigaci\u00f3n, deber\u00eda ser posible interpretar las mutaciones raras que arrojan, como hemos demostrado aqu\u00ed. Esto podr\u00eda resolver mejor que ahora la base polig\u00e9nica de varias enfermedades del adulto y tambi\u00e9n mejorar las estimaciones de riesgo y morbilidad individuales\u00bb.<\/p>\n<p><strong>Fuente: tododisca.com<\/strong><\/p>\n","protected":false},"excerpt":{"rendered":"<p>Nuevos trabajos sobre los trastornos del espectro autista (TEA) siguen adelantando m\u00e1s informaci\u00f3n. El nuevo enfoque computacional puede identificar de manera eficaz los genes que probablemente est\u00e9n relacionados con el autismo.<\/p>\n","protected":false},"author":1,"featured_media":22969,"comment_status":"open","ping_status":"open","sticky":false,"template":"","format":"standard","meta":{"footnotes":""},"categories":[370],"tags":[],"class_list":["post-22968","post","type-post","status-publish","format-standard","has-post-thumbnail","hentry","category-salud"],"yoast_head":"<!-- This site is optimized with the Yoast SEO plugin v26.7 - https:\/\/yoast.com\/wordpress\/plugins\/seo\/ -->\n<title>Descubren cu\u00e1les son los genes potencialmente relacionados con el autismo - Observatorio Tecnol\u00f3gico de Hidalgo<\/title>\n<meta name=\"robots\" content=\"index, follow, max-snippet:-1, max-image-preview:large, max-video-preview:-1\" \/>\n<link rel=\"canonical\" href=\"https:\/\/otech.uaeh.edu.mx\/noti\/salud\/descubren-cuales-son-los-genes-potencialmente-relacionados-con-el-autismo\/\" \/>\n<meta property=\"og:locale\" content=\"en_US\" \/>\n<meta property=\"og:type\" content=\"article\" \/>\n<meta property=\"og:title\" content=\"Descubren cu\u00e1les son los genes potencialmente relacionados con el autismo - Observatorio Tecnol\u00f3gico de Hidalgo\" \/>\n<meta property=\"og:description\" content=\"Nuevos trabajos sobre los trastornos del espectro autista (TEA) siguen adelantando m\u00e1s informaci\u00f3n. El nuevo enfoque computacional puede identificar de manera eficaz los genes que probablemente est\u00e9n relacionados con el autismo.\" \/>\n<meta property=\"og:url\" content=\"https:\/\/otech.uaeh.edu.mx\/noti\/salud\/descubren-cuales-son-los-genes-potencialmente-relacionados-con-el-autismo\/\" \/>\n<meta property=\"og:site_name\" content=\"Observatorio Tecnol\u00f3gico de Hidalgo\" \/>\n<meta property=\"article:publisher\" content=\"https:\/\/www.facebook.com\/observatoriouaeh\" \/>\n<meta property=\"article:published_time\" content=\"2021-06-02T15:26:50+00:00\" \/>\n<meta property=\"og:image\" content=\"https:\/\/otech.uaeh.edu.mx\/noti\/wp-content\/uploads\/2021\/06\/02-06-21-autismo-800x445-1.jpg\" \/>\n\t<meta property=\"og:image:width\" content=\"800\" \/>\n\t<meta property=\"og:image:height\" content=\"445\" \/>\n\t<meta property=\"og:image:type\" content=\"image\/jpeg\" \/>\n<meta name=\"author\" content=\"admin\" \/>\n<meta name=\"twitter:card\" content=\"summary_large_image\" \/>\n<meta name=\"twitter:creator\" content=\"@OBSERVATORIOEH\" \/>\n<meta name=\"twitter:site\" content=\"@OBSERVATORIOEH\" \/>\n<meta name=\"twitter:label1\" content=\"Written by\" \/>\n\t<meta name=\"twitter:data1\" content=\"admin\" \/>\n\t<meta name=\"twitter:label2\" content=\"Est. reading time\" \/>\n\t<meta name=\"twitter:data2\" content=\"7 minutes\" \/>\n<script type=\"application\/ld+json\" class=\"yoast-schema-graph\">{\"@context\":\"https:\/\/schema.org\",\"@graph\":[{\"@type\":\"Article\",\"@id\":\"https:\/\/otech.uaeh.edu.mx\/noti\/salud\/descubren-cuales-son-los-genes-potencialmente-relacionados-con-el-autismo\/#article\",\"isPartOf\":{\"@id\":\"https:\/\/otech.uaeh.edu.mx\/noti\/salud\/descubren-cuales-son-los-genes-potencialmente-relacionados-con-el-autismo\/\"},\"author\":{\"name\":\"admin\",\"@id\":\"https:\/\/otech.uaeh.edu.mx\/noti\/#\/schema\/person\/95263d004158ffabcd98137e1d0abc1c\"},\"headline\":\"Descubren cu\u00e1les son los genes potencialmente relacionados con el autismo\",\"datePublished\":\"2021-06-02T15:26:50+00:00\",\"mainEntityOfPage\":{\"@id\":\"https:\/\/otech.uaeh.edu.mx\/noti\/salud\/descubren-cuales-son-los-genes-potencialmente-relacionados-con-el-autismo\/\"},\"wordCount\":1355,\"commentCount\":0,\"publisher\":{\"@id\":\"https:\/\/otech.uaeh.edu.mx\/noti\/#organization\"},\"image\":{\"@id\":\"https:\/\/otech.uaeh.edu.mx\/noti\/salud\/descubren-cuales-son-los-genes-potencialmente-relacionados-con-el-autismo\/#primaryimage\"},\"thumbnailUrl\":\"https:\/\/otech.uaeh.edu.mx\/noti\/wp-content\/uploads\/2021\/06\/02-06-21-autismo-800x445-1.jpg\",\"articleSection\":[\"Salud\"],\"inLanguage\":\"en-US\",\"potentialAction\":[{\"@type\":\"CommentAction\",\"name\":\"Comment\",\"target\":[\"https:\/\/otech.uaeh.edu.mx\/noti\/salud\/descubren-cuales-son-los-genes-potencialmente-relacionados-con-el-autismo\/#respond\"]}]},{\"@type\":\"WebPage\",\"@id\":\"https:\/\/otech.uaeh.edu.mx\/noti\/salud\/descubren-cuales-son-los-genes-potencialmente-relacionados-con-el-autismo\/\",\"url\":\"https:\/\/otech.uaeh.edu.mx\/noti\/salud\/descubren-cuales-son-los-genes-potencialmente-relacionados-con-el-autismo\/\",\"name\":\"Descubren cu\u00e1les son los genes potencialmente relacionados con el autismo - Observatorio Tecnol\u00f3gico de Hidalgo\",\"isPartOf\":{\"@id\":\"https:\/\/otech.uaeh.edu.mx\/noti\/#website\"},\"primaryImageOfPage\":{\"@id\":\"https:\/\/otech.uaeh.edu.mx\/noti\/salud\/descubren-cuales-son-los-genes-potencialmente-relacionados-con-el-autismo\/#primaryimage\"},\"image\":{\"@id\":\"https:\/\/otech.uaeh.edu.mx\/noti\/salud\/descubren-cuales-son-los-genes-potencialmente-relacionados-con-el-autismo\/#primaryimage\"},\"thumbnailUrl\":\"https:\/\/otech.uaeh.edu.mx\/noti\/wp-content\/uploads\/2021\/06\/02-06-21-autismo-800x445-1.jpg\",\"datePublished\":\"2021-06-02T15:26:50+00:00\",\"breadcrumb\":{\"@id\":\"https:\/\/otech.uaeh.edu.mx\/noti\/salud\/descubren-cuales-son-los-genes-potencialmente-relacionados-con-el-autismo\/#breadcrumb\"},\"inLanguage\":\"en-US\",\"potentialAction\":[{\"@type\":\"ReadAction\",\"target\":[\"https:\/\/otech.uaeh.edu.mx\/noti\/salud\/descubren-cuales-son-los-genes-potencialmente-relacionados-con-el-autismo\/\"]}]},{\"@type\":\"ImageObject\",\"inLanguage\":\"en-US\",\"@id\":\"https:\/\/otech.uaeh.edu.mx\/noti\/salud\/descubren-cuales-son-los-genes-potencialmente-relacionados-con-el-autismo\/#primaryimage\",\"url\":\"https:\/\/otech.uaeh.edu.mx\/noti\/wp-content\/uploads\/2021\/06\/02-06-21-autismo-800x445-1.jpg\",\"contentUrl\":\"https:\/\/otech.uaeh.edu.mx\/noti\/wp-content\/uploads\/2021\/06\/02-06-21-autismo-800x445-1.jpg\",\"width\":800,\"height\":445},{\"@type\":\"BreadcrumbList\",\"@id\":\"https:\/\/otech.uaeh.edu.mx\/noti\/salud\/descubren-cuales-son-los-genes-potencialmente-relacionados-con-el-autismo\/#breadcrumb\",\"itemListElement\":[{\"@type\":\"ListItem\",\"position\":1,\"name\":\"Inicio\",\"item\":\"https:\/\/otech.uaeh.edu.mx\/noti\/\"},{\"@type\":\"ListItem\",\"position\":2,\"name\":\"Descubren cu\u00e1les son los genes potencialmente relacionados con el autismo\"}]},{\"@type\":\"WebSite\",\"@id\":\"https:\/\/otech.uaeh.edu.mx\/noti\/#website\",\"url\":\"https:\/\/otech.uaeh.edu.mx\/noti\/\",\"name\":\"Observatorio Tecnol\u00f3gico de Hidalgo\",\"description\":\"\",\"publisher\":{\"@id\":\"https:\/\/otech.uaeh.edu.mx\/noti\/#organization\"},\"potentialAction\":[{\"@type\":\"SearchAction\",\"target\":{\"@type\":\"EntryPoint\",\"urlTemplate\":\"https:\/\/otech.uaeh.edu.mx\/noti\/?s={search_term_string}\"},\"query-input\":{\"@type\":\"PropertyValueSpecification\",\"valueRequired\":true,\"valueName\":\"search_term_string\"}}],\"inLanguage\":\"en-US\"},{\"@type\":\"Organization\",\"@id\":\"https:\/\/otech.uaeh.edu.mx\/noti\/#organization\",\"name\":\"Observatorio Tecnol\u00f3gico de Hidalgo\",\"url\":\"https:\/\/otech.uaeh.edu.mx\/noti\/\",\"logo\":{\"@type\":\"ImageObject\",\"inLanguage\":\"en-US\",\"@id\":\"https:\/\/otech.uaeh.edu.mx\/noti\/#\/schema\/logo\/image\/\",\"url\":\"https:\/\/otech.uaeh.edu.mx\/noti\/wp-content\/uploads\/2025\/11\/Logo-circulo.png\",\"contentUrl\":\"https:\/\/otech.uaeh.edu.mx\/noti\/wp-content\/uploads\/2025\/11\/Logo-circulo.png\",\"width\":250,\"height\":250,\"caption\":\"Observatorio Tecnol\u00f3gico de Hidalgo\"},\"image\":{\"@id\":\"https:\/\/otech.uaeh.edu.mx\/noti\/#\/schema\/logo\/image\/\"},\"sameAs\":[\"https:\/\/www.facebook.com\/observatoriouaeh\",\"https:\/\/x.com\/OBSERVATORIOEH\"]},{\"@type\":\"Person\",\"@id\":\"https:\/\/otech.uaeh.edu.mx\/noti\/#\/schema\/person\/95263d004158ffabcd98137e1d0abc1c\",\"name\":\"admin\",\"image\":{\"@type\":\"ImageObject\",\"inLanguage\":\"en-US\",\"@id\":\"https:\/\/otech.uaeh.edu.mx\/noti\/#\/schema\/person\/image\/\",\"url\":\"https:\/\/secure.gravatar.com\/avatar\/08dd17208ee6a9e87c5a01c0a5f4c96c8ed24bf05e625630929b5b6a7c1ffa5f?s=96&d=mm&r=g\",\"contentUrl\":\"https:\/\/secure.gravatar.com\/avatar\/08dd17208ee6a9e87c5a01c0a5f4c96c8ed24bf05e625630929b5b6a7c1ffa5f?s=96&d=mm&r=g\",\"caption\":\"admin\"},\"url\":\"https:\/\/otech.uaeh.edu.mx\/noti\/author\/admin\/\"}]}<\/script>\n<!-- \/ Yoast SEO plugin. -->","yoast_head_json":{"title":"Descubren cu\u00e1les son los genes potencialmente relacionados con el autismo - Observatorio Tecnol\u00f3gico de Hidalgo","robots":{"index":"index","follow":"follow","max-snippet":"max-snippet:-1","max-image-preview":"max-image-preview:large","max-video-preview":"max-video-preview:-1"},"canonical":"https:\/\/otech.uaeh.edu.mx\/noti\/salud\/descubren-cuales-son-los-genes-potencialmente-relacionados-con-el-autismo\/","og_locale":"en_US","og_type":"article","og_title":"Descubren cu\u00e1les son los genes potencialmente relacionados con el autismo - Observatorio Tecnol\u00f3gico de Hidalgo","og_description":"Nuevos trabajos sobre los trastornos del espectro autista (TEA) siguen adelantando m\u00e1s informaci\u00f3n. El nuevo enfoque computacional puede identificar de manera eficaz los genes que probablemente est\u00e9n relacionados con el autismo.","og_url":"https:\/\/otech.uaeh.edu.mx\/noti\/salud\/descubren-cuales-son-los-genes-potencialmente-relacionados-con-el-autismo\/","og_site_name":"Observatorio Tecnol\u00f3gico de Hidalgo","article_publisher":"https:\/\/www.facebook.com\/observatoriouaeh","article_published_time":"2021-06-02T15:26:50+00:00","og_image":[{"width":800,"height":445,"url":"https:\/\/otech.uaeh.edu.mx\/noti\/wp-content\/uploads\/2021\/06\/02-06-21-autismo-800x445-1.jpg","type":"image\/jpeg"}],"author":"admin","twitter_card":"summary_large_image","twitter_creator":"@OBSERVATORIOEH","twitter_site":"@OBSERVATORIOEH","twitter_misc":{"Written by":"admin","Est. reading time":"7 minutes"},"schema":{"@context":"https:\/\/schema.org","@graph":[{"@type":"Article","@id":"https:\/\/otech.uaeh.edu.mx\/noti\/salud\/descubren-cuales-son-los-genes-potencialmente-relacionados-con-el-autismo\/#article","isPartOf":{"@id":"https:\/\/otech.uaeh.edu.mx\/noti\/salud\/descubren-cuales-son-los-genes-potencialmente-relacionados-con-el-autismo\/"},"author":{"name":"admin","@id":"https:\/\/otech.uaeh.edu.mx\/noti\/#\/schema\/person\/95263d004158ffabcd98137e1d0abc1c"},"headline":"Descubren cu\u00e1les son los genes potencialmente relacionados con el autismo","datePublished":"2021-06-02T15:26:50+00:00","mainEntityOfPage":{"@id":"https:\/\/otech.uaeh.edu.mx\/noti\/salud\/descubren-cuales-son-los-genes-potencialmente-relacionados-con-el-autismo\/"},"wordCount":1355,"commentCount":0,"publisher":{"@id":"https:\/\/otech.uaeh.edu.mx\/noti\/#organization"},"image":{"@id":"https:\/\/otech.uaeh.edu.mx\/noti\/salud\/descubren-cuales-son-los-genes-potencialmente-relacionados-con-el-autismo\/#primaryimage"},"thumbnailUrl":"https:\/\/otech.uaeh.edu.mx\/noti\/wp-content\/uploads\/2021\/06\/02-06-21-autismo-800x445-1.jpg","articleSection":["Salud"],"inLanguage":"en-US","potentialAction":[{"@type":"CommentAction","name":"Comment","target":["https:\/\/otech.uaeh.edu.mx\/noti\/salud\/descubren-cuales-son-los-genes-potencialmente-relacionados-con-el-autismo\/#respond"]}]},{"@type":"WebPage","@id":"https:\/\/otech.uaeh.edu.mx\/noti\/salud\/descubren-cuales-son-los-genes-potencialmente-relacionados-con-el-autismo\/","url":"https:\/\/otech.uaeh.edu.mx\/noti\/salud\/descubren-cuales-son-los-genes-potencialmente-relacionados-con-el-autismo\/","name":"Descubren cu\u00e1les son los genes potencialmente relacionados con el autismo - Observatorio Tecnol\u00f3gico de Hidalgo","isPartOf":{"@id":"https:\/\/otech.uaeh.edu.mx\/noti\/#website"},"primaryImageOfPage":{"@id":"https:\/\/otech.uaeh.edu.mx\/noti\/salud\/descubren-cuales-son-los-genes-potencialmente-relacionados-con-el-autismo\/#primaryimage"},"image":{"@id":"https:\/\/otech.uaeh.edu.mx\/noti\/salud\/descubren-cuales-son-los-genes-potencialmente-relacionados-con-el-autismo\/#primaryimage"},"thumbnailUrl":"https:\/\/otech.uaeh.edu.mx\/noti\/wp-content\/uploads\/2021\/06\/02-06-21-autismo-800x445-1.jpg","datePublished":"2021-06-02T15:26:50+00:00","breadcrumb":{"@id":"https:\/\/otech.uaeh.edu.mx\/noti\/salud\/descubren-cuales-son-los-genes-potencialmente-relacionados-con-el-autismo\/#breadcrumb"},"inLanguage":"en-US","potentialAction":[{"@type":"ReadAction","target":["https:\/\/otech.uaeh.edu.mx\/noti\/salud\/descubren-cuales-son-los-genes-potencialmente-relacionados-con-el-autismo\/"]}]},{"@type":"ImageObject","inLanguage":"en-US","@id":"https:\/\/otech.uaeh.edu.mx\/noti\/salud\/descubren-cuales-son-los-genes-potencialmente-relacionados-con-el-autismo\/#primaryimage","url":"https:\/\/otech.uaeh.edu.mx\/noti\/wp-content\/uploads\/2021\/06\/02-06-21-autismo-800x445-1.jpg","contentUrl":"https:\/\/otech.uaeh.edu.mx\/noti\/wp-content\/uploads\/2021\/06\/02-06-21-autismo-800x445-1.jpg","width":800,"height":445},{"@type":"BreadcrumbList","@id":"https:\/\/otech.uaeh.edu.mx\/noti\/salud\/descubren-cuales-son-los-genes-potencialmente-relacionados-con-el-autismo\/#breadcrumb","itemListElement":[{"@type":"ListItem","position":1,"name":"Inicio","item":"https:\/\/otech.uaeh.edu.mx\/noti\/"},{"@type":"ListItem","position":2,"name":"Descubren cu\u00e1les son los genes potencialmente relacionados con el autismo"}]},{"@type":"WebSite","@id":"https:\/\/otech.uaeh.edu.mx\/noti\/#website","url":"https:\/\/otech.uaeh.edu.mx\/noti\/","name":"Observatorio Tecnol\u00f3gico de Hidalgo","description":"","publisher":{"@id":"https:\/\/otech.uaeh.edu.mx\/noti\/#organization"},"potentialAction":[{"@type":"SearchAction","target":{"@type":"EntryPoint","urlTemplate":"https:\/\/otech.uaeh.edu.mx\/noti\/?s={search_term_string}"},"query-input":{"@type":"PropertyValueSpecification","valueRequired":true,"valueName":"search_term_string"}}],"inLanguage":"en-US"},{"@type":"Organization","@id":"https:\/\/otech.uaeh.edu.mx\/noti\/#organization","name":"Observatorio Tecnol\u00f3gico de Hidalgo","url":"https:\/\/otech.uaeh.edu.mx\/noti\/","logo":{"@type":"ImageObject","inLanguage":"en-US","@id":"https:\/\/otech.uaeh.edu.mx\/noti\/#\/schema\/logo\/image\/","url":"https:\/\/otech.uaeh.edu.mx\/noti\/wp-content\/uploads\/2025\/11\/Logo-circulo.png","contentUrl":"https:\/\/otech.uaeh.edu.mx\/noti\/wp-content\/uploads\/2025\/11\/Logo-circulo.png","width":250,"height":250,"caption":"Observatorio Tecnol\u00f3gico de Hidalgo"},"image":{"@id":"https:\/\/otech.uaeh.edu.mx\/noti\/#\/schema\/logo\/image\/"},"sameAs":["https:\/\/www.facebook.com\/observatoriouaeh","https:\/\/x.com\/OBSERVATORIOEH"]},{"@type":"Person","@id":"https:\/\/otech.uaeh.edu.mx\/noti\/#\/schema\/person\/95263d004158ffabcd98137e1d0abc1c","name":"admin","image":{"@type":"ImageObject","inLanguage":"en-US","@id":"https:\/\/otech.uaeh.edu.mx\/noti\/#\/schema\/person\/image\/","url":"https:\/\/secure.gravatar.com\/avatar\/08dd17208ee6a9e87c5a01c0a5f4c96c8ed24bf05e625630929b5b6a7c1ffa5f?s=96&d=mm&r=g","contentUrl":"https:\/\/secure.gravatar.com\/avatar\/08dd17208ee6a9e87c5a01c0a5f4c96c8ed24bf05e625630929b5b6a7c1ffa5f?s=96&d=mm&r=g","caption":"admin"},"url":"https:\/\/otech.uaeh.edu.mx\/noti\/author\/admin\/"}]}},"_links":{"self":[{"href":"https:\/\/otech.uaeh.edu.mx\/noti\/wp-json\/wp\/v2\/posts\/22968","targetHints":{"allow":["GET"]}}],"collection":[{"href":"https:\/\/otech.uaeh.edu.mx\/noti\/wp-json\/wp\/v2\/posts"}],"about":[{"href":"https:\/\/otech.uaeh.edu.mx\/noti\/wp-json\/wp\/v2\/types\/post"}],"author":[{"embeddable":true,"href":"https:\/\/otech.uaeh.edu.mx\/noti\/wp-json\/wp\/v2\/users\/1"}],"replies":[{"embeddable":true,"href":"https:\/\/otech.uaeh.edu.mx\/noti\/wp-json\/wp\/v2\/comments?post=22968"}],"version-history":[{"count":1,"href":"https:\/\/otech.uaeh.edu.mx\/noti\/wp-json\/wp\/v2\/posts\/22968\/revisions"}],"predecessor-version":[{"id":22970,"href":"https:\/\/otech.uaeh.edu.mx\/noti\/wp-json\/wp\/v2\/posts\/22968\/revisions\/22970"}],"wp:featuredmedia":[{"embeddable":true,"href":"https:\/\/otech.uaeh.edu.mx\/noti\/wp-json\/wp\/v2\/media\/22969"}],"wp:attachment":[{"href":"https:\/\/otech.uaeh.edu.mx\/noti\/wp-json\/wp\/v2\/media?parent=22968"}],"wp:term":[{"taxonomy":"category","embeddable":true,"href":"https:\/\/otech.uaeh.edu.mx\/noti\/wp-json\/wp\/v2\/categories?post=22968"},{"taxonomy":"post_tag","embeddable":true,"href":"https:\/\/otech.uaeh.edu.mx\/noti\/wp-json\/wp\/v2\/tags?post=22968"}],"curies":[{"name":"wp","href":"https:\/\/api.w.org\/{rel}","templated":true}]}}