{"id":23272,"date":"2021-06-22T09:41:09","date_gmt":"2021-06-22T15:41:09","guid":{"rendered":"https:\/\/otech.uaeh.edu.mx\/noti\/?p=23272"},"modified":"2021-06-22T09:41:09","modified_gmt":"2021-06-22T15:41:09","slug":"la-consciencia-podria-estar-relacionada-con-la-luz","status":"publish","type":"post","link":"https:\/\/otech.uaeh.edu.mx\/noti\/ciencia\/la-consciencia-podria-estar-relacionada-con-la-luz\/","title":{"rendered":"La consciencia podr\u00eda estar relacionada con la luz"},"content":{"rendered":"<p style=\"text-align: justify;\"><span style=\"color: #000000;\">Aunque no de manera concluyente, cada d\u00eda queda m\u00e1s patente que los efectos cu\u00e1nticos podr\u00edan estar implicados en el funcionamiento de los organismos vivos, destaca la revista Physics World en un reciente\u00a0<a style=\"color: #000000;\" href=\"https:\/\/physicsworld.com\/a\/do-quantum-effects-play-a-role-in-consciousness\/\" target=\"_blank\" rel=\"noopener noreferrer nofollow\">art\u00edculo<\/a>.\u00a0<strong>Los biofotones presentes en el cerebro podr\u00edan incluso estar relacionados con la inteligencia y la consciencia.<\/strong><!--more--><\/span><\/p>\n<p style=\"text-align: justify;\"><span style=\"color: #000000;\">La fotos\u00edntesis, el proceso por el cual las plantas verdes y algunas bacterias convierten la luz solar en energ\u00eda qu\u00edmica, es la\u00a0<a style=\"color: #000000;\" href=\"https:\/\/physicsworld.com\/a\/is-photosynthesis-quantum-ish\/\" target=\"_blank\" rel=\"noopener noreferrer nofollow\">primera suposici\u00f3n de esta implicaci\u00f3n<\/a>: se basar\u00eda en la superposici\u00f3n de estados cu\u00e1nticos electr\u00f3nicos para explorar simult\u00e1neamente muchas v\u00edas de transmisi\u00f3n de energ\u00eda.<\/span><\/p>\n<p style=\"text-align: justify;\"><span style=\"color: #000000;\">En la fotos\u00edntesis, cada c\u00e9lula utiliza casi todos los fotones de la energ\u00eda solar capturada. El misterio es c\u00f3mo los organismos fotosint\u00e9ticos han logrado, durante m\u00e1s de 3.000 millones de a\u00f1os, tanta eficiencia en un ambiente tan variante y desordenado. La coherencia cu\u00e1ntica ser\u00eda la respuesta: involucra estados cu\u00e1nticos coherentes de larga duraci\u00f3n, se\u00f1ala la citada revista.<\/span><\/p>\n<h2 style=\"text-align: justify;\"><span style=\"color: #000000;\"><strong>Por todas partes<\/strong><\/span><\/h2>\n<p style=\"text-align: justify;\"><span style=\"color: #000000;\">Hay m\u00e1s casos que relacionan los principios cu\u00e1nticos con la biolog\u00eda, como los mecanismos del olfato, que se basar\u00edan en el modo vibratorio mec\u00e1nico-cu\u00e1ntico de la mol\u00e9cula de olor.<\/span><\/p>\n<p style=\"text-align: justify;\"><span style=\"color: #000000;\">Tambi\u00e9n se cree que los efectos cu\u00e1nticos pueden haber jugado un papel importante en el surgimiento de los primeros sistemas vivos, a partir de la materia inanimada de la que est\u00e1n constituidos.<\/span><\/p>\n<p style=\"text-align: justify;\"><span style=\"color: #000000;\">Otra hip\u00f3tesis en curso: varias especies de animales son capaces de sentir el campo magn\u00e9tico terrestre y se baraja la posibilidad de que se valgan tambi\u00e9n de efectos cu\u00e1nticos para orientarse en su navegaci\u00f3n.<\/span><\/p>\n<p style=\"text-align: justify;\"><span style=\"color: #000000;\">Esta teor\u00eda se basa en la interacci\u00f3n del esp\u00edn (una propiedad f\u00edsica de las part\u00edculas cu\u00e1nticas) del electr\u00f3n con el campo geomagn\u00e9tico terrestre. Considera que la br\u00fajula natural de los animales est\u00e1 ubicada en mol\u00e9culas conocidas como criptocromos (fotorreceptores): se activan con la luz azul ambiental y orientan la navegaci\u00f3n.<\/span><\/p>\n<p style=\"text-align: justify;\"><span style=\"color: #000000;\">El \u00faltimo eslab\u00f3n de esta escalada cu\u00e1ntica en el mundo de los organismos vivos es averiguar si los procesos cu\u00e1nticos est\u00e1n tambi\u00e9n implicados en alguna forma de\u00a0<a style=\"color: #000000;\" href=\"https:\/\/tendencias21.levante-emv.com\/la-conciencia-emerge-de-los-procesos-cerebrales_a26977.html\" target=\"_blank\" rel=\"noopener noreferrer\">consciencia<\/a>, entendida como la capacidad de reconocer la realidad y de percibirse en ella.<\/span><\/p>\n<p style=\"text-align: justify;\"><span style=\"color: #000000;\"><strong><a style=\"color: #000000;\" href=\"https:\/\/tendencias21.levante-emv.com\/la-consciencia-seria-el-campo-electromagnetico-del-cerebro.html\" target=\"_blank\" rel=\"noopener noreferrer\">Tema relacionado: La consciencia ser\u00eda el campo electromagn\u00e9tico del cerebro<\/a><\/strong><\/span><\/p>\n<div id=\"movil-div-gpt-ad_300dchab\" class=\"Creatividad\" style=\"text-align: justify;\" data-type=\"movil\"><\/div>\n<h2 style=\"text-align: justify;\"><span style=\"color: #000000;\"><strong>\u00bfConsciencia cu\u00e1ntica?<\/strong><\/span><\/h2>\n<p style=\"text-align: justify;\"><span style=\"color: #000000;\">En este campo destacan tres propuestas significativas: en primer lugar, la\u00a0<a style=\"color: #000000;\" href=\"https:\/\/www.sciencedirect.com\/science\/article\/abs\/pii\/0378475496804769\" target=\"_blank\" rel=\"nofollow noopener noreferrer\">formulada<\/a>\u00a0por Roger Penrose y Stuart Hameroff en 1996, seg\u00fan la cual\u00a0<strong>el cerebro desarrolla c\u00e1lculos cu\u00e1nticos<\/strong>\u00a0basados \u200b\u200ben lo que denominan\u00a0<a style=\"color: #000000;\" href=\"https:\/\/es.wikipedia.org\/wiki\/Reducci%C3%B3n_objetiva_orquestada\" target=\"_blank\" rel=\"noopener noreferrer nofollow\">reducci\u00f3n objetiva orquestada<\/a>\u00a0para activar neuronas y generar consciencia.<\/span><\/p>\n<p style=\"text-align: justify;\"><span style=\"color: #000000;\">Seg\u00fan ambos autores, la consciencia del cerebro es producto de esos procesos que se desarrollan dentro de las neuronas: las prote\u00ednas de su citoesqueleto son las que transfieren la informaci\u00f3n cu\u00e1ntica que origina la consciencia.<\/span><\/p>\n<p style=\"text-align: justify;\"><span style=\"color: #000000;\">En segundo lugar, otra propuesta no menos relevante,\u00a0<a style=\"color: #000000;\" href=\"https:\/\/www.sciencedirect.com\/science\/article\/abs\/pii\/S0003491615003243\" target=\"_blank\" rel=\"noopener noreferrer nofollow\">formulada<\/a>\u00a0en 2015 por Matthew Fisher, f\u00edsico de la Universidad de California, Santa B\u00e1rbara: sugiere que\u00a0<strong>en el cerebro estar\u00eda operativo un procesamiento cu\u00e1ntico<\/strong>, que es el que le permite funcionar como un ordenador cu\u00e1ntico.<\/span><\/p>\n<p style=\"text-align: justify;\"><span style=\"color: #000000;\">Propone que el f\u00f3sforo, que contribuye al funcionamiento normal de las membranas celulares, puede actuar como un c\u00fabit (unidad b\u00e1sica de la computaci\u00f3n cu\u00e1ntica) y consigue que se produzca el procesamiento cu\u00e1ntico en el cerebro.<\/span><\/p>\n<p style=\"text-align: justify;\"><span style=\"color: #000000;\">Seg\u00fan Fisher, esta teor\u00eda explica c\u00f3mo los estados cu\u00e1nticos fr\u00e1giles pueden existir durante horas o incluso d\u00edas en el cerebro, que es c\u00e1lido y h\u00famedo, y concluye que esos estados podr\u00edan desempe\u00f1ar un papel funcional en el procesamiento cognitivo.<\/span><\/p>\n<figure id=\"attachment_188351\" class=\"wp-caption aligncenter\" style=\"text-align: justify;\" aria-describedby=\"caption-attachment-188351\"><span style=\"color: #000000;\"><img loading=\"lazy\" decoding=\"async\" class=\"size-full wp-image-188351\" src=\"https:\/\/tendencias21.levante-emv.com\/wp-content\/uploads\/2021\/06\/consciousness-1719996_1200.jpg\" sizes=\"auto, (max-width: 1200px) 100vw, 1200px\" srcset=\"https:\/\/tendencias21.levante-emv.com\/wp-content\/uploads\/2021\/06\/consciousness-1719996_1200.jpg 1200w, https:\/\/tendencias21.levante-emv.com\/wp-content\/uploads\/2021\/06\/consciousness-1719996_1200-300x169.jpg 300w, https:\/\/tendencias21.levante-emv.com\/wp-content\/uploads\/2021\/06\/consciousness-1719996_1200-1024x576.jpg 1024w, https:\/\/tendencias21.levante-emv.com\/wp-content\/uploads\/2021\/06\/consciousness-1719996_1200-768x432.jpg 768w, https:\/\/tendencias21.levante-emv.com\/wp-content\/uploads\/2021\/06\/consciousness-1719996_1200-370x208.jpg 370w, https:\/\/tendencias21.levante-emv.com\/wp-content\/uploads\/2021\/06\/consciousness-1719996_1200-270x152.jpg 270w, https:\/\/tendencias21.levante-emv.com\/wp-content\/uploads\/2021\/06\/consciousness-1719996_1200-570x321.jpg 570w, https:\/\/tendencias21.levante-emv.com\/wp-content\/uploads\/2021\/06\/consciousness-1719996_1200-740x416.jpg 740w\" alt=\"\" width=\"1200\" height=\"675\" \/><\/span><figcaption id=\"caption-attachment-188351\" class=\"wp-caption-text\"><span style=\"color: #000000;\">Imagen de Beyond Timelines en Pixabay .<\/span><\/figcaption><\/figure>\n<p style=\"text-align: justify;\"><span style=\"color: #000000;\"><strong>\u00bfCuesti\u00f3n de luz?<\/strong><\/span><\/p>\n<p style=\"text-align: justify;\"><span style=\"color: #000000;\">En tercer lugar, la propuesta formulada por cient\u00edficos chinos liderados por Zhuo Wang, de la South-Central University for Nationalities:\u00a0<a style=\"color: #000000;\" href=\"https:\/\/www.pnas.org\/content\/113\/31\/8753\" target=\"_blank\" rel=\"noopener noreferrer nofollow\">descubrieron<\/a>\u00a0en 2016 que los fotones de origen biol\u00f3gico, conocidos como biofotones, pueden estar involucrados en el mecanismo cu\u00e1ntico del cerebro. Han detectado un\u00a0<strong>v\u00ednculo entre la inteligencia y la frecuencia de biofotones en el cerebro de los animales<\/strong>.<\/span><\/p>\n<p style=\"text-align: justify;\"><span style=\"color: #000000;\">Para Betony Adams y Francesco Petruccione, autores del art\u00edculo publicado en Physics World, esta constataci\u00f3n a\u00f1ade un elemento nuevo y fascinante al debate sobre el origen de<strong>\u00a0la consciencia: estar\u00eda relacionada con la luz.<\/strong><\/span><\/p>\n<p style=\"text-align: justify;\"><span style=\"color: #000000;\">Destacan que la luz tiene una variedad de efectos fisiol\u00f3gicos: por ejemplo, los camarones expuestos a un exceso de antidepresivos derivados de contaminaci\u00f3n humana, se desconciertan y buscan la luz, lo que les expone m\u00e1s a depredadores.<\/span><\/p>\n<p style=\"text-align: justify;\"><span style=\"color: #000000;\">Los puntos cu\u00e1nticos, nanopart\u00edculas semiconductoras capaces de producir luz, ayudan a tratar enfermedades como el Parkinson y el Alzheimer. Tratamientos a base de luz ayudan tambi\u00e9n a corregir la p\u00e9rdida de visi\u00f3n.<\/span><\/p>\n<h2 style=\"text-align: justify;\"><span style=\"color: #000000;\"><strong>Consciencia y fotos\u00edntesis<\/strong><\/span><\/h2>\n<p style=\"text-align: justify;\"><span style=\"color: #000000;\">Otra constataci\u00f3n sobre la luz: en la fotos\u00edntesis estar\u00edan implicados los crom\u00f3foros, que tienen part\u00edculas cu\u00e1nticas (electrones) capaces de absorber luz visible. Por ejemplo, la clorofila ser\u00eda el crom\u00f3foro que capta la energ\u00eda de solar para la fotos\u00edntesis vegetal.<\/span><\/p>\n<p style=\"text-align: justify;\"><span style=\"color: #000000;\">Adams y Petruccione destacan al respecto que, en el cerebro, las c\u00e9lulas nerviosas contienen estructuras que podr\u00edan soportar la transferencia de energ\u00eda coherente de una manera similar a la de la fotos\u00edntesis, vali\u00e9ndose tambi\u00e9n de la luz.<\/span><\/p>\n<p style=\"text-align: justify;\"><span style=\"color: #000000;\">Y concluyen se\u00f1alando que la luz, adem\u00e1s de su resonancia simb\u00f3lica (para el arte, la religi\u00f3n o la literatura), puede tener un papel fisiol\u00f3gico, aunque todav\u00eda no est\u00e1 claro c\u00f3mo est\u00e1 involucrada en los procesos de se\u00f1alizaci\u00f3n que constituyen el sistema nervioso central y su propiedad emergente, la consciencia.<\/span><\/p>\n<h2 style=\"text-align: justify;\"><span style=\"color: #000000;\"><strong>Biolog\u00eda cu\u00e1ntica<\/strong><\/span><\/h2>\n<p style=\"text-align: justify;\"><span style=\"color: #000000;\">Todas estas cuestiones ya han consagrado un\u00a0<strong>campo de conocimiento emergente, conocido como biolog\u00eda cu\u00e1ntica<\/strong>, de la que forma parte la neurociencia cu\u00e1ntica. Y que solo est\u00e1 en sus comienzos.<\/span><\/p>\n<p style=\"text-align: justify;\"><span style=\"color: #000000;\"><em>A medida que investigamos sistemas biol\u00f3gicos en nanoescalas y m\u00e1s grandes, encontramos que existen procesos en organismos biol\u00f3gicos para los cuales actualmente se piensa que una descripci\u00f3n mec\u00e1nica cu\u00e1ntica es necesaria para caracterizar completamente el comportamiento del subsistema relevante<\/em>, escriben los autores del interesante art\u00edculo sobre biolog\u00eda cu\u00e1ntica publicado en 2018 en la revista Journal of the Royal Society Interface.<\/span><\/p>\n<p style=\"text-align: justify;\"><span style=\"color: #000000;\">Puede que en la actualidad estemos incluso m\u00e1s cerca de certezas que de hip\u00f3tesis: un laboratorio de la Universidad de Harvard se ha acercado este a\u00f1o como nunca a la\u00a0<strong>frontera entre la biolog\u00eda y el mundo cu\u00e1ntico<\/strong>. Todo indica que las teor\u00edas que se han formulado hasta ahora van en la direcci\u00f3n correcta, seg\u00fan se desprende de lo que informan en un\u00a0<a style=\"color: #000000;\" href=\"https:\/\/news.harvard.edu\/gazette\/story\/2021\/05\/researchers-design-new-experiments-to-map-and-test-the-quantum-realm\/\" target=\"_blank\" rel=\"noopener noreferrer nofollow\">comunicado<\/a>.<\/span><\/p>\n<h2 style=\"text-align: justify;\"><span style=\"color: #000000;\"><strong>Referencia<\/strong><\/span><\/h2>\n<p style=\"text-align: justify;\"><span style=\"color: #000000;\"><a style=\"color: #000000;\" href=\"https:\/\/royalsocietypublishing.org\/doi\/10.1098\/rsif.2018.0640\" target=\"_blank\" rel=\"noopener noreferrer nofollow\">The future of quantum biology<\/a>. Adriana Marais et al. Journal of the Royal Society Interface, 14 November 2018. DOI:https:\/\/doi.org\/10.1098\/rsif.2018.0640<\/span><\/p>\n","protected":false},"excerpt":{"rendered":"<p>Aunque no de manera concluyente, cada d\u00eda queda m\u00e1s patente que los efectos cu\u00e1nticos podr\u00edan estar implicados en el funcionamiento de los organismos vivos, destaca la revista Physics World en un reciente\u00a0art\u00edculo.\u00a0Los biofotones presentes en el cerebro podr\u00edan incluso estar relacionados con la inteligencia y la consciencia.<\/p>\n","protected":false},"author":1,"featured_media":23273,"comment_status":"open","ping_status":"open","sticky":false,"template":"","format":"standard","meta":{"footnotes":""},"categories":[56],"tags":[],"class_list":["post-23272","post","type-post","status-publish","format-standard","has-post-thumbnail","hentry","category-ciencia"],"yoast_head":"<!-- This site is optimized with the Yoast SEO plugin v26.7 - https:\/\/yoast.com\/wordpress\/plugins\/seo\/ -->\n<title>La consciencia podr\u00eda estar relacionada con la luz - Observatorio Tecnol\u00f3gico de Hidalgo<\/title>\n<meta name=\"robots\" content=\"index, follow, max-snippet:-1, max-image-preview:large, max-video-preview:-1\" \/>\n<link rel=\"canonical\" href=\"https:\/\/otech.uaeh.edu.mx\/noti\/ciencia\/la-consciencia-podria-estar-relacionada-con-la-luz\/\" \/>\n<meta property=\"og:locale\" content=\"en_US\" \/>\n<meta property=\"og:type\" content=\"article\" \/>\n<meta property=\"og:title\" content=\"La consciencia podr\u00eda estar relacionada con la luz - Observatorio Tecnol\u00f3gico de Hidalgo\" \/>\n<meta property=\"og:description\" content=\"Aunque no de manera concluyente, cada d\u00eda queda m\u00e1s patente que los efectos cu\u00e1nticos podr\u00edan estar implicados en el funcionamiento de los organismos vivos, destaca la revista Physics World en un reciente\u00a0art\u00edculo.\u00a0Los biofotones presentes en el cerebro podr\u00edan incluso estar relacionados con la inteligencia y la consciencia.\" \/>\n<meta property=\"og:url\" content=\"https:\/\/otech.uaeh.edu.mx\/noti\/ciencia\/la-consciencia-podria-estar-relacionada-con-la-luz\/\" \/>\n<meta property=\"og:site_name\" content=\"Observatorio Tecnol\u00f3gico de Hidalgo\" \/>\n<meta property=\"article:publisher\" content=\"https:\/\/www.facebook.com\/observatoriouaeh\" \/>\n<meta property=\"article:published_time\" content=\"2021-06-22T15:41:09+00:00\" \/>\n<meta property=\"og:image\" content=\"https:\/\/otech.uaeh.edu.mx\/noti\/wp-content\/uploads\/2021\/06\/light-bulb-5661272_1200-740x416-1.jpg\" \/>\n\t<meta property=\"og:image:width\" content=\"740\" \/>\n\t<meta property=\"og:image:height\" content=\"416\" \/>\n\t<meta property=\"og:image:type\" content=\"image\/jpeg\" \/>\n<meta name=\"author\" content=\"admin\" \/>\n<meta name=\"twitter:card\" content=\"summary_large_image\" \/>\n<meta name=\"twitter:creator\" content=\"@OBSERVATORIOEH\" \/>\n<meta name=\"twitter:site\" content=\"@OBSERVATORIOEH\" \/>\n<meta name=\"twitter:label1\" content=\"Written by\" \/>\n\t<meta name=\"twitter:data1\" content=\"admin\" \/>\n\t<meta name=\"twitter:label2\" content=\"Est. reading time\" \/>\n\t<meta name=\"twitter:data2\" content=\"6 minutes\" \/>\n<script type=\"application\/ld+json\" class=\"yoast-schema-graph\">{\"@context\":\"https:\/\/schema.org\",\"@graph\":[{\"@type\":\"Article\",\"@id\":\"https:\/\/otech.uaeh.edu.mx\/noti\/ciencia\/la-consciencia-podria-estar-relacionada-con-la-luz\/#article\",\"isPartOf\":{\"@id\":\"https:\/\/otech.uaeh.edu.mx\/noti\/ciencia\/la-consciencia-podria-estar-relacionada-con-la-luz\/\"},\"author\":{\"name\":\"admin\",\"@id\":\"https:\/\/otech.uaeh.edu.mx\/noti\/#\/schema\/person\/95263d004158ffabcd98137e1d0abc1c\"},\"headline\":\"La consciencia podr\u00eda estar relacionada con la luz\",\"datePublished\":\"2021-06-22T15:41:09+00:00\",\"mainEntityOfPage\":{\"@id\":\"https:\/\/otech.uaeh.edu.mx\/noti\/ciencia\/la-consciencia-podria-estar-relacionada-con-la-luz\/\"},\"wordCount\":1185,\"commentCount\":0,\"publisher\":{\"@id\":\"https:\/\/otech.uaeh.edu.mx\/noti\/#organization\"},\"image\":{\"@id\":\"https:\/\/otech.uaeh.edu.mx\/noti\/ciencia\/la-consciencia-podria-estar-relacionada-con-la-luz\/#primaryimage\"},\"thumbnailUrl\":\"https:\/\/otech.uaeh.edu.mx\/noti\/wp-content\/uploads\/2021\/06\/light-bulb-5661272_1200-740x416-1.jpg\",\"articleSection\":[\"Ciencia\"],\"inLanguage\":\"en-US\",\"potentialAction\":[{\"@type\":\"CommentAction\",\"name\":\"Comment\",\"target\":[\"https:\/\/otech.uaeh.edu.mx\/noti\/ciencia\/la-consciencia-podria-estar-relacionada-con-la-luz\/#respond\"]}]},{\"@type\":\"WebPage\",\"@id\":\"https:\/\/otech.uaeh.edu.mx\/noti\/ciencia\/la-consciencia-podria-estar-relacionada-con-la-luz\/\",\"url\":\"https:\/\/otech.uaeh.edu.mx\/noti\/ciencia\/la-consciencia-podria-estar-relacionada-con-la-luz\/\",\"name\":\"La consciencia podr\u00eda estar relacionada con la luz - Observatorio Tecnol\u00f3gico de Hidalgo\",\"isPartOf\":{\"@id\":\"https:\/\/otech.uaeh.edu.mx\/noti\/#website\"},\"primaryImageOfPage\":{\"@id\":\"https:\/\/otech.uaeh.edu.mx\/noti\/ciencia\/la-consciencia-podria-estar-relacionada-con-la-luz\/#primaryimage\"},\"image\":{\"@id\":\"https:\/\/otech.uaeh.edu.mx\/noti\/ciencia\/la-consciencia-podria-estar-relacionada-con-la-luz\/#primaryimage\"},\"thumbnailUrl\":\"https:\/\/otech.uaeh.edu.mx\/noti\/wp-content\/uploads\/2021\/06\/light-bulb-5661272_1200-740x416-1.jpg\",\"datePublished\":\"2021-06-22T15:41:09+00:00\",\"breadcrumb\":{\"@id\":\"https:\/\/otech.uaeh.edu.mx\/noti\/ciencia\/la-consciencia-podria-estar-relacionada-con-la-luz\/#breadcrumb\"},\"inLanguage\":\"en-US\",\"potentialAction\":[{\"@type\":\"ReadAction\",\"target\":[\"https:\/\/otech.uaeh.edu.mx\/noti\/ciencia\/la-consciencia-podria-estar-relacionada-con-la-luz\/\"]}]},{\"@type\":\"ImageObject\",\"inLanguage\":\"en-US\",\"@id\":\"https:\/\/otech.uaeh.edu.mx\/noti\/ciencia\/la-consciencia-podria-estar-relacionada-con-la-luz\/#primaryimage\",\"url\":\"https:\/\/otech.uaeh.edu.mx\/noti\/wp-content\/uploads\/2021\/06\/light-bulb-5661272_1200-740x416-1.jpg\",\"contentUrl\":\"https:\/\/otech.uaeh.edu.mx\/noti\/wp-content\/uploads\/2021\/06\/light-bulb-5661272_1200-740x416-1.jpg\",\"width\":740,\"height\":416},{\"@type\":\"BreadcrumbList\",\"@id\":\"https:\/\/otech.uaeh.edu.mx\/noti\/ciencia\/la-consciencia-podria-estar-relacionada-con-la-luz\/#breadcrumb\",\"itemListElement\":[{\"@type\":\"ListItem\",\"position\":1,\"name\":\"Inicio\",\"item\":\"https:\/\/otech.uaeh.edu.mx\/noti\/\"},{\"@type\":\"ListItem\",\"position\":2,\"name\":\"La consciencia podr\u00eda estar relacionada con la luz\"}]},{\"@type\":\"WebSite\",\"@id\":\"https:\/\/otech.uaeh.edu.mx\/noti\/#website\",\"url\":\"https:\/\/otech.uaeh.edu.mx\/noti\/\",\"name\":\"Observatorio Tecnol\u00f3gico de Hidalgo\",\"description\":\"\",\"publisher\":{\"@id\":\"https:\/\/otech.uaeh.edu.mx\/noti\/#organization\"},\"potentialAction\":[{\"@type\":\"SearchAction\",\"target\":{\"@type\":\"EntryPoint\",\"urlTemplate\":\"https:\/\/otech.uaeh.edu.mx\/noti\/?s={search_term_string}\"},\"query-input\":{\"@type\":\"PropertyValueSpecification\",\"valueRequired\":true,\"valueName\":\"search_term_string\"}}],\"inLanguage\":\"en-US\"},{\"@type\":\"Organization\",\"@id\":\"https:\/\/otech.uaeh.edu.mx\/noti\/#organization\",\"name\":\"Observatorio Tecnol\u00f3gico de Hidalgo\",\"url\":\"https:\/\/otech.uaeh.edu.mx\/noti\/\",\"logo\":{\"@type\":\"ImageObject\",\"inLanguage\":\"en-US\",\"@id\":\"https:\/\/otech.uaeh.edu.mx\/noti\/#\/schema\/logo\/image\/\",\"url\":\"https:\/\/otech.uaeh.edu.mx\/noti\/wp-content\/uploads\/2025\/11\/Logo-circulo.png\",\"contentUrl\":\"https:\/\/otech.uaeh.edu.mx\/noti\/wp-content\/uploads\/2025\/11\/Logo-circulo.png\",\"width\":250,\"height\":250,\"caption\":\"Observatorio Tecnol\u00f3gico de Hidalgo\"},\"image\":{\"@id\":\"https:\/\/otech.uaeh.edu.mx\/noti\/#\/schema\/logo\/image\/\"},\"sameAs\":[\"https:\/\/www.facebook.com\/observatoriouaeh\",\"https:\/\/x.com\/OBSERVATORIOEH\"]},{\"@type\":\"Person\",\"@id\":\"https:\/\/otech.uaeh.edu.mx\/noti\/#\/schema\/person\/95263d004158ffabcd98137e1d0abc1c\",\"name\":\"admin\",\"image\":{\"@type\":\"ImageObject\",\"inLanguage\":\"en-US\",\"@id\":\"https:\/\/otech.uaeh.edu.mx\/noti\/#\/schema\/person\/image\/\",\"url\":\"https:\/\/secure.gravatar.com\/avatar\/08dd17208ee6a9e87c5a01c0a5f4c96c8ed24bf05e625630929b5b6a7c1ffa5f?s=96&d=mm&r=g\",\"contentUrl\":\"https:\/\/secure.gravatar.com\/avatar\/08dd17208ee6a9e87c5a01c0a5f4c96c8ed24bf05e625630929b5b6a7c1ffa5f?s=96&d=mm&r=g\",\"caption\":\"admin\"},\"url\":\"https:\/\/otech.uaeh.edu.mx\/noti\/author\/admin\/\"}]}<\/script>\n<!-- \/ Yoast SEO plugin. -->","yoast_head_json":{"title":"La consciencia podr\u00eda estar relacionada con la luz - Observatorio Tecnol\u00f3gico de Hidalgo","robots":{"index":"index","follow":"follow","max-snippet":"max-snippet:-1","max-image-preview":"max-image-preview:large","max-video-preview":"max-video-preview:-1"},"canonical":"https:\/\/otech.uaeh.edu.mx\/noti\/ciencia\/la-consciencia-podria-estar-relacionada-con-la-luz\/","og_locale":"en_US","og_type":"article","og_title":"La consciencia podr\u00eda estar relacionada con la luz - Observatorio Tecnol\u00f3gico de Hidalgo","og_description":"Aunque no de manera concluyente, cada d\u00eda queda m\u00e1s patente que los efectos cu\u00e1nticos podr\u00edan estar implicados en el funcionamiento de los organismos vivos, destaca la revista Physics World en un reciente\u00a0art\u00edculo.\u00a0Los biofotones presentes en el cerebro podr\u00edan incluso estar relacionados con la inteligencia y la consciencia.","og_url":"https:\/\/otech.uaeh.edu.mx\/noti\/ciencia\/la-consciencia-podria-estar-relacionada-con-la-luz\/","og_site_name":"Observatorio Tecnol\u00f3gico de Hidalgo","article_publisher":"https:\/\/www.facebook.com\/observatoriouaeh","article_published_time":"2021-06-22T15:41:09+00:00","og_image":[{"width":740,"height":416,"url":"https:\/\/otech.uaeh.edu.mx\/noti\/wp-content\/uploads\/2021\/06\/light-bulb-5661272_1200-740x416-1.jpg","type":"image\/jpeg"}],"author":"admin","twitter_card":"summary_large_image","twitter_creator":"@OBSERVATORIOEH","twitter_site":"@OBSERVATORIOEH","twitter_misc":{"Written by":"admin","Est. reading time":"6 minutes"},"schema":{"@context":"https:\/\/schema.org","@graph":[{"@type":"Article","@id":"https:\/\/otech.uaeh.edu.mx\/noti\/ciencia\/la-consciencia-podria-estar-relacionada-con-la-luz\/#article","isPartOf":{"@id":"https:\/\/otech.uaeh.edu.mx\/noti\/ciencia\/la-consciencia-podria-estar-relacionada-con-la-luz\/"},"author":{"name":"admin","@id":"https:\/\/otech.uaeh.edu.mx\/noti\/#\/schema\/person\/95263d004158ffabcd98137e1d0abc1c"},"headline":"La consciencia podr\u00eda estar relacionada con la luz","datePublished":"2021-06-22T15:41:09+00:00","mainEntityOfPage":{"@id":"https:\/\/otech.uaeh.edu.mx\/noti\/ciencia\/la-consciencia-podria-estar-relacionada-con-la-luz\/"},"wordCount":1185,"commentCount":0,"publisher":{"@id":"https:\/\/otech.uaeh.edu.mx\/noti\/#organization"},"image":{"@id":"https:\/\/otech.uaeh.edu.mx\/noti\/ciencia\/la-consciencia-podria-estar-relacionada-con-la-luz\/#primaryimage"},"thumbnailUrl":"https:\/\/otech.uaeh.edu.mx\/noti\/wp-content\/uploads\/2021\/06\/light-bulb-5661272_1200-740x416-1.jpg","articleSection":["Ciencia"],"inLanguage":"en-US","potentialAction":[{"@type":"CommentAction","name":"Comment","target":["https:\/\/otech.uaeh.edu.mx\/noti\/ciencia\/la-consciencia-podria-estar-relacionada-con-la-luz\/#respond"]}]},{"@type":"WebPage","@id":"https:\/\/otech.uaeh.edu.mx\/noti\/ciencia\/la-consciencia-podria-estar-relacionada-con-la-luz\/","url":"https:\/\/otech.uaeh.edu.mx\/noti\/ciencia\/la-consciencia-podria-estar-relacionada-con-la-luz\/","name":"La consciencia podr\u00eda estar relacionada con la luz - Observatorio Tecnol\u00f3gico de Hidalgo","isPartOf":{"@id":"https:\/\/otech.uaeh.edu.mx\/noti\/#website"},"primaryImageOfPage":{"@id":"https:\/\/otech.uaeh.edu.mx\/noti\/ciencia\/la-consciencia-podria-estar-relacionada-con-la-luz\/#primaryimage"},"image":{"@id":"https:\/\/otech.uaeh.edu.mx\/noti\/ciencia\/la-consciencia-podria-estar-relacionada-con-la-luz\/#primaryimage"},"thumbnailUrl":"https:\/\/otech.uaeh.edu.mx\/noti\/wp-content\/uploads\/2021\/06\/light-bulb-5661272_1200-740x416-1.jpg","datePublished":"2021-06-22T15:41:09+00:00","breadcrumb":{"@id":"https:\/\/otech.uaeh.edu.mx\/noti\/ciencia\/la-consciencia-podria-estar-relacionada-con-la-luz\/#breadcrumb"},"inLanguage":"en-US","potentialAction":[{"@type":"ReadAction","target":["https:\/\/otech.uaeh.edu.mx\/noti\/ciencia\/la-consciencia-podria-estar-relacionada-con-la-luz\/"]}]},{"@type":"ImageObject","inLanguage":"en-US","@id":"https:\/\/otech.uaeh.edu.mx\/noti\/ciencia\/la-consciencia-podria-estar-relacionada-con-la-luz\/#primaryimage","url":"https:\/\/otech.uaeh.edu.mx\/noti\/wp-content\/uploads\/2021\/06\/light-bulb-5661272_1200-740x416-1.jpg","contentUrl":"https:\/\/otech.uaeh.edu.mx\/noti\/wp-content\/uploads\/2021\/06\/light-bulb-5661272_1200-740x416-1.jpg","width":740,"height":416},{"@type":"BreadcrumbList","@id":"https:\/\/otech.uaeh.edu.mx\/noti\/ciencia\/la-consciencia-podria-estar-relacionada-con-la-luz\/#breadcrumb","itemListElement":[{"@type":"ListItem","position":1,"name":"Inicio","item":"https:\/\/otech.uaeh.edu.mx\/noti\/"},{"@type":"ListItem","position":2,"name":"La consciencia podr\u00eda estar relacionada con la luz"}]},{"@type":"WebSite","@id":"https:\/\/otech.uaeh.edu.mx\/noti\/#website","url":"https:\/\/otech.uaeh.edu.mx\/noti\/","name":"Observatorio Tecnol\u00f3gico de Hidalgo","description":"","publisher":{"@id":"https:\/\/otech.uaeh.edu.mx\/noti\/#organization"},"potentialAction":[{"@type":"SearchAction","target":{"@type":"EntryPoint","urlTemplate":"https:\/\/otech.uaeh.edu.mx\/noti\/?s={search_term_string}"},"query-input":{"@type":"PropertyValueSpecification","valueRequired":true,"valueName":"search_term_string"}}],"inLanguage":"en-US"},{"@type":"Organization","@id":"https:\/\/otech.uaeh.edu.mx\/noti\/#organization","name":"Observatorio Tecnol\u00f3gico de Hidalgo","url":"https:\/\/otech.uaeh.edu.mx\/noti\/","logo":{"@type":"ImageObject","inLanguage":"en-US","@id":"https:\/\/otech.uaeh.edu.mx\/noti\/#\/schema\/logo\/image\/","url":"https:\/\/otech.uaeh.edu.mx\/noti\/wp-content\/uploads\/2025\/11\/Logo-circulo.png","contentUrl":"https:\/\/otech.uaeh.edu.mx\/noti\/wp-content\/uploads\/2025\/11\/Logo-circulo.png","width":250,"height":250,"caption":"Observatorio Tecnol\u00f3gico de Hidalgo"},"image":{"@id":"https:\/\/otech.uaeh.edu.mx\/noti\/#\/schema\/logo\/image\/"},"sameAs":["https:\/\/www.facebook.com\/observatoriouaeh","https:\/\/x.com\/OBSERVATORIOEH"]},{"@type":"Person","@id":"https:\/\/otech.uaeh.edu.mx\/noti\/#\/schema\/person\/95263d004158ffabcd98137e1d0abc1c","name":"admin","image":{"@type":"ImageObject","inLanguage":"en-US","@id":"https:\/\/otech.uaeh.edu.mx\/noti\/#\/schema\/person\/image\/","url":"https:\/\/secure.gravatar.com\/avatar\/08dd17208ee6a9e87c5a01c0a5f4c96c8ed24bf05e625630929b5b6a7c1ffa5f?s=96&d=mm&r=g","contentUrl":"https:\/\/secure.gravatar.com\/avatar\/08dd17208ee6a9e87c5a01c0a5f4c96c8ed24bf05e625630929b5b6a7c1ffa5f?s=96&d=mm&r=g","caption":"admin"},"url":"https:\/\/otech.uaeh.edu.mx\/noti\/author\/admin\/"}]}},"_links":{"self":[{"href":"https:\/\/otech.uaeh.edu.mx\/noti\/wp-json\/wp\/v2\/posts\/23272","targetHints":{"allow":["GET"]}}],"collection":[{"href":"https:\/\/otech.uaeh.edu.mx\/noti\/wp-json\/wp\/v2\/posts"}],"about":[{"href":"https:\/\/otech.uaeh.edu.mx\/noti\/wp-json\/wp\/v2\/types\/post"}],"author":[{"embeddable":true,"href":"https:\/\/otech.uaeh.edu.mx\/noti\/wp-json\/wp\/v2\/users\/1"}],"replies":[{"embeddable":true,"href":"https:\/\/otech.uaeh.edu.mx\/noti\/wp-json\/wp\/v2\/comments?post=23272"}],"version-history":[{"count":1,"href":"https:\/\/otech.uaeh.edu.mx\/noti\/wp-json\/wp\/v2\/posts\/23272\/revisions"}],"predecessor-version":[{"id":23274,"href":"https:\/\/otech.uaeh.edu.mx\/noti\/wp-json\/wp\/v2\/posts\/23272\/revisions\/23274"}],"wp:featuredmedia":[{"embeddable":true,"href":"https:\/\/otech.uaeh.edu.mx\/noti\/wp-json\/wp\/v2\/media\/23273"}],"wp:attachment":[{"href":"https:\/\/otech.uaeh.edu.mx\/noti\/wp-json\/wp\/v2\/media?parent=23272"}],"wp:term":[{"taxonomy":"category","embeddable":true,"href":"https:\/\/otech.uaeh.edu.mx\/noti\/wp-json\/wp\/v2\/categories?post=23272"},{"taxonomy":"post_tag","embeddable":true,"href":"https:\/\/otech.uaeh.edu.mx\/noti\/wp-json\/wp\/v2\/tags?post=23272"}],"curies":[{"name":"wp","href":"https:\/\/api.w.org\/{rel}","templated":true}]}}