{"id":23305,"date":"2021-06-23T11:18:39","date_gmt":"2021-06-23T17:18:39","guid":{"rendered":"https:\/\/otech.uaeh.edu.mx\/noti\/?p=23305"},"modified":"2021-06-23T11:18:39","modified_gmt":"2021-06-23T17:18:39","slug":"vacuna-janssen-lo-que-sabemos-y-lo-que-no","status":"publish","type":"post","link":"https:\/\/otech.uaeh.edu.mx\/noti\/coronavirus\/vacuna-janssen-lo-que-sabemos-y-lo-que-no\/","title":{"rendered":"Vacuna Janssen: Lo que sabemos y lo que no"},"content":{"rendered":"<p><span style=\"color: #000000;\"><i>El camino para conseguir la inmunidad de grupo frente a la COVID-19 no para de encontrarse piedras que esquivar. Tras la suspensi\u00f3n de la vacuna de AstraZeneca, nuestras esperanzas estaban puestas en la llegada, prevista para el 14 de abril en nuestro pa\u00eds, de la vacuna de Janssen (filial de Johnson &amp; Johnson), que tan solo precisa de una dosis. Sin embargo, el d\u00eda 13, la farmac\u00e9utica anunci\u00f3 retrasos en la llegada a Europa de su f\u00f3rmula tras advertir\u00a0seis casos de trombosis\u00a0en los siete millones de vacunados en\u00a0<span class=\"skimlinks-unlinked\">EE.UU<\/span>.<\/i><!--more--><\/span><\/p>\n<p><span style=\"color: #000000;\"><i>Una semana despu\u00e9s, la Agencia Europea del Medicamento (EMA) ha dado luz verde a la vacuna, aunque reconoce el posible v\u00ednculo de casos \u201cmuy raros\u201d de trombos. Salvador Iborra, inmun\u00f3logo de la Universidad Complutense de Madrid, analiza qu\u00e9 tiene de peculiar esta cuarta vacuna.<\/i><\/span><\/p>\n<hr \/>\n<p><span style=\"color: #000000;\"><b>\u00bfC\u00f3mo funciona la vacuna de Janssen?<\/b><\/span><\/p>\n<p><span style=\"color: #000000;\">Las cuatro vacunas aprobadas por la Agencia Europea del Medicamento (EMA) persiguen el mismo objetivo: que nuestro sistema inmunitario fabrique anticuerpos que reconozcan a la prote\u00edna S (spike) del SARS-CoV-2, al mismo tiempo que entrenan a linfocitos T para reconocer c\u00e9lulas infectadas. La diferencia est\u00e1 en c\u00f3mo logra cada vacuna dicho objetivo.<\/span><\/p>\n<p><span style=\"color: #000000;\">La\u00a0<a style=\"color: #000000;\" href=\"https:\/\/www.janssen.com\/es\/tecnologias-patentadas-para-avanzar-en-la-investigacion-de-enfermedades\" target=\"_blank\" rel=\"nofollow noopener noreferrer\">vacuna de Johnson &amp; Johnson (Ad26.COV2.S.)<\/a>\u00a0se basa en un adenovirus humano, un virus inofensivo que se utiliza como veh\u00edculo y que porta la informaci\u00f3n gen\u00e9tica de la prote\u00edna S del coronavirus en forma de ADN, y que es incapaz de replicarse. Aunque el adenovirus infecta nuestras c\u00e9lulas sin replicarse, la informaci\u00f3n que porta se traduce a un ARN mensajero similar al que portan las vacunas de Moderna o Pfizer.<\/span><\/p>\n<p><span style=\"color: #000000;\">La mayor estabilidad del ADN permite que esta vacuna pueda ser almacenada en una nevera (hasta 3 meses), mientras que las anteriores requieren un sistema de ultracongelaci\u00f3n m\u00e1s costoso y no siempre disponible.<\/span><\/p>\n<p><span style=\"color: #000000;\"><b>\u00bfPor qu\u00e9 solo consta de una dosis?<\/b><\/span><\/p>\n<p><span style=\"color: #000000;\">Normalmente, son necesarias dos dosis de vacuna para obtener una respuesta inmunitaria \u00f3ptima y una eficacia m\u00e1xima. La segunda dosis suele disparar la respuesta algo m\u00e1s d\u00e9bil inducida por la primera dosis. Sin embargo, todo depende de la informaci\u00f3n derivada de los ensayos cl\u00ednicos.<\/span><\/p>\n<p><span style=\"color: #000000;\">En el caso de la vacuna de Johnson &amp; Johnson se ha probado con una sola dosis, en que se incluyeron 44,325 voluntarios (<a style=\"color: #000000;\" href=\"https:\/\/clinicaltrials.gov\/ct2\/show\/NCT04505722\" target=\"_blank\" rel=\"nofollow noopener noreferrer\">ENSEMBLE<\/a>), y se est\u00e1 probando en otro con dos dosis (ENSEMBLE2). La inmunogenicidad en ambos casos ha sido muy buena, lo que permitir\u00eda predecir que la eficacia no va a variar en exceso tras una segunda dosis. Esto supone una gran ventaja, dados los problemas log\u00edsticos y de producci\u00f3n que a veces dificultan dar la segunda dosis.<\/span><\/p>\n<p><span style=\"color: #000000;\"><b>\u00bfQu\u00e9 eficacia sabemos que tiene?<\/b><\/span><\/p>\n<p><span style=\"color: #000000;\">Si tenemos en consideraci\u00f3n los casos de infecci\u00f3n leves y moderados, la vacuna de Johnson &amp; Johnson, al igual que la de AstraZeneca, parece tener una menor eficacia que las que est\u00e1n basadas en ARN. Adem\u00e1s, var\u00eda dependiendo de la poblaci\u00f3n vacunada (52% en Sud\u00e1frica; 67% en la\u00a0<a style=\"color: #000000;\" href=\"https:\/\/www.ema.europa.eu\/en\/news\/ema-recommends-covid-19-vaccine-janssen-authorisation-eu\" target=\"_blank\" rel=\"nofollow noopener noreferrer\">poblaci\u00f3n europea<\/a>).<\/span><\/p>\n<p><span style=\"color: #000000;\">Aunque probablemente se necesite m\u00e1s tiempo para tener datos s\u00f3lidos al respecto, las cuatro vacunas parecen ser muy eficaces a la hora de prevenir casos graves. Incluso frente a las\u00a0<a style=\"color: #000000;\" href=\"https:\/\/www.bbc.com\/news\/health-55659820\" target=\"_blank\" rel=\"nofollow noopener noreferrer\">nuevas variantes<\/a>\u00a0brit\u00e1nica, sudafricana o brasile\u00f1a.<\/span><\/p>\n<p><span style=\"color: #000000;\">Pese a sus limitaciones, es much\u00edsimo mejor recibir cualquiera de las cuatro vacunas aprobadas por la EMA que exponernos a una infecci\u00f3n con el virus, ya que todas reducen de manera muy similar los riesgos de hospitalizaci\u00f3n o de que la enfermedad nos cause la muerte.<\/span><\/p>\n<p><span style=\"color: #000000;\">Por lo tanto, teniendo en cuenta los problemas log\u00edsticos asociados a las diferentes vacunas, deber\u00edamos seguir las indicaciones de las autoridades sanitarias, y no postergar la vacunaci\u00f3n pensando que es mejor esperar para poder recibir las vacunas \u201cm\u00e1s eficaces\u201d, o con menos efectos adversos, sobre todo si existe un alto riesgo de contagio.<\/span><\/p>\n<p><span style=\"color: #000000;\"><b>\u00bfPor qu\u00e9 ha sido destinada la primera tanda que llega a Espa\u00f1a al grupo entre 70 y 79?<\/b><\/span><\/p>\n<p><span style=\"color: #000000;\">Los\u00a0<a style=\"color: #000000;\" href=\"https:\/\/www.nejm.org\/doi\/full\/10.1056\/NEJMoa2034201?query=featured_home\" target=\"_blank\" rel=\"nofollow noopener noreferrer\">ensayos cl\u00ednicos de la vacuna de Johnson &amp; Johnson<\/a>\u00a0incluyen participantes sanos mayores de 18 a\u00f1os, y un grupo (cohorte) de mayores de 65. Los resultados preliminares sobre su inmunogenicidad hacen suponer que la vacuna es igualmente eficaz en los diferentes grupos de edad. Por otro lado, las secuelas graves de la Covid-19 aumentan con la edad del enfermo.<\/span><\/p>\n<p><span style=\"color: #000000;\">En Espa\u00f1a, los mayores de 80 han sido el grupo prioritario con las dosis de Pfizer y Moderna (un 91,4% ha recibido al menos una dosis) y los menores de 65 eran el grupo diana con la vacuna de AstraZeneca. Por este motivo, se ha vacunado a un 22,3% de las personas de 60 a 69 a\u00f1os, mientras que s\u00f3lo un 13,3% de la poblaci\u00f3n de entre 70 y 79 a\u00f1os ha recibido al menos una dosis de alguna de las vacunas. Por ello se ha elegido este grupo de edad para la nueva vacuna.<\/span><\/p>\n<p><span style=\"color: #000000;\"><b>\u00bfQu\u00e9 riesgos o efectos secundarios se han informado en sus ensayos cl\u00ednicos?<\/b><\/span><\/p>\n<p><span style=\"color: #000000;\">La vacuna de Johnson &amp; Johnson podr\u00eda causar efectos secundarios un poco m\u00e1s molestos (fatiga, fiebre, dolor de cabeza, malestar, etc\u2026) que sus competidoras, sobre todo en personas j\u00f3venes con un sistema inmunitario m\u00e1s \u201crobusto\u201d.<\/span><\/p>\n<p><span style=\"color: #000000;\">Hay otro importante efecto adverso muy poco frecuente, y que ya nos resultar\u00e1 familiar, por haber sido tambi\u00e9n identificado en la vacunaci\u00f3n con AstraZeneca. El 13 de abril, la Administraci\u00f3n de Alimentos y Medicamentos de los\u00a0<span class=\"skimlinks-unlinked\">EE.UU<\/span>. (FDA) y los Centros para el Control y la Prevenci\u00f3n de Enfermedades (CDC)\u00a0<a style=\"color: #000000;\" href=\"https:\/\/twitter.com\/US_FDA\/status\/1381925612743499778\" target=\"_blank\" rel=\"nofollow noopener noreferrer\">anunciaron en Twitter\u00a0<\/a>que se iba a realizar \u201cuna pausa en el uso\u201d de la vacuna de Johnson &amp; Johnson, \u201ccomo medida de extrema precauci\u00f3n\u201d. Se hab\u00edan detectado \u201c6 casos de un tipo raro y severo de co\u00e1gulo sangu\u00edneo en\u00a0<span class=\"skimlinks-unlinked\">EE.UU<\/span>.\u201d en los 6,8 millones de personas que han recibido la vacuna.<\/span><\/p>\n<p><span style=\"color: #000000;\">Esto significa que la incidencia de estos trastornos es tremendamente reducida, much\u00edsimo m\u00e1s baja que la probabilidad de tener problemas de coagulaci\u00f3n por la infecci\u00f3n. Sin embargo, el fabricante decidi\u00f3\u00a0<a style=\"color: #000000;\" href=\"https:\/\/www.jnj.com\/johnson-johnson-statement-on-covid-19-vaccine\" target=\"_blank\" rel=\"nofollow noopener noreferrer\">retrasar la vacunaci\u00f3n en la UE<\/a>\u00a0de manera cautelar.<\/span><\/p>\n<p><span style=\"color: #000000;\">Se piensa que la menor eficacia y los efectos secundarios de la vacuna de Johnson &amp; Johnson con respecto a las basadas en ARN mensajero (Pfizer y Moderna) pueden estar relacionados con haber sido o no infectados con un adenovirus antes de vacunarnos, lo que puede depender de nuestra edad.<\/span><\/p>\n<p><span style=\"color: #000000;\">Nuestro sistema inmunitario podr\u00eda reconocer al adenovirus de la vacuna, reduciendo su inmunogenicidad y su eficacia, siendo esta su principal desventaja.<\/span><\/p>\n<p><span style=\"color: #000000;\">No obstante, no suele ser habitual que sepamos si hemos sufrido o no una infecci\u00f3n previa con un adenovirus. Por lo que, por el momento, carecemos de un criterio objetivo para rechazar esta vacuna. Habr\u00e1 que esperar a que se obtenga m\u00e1s informaci\u00f3n con respecto a los muy poco frecuentes casos adversos de coagulaci\u00f3n, y se retome la vacunaci\u00f3n, como ya ocurri\u00f3 la primera vez que se paraliz\u00f3 la vacuna de AstraZeneca en nuestro pa\u00eds.<\/span><\/p>\n<p><span style=\"color: #000000;\">Fuente:<\/span><\/p>\n<p><span style=\"color: #000000;\">Conversation, T. (2021d, junio 23). Vacuna Janssen: Lo que sabemos y lo que no. Recuperado 23 de junio de 2021, de https:\/\/www.entrepreneur.com\/article\/375166<\/span><\/p>\n","protected":false},"excerpt":{"rendered":"<p>El camino para conseguir la inmunidad de grupo frente a la COVID-19 no para de encontrarse piedras que esquivar. Tras la suspensi\u00f3n de la vacuna de AstraZeneca, nuestras esperanzas estaban puestas en la llegada, prevista para el 14 de abril en nuestro pa\u00eds, de la vacuna de Janssen (filial de Johnson &amp; Johnson), que tan [&hellip;]<\/p>\n","protected":false},"author":1,"featured_media":23306,"comment_status":"open","ping_status":"open","sticky":false,"template":"","format":"standard","meta":{"footnotes":""},"categories":[412],"tags":[],"class_list":["post-23305","post","type-post","status-publish","format-standard","has-post-thumbnail","hentry","category-coronavirus"],"yoast_head":"<!-- This site is optimized with the Yoast SEO plugin v26.7 - https:\/\/yoast.com\/wordpress\/plugins\/seo\/ -->\n<title>Vacuna Janssen: Lo que sabemos y lo que no - Observatorio Tecnol\u00f3gico de Hidalgo<\/title>\n<meta name=\"robots\" content=\"index, follow, max-snippet:-1, max-image-preview:large, max-video-preview:-1\" \/>\n<link rel=\"canonical\" href=\"https:\/\/otech.uaeh.edu.mx\/noti\/coronavirus\/vacuna-janssen-lo-que-sabemos-y-lo-que-no\/\" \/>\n<meta property=\"og:locale\" content=\"en_US\" \/>\n<meta property=\"og:type\" content=\"article\" \/>\n<meta property=\"og:title\" content=\"Vacuna Janssen: Lo que sabemos y lo que no - Observatorio Tecnol\u00f3gico de Hidalgo\" \/>\n<meta property=\"og:description\" content=\"El camino para conseguir la inmunidad de grupo frente a la COVID-19 no para de encontrarse piedras que esquivar. Tras la suspensi\u00f3n de la vacuna de AstraZeneca, nuestras esperanzas estaban puestas en la llegada, prevista para el 14 de abril en nuestro pa\u00eds, de la vacuna de Janssen (filial de Johnson &amp; Johnson), que tan [&hellip;]\" \/>\n<meta property=\"og:url\" content=\"https:\/\/otech.uaeh.edu.mx\/noti\/coronavirus\/vacuna-janssen-lo-que-sabemos-y-lo-que-no\/\" \/>\n<meta property=\"og:site_name\" content=\"Observatorio Tecnol\u00f3gico de Hidalgo\" \/>\n<meta property=\"article:publisher\" content=\"https:\/\/www.facebook.com\/observatoriouaeh\" \/>\n<meta property=\"article:published_time\" content=\"2021-06-23T17:18:39+00:00\" \/>\n<meta property=\"og:image\" content=\"https:\/\/otech.uaeh.edu.mx\/noti\/wp-content\/uploads\/2021\/06\/1624288247-vacuna-janssen.jpg\" \/>\n\t<meta property=\"og:image:width\" content=\"700\" \/>\n\t<meta property=\"og:image:height\" content=\"350\" \/>\n\t<meta property=\"og:image:type\" content=\"image\/jpeg\" \/>\n<meta name=\"author\" content=\"admin\" \/>\n<meta name=\"twitter:card\" content=\"summary_large_image\" \/>\n<meta name=\"twitter:creator\" content=\"@OBSERVATORIOEH\" \/>\n<meta name=\"twitter:site\" content=\"@OBSERVATORIOEH\" \/>\n<meta name=\"twitter:label1\" content=\"Written by\" \/>\n\t<meta name=\"twitter:data1\" content=\"admin\" \/>\n\t<meta name=\"twitter:label2\" content=\"Est. reading time\" \/>\n\t<meta name=\"twitter:data2\" content=\"6 minutes\" \/>\n<script type=\"application\/ld+json\" class=\"yoast-schema-graph\">{\"@context\":\"https:\/\/schema.org\",\"@graph\":[{\"@type\":\"Article\",\"@id\":\"https:\/\/otech.uaeh.edu.mx\/noti\/coronavirus\/vacuna-janssen-lo-que-sabemos-y-lo-que-no\/#article\",\"isPartOf\":{\"@id\":\"https:\/\/otech.uaeh.edu.mx\/noti\/coronavirus\/vacuna-janssen-lo-que-sabemos-y-lo-que-no\/\"},\"author\":{\"name\":\"admin\",\"@id\":\"https:\/\/otech.uaeh.edu.mx\/noti\/#\/schema\/person\/95263d004158ffabcd98137e1d0abc1c\"},\"headline\":\"Vacuna Janssen: Lo que sabemos y lo que no\",\"datePublished\":\"2021-06-23T17:18:39+00:00\",\"mainEntityOfPage\":{\"@id\":\"https:\/\/otech.uaeh.edu.mx\/noti\/coronavirus\/vacuna-janssen-lo-que-sabemos-y-lo-que-no\/\"},\"wordCount\":1221,\"commentCount\":0,\"publisher\":{\"@id\":\"https:\/\/otech.uaeh.edu.mx\/noti\/#organization\"},\"image\":{\"@id\":\"https:\/\/otech.uaeh.edu.mx\/noti\/coronavirus\/vacuna-janssen-lo-que-sabemos-y-lo-que-no\/#primaryimage\"},\"thumbnailUrl\":\"https:\/\/otech.uaeh.edu.mx\/noti\/wp-content\/uploads\/2021\/06\/1624288247-vacuna-janssen.jpg\",\"articleSection\":[\"Coronavirus-Hidalgo 2020\"],\"inLanguage\":\"en-US\",\"potentialAction\":[{\"@type\":\"CommentAction\",\"name\":\"Comment\",\"target\":[\"https:\/\/otech.uaeh.edu.mx\/noti\/coronavirus\/vacuna-janssen-lo-que-sabemos-y-lo-que-no\/#respond\"]}]},{\"@type\":\"WebPage\",\"@id\":\"https:\/\/otech.uaeh.edu.mx\/noti\/coronavirus\/vacuna-janssen-lo-que-sabemos-y-lo-que-no\/\",\"url\":\"https:\/\/otech.uaeh.edu.mx\/noti\/coronavirus\/vacuna-janssen-lo-que-sabemos-y-lo-que-no\/\",\"name\":\"Vacuna Janssen: Lo que sabemos y lo que no - Observatorio Tecnol\u00f3gico de Hidalgo\",\"isPartOf\":{\"@id\":\"https:\/\/otech.uaeh.edu.mx\/noti\/#website\"},\"primaryImageOfPage\":{\"@id\":\"https:\/\/otech.uaeh.edu.mx\/noti\/coronavirus\/vacuna-janssen-lo-que-sabemos-y-lo-que-no\/#primaryimage\"},\"image\":{\"@id\":\"https:\/\/otech.uaeh.edu.mx\/noti\/coronavirus\/vacuna-janssen-lo-que-sabemos-y-lo-que-no\/#primaryimage\"},\"thumbnailUrl\":\"https:\/\/otech.uaeh.edu.mx\/noti\/wp-content\/uploads\/2021\/06\/1624288247-vacuna-janssen.jpg\",\"datePublished\":\"2021-06-23T17:18:39+00:00\",\"breadcrumb\":{\"@id\":\"https:\/\/otech.uaeh.edu.mx\/noti\/coronavirus\/vacuna-janssen-lo-que-sabemos-y-lo-que-no\/#breadcrumb\"},\"inLanguage\":\"en-US\",\"potentialAction\":[{\"@type\":\"ReadAction\",\"target\":[\"https:\/\/otech.uaeh.edu.mx\/noti\/coronavirus\/vacuna-janssen-lo-que-sabemos-y-lo-que-no\/\"]}]},{\"@type\":\"ImageObject\",\"inLanguage\":\"en-US\",\"@id\":\"https:\/\/otech.uaeh.edu.mx\/noti\/coronavirus\/vacuna-janssen-lo-que-sabemos-y-lo-que-no\/#primaryimage\",\"url\":\"https:\/\/otech.uaeh.edu.mx\/noti\/wp-content\/uploads\/2021\/06\/1624288247-vacuna-janssen.jpg\",\"contentUrl\":\"https:\/\/otech.uaeh.edu.mx\/noti\/wp-content\/uploads\/2021\/06\/1624288247-vacuna-janssen.jpg\",\"width\":700,\"height\":350},{\"@type\":\"BreadcrumbList\",\"@id\":\"https:\/\/otech.uaeh.edu.mx\/noti\/coronavirus\/vacuna-janssen-lo-que-sabemos-y-lo-que-no\/#breadcrumb\",\"itemListElement\":[{\"@type\":\"ListItem\",\"position\":1,\"name\":\"Inicio\",\"item\":\"https:\/\/otech.uaeh.edu.mx\/noti\/\"},{\"@type\":\"ListItem\",\"position\":2,\"name\":\"Vacuna Janssen: Lo que sabemos y lo que no\"}]},{\"@type\":\"WebSite\",\"@id\":\"https:\/\/otech.uaeh.edu.mx\/noti\/#website\",\"url\":\"https:\/\/otech.uaeh.edu.mx\/noti\/\",\"name\":\"Observatorio Tecnol\u00f3gico de Hidalgo\",\"description\":\"\",\"publisher\":{\"@id\":\"https:\/\/otech.uaeh.edu.mx\/noti\/#organization\"},\"potentialAction\":[{\"@type\":\"SearchAction\",\"target\":{\"@type\":\"EntryPoint\",\"urlTemplate\":\"https:\/\/otech.uaeh.edu.mx\/noti\/?s={search_term_string}\"},\"query-input\":{\"@type\":\"PropertyValueSpecification\",\"valueRequired\":true,\"valueName\":\"search_term_string\"}}],\"inLanguage\":\"en-US\"},{\"@type\":\"Organization\",\"@id\":\"https:\/\/otech.uaeh.edu.mx\/noti\/#organization\",\"name\":\"Observatorio Tecnol\u00f3gico de Hidalgo\",\"url\":\"https:\/\/otech.uaeh.edu.mx\/noti\/\",\"logo\":{\"@type\":\"ImageObject\",\"inLanguage\":\"en-US\",\"@id\":\"https:\/\/otech.uaeh.edu.mx\/noti\/#\/schema\/logo\/image\/\",\"url\":\"https:\/\/otech.uaeh.edu.mx\/noti\/wp-content\/uploads\/2025\/11\/Logo-circulo.png\",\"contentUrl\":\"https:\/\/otech.uaeh.edu.mx\/noti\/wp-content\/uploads\/2025\/11\/Logo-circulo.png\",\"width\":250,\"height\":250,\"caption\":\"Observatorio Tecnol\u00f3gico de Hidalgo\"},\"image\":{\"@id\":\"https:\/\/otech.uaeh.edu.mx\/noti\/#\/schema\/logo\/image\/\"},\"sameAs\":[\"https:\/\/www.facebook.com\/observatoriouaeh\",\"https:\/\/x.com\/OBSERVATORIOEH\"]},{\"@type\":\"Person\",\"@id\":\"https:\/\/otech.uaeh.edu.mx\/noti\/#\/schema\/person\/95263d004158ffabcd98137e1d0abc1c\",\"name\":\"admin\",\"image\":{\"@type\":\"ImageObject\",\"inLanguage\":\"en-US\",\"@id\":\"https:\/\/otech.uaeh.edu.mx\/noti\/#\/schema\/person\/image\/\",\"url\":\"https:\/\/secure.gravatar.com\/avatar\/08dd17208ee6a9e87c5a01c0a5f4c96c8ed24bf05e625630929b5b6a7c1ffa5f?s=96&d=mm&r=g\",\"contentUrl\":\"https:\/\/secure.gravatar.com\/avatar\/08dd17208ee6a9e87c5a01c0a5f4c96c8ed24bf05e625630929b5b6a7c1ffa5f?s=96&d=mm&r=g\",\"caption\":\"admin\"},\"url\":\"https:\/\/otech.uaeh.edu.mx\/noti\/author\/admin\/\"}]}<\/script>\n<!-- \/ Yoast SEO plugin. -->","yoast_head_json":{"title":"Vacuna Janssen: Lo que sabemos y lo que no - Observatorio Tecnol\u00f3gico de Hidalgo","robots":{"index":"index","follow":"follow","max-snippet":"max-snippet:-1","max-image-preview":"max-image-preview:large","max-video-preview":"max-video-preview:-1"},"canonical":"https:\/\/otech.uaeh.edu.mx\/noti\/coronavirus\/vacuna-janssen-lo-que-sabemos-y-lo-que-no\/","og_locale":"en_US","og_type":"article","og_title":"Vacuna Janssen: Lo que sabemos y lo que no - Observatorio Tecnol\u00f3gico de Hidalgo","og_description":"El camino para conseguir la inmunidad de grupo frente a la COVID-19 no para de encontrarse piedras que esquivar. Tras la suspensi\u00f3n de la vacuna de AstraZeneca, nuestras esperanzas estaban puestas en la llegada, prevista para el 14 de abril en nuestro pa\u00eds, de la vacuna de Janssen (filial de Johnson &amp; Johnson), que tan [&hellip;]","og_url":"https:\/\/otech.uaeh.edu.mx\/noti\/coronavirus\/vacuna-janssen-lo-que-sabemos-y-lo-que-no\/","og_site_name":"Observatorio Tecnol\u00f3gico de Hidalgo","article_publisher":"https:\/\/www.facebook.com\/observatoriouaeh","article_published_time":"2021-06-23T17:18:39+00:00","og_image":[{"width":700,"height":350,"url":"https:\/\/otech.uaeh.edu.mx\/noti\/wp-content\/uploads\/2021\/06\/1624288247-vacuna-janssen.jpg","type":"image\/jpeg"}],"author":"admin","twitter_card":"summary_large_image","twitter_creator":"@OBSERVATORIOEH","twitter_site":"@OBSERVATORIOEH","twitter_misc":{"Written by":"admin","Est. reading time":"6 minutes"},"schema":{"@context":"https:\/\/schema.org","@graph":[{"@type":"Article","@id":"https:\/\/otech.uaeh.edu.mx\/noti\/coronavirus\/vacuna-janssen-lo-que-sabemos-y-lo-que-no\/#article","isPartOf":{"@id":"https:\/\/otech.uaeh.edu.mx\/noti\/coronavirus\/vacuna-janssen-lo-que-sabemos-y-lo-que-no\/"},"author":{"name":"admin","@id":"https:\/\/otech.uaeh.edu.mx\/noti\/#\/schema\/person\/95263d004158ffabcd98137e1d0abc1c"},"headline":"Vacuna Janssen: Lo que sabemos y lo que no","datePublished":"2021-06-23T17:18:39+00:00","mainEntityOfPage":{"@id":"https:\/\/otech.uaeh.edu.mx\/noti\/coronavirus\/vacuna-janssen-lo-que-sabemos-y-lo-que-no\/"},"wordCount":1221,"commentCount":0,"publisher":{"@id":"https:\/\/otech.uaeh.edu.mx\/noti\/#organization"},"image":{"@id":"https:\/\/otech.uaeh.edu.mx\/noti\/coronavirus\/vacuna-janssen-lo-que-sabemos-y-lo-que-no\/#primaryimage"},"thumbnailUrl":"https:\/\/otech.uaeh.edu.mx\/noti\/wp-content\/uploads\/2021\/06\/1624288247-vacuna-janssen.jpg","articleSection":["Coronavirus-Hidalgo 2020"],"inLanguage":"en-US","potentialAction":[{"@type":"CommentAction","name":"Comment","target":["https:\/\/otech.uaeh.edu.mx\/noti\/coronavirus\/vacuna-janssen-lo-que-sabemos-y-lo-que-no\/#respond"]}]},{"@type":"WebPage","@id":"https:\/\/otech.uaeh.edu.mx\/noti\/coronavirus\/vacuna-janssen-lo-que-sabemos-y-lo-que-no\/","url":"https:\/\/otech.uaeh.edu.mx\/noti\/coronavirus\/vacuna-janssen-lo-que-sabemos-y-lo-que-no\/","name":"Vacuna Janssen: Lo que sabemos y lo que no - Observatorio Tecnol\u00f3gico de Hidalgo","isPartOf":{"@id":"https:\/\/otech.uaeh.edu.mx\/noti\/#website"},"primaryImageOfPage":{"@id":"https:\/\/otech.uaeh.edu.mx\/noti\/coronavirus\/vacuna-janssen-lo-que-sabemos-y-lo-que-no\/#primaryimage"},"image":{"@id":"https:\/\/otech.uaeh.edu.mx\/noti\/coronavirus\/vacuna-janssen-lo-que-sabemos-y-lo-que-no\/#primaryimage"},"thumbnailUrl":"https:\/\/otech.uaeh.edu.mx\/noti\/wp-content\/uploads\/2021\/06\/1624288247-vacuna-janssen.jpg","datePublished":"2021-06-23T17:18:39+00:00","breadcrumb":{"@id":"https:\/\/otech.uaeh.edu.mx\/noti\/coronavirus\/vacuna-janssen-lo-que-sabemos-y-lo-que-no\/#breadcrumb"},"inLanguage":"en-US","potentialAction":[{"@type":"ReadAction","target":["https:\/\/otech.uaeh.edu.mx\/noti\/coronavirus\/vacuna-janssen-lo-que-sabemos-y-lo-que-no\/"]}]},{"@type":"ImageObject","inLanguage":"en-US","@id":"https:\/\/otech.uaeh.edu.mx\/noti\/coronavirus\/vacuna-janssen-lo-que-sabemos-y-lo-que-no\/#primaryimage","url":"https:\/\/otech.uaeh.edu.mx\/noti\/wp-content\/uploads\/2021\/06\/1624288247-vacuna-janssen.jpg","contentUrl":"https:\/\/otech.uaeh.edu.mx\/noti\/wp-content\/uploads\/2021\/06\/1624288247-vacuna-janssen.jpg","width":700,"height":350},{"@type":"BreadcrumbList","@id":"https:\/\/otech.uaeh.edu.mx\/noti\/coronavirus\/vacuna-janssen-lo-que-sabemos-y-lo-que-no\/#breadcrumb","itemListElement":[{"@type":"ListItem","position":1,"name":"Inicio","item":"https:\/\/otech.uaeh.edu.mx\/noti\/"},{"@type":"ListItem","position":2,"name":"Vacuna Janssen: Lo que sabemos y lo que no"}]},{"@type":"WebSite","@id":"https:\/\/otech.uaeh.edu.mx\/noti\/#website","url":"https:\/\/otech.uaeh.edu.mx\/noti\/","name":"Observatorio Tecnol\u00f3gico de Hidalgo","description":"","publisher":{"@id":"https:\/\/otech.uaeh.edu.mx\/noti\/#organization"},"potentialAction":[{"@type":"SearchAction","target":{"@type":"EntryPoint","urlTemplate":"https:\/\/otech.uaeh.edu.mx\/noti\/?s={search_term_string}"},"query-input":{"@type":"PropertyValueSpecification","valueRequired":true,"valueName":"search_term_string"}}],"inLanguage":"en-US"},{"@type":"Organization","@id":"https:\/\/otech.uaeh.edu.mx\/noti\/#organization","name":"Observatorio Tecnol\u00f3gico de Hidalgo","url":"https:\/\/otech.uaeh.edu.mx\/noti\/","logo":{"@type":"ImageObject","inLanguage":"en-US","@id":"https:\/\/otech.uaeh.edu.mx\/noti\/#\/schema\/logo\/image\/","url":"https:\/\/otech.uaeh.edu.mx\/noti\/wp-content\/uploads\/2025\/11\/Logo-circulo.png","contentUrl":"https:\/\/otech.uaeh.edu.mx\/noti\/wp-content\/uploads\/2025\/11\/Logo-circulo.png","width":250,"height":250,"caption":"Observatorio Tecnol\u00f3gico de Hidalgo"},"image":{"@id":"https:\/\/otech.uaeh.edu.mx\/noti\/#\/schema\/logo\/image\/"},"sameAs":["https:\/\/www.facebook.com\/observatoriouaeh","https:\/\/x.com\/OBSERVATORIOEH"]},{"@type":"Person","@id":"https:\/\/otech.uaeh.edu.mx\/noti\/#\/schema\/person\/95263d004158ffabcd98137e1d0abc1c","name":"admin","image":{"@type":"ImageObject","inLanguage":"en-US","@id":"https:\/\/otech.uaeh.edu.mx\/noti\/#\/schema\/person\/image\/","url":"https:\/\/secure.gravatar.com\/avatar\/08dd17208ee6a9e87c5a01c0a5f4c96c8ed24bf05e625630929b5b6a7c1ffa5f?s=96&d=mm&r=g","contentUrl":"https:\/\/secure.gravatar.com\/avatar\/08dd17208ee6a9e87c5a01c0a5f4c96c8ed24bf05e625630929b5b6a7c1ffa5f?s=96&d=mm&r=g","caption":"admin"},"url":"https:\/\/otech.uaeh.edu.mx\/noti\/author\/admin\/"}]}},"_links":{"self":[{"href":"https:\/\/otech.uaeh.edu.mx\/noti\/wp-json\/wp\/v2\/posts\/23305","targetHints":{"allow":["GET"]}}],"collection":[{"href":"https:\/\/otech.uaeh.edu.mx\/noti\/wp-json\/wp\/v2\/posts"}],"about":[{"href":"https:\/\/otech.uaeh.edu.mx\/noti\/wp-json\/wp\/v2\/types\/post"}],"author":[{"embeddable":true,"href":"https:\/\/otech.uaeh.edu.mx\/noti\/wp-json\/wp\/v2\/users\/1"}],"replies":[{"embeddable":true,"href":"https:\/\/otech.uaeh.edu.mx\/noti\/wp-json\/wp\/v2\/comments?post=23305"}],"version-history":[{"count":1,"href":"https:\/\/otech.uaeh.edu.mx\/noti\/wp-json\/wp\/v2\/posts\/23305\/revisions"}],"predecessor-version":[{"id":23307,"href":"https:\/\/otech.uaeh.edu.mx\/noti\/wp-json\/wp\/v2\/posts\/23305\/revisions\/23307"}],"wp:featuredmedia":[{"embeddable":true,"href":"https:\/\/otech.uaeh.edu.mx\/noti\/wp-json\/wp\/v2\/media\/23306"}],"wp:attachment":[{"href":"https:\/\/otech.uaeh.edu.mx\/noti\/wp-json\/wp\/v2\/media?parent=23305"}],"wp:term":[{"taxonomy":"category","embeddable":true,"href":"https:\/\/otech.uaeh.edu.mx\/noti\/wp-json\/wp\/v2\/categories?post=23305"},{"taxonomy":"post_tag","embeddable":true,"href":"https:\/\/otech.uaeh.edu.mx\/noti\/wp-json\/wp\/v2\/tags?post=23305"}],"curies":[{"name":"wp","href":"https:\/\/api.w.org\/{rel}","templated":true}]}}