{"id":23482,"date":"2021-07-05T09:19:14","date_gmt":"2021-07-05T15:19:14","guid":{"rendered":"https:\/\/otech.uaeh.edu.mx\/noti\/?p=23482"},"modified":"2021-07-05T09:19:37","modified_gmt":"2021-07-05T15:19:37","slug":"la-musica-nos-conecta-con-nuestra-humanidad","status":"publish","type":"post","link":"https:\/\/otech.uaeh.edu.mx\/noti\/ciencia\/la-musica-nos-conecta-con-nuestra-humanidad\/","title":{"rendered":"La m\u00fasica nos conecta con nuestra humanidad"},"content":{"rendered":"<p><span style=\"color: #000000;\">Neurocient\u00edficos de la Universidad Bar-Ilan, en Israel, y de la Universidad de Chicago, en Estados Unidos, han identificado importantes redes cerebrales que muestran el impacto de la m\u00fasica como herramienta de conexi\u00f3n e interacci\u00f3n social. Crear y escuchar m\u00fasica produce un incremento de la capacidad de empat\u00eda, nos relaja y potencia nuestras habilidades comunicacionales. En definitiva, la m\u00fasica puede unirnos en las diferencias y hacernos m\u00e1s humanos, seg\u00fan esta investigaci\u00f3n.<!--more--><\/span><\/p>\n<p><span style=\"color: #000000;\">Aprovechando el contexto de la actual pandemia por COVID-19, los investigadores se centraron en el estudio de las\u00a0<strong>interacciones sociales que se concretaban mediante la m\u00fasica<\/strong>, utilizando los dispositivos tecnol\u00f3gicos que permit\u00edan comunicarse y mantener al mismo tiempo el imprescindible aislamiento.<\/span><\/p>\n<p><span style=\"color: #000000;\">Descubrieron que no solamente artistas de fama mundial eligieron comunicarse con sus seguidores mediante videoconferencias o recitales por streaming, sino que adem\u00e1s numerosos grupos de personas aficionadas optaron por la m\u00fasica como lenguaje, para romper as\u00ed la incomunicaci\u00f3n propiciada por las restricciones ligadas a la pandemia.<\/span><\/p>\n<p><span style=\"color: #000000;\">Al parecer, la creaci\u00f3n de m\u00fasica en conjunto y su escucha puede derribar toda clase de barreras en un mundo con profundas divisiones sociales. Por lo pronto, hallaron que es efectiva para<strong>\u00a0reestablecer la conexi\u00f3n social<\/strong>\u00a0en este momento de la historia y en otras situaciones similares. Descubrieron tambi\u00e9n, por ejemplo, que durante la pandemia de gripe espa\u00f1ola de 1918 la m\u00fasica tambi\u00e9n fue vital para reestablecer los lazos sociales, incluso sin las ventajas tecnol\u00f3gicas actuales.<\/span><\/p>\n<h2><span style=\"color: #000000;\">La m\u00fasica y su impacto en el cerebro<\/span><\/h2>\n<p><span style=\"color: #000000;\">Al estudiar estas interacciones y sus consecuencias en la actividad del cerebro, los cient\u00edficos dise\u00f1aron un modelo cerebral que identifica las relaciones existentes entre las regiones y mecanismos cerebrales y distintas funciones sociales. Seg\u00fan una\u00a0nota de prensa, esto les permiti\u00f3 determinar que existen\u00a0<strong>5 mecanismos centrales en el cerebro destinados a potenciar las conexiones sociales a trav\u00e9s de la m\u00fasica<\/strong>.<\/span><\/p>\n<p><span style=\"color: #000000;\">Determinaron la presencia de circuitos que estimulan la empat\u00eda, de un mecanismo que promueve la secreci\u00f3n de oxitocina (la hormona del amor) gracias a la m\u00fasica, de una red que genera motivaci\u00f3n y facilita la liberaci\u00f3n de dopamina (la hormona del placer), de procesos que dinamizan las estructuras del lenguaje y, por \u00faltimo, de un mecanismo que regula la hormona cortisol y reduce el estr\u00e9s.<\/span><\/p>\n<p><span style=\"color: #000000;\">Quiz\u00e1s lo m\u00e1s significativo de este estudio es que no se circunscribe \u00fanicamente a los efectos que produce la audici\u00f3n de m\u00fasica en forma individual. Por el contrario, se centra en el\u00a0<strong>impacto de la creaci\u00f3n musical en grupo<\/strong>, advirtiendo la influencia en el cerebro de las interacciones sociales que se concretan en el acto creativo musical.<\/span><\/p>\n<h2><span style=\"color: #000000;\">La m\u00fasica nos hace m\u00e1s humanos<\/span><\/h2>\n<p><span style=\"color: #000000;\">De esta manera, destaca por ejemplo la importancia de la\u00a0<strong>retroalimentaci\u00f3n que se produce entre los m\u00fasicos<\/strong>, entre quienes se establece un di\u00e1logo, una comunicaci\u00f3n de \u00abida y vuelta\u00bb que enriquece la experiencia sensorial y emocional. Atendiendo al impacto de estos procesos en el cerebro, queda claro que la\u00a0m\u00fasica\u00a0es mucho m\u00e1s que un entretenimiento o un hecho art\u00edstico: es una\u00a0<strong>herramienta que potencia nuestra humanidad<\/strong>, destacan los investigadores.<\/span><\/p>\n<p><span style=\"color: #000000;\">Si pensamos en el impacto en conjunto de todos estos procesos, podemos entender por qu\u00e9 los neurocient\u00edficos indican en su estudio, publicado en American Psychologist, que la m\u00fasica podr\u00eda convertirse en el mejor aliado para comenzar a derribar las profundas divisiones sociales que hacen que el mundo, cada d\u00eda, sea algo m\u00e1s violento e injusto. \u00bfPuede ser la m\u00fasica el \u00faltimo basti\u00f3n de humanidad que nos salve?<\/span><\/p>\n<h2><span style=\"color: #000000;\">Referencia<\/span><\/h2>\n<p><span style=\"color: #000000;\"><a class=\"yahoorte_class\" style=\"color: #000000;\" title=\"https:\/\/psycnet.apa.org\/fulltext\/2021-55326-001.html\" href=\"https:\/\/psycnet.apa.org\/fulltext\/2021-55326-001.html\" target=\"_blank\" rel=\"nofollow noopener noreferrer\">The social neuroscience of music: Understanding the social brain through human song<\/a>. Greenberg, D. M., Decety, J., &amp; Gordon, I. American Psychologist (2021).DOI:http:\/\/dx.doi.org\/10.1037\/amp0000819<\/span><\/p>\n<p><span style=\"color: #000000;\"><strong>Foto superior: esquema del impacto de la m\u00fasica en diferentes \u00e1reas, redes y funciones cerebrales con implicaciones sociales. Cr\u00e9dito: Bryan Christie Design \/ Greenberg, D. M.<\/strong><\/span><\/p>\n","protected":false},"excerpt":{"rendered":"<p>Neurocient\u00edficos de la Universidad Bar-Ilan, en Israel, y de la Universidad de Chicago, en Estados Unidos, han identificado importantes redes cerebrales que muestran el impacto de la m\u00fasica como herramienta de conexi\u00f3n e interacci\u00f3n social. Crear y escuchar m\u00fasica produce un incremento de la capacidad de empat\u00eda, nos relaja y potencia nuestras habilidades comunicacionales. En [&hellip;]<\/p>\n","protected":false},"author":1,"featured_media":23483,"comment_status":"open","ping_status":"open","sticky":false,"template":"","format":"standard","meta":{"footnotes":""},"categories":[56],"tags":[],"class_list":["post-23482","post","type-post","status-publish","format-standard","has-post-thumbnail","hentry","category-ciencia"],"yoast_head":"<!-- This site is optimized with the Yoast SEO plugin v26.7 - https:\/\/yoast.com\/wordpress\/plugins\/seo\/ -->\n<title>La m\u00fasica nos conecta con nuestra humanidad - Observatorio Tecnol\u00f3gico de Hidalgo<\/title>\n<meta name=\"robots\" content=\"index, follow, max-snippet:-1, max-image-preview:large, max-video-preview:-1\" \/>\n<link rel=\"canonical\" href=\"https:\/\/otech.uaeh.edu.mx\/noti\/ciencia\/la-musica-nos-conecta-con-nuestra-humanidad\/\" \/>\n<meta property=\"og:locale\" content=\"en_US\" \/>\n<meta property=\"og:type\" content=\"article\" \/>\n<meta property=\"og:title\" content=\"La m\u00fasica nos conecta con nuestra humanidad - Observatorio Tecnol\u00f3gico de Hidalgo\" \/>\n<meta property=\"og:description\" content=\"Neurocient\u00edficos de la Universidad Bar-Ilan, en Israel, y de la Universidad de Chicago, en Estados Unidos, han identificado importantes redes cerebrales que muestran el impacto de la m\u00fasica como herramienta de conexi\u00f3n e interacci\u00f3n social. Crear y escuchar m\u00fasica produce un incremento de la capacidad de empat\u00eda, nos relaja y potencia nuestras habilidades comunicacionales. En [&hellip;]\" \/>\n<meta property=\"og:url\" content=\"https:\/\/otech.uaeh.edu.mx\/noti\/ciencia\/la-musica-nos-conecta-con-nuestra-humanidad\/\" \/>\n<meta property=\"og:site_name\" content=\"Observatorio Tecnol\u00f3gico de Hidalgo\" \/>\n<meta property=\"article:publisher\" content=\"https:\/\/www.facebook.com\/observatoriouaeh\" \/>\n<meta property=\"article:published_time\" content=\"2021-07-05T15:19:14+00:00\" \/>\n<meta property=\"article:modified_time\" content=\"2021-07-05T15:19:37+00:00\" \/>\n<meta property=\"og:image\" content=\"https:\/\/otech.uaeh.edu.mx\/noti\/wp-content\/uploads\/2021\/07\/musica-conecta-humanidad-740x566-1.png\" \/>\n\t<meta property=\"og:image:width\" content=\"740\" \/>\n\t<meta property=\"og:image:height\" content=\"566\" \/>\n\t<meta property=\"og:image:type\" content=\"image\/png\" \/>\n<meta name=\"author\" content=\"admin\" \/>\n<meta name=\"twitter:card\" content=\"summary_large_image\" \/>\n<meta name=\"twitter:creator\" content=\"@OBSERVATORIOEH\" \/>\n<meta name=\"twitter:site\" content=\"@OBSERVATORIOEH\" \/>\n<meta name=\"twitter:label1\" content=\"Written by\" \/>\n\t<meta name=\"twitter:data1\" content=\"admin\" \/>\n\t<meta name=\"twitter:label2\" content=\"Est. reading time\" \/>\n\t<meta name=\"twitter:data2\" content=\"3 minutes\" \/>\n<script type=\"application\/ld+json\" class=\"yoast-schema-graph\">{\"@context\":\"https:\/\/schema.org\",\"@graph\":[{\"@type\":\"Article\",\"@id\":\"https:\/\/otech.uaeh.edu.mx\/noti\/ciencia\/la-musica-nos-conecta-con-nuestra-humanidad\/#article\",\"isPartOf\":{\"@id\":\"https:\/\/otech.uaeh.edu.mx\/noti\/ciencia\/la-musica-nos-conecta-con-nuestra-humanidad\/\"},\"author\":{\"name\":\"admin\",\"@id\":\"https:\/\/otech.uaeh.edu.mx\/noti\/#\/schema\/person\/95263d004158ffabcd98137e1d0abc1c\"},\"headline\":\"La m\u00fasica nos conecta con nuestra humanidad\",\"datePublished\":\"2021-07-05T15:19:14+00:00\",\"dateModified\":\"2021-07-05T15:19:37+00:00\",\"mainEntityOfPage\":{\"@id\":\"https:\/\/otech.uaeh.edu.mx\/noti\/ciencia\/la-musica-nos-conecta-con-nuestra-humanidad\/\"},\"wordCount\":686,\"commentCount\":0,\"publisher\":{\"@id\":\"https:\/\/otech.uaeh.edu.mx\/noti\/#organization\"},\"image\":{\"@id\":\"https:\/\/otech.uaeh.edu.mx\/noti\/ciencia\/la-musica-nos-conecta-con-nuestra-humanidad\/#primaryimage\"},\"thumbnailUrl\":\"https:\/\/otech.uaeh.edu.mx\/noti\/wp-content\/uploads\/2021\/07\/musica-conecta-humanidad-740x566-1.png\",\"articleSection\":[\"Ciencia\"],\"inLanguage\":\"en-US\",\"potentialAction\":[{\"@type\":\"CommentAction\",\"name\":\"Comment\",\"target\":[\"https:\/\/otech.uaeh.edu.mx\/noti\/ciencia\/la-musica-nos-conecta-con-nuestra-humanidad\/#respond\"]}]},{\"@type\":\"WebPage\",\"@id\":\"https:\/\/otech.uaeh.edu.mx\/noti\/ciencia\/la-musica-nos-conecta-con-nuestra-humanidad\/\",\"url\":\"https:\/\/otech.uaeh.edu.mx\/noti\/ciencia\/la-musica-nos-conecta-con-nuestra-humanidad\/\",\"name\":\"La m\u00fasica nos conecta con nuestra humanidad - Observatorio Tecnol\u00f3gico de Hidalgo\",\"isPartOf\":{\"@id\":\"https:\/\/otech.uaeh.edu.mx\/noti\/#website\"},\"primaryImageOfPage\":{\"@id\":\"https:\/\/otech.uaeh.edu.mx\/noti\/ciencia\/la-musica-nos-conecta-con-nuestra-humanidad\/#primaryimage\"},\"image\":{\"@id\":\"https:\/\/otech.uaeh.edu.mx\/noti\/ciencia\/la-musica-nos-conecta-con-nuestra-humanidad\/#primaryimage\"},\"thumbnailUrl\":\"https:\/\/otech.uaeh.edu.mx\/noti\/wp-content\/uploads\/2021\/07\/musica-conecta-humanidad-740x566-1.png\",\"datePublished\":\"2021-07-05T15:19:14+00:00\",\"dateModified\":\"2021-07-05T15:19:37+00:00\",\"breadcrumb\":{\"@id\":\"https:\/\/otech.uaeh.edu.mx\/noti\/ciencia\/la-musica-nos-conecta-con-nuestra-humanidad\/#breadcrumb\"},\"inLanguage\":\"en-US\",\"potentialAction\":[{\"@type\":\"ReadAction\",\"target\":[\"https:\/\/otech.uaeh.edu.mx\/noti\/ciencia\/la-musica-nos-conecta-con-nuestra-humanidad\/\"]}]},{\"@type\":\"ImageObject\",\"inLanguage\":\"en-US\",\"@id\":\"https:\/\/otech.uaeh.edu.mx\/noti\/ciencia\/la-musica-nos-conecta-con-nuestra-humanidad\/#primaryimage\",\"url\":\"https:\/\/otech.uaeh.edu.mx\/noti\/wp-content\/uploads\/2021\/07\/musica-conecta-humanidad-740x566-1.png\",\"contentUrl\":\"https:\/\/otech.uaeh.edu.mx\/noti\/wp-content\/uploads\/2021\/07\/musica-conecta-humanidad-740x566-1.png\",\"width\":740,\"height\":566},{\"@type\":\"BreadcrumbList\",\"@id\":\"https:\/\/otech.uaeh.edu.mx\/noti\/ciencia\/la-musica-nos-conecta-con-nuestra-humanidad\/#breadcrumb\",\"itemListElement\":[{\"@type\":\"ListItem\",\"position\":1,\"name\":\"Inicio\",\"item\":\"https:\/\/otech.uaeh.edu.mx\/noti\/\"},{\"@type\":\"ListItem\",\"position\":2,\"name\":\"La m\u00fasica nos conecta con nuestra humanidad\"}]},{\"@type\":\"WebSite\",\"@id\":\"https:\/\/otech.uaeh.edu.mx\/noti\/#website\",\"url\":\"https:\/\/otech.uaeh.edu.mx\/noti\/\",\"name\":\"Observatorio Tecnol\u00f3gico de Hidalgo\",\"description\":\"\",\"publisher\":{\"@id\":\"https:\/\/otech.uaeh.edu.mx\/noti\/#organization\"},\"potentialAction\":[{\"@type\":\"SearchAction\",\"target\":{\"@type\":\"EntryPoint\",\"urlTemplate\":\"https:\/\/otech.uaeh.edu.mx\/noti\/?s={search_term_string}\"},\"query-input\":{\"@type\":\"PropertyValueSpecification\",\"valueRequired\":true,\"valueName\":\"search_term_string\"}}],\"inLanguage\":\"en-US\"},{\"@type\":\"Organization\",\"@id\":\"https:\/\/otech.uaeh.edu.mx\/noti\/#organization\",\"name\":\"Observatorio Tecnol\u00f3gico de Hidalgo\",\"url\":\"https:\/\/otech.uaeh.edu.mx\/noti\/\",\"logo\":{\"@type\":\"ImageObject\",\"inLanguage\":\"en-US\",\"@id\":\"https:\/\/otech.uaeh.edu.mx\/noti\/#\/schema\/logo\/image\/\",\"url\":\"https:\/\/otech.uaeh.edu.mx\/noti\/wp-content\/uploads\/2025\/11\/Logo-circulo.png\",\"contentUrl\":\"https:\/\/otech.uaeh.edu.mx\/noti\/wp-content\/uploads\/2025\/11\/Logo-circulo.png\",\"width\":250,\"height\":250,\"caption\":\"Observatorio Tecnol\u00f3gico de Hidalgo\"},\"image\":{\"@id\":\"https:\/\/otech.uaeh.edu.mx\/noti\/#\/schema\/logo\/image\/\"},\"sameAs\":[\"https:\/\/www.facebook.com\/observatoriouaeh\",\"https:\/\/x.com\/OBSERVATORIOEH\"]},{\"@type\":\"Person\",\"@id\":\"https:\/\/otech.uaeh.edu.mx\/noti\/#\/schema\/person\/95263d004158ffabcd98137e1d0abc1c\",\"name\":\"admin\",\"image\":{\"@type\":\"ImageObject\",\"inLanguage\":\"en-US\",\"@id\":\"https:\/\/otech.uaeh.edu.mx\/noti\/#\/schema\/person\/image\/\",\"url\":\"https:\/\/secure.gravatar.com\/avatar\/08dd17208ee6a9e87c5a01c0a5f4c96c8ed24bf05e625630929b5b6a7c1ffa5f?s=96&d=mm&r=g\",\"contentUrl\":\"https:\/\/secure.gravatar.com\/avatar\/08dd17208ee6a9e87c5a01c0a5f4c96c8ed24bf05e625630929b5b6a7c1ffa5f?s=96&d=mm&r=g\",\"caption\":\"admin\"},\"url\":\"https:\/\/otech.uaeh.edu.mx\/noti\/author\/admin\/\"}]}<\/script>\n<!-- \/ Yoast SEO plugin. -->","yoast_head_json":{"title":"La m\u00fasica nos conecta con nuestra humanidad - Observatorio Tecnol\u00f3gico de Hidalgo","robots":{"index":"index","follow":"follow","max-snippet":"max-snippet:-1","max-image-preview":"max-image-preview:large","max-video-preview":"max-video-preview:-1"},"canonical":"https:\/\/otech.uaeh.edu.mx\/noti\/ciencia\/la-musica-nos-conecta-con-nuestra-humanidad\/","og_locale":"en_US","og_type":"article","og_title":"La m\u00fasica nos conecta con nuestra humanidad - Observatorio Tecnol\u00f3gico de Hidalgo","og_description":"Neurocient\u00edficos de la Universidad Bar-Ilan, en Israel, y de la Universidad de Chicago, en Estados Unidos, han identificado importantes redes cerebrales que muestran el impacto de la m\u00fasica como herramienta de conexi\u00f3n e interacci\u00f3n social. Crear y escuchar m\u00fasica produce un incremento de la capacidad de empat\u00eda, nos relaja y potencia nuestras habilidades comunicacionales. En [&hellip;]","og_url":"https:\/\/otech.uaeh.edu.mx\/noti\/ciencia\/la-musica-nos-conecta-con-nuestra-humanidad\/","og_site_name":"Observatorio Tecnol\u00f3gico de Hidalgo","article_publisher":"https:\/\/www.facebook.com\/observatoriouaeh","article_published_time":"2021-07-05T15:19:14+00:00","article_modified_time":"2021-07-05T15:19:37+00:00","og_image":[{"width":740,"height":566,"url":"https:\/\/otech.uaeh.edu.mx\/noti\/wp-content\/uploads\/2021\/07\/musica-conecta-humanidad-740x566-1.png","type":"image\/png"}],"author":"admin","twitter_card":"summary_large_image","twitter_creator":"@OBSERVATORIOEH","twitter_site":"@OBSERVATORIOEH","twitter_misc":{"Written by":"admin","Est. reading time":"3 minutes"},"schema":{"@context":"https:\/\/schema.org","@graph":[{"@type":"Article","@id":"https:\/\/otech.uaeh.edu.mx\/noti\/ciencia\/la-musica-nos-conecta-con-nuestra-humanidad\/#article","isPartOf":{"@id":"https:\/\/otech.uaeh.edu.mx\/noti\/ciencia\/la-musica-nos-conecta-con-nuestra-humanidad\/"},"author":{"name":"admin","@id":"https:\/\/otech.uaeh.edu.mx\/noti\/#\/schema\/person\/95263d004158ffabcd98137e1d0abc1c"},"headline":"La m\u00fasica nos conecta con nuestra humanidad","datePublished":"2021-07-05T15:19:14+00:00","dateModified":"2021-07-05T15:19:37+00:00","mainEntityOfPage":{"@id":"https:\/\/otech.uaeh.edu.mx\/noti\/ciencia\/la-musica-nos-conecta-con-nuestra-humanidad\/"},"wordCount":686,"commentCount":0,"publisher":{"@id":"https:\/\/otech.uaeh.edu.mx\/noti\/#organization"},"image":{"@id":"https:\/\/otech.uaeh.edu.mx\/noti\/ciencia\/la-musica-nos-conecta-con-nuestra-humanidad\/#primaryimage"},"thumbnailUrl":"https:\/\/otech.uaeh.edu.mx\/noti\/wp-content\/uploads\/2021\/07\/musica-conecta-humanidad-740x566-1.png","articleSection":["Ciencia"],"inLanguage":"en-US","potentialAction":[{"@type":"CommentAction","name":"Comment","target":["https:\/\/otech.uaeh.edu.mx\/noti\/ciencia\/la-musica-nos-conecta-con-nuestra-humanidad\/#respond"]}]},{"@type":"WebPage","@id":"https:\/\/otech.uaeh.edu.mx\/noti\/ciencia\/la-musica-nos-conecta-con-nuestra-humanidad\/","url":"https:\/\/otech.uaeh.edu.mx\/noti\/ciencia\/la-musica-nos-conecta-con-nuestra-humanidad\/","name":"La m\u00fasica nos conecta con nuestra humanidad - Observatorio Tecnol\u00f3gico de Hidalgo","isPartOf":{"@id":"https:\/\/otech.uaeh.edu.mx\/noti\/#website"},"primaryImageOfPage":{"@id":"https:\/\/otech.uaeh.edu.mx\/noti\/ciencia\/la-musica-nos-conecta-con-nuestra-humanidad\/#primaryimage"},"image":{"@id":"https:\/\/otech.uaeh.edu.mx\/noti\/ciencia\/la-musica-nos-conecta-con-nuestra-humanidad\/#primaryimage"},"thumbnailUrl":"https:\/\/otech.uaeh.edu.mx\/noti\/wp-content\/uploads\/2021\/07\/musica-conecta-humanidad-740x566-1.png","datePublished":"2021-07-05T15:19:14+00:00","dateModified":"2021-07-05T15:19:37+00:00","breadcrumb":{"@id":"https:\/\/otech.uaeh.edu.mx\/noti\/ciencia\/la-musica-nos-conecta-con-nuestra-humanidad\/#breadcrumb"},"inLanguage":"en-US","potentialAction":[{"@type":"ReadAction","target":["https:\/\/otech.uaeh.edu.mx\/noti\/ciencia\/la-musica-nos-conecta-con-nuestra-humanidad\/"]}]},{"@type":"ImageObject","inLanguage":"en-US","@id":"https:\/\/otech.uaeh.edu.mx\/noti\/ciencia\/la-musica-nos-conecta-con-nuestra-humanidad\/#primaryimage","url":"https:\/\/otech.uaeh.edu.mx\/noti\/wp-content\/uploads\/2021\/07\/musica-conecta-humanidad-740x566-1.png","contentUrl":"https:\/\/otech.uaeh.edu.mx\/noti\/wp-content\/uploads\/2021\/07\/musica-conecta-humanidad-740x566-1.png","width":740,"height":566},{"@type":"BreadcrumbList","@id":"https:\/\/otech.uaeh.edu.mx\/noti\/ciencia\/la-musica-nos-conecta-con-nuestra-humanidad\/#breadcrumb","itemListElement":[{"@type":"ListItem","position":1,"name":"Inicio","item":"https:\/\/otech.uaeh.edu.mx\/noti\/"},{"@type":"ListItem","position":2,"name":"La m\u00fasica nos conecta con nuestra humanidad"}]},{"@type":"WebSite","@id":"https:\/\/otech.uaeh.edu.mx\/noti\/#website","url":"https:\/\/otech.uaeh.edu.mx\/noti\/","name":"Observatorio Tecnol\u00f3gico de Hidalgo","description":"","publisher":{"@id":"https:\/\/otech.uaeh.edu.mx\/noti\/#organization"},"potentialAction":[{"@type":"SearchAction","target":{"@type":"EntryPoint","urlTemplate":"https:\/\/otech.uaeh.edu.mx\/noti\/?s={search_term_string}"},"query-input":{"@type":"PropertyValueSpecification","valueRequired":true,"valueName":"search_term_string"}}],"inLanguage":"en-US"},{"@type":"Organization","@id":"https:\/\/otech.uaeh.edu.mx\/noti\/#organization","name":"Observatorio Tecnol\u00f3gico de Hidalgo","url":"https:\/\/otech.uaeh.edu.mx\/noti\/","logo":{"@type":"ImageObject","inLanguage":"en-US","@id":"https:\/\/otech.uaeh.edu.mx\/noti\/#\/schema\/logo\/image\/","url":"https:\/\/otech.uaeh.edu.mx\/noti\/wp-content\/uploads\/2025\/11\/Logo-circulo.png","contentUrl":"https:\/\/otech.uaeh.edu.mx\/noti\/wp-content\/uploads\/2025\/11\/Logo-circulo.png","width":250,"height":250,"caption":"Observatorio Tecnol\u00f3gico de Hidalgo"},"image":{"@id":"https:\/\/otech.uaeh.edu.mx\/noti\/#\/schema\/logo\/image\/"},"sameAs":["https:\/\/www.facebook.com\/observatoriouaeh","https:\/\/x.com\/OBSERVATORIOEH"]},{"@type":"Person","@id":"https:\/\/otech.uaeh.edu.mx\/noti\/#\/schema\/person\/95263d004158ffabcd98137e1d0abc1c","name":"admin","image":{"@type":"ImageObject","inLanguage":"en-US","@id":"https:\/\/otech.uaeh.edu.mx\/noti\/#\/schema\/person\/image\/","url":"https:\/\/secure.gravatar.com\/avatar\/08dd17208ee6a9e87c5a01c0a5f4c96c8ed24bf05e625630929b5b6a7c1ffa5f?s=96&d=mm&r=g","contentUrl":"https:\/\/secure.gravatar.com\/avatar\/08dd17208ee6a9e87c5a01c0a5f4c96c8ed24bf05e625630929b5b6a7c1ffa5f?s=96&d=mm&r=g","caption":"admin"},"url":"https:\/\/otech.uaeh.edu.mx\/noti\/author\/admin\/"}]}},"_links":{"self":[{"href":"https:\/\/otech.uaeh.edu.mx\/noti\/wp-json\/wp\/v2\/posts\/23482","targetHints":{"allow":["GET"]}}],"collection":[{"href":"https:\/\/otech.uaeh.edu.mx\/noti\/wp-json\/wp\/v2\/posts"}],"about":[{"href":"https:\/\/otech.uaeh.edu.mx\/noti\/wp-json\/wp\/v2\/types\/post"}],"author":[{"embeddable":true,"href":"https:\/\/otech.uaeh.edu.mx\/noti\/wp-json\/wp\/v2\/users\/1"}],"replies":[{"embeddable":true,"href":"https:\/\/otech.uaeh.edu.mx\/noti\/wp-json\/wp\/v2\/comments?post=23482"}],"version-history":[{"count":1,"href":"https:\/\/otech.uaeh.edu.mx\/noti\/wp-json\/wp\/v2\/posts\/23482\/revisions"}],"predecessor-version":[{"id":23484,"href":"https:\/\/otech.uaeh.edu.mx\/noti\/wp-json\/wp\/v2\/posts\/23482\/revisions\/23484"}],"wp:featuredmedia":[{"embeddable":true,"href":"https:\/\/otech.uaeh.edu.mx\/noti\/wp-json\/wp\/v2\/media\/23483"}],"wp:attachment":[{"href":"https:\/\/otech.uaeh.edu.mx\/noti\/wp-json\/wp\/v2\/media?parent=23482"}],"wp:term":[{"taxonomy":"category","embeddable":true,"href":"https:\/\/otech.uaeh.edu.mx\/noti\/wp-json\/wp\/v2\/categories?post=23482"},{"taxonomy":"post_tag","embeddable":true,"href":"https:\/\/otech.uaeh.edu.mx\/noti\/wp-json\/wp\/v2\/tags?post=23482"}],"curies":[{"name":"wp","href":"https:\/\/api.w.org\/{rel}","templated":true}]}}