{"id":23568,"date":"2021-07-08T08:54:07","date_gmt":"2021-07-08T14:54:07","guid":{"rendered":"https:\/\/otech.uaeh.edu.mx\/noti\/?p=23568"},"modified":"2021-07-08T08:54:26","modified_gmt":"2021-07-08T14:54:26","slug":"el-clima-cambio-el-tamano-de-nuestros-cuerpos-y-hasta-cierto-punto-nuestros-cerebros","status":"publish","type":"post","link":"https:\/\/otech.uaeh.edu.mx\/noti\/ciencia\/el-clima-cambio-el-tamano-de-nuestros-cuerpos-y-hasta-cierto-punto-nuestros-cerebros\/","title":{"rendered":"El clima cambi\u00f3 el tama\u00f1o de nuestros cuerpos y, hasta cierto punto, nuestros cerebros"},"content":{"rendered":"<p style=\"text-align: justify;\"><span style=\"color: #000000;\">Un equipo interdisciplinario de investigadores, dirigido por las universidades de Cambridge y T\u00fcbingen, ha recopilado medidas del tama\u00f1o del cuerpo y el cerebro de m\u00e1s de 300 f\u00f3siles del g\u00e9nero\u00a0<em>Homo que se<\/em>\u00a0encuentran en todo el mundo.\u00a0Al combinar estos datos con una reconstrucci\u00f3n de los climas regionales del mundo durante el \u00faltimo mill\u00f3n de a\u00f1os, han identificado el clima espec\u00edfico experimentado por cada f\u00f3sil cuando era un ser humano vivo.<!--more--><\/span><\/p>\n<p style=\"text-align: justify;\"><span style=\"color: #000000;\">El estudio revela que el tama\u00f1o corporal promedio de los humanos ha fluctuado significativamente durante el \u00faltimo mill\u00f3n de a\u00f1os, con cuerpos m\u00e1s grandes evolucionando en regiones m\u00e1s fr\u00edas.\u00a0Se cree que un tama\u00f1o m\u00e1s grande act\u00faa como un amortiguador contra temperaturas m\u00e1s fr\u00edas: un cuerpo pierde menos calor cuando su masa es grande en relaci\u00f3n con su \u00e1rea de superficie.\u00a0Los resultados se\u00a0<a class=\"cam-external\" style=\"color: #000000;\" href=\"https:\/\/www.nature.com\/articles\/s41467-021-24290-7\" target=\"_blank\" rel=\"noopener noreferrer\">publican hoy en la revista\u00a0<em>Nature Communications<\/em><\/a>\u00a0.<\/span><\/p>\n<p style=\"text-align: justify;\"><span style=\"color: #000000;\">Nuestra especie, el\u00a0<em>Homo sapiens<\/em>\u00a0, surgi\u00f3 hace unos 300.000 a\u00f1os en \u00c1frica.\u00a0El g\u00e9nero\u00a0<em>Homo<\/em>\u00a0existe desde hace mucho m\u00e1s tiempo e incluye a los neandertales y otras especies extintas relacionadas, como\u00a0<em>Homo habilis<\/em>\u00a0y\u00a0<em>Homo erectus<\/em>\u00a0.<\/span><\/p>\n<p style=\"text-align: justify;\"><span style=\"color: #000000;\">Un rasgo definitorio de la evoluci\u00f3n de nuestro g\u00e9nero es la tendencia al aumento del tama\u00f1o del cuerpo y del cerebro;\u00a0en comparaci\u00f3n con especies anteriores como\u00a0<em>Homo habilis<\/em>\u00a0, somos un 50% m\u00e1s pesados \u200b\u200by nuestros cerebros son tres veces m\u00e1s grandes.\u00a0Pero los factores que impulsan estos cambios siguen siendo objeto de grandes debates.<\/span><\/p>\n<p style=\"text-align: justify;\"><span style=\"color: #000000;\">&#8220;Nuestro estudio indica que el clima, en particular la temperatura, ha sido el principal impulsor de los cambios en el tama\u00f1o corporal durante los \u00faltimos millones de a\u00f1os&#8221;, dijo la profesora Andrea Manica, investigadora del Departamento de Zoolog\u00eda de la Universidad de Cambridge que dirigi\u00f3 el estudio.<\/span><\/p>\n<p style=\"text-align: justify;\"><span style=\"color: #000000;\">A\u00f1adi\u00f3: \u201cPodemos ver en las personas que viven hoy que las que viven en climas m\u00e1s c\u00e1lidos tienden a ser m\u00e1s peque\u00f1as y las que viven en climas m\u00e1s fr\u00edos tienden a ser m\u00e1s grandes.\u00a0Ahora sabemos que las mismas influencias clim\u00e1ticas han estado operando durante el \u00faltimo mill\u00f3n de a\u00f1os &#8220;.<\/span><\/p>\n<p style=\"text-align: justify;\"><span style=\"color: #000000;\">Los investigadores tambi\u00e9n observaron el efecto de los factores ambientales sobre el tama\u00f1o del cerebro en el g\u00e9nero\u00a0<em>Homo<\/em>\u00a0, pero las correlaciones fueron generalmente d\u00e9biles.\u00a0El tama\u00f1o del cerebro tend\u00eda a ser mayor cuando\u00a0<em>Homo<\/em>\u00a0viv\u00eda en h\u00e1bitats con menos vegetaci\u00f3n, como estepas abiertas y praderas, pero tambi\u00e9n en \u00e1reas ecol\u00f3gicamente m\u00e1s estables.\u00a0En combinaci\u00f3n con datos arqueol\u00f3gicos, los resultados sugieren que las personas que viven en estos h\u00e1bitats cazaban animales grandes como alimento, una tarea compleja que podr\u00eda haber impulsado la evoluci\u00f3n de cerebros m\u00e1s grandes.<\/span><\/p>\n<p style=\"text-align: justify;\"><span style=\"color: #000000;\">\u201cDescubrimos que diferentes factores determinan el tama\u00f1o del cerebro y el tama\u00f1o del cuerpo; no est\u00e1n bajo las mismas presiones evolutivas.\u00a0El medio ambiente tiene una influencia mucho mayor en el tama\u00f1o de nuestro cuerpo que el tama\u00f1o de nuestro cerebro \u201d, dijo el Dr. Manuel Will de la Universidad de Tubingen, Alemania, primer autor del estudio.<\/span><\/p>\n<p style=\"text-align: justify;\"><span style=\"color: #000000;\">A\u00f1adi\u00f3: &#8220;Existe una influencia ambiental indirecta sobre el tama\u00f1o del cerebro en \u00e1reas m\u00e1s estables y abiertas: la cantidad de nutrientes obtenidos del medio ambiente ten\u00eda que ser suficiente para permitir el mantenimiento y el crecimiento de nuestros cerebros grandes y particularmente exigentes de energ\u00eda&#8221;.<\/span><\/p>\n<p style=\"text-align: justify;\"><span style=\"color: #000000;\">Esta investigaci\u00f3n tambi\u00e9n sugiere que los factores no ambientales fueron m\u00e1s importantes para impulsar cerebros m\u00e1s grandes que el clima, siendo los principales candidatos los desaf\u00edos cognitivos adicionales de vidas sociales cada vez m\u00e1s complejas, dietas m\u00e1s diversas y tecnolog\u00eda m\u00e1s sofisticada.<\/span><\/p>\n<p style=\"text-align: justify;\"><span style=\"color: #000000;\">Los investigadores dicen que hay buena evidencia de que el cuerpo humano y el tama\u00f1o del cerebro contin\u00faan evolucionando.\u00a0El f\u00edsico humano todav\u00eda se est\u00e1 adaptando a diferentes temperaturas, y en la actualidad, las personas de cuerpo m\u00e1s grande viven en climas m\u00e1s fr\u00edos.\u00a0El tama\u00f1o del cerebro de nuestra especie parece haberse reducido desde el comienzo del Holoceno (hace unos 11.650 a\u00f1os).\u00a0La creciente dependencia de la tecnolog\u00eda, como la subcontrataci\u00f3n de tareas complejas a las computadoras, puede hacer que los cerebros se encojan a\u00fan m\u00e1s durante los pr\u00f3ximos miles de a\u00f1os.<\/span><\/p>\n<p style=\"text-align: justify;\"><span style=\"color: #000000;\">\u201cEs divertido especular sobre lo que suceder\u00e1 con el tama\u00f1o del cuerpo y el cerebro en el futuro, pero debemos tener cuidado de no extrapolar demasiado en funci\u00f3n del \u00faltimo mill\u00f3n de a\u00f1os porque muchos factores pueden cambiar\u201d, dijo Manica.<\/span><\/p>\n<p style=\"text-align: justify;\"><span style=\"color: #000000;\">Esta investigaci\u00f3n fue financiada por el Consejo Europeo de Investigaci\u00f3n y la Plataforma Cient\u00edfica Ant\u00e1rtica.<\/span><\/p>\n<p style=\"text-align: justify;\"><span style=\"color: #000000;\"><strong><em>Referencia<\/em><\/strong><\/span><\/p>\n<p style=\"text-align: justify;\"><span style=\"color: #000000;\"><em>Will, M. et al: &#8221;\u00a0<a class=\"cam-external\" style=\"color: #000000;\" href=\"https:\/\/www.nature.com\/articles\/s41467-021-24290-7\" target=\"_blank\" rel=\"noopener noreferrer\">Diferentes variables ambientales predicen la evoluci\u00f3n del tama\u00f1o del cuerpo y del cerebro en Homo<\/a>\u00a0&#8220;.\u00a0Nature Communications, julio de 2021. DOI: 10.1038 \/ s41467-021-24290-7<\/em><\/span><\/p>\n<p>Climate changed the size of our bodies and, to some extent, our brains. (2021, 8 julio). Recuperado 8 de julio de 2021, de https:\/\/www.cam.ac.uk\/research\/news\/climate-changed-the-size-of-our-bodies-and-to-some-extent-our-brains<\/p>\n","protected":false},"excerpt":{"rendered":"<p>Un equipo interdisciplinario de investigadores, dirigido por las universidades de Cambridge y T\u00fcbingen, ha recopilado medidas del tama\u00f1o del cuerpo y el cerebro de m\u00e1s de 300 f\u00f3siles del g\u00e9nero\u00a0Homo que se\u00a0encuentran en todo el mundo.\u00a0Al combinar estos datos con una reconstrucci\u00f3n de los climas regionales del mundo durante el \u00faltimo mill\u00f3n de a\u00f1os, han [&hellip;]<\/p>\n","protected":false},"author":1,"featured_media":23569,"comment_status":"open","ping_status":"open","sticky":false,"template":"","format":"standard","meta":{"footnotes":""},"categories":[56],"tags":[],"class_list":["post-23568","post","type-post","status-publish","format-standard","has-post-thumbnail","hentry","category-ciencia"],"yoast_head":"<!-- This site is optimized with the Yoast SEO plugin v26.7 - https:\/\/yoast.com\/wordpress\/plugins\/seo\/ -->\n<title>El clima cambi\u00f3 el tama\u00f1o de nuestros cuerpos y, hasta cierto punto, nuestros cerebros - Observatorio Tecnol\u00f3gico de Hidalgo<\/title>\n<meta name=\"robots\" content=\"index, follow, max-snippet:-1, max-image-preview:large, max-video-preview:-1\" \/>\n<link rel=\"canonical\" href=\"https:\/\/otech.uaeh.edu.mx\/noti\/ciencia\/el-clima-cambio-el-tamano-de-nuestros-cuerpos-y-hasta-cierto-punto-nuestros-cerebros\/\" \/>\n<meta property=\"og:locale\" content=\"en_US\" \/>\n<meta property=\"og:type\" content=\"article\" \/>\n<meta property=\"og:title\" content=\"El clima cambi\u00f3 el tama\u00f1o de nuestros cuerpos y, hasta cierto punto, nuestros cerebros - Observatorio Tecnol\u00f3gico de Hidalgo\" \/>\n<meta property=\"og:description\" content=\"Un equipo interdisciplinario de investigadores, dirigido por las universidades de Cambridge y T\u00fcbingen, ha recopilado medidas del tama\u00f1o del cuerpo y el cerebro de m\u00e1s de 300 f\u00f3siles del g\u00e9nero\u00a0Homo que se\u00a0encuentran en todo el mundo.\u00a0Al combinar estos datos con una reconstrucci\u00f3n de los climas regionales del mundo durante el \u00faltimo mill\u00f3n de a\u00f1os, han [&hellip;]\" \/>\n<meta property=\"og:url\" content=\"https:\/\/otech.uaeh.edu.mx\/noti\/ciencia\/el-clima-cambio-el-tamano-de-nuestros-cuerpos-y-hasta-cierto-punto-nuestros-cerebros\/\" \/>\n<meta property=\"og:site_name\" content=\"Observatorio Tecnol\u00f3gico de Hidalgo\" \/>\n<meta property=\"article:publisher\" content=\"https:\/\/www.facebook.com\/observatoriouaeh\" \/>\n<meta property=\"article:published_time\" content=\"2021-07-08T14:54:07+00:00\" \/>\n<meta property=\"article:modified_time\" content=\"2021-07-08T14:54:26+00:00\" \/>\n<meta property=\"og:image\" content=\"https:\/\/otech.uaeh.edu.mx\/noti\/wp-content\/uploads\/2021\/07\/manicaskullsandfemurs.jpg\" \/>\n\t<meta property=\"og:image:width\" content=\"885\" \/>\n\t<meta property=\"og:image:height\" content=\"432\" \/>\n\t<meta property=\"og:image:type\" content=\"image\/jpeg\" \/>\n<meta name=\"author\" content=\"admin\" \/>\n<meta name=\"twitter:card\" content=\"summary_large_image\" \/>\n<meta name=\"twitter:creator\" content=\"@OBSERVATORIOEH\" \/>\n<meta name=\"twitter:site\" content=\"@OBSERVATORIOEH\" \/>\n<meta name=\"twitter:label1\" content=\"Written by\" \/>\n\t<meta name=\"twitter:data1\" content=\"admin\" \/>\n\t<meta name=\"twitter:label2\" content=\"Est. reading time\" \/>\n\t<meta name=\"twitter:data2\" content=\"4 minutes\" \/>\n<script type=\"application\/ld+json\" class=\"yoast-schema-graph\">{\"@context\":\"https:\/\/schema.org\",\"@graph\":[{\"@type\":\"Article\",\"@id\":\"https:\/\/otech.uaeh.edu.mx\/noti\/ciencia\/el-clima-cambio-el-tamano-de-nuestros-cuerpos-y-hasta-cierto-punto-nuestros-cerebros\/#article\",\"isPartOf\":{\"@id\":\"https:\/\/otech.uaeh.edu.mx\/noti\/ciencia\/el-clima-cambio-el-tamano-de-nuestros-cuerpos-y-hasta-cierto-punto-nuestros-cerebros\/\"},\"author\":{\"name\":\"admin\",\"@id\":\"https:\/\/otech.uaeh.edu.mx\/noti\/#\/schema\/person\/95263d004158ffabcd98137e1d0abc1c\"},\"headline\":\"El clima cambi\u00f3 el tama\u00f1o de nuestros cuerpos y, hasta cierto punto, nuestros cerebros\",\"datePublished\":\"2021-07-08T14:54:07+00:00\",\"dateModified\":\"2021-07-08T14:54:26+00:00\",\"mainEntityOfPage\":{\"@id\":\"https:\/\/otech.uaeh.edu.mx\/noti\/ciencia\/el-clima-cambio-el-tamano-de-nuestros-cuerpos-y-hasta-cierto-punto-nuestros-cerebros\/\"},\"wordCount\":885,\"commentCount\":0,\"publisher\":{\"@id\":\"https:\/\/otech.uaeh.edu.mx\/noti\/#organization\"},\"image\":{\"@id\":\"https:\/\/otech.uaeh.edu.mx\/noti\/ciencia\/el-clima-cambio-el-tamano-de-nuestros-cuerpos-y-hasta-cierto-punto-nuestros-cerebros\/#primaryimage\"},\"thumbnailUrl\":\"https:\/\/otech.uaeh.edu.mx\/noti\/wp-content\/uploads\/2021\/07\/manicaskullsandfemurs.jpg\",\"articleSection\":[\"Ciencia\"],\"inLanguage\":\"en-US\",\"potentialAction\":[{\"@type\":\"CommentAction\",\"name\":\"Comment\",\"target\":[\"https:\/\/otech.uaeh.edu.mx\/noti\/ciencia\/el-clima-cambio-el-tamano-de-nuestros-cuerpos-y-hasta-cierto-punto-nuestros-cerebros\/#respond\"]}]},{\"@type\":\"WebPage\",\"@id\":\"https:\/\/otech.uaeh.edu.mx\/noti\/ciencia\/el-clima-cambio-el-tamano-de-nuestros-cuerpos-y-hasta-cierto-punto-nuestros-cerebros\/\",\"url\":\"https:\/\/otech.uaeh.edu.mx\/noti\/ciencia\/el-clima-cambio-el-tamano-de-nuestros-cuerpos-y-hasta-cierto-punto-nuestros-cerebros\/\",\"name\":\"El clima cambi\u00f3 el tama\u00f1o de nuestros cuerpos y, hasta cierto punto, nuestros cerebros - Observatorio Tecnol\u00f3gico de Hidalgo\",\"isPartOf\":{\"@id\":\"https:\/\/otech.uaeh.edu.mx\/noti\/#website\"},\"primaryImageOfPage\":{\"@id\":\"https:\/\/otech.uaeh.edu.mx\/noti\/ciencia\/el-clima-cambio-el-tamano-de-nuestros-cuerpos-y-hasta-cierto-punto-nuestros-cerebros\/#primaryimage\"},\"image\":{\"@id\":\"https:\/\/otech.uaeh.edu.mx\/noti\/ciencia\/el-clima-cambio-el-tamano-de-nuestros-cuerpos-y-hasta-cierto-punto-nuestros-cerebros\/#primaryimage\"},\"thumbnailUrl\":\"https:\/\/otech.uaeh.edu.mx\/noti\/wp-content\/uploads\/2021\/07\/manicaskullsandfemurs.jpg\",\"datePublished\":\"2021-07-08T14:54:07+00:00\",\"dateModified\":\"2021-07-08T14:54:26+00:00\",\"breadcrumb\":{\"@id\":\"https:\/\/otech.uaeh.edu.mx\/noti\/ciencia\/el-clima-cambio-el-tamano-de-nuestros-cuerpos-y-hasta-cierto-punto-nuestros-cerebros\/#breadcrumb\"},\"inLanguage\":\"en-US\",\"potentialAction\":[{\"@type\":\"ReadAction\",\"target\":[\"https:\/\/otech.uaeh.edu.mx\/noti\/ciencia\/el-clima-cambio-el-tamano-de-nuestros-cuerpos-y-hasta-cierto-punto-nuestros-cerebros\/\"]}]},{\"@type\":\"ImageObject\",\"inLanguage\":\"en-US\",\"@id\":\"https:\/\/otech.uaeh.edu.mx\/noti\/ciencia\/el-clima-cambio-el-tamano-de-nuestros-cuerpos-y-hasta-cierto-punto-nuestros-cerebros\/#primaryimage\",\"url\":\"https:\/\/otech.uaeh.edu.mx\/noti\/wp-content\/uploads\/2021\/07\/manicaskullsandfemurs.jpg\",\"contentUrl\":\"https:\/\/otech.uaeh.edu.mx\/noti\/wp-content\/uploads\/2021\/07\/manicaskullsandfemurs.jpg\",\"width\":885,\"height\":432},{\"@type\":\"BreadcrumbList\",\"@id\":\"https:\/\/otech.uaeh.edu.mx\/noti\/ciencia\/el-clima-cambio-el-tamano-de-nuestros-cuerpos-y-hasta-cierto-punto-nuestros-cerebros\/#breadcrumb\",\"itemListElement\":[{\"@type\":\"ListItem\",\"position\":1,\"name\":\"Inicio\",\"item\":\"https:\/\/otech.uaeh.edu.mx\/noti\/\"},{\"@type\":\"ListItem\",\"position\":2,\"name\":\"El clima cambi\u00f3 el tama\u00f1o de nuestros cuerpos y, hasta cierto punto, nuestros cerebros\"}]},{\"@type\":\"WebSite\",\"@id\":\"https:\/\/otech.uaeh.edu.mx\/noti\/#website\",\"url\":\"https:\/\/otech.uaeh.edu.mx\/noti\/\",\"name\":\"Observatorio Tecnol\u00f3gico de Hidalgo\",\"description\":\"\",\"publisher\":{\"@id\":\"https:\/\/otech.uaeh.edu.mx\/noti\/#organization\"},\"potentialAction\":[{\"@type\":\"SearchAction\",\"target\":{\"@type\":\"EntryPoint\",\"urlTemplate\":\"https:\/\/otech.uaeh.edu.mx\/noti\/?s={search_term_string}\"},\"query-input\":{\"@type\":\"PropertyValueSpecification\",\"valueRequired\":true,\"valueName\":\"search_term_string\"}}],\"inLanguage\":\"en-US\"},{\"@type\":\"Organization\",\"@id\":\"https:\/\/otech.uaeh.edu.mx\/noti\/#organization\",\"name\":\"Observatorio Tecnol\u00f3gico de Hidalgo\",\"url\":\"https:\/\/otech.uaeh.edu.mx\/noti\/\",\"logo\":{\"@type\":\"ImageObject\",\"inLanguage\":\"en-US\",\"@id\":\"https:\/\/otech.uaeh.edu.mx\/noti\/#\/schema\/logo\/image\/\",\"url\":\"https:\/\/otech.uaeh.edu.mx\/noti\/wp-content\/uploads\/2025\/11\/Logo-circulo.png\",\"contentUrl\":\"https:\/\/otech.uaeh.edu.mx\/noti\/wp-content\/uploads\/2025\/11\/Logo-circulo.png\",\"width\":250,\"height\":250,\"caption\":\"Observatorio Tecnol\u00f3gico de Hidalgo\"},\"image\":{\"@id\":\"https:\/\/otech.uaeh.edu.mx\/noti\/#\/schema\/logo\/image\/\"},\"sameAs\":[\"https:\/\/www.facebook.com\/observatoriouaeh\",\"https:\/\/x.com\/OBSERVATORIOEH\"]},{\"@type\":\"Person\",\"@id\":\"https:\/\/otech.uaeh.edu.mx\/noti\/#\/schema\/person\/95263d004158ffabcd98137e1d0abc1c\",\"name\":\"admin\",\"image\":{\"@type\":\"ImageObject\",\"inLanguage\":\"en-US\",\"@id\":\"https:\/\/otech.uaeh.edu.mx\/noti\/#\/schema\/person\/image\/\",\"url\":\"https:\/\/secure.gravatar.com\/avatar\/08dd17208ee6a9e87c5a01c0a5f4c96c8ed24bf05e625630929b5b6a7c1ffa5f?s=96&d=mm&r=g\",\"contentUrl\":\"https:\/\/secure.gravatar.com\/avatar\/08dd17208ee6a9e87c5a01c0a5f4c96c8ed24bf05e625630929b5b6a7c1ffa5f?s=96&d=mm&r=g\",\"caption\":\"admin\"},\"url\":\"https:\/\/otech.uaeh.edu.mx\/noti\/author\/admin\/\"}]}<\/script>\n<!-- \/ Yoast SEO plugin. -->","yoast_head_json":{"title":"El clima cambi\u00f3 el tama\u00f1o de nuestros cuerpos y, hasta cierto punto, nuestros cerebros - Observatorio Tecnol\u00f3gico de Hidalgo","robots":{"index":"index","follow":"follow","max-snippet":"max-snippet:-1","max-image-preview":"max-image-preview:large","max-video-preview":"max-video-preview:-1"},"canonical":"https:\/\/otech.uaeh.edu.mx\/noti\/ciencia\/el-clima-cambio-el-tamano-de-nuestros-cuerpos-y-hasta-cierto-punto-nuestros-cerebros\/","og_locale":"en_US","og_type":"article","og_title":"El clima cambi\u00f3 el tama\u00f1o de nuestros cuerpos y, hasta cierto punto, nuestros cerebros - Observatorio Tecnol\u00f3gico de Hidalgo","og_description":"Un equipo interdisciplinario de investigadores, dirigido por las universidades de Cambridge y T\u00fcbingen, ha recopilado medidas del tama\u00f1o del cuerpo y el cerebro de m\u00e1s de 300 f\u00f3siles del g\u00e9nero\u00a0Homo que se\u00a0encuentran en todo el mundo.\u00a0Al combinar estos datos con una reconstrucci\u00f3n de los climas regionales del mundo durante el \u00faltimo mill\u00f3n de a\u00f1os, han [&hellip;]","og_url":"https:\/\/otech.uaeh.edu.mx\/noti\/ciencia\/el-clima-cambio-el-tamano-de-nuestros-cuerpos-y-hasta-cierto-punto-nuestros-cerebros\/","og_site_name":"Observatorio Tecnol\u00f3gico de Hidalgo","article_publisher":"https:\/\/www.facebook.com\/observatoriouaeh","article_published_time":"2021-07-08T14:54:07+00:00","article_modified_time":"2021-07-08T14:54:26+00:00","og_image":[{"width":885,"height":432,"url":"https:\/\/otech.uaeh.edu.mx\/noti\/wp-content\/uploads\/2021\/07\/manicaskullsandfemurs.jpg","type":"image\/jpeg"}],"author":"admin","twitter_card":"summary_large_image","twitter_creator":"@OBSERVATORIOEH","twitter_site":"@OBSERVATORIOEH","twitter_misc":{"Written by":"admin","Est. reading time":"4 minutes"},"schema":{"@context":"https:\/\/schema.org","@graph":[{"@type":"Article","@id":"https:\/\/otech.uaeh.edu.mx\/noti\/ciencia\/el-clima-cambio-el-tamano-de-nuestros-cuerpos-y-hasta-cierto-punto-nuestros-cerebros\/#article","isPartOf":{"@id":"https:\/\/otech.uaeh.edu.mx\/noti\/ciencia\/el-clima-cambio-el-tamano-de-nuestros-cuerpos-y-hasta-cierto-punto-nuestros-cerebros\/"},"author":{"name":"admin","@id":"https:\/\/otech.uaeh.edu.mx\/noti\/#\/schema\/person\/95263d004158ffabcd98137e1d0abc1c"},"headline":"El clima cambi\u00f3 el tama\u00f1o de nuestros cuerpos y, hasta cierto punto, nuestros cerebros","datePublished":"2021-07-08T14:54:07+00:00","dateModified":"2021-07-08T14:54:26+00:00","mainEntityOfPage":{"@id":"https:\/\/otech.uaeh.edu.mx\/noti\/ciencia\/el-clima-cambio-el-tamano-de-nuestros-cuerpos-y-hasta-cierto-punto-nuestros-cerebros\/"},"wordCount":885,"commentCount":0,"publisher":{"@id":"https:\/\/otech.uaeh.edu.mx\/noti\/#organization"},"image":{"@id":"https:\/\/otech.uaeh.edu.mx\/noti\/ciencia\/el-clima-cambio-el-tamano-de-nuestros-cuerpos-y-hasta-cierto-punto-nuestros-cerebros\/#primaryimage"},"thumbnailUrl":"https:\/\/otech.uaeh.edu.mx\/noti\/wp-content\/uploads\/2021\/07\/manicaskullsandfemurs.jpg","articleSection":["Ciencia"],"inLanguage":"en-US","potentialAction":[{"@type":"CommentAction","name":"Comment","target":["https:\/\/otech.uaeh.edu.mx\/noti\/ciencia\/el-clima-cambio-el-tamano-de-nuestros-cuerpos-y-hasta-cierto-punto-nuestros-cerebros\/#respond"]}]},{"@type":"WebPage","@id":"https:\/\/otech.uaeh.edu.mx\/noti\/ciencia\/el-clima-cambio-el-tamano-de-nuestros-cuerpos-y-hasta-cierto-punto-nuestros-cerebros\/","url":"https:\/\/otech.uaeh.edu.mx\/noti\/ciencia\/el-clima-cambio-el-tamano-de-nuestros-cuerpos-y-hasta-cierto-punto-nuestros-cerebros\/","name":"El clima cambi\u00f3 el tama\u00f1o de nuestros cuerpos y, hasta cierto punto, nuestros cerebros - Observatorio Tecnol\u00f3gico de Hidalgo","isPartOf":{"@id":"https:\/\/otech.uaeh.edu.mx\/noti\/#website"},"primaryImageOfPage":{"@id":"https:\/\/otech.uaeh.edu.mx\/noti\/ciencia\/el-clima-cambio-el-tamano-de-nuestros-cuerpos-y-hasta-cierto-punto-nuestros-cerebros\/#primaryimage"},"image":{"@id":"https:\/\/otech.uaeh.edu.mx\/noti\/ciencia\/el-clima-cambio-el-tamano-de-nuestros-cuerpos-y-hasta-cierto-punto-nuestros-cerebros\/#primaryimage"},"thumbnailUrl":"https:\/\/otech.uaeh.edu.mx\/noti\/wp-content\/uploads\/2021\/07\/manicaskullsandfemurs.jpg","datePublished":"2021-07-08T14:54:07+00:00","dateModified":"2021-07-08T14:54:26+00:00","breadcrumb":{"@id":"https:\/\/otech.uaeh.edu.mx\/noti\/ciencia\/el-clima-cambio-el-tamano-de-nuestros-cuerpos-y-hasta-cierto-punto-nuestros-cerebros\/#breadcrumb"},"inLanguage":"en-US","potentialAction":[{"@type":"ReadAction","target":["https:\/\/otech.uaeh.edu.mx\/noti\/ciencia\/el-clima-cambio-el-tamano-de-nuestros-cuerpos-y-hasta-cierto-punto-nuestros-cerebros\/"]}]},{"@type":"ImageObject","inLanguage":"en-US","@id":"https:\/\/otech.uaeh.edu.mx\/noti\/ciencia\/el-clima-cambio-el-tamano-de-nuestros-cuerpos-y-hasta-cierto-punto-nuestros-cerebros\/#primaryimage","url":"https:\/\/otech.uaeh.edu.mx\/noti\/wp-content\/uploads\/2021\/07\/manicaskullsandfemurs.jpg","contentUrl":"https:\/\/otech.uaeh.edu.mx\/noti\/wp-content\/uploads\/2021\/07\/manicaskullsandfemurs.jpg","width":885,"height":432},{"@type":"BreadcrumbList","@id":"https:\/\/otech.uaeh.edu.mx\/noti\/ciencia\/el-clima-cambio-el-tamano-de-nuestros-cuerpos-y-hasta-cierto-punto-nuestros-cerebros\/#breadcrumb","itemListElement":[{"@type":"ListItem","position":1,"name":"Inicio","item":"https:\/\/otech.uaeh.edu.mx\/noti\/"},{"@type":"ListItem","position":2,"name":"El clima cambi\u00f3 el tama\u00f1o de nuestros cuerpos y, hasta cierto punto, nuestros cerebros"}]},{"@type":"WebSite","@id":"https:\/\/otech.uaeh.edu.mx\/noti\/#website","url":"https:\/\/otech.uaeh.edu.mx\/noti\/","name":"Observatorio Tecnol\u00f3gico de Hidalgo","description":"","publisher":{"@id":"https:\/\/otech.uaeh.edu.mx\/noti\/#organization"},"potentialAction":[{"@type":"SearchAction","target":{"@type":"EntryPoint","urlTemplate":"https:\/\/otech.uaeh.edu.mx\/noti\/?s={search_term_string}"},"query-input":{"@type":"PropertyValueSpecification","valueRequired":true,"valueName":"search_term_string"}}],"inLanguage":"en-US"},{"@type":"Organization","@id":"https:\/\/otech.uaeh.edu.mx\/noti\/#organization","name":"Observatorio Tecnol\u00f3gico de Hidalgo","url":"https:\/\/otech.uaeh.edu.mx\/noti\/","logo":{"@type":"ImageObject","inLanguage":"en-US","@id":"https:\/\/otech.uaeh.edu.mx\/noti\/#\/schema\/logo\/image\/","url":"https:\/\/otech.uaeh.edu.mx\/noti\/wp-content\/uploads\/2025\/11\/Logo-circulo.png","contentUrl":"https:\/\/otech.uaeh.edu.mx\/noti\/wp-content\/uploads\/2025\/11\/Logo-circulo.png","width":250,"height":250,"caption":"Observatorio Tecnol\u00f3gico de Hidalgo"},"image":{"@id":"https:\/\/otech.uaeh.edu.mx\/noti\/#\/schema\/logo\/image\/"},"sameAs":["https:\/\/www.facebook.com\/observatoriouaeh","https:\/\/x.com\/OBSERVATORIOEH"]},{"@type":"Person","@id":"https:\/\/otech.uaeh.edu.mx\/noti\/#\/schema\/person\/95263d004158ffabcd98137e1d0abc1c","name":"admin","image":{"@type":"ImageObject","inLanguage":"en-US","@id":"https:\/\/otech.uaeh.edu.mx\/noti\/#\/schema\/person\/image\/","url":"https:\/\/secure.gravatar.com\/avatar\/08dd17208ee6a9e87c5a01c0a5f4c96c8ed24bf05e625630929b5b6a7c1ffa5f?s=96&d=mm&r=g","contentUrl":"https:\/\/secure.gravatar.com\/avatar\/08dd17208ee6a9e87c5a01c0a5f4c96c8ed24bf05e625630929b5b6a7c1ffa5f?s=96&d=mm&r=g","caption":"admin"},"url":"https:\/\/otech.uaeh.edu.mx\/noti\/author\/admin\/"}]}},"_links":{"self":[{"href":"https:\/\/otech.uaeh.edu.mx\/noti\/wp-json\/wp\/v2\/posts\/23568","targetHints":{"allow":["GET"]}}],"collection":[{"href":"https:\/\/otech.uaeh.edu.mx\/noti\/wp-json\/wp\/v2\/posts"}],"about":[{"href":"https:\/\/otech.uaeh.edu.mx\/noti\/wp-json\/wp\/v2\/types\/post"}],"author":[{"embeddable":true,"href":"https:\/\/otech.uaeh.edu.mx\/noti\/wp-json\/wp\/v2\/users\/1"}],"replies":[{"embeddable":true,"href":"https:\/\/otech.uaeh.edu.mx\/noti\/wp-json\/wp\/v2\/comments?post=23568"}],"version-history":[{"count":1,"href":"https:\/\/otech.uaeh.edu.mx\/noti\/wp-json\/wp\/v2\/posts\/23568\/revisions"}],"predecessor-version":[{"id":23570,"href":"https:\/\/otech.uaeh.edu.mx\/noti\/wp-json\/wp\/v2\/posts\/23568\/revisions\/23570"}],"wp:featuredmedia":[{"embeddable":true,"href":"https:\/\/otech.uaeh.edu.mx\/noti\/wp-json\/wp\/v2\/media\/23569"}],"wp:attachment":[{"href":"https:\/\/otech.uaeh.edu.mx\/noti\/wp-json\/wp\/v2\/media?parent=23568"}],"wp:term":[{"taxonomy":"category","embeddable":true,"href":"https:\/\/otech.uaeh.edu.mx\/noti\/wp-json\/wp\/v2\/categories?post=23568"},{"taxonomy":"post_tag","embeddable":true,"href":"https:\/\/otech.uaeh.edu.mx\/noti\/wp-json\/wp\/v2\/tags?post=23568"}],"curies":[{"name":"wp","href":"https:\/\/api.w.org\/{rel}","templated":true}]}}