{"id":25830,"date":"2022-01-06T10:08:33","date_gmt":"2022-01-06T16:08:33","guid":{"rendered":"https:\/\/otech.uaeh.edu.mx\/noti\/?p=25830"},"modified":"2022-01-06T10:08:33","modified_gmt":"2022-01-06T16:08:33","slug":"mitticool-la-nevera-sin-electricidad","status":"publish","type":"post","link":"https:\/\/otech.uaeh.edu.mx\/noti\/verde\/mitticool-la-nevera-sin-electricidad\/","title":{"rendered":"Mitticool. La nevera sin electricidad"},"content":{"rendered":"<div class=\"ytp-chrome-top ytp-show-cards-title\" data-layer=\"1\">\n<div class=\"ytp-title\">\n<div class=\"ytp-title-text\">\n<p style=\"text-align: justify;\"><span style=\"color: #000000;\"><strong>La nevera de los pobres.\u00a0<\/strong>As\u00ed se conoce en la India a Mitticool, el ingenio de\u00a0<strong>Mansukhbhai Prajapati.\u00a0<\/strong>Y es que este artesano indio, ha conseguido dise\u00f1ar una nevera que funciona sin electricidad. Puede guardar frescas frutas y verduras hasta 3 d\u00edas.<!--more--><\/span><\/p>\n<p><span id=\"more-8954\" style=\"color: #000000;\"><\/span><\/p>\n<p style=\"text-align: justify;\"><span style=\"color: #000000;\">Miticool es ideal para zonas en desarrollo y pobres, adem\u00e1s de su precio, notablemente inferior que un refrigerador normal, recordemos que el acceso a la electricidad de manera constante y continua es un lujo que no todos los habitantes de muchos pa\u00edses pueden disfrutar. Los m\u00e1s necesitados sue\u00f1an con tener una nevera en sus casas, pero no tienen el dinero para comprarla, y aunque la tuvieran, no podr\u00edan pagar la electricidad.<\/span><\/p>\n<div class=\"wp-block-image\" style=\"text-align: justify;\">\n<figure class=\"aligncenter size-full\"><span style=\"color: #000000;\"><img loading=\"lazy\" decoding=\"async\" class=\"wp-image-8962 perfmatters-lazy loaded\" src=\"https:\/\/ecoinventos.com\/wp-content\/uploads\/2014\/01\/miticool.jpg\" sizes=\"auto, (max-width: 620px) 100vw, 620px\" srcset=\"https:\/\/ecoinventos.com\/wp-content\/uploads\/2014\/01\/miticool.jpg 620w, https:\/\/ecoinventos.com\/wp-content\/uploads\/2014\/01\/miticool-300x200.jpg 300w\" alt=\"miticool\" width=\"620\" height=\"414\" data-src=\"https:\/\/ecoinventos.com\/wp-content\/uploads\/2014\/01\/miticool.jpg\" data-srcset=\"https:\/\/ecoinventos.com\/wp-content\/uploads\/2014\/01\/miticool.jpg 620w, https:\/\/ecoinventos.com\/wp-content\/uploads\/2014\/01\/miticool-300x200.jpg 300w\" data-sizes=\"(max-width: 620px) 100vw, 620px\" data-was-processed=\"true\" \/><\/span><\/figure>\n<\/div>\n<p style=\"text-align: justify;\"><span style=\"color: #000000;\">Est\u00e1 hecha con arcilla y funciona por el principio de evaporaci\u00f3n. El agua de la c\u00e1mara superior gotea por los lados y cuando se evapora absorbe el calor de dentro reduciendo la temperatura.<\/span><\/p>\n<p style=\"text-align: justify;\"><span style=\"color: #000000;\">Un prototipo del que hace un tiempo hablamos, Oltu,\u00a0premiado por el jurado espa\u00f1ol como ganador del\u00a0<strong>James Dyson Award 2013,\u00a0<\/strong>comparte ciertas similitudes con este ingenio Indio.<\/span><\/p>\n<h2 style=\"text-align: justify;\"><span style=\"color: #000000;\">Importancia de inventos como\u00a0Mitticool.<\/span><\/h2>\n<p style=\"text-align: justify;\"><span style=\"color: #000000;\">La importancia de estos inventos radica en su capacidad de trabajar sin consumo el\u00e9ctrico y ademas, tener un proceso de fabricaci\u00f3n y materiales much\u00edsimo mas respetuosos con el medio ambiente que los convencionales.<\/span><\/p>\n<div class=\"wp-block-image\" style=\"text-align: justify;\">\n<figure class=\"aligncenter size-full\"><span style=\"color: #000000;\"><img loading=\"lazy\" decoding=\"async\" class=\"wp-image-10585 perfmatters-lazy loaded\" src=\"https:\/\/ecoinventos.com\/wp-content\/uploads\/2014\/05\/MittiCool-Refrigerator-2.jpg\" sizes=\"auto, (max-width: 700px) 100vw, 700px\" srcset=\"https:\/\/ecoinventos.com\/wp-content\/uploads\/2014\/05\/MittiCool-Refrigerator-2.jpg 700w, https:\/\/ecoinventos.com\/wp-content\/uploads\/2014\/05\/MittiCool-Refrigerator-2-300x186.jpg 300w, https:\/\/ecoinventos.com\/wp-content\/uploads\/2014\/05\/MittiCool-Refrigerator-2-620x386.jpg 620w\" alt=\"MittiCool-Refrigerator-2\" width=\"700\" height=\"436\" data-src=\"https:\/\/ecoinventos.com\/wp-content\/uploads\/2014\/05\/MittiCool-Refrigerator-2.jpg\" data-srcset=\"https:\/\/ecoinventos.com\/wp-content\/uploads\/2014\/05\/MittiCool-Refrigerator-2.jpg 700w, https:\/\/ecoinventos.com\/wp-content\/uploads\/2014\/05\/MittiCool-Refrigerator-2-300x186.jpg 300w, https:\/\/ecoinventos.com\/wp-content\/uploads\/2014\/05\/MittiCool-Refrigerator-2-620x386.jpg 620w\" data-sizes=\"(max-width: 700px) 100vw, 700px\" data-was-processed=\"true\" \/><\/span><\/figure>\n<\/div>\n<p style=\"text-align: justify;\"><span style=\"color: #000000;\">Para que os hag\u00e1is una idea, el frigor\u00edfico es el electrodom\u00e9stico que, con diferencia, mas electricidad consume. Al tener un continuo uso, se desconecta en muy contadas ocasiones a lo largo de su vida \u00fatil, tiene un consumo muy elevado, aunque su potencia no sea muy grande: unos 200 W, frente a un secador de pelo que puede alcanzar potencias de 2.000 W.<\/span><\/p>\n<div id=\"ecoin-0b8eda8f8f41414baef6757db23028c7\" class=\"ecoin-0b8eda8f8f41414baef6757db23028c7 ecoin-mitad-contenido\" style=\"text-align: justify;\"><\/div>\n<p style=\"text-align: justify;\"><span style=\"color: #000000;\">Casi el 19 % de la electricidad consumida en los hogares espa\u00f1oles se destina a la refrigeraci\u00f3n y congelaci\u00f3n de alimentos.<\/span><\/p>\n<p style=\"text-align: justify;\"><span style=\"color: #000000;\">La principal causa de perdida de fri\u00f3 en un frigor\u00edfico se debe al aislante. As\u00ed, las clases mas eficientes cuentan con un mejor aislamiento.<\/span><\/p>\n<div class=\"wp-block-image\" style=\"text-align: justify;\">\n<figure class=\"aligncenter size-full\"><span style=\"color: #000000;\"><img loading=\"lazy\" decoding=\"async\" class=\"wp-image-156179 perfmatters-lazy loaded\" src=\"https:\/\/ecoinventos.com\/wp-content\/uploads\/2022\/01\/Mitticool.jpeg\" sizes=\"auto, (max-width: 696px) 100vw, 696px\" srcset=\"https:\/\/ecoinventos.com\/wp-content\/uploads\/2022\/01\/Mitticool.jpeg 696w, https:\/\/ecoinventos.com\/wp-content\/uploads\/2022\/01\/Mitticool-300x194.jpeg 300w\" alt=\"\" width=\"696\" height=\"451\" data-src=\"https:\/\/ecoinventos.com\/wp-content\/uploads\/2022\/01\/Mitticool.jpeg\" data-srcset=\"https:\/\/ecoinventos.com\/wp-content\/uploads\/2022\/01\/Mitticool.jpeg 696w, https:\/\/ecoinventos.com\/wp-content\/uploads\/2022\/01\/Mitticool-300x194.jpeg 300w\" data-sizes=\"(max-width: 696px) 100vw, 696px\" data-was-processed=\"true\" \/><\/span><\/figure>\n<\/div>\n<p style=\"text-align: justify;\"><span style=\"color: #000000;\">A diferencia de otros electrodom\u00e9sticos las prestaciones del frigor\u00edfico dependen muy mucho de las condiciones del lugar donde se ubique. Lo mejor es permitir la ventilaci\u00f3n de su parte trasera y que este alejado de focos de calor o radiaci\u00f3n solar directa.<\/span><\/p>\n<p style=\"text-align: justify;\"><span style=\"color: #000000;\">La \u00fanica pega es que este proceso de enfriamiento gracias a la evaporaci\u00f3n del agua s\u00f3lo funciona en climas c\u00e1lidos y secos.<\/span><\/p>\n<p style=\"text-align: justify;\"><span style=\"color: #000000;\">Os dejo un v\u00eddeo con los comienzos de este invento:<\/span><\/p>\n<figure class=\"wp-block-embed is-type-video is-provider-youtube wp-block-embed-youtube wp-embed-aspect-4-3 wp-has-aspect-ratio\" style=\"text-align: justify;\">\n<div class=\"wp-block-embed__wrapper\"><iframe loading=\"lazy\" title=\"MittiCool\" src=\"https:\/\/www.youtube-nocookie.com\/embed\/zqasYTFSfd0?feature=oembed\" width=\"500\" height=\"375\" frameborder=\"0\" allowfullscreen=\"allowfullscreen\"><\/iframe><\/div>\n<\/figure>\n<p style=\"text-align: justify;\"><span style=\"color: #000000;\"><strong>+ Informaci\u00f3n:<\/strong>\u00a0<a style=\"color: #000000;\" href=\"https:\/\/mitticool.com\/product\/mitticool-clay-refrigerator50-liter\/\" target=\"_blank\" rel=\"noopener noreferrer\">mitticool.in<\/a><\/span><\/p>\n<\/div>\n<\/div>\n<\/div>\n<p style=\"text-align: justify;\"><span style=\"color: #000000;\">Fuente:\u00a0<\/span><\/p>\n<p style=\"text-align: justify;\"><span style=\"color: #000000;\">R. (2022, 6 enero). <i>Mitticool. La nevera sin electricidad<\/i>. EcoInventos. Recuperado 6 de enero de 2022, de https:\/\/ecoinventos.com\/mitticool-la-nevera-de-los-pobres\/<\/span><\/p>\n","protected":false},"excerpt":{"rendered":"<p>La nevera de los pobres.\u00a0As\u00ed se conoce en la India a Mitticool, el ingenio de\u00a0Mansukhbhai Prajapati.\u00a0Y es que este artesano indio, ha conseguido dise\u00f1ar una nevera que funciona sin electricidad. Puede guardar frescas frutas y verduras hasta 3 d\u00edas.<\/p>\n","protected":false},"author":1,"featured_media":25831,"comment_status":"open","ping_status":"open","sticky":false,"template":"","format":"standard","meta":{"footnotes":""},"categories":[229],"tags":[],"class_list":["post-25830","post","type-post","status-publish","format-standard","has-post-thumbnail","hentry","category-verde"],"yoast_head":"<!-- This site is optimized with the Yoast SEO plugin v26.7 - https:\/\/yoast.com\/wordpress\/plugins\/seo\/ -->\n<title>Mitticool. La nevera sin electricidad - Observatorio Tecnol\u00f3gico de Hidalgo<\/title>\n<meta name=\"robots\" content=\"index, follow, max-snippet:-1, max-image-preview:large, max-video-preview:-1\" \/>\n<link rel=\"canonical\" href=\"https:\/\/otech.uaeh.edu.mx\/noti\/verde\/mitticool-la-nevera-sin-electricidad\/\" \/>\n<meta property=\"og:locale\" content=\"en_US\" \/>\n<meta property=\"og:type\" content=\"article\" \/>\n<meta property=\"og:title\" content=\"Mitticool. La nevera sin electricidad - Observatorio Tecnol\u00f3gico de Hidalgo\" \/>\n<meta property=\"og:description\" content=\"La nevera de los pobres.\u00a0As\u00ed se conoce en la India a Mitticool, el ingenio de\u00a0Mansukhbhai Prajapati.\u00a0Y es que este artesano indio, ha conseguido dise\u00f1ar una nevera que funciona sin electricidad. Puede guardar frescas frutas y verduras hasta 3 d\u00edas.\" \/>\n<meta property=\"og:url\" content=\"https:\/\/otech.uaeh.edu.mx\/noti\/verde\/mitticool-la-nevera-sin-electricidad\/\" \/>\n<meta property=\"og:site_name\" content=\"Observatorio Tecnol\u00f3gico de Hidalgo\" \/>\n<meta property=\"article:publisher\" content=\"https:\/\/www.facebook.com\/observatoriouaeh\" \/>\n<meta property=\"article:published_time\" content=\"2022-01-06T16:08:33+00:00\" \/>\n<meta property=\"og:image\" content=\"https:\/\/otech.uaeh.edu.mx\/noti\/wp-content\/uploads\/2022\/01\/MittiCool-frigorifico.jpg\" \/>\n\t<meta property=\"og:image:width\" content=\"620\" \/>\n\t<meta property=\"og:image:height\" content=\"933\" \/>\n\t<meta property=\"og:image:type\" content=\"image\/jpeg\" \/>\n<meta name=\"author\" content=\"admin\" \/>\n<meta name=\"twitter:card\" content=\"summary_large_image\" \/>\n<meta name=\"twitter:creator\" content=\"@OBSERVATORIOEH\" \/>\n<meta name=\"twitter:site\" content=\"@OBSERVATORIOEH\" \/>\n<meta name=\"twitter:label1\" content=\"Written by\" \/>\n\t<meta name=\"twitter:data1\" content=\"admin\" \/>\n\t<meta name=\"twitter:label2\" content=\"Est. reading time\" \/>\n\t<meta name=\"twitter:data2\" content=\"2 minutes\" \/>\n<script type=\"application\/ld+json\" class=\"yoast-schema-graph\">{\"@context\":\"https:\/\/schema.org\",\"@graph\":[{\"@type\":\"Article\",\"@id\":\"https:\/\/otech.uaeh.edu.mx\/noti\/verde\/mitticool-la-nevera-sin-electricidad\/#article\",\"isPartOf\":{\"@id\":\"https:\/\/otech.uaeh.edu.mx\/noti\/verde\/mitticool-la-nevera-sin-electricidad\/\"},\"author\":{\"name\":\"admin\",\"@id\":\"https:\/\/otech.uaeh.edu.mx\/noti\/#\/schema\/person\/95263d004158ffabcd98137e1d0abc1c\"},\"headline\":\"Mitticool. La nevera sin electricidad\",\"datePublished\":\"2022-01-06T16:08:33+00:00\",\"mainEntityOfPage\":{\"@id\":\"https:\/\/otech.uaeh.edu.mx\/noti\/verde\/mitticool-la-nevera-sin-electricidad\/\"},\"wordCount\":443,\"commentCount\":0,\"publisher\":{\"@id\":\"https:\/\/otech.uaeh.edu.mx\/noti\/#organization\"},\"image\":{\"@id\":\"https:\/\/otech.uaeh.edu.mx\/noti\/verde\/mitticool-la-nevera-sin-electricidad\/#primaryimage\"},\"thumbnailUrl\":\"https:\/\/otech.uaeh.edu.mx\/noti\/wp-content\/uploads\/2022\/01\/MittiCool-frigorifico.jpg\",\"articleSection\":[\"Tecnolog\u00eda Verde\"],\"inLanguage\":\"en-US\",\"potentialAction\":[{\"@type\":\"CommentAction\",\"name\":\"Comment\",\"target\":[\"https:\/\/otech.uaeh.edu.mx\/noti\/verde\/mitticool-la-nevera-sin-electricidad\/#respond\"]}]},{\"@type\":\"WebPage\",\"@id\":\"https:\/\/otech.uaeh.edu.mx\/noti\/verde\/mitticool-la-nevera-sin-electricidad\/\",\"url\":\"https:\/\/otech.uaeh.edu.mx\/noti\/verde\/mitticool-la-nevera-sin-electricidad\/\",\"name\":\"Mitticool. La nevera sin electricidad - Observatorio Tecnol\u00f3gico de Hidalgo\",\"isPartOf\":{\"@id\":\"https:\/\/otech.uaeh.edu.mx\/noti\/#website\"},\"primaryImageOfPage\":{\"@id\":\"https:\/\/otech.uaeh.edu.mx\/noti\/verde\/mitticool-la-nevera-sin-electricidad\/#primaryimage\"},\"image\":{\"@id\":\"https:\/\/otech.uaeh.edu.mx\/noti\/verde\/mitticool-la-nevera-sin-electricidad\/#primaryimage\"},\"thumbnailUrl\":\"https:\/\/otech.uaeh.edu.mx\/noti\/wp-content\/uploads\/2022\/01\/MittiCool-frigorifico.jpg\",\"datePublished\":\"2022-01-06T16:08:33+00:00\",\"breadcrumb\":{\"@id\":\"https:\/\/otech.uaeh.edu.mx\/noti\/verde\/mitticool-la-nevera-sin-electricidad\/#breadcrumb\"},\"inLanguage\":\"en-US\",\"potentialAction\":[{\"@type\":\"ReadAction\",\"target\":[\"https:\/\/otech.uaeh.edu.mx\/noti\/verde\/mitticool-la-nevera-sin-electricidad\/\"]}]},{\"@type\":\"ImageObject\",\"inLanguage\":\"en-US\",\"@id\":\"https:\/\/otech.uaeh.edu.mx\/noti\/verde\/mitticool-la-nevera-sin-electricidad\/#primaryimage\",\"url\":\"https:\/\/otech.uaeh.edu.mx\/noti\/wp-content\/uploads\/2022\/01\/MittiCool-frigorifico.jpg\",\"contentUrl\":\"https:\/\/otech.uaeh.edu.mx\/noti\/wp-content\/uploads\/2022\/01\/MittiCool-frigorifico.jpg\",\"width\":620,\"height\":933},{\"@type\":\"BreadcrumbList\",\"@id\":\"https:\/\/otech.uaeh.edu.mx\/noti\/verde\/mitticool-la-nevera-sin-electricidad\/#breadcrumb\",\"itemListElement\":[{\"@type\":\"ListItem\",\"position\":1,\"name\":\"Inicio\",\"item\":\"https:\/\/otech.uaeh.edu.mx\/noti\/\"},{\"@type\":\"ListItem\",\"position\":2,\"name\":\"Mitticool. La nevera sin electricidad\"}]},{\"@type\":\"WebSite\",\"@id\":\"https:\/\/otech.uaeh.edu.mx\/noti\/#website\",\"url\":\"https:\/\/otech.uaeh.edu.mx\/noti\/\",\"name\":\"Observatorio Tecnol\u00f3gico de Hidalgo\",\"description\":\"\",\"publisher\":{\"@id\":\"https:\/\/otech.uaeh.edu.mx\/noti\/#organization\"},\"potentialAction\":[{\"@type\":\"SearchAction\",\"target\":{\"@type\":\"EntryPoint\",\"urlTemplate\":\"https:\/\/otech.uaeh.edu.mx\/noti\/?s={search_term_string}\"},\"query-input\":{\"@type\":\"PropertyValueSpecification\",\"valueRequired\":true,\"valueName\":\"search_term_string\"}}],\"inLanguage\":\"en-US\"},{\"@type\":\"Organization\",\"@id\":\"https:\/\/otech.uaeh.edu.mx\/noti\/#organization\",\"name\":\"Observatorio Tecnol\u00f3gico de Hidalgo\",\"url\":\"https:\/\/otech.uaeh.edu.mx\/noti\/\",\"logo\":{\"@type\":\"ImageObject\",\"inLanguage\":\"en-US\",\"@id\":\"https:\/\/otech.uaeh.edu.mx\/noti\/#\/schema\/logo\/image\/\",\"url\":\"https:\/\/otech.uaeh.edu.mx\/noti\/wp-content\/uploads\/2025\/11\/Logo-circulo.png\",\"contentUrl\":\"https:\/\/otech.uaeh.edu.mx\/noti\/wp-content\/uploads\/2025\/11\/Logo-circulo.png\",\"width\":250,\"height\":250,\"caption\":\"Observatorio Tecnol\u00f3gico de Hidalgo\"},\"image\":{\"@id\":\"https:\/\/otech.uaeh.edu.mx\/noti\/#\/schema\/logo\/image\/\"},\"sameAs\":[\"https:\/\/www.facebook.com\/observatoriouaeh\",\"https:\/\/x.com\/OBSERVATORIOEH\"]},{\"@type\":\"Person\",\"@id\":\"https:\/\/otech.uaeh.edu.mx\/noti\/#\/schema\/person\/95263d004158ffabcd98137e1d0abc1c\",\"name\":\"admin\",\"image\":{\"@type\":\"ImageObject\",\"inLanguage\":\"en-US\",\"@id\":\"https:\/\/otech.uaeh.edu.mx\/noti\/#\/schema\/person\/image\/\",\"url\":\"https:\/\/secure.gravatar.com\/avatar\/08dd17208ee6a9e87c5a01c0a5f4c96c8ed24bf05e625630929b5b6a7c1ffa5f?s=96&d=mm&r=g\",\"contentUrl\":\"https:\/\/secure.gravatar.com\/avatar\/08dd17208ee6a9e87c5a01c0a5f4c96c8ed24bf05e625630929b5b6a7c1ffa5f?s=96&d=mm&r=g\",\"caption\":\"admin\"},\"url\":\"https:\/\/otech.uaeh.edu.mx\/noti\/author\/admin\/\"}]}<\/script>\n<!-- \/ Yoast SEO plugin. -->","yoast_head_json":{"title":"Mitticool. La nevera sin electricidad - Observatorio Tecnol\u00f3gico de Hidalgo","robots":{"index":"index","follow":"follow","max-snippet":"max-snippet:-1","max-image-preview":"max-image-preview:large","max-video-preview":"max-video-preview:-1"},"canonical":"https:\/\/otech.uaeh.edu.mx\/noti\/verde\/mitticool-la-nevera-sin-electricidad\/","og_locale":"en_US","og_type":"article","og_title":"Mitticool. La nevera sin electricidad - Observatorio Tecnol\u00f3gico de Hidalgo","og_description":"La nevera de los pobres.\u00a0As\u00ed se conoce en la India a Mitticool, el ingenio de\u00a0Mansukhbhai Prajapati.\u00a0Y es que este artesano indio, ha conseguido dise\u00f1ar una nevera que funciona sin electricidad. Puede guardar frescas frutas y verduras hasta 3 d\u00edas.","og_url":"https:\/\/otech.uaeh.edu.mx\/noti\/verde\/mitticool-la-nevera-sin-electricidad\/","og_site_name":"Observatorio Tecnol\u00f3gico de Hidalgo","article_publisher":"https:\/\/www.facebook.com\/observatoriouaeh","article_published_time":"2022-01-06T16:08:33+00:00","og_image":[{"width":620,"height":933,"url":"https:\/\/otech.uaeh.edu.mx\/noti\/wp-content\/uploads\/2022\/01\/MittiCool-frigorifico.jpg","type":"image\/jpeg"}],"author":"admin","twitter_card":"summary_large_image","twitter_creator":"@OBSERVATORIOEH","twitter_site":"@OBSERVATORIOEH","twitter_misc":{"Written by":"admin","Est. reading time":"2 minutes"},"schema":{"@context":"https:\/\/schema.org","@graph":[{"@type":"Article","@id":"https:\/\/otech.uaeh.edu.mx\/noti\/verde\/mitticool-la-nevera-sin-electricidad\/#article","isPartOf":{"@id":"https:\/\/otech.uaeh.edu.mx\/noti\/verde\/mitticool-la-nevera-sin-electricidad\/"},"author":{"name":"admin","@id":"https:\/\/otech.uaeh.edu.mx\/noti\/#\/schema\/person\/95263d004158ffabcd98137e1d0abc1c"},"headline":"Mitticool. La nevera sin electricidad","datePublished":"2022-01-06T16:08:33+00:00","mainEntityOfPage":{"@id":"https:\/\/otech.uaeh.edu.mx\/noti\/verde\/mitticool-la-nevera-sin-electricidad\/"},"wordCount":443,"commentCount":0,"publisher":{"@id":"https:\/\/otech.uaeh.edu.mx\/noti\/#organization"},"image":{"@id":"https:\/\/otech.uaeh.edu.mx\/noti\/verde\/mitticool-la-nevera-sin-electricidad\/#primaryimage"},"thumbnailUrl":"https:\/\/otech.uaeh.edu.mx\/noti\/wp-content\/uploads\/2022\/01\/MittiCool-frigorifico.jpg","articleSection":["Tecnolog\u00eda Verde"],"inLanguage":"en-US","potentialAction":[{"@type":"CommentAction","name":"Comment","target":["https:\/\/otech.uaeh.edu.mx\/noti\/verde\/mitticool-la-nevera-sin-electricidad\/#respond"]}]},{"@type":"WebPage","@id":"https:\/\/otech.uaeh.edu.mx\/noti\/verde\/mitticool-la-nevera-sin-electricidad\/","url":"https:\/\/otech.uaeh.edu.mx\/noti\/verde\/mitticool-la-nevera-sin-electricidad\/","name":"Mitticool. La nevera sin electricidad - Observatorio Tecnol\u00f3gico de Hidalgo","isPartOf":{"@id":"https:\/\/otech.uaeh.edu.mx\/noti\/#website"},"primaryImageOfPage":{"@id":"https:\/\/otech.uaeh.edu.mx\/noti\/verde\/mitticool-la-nevera-sin-electricidad\/#primaryimage"},"image":{"@id":"https:\/\/otech.uaeh.edu.mx\/noti\/verde\/mitticool-la-nevera-sin-electricidad\/#primaryimage"},"thumbnailUrl":"https:\/\/otech.uaeh.edu.mx\/noti\/wp-content\/uploads\/2022\/01\/MittiCool-frigorifico.jpg","datePublished":"2022-01-06T16:08:33+00:00","breadcrumb":{"@id":"https:\/\/otech.uaeh.edu.mx\/noti\/verde\/mitticool-la-nevera-sin-electricidad\/#breadcrumb"},"inLanguage":"en-US","potentialAction":[{"@type":"ReadAction","target":["https:\/\/otech.uaeh.edu.mx\/noti\/verde\/mitticool-la-nevera-sin-electricidad\/"]}]},{"@type":"ImageObject","inLanguage":"en-US","@id":"https:\/\/otech.uaeh.edu.mx\/noti\/verde\/mitticool-la-nevera-sin-electricidad\/#primaryimage","url":"https:\/\/otech.uaeh.edu.mx\/noti\/wp-content\/uploads\/2022\/01\/MittiCool-frigorifico.jpg","contentUrl":"https:\/\/otech.uaeh.edu.mx\/noti\/wp-content\/uploads\/2022\/01\/MittiCool-frigorifico.jpg","width":620,"height":933},{"@type":"BreadcrumbList","@id":"https:\/\/otech.uaeh.edu.mx\/noti\/verde\/mitticool-la-nevera-sin-electricidad\/#breadcrumb","itemListElement":[{"@type":"ListItem","position":1,"name":"Inicio","item":"https:\/\/otech.uaeh.edu.mx\/noti\/"},{"@type":"ListItem","position":2,"name":"Mitticool. La nevera sin electricidad"}]},{"@type":"WebSite","@id":"https:\/\/otech.uaeh.edu.mx\/noti\/#website","url":"https:\/\/otech.uaeh.edu.mx\/noti\/","name":"Observatorio Tecnol\u00f3gico de Hidalgo","description":"","publisher":{"@id":"https:\/\/otech.uaeh.edu.mx\/noti\/#organization"},"potentialAction":[{"@type":"SearchAction","target":{"@type":"EntryPoint","urlTemplate":"https:\/\/otech.uaeh.edu.mx\/noti\/?s={search_term_string}"},"query-input":{"@type":"PropertyValueSpecification","valueRequired":true,"valueName":"search_term_string"}}],"inLanguage":"en-US"},{"@type":"Organization","@id":"https:\/\/otech.uaeh.edu.mx\/noti\/#organization","name":"Observatorio Tecnol\u00f3gico de Hidalgo","url":"https:\/\/otech.uaeh.edu.mx\/noti\/","logo":{"@type":"ImageObject","inLanguage":"en-US","@id":"https:\/\/otech.uaeh.edu.mx\/noti\/#\/schema\/logo\/image\/","url":"https:\/\/otech.uaeh.edu.mx\/noti\/wp-content\/uploads\/2025\/11\/Logo-circulo.png","contentUrl":"https:\/\/otech.uaeh.edu.mx\/noti\/wp-content\/uploads\/2025\/11\/Logo-circulo.png","width":250,"height":250,"caption":"Observatorio Tecnol\u00f3gico de Hidalgo"},"image":{"@id":"https:\/\/otech.uaeh.edu.mx\/noti\/#\/schema\/logo\/image\/"},"sameAs":["https:\/\/www.facebook.com\/observatoriouaeh","https:\/\/x.com\/OBSERVATORIOEH"]},{"@type":"Person","@id":"https:\/\/otech.uaeh.edu.mx\/noti\/#\/schema\/person\/95263d004158ffabcd98137e1d0abc1c","name":"admin","image":{"@type":"ImageObject","inLanguage":"en-US","@id":"https:\/\/otech.uaeh.edu.mx\/noti\/#\/schema\/person\/image\/","url":"https:\/\/secure.gravatar.com\/avatar\/08dd17208ee6a9e87c5a01c0a5f4c96c8ed24bf05e625630929b5b6a7c1ffa5f?s=96&d=mm&r=g","contentUrl":"https:\/\/secure.gravatar.com\/avatar\/08dd17208ee6a9e87c5a01c0a5f4c96c8ed24bf05e625630929b5b6a7c1ffa5f?s=96&d=mm&r=g","caption":"admin"},"url":"https:\/\/otech.uaeh.edu.mx\/noti\/author\/admin\/"}]}},"_links":{"self":[{"href":"https:\/\/otech.uaeh.edu.mx\/noti\/wp-json\/wp\/v2\/posts\/25830","targetHints":{"allow":["GET"]}}],"collection":[{"href":"https:\/\/otech.uaeh.edu.mx\/noti\/wp-json\/wp\/v2\/posts"}],"about":[{"href":"https:\/\/otech.uaeh.edu.mx\/noti\/wp-json\/wp\/v2\/types\/post"}],"author":[{"embeddable":true,"href":"https:\/\/otech.uaeh.edu.mx\/noti\/wp-json\/wp\/v2\/users\/1"}],"replies":[{"embeddable":true,"href":"https:\/\/otech.uaeh.edu.mx\/noti\/wp-json\/wp\/v2\/comments?post=25830"}],"version-history":[{"count":1,"href":"https:\/\/otech.uaeh.edu.mx\/noti\/wp-json\/wp\/v2\/posts\/25830\/revisions"}],"predecessor-version":[{"id":25832,"href":"https:\/\/otech.uaeh.edu.mx\/noti\/wp-json\/wp\/v2\/posts\/25830\/revisions\/25832"}],"wp:featuredmedia":[{"embeddable":true,"href":"https:\/\/otech.uaeh.edu.mx\/noti\/wp-json\/wp\/v2\/media\/25831"}],"wp:attachment":[{"href":"https:\/\/otech.uaeh.edu.mx\/noti\/wp-json\/wp\/v2\/media?parent=25830"}],"wp:term":[{"taxonomy":"category","embeddable":true,"href":"https:\/\/otech.uaeh.edu.mx\/noti\/wp-json\/wp\/v2\/categories?post=25830"},{"taxonomy":"post_tag","embeddable":true,"href":"https:\/\/otech.uaeh.edu.mx\/noti\/wp-json\/wp\/v2\/tags?post=25830"}],"curies":[{"name":"wp","href":"https:\/\/api.w.org\/{rel}","templated":true}]}}