{"id":27895,"date":"2022-09-05T09:20:08","date_gmt":"2022-09-05T15:20:08","guid":{"rendered":"https:\/\/otech.uaeh.edu.mx\/noti\/?p=27895"},"modified":"2022-09-05T09:20:08","modified_gmt":"2022-09-05T15:20:08","slug":"el-mediterraneo-esta-hirviendo-la-cantidad-de-calor-acumulada-es-enorme","status":"publish","type":"post","link":"https:\/\/otech.uaeh.edu.mx\/noti\/ecologia\/el-mediterraneo-esta-hirviendo-la-cantidad-de-calor-acumulada-es-enorme\/","title":{"rendered":"\u201cEl Mediterr\u00e1neo est\u00e1 hirviendo, la cantidad de calor acumulada es enorme\u201d"},"content":{"rendered":"<p style=\"text-align: justify;\"><span style=\"color: #000000;\">Carlo Buontempo (Roma, 49 a\u00f1os) es el director del servicio de\u00a0<a style=\"color: #000000;\" href=\"https:\/\/www.copernicus.eu\/es\/servicios\/cambio-climatico\" target=\"_blank\" rel=\"noopener noreferrer\">Cambio Clim\u00e1tico de Copernicus<\/a>, que forma parte del\u00a0<a style=\"color: #000000;\" href=\"https:\/\/ec.europa.eu\/info\/funding-tenders\/find-funding\/eu-funding-programmes\/european-space-programme_es\" target=\"_blank\" rel=\"noopener noreferrer\">Programa Espacial de la Uni\u00f3n Europea<\/a>. Gracias al sistema de sat\u00e9lites europeo, Copernicus ofrece informaci\u00f3n en abierto sobre diferentes variables relacionadas con el calentamiento global y el clima. Este verano, Buontempo, doctor en f\u00edsica y que hasta 2016 trabajaba para el Met Office (el servicio meteorol\u00f3gico del Reino Unido), y su equipo est\u00e1n registrando unos impactos excepcionales por su dureza y extensi\u00f3n, como detalla en esta entrevista telef\u00f3nica.<!--more--><\/span><\/p>\n<p style=\"text-align: justify;\"><span style=\"color: #000000;\"><strong>\u00bfLa situaci\u00f3n que est\u00e1 viviendo Europa de calor extremo, incendios y sequ\u00eda es normal?<\/strong><\/span><\/p>\n<p style=\"text-align: justify;\"><span style=\"color: #000000;\">No es normal. Basta con mirar un poco atr\u00e1s y veranos tan calurosos, con unas anomal\u00edas de humedad y de sequ\u00eda as\u00ed, no se han visto en muchos a\u00f1os. Con lo cual, en ese sentido, no es normal. Es un evento excepcional, muy fuerte y muy extenso.<\/span><\/p>\n<p style=\"text-align: justify;\"><span style=\"color: #000000;\"><strong>Respecto a los incendios, \u00bfest\u00e1 siendo un verano duro en toda Europa?<\/strong><\/span><\/p>\n<p style=\"text-align: justify;\"><span style=\"color: #000000;\">Depende del lugar. Tuvimos algunos incendios muy fuertes e intensos, como el de la zona suroeste de Francia. Tambi\u00e9n hemos tenido muchos incendios en Espa\u00f1a, pero en Portugal es un a\u00f1o m\u00e1s o menos normal, no excepcional. En Italia hubo incendios significativos&#8230; Todav\u00eda no tenemos una visi\u00f3n paneuropea completa sobre los incendios. En algunos pa\u00edses seguramente ser\u00e1 uno de los a\u00f1os con m\u00e1s superficie forestal quemada, por ejemplo, en Espa\u00f1a.<\/span><\/p>\n<p style=\"text-align: justify;\"><span style=\"color: #000000;\"><strong>En cuanto a las temperaturas, \u00bfest\u00e1 siendo an\u00f3malo este verano?<\/strong><\/span><\/p>\n<p style=\"text-align: justify;\"><span style=\"color: #000000;\">Absolutamente. En el caso de la temperatura lo podemos fijar mejor, porque esta variable est\u00e1 muy bien observada, especialmente en Europa. Y hemos vivido varias cosas importantes: como una serie de olas de calor que nos afectaron desde el final de la primavera, porque la primera fue en mayo. Eso es muy temprano. Despu\u00e9s siguieron las olas de calor en junio, julio y, ahora, en agosto. Es decir, muchos eventos muy extremos y con nuevos r\u00e9cords de temperaturas m\u00e1ximas en casi todos los pa\u00edses. Ha sido un verano muy caluroso. Todav\u00eda tenemos que esperar al final para decir si este ha sido el verano m\u00e1s caluroso registrado nunca. El m\u00e1s caluroso registrado hasta ahora fue el del a\u00f1o pasado. El otro hecho realmente excepcional, que me preocupa much\u00edsimo, es la anomal\u00eda en la temperatura del Mediterr\u00e1neo. El Mediterr\u00e1neo est\u00e1 hirviendo, la temperatura est\u00e1 cinco o seis grados sobre el valor normal. Eso tiene un impacto no solo ahora, sino en las pr\u00f3ximas semanas y meses. Es como un almac\u00e9n de energ\u00eda, la cantidad de calor acumulada es enorme.<\/span><\/p>\n<p style=\"text-align: justify;\"><span style=\"color: #000000;\"><strong>\u00bfY por qu\u00e9 est\u00e1 hirviendo?<\/strong><\/span><\/p>\n<p style=\"text-align: justify;\"><span style=\"color: #000000;\">Hemos tenido varios fen\u00f3menos distintos que han influido. Por un lado, al final de la primavera tuvimos una masa de aire muy caliente que llegaba desde \u00c1frica sobre Europa. Hubo r\u00e9cords de temperatura en el Reino Unido, en Alemania, en Holanda&#8230; Algo incre\u00edble. Eso fue m\u00e1s una traslaci\u00f3n de aire caliente. Despu\u00e9s lo que vimos es un sistema de alta presi\u00f3n bastante est\u00e1tico que, b\u00e1sicamente, significa que en muchas zonas de Europa central y occidental no tuvimos casi precipitaciones. Es decir, que no tuvimos perturbaciones atl\u00e1nticas que aportasen agua y que enfriaran un poco el clima, lo que ha generado una anomal\u00eda importante. Las dos cosas seguramente han jugado un papel importante en el calentamiento del agua. Pero el agua no solo se est\u00e1 calentando en el Mediterr\u00e1neo y sabemos que esto est\u00e1 relacionado con el cambio clim\u00e1tico.<\/span><\/p>\n<p style=\"text-align: justify;\"><span style=\"color: #000000;\"><strong>\u00bfTanta energ\u00eda acumulada en el Mediterr\u00e1neo implica que hay un mayor riesgo de fuertes tormentas?<\/strong><\/span><\/p>\n<p style=\"text-align: justify;\"><span style=\"color: #000000;\">S\u00ed, ese es uno de los ingredientes para tener eventos extremos como los que vimos el a\u00f1o pasado o el anterior con precipitaci\u00f3n muy fuertes en pocas horas. Pero tambi\u00e9n se necesitan perturbaciones de origen atl\u00e1ntico que lleguen al sur de Europa. Uno de los ingredientes ya lo tenemos, que es la temperatura del agua superalta y much\u00edsima humedad en las capas m\u00e1s bajas de la atm\u00f3sfera. Y cuando se retire el anticicl\u00f3n y comiencen a llegar perturbaciones atl\u00e1nticas, tendremos la otra variante. Por eso es posible que veamos eventos extremos. Aunque tambi\u00e9n es posible que este anticicl\u00f3n que empez\u00f3 antes de lo normal permanezca m\u00e1s all\u00e1 de lo que ser\u00eda normal&#8230; Por eso no podemos decir que es seguro que vaya a ocurrir; lo que podemos decir es que uno de los ingredientes lo tenemos ya.<\/span><\/p>\n<p style=\"text-align: justify;\"><span style=\"color: #000000;\"><strong>Si el anticicl\u00f3n contin\u00faa, tendremos otra mala noticia, que es un empeoramiento de la sequ\u00eda.<\/strong><\/span><\/p>\n<p style=\"text-align: justify;\"><span style=\"color: #000000;\">S\u00ed. El final de verano y principio del oto\u00f1o es una situaci\u00f3n dif\u00edcil de prever a nivel meteorol\u00f3gico. La informaci\u00f3n que tenemos, que no es muy fiable porque es un per\u00edodo dif\u00edcil, va en ese sentido. Es decir, que la alta presi\u00f3n, especialmente en la parte m\u00e1s oriental del Mediterr\u00e1neo, se quedar\u00e1.<\/span><\/p>\n<p style=\"text-align: justify;\"><span style=\"color: #000000;\"><strong>En todo este verano extremo que vive Europa, \u00bfqu\u00e9 papel juega el cambio clim\u00e1tico?<\/strong><\/span><\/p>\n<p style=\"text-align: justify;\"><span style=\"color: #000000;\">Sabemos que ha aumentado la temperatura global del planeta y tambi\u00e9n la temperatura del mar. Cada una de las olas de calor que hemos visto tiene su historial meteorol\u00f3gico, pero sabemos que son totalmente consistentes con lo que esperamos que ocurra con el cambio clim\u00e1tico. Y lo que esperamos es que estas olas que nos parecen tan extremas ahora ser\u00e1n m\u00e1s comunes en el futuro y potencialmente todav\u00eda m\u00e1s intensas. Ahora lo vemos como un evento excepcional, pero en el futuro ser\u00e1n menos excepcionales. Lo mismo pasa con la temperatura del mar, cuyo aumento es totalmente consistente con lo que sabemos del cambio clim\u00e1tico. Porque al final el cambio clim\u00e1tico es un problema de balance de energ\u00eda, de la energ\u00eda que llega del sol y la energ\u00eda que el planeta puede devolver al espacio. Como tenemos un exceso de gases de efecto invernadero, no conseguimos enfriarnos y aumenta la energ\u00eda del sistema.<\/span><\/p>\n<p style=\"text-align: justify;\"><span style=\"color: #000000;\"><strong>\u00bfEste verano extremo es una excepci\u00f3n o forma parte de una tendencia?<\/strong><\/span><\/p>\n<p style=\"text-align: justify;\"><span style=\"color: #000000;\">La historia clim\u00e1tica nunca es una l\u00ednea recta, hay siempre muchas variaciones de un a\u00f1o a otro. Y este a\u00f1o es particularmente excepcional. Lo que podemos decir es que el aumento de los a\u00f1os calurosos es algo consistente y est\u00e1 en l\u00ednea con lo que esperamos del cambio clim\u00e1tico. Pero siempre ha existido una variabilidad clim\u00e1tica porque el sistema es ca\u00f3tico y tiene variaciones independientemente del cambio clim\u00e1tico.<\/span><\/p>\n<p style=\"text-align: justify;\"><span style=\"color: #000000;\"><strong>Hay cient\u00edficos que mantienen que los modelos quiz\u00e1 se han quedado cortos, que no se esperaba del cambio clim\u00e1tico algo tan intenso tan pronto. \u00bfComparte esa visi\u00f3n?<\/strong><\/span><\/p>\n<p style=\"text-align: justify;\"><span style=\"color: #000000;\">Es dif\u00edcil analizarlo sobre un evento en particular o sobre un a\u00f1o solo. Si miras lo que ha sido el incremento real de la temperatura en los \u00faltimos a\u00f1os y lo comparas con lo que indicaban los modelos hace 15 o 20 a\u00f1os, me parece que la tendencia estaba bien calculada. De todas formas, si estaban equivocados \u2014algo que yo no comparto\u2014, ser\u00edan m\u00e1s optimistas de lo que ha ocurrido. Muchas veces a los cient\u00edficos se nos critica por ser catastrofistas y hablar de un futuro demasiado negativo. Y si los modelos se hubieran equivocado, ser\u00eda por no haber sido lo suficientemente catastrofistas.<\/span><\/p>\n<p style=\"text-align: justify;\"><span style=\"color: #000000;\"><strong>\u00bfC\u00f3mo puede la humanidad salir de este atolladero en el que se ha metido?<\/strong><\/span><\/p>\n<p style=\"text-align: justify;\"><span style=\"color: #000000;\">La ciencia clim\u00e1tica es bastante clara. No podemos predecir todos los impactos en todos los sectores, pero s\u00ed tenemos muy claras las razones: el cambio clim\u00e1tico est\u00e1 conectado a las actividades humanas y al incremento de los gases de efecto invernadero en la atm\u00f3sfera. Por eso la soluci\u00f3n tiene que pasar por un sistema donde la concentraci\u00f3n de estos gases, no solo las emisiones, bajen. Es indispensable.<\/span><\/p>\n<p style=\"text-align: justify;\"><span style=\"color: #000000;\"><strong>M\u00e1s all\u00e1 de Europa, \u00bfparece que estamos viviendo tambi\u00e9n un verano extremo en otras muchas partes del hemisferio norte?<\/strong><\/span><\/p>\n<p style=\"text-align: justify;\"><span style=\"color: #000000;\">Como todos los a\u00f1os, dependiendo de d\u00f3nde se mira, hay m\u00e1s o menos impactos. A lo mejor el a\u00f1o pasado en Norteam\u00e9rica fue el verano a\u00fan m\u00e1s extremo con los incendios en Canad\u00e1 y California, que fueron brutales. Pero hay anomal\u00edas en much\u00edsimos lugares. Aunque Europa es un lugar especial, porque a nivel de temperatura del verano el calentamiento es muy tangible. Creo que nosotros, los seres humanos, no somos muy buenos a la hora de actuar o responder a los problemas que nos quedan lejos. Nos cuesta tomar decisiones basadas en modelos o en lo que dicen los cient\u00edficos. Pero s\u00ed sabemos reaccionar cuando tocamos las cosas directamente. Y este verano ha sido muy extremo y creo que mucha gente que a lo mejor cuestionaba las conclusiones cient\u00edficas o el cambio clim\u00e1tico se ha dado cuenta de que est\u00e1 aqu\u00ed. El impacto es muy directo.<\/span><\/p>\n<p>Fuente:<\/p>\n<p>Madrimasd<\/p>\n","protected":false},"excerpt":{"rendered":"<p>Carlo Buontempo (Roma, 49 a\u00f1os) es el director del servicio de\u00a0Cambio Clim\u00e1tico de Copernicus, que forma parte del\u00a0Programa Espacial de la Uni\u00f3n Europea. Gracias al sistema de sat\u00e9lites europeo, Copernicus ofrece informaci\u00f3n en abierto sobre diferentes variables relacionadas con el calentamiento global y el clima. Este verano, Buontempo, doctor en f\u00edsica y que hasta 2016 [&hellip;]<\/p>\n","protected":false},"author":1,"featured_media":27896,"comment_status":"open","ping_status":"open","sticky":false,"template":"","format":"standard","meta":{"footnotes":""},"categories":[372],"tags":[],"class_list":["post-27895","post","type-post","status-publish","format-standard","has-post-thumbnail","hentry","category-ecologia"],"yoast_head":"<!-- This site is optimized with the Yoast SEO plugin v26.7 - https:\/\/yoast.com\/wordpress\/plugins\/seo\/ -->\n<title>\u201cEl Mediterr\u00e1neo est\u00e1 hirviendo, la cantidad de calor acumulada es enorme\u201d - Observatorio Tecnol\u00f3gico de Hidalgo<\/title>\n<meta name=\"robots\" content=\"index, follow, max-snippet:-1, max-image-preview:large, max-video-preview:-1\" \/>\n<link rel=\"canonical\" href=\"https:\/\/otech.uaeh.edu.mx\/noti\/ecologia\/el-mediterraneo-esta-hirviendo-la-cantidad-de-calor-acumulada-es-enorme\/\" \/>\n<meta property=\"og:locale\" content=\"en_US\" \/>\n<meta property=\"og:type\" content=\"article\" \/>\n<meta property=\"og:title\" content=\"\u201cEl Mediterr\u00e1neo est\u00e1 hirviendo, la cantidad de calor acumulada es enorme\u201d - Observatorio Tecnol\u00f3gico de Hidalgo\" \/>\n<meta property=\"og:description\" content=\"Carlo Buontempo (Roma, 49 a\u00f1os) es el director del servicio de\u00a0Cambio Clim\u00e1tico de Copernicus, que forma parte del\u00a0Programa Espacial de la Uni\u00f3n Europea. Gracias al sistema de sat\u00e9lites europeo, Copernicus ofrece informaci\u00f3n en abierto sobre diferentes variables relacionadas con el calentamiento global y el clima. Este verano, Buontempo, doctor en f\u00edsica y que hasta 2016 [&hellip;]\" \/>\n<meta property=\"og:url\" content=\"https:\/\/otech.uaeh.edu.mx\/noti\/ecologia\/el-mediterraneo-esta-hirviendo-la-cantidad-de-calor-acumulada-es-enorme\/\" \/>\n<meta property=\"og:site_name\" content=\"Observatorio Tecnol\u00f3gico de Hidalgo\" \/>\n<meta property=\"article:publisher\" content=\"https:\/\/www.facebook.com\/observatoriouaeh\" \/>\n<meta property=\"article:published_time\" content=\"2022-09-05T15:20:08+00:00\" \/>\n<meta property=\"og:image\" content=\"https:\/\/otech.uaeh.edu.mx\/noti\/wp-content\/uploads\/2022\/09\/noti1_05_09_22.png\" \/>\n\t<meta property=\"og:image:width\" content=\"750\" \/>\n\t<meta property=\"og:image:height\" content=\"350\" \/>\n\t<meta property=\"og:image:type\" content=\"image\/png\" \/>\n<meta name=\"author\" content=\"admin\" \/>\n<meta name=\"twitter:card\" content=\"summary_large_image\" \/>\n<meta name=\"twitter:creator\" content=\"@OBSERVATORIOEH\" \/>\n<meta name=\"twitter:site\" content=\"@OBSERVATORIOEH\" \/>\n<meta name=\"twitter:label1\" content=\"Written by\" \/>\n\t<meta name=\"twitter:data1\" content=\"admin\" \/>\n\t<meta name=\"twitter:label2\" content=\"Est. reading time\" \/>\n\t<meta name=\"twitter:data2\" content=\"8 minutes\" \/>\n<script type=\"application\/ld+json\" class=\"yoast-schema-graph\">{\"@context\":\"https:\/\/schema.org\",\"@graph\":[{\"@type\":\"Article\",\"@id\":\"https:\/\/otech.uaeh.edu.mx\/noti\/ecologia\/el-mediterraneo-esta-hirviendo-la-cantidad-de-calor-acumulada-es-enorme\/#article\",\"isPartOf\":{\"@id\":\"https:\/\/otech.uaeh.edu.mx\/noti\/ecologia\/el-mediterraneo-esta-hirviendo-la-cantidad-de-calor-acumulada-es-enorme\/\"},\"author\":{\"name\":\"admin\",\"@id\":\"https:\/\/otech.uaeh.edu.mx\/noti\/#\/schema\/person\/95263d004158ffabcd98137e1d0abc1c\"},\"headline\":\"\u201cEl Mediterr\u00e1neo est\u00e1 hirviendo, la cantidad de calor acumulada es enorme\u201d\",\"datePublished\":\"2022-09-05T15:20:08+00:00\",\"mainEntityOfPage\":{\"@id\":\"https:\/\/otech.uaeh.edu.mx\/noti\/ecologia\/el-mediterraneo-esta-hirviendo-la-cantidad-de-calor-acumulada-es-enorme\/\"},\"wordCount\":1552,\"commentCount\":0,\"publisher\":{\"@id\":\"https:\/\/otech.uaeh.edu.mx\/noti\/#organization\"},\"image\":{\"@id\":\"https:\/\/otech.uaeh.edu.mx\/noti\/ecologia\/el-mediterraneo-esta-hirviendo-la-cantidad-de-calor-acumulada-es-enorme\/#primaryimage\"},\"thumbnailUrl\":\"https:\/\/otech.uaeh.edu.mx\/noti\/wp-content\/uploads\/2022\/09\/noti1_05_09_22.png\",\"articleSection\":[\"Ecolog\u00eda\"],\"inLanguage\":\"en-US\",\"potentialAction\":[{\"@type\":\"CommentAction\",\"name\":\"Comment\",\"target\":[\"https:\/\/otech.uaeh.edu.mx\/noti\/ecologia\/el-mediterraneo-esta-hirviendo-la-cantidad-de-calor-acumulada-es-enorme\/#respond\"]}]},{\"@type\":\"WebPage\",\"@id\":\"https:\/\/otech.uaeh.edu.mx\/noti\/ecologia\/el-mediterraneo-esta-hirviendo-la-cantidad-de-calor-acumulada-es-enorme\/\",\"url\":\"https:\/\/otech.uaeh.edu.mx\/noti\/ecologia\/el-mediterraneo-esta-hirviendo-la-cantidad-de-calor-acumulada-es-enorme\/\",\"name\":\"\u201cEl Mediterr\u00e1neo est\u00e1 hirviendo, la cantidad de calor acumulada es enorme\u201d - Observatorio Tecnol\u00f3gico de Hidalgo\",\"isPartOf\":{\"@id\":\"https:\/\/otech.uaeh.edu.mx\/noti\/#website\"},\"primaryImageOfPage\":{\"@id\":\"https:\/\/otech.uaeh.edu.mx\/noti\/ecologia\/el-mediterraneo-esta-hirviendo-la-cantidad-de-calor-acumulada-es-enorme\/#primaryimage\"},\"image\":{\"@id\":\"https:\/\/otech.uaeh.edu.mx\/noti\/ecologia\/el-mediterraneo-esta-hirviendo-la-cantidad-de-calor-acumulada-es-enorme\/#primaryimage\"},\"thumbnailUrl\":\"https:\/\/otech.uaeh.edu.mx\/noti\/wp-content\/uploads\/2022\/09\/noti1_05_09_22.png\",\"datePublished\":\"2022-09-05T15:20:08+00:00\",\"breadcrumb\":{\"@id\":\"https:\/\/otech.uaeh.edu.mx\/noti\/ecologia\/el-mediterraneo-esta-hirviendo-la-cantidad-de-calor-acumulada-es-enorme\/#breadcrumb\"},\"inLanguage\":\"en-US\",\"potentialAction\":[{\"@type\":\"ReadAction\",\"target\":[\"https:\/\/otech.uaeh.edu.mx\/noti\/ecologia\/el-mediterraneo-esta-hirviendo-la-cantidad-de-calor-acumulada-es-enorme\/\"]}]},{\"@type\":\"ImageObject\",\"inLanguage\":\"en-US\",\"@id\":\"https:\/\/otech.uaeh.edu.mx\/noti\/ecologia\/el-mediterraneo-esta-hirviendo-la-cantidad-de-calor-acumulada-es-enorme\/#primaryimage\",\"url\":\"https:\/\/otech.uaeh.edu.mx\/noti\/wp-content\/uploads\/2022\/09\/noti1_05_09_22.png\",\"contentUrl\":\"https:\/\/otech.uaeh.edu.mx\/noti\/wp-content\/uploads\/2022\/09\/noti1_05_09_22.png\",\"width\":750,\"height\":350},{\"@type\":\"BreadcrumbList\",\"@id\":\"https:\/\/otech.uaeh.edu.mx\/noti\/ecologia\/el-mediterraneo-esta-hirviendo-la-cantidad-de-calor-acumulada-es-enorme\/#breadcrumb\",\"itemListElement\":[{\"@type\":\"ListItem\",\"position\":1,\"name\":\"Inicio\",\"item\":\"https:\/\/otech.uaeh.edu.mx\/noti\/\"},{\"@type\":\"ListItem\",\"position\":2,\"name\":\"\u201cEl Mediterr\u00e1neo est\u00e1 hirviendo, la cantidad de calor acumulada es enorme\u201d\"}]},{\"@type\":\"WebSite\",\"@id\":\"https:\/\/otech.uaeh.edu.mx\/noti\/#website\",\"url\":\"https:\/\/otech.uaeh.edu.mx\/noti\/\",\"name\":\"Observatorio Tecnol\u00f3gico de Hidalgo\",\"description\":\"\",\"publisher\":{\"@id\":\"https:\/\/otech.uaeh.edu.mx\/noti\/#organization\"},\"potentialAction\":[{\"@type\":\"SearchAction\",\"target\":{\"@type\":\"EntryPoint\",\"urlTemplate\":\"https:\/\/otech.uaeh.edu.mx\/noti\/?s={search_term_string}\"},\"query-input\":{\"@type\":\"PropertyValueSpecification\",\"valueRequired\":true,\"valueName\":\"search_term_string\"}}],\"inLanguage\":\"en-US\"},{\"@type\":\"Organization\",\"@id\":\"https:\/\/otech.uaeh.edu.mx\/noti\/#organization\",\"name\":\"Observatorio Tecnol\u00f3gico de Hidalgo\",\"url\":\"https:\/\/otech.uaeh.edu.mx\/noti\/\",\"logo\":{\"@type\":\"ImageObject\",\"inLanguage\":\"en-US\",\"@id\":\"https:\/\/otech.uaeh.edu.mx\/noti\/#\/schema\/logo\/image\/\",\"url\":\"https:\/\/otech.uaeh.edu.mx\/noti\/wp-content\/uploads\/2025\/11\/Logo-circulo.png\",\"contentUrl\":\"https:\/\/otech.uaeh.edu.mx\/noti\/wp-content\/uploads\/2025\/11\/Logo-circulo.png\",\"width\":250,\"height\":250,\"caption\":\"Observatorio Tecnol\u00f3gico de Hidalgo\"},\"image\":{\"@id\":\"https:\/\/otech.uaeh.edu.mx\/noti\/#\/schema\/logo\/image\/\"},\"sameAs\":[\"https:\/\/www.facebook.com\/observatoriouaeh\",\"https:\/\/x.com\/OBSERVATORIOEH\"]},{\"@type\":\"Person\",\"@id\":\"https:\/\/otech.uaeh.edu.mx\/noti\/#\/schema\/person\/95263d004158ffabcd98137e1d0abc1c\",\"name\":\"admin\",\"image\":{\"@type\":\"ImageObject\",\"inLanguage\":\"en-US\",\"@id\":\"https:\/\/otech.uaeh.edu.mx\/noti\/#\/schema\/person\/image\/\",\"url\":\"https:\/\/secure.gravatar.com\/avatar\/08dd17208ee6a9e87c5a01c0a5f4c96c8ed24bf05e625630929b5b6a7c1ffa5f?s=96&d=mm&r=g\",\"contentUrl\":\"https:\/\/secure.gravatar.com\/avatar\/08dd17208ee6a9e87c5a01c0a5f4c96c8ed24bf05e625630929b5b6a7c1ffa5f?s=96&d=mm&r=g\",\"caption\":\"admin\"},\"url\":\"https:\/\/otech.uaeh.edu.mx\/noti\/author\/admin\/\"}]}<\/script>\n<!-- \/ Yoast SEO plugin. -->","yoast_head_json":{"title":"\u201cEl Mediterr\u00e1neo est\u00e1 hirviendo, la cantidad de calor acumulada es enorme\u201d - Observatorio Tecnol\u00f3gico de Hidalgo","robots":{"index":"index","follow":"follow","max-snippet":"max-snippet:-1","max-image-preview":"max-image-preview:large","max-video-preview":"max-video-preview:-1"},"canonical":"https:\/\/otech.uaeh.edu.mx\/noti\/ecologia\/el-mediterraneo-esta-hirviendo-la-cantidad-de-calor-acumulada-es-enorme\/","og_locale":"en_US","og_type":"article","og_title":"\u201cEl Mediterr\u00e1neo est\u00e1 hirviendo, la cantidad de calor acumulada es enorme\u201d - Observatorio Tecnol\u00f3gico de Hidalgo","og_description":"Carlo Buontempo (Roma, 49 a\u00f1os) es el director del servicio de\u00a0Cambio Clim\u00e1tico de Copernicus, que forma parte del\u00a0Programa Espacial de la Uni\u00f3n Europea. Gracias al sistema de sat\u00e9lites europeo, Copernicus ofrece informaci\u00f3n en abierto sobre diferentes variables relacionadas con el calentamiento global y el clima. Este verano, Buontempo, doctor en f\u00edsica y que hasta 2016 [&hellip;]","og_url":"https:\/\/otech.uaeh.edu.mx\/noti\/ecologia\/el-mediterraneo-esta-hirviendo-la-cantidad-de-calor-acumulada-es-enorme\/","og_site_name":"Observatorio Tecnol\u00f3gico de Hidalgo","article_publisher":"https:\/\/www.facebook.com\/observatoriouaeh","article_published_time":"2022-09-05T15:20:08+00:00","og_image":[{"width":750,"height":350,"url":"https:\/\/otech.uaeh.edu.mx\/noti\/wp-content\/uploads\/2022\/09\/noti1_05_09_22.png","type":"image\/png"}],"author":"admin","twitter_card":"summary_large_image","twitter_creator":"@OBSERVATORIOEH","twitter_site":"@OBSERVATORIOEH","twitter_misc":{"Written by":"admin","Est. reading time":"8 minutes"},"schema":{"@context":"https:\/\/schema.org","@graph":[{"@type":"Article","@id":"https:\/\/otech.uaeh.edu.mx\/noti\/ecologia\/el-mediterraneo-esta-hirviendo-la-cantidad-de-calor-acumulada-es-enorme\/#article","isPartOf":{"@id":"https:\/\/otech.uaeh.edu.mx\/noti\/ecologia\/el-mediterraneo-esta-hirviendo-la-cantidad-de-calor-acumulada-es-enorme\/"},"author":{"name":"admin","@id":"https:\/\/otech.uaeh.edu.mx\/noti\/#\/schema\/person\/95263d004158ffabcd98137e1d0abc1c"},"headline":"\u201cEl Mediterr\u00e1neo est\u00e1 hirviendo, la cantidad de calor acumulada es enorme\u201d","datePublished":"2022-09-05T15:20:08+00:00","mainEntityOfPage":{"@id":"https:\/\/otech.uaeh.edu.mx\/noti\/ecologia\/el-mediterraneo-esta-hirviendo-la-cantidad-de-calor-acumulada-es-enorme\/"},"wordCount":1552,"commentCount":0,"publisher":{"@id":"https:\/\/otech.uaeh.edu.mx\/noti\/#organization"},"image":{"@id":"https:\/\/otech.uaeh.edu.mx\/noti\/ecologia\/el-mediterraneo-esta-hirviendo-la-cantidad-de-calor-acumulada-es-enorme\/#primaryimage"},"thumbnailUrl":"https:\/\/otech.uaeh.edu.mx\/noti\/wp-content\/uploads\/2022\/09\/noti1_05_09_22.png","articleSection":["Ecolog\u00eda"],"inLanguage":"en-US","potentialAction":[{"@type":"CommentAction","name":"Comment","target":["https:\/\/otech.uaeh.edu.mx\/noti\/ecologia\/el-mediterraneo-esta-hirviendo-la-cantidad-de-calor-acumulada-es-enorme\/#respond"]}]},{"@type":"WebPage","@id":"https:\/\/otech.uaeh.edu.mx\/noti\/ecologia\/el-mediterraneo-esta-hirviendo-la-cantidad-de-calor-acumulada-es-enorme\/","url":"https:\/\/otech.uaeh.edu.mx\/noti\/ecologia\/el-mediterraneo-esta-hirviendo-la-cantidad-de-calor-acumulada-es-enorme\/","name":"\u201cEl Mediterr\u00e1neo est\u00e1 hirviendo, la cantidad de calor acumulada es enorme\u201d - Observatorio Tecnol\u00f3gico de Hidalgo","isPartOf":{"@id":"https:\/\/otech.uaeh.edu.mx\/noti\/#website"},"primaryImageOfPage":{"@id":"https:\/\/otech.uaeh.edu.mx\/noti\/ecologia\/el-mediterraneo-esta-hirviendo-la-cantidad-de-calor-acumulada-es-enorme\/#primaryimage"},"image":{"@id":"https:\/\/otech.uaeh.edu.mx\/noti\/ecologia\/el-mediterraneo-esta-hirviendo-la-cantidad-de-calor-acumulada-es-enorme\/#primaryimage"},"thumbnailUrl":"https:\/\/otech.uaeh.edu.mx\/noti\/wp-content\/uploads\/2022\/09\/noti1_05_09_22.png","datePublished":"2022-09-05T15:20:08+00:00","breadcrumb":{"@id":"https:\/\/otech.uaeh.edu.mx\/noti\/ecologia\/el-mediterraneo-esta-hirviendo-la-cantidad-de-calor-acumulada-es-enorme\/#breadcrumb"},"inLanguage":"en-US","potentialAction":[{"@type":"ReadAction","target":["https:\/\/otech.uaeh.edu.mx\/noti\/ecologia\/el-mediterraneo-esta-hirviendo-la-cantidad-de-calor-acumulada-es-enorme\/"]}]},{"@type":"ImageObject","inLanguage":"en-US","@id":"https:\/\/otech.uaeh.edu.mx\/noti\/ecologia\/el-mediterraneo-esta-hirviendo-la-cantidad-de-calor-acumulada-es-enorme\/#primaryimage","url":"https:\/\/otech.uaeh.edu.mx\/noti\/wp-content\/uploads\/2022\/09\/noti1_05_09_22.png","contentUrl":"https:\/\/otech.uaeh.edu.mx\/noti\/wp-content\/uploads\/2022\/09\/noti1_05_09_22.png","width":750,"height":350},{"@type":"BreadcrumbList","@id":"https:\/\/otech.uaeh.edu.mx\/noti\/ecologia\/el-mediterraneo-esta-hirviendo-la-cantidad-de-calor-acumulada-es-enorme\/#breadcrumb","itemListElement":[{"@type":"ListItem","position":1,"name":"Inicio","item":"https:\/\/otech.uaeh.edu.mx\/noti\/"},{"@type":"ListItem","position":2,"name":"\u201cEl Mediterr\u00e1neo est\u00e1 hirviendo, la cantidad de calor acumulada es enorme\u201d"}]},{"@type":"WebSite","@id":"https:\/\/otech.uaeh.edu.mx\/noti\/#website","url":"https:\/\/otech.uaeh.edu.mx\/noti\/","name":"Observatorio Tecnol\u00f3gico de Hidalgo","description":"","publisher":{"@id":"https:\/\/otech.uaeh.edu.mx\/noti\/#organization"},"potentialAction":[{"@type":"SearchAction","target":{"@type":"EntryPoint","urlTemplate":"https:\/\/otech.uaeh.edu.mx\/noti\/?s={search_term_string}"},"query-input":{"@type":"PropertyValueSpecification","valueRequired":true,"valueName":"search_term_string"}}],"inLanguage":"en-US"},{"@type":"Organization","@id":"https:\/\/otech.uaeh.edu.mx\/noti\/#organization","name":"Observatorio Tecnol\u00f3gico de Hidalgo","url":"https:\/\/otech.uaeh.edu.mx\/noti\/","logo":{"@type":"ImageObject","inLanguage":"en-US","@id":"https:\/\/otech.uaeh.edu.mx\/noti\/#\/schema\/logo\/image\/","url":"https:\/\/otech.uaeh.edu.mx\/noti\/wp-content\/uploads\/2025\/11\/Logo-circulo.png","contentUrl":"https:\/\/otech.uaeh.edu.mx\/noti\/wp-content\/uploads\/2025\/11\/Logo-circulo.png","width":250,"height":250,"caption":"Observatorio Tecnol\u00f3gico de Hidalgo"},"image":{"@id":"https:\/\/otech.uaeh.edu.mx\/noti\/#\/schema\/logo\/image\/"},"sameAs":["https:\/\/www.facebook.com\/observatoriouaeh","https:\/\/x.com\/OBSERVATORIOEH"]},{"@type":"Person","@id":"https:\/\/otech.uaeh.edu.mx\/noti\/#\/schema\/person\/95263d004158ffabcd98137e1d0abc1c","name":"admin","image":{"@type":"ImageObject","inLanguage":"en-US","@id":"https:\/\/otech.uaeh.edu.mx\/noti\/#\/schema\/person\/image\/","url":"https:\/\/secure.gravatar.com\/avatar\/08dd17208ee6a9e87c5a01c0a5f4c96c8ed24bf05e625630929b5b6a7c1ffa5f?s=96&d=mm&r=g","contentUrl":"https:\/\/secure.gravatar.com\/avatar\/08dd17208ee6a9e87c5a01c0a5f4c96c8ed24bf05e625630929b5b6a7c1ffa5f?s=96&d=mm&r=g","caption":"admin"},"url":"https:\/\/otech.uaeh.edu.mx\/noti\/author\/admin\/"}]}},"_links":{"self":[{"href":"https:\/\/otech.uaeh.edu.mx\/noti\/wp-json\/wp\/v2\/posts\/27895","targetHints":{"allow":["GET"]}}],"collection":[{"href":"https:\/\/otech.uaeh.edu.mx\/noti\/wp-json\/wp\/v2\/posts"}],"about":[{"href":"https:\/\/otech.uaeh.edu.mx\/noti\/wp-json\/wp\/v2\/types\/post"}],"author":[{"embeddable":true,"href":"https:\/\/otech.uaeh.edu.mx\/noti\/wp-json\/wp\/v2\/users\/1"}],"replies":[{"embeddable":true,"href":"https:\/\/otech.uaeh.edu.mx\/noti\/wp-json\/wp\/v2\/comments?post=27895"}],"version-history":[{"count":1,"href":"https:\/\/otech.uaeh.edu.mx\/noti\/wp-json\/wp\/v2\/posts\/27895\/revisions"}],"predecessor-version":[{"id":27897,"href":"https:\/\/otech.uaeh.edu.mx\/noti\/wp-json\/wp\/v2\/posts\/27895\/revisions\/27897"}],"wp:featuredmedia":[{"embeddable":true,"href":"https:\/\/otech.uaeh.edu.mx\/noti\/wp-json\/wp\/v2\/media\/27896"}],"wp:attachment":[{"href":"https:\/\/otech.uaeh.edu.mx\/noti\/wp-json\/wp\/v2\/media?parent=27895"}],"wp:term":[{"taxonomy":"category","embeddable":true,"href":"https:\/\/otech.uaeh.edu.mx\/noti\/wp-json\/wp\/v2\/categories?post=27895"},{"taxonomy":"post_tag","embeddable":true,"href":"https:\/\/otech.uaeh.edu.mx\/noti\/wp-json\/wp\/v2\/tags?post=27895"}],"curies":[{"name":"wp","href":"https:\/\/api.w.org\/{rel}","templated":true}]}}