{"id":27918,"date":"2022-09-06T09:12:25","date_gmt":"2022-09-06T15:12:25","guid":{"rendered":"https:\/\/otech.uaeh.edu.mx\/noti\/?p=27918"},"modified":"2022-09-06T09:12:52","modified_gmt":"2022-09-06T15:12:52","slug":"muro-verde-vertical-divide-la-fachada-de-captacion-solar-de-la-torre-angular","status":"publish","type":"post","link":"https:\/\/otech.uaeh.edu.mx\/noti\/energias-alternas\/muro-verde-vertical-divide-la-fachada-de-captacion-solar-de-la-torre-angular\/","title":{"rendered":"Muro verde vertical divide la fachada de captaci\u00f3n solar de la torre angular"},"content":{"rendered":"<p style=\"text-align: justify;\" data-gtm-vis-recent-on-screen-8631395_73=\"417961\" data-gtm-vis-first-on-screen-8631395_73=\"417961\" data-gtm-vis-total-visible-time-8631395_73=\"100\" data-gtm-vis-has-fired-8631395_73=\"1\"><span style=\"color: #000000;\">UNStudio ha revelado planes para una nueva torre de oficinas en Alemania.\u00a0Animado por una franja de vegetaci\u00f3n que recorre su fachada, el edificio angular reducir\u00e1 el uso de energ\u00eda de la red con un enfoque ambicioso de dise\u00f1o sostenible, incluida una fachada solar.<!--more--><\/span><\/p>\n<p style=\"text-align: justify;\"><span style=\"color: #000000;\">Nion, que tambi\u00e9n involucra a Okra Landscape Architects, est\u00e1 programado para el centro de Frankfurt y es parte de un impulso de desarrollo a largo plazo en el \u00e1rea.\u00a0El interior del edificio medir\u00e1 45\u00a0000 metros cuadrados (aproximadamente 485\u00a0000 pies cuadrados) y se destinar\u00e1 principalmente a espacio para oficinas, aunque tambi\u00e9n habr\u00e1 un restaurante, caf\u00e9s y una panader\u00eda en los pisos inferiores, as\u00ed como m\u00faltiples \u00e1reas de terraza llenas de vegetaci\u00f3n. tambi\u00e9n.<\/span><\/p>\n<p style=\"text-align: justify;\"><span style=\"color: #000000;\">No tenemos noticias sobre la altura de Nion en esta etapa inicial, pero los renders representan una torre de altura media o alta.\u00a0La forma en que incorpora vegetaci\u00f3n en su fachada recuerda a Southbank de UNStudio por Beulah y su forma general est\u00e1 destinada a complementar los edificios cercanos.<\/span><\/p>\n<p style=\"text-align: justify;\"><span style=\"color: #000000;\">&#8220;La estructura consta de dos vol\u00famenes que se cruzan, donde las esquinas noroeste y sureste se cortan para crear un efecto vertical sorprendente, enfatizado por una exuberante vegetaci\u00f3n&#8221;, explic\u00f3 UNStudio.\u00a0&#8220;La cubetura responde a la proximidad de los edificios circundantes y a la posici\u00f3n destacada de Nion junto al parque, a trav\u00e9s de superficies de fachada en \u00e1ngulo que contrastan din\u00e1micamente con las esquinas recortadas. Estos recortes se estrechan desde el edificio base de siete pisos, recogiendo las l\u00edneas del per\u00edmetro circundante bloquean el desarrollo y unifican las diferentes escalas urbanas. La intersecci\u00f3n vertical de la esquina interior en el lado noroeste tambi\u00e9n divide el edificio en torre y podio, dando al edificio una apariencia m\u00e1s esbelta&#8221;.<\/span><\/p>\n<div class=\"Enhancement\" style=\"text-align: justify;\" data-align-center=\"\">\n<div class=\"Enhancement-item\">\n<figure class=\"Figure\"><span style=\"color: #000000;\"><a style=\"color: #000000;\" href=\"https:\/\/newatlas.com\/architecture\/unstudio-nion\/#gallery:4\"><picture data-image-size=\"articleImage\" data-template=\"Image\"><img class=\"Image lazy\" sizes=\"(min-width: 1240px) 800px, (min-width: 1024px) 95vw, 100vw\" srcset=\"https:\/\/assets.newatlas.com\/dims4\/default\/a074ac9\/2147483647\/strip\/true\/crop\/3000x1688+0+0\/resize\/440x248!\/quality\/90\/?url=http%3A%2F%2Fnewatlas-brightspot.s3.amazonaws.com%2Fb0%2F1f%2F290882584423836cf89bd90e0fe2%2Fmoare-220318-view-5-wwwkits.jpg 440w,https:\/\/assets.newatlas.com\/dims4\/default\/e8474b6\/2147483647\/strip\/true\/crop\/3000x1688+0+0\/resize\/800x450!\/quality\/90\/?url=http%3A%2F%2Fnewatlas-brightspot.s3.amazonaws.com%2Fb0%2F1f%2F290882584423836cf89bd90e0fe2%2Fmoare-220318-view-5-wwwkits.jpg 800w,https:\/\/assets.newatlas.com\/dims4\/default\/4088cc4\/2147483647\/strip\/true\/crop\/3000x1688+0+0\/resize\/1200x675!\/quality\/90\/?url=http%3A%2F%2Fnewatlas-brightspot.s3.amazonaws.com%2Fb0%2F1f%2F290882584423836cf89bd90e0fe2%2Fmoare-220318-view-5-wwwkits.jpg 1200w,https:\/\/assets.newatlas.com\/dims4\/default\/84c0355\/2147483647\/strip\/true\/crop\/3000x1688+0+0\/resize\/1920x1080!\/quality\/90\/?url=http%3A%2F%2Fnewatlas-brightspot.s3.amazonaws.com%2Fb0%2F1f%2F290882584423836cf89bd90e0fe2%2Fmoare-220318-view-5-wwwkits.jpg 1920w\" alt=\"Las caracter\u00edsticas de sostenibilidad de Nion incluir\u00e1n la recolecci\u00f3n de agua de lluvia, una fachada de paneles solares y sistemas de calefacci\u00f3n y refrigeraci\u00f3n energ\u00e9ticamente eficientes.\" width=\"1440\" height=\"810\" data-srcset=\"https:\/\/assets.newatlas.com\/dims4\/default\/a074ac9\/2147483647\/strip\/true\/crop\/3000x1688+0+0\/resize\/440x248!\/quality\/90\/?url=http%3A%2F%2Fnewatlas-brightspot.s3.amazonaws.com%2Fb0%2F1f%2F290882584423836cf89bd90e0fe2%2Fmoare-220318-view-5-wwwkits.jpg 440w,https:\/\/assets.newatlas.com\/dims4\/default\/e8474b6\/2147483647\/strip\/true\/crop\/3000x1688+0+0\/resize\/800x450!\/quality\/90\/?url=http%3A%2F%2Fnewatlas-brightspot.s3.amazonaws.com%2Fb0%2F1f%2F290882584423836cf89bd90e0fe2%2Fmoare-220318-view-5-wwwkits.jpg 800w,https:\/\/assets.newatlas.com\/dims4\/default\/4088cc4\/2147483647\/strip\/true\/crop\/3000x1688+0+0\/resize\/1200x675!\/quality\/90\/?url=http%3A%2F%2Fnewatlas-brightspot.s3.amazonaws.com%2Fb0%2F1f%2F290882584423836cf89bd90e0fe2%2Fmoare-220318-view-5-wwwkits.jpg 1200w,https:\/\/assets.newatlas.com\/dims4\/default\/84c0355\/2147483647\/strip\/true\/crop\/3000x1688+0+0\/resize\/1920x1080!\/quality\/90\/?url=http%3A%2F%2Fnewatlas-brightspot.s3.amazonaws.com%2Fb0%2F1f%2F290882584423836cf89bd90e0fe2%2Fmoare-220318-view-5-wwwkits.jpg 1920w\" data-src=\"https:\/\/assets.newatlas.com\/dims4\/default\/036ac66\/2147483647\/strip\/true\/crop\/3000x1688+0+0\/resize\/1440x810!\/quality\/90\/?url=http%3A%2F%2Fnewatlas-brightspot.s3.amazonaws.com%2Fb0%2F1f%2F290882584423836cf89bd90e0fe2%2Fmoare-220318-view-5-wwwkits.jpg\" \/><\/picture><\/a><\/span><\/p>\n<div class=\"Figure-content\">\n<div class=\"Figure-content\"><\/div>\n<\/div><figcaption class=\"Figure-caption\"><span style=\"color: #000000;\">Las caracter\u00edsticas de sostenibilidad de Nion incluir\u00e1n la recolecci\u00f3n de agua de lluvia, una fachada de paneles solares y sistemas de calefacci\u00f3n y refrigeraci\u00f3n energ\u00e9ticamente eficientes.<\/span><\/figcaption><div class=\"Figure-content\">\n<div class=\"Figure-credit\"><span style=\"color: #000000;\">Moare<\/span><\/div>\n<\/div>\n<\/figure>\n<\/div>\n<\/div>\n<p style=\"text-align: justify;\"><span style=\"color: #000000;\">Su fachada solar ser\u00e1 similar a la del reciente\u00a0<a class=\"Link\" style=\"color: #000000;\" href=\"https:\/\/newatlas.com\/architecture\/550-spencer-kennon\/?itm_source=newatlas&amp;itm_medium=article-body\" data-cms-ai=\"0\">550 Spencer<\/a>\u00a0y le permitir\u00e1 generar electricidad, aunque todav\u00eda no hay confirmaci\u00f3n sobre qu\u00e9 capacidad ofrecer\u00e1.\u00a0Otras tecnolog\u00edas y dise\u00f1os ecol\u00f3gicos notables planificados para la torre de oficinas incluyen la gesti\u00f3n del agua de lluvia y un sistema de calefacci\u00f3n y refrigeraci\u00f3n geot\u00e9rmico de bajo consumo.\u00a0Un sistema de gesti\u00f3n de edificios inteligente, aire acondicionado basado en la demanda e iluminaci\u00f3n LED eficiente ayudar\u00e1n a minimizar el uso de energ\u00eda, adem\u00e1s de que contar\u00e1 con ascensores de recuperaci\u00f3n de energ\u00eda.<\/span><\/p>\n<p style=\"text-align: justify;\"><span style=\"color: #000000;\">Adem\u00e1s, se utilizar\u00e1n componentes prefabricados en la construcci\u00f3n, junto con una estructura de soporte modular, para reducir el desperdicio y acelerar el tiempo de construcci\u00f3n.\u00a0Se utilizar\u00e1n materiales de construcci\u00f3n reciclables y tambi\u00e9n se utilizar\u00e1n planos de planta flexibles en un intento de garantizar que el edificio est\u00e9 preparado para el futuro.<\/span><\/p>\n<p style=\"text-align: justify;\"><span style=\"color: #000000;\">Todav\u00eda no hay confirmaci\u00f3n de cu\u00e1ndo se espera que se complete Nion, aunque el desarrollador Gro\u00df &amp; Partner ha confirmado que tiene la intenci\u00f3n de seguir adelante con el proyecto.<\/span><\/p>\n<p style=\"text-align: justify;\"><span style=\"color: #000000;\">Fuente:\u00a0<a class=\"Link\" style=\"color: #000000;\" href=\"https:\/\/www.unstudio.com\/en\/page\/16495\/nion\" target=\"_blank\" rel=\"noopener noreferrer\" data-cms-ai=\"0\">UNStudio<\/a><\/span><\/p>\n<div>\n<p>Williams, A. (2022b, septiembre 6). <i>Vertical green wall divides angular tower\u2019s solar-harvesting facade<\/i>. New Atlas. Recuperado 6 de septiembre de 2022, de https:\/\/newatlas.com\/architecture\/unstudio-nion\/<\/p>\n<\/div>\n","protected":false},"excerpt":{"rendered":"<p>UNStudio ha revelado planes para una nueva torre de oficinas en Alemania.\u00a0Animado por una franja de vegetaci\u00f3n que recorre su fachada, el edificio angular reducir\u00e1 el uso de energ\u00eda de la red con un enfoque ambicioso de dise\u00f1o sostenible, incluida una fachada solar.<\/p>\n","protected":false},"author":1,"featured_media":27919,"comment_status":"open","ping_status":"open","sticky":false,"template":"","format":"standard","meta":{"footnotes":""},"categories":[82],"tags":[],"class_list":["post-27918","post","type-post","status-publish","format-standard","has-post-thumbnail","hentry","category-energias-alternas"],"yoast_head":"<!-- This site is optimized with the Yoast SEO plugin v26.7 - https:\/\/yoast.com\/wordpress\/plugins\/seo\/ -->\n<title>Muro verde vertical divide la fachada de captaci\u00f3n solar de la torre angular - Observatorio Tecnol\u00f3gico de Hidalgo<\/title>\n<meta name=\"robots\" content=\"index, follow, max-snippet:-1, max-image-preview:large, max-video-preview:-1\" \/>\n<link rel=\"canonical\" href=\"https:\/\/otech.uaeh.edu.mx\/noti\/energias-alternas\/muro-verde-vertical-divide-la-fachada-de-captacion-solar-de-la-torre-angular\/\" \/>\n<meta property=\"og:locale\" content=\"en_US\" \/>\n<meta property=\"og:type\" content=\"article\" \/>\n<meta property=\"og:title\" content=\"Muro verde vertical divide la fachada de captaci\u00f3n solar de la torre angular - Observatorio Tecnol\u00f3gico de Hidalgo\" \/>\n<meta property=\"og:description\" content=\"UNStudio ha revelado planes para una nueva torre de oficinas en Alemania.\u00a0Animado por una franja de vegetaci\u00f3n que recorre su fachada, el edificio angular reducir\u00e1 el uso de energ\u00eda de la red con un enfoque ambicioso de dise\u00f1o sostenible, incluida una fachada solar.\" \/>\n<meta property=\"og:url\" content=\"https:\/\/otech.uaeh.edu.mx\/noti\/energias-alternas\/muro-verde-vertical-divide-la-fachada-de-captacion-solar-de-la-torre-angular\/\" \/>\n<meta property=\"og:site_name\" content=\"Observatorio Tecnol\u00f3gico de Hidalgo\" \/>\n<meta property=\"article:publisher\" content=\"https:\/\/www.facebook.com\/observatoriouaeh\" \/>\n<meta property=\"article:published_time\" content=\"2022-09-06T15:12:25+00:00\" \/>\n<meta property=\"article:modified_time\" content=\"2022-09-06T15:12:52+00:00\" \/>\n<meta property=\"og:image\" content=\"https:\/\/otech.uaeh.edu.mx\/noti\/wp-content\/uploads\/2022\/09\/Captura-de-Pantalla-2022-09-06-a-las-10.11.40.png\" \/>\n\t<meta property=\"og:image:width\" content=\"789\" \/>\n\t<meta property=\"og:image:height\" content=\"501\" \/>\n\t<meta property=\"og:image:type\" content=\"image\/png\" \/>\n<meta name=\"author\" content=\"admin\" \/>\n<meta name=\"twitter:card\" content=\"summary_large_image\" \/>\n<meta name=\"twitter:creator\" content=\"@OBSERVATORIOEH\" \/>\n<meta name=\"twitter:site\" content=\"@OBSERVATORIOEH\" \/>\n<meta name=\"twitter:label1\" content=\"Written by\" \/>\n\t<meta name=\"twitter:data1\" content=\"admin\" \/>\n\t<meta name=\"twitter:label2\" content=\"Est. reading time\" \/>\n\t<meta name=\"twitter:data2\" content=\"3 minutes\" \/>\n<script type=\"application\/ld+json\" class=\"yoast-schema-graph\">{\"@context\":\"https:\/\/schema.org\",\"@graph\":[{\"@type\":\"Article\",\"@id\":\"https:\/\/otech.uaeh.edu.mx\/noti\/energias-alternas\/muro-verde-vertical-divide-la-fachada-de-captacion-solar-de-la-torre-angular\/#article\",\"isPartOf\":{\"@id\":\"https:\/\/otech.uaeh.edu.mx\/noti\/energias-alternas\/muro-verde-vertical-divide-la-fachada-de-captacion-solar-de-la-torre-angular\/\"},\"author\":{\"name\":\"admin\",\"@id\":\"https:\/\/otech.uaeh.edu.mx\/noti\/#\/schema\/person\/95263d004158ffabcd98137e1d0abc1c\"},\"headline\":\"Muro verde vertical divide la fachada de captaci\u00f3n solar de la torre angular\",\"datePublished\":\"2022-09-06T15:12:25+00:00\",\"dateModified\":\"2022-09-06T15:12:52+00:00\",\"mainEntityOfPage\":{\"@id\":\"https:\/\/otech.uaeh.edu.mx\/noti\/energias-alternas\/muro-verde-vertical-divide-la-fachada-de-captacion-solar-de-la-torre-angular\/\"},\"wordCount\":574,\"commentCount\":0,\"publisher\":{\"@id\":\"https:\/\/otech.uaeh.edu.mx\/noti\/#organization\"},\"image\":{\"@id\":\"https:\/\/otech.uaeh.edu.mx\/noti\/energias-alternas\/muro-verde-vertical-divide-la-fachada-de-captacion-solar-de-la-torre-angular\/#primaryimage\"},\"thumbnailUrl\":\"https:\/\/otech.uaeh.edu.mx\/noti\/wp-content\/uploads\/2022\/09\/Captura-de-Pantalla-2022-09-06-a-las-10.11.40.png\",\"articleSection\":[\"Energ\u00edas Alternas\"],\"inLanguage\":\"en-US\",\"potentialAction\":[{\"@type\":\"CommentAction\",\"name\":\"Comment\",\"target\":[\"https:\/\/otech.uaeh.edu.mx\/noti\/energias-alternas\/muro-verde-vertical-divide-la-fachada-de-captacion-solar-de-la-torre-angular\/#respond\"]}]},{\"@type\":\"WebPage\",\"@id\":\"https:\/\/otech.uaeh.edu.mx\/noti\/energias-alternas\/muro-verde-vertical-divide-la-fachada-de-captacion-solar-de-la-torre-angular\/\",\"url\":\"https:\/\/otech.uaeh.edu.mx\/noti\/energias-alternas\/muro-verde-vertical-divide-la-fachada-de-captacion-solar-de-la-torre-angular\/\",\"name\":\"Muro verde vertical divide la fachada de captaci\u00f3n solar de la torre angular - Observatorio Tecnol\u00f3gico de Hidalgo\",\"isPartOf\":{\"@id\":\"https:\/\/otech.uaeh.edu.mx\/noti\/#website\"},\"primaryImageOfPage\":{\"@id\":\"https:\/\/otech.uaeh.edu.mx\/noti\/energias-alternas\/muro-verde-vertical-divide-la-fachada-de-captacion-solar-de-la-torre-angular\/#primaryimage\"},\"image\":{\"@id\":\"https:\/\/otech.uaeh.edu.mx\/noti\/energias-alternas\/muro-verde-vertical-divide-la-fachada-de-captacion-solar-de-la-torre-angular\/#primaryimage\"},\"thumbnailUrl\":\"https:\/\/otech.uaeh.edu.mx\/noti\/wp-content\/uploads\/2022\/09\/Captura-de-Pantalla-2022-09-06-a-las-10.11.40.png\",\"datePublished\":\"2022-09-06T15:12:25+00:00\",\"dateModified\":\"2022-09-06T15:12:52+00:00\",\"breadcrumb\":{\"@id\":\"https:\/\/otech.uaeh.edu.mx\/noti\/energias-alternas\/muro-verde-vertical-divide-la-fachada-de-captacion-solar-de-la-torre-angular\/#breadcrumb\"},\"inLanguage\":\"en-US\",\"potentialAction\":[{\"@type\":\"ReadAction\",\"target\":[\"https:\/\/otech.uaeh.edu.mx\/noti\/energias-alternas\/muro-verde-vertical-divide-la-fachada-de-captacion-solar-de-la-torre-angular\/\"]}]},{\"@type\":\"ImageObject\",\"inLanguage\":\"en-US\",\"@id\":\"https:\/\/otech.uaeh.edu.mx\/noti\/energias-alternas\/muro-verde-vertical-divide-la-fachada-de-captacion-solar-de-la-torre-angular\/#primaryimage\",\"url\":\"https:\/\/otech.uaeh.edu.mx\/noti\/wp-content\/uploads\/2022\/09\/Captura-de-Pantalla-2022-09-06-a-las-10.11.40.png\",\"contentUrl\":\"https:\/\/otech.uaeh.edu.mx\/noti\/wp-content\/uploads\/2022\/09\/Captura-de-Pantalla-2022-09-06-a-las-10.11.40.png\",\"width\":789,\"height\":501},{\"@type\":\"BreadcrumbList\",\"@id\":\"https:\/\/otech.uaeh.edu.mx\/noti\/energias-alternas\/muro-verde-vertical-divide-la-fachada-de-captacion-solar-de-la-torre-angular\/#breadcrumb\",\"itemListElement\":[{\"@type\":\"ListItem\",\"position\":1,\"name\":\"Inicio\",\"item\":\"https:\/\/otech.uaeh.edu.mx\/noti\/\"},{\"@type\":\"ListItem\",\"position\":2,\"name\":\"Muro verde vertical divide la fachada de captaci\u00f3n solar de la torre angular\"}]},{\"@type\":\"WebSite\",\"@id\":\"https:\/\/otech.uaeh.edu.mx\/noti\/#website\",\"url\":\"https:\/\/otech.uaeh.edu.mx\/noti\/\",\"name\":\"Observatorio Tecnol\u00f3gico de Hidalgo\",\"description\":\"\",\"publisher\":{\"@id\":\"https:\/\/otech.uaeh.edu.mx\/noti\/#organization\"},\"potentialAction\":[{\"@type\":\"SearchAction\",\"target\":{\"@type\":\"EntryPoint\",\"urlTemplate\":\"https:\/\/otech.uaeh.edu.mx\/noti\/?s={search_term_string}\"},\"query-input\":{\"@type\":\"PropertyValueSpecification\",\"valueRequired\":true,\"valueName\":\"search_term_string\"}}],\"inLanguage\":\"en-US\"},{\"@type\":\"Organization\",\"@id\":\"https:\/\/otech.uaeh.edu.mx\/noti\/#organization\",\"name\":\"Observatorio Tecnol\u00f3gico de Hidalgo\",\"url\":\"https:\/\/otech.uaeh.edu.mx\/noti\/\",\"logo\":{\"@type\":\"ImageObject\",\"inLanguage\":\"en-US\",\"@id\":\"https:\/\/otech.uaeh.edu.mx\/noti\/#\/schema\/logo\/image\/\",\"url\":\"https:\/\/otech.uaeh.edu.mx\/noti\/wp-content\/uploads\/2025\/11\/Logo-circulo.png\",\"contentUrl\":\"https:\/\/otech.uaeh.edu.mx\/noti\/wp-content\/uploads\/2025\/11\/Logo-circulo.png\",\"width\":250,\"height\":250,\"caption\":\"Observatorio Tecnol\u00f3gico de Hidalgo\"},\"image\":{\"@id\":\"https:\/\/otech.uaeh.edu.mx\/noti\/#\/schema\/logo\/image\/\"},\"sameAs\":[\"https:\/\/www.facebook.com\/observatoriouaeh\",\"https:\/\/x.com\/OBSERVATORIOEH\"]},{\"@type\":\"Person\",\"@id\":\"https:\/\/otech.uaeh.edu.mx\/noti\/#\/schema\/person\/95263d004158ffabcd98137e1d0abc1c\",\"name\":\"admin\",\"image\":{\"@type\":\"ImageObject\",\"inLanguage\":\"en-US\",\"@id\":\"https:\/\/otech.uaeh.edu.mx\/noti\/#\/schema\/person\/image\/\",\"url\":\"https:\/\/secure.gravatar.com\/avatar\/08dd17208ee6a9e87c5a01c0a5f4c96c8ed24bf05e625630929b5b6a7c1ffa5f?s=96&d=mm&r=g\",\"contentUrl\":\"https:\/\/secure.gravatar.com\/avatar\/08dd17208ee6a9e87c5a01c0a5f4c96c8ed24bf05e625630929b5b6a7c1ffa5f?s=96&d=mm&r=g\",\"caption\":\"admin\"},\"url\":\"https:\/\/otech.uaeh.edu.mx\/noti\/author\/admin\/\"}]}<\/script>\n<!-- \/ Yoast SEO plugin. -->","yoast_head_json":{"title":"Muro verde vertical divide la fachada de captaci\u00f3n solar de la torre angular - Observatorio Tecnol\u00f3gico de Hidalgo","robots":{"index":"index","follow":"follow","max-snippet":"max-snippet:-1","max-image-preview":"max-image-preview:large","max-video-preview":"max-video-preview:-1"},"canonical":"https:\/\/otech.uaeh.edu.mx\/noti\/energias-alternas\/muro-verde-vertical-divide-la-fachada-de-captacion-solar-de-la-torre-angular\/","og_locale":"en_US","og_type":"article","og_title":"Muro verde vertical divide la fachada de captaci\u00f3n solar de la torre angular - Observatorio Tecnol\u00f3gico de Hidalgo","og_description":"UNStudio ha revelado planes para una nueva torre de oficinas en Alemania.\u00a0Animado por una franja de vegetaci\u00f3n que recorre su fachada, el edificio angular reducir\u00e1 el uso de energ\u00eda de la red con un enfoque ambicioso de dise\u00f1o sostenible, incluida una fachada solar.","og_url":"https:\/\/otech.uaeh.edu.mx\/noti\/energias-alternas\/muro-verde-vertical-divide-la-fachada-de-captacion-solar-de-la-torre-angular\/","og_site_name":"Observatorio Tecnol\u00f3gico de Hidalgo","article_publisher":"https:\/\/www.facebook.com\/observatoriouaeh","article_published_time":"2022-09-06T15:12:25+00:00","article_modified_time":"2022-09-06T15:12:52+00:00","og_image":[{"width":789,"height":501,"url":"https:\/\/otech.uaeh.edu.mx\/noti\/wp-content\/uploads\/2022\/09\/Captura-de-Pantalla-2022-09-06-a-las-10.11.40.png","type":"image\/png"}],"author":"admin","twitter_card":"summary_large_image","twitter_creator":"@OBSERVATORIOEH","twitter_site":"@OBSERVATORIOEH","twitter_misc":{"Written by":"admin","Est. reading time":"3 minutes"},"schema":{"@context":"https:\/\/schema.org","@graph":[{"@type":"Article","@id":"https:\/\/otech.uaeh.edu.mx\/noti\/energias-alternas\/muro-verde-vertical-divide-la-fachada-de-captacion-solar-de-la-torre-angular\/#article","isPartOf":{"@id":"https:\/\/otech.uaeh.edu.mx\/noti\/energias-alternas\/muro-verde-vertical-divide-la-fachada-de-captacion-solar-de-la-torre-angular\/"},"author":{"name":"admin","@id":"https:\/\/otech.uaeh.edu.mx\/noti\/#\/schema\/person\/95263d004158ffabcd98137e1d0abc1c"},"headline":"Muro verde vertical divide la fachada de captaci\u00f3n solar de la torre angular","datePublished":"2022-09-06T15:12:25+00:00","dateModified":"2022-09-06T15:12:52+00:00","mainEntityOfPage":{"@id":"https:\/\/otech.uaeh.edu.mx\/noti\/energias-alternas\/muro-verde-vertical-divide-la-fachada-de-captacion-solar-de-la-torre-angular\/"},"wordCount":574,"commentCount":0,"publisher":{"@id":"https:\/\/otech.uaeh.edu.mx\/noti\/#organization"},"image":{"@id":"https:\/\/otech.uaeh.edu.mx\/noti\/energias-alternas\/muro-verde-vertical-divide-la-fachada-de-captacion-solar-de-la-torre-angular\/#primaryimage"},"thumbnailUrl":"https:\/\/otech.uaeh.edu.mx\/noti\/wp-content\/uploads\/2022\/09\/Captura-de-Pantalla-2022-09-06-a-las-10.11.40.png","articleSection":["Energ\u00edas Alternas"],"inLanguage":"en-US","potentialAction":[{"@type":"CommentAction","name":"Comment","target":["https:\/\/otech.uaeh.edu.mx\/noti\/energias-alternas\/muro-verde-vertical-divide-la-fachada-de-captacion-solar-de-la-torre-angular\/#respond"]}]},{"@type":"WebPage","@id":"https:\/\/otech.uaeh.edu.mx\/noti\/energias-alternas\/muro-verde-vertical-divide-la-fachada-de-captacion-solar-de-la-torre-angular\/","url":"https:\/\/otech.uaeh.edu.mx\/noti\/energias-alternas\/muro-verde-vertical-divide-la-fachada-de-captacion-solar-de-la-torre-angular\/","name":"Muro verde vertical divide la fachada de captaci\u00f3n solar de la torre angular - Observatorio Tecnol\u00f3gico de Hidalgo","isPartOf":{"@id":"https:\/\/otech.uaeh.edu.mx\/noti\/#website"},"primaryImageOfPage":{"@id":"https:\/\/otech.uaeh.edu.mx\/noti\/energias-alternas\/muro-verde-vertical-divide-la-fachada-de-captacion-solar-de-la-torre-angular\/#primaryimage"},"image":{"@id":"https:\/\/otech.uaeh.edu.mx\/noti\/energias-alternas\/muro-verde-vertical-divide-la-fachada-de-captacion-solar-de-la-torre-angular\/#primaryimage"},"thumbnailUrl":"https:\/\/otech.uaeh.edu.mx\/noti\/wp-content\/uploads\/2022\/09\/Captura-de-Pantalla-2022-09-06-a-las-10.11.40.png","datePublished":"2022-09-06T15:12:25+00:00","dateModified":"2022-09-06T15:12:52+00:00","breadcrumb":{"@id":"https:\/\/otech.uaeh.edu.mx\/noti\/energias-alternas\/muro-verde-vertical-divide-la-fachada-de-captacion-solar-de-la-torre-angular\/#breadcrumb"},"inLanguage":"en-US","potentialAction":[{"@type":"ReadAction","target":["https:\/\/otech.uaeh.edu.mx\/noti\/energias-alternas\/muro-verde-vertical-divide-la-fachada-de-captacion-solar-de-la-torre-angular\/"]}]},{"@type":"ImageObject","inLanguage":"en-US","@id":"https:\/\/otech.uaeh.edu.mx\/noti\/energias-alternas\/muro-verde-vertical-divide-la-fachada-de-captacion-solar-de-la-torre-angular\/#primaryimage","url":"https:\/\/otech.uaeh.edu.mx\/noti\/wp-content\/uploads\/2022\/09\/Captura-de-Pantalla-2022-09-06-a-las-10.11.40.png","contentUrl":"https:\/\/otech.uaeh.edu.mx\/noti\/wp-content\/uploads\/2022\/09\/Captura-de-Pantalla-2022-09-06-a-las-10.11.40.png","width":789,"height":501},{"@type":"BreadcrumbList","@id":"https:\/\/otech.uaeh.edu.mx\/noti\/energias-alternas\/muro-verde-vertical-divide-la-fachada-de-captacion-solar-de-la-torre-angular\/#breadcrumb","itemListElement":[{"@type":"ListItem","position":1,"name":"Inicio","item":"https:\/\/otech.uaeh.edu.mx\/noti\/"},{"@type":"ListItem","position":2,"name":"Muro verde vertical divide la fachada de captaci\u00f3n solar de la torre angular"}]},{"@type":"WebSite","@id":"https:\/\/otech.uaeh.edu.mx\/noti\/#website","url":"https:\/\/otech.uaeh.edu.mx\/noti\/","name":"Observatorio Tecnol\u00f3gico de Hidalgo","description":"","publisher":{"@id":"https:\/\/otech.uaeh.edu.mx\/noti\/#organization"},"potentialAction":[{"@type":"SearchAction","target":{"@type":"EntryPoint","urlTemplate":"https:\/\/otech.uaeh.edu.mx\/noti\/?s={search_term_string}"},"query-input":{"@type":"PropertyValueSpecification","valueRequired":true,"valueName":"search_term_string"}}],"inLanguage":"en-US"},{"@type":"Organization","@id":"https:\/\/otech.uaeh.edu.mx\/noti\/#organization","name":"Observatorio Tecnol\u00f3gico de Hidalgo","url":"https:\/\/otech.uaeh.edu.mx\/noti\/","logo":{"@type":"ImageObject","inLanguage":"en-US","@id":"https:\/\/otech.uaeh.edu.mx\/noti\/#\/schema\/logo\/image\/","url":"https:\/\/otech.uaeh.edu.mx\/noti\/wp-content\/uploads\/2025\/11\/Logo-circulo.png","contentUrl":"https:\/\/otech.uaeh.edu.mx\/noti\/wp-content\/uploads\/2025\/11\/Logo-circulo.png","width":250,"height":250,"caption":"Observatorio Tecnol\u00f3gico de Hidalgo"},"image":{"@id":"https:\/\/otech.uaeh.edu.mx\/noti\/#\/schema\/logo\/image\/"},"sameAs":["https:\/\/www.facebook.com\/observatoriouaeh","https:\/\/x.com\/OBSERVATORIOEH"]},{"@type":"Person","@id":"https:\/\/otech.uaeh.edu.mx\/noti\/#\/schema\/person\/95263d004158ffabcd98137e1d0abc1c","name":"admin","image":{"@type":"ImageObject","inLanguage":"en-US","@id":"https:\/\/otech.uaeh.edu.mx\/noti\/#\/schema\/person\/image\/","url":"https:\/\/secure.gravatar.com\/avatar\/08dd17208ee6a9e87c5a01c0a5f4c96c8ed24bf05e625630929b5b6a7c1ffa5f?s=96&d=mm&r=g","contentUrl":"https:\/\/secure.gravatar.com\/avatar\/08dd17208ee6a9e87c5a01c0a5f4c96c8ed24bf05e625630929b5b6a7c1ffa5f?s=96&d=mm&r=g","caption":"admin"},"url":"https:\/\/otech.uaeh.edu.mx\/noti\/author\/admin\/"}]}},"_links":{"self":[{"href":"https:\/\/otech.uaeh.edu.mx\/noti\/wp-json\/wp\/v2\/posts\/27918","targetHints":{"allow":["GET"]}}],"collection":[{"href":"https:\/\/otech.uaeh.edu.mx\/noti\/wp-json\/wp\/v2\/posts"}],"about":[{"href":"https:\/\/otech.uaeh.edu.mx\/noti\/wp-json\/wp\/v2\/types\/post"}],"author":[{"embeddable":true,"href":"https:\/\/otech.uaeh.edu.mx\/noti\/wp-json\/wp\/v2\/users\/1"}],"replies":[{"embeddable":true,"href":"https:\/\/otech.uaeh.edu.mx\/noti\/wp-json\/wp\/v2\/comments?post=27918"}],"version-history":[{"count":1,"href":"https:\/\/otech.uaeh.edu.mx\/noti\/wp-json\/wp\/v2\/posts\/27918\/revisions"}],"predecessor-version":[{"id":27920,"href":"https:\/\/otech.uaeh.edu.mx\/noti\/wp-json\/wp\/v2\/posts\/27918\/revisions\/27920"}],"wp:featuredmedia":[{"embeddable":true,"href":"https:\/\/otech.uaeh.edu.mx\/noti\/wp-json\/wp\/v2\/media\/27919"}],"wp:attachment":[{"href":"https:\/\/otech.uaeh.edu.mx\/noti\/wp-json\/wp\/v2\/media?parent=27918"}],"wp:term":[{"taxonomy":"category","embeddable":true,"href":"https:\/\/otech.uaeh.edu.mx\/noti\/wp-json\/wp\/v2\/categories?post=27918"},{"taxonomy":"post_tag","embeddable":true,"href":"https:\/\/otech.uaeh.edu.mx\/noti\/wp-json\/wp\/v2\/tags?post=27918"}],"curies":[{"name":"wp","href":"https:\/\/api.w.org\/{rel}","templated":true}]}}