{"id":27950,"date":"2022-09-13T09:04:21","date_gmt":"2022-09-13T15:04:21","guid":{"rendered":"https:\/\/otech.uaeh.edu.mx\/noti\/?p=27950"},"modified":"2022-09-13T09:09:32","modified_gmt":"2022-09-13T15:09:32","slug":"conducta-suicida-en-la-adolescencia-y-alteraciones-estructurales-en-el-cerebro","status":"publish","type":"post","link":"https:\/\/otech.uaeh.edu.mx\/noti\/salud\/conducta-suicida-en-la-adolescencia-y-alteraciones-estructurales-en-el-cerebro\/","title":{"rendered":"Conducta suicida en la adolescencia y alteraciones estructurales en el cerebro"},"content":{"rendered":"<p style=\"text-align: justify;\">Hay casos en los que la p\u00e9rdida de un ser muy querido, sufrir una enfermedad terminal o padecer otras desgracias grandes pueden empujar al suicidio a una persona, adolescente o no. En otros casos, a menudo durante la \u00e9poca dif\u00edcil de la adolescencia, las ganas de suicidarse no responden a problemas demasiado graves. \u00bfSe trata de un problema meramente psicol\u00f3gico o, por el contrario, existe una causa neurol\u00f3gica reconocible en la estructura del cerebro aunque sea sutil? Una investigaci\u00f3n reciente ha explorado a fondo esta cuesti\u00f3n.<!--more--><\/p>\n<p style=\"text-align: justify;\">En pa\u00edses como Estados Unidos, el suicidio es la segunda causa de muerte entre los j\u00f3venes de 10 a 33 a\u00f1os, es decir, preadolescentes, adolescentes y j\u00f3venes. Tr\u00e1gicamente, el n\u00famero de intentos de suicidio entre ni\u00f1os y adolescentes viene increment\u00e1ndose en los \u00faltimos a\u00f1os a pesar de los esfuerzos nacionales e internacionales de prevenci\u00f3n. Urge conocer las causas del fen\u00f3meno y aplicar medidas para revertir esta tendencia al alza.<\/p>\n<p style=\"text-align: justify;\">Un nuevo estudio realizado por un equipo internacional que incluye, entre otros, a Laura van Velzen, de la Universidad de Melbourne en Australia, y Neda Jahanshad, de la Universidad del Sur de California (USC) en Estados Unidos, ha revelado sutiles alteraciones en el tama\u00f1o de una estructura de la zona prefrontal del cerebro en j\u00f3venes con trastornos del estado de \u00e1nimo y pensamientos y conductas suicidas.<\/p>\n<p style=\"text-align: justify;\">Los resultados del estudio muestran concretamente sutiles alteraciones en el tama\u00f1o del polo frontal.<\/p>\n<p style=\"text-align: justify;\">A la vista de este hallazgo, el equipo de investigaci\u00f3n hace un llamamiento sobre la necesidad urgente de realizar m\u00e1s estudios de este tipo. La l\u00ednea de investigaci\u00f3n que sigue el equipo de Van Velzen y Jahanshad incluir\u00e1 un an\u00e1lisis m\u00e1s amplio, con el objetivo de incluir a otros grupos de edad y explorar otras caracter\u00edsticas, como la conectividad cerebral.<\/p>\n<p style=\"text-align: justify;\">Identificar las variaciones neurobiol\u00f3gicas asociadas a los pensamientos suicidas y a la conducta suicida, y combinar esta informaci\u00f3n con los conocimientos sobre la funci\u00f3n de cada estructura cerebral y con factores cl\u00ednicos y demogr\u00e1ficos, puede ser de gran ayuda en la prevenci\u00f3n del suicidio. (Imagen: USC Stevens INI)<\/p>\n<p style=\"text-align: justify;\"><img decoding=\"async\" class=\"RichTextAlignCenter\" src=\"https:\/\/noticiasdelaciencia.com\/upload\/images\/09_2022\/5738_conducta-suicida-en-la-adolescencia-y-alteraciones.jpg\" alt=\"[Img #66974]\" \/><\/p>\n<p style=\"text-align: justify;\">El estudio se titula \u201cStructural brain alterations associated with suicidal thouhts and behaviors in young people: results from 21 international studies from the ENIGMA Suicidal Thoughts and Behaviours consortium\u201d. Y se ha publicado en la revista acad\u00e9mica Molecular Psychiatry.<\/p>\n<p style=\"text-align: justify;\">(Fuente:\u00a0<a href=\"https:\/\/noticiasdelaciencia.com\/\">NCYT de Amazings<\/a>)<\/p>\n<div>\n<p>r, R. (2022, 12 septiembre). <i>Conducta suicida en la adolescencia y alteraciones estructurales en el cerebro<\/i>. Noticias de la Ciencia y la Tecnolog\u00eda (Amazings\u00ae \/ NCYT\u00ae). Recuperado 13 de septiembre de 2022, de https:\/\/noticiasdelaciencia.com\/art\/45007\/conducta-suicida-en-la-adolescencia-y-alteraciones-estructurales-en-el-cerebro<\/p>\n<\/div>\n","protected":false},"excerpt":{"rendered":"<p>Hay casos en los que la p\u00e9rdida de un ser muy querido, sufrir una enfermedad terminal o padecer otras desgracias grandes pueden empujar al suicidio a una persona, adolescente o no. En otros casos, a menudo durante la \u00e9poca dif\u00edcil de la adolescencia, las ganas de suicidarse no responden a problemas demasiado graves. \u00bfSe trata [&hellip;]<\/p>\n","protected":false},"author":1,"featured_media":27951,"comment_status":"open","ping_status":"open","sticky":false,"template":"","format":"standard","meta":{"footnotes":""},"categories":[370],"tags":[],"class_list":["post-27950","post","type-post","status-publish","format-standard","has-post-thumbnail","hentry","category-salud"],"yoast_head":"<!-- This site is optimized with the Yoast SEO plugin v26.7 - https:\/\/yoast.com\/wordpress\/plugins\/seo\/ -->\n<title>Conducta suicida en la adolescencia y alteraciones estructurales en el cerebro - Observatorio Tecnol\u00f3gico de Hidalgo<\/title>\n<meta name=\"robots\" content=\"index, follow, max-snippet:-1, max-image-preview:large, max-video-preview:-1\" \/>\n<link rel=\"canonical\" href=\"https:\/\/otech.uaeh.edu.mx\/noti\/salud\/conducta-suicida-en-la-adolescencia-y-alteraciones-estructurales-en-el-cerebro\/\" \/>\n<meta property=\"og:locale\" content=\"en_US\" \/>\n<meta property=\"og:type\" content=\"article\" \/>\n<meta property=\"og:title\" content=\"Conducta suicida en la adolescencia y alteraciones estructurales en el cerebro - Observatorio Tecnol\u00f3gico de Hidalgo\" \/>\n<meta property=\"og:description\" content=\"Hay casos en los que la p\u00e9rdida de un ser muy querido, sufrir una enfermedad terminal o padecer otras desgracias grandes pueden empujar al suicidio a una persona, adolescente o no. En otros casos, a menudo durante la \u00e9poca dif\u00edcil de la adolescencia, las ganas de suicidarse no responden a problemas demasiado graves. \u00bfSe trata [&hellip;]\" \/>\n<meta property=\"og:url\" content=\"https:\/\/otech.uaeh.edu.mx\/noti\/salud\/conducta-suicida-en-la-adolescencia-y-alteraciones-estructurales-en-el-cerebro\/\" \/>\n<meta property=\"og:site_name\" content=\"Observatorio Tecnol\u00f3gico de Hidalgo\" \/>\n<meta property=\"article:publisher\" content=\"https:\/\/www.facebook.com\/observatoriouaeh\" \/>\n<meta property=\"article:published_time\" content=\"2022-09-13T15:04:21+00:00\" \/>\n<meta property=\"article:modified_time\" content=\"2022-09-13T15:09:32+00:00\" \/>\n<meta property=\"og:image\" content=\"https:\/\/otech.uaeh.edu.mx\/noti\/wp-content\/uploads\/2022\/09\/Captura-de-Pantalla-2022-09-13-a-las-9.53.26.png\" \/>\n\t<meta property=\"og:image:width\" content=\"666\" \/>\n\t<meta property=\"og:image:height\" content=\"677\" \/>\n\t<meta property=\"og:image:type\" content=\"image\/png\" \/>\n<meta name=\"author\" content=\"admin\" \/>\n<meta name=\"twitter:card\" content=\"summary_large_image\" \/>\n<meta name=\"twitter:creator\" content=\"@OBSERVATORIOEH\" \/>\n<meta name=\"twitter:site\" content=\"@OBSERVATORIOEH\" \/>\n<meta name=\"twitter:label1\" content=\"Written by\" \/>\n\t<meta name=\"twitter:data1\" content=\"admin\" \/>\n\t<meta name=\"twitter:label2\" content=\"Est. reading time\" \/>\n\t<meta name=\"twitter:data2\" content=\"2 minutes\" \/>\n<script type=\"application\/ld+json\" class=\"yoast-schema-graph\">{\"@context\":\"https:\/\/schema.org\",\"@graph\":[{\"@type\":\"Article\",\"@id\":\"https:\/\/otech.uaeh.edu.mx\/noti\/salud\/conducta-suicida-en-la-adolescencia-y-alteraciones-estructurales-en-el-cerebro\/#article\",\"isPartOf\":{\"@id\":\"https:\/\/otech.uaeh.edu.mx\/noti\/salud\/conducta-suicida-en-la-adolescencia-y-alteraciones-estructurales-en-el-cerebro\/\"},\"author\":{\"name\":\"admin\",\"@id\":\"https:\/\/otech.uaeh.edu.mx\/noti\/#\/schema\/person\/95263d004158ffabcd98137e1d0abc1c\"},\"headline\":\"Conducta suicida en la adolescencia y alteraciones estructurales en el cerebro\",\"datePublished\":\"2022-09-13T15:04:21+00:00\",\"dateModified\":\"2022-09-13T15:09:32+00:00\",\"mainEntityOfPage\":{\"@id\":\"https:\/\/otech.uaeh.edu.mx\/noti\/salud\/conducta-suicida-en-la-adolescencia-y-alteraciones-estructurales-en-el-cerebro\/\"},\"wordCount\":462,\"commentCount\":0,\"publisher\":{\"@id\":\"https:\/\/otech.uaeh.edu.mx\/noti\/#organization\"},\"image\":{\"@id\":\"https:\/\/otech.uaeh.edu.mx\/noti\/salud\/conducta-suicida-en-la-adolescencia-y-alteraciones-estructurales-en-el-cerebro\/#primaryimage\"},\"thumbnailUrl\":\"https:\/\/otech.uaeh.edu.mx\/noti\/wp-content\/uploads\/2022\/09\/Captura-de-Pantalla-2022-09-13-a-las-9.53.26.png\",\"articleSection\":[\"Salud\"],\"inLanguage\":\"en-US\",\"potentialAction\":[{\"@type\":\"CommentAction\",\"name\":\"Comment\",\"target\":[\"https:\/\/otech.uaeh.edu.mx\/noti\/salud\/conducta-suicida-en-la-adolescencia-y-alteraciones-estructurales-en-el-cerebro\/#respond\"]}]},{\"@type\":\"WebPage\",\"@id\":\"https:\/\/otech.uaeh.edu.mx\/noti\/salud\/conducta-suicida-en-la-adolescencia-y-alteraciones-estructurales-en-el-cerebro\/\",\"url\":\"https:\/\/otech.uaeh.edu.mx\/noti\/salud\/conducta-suicida-en-la-adolescencia-y-alteraciones-estructurales-en-el-cerebro\/\",\"name\":\"Conducta suicida en la adolescencia y alteraciones estructurales en el cerebro - Observatorio Tecnol\u00f3gico de Hidalgo\",\"isPartOf\":{\"@id\":\"https:\/\/otech.uaeh.edu.mx\/noti\/#website\"},\"primaryImageOfPage\":{\"@id\":\"https:\/\/otech.uaeh.edu.mx\/noti\/salud\/conducta-suicida-en-la-adolescencia-y-alteraciones-estructurales-en-el-cerebro\/#primaryimage\"},\"image\":{\"@id\":\"https:\/\/otech.uaeh.edu.mx\/noti\/salud\/conducta-suicida-en-la-adolescencia-y-alteraciones-estructurales-en-el-cerebro\/#primaryimage\"},\"thumbnailUrl\":\"https:\/\/otech.uaeh.edu.mx\/noti\/wp-content\/uploads\/2022\/09\/Captura-de-Pantalla-2022-09-13-a-las-9.53.26.png\",\"datePublished\":\"2022-09-13T15:04:21+00:00\",\"dateModified\":\"2022-09-13T15:09:32+00:00\",\"breadcrumb\":{\"@id\":\"https:\/\/otech.uaeh.edu.mx\/noti\/salud\/conducta-suicida-en-la-adolescencia-y-alteraciones-estructurales-en-el-cerebro\/#breadcrumb\"},\"inLanguage\":\"en-US\",\"potentialAction\":[{\"@type\":\"ReadAction\",\"target\":[\"https:\/\/otech.uaeh.edu.mx\/noti\/salud\/conducta-suicida-en-la-adolescencia-y-alteraciones-estructurales-en-el-cerebro\/\"]}]},{\"@type\":\"ImageObject\",\"inLanguage\":\"en-US\",\"@id\":\"https:\/\/otech.uaeh.edu.mx\/noti\/salud\/conducta-suicida-en-la-adolescencia-y-alteraciones-estructurales-en-el-cerebro\/#primaryimage\",\"url\":\"https:\/\/otech.uaeh.edu.mx\/noti\/wp-content\/uploads\/2022\/09\/Captura-de-Pantalla-2022-09-13-a-las-9.53.26.png\",\"contentUrl\":\"https:\/\/otech.uaeh.edu.mx\/noti\/wp-content\/uploads\/2022\/09\/Captura-de-Pantalla-2022-09-13-a-las-9.53.26.png\",\"width\":666,\"height\":677},{\"@type\":\"BreadcrumbList\",\"@id\":\"https:\/\/otech.uaeh.edu.mx\/noti\/salud\/conducta-suicida-en-la-adolescencia-y-alteraciones-estructurales-en-el-cerebro\/#breadcrumb\",\"itemListElement\":[{\"@type\":\"ListItem\",\"position\":1,\"name\":\"Inicio\",\"item\":\"https:\/\/otech.uaeh.edu.mx\/noti\/\"},{\"@type\":\"ListItem\",\"position\":2,\"name\":\"Conducta suicida en la adolescencia y alteraciones estructurales en el cerebro\"}]},{\"@type\":\"WebSite\",\"@id\":\"https:\/\/otech.uaeh.edu.mx\/noti\/#website\",\"url\":\"https:\/\/otech.uaeh.edu.mx\/noti\/\",\"name\":\"Observatorio Tecnol\u00f3gico de Hidalgo\",\"description\":\"\",\"publisher\":{\"@id\":\"https:\/\/otech.uaeh.edu.mx\/noti\/#organization\"},\"potentialAction\":[{\"@type\":\"SearchAction\",\"target\":{\"@type\":\"EntryPoint\",\"urlTemplate\":\"https:\/\/otech.uaeh.edu.mx\/noti\/?s={search_term_string}\"},\"query-input\":{\"@type\":\"PropertyValueSpecification\",\"valueRequired\":true,\"valueName\":\"search_term_string\"}}],\"inLanguage\":\"en-US\"},{\"@type\":\"Organization\",\"@id\":\"https:\/\/otech.uaeh.edu.mx\/noti\/#organization\",\"name\":\"Observatorio Tecnol\u00f3gico de Hidalgo\",\"url\":\"https:\/\/otech.uaeh.edu.mx\/noti\/\",\"logo\":{\"@type\":\"ImageObject\",\"inLanguage\":\"en-US\",\"@id\":\"https:\/\/otech.uaeh.edu.mx\/noti\/#\/schema\/logo\/image\/\",\"url\":\"https:\/\/otech.uaeh.edu.mx\/noti\/wp-content\/uploads\/2025\/11\/Logo-circulo.png\",\"contentUrl\":\"https:\/\/otech.uaeh.edu.mx\/noti\/wp-content\/uploads\/2025\/11\/Logo-circulo.png\",\"width\":250,\"height\":250,\"caption\":\"Observatorio Tecnol\u00f3gico de Hidalgo\"},\"image\":{\"@id\":\"https:\/\/otech.uaeh.edu.mx\/noti\/#\/schema\/logo\/image\/\"},\"sameAs\":[\"https:\/\/www.facebook.com\/observatoriouaeh\",\"https:\/\/x.com\/OBSERVATORIOEH\"]},{\"@type\":\"Person\",\"@id\":\"https:\/\/otech.uaeh.edu.mx\/noti\/#\/schema\/person\/95263d004158ffabcd98137e1d0abc1c\",\"name\":\"admin\",\"image\":{\"@type\":\"ImageObject\",\"inLanguage\":\"en-US\",\"@id\":\"https:\/\/otech.uaeh.edu.mx\/noti\/#\/schema\/person\/image\/\",\"url\":\"https:\/\/secure.gravatar.com\/avatar\/08dd17208ee6a9e87c5a01c0a5f4c96c8ed24bf05e625630929b5b6a7c1ffa5f?s=96&d=mm&r=g\",\"contentUrl\":\"https:\/\/secure.gravatar.com\/avatar\/08dd17208ee6a9e87c5a01c0a5f4c96c8ed24bf05e625630929b5b6a7c1ffa5f?s=96&d=mm&r=g\",\"caption\":\"admin\"},\"url\":\"https:\/\/otech.uaeh.edu.mx\/noti\/author\/admin\/\"}]}<\/script>\n<!-- \/ Yoast SEO plugin. -->","yoast_head_json":{"title":"Conducta suicida en la adolescencia y alteraciones estructurales en el cerebro - Observatorio Tecnol\u00f3gico de Hidalgo","robots":{"index":"index","follow":"follow","max-snippet":"max-snippet:-1","max-image-preview":"max-image-preview:large","max-video-preview":"max-video-preview:-1"},"canonical":"https:\/\/otech.uaeh.edu.mx\/noti\/salud\/conducta-suicida-en-la-adolescencia-y-alteraciones-estructurales-en-el-cerebro\/","og_locale":"en_US","og_type":"article","og_title":"Conducta suicida en la adolescencia y alteraciones estructurales en el cerebro - Observatorio Tecnol\u00f3gico de Hidalgo","og_description":"Hay casos en los que la p\u00e9rdida de un ser muy querido, sufrir una enfermedad terminal o padecer otras desgracias grandes pueden empujar al suicidio a una persona, adolescente o no. En otros casos, a menudo durante la \u00e9poca dif\u00edcil de la adolescencia, las ganas de suicidarse no responden a problemas demasiado graves. \u00bfSe trata [&hellip;]","og_url":"https:\/\/otech.uaeh.edu.mx\/noti\/salud\/conducta-suicida-en-la-adolescencia-y-alteraciones-estructurales-en-el-cerebro\/","og_site_name":"Observatorio Tecnol\u00f3gico de Hidalgo","article_publisher":"https:\/\/www.facebook.com\/observatoriouaeh","article_published_time":"2022-09-13T15:04:21+00:00","article_modified_time":"2022-09-13T15:09:32+00:00","og_image":[{"width":666,"height":677,"url":"https:\/\/otech.uaeh.edu.mx\/noti\/wp-content\/uploads\/2022\/09\/Captura-de-Pantalla-2022-09-13-a-las-9.53.26.png","type":"image\/png"}],"author":"admin","twitter_card":"summary_large_image","twitter_creator":"@OBSERVATORIOEH","twitter_site":"@OBSERVATORIOEH","twitter_misc":{"Written by":"admin","Est. reading time":"2 minutes"},"schema":{"@context":"https:\/\/schema.org","@graph":[{"@type":"Article","@id":"https:\/\/otech.uaeh.edu.mx\/noti\/salud\/conducta-suicida-en-la-adolescencia-y-alteraciones-estructurales-en-el-cerebro\/#article","isPartOf":{"@id":"https:\/\/otech.uaeh.edu.mx\/noti\/salud\/conducta-suicida-en-la-adolescencia-y-alteraciones-estructurales-en-el-cerebro\/"},"author":{"name":"admin","@id":"https:\/\/otech.uaeh.edu.mx\/noti\/#\/schema\/person\/95263d004158ffabcd98137e1d0abc1c"},"headline":"Conducta suicida en la adolescencia y alteraciones estructurales en el cerebro","datePublished":"2022-09-13T15:04:21+00:00","dateModified":"2022-09-13T15:09:32+00:00","mainEntityOfPage":{"@id":"https:\/\/otech.uaeh.edu.mx\/noti\/salud\/conducta-suicida-en-la-adolescencia-y-alteraciones-estructurales-en-el-cerebro\/"},"wordCount":462,"commentCount":0,"publisher":{"@id":"https:\/\/otech.uaeh.edu.mx\/noti\/#organization"},"image":{"@id":"https:\/\/otech.uaeh.edu.mx\/noti\/salud\/conducta-suicida-en-la-adolescencia-y-alteraciones-estructurales-en-el-cerebro\/#primaryimage"},"thumbnailUrl":"https:\/\/otech.uaeh.edu.mx\/noti\/wp-content\/uploads\/2022\/09\/Captura-de-Pantalla-2022-09-13-a-las-9.53.26.png","articleSection":["Salud"],"inLanguage":"en-US","potentialAction":[{"@type":"CommentAction","name":"Comment","target":["https:\/\/otech.uaeh.edu.mx\/noti\/salud\/conducta-suicida-en-la-adolescencia-y-alteraciones-estructurales-en-el-cerebro\/#respond"]}]},{"@type":"WebPage","@id":"https:\/\/otech.uaeh.edu.mx\/noti\/salud\/conducta-suicida-en-la-adolescencia-y-alteraciones-estructurales-en-el-cerebro\/","url":"https:\/\/otech.uaeh.edu.mx\/noti\/salud\/conducta-suicida-en-la-adolescencia-y-alteraciones-estructurales-en-el-cerebro\/","name":"Conducta suicida en la adolescencia y alteraciones estructurales en el cerebro - Observatorio Tecnol\u00f3gico de Hidalgo","isPartOf":{"@id":"https:\/\/otech.uaeh.edu.mx\/noti\/#website"},"primaryImageOfPage":{"@id":"https:\/\/otech.uaeh.edu.mx\/noti\/salud\/conducta-suicida-en-la-adolescencia-y-alteraciones-estructurales-en-el-cerebro\/#primaryimage"},"image":{"@id":"https:\/\/otech.uaeh.edu.mx\/noti\/salud\/conducta-suicida-en-la-adolescencia-y-alteraciones-estructurales-en-el-cerebro\/#primaryimage"},"thumbnailUrl":"https:\/\/otech.uaeh.edu.mx\/noti\/wp-content\/uploads\/2022\/09\/Captura-de-Pantalla-2022-09-13-a-las-9.53.26.png","datePublished":"2022-09-13T15:04:21+00:00","dateModified":"2022-09-13T15:09:32+00:00","breadcrumb":{"@id":"https:\/\/otech.uaeh.edu.mx\/noti\/salud\/conducta-suicida-en-la-adolescencia-y-alteraciones-estructurales-en-el-cerebro\/#breadcrumb"},"inLanguage":"en-US","potentialAction":[{"@type":"ReadAction","target":["https:\/\/otech.uaeh.edu.mx\/noti\/salud\/conducta-suicida-en-la-adolescencia-y-alteraciones-estructurales-en-el-cerebro\/"]}]},{"@type":"ImageObject","inLanguage":"en-US","@id":"https:\/\/otech.uaeh.edu.mx\/noti\/salud\/conducta-suicida-en-la-adolescencia-y-alteraciones-estructurales-en-el-cerebro\/#primaryimage","url":"https:\/\/otech.uaeh.edu.mx\/noti\/wp-content\/uploads\/2022\/09\/Captura-de-Pantalla-2022-09-13-a-las-9.53.26.png","contentUrl":"https:\/\/otech.uaeh.edu.mx\/noti\/wp-content\/uploads\/2022\/09\/Captura-de-Pantalla-2022-09-13-a-las-9.53.26.png","width":666,"height":677},{"@type":"BreadcrumbList","@id":"https:\/\/otech.uaeh.edu.mx\/noti\/salud\/conducta-suicida-en-la-adolescencia-y-alteraciones-estructurales-en-el-cerebro\/#breadcrumb","itemListElement":[{"@type":"ListItem","position":1,"name":"Inicio","item":"https:\/\/otech.uaeh.edu.mx\/noti\/"},{"@type":"ListItem","position":2,"name":"Conducta suicida en la adolescencia y alteraciones estructurales en el cerebro"}]},{"@type":"WebSite","@id":"https:\/\/otech.uaeh.edu.mx\/noti\/#website","url":"https:\/\/otech.uaeh.edu.mx\/noti\/","name":"Observatorio Tecnol\u00f3gico de Hidalgo","description":"","publisher":{"@id":"https:\/\/otech.uaeh.edu.mx\/noti\/#organization"},"potentialAction":[{"@type":"SearchAction","target":{"@type":"EntryPoint","urlTemplate":"https:\/\/otech.uaeh.edu.mx\/noti\/?s={search_term_string}"},"query-input":{"@type":"PropertyValueSpecification","valueRequired":true,"valueName":"search_term_string"}}],"inLanguage":"en-US"},{"@type":"Organization","@id":"https:\/\/otech.uaeh.edu.mx\/noti\/#organization","name":"Observatorio Tecnol\u00f3gico de Hidalgo","url":"https:\/\/otech.uaeh.edu.mx\/noti\/","logo":{"@type":"ImageObject","inLanguage":"en-US","@id":"https:\/\/otech.uaeh.edu.mx\/noti\/#\/schema\/logo\/image\/","url":"https:\/\/otech.uaeh.edu.mx\/noti\/wp-content\/uploads\/2025\/11\/Logo-circulo.png","contentUrl":"https:\/\/otech.uaeh.edu.mx\/noti\/wp-content\/uploads\/2025\/11\/Logo-circulo.png","width":250,"height":250,"caption":"Observatorio Tecnol\u00f3gico de Hidalgo"},"image":{"@id":"https:\/\/otech.uaeh.edu.mx\/noti\/#\/schema\/logo\/image\/"},"sameAs":["https:\/\/www.facebook.com\/observatoriouaeh","https:\/\/x.com\/OBSERVATORIOEH"]},{"@type":"Person","@id":"https:\/\/otech.uaeh.edu.mx\/noti\/#\/schema\/person\/95263d004158ffabcd98137e1d0abc1c","name":"admin","image":{"@type":"ImageObject","inLanguage":"en-US","@id":"https:\/\/otech.uaeh.edu.mx\/noti\/#\/schema\/person\/image\/","url":"https:\/\/secure.gravatar.com\/avatar\/08dd17208ee6a9e87c5a01c0a5f4c96c8ed24bf05e625630929b5b6a7c1ffa5f?s=96&d=mm&r=g","contentUrl":"https:\/\/secure.gravatar.com\/avatar\/08dd17208ee6a9e87c5a01c0a5f4c96c8ed24bf05e625630929b5b6a7c1ffa5f?s=96&d=mm&r=g","caption":"admin"},"url":"https:\/\/otech.uaeh.edu.mx\/noti\/author\/admin\/"}]}},"_links":{"self":[{"href":"https:\/\/otech.uaeh.edu.mx\/noti\/wp-json\/wp\/v2\/posts\/27950","targetHints":{"allow":["GET"]}}],"collection":[{"href":"https:\/\/otech.uaeh.edu.mx\/noti\/wp-json\/wp\/v2\/posts"}],"about":[{"href":"https:\/\/otech.uaeh.edu.mx\/noti\/wp-json\/wp\/v2\/types\/post"}],"author":[{"embeddable":true,"href":"https:\/\/otech.uaeh.edu.mx\/noti\/wp-json\/wp\/v2\/users\/1"}],"replies":[{"embeddable":true,"href":"https:\/\/otech.uaeh.edu.mx\/noti\/wp-json\/wp\/v2\/comments?post=27950"}],"version-history":[{"count":1,"href":"https:\/\/otech.uaeh.edu.mx\/noti\/wp-json\/wp\/v2\/posts\/27950\/revisions"}],"predecessor-version":[{"id":27952,"href":"https:\/\/otech.uaeh.edu.mx\/noti\/wp-json\/wp\/v2\/posts\/27950\/revisions\/27952"}],"wp:featuredmedia":[{"embeddable":true,"href":"https:\/\/otech.uaeh.edu.mx\/noti\/wp-json\/wp\/v2\/media\/27951"}],"wp:attachment":[{"href":"https:\/\/otech.uaeh.edu.mx\/noti\/wp-json\/wp\/v2\/media?parent=27950"}],"wp:term":[{"taxonomy":"category","embeddable":true,"href":"https:\/\/otech.uaeh.edu.mx\/noti\/wp-json\/wp\/v2\/categories?post=27950"},{"taxonomy":"post_tag","embeddable":true,"href":"https:\/\/otech.uaeh.edu.mx\/noti\/wp-json\/wp\/v2\/tags?post=27950"}],"curies":[{"name":"wp","href":"https:\/\/api.w.org\/{rel}","templated":true}]}}