{"id":27953,"date":"2022-09-13T09:11:52","date_gmt":"2022-09-13T15:11:52","guid":{"rendered":"https:\/\/otech.uaeh.edu.mx\/noti\/?p=27953"},"modified":"2022-09-13T09:43:15","modified_gmt":"2022-09-13T15:43:15","slug":"un-estudio-sobre-la-contaminacion-del-aire-pone-patas-arriba-las-ideas-basicas-sobre-como-se-desarrolla-el-cancer","status":"publish","type":"post","link":"https:\/\/otech.uaeh.edu.mx\/noti\/ecologia\/un-estudio-sobre-la-contaminacion-del-aire-pone-patas-arriba-las-ideas-basicas-sobre-como-se-desarrolla-el-cancer\/","title":{"rendered":"Un estudio sobre la contaminaci\u00f3n del aire pone patas arriba las ideas b\u00e1sicas sobre c\u00f3mo se desarrolla el c\u00e1ncer"},"content":{"rendered":"<p style=\"text-align: justify;\"><span style=\"color: #000000;\">Una nueva investigaci\u00f3n extraordinaria dirigida por cient\u00edficos del Instituto Francis Crick presenta una nueva hip\u00f3tesis sobre c\u00f3mo se desarrolla el c\u00e1ncer.\u00a0Inspirada en un cuerpo de estudio olvidado de hace 75 a\u00f1os, la investigaci\u00f3n analiz\u00f3 c\u00f3mo la contaminaci\u00f3n del aire impulsa el desarrollo de c\u00e1ncer de pulm\u00f3n en los no fumadores, revelando que las mutaciones preexistentes en el tejido sano pueden provocar la proliferaci\u00f3n tumoral por desencadenantes ambientales.<\/span><!--more--><\/p>\n<p style=\"text-align: justify;\"><span style=\"color: #000000;\">La nueva investigaci\u00f3n inicialmente se propuso explorar la relaci\u00f3n entre la contaminaci\u00f3n del aire y el c\u00e1ncer de pulm\u00f3n.\u00a0Muchos estudios epidemiol\u00f3gicos han informado tasas m\u00e1s altas de c\u00e1ncer de pulm\u00f3n en los no fumadores que viven en \u00e1reas con mayor contaminaci\u00f3n del aire.\u00a0Pero esta correlaci\u00f3n nunca conect\u00f3 exactamente con las teor\u00edas actuales sobre c\u00f3mo se desarrolla el c\u00e1ncer.<\/span><\/p>\n<p style=\"text-align: justify;\"><span style=\"color: #000000;\">La idea general en la ciencia moderna es que la mayor\u00eda de los tumores comienzan a partir de una c\u00e9lula sana que sufre un da\u00f1o mutacional en su ADN que luego conduce al crecimiento canceroso.\u00a0As\u00ed es como se cree que el humo del tabaco, por ejemplo, provoca c\u00e1ncer de pulm\u00f3n al da\u00f1ar el ADN de las c\u00e9lulas pulmonares.<\/span><\/p>\n<p style=\"text-align: justify;\"><span style=\"color: #000000;\">El problema con esta teor\u00eda es que los investigadores nunca han podido demostrar de manera concluyente c\u00f3mo la contaminaci\u00f3n del aire da\u00f1a directamente el ADN celular.\u00a0Las pruebas de laboratorio han tenido problemas para mostrar que la contaminaci\u00f3n del aire en general causa da\u00f1o por mutaci\u00f3n del ADN en las c\u00e9lulas pulmonares.<\/span><\/p>\n<p style=\"text-align: justify;\"><span style=\"color: #000000;\">De hecho, se ha descubierto que una serie de carcin\u00f3genos conocidos no da\u00f1an directamente el ADN humano, lo que se suma al misterio de c\u00f3mo estas sustancias provocan c\u00e1ncer.\u00a0Junto con este misterio, se han encontrado regularmente mutaciones causantes de c\u00e1ncer en el tejido pulmonar de sujetos sanos, lo que sugiere que estas mutaciones por s\u00ed solas pueden no ser suficientes para conducir al desarrollo de tumores.<\/span><\/p>\n<p style=\"text-align: justify;\"><span style=\"color: #000000;\">&#8220;Si me hubieran preguntado hace dos a\u00f1os c\u00f3mo comienza un tumor, habr\u00eda dicho que es obvio&#8221;, explic\u00f3 el investigador principal Charles Swanton\u00a0<a class=\"Link\" style=\"color: #000000;\" href=\"https:\/\/www.medpagetoday.com\/meetingcoverage\/esmo\/100641\" target=\"_blank\" rel=\"noopener noreferrer\" data-cms-ai=\"0\">en una presentaci\u00f3n reciente<\/a>\u00a0en el congreso anual de la Sociedad Europea de Oncolog\u00eda M\u00e9dica (ESMO).\u00a0&#8220;Debido a los carcin\u00f3genos ambientales, esto causa mutaciones en el ADN, activa un evento conductor y comienza el tumor&#8221;.<\/span><\/p>\n<h2 style=\"text-align: justify;\"><span style=\"color: #000000;\">La hip\u00f3tesis de los 75 a\u00f1os<\/span><\/h2>\n<p style=\"text-align: justify;\"><span style=\"color: #000000;\">Al buscar pistas para comprender c\u00f3mo la contaminaci\u00f3n del aire podr\u00eda aumentar el riesgo de c\u00e1ncer de pulm\u00f3n de una persona sin actuar directamente como carcin\u00f3geno, Swanton recurri\u00f3 a los escritos del bioqu\u00edmico israel\u00ed Isaac Berenblum.\u00a0En la primera mitad del siglo XX, Berenblum estaba estudiando c\u00f3mo se desarrolla el c\u00e1ncer y se encontr\u00f3 con esta misma paradoja mientras investigaba c\u00f3mo algunos aceites no cancer\u00edgenos tienden a desencadenar tumores de piel en ratones.<\/span><\/p>\n<p style=\"text-align: justify;\"><span style=\"color: #000000;\">En varios art\u00edculos clave, publicados hace m\u00e1s de 75 a\u00f1os,\u00a0<a class=\"Link\" style=\"color: #000000;\" href=\"https:\/\/www.nature.com\/articles\/bjc194736\" target=\"_blank\" rel=\"noopener noreferrer\" data-cms-ai=\"0\">Berenblum finalmente postul\u00f3<\/a>\u00a0que es probable que algunos tipos de c\u00e1ncer requieran dos factores desencadenantes para desarrollarse.\u00a0El primer desencadenante es lo que Berenblum denomin\u00f3 el &#8220;Proceso de inicio&#8221;.\u00a0Aqu\u00ed, un factor indefinido hace que una c\u00e9lula sana se convierta en una c\u00e9lula tumoral latente.<\/span><\/p>\n<p style=\"text-align: justify;\"><span style=\"color: #000000;\">En este punto, las c\u00e9lulas tumorales latentes pueden permanecer en silencio durante un per\u00edodo de tiempo indeterminado sin convertirse en c\u00e1ncer.\u00a0Para desarrollar a\u00fan m\u00e1s, era necesario un segundo disparador, y Berenblum lo denomin\u00f3 &#8220;Proceso de promoci\u00f3n&#8221;.<\/span><\/p>\n<p style=\"text-align: justify;\"><span style=\"color: #000000;\">Berenblum finalmente concluy\u00f3 que es importante comprender el potencial carcinog\u00e9nico de cualquier sustancia o condici\u00f3n ambiental desde la perspectiva tanto de su capacidad para\u00a0<i>iniciar<\/i>\u00a0una mutaci\u00f3n celular como de su capacidad para\u00a0<i>promover<\/i>\u00a0que esa c\u00e9lula progrese hacia el c\u00e1ncer.<\/span><\/p>\n<p style=\"text-align: justify;\"><span style=\"color: #000000;\">Por ejemplo, algunas sustancias pueden ser muy potentes tanto como iniciadoras como promotoras, mientras que otras pueden ser potentes en la promoci\u00f3n pero d\u00e9biles en la iniciaci\u00f3n.\u00a0En los primeros experimentos de Berenblum, descubri\u00f3 que el aceite de crot\u00f3n era un poderoso promotor del c\u00e1ncer de piel en ratones, pero era un iniciador d\u00e9bil, con poco potencial cancer\u00edgeno celular.<\/span><\/p>\n<p style=\"text-align: justify;\"><span style=\"color: #000000;\">Entonces, en el caso de la investigaci\u00f3n de Swanton, \u00bfpodr\u00eda la contaminaci\u00f3n del aire ser un potente promotor, despertando las c\u00e9lulas cancerosas latentes que de otro modo permanecer\u00edan inactivas?<\/span><\/p>\n<h2 style=\"text-align: justify;\"><span style=\"color: #000000;\">Los experimentos del siglo XXI<\/span><\/h2>\n<p style=\"text-align: justify;\"><span style=\"color: #000000;\">El primer paso en la nueva investigaci\u00f3n fue observar uno de los tipos m\u00e1s comunes de c\u00e1ncer de pulm\u00f3n que se observa en los no fumadores, que se caracteriza por mutaciones en un gen llamado receptor del factor de crecimiento epid\u00e9rmico (EGFR).\u00a0Al estudiar datos epidemiol\u00f3gicos que abarcan casi medio mill\u00f3n de personas, los investigadores encontraron tasas m\u00e1s altas de c\u00e1ncer de pulm\u00f3n EGFR en \u00e1reas con mayores concentraciones de part\u00edculas en el aire que miden 2,5 micr\u00f3metros (PM2,5).<\/span><\/p>\n<p style=\"text-align: justify;\"><span style=\"color: #000000;\">Este hallazgo directo les dio a los investigadores algo en lo que enfocarse de cerca en el laboratorio.\u00a0Al observar modelos de ratones, los investigadores encontraron que la exposici\u00f3n a la contaminaci\u00f3n por PM2.5 desencaden\u00f3 expl\u00edcitamente el crecimiento canceroso en c\u00e9lulas con mutaciones en EGFR.<\/span><\/p>\n<p style=\"text-align: justify;\"><span style=\"color: #000000;\">William Hill, coautor principal de la nueva investigaci\u00f3n, dijo que muchas personas pueden portar c\u00e9lulas pulmonares con mutaciones en EGFR, pero estas mutaciones son raras y no se convierten autom\u00e1ticamente en c\u00e1ncer sin un desencadenante secundario.\u00a0De hecho,\u00a0<a class=\"Link\" style=\"color: #000000;\" href=\"https:\/\/www.medpagetoday.com\/meetingcoverage\/esmo\/100641\" target=\"_blank\" rel=\"noopener noreferrer\" data-cms-ai=\"0\">una investigaci\u00f3n en tejido pulmonar sano<\/a>\u00a0revel\u00f3 que el 15 % de las muestras ten\u00edan mutaciones de EGFR y el 50 % ten\u00edan mutaciones de KRAS, un desencadenante similar del c\u00e1ncer de pulm\u00f3n.<\/span><\/p>\n<p style=\"text-align: justify;\"><span style=\"color: #000000;\">\u201cLa contaminaci\u00f3n del aire necesita despertar las c\u00e9lulas correctas, en el momento correcto, para que el c\u00e1ncer de pulm\u00f3n comience y crezca\u201d, dijo Hill.\u00a0\u201cLas mutaciones de EGFR son un paso esencial hacia la formaci\u00f3n de c\u00e1ncer, pero son raras y afectan a alrededor de 1 de cada 600 000 c\u00e9lulas en el pulm\u00f3n.\u00a0Estas c\u00e9lulas raras est\u00e1n inactivas hasta que un desencadenante, como la contaminaci\u00f3n del aire, hace que comiencen a crecer\u201d.<\/span><\/p>\n<p style=\"text-align: justify;\"><span style=\"color: #000000;\">Entonces, la pregunta del mill\u00f3n: \u00bfC\u00f3mo podr\u00eda la exposici\u00f3n a PM2.5 activar estas c\u00e9lulas cancerosas latentes en el pulm\u00f3n?<\/span><\/p>\n<p style=\"text-align: justify;\"><span style=\"color: #000000;\">Esta pregunta seguramente estar\u00e1 sujeta a una gran cantidad de estudios futuros, pero la nueva investigaci\u00f3n detect\u00f3 algunas pistas que podr\u00edan revelar este desencadenante que causa c\u00e1ncer.\u00a0Teniendo en cuenta que los hallazgos anteriores indicaban que la contaminaci\u00f3n por PM2.5 desencadena una respuesta inflamatoria en los pulmones, los investigadores se centraron en una determinada mol\u00e9cula de se\u00f1alizaci\u00f3n inmunitaria llamada interleucina-1 beta.<\/span><\/p>\n<p style=\"text-align: justify;\"><span style=\"color: #000000;\">Se descubri\u00f3 que esta mol\u00e9cula inflamatoria en particular impulsa la proliferaci\u00f3n de c\u00e9lulas con mutaciones de EGFR despu\u00e9s de la exposici\u00f3n a la contaminaci\u00f3n por PM2.5.\u00a0Y, quiz\u00e1s lo m\u00e1s prometedor, el bloqueo de la actividad de la interleucina-1 beta pareci\u00f3 interrumpir el v\u00ednculo entre la contaminaci\u00f3n por PM2.5 y la activaci\u00f3n de las c\u00e9lulas cancerosas latentes.<\/span><\/p>\n<p style=\"text-align: justify;\"><span style=\"color: #000000;\"><a class=\"Link\" style=\"color: #000000;\" href=\"https:\/\/www.thelancet.com\/journals\/lancet\/article\/PIIS0140-6736(17)32247-X\/fulltext\" target=\"_blank\" rel=\"noopener noreferrer\" data-cms-ai=\"0\">Un ensayo cl\u00ednico de 2017<\/a>\u00a0que prob\u00f3 un inhibidor de la interleucina-1 beta dise\u00f1ado para reducir el riesgo de enfermedad cardiovascular inform\u00f3 el extra\u00f1o efecto secundario de bajas tasas de c\u00e1ncer de pulm\u00f3n en la cohorte de f\u00e1rmacos activos.\u00a0Ese hallazgo inusual se explica en parte por esta nueva investigaci\u00f3n y sugiere que la interrupci\u00f3n de este mecanismo en particular puede reducir el riesgo de c\u00e1ncer de pulm\u00f3n de una persona.<\/span><\/p>\n<h2 style=\"text-align: justify;\"><span style=\"color: #000000;\">Replanteamiento de los or\u00edgenes del c\u00e1ncer<\/span><\/h2>\n<p style=\"text-align: justify;\"><span style=\"color: #000000;\">Si bien esta nueva investigaci\u00f3n ofrece informaci\u00f3n convincente sobre la relaci\u00f3n entre la contaminaci\u00f3n del aire y el c\u00e1ncer de pulm\u00f3n, tal vez el hallazgo m\u00e1s innovador sea el resurgimiento de una hip\u00f3tesis del c\u00e1ncer de 75 a\u00f1os que muchos cient\u00edficos hab\u00edan olvidado.\u00a0En declaraciones a la BBC, Swanton dijo que es probable que este mecanismo de activaci\u00f3n del c\u00e1ncer de dos vertientes se descubra en una serie de otros c\u00e1nceres m\u00e1s all\u00e1 de esta asociaci\u00f3n inicial de PM2.5 a EGFR.<\/span><\/p>\n<p style=\"text-align: justify;\"><span style=\"color: #000000;\">&#8220;La contaminaci\u00f3n es un hermoso ejemplo, pero habr\u00e1 otros 200 ejemplos de esto en los pr\u00f3ximos 10 a\u00f1os&#8221;,\u00a0<a class=\"Link\" style=\"color: #000000;\" href=\"https:\/\/www.bbc.com\/news\/health-62797777\" target=\"_blank\" rel=\"noopener noreferrer\" data-cms-ai=\"0\">especul\u00f3 Swanton<\/a>\u00a0.<\/span><\/p>\n<p style=\"text-align: justify;\"><span style=\"color: #000000;\">Algunos investigadores ya se preguntan qu\u00e9 papel puede desempe\u00f1ar la inflamaci\u00f3n en el desencadenamiento de ciertos tipos de c\u00e1ncer que anteriormente se hab\u00edan atribuido por completo a un solo carcin\u00f3geno.\u00a0Se sabe que fumar, por ejemplo, provoca c\u00e1ncer de pulm\u00f3n al causar da\u00f1o directo al ADN en las c\u00e9lulas pulmonares.\u00a0Pero, \u00bfqu\u00e9 pasa si una v\u00eda inflamatoria similar desencadenada por el humo del tabaco est\u00e1 jugando alg\u00fan papel en estos c\u00e1nceres de pulm\u00f3n?<\/span><\/p>\n<p style=\"text-align: justify;\"><span style=\"color: #000000;\">Allan Balmain, un genetista del c\u00e1ncer de la Universidad de California en San Francisco que no trabaj\u00f3 en esta nueva investigaci\u00f3n,\u00a0<a class=\"Link\" style=\"color: #000000;\" href=\"https:\/\/www.theguardian.com\/science\/2022\/sep\/10\/cancer-breakthrough-is-a-wake-up-call-on-danger-of-air-pollution\" target=\"_blank\" rel=\"noopener noreferrer\" data-cms-ai=\"0\">dijo a The Guardian que<\/a>\u00a0esto plantea la posibilidad de que los cigarrillos electr\u00f3nicos influyan en el c\u00e1ncer de pulm\u00f3n.\u00a0Es posible que los cigarrillos electr\u00f3nicos no induzcan da\u00f1os en el ADN en c\u00e9lulas como el humo del tabaco, pero hay evidencia de que la inflamaci\u00f3n en los pulmones puede desencadenarse por el vapeo, seg\u00fan Balmain.<\/span><\/p>\n<p style=\"text-align: justify;\"><span style=\"color: #000000;\">\u201cLas compa\u00f1\u00edas tabacaleras ahora dicen que los fumadores deber\u00edan cambiar a vapear, ya que esto reduce la exposici\u00f3n a los mut\u00e1genos y, por lo tanto, el riesgo de c\u00e1ncer desaparecer\u00e1\u201d, dijo Balmain.\u00a0&#8220;Esto no es cierto, ya que nuestras c\u00e9lulas obtienen mutaciones de todos modos, y hay evidencia de que el vapeo puede inducir enfermedades pulmonares y causar una inflamaci\u00f3n similar a la de los promotores&#8221;.<\/span><\/p>\n","protected":false},"excerpt":{"rendered":"<p>Una nueva investigaci\u00f3n extraordinaria dirigida por cient\u00edficos del Instituto Francis Crick presenta una nueva hip\u00f3tesis sobre c\u00f3mo se desarrolla el c\u00e1ncer.\u00a0Inspirada en un cuerpo de estudio olvidado de hace 75 a\u00f1os, la investigaci\u00f3n analiz\u00f3 c\u00f3mo la contaminaci\u00f3n del aire impulsa el desarrollo de c\u00e1ncer de pulm\u00f3n en los no fumadores, revelando que las mutaciones preexistentes [&hellip;]<\/p>\n","protected":false},"author":1,"featured_media":27955,"comment_status":"open","ping_status":"open","sticky":false,"template":"","format":"standard","meta":{"footnotes":""},"categories":[372],"tags":[],"class_list":["post-27953","post","type-post","status-publish","format-standard","has-post-thumbnail","hentry","category-ecologia"],"yoast_head":"<!-- This site is optimized with the Yoast SEO plugin v26.7 - https:\/\/yoast.com\/wordpress\/plugins\/seo\/ -->\n<title>Un estudio sobre la contaminaci\u00f3n del aire pone patas arriba las ideas b\u00e1sicas sobre c\u00f3mo se desarrolla el c\u00e1ncer - Observatorio Tecnol\u00f3gico de Hidalgo<\/title>\n<meta name=\"robots\" content=\"index, follow, max-snippet:-1, max-image-preview:large, max-video-preview:-1\" \/>\n<link rel=\"canonical\" href=\"https:\/\/otech.uaeh.edu.mx\/noti\/ecologia\/un-estudio-sobre-la-contaminacion-del-aire-pone-patas-arriba-las-ideas-basicas-sobre-como-se-desarrolla-el-cancer\/\" \/>\n<meta property=\"og:locale\" content=\"en_US\" \/>\n<meta property=\"og:type\" content=\"article\" \/>\n<meta property=\"og:title\" content=\"Un estudio sobre la contaminaci\u00f3n del aire pone patas arriba las ideas b\u00e1sicas sobre c\u00f3mo se desarrolla el c\u00e1ncer - Observatorio Tecnol\u00f3gico de Hidalgo\" \/>\n<meta property=\"og:description\" content=\"Una nueva investigaci\u00f3n extraordinaria dirigida por cient\u00edficos del Instituto Francis Crick presenta una nueva hip\u00f3tesis sobre c\u00f3mo se desarrolla el c\u00e1ncer.\u00a0Inspirada en un cuerpo de estudio olvidado de hace 75 a\u00f1os, la investigaci\u00f3n analiz\u00f3 c\u00f3mo la contaminaci\u00f3n del aire impulsa el desarrollo de c\u00e1ncer de pulm\u00f3n en los no fumadores, revelando que las mutaciones preexistentes [&hellip;]\" \/>\n<meta property=\"og:url\" content=\"https:\/\/otech.uaeh.edu.mx\/noti\/ecologia\/un-estudio-sobre-la-contaminacion-del-aire-pone-patas-arriba-las-ideas-basicas-sobre-como-se-desarrolla-el-cancer\/\" \/>\n<meta property=\"og:site_name\" content=\"Observatorio Tecnol\u00f3gico de Hidalgo\" \/>\n<meta property=\"article:publisher\" content=\"https:\/\/www.facebook.com\/observatoriouaeh\" \/>\n<meta property=\"article:published_time\" content=\"2022-09-13T15:11:52+00:00\" \/>\n<meta property=\"article:modified_time\" content=\"2022-09-13T15:43:15+00:00\" \/>\n<meta property=\"og:image\" content=\"https:\/\/otech.uaeh.edu.mx\/noti\/wp-content\/uploads\/2022\/09\/Captura-de-Pantalla-2022-09-13-a-las-10.11.10.png\" \/>\n\t<meta property=\"og:image:width\" content=\"797\" \/>\n\t<meta property=\"og:image:height\" content=\"501\" \/>\n\t<meta property=\"og:image:type\" content=\"image\/png\" \/>\n<meta name=\"author\" content=\"admin\" \/>\n<meta name=\"twitter:card\" content=\"summary_large_image\" \/>\n<meta name=\"twitter:creator\" content=\"@OBSERVATORIOEH\" \/>\n<meta name=\"twitter:site\" content=\"@OBSERVATORIOEH\" \/>\n<meta name=\"twitter:label1\" content=\"Written by\" \/>\n\t<meta name=\"twitter:data1\" content=\"admin\" \/>\n\t<meta name=\"twitter:label2\" content=\"Est. reading time\" \/>\n\t<meta name=\"twitter:data2\" content=\"8 minutes\" \/>\n<script type=\"application\/ld+json\" class=\"yoast-schema-graph\">{\"@context\":\"https:\/\/schema.org\",\"@graph\":[{\"@type\":\"Article\",\"@id\":\"https:\/\/otech.uaeh.edu.mx\/noti\/ecologia\/un-estudio-sobre-la-contaminacion-del-aire-pone-patas-arriba-las-ideas-basicas-sobre-como-se-desarrolla-el-cancer\/#article\",\"isPartOf\":{\"@id\":\"https:\/\/otech.uaeh.edu.mx\/noti\/ecologia\/un-estudio-sobre-la-contaminacion-del-aire-pone-patas-arriba-las-ideas-basicas-sobre-como-se-desarrolla-el-cancer\/\"},\"author\":{\"name\":\"admin\",\"@id\":\"https:\/\/otech.uaeh.edu.mx\/noti\/#\/schema\/person\/95263d004158ffabcd98137e1d0abc1c\"},\"headline\":\"Un estudio sobre la contaminaci\u00f3n del aire pone patas arriba las ideas b\u00e1sicas sobre c\u00f3mo se desarrolla el c\u00e1ncer\",\"datePublished\":\"2022-09-13T15:11:52+00:00\",\"dateModified\":\"2022-09-13T15:43:15+00:00\",\"mainEntityOfPage\":{\"@id\":\"https:\/\/otech.uaeh.edu.mx\/noti\/ecologia\/un-estudio-sobre-la-contaminacion-del-aire-pone-patas-arriba-las-ideas-basicas-sobre-como-se-desarrolla-el-cancer\/\"},\"wordCount\":1693,\"commentCount\":0,\"publisher\":{\"@id\":\"https:\/\/otech.uaeh.edu.mx\/noti\/#organization\"},\"image\":{\"@id\":\"https:\/\/otech.uaeh.edu.mx\/noti\/ecologia\/un-estudio-sobre-la-contaminacion-del-aire-pone-patas-arriba-las-ideas-basicas-sobre-como-se-desarrolla-el-cancer\/#primaryimage\"},\"thumbnailUrl\":\"https:\/\/otech.uaeh.edu.mx\/noti\/wp-content\/uploads\/2022\/09\/Captura-de-Pantalla-2022-09-13-a-las-10.11.10.png\",\"articleSection\":[\"Ecolog\u00eda\"],\"inLanguage\":\"en-US\",\"potentialAction\":[{\"@type\":\"CommentAction\",\"name\":\"Comment\",\"target\":[\"https:\/\/otech.uaeh.edu.mx\/noti\/ecologia\/un-estudio-sobre-la-contaminacion-del-aire-pone-patas-arriba-las-ideas-basicas-sobre-como-se-desarrolla-el-cancer\/#respond\"]}]},{\"@type\":\"WebPage\",\"@id\":\"https:\/\/otech.uaeh.edu.mx\/noti\/ecologia\/un-estudio-sobre-la-contaminacion-del-aire-pone-patas-arriba-las-ideas-basicas-sobre-como-se-desarrolla-el-cancer\/\",\"url\":\"https:\/\/otech.uaeh.edu.mx\/noti\/ecologia\/un-estudio-sobre-la-contaminacion-del-aire-pone-patas-arriba-las-ideas-basicas-sobre-como-se-desarrolla-el-cancer\/\",\"name\":\"Un estudio sobre la contaminaci\u00f3n del aire pone patas arriba las ideas b\u00e1sicas sobre c\u00f3mo se desarrolla el c\u00e1ncer - Observatorio Tecnol\u00f3gico de Hidalgo\",\"isPartOf\":{\"@id\":\"https:\/\/otech.uaeh.edu.mx\/noti\/#website\"},\"primaryImageOfPage\":{\"@id\":\"https:\/\/otech.uaeh.edu.mx\/noti\/ecologia\/un-estudio-sobre-la-contaminacion-del-aire-pone-patas-arriba-las-ideas-basicas-sobre-como-se-desarrolla-el-cancer\/#primaryimage\"},\"image\":{\"@id\":\"https:\/\/otech.uaeh.edu.mx\/noti\/ecologia\/un-estudio-sobre-la-contaminacion-del-aire-pone-patas-arriba-las-ideas-basicas-sobre-como-se-desarrolla-el-cancer\/#primaryimage\"},\"thumbnailUrl\":\"https:\/\/otech.uaeh.edu.mx\/noti\/wp-content\/uploads\/2022\/09\/Captura-de-Pantalla-2022-09-13-a-las-10.11.10.png\",\"datePublished\":\"2022-09-13T15:11:52+00:00\",\"dateModified\":\"2022-09-13T15:43:15+00:00\",\"breadcrumb\":{\"@id\":\"https:\/\/otech.uaeh.edu.mx\/noti\/ecologia\/un-estudio-sobre-la-contaminacion-del-aire-pone-patas-arriba-las-ideas-basicas-sobre-como-se-desarrolla-el-cancer\/#breadcrumb\"},\"inLanguage\":\"en-US\",\"potentialAction\":[{\"@type\":\"ReadAction\",\"target\":[\"https:\/\/otech.uaeh.edu.mx\/noti\/ecologia\/un-estudio-sobre-la-contaminacion-del-aire-pone-patas-arriba-las-ideas-basicas-sobre-como-se-desarrolla-el-cancer\/\"]}]},{\"@type\":\"ImageObject\",\"inLanguage\":\"en-US\",\"@id\":\"https:\/\/otech.uaeh.edu.mx\/noti\/ecologia\/un-estudio-sobre-la-contaminacion-del-aire-pone-patas-arriba-las-ideas-basicas-sobre-como-se-desarrolla-el-cancer\/#primaryimage\",\"url\":\"https:\/\/otech.uaeh.edu.mx\/noti\/wp-content\/uploads\/2022\/09\/Captura-de-Pantalla-2022-09-13-a-las-10.11.10.png\",\"contentUrl\":\"https:\/\/otech.uaeh.edu.mx\/noti\/wp-content\/uploads\/2022\/09\/Captura-de-Pantalla-2022-09-13-a-las-10.11.10.png\",\"width\":797,\"height\":501},{\"@type\":\"BreadcrumbList\",\"@id\":\"https:\/\/otech.uaeh.edu.mx\/noti\/ecologia\/un-estudio-sobre-la-contaminacion-del-aire-pone-patas-arriba-las-ideas-basicas-sobre-como-se-desarrolla-el-cancer\/#breadcrumb\",\"itemListElement\":[{\"@type\":\"ListItem\",\"position\":1,\"name\":\"Inicio\",\"item\":\"https:\/\/otech.uaeh.edu.mx\/noti\/\"},{\"@type\":\"ListItem\",\"position\":2,\"name\":\"Un estudio sobre la contaminaci\u00f3n del aire pone patas arriba las ideas b\u00e1sicas sobre c\u00f3mo se desarrolla el c\u00e1ncer\"}]},{\"@type\":\"WebSite\",\"@id\":\"https:\/\/otech.uaeh.edu.mx\/noti\/#website\",\"url\":\"https:\/\/otech.uaeh.edu.mx\/noti\/\",\"name\":\"Observatorio Tecnol\u00f3gico de Hidalgo\",\"description\":\"\",\"publisher\":{\"@id\":\"https:\/\/otech.uaeh.edu.mx\/noti\/#organization\"},\"potentialAction\":[{\"@type\":\"SearchAction\",\"target\":{\"@type\":\"EntryPoint\",\"urlTemplate\":\"https:\/\/otech.uaeh.edu.mx\/noti\/?s={search_term_string}\"},\"query-input\":{\"@type\":\"PropertyValueSpecification\",\"valueRequired\":true,\"valueName\":\"search_term_string\"}}],\"inLanguage\":\"en-US\"},{\"@type\":\"Organization\",\"@id\":\"https:\/\/otech.uaeh.edu.mx\/noti\/#organization\",\"name\":\"Observatorio Tecnol\u00f3gico de Hidalgo\",\"url\":\"https:\/\/otech.uaeh.edu.mx\/noti\/\",\"logo\":{\"@type\":\"ImageObject\",\"inLanguage\":\"en-US\",\"@id\":\"https:\/\/otech.uaeh.edu.mx\/noti\/#\/schema\/logo\/image\/\",\"url\":\"https:\/\/otech.uaeh.edu.mx\/noti\/wp-content\/uploads\/2025\/11\/Logo-circulo.png\",\"contentUrl\":\"https:\/\/otech.uaeh.edu.mx\/noti\/wp-content\/uploads\/2025\/11\/Logo-circulo.png\",\"width\":250,\"height\":250,\"caption\":\"Observatorio Tecnol\u00f3gico de Hidalgo\"},\"image\":{\"@id\":\"https:\/\/otech.uaeh.edu.mx\/noti\/#\/schema\/logo\/image\/\"},\"sameAs\":[\"https:\/\/www.facebook.com\/observatoriouaeh\",\"https:\/\/x.com\/OBSERVATORIOEH\"]},{\"@type\":\"Person\",\"@id\":\"https:\/\/otech.uaeh.edu.mx\/noti\/#\/schema\/person\/95263d004158ffabcd98137e1d0abc1c\",\"name\":\"admin\",\"image\":{\"@type\":\"ImageObject\",\"inLanguage\":\"en-US\",\"@id\":\"https:\/\/otech.uaeh.edu.mx\/noti\/#\/schema\/person\/image\/\",\"url\":\"https:\/\/secure.gravatar.com\/avatar\/08dd17208ee6a9e87c5a01c0a5f4c96c8ed24bf05e625630929b5b6a7c1ffa5f?s=96&d=mm&r=g\",\"contentUrl\":\"https:\/\/secure.gravatar.com\/avatar\/08dd17208ee6a9e87c5a01c0a5f4c96c8ed24bf05e625630929b5b6a7c1ffa5f?s=96&d=mm&r=g\",\"caption\":\"admin\"},\"url\":\"https:\/\/otech.uaeh.edu.mx\/noti\/author\/admin\/\"}]}<\/script>\n<!-- \/ Yoast SEO plugin. -->","yoast_head_json":{"title":"Un estudio sobre la contaminaci\u00f3n del aire pone patas arriba las ideas b\u00e1sicas sobre c\u00f3mo se desarrolla el c\u00e1ncer - Observatorio Tecnol\u00f3gico de Hidalgo","robots":{"index":"index","follow":"follow","max-snippet":"max-snippet:-1","max-image-preview":"max-image-preview:large","max-video-preview":"max-video-preview:-1"},"canonical":"https:\/\/otech.uaeh.edu.mx\/noti\/ecologia\/un-estudio-sobre-la-contaminacion-del-aire-pone-patas-arriba-las-ideas-basicas-sobre-como-se-desarrolla-el-cancer\/","og_locale":"en_US","og_type":"article","og_title":"Un estudio sobre la contaminaci\u00f3n del aire pone patas arriba las ideas b\u00e1sicas sobre c\u00f3mo se desarrolla el c\u00e1ncer - Observatorio Tecnol\u00f3gico de Hidalgo","og_description":"Una nueva investigaci\u00f3n extraordinaria dirigida por cient\u00edficos del Instituto Francis Crick presenta una nueva hip\u00f3tesis sobre c\u00f3mo se desarrolla el c\u00e1ncer.\u00a0Inspirada en un cuerpo de estudio olvidado de hace 75 a\u00f1os, la investigaci\u00f3n analiz\u00f3 c\u00f3mo la contaminaci\u00f3n del aire impulsa el desarrollo de c\u00e1ncer de pulm\u00f3n en los no fumadores, revelando que las mutaciones preexistentes [&hellip;]","og_url":"https:\/\/otech.uaeh.edu.mx\/noti\/ecologia\/un-estudio-sobre-la-contaminacion-del-aire-pone-patas-arriba-las-ideas-basicas-sobre-como-se-desarrolla-el-cancer\/","og_site_name":"Observatorio Tecnol\u00f3gico de Hidalgo","article_publisher":"https:\/\/www.facebook.com\/observatoriouaeh","article_published_time":"2022-09-13T15:11:52+00:00","article_modified_time":"2022-09-13T15:43:15+00:00","og_image":[{"width":797,"height":501,"url":"https:\/\/otech.uaeh.edu.mx\/noti\/wp-content\/uploads\/2022\/09\/Captura-de-Pantalla-2022-09-13-a-las-10.11.10.png","type":"image\/png"}],"author":"admin","twitter_card":"summary_large_image","twitter_creator":"@OBSERVATORIOEH","twitter_site":"@OBSERVATORIOEH","twitter_misc":{"Written by":"admin","Est. reading time":"8 minutes"},"schema":{"@context":"https:\/\/schema.org","@graph":[{"@type":"Article","@id":"https:\/\/otech.uaeh.edu.mx\/noti\/ecologia\/un-estudio-sobre-la-contaminacion-del-aire-pone-patas-arriba-las-ideas-basicas-sobre-como-se-desarrolla-el-cancer\/#article","isPartOf":{"@id":"https:\/\/otech.uaeh.edu.mx\/noti\/ecologia\/un-estudio-sobre-la-contaminacion-del-aire-pone-patas-arriba-las-ideas-basicas-sobre-como-se-desarrolla-el-cancer\/"},"author":{"name":"admin","@id":"https:\/\/otech.uaeh.edu.mx\/noti\/#\/schema\/person\/95263d004158ffabcd98137e1d0abc1c"},"headline":"Un estudio sobre la contaminaci\u00f3n del aire pone patas arriba las ideas b\u00e1sicas sobre c\u00f3mo se desarrolla el c\u00e1ncer","datePublished":"2022-09-13T15:11:52+00:00","dateModified":"2022-09-13T15:43:15+00:00","mainEntityOfPage":{"@id":"https:\/\/otech.uaeh.edu.mx\/noti\/ecologia\/un-estudio-sobre-la-contaminacion-del-aire-pone-patas-arriba-las-ideas-basicas-sobre-como-se-desarrolla-el-cancer\/"},"wordCount":1693,"commentCount":0,"publisher":{"@id":"https:\/\/otech.uaeh.edu.mx\/noti\/#organization"},"image":{"@id":"https:\/\/otech.uaeh.edu.mx\/noti\/ecologia\/un-estudio-sobre-la-contaminacion-del-aire-pone-patas-arriba-las-ideas-basicas-sobre-como-se-desarrolla-el-cancer\/#primaryimage"},"thumbnailUrl":"https:\/\/otech.uaeh.edu.mx\/noti\/wp-content\/uploads\/2022\/09\/Captura-de-Pantalla-2022-09-13-a-las-10.11.10.png","articleSection":["Ecolog\u00eda"],"inLanguage":"en-US","potentialAction":[{"@type":"CommentAction","name":"Comment","target":["https:\/\/otech.uaeh.edu.mx\/noti\/ecologia\/un-estudio-sobre-la-contaminacion-del-aire-pone-patas-arriba-las-ideas-basicas-sobre-como-se-desarrolla-el-cancer\/#respond"]}]},{"@type":"WebPage","@id":"https:\/\/otech.uaeh.edu.mx\/noti\/ecologia\/un-estudio-sobre-la-contaminacion-del-aire-pone-patas-arriba-las-ideas-basicas-sobre-como-se-desarrolla-el-cancer\/","url":"https:\/\/otech.uaeh.edu.mx\/noti\/ecologia\/un-estudio-sobre-la-contaminacion-del-aire-pone-patas-arriba-las-ideas-basicas-sobre-como-se-desarrolla-el-cancer\/","name":"Un estudio sobre la contaminaci\u00f3n del aire pone patas arriba las ideas b\u00e1sicas sobre c\u00f3mo se desarrolla el c\u00e1ncer - Observatorio Tecnol\u00f3gico de Hidalgo","isPartOf":{"@id":"https:\/\/otech.uaeh.edu.mx\/noti\/#website"},"primaryImageOfPage":{"@id":"https:\/\/otech.uaeh.edu.mx\/noti\/ecologia\/un-estudio-sobre-la-contaminacion-del-aire-pone-patas-arriba-las-ideas-basicas-sobre-como-se-desarrolla-el-cancer\/#primaryimage"},"image":{"@id":"https:\/\/otech.uaeh.edu.mx\/noti\/ecologia\/un-estudio-sobre-la-contaminacion-del-aire-pone-patas-arriba-las-ideas-basicas-sobre-como-se-desarrolla-el-cancer\/#primaryimage"},"thumbnailUrl":"https:\/\/otech.uaeh.edu.mx\/noti\/wp-content\/uploads\/2022\/09\/Captura-de-Pantalla-2022-09-13-a-las-10.11.10.png","datePublished":"2022-09-13T15:11:52+00:00","dateModified":"2022-09-13T15:43:15+00:00","breadcrumb":{"@id":"https:\/\/otech.uaeh.edu.mx\/noti\/ecologia\/un-estudio-sobre-la-contaminacion-del-aire-pone-patas-arriba-las-ideas-basicas-sobre-como-se-desarrolla-el-cancer\/#breadcrumb"},"inLanguage":"en-US","potentialAction":[{"@type":"ReadAction","target":["https:\/\/otech.uaeh.edu.mx\/noti\/ecologia\/un-estudio-sobre-la-contaminacion-del-aire-pone-patas-arriba-las-ideas-basicas-sobre-como-se-desarrolla-el-cancer\/"]}]},{"@type":"ImageObject","inLanguage":"en-US","@id":"https:\/\/otech.uaeh.edu.mx\/noti\/ecologia\/un-estudio-sobre-la-contaminacion-del-aire-pone-patas-arriba-las-ideas-basicas-sobre-como-se-desarrolla-el-cancer\/#primaryimage","url":"https:\/\/otech.uaeh.edu.mx\/noti\/wp-content\/uploads\/2022\/09\/Captura-de-Pantalla-2022-09-13-a-las-10.11.10.png","contentUrl":"https:\/\/otech.uaeh.edu.mx\/noti\/wp-content\/uploads\/2022\/09\/Captura-de-Pantalla-2022-09-13-a-las-10.11.10.png","width":797,"height":501},{"@type":"BreadcrumbList","@id":"https:\/\/otech.uaeh.edu.mx\/noti\/ecologia\/un-estudio-sobre-la-contaminacion-del-aire-pone-patas-arriba-las-ideas-basicas-sobre-como-se-desarrolla-el-cancer\/#breadcrumb","itemListElement":[{"@type":"ListItem","position":1,"name":"Inicio","item":"https:\/\/otech.uaeh.edu.mx\/noti\/"},{"@type":"ListItem","position":2,"name":"Un estudio sobre la contaminaci\u00f3n del aire pone patas arriba las ideas b\u00e1sicas sobre c\u00f3mo se desarrolla el c\u00e1ncer"}]},{"@type":"WebSite","@id":"https:\/\/otech.uaeh.edu.mx\/noti\/#website","url":"https:\/\/otech.uaeh.edu.mx\/noti\/","name":"Observatorio Tecnol\u00f3gico de Hidalgo","description":"","publisher":{"@id":"https:\/\/otech.uaeh.edu.mx\/noti\/#organization"},"potentialAction":[{"@type":"SearchAction","target":{"@type":"EntryPoint","urlTemplate":"https:\/\/otech.uaeh.edu.mx\/noti\/?s={search_term_string}"},"query-input":{"@type":"PropertyValueSpecification","valueRequired":true,"valueName":"search_term_string"}}],"inLanguage":"en-US"},{"@type":"Organization","@id":"https:\/\/otech.uaeh.edu.mx\/noti\/#organization","name":"Observatorio Tecnol\u00f3gico de Hidalgo","url":"https:\/\/otech.uaeh.edu.mx\/noti\/","logo":{"@type":"ImageObject","inLanguage":"en-US","@id":"https:\/\/otech.uaeh.edu.mx\/noti\/#\/schema\/logo\/image\/","url":"https:\/\/otech.uaeh.edu.mx\/noti\/wp-content\/uploads\/2025\/11\/Logo-circulo.png","contentUrl":"https:\/\/otech.uaeh.edu.mx\/noti\/wp-content\/uploads\/2025\/11\/Logo-circulo.png","width":250,"height":250,"caption":"Observatorio Tecnol\u00f3gico de Hidalgo"},"image":{"@id":"https:\/\/otech.uaeh.edu.mx\/noti\/#\/schema\/logo\/image\/"},"sameAs":["https:\/\/www.facebook.com\/observatoriouaeh","https:\/\/x.com\/OBSERVATORIOEH"]},{"@type":"Person","@id":"https:\/\/otech.uaeh.edu.mx\/noti\/#\/schema\/person\/95263d004158ffabcd98137e1d0abc1c","name":"admin","image":{"@type":"ImageObject","inLanguage":"en-US","@id":"https:\/\/otech.uaeh.edu.mx\/noti\/#\/schema\/person\/image\/","url":"https:\/\/secure.gravatar.com\/avatar\/08dd17208ee6a9e87c5a01c0a5f4c96c8ed24bf05e625630929b5b6a7c1ffa5f?s=96&d=mm&r=g","contentUrl":"https:\/\/secure.gravatar.com\/avatar\/08dd17208ee6a9e87c5a01c0a5f4c96c8ed24bf05e625630929b5b6a7c1ffa5f?s=96&d=mm&r=g","caption":"admin"},"url":"https:\/\/otech.uaeh.edu.mx\/noti\/author\/admin\/"}]}},"_links":{"self":[{"href":"https:\/\/otech.uaeh.edu.mx\/noti\/wp-json\/wp\/v2\/posts\/27953","targetHints":{"allow":["GET"]}}],"collection":[{"href":"https:\/\/otech.uaeh.edu.mx\/noti\/wp-json\/wp\/v2\/posts"}],"about":[{"href":"https:\/\/otech.uaeh.edu.mx\/noti\/wp-json\/wp\/v2\/types\/post"}],"author":[{"embeddable":true,"href":"https:\/\/otech.uaeh.edu.mx\/noti\/wp-json\/wp\/v2\/users\/1"}],"replies":[{"embeddable":true,"href":"https:\/\/otech.uaeh.edu.mx\/noti\/wp-json\/wp\/v2\/comments?post=27953"}],"version-history":[{"count":1,"href":"https:\/\/otech.uaeh.edu.mx\/noti\/wp-json\/wp\/v2\/posts\/27953\/revisions"}],"predecessor-version":[{"id":27954,"href":"https:\/\/otech.uaeh.edu.mx\/noti\/wp-json\/wp\/v2\/posts\/27953\/revisions\/27954"}],"wp:featuredmedia":[{"embeddable":true,"href":"https:\/\/otech.uaeh.edu.mx\/noti\/wp-json\/wp\/v2\/media\/27955"}],"wp:attachment":[{"href":"https:\/\/otech.uaeh.edu.mx\/noti\/wp-json\/wp\/v2\/media?parent=27953"}],"wp:term":[{"taxonomy":"category","embeddable":true,"href":"https:\/\/otech.uaeh.edu.mx\/noti\/wp-json\/wp\/v2\/categories?post=27953"},{"taxonomy":"post_tag","embeddable":true,"href":"https:\/\/otech.uaeh.edu.mx\/noti\/wp-json\/wp\/v2\/tags?post=27953"}],"curies":[{"name":"wp","href":"https:\/\/api.w.org\/{rel}","templated":true}]}}